{"id":107809,"date":"2011-09-20T07:09:39","date_gmt":"2011-09-20T06:09:39","guid":{"rendered":"https:\/\/joyana.fr\/?p=7809"},"modified":"2011-09-20T07:09:39","modified_gmt":"2011-09-20T06:09:39","slug":"la-cave-du-vin-9-par-cyrille-druart","status":"publish","type":"post","link":"https:\/\/www.joyana.fr\/ja\/la-cave-du-vin-9-par-cyrille-druart\/107809\/","title":{"rendered":"LA CAVE DU VIN 9 par Cyrille DRUART"},"content":{"rendered":"<p><strong>LA CAVE DU VIN 9<\/strong> est un concept sign\u00e9 par <strong>Cyrille Druart<\/strong> qui nous propose &#8211; en exclusivit\u00e9 pour <a title=\"DECO DESIGN\" href=\"https:\/\/joyana.fr\">Deco-Design<\/a> &#8211; un nouveau type de lieu, qui coupe radicalement avec les codes et les id\u00e9es que l\u2019on connait d\u00e9j\u00e0 sur les caves \u00e0 vins&#8230;<\/p>\n<p><img data-recalc-dims=\"1\" fetchpriority=\"high\" decoding=\"async\" data-attachment-id=\"7814\" data-permalink=\"https:\/\/www.joyana.fr\/ja\/ikks-springsummer-2014-lookbook\/7799\/14e_ikksmen_look_14_ld\/\" data-orig-file=\"https:\/\/i0.wp.com\/www.joyana.fr\/wp-content\/uploads\/2014\/01\/14E_IkksMen_LOOK_14_LD.jpg?fit=650%2C975&amp;ssl=1\" data-orig-size=\"650,975\" data-comments-opened=\"1\" data-image-meta=\"{&quot;aperture&quot;:&quot;0&quot;,&quot;credit&quot;:&quot;&quot;,&quot;camera&quot;:&quot;&quot;,&quot;caption&quot;:&quot;&quot;,&quot;created_timestamp&quot;:&quot;0&quot;,&quot;copyright&quot;:&quot;&quot;,&quot;focal_length&quot;:&quot;0&quot;,&quot;iso&quot;:&quot;0&quot;,&quot;shutter_speed&quot;:&quot;0&quot;,&quot;title&quot;:&quot;&quot;,&quot;orientation&quot;:&quot;1&quot;}\" data-image-title=\"14E_IkksMen_LOOK_14_LD\" data-image-description=\"\" data-image-caption=\"\" data-medium-file=\"https:\/\/i0.wp.com\/www.joyana.fr\/wp-content\/uploads\/2014\/01\/14E_IkksMen_LOOK_14_LD.jpg?fit=259%2C389&amp;ssl=1\" data-large-file=\"https:\/\/i0.wp.com\/www.joyana.fr\/wp-content\/uploads\/2014\/01\/14E_IkksMen_LOOK_14_LD.jpg?fit=650%2C975&amp;ssl=1\" class=\"alignnone size-full wp-image-7814\" title=\"LA CAVE DU VIN 9 par Cyrille DRUART\" src=\"https:\/\/i0.wp.com\/joyana.fr\/wp-content\/uploads\/LA_CAVE_DU_VIN_CyrilleDruart_2011.jpg?resize=576%2C866&#038;ssl=1\" alt=\"\" width=\"576\" height=\"866\" \/><\/p>\n<p><strong>Cyrille Druart<\/strong> &#8211; jeune designer fran\u00e7ais qui nous avait d\u00e9ja impressionn\u00e9 avec des lieux comme <a title=\"I-WAY\" href=\"https:\/\/joyana.fr\/i-way-la-simulation-automobile-haut-de-gamme-lyon-france\/1733\/\">I-WAY<\/a> et <a title=\"FLAT\" href=\"https:\/\/joyana.fr\/appartement-flat-paris-cyrille-druart\/6264\/\">FLAT<\/a> &#8211;\u00a0 a essay\u00e9 de nettoyer l\u2019image poussi\u00e9reuse du bar \u00e0 vin, et d\u2019en faire un espace intimiste, lumineux, color\u00e9, et r\u00e9solument contemporain, intitul\u00e9 <strong>LA CAVE DU VIN 9<\/strong> !!!<\/p>\n<p>Situ\u00e9 en plein c\u0153ur de Paris, dans le quartier en mutation des Halles, <strong>LA CAVE DU VIN 9<\/strong> propose une nouvelle vision du bar \u00e0 vin, haut de gamme et accessible&#8230;<\/p>\n<p>D&#8217;une surface relativement r\u00e9duite, l&#8217;espace n&#8217;en reste pas moins dense en technologies, l&#8217;int\u00e9gralit\u00e9 de l&#8217;\u00e9clairage est constitu\u00e9 de LED, et la majorit\u00e9 du mobilier en Corian, est \u00e9clair\u00e9 sous sa surface.\u00a0 Les mat\u00e9riaux sont bruts, et renvoient \u00e0 la notion naturelle et raffin\u00e9e du vin : b\u00e9ton cir\u00e9, acier inoxydable, pierre naturelle, miroir et verre.<\/p>\n<p><img data-recalc-dims=\"1\" decoding=\"async\" data-attachment-id=\"7812\" data-permalink=\"https:\/\/www.joyana.fr\/ja\/ikks-springsummer-2014-lookbook\/7799\/14e_ikksmen_look_12_ld\/\" data-orig-file=\"https:\/\/i0.wp.com\/www.joyana.fr\/wp-content\/uploads\/2014\/01\/14E_IkksMen_LOOK_12_LD.jpg?fit=650%2C975&amp;ssl=1\" data-orig-size=\"650,975\" data-comments-opened=\"1\" data-image-meta=\"{&quot;aperture&quot;:&quot;0&quot;,&quot;credit&quot;:&quot;&quot;,&quot;camera&quot;:&quot;&quot;,&quot;caption&quot;:&quot;&quot;,&quot;created_timestamp&quot;:&quot;0&quot;,&quot;copyright&quot;:&quot;&quot;,&quot;focal_length&quot;:&quot;0&quot;,&quot;iso&quot;:&quot;0&quot;,&quot;shutter_speed&quot;:&quot;0&quot;,&quot;title&quot;:&quot;&quot;,&quot;orientation&quot;:&quot;1&quot;}\" data-image-title=\"14E_IkksMen_LOOK_12_LD\" data-image-description=\"\" data-image-caption=\"\" data-medium-file=\"https:\/\/i0.wp.com\/www.joyana.fr\/wp-content\/uploads\/2014\/01\/14E_IkksMen_LOOK_12_LD.jpg?fit=259%2C389&amp;ssl=1\" data-large-file=\"https:\/\/i0.wp.com\/www.joyana.fr\/wp-content\/uploads\/2014\/01\/14E_IkksMen_LOOK_12_LD.jpg?fit=650%2C975&amp;ssl=1\" class=\"alignnone size-full wp-image-7812\" title=\"LA CAVE DU VIN 9 par Cyrille DRUART\" src=\"https:\/\/i0.wp.com\/joyana.fr\/wp-content\/uploads\/LA_CAVE_DU_VIN_CyrilleDruart_0011.jpg?resize=576%2C383&#038;ssl=1\" alt=\"\" width=\"576\" height=\"383\" \/><\/p>\n<p><img data-recalc-dims=\"1\" decoding=\"async\" class=\"alignnone size-full wp-image-7811\" title=\"LA CAVE DU VIN 9 par Cyrille DRUART\" src=\"https:\/\/i0.wp.com\/joyana.fr\/wp-content\/uploads\/LA_CAVE_DU_VIN_CyrilleDruart_9O011.jpg?resize=576%2C866&#038;ssl=1\" alt=\"\" width=\"576\" height=\"866\" \/><\/p>\n<p><img data-recalc-dims=\"1\" loading=\"lazy\" decoding=\"async\" data-attachment-id=\"7810\" data-permalink=\"https:\/\/www.joyana.fr\/ja\/ikks-springsummer-2014-lookbook\/7799\/14e_ikksmen_look_11_ld\/\" data-orig-file=\"https:\/\/i0.wp.com\/www.joyana.fr\/wp-content\/uploads\/2014\/01\/14E_IkksMen_LOOK_11_LD.jpg?fit=650%2C975&amp;ssl=1\" data-orig-size=\"650,975\" data-comments-opened=\"1\" data-image-meta=\"{&quot;aperture&quot;:&quot;0&quot;,&quot;credit&quot;:&quot;&quot;,&quot;camera&quot;:&quot;&quot;,&quot;caption&quot;:&quot;&quot;,&quot;created_timestamp&quot;:&quot;0&quot;,&quot;copyright&quot;:&quot;&quot;,&quot;focal_length&quot;:&quot;0&quot;,&quot;iso&quot;:&quot;0&quot;,&quot;shutter_speed&quot;:&quot;0&quot;,&quot;title&quot;:&quot;&quot;,&quot;orientation&quot;:&quot;1&quot;}\" data-image-title=\"14E_IkksMen_LOOK_11_LD\" data-image-description=\"\" data-image-caption=\"\" data-medium-file=\"https:\/\/i0.wp.com\/www.joyana.fr\/wp-content\/uploads\/2014\/01\/14E_IkksMen_LOOK_11_LD.jpg?fit=259%2C389&amp;ssl=1\" data-large-file=\"https:\/\/i0.wp.com\/www.joyana.fr\/wp-content\/uploads\/2014\/01\/14E_IkksMen_LOOK_11_LD.jpg?fit=650%2C975&amp;ssl=1\" class=\"alignnone size-full wp-image-7810\" title=\"LA CAVE DU VIN 9 par Cyrille DRUART\" src=\"https:\/\/i0.wp.com\/joyana.fr\/wp-content\/uploads\/LA_CAVE_DU_VIN_CyrilleDruart_1.jpg?resize=576%2C866&#038;ssl=1\" alt=\"\" width=\"576\" height=\"866\" \/><\/p>\n<p>Une des innovations <strong>de LA CAVE DU VIN 9<\/strong> consiste en un bar dont la structure est  faite de verre coll\u00e9 aux ultraviolets, et rehauss\u00e9 d&#8217;un plateau en  Corian r\u00e9tro-\u00e9clair\u00e9. Cet \u00e9l\u00e9ment, coupl\u00e9 \u00e0 la grande image murale &#8211; du  vin vers\u00e9 et trait\u00e9 de fa\u00e7on presque abstraite &#8211; devient un signal fort  et visible depuis la rue&#8230;<\/p>\n<p><img data-recalc-dims=\"1\" loading=\"lazy\" decoding=\"async\" data-attachment-id=\"7813\" data-permalink=\"https:\/\/www.joyana.fr\/ja\/ikks-springsummer-2014-lookbook\/7799\/14e_ikksmen_look_13_ld\/\" data-orig-file=\"https:\/\/i0.wp.com\/www.joyana.fr\/wp-content\/uploads\/2014\/01\/14E_IkksMen_LOOK_13_LD.jpg?fit=650%2C975&amp;ssl=1\" data-orig-size=\"650,975\" data-comments-opened=\"1\" data-image-meta=\"{&quot;aperture&quot;:&quot;0&quot;,&quot;credit&quot;:&quot;&quot;,&quot;camera&quot;:&quot;&quot;,&quot;caption&quot;:&quot;&quot;,&quot;created_timestamp&quot;:&quot;0&quot;,&quot;copyright&quot;:&quot;&quot;,&quot;focal_length&quot;:&quot;0&quot;,&quot;iso&quot;:&quot;0&quot;,&quot;shutter_speed&quot;:&quot;0&quot;,&quot;title&quot;:&quot;&quot;,&quot;orientation&quot;:&quot;1&quot;}\" data-image-title=\"14E_IkksMen_LOOK_13_LD\" data-image-description=\"\" data-image-caption=\"\" data-medium-file=\"https:\/\/i0.wp.com\/www.joyana.fr\/wp-content\/uploads\/2014\/01\/14E_IkksMen_LOOK_13_LD.jpg?fit=259%2C389&amp;ssl=1\" data-large-file=\"https:\/\/i0.wp.com\/www.joyana.fr\/wp-content\/uploads\/2014\/01\/14E_IkksMen_LOOK_13_LD.jpg?fit=650%2C975&amp;ssl=1\" class=\"alignnone size-full wp-image-7813\" title=\"LA CAVE DU VIN 9 par Cyrille DRUART\" src=\"https:\/\/i0.wp.com\/joyana.fr\/wp-content\/uploads\/LA_CAVE_DU_VIN_CyrilleDruart_011.jpg?resize=576%2C866&#038;ssl=1\" alt=\"\" width=\"576\" height=\"866\" \/><\/p>\n<p><img data-recalc-dims=\"1\" loading=\"lazy\" decoding=\"async\" data-attachment-id=\"7816\" data-permalink=\"https:\/\/www.joyana.fr\/ja\/ikks-springsummer-2014-lookbook\/7799\/14e_ikksmen_look_16_ld\/\" data-orig-file=\"https:\/\/i0.wp.com\/www.joyana.fr\/wp-content\/uploads\/2014\/01\/14E_IkksMen_LOOK_16_LD.jpg?fit=650%2C975&amp;ssl=1\" data-orig-size=\"650,975\" data-comments-opened=\"1\" data-image-meta=\"{&quot;aperture&quot;:&quot;0&quot;,&quot;credit&quot;:&quot;&quot;,&quot;camera&quot;:&quot;&quot;,&quot;caption&quot;:&quot;&quot;,&quot;created_timestamp&quot;:&quot;0&quot;,&quot;copyright&quot;:&quot;&quot;,&quot;focal_length&quot;:&quot;0&quot;,&quot;iso&quot;:&quot;0&quot;,&quot;shutter_speed&quot;:&quot;0&quot;,&quot;title&quot;:&quot;&quot;,&quot;orientation&quot;:&quot;1&quot;}\" data-image-title=\"14E_IkksMen_LOOK_16_LD\" data-image-description=\"\" data-image-caption=\"\" data-medium-file=\"https:\/\/i0.wp.com\/www.joyana.fr\/wp-content\/uploads\/2014\/01\/14E_IkksMen_LOOK_16_LD.jpg?fit=259%2C389&amp;ssl=1\" data-large-file=\"https:\/\/i0.wp.com\/www.joyana.fr\/wp-content\/uploads\/2014\/01\/14E_IkksMen_LOOK_16_LD.jpg?fit=650%2C975&amp;ssl=1\" class=\"alignnone size-full wp-image-7816\" title=\"LA CAVE DU VIN 9 par Cyrille DRUART\" src=\"https:\/\/i0.wp.com\/joyana.fr\/wp-content\/uploads\/LA_CAVE_DU_VIN_CyrilleDruart_T011.jpg?resize=576%2C866&#038;ssl=1\" alt=\"\" width=\"576\" height=\"866\" \/><\/p>\n<p><img data-recalc-dims=\"1\" loading=\"lazy\" decoding=\"async\" data-attachment-id=\"7815\" data-permalink=\"https:\/\/www.joyana.fr\/ja\/ikks-springsummer-2014-lookbook\/7799\/14e_ikksmen_look_15_ld\/\" data-orig-file=\"https:\/\/i0.wp.com\/www.joyana.fr\/wp-content\/uploads\/2014\/01\/14E_IkksMen_LOOK_15_LD.jpg?fit=650%2C975&amp;ssl=1\" data-orig-size=\"650,975\" data-comments-opened=\"1\" data-image-meta=\"{&quot;aperture&quot;:&quot;0&quot;,&quot;credit&quot;:&quot;&quot;,&quot;camera&quot;:&quot;&quot;,&quot;caption&quot;:&quot;&quot;,&quot;created_timestamp&quot;:&quot;0&quot;,&quot;copyright&quot;:&quot;&quot;,&quot;focal_length&quot;:&quot;0&quot;,&quot;iso&quot;:&quot;0&quot;,&quot;shutter_speed&quot;:&quot;0&quot;,&quot;title&quot;:&quot;&quot;,&quot;orientation&quot;:&quot;1&quot;}\" data-image-title=\"14E_IkksMen_LOOK_15_LD\" data-image-description=\"\" data-image-caption=\"\" data-medium-file=\"https:\/\/i0.wp.com\/www.joyana.fr\/wp-content\/uploads\/2014\/01\/14E_IkksMen_LOOK_15_LD.jpg?fit=259%2C389&amp;ssl=1\" data-large-file=\"https:\/\/i0.wp.com\/www.joyana.fr\/wp-content\/uploads\/2014\/01\/14E_IkksMen_LOOK_15_LD.jpg?fit=650%2C975&amp;ssl=1\" class=\"alignnone size-full wp-image-7815\" title=\"LA CAVE DU VIN 9 par Cyrille DRUART\" src=\"https:\/\/i0.wp.com\/joyana.fr\/wp-content\/uploads\/LA_CAVE_DU_VIN_CyrilleDruart_G1.jpg?resize=576%2C651&#038;ssl=1\" alt=\"\" width=\"576\" height=\"651\" \/><\/p>\n<p>En savoir + sur <a title=\"LA CAVE DU VIN 9\" href=\"http:\/\/www.lacaveduvin9.fr\/\"><strong>LA CAVE DU VIN 9<\/strong><\/a> &#038; <a title=\"CYRILLE DRUART\" href=\"http:\/\/www.cyrilledruart.com\/\"><strong>Cyrille DRUART<\/strong><\/a><\/p>\n","protected":false},"excerpt":{"rendered":"<p>LA CAVE DU VIN 9 est un concept sign\u00e9 par Cyrille Druart qui nous propose &#8211; en exclusivit\u00e9 pour Deco-Des [&hellip;]<\/p>\n","protected":false},"author":3,"featured_media":107814,"comment_status":"open","ping_status":"open","sticky":false,"template":"","format":"standard","meta":{"_coblocks_attr":"","_coblocks_dimensions":"","_coblocks_responsive_height":"","_coblocks_accordion_ie_support":"","_uag_custom_page_level_css":"","advgb_blocks_editor_width":"","advgb_blocks_columns_visual_guide":"","_genesis_hide_title":false,"_genesis_hide_breadcrumbs":false,"_genesis_hide_singular_image":false,"_genesis_hide_footer_widgets":false,"_genesis_custom_body_class":"","_genesis_custom_post_class":"","_genesis_layout":"","_themeisle_gutenberg_block_has_review":false,"_jetpack_newsletter_access":"","_jetpack_dont_email_post_to_subs":false,"_jetpack_newsletter_tier_id":0,"_jetpack_memberships_contains_paywalled_content":false,"_jetpack_memberships_contains_paid_content":false,"footnotes":""},"categories":[71,1053,905,1039,1069],"tags":[501,92],"class_list":{"0":"post-107809","1":"post","2":"type-post","3":"status-publish","4":"format-standard","5":"has-post-thumbnail","7":"category-architecture","8":"category-cyrille-druart","9":"category-deco-design","10":"category-france","11":"category-restaurant","12":"tag-architecture-2","13":"tag-restaurant","14":"entry"},"featured_image_urls":{"full":["https:\/\/i0.wp.com\/www.joyana.fr\/wp-content\/uploads\/old\/LA_CAVE_DU_VIN_CyrilleDruart_2011.jpg?fit=576%2C866&ssl=1",576,866,false],"thumbnail":["https:\/\/i0.wp.com\/www.joyana.fr\/wp-content\/uploads\/old\/LA_CAVE_DU_VIN_CyrilleDruart_2011.jpg?resize=150%2C150&ssl=1",150,150,true],"medium":["https:\/\/i0.wp.com\/www.joyana.fr\/wp-content\/uploads\/old\/LA_CAVE_DU_VIN_CyrilleDruart_2011.jpg?fit=259%2C389&ssl=1",259,389,true],"medium_large":["https:\/\/i0.wp.com\/www.joyana.fr\/wp-content\/uploads\/old\/LA_CAVE_DU_VIN_CyrilleDruart_2011.jpg?fit=576%2C866&ssl=1",576,866,true],"large":["https:\/\/i0.wp.com\/www.joyana.fr\/wp-content\/uploads\/old\/LA_CAVE_DU_VIN_CyrilleDruart_2011.jpg?fit=576%2C866&ssl=1",576,866,true],"1536x1536":["https:\/\/i0.wp.com\/www.joyana.fr\/wp-content\/uploads\/old\/LA_CAVE_DU_VIN_CyrilleDruart_2011.jpg?fit=576%2C866&ssl=1",576,866,true],"2048x2048":["https:\/\/i0.wp.com\/www.joyana.fr\/wp-content\/uploads\/old\/LA_CAVE_DU_VIN_CyrilleDruart_2011.jpg?fit=576%2C866&ssl=1",576,866,true],"featured-thumb":["https:\/\/i0.wp.com\/www.joyana.fr\/wp-content\/uploads\/old\/LA_CAVE_DU_VIN_CyrilleDruart_2011.jpg?resize=576%2C750&ssl=1",576,750,true],"ab-block-post-grid-landscape":["https:\/\/i0.wp.com\/www.joyana.fr\/wp-content\/uploads\/old\/LA_CAVE_DU_VIN_CyrilleDruart_2011.jpg?resize=576%2C400&ssl=1",576,400,true],"ab-block-post-grid-square":["https:\/\/i0.wp.com\/www.joyana.fr\/wp-content\/uploads\/old\/LA_CAVE_DU_VIN_CyrilleDruart_2011.jpg?resize=576%2C600&ssl=1",576,600,true],"author-pro-image":["https:\/\/i0.wp.com\/www.joyana.fr\/wp-content\/uploads\/old\/LA_CAVE_DU_VIN_CyrilleDruart_2011.jpg?resize=360%2C570&ssl=1",360,570,true],"slider":["https:\/\/i0.wp.com\/www.joyana.fr\/wp-content\/uploads\/old\/LA_CAVE_DU_VIN_CyrilleDruart_2011.jpg?resize=576%2C400&ssl=1",576,400,true],"woocommerce_thumbnail":["https:\/\/i0.wp.com\/www.joyana.fr\/wp-content\/uploads\/old\/LA_CAVE_DU_VIN_CyrilleDruart_2011.jpg?resize=450%2C450&ssl=1",450,450,true],"woocommerce_single":["https:\/\/i0.wp.com\/www.joyana.fr\/wp-content\/uploads\/old\/LA_CAVE_DU_VIN_CyrilleDruart_2011.jpg?fit=576%2C866&ssl=1",576,866,true],"woocommerce_gallery_thumbnail":["https:\/\/i0.wp.com\/www.joyana.fr\/wp-content\/uploads\/old\/LA_CAVE_DU_VIN_CyrilleDruart_2011.jpg?resize=180%2C180&ssl=1",180,180,true],"sow-carousel-default":["https:\/\/i0.wp.com\/www.joyana.fr\/wp-content\/uploads\/old\/LA_CAVE_DU_VIN_CyrilleDruart_2011.jpg?resize=272%2C182&ssl=1",272,182,true]},"post_excerpt_stackable":"<p>LA CAVE DU VIN 9 est un concept sign\u00e9 par Cyrille Druart qui nous propose &#8211; en exclusivit\u00e9 pou&hellip;<\/p>\n","category_list":"<a href=\"https:\/\/www.joyana.fr\/ja\/category\/portfolio\/architecture\/\" rel=\"category tag\">ARCHITECTURE<\/a>, <a href=\"https:\/\/www.joyana.fr\/ja\/category\/deco-design\/designer\/cyrille-druart\/\" rel=\"category tag\">Cyrille DRUART<\/a>, <a href=\"https:\/\/www.joyana.fr\/ja\/category\/deco-design\/\" rel=\"category tag\">DECO-DESIGN<\/a>, <a href=\"https:\/\/www.joyana.fr\/ja\/category\/deco-design\/architecture-deco-design\/pays\/france\/\" rel=\"category tag\">France<\/a>, <a href=\"https:\/\/www.joyana.fr\/ja\/category\/deco-design\/architecture-deco-design\/lieux-design\/restaurant\/\" rel=\"category tag\">Restaurant<\/a>","author_info":{"display_name":"Jo Yana","author_link":"https:\/\/www.joyana.fr\/ja\/author\/joyana\/"},"comments_num":"22 comments","featured_image_urls_v2":{"full":["https:\/\/i0.wp.com\/www.joyana.fr\/wp-content\/uploads\/old\/LA_CAVE_DU_VIN_CyrilleDruart_2011.jpg?fit=576%2C866&ssl=1",576,866,false],"thumbnail":["https:\/\/i0.wp.com\/www.joyana.fr\/wp-content\/uploads\/old\/LA_CAVE_DU_VIN_CyrilleDruart_2011.jpg?resize=150%2C150&ssl=1",150,150,true],"medium":["https:\/\/i0.wp.com\/www.joyana.fr\/wp-content\/uploads\/old\/LA_CAVE_DU_VIN_CyrilleDruart_2011.jpg?fit=259%2C389&ssl=1",259,389,true],"medium_large":["https:\/\/i0.wp.com\/www.joyana.fr\/wp-content\/uploads\/old\/LA_CAVE_DU_VIN_CyrilleDruart_2011.jpg?fit=576%2C866&ssl=1",576,866,true],"large":["https:\/\/i0.wp.com\/www.joyana.fr\/wp-content\/uploads\/old\/LA_CAVE_DU_VIN_CyrilleDruart_2011.jpg?fit=576%2C866&ssl=1",576,866,true],"1536x1536":["https:\/\/i0.wp.com\/www.joyana.fr\/wp-content\/uploads\/old\/LA_CAVE_DU_VIN_CyrilleDruart_2011.jpg?fit=576%2C866&ssl=1",576,866,true],"2048x2048":["https:\/\/i0.wp.com\/www.joyana.fr\/wp-content\/uploads\/old\/LA_CAVE_DU_VIN_CyrilleDruart_2011.jpg?fit=576%2C866&ssl=1",576,866,true],"featured-thumb":["https:\/\/i0.wp.com\/www.joyana.fr\/wp-content\/uploads\/old\/LA_CAVE_DU_VIN_CyrilleDruart_2011.jpg?resize=576%2C750&ssl=1",576,750,true],"ab-block-post-grid-landscape":["https:\/\/i0.wp.com\/www.joyana.fr\/wp-content\/uploads\/old\/LA_CAVE_DU_VIN_CyrilleDruart_2011.jpg?resize=576%2C400&ssl=1",576,400,true],"ab-block-post-grid-square":["https:\/\/i0.wp.com\/www.joyana.fr\/wp-content\/uploads\/old\/LA_CAVE_DU_VIN_CyrilleDruart_2011.jpg?resize=576%2C600&ssl=1",576,600,true],"author-pro-image":["https:\/\/i0.wp.com\/www.joyana.fr\/wp-content\/uploads\/old\/LA_CAVE_DU_VIN_CyrilleDruart_2011.jpg?resize=360%2C570&ssl=1",360,570,true],"slider":["https:\/\/i0.wp.com\/www.joyana.fr\/wp-content\/uploads\/old\/LA_CAVE_DU_VIN_CyrilleDruart_2011.jpg?resize=576%2C400&ssl=1",576,400,true],"woocommerce_thumbnail":["https:\/\/i0.wp.com\/www.joyana.fr\/wp-content\/uploads\/old\/LA_CAVE_DU_VIN_CyrilleDruart_2011.jpg?resize=450%2C450&ssl=1",450,450,true],"woocommerce_single":["https:\/\/i0.wp.com\/www.joyana.fr\/wp-content\/uploads\/old\/LA_CAVE_DU_VIN_CyrilleDruart_2011.jpg?fit=576%2C866&ssl=1",576,866,true],"woocommerce_gallery_thumbnail":["https:\/\/i0.wp.com\/www.joyana.fr\/wp-content\/uploads\/old\/LA_CAVE_DU_VIN_CyrilleDruart_2011.jpg?resize=180%2C180&ssl=1",180,180,true],"sow-carousel-default":["https:\/\/i0.wp.com\/www.joyana.fr\/wp-content\/uploads\/old\/LA_CAVE_DU_VIN_CyrilleDruart_2011.jpg?resize=272%2C182&ssl=1",272,182,true]},"post_excerpt_stackable_v2":"<p>LA CAVE DU VIN 9 est un concept sign\u00e9 par Cyrille Druart qui nous propose &#8211; en exclusivit\u00e9 pou&hellip;<\/p>\n","category_list_v2":"<a href=\"https:\/\/www.joyana.fr\/ja\/category\/portfolio\/architecture\/\" rel=\"category tag\">ARCHITECTURE<\/a>, <a href=\"https:\/\/www.joyana.fr\/ja\/category\/deco-design\/designer\/cyrille-druart\/\" rel=\"category tag\">Cyrille DRUART<\/a>, <a href=\"https:\/\/www.joyana.fr\/ja\/category\/deco-design\/\" rel=\"category tag\">DECO-DESIGN<\/a>, <a href=\"https:\/\/www.joyana.fr\/ja\/category\/deco-design\/architecture-deco-design\/pays\/france\/\" rel=\"category tag\">France<\/a>, <a href=\"https:\/\/www.joyana.fr\/ja\/category\/deco-design\/architecture-deco-design\/lieux-design\/restaurant\/\" rel=\"category tag\">Restaurant<\/a>","author_info_v2":{"name":"Jo Yana","url":"https:\/\/www.joyana.fr\/ja\/author\/joyana\/"},"comments_num_v2":"22 comments","yoast_head":"<!-- This site is optimized with the Yoast SEO plugin v26.8 - https:\/\/yoast.com\/product\/yoast-seo-wordpress\/ -->\n<title>LA CAVE DU VIN 9 par Cyrille DRUART - JO YANA<\/title>\n<meta name=\"robots\" content=\"index, follow, max-snippet:-1, max-image-preview:large, max-video-preview:-1\" \/>\n<link rel=\"canonical\" href=\"https:\/\/www.joyana.fr\/ja\/la-cave-du-vin-9-par-cyrille-druart\/107809\/\" \/>\n<meta property=\"og:locale\" content=\"ja_JP\" \/>\n<meta property=\"og:locale:alternate\" content=\"fr_FR\" \/>\n<meta property=\"og:locale:alternate\" content=\"en_US\" \/>\n<meta property=\"og:type\" content=\"article\" \/>\n<meta property=\"og:title\" content=\"LA CAVE DU VIN 9 par Cyrille DRUART - JO YANA\" \/>\n<meta property=\"og:description\" content=\"LA CAVE DU VIN 9 est un concept sign\u00e9 par Cyrille Druart qui nous propose &#8211; en exclusivit\u00e9 pour Deco-Des [&hellip;]\" \/>\n<meta property=\"og:url\" content=\"https:\/\/www.joyana.fr\/ja\/la-cave-du-vin-9-par-cyrille-druart\/107809\/\" \/>\n<meta property=\"og:site_name\" content=\"JO YANA\" \/>\n<meta property=\"article:published_time\" content=\"2011-09-20T06:09:39+00:00\" \/>\n<meta property=\"og:image\" content=\"https:\/\/www.joyana.fr\/wp-content\/uploads\/old\/LA_CAVE_DU_VIN_CyrilleDruart_2011.jpg\" \/>\n\t<meta property=\"og:image:width\" content=\"576\" \/>\n\t<meta property=\"og:image:height\" content=\"866\" \/>\n\t<meta property=\"og:image:type\" content=\"image\/jpeg\" \/>\n<meta name=\"author\" content=\"Jo Yana\" \/>\n<meta name=\"twitter:card\" content=\"summary_large_image\" \/>\n<meta name=\"twitter:creator\" content=\"@Jo_Yana\" \/>\n<meta name=\"twitter:site\" content=\"@Jo_Yana\" \/>\n<meta name=\"twitter:label1\" content=\"\u57f7\u7b46\u8005\" \/>\n\t<meta name=\"twitter:data1\" content=\"Jo Yana\" \/>\n\t<meta name=\"twitter:label2\" content=\"\u63a8\u5b9a\u8aad\u307f\u53d6\u308a\u6642\u9593\" \/>\n\t<meta name=\"twitter:data2\" content=\"1\u5206\" \/>\n<script type=\"application\/ld+json\" class=\"yoast-schema-graph\">{\"@context\":\"https:\/\/schema.org\",\"@graph\":[{\"@type\":\"Article\",\"@id\":\"https:\/\/www.joyana.fr\/ja\/la-cave-du-vin-9-par-cyrille-druart\/107809\/#article\",\"isPartOf\":{\"@id\":\"https:\/\/www.joyana.fr\/ja\/la-cave-du-vin-9-par-cyrille-druart\/107809\/\"},\"author\":{\"name\":\"Jo Yana\",\"@id\":\"https:\/\/joyana.fr\/#\/schema\/person\/cf2a1ad12a27c12c21801075bf37407c\"},\"headline\":\"LA CAVE DU VIN 9 par Cyrille DRUART\",\"datePublished\":\"2011-09-20T06:09:39+00:00\",\"mainEntityOfPage\":{\"@id\":\"https:\/\/www.joyana.fr\/ja\/la-cave-du-vin-9-par-cyrille-druart\/107809\/\"},\"wordCount\":265,\"commentCount\":9,\"publisher\":{\"@id\":\"https:\/\/joyana.fr\/#\/schema\/person\/cf2a1ad12a27c12c21801075bf37407c\"},\"image\":{\"@id\":\"https:\/\/www.joyana.fr\/ja\/la-cave-du-vin-9-par-cyrille-druart\/107809\/#primaryimage\"},\"thumbnailUrl\":\"https:\/\/i0.wp.com\/www.joyana.fr\/wp-content\/uploads\/old\/LA_CAVE_DU_VIN_CyrilleDruart_2011.jpg?fit=576%2C866&ssl=1\",\"keywords\":[\"Architecture\",\"Restaurant\"],\"articleSection\":[\"ARCHITECTURE\",\"Cyrille DRUART\",\"DECO-DESIGN\",\"France\",\"Restaurant\"],\"inLanguage\":\"ja\",\"potentialAction\":[{\"@type\":\"CommentAction\",\"name\":\"Comment\",\"target\":[\"https:\/\/www.joyana.fr\/ja\/la-cave-du-vin-9-par-cyrille-druart\/107809\/#respond\"]}]},{\"@type\":\"WebPage\",\"@id\":\"https:\/\/www.joyana.fr\/ja\/la-cave-du-vin-9-par-cyrille-druart\/107809\/\",\"url\":\"https:\/\/www.joyana.fr\/ja\/la-cave-du-vin-9-par-cyrille-druart\/107809\/\",\"name\":\"LA CAVE DU VIN 9 par Cyrille DRUART - JO YANA\",\"isPartOf\":{\"@id\":\"https:\/\/joyana.fr\/#website\"},\"primaryImageOfPage\":{\"@id\":\"https:\/\/www.joyana.fr\/ja\/la-cave-du-vin-9-par-cyrille-druart\/107809\/#primaryimage\"},\"image\":{\"@id\":\"https:\/\/www.joyana.fr\/ja\/la-cave-du-vin-9-par-cyrille-druart\/107809\/#primaryimage\"},\"thumbnailUrl\":\"https:\/\/i0.wp.com\/www.joyana.fr\/wp-content\/uploads\/old\/LA_CAVE_DU_VIN_CyrilleDruart_2011.jpg?fit=576%2C866&ssl=1\",\"datePublished\":\"2011-09-20T06:09:39+00:00\",\"breadcrumb\":{\"@id\":\"https:\/\/www.joyana.fr\/ja\/la-cave-du-vin-9-par-cyrille-druart\/107809\/#breadcrumb\"},\"inLanguage\":\"ja\",\"potentialAction\":[{\"@type\":\"ReadAction\",\"target\":[\"https:\/\/www.joyana.fr\/ja\/la-cave-du-vin-9-par-cyrille-druart\/107809\/\"]}]},{\"@type\":\"ImageObject\",\"inLanguage\":\"ja\",\"@id\":\"https:\/\/www.joyana.fr\/ja\/la-cave-du-vin-9-par-cyrille-druart\/107809\/#primaryimage\",\"url\":\"https:\/\/i0.wp.com\/www.joyana.fr\/wp-content\/uploads\/old\/LA_CAVE_DU_VIN_CyrilleDruart_2011.jpg?fit=576%2C866&ssl=1\",\"contentUrl\":\"https:\/\/i0.wp.com\/www.joyana.fr\/wp-content\/uploads\/old\/LA_CAVE_DU_VIN_CyrilleDruart_2011.jpg?fit=576%2C866&ssl=1\",\"width\":576,\"height\":866},{\"@type\":\"BreadcrumbList\",\"@id\":\"https:\/\/www.joyana.fr\/ja\/la-cave-du-vin-9-par-cyrille-druart\/107809\/#breadcrumb\",\"itemListElement\":[{\"@type\":\"ListItem\",\"position\":1,\"name\":\"Accueil\",\"item\":\"https:\/\/joyana.fr\/\"},{\"@type\":\"ListItem\",\"position\":2,\"name\":\"LA CAVE DU VIN 9 par Cyrille DRUART\"}]},{\"@type\":\"WebSite\",\"@id\":\"https:\/\/joyana.fr\/#website\",\"url\":\"https:\/\/joyana.fr\/\",\"name\":\"JO YANA\",\"description\":\"Blog Mode Homme, Lifestyle, D\u00e9co-Design\",\"publisher\":{\"@id\":\"https:\/\/joyana.fr\/#\/schema\/person\/cf2a1ad12a27c12c21801075bf37407c\"},\"potentialAction\":[{\"@type\":\"SearchAction\",\"target\":{\"@type\":\"EntryPoint\",\"urlTemplate\":\"https:\/\/joyana.fr\/?s={search_term_string}\"},\"query-input\":{\"@type\":\"PropertyValueSpecification\",\"valueRequired\":true,\"valueName\":\"search_term_string\"}}],\"inLanguage\":\"ja\"},{\"@type\":[\"Person\",\"Organization\"],\"@id\":\"https:\/\/joyana.fr\/#\/schema\/person\/cf2a1ad12a27c12c21801075bf37407c\",\"name\":\"Jo Yana\",\"image\":{\"@type\":\"ImageObject\",\"inLanguage\":\"ja\",\"@id\":\"https:\/\/joyana.fr\/#\/schema\/person\/image\/\",\"url\":\"https:\/\/i0.wp.com\/www.joyana.fr\/wp-content\/uploads\/2016\/08\/cropped-joyana-logo-black-360x180.png?fit=343%2C164&ssl=1\",\"contentUrl\":\"https:\/\/i0.wp.com\/www.joyana.fr\/wp-content\/uploads\/2016\/08\/cropped-joyana-logo-black-360x180.png?fit=343%2C164&ssl=1\",\"width\":343,\"height\":164,\"caption\":\"Jo Yana\"},\"logo\":{\"@id\":\"https:\/\/joyana.fr\/#\/schema\/person\/image\/\"},\"description\":\"Jo Yana est le cr\u00e9ateur et r\u00e9dacteur en chef des sites DECO-DESIGN. Passionn\u00e9 de Design, Mode, Photo, Luxe, Lifestyle, Musique, mais avant tout Blogueur ! Le plaisir de partager l'anime et a comme devise \\\"POUR L'AMOUR DU BEAU\\\". Retrouvez le aussi sur son blog personnel - https:\/\/joyana.fr...\",\"sameAs\":[\"https:\/\/joyana.fr\/\"],\"url\":\"https:\/\/www.joyana.fr\/ja\/author\/joyana\/\"}]}<\/script>\n<!-- \/ Yoast SEO plugin. -->","yoast_head_json":{"title":"LA CAVE DU VIN 9 par Cyrille DRUART - JO YANA","robots":{"index":"index","follow":"follow","max-snippet":"max-snippet:-1","max-image-preview":"max-image-preview:large","max-video-preview":"max-video-preview:-1"},"canonical":"https:\/\/www.joyana.fr\/ja\/la-cave-du-vin-9-par-cyrille-druart\/107809\/","og_locale":"ja_JP","og_type":"article","og_title":"LA CAVE DU VIN 9 par Cyrille DRUART - JO YANA","og_description":"LA CAVE DU VIN 9 est un concept sign\u00e9 par Cyrille Druart qui nous propose &#8211; en exclusivit\u00e9 pour Deco-Des [&hellip;]","og_url":"https:\/\/www.joyana.fr\/ja\/la-cave-du-vin-9-par-cyrille-druart\/107809\/","og_site_name":"JO YANA","article_published_time":"2011-09-20T06:09:39+00:00","og_image":[{"width":576,"height":866,"url":"https:\/\/www.joyana.fr\/wp-content\/uploads\/old\/LA_CAVE_DU_VIN_CyrilleDruart_2011.jpg","type":"image\/jpeg"}],"author":"Jo Yana","twitter_card":"summary_large_image","twitter_creator":"@Jo_Yana","twitter_site":"@Jo_Yana","twitter_misc":{"\u57f7\u7b46\u8005":"Jo Yana","\u63a8\u5b9a\u8aad\u307f\u53d6\u308a\u6642\u9593":"1\u5206"},"schema":{"@context":"https:\/\/schema.org","@graph":[{"@type":"Article","@id":"https:\/\/www.joyana.fr\/ja\/la-cave-du-vin-9-par-cyrille-druart\/107809\/#article","isPartOf":{"@id":"https:\/\/www.joyana.fr\/ja\/la-cave-du-vin-9-par-cyrille-druart\/107809\/"},"author":{"name":"Jo Yana","@id":"https:\/\/joyana.fr\/#\/schema\/person\/cf2a1ad12a27c12c21801075bf37407c"},"headline":"LA CAVE DU VIN 9 par Cyrille DRUART","datePublished":"2011-09-20T06:09:39+00:00","mainEntityOfPage":{"@id":"https:\/\/www.joyana.fr\/ja\/la-cave-du-vin-9-par-cyrille-druart\/107809\/"},"wordCount":265,"commentCount":9,"publisher":{"@id":"https:\/\/joyana.fr\/#\/schema\/person\/cf2a1ad12a27c12c21801075bf37407c"},"image":{"@id":"https:\/\/www.joyana.fr\/ja\/la-cave-du-vin-9-par-cyrille-druart\/107809\/#primaryimage"},"thumbnailUrl":"https:\/\/i0.wp.com\/www.joyana.fr\/wp-content\/uploads\/old\/LA_CAVE_DU_VIN_CyrilleDruart_2011.jpg?fit=576%2C866&ssl=1","keywords":["Architecture","Restaurant"],"articleSection":["ARCHITECTURE","Cyrille DRUART","DECO-DESIGN","France","Restaurant"],"inLanguage":"ja","potentialAction":[{"@type":"CommentAction","name":"Comment","target":["https:\/\/www.joyana.fr\/ja\/la-cave-du-vin-9-par-cyrille-druart\/107809\/#respond"]}]},{"@type":"WebPage","@id":"https:\/\/www.joyana.fr\/ja\/la-cave-du-vin-9-par-cyrille-druart\/107809\/","url":"https:\/\/www.joyana.fr\/ja\/la-cave-du-vin-9-par-cyrille-druart\/107809\/","name":"LA CAVE DU VIN 9 par Cyrille DRUART - JO YANA","isPartOf":{"@id":"https:\/\/joyana.fr\/#website"},"primaryImageOfPage":{"@id":"https:\/\/www.joyana.fr\/ja\/la-cave-du-vin-9-par-cyrille-druart\/107809\/#primaryimage"},"image":{"@id":"https:\/\/www.joyana.fr\/ja\/la-cave-du-vin-9-par-cyrille-druart\/107809\/#primaryimage"},"thumbnailUrl":"https:\/\/i0.wp.com\/www.joyana.fr\/wp-content\/uploads\/old\/LA_CAVE_DU_VIN_CyrilleDruart_2011.jpg?fit=576%2C866&ssl=1","datePublished":"2011-09-20T06:09:39+00:00","breadcrumb":{"@id":"https:\/\/www.joyana.fr\/ja\/la-cave-du-vin-9-par-cyrille-druart\/107809\/#breadcrumb"},"inLanguage":"ja","potentialAction":[{"@type":"ReadAction","target":["https:\/\/www.joyana.fr\/ja\/la-cave-du-vin-9-par-cyrille-druart\/107809\/"]}]},{"@type":"ImageObject","inLanguage":"ja","@id":"https:\/\/www.joyana.fr\/ja\/la-cave-du-vin-9-par-cyrille-druart\/107809\/#primaryimage","url":"https:\/\/i0.wp.com\/www.joyana.fr\/wp-content\/uploads\/old\/LA_CAVE_DU_VIN_CyrilleDruart_2011.jpg?fit=576%2C866&ssl=1","contentUrl":"https:\/\/i0.wp.com\/www.joyana.fr\/wp-content\/uploads\/old\/LA_CAVE_DU_VIN_CyrilleDruart_2011.jpg?fit=576%2C866&ssl=1","width":576,"height":866},{"@type":"BreadcrumbList","@id":"https:\/\/www.joyana.fr\/ja\/la-cave-du-vin-9-par-cyrille-druart\/107809\/#breadcrumb","itemListElement":[{"@type":"ListItem","position":1,"name":"Accueil","item":"https:\/\/joyana.fr\/"},{"@type":"ListItem","position":2,"name":"LA CAVE DU VIN 9 par Cyrille DRUART"}]},{"@type":"WebSite","@id":"https:\/\/joyana.fr\/#website","url":"https:\/\/joyana.fr\/","name":"JO YANA","description":"Blog Mode Homme, Lifestyle, D\u00e9co-Design","publisher":{"@id":"https:\/\/joyana.fr\/#\/schema\/person\/cf2a1ad12a27c12c21801075bf37407c"},"potentialAction":[{"@type":"SearchAction","target":{"@type":"EntryPoint","urlTemplate":"https:\/\/joyana.fr\/?s={search_term_string}"},"query-input":{"@type":"PropertyValueSpecification","valueRequired":true,"valueName":"search_term_string"}}],"inLanguage":"ja"},{"@type":["Person","Organization"],"@id":"https:\/\/joyana.fr\/#\/schema\/person\/cf2a1ad12a27c12c21801075bf37407c","name":"Jo Yana","image":{"@type":"ImageObject","inLanguage":"ja","@id":"https:\/\/joyana.fr\/#\/schema\/person\/image\/","url":"https:\/\/i0.wp.com\/www.joyana.fr\/wp-content\/uploads\/2016\/08\/cropped-joyana-logo-black-360x180.png?fit=343%2C164&ssl=1","contentUrl":"https:\/\/i0.wp.com\/www.joyana.fr\/wp-content\/uploads\/2016\/08\/cropped-joyana-logo-black-360x180.png?fit=343%2C164&ssl=1","width":343,"height":164,"caption":"Jo Yana"},"logo":{"@id":"https:\/\/joyana.fr\/#\/schema\/person\/image\/"},"description":"Jo Yana est le cr\u00e9ateur et r\u00e9dacteur en chef des sites DECO-DESIGN. Passionn\u00e9 de Design, Mode, Photo, Luxe, Lifestyle, Musique, mais avant tout Blogueur ! Le plaisir de partager l'anime et a comme devise \"POUR L'AMOUR DU BEAU\". Retrouvez le aussi sur son blog personnel - https:\/\/joyana.fr...","sameAs":["https:\/\/joyana.fr\/"],"url":"https:\/\/www.joyana.fr\/ja\/author\/joyana\/"}]}},"author_meta":{"display_name":"Jo Yana","author_link":"https:\/\/www.joyana.fr\/ja\/author\/joyana\/"},"featured_img":"https:\/\/i0.wp.com\/www.joyana.fr\/wp-content\/uploads\/old\/LA_CAVE_DU_VIN_CyrilleDruart_2011.jpg?fit=259%2C389&ssl=1","featured_image_src":"https:\/\/i0.wp.com\/www.joyana.fr\/wp-content\/uploads\/old\/LA_CAVE_DU_VIN_CyrilleDruart_2011.jpg?resize=576%2C400&ssl=1","featured_image_src_square":"https:\/\/i0.wp.com\/www.joyana.fr\/wp-content\/uploads\/old\/LA_CAVE_DU_VIN_CyrilleDruart_2011.jpg?resize=576%2C600&ssl=1","jetpack_featured_media_url":"https:\/\/i0.wp.com\/www.joyana.fr\/wp-content\/uploads\/old\/LA_CAVE_DU_VIN_CyrilleDruart_2011.jpg?fit=576%2C866&ssl=1","uagb_featured_image_src":{"full":["https:\/\/i0.wp.com\/www.joyana.fr\/wp-content\/uploads\/old\/LA_CAVE_DU_VIN_CyrilleDruart_2011.jpg?fit=576%2C866&ssl=1",576,866,false],"thumbnail":["https:\/\/i0.wp.com\/www.joyana.fr\/wp-content\/uploads\/old\/LA_CAVE_DU_VIN_CyrilleDruart_2011.jpg?resize=150%2C150&ssl=1",150,150,true],"medium":["https:\/\/i0.wp.com\/www.joyana.fr\/wp-content\/uploads\/old\/LA_CAVE_DU_VIN_CyrilleDruart_2011.jpg?fit=259%2C389&ssl=1",259,389,true],"medium_large":["https:\/\/i0.wp.com\/www.joyana.fr\/wp-content\/uploads\/old\/LA_CAVE_DU_VIN_CyrilleDruart_2011.jpg?fit=576%2C866&ssl=1",576,866,true],"large":["https:\/\/i0.wp.com\/www.joyana.fr\/wp-content\/uploads\/old\/LA_CAVE_DU_VIN_CyrilleDruart_2011.jpg?fit=576%2C866&ssl=1",576,866,true],"1536x1536":["https:\/\/i0.wp.com\/www.joyana.fr\/wp-content\/uploads\/old\/LA_CAVE_DU_VIN_CyrilleDruart_2011.jpg?fit=576%2C866&ssl=1",576,866,true],"2048x2048":["https:\/\/i0.wp.com\/www.joyana.fr\/wp-content\/uploads\/old\/LA_CAVE_DU_VIN_CyrilleDruart_2011.jpg?fit=576%2C866&ssl=1",576,866,true],"featured-thumb":["https:\/\/i0.wp.com\/www.joyana.fr\/wp-content\/uploads\/old\/LA_CAVE_DU_VIN_CyrilleDruart_2011.jpg?resize=576%2C750&ssl=1",576,750,true],"ab-block-post-grid-landscape":["https:\/\/i0.wp.com\/www.joyana.fr\/wp-content\/uploads\/old\/LA_CAVE_DU_VIN_CyrilleDruart_2011.jpg?resize=576%2C400&ssl=1",576,400,true],"ab-block-post-grid-square":["https:\/\/i0.wp.com\/www.joyana.fr\/wp-content\/uploads\/old\/LA_CAVE_DU_VIN_CyrilleDruart_2011.jpg?resize=576%2C600&ssl=1",576,600,true],"author-pro-image":["https:\/\/i0.wp.com\/www.joyana.fr\/wp-content\/uploads\/old\/LA_CAVE_DU_VIN_CyrilleDruart_2011.jpg?resize=360%2C570&ssl=1",360,570,true],"slider":["https:\/\/i0.wp.com\/www.joyana.fr\/wp-content\/uploads\/old\/LA_CAVE_DU_VIN_CyrilleDruart_2011.jpg?resize=576%2C400&ssl=1",576,400,true],"woocommerce_thumbnail":["https:\/\/i0.wp.com\/www.joyana.fr\/wp-content\/uploads\/old\/LA_CAVE_DU_VIN_CyrilleDruart_2011.jpg?resize=450%2C450&ssl=1",450,450,true],"woocommerce_single":["https:\/\/i0.wp.com\/www.joyana.fr\/wp-content\/uploads\/old\/LA_CAVE_DU_VIN_CyrilleDruart_2011.jpg?fit=576%2C866&ssl=1",576,866,true],"woocommerce_gallery_thumbnail":["https:\/\/i0.wp.com\/www.joyana.fr\/wp-content\/uploads\/old\/LA_CAVE_DU_VIN_CyrilleDruart_2011.jpg?resize=180%2C180&ssl=1",180,180,true],"sow-carousel-default":["https:\/\/i0.wp.com\/www.joyana.fr\/wp-content\/uploads\/old\/LA_CAVE_DU_VIN_CyrilleDruart_2011.jpg?resize=272%2C182&ssl=1",272,182,true]},"uagb_author_info":{"display_name":"Jo Yana","author_link":"https:\/\/www.joyana.fr\/ja\/author\/joyana\/"},"uagb_comment_info":22,"uagb_excerpt":"LA CAVE DU VIN 9 est un concept sign\u00e9 par Cyrille Druar&hellip;","coauthors":[],"tax_additional":{"categories":{"linked":["<a href=\"https:\/\/www.joyana.fr\/ja\/category\/portfolio\/architecture\/\" class=\"advgb-post-tax-term\">ARCHITECTURE<\/a>","<a href=\"https:\/\/www.joyana.fr\/ja\/category\/deco-design\/designer\/cyrille-druart\/\" class=\"advgb-post-tax-term\">Cyrille DRUART<\/a>","<a href=\"https:\/\/www.joyana.fr\/ja\/category\/deco-design\/\" class=\"advgb-post-tax-term\">DECO-DESIGN<\/a>","<a href=\"https:\/\/www.joyana.fr\/ja\/category\/deco-design\/architecture-deco-design\/pays\/france\/\" class=\"advgb-post-tax-term\">France<\/a>","<a href=\"https:\/\/www.joyana.fr\/ja\/category\/deco-design\/architecture-deco-design\/lieux-design\/restaurant\/\" class=\"advgb-post-tax-term\">Restaurant<\/a>"],"unlinked":["<span class=\"advgb-post-tax-term\">ARCHITECTURE<\/span>","<span class=\"advgb-post-tax-term\">Cyrille DRUART<\/span>","<span class=\"advgb-post-tax-term\">DECO-DESIGN<\/span>","<span class=\"advgb-post-tax-term\">France<\/span>","<span class=\"advgb-post-tax-term\">Restaurant<\/span>"]},"tags":{"linked":["<a href=\"https:\/\/www.joyana.fr\/ja\/category\/deco-design\/architecture-deco-design\/lieux-design\/restaurant\/\" class=\"advgb-post-tax-term\">Architecture<\/a>","<a href=\"https:\/\/www.joyana.fr\/ja\/category\/deco-design\/architecture-deco-design\/lieux-design\/restaurant\/\" class=\"advgb-post-tax-term\">Restaurant<\/a>"],"unlinked":["<span class=\"advgb-post-tax-term\">Architecture<\/span>","<span class=\"advgb-post-tax-term\">Restaurant<\/span>"]}},"comment_count":22,"relative_dates":{"created":"Posted 15\u5e74 ago","modified":"Updated 15\u5e74 ago"},"absolute_dates":{"created":"Posted on 20 9\u6708 2011","modified":"Updated on 20 9\u6708 2011"},"absolute_dates_time":{"created":"Posted on 20 9\u6708 2011 7:09","modified":"Updated on 20 9\u6708 2011 7:09"},"featured_img_caption":"","series_order":"","jetpack_sharing_enabled":true,"jetpack_shortlink":"https:\/\/wp.me\/p9bteI-s2R","jetpack-related-posts":[],"_links":{"self":[{"href":"https:\/\/www.joyana.fr\/ja\/wp-json\/wp\/v2\/posts\/107809","targetHints":{"allow":["GET"]}}],"collection":[{"href":"https:\/\/www.joyana.fr\/ja\/wp-json\/wp\/v2\/posts"}],"about":[{"href":"https:\/\/www.joyana.fr\/ja\/wp-json\/wp\/v2\/types\/post"}],"author":[{"embeddable":true,"href":"https:\/\/www.joyana.fr\/ja\/wp-json\/wp\/v2\/users\/3"}],"replies":[{"embeddable":true,"href":"https:\/\/www.joyana.fr\/ja\/wp-json\/wp\/v2\/comments?post=107809"}],"version-history":[{"count":0,"href":"https:\/\/www.joyana.fr\/ja\/wp-json\/wp\/v2\/posts\/107809\/revisions"}],"wp:featuredmedia":[{"embeddable":true,"href":"https:\/\/www.joyana.fr\/ja\/wp-json\/wp\/v2\/media\/107814"}],"wp:attachment":[{"href":"https:\/\/www.joyana.fr\/ja\/wp-json\/wp\/v2\/media?parent=107809"}],"wp:term":[{"taxonomy":"category","embeddable":true,"href":"https:\/\/www.joyana.fr\/ja\/wp-json\/wp\/v2\/categories?post=107809"},{"taxonomy":"post_tag","embeddable":true,"href":"https:\/\/www.joyana.fr\/ja\/wp-json\/wp\/v2\/tags?post=107809"}],"curies":[{"name":"wp","href":"https:\/\/api.w.org\/{rel}","templated":true}]}}