{"id":107070,"date":"2011-06-20T06:34:16","date_gmt":"2011-06-20T05:34:16","guid":{"rendered":"https:\/\/joyana.fr\/?p=7070"},"modified":"2011-06-20T06:34:16","modified_gmt":"2011-06-20T05:34:16","slug":"designers-days-2011-merci-210x297mm","status":"publish","type":"post","link":"https:\/\/www.joyana.fr\/ja\/designers-days-2011-merci-210x297mm\/107070\/","title":{"rendered":"DESIGNER&#8217;S DAYS 2011 &#8211; MERCI"},"content":{"rendered":"<p>Pour la 11e \u00e9dition des <strong>Designer\u2019s Days<\/strong>, <strong>Merci<\/strong> pr\u00e9sentait l\u2019<strong>exposition 210x297mm<\/strong> &#8211; 15 artisans rh\u00f4nalpins et 15 designers pr\u00e9sentent les prototypes r\u00e9alis\u00e9s en bin\u00f4me. Chaque \u00e9quipe a eu 2 mois pour se rencontrer, penser, concevoir et r\u00e9aliser les pi\u00e8ces, avec pour tout brief une dimension n&#8217;exc\u00e9dant pas 60 x 60 x 60 cm&#8230;<\/p>\n<p><a title=\"DECO DESIGN DESIGNER'S DAYS \" href=\"https:\/\/joyana.fr\/\">Deco-Design<\/a> vous pr\u00e9sente sa s\u00e9lection :<\/p>\n<p><img data-recalc-dims=\"1\" fetchpriority=\"high\" decoding=\"async\" data-attachment-id=\"7076\" data-permalink=\"https:\/\/www.joyana.fr\/ja\/running-z-555-de-zapa\/7067\/z555-52-copie\/\" data-orig-file=\"https:\/\/i0.wp.com\/www.joyana.fr\/wp-content\/uploads\/2013\/11\/Z555-52-copie.jpg?fit=800%2C578&amp;ssl=1\" data-orig-size=\"800,578\" data-comments-opened=\"1\" data-image-meta=\"{&quot;aperture&quot;:&quot;11&quot;,&quot;credit&quot;:&quot;&quot;,&quot;camera&quot;:&quot;P65+&quot;,&quot;caption&quot;:&quot;&quot;,&quot;created_timestamp&quot;:&quot;1306597471&quot;,&quot;copyright&quot;:&quot;&quot;,&quot;focal_length&quot;:&quot;110&quot;,&quot;iso&quot;:&quot;50&quot;,&quot;shutter_speed&quot;:&quot;0.0049999867934844&quot;,&quot;title&quot;:&quot;&quot;,&quot;orientation&quot;:&quot;1&quot;}\" data-image-title=\"Z555 52 copie\" data-image-description=\"\" data-image-caption=\"\" data-medium-file=\"https:\/\/i0.wp.com\/www.joyana.fr\/wp-content\/uploads\/2013\/11\/Z555-52-copie.jpg?fit=389%2C281&amp;ssl=1\" data-large-file=\"https:\/\/i0.wp.com\/www.joyana.fr\/wp-content\/uploads\/2013\/11\/Z555-52-copie.jpg?fit=800%2C578&amp;ssl=1\" class=\"alignnone size-full wp-image-7076\" title=\"DESIGNER'S DAYS 2011 - MERCI\" src=\"https:\/\/i0.wp.com\/joyana.fr\/wp-content\/uploads\/DSC01818.jpg?resize=576%2C383&#038;ssl=1\" alt=\"\" width=\"576\" height=\"383\" \/><\/p>\n<p><img data-recalc-dims=\"1\" decoding=\"async\" data-attachment-id=\"7072\" data-permalink=\"https:\/\/www.joyana.fr\/ja\/running-z-555-de-zapa\/7067\/bora9526\/\" data-orig-file=\"https:\/\/i0.wp.com\/www.joyana.fr\/wp-content\/uploads\/2013\/11\/BORA9526.jpg?fit=650%2C433&amp;ssl=1\" data-orig-size=\"650,433\" data-comments-opened=\"1\" data-image-meta=\"{&quot;aperture&quot;:&quot;10&quot;,&quot;credit&quot;:&quot;FREDBORA&quot;,&quot;camera&quot;:&quot;Canon EOS 5D Mark III&quot;,&quot;caption&quot;:&quot;&quot;,&quot;created_timestamp&quot;:&quot;1383569918&quot;,&quot;copyright&quot;:&quot;FREDBORA PHOTO&quot;,&quot;focal_length&quot;:&quot;50&quot;,&quot;iso&quot;:&quot;100&quot;,&quot;shutter_speed&quot;:&quot;0.00625&quot;,&quot;title&quot;:&quot;&quot;,&quot;orientation&quot;:&quot;1&quot;}\" data-image-title=\"BORA9526\" data-image-description=\"\" data-image-caption=\"\" data-medium-file=\"https:\/\/i0.wp.com\/www.joyana.fr\/wp-content\/uploads\/2013\/11\/BORA9526.jpg?fit=389%2C259&amp;ssl=1\" data-large-file=\"https:\/\/i0.wp.com\/www.joyana.fr\/wp-content\/uploads\/2013\/11\/BORA9526.jpg?fit=650%2C433&amp;ssl=1\" class=\"alignnone size-full wp-image-7072\" title=\"DESIGNER'S DAYS 2011 - MERCI\" src=\"https:\/\/i0.wp.com\/joyana.fr\/wp-content\/uploads\/DSC01820.jpg?resize=576%2C383&#038;ssl=1\" alt=\"\" width=\"576\" height=\"383\" \/><\/p>\n<pre style=\"text-align: center;\">ECHAPP\u00c9E par Vincent Breed & S\u00e9bastien Cordel\u00e9ani\n<span style=\"color: #000000;\">.<\/span><\/pre>\n<p><em>L\u2019intention de l&#8217;exposition <\/em><strong>210x297mm<\/strong><em> initi\u00e9 par Emilie Colin Garros, Philippine Lemaire et David des Moutis \u00e0 l\u2019\u00e9t\u00e9 2010, est de promouvoir un mode de cr\u00e9ation bas\u00e9 sur la proximit\u00e9 et de valoriser l\u2019innovation dans un cadre o\u00f9 le dialogue entre savoir et de savoir faire est facilit\u00e9. Ces \u00e9changes de proc\u00e9d\u00e9s soul\u00e8vent les questions de l&#8217;exclusive paternit\u00e9 et de l&#8217;influence de l&#8217;artisanat sur la pratique du design. Les productions r\u00e9alis\u00e9es \u00e9noncent les pr\u00e9mices d\u2019une production limit\u00e9e au b\u00e9n\u00e9fice d\u2019une possible industrialisation&#8230;<\/em><\/p>\n<p><em><img data-recalc-dims=\"1\" decoding=\"async\" data-attachment-id=\"7077\" data-permalink=\"https:\/\/www.joyana.fr\/ja\/running-z-555-de-zapa\/7067\/z555-100_0301\/\" data-orig-file=\"https:\/\/i0.wp.com\/www.joyana.fr\/wp-content\/uploads\/2013\/11\/Z555-100_0301.jpg?fit=800%2C642&amp;ssl=1\" data-orig-size=\"800,642\" data-comments-opened=\"1\" data-image-meta=\"{&quot;aperture&quot;:&quot;11&quot;,&quot;credit&quot;:&quot;&quot;,&quot;camera&quot;:&quot;P65+&quot;,&quot;caption&quot;:&quot;&quot;,&quot;created_timestamp&quot;:&quot;1306603168&quot;,&quot;copyright&quot;:&quot;&quot;,&quot;focal_length&quot;:&quot;110&quot;,&quot;iso&quot;:&quot;50&quot;,&quot;shutter_speed&quot;:&quot;0.0049999867934844&quot;,&quot;title&quot;:&quot;&quot;,&quot;orientation&quot;:&quot;1&quot;}\" data-image-title=\"Z555 100_0301\" data-image-description=\"\" data-image-caption=\"\" data-medium-file=\"https:\/\/i0.wp.com\/www.joyana.fr\/wp-content\/uploads\/2013\/11\/Z555-100_0301.jpg?fit=389%2C312&amp;ssl=1\" data-large-file=\"https:\/\/i0.wp.com\/www.joyana.fr\/wp-content\/uploads\/2013\/11\/Z555-100_0301.jpg?fit=800%2C642&amp;ssl=1\" class=\"alignnone size-full wp-image-7077\" title=\"DESIGNER'S DAYS 2011 - MERCI\" src=\"https:\/\/i0.wp.com\/joyana.fr\/wp-content\/uploads\/DSC01824.jpg?resize=576%2C383&#038;ssl=1\" alt=\"\" width=\"576\" height=\"383\" \/><\/em><\/p>\n<pre style=\"text-align: center;\">YEUSE DE LUMI\u00c8RE<\/pre>\n<pre style=\"text-align: center;\">par George et Monique Stahl & Nathalie Nebout<em>\n<span style=\"color: #000000;\">.<\/span>\n<\/em><\/pre>\n<p><em><img data-recalc-dims=\"1\" loading=\"lazy\" decoding=\"async\" data-attachment-id=\"7074\" data-permalink=\"https:\/\/www.joyana.fr\/ja\/running-z-555-de-zapa\/7067\/bora9531\/\" data-orig-file=\"https:\/\/i0.wp.com\/www.joyana.fr\/wp-content\/uploads\/2013\/11\/BORA9531.jpg?fit=650%2C433&amp;ssl=1\" data-orig-size=\"650,433\" data-comments-opened=\"1\" data-image-meta=\"{&quot;aperture&quot;:&quot;9&quot;,&quot;credit&quot;:&quot;FREDBORA&quot;,&quot;camera&quot;:&quot;Canon EOS 5D Mark III&quot;,&quot;caption&quot;:&quot;&quot;,&quot;created_timestamp&quot;:&quot;1383570177&quot;,&quot;copyright&quot;:&quot;FREDBORA PHOTO&quot;,&quot;focal_length&quot;:&quot;50&quot;,&quot;iso&quot;:&quot;100&quot;,&quot;shutter_speed&quot;:&quot;0.00625&quot;,&quot;title&quot;:&quot;&quot;,&quot;orientation&quot;:&quot;1&quot;}\" data-image-title=\"BORA9531\" data-image-description=\"\" data-image-caption=\"\" data-medium-file=\"https:\/\/i0.wp.com\/www.joyana.fr\/wp-content\/uploads\/2013\/11\/BORA9531.jpg?fit=389%2C259&amp;ssl=1\" data-large-file=\"https:\/\/i0.wp.com\/www.joyana.fr\/wp-content\/uploads\/2013\/11\/BORA9531.jpg?fit=650%2C433&amp;ssl=1\" class=\"alignnone size-full wp-image-7074\" title=\"DESIGNER'S DAYS 2011 - MERCI\" src=\"https:\/\/i0.wp.com\/joyana.fr\/wp-content\/uploads\/DSC01817.jpg?resize=576%2C800&#038;ssl=1\" alt=\"\" width=\"576\" height=\"800\" \/><\/em><\/p>\n<pre style=\"text-align: center;\">L'OBJET par USIN-e & Le Fer Savoir<em>\n<span style=\"color: #000000;\">.<\/span>\n<\/em><\/pre>\n<p><em><img data-recalc-dims=\"1\" loading=\"lazy\" decoding=\"async\" data-attachment-id=\"7073\" data-permalink=\"https:\/\/www.joyana.fr\/ja\/running-z-555-de-zapa\/7067\/bora9530\/\" data-orig-file=\"https:\/\/i0.wp.com\/www.joyana.fr\/wp-content\/uploads\/2013\/11\/BORA9530.jpg?fit=650%2C433&amp;ssl=1\" data-orig-size=\"650,433\" data-comments-opened=\"1\" data-image-meta=\"{&quot;aperture&quot;:&quot;9&quot;,&quot;credit&quot;:&quot;FREDBORA&quot;,&quot;camera&quot;:&quot;Canon EOS 5D Mark III&quot;,&quot;caption&quot;:&quot;&quot;,&quot;created_timestamp&quot;:&quot;1383570087&quot;,&quot;copyright&quot;:&quot;FREDBORA PHOTO&quot;,&quot;focal_length&quot;:&quot;50&quot;,&quot;iso&quot;:&quot;100&quot;,&quot;shutter_speed&quot;:&quot;0.00625&quot;,&quot;title&quot;:&quot;&quot;,&quot;orientation&quot;:&quot;1&quot;}\" data-image-title=\"BORA9530\" data-image-description=\"\" data-image-caption=\"\" data-medium-file=\"https:\/\/i0.wp.com\/www.joyana.fr\/wp-content\/uploads\/2013\/11\/BORA9530.jpg?fit=389%2C259&amp;ssl=1\" data-large-file=\"https:\/\/i0.wp.com\/www.joyana.fr\/wp-content\/uploads\/2013\/11\/BORA9530.jpg?fit=650%2C433&amp;ssl=1\" class=\"alignnone size-full wp-image-7073\" title=\"DESIGNER'S DAYS 2011 - MERCI\" src=\"https:\/\/i0.wp.com\/joyana.fr\/wp-content\/uploads\/DSC01821.jpg?resize=576%2C873&#038;ssl=1\" alt=\"\" width=\"576\" height=\"873\" \/><\/em><\/p>\n<pre style=\"text-align: center;\">DOLLY par Zoocreative<em>\n<span style=\"color: #000000;\">.<\/span>\n<\/em><\/pre>\n<p><em><img data-recalc-dims=\"1\" loading=\"lazy\" decoding=\"async\" data-attachment-id=\"7071\" data-permalink=\"https:\/\/www.joyana.fr\/ja\/running-z-555-de-zapa\/7067\/bora9523\/\" data-orig-file=\"https:\/\/i0.wp.com\/www.joyana.fr\/wp-content\/uploads\/2013\/11\/BORA9523.jpg?fit=650%2C433&amp;ssl=1\" data-orig-size=\"650,433\" data-comments-opened=\"1\" data-image-meta=\"{&quot;aperture&quot;:&quot;8&quot;,&quot;credit&quot;:&quot;FREDBORA&quot;,&quot;camera&quot;:&quot;Canon EOS 5D Mark III&quot;,&quot;caption&quot;:&quot;&quot;,&quot;created_timestamp&quot;:&quot;1383569785&quot;,&quot;copyright&quot;:&quot;FREDBORA PHOTO&quot;,&quot;focal_length&quot;:&quot;50&quot;,&quot;iso&quot;:&quot;100&quot;,&quot;shutter_speed&quot;:&quot;0.00625&quot;,&quot;title&quot;:&quot;&quot;,&quot;orientation&quot;:&quot;1&quot;}\" data-image-title=\"BORA9523\" data-image-description=\"\" data-image-caption=\"\" data-medium-file=\"https:\/\/i0.wp.com\/www.joyana.fr\/wp-content\/uploads\/2013\/11\/BORA9523.jpg?fit=389%2C259&amp;ssl=1\" data-large-file=\"https:\/\/i0.wp.com\/www.joyana.fr\/wp-content\/uploads\/2013\/11\/BORA9523.jpg?fit=650%2C433&amp;ssl=1\" class=\"alignnone size-full wp-image-7071\" title=\"DESIGNER'S DAYS 2011 - MERCI\" src=\"https:\/\/i0.wp.com\/joyana.fr\/wp-content\/uploads\/DSC01827.jpg?resize=576%2C1030&#038;ssl=1\" alt=\"\" width=\"576\" height=\"1030\" \/><\/em><\/p>\n<pre style=\"text-align: center;\">OPONCE par Sellerie' Cimes & Amey.Baudrimont<em>\n<span style=\"color: #000000;\">.<\/span>\n<\/em><\/pre>\n<p><em><img data-recalc-dims=\"1\" loading=\"lazy\" decoding=\"async\" data-attachment-id=\"7075\" data-permalink=\"https:\/\/www.joyana.fr\/ja\/running-z-555-de-zapa\/7067\/bora9538\/\" data-orig-file=\"https:\/\/i0.wp.com\/www.joyana.fr\/wp-content\/uploads\/2013\/11\/BORA9538.jpg?fit=650%2C433&amp;ssl=1\" data-orig-size=\"650,433\" data-comments-opened=\"1\" data-image-meta=\"{&quot;aperture&quot;:&quot;8&quot;,&quot;credit&quot;:&quot;FREDBORA&quot;,&quot;camera&quot;:&quot;Canon EOS 5D Mark III&quot;,&quot;caption&quot;:&quot;&quot;,&quot;created_timestamp&quot;:&quot;1383570437&quot;,&quot;copyright&quot;:&quot;FREDBORA PHOTO&quot;,&quot;focal_length&quot;:&quot;50&quot;,&quot;iso&quot;:&quot;100&quot;,&quot;shutter_speed&quot;:&quot;0.00625&quot;,&quot;title&quot;:&quot;&quot;,&quot;orientation&quot;:&quot;1&quot;}\" data-image-title=\"BORA9538\" data-image-description=\"\" data-image-caption=\"\" data-medium-file=\"https:\/\/i0.wp.com\/www.joyana.fr\/wp-content\/uploads\/2013\/11\/BORA9538.jpg?fit=389%2C259&amp;ssl=1\" data-large-file=\"https:\/\/i0.wp.com\/www.joyana.fr\/wp-content\/uploads\/2013\/11\/BORA9538.jpg?fit=650%2C433&amp;ssl=1\" class=\"alignnone size-full wp-image-7075\" title=\"DESIGNER'S DAYS 2011 - MERCI\" src=\"https:\/\/i0.wp.com\/joyana.fr\/wp-content\/uploads\/DSC01835.jpg?resize=576%2C179&#038;ssl=1\" alt=\"\" width=\"576\" height=\"179\" \/><\/em><\/p>\n<p>D\u00e9couvrir nos articles sur les <strong><a title=\"DESIGNER'S DAYS 2011\" href=\"..\/designers-days-2011-table-basis-daphna-laurens\/designers-days-2011-lea-ceramiche-patrick-norguet-waves-lines\/category\/actualite\/salon\/designers-days\/\">DESIGNER\u2019S DAYS 2011<\/a><\/strong><\/p>\n<p>En savoir <strong>+<\/strong> sur l&#8217;exposition 210x297mm chez <a title=\"MERCI\" href=\"http:\/\/www.merci-merci.com\/\"><strong>MERCI<\/strong><\/a><\/p>\n","protected":false},"excerpt":{"rendered":"<p>Pour la 11e \u00e9dition des Designer\u2019s Days, Merci pr\u00e9sentait l\u2019exposition 210x297mm &#8211; 15 artisans rh\u00f4nalpin [&hellip;]<\/p>\n","protected":false},"author":3,"featured_media":107076,"comment_status":"open","ping_status":"open","sticky":false,"template":"","format":"standard","meta":{"_coblocks_attr":"","_coblocks_dimensions":"","_coblocks_responsive_height":"","_coblocks_accordion_ie_support":"","_uag_custom_page_level_css":"","advgb_blocks_editor_width":"","advgb_blocks_columns_visual_guide":"","_genesis_hide_title":false,"_genesis_hide_breadcrumbs":false,"_genesis_hide_singular_image":false,"_genesis_hide_footer_widgets":false,"_genesis_custom_body_class":"","_genesis_custom_post_class":"","_genesis_layout":"","_themeisle_gutenberg_block_has_review":false,"_jetpack_newsletter_access":"","_jetpack_dont_email_post_to_subs":false,"_jetpack_newsletter_tier_id":0,"_jetpack_memberships_contains_paywalled_content":false,"_jetpack_memberships_contains_paid_content":false,"footnotes":""},"categories":[1005,905],"tags":[994],"class_list":{"0":"post-107070","1":"post","2":"type-post","3":"status-publish","4":"format-standard","5":"has-post-thumbnail","7":"category-designers-days","8":"category-deco-design","9":"tag-evenements","10":"entry"},"featured_image_urls":{"full":["https:\/\/i0.wp.com\/www.joyana.fr\/wp-content\/uploads\/old\/DSC01818.jpg?fit=576%2C383&ssl=1",576,383,false],"thumbnail":["https:\/\/i0.wp.com\/www.joyana.fr\/wp-content\/uploads\/old\/DSC01818.jpg?resize=150%2C150&ssl=1",150,150,true],"medium":["https:\/\/i0.wp.com\/www.joyana.fr\/wp-content\/uploads\/old\/DSC01818.jpg?fit=389%2C259&ssl=1",389,259,true],"medium_large":["https:\/\/i0.wp.com\/www.joyana.fr\/wp-content\/uploads\/old\/DSC01818.jpg?fit=576%2C383&ssl=1",576,383,true],"large":["https:\/\/i0.wp.com\/www.joyana.fr\/wp-content\/uploads\/old\/DSC01818.jpg?fit=576%2C383&ssl=1",576,383,true],"1536x1536":["https:\/\/i0.wp.com\/www.joyana.fr\/wp-content\/uploads\/old\/DSC01818.jpg?fit=576%2C383&ssl=1",576,383,true],"2048x2048":["https:\/\/i0.wp.com\/www.joyana.fr\/wp-content\/uploads\/old\/DSC01818.jpg?fit=576%2C383&ssl=1",576,383,true],"featured-thumb":["https:\/\/i0.wp.com\/www.joyana.fr\/wp-content\/uploads\/old\/DSC01818.jpg?resize=576%2C383&ssl=1",576,383,true],"ab-block-post-grid-landscape":["https:\/\/i0.wp.com\/www.joyana.fr\/wp-content\/uploads\/old\/DSC01818.jpg?resize=576%2C383&ssl=1",576,383,true],"ab-block-post-grid-square":["https:\/\/i0.wp.com\/www.joyana.fr\/wp-content\/uploads\/old\/DSC01818.jpg?resize=576%2C383&ssl=1",576,383,true],"author-pro-image":["https:\/\/i0.wp.com\/www.joyana.fr\/wp-content\/uploads\/old\/DSC01818.jpg?resize=360%2C383&ssl=1",360,383,true],"slider":["https:\/\/i0.wp.com\/www.joyana.fr\/wp-content\/uploads\/old\/DSC01818.jpg?resize=576%2C383&ssl=1",576,383,true],"woocommerce_thumbnail":["https:\/\/i0.wp.com\/www.joyana.fr\/wp-content\/uploads\/old\/DSC01818.jpg?resize=450%2C383&ssl=1",450,383,true],"woocommerce_single":["https:\/\/i0.wp.com\/www.joyana.fr\/wp-content\/uploads\/old\/DSC01818.jpg?fit=576%2C383&ssl=1",576,383,true],"woocommerce_gallery_thumbnail":["https:\/\/i0.wp.com\/www.joyana.fr\/wp-content\/uploads\/old\/DSC01818.jpg?resize=180%2C180&ssl=1",180,180,true],"sow-carousel-default":["https:\/\/i0.wp.com\/www.joyana.fr\/wp-content\/uploads\/old\/DSC01818.jpg?resize=272%2C182&ssl=1",272,182,true]},"post_excerpt_stackable":"<p>Pour la 11e \u00e9dition des Designer\u2019s Days, Merci pr\u00e9sentait l\u2019exposition 210x297mm &#8211; 15 artisans&hellip;<\/p>\n","category_list":"<a href=\"https:\/\/www.joyana.fr\/ja\/category\/deco-design\/actualite\/salon\/designers-days\/\" rel=\"category tag\">D'DAYS<\/a>, <a href=\"https:\/\/www.joyana.fr\/ja\/category\/deco-design\/\" rel=\"category tag\">DECO-DESIGN<\/a>","author_info":{"display_name":"Jo Yana","author_link":"https:\/\/www.joyana.fr\/ja\/author\/joyana\/"},"comments_num":"14 comments","featured_image_urls_v2":{"full":["https:\/\/i0.wp.com\/www.joyana.fr\/wp-content\/uploads\/old\/DSC01818.jpg?fit=576%2C383&ssl=1",576,383,false],"thumbnail":["https:\/\/i0.wp.com\/www.joyana.fr\/wp-content\/uploads\/old\/DSC01818.jpg?resize=150%2C150&ssl=1",150,150,true],"medium":["https:\/\/i0.wp.com\/www.joyana.fr\/wp-content\/uploads\/old\/DSC01818.jpg?fit=389%2C259&ssl=1",389,259,true],"medium_large":["https:\/\/i0.wp.com\/www.joyana.fr\/wp-content\/uploads\/old\/DSC01818.jpg?fit=576%2C383&ssl=1",576,383,true],"large":["https:\/\/i0.wp.com\/www.joyana.fr\/wp-content\/uploads\/old\/DSC01818.jpg?fit=576%2C383&ssl=1",576,383,true],"1536x1536":["https:\/\/i0.wp.com\/www.joyana.fr\/wp-content\/uploads\/old\/DSC01818.jpg?fit=576%2C383&ssl=1",576,383,true],"2048x2048":["https:\/\/i0.wp.com\/www.joyana.fr\/wp-content\/uploads\/old\/DSC01818.jpg?fit=576%2C383&ssl=1",576,383,true],"featured-thumb":["https:\/\/i0.wp.com\/www.joyana.fr\/wp-content\/uploads\/old\/DSC01818.jpg?resize=576%2C383&ssl=1",576,383,true],"ab-block-post-grid-landscape":["https:\/\/i0.wp.com\/www.joyana.fr\/wp-content\/uploads\/old\/DSC01818.jpg?resize=576%2C383&ssl=1",576,383,true],"ab-block-post-grid-square":["https:\/\/i0.wp.com\/www.joyana.fr\/wp-content\/uploads\/old\/DSC01818.jpg?resize=576%2C383&ssl=1",576,383,true],"author-pro-image":["https:\/\/i0.wp.com\/www.joyana.fr\/wp-content\/uploads\/old\/DSC01818.jpg?resize=360%2C383&ssl=1",360,383,true],"slider":["https:\/\/i0.wp.com\/www.joyana.fr\/wp-content\/uploads\/old\/DSC01818.jpg?resize=576%2C383&ssl=1",576,383,true],"woocommerce_thumbnail":["https:\/\/i0.wp.com\/www.joyana.fr\/wp-content\/uploads\/old\/DSC01818.jpg?resize=450%2C383&ssl=1",450,383,true],"woocommerce_single":["https:\/\/i0.wp.com\/www.joyana.fr\/wp-content\/uploads\/old\/DSC01818.jpg?fit=576%2C383&ssl=1",576,383,true],"woocommerce_gallery_thumbnail":["https:\/\/i0.wp.com\/www.joyana.fr\/wp-content\/uploads\/old\/DSC01818.jpg?resize=180%2C180&ssl=1",180,180,true],"sow-carousel-default":["https:\/\/i0.wp.com\/www.joyana.fr\/wp-content\/uploads\/old\/DSC01818.jpg?resize=272%2C182&ssl=1",272,182,true]},"post_excerpt_stackable_v2":"<p>Pour la 11e \u00e9dition des Designer\u2019s Days, Merci pr\u00e9sentait l\u2019exposition 210x297mm &#8211; 15 artisans&hellip;<\/p>\n","category_list_v2":"<a href=\"https:\/\/www.joyana.fr\/ja\/category\/deco-design\/actualite\/salon\/designers-days\/\" rel=\"category tag\">D'DAYS<\/a>, <a href=\"https:\/\/www.joyana.fr\/ja\/category\/deco-design\/\" rel=\"category tag\">DECO-DESIGN<\/a>","author_info_v2":{"name":"Jo Yana","url":"https:\/\/www.joyana.fr\/ja\/author\/joyana\/"},"comments_num_v2":"14 comments","yoast_head":"<!-- This site is optimized with the Yoast SEO plugin v26.8 - https:\/\/yoast.com\/product\/yoast-seo-wordpress\/ -->\n<title>DESIGNER&#039;S DAYS 2011 - MERCI - JO YANA<\/title>\n<meta name=\"robots\" content=\"index, follow, max-snippet:-1, max-image-preview:large, max-video-preview:-1\" \/>\n<link rel=\"canonical\" href=\"https:\/\/joyana.fr\/designers-days-2011-merci-210x297mm\/107070\/\" \/>\n<meta property=\"og:locale\" content=\"ja_JP\" \/>\n<meta property=\"og:locale:alternate\" content=\"fr_FR\" \/>\n<meta property=\"og:locale:alternate\" content=\"en_US\" \/>\n<meta property=\"og:type\" content=\"article\" \/>\n<meta property=\"og:title\" content=\"DESIGNER&#039;S DAYS 2011 - MERCI - JO YANA\" \/>\n<meta property=\"og:description\" content=\"Pour la 11e \u00e9dition des Designer\u2019s Days, Merci pr\u00e9sentait l\u2019exposition 210x297mm &#8211; 15 artisans rh\u00f4nalpin [&hellip;]\" \/>\n<meta property=\"og:url\" content=\"https:\/\/www.joyana.fr\/ja\/designers-days-2011-merci-210x297mm\/107070\/\" \/>\n<meta property=\"og:site_name\" content=\"JO YANA\" \/>\n<meta property=\"article:published_time\" content=\"2011-06-20T05:34:16+00:00\" \/>\n<meta property=\"og:image\" content=\"https:\/\/joyana.fr\/wp-content\/uploads\/old\/DSC01818.jpg\" \/>\n\t<meta property=\"og:image:width\" content=\"576\" \/>\n\t<meta property=\"og:image:height\" content=\"383\" \/>\n\t<meta property=\"og:image:type\" content=\"image\/jpeg\" \/>\n<meta name=\"author\" content=\"Jo Yana\" \/>\n<meta name=\"twitter:card\" content=\"summary_large_image\" \/>\n<meta name=\"twitter:creator\" content=\"@Jo_Yana\" \/>\n<meta name=\"twitter:site\" content=\"@Jo_Yana\" \/>\n<meta name=\"twitter:label1\" content=\"\u57f7\u7b46\u8005\" \/>\n\t<meta name=\"twitter:data1\" content=\"Jo Yana\" \/>\n\t<meta name=\"twitter:label2\" content=\"\u63a8\u5b9a\u8aad\u307f\u53d6\u308a\u6642\u9593\" \/>\n\t<meta name=\"twitter:data2\" content=\"1\u5206\" \/>\n<script type=\"application\/ld+json\" class=\"yoast-schema-graph\">{\"@context\":\"https:\/\/schema.org\",\"@graph\":[{\"@type\":\"Article\",\"@id\":\"https:\/\/joyana.fr\/designers-days-2011-merci-210x297mm\/107070\/#article\",\"isPartOf\":{\"@id\":\"https:\/\/joyana.fr\/designers-days-2011-merci-210x297mm\/107070\/\"},\"author\":{\"name\":\"Jo Yana\",\"@id\":\"https:\/\/joyana.fr\/#\/schema\/person\/cf2a1ad12a27c12c21801075bf37407c\"},\"headline\":\"DESIGNER&#8217;S DAYS 2011 &#8211; MERCI\",\"datePublished\":\"2011-06-20T05:34:16+00:00\",\"mainEntityOfPage\":{\"@id\":\"https:\/\/joyana.fr\/designers-days-2011-merci-210x297mm\/107070\/\"},\"wordCount\":189,\"commentCount\":8,\"publisher\":{\"@id\":\"https:\/\/joyana.fr\/#\/schema\/person\/cf2a1ad12a27c12c21801075bf37407c\"},\"image\":{\"@id\":\"https:\/\/joyana.fr\/designers-days-2011-merci-210x297mm\/107070\/#primaryimage\"},\"thumbnailUrl\":\"https:\/\/i0.wp.com\/www.joyana.fr\/wp-content\/uploads\/old\/DSC01818.jpg?fit=576%2C383&ssl=1\",\"keywords\":[\"Ev\u00e8nements\"],\"articleSection\":[\"D'DAYS\",\"DECO-DESIGN\"],\"inLanguage\":\"ja\",\"potentialAction\":[{\"@type\":\"CommentAction\",\"name\":\"Comment\",\"target\":[\"https:\/\/joyana.fr\/designers-days-2011-merci-210x297mm\/107070\/#respond\"]}]},{\"@type\":\"WebPage\",\"@id\":\"https:\/\/joyana.fr\/designers-days-2011-merci-210x297mm\/107070\/\",\"url\":\"https:\/\/joyana.fr\/designers-days-2011-merci-210x297mm\/107070\/\",\"name\":\"DESIGNER'S DAYS 2011 - MERCI - JO YANA\",\"isPartOf\":{\"@id\":\"https:\/\/joyana.fr\/#website\"},\"primaryImageOfPage\":{\"@id\":\"https:\/\/joyana.fr\/designers-days-2011-merci-210x297mm\/107070\/#primaryimage\"},\"image\":{\"@id\":\"https:\/\/joyana.fr\/designers-days-2011-merci-210x297mm\/107070\/#primaryimage\"},\"thumbnailUrl\":\"https:\/\/i0.wp.com\/www.joyana.fr\/wp-content\/uploads\/old\/DSC01818.jpg?fit=576%2C383&ssl=1\",\"datePublished\":\"2011-06-20T05:34:16+00:00\",\"breadcrumb\":{\"@id\":\"https:\/\/joyana.fr\/designers-days-2011-merci-210x297mm\/107070\/#breadcrumb\"},\"inLanguage\":\"ja\",\"potentialAction\":[{\"@type\":\"ReadAction\",\"target\":[\"https:\/\/joyana.fr\/designers-days-2011-merci-210x297mm\/107070\/\"]}]},{\"@type\":\"ImageObject\",\"inLanguage\":\"ja\",\"@id\":\"https:\/\/joyana.fr\/designers-days-2011-merci-210x297mm\/107070\/#primaryimage\",\"url\":\"https:\/\/i0.wp.com\/www.joyana.fr\/wp-content\/uploads\/old\/DSC01818.jpg?fit=576%2C383&ssl=1\",\"contentUrl\":\"https:\/\/i0.wp.com\/www.joyana.fr\/wp-content\/uploads\/old\/DSC01818.jpg?fit=576%2C383&ssl=1\",\"width\":576,\"height\":383},{\"@type\":\"BreadcrumbList\",\"@id\":\"https:\/\/joyana.fr\/designers-days-2011-merci-210x297mm\/107070\/#breadcrumb\",\"itemListElement\":[{\"@type\":\"ListItem\",\"position\":1,\"name\":\"Accueil\",\"item\":\"https:\/\/joyana.fr\/\"},{\"@type\":\"ListItem\",\"position\":2,\"name\":\"DESIGNER&rsquo;S DAYS 2011 &#8211; MERCI\"}]},{\"@type\":\"WebSite\",\"@id\":\"https:\/\/joyana.fr\/#website\",\"url\":\"https:\/\/joyana.fr\/\",\"name\":\"JO YANA\",\"description\":\"Blog Mode Homme, Lifestyle, D\u00e9co-Design\",\"publisher\":{\"@id\":\"https:\/\/joyana.fr\/#\/schema\/person\/cf2a1ad12a27c12c21801075bf37407c\"},\"potentialAction\":[{\"@type\":\"SearchAction\",\"target\":{\"@type\":\"EntryPoint\",\"urlTemplate\":\"https:\/\/joyana.fr\/?s={search_term_string}\"},\"query-input\":{\"@type\":\"PropertyValueSpecification\",\"valueRequired\":true,\"valueName\":\"search_term_string\"}}],\"inLanguage\":\"ja\"},{\"@type\":[\"Person\",\"Organization\"],\"@id\":\"https:\/\/joyana.fr\/#\/schema\/person\/cf2a1ad12a27c12c21801075bf37407c\",\"name\":\"Jo Yana\",\"image\":{\"@type\":\"ImageObject\",\"inLanguage\":\"ja\",\"@id\":\"https:\/\/joyana.fr\/#\/schema\/person\/image\/\",\"url\":\"https:\/\/i0.wp.com\/www.joyana.fr\/wp-content\/uploads\/2016\/08\/cropped-joyana-logo-black-360x180.png?fit=343%2C164&ssl=1\",\"contentUrl\":\"https:\/\/i0.wp.com\/www.joyana.fr\/wp-content\/uploads\/2016\/08\/cropped-joyana-logo-black-360x180.png?fit=343%2C164&ssl=1\",\"width\":343,\"height\":164,\"caption\":\"Jo Yana\"},\"logo\":{\"@id\":\"https:\/\/joyana.fr\/#\/schema\/person\/image\/\"},\"description\":\"Jo Yana est le cr\u00e9ateur et r\u00e9dacteur en chef des sites DECO-DESIGN. Passionn\u00e9 de Design, Mode, Photo, Luxe, Lifestyle, Musique, mais avant tout Blogueur ! Le plaisir de partager l'anime et a comme devise \\\"POUR L'AMOUR DU BEAU\\\". Retrouvez le aussi sur son blog personnel - https:\/\/joyana.fr...\",\"sameAs\":[\"https:\/\/joyana.fr\/\"],\"url\":\"https:\/\/www.joyana.fr\/ja\/author\/joyana\/\"}]}<\/script>\n<!-- \/ Yoast SEO plugin. -->","yoast_head_json":{"title":"DESIGNER'S DAYS 2011 - MERCI - JO YANA","robots":{"index":"index","follow":"follow","max-snippet":"max-snippet:-1","max-image-preview":"max-image-preview:large","max-video-preview":"max-video-preview:-1"},"canonical":"https:\/\/joyana.fr\/designers-days-2011-merci-210x297mm\/107070\/","og_locale":"ja_JP","og_type":"article","og_title":"DESIGNER'S DAYS 2011 - MERCI - JO YANA","og_description":"Pour la 11e \u00e9dition des Designer\u2019s Days, Merci pr\u00e9sentait l\u2019exposition 210x297mm &#8211; 15 artisans rh\u00f4nalpin [&hellip;]","og_url":"https:\/\/www.joyana.fr\/ja\/designers-days-2011-merci-210x297mm\/107070\/","og_site_name":"JO YANA","article_published_time":"2011-06-20T05:34:16+00:00","og_image":[{"width":576,"height":383,"url":"https:\/\/joyana.fr\/wp-content\/uploads\/old\/DSC01818.jpg","type":"image\/jpeg"}],"author":"Jo Yana","twitter_card":"summary_large_image","twitter_creator":"@Jo_Yana","twitter_site":"@Jo_Yana","twitter_misc":{"\u57f7\u7b46\u8005":"Jo Yana","\u63a8\u5b9a\u8aad\u307f\u53d6\u308a\u6642\u9593":"1\u5206"},"schema":{"@context":"https:\/\/schema.org","@graph":[{"@type":"Article","@id":"https:\/\/joyana.fr\/designers-days-2011-merci-210x297mm\/107070\/#article","isPartOf":{"@id":"https:\/\/joyana.fr\/designers-days-2011-merci-210x297mm\/107070\/"},"author":{"name":"Jo Yana","@id":"https:\/\/joyana.fr\/#\/schema\/person\/cf2a1ad12a27c12c21801075bf37407c"},"headline":"DESIGNER&#8217;S DAYS 2011 &#8211; MERCI","datePublished":"2011-06-20T05:34:16+00:00","mainEntityOfPage":{"@id":"https:\/\/joyana.fr\/designers-days-2011-merci-210x297mm\/107070\/"},"wordCount":189,"commentCount":8,"publisher":{"@id":"https:\/\/joyana.fr\/#\/schema\/person\/cf2a1ad12a27c12c21801075bf37407c"},"image":{"@id":"https:\/\/joyana.fr\/designers-days-2011-merci-210x297mm\/107070\/#primaryimage"},"thumbnailUrl":"https:\/\/i0.wp.com\/www.joyana.fr\/wp-content\/uploads\/old\/DSC01818.jpg?fit=576%2C383&ssl=1","keywords":["Ev\u00e8nements"],"articleSection":["D'DAYS","DECO-DESIGN"],"inLanguage":"ja","potentialAction":[{"@type":"CommentAction","name":"Comment","target":["https:\/\/joyana.fr\/designers-days-2011-merci-210x297mm\/107070\/#respond"]}]},{"@type":"WebPage","@id":"https:\/\/joyana.fr\/designers-days-2011-merci-210x297mm\/107070\/","url":"https:\/\/joyana.fr\/designers-days-2011-merci-210x297mm\/107070\/","name":"DESIGNER'S DAYS 2011 - MERCI - JO YANA","isPartOf":{"@id":"https:\/\/joyana.fr\/#website"},"primaryImageOfPage":{"@id":"https:\/\/joyana.fr\/designers-days-2011-merci-210x297mm\/107070\/#primaryimage"},"image":{"@id":"https:\/\/joyana.fr\/designers-days-2011-merci-210x297mm\/107070\/#primaryimage"},"thumbnailUrl":"https:\/\/i0.wp.com\/www.joyana.fr\/wp-content\/uploads\/old\/DSC01818.jpg?fit=576%2C383&ssl=1","datePublished":"2011-06-20T05:34:16+00:00","breadcrumb":{"@id":"https:\/\/joyana.fr\/designers-days-2011-merci-210x297mm\/107070\/#breadcrumb"},"inLanguage":"ja","potentialAction":[{"@type":"ReadAction","target":["https:\/\/joyana.fr\/designers-days-2011-merci-210x297mm\/107070\/"]}]},{"@type":"ImageObject","inLanguage":"ja","@id":"https:\/\/joyana.fr\/designers-days-2011-merci-210x297mm\/107070\/#primaryimage","url":"https:\/\/i0.wp.com\/www.joyana.fr\/wp-content\/uploads\/old\/DSC01818.jpg?fit=576%2C383&ssl=1","contentUrl":"https:\/\/i0.wp.com\/www.joyana.fr\/wp-content\/uploads\/old\/DSC01818.jpg?fit=576%2C383&ssl=1","width":576,"height":383},{"@type":"BreadcrumbList","@id":"https:\/\/joyana.fr\/designers-days-2011-merci-210x297mm\/107070\/#breadcrumb","itemListElement":[{"@type":"ListItem","position":1,"name":"Accueil","item":"https:\/\/joyana.fr\/"},{"@type":"ListItem","position":2,"name":"DESIGNER&rsquo;S DAYS 2011 &#8211; MERCI"}]},{"@type":"WebSite","@id":"https:\/\/joyana.fr\/#website","url":"https:\/\/joyana.fr\/","name":"JO YANA","description":"Blog Mode Homme, Lifestyle, D\u00e9co-Design","publisher":{"@id":"https:\/\/joyana.fr\/#\/schema\/person\/cf2a1ad12a27c12c21801075bf37407c"},"potentialAction":[{"@type":"SearchAction","target":{"@type":"EntryPoint","urlTemplate":"https:\/\/joyana.fr\/?s={search_term_string}"},"query-input":{"@type":"PropertyValueSpecification","valueRequired":true,"valueName":"search_term_string"}}],"inLanguage":"ja"},{"@type":["Person","Organization"],"@id":"https:\/\/joyana.fr\/#\/schema\/person\/cf2a1ad12a27c12c21801075bf37407c","name":"Jo Yana","image":{"@type":"ImageObject","inLanguage":"ja","@id":"https:\/\/joyana.fr\/#\/schema\/person\/image\/","url":"https:\/\/i0.wp.com\/www.joyana.fr\/wp-content\/uploads\/2016\/08\/cropped-joyana-logo-black-360x180.png?fit=343%2C164&ssl=1","contentUrl":"https:\/\/i0.wp.com\/www.joyana.fr\/wp-content\/uploads\/2016\/08\/cropped-joyana-logo-black-360x180.png?fit=343%2C164&ssl=1","width":343,"height":164,"caption":"Jo Yana"},"logo":{"@id":"https:\/\/joyana.fr\/#\/schema\/person\/image\/"},"description":"Jo Yana est le cr\u00e9ateur et r\u00e9dacteur en chef des sites DECO-DESIGN. Passionn\u00e9 de Design, Mode, Photo, Luxe, Lifestyle, Musique, mais avant tout Blogueur ! Le plaisir de partager l'anime et a comme devise \"POUR L'AMOUR DU BEAU\". Retrouvez le aussi sur son blog personnel - https:\/\/joyana.fr...","sameAs":["https:\/\/joyana.fr\/"],"url":"https:\/\/www.joyana.fr\/ja\/author\/joyana\/"}]}},"author_meta":{"display_name":"Jo Yana","author_link":"https:\/\/www.joyana.fr\/ja\/author\/joyana\/"},"featured_img":"https:\/\/i0.wp.com\/www.joyana.fr\/wp-content\/uploads\/old\/DSC01818.jpg?fit=389%2C259&ssl=1","featured_image_src":"https:\/\/i0.wp.com\/www.joyana.fr\/wp-content\/uploads\/old\/DSC01818.jpg?resize=576%2C383&ssl=1","featured_image_src_square":"https:\/\/i0.wp.com\/www.joyana.fr\/wp-content\/uploads\/old\/DSC01818.jpg?resize=576%2C383&ssl=1","jetpack_featured_media_url":"https:\/\/i0.wp.com\/www.joyana.fr\/wp-content\/uploads\/old\/DSC01818.jpg?fit=576%2C383&ssl=1","uagb_featured_image_src":{"full":["https:\/\/i0.wp.com\/www.joyana.fr\/wp-content\/uploads\/old\/DSC01818.jpg?fit=576%2C383&ssl=1",576,383,false],"thumbnail":["https:\/\/i0.wp.com\/www.joyana.fr\/wp-content\/uploads\/old\/DSC01818.jpg?resize=150%2C150&ssl=1",150,150,true],"medium":["https:\/\/i0.wp.com\/www.joyana.fr\/wp-content\/uploads\/old\/DSC01818.jpg?fit=389%2C259&ssl=1",389,259,true],"medium_large":["https:\/\/i0.wp.com\/www.joyana.fr\/wp-content\/uploads\/old\/DSC01818.jpg?fit=576%2C383&ssl=1",576,383,true],"large":["https:\/\/i0.wp.com\/www.joyana.fr\/wp-content\/uploads\/old\/DSC01818.jpg?fit=576%2C383&ssl=1",576,383,true],"1536x1536":["https:\/\/i0.wp.com\/www.joyana.fr\/wp-content\/uploads\/old\/DSC01818.jpg?fit=576%2C383&ssl=1",576,383,true],"2048x2048":["https:\/\/i0.wp.com\/www.joyana.fr\/wp-content\/uploads\/old\/DSC01818.jpg?fit=576%2C383&ssl=1",576,383,true],"featured-thumb":["https:\/\/i0.wp.com\/www.joyana.fr\/wp-content\/uploads\/old\/DSC01818.jpg?resize=576%2C383&ssl=1",576,383,true],"ab-block-post-grid-landscape":["https:\/\/i0.wp.com\/www.joyana.fr\/wp-content\/uploads\/old\/DSC01818.jpg?resize=576%2C383&ssl=1",576,383,true],"ab-block-post-grid-square":["https:\/\/i0.wp.com\/www.joyana.fr\/wp-content\/uploads\/old\/DSC01818.jpg?resize=576%2C383&ssl=1",576,383,true],"author-pro-image":["https:\/\/i0.wp.com\/www.joyana.fr\/wp-content\/uploads\/old\/DSC01818.jpg?resize=360%2C383&ssl=1",360,383,true],"slider":["https:\/\/i0.wp.com\/www.joyana.fr\/wp-content\/uploads\/old\/DSC01818.jpg?resize=576%2C383&ssl=1",576,383,true],"woocommerce_thumbnail":["https:\/\/i0.wp.com\/www.joyana.fr\/wp-content\/uploads\/old\/DSC01818.jpg?resize=450%2C383&ssl=1",450,383,true],"woocommerce_single":["https:\/\/i0.wp.com\/www.joyana.fr\/wp-content\/uploads\/old\/DSC01818.jpg?fit=576%2C383&ssl=1",576,383,true],"woocommerce_gallery_thumbnail":["https:\/\/i0.wp.com\/www.joyana.fr\/wp-content\/uploads\/old\/DSC01818.jpg?resize=180%2C180&ssl=1",180,180,true],"sow-carousel-default":["https:\/\/i0.wp.com\/www.joyana.fr\/wp-content\/uploads\/old\/DSC01818.jpg?resize=272%2C182&ssl=1",272,182,true]},"uagb_author_info":{"display_name":"Jo Yana","author_link":"https:\/\/www.joyana.fr\/ja\/author\/joyana\/"},"uagb_comment_info":14,"uagb_excerpt":"Pour la 11e \u00e9dition des Designer\u2019s Days, Merci pr\u00e9senta&hellip;","coauthors":[],"tax_additional":{"categories":{"linked":["<a href=\"https:\/\/www.joyana.fr\/ja\/category\/deco-design\/actualite\/salon\/designers-days\/\" class=\"advgb-post-tax-term\">D&#039;DAYS<\/a>","<a href=\"https:\/\/www.joyana.fr\/ja\/category\/deco-design\/\" class=\"advgb-post-tax-term\">DECO-DESIGN<\/a>"],"unlinked":["<span class=\"advgb-post-tax-term\">D&#039;DAYS<\/span>","<span class=\"advgb-post-tax-term\">DECO-DESIGN<\/span>"]},"tags":{"linked":["<a href=\"https:\/\/www.joyana.fr\/ja\/category\/deco-design\/\" class=\"advgb-post-tax-term\">Ev\u00e8nements<\/a>"],"unlinked":["<span class=\"advgb-post-tax-term\">Ev\u00e8nements<\/span>"]}},"comment_count":14,"relative_dates":{"created":"Posted 15\u5e74 ago","modified":"Updated 15\u5e74 ago"},"absolute_dates":{"created":"Posted on 20 6\u6708 2011","modified":"Updated on 20 6\u6708 2011"},"absolute_dates_time":{"created":"Posted on 20 6\u6708 2011 6:34","modified":"Updated on 20 6\u6708 2011 6:34"},"featured_img_caption":"","series_order":"","jetpack_sharing_enabled":true,"jetpack_shortlink":"https:\/\/wp.me\/p9bteI-rQW","jetpack-related-posts":[],"_links":{"self":[{"href":"https:\/\/www.joyana.fr\/ja\/wp-json\/wp\/v2\/posts\/107070","targetHints":{"allow":["GET"]}}],"collection":[{"href":"https:\/\/www.joyana.fr\/ja\/wp-json\/wp\/v2\/posts"}],"about":[{"href":"https:\/\/www.joyana.fr\/ja\/wp-json\/wp\/v2\/types\/post"}],"author":[{"embeddable":true,"href":"https:\/\/www.joyana.fr\/ja\/wp-json\/wp\/v2\/users\/3"}],"replies":[{"embeddable":true,"href":"https:\/\/www.joyana.fr\/ja\/wp-json\/wp\/v2\/comments?post=107070"}],"version-history":[{"count":0,"href":"https:\/\/www.joyana.fr\/ja\/wp-json\/wp\/v2\/posts\/107070\/revisions"}],"wp:featuredmedia":[{"embeddable":true,"href":"https:\/\/www.joyana.fr\/ja\/wp-json\/wp\/v2\/media\/107076"}],"wp:attachment":[{"href":"https:\/\/www.joyana.fr\/ja\/wp-json\/wp\/v2\/media?parent=107070"}],"wp:term":[{"taxonomy":"category","embeddable":true,"href":"https:\/\/www.joyana.fr\/ja\/wp-json\/wp\/v2\/categories?post=107070"},{"taxonomy":"post_tag","embeddable":true,"href":"https:\/\/www.joyana.fr\/ja\/wp-json\/wp\/v2\/tags?post=107070"}],"curies":[{"name":"wp","href":"https:\/\/api.w.org\/{rel}","templated":true}]}}