{"id":106906,"date":"2011-06-07T06:59:55","date_gmt":"2011-06-07T05:59:55","guid":{"rendered":"https:\/\/joyana.fr\/?p=6906"},"modified":"2011-06-07T06:59:55","modified_gmt":"2011-06-07T05:59:55","slug":"b-flex-b-ton-par-marine-peyre","status":"publish","type":"post","link":"https:\/\/www.joyana.fr\/ja\/b-flex-b-ton-par-marine-peyre\/106906\/","title":{"rendered":"B.FLEX B.TON par Marine PEYRE"},"content":{"rendered":"<p><strong>Marine Peyre<\/strong> pr\u00e9sentait lors de la derni\u00e8re \u00e9dition de Jardins, Jardin <strong>B.FLEX B.TON<\/strong> &#8211; la d\u00e9clinaison b\u00e9ton de son syst\u00e8me d&#8217;assises modulables <a title=\"B.FLEX MARINE PEYRE\" href=\"https:\/\/joyana.fr\/just-bflex-marine-peyre-new-flexible-design\/3449\/\"><strong>B.FLEX<\/strong><\/a>&#8230;<\/p>\n<p><img data-recalc-dims=\"1\" fetchpriority=\"high\" decoding=\"async\" data-attachment-id=\"6913\" data-permalink=\"https:\/\/www.joyana.fr\/ja\/i-love-ugly-fallwinter-2013-crosby-shoe-lookbook\/6911\/i-love-ugly-2013-fallwinter-crosby-shoe-collection-2\/\" data-orig-file=\"https:\/\/i0.wp.com\/www.joyana.fr\/wp-content\/uploads\/2013\/11\/i-love-ugly-2013-fallwinter-crosby-shoe-collection-2.jpg?fit=1280%2C854&amp;ssl=1\" data-orig-size=\"1280,854\" data-comments-opened=\"1\" data-image-meta=\"{&quot;aperture&quot;:&quot;0&quot;,&quot;credit&quot;:&quot;&quot;,&quot;camera&quot;:&quot;&quot;,&quot;caption&quot;:&quot;&quot;,&quot;created_timestamp&quot;:&quot;0&quot;,&quot;copyright&quot;:&quot;&quot;,&quot;focal_length&quot;:&quot;0&quot;,&quot;iso&quot;:&quot;0&quot;,&quot;shutter_speed&quot;:&quot;0&quot;,&quot;title&quot;:&quot;&quot;,&quot;orientation&quot;:&quot;0&quot;}\" data-image-title=\"I LOVE UGLY &#8211; Fall\/Winter 2013 Crosby Shoe Lookbook\" data-image-description=\"&lt;p&gt;I LOVE UGLY &#8211; Fall\/Winter 2013 Crosby Shoe Lookbook&lt;\/p&gt;\n\" data-image-caption=\"\" data-medium-file=\"https:\/\/i0.wp.com\/www.joyana.fr\/wp-content\/uploads\/2013\/11\/i-love-ugly-2013-fallwinter-crosby-shoe-collection-2.jpg?fit=389%2C260&amp;ssl=1\" data-large-file=\"https:\/\/i0.wp.com\/www.joyana.fr\/wp-content\/uploads\/2013\/11\/i-love-ugly-2013-fallwinter-crosby-shoe-collection-2.jpg?fit=1024%2C683&amp;ssl=1\" class=\"alignnone size-full wp-image-6913\" title=\"B.TON B.FLEX par Marine PEYRE\" src=\"https:\/\/i0.wp.com\/joyana.fr\/wp-content\/uploads\/B-TON-B-FLEX__2354.jpg?resize=576%2C582&#038;ssl=1\" alt=\"\" width=\"576\" height=\"582\" \/><\/p>\n<p>Notre amie la designer marseillaise <strong>Marine Peyre<\/strong> &#8211; r\u00e9cemment expatri\u00e9e \u00e0 Paris, la vilaine ^^ &#8211; nous d\u00e9voile\u00a0<strong>B.FLEX B.TON<\/strong>, une version pour l&#8217;espace public du syst\u00e8me d&#8217;assises <strong>B.FLEX<\/strong>, dont il reprend les dimensions et le principe de modularit\u00e9 et de composition \u00e0 partir d&#8217;\u00e9l\u00e9ments de 50 \u00e0 250 cm, pour s&#8217;adapter \u00e0 tout type de projet d&#8217;espace&#8230;<\/p>\n<p>Cette version<strong> B.FLEX B.TON<\/strong> a \u00e9t\u00e9 d\u00e9velopp\u00e9e avec Urbastyle qui l&#8217;\u00e9dite, dans le sud de la Belgique : sp\u00e9cialis\u00e9e dans les \u00e9l\u00e9ments en b\u00e9ton sur mesure pour projets d&#8217;am\u00e9nagements urbains (dalles, bordures, etc) et b\u00e9n\u00e9ficie ainsi du savoir-faire d&#8217;Urbastyle et de toutes les garanties en mati\u00e8re de normes et de s\u00e9curit\u00e9. La coloration naturelle \u00e0 partir de sables et graviers blancs, gris ou rouges assure une parfaite tenue dans le temps des teintes de chaque \u00e9l\u00e9ments. Les finitions apr\u00e8s d\u00e9moulage des modules r\u00e9v\u00e8lent la grande qualit\u00e9 d&#8217;ex\u00e9cution du b\u00e9ton !!!<\/p>\n<p><img data-recalc-dims=\"1\" decoding=\"async\" data-attachment-id=\"6908\" data-permalink=\"https:\/\/www.joyana.fr\/ja\/desert-boots-collection-karim-rashid-x-sully-wong\/6034\/karim_for-sw_lookbook_2014_nov_916\/\" data-orig-file=\"https:\/\/i0.wp.com\/www.joyana.fr\/wp-content\/uploads\/2013\/11\/KARIM_FOR-SW_LOOKBOOK_2014_NOV_916.jpg?fit=1050%2C1050&amp;ssl=1\" data-orig-size=\"1050,1050\" data-comments-opened=\"1\" data-image-meta=\"{&quot;aperture&quot;:&quot;0&quot;,&quot;credit&quot;:&quot;&quot;,&quot;camera&quot;:&quot;&quot;,&quot;caption&quot;:&quot;&quot;,&quot;created_timestamp&quot;:&quot;0&quot;,&quot;copyright&quot;:&quot;&quot;,&quot;focal_length&quot;:&quot;0&quot;,&quot;iso&quot;:&quot;0&quot;,&quot;shutter_speed&quot;:&quot;0&quot;,&quot;title&quot;:&quot;&quot;,&quot;orientation&quot;:&quot;0&quot;}\" data-image-title=\"KARIM_FOR SW_LOOKBOOK_2014_NOV_916\" data-image-description=\"\" data-image-caption=\"\" data-medium-file=\"https:\/\/i0.wp.com\/www.joyana.fr\/wp-content\/uploads\/2013\/11\/KARIM_FOR-SW_LOOKBOOK_2014_NOV_916.jpg?fit=389%2C389&amp;ssl=1\" data-large-file=\"https:\/\/i0.wp.com\/www.joyana.fr\/wp-content\/uploads\/2013\/11\/KARIM_FOR-SW_LOOKBOOK_2014_NOV_916.jpg?fit=1024%2C1024&amp;ssl=1\" class=\"alignnone size-full wp-image-6908\" title=\"B.TON B.FLEX par Marine PEYRE\" src=\"https:\/\/i0.wp.com\/joyana.fr\/wp-content\/uploads\/B-TON-B-FLEX_031.jpg?resize=576%2C772&#038;ssl=1\" alt=\"\" width=\"576\" height=\"772\" \/><\/p>\n<p><img data-recalc-dims=\"1\" decoding=\"async\" data-attachment-id=\"6907\" data-permalink=\"https:\/\/www.joyana.fr\/ja\/desert-boots-collection-karim-rashid-x-sully-wong\/6034\/karim_for-sw_lookbook_2014_nov_915\/\" data-orig-file=\"https:\/\/i0.wp.com\/www.joyana.fr\/wp-content\/uploads\/2013\/11\/KARIM_FOR-SW_LOOKBOOK_2014_NOV_915.jpg?fit=1050%2C1050&amp;ssl=1\" data-orig-size=\"1050,1050\" data-comments-opened=\"1\" data-image-meta=\"{&quot;aperture&quot;:&quot;0&quot;,&quot;credit&quot;:&quot;&quot;,&quot;camera&quot;:&quot;&quot;,&quot;caption&quot;:&quot;&quot;,&quot;created_timestamp&quot;:&quot;0&quot;,&quot;copyright&quot;:&quot;&quot;,&quot;focal_length&quot;:&quot;0&quot;,&quot;iso&quot;:&quot;0&quot;,&quot;shutter_speed&quot;:&quot;0&quot;,&quot;title&quot;:&quot;&quot;,&quot;orientation&quot;:&quot;0&quot;}\" data-image-title=\"KARIM_FOR SW_LOOKBOOK_2014_NOV_915\" data-image-description=\"\" data-image-caption=\"\" data-medium-file=\"https:\/\/i0.wp.com\/www.joyana.fr\/wp-content\/uploads\/2013\/11\/KARIM_FOR-SW_LOOKBOOK_2014_NOV_915.jpg?fit=389%2C389&amp;ssl=1\" data-large-file=\"https:\/\/i0.wp.com\/www.joyana.fr\/wp-content\/uploads\/2013\/11\/KARIM_FOR-SW_LOOKBOOK_2014_NOV_915.jpg?fit=1024%2C1024&amp;ssl=1\" class=\"alignnone size-full wp-image-6907\" title=\"B.TON B.FLEX par Marine PEYRE\" src=\"https:\/\/i0.wp.com\/joyana.fr\/wp-content\/uploads\/B-TON-B-FLEX_023.jpg?resize=576%2C368&#038;ssl=1\" alt=\"\" width=\"576\" height=\"368\" \/><\/p>\n<p>Le poids des modules de 300 kilos par m\u00e8tre lin\u00e9aire destine <strong>B.FLEX B.TON<\/strong> \u00e0 des am\u00e9nagements urbains ou paysagers publics, mais peut aussi  r\u00e9pondre \u00e0 une demande priv\u00e9e sp\u00e9cifique. Le transport et l&#8217;installation  des modules sont assur\u00e9s par Urbastyle, ce qui n&#8217;est pas n\u00e9gligeable&#8230;<\/p>\n<p><img data-recalc-dims=\"1\" loading=\"lazy\" decoding=\"async\" class=\"alignnone size-full wp-image-6909\" title=\"B.TON B.FLEX par Marine PEYRE\" src=\"https:\/\/i0.wp.com\/joyana.fr\/wp-content\/uploads\/B-TON-B-FLEX_2246.jpg?resize=576%2C615&#038;ssl=1\" alt=\"\" width=\"576\" height=\"615\" \/><\/p>\n<p><img data-recalc-dims=\"1\" loading=\"lazy\" decoding=\"async\" data-attachment-id=\"6912\" data-permalink=\"https:\/\/www.joyana.fr\/ja\/i-love-ugly-fallwinter-2013-crosby-shoe-lookbook\/6911\/i-love-ugly-2013-fallwinter-crosby-shoe-collection-1\/\" data-orig-file=\"https:\/\/i0.wp.com\/www.joyana.fr\/wp-content\/uploads\/2013\/11\/i-love-ugly-2013-fallwinter-crosby-shoe-collection-1.jpg?fit=1280%2C854&amp;ssl=1\" data-orig-size=\"1280,854\" data-comments-opened=\"1\" data-image-meta=\"{&quot;aperture&quot;:&quot;0&quot;,&quot;credit&quot;:&quot;&quot;,&quot;camera&quot;:&quot;&quot;,&quot;caption&quot;:&quot;&quot;,&quot;created_timestamp&quot;:&quot;0&quot;,&quot;copyright&quot;:&quot;&quot;,&quot;focal_length&quot;:&quot;0&quot;,&quot;iso&quot;:&quot;0&quot;,&quot;shutter_speed&quot;:&quot;0&quot;,&quot;title&quot;:&quot;&quot;,&quot;orientation&quot;:&quot;0&quot;}\" data-image-title=\"I LOVE UGLY &#8211; Fall\/Winter 2013 Crosby Shoe Lookbook\" data-image-description=\"&lt;p&gt;I LOVE UGLY &#8211; Fall\/Winter 2013 Crosby Shoe Lookbook&lt;\/p&gt;\n\" data-image-caption=\"\" data-medium-file=\"https:\/\/i0.wp.com\/www.joyana.fr\/wp-content\/uploads\/2013\/11\/i-love-ugly-2013-fallwinter-crosby-shoe-collection-1.jpg?fit=389%2C260&amp;ssl=1\" data-large-file=\"https:\/\/i0.wp.com\/www.joyana.fr\/wp-content\/uploads\/2013\/11\/i-love-ugly-2013-fallwinter-crosby-shoe-collection-1.jpg?fit=1024%2C683&amp;ssl=1\" class=\"alignnone size-full wp-image-6912\" title=\"B.TON B.FLEX par Marine PEYRE\" src=\"https:\/\/i0.wp.com\/joyana.fr\/wp-content\/uploads\/B-TON-B-FLEX_2355.jpg?resize=576%2C329&#038;ssl=1\" alt=\"\" width=\"576\" height=\"329\" \/><\/p>\n<p><img data-recalc-dims=\"1\" loading=\"lazy\" decoding=\"async\" class=\"alignnone size-full wp-image-6911\" title=\"B.TON B.FLEX par Marine PEYRE\" src=\"https:\/\/i0.wp.com\/joyana.fr\/wp-content\/uploads\/B-TON-B-FLEX_2331.jpg?resize=576%2C771&#038;ssl=1\" alt=\"\" width=\"576\" height=\"771\" \/><\/p>\n<p><img data-recalc-dims=\"1\" loading=\"lazy\" decoding=\"async\" class=\"alignnone size-full wp-image-6910\" title=\"B.TON B.FLEX par Marine PEYRE\" src=\"https:\/\/i0.wp.com\/joyana.fr\/wp-content\/uploads\/B-TON-B-FLEX_2322.jpg?resize=576%2C491&#038;ssl=1\" alt=\"\" width=\"576\" height=\"491\" \/><\/p>\n<p><strong>Marine Peyre<\/strong> pr\u00e9sentait aussi au salon Jardins, Jardin son petit dernier <strong>OUTBED<\/strong> &#8211; une assise flexible, ludique, glamour et sexy, destin\u00e9e \u00e0 des usages Indoor ou Outdoor&#8230;<\/p>\n<p><img data-recalc-dims=\"1\" loading=\"lazy\" decoding=\"async\" data-attachment-id=\"6914\" data-permalink=\"https:\/\/www.joyana.fr\/ja\/i-love-ugly-fallwinter-2013-crosby-shoe-lookbook\/6911\/i-love-ugly-2013-fallwinter-crosby-shoe-collection-3\/\" data-orig-file=\"https:\/\/i0.wp.com\/www.joyana.fr\/wp-content\/uploads\/2013\/11\/i-love-ugly-2013-fallwinter-crosby-shoe-collection-3.jpg?fit=1280%2C854&amp;ssl=1\" data-orig-size=\"1280,854\" data-comments-opened=\"1\" data-image-meta=\"{&quot;aperture&quot;:&quot;0&quot;,&quot;credit&quot;:&quot;&quot;,&quot;camera&quot;:&quot;&quot;,&quot;caption&quot;:&quot;&quot;,&quot;created_timestamp&quot;:&quot;0&quot;,&quot;copyright&quot;:&quot;&quot;,&quot;focal_length&quot;:&quot;0&quot;,&quot;iso&quot;:&quot;0&quot;,&quot;shutter_speed&quot;:&quot;0&quot;,&quot;title&quot;:&quot;&quot;,&quot;orientation&quot;:&quot;0&quot;}\" data-image-title=\"I LOVE UGLY &#8211; Fall\/Winter 2013 Crosby Shoe Lookbook\" data-image-description=\"&lt;p&gt;I LOVE UGLY &#8211; Fall\/Winter 2013 Crosby Shoe Lookbook&lt;\/p&gt;\n\" data-image-caption=\"\" data-medium-file=\"https:\/\/i0.wp.com\/www.joyana.fr\/wp-content\/uploads\/2013\/11\/i-love-ugly-2013-fallwinter-crosby-shoe-collection-3.jpg?fit=389%2C260&amp;ssl=1\" data-large-file=\"https:\/\/i0.wp.com\/www.joyana.fr\/wp-content\/uploads\/2013\/11\/i-love-ugly-2013-fallwinter-crosby-shoe-collection-3.jpg?fit=1024%2C683&amp;ssl=1\" class=\"alignnone size-full wp-image-6914\" title=\"OUT BED par Marine PEYRE\" src=\"https:\/\/i0.wp.com\/joyana.fr\/wp-content\/uploads\/OutBed-ambianceJardinsJardin.jpg?resize=576%2C259&#038;ssl=1\" alt=\"\" width=\"576\" height=\"259\" \/><\/p>\n<p>En savoir + sur <a title=\"MARINE PEYRE\" href=\"http:\/\/www.marinepeyre.com\/\"><strong>Marine PEYRE<\/strong><\/a><\/p>\n<p>D\u00e9couvrir le salon <a title=\"JARDINS JARDIN\" href=\"http:\/\/www.jardinsjardin.com\/\"><strong>Jardins, Jardin<\/strong><\/a><\/p>\n","protected":false},"excerpt":{"rendered":"<p>Marine Peyre pr\u00e9sentait lors de la derni\u00e8re \u00e9dition de Jardins, Jardin B.FLEX B.TON &#8211; la d\u00e9clinaison b\u00e9t [&hellip;]<\/p>\n","protected":false},"author":3,"featured_media":106913,"comment_status":"open","ping_status":"open","sticky":false,"template":"","format":"standard","meta":{"_coblocks_attr":"","_coblocks_dimensions":"","_coblocks_responsive_height":"","_coblocks_accordion_ie_support":"","_uag_custom_page_level_css":"","advgb_blocks_editor_width":"","advgb_blocks_columns_visual_guide":"","_genesis_hide_title":false,"_genesis_hide_breadcrumbs":false,"_genesis_hide_singular_image":false,"_genesis_hide_footer_widgets":false,"_genesis_custom_body_class":"","_genesis_custom_post_class":"","_genesis_layout":"","_themeisle_gutenberg_block_has_review":false,"_jetpack_newsletter_access":"","_jetpack_dont_email_post_to_subs":false,"_jetpack_newsletter_tier_id":0,"_jetpack_memberships_contains_paywalled_content":false,"_jetpack_memberships_contains_paid_content":false,"footnotes":""},"categories":[948,949,905,950,974],"tags":[78,31,913],"class_list":{"0":"post-106906","1":"post","2":"type-post","3":"status-publish","4":"format-standard","5":"has-post-thumbnail","7":"category-assise","8":"category-canape","9":"category-deco-design","10":"category-fauteuil","11":"category-mobilier-modulaire","12":"tag-design","13":"tag-marseille","14":"tag-modulable","15":"entry"},"featured_image_urls":{"full":["https:\/\/i0.wp.com\/www.joyana.fr\/wp-content\/uploads\/old\/B-TON-B-FLEX__2354.jpg?fit=576%2C582&ssl=1",576,582,false],"thumbnail":["https:\/\/i0.wp.com\/www.joyana.fr\/wp-content\/uploads\/old\/B-TON-B-FLEX__2354.jpg?resize=150%2C150&ssl=1",150,150,true],"medium":["https:\/\/i0.wp.com\/www.joyana.fr\/wp-content\/uploads\/old\/B-TON-B-FLEX__2354.jpg?fit=385%2C389&ssl=1",385,389,true],"medium_large":["https:\/\/i0.wp.com\/www.joyana.fr\/wp-content\/uploads\/old\/B-TON-B-FLEX__2354.jpg?fit=576%2C582&ssl=1",576,582,true],"large":["https:\/\/i0.wp.com\/www.joyana.fr\/wp-content\/uploads\/old\/B-TON-B-FLEX__2354.jpg?fit=576%2C582&ssl=1",576,582,true],"1536x1536":["https:\/\/i0.wp.com\/www.joyana.fr\/wp-content\/uploads\/old\/B-TON-B-FLEX__2354.jpg?fit=576%2C582&ssl=1",576,582,true],"2048x2048":["https:\/\/i0.wp.com\/www.joyana.fr\/wp-content\/uploads\/old\/B-TON-B-FLEX__2354.jpg?fit=576%2C582&ssl=1",576,582,true],"featured-thumb":["https:\/\/i0.wp.com\/www.joyana.fr\/wp-content\/uploads\/old\/B-TON-B-FLEX__2354.jpg?resize=576%2C582&ssl=1",576,582,true],"ab-block-post-grid-landscape":["https:\/\/i0.wp.com\/www.joyana.fr\/wp-content\/uploads\/old\/B-TON-B-FLEX__2354.jpg?resize=576%2C400&ssl=1",576,400,true],"ab-block-post-grid-square":["https:\/\/i0.wp.com\/www.joyana.fr\/wp-content\/uploads\/old\/B-TON-B-FLEX__2354.jpg?resize=576%2C582&ssl=1",576,582,true],"author-pro-image":["https:\/\/i0.wp.com\/www.joyana.fr\/wp-content\/uploads\/old\/B-TON-B-FLEX__2354.jpg?resize=360%2C570&ssl=1",360,570,true],"slider":["https:\/\/i0.wp.com\/www.joyana.fr\/wp-content\/uploads\/old\/B-TON-B-FLEX__2354.jpg?resize=576%2C400&ssl=1",576,400,true],"woocommerce_thumbnail":["https:\/\/i0.wp.com\/www.joyana.fr\/wp-content\/uploads\/old\/B-TON-B-FLEX__2354.jpg?resize=450%2C450&ssl=1",450,450,true],"woocommerce_single":["https:\/\/i0.wp.com\/www.joyana.fr\/wp-content\/uploads\/old\/B-TON-B-FLEX__2354.jpg?fit=576%2C582&ssl=1",576,582,true],"woocommerce_gallery_thumbnail":["https:\/\/i0.wp.com\/www.joyana.fr\/wp-content\/uploads\/old\/B-TON-B-FLEX__2354.jpg?resize=180%2C180&ssl=1",180,180,true],"sow-carousel-default":["https:\/\/i0.wp.com\/www.joyana.fr\/wp-content\/uploads\/old\/B-TON-B-FLEX__2354.jpg?resize=272%2C182&ssl=1",272,182,true]},"post_excerpt_stackable":"<p>Marine Peyre pr\u00e9sentait lors de la derni\u00e8re \u00e9dition de Jardins, Jardin B.FLEX B.TON &#8211; la d\u00e9cli&hellip;<\/p>\n","category_list":"<a href=\"https:\/\/www.joyana.fr\/ja\/category\/deco-design\/mobilier\/assise\/\" rel=\"category tag\">Assise<\/a>, <a href=\"https:\/\/www.joyana.fr\/ja\/category\/deco-design\/mobilier\/assise\/canape\/\" rel=\"category tag\">Canap\u00e9<\/a>, <a href=\"https:\/\/www.joyana.fr\/ja\/category\/deco-design\/\" rel=\"category tag\">DECO-DESIGN<\/a>, <a href=\"https:\/\/www.joyana.fr\/ja\/category\/deco-design\/mobilier\/assise\/fauteuil\/\" rel=\"category tag\">Fauteuil<\/a>, <a href=\"https:\/\/www.joyana.fr\/ja\/category\/deco-design\/mobilier\/mobilier-modulaire\/\" rel=\"category tag\">Mobilier modulaire<\/a>","author_info":{"display_name":"Jo Yana","author_link":"https:\/\/www.joyana.fr\/ja\/author\/joyana\/"},"comments_num":"0 comments","featured_image_urls_v2":{"full":["https:\/\/i0.wp.com\/www.joyana.fr\/wp-content\/uploads\/old\/B-TON-B-FLEX__2354.jpg?fit=576%2C582&ssl=1",576,582,false],"thumbnail":["https:\/\/i0.wp.com\/www.joyana.fr\/wp-content\/uploads\/old\/B-TON-B-FLEX__2354.jpg?resize=150%2C150&ssl=1",150,150,true],"medium":["https:\/\/i0.wp.com\/www.joyana.fr\/wp-content\/uploads\/old\/B-TON-B-FLEX__2354.jpg?fit=385%2C389&ssl=1",385,389,true],"medium_large":["https:\/\/i0.wp.com\/www.joyana.fr\/wp-content\/uploads\/old\/B-TON-B-FLEX__2354.jpg?fit=576%2C582&ssl=1",576,582,true],"large":["https:\/\/i0.wp.com\/www.joyana.fr\/wp-content\/uploads\/old\/B-TON-B-FLEX__2354.jpg?fit=576%2C582&ssl=1",576,582,true],"1536x1536":["https:\/\/i0.wp.com\/www.joyana.fr\/wp-content\/uploads\/old\/B-TON-B-FLEX__2354.jpg?fit=576%2C582&ssl=1",576,582,true],"2048x2048":["https:\/\/i0.wp.com\/www.joyana.fr\/wp-content\/uploads\/old\/B-TON-B-FLEX__2354.jpg?fit=576%2C582&ssl=1",576,582,true],"featured-thumb":["https:\/\/i0.wp.com\/www.joyana.fr\/wp-content\/uploads\/old\/B-TON-B-FLEX__2354.jpg?resize=576%2C582&ssl=1",576,582,true],"ab-block-post-grid-landscape":["https:\/\/i0.wp.com\/www.joyana.fr\/wp-content\/uploads\/old\/B-TON-B-FLEX__2354.jpg?resize=576%2C400&ssl=1",576,400,true],"ab-block-post-grid-square":["https:\/\/i0.wp.com\/www.joyana.fr\/wp-content\/uploads\/old\/B-TON-B-FLEX__2354.jpg?resize=576%2C582&ssl=1",576,582,true],"author-pro-image":["https:\/\/i0.wp.com\/www.joyana.fr\/wp-content\/uploads\/old\/B-TON-B-FLEX__2354.jpg?resize=360%2C570&ssl=1",360,570,true],"slider":["https:\/\/i0.wp.com\/www.joyana.fr\/wp-content\/uploads\/old\/B-TON-B-FLEX__2354.jpg?resize=576%2C400&ssl=1",576,400,true],"woocommerce_thumbnail":["https:\/\/i0.wp.com\/www.joyana.fr\/wp-content\/uploads\/old\/B-TON-B-FLEX__2354.jpg?resize=450%2C450&ssl=1",450,450,true],"woocommerce_single":["https:\/\/i0.wp.com\/www.joyana.fr\/wp-content\/uploads\/old\/B-TON-B-FLEX__2354.jpg?fit=576%2C582&ssl=1",576,582,true],"woocommerce_gallery_thumbnail":["https:\/\/i0.wp.com\/www.joyana.fr\/wp-content\/uploads\/old\/B-TON-B-FLEX__2354.jpg?resize=180%2C180&ssl=1",180,180,true],"sow-carousel-default":["https:\/\/i0.wp.com\/www.joyana.fr\/wp-content\/uploads\/old\/B-TON-B-FLEX__2354.jpg?resize=272%2C182&ssl=1",272,182,true]},"post_excerpt_stackable_v2":"<p>Marine Peyre pr\u00e9sentait lors de la derni\u00e8re \u00e9dition de Jardins, Jardin B.FLEX B.TON &#8211; la d\u00e9cli&hellip;<\/p>\n","category_list_v2":"<a href=\"https:\/\/www.joyana.fr\/ja\/category\/deco-design\/mobilier\/assise\/\" rel=\"category tag\">Assise<\/a>, <a href=\"https:\/\/www.joyana.fr\/ja\/category\/deco-design\/mobilier\/assise\/canape\/\" rel=\"category tag\">Canap\u00e9<\/a>, <a href=\"https:\/\/www.joyana.fr\/ja\/category\/deco-design\/\" rel=\"category tag\">DECO-DESIGN<\/a>, <a href=\"https:\/\/www.joyana.fr\/ja\/category\/deco-design\/mobilier\/assise\/fauteuil\/\" rel=\"category tag\">Fauteuil<\/a>, <a href=\"https:\/\/www.joyana.fr\/ja\/category\/deco-design\/mobilier\/mobilier-modulaire\/\" rel=\"category tag\">Mobilier modulaire<\/a>","author_info_v2":{"name":"Jo Yana","url":"https:\/\/www.joyana.fr\/ja\/author\/joyana\/"},"comments_num_v2":"0 comments","yoast_head":"<!-- This site is optimized with the Yoast SEO plugin v26.8 - https:\/\/yoast.com\/product\/yoast-seo-wordpress\/ -->\n<title>B.FLEX B.TON par Marine PEYRE - JO YANA<\/title>\n<meta name=\"robots\" content=\"index, follow, max-snippet:-1, max-image-preview:large, max-video-preview:-1\" \/>\n<link rel=\"canonical\" href=\"https:\/\/www.joyana.fr\/ja\/b-flex-b-ton-par-marine-peyre\/106906\/\" \/>\n<meta property=\"og:locale\" content=\"ja_JP\" \/>\n<meta property=\"og:locale:alternate\" content=\"fr_FR\" \/>\n<meta property=\"og:locale:alternate\" content=\"en_US\" \/>\n<meta property=\"og:type\" content=\"article\" \/>\n<meta property=\"og:title\" content=\"B.FLEX B.TON par Marine PEYRE - JO YANA\" \/>\n<meta property=\"og:description\" content=\"Marine Peyre pr\u00e9sentait lors de la derni\u00e8re \u00e9dition de Jardins, Jardin B.FLEX B.TON &#8211; la d\u00e9clinaison b\u00e9t [&hellip;]\" \/>\n<meta property=\"og:url\" content=\"https:\/\/www.joyana.fr\/ja\/b-flex-b-ton-par-marine-peyre\/106906\/\" \/>\n<meta property=\"og:site_name\" content=\"JO YANA\" \/>\n<meta property=\"article:published_time\" content=\"2011-06-07T05:59:55+00:00\" \/>\n<meta property=\"og:image\" content=\"https:\/\/www.joyana.fr\/wp-content\/uploads\/old\/B-TON-B-FLEX__2354.jpg\" \/>\n\t<meta property=\"og:image:width\" content=\"576\" \/>\n\t<meta property=\"og:image:height\" content=\"582\" \/>\n\t<meta property=\"og:image:type\" content=\"image\/jpeg\" \/>\n<meta name=\"author\" content=\"Jo Yana\" \/>\n<meta name=\"twitter:card\" content=\"summary_large_image\" \/>\n<meta name=\"twitter:creator\" content=\"@Jo_Yana\" \/>\n<meta name=\"twitter:site\" content=\"@Jo_Yana\" \/>\n<meta name=\"twitter:label1\" content=\"\u57f7\u7b46\u8005\" \/>\n\t<meta name=\"twitter:data1\" content=\"Jo Yana\" \/>\n\t<meta name=\"twitter:label2\" content=\"\u63a8\u5b9a\u8aad\u307f\u53d6\u308a\u6642\u9593\" \/>\n\t<meta name=\"twitter:data2\" content=\"1\u5206\" \/>\n<script type=\"application\/ld+json\" class=\"yoast-schema-graph\">{\"@context\":\"https:\/\/schema.org\",\"@graph\":[{\"@type\":\"Article\",\"@id\":\"https:\/\/www.joyana.fr\/ja\/b-flex-b-ton-par-marine-peyre\/106906\/#article\",\"isPartOf\":{\"@id\":\"https:\/\/www.joyana.fr\/ja\/b-flex-b-ton-par-marine-peyre\/106906\/\"},\"author\":{\"name\":\"Jo Yana\",\"@id\":\"https:\/\/joyana.fr\/#\/schema\/person\/cf2a1ad12a27c12c21801075bf37407c\"},\"headline\":\"B.FLEX B.TON par Marine PEYRE\",\"datePublished\":\"2011-06-07T05:59:55+00:00\",\"mainEntityOfPage\":{\"@id\":\"https:\/\/www.joyana.fr\/ja\/b-flex-b-ton-par-marine-peyre\/106906\/\"},\"wordCount\":306,\"commentCount\":0,\"publisher\":{\"@id\":\"https:\/\/joyana.fr\/#\/schema\/person\/cf2a1ad12a27c12c21801075bf37407c\"},\"image\":{\"@id\":\"https:\/\/www.joyana.fr\/ja\/b-flex-b-ton-par-marine-peyre\/106906\/#primaryimage\"},\"thumbnailUrl\":\"https:\/\/i0.wp.com\/www.joyana.fr\/wp-content\/uploads\/old\/B-TON-B-FLEX__2354.jpg?fit=576%2C582&ssl=1\",\"keywords\":[\"DESIGN\",\"Marseille\",\"Modulable\"],\"articleSection\":[\"Assise\",\"Canap\u00e9\",\"DECO-DESIGN\",\"Fauteuil\",\"Mobilier modulaire\"],\"inLanguage\":\"ja\",\"potentialAction\":[{\"@type\":\"CommentAction\",\"name\":\"Comment\",\"target\":[\"https:\/\/www.joyana.fr\/ja\/b-flex-b-ton-par-marine-peyre\/106906\/#respond\"]}]},{\"@type\":\"WebPage\",\"@id\":\"https:\/\/www.joyana.fr\/ja\/b-flex-b-ton-par-marine-peyre\/106906\/\",\"url\":\"https:\/\/www.joyana.fr\/ja\/b-flex-b-ton-par-marine-peyre\/106906\/\",\"name\":\"B.FLEX B.TON par Marine PEYRE - JO YANA\",\"isPartOf\":{\"@id\":\"https:\/\/joyana.fr\/#website\"},\"primaryImageOfPage\":{\"@id\":\"https:\/\/www.joyana.fr\/ja\/b-flex-b-ton-par-marine-peyre\/106906\/#primaryimage\"},\"image\":{\"@id\":\"https:\/\/www.joyana.fr\/ja\/b-flex-b-ton-par-marine-peyre\/106906\/#primaryimage\"},\"thumbnailUrl\":\"https:\/\/i0.wp.com\/www.joyana.fr\/wp-content\/uploads\/old\/B-TON-B-FLEX__2354.jpg?fit=576%2C582&ssl=1\",\"datePublished\":\"2011-06-07T05:59:55+00:00\",\"breadcrumb\":{\"@id\":\"https:\/\/www.joyana.fr\/ja\/b-flex-b-ton-par-marine-peyre\/106906\/#breadcrumb\"},\"inLanguage\":\"ja\",\"potentialAction\":[{\"@type\":\"ReadAction\",\"target\":[\"https:\/\/www.joyana.fr\/ja\/b-flex-b-ton-par-marine-peyre\/106906\/\"]}]},{\"@type\":\"ImageObject\",\"inLanguage\":\"ja\",\"@id\":\"https:\/\/www.joyana.fr\/ja\/b-flex-b-ton-par-marine-peyre\/106906\/#primaryimage\",\"url\":\"https:\/\/i0.wp.com\/www.joyana.fr\/wp-content\/uploads\/old\/B-TON-B-FLEX__2354.jpg?fit=576%2C582&ssl=1\",\"contentUrl\":\"https:\/\/i0.wp.com\/www.joyana.fr\/wp-content\/uploads\/old\/B-TON-B-FLEX__2354.jpg?fit=576%2C582&ssl=1\",\"width\":576,\"height\":582},{\"@type\":\"BreadcrumbList\",\"@id\":\"https:\/\/www.joyana.fr\/ja\/b-flex-b-ton-par-marine-peyre\/106906\/#breadcrumb\",\"itemListElement\":[{\"@type\":\"ListItem\",\"position\":1,\"name\":\"Accueil\",\"item\":\"https:\/\/joyana.fr\/\"},{\"@type\":\"ListItem\",\"position\":2,\"name\":\"B.FLEX B.TON par Marine PEYRE\"}]},{\"@type\":\"WebSite\",\"@id\":\"https:\/\/joyana.fr\/#website\",\"url\":\"https:\/\/joyana.fr\/\",\"name\":\"JO YANA\",\"description\":\"Blog Mode Homme, Lifestyle, D\u00e9co-Design\",\"publisher\":{\"@id\":\"https:\/\/joyana.fr\/#\/schema\/person\/cf2a1ad12a27c12c21801075bf37407c\"},\"potentialAction\":[{\"@type\":\"SearchAction\",\"target\":{\"@type\":\"EntryPoint\",\"urlTemplate\":\"https:\/\/joyana.fr\/?s={search_term_string}\"},\"query-input\":{\"@type\":\"PropertyValueSpecification\",\"valueRequired\":true,\"valueName\":\"search_term_string\"}}],\"inLanguage\":\"ja\"},{\"@type\":[\"Person\",\"Organization\"],\"@id\":\"https:\/\/joyana.fr\/#\/schema\/person\/cf2a1ad12a27c12c21801075bf37407c\",\"name\":\"Jo Yana\",\"image\":{\"@type\":\"ImageObject\",\"inLanguage\":\"ja\",\"@id\":\"https:\/\/joyana.fr\/#\/schema\/person\/image\/\",\"url\":\"https:\/\/i0.wp.com\/www.joyana.fr\/wp-content\/uploads\/2016\/08\/cropped-joyana-logo-black-360x180.png?fit=343%2C164&ssl=1\",\"contentUrl\":\"https:\/\/i0.wp.com\/www.joyana.fr\/wp-content\/uploads\/2016\/08\/cropped-joyana-logo-black-360x180.png?fit=343%2C164&ssl=1\",\"width\":343,\"height\":164,\"caption\":\"Jo Yana\"},\"logo\":{\"@id\":\"https:\/\/joyana.fr\/#\/schema\/person\/image\/\"},\"description\":\"Jo Yana est le cr\u00e9ateur et r\u00e9dacteur en chef des sites DECO-DESIGN. Passionn\u00e9 de Design, Mode, Photo, Luxe, Lifestyle, Musique, mais avant tout Blogueur ! Le plaisir de partager l'anime et a comme devise \\\"POUR L'AMOUR DU BEAU\\\". Retrouvez le aussi sur son blog personnel - https:\/\/joyana.fr...\",\"sameAs\":[\"https:\/\/joyana.fr\/\"],\"url\":\"https:\/\/www.joyana.fr\/ja\/author\/joyana\/\"}]}<\/script>\n<!-- \/ Yoast SEO plugin. -->","yoast_head_json":{"title":"B.FLEX B.TON par Marine PEYRE - JO YANA","robots":{"index":"index","follow":"follow","max-snippet":"max-snippet:-1","max-image-preview":"max-image-preview:large","max-video-preview":"max-video-preview:-1"},"canonical":"https:\/\/www.joyana.fr\/ja\/b-flex-b-ton-par-marine-peyre\/106906\/","og_locale":"ja_JP","og_type":"article","og_title":"B.FLEX B.TON par Marine PEYRE - JO YANA","og_description":"Marine Peyre pr\u00e9sentait lors de la derni\u00e8re \u00e9dition de Jardins, Jardin B.FLEX B.TON &#8211; la d\u00e9clinaison b\u00e9t [&hellip;]","og_url":"https:\/\/www.joyana.fr\/ja\/b-flex-b-ton-par-marine-peyre\/106906\/","og_site_name":"JO YANA","article_published_time":"2011-06-07T05:59:55+00:00","og_image":[{"width":576,"height":582,"url":"https:\/\/www.joyana.fr\/wp-content\/uploads\/old\/B-TON-B-FLEX__2354.jpg","type":"image\/jpeg"}],"author":"Jo Yana","twitter_card":"summary_large_image","twitter_creator":"@Jo_Yana","twitter_site":"@Jo_Yana","twitter_misc":{"\u57f7\u7b46\u8005":"Jo Yana","\u63a8\u5b9a\u8aad\u307f\u53d6\u308a\u6642\u9593":"1\u5206"},"schema":{"@context":"https:\/\/schema.org","@graph":[{"@type":"Article","@id":"https:\/\/www.joyana.fr\/ja\/b-flex-b-ton-par-marine-peyre\/106906\/#article","isPartOf":{"@id":"https:\/\/www.joyana.fr\/ja\/b-flex-b-ton-par-marine-peyre\/106906\/"},"author":{"name":"Jo Yana","@id":"https:\/\/joyana.fr\/#\/schema\/person\/cf2a1ad12a27c12c21801075bf37407c"},"headline":"B.FLEX B.TON par Marine PEYRE","datePublished":"2011-06-07T05:59:55+00:00","mainEntityOfPage":{"@id":"https:\/\/www.joyana.fr\/ja\/b-flex-b-ton-par-marine-peyre\/106906\/"},"wordCount":306,"commentCount":0,"publisher":{"@id":"https:\/\/joyana.fr\/#\/schema\/person\/cf2a1ad12a27c12c21801075bf37407c"},"image":{"@id":"https:\/\/www.joyana.fr\/ja\/b-flex-b-ton-par-marine-peyre\/106906\/#primaryimage"},"thumbnailUrl":"https:\/\/i0.wp.com\/www.joyana.fr\/wp-content\/uploads\/old\/B-TON-B-FLEX__2354.jpg?fit=576%2C582&ssl=1","keywords":["DESIGN","Marseille","Modulable"],"articleSection":["Assise","Canap\u00e9","DECO-DESIGN","Fauteuil","Mobilier modulaire"],"inLanguage":"ja","potentialAction":[{"@type":"CommentAction","name":"Comment","target":["https:\/\/www.joyana.fr\/ja\/b-flex-b-ton-par-marine-peyre\/106906\/#respond"]}]},{"@type":"WebPage","@id":"https:\/\/www.joyana.fr\/ja\/b-flex-b-ton-par-marine-peyre\/106906\/","url":"https:\/\/www.joyana.fr\/ja\/b-flex-b-ton-par-marine-peyre\/106906\/","name":"B.FLEX B.TON par Marine PEYRE - JO YANA","isPartOf":{"@id":"https:\/\/joyana.fr\/#website"},"primaryImageOfPage":{"@id":"https:\/\/www.joyana.fr\/ja\/b-flex-b-ton-par-marine-peyre\/106906\/#primaryimage"},"image":{"@id":"https:\/\/www.joyana.fr\/ja\/b-flex-b-ton-par-marine-peyre\/106906\/#primaryimage"},"thumbnailUrl":"https:\/\/i0.wp.com\/www.joyana.fr\/wp-content\/uploads\/old\/B-TON-B-FLEX__2354.jpg?fit=576%2C582&ssl=1","datePublished":"2011-06-07T05:59:55+00:00","breadcrumb":{"@id":"https:\/\/www.joyana.fr\/ja\/b-flex-b-ton-par-marine-peyre\/106906\/#breadcrumb"},"inLanguage":"ja","potentialAction":[{"@type":"ReadAction","target":["https:\/\/www.joyana.fr\/ja\/b-flex-b-ton-par-marine-peyre\/106906\/"]}]},{"@type":"ImageObject","inLanguage":"ja","@id":"https:\/\/www.joyana.fr\/ja\/b-flex-b-ton-par-marine-peyre\/106906\/#primaryimage","url":"https:\/\/i0.wp.com\/www.joyana.fr\/wp-content\/uploads\/old\/B-TON-B-FLEX__2354.jpg?fit=576%2C582&ssl=1","contentUrl":"https:\/\/i0.wp.com\/www.joyana.fr\/wp-content\/uploads\/old\/B-TON-B-FLEX__2354.jpg?fit=576%2C582&ssl=1","width":576,"height":582},{"@type":"BreadcrumbList","@id":"https:\/\/www.joyana.fr\/ja\/b-flex-b-ton-par-marine-peyre\/106906\/#breadcrumb","itemListElement":[{"@type":"ListItem","position":1,"name":"Accueil","item":"https:\/\/joyana.fr\/"},{"@type":"ListItem","position":2,"name":"B.FLEX B.TON par Marine PEYRE"}]},{"@type":"WebSite","@id":"https:\/\/joyana.fr\/#website","url":"https:\/\/joyana.fr\/","name":"JO YANA","description":"Blog Mode Homme, Lifestyle, D\u00e9co-Design","publisher":{"@id":"https:\/\/joyana.fr\/#\/schema\/person\/cf2a1ad12a27c12c21801075bf37407c"},"potentialAction":[{"@type":"SearchAction","target":{"@type":"EntryPoint","urlTemplate":"https:\/\/joyana.fr\/?s={search_term_string}"},"query-input":{"@type":"PropertyValueSpecification","valueRequired":true,"valueName":"search_term_string"}}],"inLanguage":"ja"},{"@type":["Person","Organization"],"@id":"https:\/\/joyana.fr\/#\/schema\/person\/cf2a1ad12a27c12c21801075bf37407c","name":"Jo Yana","image":{"@type":"ImageObject","inLanguage":"ja","@id":"https:\/\/joyana.fr\/#\/schema\/person\/image\/","url":"https:\/\/i0.wp.com\/www.joyana.fr\/wp-content\/uploads\/2016\/08\/cropped-joyana-logo-black-360x180.png?fit=343%2C164&ssl=1","contentUrl":"https:\/\/i0.wp.com\/www.joyana.fr\/wp-content\/uploads\/2016\/08\/cropped-joyana-logo-black-360x180.png?fit=343%2C164&ssl=1","width":343,"height":164,"caption":"Jo Yana"},"logo":{"@id":"https:\/\/joyana.fr\/#\/schema\/person\/image\/"},"description":"Jo Yana est le cr\u00e9ateur et r\u00e9dacteur en chef des sites DECO-DESIGN. Passionn\u00e9 de Design, Mode, Photo, Luxe, Lifestyle, Musique, mais avant tout Blogueur ! Le plaisir de partager l'anime et a comme devise \"POUR L'AMOUR DU BEAU\". Retrouvez le aussi sur son blog personnel - https:\/\/joyana.fr...","sameAs":["https:\/\/joyana.fr\/"],"url":"https:\/\/www.joyana.fr\/ja\/author\/joyana\/"}]}},"author_meta":{"display_name":"Jo Yana","author_link":"https:\/\/www.joyana.fr\/ja\/author\/joyana\/"},"featured_img":"https:\/\/i0.wp.com\/www.joyana.fr\/wp-content\/uploads\/old\/B-TON-B-FLEX__2354.jpg?fit=385%2C389&ssl=1","featured_image_src":"https:\/\/i0.wp.com\/www.joyana.fr\/wp-content\/uploads\/old\/B-TON-B-FLEX__2354.jpg?resize=576%2C400&ssl=1","featured_image_src_square":"https:\/\/i0.wp.com\/www.joyana.fr\/wp-content\/uploads\/old\/B-TON-B-FLEX__2354.jpg?resize=576%2C582&ssl=1","jetpack_featured_media_url":"https:\/\/i0.wp.com\/www.joyana.fr\/wp-content\/uploads\/old\/B-TON-B-FLEX__2354.jpg?fit=576%2C582&ssl=1","uagb_featured_image_src":{"full":["https:\/\/i0.wp.com\/www.joyana.fr\/wp-content\/uploads\/old\/B-TON-B-FLEX__2354.jpg?fit=576%2C582&ssl=1",576,582,false],"thumbnail":["https:\/\/i0.wp.com\/www.joyana.fr\/wp-content\/uploads\/old\/B-TON-B-FLEX__2354.jpg?resize=150%2C150&ssl=1",150,150,true],"medium":["https:\/\/i0.wp.com\/www.joyana.fr\/wp-content\/uploads\/old\/B-TON-B-FLEX__2354.jpg?fit=385%2C389&ssl=1",385,389,true],"medium_large":["https:\/\/i0.wp.com\/www.joyana.fr\/wp-content\/uploads\/old\/B-TON-B-FLEX__2354.jpg?fit=576%2C582&ssl=1",576,582,true],"large":["https:\/\/i0.wp.com\/www.joyana.fr\/wp-content\/uploads\/old\/B-TON-B-FLEX__2354.jpg?fit=576%2C582&ssl=1",576,582,true],"1536x1536":["https:\/\/i0.wp.com\/www.joyana.fr\/wp-content\/uploads\/old\/B-TON-B-FLEX__2354.jpg?fit=576%2C582&ssl=1",576,582,true],"2048x2048":["https:\/\/i0.wp.com\/www.joyana.fr\/wp-content\/uploads\/old\/B-TON-B-FLEX__2354.jpg?fit=576%2C582&ssl=1",576,582,true],"featured-thumb":["https:\/\/i0.wp.com\/www.joyana.fr\/wp-content\/uploads\/old\/B-TON-B-FLEX__2354.jpg?resize=576%2C582&ssl=1",576,582,true],"ab-block-post-grid-landscape":["https:\/\/i0.wp.com\/www.joyana.fr\/wp-content\/uploads\/old\/B-TON-B-FLEX__2354.jpg?resize=576%2C400&ssl=1",576,400,true],"ab-block-post-grid-square":["https:\/\/i0.wp.com\/www.joyana.fr\/wp-content\/uploads\/old\/B-TON-B-FLEX__2354.jpg?resize=576%2C582&ssl=1",576,582,true],"author-pro-image":["https:\/\/i0.wp.com\/www.joyana.fr\/wp-content\/uploads\/old\/B-TON-B-FLEX__2354.jpg?resize=360%2C570&ssl=1",360,570,true],"slider":["https:\/\/i0.wp.com\/www.joyana.fr\/wp-content\/uploads\/old\/B-TON-B-FLEX__2354.jpg?resize=576%2C400&ssl=1",576,400,true],"woocommerce_thumbnail":["https:\/\/i0.wp.com\/www.joyana.fr\/wp-content\/uploads\/old\/B-TON-B-FLEX__2354.jpg?resize=450%2C450&ssl=1",450,450,true],"woocommerce_single":["https:\/\/i0.wp.com\/www.joyana.fr\/wp-content\/uploads\/old\/B-TON-B-FLEX__2354.jpg?fit=576%2C582&ssl=1",576,582,true],"woocommerce_gallery_thumbnail":["https:\/\/i0.wp.com\/www.joyana.fr\/wp-content\/uploads\/old\/B-TON-B-FLEX__2354.jpg?resize=180%2C180&ssl=1",180,180,true],"sow-carousel-default":["https:\/\/i0.wp.com\/www.joyana.fr\/wp-content\/uploads\/old\/B-TON-B-FLEX__2354.jpg?resize=272%2C182&ssl=1",272,182,true]},"uagb_author_info":{"display_name":"Jo Yana","author_link":"https:\/\/www.joyana.fr\/ja\/author\/joyana\/"},"uagb_comment_info":0,"uagb_excerpt":"Marine Peyre pr\u00e9sentait lors de la derni\u00e8re \u00e9dition de &hellip;","coauthors":[],"tax_additional":{"categories":{"linked":["<a href=\"https:\/\/www.joyana.fr\/ja\/category\/deco-design\/mobilier\/assise\/\" class=\"advgb-post-tax-term\">Assise<\/a>","<a href=\"https:\/\/www.joyana.fr\/ja\/category\/deco-design\/mobilier\/assise\/canape\/\" class=\"advgb-post-tax-term\">Canap\u00e9<\/a>","<a href=\"https:\/\/www.joyana.fr\/ja\/category\/deco-design\/\" class=\"advgb-post-tax-term\">DECO-DESIGN<\/a>","<a href=\"https:\/\/www.joyana.fr\/ja\/category\/deco-design\/mobilier\/assise\/fauteuil\/\" class=\"advgb-post-tax-term\">Fauteuil<\/a>","<a href=\"https:\/\/www.joyana.fr\/ja\/category\/deco-design\/mobilier\/mobilier-modulaire\/\" class=\"advgb-post-tax-term\">Mobilier modulaire<\/a>"],"unlinked":["<span class=\"advgb-post-tax-term\">Assise<\/span>","<span class=\"advgb-post-tax-term\">Canap\u00e9<\/span>","<span class=\"advgb-post-tax-term\">DECO-DESIGN<\/span>","<span class=\"advgb-post-tax-term\">Fauteuil<\/span>","<span class=\"advgb-post-tax-term\">Mobilier modulaire<\/span>"]},"tags":{"linked":["<a href=\"https:\/\/www.joyana.fr\/ja\/category\/deco-design\/mobilier\/mobilier-modulaire\/\" class=\"advgb-post-tax-term\">DESIGN<\/a>","<a href=\"https:\/\/www.joyana.fr\/ja\/category\/deco-design\/mobilier\/mobilier-modulaire\/\" class=\"advgb-post-tax-term\">Marseille<\/a>","<a href=\"https:\/\/www.joyana.fr\/ja\/category\/deco-design\/mobilier\/mobilier-modulaire\/\" class=\"advgb-post-tax-term\">Modulable<\/a>"],"unlinked":["<span class=\"advgb-post-tax-term\">DESIGN<\/span>","<span class=\"advgb-post-tax-term\">Marseille<\/span>","<span class=\"advgb-post-tax-term\">Modulable<\/span>"]}},"comment_count":0,"relative_dates":{"created":"Posted 15\u5e74 ago","modified":"Updated 15\u5e74 ago"},"absolute_dates":{"created":"Posted on 7 6\u6708 2011","modified":"Updated on 7 6\u6708 2011"},"absolute_dates_time":{"created":"Posted on 7 6\u6708 2011 6:59","modified":"Updated on 7 6\u6708 2011 6:59"},"featured_img_caption":"","series_order":"","jetpack_sharing_enabled":true,"jetpack_shortlink":"https:\/\/wp.me\/p9bteI-rOi","jetpack-related-posts":[],"_links":{"self":[{"href":"https:\/\/www.joyana.fr\/ja\/wp-json\/wp\/v2\/posts\/106906","targetHints":{"allow":["GET"]}}],"collection":[{"href":"https:\/\/www.joyana.fr\/ja\/wp-json\/wp\/v2\/posts"}],"about":[{"href":"https:\/\/www.joyana.fr\/ja\/wp-json\/wp\/v2\/types\/post"}],"author":[{"embeddable":true,"href":"https:\/\/www.joyana.fr\/ja\/wp-json\/wp\/v2\/users\/3"}],"replies":[{"embeddable":true,"href":"https:\/\/www.joyana.fr\/ja\/wp-json\/wp\/v2\/comments?post=106906"}],"version-history":[{"count":0,"href":"https:\/\/www.joyana.fr\/ja\/wp-json\/wp\/v2\/posts\/106906\/revisions"}],"wp:featuredmedia":[{"embeddable":true,"href":"https:\/\/www.joyana.fr\/ja\/wp-json\/wp\/v2\/media\/106913"}],"wp:attachment":[{"href":"https:\/\/www.joyana.fr\/ja\/wp-json\/wp\/v2\/media?parent=106906"}],"wp:term":[{"taxonomy":"category","embeddable":true,"href":"https:\/\/www.joyana.fr\/ja\/wp-json\/wp\/v2\/categories?post=106906"},{"taxonomy":"post_tag","embeddable":true,"href":"https:\/\/www.joyana.fr\/ja\/wp-json\/wp\/v2\/tags?post=106906"}],"curies":[{"name":"wp","href":"https:\/\/api.w.org\/{rel}","templated":true}]}}