{"id":105732,"date":"2011-01-26T13:44:45","date_gmt":"2011-01-26T12:44:45","guid":{"rendered":"https:\/\/joyana.fr\/?p=5732"},"modified":"2011-01-26T13:44:45","modified_gmt":"2011-01-26T12:44:45","slug":"interview-ora-ito-stepevi-tapis","status":"publish","type":"post","link":"https:\/\/www.joyana.fr\/ja\/interview-ora-ito-stepevi-tapis\/105732\/","title":{"rendered":"MAISON &#038; OBJET 2011 : Interview ORA \u00cfTO"},"content":{"rendered":"<p>A l&#8217;occasion du salon <a title=\"MAISON ET OBJET\" href=\"https:\/\/joyana.fr\/category\/actualite\/salon\/maison-et-objet\/\"><strong>Maison &#038; Objet 2011<\/strong><\/a>, <strong>STEPEVI<\/strong> pr\u00e9sentait sa collection de <strong>tapis PARQUET<\/strong>, dessin\u00e9e par <a title=\"ORA \u00cfTO\" href=\"https:\/\/joyana.fr\/category\/designer\/ora-ito\/\"><strong>Ora \u00cfto<\/strong><\/a> &#8211; qui a gentiment accept\u00e9 de r\u00e9pondre \u00e0 quelques questions&#8230;<\/p>\n<p><img data-recalc-dims=\"1\" fetchpriority=\"high\" decoding=\"async\" class=\"alignnone size-full wp-image-5741\" title=\"ORA ITO STEPEVI tapis INTERVIEW MAISON ET OBJET 2011 \" src=\"https:\/\/i0.wp.com\/joyana.fr\/wp-content\/uploads\/ORA-ITO-STEPEVI_TAPIS_INTERVIEW.jpg?resize=576%2C878&#038;ssl=1\" alt=\"\" width=\"576\" height=\"878\" \/><\/p>\n<h1 style=\"text-align: center;\"><span style=\"color: #000000;\">.<\/span><\/h1>\n<h1 style=\"text-align: center;\">INTERVIEW ORA \u00cfTO :<\/h1>\n<p><span style=\"color: #ea1495;\">&#8211; Votre travail se partage entre design et architecture. Avez vous une pr\u00e9f\u00e9rence, comment se partage votre activit\u00e9 aujourd&#8217;hui ???<\/span><\/p>\n<p><em>&#8211; Elle ne se partage pas elle est en fusion permanente, mais effectivement il y a diff\u00e9rents d\u00e9partements, dont l&#8217;architecture, design, design transport, design mobilier, accessoires&#8230; Et une partie exp\u00e9rimentale qui peut \u00eatre consid\u00e9r\u00e9e comme de l&#8217;art, qui suscite a faire des objets en \u00e9ditions limit\u00e9s, ou du moins qui ne n\u00e9cessite pas une industrialisation.<\/em><\/p>\n<p><span style=\"color: #ea1495;\">&#8211; Comment avec toutes les sollicitations, choisissez vous de travailler avec une marque ???<\/span><\/p>\n<p><em>&#8211; Je prends les meilleurs !!! Dans leur domaine, qui ont une l\u00e9gitimit\u00e9, un savoir faire, une histoire. L\u00e0 par exemple on est dans les tapis, et ils ne font que des tapis, quand je fais Guerlain ils ne font que des parfums, quand je fais Christofle ils ne font que de l&#8217;art de la table, donc c&#8217;est \u00e0 chaque fois des marques qui ont un vrai savoir-faire, qui ont une l\u00e9gitimit\u00e9 c&#8217;est important \u00e7a&#8230;<\/em><\/p>\n<p><span style=\"color: #ea1495;\">&#8211; Justement parlez nous de ces <strong>tapis<\/strong> que vous avez dessin\u00e9s pour la marque <strong>STEPEVI<\/strong>&#8230;<\/span><\/p>\n<p><em>&#8211; J&#8217;aurais pu en faire 200 des <strong>tapis<\/strong>, mais ce qui m&#8217;a vraiment int\u00e9ress\u00e9 avec ce projet c&#8217;est que ce tapis l\u00e0 c&#8217;est l&#8217;enfant de tous les tapis autour de vous, parce que ce sont les chutes des tapis qui le constituent. \u00c7a coute z\u00e9ro \u00e0 faire, c&#8217;est la la richesse de ce tapis car il ne co\u00fbte rien. L&#8217;id\u00e9e est plus forte que le prix&#8230; J&#8217;ai \u00e9t\u00e9 chercher dans les poubelles, j&#8217;ai vu des bandes, j&#8217;ai pris une bande, deux bandes, trois bandes&#8230; je les ai mises \u00e0 cot\u00e9 et forc\u00e9ment elles n&#8217;\u00e9taient pas de la m\u00eame largeur, longueur, de la m\u00eame couleur, et c&#8217;est ce qui a fait le charme de cette <strong>collection PARQUET<\/strong>&#8230;<\/em><\/p>\n<p><span style=\"color: #ea1495;\">&#8211; De notre cot\u00e9 nous avons appr\u00e9ci\u00e9 votre collaboration avec <a title=\"DUNLOPILLO\" href=\"https:\/\/joyana.fr\/canape-sofa-dunlopillo-par-ora-ito\/3715\/\">Dunlopillo<\/a>, quelles sont vos impressions par rapport \u00e0 cette collaboration ???<\/span><\/p>\n<p><em>&#8211; Je pense que c&#8217;est important dans le design de ne pas \u00eatre inaccessible, la beaut\u00e9 peut \u00eatre offerte \u00e0 tout le monde !!! Ce projet \u00e9tait doublement int\u00e9ressant car nous avons sauv\u00e9 une usine quand m\u00eame, car nous avons tout fait fabriquer en France l\u00e0 o\u00f9 tout le monde fait fabriquer en Chine tout en \u00e9tant comp\u00e9titif. On a montr\u00e9 qu&#8217;on peut justement \u00eatre comp\u00e9titif et fabriquer en France&#8230; De plus c&#8217;\u00e9tait original et \u00e7a a beaucoup plu&#8230;<\/em><\/p>\n<p><span style=\"color: #ea1495;\">&#8211; Envisagez vous de renouveler cette exp\u00e9rience du design &#8220;grand public&#8221; ???<\/span><\/p>\n<p><em>&#8211; Justement il y a une nouvelle collection avec Dunlopillo qui sera la trosi\u00e8me en fait ; et pourquoi pas si le sujet est int\u00e9ressant, moi je suis ouvert quand il y a une l\u00e9gitimit\u00e9 \u00e0 faire \u00e7a&#8230;<\/em><\/p>\n<p><span style=\"color: #ea1495;\">&#8211; Avez un designer dont vous admirez la carri\u00e8re ???<\/span><\/p>\n<p><em>&#8211; Oh il y en a plein, je pourrais en parler des heures&#8230; Il y a Eames, Panton, Paulin, Nelson, Bertoia&#8230;<\/em><\/p>\n<p><span style=\"color: #ea1495;\">&#8211; Et un objet culte ???<\/span><\/p>\n<p><em>&#8211; Le couteau suisse !!! Car on peut faire plein de trucs avec !!!<\/em><\/p>\n<p><span style=\"color: #ea1495;\">&#8211; Nous <a title=\"INTERVIEW KARIM RASHID\" href=\"https:\/\/joyana.fr\/store-velux-karim-rashid\/5581\/\">discutions avec Karim RASHID<\/a> derni\u00e8rement qui nous disait qu&#8217;il ne supportait plus le design seulement esth\u00e9tique, qu&#8217;il voulait un design utile et simple. De votre cot\u00e9 aujourd&#8217;hui le design doit \u00eatre au service de la forme ou de la fonction ???<\/span><\/p>\n<p><em>&#8211; Tout d\u00e9pend le contexte, la plupart du temps c&#8217;est la fonction qui est importante, mais des fois la fonction est inutilisable. Par exemple un pot de fleur la fonction c&#8217;est de mettre une plante dans un pot&#8230;<\/em><\/p>\n<p><span style=\"color: #ea1495;\">&#8211; Oui mais on peut avoir un pot avec arrosage automatique par exemple&#8230;<\/span><\/p>\n<p><em>&#8211; Oui mais la \u00e7a devient compliqu\u00e9, pourquoi pas, mais le charme d&#8217;un pot de fleur c&#8217;est de l&#8217;arroser sois-m\u00eame non ???<\/em><\/p>\n<p><span style=\"color: #ea1495;\">&#8211; Sur <strong>Maison &#038; Objet<\/strong> on entend souvent le mot &#8220;TENDANCE&#8221;. Quelles sont VOS tendances pour cette nouvelle ann\u00e9e ??? Arrive-t-on facilement \u00e0 cr\u00e9er sans suivre ces fameuses tendances ???<\/span><\/p>\n<p><em>&#8211; C&#8217;est un mot que je d\u00e9teste !!! C&#8217;est un mot qui ne va pas au design, qui va bien \u00e0 la mode, car c&#8217;est quelque chose qui s&#8217;ab\u00eeme, et par le fait que \u00e7a s&#8217;ab\u00eeme il y a un renouvellement obligatoire donc vient le mot tendance&#8230; Mais quand on ach\u00e8te un canap\u00e9 \u00e0 15 000 euros on ne change pas chaque ann\u00e9e, apr\u00e8s sur du mobilier accessible on peut envisager de changer de temps en temps mais bon&#8230; Dans le design, moi j&#8217;essaye de m&#8217;\u00e9carter de tout \u00e7a, je reste fid\u00e8le \u00e0 mes convictions, \u00e0 mon esth\u00e9tique, \u00e0 ce que je d\u00e9veloppe depuis des ann\u00e9es, et ma seule \u00e9volution c&#8217;est d&#8217;essayer d&#8217;\u00eatre meilleur dans mon propre style&#8230;<\/em><\/p>\n<p><span style=\"color: #ea1495;\">&#8211; Nous venons de visiter l&#8217;hotel SEVEN \u00e0 paris que nous avons ador\u00e9, notre petit doigt nous a dit que vous travaillez sur le projet h\u00f4tel O de la m\u00eame soci\u00e9t\u00e9 vous pouvez nous en dire plus ???<\/span><\/p>\n<p><em>&#8211; \u00c7a va \u00eatre tr\u00e8s sympa (rires) !!! C&#8217;est vraiment l&#8217;h\u00f4tel anti-concept, je veux juste qu&#8217;on soit bien dedans, d&#8217;avoir un bon oreiller, une bonne couette, un bon service, et qu&#8217;on se sente bien dans sa chambre, et qu&#8217;il soit a proximit\u00e9 de tout ce qu&#8217;il faut quand on vient quelques jours. Je ne suis pas all\u00e9 chercher beaucoup plus loin&#8230;<\/em><\/p>\n<p><span style=\"color: #ea1495;\">&#8211; Passons a votre personnalit\u00e9&#8230; Quels sont vos passions, vos loisirs, en dehors du design ??? Votre notori\u00e9t\u00e9 actuelle est-elle un avantage ???<\/span><\/p>\n<p><em>&#8211; Ma passion c&#8217;est ma vie, tout gravite autour de mon m\u00e9tier, je n&#8217;ai pas beaucoup de temps pour moi, je voyage tout le temps, il n&#8217;y a pas de fronti\u00e8re entre ma vie priv\u00e9e et mon travail. C&#8217;est une m\u00eame vie que j&#8217;appr\u00e9cie car elle me donne acc\u00e8s a des choses auxquelles j&#8217;aurais peut \u00eatre pas acc\u00e8s si je ne faisais pas ce m\u00e9tier. Ma notori\u00e9t\u00e9 me donne la possibilit\u00e9 de faire des rencontres magnifiques, des d\u00e9couvertes, de la connaissance, j&#8217;apprends tous les jours&#8230;<\/em><\/p>\n<p><span style=\"color: #ea1495;\">&#8211; Vous \u00eates n\u00e9 \u00e0 Marseille&#8230;<\/span><\/p>\n<p><em>&#8211; Il parait ouais&#8230;<\/em><\/p>\n<p><span style=\"color: #ea1495;\">&#8211; Vous suivez un peu l&#8217;actualit\u00e9 marseillaise, les designer marseillais&#8230;<\/span><\/p>\n<p><em>&#8211; Pas trop je dois l&#8217;avouer, mais j&#8217;investis et crois beaucoup en la ville, j&#8217;ai achet\u00e9 le toit de la cit\u00e9 radieuse pour en faire un centre d&#8217;art&#8230; J&#8217;esp\u00e8re que \u00e7a fera du bien \u00e0 la ville culturellement&#8230;<\/em><\/p>\n<p><span style=\"color: #ea1495;\">&#8211; Et une question pos\u00e9e par nos membres les plus int\u00e9ress\u00e9s&#8230; Avez vous une place vacante dans votre agence ???<\/span><\/p>\n<p><em>&#8211; Ouais (rires) il y a beaucoup de projets, beaucoup de boulot, donc pourquoi pas ouais<strong>.<\/strong><\/em><\/p>\n<p><em><strong><span style=\"color: #000000;\">.<\/span><br \/>\n<\/strong><\/em><\/p>\n<p><em><strong><img data-recalc-dims=\"1\" decoding=\"async\" class=\"alignnone size-full wp-image-5740\" title=\"ORA ITO STEPEVI tapis INTERVIEW MAISON ET OBJET 2011 \" src=\"https:\/\/i0.wp.com\/joyana.fr\/wp-content\/uploads\/ORA-ITO-STEPEVI_TAPIS_2.jpg?resize=576%2C357&#038;ssl=1\" alt=\"\" width=\"576\" height=\"357\" \/><\/strong><\/em><\/p>\n<p>Cette collection de <strong>tapis PARQUET<\/strong>, est le r\u00e9sultat de la col\u00adlab\u00ado\u00adra\u00adtion entre <strong>STEPEVI<\/strong> et <strong>Ora \u00cfto<\/strong>. Con\u00adstru\u00adits sur des jeux de lignes et de re\u00adliefs., ces nou\u00advelles cr\u00e9a\u00adtions sont \u00e9vo\u00adlu\u00adtives et r\u00e9interpr\u00e8tent les lames d\u2019un par\u00adquet d\u00e9\u00adcal\u00e9. Les ex\u00adten\u00adsions se plug\u00adgent \u00e0 l\u2019infi\u00adni pour se re\u00adnou\u00advel\u00ader en jouant sur des d\u00e9\u00adgrad\u00e9s de couleurs&#8230;<\/p>\n<p><em><strong><img data-recalc-dims=\"1\" decoding=\"async\" class=\"alignnone size-full wp-image-5738\" title=\"ORA ITO STEPEVI tapis INTERVIEW MAISON ET OBJET 2011 \" src=\"https:\/\/i0.wp.com\/joyana.fr\/wp-content\/uploads\/ORA-ITO-STEPEVI_4_TAPIS.jpg?resize=576%2C571&#038;ssl=1\" alt=\"\" width=\"576\" height=\"571\" \/><\/strong><\/em><\/p>\n<p><em><strong><img data-recalc-dims=\"1\" loading=\"lazy\" decoding=\"async\" class=\"alignnone size-full wp-image-5739\" title=\"ORA ITO STEPEVI tapis INTERVIEW MAISON ET OBJET 2011 \" src=\"https:\/\/i0.wp.com\/joyana.fr\/wp-content\/uploads\/ORA-ITO-STEPEVI_TAPIS.jpg?resize=576%2C618&#038;ssl=1\" alt=\"\" width=\"576\" height=\"618\" \/><\/strong><\/em><\/p>\n<p><em><strong><img data-recalc-dims=\"1\" loading=\"lazy\" decoding=\"async\" data-attachment-id=\"5737\" data-permalink=\"https:\/\/www.joyana.fr\/ja\/nike-air-max-camo-collection\/5718\/capture-decran-2013-06-27-a-11-29-44\/\" data-orig-file=\"https:\/\/i0.wp.com\/www.joyana.fr\/wp-content\/uploads\/2013\/06\/Capture-d%E2%80%99%C3%A9cran-2013-06-27-%C3%A0-11.29.44.png?fit=994%2C661&amp;ssl=1\" data-orig-size=\"994,661\" data-comments-opened=\"1\" data-image-meta=\"{&quot;aperture&quot;:&quot;0&quot;,&quot;credit&quot;:&quot;&quot;,&quot;camera&quot;:&quot;&quot;,&quot;caption&quot;:&quot;&quot;,&quot;created_timestamp&quot;:&quot;0&quot;,&quot;copyright&quot;:&quot;&quot;,&quot;focal_length&quot;:&quot;0&quot;,&quot;iso&quot;:&quot;0&quot;,&quot;shutter_speed&quot;:&quot;0&quot;,&quot;title&quot;:&quot;&quot;,&quot;orientation&quot;:&quot;0&quot;}\" data-image-title=\"NIKE Air Max Camo Collection \" data-image-description=\"&lt;p&gt;NIKE Air Max Camo Collection &lt;\/p&gt;\n\" data-image-caption=\"\" data-medium-file=\"https:\/\/i0.wp.com\/www.joyana.fr\/wp-content\/uploads\/2013\/06\/Capture-d%E2%80%99%C3%A9cran-2013-06-27-%C3%A0-11.29.44.png?fit=389%2C259&amp;ssl=1\" data-large-file=\"https:\/\/i0.wp.com\/www.joyana.fr\/wp-content\/uploads\/2013\/06\/Capture-d%E2%80%99%C3%A9cran-2013-06-27-%C3%A0-11.29.44.png?fit=994%2C661&amp;ssl=1\" class=\"alignnone size-full wp-image-5737\" title=\"ORA ITO STEPEVI tapis INTERVIEW MAISON ET OBJET 2011 \" src=\"https:\/\/i0.wp.com\/joyana.fr\/wp-content\/uploads\/ORA-ITO-STEPEVI_3.jpg?resize=576%2C526&#038;ssl=1\" alt=\"\" width=\"576\" height=\"526\" \/><\/strong><\/em><\/p>\n<p>En savoir + sur <a title=\"STEPEVI\" href=\"http:\/\/www.stepevi.com\/\"><strong>STEPEVI<\/strong><\/a> &#038; <a title=\"ORA \u00cfTO\" href=\"http:\/\/www.ora-ito.com\/\"><strong>Ora \u00cfTO<\/strong><\/a><\/p>\n<p>Voir d\u2019autres reportages sur <a title=\"MAISON &#038; OBJET 2011\" href=\"..\/maison-objet-2011-alessi-karim-rashid\/maison-et-objet-2011-janvier-septembre-maisonobjet\/5597\/\"><strong>MAISON &#038; OBJET 2011<\/strong><\/a>\u2026<\/p>\n","protected":false},"excerpt":{"rendered":"<p>A l&#8217;occasion du salon Maison &#038; Objet 2011, STEPEVI pr\u00e9sentait sa collection de tapis PARQUET, dessi [&hellip;]<\/p>\n","protected":false},"author":3,"featured_media":105741,"comment_status":"open","ping_status":"open","sticky":false,"template":"","format":"standard","meta":{"_coblocks_attr":"","_coblocks_dimensions":"","_coblocks_responsive_height":"","_coblocks_accordion_ie_support":"","_uag_custom_page_level_css":"","advgb_blocks_editor_width":"","advgb_blocks_columns_visual_guide":"","_genesis_hide_title":false,"_genesis_hide_breadcrumbs":false,"_genesis_hide_singular_image":false,"_genesis_hide_footer_widgets":false,"_genesis_custom_body_class":"","_genesis_custom_post_class":"","_genesis_layout":"","_themeisle_gutenberg_block_has_review":false,"_jetpack_newsletter_access":"","_jetpack_dont_email_post_to_subs":false,"_jetpack_newsletter_tier_id":0,"_jetpack_memberships_contains_paywalled_content":false,"_jetpack_memberships_contains_paid_content":false,"footnotes":""},"categories":[905,911,961,933,973],"tags":[78],"class_list":{"0":"post-105732","1":"post","2":"type-post","3":"status-publish","4":"format-standard","5":"has-post-thumbnail","7":"category-deco-design","8":"category-designer","9":"category-maison-et-objet","10":"category-ora-ito","11":"category-tapis","12":"tag-design","13":"entry"},"featured_image_urls":{"full":["https:\/\/i0.wp.com\/www.joyana.fr\/wp-content\/uploads\/old\/ORA-ITO-STEPEVI_TAPIS_INTERVIEW.jpg?fit=576%2C878&ssl=1",576,878,false],"thumbnail":["https:\/\/i0.wp.com\/www.joyana.fr\/wp-content\/uploads\/old\/ORA-ITO-STEPEVI_TAPIS_INTERVIEW.jpg?resize=150%2C150&ssl=1",150,150,true],"medium":["https:\/\/i0.wp.com\/www.joyana.fr\/wp-content\/uploads\/old\/ORA-ITO-STEPEVI_TAPIS_INTERVIEW.jpg?fit=255%2C389&ssl=1",255,389,true],"medium_large":["https:\/\/i0.wp.com\/www.joyana.fr\/wp-content\/uploads\/old\/ORA-ITO-STEPEVI_TAPIS_INTERVIEW.jpg?fit=576%2C878&ssl=1",576,878,true],"large":["https:\/\/i0.wp.com\/www.joyana.fr\/wp-content\/uploads\/old\/ORA-ITO-STEPEVI_TAPIS_INTERVIEW.jpg?fit=576%2C878&ssl=1",576,878,true],"1536x1536":["https:\/\/i0.wp.com\/www.joyana.fr\/wp-content\/uploads\/old\/ORA-ITO-STEPEVI_TAPIS_INTERVIEW.jpg?fit=576%2C878&ssl=1",576,878,true],"2048x2048":["https:\/\/i0.wp.com\/www.joyana.fr\/wp-content\/uploads\/old\/ORA-ITO-STEPEVI_TAPIS_INTERVIEW.jpg?fit=576%2C878&ssl=1",576,878,true],"featured-thumb":["https:\/\/i0.wp.com\/www.joyana.fr\/wp-content\/uploads\/old\/ORA-ITO-STEPEVI_TAPIS_INTERVIEW.jpg?resize=576%2C750&ssl=1",576,750,true],"ab-block-post-grid-landscape":["https:\/\/i0.wp.com\/www.joyana.fr\/wp-content\/uploads\/old\/ORA-ITO-STEPEVI_TAPIS_INTERVIEW.jpg?resize=576%2C400&ssl=1",576,400,true],"ab-block-post-grid-square":["https:\/\/i0.wp.com\/www.joyana.fr\/wp-content\/uploads\/old\/ORA-ITO-STEPEVI_TAPIS_INTERVIEW.jpg?resize=576%2C600&ssl=1",576,600,true],"author-pro-image":["https:\/\/i0.wp.com\/www.joyana.fr\/wp-content\/uploads\/old\/ORA-ITO-STEPEVI_TAPIS_INTERVIEW.jpg?resize=360%2C570&ssl=1",360,570,true],"slider":["https:\/\/i0.wp.com\/www.joyana.fr\/wp-content\/uploads\/old\/ORA-ITO-STEPEVI_TAPIS_INTERVIEW.jpg?resize=576%2C400&ssl=1",576,400,true],"woocommerce_thumbnail":["https:\/\/i0.wp.com\/www.joyana.fr\/wp-content\/uploads\/old\/ORA-ITO-STEPEVI_TAPIS_INTERVIEW.jpg?resize=450%2C450&ssl=1",450,450,true],"woocommerce_single":["https:\/\/i0.wp.com\/www.joyana.fr\/wp-content\/uploads\/old\/ORA-ITO-STEPEVI_TAPIS_INTERVIEW.jpg?fit=576%2C878&ssl=1",576,878,true],"woocommerce_gallery_thumbnail":["https:\/\/i0.wp.com\/www.joyana.fr\/wp-content\/uploads\/old\/ORA-ITO-STEPEVI_TAPIS_INTERVIEW.jpg?resize=180%2C180&ssl=1",180,180,true],"sow-carousel-default":["https:\/\/i0.wp.com\/www.joyana.fr\/wp-content\/uploads\/old\/ORA-ITO-STEPEVI_TAPIS_INTERVIEW.jpg?resize=272%2C182&ssl=1",272,182,true]},"post_excerpt_stackable":"<p>A l&#8217;occasion du salon Maison &#038; Objet 2011, STEPEVI pr\u00e9sentait sa collection de tapis PARQ&hellip;<\/p>\n","category_list":"<a href=\"https:\/\/www.joyana.fr\/ja\/category\/deco-design\/\" rel=\"category tag\">DECO-DESIGN<\/a>, <a href=\"https:\/\/www.joyana.fr\/ja\/category\/deco-design\/designer\/\" rel=\"category tag\">Designer<\/a>, <a href=\"https:\/\/www.joyana.fr\/ja\/category\/deco-design\/actualite\/salon\/maison-et-objet\/\" rel=\"category tag\">MAISON &amp; OBJET<\/a>, <a href=\"https:\/\/www.joyana.fr\/ja\/category\/deco-design\/designer\/ora-ito\/\" rel=\"category tag\">Ora \u00cfTO<\/a>, <a href=\"https:\/\/www.joyana.fr\/ja\/category\/deco-design\/decoration\/accessoires\/tapis\/\" rel=\"category tag\">Tapis<\/a>","author_info":{"display_name":"Jo Yana","author_link":"https:\/\/www.joyana.fr\/ja\/author\/joyana\/"},"comments_num":"29 comments","featured_image_urls_v2":{"full":["https:\/\/i0.wp.com\/www.joyana.fr\/wp-content\/uploads\/old\/ORA-ITO-STEPEVI_TAPIS_INTERVIEW.jpg?fit=576%2C878&ssl=1",576,878,false],"thumbnail":["https:\/\/i0.wp.com\/www.joyana.fr\/wp-content\/uploads\/old\/ORA-ITO-STEPEVI_TAPIS_INTERVIEW.jpg?resize=150%2C150&ssl=1",150,150,true],"medium":["https:\/\/i0.wp.com\/www.joyana.fr\/wp-content\/uploads\/old\/ORA-ITO-STEPEVI_TAPIS_INTERVIEW.jpg?fit=255%2C389&ssl=1",255,389,true],"medium_large":["https:\/\/i0.wp.com\/www.joyana.fr\/wp-content\/uploads\/old\/ORA-ITO-STEPEVI_TAPIS_INTERVIEW.jpg?fit=576%2C878&ssl=1",576,878,true],"large":["https:\/\/i0.wp.com\/www.joyana.fr\/wp-content\/uploads\/old\/ORA-ITO-STEPEVI_TAPIS_INTERVIEW.jpg?fit=576%2C878&ssl=1",576,878,true],"1536x1536":["https:\/\/i0.wp.com\/www.joyana.fr\/wp-content\/uploads\/old\/ORA-ITO-STEPEVI_TAPIS_INTERVIEW.jpg?fit=576%2C878&ssl=1",576,878,true],"2048x2048":["https:\/\/i0.wp.com\/www.joyana.fr\/wp-content\/uploads\/old\/ORA-ITO-STEPEVI_TAPIS_INTERVIEW.jpg?fit=576%2C878&ssl=1",576,878,true],"featured-thumb":["https:\/\/i0.wp.com\/www.joyana.fr\/wp-content\/uploads\/old\/ORA-ITO-STEPEVI_TAPIS_INTERVIEW.jpg?resize=576%2C750&ssl=1",576,750,true],"ab-block-post-grid-landscape":["https:\/\/i0.wp.com\/www.joyana.fr\/wp-content\/uploads\/old\/ORA-ITO-STEPEVI_TAPIS_INTERVIEW.jpg?resize=576%2C400&ssl=1",576,400,true],"ab-block-post-grid-square":["https:\/\/i0.wp.com\/www.joyana.fr\/wp-content\/uploads\/old\/ORA-ITO-STEPEVI_TAPIS_INTERVIEW.jpg?resize=576%2C600&ssl=1",576,600,true],"author-pro-image":["https:\/\/i0.wp.com\/www.joyana.fr\/wp-content\/uploads\/old\/ORA-ITO-STEPEVI_TAPIS_INTERVIEW.jpg?resize=360%2C570&ssl=1",360,570,true],"slider":["https:\/\/i0.wp.com\/www.joyana.fr\/wp-content\/uploads\/old\/ORA-ITO-STEPEVI_TAPIS_INTERVIEW.jpg?resize=576%2C400&ssl=1",576,400,true],"woocommerce_thumbnail":["https:\/\/i0.wp.com\/www.joyana.fr\/wp-content\/uploads\/old\/ORA-ITO-STEPEVI_TAPIS_INTERVIEW.jpg?resize=450%2C450&ssl=1",450,450,true],"woocommerce_single":["https:\/\/i0.wp.com\/www.joyana.fr\/wp-content\/uploads\/old\/ORA-ITO-STEPEVI_TAPIS_INTERVIEW.jpg?fit=576%2C878&ssl=1",576,878,true],"woocommerce_gallery_thumbnail":["https:\/\/i0.wp.com\/www.joyana.fr\/wp-content\/uploads\/old\/ORA-ITO-STEPEVI_TAPIS_INTERVIEW.jpg?resize=180%2C180&ssl=1",180,180,true],"sow-carousel-default":["https:\/\/i0.wp.com\/www.joyana.fr\/wp-content\/uploads\/old\/ORA-ITO-STEPEVI_TAPIS_INTERVIEW.jpg?resize=272%2C182&ssl=1",272,182,true]},"post_excerpt_stackable_v2":"<p>A l&#8217;occasion du salon Maison &#038; Objet 2011, STEPEVI pr\u00e9sentait sa collection de tapis PARQ&hellip;<\/p>\n","category_list_v2":"<a href=\"https:\/\/www.joyana.fr\/ja\/category\/deco-design\/\" rel=\"category tag\">DECO-DESIGN<\/a>, <a href=\"https:\/\/www.joyana.fr\/ja\/category\/deco-design\/designer\/\" rel=\"category tag\">Designer<\/a>, <a href=\"https:\/\/www.joyana.fr\/ja\/category\/deco-design\/actualite\/salon\/maison-et-objet\/\" rel=\"category tag\">MAISON &amp; OBJET<\/a>, <a href=\"https:\/\/www.joyana.fr\/ja\/category\/deco-design\/designer\/ora-ito\/\" rel=\"category tag\">Ora \u00cfTO<\/a>, <a href=\"https:\/\/www.joyana.fr\/ja\/category\/deco-design\/decoration\/accessoires\/tapis\/\" rel=\"category tag\">Tapis<\/a>","author_info_v2":{"name":"Jo Yana","url":"https:\/\/www.joyana.fr\/ja\/author\/joyana\/"},"comments_num_v2":"29 comments","yoast_head":"<!-- This site is optimized with the Yoast SEO plugin v26.8 - https:\/\/yoast.com\/product\/yoast-seo-wordpress\/ -->\n<title>MAISON &amp; OBJET 2011 : Interview ORA \u00cfTO - JO YANA<\/title>\n<meta name=\"robots\" content=\"index, follow, max-snippet:-1, max-image-preview:large, max-video-preview:-1\" \/>\n<link rel=\"canonical\" href=\"https:\/\/www.joyana.fr\/ja\/interview-ora-ito-stepevi-tapis\/105732\/\" \/>\n<meta property=\"og:locale\" content=\"ja_JP\" \/>\n<meta property=\"og:locale:alternate\" content=\"fr_FR\" \/>\n<meta property=\"og:locale:alternate\" content=\"en_US\" \/>\n<meta property=\"og:type\" content=\"article\" \/>\n<meta property=\"og:title\" content=\"MAISON &amp; OBJET 2011 : Interview ORA \u00cfTO - JO YANA\" \/>\n<meta property=\"og:description\" content=\"A l&#8217;occasion du salon Maison &amp; Objet 2011, STEPEVI pr\u00e9sentait sa collection de tapis PARQUET, dessi [&hellip;]\" \/>\n<meta property=\"og:url\" content=\"https:\/\/www.joyana.fr\/ja\/interview-ora-ito-stepevi-tapis\/105732\/\" \/>\n<meta property=\"og:site_name\" content=\"JO YANA\" \/>\n<meta property=\"article:published_time\" content=\"2011-01-26T12:44:45+00:00\" \/>\n<meta property=\"og:image\" content=\"https:\/\/www.joyana.fr\/wp-content\/uploads\/old\/ORA-ITO-STEPEVI_TAPIS_INTERVIEW.jpg\" \/>\n\t<meta property=\"og:image:width\" content=\"576\" \/>\n\t<meta property=\"og:image:height\" content=\"878\" \/>\n\t<meta property=\"og:image:type\" content=\"image\/jpeg\" \/>\n<meta name=\"author\" content=\"Jo Yana\" \/>\n<meta name=\"twitter:card\" content=\"summary_large_image\" \/>\n<meta name=\"twitter:creator\" content=\"@Jo_Yana\" \/>\n<meta name=\"twitter:site\" content=\"@Jo_Yana\" \/>\n<meta name=\"twitter:label1\" content=\"\u57f7\u7b46\u8005\" \/>\n\t<meta name=\"twitter:data1\" content=\"Jo Yana\" \/>\n\t<meta name=\"twitter:label2\" content=\"\u63a8\u5b9a\u8aad\u307f\u53d6\u308a\u6642\u9593\" \/>\n\t<meta name=\"twitter:data2\" content=\"6\u5206\" \/>\n<script type=\"application\/ld+json\" class=\"yoast-schema-graph\">{\"@context\":\"https:\/\/schema.org\",\"@graph\":[{\"@type\":\"Article\",\"@id\":\"https:\/\/www.joyana.fr\/ja\/interview-ora-ito-stepevi-tapis\/105732\/#article\",\"isPartOf\":{\"@id\":\"https:\/\/www.joyana.fr\/ja\/interview-ora-ito-stepevi-tapis\/105732\/\"},\"author\":{\"name\":\"Jo Yana\",\"@id\":\"https:\/\/joyana.fr\/#\/schema\/person\/cf2a1ad12a27c12c21801075bf37407c\"},\"headline\":\"MAISON &#038; OBJET 2011 : Interview ORA \u00cfTO\",\"datePublished\":\"2011-01-26T12:44:45+00:00\",\"mainEntityOfPage\":{\"@id\":\"https:\/\/www.joyana.fr\/ja\/interview-ora-ito-stepevi-tapis\/105732\/\"},\"wordCount\":1277,\"commentCount\":0,\"publisher\":{\"@id\":\"https:\/\/joyana.fr\/#\/schema\/person\/cf2a1ad12a27c12c21801075bf37407c\"},\"image\":{\"@id\":\"https:\/\/www.joyana.fr\/ja\/interview-ora-ito-stepevi-tapis\/105732\/#primaryimage\"},\"thumbnailUrl\":\"https:\/\/i0.wp.com\/www.joyana.fr\/wp-content\/uploads\/old\/ORA-ITO-STEPEVI_TAPIS_INTERVIEW.jpg?fit=576%2C878&ssl=1\",\"keywords\":[\"DESIGN\"],\"articleSection\":[\"DECO-DESIGN\",\"Designer\",\"MAISON &amp; OBJET\",\"Ora \u00cfTO\",\"Tapis\"],\"inLanguage\":\"ja\",\"potentialAction\":[{\"@type\":\"CommentAction\",\"name\":\"Comment\",\"target\":[\"https:\/\/www.joyana.fr\/ja\/interview-ora-ito-stepevi-tapis\/105732\/#respond\"]}]},{\"@type\":\"WebPage\",\"@id\":\"https:\/\/www.joyana.fr\/ja\/interview-ora-ito-stepevi-tapis\/105732\/\",\"url\":\"https:\/\/www.joyana.fr\/ja\/interview-ora-ito-stepevi-tapis\/105732\/\",\"name\":\"MAISON & OBJET 2011 : Interview ORA \u00cfTO - JO YANA\",\"isPartOf\":{\"@id\":\"https:\/\/joyana.fr\/#website\"},\"primaryImageOfPage\":{\"@id\":\"https:\/\/www.joyana.fr\/ja\/interview-ora-ito-stepevi-tapis\/105732\/#primaryimage\"},\"image\":{\"@id\":\"https:\/\/www.joyana.fr\/ja\/interview-ora-ito-stepevi-tapis\/105732\/#primaryimage\"},\"thumbnailUrl\":\"https:\/\/i0.wp.com\/www.joyana.fr\/wp-content\/uploads\/old\/ORA-ITO-STEPEVI_TAPIS_INTERVIEW.jpg?fit=576%2C878&ssl=1\",\"datePublished\":\"2011-01-26T12:44:45+00:00\",\"breadcrumb\":{\"@id\":\"https:\/\/www.joyana.fr\/ja\/interview-ora-ito-stepevi-tapis\/105732\/#breadcrumb\"},\"inLanguage\":\"ja\",\"potentialAction\":[{\"@type\":\"ReadAction\",\"target\":[\"https:\/\/www.joyana.fr\/ja\/interview-ora-ito-stepevi-tapis\/105732\/\"]}]},{\"@type\":\"ImageObject\",\"inLanguage\":\"ja\",\"@id\":\"https:\/\/www.joyana.fr\/ja\/interview-ora-ito-stepevi-tapis\/105732\/#primaryimage\",\"url\":\"https:\/\/i0.wp.com\/www.joyana.fr\/wp-content\/uploads\/old\/ORA-ITO-STEPEVI_TAPIS_INTERVIEW.jpg?fit=576%2C878&ssl=1\",\"contentUrl\":\"https:\/\/i0.wp.com\/www.joyana.fr\/wp-content\/uploads\/old\/ORA-ITO-STEPEVI_TAPIS_INTERVIEW.jpg?fit=576%2C878&ssl=1\",\"width\":576,\"height\":878},{\"@type\":\"BreadcrumbList\",\"@id\":\"https:\/\/www.joyana.fr\/ja\/interview-ora-ito-stepevi-tapis\/105732\/#breadcrumb\",\"itemListElement\":[{\"@type\":\"ListItem\",\"position\":1,\"name\":\"Accueil\",\"item\":\"https:\/\/joyana.fr\/\"},{\"@type\":\"ListItem\",\"position\":2,\"name\":\"MAISON &#038; OBJET 2011 : Interview ORA \u00cfTO\"}]},{\"@type\":\"WebSite\",\"@id\":\"https:\/\/joyana.fr\/#website\",\"url\":\"https:\/\/joyana.fr\/\",\"name\":\"JO YANA\",\"description\":\"Blog Mode Homme, Lifestyle, D\u00e9co-Design\",\"publisher\":{\"@id\":\"https:\/\/joyana.fr\/#\/schema\/person\/cf2a1ad12a27c12c21801075bf37407c\"},\"potentialAction\":[{\"@type\":\"SearchAction\",\"target\":{\"@type\":\"EntryPoint\",\"urlTemplate\":\"https:\/\/joyana.fr\/?s={search_term_string}\"},\"query-input\":{\"@type\":\"PropertyValueSpecification\",\"valueRequired\":true,\"valueName\":\"search_term_string\"}}],\"inLanguage\":\"ja\"},{\"@type\":[\"Person\",\"Organization\"],\"@id\":\"https:\/\/joyana.fr\/#\/schema\/person\/cf2a1ad12a27c12c21801075bf37407c\",\"name\":\"Jo Yana\",\"image\":{\"@type\":\"ImageObject\",\"inLanguage\":\"ja\",\"@id\":\"https:\/\/joyana.fr\/#\/schema\/person\/image\/\",\"url\":\"https:\/\/i0.wp.com\/www.joyana.fr\/wp-content\/uploads\/2016\/08\/cropped-joyana-logo-black-360x180.png?fit=343%2C164&ssl=1\",\"contentUrl\":\"https:\/\/i0.wp.com\/www.joyana.fr\/wp-content\/uploads\/2016\/08\/cropped-joyana-logo-black-360x180.png?fit=343%2C164&ssl=1\",\"width\":343,\"height\":164,\"caption\":\"Jo Yana\"},\"logo\":{\"@id\":\"https:\/\/joyana.fr\/#\/schema\/person\/image\/\"},\"description\":\"Jo Yana est le cr\u00e9ateur et r\u00e9dacteur en chef des sites DECO-DESIGN. Passionn\u00e9 de Design, Mode, Photo, Luxe, Lifestyle, Musique, mais avant tout Blogueur ! Le plaisir de partager l'anime et a comme devise \\\"POUR L'AMOUR DU BEAU\\\". Retrouvez le aussi sur son blog personnel - https:\/\/joyana.fr...\",\"sameAs\":[\"https:\/\/joyana.fr\/\"],\"url\":\"https:\/\/www.joyana.fr\/ja\/author\/joyana\/\"}]}<\/script>\n<!-- \/ Yoast SEO plugin. -->","yoast_head_json":{"title":"MAISON & OBJET 2011 : Interview ORA \u00cfTO - JO YANA","robots":{"index":"index","follow":"follow","max-snippet":"max-snippet:-1","max-image-preview":"max-image-preview:large","max-video-preview":"max-video-preview:-1"},"canonical":"https:\/\/www.joyana.fr\/ja\/interview-ora-ito-stepevi-tapis\/105732\/","og_locale":"ja_JP","og_type":"article","og_title":"MAISON & OBJET 2011 : Interview ORA \u00cfTO - JO YANA","og_description":"A l&#8217;occasion du salon Maison &#038; Objet 2011, STEPEVI pr\u00e9sentait sa collection de tapis PARQUET, dessi [&hellip;]","og_url":"https:\/\/www.joyana.fr\/ja\/interview-ora-ito-stepevi-tapis\/105732\/","og_site_name":"JO YANA","article_published_time":"2011-01-26T12:44:45+00:00","og_image":[{"width":576,"height":878,"url":"https:\/\/www.joyana.fr\/wp-content\/uploads\/old\/ORA-ITO-STEPEVI_TAPIS_INTERVIEW.jpg","type":"image\/jpeg"}],"author":"Jo Yana","twitter_card":"summary_large_image","twitter_creator":"@Jo_Yana","twitter_site":"@Jo_Yana","twitter_misc":{"\u57f7\u7b46\u8005":"Jo Yana","\u63a8\u5b9a\u8aad\u307f\u53d6\u308a\u6642\u9593":"6\u5206"},"schema":{"@context":"https:\/\/schema.org","@graph":[{"@type":"Article","@id":"https:\/\/www.joyana.fr\/ja\/interview-ora-ito-stepevi-tapis\/105732\/#article","isPartOf":{"@id":"https:\/\/www.joyana.fr\/ja\/interview-ora-ito-stepevi-tapis\/105732\/"},"author":{"name":"Jo Yana","@id":"https:\/\/joyana.fr\/#\/schema\/person\/cf2a1ad12a27c12c21801075bf37407c"},"headline":"MAISON &#038; OBJET 2011 : Interview ORA \u00cfTO","datePublished":"2011-01-26T12:44:45+00:00","mainEntityOfPage":{"@id":"https:\/\/www.joyana.fr\/ja\/interview-ora-ito-stepevi-tapis\/105732\/"},"wordCount":1277,"commentCount":0,"publisher":{"@id":"https:\/\/joyana.fr\/#\/schema\/person\/cf2a1ad12a27c12c21801075bf37407c"},"image":{"@id":"https:\/\/www.joyana.fr\/ja\/interview-ora-ito-stepevi-tapis\/105732\/#primaryimage"},"thumbnailUrl":"https:\/\/i0.wp.com\/www.joyana.fr\/wp-content\/uploads\/old\/ORA-ITO-STEPEVI_TAPIS_INTERVIEW.jpg?fit=576%2C878&ssl=1","keywords":["DESIGN"],"articleSection":["DECO-DESIGN","Designer","MAISON &amp; OBJET","Ora \u00cfTO","Tapis"],"inLanguage":"ja","potentialAction":[{"@type":"CommentAction","name":"Comment","target":["https:\/\/www.joyana.fr\/ja\/interview-ora-ito-stepevi-tapis\/105732\/#respond"]}]},{"@type":"WebPage","@id":"https:\/\/www.joyana.fr\/ja\/interview-ora-ito-stepevi-tapis\/105732\/","url":"https:\/\/www.joyana.fr\/ja\/interview-ora-ito-stepevi-tapis\/105732\/","name":"MAISON & OBJET 2011 : Interview ORA \u00cfTO - JO YANA","isPartOf":{"@id":"https:\/\/joyana.fr\/#website"},"primaryImageOfPage":{"@id":"https:\/\/www.joyana.fr\/ja\/interview-ora-ito-stepevi-tapis\/105732\/#primaryimage"},"image":{"@id":"https:\/\/www.joyana.fr\/ja\/interview-ora-ito-stepevi-tapis\/105732\/#primaryimage"},"thumbnailUrl":"https:\/\/i0.wp.com\/www.joyana.fr\/wp-content\/uploads\/old\/ORA-ITO-STEPEVI_TAPIS_INTERVIEW.jpg?fit=576%2C878&ssl=1","datePublished":"2011-01-26T12:44:45+00:00","breadcrumb":{"@id":"https:\/\/www.joyana.fr\/ja\/interview-ora-ito-stepevi-tapis\/105732\/#breadcrumb"},"inLanguage":"ja","potentialAction":[{"@type":"ReadAction","target":["https:\/\/www.joyana.fr\/ja\/interview-ora-ito-stepevi-tapis\/105732\/"]}]},{"@type":"ImageObject","inLanguage":"ja","@id":"https:\/\/www.joyana.fr\/ja\/interview-ora-ito-stepevi-tapis\/105732\/#primaryimage","url":"https:\/\/i0.wp.com\/www.joyana.fr\/wp-content\/uploads\/old\/ORA-ITO-STEPEVI_TAPIS_INTERVIEW.jpg?fit=576%2C878&ssl=1","contentUrl":"https:\/\/i0.wp.com\/www.joyana.fr\/wp-content\/uploads\/old\/ORA-ITO-STEPEVI_TAPIS_INTERVIEW.jpg?fit=576%2C878&ssl=1","width":576,"height":878},{"@type":"BreadcrumbList","@id":"https:\/\/www.joyana.fr\/ja\/interview-ora-ito-stepevi-tapis\/105732\/#breadcrumb","itemListElement":[{"@type":"ListItem","position":1,"name":"Accueil","item":"https:\/\/joyana.fr\/"},{"@type":"ListItem","position":2,"name":"MAISON &#038; OBJET 2011 : Interview ORA \u00cfTO"}]},{"@type":"WebSite","@id":"https:\/\/joyana.fr\/#website","url":"https:\/\/joyana.fr\/","name":"JO YANA","description":"Blog Mode Homme, Lifestyle, D\u00e9co-Design","publisher":{"@id":"https:\/\/joyana.fr\/#\/schema\/person\/cf2a1ad12a27c12c21801075bf37407c"},"potentialAction":[{"@type":"SearchAction","target":{"@type":"EntryPoint","urlTemplate":"https:\/\/joyana.fr\/?s={search_term_string}"},"query-input":{"@type":"PropertyValueSpecification","valueRequired":true,"valueName":"search_term_string"}}],"inLanguage":"ja"},{"@type":["Person","Organization"],"@id":"https:\/\/joyana.fr\/#\/schema\/person\/cf2a1ad12a27c12c21801075bf37407c","name":"Jo Yana","image":{"@type":"ImageObject","inLanguage":"ja","@id":"https:\/\/joyana.fr\/#\/schema\/person\/image\/","url":"https:\/\/i0.wp.com\/www.joyana.fr\/wp-content\/uploads\/2016\/08\/cropped-joyana-logo-black-360x180.png?fit=343%2C164&ssl=1","contentUrl":"https:\/\/i0.wp.com\/www.joyana.fr\/wp-content\/uploads\/2016\/08\/cropped-joyana-logo-black-360x180.png?fit=343%2C164&ssl=1","width":343,"height":164,"caption":"Jo Yana"},"logo":{"@id":"https:\/\/joyana.fr\/#\/schema\/person\/image\/"},"description":"Jo Yana est le cr\u00e9ateur et r\u00e9dacteur en chef des sites DECO-DESIGN. Passionn\u00e9 de Design, Mode, Photo, Luxe, Lifestyle, Musique, mais avant tout Blogueur ! Le plaisir de partager l'anime et a comme devise \"POUR L'AMOUR DU BEAU\". Retrouvez le aussi sur son blog personnel - https:\/\/joyana.fr...","sameAs":["https:\/\/joyana.fr\/"],"url":"https:\/\/www.joyana.fr\/ja\/author\/joyana\/"}]}},"author_meta":{"display_name":"Jo Yana","author_link":"https:\/\/www.joyana.fr\/ja\/author\/joyana\/"},"featured_img":"https:\/\/i0.wp.com\/www.joyana.fr\/wp-content\/uploads\/old\/ORA-ITO-STEPEVI_TAPIS_INTERVIEW.jpg?fit=255%2C389&ssl=1","featured_image_src":"https:\/\/i0.wp.com\/www.joyana.fr\/wp-content\/uploads\/old\/ORA-ITO-STEPEVI_TAPIS_INTERVIEW.jpg?resize=576%2C400&ssl=1","featured_image_src_square":"https:\/\/i0.wp.com\/www.joyana.fr\/wp-content\/uploads\/old\/ORA-ITO-STEPEVI_TAPIS_INTERVIEW.jpg?resize=576%2C600&ssl=1","jetpack_featured_media_url":"https:\/\/i0.wp.com\/www.joyana.fr\/wp-content\/uploads\/old\/ORA-ITO-STEPEVI_TAPIS_INTERVIEW.jpg?fit=576%2C878&ssl=1","uagb_featured_image_src":{"full":["https:\/\/i0.wp.com\/www.joyana.fr\/wp-content\/uploads\/old\/ORA-ITO-STEPEVI_TAPIS_INTERVIEW.jpg?fit=576%2C878&ssl=1",576,878,false],"thumbnail":["https:\/\/i0.wp.com\/www.joyana.fr\/wp-content\/uploads\/old\/ORA-ITO-STEPEVI_TAPIS_INTERVIEW.jpg?resize=150%2C150&ssl=1",150,150,true],"medium":["https:\/\/i0.wp.com\/www.joyana.fr\/wp-content\/uploads\/old\/ORA-ITO-STEPEVI_TAPIS_INTERVIEW.jpg?fit=255%2C389&ssl=1",255,389,true],"medium_large":["https:\/\/i0.wp.com\/www.joyana.fr\/wp-content\/uploads\/old\/ORA-ITO-STEPEVI_TAPIS_INTERVIEW.jpg?fit=576%2C878&ssl=1",576,878,true],"large":["https:\/\/i0.wp.com\/www.joyana.fr\/wp-content\/uploads\/old\/ORA-ITO-STEPEVI_TAPIS_INTERVIEW.jpg?fit=576%2C878&ssl=1",576,878,true],"1536x1536":["https:\/\/i0.wp.com\/www.joyana.fr\/wp-content\/uploads\/old\/ORA-ITO-STEPEVI_TAPIS_INTERVIEW.jpg?fit=576%2C878&ssl=1",576,878,true],"2048x2048":["https:\/\/i0.wp.com\/www.joyana.fr\/wp-content\/uploads\/old\/ORA-ITO-STEPEVI_TAPIS_INTERVIEW.jpg?fit=576%2C878&ssl=1",576,878,true],"featured-thumb":["https:\/\/i0.wp.com\/www.joyana.fr\/wp-content\/uploads\/old\/ORA-ITO-STEPEVI_TAPIS_INTERVIEW.jpg?resize=576%2C750&ssl=1",576,750,true],"ab-block-post-grid-landscape":["https:\/\/i0.wp.com\/www.joyana.fr\/wp-content\/uploads\/old\/ORA-ITO-STEPEVI_TAPIS_INTERVIEW.jpg?resize=576%2C400&ssl=1",576,400,true],"ab-block-post-grid-square":["https:\/\/i0.wp.com\/www.joyana.fr\/wp-content\/uploads\/old\/ORA-ITO-STEPEVI_TAPIS_INTERVIEW.jpg?resize=576%2C600&ssl=1",576,600,true],"author-pro-image":["https:\/\/i0.wp.com\/www.joyana.fr\/wp-content\/uploads\/old\/ORA-ITO-STEPEVI_TAPIS_INTERVIEW.jpg?resize=360%2C570&ssl=1",360,570,true],"slider":["https:\/\/i0.wp.com\/www.joyana.fr\/wp-content\/uploads\/old\/ORA-ITO-STEPEVI_TAPIS_INTERVIEW.jpg?resize=576%2C400&ssl=1",576,400,true],"woocommerce_thumbnail":["https:\/\/i0.wp.com\/www.joyana.fr\/wp-content\/uploads\/old\/ORA-ITO-STEPEVI_TAPIS_INTERVIEW.jpg?resize=450%2C450&ssl=1",450,450,true],"woocommerce_single":["https:\/\/i0.wp.com\/www.joyana.fr\/wp-content\/uploads\/old\/ORA-ITO-STEPEVI_TAPIS_INTERVIEW.jpg?fit=576%2C878&ssl=1",576,878,true],"woocommerce_gallery_thumbnail":["https:\/\/i0.wp.com\/www.joyana.fr\/wp-content\/uploads\/old\/ORA-ITO-STEPEVI_TAPIS_INTERVIEW.jpg?resize=180%2C180&ssl=1",180,180,true],"sow-carousel-default":["https:\/\/i0.wp.com\/www.joyana.fr\/wp-content\/uploads\/old\/ORA-ITO-STEPEVI_TAPIS_INTERVIEW.jpg?resize=272%2C182&ssl=1",272,182,true]},"uagb_author_info":{"display_name":"Jo Yana","author_link":"https:\/\/www.joyana.fr\/ja\/author\/joyana\/"},"uagb_comment_info":30,"uagb_excerpt":"A l&#8217;occasion du salon Maison &#038; Objet 2011, S&hellip;","coauthors":[],"tax_additional":{"categories":{"linked":["<a href=\"https:\/\/www.joyana.fr\/ja\/category\/deco-design\/\" class=\"advgb-post-tax-term\">DECO-DESIGN<\/a>","<a href=\"https:\/\/www.joyana.fr\/ja\/category\/deco-design\/designer\/\" class=\"advgb-post-tax-term\">Designer<\/a>","<a href=\"https:\/\/www.joyana.fr\/ja\/category\/deco-design\/actualite\/salon\/maison-et-objet\/\" class=\"advgb-post-tax-term\">MAISON &amp; OBJET<\/a>","<a href=\"https:\/\/www.joyana.fr\/ja\/category\/deco-design\/designer\/ora-ito\/\" class=\"advgb-post-tax-term\">Ora \u00cfTO<\/a>","<a href=\"https:\/\/www.joyana.fr\/ja\/category\/deco-design\/decoration\/accessoires\/tapis\/\" class=\"advgb-post-tax-term\">Tapis<\/a>"],"unlinked":["<span class=\"advgb-post-tax-term\">DECO-DESIGN<\/span>","<span class=\"advgb-post-tax-term\">Designer<\/span>","<span class=\"advgb-post-tax-term\">MAISON &amp; OBJET<\/span>","<span class=\"advgb-post-tax-term\">Ora \u00cfTO<\/span>","<span class=\"advgb-post-tax-term\">Tapis<\/span>"]},"tags":{"linked":["<a href=\"https:\/\/www.joyana.fr\/ja\/category\/deco-design\/decoration\/accessoires\/tapis\/\" class=\"advgb-post-tax-term\">DESIGN<\/a>"],"unlinked":["<span class=\"advgb-post-tax-term\">DESIGN<\/span>"]}},"comment_count":29,"relative_dates":{"created":"Posted 15\u5e74 ago","modified":"Updated 15\u5e74 ago"},"absolute_dates":{"created":"Posted on 26 1\u6708 2011","modified":"Updated on 26 1\u6708 2011"},"absolute_dates_time":{"created":"Posted on 26 1\u6708 2011 13:44","modified":"Updated on 26 1\u6708 2011 13:44"},"featured_img_caption":"","series_order":"","jetpack_sharing_enabled":true,"jetpack_shortlink":"https:\/\/wp.me\/p9bteI-rvm","jetpack-related-posts":[],"_links":{"self":[{"href":"https:\/\/www.joyana.fr\/ja\/wp-json\/wp\/v2\/posts\/105732","targetHints":{"allow":["GET"]}}],"collection":[{"href":"https:\/\/www.joyana.fr\/ja\/wp-json\/wp\/v2\/posts"}],"about":[{"href":"https:\/\/www.joyana.fr\/ja\/wp-json\/wp\/v2\/types\/post"}],"author":[{"embeddable":true,"href":"https:\/\/www.joyana.fr\/ja\/wp-json\/wp\/v2\/users\/3"}],"replies":[{"embeddable":true,"href":"https:\/\/www.joyana.fr\/ja\/wp-json\/wp\/v2\/comments?post=105732"}],"version-history":[{"count":0,"href":"https:\/\/www.joyana.fr\/ja\/wp-json\/wp\/v2\/posts\/105732\/revisions"}],"wp:featuredmedia":[{"embeddable":true,"href":"https:\/\/www.joyana.fr\/ja\/wp-json\/wp\/v2\/media\/105741"}],"wp:attachment":[{"href":"https:\/\/www.joyana.fr\/ja\/wp-json\/wp\/v2\/media?parent=105732"}],"wp:term":[{"taxonomy":"category","embeddable":true,"href":"https:\/\/www.joyana.fr\/ja\/wp-json\/wp\/v2\/categories?post=105732"},{"taxonomy":"post_tag","embeddable":true,"href":"https:\/\/www.joyana.fr\/ja\/wp-json\/wp\/v2\/tags?post=105732"}],"curies":[{"name":"wp","href":"https:\/\/api.w.org\/{rel}","templated":true}]}}