{"id":105560,"date":"2011-01-11T08:18:25","date_gmt":"2011-01-11T07:18:25","guid":{"rendered":"https:\/\/joyana.fr\/?p=5560"},"modified":"2011-01-11T08:18:25","modified_gmt":"2011-01-11T07:18:25","slug":"lampe-lampadaire-suspension-luminaires-sprig-victor-vetterlein","status":"publish","type":"post","link":"https:\/\/www.joyana.fr\/ja\/lampe-lampadaire-suspension-luminaires-sprig-victor-vetterlein\/105560\/","title":{"rendered":"Luminaires SPRIG par Victor VETTERLEIN"},"content":{"rendered":"<p>Le designer <strong>Victor Vetterlein<\/strong> nous pr\u00e9sente son <strong><a title=\"LUMINAIRE DESIGN\" href=\"https:\/\/joyana.fr\/category\/luminaire\/\">luminaire<\/a> SPRIG<\/strong> &#8211; qui selon la fa\u00e7on dont vous l&#8217;assemblez sera <strong>lampe<\/strong>, <strong>lampadaire<\/strong>, ou <strong>suspension<\/strong>&#8230;<\/p>\n<p><img data-recalc-dims=\"1\" fetchpriority=\"high\" decoding=\"async\" class=\"alignnone size-full wp-image-5562\" title=\"Luminaires SPRIG par Victor VETTERLEIN\" src=\"https:\/\/i0.wp.com\/joyana.fr\/wp-content\/uploads\/Sprig_Victor_Vetterlein_Chandeleir_Jan_11_2011.jpg?resize=576%2C576&#038;ssl=1\" alt=\"\" width=\"576\" height=\"576\" \/><\/p>\n<p>La conception du luminaire <strong>SPRIG<\/strong> est inspir\u00e9 par la croissance des plantes !!! Un seul module<strong> SPRIG<\/strong> fait une suspension, tandis que plusieurs <strong>SPRIG<\/strong> combin\u00e9s peuvent devenir <a title=\"LAMPADAIRE DESIGN\" href=\"https:\/\/joyana.fr\/category\/luminaire\/lampadaire\/\"><strong>lampadaire<\/strong><\/a>, <a title=\"LAMPE DESIGN\" href=\"https:\/\/joyana.fr\/category\/luminaire\/lampe\/\"><strong>lampe<\/strong><\/a>, ou immense <strong>lustre<\/strong>. Son corps -ses branches comme l&#8217;appelle le designer- est fait de plastique recycl\u00e9, et la source lumineuse est une lampe fluorescente compacte standard ; et pour acc\u00e9der \u00e0 l&#8217;ampoule, il suffit juste de d\u00e9visser le bout.<\/p>\n<p>Pour l&#8217;assemblage de deux <strong>luminaires SPRIG<\/strong> ensemble, un paquet d&#8217;accessoires est fournit&#8230;<\/p>\n<p><img data-recalc-dims=\"1\" decoding=\"async\" data-attachment-id=\"5564\" data-permalink=\"https:\/\/www.joyana.fr\/ja\/place-dalbertas-american-vintage-zx5000-bape-adidas-undftd\/5562\/blog_place-dalbertas_2\/\" data-orig-file=\"https:\/\/i0.wp.com\/www.joyana.fr\/wp-content\/uploads\/2013\/06\/BLOG_PLACE-DALBERTAS_2.jpg?fit=800%2C800&amp;ssl=1\" data-orig-size=\"800,800\" data-comments-opened=\"1\" data-image-meta=\"{&quot;aperture&quot;:&quot;0&quot;,&quot;credit&quot;:&quot;&quot;,&quot;camera&quot;:&quot;&quot;,&quot;caption&quot;:&quot;&quot;,&quot;created_timestamp&quot;:&quot;0&quot;,&quot;copyright&quot;:&quot;&quot;,&quot;focal_length&quot;:&quot;0&quot;,&quot;iso&quot;:&quot;0&quot;,&quot;shutter_speed&quot;:&quot;0&quot;,&quot;title&quot;:&quot;&quot;,&quot;orientation&quot;:&quot;0&quot;}\" data-image-title=\"BLOG_PLACE-DALBERTAS_2\" data-image-description=\"\" data-image-caption=\"\" data-medium-file=\"https:\/\/i0.wp.com\/www.joyana.fr\/wp-content\/uploads\/2013\/06\/BLOG_PLACE-DALBERTAS_2.jpg?fit=389%2C389&amp;ssl=1\" data-large-file=\"https:\/\/i0.wp.com\/www.joyana.fr\/wp-content\/uploads\/2013\/06\/BLOG_PLACE-DALBERTAS_2.jpg?fit=800%2C800&amp;ssl=1\" class=\"alignnone size-full wp-image-5564\" title=\"Luminaires SPRIG par Victor VETTERLEIN\" src=\"https:\/\/i0.wp.com\/joyana.fr\/wp-content\/uploads\/Sprig_Victor_Vetterlein_Pendants_Jan_11_2011.jpg?resize=576%2C510&#038;ssl=1\" alt=\"\" width=\"576\" height=\"510\" \/><\/p>\n<p><img data-recalc-dims=\"1\" decoding=\"async\" data-attachment-id=\"5563\" data-permalink=\"https:\/\/www.joyana.fr\/ja\/place-dalbertas-american-vintage-zx5000-bape-adidas-undftd\/5562\/blog_place_dalbertas_1\/\" data-orig-file=\"https:\/\/i0.wp.com\/www.joyana.fr\/wp-content\/uploads\/2013\/06\/BLOG_PLACE_DALBERTAS_1.jpg?fit=800%2C800&amp;ssl=1\" data-orig-size=\"800,800\" data-comments-opened=\"1\" data-image-meta=\"{&quot;aperture&quot;:&quot;0&quot;,&quot;credit&quot;:&quot;&quot;,&quot;camera&quot;:&quot;&quot;,&quot;caption&quot;:&quot;&quot;,&quot;created_timestamp&quot;:&quot;0&quot;,&quot;copyright&quot;:&quot;&quot;,&quot;focal_length&quot;:&quot;0&quot;,&quot;iso&quot;:&quot;0&quot;,&quot;shutter_speed&quot;:&quot;0&quot;,&quot;title&quot;:&quot;&quot;,&quot;orientation&quot;:&quot;0&quot;}\" data-image-title=\"BLOG_PLACE_DALBERTAS_1\" data-image-description=\"\" data-image-caption=\"\" data-medium-file=\"https:\/\/i0.wp.com\/www.joyana.fr\/wp-content\/uploads\/2013\/06\/BLOG_PLACE_DALBERTAS_1.jpg?fit=389%2C389&amp;ssl=1\" data-large-file=\"https:\/\/i0.wp.com\/www.joyana.fr\/wp-content\/uploads\/2013\/06\/BLOG_PLACE_DALBERTAS_1.jpg?fit=800%2C800&amp;ssl=1\" class=\"alignnone size-full wp-image-5563\" title=\"Luminaires SPRIG par Victor VETTERLEIN\" src=\"https:\/\/i0.wp.com\/joyana.fr\/wp-content\/uploads\/Sprig_Victor_Vetterlein_Group_Jan_11_2011.jpg?resize=576%2C576&#038;ssl=1\" alt=\"\" width=\"576\" height=\"576\" \/><\/p>\n<p><img data-recalc-dims=\"1\" loading=\"lazy\" decoding=\"async\" data-attachment-id=\"5565\" data-permalink=\"https:\/\/www.joyana.fr\/ja\/place-dalbertas-american-vintage-zx5000-bape-adidas-undftd\/5562\/blog_place-dalbertas_3\/\" data-orig-file=\"https:\/\/i0.wp.com\/www.joyana.fr\/wp-content\/uploads\/2013\/06\/BLOG_PLACE-DALBERTAS_3.jpg?fit=800%2C800&amp;ssl=1\" data-orig-size=\"800,800\" data-comments-opened=\"1\" data-image-meta=\"{&quot;aperture&quot;:&quot;0&quot;,&quot;credit&quot;:&quot;&quot;,&quot;camera&quot;:&quot;&quot;,&quot;caption&quot;:&quot;&quot;,&quot;created_timestamp&quot;:&quot;0&quot;,&quot;copyright&quot;:&quot;&quot;,&quot;focal_length&quot;:&quot;0&quot;,&quot;iso&quot;:&quot;0&quot;,&quot;shutter_speed&quot;:&quot;0&quot;,&quot;title&quot;:&quot;&quot;,&quot;orientation&quot;:&quot;0&quot;}\" data-image-title=\"BLOG_PLACE-DALBERTAS_3\" data-image-description=\"\" data-image-caption=\"\" data-medium-file=\"https:\/\/i0.wp.com\/www.joyana.fr\/wp-content\/uploads\/2013\/06\/BLOG_PLACE-DALBERTAS_3.jpg?fit=389%2C389&amp;ssl=1\" data-large-file=\"https:\/\/i0.wp.com\/www.joyana.fr\/wp-content\/uploads\/2013\/06\/BLOG_PLACE-DALBERTAS_3.jpg?fit=800%2C800&amp;ssl=1\" class=\"alignnone size-full wp-image-5565\" title=\"Luminaires SPRIG par Victor VETTERLEIN\" src=\"https:\/\/i0.wp.com\/joyana.fr\/wp-content\/uploads\/Sprig_Victor_Vetterlein_Tower_Jan_11_2011.jpg?resize=576%2C576&#038;ssl=1\" alt=\"\" width=\"576\" height=\"576\" \/><\/p>\n<p>Le designer <strong>Victor Vetterlein<\/strong> nous confit : <em>&#8221; The <strong>SPRIG<\/strong> <strong>lamp design<\/strong> is inspired by the fresh growth of plants.\u00a0 A single <\/em><em><strong>SPRIG<\/strong><\/em><em> <strong>lamp<\/strong> makes a pendant light, while multiple <\/em><em><strong>SPRIG<\/strong><\/em><em> lamps combined build a floor lamp or a chandelier. <\/em><em><strong>SPRIG<\/strong><\/em><em> is made of recycled plastic, and the lighting source is a standard  compact fluorescent lamp (CFL).\u00a0 The CFL is replaced by unscrewing a  lamp arm end cap to access the bulb.\u00a0 For joining two <\/em><em><strong>SPRIG<\/strong><\/em><em> lamps together, an accessory package provides one threaded sleeve and a clip-on electrical cord, plug, and screw-in outlet. &#8221; <\/em><\/p>\n<p><img data-recalc-dims=\"1\" loading=\"lazy\" decoding=\"async\" class=\"alignnone size-full wp-image-5561\" title=\"Luminaires SPRIG par Victor VETTERLEIN\" src=\"https:\/\/i0.wp.com\/joyana.fr\/wp-content\/uploads\/SPRIG-VICTOR-VETTERLEIN-LUMINAIRE.jpg?resize=576%2C606&#038;ssl=1\" alt=\"\" width=\"576\" height=\"606\" \/><\/p>\n<p>En savoir <strong>+<\/strong> sur <a title=\"VICTOR VETTERLEIN\" href=\"http:\/\/victorvetterlein.com\/\"><strong>Victor VETTERLEIN<\/strong><\/a><\/p>\n","protected":false},"excerpt":{"rendered":"<p>Le designer Victor Vetterlein nous pr\u00e9sente son luminaire SPRIG &#8211; qui selon la fa\u00e7on dont vous l&#8217;a [&hellip;]<\/p>\n","protected":false},"author":3,"featured_media":105562,"comment_status":"open","ping_status":"open","sticky":false,"template":"","format":"standard","meta":{"_coblocks_attr":"","_coblocks_dimensions":"","_coblocks_responsive_height":"","_coblocks_accordion_ie_support":"","_uag_custom_page_level_css":"","advgb_blocks_editor_width":"","advgb_blocks_columns_visual_guide":"","_genesis_hide_title":false,"_genesis_hide_breadcrumbs":false,"_genesis_hide_singular_image":false,"_genesis_hide_footer_widgets":false,"_genesis_custom_body_class":"","_genesis_custom_post_class":"","_genesis_layout":"","_themeisle_gutenberg_block_has_review":false,"_jetpack_newsletter_access":"","_jetpack_dont_email_post_to_subs":false,"_jetpack_newsletter_tier_id":0,"_jetpack_memberships_contains_paywalled_content":false,"_jetpack_memberships_contains_paid_content":false,"footnotes":""},"categories":[905,958,927,917,1023,1029],"tags":[78,952,913,910],"class_list":{"0":"post-105560","1":"post","2":"type-post","3":"status-publish","4":"format-standard","5":"has-post-thumbnail","7":"category-deco-design","8":"category-lampadaire","9":"category-lampe","10":"category-luminaire","11":"category-suspension","12":"category-victor-vetterlein","13":"tag-design","14":"tag-led","15":"tag-modulable","16":"tag-noir","17":"entry"},"featured_image_urls":{"full":["https:\/\/i0.wp.com\/www.joyana.fr\/wp-content\/uploads\/old\/Sprig_Victor_Vetterlein_Chandeleir_Jan_11_2011.jpg?fit=576%2C576&ssl=1",576,576,false],"thumbnail":["https:\/\/i0.wp.com\/www.joyana.fr\/wp-content\/uploads\/old\/Sprig_Victor_Vetterlein_Chandeleir_Jan_11_2011.jpg?resize=150%2C150&ssl=1",150,150,true],"medium":["https:\/\/i0.wp.com\/www.joyana.fr\/wp-content\/uploads\/old\/Sprig_Victor_Vetterlein_Chandeleir_Jan_11_2011.jpg?fit=389%2C389&ssl=1",389,389,true],"medium_large":["https:\/\/i0.wp.com\/www.joyana.fr\/wp-content\/uploads\/old\/Sprig_Victor_Vetterlein_Chandeleir_Jan_11_2011.jpg?fit=576%2C576&ssl=1",576,576,true],"large":["https:\/\/i0.wp.com\/www.joyana.fr\/wp-content\/uploads\/old\/Sprig_Victor_Vetterlein_Chandeleir_Jan_11_2011.jpg?fit=576%2C576&ssl=1",576,576,true],"1536x1536":["https:\/\/i0.wp.com\/www.joyana.fr\/wp-content\/uploads\/old\/Sprig_Victor_Vetterlein_Chandeleir_Jan_11_2011.jpg?fit=576%2C576&ssl=1",576,576,true],"2048x2048":["https:\/\/i0.wp.com\/www.joyana.fr\/wp-content\/uploads\/old\/Sprig_Victor_Vetterlein_Chandeleir_Jan_11_2011.jpg?fit=576%2C576&ssl=1",576,576,true],"featured-thumb":["https:\/\/i0.wp.com\/www.joyana.fr\/wp-content\/uploads\/old\/Sprig_Victor_Vetterlein_Chandeleir_Jan_11_2011.jpg?resize=576%2C576&ssl=1",576,576,true],"ab-block-post-grid-landscape":["https:\/\/i0.wp.com\/www.joyana.fr\/wp-content\/uploads\/old\/Sprig_Victor_Vetterlein_Chandeleir_Jan_11_2011.jpg?resize=576%2C400&ssl=1",576,400,true],"ab-block-post-grid-square":["https:\/\/i0.wp.com\/www.joyana.fr\/wp-content\/uploads\/old\/Sprig_Victor_Vetterlein_Chandeleir_Jan_11_2011.jpg?resize=576%2C576&ssl=1",576,576,true],"author-pro-image":["https:\/\/i0.wp.com\/www.joyana.fr\/wp-content\/uploads\/old\/Sprig_Victor_Vetterlein_Chandeleir_Jan_11_2011.jpg?resize=360%2C570&ssl=1",360,570,true],"slider":["https:\/\/i0.wp.com\/www.joyana.fr\/wp-content\/uploads\/old\/Sprig_Victor_Vetterlein_Chandeleir_Jan_11_2011.jpg?resize=576%2C400&ssl=1",576,400,true],"woocommerce_thumbnail":["https:\/\/i0.wp.com\/www.joyana.fr\/wp-content\/uploads\/old\/Sprig_Victor_Vetterlein_Chandeleir_Jan_11_2011.jpg?resize=450%2C450&ssl=1",450,450,true],"woocommerce_single":["https:\/\/i0.wp.com\/www.joyana.fr\/wp-content\/uploads\/old\/Sprig_Victor_Vetterlein_Chandeleir_Jan_11_2011.jpg?fit=576%2C576&ssl=1",576,576,true],"woocommerce_gallery_thumbnail":["https:\/\/i0.wp.com\/www.joyana.fr\/wp-content\/uploads\/old\/Sprig_Victor_Vetterlein_Chandeleir_Jan_11_2011.jpg?resize=180%2C180&ssl=1",180,180,true],"sow-carousel-default":["https:\/\/i0.wp.com\/www.joyana.fr\/wp-content\/uploads\/old\/Sprig_Victor_Vetterlein_Chandeleir_Jan_11_2011.jpg?resize=272%2C182&ssl=1",272,182,true]},"post_excerpt_stackable":"<p>Le designer Victor Vetterlein nous pr\u00e9sente son luminaire SPRIG &#8211; qui selon la fa\u00e7on dont vous&hellip;<\/p>\n","category_list":"<a href=\"https:\/\/www.joyana.fr\/ja\/category\/deco-design\/\" rel=\"category tag\">DECO-DESIGN<\/a>, <a href=\"https:\/\/www.joyana.fr\/ja\/category\/deco-design\/luminaire\/lampadaire\/\" rel=\"category tag\">Lampadaire<\/a>, <a href=\"https:\/\/www.joyana.fr\/ja\/category\/deco-design\/luminaire\/lampe\/\" rel=\"category tag\">Lampe<\/a>, <a href=\"https:\/\/www.joyana.fr\/ja\/category\/deco-design\/luminaire\/\" rel=\"category tag\">Luminaire<\/a>, <a href=\"https:\/\/www.joyana.fr\/ja\/category\/deco-design\/luminaire\/suspension\/\" rel=\"category tag\">Suspension<\/a>, <a href=\"https:\/\/www.joyana.fr\/ja\/category\/deco-design\/designer\/victor-vetterlein\/\" rel=\"category tag\">Victor VETTERLEIN<\/a>","author_info":{"display_name":"Jo Yana","author_link":"https:\/\/www.joyana.fr\/ja\/author\/joyana\/"},"comments_num":"15 comments","featured_image_urls_v2":{"full":["https:\/\/i0.wp.com\/www.joyana.fr\/wp-content\/uploads\/old\/Sprig_Victor_Vetterlein_Chandeleir_Jan_11_2011.jpg?fit=576%2C576&ssl=1",576,576,false],"thumbnail":["https:\/\/i0.wp.com\/www.joyana.fr\/wp-content\/uploads\/old\/Sprig_Victor_Vetterlein_Chandeleir_Jan_11_2011.jpg?resize=150%2C150&ssl=1",150,150,true],"medium":["https:\/\/i0.wp.com\/www.joyana.fr\/wp-content\/uploads\/old\/Sprig_Victor_Vetterlein_Chandeleir_Jan_11_2011.jpg?fit=389%2C389&ssl=1",389,389,true],"medium_large":["https:\/\/i0.wp.com\/www.joyana.fr\/wp-content\/uploads\/old\/Sprig_Victor_Vetterlein_Chandeleir_Jan_11_2011.jpg?fit=576%2C576&ssl=1",576,576,true],"large":["https:\/\/i0.wp.com\/www.joyana.fr\/wp-content\/uploads\/old\/Sprig_Victor_Vetterlein_Chandeleir_Jan_11_2011.jpg?fit=576%2C576&ssl=1",576,576,true],"1536x1536":["https:\/\/i0.wp.com\/www.joyana.fr\/wp-content\/uploads\/old\/Sprig_Victor_Vetterlein_Chandeleir_Jan_11_2011.jpg?fit=576%2C576&ssl=1",576,576,true],"2048x2048":["https:\/\/i0.wp.com\/www.joyana.fr\/wp-content\/uploads\/old\/Sprig_Victor_Vetterlein_Chandeleir_Jan_11_2011.jpg?fit=576%2C576&ssl=1",576,576,true],"featured-thumb":["https:\/\/i0.wp.com\/www.joyana.fr\/wp-content\/uploads\/old\/Sprig_Victor_Vetterlein_Chandeleir_Jan_11_2011.jpg?resize=576%2C576&ssl=1",576,576,true],"ab-block-post-grid-landscape":["https:\/\/i0.wp.com\/www.joyana.fr\/wp-content\/uploads\/old\/Sprig_Victor_Vetterlein_Chandeleir_Jan_11_2011.jpg?resize=576%2C400&ssl=1",576,400,true],"ab-block-post-grid-square":["https:\/\/i0.wp.com\/www.joyana.fr\/wp-content\/uploads\/old\/Sprig_Victor_Vetterlein_Chandeleir_Jan_11_2011.jpg?resize=576%2C576&ssl=1",576,576,true],"author-pro-image":["https:\/\/i0.wp.com\/www.joyana.fr\/wp-content\/uploads\/old\/Sprig_Victor_Vetterlein_Chandeleir_Jan_11_2011.jpg?resize=360%2C570&ssl=1",360,570,true],"slider":["https:\/\/i0.wp.com\/www.joyana.fr\/wp-content\/uploads\/old\/Sprig_Victor_Vetterlein_Chandeleir_Jan_11_2011.jpg?resize=576%2C400&ssl=1",576,400,true],"woocommerce_thumbnail":["https:\/\/i0.wp.com\/www.joyana.fr\/wp-content\/uploads\/old\/Sprig_Victor_Vetterlein_Chandeleir_Jan_11_2011.jpg?resize=450%2C450&ssl=1",450,450,true],"woocommerce_single":["https:\/\/i0.wp.com\/www.joyana.fr\/wp-content\/uploads\/old\/Sprig_Victor_Vetterlein_Chandeleir_Jan_11_2011.jpg?fit=576%2C576&ssl=1",576,576,true],"woocommerce_gallery_thumbnail":["https:\/\/i0.wp.com\/www.joyana.fr\/wp-content\/uploads\/old\/Sprig_Victor_Vetterlein_Chandeleir_Jan_11_2011.jpg?resize=180%2C180&ssl=1",180,180,true],"sow-carousel-default":["https:\/\/i0.wp.com\/www.joyana.fr\/wp-content\/uploads\/old\/Sprig_Victor_Vetterlein_Chandeleir_Jan_11_2011.jpg?resize=272%2C182&ssl=1",272,182,true]},"post_excerpt_stackable_v2":"<p>Le designer Victor Vetterlein nous pr\u00e9sente son luminaire SPRIG &#8211; qui selon la fa\u00e7on dont vous&hellip;<\/p>\n","category_list_v2":"<a href=\"https:\/\/www.joyana.fr\/ja\/category\/deco-design\/\" rel=\"category tag\">DECO-DESIGN<\/a>, <a href=\"https:\/\/www.joyana.fr\/ja\/category\/deco-design\/luminaire\/lampadaire\/\" rel=\"category tag\">Lampadaire<\/a>, <a href=\"https:\/\/www.joyana.fr\/ja\/category\/deco-design\/luminaire\/lampe\/\" rel=\"category tag\">Lampe<\/a>, <a href=\"https:\/\/www.joyana.fr\/ja\/category\/deco-design\/luminaire\/\" rel=\"category tag\">Luminaire<\/a>, <a href=\"https:\/\/www.joyana.fr\/ja\/category\/deco-design\/luminaire\/suspension\/\" rel=\"category tag\">Suspension<\/a>, <a href=\"https:\/\/www.joyana.fr\/ja\/category\/deco-design\/designer\/victor-vetterlein\/\" rel=\"category tag\">Victor VETTERLEIN<\/a>","author_info_v2":{"name":"Jo Yana","url":"https:\/\/www.joyana.fr\/ja\/author\/joyana\/"},"comments_num_v2":"15 comments","yoast_head":"<!-- This site is optimized with the Yoast SEO plugin v26.8 - https:\/\/yoast.com\/product\/yoast-seo-wordpress\/ -->\n<title>Luminaires SPRIG par Victor VETTERLEIN - JO YANA<\/title>\n<meta name=\"robots\" content=\"index, follow, max-snippet:-1, max-image-preview:large, max-video-preview:-1\" \/>\n<link rel=\"canonical\" href=\"https:\/\/www.joyana.fr\/ja\/lampe-lampadaire-suspension-luminaires-sprig-victor-vetterlein\/105560\/\" \/>\n<meta property=\"og:locale\" content=\"ja_JP\" \/>\n<meta property=\"og:locale:alternate\" content=\"fr_FR\" \/>\n<meta property=\"og:locale:alternate\" content=\"en_US\" \/>\n<meta property=\"og:type\" content=\"article\" \/>\n<meta property=\"og:title\" content=\"Luminaires SPRIG par Victor VETTERLEIN - JO YANA\" \/>\n<meta property=\"og:description\" content=\"Le designer Victor Vetterlein nous pr\u00e9sente son luminaire SPRIG &#8211; qui selon la fa\u00e7on dont vous l&#8217;a [&hellip;]\" \/>\n<meta property=\"og:url\" content=\"https:\/\/www.joyana.fr\/ja\/lampe-lampadaire-suspension-luminaires-sprig-victor-vetterlein\/105560\/\" \/>\n<meta property=\"og:site_name\" content=\"JO YANA\" \/>\n<meta property=\"article:published_time\" content=\"2011-01-11T07:18:25+00:00\" \/>\n<meta property=\"og:image\" content=\"https:\/\/www.joyana.fr\/wp-content\/uploads\/old\/Sprig_Victor_Vetterlein_Chandeleir_Jan_11_2011.jpg\" \/>\n\t<meta property=\"og:image:width\" content=\"576\" \/>\n\t<meta property=\"og:image:height\" content=\"576\" \/>\n\t<meta property=\"og:image:type\" content=\"image\/jpeg\" \/>\n<meta name=\"author\" content=\"Jo Yana\" \/>\n<meta name=\"twitter:card\" content=\"summary_large_image\" \/>\n<meta name=\"twitter:creator\" content=\"@Jo_Yana\" \/>\n<meta name=\"twitter:site\" content=\"@Jo_Yana\" \/>\n<meta name=\"twitter:label1\" content=\"\u57f7\u7b46\u8005\" \/>\n\t<meta name=\"twitter:data1\" content=\"Jo Yana\" \/>\n\t<meta name=\"twitter:label2\" content=\"\u63a8\u5b9a\u8aad\u307f\u53d6\u308a\u6642\u9593\" \/>\n\t<meta name=\"twitter:data2\" content=\"1\u5206\" \/>\n<script type=\"application\/ld+json\" class=\"yoast-schema-graph\">{\"@context\":\"https:\/\/schema.org\",\"@graph\":[{\"@type\":\"Article\",\"@id\":\"https:\/\/www.joyana.fr\/lampe-lampadaire-suspension-luminaires-sprig-victor-vetterlein\/105560\/#article\",\"isPartOf\":{\"@id\":\"https:\/\/www.joyana.fr\/lampe-lampadaire-suspension-luminaires-sprig-victor-vetterlein\/105560\/\"},\"author\":{\"name\":\"Jo Yana\",\"@id\":\"https:\/\/joyana.fr\/#\/schema\/person\/cf2a1ad12a27c12c21801075bf37407c\"},\"headline\":\"Luminaires SPRIG par Victor VETTERLEIN\",\"datePublished\":\"2011-01-11T07:18:25+00:00\",\"mainEntityOfPage\":{\"@id\":\"https:\/\/www.joyana.fr\/lampe-lampadaire-suspension-luminaires-sprig-victor-vetterlein\/105560\/\"},\"wordCount\":211,\"commentCount\":0,\"publisher\":{\"@id\":\"https:\/\/joyana.fr\/#\/schema\/person\/cf2a1ad12a27c12c21801075bf37407c\"},\"image\":{\"@id\":\"https:\/\/www.joyana.fr\/lampe-lampadaire-suspension-luminaires-sprig-victor-vetterlein\/105560\/#primaryimage\"},\"thumbnailUrl\":\"https:\/\/i0.wp.com\/www.joyana.fr\/wp-content\/uploads\/old\/Sprig_Victor_Vetterlein_Chandeleir_Jan_11_2011.jpg?fit=576%2C576&ssl=1\",\"keywords\":[\"DESIGN\",\"LED\",\"Modulable\",\"Noir\"],\"articleSection\":[\"DECO-DESIGN\",\"Lampadaire\",\"Lampe\",\"Luminaire\",\"Suspension\",\"Victor VETTERLEIN\"],\"inLanguage\":\"ja\",\"potentialAction\":[{\"@type\":\"CommentAction\",\"name\":\"Comment\",\"target\":[\"https:\/\/www.joyana.fr\/lampe-lampadaire-suspension-luminaires-sprig-victor-vetterlein\/105560\/#respond\"]}]},{\"@type\":\"WebPage\",\"@id\":\"https:\/\/www.joyana.fr\/lampe-lampadaire-suspension-luminaires-sprig-victor-vetterlein\/105560\/\",\"url\":\"https:\/\/www.joyana.fr\/lampe-lampadaire-suspension-luminaires-sprig-victor-vetterlein\/105560\/\",\"name\":\"Luminaires SPRIG par Victor VETTERLEIN - JO YANA\",\"isPartOf\":{\"@id\":\"https:\/\/joyana.fr\/#website\"},\"primaryImageOfPage\":{\"@id\":\"https:\/\/www.joyana.fr\/lampe-lampadaire-suspension-luminaires-sprig-victor-vetterlein\/105560\/#primaryimage\"},\"image\":{\"@id\":\"https:\/\/www.joyana.fr\/lampe-lampadaire-suspension-luminaires-sprig-victor-vetterlein\/105560\/#primaryimage\"},\"thumbnailUrl\":\"https:\/\/i0.wp.com\/www.joyana.fr\/wp-content\/uploads\/old\/Sprig_Victor_Vetterlein_Chandeleir_Jan_11_2011.jpg?fit=576%2C576&ssl=1\",\"datePublished\":\"2011-01-11T07:18:25+00:00\",\"breadcrumb\":{\"@id\":\"https:\/\/www.joyana.fr\/lampe-lampadaire-suspension-luminaires-sprig-victor-vetterlein\/105560\/#breadcrumb\"},\"inLanguage\":\"ja\",\"potentialAction\":[{\"@type\":\"ReadAction\",\"target\":[\"https:\/\/www.joyana.fr\/lampe-lampadaire-suspension-luminaires-sprig-victor-vetterlein\/105560\/\"]}]},{\"@type\":\"ImageObject\",\"inLanguage\":\"ja\",\"@id\":\"https:\/\/www.joyana.fr\/lampe-lampadaire-suspension-luminaires-sprig-victor-vetterlein\/105560\/#primaryimage\",\"url\":\"https:\/\/i0.wp.com\/www.joyana.fr\/wp-content\/uploads\/old\/Sprig_Victor_Vetterlein_Chandeleir_Jan_11_2011.jpg?fit=576%2C576&ssl=1\",\"contentUrl\":\"https:\/\/i0.wp.com\/www.joyana.fr\/wp-content\/uploads\/old\/Sprig_Victor_Vetterlein_Chandeleir_Jan_11_2011.jpg?fit=576%2C576&ssl=1\",\"width\":576,\"height\":576},{\"@type\":\"BreadcrumbList\",\"@id\":\"https:\/\/www.joyana.fr\/lampe-lampadaire-suspension-luminaires-sprig-victor-vetterlein\/105560\/#breadcrumb\",\"itemListElement\":[{\"@type\":\"ListItem\",\"position\":1,\"name\":\"Accueil\",\"item\":\"https:\/\/joyana.fr\/\"},{\"@type\":\"ListItem\",\"position\":2,\"name\":\"Luminaires SPRIG par Victor VETTERLEIN\"}]},{\"@type\":\"WebSite\",\"@id\":\"https:\/\/joyana.fr\/#website\",\"url\":\"https:\/\/joyana.fr\/\",\"name\":\"JO YANA\",\"description\":\"Blog Mode Homme, Lifestyle, D\u00e9co-Design\",\"publisher\":{\"@id\":\"https:\/\/joyana.fr\/#\/schema\/person\/cf2a1ad12a27c12c21801075bf37407c\"},\"potentialAction\":[{\"@type\":\"SearchAction\",\"target\":{\"@type\":\"EntryPoint\",\"urlTemplate\":\"https:\/\/joyana.fr\/?s={search_term_string}\"},\"query-input\":{\"@type\":\"PropertyValueSpecification\",\"valueRequired\":true,\"valueName\":\"search_term_string\"}}],\"inLanguage\":\"ja\"},{\"@type\":[\"Person\",\"Organization\"],\"@id\":\"https:\/\/joyana.fr\/#\/schema\/person\/cf2a1ad12a27c12c21801075bf37407c\",\"name\":\"Jo Yana\",\"image\":{\"@type\":\"ImageObject\",\"inLanguage\":\"ja\",\"@id\":\"https:\/\/joyana.fr\/#\/schema\/person\/image\/\",\"url\":\"https:\/\/i0.wp.com\/www.joyana.fr\/wp-content\/uploads\/2016\/08\/cropped-joyana-logo-black-360x180.png?fit=343%2C164&ssl=1\",\"contentUrl\":\"https:\/\/i0.wp.com\/www.joyana.fr\/wp-content\/uploads\/2016\/08\/cropped-joyana-logo-black-360x180.png?fit=343%2C164&ssl=1\",\"width\":343,\"height\":164,\"caption\":\"Jo Yana\"},\"logo\":{\"@id\":\"https:\/\/joyana.fr\/#\/schema\/person\/image\/\"},\"description\":\"Jo Yana est le cr\u00e9ateur et r\u00e9dacteur en chef des sites DECO-DESIGN. Passionn\u00e9 de Design, Mode, Photo, Luxe, Lifestyle, Musique, mais avant tout Blogueur ! Le plaisir de partager l'anime et a comme devise \\\"POUR L'AMOUR DU BEAU\\\". Retrouvez le aussi sur son blog personnel - https:\/\/joyana.fr...\",\"sameAs\":[\"https:\/\/joyana.fr\/\"],\"url\":\"https:\/\/www.joyana.fr\/ja\/author\/joyana\/\"}]}<\/script>\n<!-- \/ Yoast SEO plugin. -->","yoast_head_json":{"title":"Luminaires SPRIG par Victor VETTERLEIN - JO YANA","robots":{"index":"index","follow":"follow","max-snippet":"max-snippet:-1","max-image-preview":"max-image-preview:large","max-video-preview":"max-video-preview:-1"},"canonical":"https:\/\/www.joyana.fr\/ja\/lampe-lampadaire-suspension-luminaires-sprig-victor-vetterlein\/105560\/","og_locale":"ja_JP","og_type":"article","og_title":"Luminaires SPRIG par Victor VETTERLEIN - JO YANA","og_description":"Le designer Victor Vetterlein nous pr\u00e9sente son luminaire SPRIG &#8211; qui selon la fa\u00e7on dont vous l&#8217;a [&hellip;]","og_url":"https:\/\/www.joyana.fr\/ja\/lampe-lampadaire-suspension-luminaires-sprig-victor-vetterlein\/105560\/","og_site_name":"JO YANA","article_published_time":"2011-01-11T07:18:25+00:00","og_image":[{"width":576,"height":576,"url":"https:\/\/www.joyana.fr\/wp-content\/uploads\/old\/Sprig_Victor_Vetterlein_Chandeleir_Jan_11_2011.jpg","type":"image\/jpeg"}],"author":"Jo Yana","twitter_card":"summary_large_image","twitter_creator":"@Jo_Yana","twitter_site":"@Jo_Yana","twitter_misc":{"\u57f7\u7b46\u8005":"Jo Yana","\u63a8\u5b9a\u8aad\u307f\u53d6\u308a\u6642\u9593":"1\u5206"},"schema":{"@context":"https:\/\/schema.org","@graph":[{"@type":"Article","@id":"https:\/\/www.joyana.fr\/lampe-lampadaire-suspension-luminaires-sprig-victor-vetterlein\/105560\/#article","isPartOf":{"@id":"https:\/\/www.joyana.fr\/lampe-lampadaire-suspension-luminaires-sprig-victor-vetterlein\/105560\/"},"author":{"name":"Jo Yana","@id":"https:\/\/joyana.fr\/#\/schema\/person\/cf2a1ad12a27c12c21801075bf37407c"},"headline":"Luminaires SPRIG par Victor VETTERLEIN","datePublished":"2011-01-11T07:18:25+00:00","mainEntityOfPage":{"@id":"https:\/\/www.joyana.fr\/lampe-lampadaire-suspension-luminaires-sprig-victor-vetterlein\/105560\/"},"wordCount":211,"commentCount":0,"publisher":{"@id":"https:\/\/joyana.fr\/#\/schema\/person\/cf2a1ad12a27c12c21801075bf37407c"},"image":{"@id":"https:\/\/www.joyana.fr\/lampe-lampadaire-suspension-luminaires-sprig-victor-vetterlein\/105560\/#primaryimage"},"thumbnailUrl":"https:\/\/i0.wp.com\/www.joyana.fr\/wp-content\/uploads\/old\/Sprig_Victor_Vetterlein_Chandeleir_Jan_11_2011.jpg?fit=576%2C576&ssl=1","keywords":["DESIGN","LED","Modulable","Noir"],"articleSection":["DECO-DESIGN","Lampadaire","Lampe","Luminaire","Suspension","Victor VETTERLEIN"],"inLanguage":"ja","potentialAction":[{"@type":"CommentAction","name":"Comment","target":["https:\/\/www.joyana.fr\/lampe-lampadaire-suspension-luminaires-sprig-victor-vetterlein\/105560\/#respond"]}]},{"@type":"WebPage","@id":"https:\/\/www.joyana.fr\/lampe-lampadaire-suspension-luminaires-sprig-victor-vetterlein\/105560\/","url":"https:\/\/www.joyana.fr\/lampe-lampadaire-suspension-luminaires-sprig-victor-vetterlein\/105560\/","name":"Luminaires SPRIG par Victor VETTERLEIN - JO YANA","isPartOf":{"@id":"https:\/\/joyana.fr\/#website"},"primaryImageOfPage":{"@id":"https:\/\/www.joyana.fr\/lampe-lampadaire-suspension-luminaires-sprig-victor-vetterlein\/105560\/#primaryimage"},"image":{"@id":"https:\/\/www.joyana.fr\/lampe-lampadaire-suspension-luminaires-sprig-victor-vetterlein\/105560\/#primaryimage"},"thumbnailUrl":"https:\/\/i0.wp.com\/www.joyana.fr\/wp-content\/uploads\/old\/Sprig_Victor_Vetterlein_Chandeleir_Jan_11_2011.jpg?fit=576%2C576&ssl=1","datePublished":"2011-01-11T07:18:25+00:00","breadcrumb":{"@id":"https:\/\/www.joyana.fr\/lampe-lampadaire-suspension-luminaires-sprig-victor-vetterlein\/105560\/#breadcrumb"},"inLanguage":"ja","potentialAction":[{"@type":"ReadAction","target":["https:\/\/www.joyana.fr\/lampe-lampadaire-suspension-luminaires-sprig-victor-vetterlein\/105560\/"]}]},{"@type":"ImageObject","inLanguage":"ja","@id":"https:\/\/www.joyana.fr\/lampe-lampadaire-suspension-luminaires-sprig-victor-vetterlein\/105560\/#primaryimage","url":"https:\/\/i0.wp.com\/www.joyana.fr\/wp-content\/uploads\/old\/Sprig_Victor_Vetterlein_Chandeleir_Jan_11_2011.jpg?fit=576%2C576&ssl=1","contentUrl":"https:\/\/i0.wp.com\/www.joyana.fr\/wp-content\/uploads\/old\/Sprig_Victor_Vetterlein_Chandeleir_Jan_11_2011.jpg?fit=576%2C576&ssl=1","width":576,"height":576},{"@type":"BreadcrumbList","@id":"https:\/\/www.joyana.fr\/lampe-lampadaire-suspension-luminaires-sprig-victor-vetterlein\/105560\/#breadcrumb","itemListElement":[{"@type":"ListItem","position":1,"name":"Accueil","item":"https:\/\/joyana.fr\/"},{"@type":"ListItem","position":2,"name":"Luminaires SPRIG par Victor VETTERLEIN"}]},{"@type":"WebSite","@id":"https:\/\/joyana.fr\/#website","url":"https:\/\/joyana.fr\/","name":"JO YANA","description":"Blog Mode Homme, Lifestyle, D\u00e9co-Design","publisher":{"@id":"https:\/\/joyana.fr\/#\/schema\/person\/cf2a1ad12a27c12c21801075bf37407c"},"potentialAction":[{"@type":"SearchAction","target":{"@type":"EntryPoint","urlTemplate":"https:\/\/joyana.fr\/?s={search_term_string}"},"query-input":{"@type":"PropertyValueSpecification","valueRequired":true,"valueName":"search_term_string"}}],"inLanguage":"ja"},{"@type":["Person","Organization"],"@id":"https:\/\/joyana.fr\/#\/schema\/person\/cf2a1ad12a27c12c21801075bf37407c","name":"Jo Yana","image":{"@type":"ImageObject","inLanguage":"ja","@id":"https:\/\/joyana.fr\/#\/schema\/person\/image\/","url":"https:\/\/i0.wp.com\/www.joyana.fr\/wp-content\/uploads\/2016\/08\/cropped-joyana-logo-black-360x180.png?fit=343%2C164&ssl=1","contentUrl":"https:\/\/i0.wp.com\/www.joyana.fr\/wp-content\/uploads\/2016\/08\/cropped-joyana-logo-black-360x180.png?fit=343%2C164&ssl=1","width":343,"height":164,"caption":"Jo Yana"},"logo":{"@id":"https:\/\/joyana.fr\/#\/schema\/person\/image\/"},"description":"Jo Yana est le cr\u00e9ateur et r\u00e9dacteur en chef des sites DECO-DESIGN. Passionn\u00e9 de Design, Mode, Photo, Luxe, Lifestyle, Musique, mais avant tout Blogueur ! Le plaisir de partager l'anime et a comme devise \"POUR L'AMOUR DU BEAU\". Retrouvez le aussi sur son blog personnel - https:\/\/joyana.fr...","sameAs":["https:\/\/joyana.fr\/"],"url":"https:\/\/www.joyana.fr\/ja\/author\/joyana\/"}]}},"author_meta":{"display_name":"Jo Yana","author_link":"https:\/\/www.joyana.fr\/ja\/author\/joyana\/"},"featured_img":"https:\/\/i0.wp.com\/www.joyana.fr\/wp-content\/uploads\/old\/Sprig_Victor_Vetterlein_Chandeleir_Jan_11_2011.jpg?fit=389%2C389&ssl=1","featured_image_src":"https:\/\/i0.wp.com\/www.joyana.fr\/wp-content\/uploads\/old\/Sprig_Victor_Vetterlein_Chandeleir_Jan_11_2011.jpg?resize=576%2C400&ssl=1","featured_image_src_square":"https:\/\/i0.wp.com\/www.joyana.fr\/wp-content\/uploads\/old\/Sprig_Victor_Vetterlein_Chandeleir_Jan_11_2011.jpg?resize=576%2C576&ssl=1","jetpack_featured_media_url":"https:\/\/i0.wp.com\/www.joyana.fr\/wp-content\/uploads\/old\/Sprig_Victor_Vetterlein_Chandeleir_Jan_11_2011.jpg?fit=576%2C576&ssl=1","uagb_featured_image_src":{"full":["https:\/\/i0.wp.com\/www.joyana.fr\/wp-content\/uploads\/old\/Sprig_Victor_Vetterlein_Chandeleir_Jan_11_2011.jpg?fit=576%2C576&ssl=1",576,576,false],"thumbnail":["https:\/\/i0.wp.com\/www.joyana.fr\/wp-content\/uploads\/old\/Sprig_Victor_Vetterlein_Chandeleir_Jan_11_2011.jpg?resize=150%2C150&ssl=1",150,150,true],"medium":["https:\/\/i0.wp.com\/www.joyana.fr\/wp-content\/uploads\/old\/Sprig_Victor_Vetterlein_Chandeleir_Jan_11_2011.jpg?fit=389%2C389&ssl=1",389,389,true],"medium_large":["https:\/\/i0.wp.com\/www.joyana.fr\/wp-content\/uploads\/old\/Sprig_Victor_Vetterlein_Chandeleir_Jan_11_2011.jpg?fit=576%2C576&ssl=1",576,576,true],"large":["https:\/\/i0.wp.com\/www.joyana.fr\/wp-content\/uploads\/old\/Sprig_Victor_Vetterlein_Chandeleir_Jan_11_2011.jpg?fit=576%2C576&ssl=1",576,576,true],"1536x1536":["https:\/\/i0.wp.com\/www.joyana.fr\/wp-content\/uploads\/old\/Sprig_Victor_Vetterlein_Chandeleir_Jan_11_2011.jpg?fit=576%2C576&ssl=1",576,576,true],"2048x2048":["https:\/\/i0.wp.com\/www.joyana.fr\/wp-content\/uploads\/old\/Sprig_Victor_Vetterlein_Chandeleir_Jan_11_2011.jpg?fit=576%2C576&ssl=1",576,576,true],"featured-thumb":["https:\/\/i0.wp.com\/www.joyana.fr\/wp-content\/uploads\/old\/Sprig_Victor_Vetterlein_Chandeleir_Jan_11_2011.jpg?resize=576%2C576&ssl=1",576,576,true],"ab-block-post-grid-landscape":["https:\/\/i0.wp.com\/www.joyana.fr\/wp-content\/uploads\/old\/Sprig_Victor_Vetterlein_Chandeleir_Jan_11_2011.jpg?resize=576%2C400&ssl=1",576,400,true],"ab-block-post-grid-square":["https:\/\/i0.wp.com\/www.joyana.fr\/wp-content\/uploads\/old\/Sprig_Victor_Vetterlein_Chandeleir_Jan_11_2011.jpg?resize=576%2C576&ssl=1",576,576,true],"author-pro-image":["https:\/\/i0.wp.com\/www.joyana.fr\/wp-content\/uploads\/old\/Sprig_Victor_Vetterlein_Chandeleir_Jan_11_2011.jpg?resize=360%2C570&ssl=1",360,570,true],"slider":["https:\/\/i0.wp.com\/www.joyana.fr\/wp-content\/uploads\/old\/Sprig_Victor_Vetterlein_Chandeleir_Jan_11_2011.jpg?resize=576%2C400&ssl=1",576,400,true],"woocommerce_thumbnail":["https:\/\/i0.wp.com\/www.joyana.fr\/wp-content\/uploads\/old\/Sprig_Victor_Vetterlein_Chandeleir_Jan_11_2011.jpg?resize=450%2C450&ssl=1",450,450,true],"woocommerce_single":["https:\/\/i0.wp.com\/www.joyana.fr\/wp-content\/uploads\/old\/Sprig_Victor_Vetterlein_Chandeleir_Jan_11_2011.jpg?fit=576%2C576&ssl=1",576,576,true],"woocommerce_gallery_thumbnail":["https:\/\/i0.wp.com\/www.joyana.fr\/wp-content\/uploads\/old\/Sprig_Victor_Vetterlein_Chandeleir_Jan_11_2011.jpg?resize=180%2C180&ssl=1",180,180,true],"sow-carousel-default":["https:\/\/i0.wp.com\/www.joyana.fr\/wp-content\/uploads\/old\/Sprig_Victor_Vetterlein_Chandeleir_Jan_11_2011.jpg?resize=272%2C182&ssl=1",272,182,true]},"uagb_author_info":{"display_name":"Jo Yana","author_link":"https:\/\/www.joyana.fr\/ja\/author\/joyana\/"},"uagb_comment_info":15,"uagb_excerpt":"Le designer Victor Vetterlein nous pr\u00e9sente son luminai&hellip;","coauthors":[],"tax_additional":{"categories":{"linked":["<a href=\"https:\/\/www.joyana.fr\/ja\/category\/deco-design\/\" class=\"advgb-post-tax-term\">DECO-DESIGN<\/a>","<a href=\"https:\/\/www.joyana.fr\/ja\/category\/deco-design\/luminaire\/lampadaire\/\" class=\"advgb-post-tax-term\">Lampadaire<\/a>","<a href=\"https:\/\/www.joyana.fr\/ja\/category\/deco-design\/luminaire\/lampe\/\" class=\"advgb-post-tax-term\">Lampe<\/a>","<a href=\"https:\/\/www.joyana.fr\/ja\/category\/deco-design\/luminaire\/\" class=\"advgb-post-tax-term\">Luminaire<\/a>","<a href=\"https:\/\/www.joyana.fr\/ja\/category\/deco-design\/luminaire\/suspension\/\" class=\"advgb-post-tax-term\">Suspension<\/a>","<a href=\"https:\/\/www.joyana.fr\/ja\/category\/deco-design\/designer\/victor-vetterlein\/\" class=\"advgb-post-tax-term\">Victor VETTERLEIN<\/a>"],"unlinked":["<span class=\"advgb-post-tax-term\">DECO-DESIGN<\/span>","<span class=\"advgb-post-tax-term\">Lampadaire<\/span>","<span class=\"advgb-post-tax-term\">Lampe<\/span>","<span class=\"advgb-post-tax-term\">Luminaire<\/span>","<span class=\"advgb-post-tax-term\">Suspension<\/span>","<span class=\"advgb-post-tax-term\">Victor VETTERLEIN<\/span>"]},"tags":{"linked":["<a href=\"https:\/\/www.joyana.fr\/ja\/category\/deco-design\/designer\/victor-vetterlein\/\" class=\"advgb-post-tax-term\">DESIGN<\/a>","<a href=\"https:\/\/www.joyana.fr\/ja\/category\/deco-design\/designer\/victor-vetterlein\/\" class=\"advgb-post-tax-term\">LED<\/a>","<a href=\"https:\/\/www.joyana.fr\/ja\/category\/deco-design\/designer\/victor-vetterlein\/\" class=\"advgb-post-tax-term\">Modulable<\/a>","<a href=\"https:\/\/www.joyana.fr\/ja\/category\/deco-design\/designer\/victor-vetterlein\/\" class=\"advgb-post-tax-term\">Noir<\/a>"],"unlinked":["<span class=\"advgb-post-tax-term\">DESIGN<\/span>","<span class=\"advgb-post-tax-term\">LED<\/span>","<span class=\"advgb-post-tax-term\">Modulable<\/span>","<span class=\"advgb-post-tax-term\">Noir<\/span>"]}},"comment_count":15,"relative_dates":{"created":"Posted 15\u5e74 ago","modified":"Updated 15\u5e74 ago"},"absolute_dates":{"created":"Posted on 11 1\u6708 2011","modified":"Updated on 11 1\u6708 2011"},"absolute_dates_time":{"created":"Posted on 11 1\u6708 2011 8:18","modified":"Updated on 11 1\u6708 2011 8:18"},"featured_img_caption":"","series_order":"","jetpack_sharing_enabled":true,"jetpack_shortlink":"https:\/\/wp.me\/p9bteI-rsA","jetpack-related-posts":[],"_links":{"self":[{"href":"https:\/\/www.joyana.fr\/ja\/wp-json\/wp\/v2\/posts\/105560","targetHints":{"allow":["GET"]}}],"collection":[{"href":"https:\/\/www.joyana.fr\/ja\/wp-json\/wp\/v2\/posts"}],"about":[{"href":"https:\/\/www.joyana.fr\/ja\/wp-json\/wp\/v2\/types\/post"}],"author":[{"embeddable":true,"href":"https:\/\/www.joyana.fr\/ja\/wp-json\/wp\/v2\/users\/3"}],"replies":[{"embeddable":true,"href":"https:\/\/www.joyana.fr\/ja\/wp-json\/wp\/v2\/comments?post=105560"}],"version-history":[{"count":0,"href":"https:\/\/www.joyana.fr\/ja\/wp-json\/wp\/v2\/posts\/105560\/revisions"}],"wp:featuredmedia":[{"embeddable":true,"href":"https:\/\/www.joyana.fr\/ja\/wp-json\/wp\/v2\/media\/105562"}],"wp:attachment":[{"href":"https:\/\/www.joyana.fr\/ja\/wp-json\/wp\/v2\/media?parent=105560"}],"wp:term":[{"taxonomy":"category","embeddable":true,"href":"https:\/\/www.joyana.fr\/ja\/wp-json\/wp\/v2\/categories?post=105560"},{"taxonomy":"post_tag","embeddable":true,"href":"https:\/\/www.joyana.fr\/ja\/wp-json\/wp\/v2\/tags?post=105560"}],"curies":[{"name":"wp","href":"https:\/\/api.w.org\/{rel}","templated":true}]}}