{"id":103797,"date":"2010-06-15T07:35:55","date_gmt":"2010-06-15T06:35:55","guid":{"rendered":"https:\/\/joyana.fr\/designers-days-2010-gallery-sbensimon\/"},"modified":"2010-06-15T07:35:55","modified_gmt":"2010-06-15T06:35:55","slug":"designers-days-2010-gallery-sbensimon","status":"publish","type":"post","link":"https:\/\/www.joyana.fr\/ja\/designers-days-2010-gallery-sbensimon\/103797\/","title":{"rendered":"DESIGNER&#8217;S DAYS 2010 &#8211; Gallery S.Bensimon"},"content":{"rendered":"<p>Coup de coeur pour la sc\u00e9nographie de la <strong>Gallery S.Bensimon<\/strong> par Charlotte Soyer &#8211; qui signe une mise en sc\u00e8ne malicieuse pour ces <a href=\"https:\/\/joyana.fr\/index.php?s=designer%27s+days+2010&#038;sbutt=Go\" title=\"DESIGNER'S DAYS 2010\"><strong>Designer&#8217;s Days 2010<\/strong><\/a>, o\u00f9 notre d\u00e9sir de Nature prend toute sa dimension&#8230;<\/p>\n<p><img data-recalc-dims=\"1\" decoding=\"async\" src=\"https:\/\/i0.wp.com\/joyana.fr\/wp-content\/uploads\/bensimon_home2.jpg?ssl=1\" alt=\"DESIGNER\u2019S DAYS 2010 - Gallery S.Bensimon\" align=\"top\" hspace=\"8\" \/><\/p>\n<p> Pour ces 10 ans de <strong>Designer&#8217;s Days<\/strong>, la <strong>Gallery S.Bensimon<\/strong> nous propose une s\u00e9lection d\u2019objets et de cr\u00e9ations qui seraient le reflet anticip\u00e9 de notre environnement futur (dans dix ans ???)&#8230; On retrouve des projections dans notre temps sign\u00e9es par Kossi Aguessy, A+A Cooren, le Studio NOCC, Yoav Avinoam, et bien d&#8217;autres&#8230;<\/p>\n<p><img data-recalc-dims=\"1\" decoding=\"async\" src=\"https:\/\/i0.wp.com\/joyana.fr\/wp-content\/uploads\/bensimon_48.jpg?ssl=1\" alt=\"DESIGNER\u2019S DAYS 2010 - Gallery S.Bensimon\" align=\"top\" hspace=\"8\" \/><\/p>\n<p><img data-recalc-dims=\"1\" decoding=\"async\" src=\"https:\/\/i0.wp.com\/joyana.fr\/wp-content\/uploads\/bensimon_7.jpg?ssl=1\" alt=\"DESIGNER\u2019S DAYS 2010 - Gallery S.Bensimon\" align=\"top\" hspace=\"8\" \/><\/p>\n<p><img data-recalc-dims=\"1\" decoding=\"async\" src=\"https:\/\/i0.wp.com\/joyana.fr\/wp-content\/uploads\/bensimon_4.jpg?ssl=1\" alt=\"DESIGNER\u2019S DAYS 2010 - Gallery S.Bensimon\" align=\"top\" hspace=\"8\" \/><\/p>\n<p>Pour les <strong>Designer\u2019s Days 2010<\/strong>, La <strong>Gallery Serge Bensimon<\/strong> a choisi d\u2019\u00e9diter le Vase Vortex (ci-dessous), gageure technique r\u00e9alis\u00e9e par Wilfried Allyn, imagin\u00e9 pour La Main de l\u2019Artisan. S\u00e9rie Li-mit\u00e9e \u00e0 21 exemplaires en trois tailles.<\/p>\n<p><img data-recalc-dims=\"1\" decoding=\"async\" src=\"https:\/\/i0.wp.com\/joyana.fr\/wp-content\/uploads\/bensimon_80.jpg?ssl=1\" alt=\"DESIGNER\u2019S DAYS 2010 - Gallery S.Bensimon\" align=\"top\" hspace=\"8\" \/><\/p>\n<p><img data-recalc-dims=\"1\" decoding=\"async\" src=\"https:\/\/i0.wp.com\/joyana.fr\/wp-content\/uploads\/bensimon_9252.jpg?ssl=1\" alt=\"DESIGNER\u2019S DAYS 2010 - Gallery S.Bensimon\" align=\"top\" hspace=\"8\" \/><\/p>\n<p><img data-recalc-dims=\"1\" decoding=\"async\" src=\"https:\/\/i0.wp.com\/joyana.fr\/wp-content\/uploads\/bensimon_home.jpg?ssl=1\" alt=\"DESIGNER\u2019S DAYS 2010 - Gallery S.Bensimon\" align=\"top\" hspace=\"8\" \/><\/p>\n<p>On aime le vase 3SOME par Kossi Aguessy (ci-dessus) et le projet RADIATION (ci-dessous) par le Studio NOCC qui explore le sc\u00e9nario o\u00f9 \u00e0 travers une s\u00e9lection naturelle (en r\u00e9alit\u00e9 empirique si l\u2019on consid\u00e8re que le facteur de s\u00e9lection est l\u2019humain et son exp\u00e9rience), une chaise et une table d\u2019appoint auraient mut\u00e9 suite \u00e0 une exposition \u00e0 la radiation&#8230;<\/p>\n<p><img data-recalc-dims=\"1\" decoding=\"async\" src=\"https:\/\/i0.wp.com\/joyana.fr\/wp-content\/uploads\/bensimon_c09244.jpg?ssl=1\" alt=\"DESIGNER\u2019S DAYS 2010 - Gallery S.Bensimon\" align=\"top\" hspace=\"8\" \/><\/p>\n<p><img data-recalc-dims=\"1\" decoding=\"async\" src=\"https:\/\/i0.wp.com\/joyana.fr\/wp-content\/uploads\/bensimon_40.jpg?ssl=1\" alt=\"DESIGNER\u2019S DAYS 2010 - Gallery S.Bensimon\" align=\"top\" hspace=\"8\" \/><\/p>\n<p><a href=\"http:\/\/blog.pleyel.fr\/\" title=\"BLOG PLEYEL\"><img data-recalc-dims=\"1\" decoding=\"async\" src=\"https:\/\/i0.wp.com\/joyana.fr\/wp-content\/uploads\/sponsor_pleyel.jpg?ssl=1\" alt=\"DESIGNER\u2019S DAYS 2010 - Pleyel\" align=\"top\" hspace=\"8\" \/><\/a><\/p>\n<p><em><strong>Gallery S. Bensimon<\/strong><br \/>\n111 rue de Turenne<br \/>\n75003 Paris (M\u00e9tro Filles du Calvaire)<\/em><\/p>\n<p><strong><a href=\"http:\/\/www.facebook.com\/pages\/Paris-France\/Gallery-SBensimon\/197585799525\" title=\"GALLERY BENSIMON\">Gallery S.Bensimon on Facebook <\/a><\/strong><\/p>\n<p>\u2014\u2014\u2014\u2014<\/p>\n<p><a href=\"https:\/\/joyana.fr\/\" title=\"BLOG EVENEMENT\">Jo Yana <\/a><\/p>\n","protected":false},"excerpt":{"rendered":"<p>Coup de coeur pour la sc\u00e9nographie de la Gallery S.Bensimon par Charlotte Soyer &#8211; qui signe une mise en  [&hellip;]<\/p>\n","protected":false},"author":3,"featured_media":103799,"comment_status":"open","ping_status":"open","sticky":false,"template":"","format":"standard","meta":{"_coblocks_attr":"","_coblocks_dimensions":"","_coblocks_responsive_height":"","_coblocks_accordion_ie_support":"","_uag_custom_page_level_css":"","advgb_blocks_editor_width":"","advgb_blocks_columns_visual_guide":"","_genesis_hide_title":false,"_genesis_hide_breadcrumbs":false,"_genesis_hide_singular_image":false,"_genesis_hide_footer_widgets":false,"_genesis_custom_body_class":"","_genesis_custom_post_class":"","_genesis_layout":"","_themeisle_gutenberg_block_has_review":false,"_jetpack_newsletter_access":"","_jetpack_dont_email_post_to_subs":false,"_jetpack_newsletter_tier_id":0,"_jetpack_memberships_contains_paywalled_content":false,"_jetpack_memberships_contains_paid_content":false,"footnotes":""},"categories":[938,1005,905],"tags":[994,12],"class_list":{"0":"post-103797","1":"post","2":"type-post","3":"status-publish","4":"format-standard","5":"has-post-thumbnail","7":"category-actualite-deco-design","8":"category-designers-days","9":"category-deco-design","10":"tag-evenements","11":"tag-paris","12":"entry"},"featured_image_urls":{"full":["https:\/\/i0.wp.com\/www.joyana.fr\/wp-content\/uploads\/old\/bensimon_home2.jpg?fit=500%2C350&ssl=1",500,350,false],"thumbnail":["https:\/\/i0.wp.com\/www.joyana.fr\/wp-content\/uploads\/old\/bensimon_home2.jpg?resize=150%2C150&ssl=1",150,150,true],"medium":["https:\/\/i0.wp.com\/www.joyana.fr\/wp-content\/uploads\/old\/bensimon_home2.jpg?fit=389%2C272&ssl=1",389,272,true],"medium_large":["https:\/\/i0.wp.com\/www.joyana.fr\/wp-content\/uploads\/old\/bensimon_home2.jpg?fit=500%2C350&ssl=1",500,350,true],"large":["https:\/\/i0.wp.com\/www.joyana.fr\/wp-content\/uploads\/old\/bensimon_home2.jpg?fit=500%2C350&ssl=1",500,350,true],"1536x1536":["https:\/\/i0.wp.com\/www.joyana.fr\/wp-content\/uploads\/old\/bensimon_home2.jpg?fit=500%2C350&ssl=1",500,350,true],"2048x2048":["https:\/\/i0.wp.com\/www.joyana.fr\/wp-content\/uploads\/old\/bensimon_home2.jpg?fit=500%2C350&ssl=1",500,350,true],"featured-thumb":["https:\/\/i0.wp.com\/www.joyana.fr\/wp-content\/uploads\/old\/bensimon_home2.jpg?resize=500%2C350&ssl=1",500,350,true],"ab-block-post-grid-landscape":["https:\/\/i0.wp.com\/www.joyana.fr\/wp-content\/uploads\/old\/bensimon_home2.jpg?resize=500%2C350&ssl=1",500,350,true],"ab-block-post-grid-square":["https:\/\/i0.wp.com\/www.joyana.fr\/wp-content\/uploads\/old\/bensimon_home2.jpg?resize=500%2C350&ssl=1",500,350,true],"author-pro-image":["https:\/\/i0.wp.com\/www.joyana.fr\/wp-content\/uploads\/old\/bensimon_home2.jpg?resize=360%2C350&ssl=1",360,350,true],"slider":["https:\/\/i0.wp.com\/www.joyana.fr\/wp-content\/uploads\/old\/bensimon_home2.jpg?resize=500%2C350&ssl=1",500,350,true],"woocommerce_thumbnail":["https:\/\/i0.wp.com\/www.joyana.fr\/wp-content\/uploads\/old\/bensimon_home2.jpg?resize=450%2C350&ssl=1",450,350,true],"woocommerce_single":["https:\/\/i0.wp.com\/www.joyana.fr\/wp-content\/uploads\/old\/bensimon_home2.jpg?fit=500%2C350&ssl=1",500,350,true],"woocommerce_gallery_thumbnail":["https:\/\/i0.wp.com\/www.joyana.fr\/wp-content\/uploads\/old\/bensimon_home2.jpg?resize=180%2C180&ssl=1",180,180,true],"sow-carousel-default":["https:\/\/i0.wp.com\/www.joyana.fr\/wp-content\/uploads\/old\/bensimon_home2.jpg?resize=272%2C182&ssl=1",272,182,true]},"post_excerpt_stackable":"<p>Coup de coeur pour la sc\u00e9nographie de la Gallery S.Bensimon par Charlotte Soyer &#8211; qui signe un&hellip;<\/p>\n","category_list":"<a href=\"https:\/\/www.joyana.fr\/ja\/category\/deco-design\/actualite\/actualite-deco-design\/\" rel=\"category tag\">Actualit\u00e9 D\u00e9co-Design<\/a>, <a href=\"https:\/\/www.joyana.fr\/ja\/category\/deco-design\/actualite\/salon\/designers-days\/\" rel=\"category tag\">D'DAYS<\/a>, <a href=\"https:\/\/www.joyana.fr\/ja\/category\/deco-design\/\" rel=\"category tag\">DECO-DESIGN<\/a>","author_info":{"display_name":"Jo Yana","author_link":"https:\/\/www.joyana.fr\/ja\/author\/joyana\/"},"comments_num":"18 comments","featured_image_urls_v2":{"full":["https:\/\/i0.wp.com\/www.joyana.fr\/wp-content\/uploads\/old\/bensimon_home2.jpg?fit=500%2C350&ssl=1",500,350,false],"thumbnail":["https:\/\/i0.wp.com\/www.joyana.fr\/wp-content\/uploads\/old\/bensimon_home2.jpg?resize=150%2C150&ssl=1",150,150,true],"medium":["https:\/\/i0.wp.com\/www.joyana.fr\/wp-content\/uploads\/old\/bensimon_home2.jpg?fit=389%2C272&ssl=1",389,272,true],"medium_large":["https:\/\/i0.wp.com\/www.joyana.fr\/wp-content\/uploads\/old\/bensimon_home2.jpg?fit=500%2C350&ssl=1",500,350,true],"large":["https:\/\/i0.wp.com\/www.joyana.fr\/wp-content\/uploads\/old\/bensimon_home2.jpg?fit=500%2C350&ssl=1",500,350,true],"1536x1536":["https:\/\/i0.wp.com\/www.joyana.fr\/wp-content\/uploads\/old\/bensimon_home2.jpg?fit=500%2C350&ssl=1",500,350,true],"2048x2048":["https:\/\/i0.wp.com\/www.joyana.fr\/wp-content\/uploads\/old\/bensimon_home2.jpg?fit=500%2C350&ssl=1",500,350,true],"featured-thumb":["https:\/\/i0.wp.com\/www.joyana.fr\/wp-content\/uploads\/old\/bensimon_home2.jpg?resize=500%2C350&ssl=1",500,350,true],"ab-block-post-grid-landscape":["https:\/\/i0.wp.com\/www.joyana.fr\/wp-content\/uploads\/old\/bensimon_home2.jpg?resize=500%2C350&ssl=1",500,350,true],"ab-block-post-grid-square":["https:\/\/i0.wp.com\/www.joyana.fr\/wp-content\/uploads\/old\/bensimon_home2.jpg?resize=500%2C350&ssl=1",500,350,true],"author-pro-image":["https:\/\/i0.wp.com\/www.joyana.fr\/wp-content\/uploads\/old\/bensimon_home2.jpg?resize=360%2C350&ssl=1",360,350,true],"slider":["https:\/\/i0.wp.com\/www.joyana.fr\/wp-content\/uploads\/old\/bensimon_home2.jpg?resize=500%2C350&ssl=1",500,350,true],"woocommerce_thumbnail":["https:\/\/i0.wp.com\/www.joyana.fr\/wp-content\/uploads\/old\/bensimon_home2.jpg?resize=450%2C350&ssl=1",450,350,true],"woocommerce_single":["https:\/\/i0.wp.com\/www.joyana.fr\/wp-content\/uploads\/old\/bensimon_home2.jpg?fit=500%2C350&ssl=1",500,350,true],"woocommerce_gallery_thumbnail":["https:\/\/i0.wp.com\/www.joyana.fr\/wp-content\/uploads\/old\/bensimon_home2.jpg?resize=180%2C180&ssl=1",180,180,true],"sow-carousel-default":["https:\/\/i0.wp.com\/www.joyana.fr\/wp-content\/uploads\/old\/bensimon_home2.jpg?resize=272%2C182&ssl=1",272,182,true]},"post_excerpt_stackable_v2":"<p>Coup de coeur pour la sc\u00e9nographie de la Gallery S.Bensimon par Charlotte Soyer &#8211; qui signe un&hellip;<\/p>\n","category_list_v2":"<a href=\"https:\/\/www.joyana.fr\/ja\/category\/deco-design\/actualite\/actualite-deco-design\/\" rel=\"category tag\">Actualit\u00e9 D\u00e9co-Design<\/a>, <a href=\"https:\/\/www.joyana.fr\/ja\/category\/deco-design\/actualite\/salon\/designers-days\/\" rel=\"category tag\">D'DAYS<\/a>, <a href=\"https:\/\/www.joyana.fr\/ja\/category\/deco-design\/\" rel=\"category tag\">DECO-DESIGN<\/a>","author_info_v2":{"name":"Jo Yana","url":"https:\/\/www.joyana.fr\/ja\/author\/joyana\/"},"comments_num_v2":"18 comments","yoast_head":"<!-- This site is optimized with the Yoast SEO plugin v26.8 - https:\/\/yoast.com\/product\/yoast-seo-wordpress\/ -->\n<title>DESIGNER&#039;S DAYS 2010 - Gallery S.Bensimon - JO YANA<\/title>\n<meta name=\"robots\" content=\"index, follow, max-snippet:-1, max-image-preview:large, max-video-preview:-1\" \/>\n<link rel=\"canonical\" href=\"https:\/\/www.joyana.fr\/ja\/designers-days-2010-gallery-sbensimon\/103797\/\" \/>\n<meta property=\"og:locale\" content=\"ja_JP\" \/>\n<meta property=\"og:locale:alternate\" content=\"fr_FR\" \/>\n<meta property=\"og:locale:alternate\" content=\"en_US\" \/>\n<meta property=\"og:type\" content=\"article\" \/>\n<meta property=\"og:title\" content=\"DESIGNER&#039;S DAYS 2010 - Gallery S.Bensimon - JO YANA\" \/>\n<meta property=\"og:description\" content=\"Coup de coeur pour la sc\u00e9nographie de la Gallery S.Bensimon par Charlotte Soyer &#8211; qui signe une mise en [&hellip;]\" \/>\n<meta property=\"og:url\" content=\"https:\/\/www.joyana.fr\/ja\/designers-days-2010-gallery-sbensimon\/103797\/\" \/>\n<meta property=\"og:site_name\" content=\"JO YANA\" \/>\n<meta property=\"article:published_time\" content=\"2010-06-15T06:35:55+00:00\" \/>\n<meta property=\"og:image\" content=\"https:\/\/i0.wp.com\/www.joyana.fr\/wp-content\/uploads\/old\/bensimon_home2.jpg?fit=500%2C350&ssl=1\" \/>\n\t<meta property=\"og:image:width\" content=\"500\" \/>\n\t<meta property=\"og:image:height\" content=\"350\" \/>\n\t<meta property=\"og:image:type\" content=\"image\/jpeg\" \/>\n<meta name=\"author\" content=\"Jo Yana\" \/>\n<meta name=\"twitter:card\" content=\"summary_large_image\" \/>\n<meta name=\"twitter:creator\" content=\"@Jo_Yana\" \/>\n<meta name=\"twitter:site\" content=\"@Jo_Yana\" \/>\n<meta name=\"twitter:label1\" content=\"\u57f7\u7b46\u8005\" \/>\n\t<meta name=\"twitter:data1\" content=\"Jo Yana\" \/>\n\t<meta name=\"twitter:label2\" content=\"\u63a8\u5b9a\u8aad\u307f\u53d6\u308a\u6642\u9593\" \/>\n\t<meta name=\"twitter:data2\" content=\"1\u5206\" \/>\n<script type=\"application\/ld+json\" class=\"yoast-schema-graph\">{\"@context\":\"https:\/\/schema.org\",\"@graph\":[{\"@type\":\"Article\",\"@id\":\"https:\/\/www.joyana.fr\/ja\/designers-days-2010-gallery-sbensimon\/103797\/#article\",\"isPartOf\":{\"@id\":\"https:\/\/www.joyana.fr\/ja\/designers-days-2010-gallery-sbensimon\/103797\/\"},\"author\":{\"name\":\"Jo Yana\",\"@id\":\"https:\/\/www.joyana.fr\/#\/schema\/person\/cf2a1ad12a27c12c21801075bf37407c\"},\"headline\":\"DESIGNER&#8217;S DAYS 2010 &#8211; Gallery S.Bensimon\",\"datePublished\":\"2010-06-15T06:35:55+00:00\",\"mainEntityOfPage\":{\"@id\":\"https:\/\/www.joyana.fr\/ja\/designers-days-2010-gallery-sbensimon\/103797\/\"},\"wordCount\":228,\"commentCount\":0,\"publisher\":{\"@id\":\"https:\/\/www.joyana.fr\/#\/schema\/person\/cf2a1ad12a27c12c21801075bf37407c\"},\"image\":{\"@id\":\"https:\/\/www.joyana.fr\/ja\/designers-days-2010-gallery-sbensimon\/103797\/#primaryimage\"},\"thumbnailUrl\":\"https:\/\/i0.wp.com\/www.joyana.fr\/wp-content\/uploads\/old\/bensimon_home2.jpg?fit=500%2C350&ssl=1\",\"keywords\":[\"Ev\u00e8nements\",\"Paris\"],\"articleSection\":[\"Actualit\u00e9 D\u00e9co-Design\",\"D'DAYS\",\"DECO-DESIGN\"],\"inLanguage\":\"ja\",\"potentialAction\":[{\"@type\":\"CommentAction\",\"name\":\"Comment\",\"target\":[\"https:\/\/www.joyana.fr\/ja\/designers-days-2010-gallery-sbensimon\/103797\/#respond\"]}]},{\"@type\":\"WebPage\",\"@id\":\"https:\/\/www.joyana.fr\/ja\/designers-days-2010-gallery-sbensimon\/103797\/\",\"url\":\"https:\/\/www.joyana.fr\/ja\/designers-days-2010-gallery-sbensimon\/103797\/\",\"name\":\"DESIGNER'S DAYS 2010 - Gallery S.Bensimon - JO YANA\",\"isPartOf\":{\"@id\":\"https:\/\/www.joyana.fr\/#website\"},\"primaryImageOfPage\":{\"@id\":\"https:\/\/www.joyana.fr\/ja\/designers-days-2010-gallery-sbensimon\/103797\/#primaryimage\"},\"image\":{\"@id\":\"https:\/\/www.joyana.fr\/ja\/designers-days-2010-gallery-sbensimon\/103797\/#primaryimage\"},\"thumbnailUrl\":\"https:\/\/i0.wp.com\/www.joyana.fr\/wp-content\/uploads\/old\/bensimon_home2.jpg?fit=500%2C350&ssl=1\",\"datePublished\":\"2010-06-15T06:35:55+00:00\",\"breadcrumb\":{\"@id\":\"https:\/\/www.joyana.fr\/ja\/designers-days-2010-gallery-sbensimon\/103797\/#breadcrumb\"},\"inLanguage\":\"ja\",\"potentialAction\":[{\"@type\":\"ReadAction\",\"target\":[\"https:\/\/www.joyana.fr\/ja\/designers-days-2010-gallery-sbensimon\/103797\/\"]}]},{\"@type\":\"ImageObject\",\"inLanguage\":\"ja\",\"@id\":\"https:\/\/www.joyana.fr\/ja\/designers-days-2010-gallery-sbensimon\/103797\/#primaryimage\",\"url\":\"https:\/\/i0.wp.com\/www.joyana.fr\/wp-content\/uploads\/old\/bensimon_home2.jpg?fit=500%2C350&ssl=1\",\"contentUrl\":\"https:\/\/i0.wp.com\/www.joyana.fr\/wp-content\/uploads\/old\/bensimon_home2.jpg?fit=500%2C350&ssl=1\",\"width\":500,\"height\":350},{\"@type\":\"BreadcrumbList\",\"@id\":\"https:\/\/www.joyana.fr\/ja\/designers-days-2010-gallery-sbensimon\/103797\/#breadcrumb\",\"itemListElement\":[{\"@type\":\"ListItem\",\"position\":1,\"name\":\"Accueil\",\"item\":\"https:\/\/www.joyana.fr\/\"},{\"@type\":\"ListItem\",\"position\":2,\"name\":\"DESIGNER&#8217;S DAYS 2010 &#8211; Gallery S.Bensimon\"}]},{\"@type\":\"WebSite\",\"@id\":\"https:\/\/www.joyana.fr\/#website\",\"url\":\"https:\/\/www.joyana.fr\/\",\"name\":\"JO YANA\",\"description\":\"Blog Mode Homme, Lifestyle, D\u00e9co-Design\",\"publisher\":{\"@id\":\"https:\/\/www.joyana.fr\/#\/schema\/person\/cf2a1ad12a27c12c21801075bf37407c\"},\"potentialAction\":[{\"@type\":\"SearchAction\",\"target\":{\"@type\":\"EntryPoint\",\"urlTemplate\":\"https:\/\/www.joyana.fr\/?s={search_term_string}\"},\"query-input\":{\"@type\":\"PropertyValueSpecification\",\"valueRequired\":true,\"valueName\":\"search_term_string\"}}],\"inLanguage\":\"ja\"},{\"@type\":[\"Person\",\"Organization\"],\"@id\":\"https:\/\/www.joyana.fr\/#\/schema\/person\/cf2a1ad12a27c12c21801075bf37407c\",\"name\":\"Jo Yana\",\"image\":{\"@type\":\"ImageObject\",\"inLanguage\":\"ja\",\"@id\":\"https:\/\/www.joyana.fr\/#\/schema\/person\/image\/\",\"url\":\"https:\/\/i0.wp.com\/www.joyana.fr\/wp-content\/uploads\/2016\/08\/cropped-joyana-logo-black-360x180.png?fit=343%2C164&ssl=1\",\"contentUrl\":\"https:\/\/i0.wp.com\/www.joyana.fr\/wp-content\/uploads\/2016\/08\/cropped-joyana-logo-black-360x180.png?fit=343%2C164&ssl=1\",\"width\":343,\"height\":164,\"caption\":\"Jo Yana\"},\"logo\":{\"@id\":\"https:\/\/www.joyana.fr\/#\/schema\/person\/image\/\"},\"description\":\"Jo Yana est le cr\u00e9ateur et r\u00e9dacteur en chef des sites DECO-DESIGN. Passionn\u00e9 de Design, Mode, Photo, Luxe, Lifestyle, Musique, mais avant tout Blogueur ! Le plaisir de partager l'anime et a comme devise \\\"POUR L'AMOUR DU BEAU\\\". Retrouvez le aussi sur son blog personnel - https:\/\/joyana.fr...\",\"sameAs\":[\"https:\/\/joyana.fr\/\"],\"url\":\"https:\/\/www.joyana.fr\/ja\/author\/joyana\/\"}]}<\/script>\n<!-- \/ Yoast SEO plugin. -->","yoast_head_json":{"title":"DESIGNER'S DAYS 2010 - Gallery S.Bensimon - JO YANA","robots":{"index":"index","follow":"follow","max-snippet":"max-snippet:-1","max-image-preview":"max-image-preview:large","max-video-preview":"max-video-preview:-1"},"canonical":"https:\/\/www.joyana.fr\/ja\/designers-days-2010-gallery-sbensimon\/103797\/","og_locale":"ja_JP","og_type":"article","og_title":"DESIGNER'S DAYS 2010 - Gallery S.Bensimon - JO YANA","og_description":"Coup de coeur pour la sc\u00e9nographie de la Gallery S.Bensimon par Charlotte Soyer &#8211; qui signe une mise en [&hellip;]","og_url":"https:\/\/www.joyana.fr\/ja\/designers-days-2010-gallery-sbensimon\/103797\/","og_site_name":"JO YANA","article_published_time":"2010-06-15T06:35:55+00:00","og_image":[{"width":500,"height":350,"url":"https:\/\/i0.wp.com\/www.joyana.fr\/wp-content\/uploads\/old\/bensimon_home2.jpg?fit=500%2C350&ssl=1","type":"image\/jpeg"}],"author":"Jo Yana","twitter_card":"summary_large_image","twitter_creator":"@Jo_Yana","twitter_site":"@Jo_Yana","twitter_misc":{"\u57f7\u7b46\u8005":"Jo Yana","\u63a8\u5b9a\u8aad\u307f\u53d6\u308a\u6642\u9593":"1\u5206"},"schema":{"@context":"https:\/\/schema.org","@graph":[{"@type":"Article","@id":"https:\/\/www.joyana.fr\/ja\/designers-days-2010-gallery-sbensimon\/103797\/#article","isPartOf":{"@id":"https:\/\/www.joyana.fr\/ja\/designers-days-2010-gallery-sbensimon\/103797\/"},"author":{"name":"Jo Yana","@id":"https:\/\/www.joyana.fr\/#\/schema\/person\/cf2a1ad12a27c12c21801075bf37407c"},"headline":"DESIGNER&#8217;S DAYS 2010 &#8211; Gallery S.Bensimon","datePublished":"2010-06-15T06:35:55+00:00","mainEntityOfPage":{"@id":"https:\/\/www.joyana.fr\/ja\/designers-days-2010-gallery-sbensimon\/103797\/"},"wordCount":228,"commentCount":0,"publisher":{"@id":"https:\/\/www.joyana.fr\/#\/schema\/person\/cf2a1ad12a27c12c21801075bf37407c"},"image":{"@id":"https:\/\/www.joyana.fr\/ja\/designers-days-2010-gallery-sbensimon\/103797\/#primaryimage"},"thumbnailUrl":"https:\/\/i0.wp.com\/www.joyana.fr\/wp-content\/uploads\/old\/bensimon_home2.jpg?fit=500%2C350&ssl=1","keywords":["Ev\u00e8nements","Paris"],"articleSection":["Actualit\u00e9 D\u00e9co-Design","D'DAYS","DECO-DESIGN"],"inLanguage":"ja","potentialAction":[{"@type":"CommentAction","name":"Comment","target":["https:\/\/www.joyana.fr\/ja\/designers-days-2010-gallery-sbensimon\/103797\/#respond"]}]},{"@type":"WebPage","@id":"https:\/\/www.joyana.fr\/ja\/designers-days-2010-gallery-sbensimon\/103797\/","url":"https:\/\/www.joyana.fr\/ja\/designers-days-2010-gallery-sbensimon\/103797\/","name":"DESIGNER'S DAYS 2010 - Gallery S.Bensimon - JO YANA","isPartOf":{"@id":"https:\/\/www.joyana.fr\/#website"},"primaryImageOfPage":{"@id":"https:\/\/www.joyana.fr\/ja\/designers-days-2010-gallery-sbensimon\/103797\/#primaryimage"},"image":{"@id":"https:\/\/www.joyana.fr\/ja\/designers-days-2010-gallery-sbensimon\/103797\/#primaryimage"},"thumbnailUrl":"https:\/\/i0.wp.com\/www.joyana.fr\/wp-content\/uploads\/old\/bensimon_home2.jpg?fit=500%2C350&ssl=1","datePublished":"2010-06-15T06:35:55+00:00","breadcrumb":{"@id":"https:\/\/www.joyana.fr\/ja\/designers-days-2010-gallery-sbensimon\/103797\/#breadcrumb"},"inLanguage":"ja","potentialAction":[{"@type":"ReadAction","target":["https:\/\/www.joyana.fr\/ja\/designers-days-2010-gallery-sbensimon\/103797\/"]}]},{"@type":"ImageObject","inLanguage":"ja","@id":"https:\/\/www.joyana.fr\/ja\/designers-days-2010-gallery-sbensimon\/103797\/#primaryimage","url":"https:\/\/i0.wp.com\/www.joyana.fr\/wp-content\/uploads\/old\/bensimon_home2.jpg?fit=500%2C350&ssl=1","contentUrl":"https:\/\/i0.wp.com\/www.joyana.fr\/wp-content\/uploads\/old\/bensimon_home2.jpg?fit=500%2C350&ssl=1","width":500,"height":350},{"@type":"BreadcrumbList","@id":"https:\/\/www.joyana.fr\/ja\/designers-days-2010-gallery-sbensimon\/103797\/#breadcrumb","itemListElement":[{"@type":"ListItem","position":1,"name":"Accueil","item":"https:\/\/www.joyana.fr\/"},{"@type":"ListItem","position":2,"name":"DESIGNER&#8217;S DAYS 2010 &#8211; Gallery S.Bensimon"}]},{"@type":"WebSite","@id":"https:\/\/www.joyana.fr\/#website","url":"https:\/\/www.joyana.fr\/","name":"JO YANA","description":"Blog Mode Homme, Lifestyle, D\u00e9co-Design","publisher":{"@id":"https:\/\/www.joyana.fr\/#\/schema\/person\/cf2a1ad12a27c12c21801075bf37407c"},"potentialAction":[{"@type":"SearchAction","target":{"@type":"EntryPoint","urlTemplate":"https:\/\/www.joyana.fr\/?s={search_term_string}"},"query-input":{"@type":"PropertyValueSpecification","valueRequired":true,"valueName":"search_term_string"}}],"inLanguage":"ja"},{"@type":["Person","Organization"],"@id":"https:\/\/www.joyana.fr\/#\/schema\/person\/cf2a1ad12a27c12c21801075bf37407c","name":"Jo Yana","image":{"@type":"ImageObject","inLanguage":"ja","@id":"https:\/\/www.joyana.fr\/#\/schema\/person\/image\/","url":"https:\/\/i0.wp.com\/www.joyana.fr\/wp-content\/uploads\/2016\/08\/cropped-joyana-logo-black-360x180.png?fit=343%2C164&ssl=1","contentUrl":"https:\/\/i0.wp.com\/www.joyana.fr\/wp-content\/uploads\/2016\/08\/cropped-joyana-logo-black-360x180.png?fit=343%2C164&ssl=1","width":343,"height":164,"caption":"Jo Yana"},"logo":{"@id":"https:\/\/www.joyana.fr\/#\/schema\/person\/image\/"},"description":"Jo Yana est le cr\u00e9ateur et r\u00e9dacteur en chef des sites DECO-DESIGN. Passionn\u00e9 de Design, Mode, Photo, Luxe, Lifestyle, Musique, mais avant tout Blogueur ! Le plaisir de partager l'anime et a comme devise \"POUR L'AMOUR DU BEAU\". Retrouvez le aussi sur son blog personnel - https:\/\/joyana.fr...","sameAs":["https:\/\/joyana.fr\/"],"url":"https:\/\/www.joyana.fr\/ja\/author\/joyana\/"}]}},"author_meta":{"display_name":"Jo Yana","author_link":"https:\/\/www.joyana.fr\/ja\/author\/joyana\/"},"featured_img":"https:\/\/i0.wp.com\/www.joyana.fr\/wp-content\/uploads\/old\/bensimon_home2.jpg?fit=389%2C272&ssl=1","featured_image_src":"https:\/\/i0.wp.com\/www.joyana.fr\/wp-content\/uploads\/old\/bensimon_home2.jpg?resize=500%2C350&ssl=1","featured_image_src_square":"https:\/\/i0.wp.com\/www.joyana.fr\/wp-content\/uploads\/old\/bensimon_home2.jpg?resize=500%2C350&ssl=1","jetpack_featured_media_url":"https:\/\/i0.wp.com\/www.joyana.fr\/wp-content\/uploads\/old\/bensimon_home2.jpg?fit=500%2C350&ssl=1","uagb_featured_image_src":{"full":["https:\/\/i0.wp.com\/www.joyana.fr\/wp-content\/uploads\/old\/bensimon_home2.jpg?fit=500%2C350&ssl=1",500,350,false],"thumbnail":["https:\/\/i0.wp.com\/www.joyana.fr\/wp-content\/uploads\/old\/bensimon_home2.jpg?resize=150%2C150&ssl=1",150,150,true],"medium":["https:\/\/i0.wp.com\/www.joyana.fr\/wp-content\/uploads\/old\/bensimon_home2.jpg?fit=389%2C272&ssl=1",389,272,true],"medium_large":["https:\/\/i0.wp.com\/www.joyana.fr\/wp-content\/uploads\/old\/bensimon_home2.jpg?fit=500%2C350&ssl=1",500,350,true],"large":["https:\/\/i0.wp.com\/www.joyana.fr\/wp-content\/uploads\/old\/bensimon_home2.jpg?fit=500%2C350&ssl=1",500,350,true],"1536x1536":["https:\/\/i0.wp.com\/www.joyana.fr\/wp-content\/uploads\/old\/bensimon_home2.jpg?fit=500%2C350&ssl=1",500,350,true],"2048x2048":["https:\/\/i0.wp.com\/www.joyana.fr\/wp-content\/uploads\/old\/bensimon_home2.jpg?fit=500%2C350&ssl=1",500,350,true],"featured-thumb":["https:\/\/i0.wp.com\/www.joyana.fr\/wp-content\/uploads\/old\/bensimon_home2.jpg?resize=500%2C350&ssl=1",500,350,true],"ab-block-post-grid-landscape":["https:\/\/i0.wp.com\/www.joyana.fr\/wp-content\/uploads\/old\/bensimon_home2.jpg?resize=500%2C350&ssl=1",500,350,true],"ab-block-post-grid-square":["https:\/\/i0.wp.com\/www.joyana.fr\/wp-content\/uploads\/old\/bensimon_home2.jpg?resize=500%2C350&ssl=1",500,350,true],"author-pro-image":["https:\/\/i0.wp.com\/www.joyana.fr\/wp-content\/uploads\/old\/bensimon_home2.jpg?resize=360%2C350&ssl=1",360,350,true],"slider":["https:\/\/i0.wp.com\/www.joyana.fr\/wp-content\/uploads\/old\/bensimon_home2.jpg?resize=500%2C350&ssl=1",500,350,true],"woocommerce_thumbnail":["https:\/\/i0.wp.com\/www.joyana.fr\/wp-content\/uploads\/old\/bensimon_home2.jpg?resize=450%2C350&ssl=1",450,350,true],"woocommerce_single":["https:\/\/i0.wp.com\/www.joyana.fr\/wp-content\/uploads\/old\/bensimon_home2.jpg?fit=500%2C350&ssl=1",500,350,true],"woocommerce_gallery_thumbnail":["https:\/\/i0.wp.com\/www.joyana.fr\/wp-content\/uploads\/old\/bensimon_home2.jpg?resize=180%2C180&ssl=1",180,180,true],"sow-carousel-default":["https:\/\/i0.wp.com\/www.joyana.fr\/wp-content\/uploads\/old\/bensimon_home2.jpg?resize=272%2C182&ssl=1",272,182,true]},"uagb_author_info":{"display_name":"Jo Yana","author_link":"https:\/\/www.joyana.fr\/ja\/author\/joyana\/"},"uagb_comment_info":18,"uagb_excerpt":"Coup de coeur pour la sc\u00e9nographie de la Gallery S.Bens&hellip;","coauthors":[],"tax_additional":{"categories":{"linked":["<a href=\"https:\/\/www.joyana.fr\/ja\/category\/deco-design\/actualite\/actualite-deco-design\/\" class=\"advgb-post-tax-term\">Actualit\u00e9 D\u00e9co-Design<\/a>","<a href=\"https:\/\/www.joyana.fr\/ja\/category\/deco-design\/actualite\/salon\/designers-days\/\" class=\"advgb-post-tax-term\">D&#039;DAYS<\/a>","<a href=\"https:\/\/www.joyana.fr\/ja\/category\/deco-design\/\" class=\"advgb-post-tax-term\">DECO-DESIGN<\/a>"],"unlinked":["<span class=\"advgb-post-tax-term\">Actualit\u00e9 D\u00e9co-Design<\/span>","<span class=\"advgb-post-tax-term\">D&#039;DAYS<\/span>","<span class=\"advgb-post-tax-term\">DECO-DESIGN<\/span>"]},"tags":{"linked":["<a href=\"https:\/\/www.joyana.fr\/ja\/category\/deco-design\/\" class=\"advgb-post-tax-term\">Ev\u00e8nements<\/a>","<a href=\"https:\/\/www.joyana.fr\/ja\/category\/deco-design\/\" class=\"advgb-post-tax-term\">Paris<\/a>"],"unlinked":["<span class=\"advgb-post-tax-term\">Ev\u00e8nements<\/span>","<span class=\"advgb-post-tax-term\">Paris<\/span>"]}},"comment_count":18,"relative_dates":{"created":"Posted 16\u5e74 ago","modified":"Updated 16\u5e74 ago"},"absolute_dates":{"created":"Posted on 15 6\u6708 2010","modified":"Updated on 15 6\u6708 2010"},"absolute_dates_time":{"created":"Posted on 15 6\u6708 2010 7:35","modified":"Updated on 15 6\u6708 2010 7:35"},"featured_img_caption":"","series_order":"","jetpack_sharing_enabled":true,"jetpack_shortlink":"https:\/\/wp.me\/p9bteI-r09","jetpack-related-posts":[],"_links":{"self":[{"href":"https:\/\/www.joyana.fr\/ja\/wp-json\/wp\/v2\/posts\/103797","targetHints":{"allow":["GET"]}}],"collection":[{"href":"https:\/\/www.joyana.fr\/ja\/wp-json\/wp\/v2\/posts"}],"about":[{"href":"https:\/\/www.joyana.fr\/ja\/wp-json\/wp\/v2\/types\/post"}],"author":[{"embeddable":true,"href":"https:\/\/www.joyana.fr\/ja\/wp-json\/wp\/v2\/users\/3"}],"replies":[{"embeddable":true,"href":"https:\/\/www.joyana.fr\/ja\/wp-json\/wp\/v2\/comments?post=103797"}],"version-history":[{"count":0,"href":"https:\/\/www.joyana.fr\/ja\/wp-json\/wp\/v2\/posts\/103797\/revisions"}],"wp:featuredmedia":[{"embeddable":true,"href":"https:\/\/www.joyana.fr\/ja\/wp-json\/wp\/v2\/media\/103799"}],"wp:attachment":[{"href":"https:\/\/www.joyana.fr\/ja\/wp-json\/wp\/v2\/media?parent=103797"}],"wp:term":[{"taxonomy":"category","embeddable":true,"href":"https:\/\/www.joyana.fr\/ja\/wp-json\/wp\/v2\/categories?post=103797"},{"taxonomy":"post_tag","embeddable":true,"href":"https:\/\/www.joyana.fr\/ja\/wp-json\/wp\/v2\/tags?post=103797"}],"curies":[{"name":"wp","href":"https:\/\/api.w.org\/{rel}","templated":true}]}}