{"id":103317,"date":"2010-02-23T05:48:36","date_gmt":"2010-02-23T04:48:36","guid":{"rendered":"https:\/\/joyana.fr\/visite-chez-le-designer-dom-trapp\/"},"modified":"2010-02-23T05:48:36","modified_gmt":"2010-02-23T04:48:36","slug":"visite-chez-le-designer-dom-trapp","status":"publish","type":"post","link":"https:\/\/www.joyana.fr\/ja\/visite-chez-le-designer-dom-trapp\/103317\/","title":{"rendered":"Visite chez le Designer Dom TRAPP"},"content":{"rendered":"<p>Aujourd&#8217;hui nous visitons une ancienne <strong>maison de p\u00eacheurs<\/strong>, totalement r\u00e9nov\u00e9e par le <strong>designer Dom Trapp<\/strong> -cr\u00e9ateur du <a href=\"https:\/\/joyana.fr\/mobilier-modulaire-quad-par-dom-strapp\/\" title=\"QUAD\">mobilier modulaire QUAD<\/a>&#8230;<\/p>\n<p><img data-recalc-dims=\"1\" fetchpriority=\"high\" decoding=\"async\" src=\"https:\/\/i0.wp.com\/joyana.fr\/wp-content\/uploads\/dom-052copy.jpg?resize=500%2C338&#038;ssl=1\" alt=\"Visite chez le Designer Dom TRAPP\" align=\"top\" width=\"500\" border=\"0\" height=\"338\" hspace=\"8\" \/><\/p>\n<p> <a href=\"http:\/\/deco-design.fr-bb.com\/\" title=\"FORUM DECO DESIGN\">Deco-Design<\/a> : Salut Dom, parle nous de cette maison&#8230;<\/p>\n<p>Dom TRAPP : <em>J&#8217;ai r\u00e9alis\u00e9 cette maison sans compromis (familial ou financier), je pense que c&#8217;est ce qui la caract\u00e9rise le mieux.<br \/>\nCette maison int\u00e8gre exactement ce que je cherchais : Deux \u00e9tages, la lumi\u00e8re avec 15 fen\u00eatres sur les 4 expositions. L&#8217;espace avec son plafond \u00e0 plus de 4 m\u00e8tres<br \/>\nLa mer M\u00e9diterran\u00e9e \u00e0 50 m\u00e8tres. Un cadre authentique dans un des plus vieux village de p\u00eacheurs de la C\u00f4te d&#8217;Azur !!!<\/em><\/p>\n<p><img data-recalc-dims=\"1\" decoding=\"async\" src=\"https:\/\/i0.wp.com\/joyana.fr\/wp-content\/uploads\/dom-4670b.jpg?resize=500%2C549&#038;ssl=1\" alt=\"Visite chez le Designer Dom TRAPP\" align=\"top\" width=\"500\" border=\"0\" height=\"549\" hspace=\"8\" \/><\/p>\n<p><img data-recalc-dims=\"1\" decoding=\"async\" src=\"https:\/\/i0.wp.com\/joyana.fr\/wp-content\/uploads\/dom-4831b.jpg?resize=500%2C238&#038;ssl=1\" alt=\"Visite chez le Designer Dom TRAPP\" align=\"top\" width=\"500\" border=\"0\" height=\"238\" hspace=\"8\" \/><\/p>\n<p><a href=\"http:\/\/deco-design.fr-bb.com\/\" title=\"FORUM DECO DESIGN\">Deco-Design<\/a> : Comment t\u2019est venue la passion de la d\u00e9coration et du design ?<\/p>\n<p>Dom TRAPP : <em>Dans mes souvenirs les plus lointains, j&#8217;ai toujours appr\u00e9ci\u00e9 et et pris le temps d&#8217;assembler les beaux objets et meubles.<br \/>\nJ&#8217;ai ensuite suivi une voie *plus s\u00e9rieuse* pendant mes \u00e9tudes puis dans mavie professionnelle j&#8217;ai pass\u00e9 mon temps \u00e0 revenir \u00e0 mes premi\u00e8res amours.<br \/>\n<\/em><\/p>\n<p><em>Aujourd&#8217;hui, je dessine et j&#8217;\u00e9dite des meubles et objets et j&#8217;y prends beaucoup de plaisir.<\/em><\/p>\n<p><em>J&#8217;aime les <a href=\"http:\/\/www.lepelican.fr\/marques\/quad.html\"><strong>QUAD<\/strong><\/a> et ils me le rendent bien\u00a0 !!!<\/em><\/p>\n<p><img data-recalc-dims=\"1\" loading=\"lazy\" decoding=\"async\" src=\"https:\/\/i0.wp.com\/joyana.fr\/wp-content\/uploads\/dom02161.jpg?resize=500%2C375&#038;ssl=1\" alt=\"Visite chez le Designer Dom TRAPP\" align=\"top\" width=\"500\" border=\"0\" height=\"375\" hspace=\"8\" \/><\/p>\n<p><a href=\"http:\/\/deco-design.fr-bb.com\/\" title=\"FORUM DECO DESIGN\">Deco-Design<\/a> : Quel fut ton premier achat design ?<\/p>\n<p>Dom TRAPP : <em>Pour mes 14 ans une Lampe Tizio d&#8217;Artemide qui venait de sortir en France.<\/em><\/p>\n<p><a href=\"http:\/\/deco-design.fr-bb.com\/\" title=\"FORUM DECO DESIGN\">Deco-Design<\/a> : Ah ouais, toi aussi t&#8217;es tomb\u00e9 dans la marmite&#8230;<\/p>\n<p><img data-recalc-dims=\"1\" loading=\"lazy\" decoding=\"async\" src=\"https:\/\/i0.wp.com\/joyana.fr\/wp-content\/uploads\/dom-7881b.jpg?resize=500%2C761&#038;ssl=1\" alt=\"Visite chez le Designer Dom TRAPP\" align=\"top\" width=\"500\" border=\"0\" height=\"761\" hspace=\"8\" \/><\/p>\n<p><img data-recalc-dims=\"1\" loading=\"lazy\" decoding=\"async\" src=\"https:\/\/i0.wp.com\/joyana.fr\/wp-content\/uploads\/dom-5575b.jpg?resize=500%2C378&#038;ssl=1\" alt=\"Visite chez le Designer Dom TRAPP\" align=\"top\" width=\"500\" border=\"0\" height=\"378\" hspace=\"8\" \/><\/p>\n<p><a href=\"https:\/\/joyana.fr\/\" title=\"BLOG DECO DESIGN\">Deco-Design<\/a> : Le meuble ou l\u2019accessoire que tu pr\u00e9f\u00e8res chez toi ?<\/p>\n<p>Dom TRAPP :<em> Mon Side One de Shiro Kuramata devant lequel je r\u00eavais depuis sa premi\u00e8re \u00e9dition.<br \/>\nTr\u00e8s pratique avec ses 18 tiroirs, il contient (presque) tous mes tshirts en haut et les tiroirs du bas sont r\u00e9serv\u00e9s aux petites affaires de ma fille.<br \/>\n<\/em><\/p>\n<p><img data-recalc-dims=\"1\" loading=\"lazy\" decoding=\"async\" src=\"https:\/\/i0.wp.com\/joyana.fr\/wp-content\/uploads\/dom-2490b.jpg?resize=500%2C333&#038;ssl=1\" alt=\"Visite chez le Designer Dom TRAPP\" align=\"top\" width=\"500\" border=\"0\" height=\"333\" hspace=\"8\" \/><\/p>\n<p><img data-recalc-dims=\"1\" loading=\"lazy\" decoding=\"async\" src=\"https:\/\/i0.wp.com\/joyana.fr\/wp-content\/uploads\/dom-1774.jpg?resize=500%2C715&#038;ssl=1\" alt=\"Visite chez le Designer Dom TRAPP\" align=\"top\" width=\"500\" border=\"0\" height=\"715\" hspace=\"8\" \/><\/p>\n<p><a href=\"https:\/\/joyana.fr\/\" title=\"BLOG DECO DESIGN\">Deco-Design<\/a> : Des projets pour le futur de cette maison, ou des futurs achats de meubles ???<\/p>\n<p>Dom TRAPP : <em>Remplacer les coussins galets qui ne sont que d\u00e9coratifs par des assises modulables et confortables. Le projet est en cours&#8230;<\/em><\/p>\n<p><img data-recalc-dims=\"1\" loading=\"lazy\" decoding=\"async\" src=\"https:\/\/i0.wp.com\/joyana.fr\/wp-content\/uploads\/dom-2525.jpg?resize=500%2C476&#038;ssl=1\" alt=\"Visite chez le Designer Dom TRAPP\" align=\"top\" width=\"500\" border=\"0\" height=\"476\" hspace=\"8\" \/><\/p>\n<p><a href=\"https:\/\/joyana.fr\/\" title=\"BLOG DECO DESIGN\">Deco-Design<\/a> : Encore merci pour la visite Dom, et OUAO quelle vue !!!<\/p>\n<p><img data-recalc-dims=\"1\" loading=\"lazy\" decoding=\"async\" src=\"https:\/\/i0.wp.com\/joyana.fr\/wp-content\/uploads\/dom1015.jpg?resize=500%2C426&#038;ssl=1\" alt=\"Visite chez le Designer Dom TRAPP\" align=\"top\" width=\"500\" border=\"0\" height=\"426\" hspace=\"8\" \/><\/p>\n<p><strong><a href=\"http:\/\/www.quad35.com\/\">http:\/\/www.quad35.com\/ <\/a><\/strong><\/p>\n<p>&#8212;&#8212;&#8212;&#8212;&#8212;&#8212;-<\/p>\n<p><a href=\"https:\/\/joyana.fr\/\" title=\"BLOG PHOTO\">Jo Yana<\/a><\/p>\n","protected":false},"excerpt":{"rendered":"<p>Aujourd&#8217;hui nous visitons une ancienne maison de p\u00eacheurs, totalement r\u00e9nov\u00e9e par le designer Dom Trapp  [&hellip;]<\/p>\n","protected":false},"author":3,"featured_media":124300,"comment_status":"open","ping_status":"open","sticky":false,"template":"","format":"standard","meta":{"_coblocks_attr":"","_coblocks_dimensions":"","_coblocks_responsive_height":"","_coblocks_accordion_ie_support":"","_uag_custom_page_level_css":"","advgb_blocks_editor_width":"","advgb_blocks_columns_visual_guide":"","_genesis_hide_title":false,"_genesis_hide_breadcrumbs":false,"_genesis_hide_singular_image":false,"_genesis_hide_footer_widgets":false,"_genesis_custom_body_class":"","_genesis_custom_post_class":"","_genesis_layout":"","_themeisle_gutenberg_block_has_review":false,"_jetpack_newsletter_access":"","_jetpack_dont_email_post_to_subs":false,"_jetpack_newsletter_tier_id":0,"_jetpack_memberships_contains_paywalled_content":false,"_jetpack_memberships_contains_paid_content":false,"footnotes":""},"categories":[905,911,921,923],"tags":[913],"class_list":{"0":"post-103317","1":"post","2":"type-post","3":"status-publish","4":"format-standard","5":"has-post-thumbnail","7":"category-deco-design","8":"category-designer","9":"category-lieux-design","10":"category-visites","11":"tag-modulable","12":"entry"},"featured_image_urls":{"full":["https:\/\/i0.wp.com\/www.joyana.fr\/wp-content\/uploads\/2016\/08\/joyana-logo-black-360x180.png?fit=360%2C180&ssl=1",360,180,false],"thumbnail":["https:\/\/i0.wp.com\/www.joyana.fr\/wp-content\/uploads\/2016\/08\/joyana-logo-black-360x180.png?resize=150%2C150&ssl=1",150,150,true],"medium":["https:\/\/i0.wp.com\/www.joyana.fr\/wp-content\/uploads\/2016\/08\/joyana-logo-black-360x180.png?fit=360%2C180&ssl=1",360,180,true],"medium_large":["https:\/\/i0.wp.com\/www.joyana.fr\/wp-content\/uploads\/2016\/08\/joyana-logo-black-360x180.png?fit=360%2C180&ssl=1",360,180,true],"large":["https:\/\/i0.wp.com\/www.joyana.fr\/wp-content\/uploads\/2016\/08\/joyana-logo-black-360x180.png?fit=360%2C180&ssl=1",360,180,true],"1536x1536":["https:\/\/i0.wp.com\/www.joyana.fr\/wp-content\/uploads\/2016\/08\/joyana-logo-black-360x180.png?fit=360%2C180&ssl=1",360,180,true],"2048x2048":["https:\/\/i0.wp.com\/www.joyana.fr\/wp-content\/uploads\/2016\/08\/joyana-logo-black-360x180.png?fit=360%2C180&ssl=1",360,180,true],"featured-thumb":["https:\/\/i0.wp.com\/www.joyana.fr\/wp-content\/uploads\/2016\/08\/joyana-logo-black-360x180.png?resize=360%2C180&ssl=1",360,180,true],"ab-block-post-grid-landscape":["https:\/\/i0.wp.com\/www.joyana.fr\/wp-content\/uploads\/2016\/08\/joyana-logo-black-360x180.png?resize=360%2C180&ssl=1",360,180,true],"ab-block-post-grid-square":["https:\/\/i0.wp.com\/www.joyana.fr\/wp-content\/uploads\/2016\/08\/joyana-logo-black-360x180.png?resize=360%2C180&ssl=1",360,180,true],"author-pro-image":["https:\/\/i0.wp.com\/www.joyana.fr\/wp-content\/uploads\/2016\/08\/joyana-logo-black-360x180.png?resize=360%2C180&ssl=1",360,180,true],"slider":["https:\/\/i0.wp.com\/www.joyana.fr\/wp-content\/uploads\/2016\/08\/joyana-logo-black-360x180.png?resize=360%2C180&ssl=1",360,180,true],"woocommerce_thumbnail":["https:\/\/i0.wp.com\/www.joyana.fr\/wp-content\/uploads\/2016\/08\/joyana-logo-black-360x180.png?resize=300%2C180&ssl=1",300,180,true],"woocommerce_single":["https:\/\/i0.wp.com\/www.joyana.fr\/wp-content\/uploads\/2016\/08\/joyana-logo-black-360x180.png?fit=360%2C180&ssl=1",360,180,true],"woocommerce_gallery_thumbnail":["https:\/\/i0.wp.com\/www.joyana.fr\/wp-content\/uploads\/2016\/08\/joyana-logo-black-360x180.png?resize=180%2C180&ssl=1",180,180,true],"sow-carousel-default":["https:\/\/i0.wp.com\/www.joyana.fr\/wp-content\/uploads\/2016\/08\/joyana-logo-black-360x180.png?resize=272%2C180&ssl=1",272,180,true]},"post_excerpt_stackable":"<p>Aujourd&#8217;hui nous visitons une ancienne maison de p\u00eacheurs, totalement r\u00e9nov\u00e9e par le designer &hellip;<\/p>\n","category_list":"<a href=\"https:\/\/www.joyana.fr\/ja\/category\/deco-design\/\" rel=\"category tag\">DECO-DESIGN<\/a>, <a href=\"https:\/\/www.joyana.fr\/ja\/category\/deco-design\/designer\/\" rel=\"category tag\">Designer<\/a>, <a href=\"https:\/\/www.joyana.fr\/ja\/category\/deco-design\/architecture-deco-design\/lieux-design\/\" rel=\"category tag\">Lieux<\/a>, <a href=\"https:\/\/www.joyana.fr\/ja\/category\/deco-design\/architecture-deco-design\/lieux-design\/visites\/\" rel=\"category tag\">Visites<\/a>","author_info":{"display_name":"Jo Yana","author_link":"https:\/\/www.joyana.fr\/ja\/author\/joyana\/"},"comments_num":"21 comments","featured_image_urls_v2":{"full":["https:\/\/i0.wp.com\/www.joyana.fr\/wp-content\/uploads\/2016\/08\/joyana-logo-black-360x180.png?fit=360%2C180&ssl=1",360,180,false],"thumbnail":["https:\/\/i0.wp.com\/www.joyana.fr\/wp-content\/uploads\/2016\/08\/joyana-logo-black-360x180.png?resize=150%2C150&ssl=1",150,150,true],"medium":["https:\/\/i0.wp.com\/www.joyana.fr\/wp-content\/uploads\/2016\/08\/joyana-logo-black-360x180.png?fit=360%2C180&ssl=1",360,180,true],"medium_large":["https:\/\/i0.wp.com\/www.joyana.fr\/wp-content\/uploads\/2016\/08\/joyana-logo-black-360x180.png?fit=360%2C180&ssl=1",360,180,true],"large":["https:\/\/i0.wp.com\/www.joyana.fr\/wp-content\/uploads\/2016\/08\/joyana-logo-black-360x180.png?fit=360%2C180&ssl=1",360,180,true],"1536x1536":["https:\/\/i0.wp.com\/www.joyana.fr\/wp-content\/uploads\/2016\/08\/joyana-logo-black-360x180.png?fit=360%2C180&ssl=1",360,180,true],"2048x2048":["https:\/\/i0.wp.com\/www.joyana.fr\/wp-content\/uploads\/2016\/08\/joyana-logo-black-360x180.png?fit=360%2C180&ssl=1",360,180,true],"featured-thumb":["https:\/\/i0.wp.com\/www.joyana.fr\/wp-content\/uploads\/2016\/08\/joyana-logo-black-360x180.png?resize=360%2C180&ssl=1",360,180,true],"ab-block-post-grid-landscape":["https:\/\/i0.wp.com\/www.joyana.fr\/wp-content\/uploads\/2016\/08\/joyana-logo-black-360x180.png?resize=360%2C180&ssl=1",360,180,true],"ab-block-post-grid-square":["https:\/\/i0.wp.com\/www.joyana.fr\/wp-content\/uploads\/2016\/08\/joyana-logo-black-360x180.png?resize=360%2C180&ssl=1",360,180,true],"author-pro-image":["https:\/\/i0.wp.com\/www.joyana.fr\/wp-content\/uploads\/2016\/08\/joyana-logo-black-360x180.png?resize=360%2C180&ssl=1",360,180,true],"slider":["https:\/\/i0.wp.com\/www.joyana.fr\/wp-content\/uploads\/2016\/08\/joyana-logo-black-360x180.png?resize=360%2C180&ssl=1",360,180,true],"woocommerce_thumbnail":["https:\/\/i0.wp.com\/www.joyana.fr\/wp-content\/uploads\/2016\/08\/joyana-logo-black-360x180.png?resize=300%2C180&ssl=1",300,180,true],"woocommerce_single":["https:\/\/i0.wp.com\/www.joyana.fr\/wp-content\/uploads\/2016\/08\/joyana-logo-black-360x180.png?fit=360%2C180&ssl=1",360,180,true],"woocommerce_gallery_thumbnail":["https:\/\/i0.wp.com\/www.joyana.fr\/wp-content\/uploads\/2016\/08\/joyana-logo-black-360x180.png?resize=180%2C180&ssl=1",180,180,true],"sow-carousel-default":["https:\/\/i0.wp.com\/www.joyana.fr\/wp-content\/uploads\/2016\/08\/joyana-logo-black-360x180.png?resize=272%2C180&ssl=1",272,180,true]},"post_excerpt_stackable_v2":"<p>Aujourd&#8217;hui nous visitons une ancienne maison de p\u00eacheurs, totalement r\u00e9nov\u00e9e par le designer &hellip;<\/p>\n","category_list_v2":"<a href=\"https:\/\/www.joyana.fr\/ja\/category\/deco-design\/\" rel=\"category tag\">DECO-DESIGN<\/a>, <a href=\"https:\/\/www.joyana.fr\/ja\/category\/deco-design\/designer\/\" rel=\"category tag\">Designer<\/a>, <a href=\"https:\/\/www.joyana.fr\/ja\/category\/deco-design\/architecture-deco-design\/lieux-design\/\" rel=\"category tag\">Lieux<\/a>, <a href=\"https:\/\/www.joyana.fr\/ja\/category\/deco-design\/architecture-deco-design\/lieux-design\/visites\/\" rel=\"category tag\">Visites<\/a>","author_info_v2":{"name":"Jo Yana","url":"https:\/\/www.joyana.fr\/ja\/author\/joyana\/"},"comments_num_v2":"21 comments","yoast_head":"<!-- This site is optimized with the Yoast SEO plugin v26.8 - https:\/\/yoast.com\/product\/yoast-seo-wordpress\/ -->\n<title>Visite chez le Designer Dom TRAPP - JO YANA<\/title>\n<meta name=\"robots\" content=\"index, follow, max-snippet:-1, max-image-preview:large, max-video-preview:-1\" \/>\n<link rel=\"canonical\" href=\"https:\/\/joyana.fr\/visite-chez-le-designer-dom-trapp\/103317\/\" \/>\n<meta property=\"og:locale\" content=\"ja_JP\" \/>\n<meta property=\"og:locale:alternate\" content=\"fr_FR\" \/>\n<meta property=\"og:locale:alternate\" content=\"en_US\" \/>\n<meta property=\"og:type\" content=\"article\" \/>\n<meta property=\"og:title\" content=\"Visite chez le Designer Dom TRAPP - JO YANA\" \/>\n<meta property=\"og:description\" content=\"Aujourd&#8217;hui nous visitons une ancienne maison de p\u00eacheurs, totalement r\u00e9nov\u00e9e par le designer Dom Trapp [&hellip;]\" \/>\n<meta property=\"og:url\" content=\"https:\/\/www.joyana.fr\/ja\/visite-chez-le-designer-dom-trapp\/103317\/\" \/>\n<meta property=\"og:site_name\" content=\"JO YANA\" \/>\n<meta property=\"article:published_time\" content=\"2010-02-23T04:48:36+00:00\" \/>\n<meta property=\"og:image\" content=\"https:\/\/joyana.fr\/wp-content\/uploads\/2016\/08\/joyana-logo-black-360x180.png\" \/>\n\t<meta property=\"og:image:width\" content=\"360\" \/>\n\t<meta property=\"og:image:height\" content=\"180\" \/>\n\t<meta property=\"og:image:type\" content=\"image\/png\" \/>\n<meta name=\"author\" content=\"Jo Yana\" \/>\n<meta name=\"twitter:card\" content=\"summary_large_image\" \/>\n<meta name=\"twitter:creator\" content=\"@Jo_Yana\" \/>\n<meta name=\"twitter:site\" content=\"@Jo_Yana\" \/>\n<meta name=\"twitter:label1\" content=\"\u57f7\u7b46\u8005\" \/>\n\t<meta name=\"twitter:data1\" content=\"Jo Yana\" \/>\n\t<meta name=\"twitter:label2\" content=\"\u63a8\u5b9a\u8aad\u307f\u53d6\u308a\u6642\u9593\" \/>\n\t<meta name=\"twitter:data2\" content=\"2\u5206\" \/>\n<script type=\"application\/ld+json\" class=\"yoast-schema-graph\">{\"@context\":\"https:\/\/schema.org\",\"@graph\":[{\"@type\":\"Article\",\"@id\":\"https:\/\/joyana.fr\/visite-chez-le-designer-dom-trapp\/103317\/#article\",\"isPartOf\":{\"@id\":\"https:\/\/joyana.fr\/visite-chez-le-designer-dom-trapp\/103317\/\"},\"author\":{\"name\":\"Jo Yana\",\"@id\":\"https:\/\/joyana.fr\/#\/schema\/person\/cf2a1ad12a27c12c21801075bf37407c\"},\"headline\":\"Visite chez le Designer Dom TRAPP\",\"datePublished\":\"2010-02-23T04:48:36+00:00\",\"mainEntityOfPage\":{\"@id\":\"https:\/\/joyana.fr\/visite-chez-le-designer-dom-trapp\/103317\/\"},\"wordCount\":361,\"commentCount\":0,\"publisher\":{\"@id\":\"https:\/\/joyana.fr\/#\/schema\/person\/cf2a1ad12a27c12c21801075bf37407c\"},\"image\":{\"@id\":\"https:\/\/joyana.fr\/visite-chez-le-designer-dom-trapp\/103317\/#primaryimage\"},\"thumbnailUrl\":\"https:\/\/i0.wp.com\/www.joyana.fr\/wp-content\/uploads\/2016\/08\/joyana-logo-black-360x180.png?fit=360%2C180&ssl=1\",\"keywords\":[\"Modulable\"],\"articleSection\":[\"DECO-DESIGN\",\"Designer\",\"Lieux\",\"Visites\"],\"inLanguage\":\"ja\",\"potentialAction\":[{\"@type\":\"CommentAction\",\"name\":\"Comment\",\"target\":[\"https:\/\/joyana.fr\/visite-chez-le-designer-dom-trapp\/103317\/#respond\"]}]},{\"@type\":\"WebPage\",\"@id\":\"https:\/\/joyana.fr\/visite-chez-le-designer-dom-trapp\/103317\/\",\"url\":\"https:\/\/joyana.fr\/visite-chez-le-designer-dom-trapp\/103317\/\",\"name\":\"Visite chez le Designer Dom TRAPP - JO YANA\",\"isPartOf\":{\"@id\":\"https:\/\/joyana.fr\/#website\"},\"primaryImageOfPage\":{\"@id\":\"https:\/\/joyana.fr\/visite-chez-le-designer-dom-trapp\/103317\/#primaryimage\"},\"image\":{\"@id\":\"https:\/\/joyana.fr\/visite-chez-le-designer-dom-trapp\/103317\/#primaryimage\"},\"thumbnailUrl\":\"https:\/\/i0.wp.com\/www.joyana.fr\/wp-content\/uploads\/2016\/08\/joyana-logo-black-360x180.png?fit=360%2C180&ssl=1\",\"datePublished\":\"2010-02-23T04:48:36+00:00\",\"breadcrumb\":{\"@id\":\"https:\/\/joyana.fr\/visite-chez-le-designer-dom-trapp\/103317\/#breadcrumb\"},\"inLanguage\":\"ja\",\"potentialAction\":[{\"@type\":\"ReadAction\",\"target\":[\"https:\/\/joyana.fr\/visite-chez-le-designer-dom-trapp\/103317\/\"]}]},{\"@type\":\"ImageObject\",\"inLanguage\":\"ja\",\"@id\":\"https:\/\/joyana.fr\/visite-chez-le-designer-dom-trapp\/103317\/#primaryimage\",\"url\":\"https:\/\/i0.wp.com\/www.joyana.fr\/wp-content\/uploads\/2016\/08\/joyana-logo-black-360x180.png?fit=360%2C180&ssl=1\",\"contentUrl\":\"https:\/\/i0.wp.com\/www.joyana.fr\/wp-content\/uploads\/2016\/08\/joyana-logo-black-360x180.png?fit=360%2C180&ssl=1\",\"width\":360,\"height\":180,\"caption\":\"logo joyana.fr\"},{\"@type\":\"BreadcrumbList\",\"@id\":\"https:\/\/joyana.fr\/visite-chez-le-designer-dom-trapp\/103317\/#breadcrumb\",\"itemListElement\":[{\"@type\":\"ListItem\",\"position\":1,\"name\":\"Accueil\",\"item\":\"https:\/\/joyana.fr\/\"},{\"@type\":\"ListItem\",\"position\":2,\"name\":\"Visite chez le Designer Dom TRAPP\"}]},{\"@type\":\"WebSite\",\"@id\":\"https:\/\/joyana.fr\/#website\",\"url\":\"https:\/\/joyana.fr\/\",\"name\":\"JO YANA\",\"description\":\"Blog Mode Homme, Lifestyle, D\u00e9co-Design\",\"publisher\":{\"@id\":\"https:\/\/joyana.fr\/#\/schema\/person\/cf2a1ad12a27c12c21801075bf37407c\"},\"potentialAction\":[{\"@type\":\"SearchAction\",\"target\":{\"@type\":\"EntryPoint\",\"urlTemplate\":\"https:\/\/joyana.fr\/?s={search_term_string}\"},\"query-input\":{\"@type\":\"PropertyValueSpecification\",\"valueRequired\":true,\"valueName\":\"search_term_string\"}}],\"inLanguage\":\"ja\"},{\"@type\":[\"Person\",\"Organization\"],\"@id\":\"https:\/\/joyana.fr\/#\/schema\/person\/cf2a1ad12a27c12c21801075bf37407c\",\"name\":\"Jo Yana\",\"image\":{\"@type\":\"ImageObject\",\"inLanguage\":\"ja\",\"@id\":\"https:\/\/joyana.fr\/#\/schema\/person\/image\/\",\"url\":\"https:\/\/i0.wp.com\/www.joyana.fr\/wp-content\/uploads\/2016\/08\/cropped-joyana-logo-black-360x180.png?fit=343%2C164&ssl=1\",\"contentUrl\":\"https:\/\/i0.wp.com\/www.joyana.fr\/wp-content\/uploads\/2016\/08\/cropped-joyana-logo-black-360x180.png?fit=343%2C164&ssl=1\",\"width\":343,\"height\":164,\"caption\":\"Jo Yana\"},\"logo\":{\"@id\":\"https:\/\/joyana.fr\/#\/schema\/person\/image\/\"},\"description\":\"Jo Yana est le cr\u00e9ateur et r\u00e9dacteur en chef des sites DECO-DESIGN. Passionn\u00e9 de Design, Mode, Photo, Luxe, Lifestyle, Musique, mais avant tout Blogueur ! Le plaisir de partager l'anime et a comme devise \\\"POUR L'AMOUR DU BEAU\\\". Retrouvez le aussi sur son blog personnel - https:\/\/joyana.fr...\",\"sameAs\":[\"https:\/\/joyana.fr\/\"],\"url\":\"https:\/\/www.joyana.fr\/ja\/author\/joyana\/\"}]}<\/script>\n<!-- \/ Yoast SEO plugin. -->","yoast_head_json":{"title":"Visite chez le Designer Dom TRAPP - JO YANA","robots":{"index":"index","follow":"follow","max-snippet":"max-snippet:-1","max-image-preview":"max-image-preview:large","max-video-preview":"max-video-preview:-1"},"canonical":"https:\/\/joyana.fr\/visite-chez-le-designer-dom-trapp\/103317\/","og_locale":"ja_JP","og_type":"article","og_title":"Visite chez le Designer Dom TRAPP - JO YANA","og_description":"Aujourd&#8217;hui nous visitons une ancienne maison de p\u00eacheurs, totalement r\u00e9nov\u00e9e par le designer Dom Trapp [&hellip;]","og_url":"https:\/\/www.joyana.fr\/ja\/visite-chez-le-designer-dom-trapp\/103317\/","og_site_name":"JO YANA","article_published_time":"2010-02-23T04:48:36+00:00","og_image":[{"width":360,"height":180,"url":"https:\/\/joyana.fr\/wp-content\/uploads\/2016\/08\/joyana-logo-black-360x180.png","type":"image\/png"}],"author":"Jo Yana","twitter_card":"summary_large_image","twitter_creator":"@Jo_Yana","twitter_site":"@Jo_Yana","twitter_misc":{"\u57f7\u7b46\u8005":"Jo Yana","\u63a8\u5b9a\u8aad\u307f\u53d6\u308a\u6642\u9593":"2\u5206"},"schema":{"@context":"https:\/\/schema.org","@graph":[{"@type":"Article","@id":"https:\/\/joyana.fr\/visite-chez-le-designer-dom-trapp\/103317\/#article","isPartOf":{"@id":"https:\/\/joyana.fr\/visite-chez-le-designer-dom-trapp\/103317\/"},"author":{"name":"Jo Yana","@id":"https:\/\/joyana.fr\/#\/schema\/person\/cf2a1ad12a27c12c21801075bf37407c"},"headline":"Visite chez le Designer Dom TRAPP","datePublished":"2010-02-23T04:48:36+00:00","mainEntityOfPage":{"@id":"https:\/\/joyana.fr\/visite-chez-le-designer-dom-trapp\/103317\/"},"wordCount":361,"commentCount":0,"publisher":{"@id":"https:\/\/joyana.fr\/#\/schema\/person\/cf2a1ad12a27c12c21801075bf37407c"},"image":{"@id":"https:\/\/joyana.fr\/visite-chez-le-designer-dom-trapp\/103317\/#primaryimage"},"thumbnailUrl":"https:\/\/i0.wp.com\/www.joyana.fr\/wp-content\/uploads\/2016\/08\/joyana-logo-black-360x180.png?fit=360%2C180&ssl=1","keywords":["Modulable"],"articleSection":["DECO-DESIGN","Designer","Lieux","Visites"],"inLanguage":"ja","potentialAction":[{"@type":"CommentAction","name":"Comment","target":["https:\/\/joyana.fr\/visite-chez-le-designer-dom-trapp\/103317\/#respond"]}]},{"@type":"WebPage","@id":"https:\/\/joyana.fr\/visite-chez-le-designer-dom-trapp\/103317\/","url":"https:\/\/joyana.fr\/visite-chez-le-designer-dom-trapp\/103317\/","name":"Visite chez le Designer Dom TRAPP - JO YANA","isPartOf":{"@id":"https:\/\/joyana.fr\/#website"},"primaryImageOfPage":{"@id":"https:\/\/joyana.fr\/visite-chez-le-designer-dom-trapp\/103317\/#primaryimage"},"image":{"@id":"https:\/\/joyana.fr\/visite-chez-le-designer-dom-trapp\/103317\/#primaryimage"},"thumbnailUrl":"https:\/\/i0.wp.com\/www.joyana.fr\/wp-content\/uploads\/2016\/08\/joyana-logo-black-360x180.png?fit=360%2C180&ssl=1","datePublished":"2010-02-23T04:48:36+00:00","breadcrumb":{"@id":"https:\/\/joyana.fr\/visite-chez-le-designer-dom-trapp\/103317\/#breadcrumb"},"inLanguage":"ja","potentialAction":[{"@type":"ReadAction","target":["https:\/\/joyana.fr\/visite-chez-le-designer-dom-trapp\/103317\/"]}]},{"@type":"ImageObject","inLanguage":"ja","@id":"https:\/\/joyana.fr\/visite-chez-le-designer-dom-trapp\/103317\/#primaryimage","url":"https:\/\/i0.wp.com\/www.joyana.fr\/wp-content\/uploads\/2016\/08\/joyana-logo-black-360x180.png?fit=360%2C180&ssl=1","contentUrl":"https:\/\/i0.wp.com\/www.joyana.fr\/wp-content\/uploads\/2016\/08\/joyana-logo-black-360x180.png?fit=360%2C180&ssl=1","width":360,"height":180,"caption":"logo joyana.fr"},{"@type":"BreadcrumbList","@id":"https:\/\/joyana.fr\/visite-chez-le-designer-dom-trapp\/103317\/#breadcrumb","itemListElement":[{"@type":"ListItem","position":1,"name":"Accueil","item":"https:\/\/joyana.fr\/"},{"@type":"ListItem","position":2,"name":"Visite chez le Designer Dom TRAPP"}]},{"@type":"WebSite","@id":"https:\/\/joyana.fr\/#website","url":"https:\/\/joyana.fr\/","name":"JO YANA","description":"Blog Mode Homme, Lifestyle, D\u00e9co-Design","publisher":{"@id":"https:\/\/joyana.fr\/#\/schema\/person\/cf2a1ad12a27c12c21801075bf37407c"},"potentialAction":[{"@type":"SearchAction","target":{"@type":"EntryPoint","urlTemplate":"https:\/\/joyana.fr\/?s={search_term_string}"},"query-input":{"@type":"PropertyValueSpecification","valueRequired":true,"valueName":"search_term_string"}}],"inLanguage":"ja"},{"@type":["Person","Organization"],"@id":"https:\/\/joyana.fr\/#\/schema\/person\/cf2a1ad12a27c12c21801075bf37407c","name":"Jo Yana","image":{"@type":"ImageObject","inLanguage":"ja","@id":"https:\/\/joyana.fr\/#\/schema\/person\/image\/","url":"https:\/\/i0.wp.com\/www.joyana.fr\/wp-content\/uploads\/2016\/08\/cropped-joyana-logo-black-360x180.png?fit=343%2C164&ssl=1","contentUrl":"https:\/\/i0.wp.com\/www.joyana.fr\/wp-content\/uploads\/2016\/08\/cropped-joyana-logo-black-360x180.png?fit=343%2C164&ssl=1","width":343,"height":164,"caption":"Jo Yana"},"logo":{"@id":"https:\/\/joyana.fr\/#\/schema\/person\/image\/"},"description":"Jo Yana est le cr\u00e9ateur et r\u00e9dacteur en chef des sites DECO-DESIGN. Passionn\u00e9 de Design, Mode, Photo, Luxe, Lifestyle, Musique, mais avant tout Blogueur ! Le plaisir de partager l'anime et a comme devise \"POUR L'AMOUR DU BEAU\". Retrouvez le aussi sur son blog personnel - https:\/\/joyana.fr...","sameAs":["https:\/\/joyana.fr\/"],"url":"https:\/\/www.joyana.fr\/ja\/author\/joyana\/"}]}},"author_meta":{"display_name":"Jo Yana","author_link":"https:\/\/www.joyana.fr\/ja\/author\/joyana\/"},"featured_img":"https:\/\/i0.wp.com\/www.joyana.fr\/wp-content\/uploads\/2016\/08\/joyana-logo-black-360x180.png?fit=360%2C180&ssl=1","featured_image_src":"https:\/\/i0.wp.com\/www.joyana.fr\/wp-content\/uploads\/2016\/08\/joyana-logo-black-360x180.png?resize=360%2C180&ssl=1","featured_image_src_square":"https:\/\/i0.wp.com\/www.joyana.fr\/wp-content\/uploads\/2016\/08\/joyana-logo-black-360x180.png?resize=360%2C180&ssl=1","jetpack_featured_media_url":"https:\/\/i0.wp.com\/www.joyana.fr\/wp-content\/uploads\/2016\/08\/joyana-logo-black-360x180.png?fit=360%2C180&ssl=1","uagb_featured_image_src":{"full":["https:\/\/i0.wp.com\/www.joyana.fr\/wp-content\/uploads\/2016\/08\/joyana-logo-black-360x180.png?fit=360%2C180&ssl=1",360,180,false],"thumbnail":["https:\/\/i0.wp.com\/www.joyana.fr\/wp-content\/uploads\/2016\/08\/joyana-logo-black-360x180.png?resize=150%2C150&ssl=1",150,150,true],"medium":["https:\/\/i0.wp.com\/www.joyana.fr\/wp-content\/uploads\/2016\/08\/joyana-logo-black-360x180.png?fit=360%2C180&ssl=1",360,180,true],"medium_large":["https:\/\/i0.wp.com\/www.joyana.fr\/wp-content\/uploads\/2016\/08\/joyana-logo-black-360x180.png?fit=360%2C180&ssl=1",360,180,true],"large":["https:\/\/i0.wp.com\/www.joyana.fr\/wp-content\/uploads\/2016\/08\/joyana-logo-black-360x180.png?fit=360%2C180&ssl=1",360,180,true],"1536x1536":["https:\/\/i0.wp.com\/www.joyana.fr\/wp-content\/uploads\/2016\/08\/joyana-logo-black-360x180.png?fit=360%2C180&ssl=1",360,180,true],"2048x2048":["https:\/\/i0.wp.com\/www.joyana.fr\/wp-content\/uploads\/2016\/08\/joyana-logo-black-360x180.png?fit=360%2C180&ssl=1",360,180,true],"featured-thumb":["https:\/\/i0.wp.com\/www.joyana.fr\/wp-content\/uploads\/2016\/08\/joyana-logo-black-360x180.png?resize=360%2C180&ssl=1",360,180,true],"ab-block-post-grid-landscape":["https:\/\/i0.wp.com\/www.joyana.fr\/wp-content\/uploads\/2016\/08\/joyana-logo-black-360x180.png?resize=360%2C180&ssl=1",360,180,true],"ab-block-post-grid-square":["https:\/\/i0.wp.com\/www.joyana.fr\/wp-content\/uploads\/2016\/08\/joyana-logo-black-360x180.png?resize=360%2C180&ssl=1",360,180,true],"author-pro-image":["https:\/\/i0.wp.com\/www.joyana.fr\/wp-content\/uploads\/2016\/08\/joyana-logo-black-360x180.png?resize=360%2C180&ssl=1",360,180,true],"slider":["https:\/\/i0.wp.com\/www.joyana.fr\/wp-content\/uploads\/2016\/08\/joyana-logo-black-360x180.png?resize=360%2C180&ssl=1",360,180,true],"woocommerce_thumbnail":["https:\/\/i0.wp.com\/www.joyana.fr\/wp-content\/uploads\/2016\/08\/joyana-logo-black-360x180.png?resize=300%2C180&ssl=1",300,180,true],"woocommerce_single":["https:\/\/i0.wp.com\/www.joyana.fr\/wp-content\/uploads\/2016\/08\/joyana-logo-black-360x180.png?fit=360%2C180&ssl=1",360,180,true],"woocommerce_gallery_thumbnail":["https:\/\/i0.wp.com\/www.joyana.fr\/wp-content\/uploads\/2016\/08\/joyana-logo-black-360x180.png?resize=180%2C180&ssl=1",180,180,true],"sow-carousel-default":["https:\/\/i0.wp.com\/www.joyana.fr\/wp-content\/uploads\/2016\/08\/joyana-logo-black-360x180.png?resize=272%2C180&ssl=1",272,180,true]},"uagb_author_info":{"display_name":"Jo Yana","author_link":"https:\/\/www.joyana.fr\/ja\/author\/joyana\/"},"uagb_comment_info":21,"uagb_excerpt":"Aujourd&#8217;hui nous visitons une ancienne maison de &hellip;","coauthors":[],"tax_additional":{"categories":{"linked":["<a href=\"https:\/\/www.joyana.fr\/ja\/category\/deco-design\/\" class=\"advgb-post-tax-term\">DECO-DESIGN<\/a>","<a href=\"https:\/\/www.joyana.fr\/ja\/category\/deco-design\/designer\/\" class=\"advgb-post-tax-term\">Designer<\/a>","<a href=\"https:\/\/www.joyana.fr\/ja\/category\/deco-design\/architecture-deco-design\/lieux-design\/\" class=\"advgb-post-tax-term\">Lieux<\/a>","<a href=\"https:\/\/www.joyana.fr\/ja\/category\/deco-design\/architecture-deco-design\/lieux-design\/visites\/\" class=\"advgb-post-tax-term\">Visites<\/a>"],"unlinked":["<span class=\"advgb-post-tax-term\">DECO-DESIGN<\/span>","<span class=\"advgb-post-tax-term\">Designer<\/span>","<span class=\"advgb-post-tax-term\">Lieux<\/span>","<span class=\"advgb-post-tax-term\">Visites<\/span>"]},"tags":{"linked":["<a href=\"https:\/\/www.joyana.fr\/ja\/category\/deco-design\/architecture-deco-design\/lieux-design\/visites\/\" class=\"advgb-post-tax-term\">Modulable<\/a>"],"unlinked":["<span class=\"advgb-post-tax-term\">Modulable<\/span>"]}},"comment_count":21,"relative_dates":{"created":"Posted 16\u5e74 ago","modified":"Updated 16\u5e74 ago"},"absolute_dates":{"created":"Posted on 23 2\u6708 2010","modified":"Updated on 23 2\u6708 2010"},"absolute_dates_time":{"created":"Posted on 23 2\u6708 2010 5:48","modified":"Updated on 23 2\u6708 2010 5:48"},"featured_img_caption":"","series_order":"","jetpack_sharing_enabled":true,"jetpack_shortlink":"https:\/\/wp.me\/p9bteI-qSp","jetpack-related-posts":[],"_links":{"self":[{"href":"https:\/\/www.joyana.fr\/ja\/wp-json\/wp\/v2\/posts\/103317","targetHints":{"allow":["GET"]}}],"collection":[{"href":"https:\/\/www.joyana.fr\/ja\/wp-json\/wp\/v2\/posts"}],"about":[{"href":"https:\/\/www.joyana.fr\/ja\/wp-json\/wp\/v2\/types\/post"}],"author":[{"embeddable":true,"href":"https:\/\/www.joyana.fr\/ja\/wp-json\/wp\/v2\/users\/3"}],"replies":[{"embeddable":true,"href":"https:\/\/www.joyana.fr\/ja\/wp-json\/wp\/v2\/comments?post=103317"}],"version-history":[{"count":0,"href":"https:\/\/www.joyana.fr\/ja\/wp-json\/wp\/v2\/posts\/103317\/revisions"}],"wp:featuredmedia":[{"embeddable":true,"href":"https:\/\/www.joyana.fr\/ja\/wp-json\/wp\/v2\/media\/124300"}],"wp:attachment":[{"href":"https:\/\/www.joyana.fr\/ja\/wp-json\/wp\/v2\/media?parent=103317"}],"wp:term":[{"taxonomy":"category","embeddable":true,"href":"https:\/\/www.joyana.fr\/ja\/wp-json\/wp\/v2\/categories?post=103317"},{"taxonomy":"post_tag","embeddable":true,"href":"https:\/\/www.joyana.fr\/ja\/wp-json\/wp\/v2\/tags?post=103317"}],"curies":[{"name":"wp","href":"https:\/\/api.w.org\/{rel}","templated":true}]}}