{"id":102390,"date":"2009-04-16T13:54:54","date_gmt":"2009-04-16T12:54:54","guid":{"rendered":"https:\/\/joyana.fr\/collection-vases-salviati\/"},"modified":"2009-04-16T13:54:54","modified_gmt":"2009-04-16T12:54:54","slug":"collection-vases-salviati","status":"publish","type":"post","link":"https:\/\/www.joyana.fr\/ja\/collection-vases-salviati\/102390\/","title":{"rendered":"Collection Vases SALVIATI"},"content":{"rendered":"<p>Coup de coeur pour la <strong>collection<\/strong> de <strong>vases Salviati<\/strong> qui comprend des pi\u00e8ces sign\u00e9es par de grands designer comme :\u00a0 Christian Ghion, 5.5 Designers, Norberto Moretti et bien d&#8217;autres&#8230;<\/p>\n<p>\u00a0 <img data-recalc-dims=\"1\" fetchpriority=\"high\" decoding=\"async\" width=\"500\" src=\"https:\/\/i0.wp.com\/i2.photobucket.com\/albums\/y22\/joyana\/salviatiBLOGDECO.jpg?resize=500%2C500\" alt=\"COLLECTION VASES SALVIATI\" height=\"500\" \/><\/p>\n<h5>Vases PARIGI par Christian GHION<\/h5>\n<p>Fabriqu\u00e9s en verre v\u00e9nitien dont la tradition remonte \u00e0 environ 1000 ans, les <strong>vases Salviati<\/strong> sont de v\u00e9ritables oeuvres d&#8217;art qui jouent particuli\u00e8rement sur le contraste des couleurs, des types de verre (transparent et opaque) ou des finitions (brillante et mate).<\/p>\n<p>La <strong>collection Salviati<\/strong> refl\u00e8te \u00e9galement le savoir-faire v\u00e9nitien par l&#8217;utilisation de nombreuses techniques traditionnelles comme le <em>sommerso<\/em>, l&#8217;<em>incamiciato<\/em>, la <em>canna<\/em>, le <em>battuto<\/em> et le <em>pulegoso<\/em>.<\/p>\n<p><a href=\"http:\/\/www.lepelican.fr\/vase-design\/vase-salviati\/vase-medium-salviati-parigi-noir.html\"><img data-recalc-dims=\"1\" decoding=\"async\" border=\"0\" align=\"top\" width=\"500\" src=\"https:\/\/i0.wp.com\/joyana.fr\/wp-content\/uploads\/salviati2.jpg?resize=500%2C323&#038;ssl=1\" hspace=\"8\" alt=\"Collection Vases SALVIATI\" height=\"323\" \/><\/a><\/p>\n<h5>Vases TENUTA DA SERA par Christian GHION<\/h5>\n<p>La marque fut cr\u00e9\u00e9e en 1859 par Antonio <strong>Salviati<\/strong>, avocat amoureux de la S\u00e9r\u00e9nissime, qui voulait faire rena\u00eetre l&#8217;industrie du verre de Venise. Il r\u00e9unit alors les meilleurs verriers et artistes de Murano pour cr\u00e9er une nouvelle m\u00e9thode de fabrication de la mosa\u00efque de verre. Il d\u00e9veloppa ensuite dans son atelier une collection de gobelets, verres \u00e0 pied, coupes, chandeliers et <strong>vases<\/strong>, devenant c\u00e9l\u00e8bre avec ses pi\u00e8ces incis\u00e9es et d\u00e9cor\u00e9es \u00e0 l&#8217;or&#8230;<\/p>\n<p><a href=\"http:\/\/www.lepelican.fr\/vase-design\/vase-salviati\/vase-salviati-ripple-rouge.html\"><img data-recalc-dims=\"1\" decoding=\"async\" border=\"0\" align=\"top\" width=\"500\" src=\"https:\/\/i0.wp.com\/joyana.fr\/wp-content\/uploads\/salviati.jpg?resize=500%2C468&#038;ssl=1\" hspace=\"8\" alt=\"Collection Vases SALVIATI\" height=\"468\" \/><\/a><\/p>\n<h5>Vases RIPPLE par le Studio DILLON<\/h5>\n<p>Apr\u00e8s de nombreuses expositions et filiales dans les plus grandes villes du monde et plus de cent ans de production, <strong>Salviati<\/strong> est encore aujourd&#8217;hui consid\u00e9r\u00e9 comme un des plus prestigieux acteurs de l&#8217;univers du verre.<\/p>\n<p><img data-recalc-dims=\"1\" loading=\"lazy\" decoding=\"async\" border=\"0\" align=\"top\" width=\"500\" src=\"https:\/\/i0.wp.com\/joyana.fr\/wp-content\/uploads\/salviati345.jpg?resize=500%2C467&#038;ssl=1\" hspace=\"8\" alt=\"Collection Vases SALVIATI\" height=\"467\" \/><\/p>\n<h5>Vases SASSI par Norberto MORETTI<\/h5>\n<p>Aujourd&#8217;hui tous les <a href=\"http:\/\/www.lepelican.fr\/vase-design\/vase-salviati\/\"><strong>vases Salviati<\/strong><\/a> sont fabriqu\u00e9s dans la plus pure tradition comme l&#8217;aurait voulu Antonio&#8230;<\/p>\n<p><img data-recalc-dims=\"1\" loading=\"lazy\" decoding=\"async\" border=\"0\" align=\"top\" width=\"500\" src=\"https:\/\/i0.wp.com\/joyana.fr\/wp-content\/uploads\/salviati44.jpg?resize=500%2C467&#038;ssl=1\" hspace=\"8\" alt=\"Collection Vases SALVIATI\" height=\"467\" \/><\/p>\n<h5>Vases GABBIANO par Norberto MORETTI<\/h5>\n<p><strong><a href=\"http:\/\/www.salviati.com\/\">http:\/\/www.salviati.com\/ <\/a><\/strong><\/p>\n<p>Disponible chez <a href=\"http:\/\/www.lepelican.fr\/\">www.lepelican.fr <\/a><\/p>\n<p>&#8212;&#8212;&#8212;&#8212;&#8212;&#8212;&#8211;<\/p>\n<p><a href=\"jo_yana@hotmail.com\">Jo Yana<\/a><\/p>\n","protected":false},"excerpt":{"rendered":"<p>Coup de coeur pour la collection de vases Salviati qui comprend des pi\u00e8ces sign\u00e9es par de grands designer comm [&hellip;]<\/p>\n","protected":false},"author":3,"featured_media":122311,"comment_status":"open","ping_status":"open","sticky":false,"template":"","format":"standard","meta":{"_coblocks_attr":"","_coblocks_dimensions":"","_coblocks_responsive_height":"","_coblocks_accordion_ie_support":"","_uag_custom_page_level_css":"","advgb_blocks_editor_width":"","advgb_blocks_columns_visual_guide":"","_genesis_hide_title":false,"_genesis_hide_breadcrumbs":false,"_genesis_hide_singular_image":false,"_genesis_hide_footer_widgets":false,"_genesis_custom_body_class":"","_genesis_custom_post_class":"","_genesis_layout":"","_themeisle_gutenberg_block_has_review":false,"_jetpack_newsletter_access":"","_jetpack_dont_email_post_to_subs":false,"_jetpack_newsletter_tier_id":0,"_jetpack_memberships_contains_paywalled_content":false,"_jetpack_memberships_contains_paid_content":false,"footnotes":""},"categories":[906,905,1085],"tags":[78],"class_list":{"0":"post-102390","1":"post","2":"type-post","3":"status-publish","4":"format-standard","5":"has-post-thumbnail","7":"category-accessoires","8":"category-deco-design","9":"category-tendance-luxe","10":"tag-design","11":"entry"},"featured_image_urls":{"full":["https:\/\/i0.wp.com\/www.joyana.fr\/wp-content\/uploads\/2009\/04\/salviatiBLOGDECO.jpg?fit=500%2C500&ssl=1",500,500,false],"thumbnail":["https:\/\/i0.wp.com\/www.joyana.fr\/wp-content\/uploads\/2009\/04\/salviatiBLOGDECO.jpg?resize=150%2C150&ssl=1",150,150,true],"medium":["https:\/\/i0.wp.com\/www.joyana.fr\/wp-content\/uploads\/2009\/04\/salviatiBLOGDECO.jpg?fit=389%2C389&ssl=1",389,389,true],"medium_large":["https:\/\/i0.wp.com\/www.joyana.fr\/wp-content\/uploads\/2009\/04\/salviatiBLOGDECO.jpg?fit=500%2C500&ssl=1",500,500,true],"large":["https:\/\/i0.wp.com\/www.joyana.fr\/wp-content\/uploads\/2009\/04\/salviatiBLOGDECO.jpg?fit=500%2C500&ssl=1",500,500,true],"1536x1536":["https:\/\/i0.wp.com\/www.joyana.fr\/wp-content\/uploads\/2009\/04\/salviatiBLOGDECO.jpg?fit=500%2C500&ssl=1",500,500,true],"2048x2048":["https:\/\/i0.wp.com\/www.joyana.fr\/wp-content\/uploads\/2009\/04\/salviatiBLOGDECO.jpg?fit=500%2C500&ssl=1",500,500,true],"featured-thumb":["https:\/\/i0.wp.com\/www.joyana.fr\/wp-content\/uploads\/2009\/04\/salviatiBLOGDECO.jpg?resize=500%2C500&ssl=1",500,500,true],"ab-block-post-grid-landscape":["https:\/\/i0.wp.com\/www.joyana.fr\/wp-content\/uploads\/2009\/04\/salviatiBLOGDECO.jpg?resize=500%2C400&ssl=1",500,400,true],"ab-block-post-grid-square":["https:\/\/i0.wp.com\/www.joyana.fr\/wp-content\/uploads\/2009\/04\/salviatiBLOGDECO.jpg?resize=500%2C500&ssl=1",500,500,true],"author-pro-image":["https:\/\/i0.wp.com\/www.joyana.fr\/wp-content\/uploads\/2009\/04\/salviatiBLOGDECO.jpg?resize=360%2C500&ssl=1",360,500,true],"slider":["https:\/\/i0.wp.com\/www.joyana.fr\/wp-content\/uploads\/2009\/04\/salviatiBLOGDECO.jpg?resize=500%2C400&ssl=1",500,400,true],"woocommerce_thumbnail":["https:\/\/i0.wp.com\/www.joyana.fr\/wp-content\/uploads\/2009\/04\/salviatiBLOGDECO.jpg?resize=450%2C450&ssl=1",450,450,true],"woocommerce_single":["https:\/\/i0.wp.com\/www.joyana.fr\/wp-content\/uploads\/2009\/04\/salviatiBLOGDECO.jpg?fit=500%2C500&ssl=1",500,500,true],"woocommerce_gallery_thumbnail":["https:\/\/i0.wp.com\/www.joyana.fr\/wp-content\/uploads\/2009\/04\/salviatiBLOGDECO.jpg?resize=180%2C180&ssl=1",180,180,true],"sow-carousel-default":["https:\/\/i0.wp.com\/www.joyana.fr\/wp-content\/uploads\/2009\/04\/salviatiBLOGDECO.jpg?resize=272%2C182&ssl=1",272,182,true]},"post_excerpt_stackable":"<p>Coup de coeur pour la collection de vases Salviati qui comprend des pi\u00e8ces sign\u00e9es par de grands des&hellip;<\/p>\n","category_list":"<a href=\"https:\/\/www.joyana.fr\/ja\/category\/deco-design\/decoration\/accessoires\/\" rel=\"category tag\">Accessoires<\/a>, <a href=\"https:\/\/www.joyana.fr\/ja\/category\/deco-design\/\" rel=\"category tag\">DECO-DESIGN<\/a>, <a href=\"https:\/\/www.joyana.fr\/ja\/category\/deco-design\/decoration\/tendance-luxe\/\" rel=\"category tag\">Tendance Luxe<\/a>","author_info":{"display_name":"Jo Yana","author_link":"https:\/\/www.joyana.fr\/ja\/author\/joyana\/"},"comments_num":"8 comments","featured_image_urls_v2":{"full":["https:\/\/i0.wp.com\/www.joyana.fr\/wp-content\/uploads\/2009\/04\/salviatiBLOGDECO.jpg?fit=500%2C500&ssl=1",500,500,false],"thumbnail":["https:\/\/i0.wp.com\/www.joyana.fr\/wp-content\/uploads\/2009\/04\/salviatiBLOGDECO.jpg?resize=150%2C150&ssl=1",150,150,true],"medium":["https:\/\/i0.wp.com\/www.joyana.fr\/wp-content\/uploads\/2009\/04\/salviatiBLOGDECO.jpg?fit=389%2C389&ssl=1",389,389,true],"medium_large":["https:\/\/i0.wp.com\/www.joyana.fr\/wp-content\/uploads\/2009\/04\/salviatiBLOGDECO.jpg?fit=500%2C500&ssl=1",500,500,true],"large":["https:\/\/i0.wp.com\/www.joyana.fr\/wp-content\/uploads\/2009\/04\/salviatiBLOGDECO.jpg?fit=500%2C500&ssl=1",500,500,true],"1536x1536":["https:\/\/i0.wp.com\/www.joyana.fr\/wp-content\/uploads\/2009\/04\/salviatiBLOGDECO.jpg?fit=500%2C500&ssl=1",500,500,true],"2048x2048":["https:\/\/i0.wp.com\/www.joyana.fr\/wp-content\/uploads\/2009\/04\/salviatiBLOGDECO.jpg?fit=500%2C500&ssl=1",500,500,true],"featured-thumb":["https:\/\/i0.wp.com\/www.joyana.fr\/wp-content\/uploads\/2009\/04\/salviatiBLOGDECO.jpg?resize=500%2C500&ssl=1",500,500,true],"ab-block-post-grid-landscape":["https:\/\/i0.wp.com\/www.joyana.fr\/wp-content\/uploads\/2009\/04\/salviatiBLOGDECO.jpg?resize=500%2C400&ssl=1",500,400,true],"ab-block-post-grid-square":["https:\/\/i0.wp.com\/www.joyana.fr\/wp-content\/uploads\/2009\/04\/salviatiBLOGDECO.jpg?resize=500%2C500&ssl=1",500,500,true],"author-pro-image":["https:\/\/i0.wp.com\/www.joyana.fr\/wp-content\/uploads\/2009\/04\/salviatiBLOGDECO.jpg?resize=360%2C500&ssl=1",360,500,true],"slider":["https:\/\/i0.wp.com\/www.joyana.fr\/wp-content\/uploads\/2009\/04\/salviatiBLOGDECO.jpg?resize=500%2C400&ssl=1",500,400,true],"woocommerce_thumbnail":["https:\/\/i0.wp.com\/www.joyana.fr\/wp-content\/uploads\/2009\/04\/salviatiBLOGDECO.jpg?resize=450%2C450&ssl=1",450,450,true],"woocommerce_single":["https:\/\/i0.wp.com\/www.joyana.fr\/wp-content\/uploads\/2009\/04\/salviatiBLOGDECO.jpg?fit=500%2C500&ssl=1",500,500,true],"woocommerce_gallery_thumbnail":["https:\/\/i0.wp.com\/www.joyana.fr\/wp-content\/uploads\/2009\/04\/salviatiBLOGDECO.jpg?resize=180%2C180&ssl=1",180,180,true],"sow-carousel-default":["https:\/\/i0.wp.com\/www.joyana.fr\/wp-content\/uploads\/2009\/04\/salviatiBLOGDECO.jpg?resize=272%2C182&ssl=1",272,182,true]},"post_excerpt_stackable_v2":"<p>Coup de coeur pour la collection de vases Salviati qui comprend des pi\u00e8ces sign\u00e9es par de grands des&hellip;<\/p>\n","category_list_v2":"<a href=\"https:\/\/www.joyana.fr\/ja\/category\/deco-design\/decoration\/accessoires\/\" rel=\"category tag\">Accessoires<\/a>, <a href=\"https:\/\/www.joyana.fr\/ja\/category\/deco-design\/\" rel=\"category tag\">DECO-DESIGN<\/a>, <a href=\"https:\/\/www.joyana.fr\/ja\/category\/deco-design\/decoration\/tendance-luxe\/\" rel=\"category tag\">Tendance Luxe<\/a>","author_info_v2":{"name":"Jo Yana","url":"https:\/\/www.joyana.fr\/ja\/author\/joyana\/"},"comments_num_v2":"8 comments","yoast_head":"<!-- This site is optimized with the Yoast SEO plugin v26.8 - https:\/\/yoast.com\/product\/yoast-seo-wordpress\/ -->\n<title>Collection Vases SALVIATI - JO YANA<\/title>\n<meta name=\"robots\" content=\"index, follow, max-snippet:-1, max-image-preview:large, max-video-preview:-1\" \/>\n<link rel=\"canonical\" href=\"https:\/\/www.joyana.fr\/ja\/collection-vases-salviati\/102390\/\" \/>\n<meta property=\"og:locale\" content=\"ja_JP\" \/>\n<meta property=\"og:locale:alternate\" content=\"fr_FR\" \/>\n<meta property=\"og:locale:alternate\" content=\"en_US\" \/>\n<meta property=\"og:type\" content=\"article\" \/>\n<meta property=\"og:title\" content=\"Collection Vases SALVIATI - JO YANA\" \/>\n<meta property=\"og:description\" content=\"Coup de coeur pour la collection de vases Salviati qui comprend des pi\u00e8ces sign\u00e9es par de grands designer comm [&hellip;]\" \/>\n<meta property=\"og:url\" content=\"https:\/\/www.joyana.fr\/ja\/collection-vases-salviati\/102390\/\" \/>\n<meta property=\"og:site_name\" content=\"JO YANA\" \/>\n<meta property=\"article:published_time\" content=\"2009-04-16T12:54:54+00:00\" \/>\n<meta property=\"og:image\" content=\"https:\/\/www.joyana.fr\/wp-content\/uploads\/2009\/04\/salviatiBLOGDECO.jpg\" \/>\n\t<meta property=\"og:image:width\" content=\"500\" \/>\n\t<meta property=\"og:image:height\" content=\"500\" \/>\n\t<meta property=\"og:image:type\" content=\"image\/jpeg\" \/>\n<meta name=\"author\" content=\"Jo Yana\" \/>\n<meta name=\"twitter:card\" content=\"summary_large_image\" \/>\n<meta name=\"twitter:creator\" content=\"@Jo_Yana\" \/>\n<meta name=\"twitter:site\" content=\"@Jo_Yana\" \/>\n<meta name=\"twitter:label1\" content=\"\u57f7\u7b46\u8005\" \/>\n\t<meta name=\"twitter:data1\" content=\"Jo Yana\" \/>\n\t<meta name=\"twitter:label2\" content=\"\u63a8\u5b9a\u8aad\u307f\u53d6\u308a\u6642\u9593\" \/>\n\t<meta name=\"twitter:data2\" content=\"1\u5206\" \/>\n<script type=\"application\/ld+json\" class=\"yoast-schema-graph\">{\"@context\":\"https:\/\/schema.org\",\"@graph\":[{\"@type\":\"Article\",\"@id\":\"https:\/\/www.joyana.fr\/en\/collection-vases-salviati\/102390\/#article\",\"isPartOf\":{\"@id\":\"https:\/\/www.joyana.fr\/en\/collection-vases-salviati\/102390\/\"},\"author\":{\"name\":\"Jo Yana\",\"@id\":\"https:\/\/joyana.fr\/#\/schema\/person\/cf2a1ad12a27c12c21801075bf37407c\"},\"headline\":\"Collection Vases SALVIATI\",\"datePublished\":\"2009-04-16T12:54:54+00:00\",\"mainEntityOfPage\":{\"@id\":\"https:\/\/www.joyana.fr\/en\/collection-vases-salviati\/102390\/\"},\"wordCount\":290,\"commentCount\":8,\"publisher\":{\"@id\":\"https:\/\/joyana.fr\/#\/schema\/person\/cf2a1ad12a27c12c21801075bf37407c\"},\"image\":{\"@id\":\"https:\/\/www.joyana.fr\/en\/collection-vases-salviati\/102390\/#primaryimage\"},\"thumbnailUrl\":\"https:\/\/i0.wp.com\/www.joyana.fr\/wp-content\/uploads\/2009\/04\/salviatiBLOGDECO.jpg?fit=500%2C500&ssl=1\",\"keywords\":[\"DESIGN\"],\"articleSection\":[\"Accessoires\",\"DECO-DESIGN\",\"Tendance Luxe\"],\"inLanguage\":\"ja\",\"potentialAction\":[{\"@type\":\"CommentAction\",\"name\":\"Comment\",\"target\":[\"https:\/\/www.joyana.fr\/en\/collection-vases-salviati\/102390\/#respond\"]}]},{\"@type\":\"WebPage\",\"@id\":\"https:\/\/www.joyana.fr\/en\/collection-vases-salviati\/102390\/\",\"url\":\"https:\/\/www.joyana.fr\/en\/collection-vases-salviati\/102390\/\",\"name\":\"Collection Vases SALVIATI - JO YANA\",\"isPartOf\":{\"@id\":\"https:\/\/joyana.fr\/#website\"},\"primaryImageOfPage\":{\"@id\":\"https:\/\/www.joyana.fr\/en\/collection-vases-salviati\/102390\/#primaryimage\"},\"image\":{\"@id\":\"https:\/\/www.joyana.fr\/en\/collection-vases-salviati\/102390\/#primaryimage\"},\"thumbnailUrl\":\"https:\/\/i0.wp.com\/www.joyana.fr\/wp-content\/uploads\/2009\/04\/salviatiBLOGDECO.jpg?fit=500%2C500&ssl=1\",\"datePublished\":\"2009-04-16T12:54:54+00:00\",\"breadcrumb\":{\"@id\":\"https:\/\/www.joyana.fr\/en\/collection-vases-salviati\/102390\/#breadcrumb\"},\"inLanguage\":\"ja\",\"potentialAction\":[{\"@type\":\"ReadAction\",\"target\":[\"https:\/\/www.joyana.fr\/en\/collection-vases-salviati\/102390\/\"]}]},{\"@type\":\"ImageObject\",\"inLanguage\":\"ja\",\"@id\":\"https:\/\/www.joyana.fr\/en\/collection-vases-salviati\/102390\/#primaryimage\",\"url\":\"https:\/\/i0.wp.com\/www.joyana.fr\/wp-content\/uploads\/2009\/04\/salviatiBLOGDECO.jpg?fit=500%2C500&ssl=1\",\"contentUrl\":\"https:\/\/i0.wp.com\/www.joyana.fr\/wp-content\/uploads\/2009\/04\/salviatiBLOGDECO.jpg?fit=500%2C500&ssl=1\",\"width\":500,\"height\":500},{\"@type\":\"BreadcrumbList\",\"@id\":\"https:\/\/www.joyana.fr\/en\/collection-vases-salviati\/102390\/#breadcrumb\",\"itemListElement\":[{\"@type\":\"ListItem\",\"position\":1,\"name\":\"Accueil\",\"item\":\"https:\/\/joyana.fr\/\"},{\"@type\":\"ListItem\",\"position\":2,\"name\":\"Collection Vases SALVIATI\"}]},{\"@type\":\"WebSite\",\"@id\":\"https:\/\/joyana.fr\/#website\",\"url\":\"https:\/\/joyana.fr\/\",\"name\":\"JO YANA\",\"description\":\"Blog Mode Homme, Lifestyle, D\u00e9co-Design\",\"publisher\":{\"@id\":\"https:\/\/joyana.fr\/#\/schema\/person\/cf2a1ad12a27c12c21801075bf37407c\"},\"potentialAction\":[{\"@type\":\"SearchAction\",\"target\":{\"@type\":\"EntryPoint\",\"urlTemplate\":\"https:\/\/joyana.fr\/?s={search_term_string}\"},\"query-input\":{\"@type\":\"PropertyValueSpecification\",\"valueRequired\":true,\"valueName\":\"search_term_string\"}}],\"inLanguage\":\"ja\"},{\"@type\":[\"Person\",\"Organization\"],\"@id\":\"https:\/\/joyana.fr\/#\/schema\/person\/cf2a1ad12a27c12c21801075bf37407c\",\"name\":\"Jo Yana\",\"image\":{\"@type\":\"ImageObject\",\"inLanguage\":\"ja\",\"@id\":\"https:\/\/joyana.fr\/#\/schema\/person\/image\/\",\"url\":\"https:\/\/i0.wp.com\/www.joyana.fr\/wp-content\/uploads\/2016\/08\/cropped-joyana-logo-black-360x180.png?fit=343%2C164&ssl=1\",\"contentUrl\":\"https:\/\/i0.wp.com\/www.joyana.fr\/wp-content\/uploads\/2016\/08\/cropped-joyana-logo-black-360x180.png?fit=343%2C164&ssl=1\",\"width\":343,\"height\":164,\"caption\":\"Jo Yana\"},\"logo\":{\"@id\":\"https:\/\/joyana.fr\/#\/schema\/person\/image\/\"},\"description\":\"Jo Yana est le cr\u00e9ateur et r\u00e9dacteur en chef des sites DECO-DESIGN. Passionn\u00e9 de Design, Mode, Photo, Luxe, Lifestyle, Musique, mais avant tout Blogueur ! Le plaisir de partager l'anime et a comme devise \\\"POUR L'AMOUR DU BEAU\\\". Retrouvez le aussi sur son blog personnel - https:\/\/joyana.fr...\",\"sameAs\":[\"https:\/\/joyana.fr\/\"],\"url\":\"https:\/\/www.joyana.fr\/ja\/author\/joyana\/\"}]}<\/script>\n<!-- \/ Yoast SEO plugin. -->","yoast_head_json":{"title":"Collection Vases SALVIATI - JO YANA","robots":{"index":"index","follow":"follow","max-snippet":"max-snippet:-1","max-image-preview":"max-image-preview:large","max-video-preview":"max-video-preview:-1"},"canonical":"https:\/\/www.joyana.fr\/ja\/collection-vases-salviati\/102390\/","og_locale":"ja_JP","og_type":"article","og_title":"Collection Vases SALVIATI - JO YANA","og_description":"Coup de coeur pour la collection de vases Salviati qui comprend des pi\u00e8ces sign\u00e9es par de grands designer comm [&hellip;]","og_url":"https:\/\/www.joyana.fr\/ja\/collection-vases-salviati\/102390\/","og_site_name":"JO YANA","article_published_time":"2009-04-16T12:54:54+00:00","og_image":[{"width":500,"height":500,"url":"https:\/\/www.joyana.fr\/wp-content\/uploads\/2009\/04\/salviatiBLOGDECO.jpg","type":"image\/jpeg"}],"author":"Jo Yana","twitter_card":"summary_large_image","twitter_creator":"@Jo_Yana","twitter_site":"@Jo_Yana","twitter_misc":{"\u57f7\u7b46\u8005":"Jo Yana","\u63a8\u5b9a\u8aad\u307f\u53d6\u308a\u6642\u9593":"1\u5206"},"schema":{"@context":"https:\/\/schema.org","@graph":[{"@type":"Article","@id":"https:\/\/www.joyana.fr\/en\/collection-vases-salviati\/102390\/#article","isPartOf":{"@id":"https:\/\/www.joyana.fr\/en\/collection-vases-salviati\/102390\/"},"author":{"name":"Jo Yana","@id":"https:\/\/joyana.fr\/#\/schema\/person\/cf2a1ad12a27c12c21801075bf37407c"},"headline":"Collection Vases SALVIATI","datePublished":"2009-04-16T12:54:54+00:00","mainEntityOfPage":{"@id":"https:\/\/www.joyana.fr\/en\/collection-vases-salviati\/102390\/"},"wordCount":290,"commentCount":8,"publisher":{"@id":"https:\/\/joyana.fr\/#\/schema\/person\/cf2a1ad12a27c12c21801075bf37407c"},"image":{"@id":"https:\/\/www.joyana.fr\/en\/collection-vases-salviati\/102390\/#primaryimage"},"thumbnailUrl":"https:\/\/i0.wp.com\/www.joyana.fr\/wp-content\/uploads\/2009\/04\/salviatiBLOGDECO.jpg?fit=500%2C500&ssl=1","keywords":["DESIGN"],"articleSection":["Accessoires","DECO-DESIGN","Tendance Luxe"],"inLanguage":"ja","potentialAction":[{"@type":"CommentAction","name":"Comment","target":["https:\/\/www.joyana.fr\/en\/collection-vases-salviati\/102390\/#respond"]}]},{"@type":"WebPage","@id":"https:\/\/www.joyana.fr\/en\/collection-vases-salviati\/102390\/","url":"https:\/\/www.joyana.fr\/en\/collection-vases-salviati\/102390\/","name":"Collection Vases SALVIATI - JO YANA","isPartOf":{"@id":"https:\/\/joyana.fr\/#website"},"primaryImageOfPage":{"@id":"https:\/\/www.joyana.fr\/en\/collection-vases-salviati\/102390\/#primaryimage"},"image":{"@id":"https:\/\/www.joyana.fr\/en\/collection-vases-salviati\/102390\/#primaryimage"},"thumbnailUrl":"https:\/\/i0.wp.com\/www.joyana.fr\/wp-content\/uploads\/2009\/04\/salviatiBLOGDECO.jpg?fit=500%2C500&ssl=1","datePublished":"2009-04-16T12:54:54+00:00","breadcrumb":{"@id":"https:\/\/www.joyana.fr\/en\/collection-vases-salviati\/102390\/#breadcrumb"},"inLanguage":"ja","potentialAction":[{"@type":"ReadAction","target":["https:\/\/www.joyana.fr\/en\/collection-vases-salviati\/102390\/"]}]},{"@type":"ImageObject","inLanguage":"ja","@id":"https:\/\/www.joyana.fr\/en\/collection-vases-salviati\/102390\/#primaryimage","url":"https:\/\/i0.wp.com\/www.joyana.fr\/wp-content\/uploads\/2009\/04\/salviatiBLOGDECO.jpg?fit=500%2C500&ssl=1","contentUrl":"https:\/\/i0.wp.com\/www.joyana.fr\/wp-content\/uploads\/2009\/04\/salviatiBLOGDECO.jpg?fit=500%2C500&ssl=1","width":500,"height":500},{"@type":"BreadcrumbList","@id":"https:\/\/www.joyana.fr\/en\/collection-vases-salviati\/102390\/#breadcrumb","itemListElement":[{"@type":"ListItem","position":1,"name":"Accueil","item":"https:\/\/joyana.fr\/"},{"@type":"ListItem","position":2,"name":"Collection Vases SALVIATI"}]},{"@type":"WebSite","@id":"https:\/\/joyana.fr\/#website","url":"https:\/\/joyana.fr\/","name":"JO YANA","description":"Blog Mode Homme, Lifestyle, D\u00e9co-Design","publisher":{"@id":"https:\/\/joyana.fr\/#\/schema\/person\/cf2a1ad12a27c12c21801075bf37407c"},"potentialAction":[{"@type":"SearchAction","target":{"@type":"EntryPoint","urlTemplate":"https:\/\/joyana.fr\/?s={search_term_string}"},"query-input":{"@type":"PropertyValueSpecification","valueRequired":true,"valueName":"search_term_string"}}],"inLanguage":"ja"},{"@type":["Person","Organization"],"@id":"https:\/\/joyana.fr\/#\/schema\/person\/cf2a1ad12a27c12c21801075bf37407c","name":"Jo Yana","image":{"@type":"ImageObject","inLanguage":"ja","@id":"https:\/\/joyana.fr\/#\/schema\/person\/image\/","url":"https:\/\/i0.wp.com\/www.joyana.fr\/wp-content\/uploads\/2016\/08\/cropped-joyana-logo-black-360x180.png?fit=343%2C164&ssl=1","contentUrl":"https:\/\/i0.wp.com\/www.joyana.fr\/wp-content\/uploads\/2016\/08\/cropped-joyana-logo-black-360x180.png?fit=343%2C164&ssl=1","width":343,"height":164,"caption":"Jo Yana"},"logo":{"@id":"https:\/\/joyana.fr\/#\/schema\/person\/image\/"},"description":"Jo Yana est le cr\u00e9ateur et r\u00e9dacteur en chef des sites DECO-DESIGN. Passionn\u00e9 de Design, Mode, Photo, Luxe, Lifestyle, Musique, mais avant tout Blogueur ! Le plaisir de partager l'anime et a comme devise \"POUR L'AMOUR DU BEAU\". Retrouvez le aussi sur son blog personnel - https:\/\/joyana.fr...","sameAs":["https:\/\/joyana.fr\/"],"url":"https:\/\/www.joyana.fr\/ja\/author\/joyana\/"}]}},"author_meta":{"display_name":"Jo Yana","author_link":"https:\/\/www.joyana.fr\/ja\/author\/joyana\/"},"featured_img":"https:\/\/i0.wp.com\/www.joyana.fr\/wp-content\/uploads\/2009\/04\/salviatiBLOGDECO.jpg?fit=389%2C389&ssl=1","featured_image_src":"https:\/\/i0.wp.com\/www.joyana.fr\/wp-content\/uploads\/2009\/04\/salviatiBLOGDECO.jpg?resize=500%2C400&ssl=1","featured_image_src_square":"https:\/\/i0.wp.com\/www.joyana.fr\/wp-content\/uploads\/2009\/04\/salviatiBLOGDECO.jpg?resize=500%2C500&ssl=1","jetpack_featured_media_url":"https:\/\/i0.wp.com\/www.joyana.fr\/wp-content\/uploads\/2009\/04\/salviatiBLOGDECO.jpg?fit=500%2C500&ssl=1","uagb_featured_image_src":{"full":["https:\/\/i0.wp.com\/www.joyana.fr\/wp-content\/uploads\/2009\/04\/salviatiBLOGDECO.jpg?fit=500%2C500&ssl=1",500,500,false],"thumbnail":["https:\/\/i0.wp.com\/www.joyana.fr\/wp-content\/uploads\/2009\/04\/salviatiBLOGDECO.jpg?resize=150%2C150&ssl=1",150,150,true],"medium":["https:\/\/i0.wp.com\/www.joyana.fr\/wp-content\/uploads\/2009\/04\/salviatiBLOGDECO.jpg?fit=389%2C389&ssl=1",389,389,true],"medium_large":["https:\/\/i0.wp.com\/www.joyana.fr\/wp-content\/uploads\/2009\/04\/salviatiBLOGDECO.jpg?fit=500%2C500&ssl=1",500,500,true],"large":["https:\/\/i0.wp.com\/www.joyana.fr\/wp-content\/uploads\/2009\/04\/salviatiBLOGDECO.jpg?fit=500%2C500&ssl=1",500,500,true],"1536x1536":["https:\/\/i0.wp.com\/www.joyana.fr\/wp-content\/uploads\/2009\/04\/salviatiBLOGDECO.jpg?fit=500%2C500&ssl=1",500,500,true],"2048x2048":["https:\/\/i0.wp.com\/www.joyana.fr\/wp-content\/uploads\/2009\/04\/salviatiBLOGDECO.jpg?fit=500%2C500&ssl=1",500,500,true],"featured-thumb":["https:\/\/i0.wp.com\/www.joyana.fr\/wp-content\/uploads\/2009\/04\/salviatiBLOGDECO.jpg?resize=500%2C500&ssl=1",500,500,true],"ab-block-post-grid-landscape":["https:\/\/i0.wp.com\/www.joyana.fr\/wp-content\/uploads\/2009\/04\/salviatiBLOGDECO.jpg?resize=500%2C400&ssl=1",500,400,true],"ab-block-post-grid-square":["https:\/\/i0.wp.com\/www.joyana.fr\/wp-content\/uploads\/2009\/04\/salviatiBLOGDECO.jpg?resize=500%2C500&ssl=1",500,500,true],"author-pro-image":["https:\/\/i0.wp.com\/www.joyana.fr\/wp-content\/uploads\/2009\/04\/salviatiBLOGDECO.jpg?resize=360%2C500&ssl=1",360,500,true],"slider":["https:\/\/i0.wp.com\/www.joyana.fr\/wp-content\/uploads\/2009\/04\/salviatiBLOGDECO.jpg?resize=500%2C400&ssl=1",500,400,true],"woocommerce_thumbnail":["https:\/\/i0.wp.com\/www.joyana.fr\/wp-content\/uploads\/2009\/04\/salviatiBLOGDECO.jpg?resize=450%2C450&ssl=1",450,450,true],"woocommerce_single":["https:\/\/i0.wp.com\/www.joyana.fr\/wp-content\/uploads\/2009\/04\/salviatiBLOGDECO.jpg?fit=500%2C500&ssl=1",500,500,true],"woocommerce_gallery_thumbnail":["https:\/\/i0.wp.com\/www.joyana.fr\/wp-content\/uploads\/2009\/04\/salviatiBLOGDECO.jpg?resize=180%2C180&ssl=1",180,180,true],"sow-carousel-default":["https:\/\/i0.wp.com\/www.joyana.fr\/wp-content\/uploads\/2009\/04\/salviatiBLOGDECO.jpg?resize=272%2C182&ssl=1",272,182,true]},"uagb_author_info":{"display_name":"Jo Yana","author_link":"https:\/\/www.joyana.fr\/ja\/author\/joyana\/"},"uagb_comment_info":9,"uagb_excerpt":"Coup de coeur pour la collection de vases Salviati qui &hellip;","coauthors":[],"tax_additional":{"categories":{"linked":["<a href=\"https:\/\/www.joyana.fr\/ja\/category\/deco-design\/decoration\/accessoires\/\" class=\"advgb-post-tax-term\">Accessoires<\/a>","<a href=\"https:\/\/www.joyana.fr\/ja\/category\/deco-design\/\" class=\"advgb-post-tax-term\">DECO-DESIGN<\/a>","<a href=\"https:\/\/www.joyana.fr\/ja\/category\/deco-design\/decoration\/tendance-luxe\/\" class=\"advgb-post-tax-term\">Tendance Luxe<\/a>"],"unlinked":["<span class=\"advgb-post-tax-term\">Accessoires<\/span>","<span class=\"advgb-post-tax-term\">DECO-DESIGN<\/span>","<span class=\"advgb-post-tax-term\">Tendance Luxe<\/span>"]},"tags":{"linked":["<a href=\"https:\/\/www.joyana.fr\/ja\/category\/deco-design\/decoration\/tendance-luxe\/\" class=\"advgb-post-tax-term\">DESIGN<\/a>"],"unlinked":["<span class=\"advgb-post-tax-term\">DESIGN<\/span>"]}},"comment_count":8,"relative_dates":{"created":"Posted 17\u5e74 ago","modified":"Updated 17\u5e74 ago"},"absolute_dates":{"created":"Posted on 16 4\u6708 2009","modified":"Updated on 16 4\u6708 2009"},"absolute_dates_time":{"created":"Posted on 16 4\u6708 2009 13:54","modified":"Updated on 16 4\u6708 2009 13:54"},"featured_img_caption":"","series_order":"","jetpack_sharing_enabled":true,"jetpack_shortlink":"https:\/\/wp.me\/p9bteI-qDs","jetpack-related-posts":[],"_links":{"self":[{"href":"https:\/\/www.joyana.fr\/ja\/wp-json\/wp\/v2\/posts\/102390","targetHints":{"allow":["GET"]}}],"collection":[{"href":"https:\/\/www.joyana.fr\/ja\/wp-json\/wp\/v2\/posts"}],"about":[{"href":"https:\/\/www.joyana.fr\/ja\/wp-json\/wp\/v2\/types\/post"}],"author":[{"embeddable":true,"href":"https:\/\/www.joyana.fr\/ja\/wp-json\/wp\/v2\/users\/3"}],"replies":[{"embeddable":true,"href":"https:\/\/www.joyana.fr\/ja\/wp-json\/wp\/v2\/comments?post=102390"}],"version-history":[{"count":0,"href":"https:\/\/www.joyana.fr\/ja\/wp-json\/wp\/v2\/posts\/102390\/revisions"}],"wp:featuredmedia":[{"embeddable":true,"href":"https:\/\/www.joyana.fr\/ja\/wp-json\/wp\/v2\/media\/122311"}],"wp:attachment":[{"href":"https:\/\/www.joyana.fr\/ja\/wp-json\/wp\/v2\/media?parent=102390"}],"wp:term":[{"taxonomy":"category","embeddable":true,"href":"https:\/\/www.joyana.fr\/ja\/wp-json\/wp\/v2\/categories?post=102390"},{"taxonomy":"post_tag","embeddable":true,"href":"https:\/\/www.joyana.fr\/ja\/wp-json\/wp\/v2\/tags?post=102390"}],"curies":[{"name":"wp","href":"https:\/\/api.w.org\/{rel}","templated":true}]}}