{"id":101314,"date":"2008-07-07T14:14:12","date_gmt":"2008-07-07T13:14:12","guid":{"rendered":"https:\/\/joyana.fr\/enceinte-pour-lexterieur-%c2%ab-zemi-%c2%bb-par-frolet-pellisari\/"},"modified":"2008-07-07T14:14:12","modified_gmt":"2008-07-07T13:14:12","slug":"enceinte-pour-lexterieur-zemi-par-frolet-pellisari","status":"publish","type":"post","link":"https:\/\/www.joyana.fr\/ja\/enceinte-pour-lexterieur-zemi-par-frolet-pellisari\/101314\/","title":{"rendered":"Enceinte pour l&#039;Ext\u00e9rieur \u00ab Zemi \u00bb par FROLET &amp; PELLISARI"},"content":{"rendered":"<p>C\u2019est les designers Elizabeth <strong>Frolet<\/strong> et Francesco <strong>Pellisari<\/strong> qui sont \u00e0 l\u2019origine de ce projet <strong>d\u2019enceinte pour l\u2019ext\u00e9rieur<\/strong> &#8211; qui a pour nom de code <strong><span class=\"postbody\">\u00ab<\/span> Zemi <span class=\"postbody\">\u00bb<\/span><\/strong>. Un design innovant et une qualit\u00e9 irr\u00e9prochable pour ce produit qui vous permettra d&#8217;emmener votre musique o\u00f9 bon vous semble&#8230;<\/p>\n<p><img data-recalc-dims=\"1\" fetchpriority=\"high\" decoding=\"async\" border=\"0\" align=\"top\" width=\"500\" src=\"https:\/\/i0.wp.com\/joyana.fr\/wp-content\/uploads\/zemi-enceinte-pour-lexterieur-viteo-refzemi31.jpg?resize=500%2C353&#038;ssl=1\" hspace=\"8\" alt=\"Enceinte pour l\u2019Ext\u00e9rieur \u00ab Zemi \u00bb par FROLET &#038; PELLISARI\" height=\"353\" \/><\/p>\n<p>Texte made in design : <em>Le design, c\u2019est l\u2019art de marier la fonction \u00e0 l\u2019esth\u00e9tisme&#8230; L\u2019enceinte <strong><span class=\"postbody\">\u00ab<\/span> Zemi <span class=\"postbody\">\u00bb<\/span><\/strong> poss\u00e8de une forme sph\u00e9rique tr\u00e8s pure et offre un son incomparable gr\u00e2ce \u00e0 sa perfection technologique. Elle s\u2019utilise aussi bien \u00e0 l\u2019int\u00e9rieur qu\u2019\u00e0 l\u2019ext\u00e9rieur (IP 66) : id\u00e9al pour \u00e9couter sa musique pr\u00e9f\u00e9r\u00e9e tranquillement install\u00e9 dans son jardin ! Imagin\u00e9e par les designers E. Frolet &#038; F. Pellisari, cette enceinte faite \u00e0 la main est r\u00e9alis\u00e9e en c\u00e9ramique verniss\u00e9e et poss\u00e8de une superbe finition lustr\u00e9e. Extr\u00eamement l\u00e9g\u00e8re (3.2 Kg), elle peut se suspendre au plafond ou bien se poser sur une surface plane (sol ou table) gr\u00e2ce \u00e0 son socle en silicone (fourni). La technologie multi-directionnelle utilis\u00e9e a \u00e9t\u00e9 mise au point par <span class=\"postbody\">\u00ab<\/span> NAC Sound <span class=\"postbody\">\u00bb<\/span> , c\u00e9l\u00e8bre fabricant italien d\u2019enceintes haut de gamme. Cette enceinte contient un seul haut-parleur coaxial qui produit un son de tr\u00e8s haute qualit\u00e9 : g\u00e9n\u00e9reux, \u00e9quilibr\u00e9 avec une exceptionnelle clart\u00e9. <strong><span class=\"postbody\">\u00ab<\/span> Zemi <span class=\"postbody\">\u00bb<\/span><\/strong> peut \u00eatre facilement branch\u00e9e \u00e0 toutes sortes d\u2019amplificateurs. Cette enceinte peut \u00eatre utilis\u00e9e dans les espaces priv\u00e9s mais \u00e9galement publics : mus\u00e9es, restaurants, magasins&#8230;<\/em><\/p>\n<p><em><img data-recalc-dims=\"1\" decoding=\"async\" border=\"0\" align=\"top\" width=\"500\" src=\"https:\/\/i0.wp.com\/joyana.fr\/wp-content\/uploads\/zemi-enceinte-pour-lexterieur-viteo-refzemi11.jpg?resize=500%2C500&#038;ssl=1\" hspace=\"8\" alt=\"Enceinte pour l\u2019Ext\u00e9rieur \u00ab Zemi \u00bb par FROLET &#038; PELLISARI\" height=\"500\" \/><\/em><\/p>\n<p><em>Poids : 3.2 Kg<br \/>\nImpedance : 8 ohm<br \/>\nPower : 70W r.m.s<br \/>\nMax. signal power (efficiency) : 86 dB<\/em><\/p>\n<p><img data-recalc-dims=\"1\" decoding=\"async\" border=\"0\" align=\"top\" width=\"500\" src=\"https:\/\/i0.wp.com\/joyana.fr\/wp-content\/uploads\/zemi-enceinte-pour-lexterieur-viteo-refzemi41.jpg?resize=500%2C343&#038;ssl=1\" hspace=\"8\" alt=\"Enceinte pour l\u2019Ext\u00e9rieur \u00ab Zemi \u00bb par FROLET &#038; PELLISARI\" height=\"343\" \/><\/p>\n<p>Disponible chez notre partenaire :<\/p>\n<p>\u00a0\u00a0\u00a0\u00a0\u00a0<a href=\"http:\/\/ad.zanox.com\/ppc\/?6065411C712194472T\"><img loading=\"lazy\" decoding=\"async\" border=\"0\" align=\"bottom\" width=\"468\" src=\"http:\/\/ad.zanox.com\/ppv\/?6065411C712194472\" hspace=\"1\" alt=\"Made In Design - Le leader du design\" height=\"60\" \/><\/a><\/p>\n<p>&#8212;&#8212;&#8212;&#8212;&#8212;&#8211;<\/p>\n<p><a target=\"_blank\" href=\"http:\/\/jo_yana@hotmail.com\">Jo Yana<\/a><\/p>\n","protected":false},"excerpt":{"rendered":"<p>C\u2019est les designers Elizabeth Frolet et Francesco Pellisari qui sont \u00e0 l\u2019origine de ce projet d\u2019enceinte pour  [&hellip;]<\/p>\n","protected":false},"author":3,"featured_media":125493,"comment_status":"open","ping_status":"open","sticky":false,"template":"","format":"standard","meta":{"_coblocks_attr":"","_coblocks_dimensions":"","_coblocks_responsive_height":"","_coblocks_accordion_ie_support":"","_uag_custom_page_level_css":"","advgb_blocks_editor_width":"","advgb_blocks_columns_visual_guide":"","_genesis_hide_title":false,"_genesis_hide_breadcrumbs":false,"_genesis_hide_singular_image":false,"_genesis_hide_footer_widgets":false,"_genesis_custom_body_class":"","_genesis_custom_post_class":"","_genesis_layout":"","_themeisle_gutenberg_block_has_review":false,"_jetpack_newsletter_access":"","_jetpack_dont_email_post_to_subs":false,"_jetpack_newsletter_tier_id":0,"_jetpack_memberships_contains_paywalled_content":false,"_jetpack_memberships_contains_paid_content":false,"footnotes":""},"categories":[905,925],"tags":[922],"class_list":{"0":"post-101314","1":"post","2":"type-post","3":"status-publish","4":"format-standard","5":"has-post-thumbnail","7":"category-deco-design","8":"category-high-tech","9":"tag-design-outdoor","10":"entry"},"featured_image_urls":{"full":["https:\/\/i0.wp.com\/www.joyana.fr\/wp-content\/uploads\/2017\/07\/unnamed-file-36.gif?fit=88%2C31&ssl=1",88,31,false],"thumbnail":["https:\/\/i0.wp.com\/www.joyana.fr\/wp-content\/uploads\/2017\/07\/unnamed-file-36.gif?resize=88%2C31&ssl=1",88,31,true],"medium":["https:\/\/i0.wp.com\/www.joyana.fr\/wp-content\/uploads\/2017\/07\/unnamed-file-36.gif?fit=88%2C31&ssl=1",88,31,true],"medium_large":["https:\/\/i0.wp.com\/www.joyana.fr\/wp-content\/uploads\/2017\/07\/unnamed-file-36.gif?fit=88%2C31&ssl=1",88,31,true],"large":["https:\/\/i0.wp.com\/www.joyana.fr\/wp-content\/uploads\/2017\/07\/unnamed-file-36.gif?fit=88%2C31&ssl=1",88,31,true],"1536x1536":["https:\/\/i0.wp.com\/www.joyana.fr\/wp-content\/uploads\/2017\/07\/unnamed-file-36.gif?fit=88%2C31&ssl=1",88,31,true],"2048x2048":["https:\/\/i0.wp.com\/www.joyana.fr\/wp-content\/uploads\/2017\/07\/unnamed-file-36.gif?fit=88%2C31&ssl=1",88,31,true],"featured-thumb":["https:\/\/i0.wp.com\/www.joyana.fr\/wp-content\/uploads\/2017\/07\/unnamed-file-36.gif?resize=88%2C31&ssl=1",88,31,true],"ab-block-post-grid-landscape":["https:\/\/i0.wp.com\/www.joyana.fr\/wp-content\/uploads\/2017\/07\/unnamed-file-36.gif?resize=88%2C31&ssl=1",88,31,true],"ab-block-post-grid-square":["https:\/\/i0.wp.com\/www.joyana.fr\/wp-content\/uploads\/2017\/07\/unnamed-file-36.gif?resize=88%2C31&ssl=1",88,31,true],"author-pro-image":["https:\/\/i0.wp.com\/www.joyana.fr\/wp-content\/uploads\/2017\/07\/unnamed-file-36.gif?resize=88%2C31&ssl=1",88,31,true],"slider":["https:\/\/i0.wp.com\/www.joyana.fr\/wp-content\/uploads\/2017\/07\/unnamed-file-36.gif?resize=88%2C31&ssl=1",88,31,true],"woocommerce_thumbnail":["https:\/\/i0.wp.com\/www.joyana.fr\/wp-content\/uploads\/2017\/07\/unnamed-file-36.gif?resize=88%2C31&ssl=1",88,31,true],"woocommerce_single":["https:\/\/i0.wp.com\/www.joyana.fr\/wp-content\/uploads\/2017\/07\/unnamed-file-36.gif?fit=88%2C31&ssl=1",88,31,true],"woocommerce_gallery_thumbnail":["https:\/\/i0.wp.com\/www.joyana.fr\/wp-content\/uploads\/2017\/07\/unnamed-file-36.gif?resize=88%2C31&ssl=1",88,31,true],"sow-carousel-default":["https:\/\/i0.wp.com\/www.joyana.fr\/wp-content\/uploads\/2017\/07\/unnamed-file-36.gif?resize=88%2C31&ssl=1",88,31,true]},"post_excerpt_stackable":"<p>C\u2019est les designers Elizabeth Frolet et Francesco Pellisari qui sont \u00e0 l\u2019origine de ce projet d\u2019ence&hellip;<\/p>\n","category_list":"<a href=\"https:\/\/www.joyana.fr\/ja\/category\/deco-design\/\" rel=\"category tag\">DECO-DESIGN<\/a>, <a href=\"https:\/\/www.joyana.fr\/ja\/category\/deco-design\/actualite\/high-tech\/\" rel=\"category tag\">High-Tech<\/a>","author_info":{"display_name":"Jo Yana","author_link":"https:\/\/www.joyana.fr\/ja\/author\/joyana\/"},"comments_num":"0 comments","featured_image_urls_v2":{"full":["https:\/\/i0.wp.com\/www.joyana.fr\/wp-content\/uploads\/2017\/07\/unnamed-file-36.gif?fit=88%2C31&ssl=1",88,31,false],"thumbnail":["https:\/\/i0.wp.com\/www.joyana.fr\/wp-content\/uploads\/2017\/07\/unnamed-file-36.gif?resize=88%2C31&ssl=1",88,31,true],"medium":["https:\/\/i0.wp.com\/www.joyana.fr\/wp-content\/uploads\/2017\/07\/unnamed-file-36.gif?fit=88%2C31&ssl=1",88,31,true],"medium_large":["https:\/\/i0.wp.com\/www.joyana.fr\/wp-content\/uploads\/2017\/07\/unnamed-file-36.gif?fit=88%2C31&ssl=1",88,31,true],"large":["https:\/\/i0.wp.com\/www.joyana.fr\/wp-content\/uploads\/2017\/07\/unnamed-file-36.gif?fit=88%2C31&ssl=1",88,31,true],"1536x1536":["https:\/\/i0.wp.com\/www.joyana.fr\/wp-content\/uploads\/2017\/07\/unnamed-file-36.gif?fit=88%2C31&ssl=1",88,31,true],"2048x2048":["https:\/\/i0.wp.com\/www.joyana.fr\/wp-content\/uploads\/2017\/07\/unnamed-file-36.gif?fit=88%2C31&ssl=1",88,31,true],"featured-thumb":["https:\/\/i0.wp.com\/www.joyana.fr\/wp-content\/uploads\/2017\/07\/unnamed-file-36.gif?resize=88%2C31&ssl=1",88,31,true],"ab-block-post-grid-landscape":["https:\/\/i0.wp.com\/www.joyana.fr\/wp-content\/uploads\/2017\/07\/unnamed-file-36.gif?resize=88%2C31&ssl=1",88,31,true],"ab-block-post-grid-square":["https:\/\/i0.wp.com\/www.joyana.fr\/wp-content\/uploads\/2017\/07\/unnamed-file-36.gif?resize=88%2C31&ssl=1",88,31,true],"author-pro-image":["https:\/\/i0.wp.com\/www.joyana.fr\/wp-content\/uploads\/2017\/07\/unnamed-file-36.gif?resize=88%2C31&ssl=1",88,31,true],"slider":["https:\/\/i0.wp.com\/www.joyana.fr\/wp-content\/uploads\/2017\/07\/unnamed-file-36.gif?resize=88%2C31&ssl=1",88,31,true],"woocommerce_thumbnail":["https:\/\/i0.wp.com\/www.joyana.fr\/wp-content\/uploads\/2017\/07\/unnamed-file-36.gif?resize=88%2C31&ssl=1",88,31,true],"woocommerce_single":["https:\/\/i0.wp.com\/www.joyana.fr\/wp-content\/uploads\/2017\/07\/unnamed-file-36.gif?fit=88%2C31&ssl=1",88,31,true],"woocommerce_gallery_thumbnail":["https:\/\/i0.wp.com\/www.joyana.fr\/wp-content\/uploads\/2017\/07\/unnamed-file-36.gif?resize=88%2C31&ssl=1",88,31,true],"sow-carousel-default":["https:\/\/i0.wp.com\/www.joyana.fr\/wp-content\/uploads\/2017\/07\/unnamed-file-36.gif?resize=88%2C31&ssl=1",88,31,true]},"post_excerpt_stackable_v2":"<p>C\u2019est les designers Elizabeth Frolet et Francesco Pellisari qui sont \u00e0 l\u2019origine de ce projet d\u2019ence&hellip;<\/p>\n","category_list_v2":"<a href=\"https:\/\/www.joyana.fr\/ja\/category\/deco-design\/\" rel=\"category tag\">DECO-DESIGN<\/a>, <a href=\"https:\/\/www.joyana.fr\/ja\/category\/deco-design\/actualite\/high-tech\/\" rel=\"category tag\">High-Tech<\/a>","author_info_v2":{"name":"Jo Yana","url":"https:\/\/www.joyana.fr\/ja\/author\/joyana\/"},"comments_num_v2":"0 comments","yoast_head":"<!-- This site is optimized with the Yoast SEO plugin v26.8 - https:\/\/yoast.com\/product\/yoast-seo-wordpress\/ -->\n<title>Enceinte pour l&#039;Ext\u00e9rieur \u00ab Zemi \u00bb par FROLET &amp; PELLISARI - JO YANA<\/title>\n<meta name=\"robots\" content=\"index, follow, max-snippet:-1, max-image-preview:large, max-video-preview:-1\" \/>\n<link rel=\"canonical\" href=\"https:\/\/www.joyana.fr\/ja\/enceinte-pour-lexterieur-zemi-par-frolet-pellisari\/101314\/\" \/>\n<meta property=\"og:locale\" content=\"ja_JP\" \/>\n<meta property=\"og:locale:alternate\" content=\"fr_FR\" \/>\n<meta property=\"og:locale:alternate\" content=\"en_US\" \/>\n<meta property=\"og:type\" content=\"article\" \/>\n<meta property=\"og:title\" content=\"Enceinte pour l&#039;Ext\u00e9rieur \u00ab Zemi \u00bb par FROLET &amp; PELLISARI - JO YANA\" \/>\n<meta property=\"og:description\" content=\"C\u2019est les designers Elizabeth Frolet et Francesco Pellisari qui sont \u00e0 l\u2019origine de ce projet d\u2019enceinte pour [&hellip;]\" \/>\n<meta property=\"og:url\" content=\"https:\/\/www.joyana.fr\/ja\/enceinte-pour-lexterieur-zemi-par-frolet-pellisari\/101314\/\" \/>\n<meta property=\"og:site_name\" content=\"JO YANA\" \/>\n<meta property=\"article:published_time\" content=\"2008-07-07T13:14:12+00:00\" \/>\n<meta property=\"og:image\" content=\"https:\/\/www.joyana.fr\/wp-content\/uploads\/2017\/07\/unnamed-file-36.gif\" \/>\n\t<meta property=\"og:image:width\" content=\"88\" \/>\n\t<meta property=\"og:image:height\" content=\"31\" \/>\n\t<meta property=\"og:image:type\" content=\"image\/gif\" \/>\n<meta name=\"author\" content=\"Jo Yana\" \/>\n<meta name=\"twitter:card\" content=\"summary_large_image\" \/>\n<meta name=\"twitter:creator\" content=\"@Jo_Yana\" \/>\n<meta name=\"twitter:site\" content=\"@Jo_Yana\" \/>\n<meta name=\"twitter:label1\" content=\"\u57f7\u7b46\u8005\" \/>\n\t<meta name=\"twitter:data1\" content=\"Jo Yana\" \/>\n\t<meta name=\"twitter:label2\" content=\"\u63a8\u5b9a\u8aad\u307f\u53d6\u308a\u6642\u9593\" \/>\n\t<meta name=\"twitter:data2\" content=\"1\u5206\" \/>\n<script type=\"application\/ld+json\" class=\"yoast-schema-graph\">{\"@context\":\"https:\/\/schema.org\",\"@graph\":[{\"@type\":\"Article\",\"@id\":\"https:\/\/www.joyana.fr\/enceinte-pour-lexterieur-zemi-par-frolet-pellisari\/101314\/#article\",\"isPartOf\":{\"@id\":\"https:\/\/www.joyana.fr\/enceinte-pour-lexterieur-zemi-par-frolet-pellisari\/101314\/\"},\"author\":{\"name\":\"Jo Yana\",\"@id\":\"https:\/\/joyana.fr\/#\/schema\/person\/cf2a1ad12a27c12c21801075bf37407c\"},\"headline\":\"Enceinte pour l&#039;Ext\u00e9rieur \u00ab Zemi \u00bb par FROLET &amp; PELLISARI\",\"datePublished\":\"2008-07-07T13:14:12+00:00\",\"mainEntityOfPage\":{\"@id\":\"https:\/\/www.joyana.fr\/enceinte-pour-lexterieur-zemi-par-frolet-pellisari\/101314\/\"},\"wordCount\":286,\"commentCount\":0,\"publisher\":{\"@id\":\"https:\/\/joyana.fr\/#\/schema\/person\/cf2a1ad12a27c12c21801075bf37407c\"},\"image\":{\"@id\":\"https:\/\/www.joyana.fr\/enceinte-pour-lexterieur-zemi-par-frolet-pellisari\/101314\/#primaryimage\"},\"thumbnailUrl\":\"https:\/\/i0.wp.com\/www.joyana.fr\/wp-content\/uploads\/2017\/07\/unnamed-file-36.gif?fit=88%2C31&ssl=1\",\"keywords\":[\"Design Outdoor\"],\"articleSection\":[\"DECO-DESIGN\",\"High-Tech\"],\"inLanguage\":\"ja\",\"potentialAction\":[{\"@type\":\"CommentAction\",\"name\":\"Comment\",\"target\":[\"https:\/\/www.joyana.fr\/enceinte-pour-lexterieur-zemi-par-frolet-pellisari\/101314\/#respond\"]}]},{\"@type\":\"WebPage\",\"@id\":\"https:\/\/www.joyana.fr\/enceinte-pour-lexterieur-zemi-par-frolet-pellisari\/101314\/\",\"url\":\"https:\/\/www.joyana.fr\/enceinte-pour-lexterieur-zemi-par-frolet-pellisari\/101314\/\",\"name\":\"Enceinte pour l&#039;Ext\u00e9rieur \u00ab Zemi \u00bb par FROLET &amp; PELLISARI - JO YANA\",\"isPartOf\":{\"@id\":\"https:\/\/joyana.fr\/#website\"},\"primaryImageOfPage\":{\"@id\":\"https:\/\/www.joyana.fr\/enceinte-pour-lexterieur-zemi-par-frolet-pellisari\/101314\/#primaryimage\"},\"image\":{\"@id\":\"https:\/\/www.joyana.fr\/enceinte-pour-lexterieur-zemi-par-frolet-pellisari\/101314\/#primaryimage\"},\"thumbnailUrl\":\"https:\/\/i0.wp.com\/www.joyana.fr\/wp-content\/uploads\/2017\/07\/unnamed-file-36.gif?fit=88%2C31&ssl=1\",\"datePublished\":\"2008-07-07T13:14:12+00:00\",\"breadcrumb\":{\"@id\":\"https:\/\/www.joyana.fr\/enceinte-pour-lexterieur-zemi-par-frolet-pellisari\/101314\/#breadcrumb\"},\"inLanguage\":\"ja\",\"potentialAction\":[{\"@type\":\"ReadAction\",\"target\":[\"https:\/\/www.joyana.fr\/enceinte-pour-lexterieur-zemi-par-frolet-pellisari\/101314\/\"]}]},{\"@type\":\"ImageObject\",\"inLanguage\":\"ja\",\"@id\":\"https:\/\/www.joyana.fr\/enceinte-pour-lexterieur-zemi-par-frolet-pellisari\/101314\/#primaryimage\",\"url\":\"https:\/\/i0.wp.com\/www.joyana.fr\/wp-content\/uploads\/2017\/07\/unnamed-file-36.gif?fit=88%2C31&ssl=1\",\"contentUrl\":\"https:\/\/i0.wp.com\/www.joyana.fr\/wp-content\/uploads\/2017\/07\/unnamed-file-36.gif?fit=88%2C31&ssl=1\",\"width\":88,\"height\":31},{\"@type\":\"BreadcrumbList\",\"@id\":\"https:\/\/www.joyana.fr\/enceinte-pour-lexterieur-zemi-par-frolet-pellisari\/101314\/#breadcrumb\",\"itemListElement\":[{\"@type\":\"ListItem\",\"position\":1,\"name\":\"Accueil\",\"item\":\"https:\/\/joyana.fr\/\"},{\"@type\":\"ListItem\",\"position\":2,\"name\":\"Enceinte pour l&#039;Ext\u00e9rieur \u00ab Zemi \u00bb par FROLET &amp; PELLISARI\"}]},{\"@type\":\"WebSite\",\"@id\":\"https:\/\/joyana.fr\/#website\",\"url\":\"https:\/\/joyana.fr\/\",\"name\":\"JO YANA\",\"description\":\"Blog Mode Homme, Lifestyle, D\u00e9co-Design\",\"publisher\":{\"@id\":\"https:\/\/joyana.fr\/#\/schema\/person\/cf2a1ad12a27c12c21801075bf37407c\"},\"potentialAction\":[{\"@type\":\"SearchAction\",\"target\":{\"@type\":\"EntryPoint\",\"urlTemplate\":\"https:\/\/joyana.fr\/?s={search_term_string}\"},\"query-input\":{\"@type\":\"PropertyValueSpecification\",\"valueRequired\":true,\"valueName\":\"search_term_string\"}}],\"inLanguage\":\"ja\"},{\"@type\":[\"Person\",\"Organization\"],\"@id\":\"https:\/\/joyana.fr\/#\/schema\/person\/cf2a1ad12a27c12c21801075bf37407c\",\"name\":\"Jo Yana\",\"image\":{\"@type\":\"ImageObject\",\"inLanguage\":\"ja\",\"@id\":\"https:\/\/joyana.fr\/#\/schema\/person\/image\/\",\"url\":\"https:\/\/i0.wp.com\/www.joyana.fr\/wp-content\/uploads\/2016\/08\/cropped-joyana-logo-black-360x180.png?fit=343%2C164&ssl=1\",\"contentUrl\":\"https:\/\/i0.wp.com\/www.joyana.fr\/wp-content\/uploads\/2016\/08\/cropped-joyana-logo-black-360x180.png?fit=343%2C164&ssl=1\",\"width\":343,\"height\":164,\"caption\":\"Jo Yana\"},\"logo\":{\"@id\":\"https:\/\/joyana.fr\/#\/schema\/person\/image\/\"},\"description\":\"Jo Yana est le cr\u00e9ateur et r\u00e9dacteur en chef des sites DECO-DESIGN. Passionn\u00e9 de Design, Mode, Photo, Luxe, Lifestyle, Musique, mais avant tout Blogueur ! Le plaisir de partager l'anime et a comme devise \\\"POUR L'AMOUR DU BEAU\\\". Retrouvez le aussi sur son blog personnel - https:\/\/joyana.fr...\",\"sameAs\":[\"https:\/\/joyana.fr\/\"],\"url\":\"https:\/\/www.joyana.fr\/ja\/author\/joyana\/\"}]}<\/script>\n<!-- \/ Yoast SEO plugin. -->","yoast_head_json":{"title":"Enceinte pour l&#039;Ext\u00e9rieur \u00ab Zemi \u00bb par FROLET &amp; PELLISARI - JO YANA","robots":{"index":"index","follow":"follow","max-snippet":"max-snippet:-1","max-image-preview":"max-image-preview:large","max-video-preview":"max-video-preview:-1"},"canonical":"https:\/\/www.joyana.fr\/ja\/enceinte-pour-lexterieur-zemi-par-frolet-pellisari\/101314\/","og_locale":"ja_JP","og_type":"article","og_title":"Enceinte pour l&#039;Ext\u00e9rieur \u00ab Zemi \u00bb par FROLET &amp; PELLISARI - JO YANA","og_description":"C\u2019est les designers Elizabeth Frolet et Francesco Pellisari qui sont \u00e0 l\u2019origine de ce projet d\u2019enceinte pour [&hellip;]","og_url":"https:\/\/www.joyana.fr\/ja\/enceinte-pour-lexterieur-zemi-par-frolet-pellisari\/101314\/","og_site_name":"JO YANA","article_published_time":"2008-07-07T13:14:12+00:00","og_image":[{"width":88,"height":31,"url":"https:\/\/www.joyana.fr\/wp-content\/uploads\/2017\/07\/unnamed-file-36.gif","type":"image\/gif"}],"author":"Jo Yana","twitter_card":"summary_large_image","twitter_creator":"@Jo_Yana","twitter_site":"@Jo_Yana","twitter_misc":{"\u57f7\u7b46\u8005":"Jo Yana","\u63a8\u5b9a\u8aad\u307f\u53d6\u308a\u6642\u9593":"1\u5206"},"schema":{"@context":"https:\/\/schema.org","@graph":[{"@type":"Article","@id":"https:\/\/www.joyana.fr\/enceinte-pour-lexterieur-zemi-par-frolet-pellisari\/101314\/#article","isPartOf":{"@id":"https:\/\/www.joyana.fr\/enceinte-pour-lexterieur-zemi-par-frolet-pellisari\/101314\/"},"author":{"name":"Jo Yana","@id":"https:\/\/joyana.fr\/#\/schema\/person\/cf2a1ad12a27c12c21801075bf37407c"},"headline":"Enceinte pour l&#039;Ext\u00e9rieur \u00ab Zemi \u00bb par FROLET &amp; PELLISARI","datePublished":"2008-07-07T13:14:12+00:00","mainEntityOfPage":{"@id":"https:\/\/www.joyana.fr\/enceinte-pour-lexterieur-zemi-par-frolet-pellisari\/101314\/"},"wordCount":286,"commentCount":0,"publisher":{"@id":"https:\/\/joyana.fr\/#\/schema\/person\/cf2a1ad12a27c12c21801075bf37407c"},"image":{"@id":"https:\/\/www.joyana.fr\/enceinte-pour-lexterieur-zemi-par-frolet-pellisari\/101314\/#primaryimage"},"thumbnailUrl":"https:\/\/i0.wp.com\/www.joyana.fr\/wp-content\/uploads\/2017\/07\/unnamed-file-36.gif?fit=88%2C31&ssl=1","keywords":["Design Outdoor"],"articleSection":["DECO-DESIGN","High-Tech"],"inLanguage":"ja","potentialAction":[{"@type":"CommentAction","name":"Comment","target":["https:\/\/www.joyana.fr\/enceinte-pour-lexterieur-zemi-par-frolet-pellisari\/101314\/#respond"]}]},{"@type":"WebPage","@id":"https:\/\/www.joyana.fr\/enceinte-pour-lexterieur-zemi-par-frolet-pellisari\/101314\/","url":"https:\/\/www.joyana.fr\/enceinte-pour-lexterieur-zemi-par-frolet-pellisari\/101314\/","name":"Enceinte pour l&#039;Ext\u00e9rieur \u00ab Zemi \u00bb par FROLET &amp; PELLISARI - JO YANA","isPartOf":{"@id":"https:\/\/joyana.fr\/#website"},"primaryImageOfPage":{"@id":"https:\/\/www.joyana.fr\/enceinte-pour-lexterieur-zemi-par-frolet-pellisari\/101314\/#primaryimage"},"image":{"@id":"https:\/\/www.joyana.fr\/enceinte-pour-lexterieur-zemi-par-frolet-pellisari\/101314\/#primaryimage"},"thumbnailUrl":"https:\/\/i0.wp.com\/www.joyana.fr\/wp-content\/uploads\/2017\/07\/unnamed-file-36.gif?fit=88%2C31&ssl=1","datePublished":"2008-07-07T13:14:12+00:00","breadcrumb":{"@id":"https:\/\/www.joyana.fr\/enceinte-pour-lexterieur-zemi-par-frolet-pellisari\/101314\/#breadcrumb"},"inLanguage":"ja","potentialAction":[{"@type":"ReadAction","target":["https:\/\/www.joyana.fr\/enceinte-pour-lexterieur-zemi-par-frolet-pellisari\/101314\/"]}]},{"@type":"ImageObject","inLanguage":"ja","@id":"https:\/\/www.joyana.fr\/enceinte-pour-lexterieur-zemi-par-frolet-pellisari\/101314\/#primaryimage","url":"https:\/\/i0.wp.com\/www.joyana.fr\/wp-content\/uploads\/2017\/07\/unnamed-file-36.gif?fit=88%2C31&ssl=1","contentUrl":"https:\/\/i0.wp.com\/www.joyana.fr\/wp-content\/uploads\/2017\/07\/unnamed-file-36.gif?fit=88%2C31&ssl=1","width":88,"height":31},{"@type":"BreadcrumbList","@id":"https:\/\/www.joyana.fr\/enceinte-pour-lexterieur-zemi-par-frolet-pellisari\/101314\/#breadcrumb","itemListElement":[{"@type":"ListItem","position":1,"name":"Accueil","item":"https:\/\/joyana.fr\/"},{"@type":"ListItem","position":2,"name":"Enceinte pour l&#039;Ext\u00e9rieur \u00ab Zemi \u00bb par FROLET &amp; PELLISARI"}]},{"@type":"WebSite","@id":"https:\/\/joyana.fr\/#website","url":"https:\/\/joyana.fr\/","name":"JO YANA","description":"Blog Mode Homme, Lifestyle, D\u00e9co-Design","publisher":{"@id":"https:\/\/joyana.fr\/#\/schema\/person\/cf2a1ad12a27c12c21801075bf37407c"},"potentialAction":[{"@type":"SearchAction","target":{"@type":"EntryPoint","urlTemplate":"https:\/\/joyana.fr\/?s={search_term_string}"},"query-input":{"@type":"PropertyValueSpecification","valueRequired":true,"valueName":"search_term_string"}}],"inLanguage":"ja"},{"@type":["Person","Organization"],"@id":"https:\/\/joyana.fr\/#\/schema\/person\/cf2a1ad12a27c12c21801075bf37407c","name":"Jo Yana","image":{"@type":"ImageObject","inLanguage":"ja","@id":"https:\/\/joyana.fr\/#\/schema\/person\/image\/","url":"https:\/\/i0.wp.com\/www.joyana.fr\/wp-content\/uploads\/2016\/08\/cropped-joyana-logo-black-360x180.png?fit=343%2C164&ssl=1","contentUrl":"https:\/\/i0.wp.com\/www.joyana.fr\/wp-content\/uploads\/2016\/08\/cropped-joyana-logo-black-360x180.png?fit=343%2C164&ssl=1","width":343,"height":164,"caption":"Jo Yana"},"logo":{"@id":"https:\/\/joyana.fr\/#\/schema\/person\/image\/"},"description":"Jo Yana est le cr\u00e9ateur et r\u00e9dacteur en chef des sites DECO-DESIGN. Passionn\u00e9 de Design, Mode, Photo, Luxe, Lifestyle, Musique, mais avant tout Blogueur ! Le plaisir de partager l'anime et a comme devise \"POUR L'AMOUR DU BEAU\". Retrouvez le aussi sur son blog personnel - https:\/\/joyana.fr...","sameAs":["https:\/\/joyana.fr\/"],"url":"https:\/\/www.joyana.fr\/ja\/author\/joyana\/"}]}},"author_meta":{"display_name":"Jo Yana","author_link":"https:\/\/www.joyana.fr\/ja\/author\/joyana\/"},"featured_img":"https:\/\/i0.wp.com\/www.joyana.fr\/wp-content\/uploads\/2017\/07\/unnamed-file-36.gif?fit=88%2C31&ssl=1","featured_image_src":"https:\/\/i0.wp.com\/www.joyana.fr\/wp-content\/uploads\/2017\/07\/unnamed-file-36.gif?resize=88%2C31&ssl=1","featured_image_src_square":"https:\/\/i0.wp.com\/www.joyana.fr\/wp-content\/uploads\/2017\/07\/unnamed-file-36.gif?resize=88%2C31&ssl=1","jetpack_featured_media_url":"https:\/\/i0.wp.com\/www.joyana.fr\/wp-content\/uploads\/2017\/07\/unnamed-file-36.gif?fit=88%2C31&ssl=1","uagb_featured_image_src":{"full":["https:\/\/i0.wp.com\/www.joyana.fr\/wp-content\/uploads\/2017\/07\/unnamed-file-36.gif?fit=88%2C31&ssl=1",88,31,false],"thumbnail":["https:\/\/i0.wp.com\/www.joyana.fr\/wp-content\/uploads\/2017\/07\/unnamed-file-36.gif?resize=88%2C31&ssl=1",88,31,true],"medium":["https:\/\/i0.wp.com\/www.joyana.fr\/wp-content\/uploads\/2017\/07\/unnamed-file-36.gif?fit=88%2C31&ssl=1",88,31,true],"medium_large":["https:\/\/i0.wp.com\/www.joyana.fr\/wp-content\/uploads\/2017\/07\/unnamed-file-36.gif?fit=88%2C31&ssl=1",88,31,true],"large":["https:\/\/i0.wp.com\/www.joyana.fr\/wp-content\/uploads\/2017\/07\/unnamed-file-36.gif?fit=88%2C31&ssl=1",88,31,true],"1536x1536":["https:\/\/i0.wp.com\/www.joyana.fr\/wp-content\/uploads\/2017\/07\/unnamed-file-36.gif?fit=88%2C31&ssl=1",88,31,true],"2048x2048":["https:\/\/i0.wp.com\/www.joyana.fr\/wp-content\/uploads\/2017\/07\/unnamed-file-36.gif?fit=88%2C31&ssl=1",88,31,true],"featured-thumb":["https:\/\/i0.wp.com\/www.joyana.fr\/wp-content\/uploads\/2017\/07\/unnamed-file-36.gif?resize=88%2C31&ssl=1",88,31,true],"ab-block-post-grid-landscape":["https:\/\/i0.wp.com\/www.joyana.fr\/wp-content\/uploads\/2017\/07\/unnamed-file-36.gif?resize=88%2C31&ssl=1",88,31,true],"ab-block-post-grid-square":["https:\/\/i0.wp.com\/www.joyana.fr\/wp-content\/uploads\/2017\/07\/unnamed-file-36.gif?resize=88%2C31&ssl=1",88,31,true],"author-pro-image":["https:\/\/i0.wp.com\/www.joyana.fr\/wp-content\/uploads\/2017\/07\/unnamed-file-36.gif?resize=88%2C31&ssl=1",88,31,true],"slider":["https:\/\/i0.wp.com\/www.joyana.fr\/wp-content\/uploads\/2017\/07\/unnamed-file-36.gif?resize=88%2C31&ssl=1",88,31,true],"woocommerce_thumbnail":["https:\/\/i0.wp.com\/www.joyana.fr\/wp-content\/uploads\/2017\/07\/unnamed-file-36.gif?resize=88%2C31&ssl=1",88,31,true],"woocommerce_single":["https:\/\/i0.wp.com\/www.joyana.fr\/wp-content\/uploads\/2017\/07\/unnamed-file-36.gif?fit=88%2C31&ssl=1",88,31,true],"woocommerce_gallery_thumbnail":["https:\/\/i0.wp.com\/www.joyana.fr\/wp-content\/uploads\/2017\/07\/unnamed-file-36.gif?resize=88%2C31&ssl=1",88,31,true],"sow-carousel-default":["https:\/\/i0.wp.com\/www.joyana.fr\/wp-content\/uploads\/2017\/07\/unnamed-file-36.gif?resize=88%2C31&ssl=1",88,31,true]},"uagb_author_info":{"display_name":"Jo Yana","author_link":"https:\/\/www.joyana.fr\/ja\/author\/joyana\/"},"uagb_comment_info":0,"uagb_excerpt":"C\u2019est les designers Elizabeth Frolet et Francesco Pelli&hellip;","coauthors":[],"tax_additional":{"categories":{"linked":["<a href=\"https:\/\/www.joyana.fr\/ja\/category\/deco-design\/\" class=\"advgb-post-tax-term\">DECO-DESIGN<\/a>","<a href=\"https:\/\/www.joyana.fr\/ja\/category\/deco-design\/actualite\/high-tech\/\" class=\"advgb-post-tax-term\">High-Tech<\/a>"],"unlinked":["<span class=\"advgb-post-tax-term\">DECO-DESIGN<\/span>","<span class=\"advgb-post-tax-term\">High-Tech<\/span>"]},"tags":{"linked":["<a href=\"https:\/\/www.joyana.fr\/ja\/category\/deco-design\/actualite\/high-tech\/\" class=\"advgb-post-tax-term\">Design Outdoor<\/a>"],"unlinked":["<span class=\"advgb-post-tax-term\">Design Outdoor<\/span>"]}},"comment_count":0,"relative_dates":{"created":"Posted 18\u5e74 ago","modified":"Updated 18\u5e74 ago"},"absolute_dates":{"created":"Posted on 7 7\u6708 2008","modified":"Updated on 7 7\u6708 2008"},"absolute_dates_time":{"created":"Posted on 7 7\u6708 2008 14:14","modified":"Updated on 7 7\u6708 2008 14:14"},"featured_img_caption":"","series_order":"","jetpack_sharing_enabled":true,"jetpack_shortlink":"https:\/\/wp.me\/p9bteI-qm6","jetpack-related-posts":[],"_links":{"self":[{"href":"https:\/\/www.joyana.fr\/ja\/wp-json\/wp\/v2\/posts\/101314","targetHints":{"allow":["GET"]}}],"collection":[{"href":"https:\/\/www.joyana.fr\/ja\/wp-json\/wp\/v2\/posts"}],"about":[{"href":"https:\/\/www.joyana.fr\/ja\/wp-json\/wp\/v2\/types\/post"}],"author":[{"embeddable":true,"href":"https:\/\/www.joyana.fr\/ja\/wp-json\/wp\/v2\/users\/3"}],"replies":[{"embeddable":true,"href":"https:\/\/www.joyana.fr\/ja\/wp-json\/wp\/v2\/comments?post=101314"}],"version-history":[{"count":0,"href":"https:\/\/www.joyana.fr\/ja\/wp-json\/wp\/v2\/posts\/101314\/revisions"}],"wp:featuredmedia":[{"embeddable":true,"href":"https:\/\/www.joyana.fr\/ja\/wp-json\/wp\/v2\/media\/125493"}],"wp:attachment":[{"href":"https:\/\/www.joyana.fr\/ja\/wp-json\/wp\/v2\/media?parent=101314"}],"wp:term":[{"taxonomy":"category","embeddable":true,"href":"https:\/\/www.joyana.fr\/ja\/wp-json\/wp\/v2\/categories?post=101314"},{"taxonomy":"post_tag","embeddable":true,"href":"https:\/\/www.joyana.fr\/ja\/wp-json\/wp\/v2\/tags?post=101314"}],"curies":[{"name":"wp","href":"https:\/\/api.w.org\/{rel}","templated":true}]}}