{"id":100554,"date":"2008-02-26T00:01:51","date_gmt":"2008-02-25T23:01:51","guid":{"rendered":"https:\/\/joyana.fr\/canape-design-kilt-studio-emaf-progetti\/"},"modified":"2008-02-26T00:01:51","modified_gmt":"2008-02-25T23:01:51","slug":"canape-design-kilt-studio-emaf-progetti","status":"publish","type":"post","link":"https:\/\/www.joyana.fr\/ja\/canape-design-kilt-studio-emaf-progetti\/100554\/","title":{"rendered":"Canap\u00e9 design KILT par le studio Emaf Progetti"},"content":{"rendered":"<p>Le canap\u00e9 <strong>Kilt <\/strong>a \u00e9t\u00e9 dessin\u00e9 par le <strong>studio Emaf Progetti<\/strong> pour la marque <strong>Zanotta<\/strong>, il se distingue par son assise profonde de 106cm. On s\u2019y voit deja s\u2019affaler et plus si affinit\u00e9&#8230;<\/p>\n<p><img data-recalc-dims=\"1\" fetchpriority=\"high\" decoding=\"async\" border=\"0\" align=\"top\" width=\"500\" src=\"https:\/\/i0.wp.com\/joyana.fr\/wp-content\/uploads\/kilt-tissu-2.jpg?resize=500%2C336&#038;ssl=1\" hspace=\"8\" alt=\"Canap\u00e9 design KILT par le studio Emaf Progetti\" height=\"336\" \/><\/p>\n<p><em>Textes made in design : Imagin\u00e9 par le studio <strong>Emaf Progetti<\/strong>, <strong>Kilt<\/strong> r\u00e9ussit l\u2019alliance id\u00e9ale de l\u2019\u00e9l\u00e9gance et du confort. Son assise exceptionnellement profonde (P 106 cm) est un v\u00e9ritable cocon, id\u00e9al pour s\u2019asseoir, se lover, se poser, se d\u00e9contracter, s\u2019assoupir&#8230; Dossier et accoudoirs se fondent dans un seul bloc, cr\u00e9ant ainsi une g\u00e9om\u00e9trie rigoureuse des lignes. Le rembourrage en polyur\u00e9thane \/ Dacron du Pont vous assure confort et hygi\u00e8ne : ce mat\u00e9riau est anallergique et inattaquable par les moisissures. Pour faciliter l\u2019entretien, le rev\u00eatement en tissu (37% lin, 63% coton) est amovible. L\u2019 \u00e9l\u00e9gance des finitions de l\u2019assise, inspir\u00e9es d\u2019une m\u00e9thode classique de surpiq\u00fbre, suscite une interpr\u00e9tation moderne et ultra sophistiqu\u00e9e. Dimensions : L 278 cm x Prof 106 cm x H assise 37 cm (H totale avec dossier 64 cm). <strong>Kilt<\/strong> se d\u00e9cline dans une multitude de coloris (consultez-nous pour conna\u00eetre la gamme compl\u00e8te de couleurs). Made in Design vous propose \u00e9galement le canap\u00e9 <strong>Kilt<\/strong> dans une superbe version cuir.<\/em><\/p>\n<p><img data-recalc-dims=\"1\" decoding=\"async\" border=\"0\" align=\"top\" width=\"500\" src=\"https:\/\/i0.wp.com\/joyana.fr\/wp-content\/uploads\/kilt-tissu.jpg?resize=500%2C318&#038;ssl=1\" hspace=\"8\" alt=\"Canap\u00e9 design KILT par le studio Emaf Progetti assise de 106cm\" height=\"318\" \/><\/p>\n<p><strong>Disponible chez :<\/strong><\/p>\n<p>\u00a0 <a href=\"http:\/\/ad.zanox.com\/ppc\/?6065411C712194472T\"><img decoding=\"async\" border=\"0\" align=\"bottom\" width=\"468\" src=\"http:\/\/ad.zanox.com\/ppv\/?6065411C712194472\" hspace=\"1\" alt=\"Made In Design - Le leader du design\" height=\"60\" \/><\/a><\/p>\n<p><a target=\"_blank\" href=\"http:\/\/jo_yana@hotmail.com\">Jo Yana<\/a><\/p>\n","protected":false},"excerpt":{"rendered":"<p>Le canap\u00e9 Kilt a \u00e9t\u00e9 dessin\u00e9 par le studio Emaf Progetti pour la marque Zanotta, il se distingue par son assis [&hellip;]<\/p>\n","protected":false},"author":3,"featured_media":125510,"comment_status":"open","ping_status":"open","sticky":false,"template":"","format":"standard","meta":{"_coblocks_attr":"","_coblocks_dimensions":"","_coblocks_responsive_height":"","_coblocks_accordion_ie_support":"","_uag_custom_page_level_css":"","advgb_blocks_editor_width":"","advgb_blocks_columns_visual_guide":"","_genesis_hide_title":false,"_genesis_hide_breadcrumbs":false,"_genesis_hide_singular_image":false,"_genesis_hide_footer_widgets":false,"_genesis_custom_body_class":"","_genesis_custom_post_class":"","_genesis_layout":"","_themeisle_gutenberg_block_has_review":false,"_jetpack_newsletter_access":"","_jetpack_dont_email_post_to_subs":false,"_jetpack_newsletter_tier_id":0,"_jetpack_memberships_contains_paywalled_content":false,"_jetpack_memberships_contains_paid_content":false,"footnotes":""},"categories":[949,905],"tags":[112,934,78],"class_list":{"0":"post-100554","1":"post","2":"type-post","3":"status-publish","4":"format-standard","5":"has-post-thumbnail","7":"category-canape","8":"category-deco-design","9":"tag-cuir","10":"tag-deco","11":"tag-design","12":"entry"},"featured_image_urls":{"full":["https:\/\/i0.wp.com\/www.joyana.fr\/wp-content\/uploads\/2017\/07\/unnamed-file-51.gif?fit=88%2C31&ssl=1",88,31,false],"thumbnail":["https:\/\/i0.wp.com\/www.joyana.fr\/wp-content\/uploads\/2017\/07\/unnamed-file-51.gif?resize=88%2C31&ssl=1",88,31,true],"medium":["https:\/\/i0.wp.com\/www.joyana.fr\/wp-content\/uploads\/2017\/07\/unnamed-file-51.gif?fit=88%2C31&ssl=1",88,31,true],"medium_large":["https:\/\/i0.wp.com\/www.joyana.fr\/wp-content\/uploads\/2017\/07\/unnamed-file-51.gif?fit=88%2C31&ssl=1",88,31,true],"large":["https:\/\/i0.wp.com\/www.joyana.fr\/wp-content\/uploads\/2017\/07\/unnamed-file-51.gif?fit=88%2C31&ssl=1",88,31,true],"1536x1536":["https:\/\/i0.wp.com\/www.joyana.fr\/wp-content\/uploads\/2017\/07\/unnamed-file-51.gif?fit=88%2C31&ssl=1",88,31,true],"2048x2048":["https:\/\/i0.wp.com\/www.joyana.fr\/wp-content\/uploads\/2017\/07\/unnamed-file-51.gif?fit=88%2C31&ssl=1",88,31,true],"featured-thumb":["https:\/\/i0.wp.com\/www.joyana.fr\/wp-content\/uploads\/2017\/07\/unnamed-file-51.gif?resize=88%2C31&ssl=1",88,31,true],"ab-block-post-grid-landscape":["https:\/\/i0.wp.com\/www.joyana.fr\/wp-content\/uploads\/2017\/07\/unnamed-file-51.gif?resize=88%2C31&ssl=1",88,31,true],"ab-block-post-grid-square":["https:\/\/i0.wp.com\/www.joyana.fr\/wp-content\/uploads\/2017\/07\/unnamed-file-51.gif?resize=88%2C31&ssl=1",88,31,true],"author-pro-image":["https:\/\/i0.wp.com\/www.joyana.fr\/wp-content\/uploads\/2017\/07\/unnamed-file-51.gif?resize=88%2C31&ssl=1",88,31,true],"slider":["https:\/\/i0.wp.com\/www.joyana.fr\/wp-content\/uploads\/2017\/07\/unnamed-file-51.gif?resize=88%2C31&ssl=1",88,31,true],"woocommerce_thumbnail":["https:\/\/i0.wp.com\/www.joyana.fr\/wp-content\/uploads\/2017\/07\/unnamed-file-51.gif?resize=88%2C31&ssl=1",88,31,true],"woocommerce_single":["https:\/\/i0.wp.com\/www.joyana.fr\/wp-content\/uploads\/2017\/07\/unnamed-file-51.gif?fit=88%2C31&ssl=1",88,31,true],"woocommerce_gallery_thumbnail":["https:\/\/i0.wp.com\/www.joyana.fr\/wp-content\/uploads\/2017\/07\/unnamed-file-51.gif?resize=88%2C31&ssl=1",88,31,true],"sow-carousel-default":["https:\/\/i0.wp.com\/www.joyana.fr\/wp-content\/uploads\/2017\/07\/unnamed-file-51.gif?resize=88%2C31&ssl=1",88,31,true]},"post_excerpt_stackable":"<p>Le canap\u00e9 Kilt a \u00e9t\u00e9 dessin\u00e9 par le studio Emaf Progetti pour la marque Zanotta, il se distingue par&hellip;<\/p>\n","category_list":"<a href=\"https:\/\/www.joyana.fr\/ja\/category\/deco-design\/mobilier\/assise\/canape\/\" rel=\"category tag\">Canap\u00e9<\/a>, <a href=\"https:\/\/www.joyana.fr\/ja\/category\/deco-design\/\" rel=\"category tag\">DECO-DESIGN<\/a>","author_info":{"display_name":"Jo Yana","author_link":"https:\/\/www.joyana.fr\/ja\/author\/joyana\/"},"comments_num":"11 comments","featured_image_urls_v2":{"full":["https:\/\/i0.wp.com\/www.joyana.fr\/wp-content\/uploads\/2017\/07\/unnamed-file-51.gif?fit=88%2C31&ssl=1",88,31,false],"thumbnail":["https:\/\/i0.wp.com\/www.joyana.fr\/wp-content\/uploads\/2017\/07\/unnamed-file-51.gif?resize=88%2C31&ssl=1",88,31,true],"medium":["https:\/\/i0.wp.com\/www.joyana.fr\/wp-content\/uploads\/2017\/07\/unnamed-file-51.gif?fit=88%2C31&ssl=1",88,31,true],"medium_large":["https:\/\/i0.wp.com\/www.joyana.fr\/wp-content\/uploads\/2017\/07\/unnamed-file-51.gif?fit=88%2C31&ssl=1",88,31,true],"large":["https:\/\/i0.wp.com\/www.joyana.fr\/wp-content\/uploads\/2017\/07\/unnamed-file-51.gif?fit=88%2C31&ssl=1",88,31,true],"1536x1536":["https:\/\/i0.wp.com\/www.joyana.fr\/wp-content\/uploads\/2017\/07\/unnamed-file-51.gif?fit=88%2C31&ssl=1",88,31,true],"2048x2048":["https:\/\/i0.wp.com\/www.joyana.fr\/wp-content\/uploads\/2017\/07\/unnamed-file-51.gif?fit=88%2C31&ssl=1",88,31,true],"featured-thumb":["https:\/\/i0.wp.com\/www.joyana.fr\/wp-content\/uploads\/2017\/07\/unnamed-file-51.gif?resize=88%2C31&ssl=1",88,31,true],"ab-block-post-grid-landscape":["https:\/\/i0.wp.com\/www.joyana.fr\/wp-content\/uploads\/2017\/07\/unnamed-file-51.gif?resize=88%2C31&ssl=1",88,31,true],"ab-block-post-grid-square":["https:\/\/i0.wp.com\/www.joyana.fr\/wp-content\/uploads\/2017\/07\/unnamed-file-51.gif?resize=88%2C31&ssl=1",88,31,true],"author-pro-image":["https:\/\/i0.wp.com\/www.joyana.fr\/wp-content\/uploads\/2017\/07\/unnamed-file-51.gif?resize=88%2C31&ssl=1",88,31,true],"slider":["https:\/\/i0.wp.com\/www.joyana.fr\/wp-content\/uploads\/2017\/07\/unnamed-file-51.gif?resize=88%2C31&ssl=1",88,31,true],"woocommerce_thumbnail":["https:\/\/i0.wp.com\/www.joyana.fr\/wp-content\/uploads\/2017\/07\/unnamed-file-51.gif?resize=88%2C31&ssl=1",88,31,true],"woocommerce_single":["https:\/\/i0.wp.com\/www.joyana.fr\/wp-content\/uploads\/2017\/07\/unnamed-file-51.gif?fit=88%2C31&ssl=1",88,31,true],"woocommerce_gallery_thumbnail":["https:\/\/i0.wp.com\/www.joyana.fr\/wp-content\/uploads\/2017\/07\/unnamed-file-51.gif?resize=88%2C31&ssl=1",88,31,true],"sow-carousel-default":["https:\/\/i0.wp.com\/www.joyana.fr\/wp-content\/uploads\/2017\/07\/unnamed-file-51.gif?resize=88%2C31&ssl=1",88,31,true]},"post_excerpt_stackable_v2":"<p>Le canap\u00e9 Kilt a \u00e9t\u00e9 dessin\u00e9 par le studio Emaf Progetti pour la marque Zanotta, il se distingue par&hellip;<\/p>\n","category_list_v2":"<a href=\"https:\/\/www.joyana.fr\/ja\/category\/deco-design\/mobilier\/assise\/canape\/\" rel=\"category tag\">Canap\u00e9<\/a>, <a href=\"https:\/\/www.joyana.fr\/ja\/category\/deco-design\/\" rel=\"category tag\">DECO-DESIGN<\/a>","author_info_v2":{"name":"Jo Yana","url":"https:\/\/www.joyana.fr\/ja\/author\/joyana\/"},"comments_num_v2":"11 comments","yoast_head":"<!-- This site is optimized with the Yoast SEO plugin v26.8 - https:\/\/yoast.com\/product\/yoast-seo-wordpress\/ -->\n<title>Canap\u00e9 design KILT par le studio Emaf Progetti - JO YANA<\/title>\n<meta name=\"robots\" content=\"index, follow, max-snippet:-1, max-image-preview:large, max-video-preview:-1\" \/>\n<link rel=\"canonical\" href=\"https:\/\/joyana.fr\/en\/canape-design-kilt-studio-emaf-progetti\/100554\/\" \/>\n<meta property=\"og:locale\" content=\"ja_JP\" \/>\n<meta property=\"og:locale:alternate\" content=\"fr_FR\" \/>\n<meta property=\"og:locale:alternate\" content=\"en_US\" \/>\n<meta property=\"og:type\" content=\"article\" \/>\n<meta property=\"og:title\" content=\"Canap\u00e9 design KILT par le studio Emaf Progetti - JO YANA\" \/>\n<meta property=\"og:description\" content=\"Le canap\u00e9 Kilt a \u00e9t\u00e9 dessin\u00e9 par le studio Emaf Progetti pour la marque Zanotta, il se distingue par son assis [&hellip;]\" \/>\n<meta property=\"og:url\" content=\"https:\/\/www.joyana.fr\/ja\/canape-design-kilt-studio-emaf-progetti\/100554\/\" \/>\n<meta property=\"og:site_name\" content=\"JO YANA\" \/>\n<meta property=\"article:published_time\" content=\"2008-02-25T23:01:51+00:00\" \/>\n<meta property=\"og:image\" content=\"https:\/\/i0.wp.com\/joyana.fr\/wp-content\/uploads\/2017\/07\/unnamed-file-51.gif?fit=88%2C31&ssl=1\" \/>\n\t<meta property=\"og:image:width\" content=\"88\" \/>\n\t<meta property=\"og:image:height\" content=\"31\" \/>\n\t<meta property=\"og:image:type\" content=\"image\/gif\" \/>\n<meta name=\"author\" content=\"Jo Yana\" \/>\n<meta name=\"twitter:card\" content=\"summary_large_image\" \/>\n<meta name=\"twitter:creator\" content=\"@Jo_Yana\" \/>\n<meta name=\"twitter:site\" content=\"@Jo_Yana\" \/>\n<meta name=\"twitter:label1\" content=\"\u57f7\u7b46\u8005\" \/>\n\t<meta name=\"twitter:data1\" content=\"Jo Yana\" \/>\n\t<meta name=\"twitter:label2\" content=\"\u63a8\u5b9a\u8aad\u307f\u53d6\u308a\u6642\u9593\" \/>\n\t<meta name=\"twitter:data2\" content=\"1\u5206\" \/>\n<script type=\"application\/ld+json\" class=\"yoast-schema-graph\">{\"@context\":\"https:\/\/schema.org\",\"@graph\":[{\"@type\":\"Article\",\"@id\":\"https:\/\/joyana.fr\/en\/canape-design-kilt-studio-emaf-progetti\/100554\/#article\",\"isPartOf\":{\"@id\":\"https:\/\/joyana.fr\/en\/canape-design-kilt-studio-emaf-progetti\/100554\/\"},\"author\":{\"name\":\"Jo Yana\",\"@id\":\"https:\/\/joyana.fr\/#\/schema\/person\/cf2a1ad12a27c12c21801075bf37407c\"},\"headline\":\"Canap\u00e9 design KILT par le studio Emaf Progetti\",\"datePublished\":\"2008-02-25T23:01:51+00:00\",\"mainEntityOfPage\":{\"@id\":\"https:\/\/joyana.fr\/en\/canape-design-kilt-studio-emaf-progetti\/100554\/\"},\"wordCount\":227,\"commentCount\":7,\"publisher\":{\"@id\":\"https:\/\/joyana.fr\/#\/schema\/person\/cf2a1ad12a27c12c21801075bf37407c\"},\"image\":{\"@id\":\"https:\/\/joyana.fr\/en\/canape-design-kilt-studio-emaf-progetti\/100554\/#primaryimage\"},\"thumbnailUrl\":\"https:\/\/i0.wp.com\/www.joyana.fr\/wp-content\/uploads\/2017\/07\/unnamed-file-51.gif?fit=88%2C31&ssl=1\",\"keywords\":[\"Cuir\",\"D\u00e9co\",\"DESIGN\"],\"articleSection\":[\"Canap\u00e9\",\"DECO-DESIGN\"],\"inLanguage\":\"ja\",\"potentialAction\":[{\"@type\":\"CommentAction\",\"name\":\"Comment\",\"target\":[\"https:\/\/joyana.fr\/en\/canape-design-kilt-studio-emaf-progetti\/100554\/#respond\"]}]},{\"@type\":\"WebPage\",\"@id\":\"https:\/\/joyana.fr\/en\/canape-design-kilt-studio-emaf-progetti\/100554\/\",\"url\":\"https:\/\/joyana.fr\/en\/canape-design-kilt-studio-emaf-progetti\/100554\/\",\"name\":\"Canap\u00e9 design KILT par le studio Emaf Progetti - JO YANA\",\"isPartOf\":{\"@id\":\"https:\/\/joyana.fr\/#website\"},\"primaryImageOfPage\":{\"@id\":\"https:\/\/joyana.fr\/en\/canape-design-kilt-studio-emaf-progetti\/100554\/#primaryimage\"},\"image\":{\"@id\":\"https:\/\/joyana.fr\/en\/canape-design-kilt-studio-emaf-progetti\/100554\/#primaryimage\"},\"thumbnailUrl\":\"https:\/\/i0.wp.com\/www.joyana.fr\/wp-content\/uploads\/2017\/07\/unnamed-file-51.gif?fit=88%2C31&ssl=1\",\"datePublished\":\"2008-02-25T23:01:51+00:00\",\"breadcrumb\":{\"@id\":\"https:\/\/joyana.fr\/en\/canape-design-kilt-studio-emaf-progetti\/100554\/#breadcrumb\"},\"inLanguage\":\"ja\",\"potentialAction\":[{\"@type\":\"ReadAction\",\"target\":[\"https:\/\/joyana.fr\/en\/canape-design-kilt-studio-emaf-progetti\/100554\/\"]}]},{\"@type\":\"ImageObject\",\"inLanguage\":\"ja\",\"@id\":\"https:\/\/joyana.fr\/en\/canape-design-kilt-studio-emaf-progetti\/100554\/#primaryimage\",\"url\":\"https:\/\/i0.wp.com\/www.joyana.fr\/wp-content\/uploads\/2017\/07\/unnamed-file-51.gif?fit=88%2C31&ssl=1\",\"contentUrl\":\"https:\/\/i0.wp.com\/www.joyana.fr\/wp-content\/uploads\/2017\/07\/unnamed-file-51.gif?fit=88%2C31&ssl=1\",\"width\":88,\"height\":31},{\"@type\":\"BreadcrumbList\",\"@id\":\"https:\/\/joyana.fr\/en\/canape-design-kilt-studio-emaf-progetti\/100554\/#breadcrumb\",\"itemListElement\":[{\"@type\":\"ListItem\",\"position\":1,\"name\":\"Accueil\",\"item\":\"https:\/\/joyana.fr\/\"},{\"@type\":\"ListItem\",\"position\":2,\"name\":\"Canap\u00e9 design KILT par le studio Emaf Progetti\"}]},{\"@type\":\"WebSite\",\"@id\":\"https:\/\/joyana.fr\/#website\",\"url\":\"https:\/\/joyana.fr\/\",\"name\":\"JO YANA\",\"description\":\"Blog Mode Homme, Lifestyle, D\u00e9co-Design\",\"publisher\":{\"@id\":\"https:\/\/joyana.fr\/#\/schema\/person\/cf2a1ad12a27c12c21801075bf37407c\"},\"potentialAction\":[{\"@type\":\"SearchAction\",\"target\":{\"@type\":\"EntryPoint\",\"urlTemplate\":\"https:\/\/joyana.fr\/?s={search_term_string}\"},\"query-input\":{\"@type\":\"PropertyValueSpecification\",\"valueRequired\":true,\"valueName\":\"search_term_string\"}}],\"inLanguage\":\"ja\"},{\"@type\":[\"Person\",\"Organization\"],\"@id\":\"https:\/\/joyana.fr\/#\/schema\/person\/cf2a1ad12a27c12c21801075bf37407c\",\"name\":\"Jo Yana\",\"image\":{\"@type\":\"ImageObject\",\"inLanguage\":\"ja\",\"@id\":\"https:\/\/joyana.fr\/#\/schema\/person\/image\/\",\"url\":\"https:\/\/i0.wp.com\/www.joyana.fr\/wp-content\/uploads\/2016\/08\/cropped-joyana-logo-black-360x180.png?fit=343%2C164&ssl=1\",\"contentUrl\":\"https:\/\/i0.wp.com\/www.joyana.fr\/wp-content\/uploads\/2016\/08\/cropped-joyana-logo-black-360x180.png?fit=343%2C164&ssl=1\",\"width\":343,\"height\":164,\"caption\":\"Jo Yana\"},\"logo\":{\"@id\":\"https:\/\/joyana.fr\/#\/schema\/person\/image\/\"},\"description\":\"Jo Yana est le cr\u00e9ateur et r\u00e9dacteur en chef des sites DECO-DESIGN. Passionn\u00e9 de Design, Mode, Photo, Luxe, Lifestyle, Musique, mais avant tout Blogueur ! Le plaisir de partager l'anime et a comme devise \\\"POUR L'AMOUR DU BEAU\\\". Retrouvez le aussi sur son blog personnel - https:\/\/joyana.fr...\",\"sameAs\":[\"https:\/\/joyana.fr\/\"],\"url\":\"https:\/\/www.joyana.fr\/ja\/author\/joyana\/\"}]}<\/script>\n<!-- \/ Yoast SEO plugin. -->","yoast_head_json":{"title":"Canap\u00e9 design KILT par le studio Emaf Progetti - JO YANA","robots":{"index":"index","follow":"follow","max-snippet":"max-snippet:-1","max-image-preview":"max-image-preview:large","max-video-preview":"max-video-preview:-1"},"canonical":"https:\/\/joyana.fr\/en\/canape-design-kilt-studio-emaf-progetti\/100554\/","og_locale":"ja_JP","og_type":"article","og_title":"Canap\u00e9 design KILT par le studio Emaf Progetti - JO YANA","og_description":"Le canap\u00e9 Kilt a \u00e9t\u00e9 dessin\u00e9 par le studio Emaf Progetti pour la marque Zanotta, il se distingue par son assis [&hellip;]","og_url":"https:\/\/www.joyana.fr\/ja\/canape-design-kilt-studio-emaf-progetti\/100554\/","og_site_name":"JO YANA","article_published_time":"2008-02-25T23:01:51+00:00","og_image":[{"width":88,"height":31,"url":"https:\/\/i0.wp.com\/joyana.fr\/wp-content\/uploads\/2017\/07\/unnamed-file-51.gif?fit=88%2C31&ssl=1","type":"image\/gif"}],"author":"Jo Yana","twitter_card":"summary_large_image","twitter_creator":"@Jo_Yana","twitter_site":"@Jo_Yana","twitter_misc":{"\u57f7\u7b46\u8005":"Jo Yana","\u63a8\u5b9a\u8aad\u307f\u53d6\u308a\u6642\u9593":"1\u5206"},"schema":{"@context":"https:\/\/schema.org","@graph":[{"@type":"Article","@id":"https:\/\/joyana.fr\/en\/canape-design-kilt-studio-emaf-progetti\/100554\/#article","isPartOf":{"@id":"https:\/\/joyana.fr\/en\/canape-design-kilt-studio-emaf-progetti\/100554\/"},"author":{"name":"Jo Yana","@id":"https:\/\/joyana.fr\/#\/schema\/person\/cf2a1ad12a27c12c21801075bf37407c"},"headline":"Canap\u00e9 design KILT par le studio Emaf Progetti","datePublished":"2008-02-25T23:01:51+00:00","mainEntityOfPage":{"@id":"https:\/\/joyana.fr\/en\/canape-design-kilt-studio-emaf-progetti\/100554\/"},"wordCount":227,"commentCount":7,"publisher":{"@id":"https:\/\/joyana.fr\/#\/schema\/person\/cf2a1ad12a27c12c21801075bf37407c"},"image":{"@id":"https:\/\/joyana.fr\/en\/canape-design-kilt-studio-emaf-progetti\/100554\/#primaryimage"},"thumbnailUrl":"https:\/\/i0.wp.com\/www.joyana.fr\/wp-content\/uploads\/2017\/07\/unnamed-file-51.gif?fit=88%2C31&ssl=1","keywords":["Cuir","D\u00e9co","DESIGN"],"articleSection":["Canap\u00e9","DECO-DESIGN"],"inLanguage":"ja","potentialAction":[{"@type":"CommentAction","name":"Comment","target":["https:\/\/joyana.fr\/en\/canape-design-kilt-studio-emaf-progetti\/100554\/#respond"]}]},{"@type":"WebPage","@id":"https:\/\/joyana.fr\/en\/canape-design-kilt-studio-emaf-progetti\/100554\/","url":"https:\/\/joyana.fr\/en\/canape-design-kilt-studio-emaf-progetti\/100554\/","name":"Canap\u00e9 design KILT par le studio Emaf Progetti - JO YANA","isPartOf":{"@id":"https:\/\/joyana.fr\/#website"},"primaryImageOfPage":{"@id":"https:\/\/joyana.fr\/en\/canape-design-kilt-studio-emaf-progetti\/100554\/#primaryimage"},"image":{"@id":"https:\/\/joyana.fr\/en\/canape-design-kilt-studio-emaf-progetti\/100554\/#primaryimage"},"thumbnailUrl":"https:\/\/i0.wp.com\/www.joyana.fr\/wp-content\/uploads\/2017\/07\/unnamed-file-51.gif?fit=88%2C31&ssl=1","datePublished":"2008-02-25T23:01:51+00:00","breadcrumb":{"@id":"https:\/\/joyana.fr\/en\/canape-design-kilt-studio-emaf-progetti\/100554\/#breadcrumb"},"inLanguage":"ja","potentialAction":[{"@type":"ReadAction","target":["https:\/\/joyana.fr\/en\/canape-design-kilt-studio-emaf-progetti\/100554\/"]}]},{"@type":"ImageObject","inLanguage":"ja","@id":"https:\/\/joyana.fr\/en\/canape-design-kilt-studio-emaf-progetti\/100554\/#primaryimage","url":"https:\/\/i0.wp.com\/www.joyana.fr\/wp-content\/uploads\/2017\/07\/unnamed-file-51.gif?fit=88%2C31&ssl=1","contentUrl":"https:\/\/i0.wp.com\/www.joyana.fr\/wp-content\/uploads\/2017\/07\/unnamed-file-51.gif?fit=88%2C31&ssl=1","width":88,"height":31},{"@type":"BreadcrumbList","@id":"https:\/\/joyana.fr\/en\/canape-design-kilt-studio-emaf-progetti\/100554\/#breadcrumb","itemListElement":[{"@type":"ListItem","position":1,"name":"Accueil","item":"https:\/\/joyana.fr\/"},{"@type":"ListItem","position":2,"name":"Canap\u00e9 design KILT par le studio Emaf Progetti"}]},{"@type":"WebSite","@id":"https:\/\/joyana.fr\/#website","url":"https:\/\/joyana.fr\/","name":"JO YANA","description":"Blog Mode Homme, Lifestyle, D\u00e9co-Design","publisher":{"@id":"https:\/\/joyana.fr\/#\/schema\/person\/cf2a1ad12a27c12c21801075bf37407c"},"potentialAction":[{"@type":"SearchAction","target":{"@type":"EntryPoint","urlTemplate":"https:\/\/joyana.fr\/?s={search_term_string}"},"query-input":{"@type":"PropertyValueSpecification","valueRequired":true,"valueName":"search_term_string"}}],"inLanguage":"ja"},{"@type":["Person","Organization"],"@id":"https:\/\/joyana.fr\/#\/schema\/person\/cf2a1ad12a27c12c21801075bf37407c","name":"Jo Yana","image":{"@type":"ImageObject","inLanguage":"ja","@id":"https:\/\/joyana.fr\/#\/schema\/person\/image\/","url":"https:\/\/i0.wp.com\/www.joyana.fr\/wp-content\/uploads\/2016\/08\/cropped-joyana-logo-black-360x180.png?fit=343%2C164&ssl=1","contentUrl":"https:\/\/i0.wp.com\/www.joyana.fr\/wp-content\/uploads\/2016\/08\/cropped-joyana-logo-black-360x180.png?fit=343%2C164&ssl=1","width":343,"height":164,"caption":"Jo Yana"},"logo":{"@id":"https:\/\/joyana.fr\/#\/schema\/person\/image\/"},"description":"Jo Yana est le cr\u00e9ateur et r\u00e9dacteur en chef des sites DECO-DESIGN. Passionn\u00e9 de Design, Mode, Photo, Luxe, Lifestyle, Musique, mais avant tout Blogueur ! Le plaisir de partager l'anime et a comme devise \"POUR L'AMOUR DU BEAU\". Retrouvez le aussi sur son blog personnel - https:\/\/joyana.fr...","sameAs":["https:\/\/joyana.fr\/"],"url":"https:\/\/www.joyana.fr\/ja\/author\/joyana\/"}]}},"author_meta":{"display_name":"Jo Yana","author_link":"https:\/\/www.joyana.fr\/ja\/author\/joyana\/"},"featured_img":"https:\/\/i0.wp.com\/www.joyana.fr\/wp-content\/uploads\/2017\/07\/unnamed-file-51.gif?fit=88%2C31&ssl=1","featured_image_src":"https:\/\/i0.wp.com\/www.joyana.fr\/wp-content\/uploads\/2017\/07\/unnamed-file-51.gif?resize=88%2C31&ssl=1","featured_image_src_square":"https:\/\/i0.wp.com\/www.joyana.fr\/wp-content\/uploads\/2017\/07\/unnamed-file-51.gif?resize=88%2C31&ssl=1","jetpack_featured_media_url":"https:\/\/i0.wp.com\/www.joyana.fr\/wp-content\/uploads\/2017\/07\/unnamed-file-51.gif?fit=88%2C31&ssl=1","uagb_featured_image_src":{"full":["https:\/\/i0.wp.com\/www.joyana.fr\/wp-content\/uploads\/2017\/07\/unnamed-file-51.gif?fit=88%2C31&ssl=1",88,31,false],"thumbnail":["https:\/\/i0.wp.com\/www.joyana.fr\/wp-content\/uploads\/2017\/07\/unnamed-file-51.gif?resize=88%2C31&ssl=1",88,31,true],"medium":["https:\/\/i0.wp.com\/www.joyana.fr\/wp-content\/uploads\/2017\/07\/unnamed-file-51.gif?fit=88%2C31&ssl=1",88,31,true],"medium_large":["https:\/\/i0.wp.com\/www.joyana.fr\/wp-content\/uploads\/2017\/07\/unnamed-file-51.gif?fit=88%2C31&ssl=1",88,31,true],"large":["https:\/\/i0.wp.com\/www.joyana.fr\/wp-content\/uploads\/2017\/07\/unnamed-file-51.gif?fit=88%2C31&ssl=1",88,31,true],"1536x1536":["https:\/\/i0.wp.com\/www.joyana.fr\/wp-content\/uploads\/2017\/07\/unnamed-file-51.gif?fit=88%2C31&ssl=1",88,31,true],"2048x2048":["https:\/\/i0.wp.com\/www.joyana.fr\/wp-content\/uploads\/2017\/07\/unnamed-file-51.gif?fit=88%2C31&ssl=1",88,31,true],"featured-thumb":["https:\/\/i0.wp.com\/www.joyana.fr\/wp-content\/uploads\/2017\/07\/unnamed-file-51.gif?resize=88%2C31&ssl=1",88,31,true],"ab-block-post-grid-landscape":["https:\/\/i0.wp.com\/www.joyana.fr\/wp-content\/uploads\/2017\/07\/unnamed-file-51.gif?resize=88%2C31&ssl=1",88,31,true],"ab-block-post-grid-square":["https:\/\/i0.wp.com\/www.joyana.fr\/wp-content\/uploads\/2017\/07\/unnamed-file-51.gif?resize=88%2C31&ssl=1",88,31,true],"author-pro-image":["https:\/\/i0.wp.com\/www.joyana.fr\/wp-content\/uploads\/2017\/07\/unnamed-file-51.gif?resize=88%2C31&ssl=1",88,31,true],"slider":["https:\/\/i0.wp.com\/www.joyana.fr\/wp-content\/uploads\/2017\/07\/unnamed-file-51.gif?resize=88%2C31&ssl=1",88,31,true],"woocommerce_thumbnail":["https:\/\/i0.wp.com\/www.joyana.fr\/wp-content\/uploads\/2017\/07\/unnamed-file-51.gif?resize=88%2C31&ssl=1",88,31,true],"woocommerce_single":["https:\/\/i0.wp.com\/www.joyana.fr\/wp-content\/uploads\/2017\/07\/unnamed-file-51.gif?fit=88%2C31&ssl=1",88,31,true],"woocommerce_gallery_thumbnail":["https:\/\/i0.wp.com\/www.joyana.fr\/wp-content\/uploads\/2017\/07\/unnamed-file-51.gif?resize=88%2C31&ssl=1",88,31,true],"sow-carousel-default":["https:\/\/i0.wp.com\/www.joyana.fr\/wp-content\/uploads\/2017\/07\/unnamed-file-51.gif?resize=88%2C31&ssl=1",88,31,true]},"uagb_author_info":{"display_name":"Jo Yana","author_link":"https:\/\/www.joyana.fr\/ja\/author\/joyana\/"},"uagb_comment_info":11,"uagb_excerpt":"Le canap\u00e9 Kilt a \u00e9t\u00e9 dessin\u00e9 par le studio Emaf Progett&hellip;","coauthors":[],"tax_additional":{"categories":{"linked":["<a href=\"https:\/\/www.joyana.fr\/ja\/category\/deco-design\/mobilier\/assise\/canape\/\" class=\"advgb-post-tax-term\">Canap\u00e9<\/a>","<a href=\"https:\/\/www.joyana.fr\/ja\/category\/deco-design\/\" class=\"advgb-post-tax-term\">DECO-DESIGN<\/a>"],"unlinked":["<span class=\"advgb-post-tax-term\">Canap\u00e9<\/span>","<span class=\"advgb-post-tax-term\">DECO-DESIGN<\/span>"]},"tags":{"linked":["<a href=\"https:\/\/www.joyana.fr\/ja\/category\/deco-design\/\" class=\"advgb-post-tax-term\">Cuir<\/a>","<a href=\"https:\/\/www.joyana.fr\/ja\/category\/deco-design\/\" class=\"advgb-post-tax-term\">D\u00e9co<\/a>","<a href=\"https:\/\/www.joyana.fr\/ja\/category\/deco-design\/\" class=\"advgb-post-tax-term\">DESIGN<\/a>"],"unlinked":["<span class=\"advgb-post-tax-term\">Cuir<\/span>","<span class=\"advgb-post-tax-term\">D\u00e9co<\/span>","<span class=\"advgb-post-tax-term\">DESIGN<\/span>"]}},"comment_count":11,"relative_dates":{"created":"Posted 18\u5e74 ago","modified":"Updated 18\u5e74 ago"},"absolute_dates":{"created":"Posted on 26 2\u6708 2008","modified":"Updated on 26 2\u6708 2008"},"absolute_dates_time":{"created":"Posted on 26 2\u6708 2008 0:01","modified":"Updated on 26 2\u6708 2008 0:01"},"featured_img_caption":"","series_order":"","jetpack_sharing_enabled":true,"jetpack_shortlink":"https:\/\/wp.me\/p9bteI-q9Q","jetpack-related-posts":[],"_links":{"self":[{"href":"https:\/\/www.joyana.fr\/ja\/wp-json\/wp\/v2\/posts\/100554","targetHints":{"allow":["GET"]}}],"collection":[{"href":"https:\/\/www.joyana.fr\/ja\/wp-json\/wp\/v2\/posts"}],"about":[{"href":"https:\/\/www.joyana.fr\/ja\/wp-json\/wp\/v2\/types\/post"}],"author":[{"embeddable":true,"href":"https:\/\/www.joyana.fr\/ja\/wp-json\/wp\/v2\/users\/3"}],"replies":[{"embeddable":true,"href":"https:\/\/www.joyana.fr\/ja\/wp-json\/wp\/v2\/comments?post=100554"}],"version-history":[{"count":0,"href":"https:\/\/www.joyana.fr\/ja\/wp-json\/wp\/v2\/posts\/100554\/revisions"}],"wp:featuredmedia":[{"embeddable":true,"href":"https:\/\/www.joyana.fr\/ja\/wp-json\/wp\/v2\/media\/125510"}],"wp:attachment":[{"href":"https:\/\/www.joyana.fr\/ja\/wp-json\/wp\/v2\/media?parent=100554"}],"wp:term":[{"taxonomy":"category","embeddable":true,"href":"https:\/\/www.joyana.fr\/ja\/wp-json\/wp\/v2\/categories?post=100554"},{"taxonomy":"post_tag","embeddable":true,"href":"https:\/\/www.joyana.fr\/ja\/wp-json\/wp\/v2\/tags?post=100554"}],"curies":[{"name":"wp","href":"https:\/\/api.w.org\/{rel}","templated":true}]}}