{"id":100455,"date":"2008-02-13T02:23:09","date_gmt":"2008-02-13T01:23:09","guid":{"rendered":"https:\/\/joyana.fr\/poubelle-design-vipp-purple-cut\/"},"modified":"2008-02-13T02:23:09","modified_gmt":"2008-02-13T01:23:09","slug":"poubelle-design-vipp-purple-cut","status":"publish","type":"post","link":"https:\/\/www.joyana.fr\/ja\/poubelle-design-vipp-purple-cut\/100455\/","title":{"rendered":"Poubelle design Vipp Purple Cut chez Made in Design"},"content":{"rendered":"<p>Venez d\u00e9couvrir la nouvelle <strong>poubelle design Vipp<\/strong> en <strong>&#8220;Purple Cut&#8221;<\/strong> le nouveau coloris <strong>2008<\/strong> ultra tendance en \u00e9dition limit\u00e9e chez <strong>Made in Design.<\/strong><\/p>\n<p><img data-recalc-dims=\"1\" fetchpriority=\"high\" decoding=\"async\" alt=\"Poubelle design Vipp Purple Cut chez Made in Design\" src=\"https:\/\/i0.wp.com\/joyana.fr\/wp-content\/uploads\/purple-cut-vipp01.jpg?resize=500%2C377&#038;ssl=1\" width=\"500\" height=\"377\" align=\"top\" border=\"0\" hspace=\"8\" \/><\/p>\n<p><em>Textes Made in Design : <span style=\"font-family: Arial, Helvetica, sans-serif; font-size: small;\">Chaque ann\u00e9e, la maison Vipp propose chacun de ses produits dans une couleur exclusive, en s\u00e9rie limit\u00e9e. Apr\u00e8s le vert python (2006) et le bleu Reykjavik (2007), l\u2019\u00e9quipe de Made in Design souhaite la bienvenue \u00e0 la nouvelle couleur de l\u2019ann\u00e9e 2008 : <strong>&#8220;Purple Cut&#8221;.<\/strong> Un violet vibrant, glamour et envo\u00fbtant qui habille toute la collection Vipp, y compris le superbe distributeur de savon et les serviettes en fibres de bambou. Pr\u00e9sent\u00e9e en avant-premi\u00e8re au Modem le 21 janvier 2008, la s\u00e9rie <strong>&#8220;Purple Cut&#8221;<\/strong>, est d\u00e9j\u00e0 disponible sur Made in Design !<\/span><\/em><\/p>\n<p><em><span style=\"font-family: Arial; font-size: small;\"><img data-recalc-dims=\"1\" decoding=\"async\" alt=\"Poubelle design Vipp Purple Cut chez Made in Design\" src=\"https:\/\/i0.wp.com\/joyana.fr\/wp-content\/uploads\/purple-cut-vipp02.jpg?resize=500%2C395&#038;ssl=1\" width=\"500\" height=\"395\" align=\"top\" border=\"0\" hspace=\"8\" \/><\/span><\/em><\/p>\n<p><span style=\"font-family: Arial, Helvetica, sans-serif; font-size: small;\"><em>Cr\u00e9\u00e9e au Danemark en 1939 par Holger Nielsen pour sa femme Marie, la poubelle Vipp a connu depuis un succ\u00e8s croissant. Aujourd\u2019hui, la fille et la petite-fille d\u2019Holger perp\u00e9tuent la tradition&#8230; Les femmes sont donc au centre de l\u2019histoire et \u00e0 l\u2019origine du succ\u00e8s de la maison Vipp. C\u2019est pourquoi, la couleur de cette ann\u00e9e, Purple Cut, est d\u00e9di\u00e9e \u00e0 la f\u00e9minit\u00e9. Ce violet profond allie charme, s\u00e9duction et sensualit\u00e9&#8230;<\/em><\/span><\/p>\n<p><a href=\"http:\/\/ad.zanox.com\/ppc\/?6065411C712194472T\"><img decoding=\"async\" alt=\"Made In Design - Le leader du design\" src=\"http:\/\/ad.zanox.com\/ppv\/?6065411C712194472\" width=\"468\" height=\"60\" align=\"bottom\" border=\"0\" hspace=\"1\" \/><\/a><\/p>\n<p><a href=\"http:\/\/jo_yana@hotmail.com\" target=\"_blank\">Jo Yana<\/a><\/p>\n","protected":false},"excerpt":{"rendered":"<p>Venez d\u00e9couvrir la nouvelle poubelle design Vipp en &#8220;Purple Cut&#8221; le nouveau coloris 2008 ultra ten [&hellip;]<\/p>\n","protected":false},"author":3,"featured_media":116849,"comment_status":"open","ping_status":"open","sticky":false,"template":"","format":"standard","meta":{"_coblocks_attr":"","_coblocks_dimensions":"","_coblocks_responsive_height":"","_coblocks_accordion_ie_support":"","_uag_custom_page_level_css":"","advgb_blocks_editor_width":"","advgb_blocks_columns_visual_guide":"","_genesis_hide_title":false,"_genesis_hide_breadcrumbs":false,"_genesis_hide_singular_image":false,"_genesis_hide_footer_widgets":false,"_genesis_custom_body_class":"","_genesis_custom_post_class":"","_genesis_layout":"","_themeisle_gutenberg_block_has_review":false,"_jetpack_newsletter_access":"","_jetpack_dont_email_post_to_subs":false,"_jetpack_newsletter_tier_id":0,"_jetpack_memberships_contains_paywalled_content":false,"_jetpack_memberships_contains_paid_content":false,"footnotes":""},"categories":[906,909,905,956],"tags":[78,976],"class_list":{"0":"post-100455","1":"post","2":"type-post","3":"status-publish","4":"format-standard","5":"has-post-thumbnail","7":"category-accessoires","8":"category-cuisine","9":"category-deco-design","10":"category-vipp","11":"tag-design","12":"tag-partenaires","13":"entry"},"featured_image_urls":{"full":["https:\/\/i0.wp.com\/www.joyana.fr\/wp-content\/uploads\/2008\/02\/Capture-d%C3%A2%E2%82%AC%E2%84%A2%C3%83%C2%A9cran-2014-04-16-%C3%83%C2%A0-02.55.46.png?fit=%2C&ssl=1",false,false,false],"thumbnail":["https:\/\/i0.wp.com\/www.joyana.fr\/wp-content\/uploads\/2008\/02\/Capture-d%C3%A2%E2%82%AC%E2%84%A2%C3%83%C2%A9cran-2014-04-16-%C3%83%C2%A0-02.55.46.png?resize=150%2C150&ssl=1",false,false,true],"medium":["https:\/\/i0.wp.com\/www.joyana.fr\/wp-content\/uploads\/2008\/02\/Capture-d%C3%A2%E2%82%AC%E2%84%A2%C3%83%C2%A9cran-2014-04-16-%C3%83%C2%A0-02.55.46.png?fit=389%2C389&ssl=1",false,false,true],"medium_large":["https:\/\/i0.wp.com\/www.joyana.fr\/wp-content\/uploads\/2008\/02\/Capture-d%C3%A2%E2%82%AC%E2%84%A2%C3%83%C2%A9cran-2014-04-16-%C3%83%C2%A0-02.55.46.png?w=768&ssl=1",false,false,true],"large":["https:\/\/i0.wp.com\/www.joyana.fr\/wp-content\/uploads\/2008\/02\/Capture-d%C3%A2%E2%82%AC%E2%84%A2%C3%83%C2%A9cran-2014-04-16-%C3%83%C2%A0-02.55.46.png?fit=1024%2C1024&ssl=1",false,false,true],"1536x1536":["https:\/\/i0.wp.com\/www.joyana.fr\/wp-content\/uploads\/2008\/02\/Capture-d%C3%A2%E2%82%AC%E2%84%A2%C3%83%C2%A9cran-2014-04-16-%C3%83%C2%A0-02.55.46.png?fit=1536%2C1536&ssl=1",false,false,true],"2048x2048":["https:\/\/i0.wp.com\/www.joyana.fr\/wp-content\/uploads\/2008\/02\/Capture-d%C3%A2%E2%82%AC%E2%84%A2%C3%83%C2%A9cran-2014-04-16-%C3%83%C2%A0-02.55.46.png?fit=2048%2C2048&ssl=1",false,false,true],"featured-thumb":["https:\/\/i0.wp.com\/www.joyana.fr\/wp-content\/uploads\/2008\/02\/Capture-d%C3%A2%E2%82%AC%E2%84%A2%C3%83%C2%A9cran-2014-04-16-%C3%83%C2%A0-02.55.46.png?resize=1903%2C750&ssl=1",false,false,true],"ab-block-post-grid-landscape":["https:\/\/i0.wp.com\/www.joyana.fr\/wp-content\/uploads\/2008\/02\/Capture-d%C3%A2%E2%82%AC%E2%84%A2%C3%83%C2%A9cran-2014-04-16-%C3%83%C2%A0-02.55.46.png?resize=600%2C400&ssl=1",false,false,true],"ab-block-post-grid-square":["https:\/\/i0.wp.com\/www.joyana.fr\/wp-content\/uploads\/2008\/02\/Capture-d%C3%A2%E2%82%AC%E2%84%A2%C3%83%C2%A9cran-2014-04-16-%C3%83%C2%A0-02.55.46.png?resize=600%2C600&ssl=1",false,false,true],"author-pro-image":["https:\/\/i0.wp.com\/www.joyana.fr\/wp-content\/uploads\/2008\/02\/Capture-d%C3%A2%E2%82%AC%E2%84%A2%C3%83%C2%A9cran-2014-04-16-%C3%83%C2%A0-02.55.46.png?resize=360%2C570&ssl=1",false,false,true],"slider":["https:\/\/i0.wp.com\/www.joyana.fr\/wp-content\/uploads\/2008\/02\/Capture-d%C3%A2%E2%82%AC%E2%84%A2%C3%83%C2%A9cran-2014-04-16-%C3%83%C2%A0-02.55.46.png?resize=920%2C400&ssl=1",false,false,true],"woocommerce_thumbnail":["https:\/\/i0.wp.com\/www.joyana.fr\/wp-content\/uploads\/2008\/02\/Capture-d%C3%A2%E2%82%AC%E2%84%A2%C3%83%C2%A9cran-2014-04-16-%C3%83%C2%A0-02.55.46.png?resize=450%2C450&ssl=1",false,false,true],"woocommerce_single":["https:\/\/i0.wp.com\/www.joyana.fr\/wp-content\/uploads\/2008\/02\/Capture-d%C3%A2%E2%82%AC%E2%84%A2%C3%83%C2%A9cran-2014-04-16-%C3%83%C2%A0-02.55.46.png?w=920&ssl=1",false,false,true],"woocommerce_gallery_thumbnail":["https:\/\/i0.wp.com\/www.joyana.fr\/wp-content\/uploads\/2008\/02\/Capture-d%C3%A2%E2%82%AC%E2%84%A2%C3%83%C2%A9cran-2014-04-16-%C3%83%C2%A0-02.55.46.png?resize=180%2C180&ssl=1",false,false,true],"sow-carousel-default":["https:\/\/i0.wp.com\/www.joyana.fr\/wp-content\/uploads\/2008\/02\/Capture-d%C3%A2%E2%82%AC%E2%84%A2%C3%83%C2%A9cran-2014-04-16-%C3%83%C2%A0-02.55.46.png?resize=272%2C182&ssl=1",false,false,true]},"post_excerpt_stackable":"<p>Venez d\u00e9couvrir la nouvelle poubelle design Vipp en &#8220;Purple Cut&#8221; le nouveau coloris 2008&hellip;<\/p>\n","category_list":"<a href=\"https:\/\/www.joyana.fr\/ja\/category\/deco-design\/decoration\/accessoires\/\" rel=\"category tag\">Accessoires<\/a>, <a href=\"https:\/\/www.joyana.fr\/ja\/category\/deco-design\/decoration\/cuisine\/\" rel=\"category tag\">Cuisine<\/a>, <a href=\"https:\/\/www.joyana.fr\/ja\/category\/deco-design\/\" rel=\"category tag\">DECO-DESIGN<\/a>, <a href=\"https:\/\/www.joyana.fr\/ja\/category\/marques\/vipp\/\" rel=\"category tag\">Vipp<\/a>","author_info":{"display_name":"Jo Yana","author_link":"https:\/\/www.joyana.fr\/ja\/author\/joyana\/"},"comments_num":"0 comments","featured_image_urls_v2":{"full":["https:\/\/i0.wp.com\/www.joyana.fr\/wp-content\/uploads\/2008\/02\/Capture-d%C3%A2%E2%82%AC%E2%84%A2%C3%83%C2%A9cran-2014-04-16-%C3%83%C2%A0-02.55.46.png?fit=%2C&ssl=1",false,false,false],"thumbnail":["https:\/\/i0.wp.com\/www.joyana.fr\/wp-content\/uploads\/2008\/02\/Capture-d%C3%A2%E2%82%AC%E2%84%A2%C3%83%C2%A9cran-2014-04-16-%C3%83%C2%A0-02.55.46.png?resize=150%2C150&ssl=1",false,false,true],"medium":["https:\/\/i0.wp.com\/www.joyana.fr\/wp-content\/uploads\/2008\/02\/Capture-d%C3%A2%E2%82%AC%E2%84%A2%C3%83%C2%A9cran-2014-04-16-%C3%83%C2%A0-02.55.46.png?fit=389%2C389&ssl=1",false,false,true],"medium_large":["https:\/\/i0.wp.com\/www.joyana.fr\/wp-content\/uploads\/2008\/02\/Capture-d%C3%A2%E2%82%AC%E2%84%A2%C3%83%C2%A9cran-2014-04-16-%C3%83%C2%A0-02.55.46.png?w=768&ssl=1",false,false,true],"large":["https:\/\/i0.wp.com\/www.joyana.fr\/wp-content\/uploads\/2008\/02\/Capture-d%C3%A2%E2%82%AC%E2%84%A2%C3%83%C2%A9cran-2014-04-16-%C3%83%C2%A0-02.55.46.png?fit=1024%2C1024&ssl=1",false,false,true],"1536x1536":["https:\/\/i0.wp.com\/www.joyana.fr\/wp-content\/uploads\/2008\/02\/Capture-d%C3%A2%E2%82%AC%E2%84%A2%C3%83%C2%A9cran-2014-04-16-%C3%83%C2%A0-02.55.46.png?fit=1536%2C1536&ssl=1",false,false,true],"2048x2048":["https:\/\/i0.wp.com\/www.joyana.fr\/wp-content\/uploads\/2008\/02\/Capture-d%C3%A2%E2%82%AC%E2%84%A2%C3%83%C2%A9cran-2014-04-16-%C3%83%C2%A0-02.55.46.png?fit=2048%2C2048&ssl=1",false,false,true],"featured-thumb":["https:\/\/i0.wp.com\/www.joyana.fr\/wp-content\/uploads\/2008\/02\/Capture-d%C3%A2%E2%82%AC%E2%84%A2%C3%83%C2%A9cran-2014-04-16-%C3%83%C2%A0-02.55.46.png?resize=1903%2C750&ssl=1",false,false,true],"ab-block-post-grid-landscape":["https:\/\/i0.wp.com\/www.joyana.fr\/wp-content\/uploads\/2008\/02\/Capture-d%C3%A2%E2%82%AC%E2%84%A2%C3%83%C2%A9cran-2014-04-16-%C3%83%C2%A0-02.55.46.png?resize=600%2C400&ssl=1",false,false,true],"ab-block-post-grid-square":["https:\/\/i0.wp.com\/www.joyana.fr\/wp-content\/uploads\/2008\/02\/Capture-d%C3%A2%E2%82%AC%E2%84%A2%C3%83%C2%A9cran-2014-04-16-%C3%83%C2%A0-02.55.46.png?resize=600%2C600&ssl=1",false,false,true],"author-pro-image":["https:\/\/i0.wp.com\/www.joyana.fr\/wp-content\/uploads\/2008\/02\/Capture-d%C3%A2%E2%82%AC%E2%84%A2%C3%83%C2%A9cran-2014-04-16-%C3%83%C2%A0-02.55.46.png?resize=360%2C570&ssl=1",false,false,true],"slider":["https:\/\/i0.wp.com\/www.joyana.fr\/wp-content\/uploads\/2008\/02\/Capture-d%C3%A2%E2%82%AC%E2%84%A2%C3%83%C2%A9cran-2014-04-16-%C3%83%C2%A0-02.55.46.png?resize=920%2C400&ssl=1",false,false,true],"woocommerce_thumbnail":["https:\/\/i0.wp.com\/www.joyana.fr\/wp-content\/uploads\/2008\/02\/Capture-d%C3%A2%E2%82%AC%E2%84%A2%C3%83%C2%A9cran-2014-04-16-%C3%83%C2%A0-02.55.46.png?resize=450%2C450&ssl=1",false,false,true],"woocommerce_single":["https:\/\/i0.wp.com\/www.joyana.fr\/wp-content\/uploads\/2008\/02\/Capture-d%C3%A2%E2%82%AC%E2%84%A2%C3%83%C2%A9cran-2014-04-16-%C3%83%C2%A0-02.55.46.png?w=920&ssl=1",false,false,true],"woocommerce_gallery_thumbnail":["https:\/\/i0.wp.com\/www.joyana.fr\/wp-content\/uploads\/2008\/02\/Capture-d%C3%A2%E2%82%AC%E2%84%A2%C3%83%C2%A9cran-2014-04-16-%C3%83%C2%A0-02.55.46.png?resize=180%2C180&ssl=1",false,false,true],"sow-carousel-default":["https:\/\/i0.wp.com\/www.joyana.fr\/wp-content\/uploads\/2008\/02\/Capture-d%C3%A2%E2%82%AC%E2%84%A2%C3%83%C2%A9cran-2014-04-16-%C3%83%C2%A0-02.55.46.png?resize=272%2C182&ssl=1",false,false,true]},"post_excerpt_stackable_v2":"<p>Venez d\u00e9couvrir la nouvelle poubelle design Vipp en &#8220;Purple Cut&#8221; le nouveau coloris 2008&hellip;<\/p>\n","category_list_v2":"<a href=\"https:\/\/www.joyana.fr\/ja\/category\/deco-design\/decoration\/accessoires\/\" rel=\"category tag\">Accessoires<\/a>, <a href=\"https:\/\/www.joyana.fr\/ja\/category\/deco-design\/decoration\/cuisine\/\" rel=\"category tag\">Cuisine<\/a>, <a href=\"https:\/\/www.joyana.fr\/ja\/category\/deco-design\/\" rel=\"category tag\">DECO-DESIGN<\/a>, <a href=\"https:\/\/www.joyana.fr\/ja\/category\/marques\/vipp\/\" rel=\"category tag\">Vipp<\/a>","author_info_v2":{"name":"Jo Yana","url":"https:\/\/www.joyana.fr\/ja\/author\/joyana\/"},"comments_num_v2":"0 comments","yoast_head":"<!-- This site is optimized with the Yoast SEO plugin v26.8 - https:\/\/yoast.com\/product\/yoast-seo-wordpress\/ -->\n<title>Poubelle design Vipp Purple Cut chez Made in Design - JO YANA<\/title>\n<meta name=\"robots\" content=\"index, follow, max-snippet:-1, max-image-preview:large, max-video-preview:-1\" \/>\n<link rel=\"canonical\" href=\"https:\/\/www.joyana.fr\/ja\/poubelle-design-vipp-purple-cut\/100455\/\" \/>\n<meta property=\"og:locale\" content=\"ja_JP\" \/>\n<meta property=\"og:locale:alternate\" content=\"fr_FR\" \/>\n<meta property=\"og:locale:alternate\" content=\"en_US\" \/>\n<meta property=\"og:type\" content=\"article\" \/>\n<meta property=\"og:title\" content=\"Poubelle design Vipp Purple Cut chez Made in Design - JO YANA\" \/>\n<meta property=\"og:description\" content=\"Venez d\u00e9couvrir la nouvelle poubelle design Vipp en &#8220;Purple Cut&#8221; le nouveau coloris 2008 ultra ten [&hellip;]\" \/>\n<meta property=\"og:url\" content=\"https:\/\/www.joyana.fr\/ja\/poubelle-design-vipp-purple-cut\/100455\/\" \/>\n<meta property=\"og:site_name\" content=\"JO YANA\" \/>\n<meta property=\"article:published_time\" content=\"2008-02-13T01:23:09+00:00\" \/>\n<meta property=\"og:image\" content=\"https:\/\/www.joyana.fr\/wp-content\/uploads\/2008\/02\/Capture-d\u00e2\u20ac\u2122\u00c3\u00a9cran-2014-04-16-\u00c3\u00a0-02.55.46.png\" \/>\n\t<meta property=\"og:image:width\" content=\"1\" \/>\n\t<meta property=\"og:image:height\" content=\"1\" \/>\n\t<meta property=\"og:image:type\" content=\"image\/png\" \/>\n<meta name=\"author\" content=\"Jo Yana\" \/>\n<meta name=\"twitter:card\" content=\"summary_large_image\" \/>\n<meta name=\"twitter:creator\" content=\"@Jo_Yana\" \/>\n<meta name=\"twitter:site\" content=\"@Jo_Yana\" \/>\n<meta name=\"twitter:label1\" content=\"\u57f7\u7b46\u8005\" \/>\n\t<meta name=\"twitter:data1\" content=\"Jo Yana\" \/>\n\t<meta name=\"twitter:label2\" content=\"\u63a8\u5b9a\u8aad\u307f\u53d6\u308a\u6642\u9593\" \/>\n\t<meta name=\"twitter:data2\" content=\"1\u5206\" \/>\n<script type=\"application\/ld+json\" class=\"yoast-schema-graph\">{\"@context\":\"https:\/\/schema.org\",\"@graph\":[{\"@type\":\"Article\",\"@id\":\"https:\/\/www.joyana.fr\/ja\/poubelle-design-vipp-purple-cut\/100455\/#article\",\"isPartOf\":{\"@id\":\"https:\/\/www.joyana.fr\/ja\/poubelle-design-vipp-purple-cut\/100455\/\"},\"author\":{\"name\":\"Jo Yana\",\"@id\":\"https:\/\/joyana.fr\/#\/schema\/person\/cf2a1ad12a27c12c21801075bf37407c\"},\"headline\":\"Poubelle design Vipp Purple Cut chez Made in Design\",\"datePublished\":\"2008-02-13T01:23:09+00:00\",\"mainEntityOfPage\":{\"@id\":\"https:\/\/www.joyana.fr\/ja\/poubelle-design-vipp-purple-cut\/100455\/\"},\"wordCount\":217,\"commentCount\":0,\"publisher\":{\"@id\":\"https:\/\/joyana.fr\/#\/schema\/person\/cf2a1ad12a27c12c21801075bf37407c\"},\"image\":{\"@id\":\"https:\/\/www.joyana.fr\/ja\/poubelle-design-vipp-purple-cut\/100455\/#primaryimage\"},\"thumbnailUrl\":\"https:\/\/i0.wp.com\/www.joyana.fr\/wp-content\/uploads\/2008\/02\/Capture-d%C3%A2%E2%82%AC%E2%84%A2%C3%83%C2%A9cran-2014-04-16-%C3%83%C2%A0-02.55.46.png?fit=%2C&ssl=1\",\"keywords\":[\"DESIGN\",\"Partenaires\"],\"articleSection\":[\"Accessoires\",\"Cuisine\",\"DECO-DESIGN\",\"Vipp\"],\"inLanguage\":\"ja\",\"potentialAction\":[{\"@type\":\"CommentAction\",\"name\":\"Comment\",\"target\":[\"https:\/\/www.joyana.fr\/ja\/poubelle-design-vipp-purple-cut\/100455\/#respond\"]}]},{\"@type\":\"WebPage\",\"@id\":\"https:\/\/www.joyana.fr\/ja\/poubelle-design-vipp-purple-cut\/100455\/\",\"url\":\"https:\/\/www.joyana.fr\/ja\/poubelle-design-vipp-purple-cut\/100455\/\",\"name\":\"Poubelle design Vipp Purple Cut chez Made in Design - JO YANA\",\"isPartOf\":{\"@id\":\"https:\/\/joyana.fr\/#website\"},\"primaryImageOfPage\":{\"@id\":\"https:\/\/www.joyana.fr\/ja\/poubelle-design-vipp-purple-cut\/100455\/#primaryimage\"},\"image\":{\"@id\":\"https:\/\/www.joyana.fr\/ja\/poubelle-design-vipp-purple-cut\/100455\/#primaryimage\"},\"thumbnailUrl\":\"https:\/\/i0.wp.com\/www.joyana.fr\/wp-content\/uploads\/2008\/02\/Capture-d%C3%A2%E2%82%AC%E2%84%A2%C3%83%C2%A9cran-2014-04-16-%C3%83%C2%A0-02.55.46.png?fit=%2C&ssl=1\",\"datePublished\":\"2008-02-13T01:23:09+00:00\",\"breadcrumb\":{\"@id\":\"https:\/\/www.joyana.fr\/ja\/poubelle-design-vipp-purple-cut\/100455\/#breadcrumb\"},\"inLanguage\":\"ja\",\"potentialAction\":[{\"@type\":\"ReadAction\",\"target\":[\"https:\/\/www.joyana.fr\/ja\/poubelle-design-vipp-purple-cut\/100455\/\"]}]},{\"@type\":\"ImageObject\",\"inLanguage\":\"ja\",\"@id\":\"https:\/\/www.joyana.fr\/ja\/poubelle-design-vipp-purple-cut\/100455\/#primaryimage\",\"url\":\"https:\/\/i0.wp.com\/www.joyana.fr\/wp-content\/uploads\/2008\/02\/Capture-d%C3%A2%E2%82%AC%E2%84%A2%C3%83%C2%A9cran-2014-04-16-%C3%83%C2%A0-02.55.46.png?fit=%2C&ssl=1\",\"contentUrl\":\"https:\/\/i0.wp.com\/www.joyana.fr\/wp-content\/uploads\/2008\/02\/Capture-d%C3%A2%E2%82%AC%E2%84%A2%C3%83%C2%A9cran-2014-04-16-%C3%83%C2%A0-02.55.46.png?fit=%2C&ssl=1\"},{\"@type\":\"BreadcrumbList\",\"@id\":\"https:\/\/www.joyana.fr\/ja\/poubelle-design-vipp-purple-cut\/100455\/#breadcrumb\",\"itemListElement\":[{\"@type\":\"ListItem\",\"position\":1,\"name\":\"Accueil\",\"item\":\"https:\/\/joyana.fr\/\"},{\"@type\":\"ListItem\",\"position\":2,\"name\":\"Poubelle design Vipp Purple Cut chez Made in Design\"}]},{\"@type\":\"WebSite\",\"@id\":\"https:\/\/joyana.fr\/#website\",\"url\":\"https:\/\/joyana.fr\/\",\"name\":\"JO YANA\",\"description\":\"Blog Mode Homme, Lifestyle, D\u00e9co-Design\",\"publisher\":{\"@id\":\"https:\/\/joyana.fr\/#\/schema\/person\/cf2a1ad12a27c12c21801075bf37407c\"},\"potentialAction\":[{\"@type\":\"SearchAction\",\"target\":{\"@type\":\"EntryPoint\",\"urlTemplate\":\"https:\/\/joyana.fr\/?s={search_term_string}\"},\"query-input\":{\"@type\":\"PropertyValueSpecification\",\"valueRequired\":true,\"valueName\":\"search_term_string\"}}],\"inLanguage\":\"ja\"},{\"@type\":[\"Person\",\"Organization\"],\"@id\":\"https:\/\/joyana.fr\/#\/schema\/person\/cf2a1ad12a27c12c21801075bf37407c\",\"name\":\"Jo Yana\",\"image\":{\"@type\":\"ImageObject\",\"inLanguage\":\"ja\",\"@id\":\"https:\/\/joyana.fr\/#\/schema\/person\/image\/\",\"url\":\"https:\/\/i0.wp.com\/www.joyana.fr\/wp-content\/uploads\/2016\/08\/cropped-joyana-logo-black-360x180.png?fit=343%2C164&ssl=1\",\"contentUrl\":\"https:\/\/i0.wp.com\/www.joyana.fr\/wp-content\/uploads\/2016\/08\/cropped-joyana-logo-black-360x180.png?fit=343%2C164&ssl=1\",\"width\":343,\"height\":164,\"caption\":\"Jo Yana\"},\"logo\":{\"@id\":\"https:\/\/joyana.fr\/#\/schema\/person\/image\/\"},\"description\":\"Jo Yana est le cr\u00e9ateur et r\u00e9dacteur en chef des sites DECO-DESIGN. Passionn\u00e9 de Design, Mode, Photo, Luxe, Lifestyle, Musique, mais avant tout Blogueur ! Le plaisir de partager l'anime et a comme devise \\\"POUR L'AMOUR DU BEAU\\\". Retrouvez le aussi sur son blog personnel - https:\/\/joyana.fr...\",\"sameAs\":[\"https:\/\/joyana.fr\/\"],\"url\":\"https:\/\/www.joyana.fr\/ja\/author\/joyana\/\"}]}<\/script>\n<!-- \/ Yoast SEO plugin. -->","yoast_head_json":{"title":"Poubelle design Vipp Purple Cut chez Made in Design - JO YANA","robots":{"index":"index","follow":"follow","max-snippet":"max-snippet:-1","max-image-preview":"max-image-preview:large","max-video-preview":"max-video-preview:-1"},"canonical":"https:\/\/www.joyana.fr\/ja\/poubelle-design-vipp-purple-cut\/100455\/","og_locale":"ja_JP","og_type":"article","og_title":"Poubelle design Vipp Purple Cut chez Made in Design - JO YANA","og_description":"Venez d\u00e9couvrir la nouvelle poubelle design Vipp en &#8220;Purple Cut&#8221; le nouveau coloris 2008 ultra ten [&hellip;]","og_url":"https:\/\/www.joyana.fr\/ja\/poubelle-design-vipp-purple-cut\/100455\/","og_site_name":"JO YANA","article_published_time":"2008-02-13T01:23:09+00:00","og_image":[{"url":"https:\/\/www.joyana.fr\/wp-content\/uploads\/2008\/02\/Capture-d\u00e2\u20ac\u2122\u00c3\u00a9cran-2014-04-16-\u00c3\u00a0-02.55.46.png","width":1,"height":1,"type":"image\/png"}],"author":"Jo Yana","twitter_card":"summary_large_image","twitter_creator":"@Jo_Yana","twitter_site":"@Jo_Yana","twitter_misc":{"\u57f7\u7b46\u8005":"Jo Yana","\u63a8\u5b9a\u8aad\u307f\u53d6\u308a\u6642\u9593":"1\u5206"},"schema":{"@context":"https:\/\/schema.org","@graph":[{"@type":"Article","@id":"https:\/\/www.joyana.fr\/ja\/poubelle-design-vipp-purple-cut\/100455\/#article","isPartOf":{"@id":"https:\/\/www.joyana.fr\/ja\/poubelle-design-vipp-purple-cut\/100455\/"},"author":{"name":"Jo Yana","@id":"https:\/\/joyana.fr\/#\/schema\/person\/cf2a1ad12a27c12c21801075bf37407c"},"headline":"Poubelle design Vipp Purple Cut chez Made in Design","datePublished":"2008-02-13T01:23:09+00:00","mainEntityOfPage":{"@id":"https:\/\/www.joyana.fr\/ja\/poubelle-design-vipp-purple-cut\/100455\/"},"wordCount":217,"commentCount":0,"publisher":{"@id":"https:\/\/joyana.fr\/#\/schema\/person\/cf2a1ad12a27c12c21801075bf37407c"},"image":{"@id":"https:\/\/www.joyana.fr\/ja\/poubelle-design-vipp-purple-cut\/100455\/#primaryimage"},"thumbnailUrl":"https:\/\/i0.wp.com\/www.joyana.fr\/wp-content\/uploads\/2008\/02\/Capture-d%C3%A2%E2%82%AC%E2%84%A2%C3%83%C2%A9cran-2014-04-16-%C3%83%C2%A0-02.55.46.png?fit=%2C&ssl=1","keywords":["DESIGN","Partenaires"],"articleSection":["Accessoires","Cuisine","DECO-DESIGN","Vipp"],"inLanguage":"ja","potentialAction":[{"@type":"CommentAction","name":"Comment","target":["https:\/\/www.joyana.fr\/ja\/poubelle-design-vipp-purple-cut\/100455\/#respond"]}]},{"@type":"WebPage","@id":"https:\/\/www.joyana.fr\/ja\/poubelle-design-vipp-purple-cut\/100455\/","url":"https:\/\/www.joyana.fr\/ja\/poubelle-design-vipp-purple-cut\/100455\/","name":"Poubelle design Vipp Purple Cut chez Made in Design - JO YANA","isPartOf":{"@id":"https:\/\/joyana.fr\/#website"},"primaryImageOfPage":{"@id":"https:\/\/www.joyana.fr\/ja\/poubelle-design-vipp-purple-cut\/100455\/#primaryimage"},"image":{"@id":"https:\/\/www.joyana.fr\/ja\/poubelle-design-vipp-purple-cut\/100455\/#primaryimage"},"thumbnailUrl":"https:\/\/i0.wp.com\/www.joyana.fr\/wp-content\/uploads\/2008\/02\/Capture-d%C3%A2%E2%82%AC%E2%84%A2%C3%83%C2%A9cran-2014-04-16-%C3%83%C2%A0-02.55.46.png?fit=%2C&ssl=1","datePublished":"2008-02-13T01:23:09+00:00","breadcrumb":{"@id":"https:\/\/www.joyana.fr\/ja\/poubelle-design-vipp-purple-cut\/100455\/#breadcrumb"},"inLanguage":"ja","potentialAction":[{"@type":"ReadAction","target":["https:\/\/www.joyana.fr\/ja\/poubelle-design-vipp-purple-cut\/100455\/"]}]},{"@type":"ImageObject","inLanguage":"ja","@id":"https:\/\/www.joyana.fr\/ja\/poubelle-design-vipp-purple-cut\/100455\/#primaryimage","url":"https:\/\/i0.wp.com\/www.joyana.fr\/wp-content\/uploads\/2008\/02\/Capture-d%C3%A2%E2%82%AC%E2%84%A2%C3%83%C2%A9cran-2014-04-16-%C3%83%C2%A0-02.55.46.png?fit=%2C&ssl=1","contentUrl":"https:\/\/i0.wp.com\/www.joyana.fr\/wp-content\/uploads\/2008\/02\/Capture-d%C3%A2%E2%82%AC%E2%84%A2%C3%83%C2%A9cran-2014-04-16-%C3%83%C2%A0-02.55.46.png?fit=%2C&ssl=1"},{"@type":"BreadcrumbList","@id":"https:\/\/www.joyana.fr\/ja\/poubelle-design-vipp-purple-cut\/100455\/#breadcrumb","itemListElement":[{"@type":"ListItem","position":1,"name":"Accueil","item":"https:\/\/joyana.fr\/"},{"@type":"ListItem","position":2,"name":"Poubelle design Vipp Purple Cut chez Made in Design"}]},{"@type":"WebSite","@id":"https:\/\/joyana.fr\/#website","url":"https:\/\/joyana.fr\/","name":"JO YANA","description":"Blog Mode Homme, Lifestyle, D\u00e9co-Design","publisher":{"@id":"https:\/\/joyana.fr\/#\/schema\/person\/cf2a1ad12a27c12c21801075bf37407c"},"potentialAction":[{"@type":"SearchAction","target":{"@type":"EntryPoint","urlTemplate":"https:\/\/joyana.fr\/?s={search_term_string}"},"query-input":{"@type":"PropertyValueSpecification","valueRequired":true,"valueName":"search_term_string"}}],"inLanguage":"ja"},{"@type":["Person","Organization"],"@id":"https:\/\/joyana.fr\/#\/schema\/person\/cf2a1ad12a27c12c21801075bf37407c","name":"Jo Yana","image":{"@type":"ImageObject","inLanguage":"ja","@id":"https:\/\/joyana.fr\/#\/schema\/person\/image\/","url":"https:\/\/i0.wp.com\/www.joyana.fr\/wp-content\/uploads\/2016\/08\/cropped-joyana-logo-black-360x180.png?fit=343%2C164&ssl=1","contentUrl":"https:\/\/i0.wp.com\/www.joyana.fr\/wp-content\/uploads\/2016\/08\/cropped-joyana-logo-black-360x180.png?fit=343%2C164&ssl=1","width":343,"height":164,"caption":"Jo Yana"},"logo":{"@id":"https:\/\/joyana.fr\/#\/schema\/person\/image\/"},"description":"Jo Yana est le cr\u00e9ateur et r\u00e9dacteur en chef des sites DECO-DESIGN. Passionn\u00e9 de Design, Mode, Photo, Luxe, Lifestyle, Musique, mais avant tout Blogueur ! Le plaisir de partager l'anime et a comme devise \"POUR L'AMOUR DU BEAU\". Retrouvez le aussi sur son blog personnel - https:\/\/joyana.fr...","sameAs":["https:\/\/joyana.fr\/"],"url":"https:\/\/www.joyana.fr\/ja\/author\/joyana\/"}]}},"author_meta":{"display_name":"Jo Yana","author_link":"https:\/\/www.joyana.fr\/ja\/author\/joyana\/"},"featured_img":"https:\/\/i0.wp.com\/www.joyana.fr\/wp-content\/uploads\/2008\/02\/Capture-d%C3%A2%E2%82%AC%E2%84%A2%C3%83%C2%A9cran-2014-04-16-%C3%83%C2%A0-02.55.46.png?fit=389%2C389&ssl=1","featured_image_src":"https:\/\/i0.wp.com\/www.joyana.fr\/wp-content\/uploads\/2008\/02\/Capture-d%C3%A2%E2%82%AC%E2%84%A2%C3%83%C2%A9cran-2014-04-16-%C3%83%C2%A0-02.55.46.png?resize=600%2C400&ssl=1","featured_image_src_square":"https:\/\/i0.wp.com\/www.joyana.fr\/wp-content\/uploads\/2008\/02\/Capture-d%C3%A2%E2%82%AC%E2%84%A2%C3%83%C2%A9cran-2014-04-16-%C3%83%C2%A0-02.55.46.png?resize=600%2C600&ssl=1","jetpack_featured_media_url":"https:\/\/i0.wp.com\/www.joyana.fr\/wp-content\/uploads\/2008\/02\/Capture-d%C3%A2%E2%82%AC%E2%84%A2%C3%83%C2%A9cran-2014-04-16-%C3%83%C2%A0-02.55.46.png?fit=%2C&ssl=1","uagb_featured_image_src":{"full":["https:\/\/i0.wp.com\/www.joyana.fr\/wp-content\/uploads\/2008\/02\/Capture-d%C3%A2%E2%82%AC%E2%84%A2%C3%83%C2%A9cran-2014-04-16-%C3%83%C2%A0-02.55.46.png?fit=%2C&ssl=1",false,false,false],"thumbnail":["https:\/\/i0.wp.com\/www.joyana.fr\/wp-content\/uploads\/2008\/02\/Capture-d%C3%A2%E2%82%AC%E2%84%A2%C3%83%C2%A9cran-2014-04-16-%C3%83%C2%A0-02.55.46.png?resize=150%2C150&ssl=1",false,false,true],"medium":["https:\/\/i0.wp.com\/www.joyana.fr\/wp-content\/uploads\/2008\/02\/Capture-d%C3%A2%E2%82%AC%E2%84%A2%C3%83%C2%A9cran-2014-04-16-%C3%83%C2%A0-02.55.46.png?fit=389%2C389&ssl=1",false,false,true],"medium_large":["https:\/\/i0.wp.com\/www.joyana.fr\/wp-content\/uploads\/2008\/02\/Capture-d%C3%A2%E2%82%AC%E2%84%A2%C3%83%C2%A9cran-2014-04-16-%C3%83%C2%A0-02.55.46.png?w=768&ssl=1",false,false,true],"large":["https:\/\/i0.wp.com\/www.joyana.fr\/wp-content\/uploads\/2008\/02\/Capture-d%C3%A2%E2%82%AC%E2%84%A2%C3%83%C2%A9cran-2014-04-16-%C3%83%C2%A0-02.55.46.png?fit=1024%2C1024&ssl=1",false,false,true],"1536x1536":["https:\/\/i0.wp.com\/www.joyana.fr\/wp-content\/uploads\/2008\/02\/Capture-d%C3%A2%E2%82%AC%E2%84%A2%C3%83%C2%A9cran-2014-04-16-%C3%83%C2%A0-02.55.46.png?fit=1536%2C1536&ssl=1",false,false,true],"2048x2048":["https:\/\/i0.wp.com\/www.joyana.fr\/wp-content\/uploads\/2008\/02\/Capture-d%C3%A2%E2%82%AC%E2%84%A2%C3%83%C2%A9cran-2014-04-16-%C3%83%C2%A0-02.55.46.png?fit=2048%2C2048&ssl=1",false,false,true],"featured-thumb":["https:\/\/i0.wp.com\/www.joyana.fr\/wp-content\/uploads\/2008\/02\/Capture-d%C3%A2%E2%82%AC%E2%84%A2%C3%83%C2%A9cran-2014-04-16-%C3%83%C2%A0-02.55.46.png?resize=1903%2C750&ssl=1",false,false,true],"ab-block-post-grid-landscape":["https:\/\/i0.wp.com\/www.joyana.fr\/wp-content\/uploads\/2008\/02\/Capture-d%C3%A2%E2%82%AC%E2%84%A2%C3%83%C2%A9cran-2014-04-16-%C3%83%C2%A0-02.55.46.png?resize=600%2C400&ssl=1",false,false,true],"ab-block-post-grid-square":["https:\/\/i0.wp.com\/www.joyana.fr\/wp-content\/uploads\/2008\/02\/Capture-d%C3%A2%E2%82%AC%E2%84%A2%C3%83%C2%A9cran-2014-04-16-%C3%83%C2%A0-02.55.46.png?resize=600%2C600&ssl=1",false,false,true],"author-pro-image":["https:\/\/i0.wp.com\/www.joyana.fr\/wp-content\/uploads\/2008\/02\/Capture-d%C3%A2%E2%82%AC%E2%84%A2%C3%83%C2%A9cran-2014-04-16-%C3%83%C2%A0-02.55.46.png?resize=360%2C570&ssl=1",false,false,true],"slider":["https:\/\/i0.wp.com\/www.joyana.fr\/wp-content\/uploads\/2008\/02\/Capture-d%C3%A2%E2%82%AC%E2%84%A2%C3%83%C2%A9cran-2014-04-16-%C3%83%C2%A0-02.55.46.png?resize=920%2C400&ssl=1",false,false,true],"woocommerce_thumbnail":["https:\/\/i0.wp.com\/www.joyana.fr\/wp-content\/uploads\/2008\/02\/Capture-d%C3%A2%E2%82%AC%E2%84%A2%C3%83%C2%A9cran-2014-04-16-%C3%83%C2%A0-02.55.46.png?resize=450%2C450&ssl=1",false,false,true],"woocommerce_single":["https:\/\/i0.wp.com\/www.joyana.fr\/wp-content\/uploads\/2008\/02\/Capture-d%C3%A2%E2%82%AC%E2%84%A2%C3%83%C2%A9cran-2014-04-16-%C3%83%C2%A0-02.55.46.png?w=920&ssl=1",false,false,true],"woocommerce_gallery_thumbnail":["https:\/\/i0.wp.com\/www.joyana.fr\/wp-content\/uploads\/2008\/02\/Capture-d%C3%A2%E2%82%AC%E2%84%A2%C3%83%C2%A9cran-2014-04-16-%C3%83%C2%A0-02.55.46.png?resize=180%2C180&ssl=1",false,false,true],"sow-carousel-default":["https:\/\/i0.wp.com\/www.joyana.fr\/wp-content\/uploads\/2008\/02\/Capture-d%C3%A2%E2%82%AC%E2%84%A2%C3%83%C2%A9cran-2014-04-16-%C3%83%C2%A0-02.55.46.png?resize=272%2C182&ssl=1",false,false,true]},"uagb_author_info":{"display_name":"Jo Yana","author_link":"https:\/\/www.joyana.fr\/ja\/author\/joyana\/"},"uagb_comment_info":0,"uagb_excerpt":"Venez d\u00e9couvrir la nouvelle poubelle design Vipp en &#8&hellip;","coauthors":[],"tax_additional":{"categories":{"linked":["<a href=\"https:\/\/www.joyana.fr\/ja\/category\/deco-design\/decoration\/accessoires\/\" class=\"advgb-post-tax-term\">Accessoires<\/a>","<a href=\"https:\/\/www.joyana.fr\/ja\/category\/deco-design\/decoration\/cuisine\/\" class=\"advgb-post-tax-term\">Cuisine<\/a>","<a href=\"https:\/\/www.joyana.fr\/ja\/category\/deco-design\/\" class=\"advgb-post-tax-term\">DECO-DESIGN<\/a>","<a href=\"https:\/\/www.joyana.fr\/ja\/category\/marques\/vipp\/\" class=\"advgb-post-tax-term\">Vipp<\/a>"],"unlinked":["<span class=\"advgb-post-tax-term\">Accessoires<\/span>","<span class=\"advgb-post-tax-term\">Cuisine<\/span>","<span class=\"advgb-post-tax-term\">DECO-DESIGN<\/span>","<span class=\"advgb-post-tax-term\">Vipp<\/span>"]},"tags":{"linked":["<a href=\"https:\/\/www.joyana.fr\/ja\/category\/marques\/vipp\/\" class=\"advgb-post-tax-term\">DESIGN<\/a>","<a href=\"https:\/\/www.joyana.fr\/ja\/category\/marques\/vipp\/\" class=\"advgb-post-tax-term\">Partenaires<\/a>"],"unlinked":["<span class=\"advgb-post-tax-term\">DESIGN<\/span>","<span class=\"advgb-post-tax-term\">Partenaires<\/span>"]}},"comment_count":0,"relative_dates":{"created":"Posted 18\u5e74 ago","modified":"Updated 18\u5e74 ago"},"absolute_dates":{"created":"Posted on 13 2\u6708 2008","modified":"Updated on 13 2\u6708 2008"},"absolute_dates_time":{"created":"Posted on 13 2\u6708 2008 2:23","modified":"Updated on 13 2\u6708 2008 2:23"},"featured_img_caption":"","series_order":"","jetpack_sharing_enabled":true,"jetpack_shortlink":"https:\/\/wp.me\/p9bteI-q8f","jetpack-related-posts":[],"_links":{"self":[{"href":"https:\/\/www.joyana.fr\/ja\/wp-json\/wp\/v2\/posts\/100455","targetHints":{"allow":["GET"]}}],"collection":[{"href":"https:\/\/www.joyana.fr\/ja\/wp-json\/wp\/v2\/posts"}],"about":[{"href":"https:\/\/www.joyana.fr\/ja\/wp-json\/wp\/v2\/types\/post"}],"author":[{"embeddable":true,"href":"https:\/\/www.joyana.fr\/ja\/wp-json\/wp\/v2\/users\/3"}],"replies":[{"embeddable":true,"href":"https:\/\/www.joyana.fr\/ja\/wp-json\/wp\/v2\/comments?post=100455"}],"version-history":[{"count":0,"href":"https:\/\/www.joyana.fr\/ja\/wp-json\/wp\/v2\/posts\/100455\/revisions"}],"wp:featuredmedia":[{"embeddable":true,"href":"https:\/\/www.joyana.fr\/ja\/wp-json\/wp\/v2\/media\/116849"}],"wp:attachment":[{"href":"https:\/\/www.joyana.fr\/ja\/wp-json\/wp\/v2\/media?parent=100455"}],"wp:term":[{"taxonomy":"category","embeddable":true,"href":"https:\/\/www.joyana.fr\/ja\/wp-json\/wp\/v2\/categories?post=100455"},{"taxonomy":"post_tag","embeddable":true,"href":"https:\/\/www.joyana.fr\/ja\/wp-json\/wp\/v2\/tags?post=100455"}],"curies":[{"name":"wp","href":"https:\/\/api.w.org\/{rel}","templated":true}]}}