{"id":9505,"date":"2014-06-25T08:59:35","date_gmt":"2014-06-25T06:59:35","guid":{"rendered":"https:\/\/joyana.fr\/?p=9505"},"modified":"2014-06-25T08:59:35","modified_gmt":"2014-06-25T06:59:35","slug":"selection-soldes-chez-les-galeries-lafayette","status":"publish","type":"post","link":"https:\/\/www.joyana.fr\/en\/selection-soldes-chez-les-galeries-lafayette\/9505\/","title":{"rendered":"S\u00e9lection #SOLDES chez LES GALERIES LAFAYETTE"},"content":{"rendered":"<p><a href=\"http:\/\/clk.tradedoubler.com\/click?p=223966&amp;a=2128477&amp;g=21170010\" target=\"_blank\"><img data-recalc-dims=\"1\" fetchpriority=\"high\" decoding=\"async\" data-attachment-id=\"9506\" data-permalink=\"https:\/\/www.joyana.fr\/en\/selection-soldes-chez-les-galeries-lafayette\/9505\/soldes-lafayette\/\" data-orig-file=\"https:\/\/i0.wp.com\/www.joyana.fr\/wp-content\/uploads\/2014\/06\/SOLDES-LAFAYETTE.jpg?fit=650%2C350&amp;ssl=1\" data-orig-size=\"650,350\" data-comments-opened=\"1\" data-image-meta=\"{&quot;aperture&quot;:&quot;0&quot;,&quot;credit&quot;:&quot;&quot;,&quot;camera&quot;:&quot;&quot;,&quot;caption&quot;:&quot;&quot;,&quot;created_timestamp&quot;:&quot;0&quot;,&quot;copyright&quot;:&quot;&quot;,&quot;focal_length&quot;:&quot;0&quot;,&quot;iso&quot;:&quot;0&quot;,&quot;shutter_speed&quot;:&quot;0&quot;,&quot;title&quot;:&quot;&quot;,&quot;orientation&quot;:&quot;1&quot;}\" data-image-title=\"SOLDES LAFAYETTE\" data-image-description=\"\" data-image-caption=\"\" data-medium-file=\"https:\/\/i0.wp.com\/www.joyana.fr\/wp-content\/uploads\/2014\/06\/SOLDES-LAFAYETTE.jpg?fit=389%2C209&amp;ssl=1\" data-large-file=\"https:\/\/i0.wp.com\/www.joyana.fr\/wp-content\/uploads\/2014\/06\/SOLDES-LAFAYETTE.jpg?fit=650%2C350&amp;ssl=1\" class=\"alignnone size-full wp-image-9506\" src=\"https:\/\/i0.wp.com\/joyana.fr\/wp-content\/uploads\/2014\/06\/SOLDES-LAFAYETTE.jpg?resize=650%2C350&#038;ssl=1\" alt=\"SOLDES LAFAYETTE\" width=\"650\" height=\"350\" srcset=\"https:\/\/i0.wp.com\/www.joyana.fr\/wp-content\/uploads\/2014\/06\/SOLDES-LAFAYETTE.jpg?w=650&amp;ssl=1 650w, https:\/\/i0.wp.com\/www.joyana.fr\/wp-content\/uploads\/2014\/06\/SOLDES-LAFAYETTE.jpg?resize=389%2C209&amp;ssl=1 389w, https:\/\/i0.wp.com\/www.joyana.fr\/wp-content\/uploads\/2014\/06\/SOLDES-LAFAYETTE.jpg?resize=600%2C323&amp;ssl=1 600w\" sizes=\"(max-width: 650px) 100vw, 650px\" \/><\/a><\/p>\n<p style=\"text-align: justify;\">Et oui c&#8217;est les <strong>SOLDES<\/strong> ! Du 25 Juin au 29 Juillet 2014 mon conseil c&#8217;est de profiter d&#8217;acheter les belles pi\u00e8ces que vous ne pouvez pas vous permettre durant l&#8217;ann\u00e9e ! Voici ma s\u00e9lection chez <a href=\"http:\/\/clk.tradedoubler.com\/click?p=223966&amp;a=2128477&amp;g=21170010\" target=\"_blank\"><strong>LES GALERIES LAFAYETTE<\/strong><\/a>&#8230;<\/p>\n<p><!--more--> <a href=\"http:\/\/clk.tradedoubler.com\/click?p=223966&amp;a=2128477&amp;g=21170010\"><img data-recalc-dims=\"1\" decoding=\"async\" data-attachment-id=\"9509\" data-permalink=\"https:\/\/www.joyana.fr\/en\/selection-soldes-chez-les-galeries-lafayette\/9505\/soldes-2014-lafayette-2\/\" data-orig-file=\"https:\/\/i0.wp.com\/www.joyana.fr\/wp-content\/uploads\/2014\/06\/SOLDES-2014-LAFAYETTE1.jpg?fit=800%2C1462&amp;ssl=1\" data-orig-size=\"800,1462\" data-comments-opened=\"1\" data-image-meta=\"{&quot;aperture&quot;:&quot;0&quot;,&quot;credit&quot;:&quot;&quot;,&quot;camera&quot;:&quot;&quot;,&quot;caption&quot;:&quot;&quot;,&quot;created_timestamp&quot;:&quot;0&quot;,&quot;copyright&quot;:&quot;&quot;,&quot;focal_length&quot;:&quot;0&quot;,&quot;iso&quot;:&quot;0&quot;,&quot;shutter_speed&quot;:&quot;0&quot;,&quot;title&quot;:&quot;&quot;,&quot;orientation&quot;:&quot;1&quot;}\" data-image-title=\"SOLDES 2014 LAFAYETTE\" data-image-description=\"\" data-image-caption=\"\" data-medium-file=\"https:\/\/i0.wp.com\/www.joyana.fr\/wp-content\/uploads\/2014\/06\/SOLDES-2014-LAFAYETTE1.jpg?fit=213%2C389&amp;ssl=1\" data-large-file=\"https:\/\/i0.wp.com\/www.joyana.fr\/wp-content\/uploads\/2014\/06\/SOLDES-2014-LAFAYETTE1.jpg?fit=560%2C1024&amp;ssl=1\" class=\"alignnone size-large wp-image-9509\" src=\"https:\/\/i0.wp.com\/joyana.fr\/wp-content\/uploads\/2014\/06\/SOLDES-2014-LAFAYETTE1-650x1187.jpg?resize=650%2C1187&#038;ssl=1\" alt=\"SOLDES 2014 LAFAYETTE\" width=\"650\" height=\"1187\" \/><\/a><\/p>\n<p><center>De haut en bas, de gauche \u00e0 droite :<\/p>\n<ul>\n<li><a href=\"http:\/\/clk.tradedoubler.com\/click?p=223966&amp;a=2128477&amp;g=21159280&amp;url=http:\/\/www.galerieslafayette.com\/p\/pull+sastfood-eleven+paris\/23396385\/230\" target=\"_blank\">Pull <em>SASTFOOD<\/em> ELEVEN PARIS<\/a> <del>69,50\u20ac<\/del> <strong>41,70\u20ac<\/strong><\/li>\n<li><a href=\"http:\/\/clk.tradedoubler.com\/click?p=223966&amp;a=2128477&amp;g=21159280&amp;url=http:\/\/www.galerieslafayette.com\/p\/veste+de+costume+en+laine+a+details+contrastants-the+kooples\/16275937\/230\" target=\"_blank\">Veste de Costume en Laine THE KOOPLES<\/a> <del>395\u20ac<\/del> <strong>237\u20ac<\/strong><\/li>\n<li><a href=\"http:\/\/clk.tradedoubler.com\/click?p=223966&amp;a=2128477&amp;g=21159280&amp;url=http:\/\/www.galerieslafayette.com\/p\/chemise+en+denim+imprime+camouflage+coupe+ajustee-dsquared2\/12465860\/101\" target=\"_blank\">Chemise en Denim Camouflage DSQUARED2<\/a>\u00a0<del>465\u20ac<\/del> <strong>279\u20ac<\/strong><\/li>\n<li><a href=\"http:\/\/clk.tradedoubler.com\/click?p=223966&amp;a=2128477&amp;g=21159280&amp;url=http:\/\/www.galerieslafayette.com\/p\/pull+heritage-armor-lux\/17553629\/88\" target=\"_blank\">Pull <em>HERITAGE<\/em> ARMOR-LUX<\/a>\u00a0<del>99\u20ac<\/del> <strong>59,40\u20ac<\/strong><\/li>\n<li><a href=\"http:\/\/clk.tradedoubler.com\/click?p=223966&amp;a=2128477&amp;g=21159280&amp;url=http:\/\/www.galerieslafayette.com\/p\/polo+slim+fit+en+coton+pique-polo+ralph+lauren\/25223256\/457\" target=\"_blank\">Polo Mint RALPH LAUREN<\/a> <del>85\u20ac<\/del> <strong>51\u20ac<\/strong><\/li>\n<li><a href=\"http:\/\/clk.tradedoubler.com\/click?p=223966&amp;a=2128477&amp;g=21159280&amp;url=http:\/\/www.galerieslafayette.com\/p\/short+droit+imprime+floral-jodhpur+week-end\/64785702\/125\" target=\"_blank\">Short imprim\u00e9 Floral JODHPUR WEEK-END<\/a> <del>44,99\u20ac<\/del> <strong>26,99\u20ac<\/strong><\/li>\n<li><a href=\"http:\/\/clk.tradedoubler.com\/click?p=223966&amp;a=2128477&amp;g=21159280&amp;url=http:\/\/www.galerieslafayette.com\/p\/baskets+en+cuir+imprime+floral-marc+jacobs\/69542397\/101\" target=\"_blank\">Sneakers imprim\u00e9 Floral MARC JACOBS<\/a> <del>465\u20ac<\/del> <strong>279\u20ac<\/strong><\/li>\n<li><a href=\"http:\/\/clk.tradedoubler.com\/click?p=223966&amp;a=2128477&amp;g=21159280&amp;url=http:\/\/www.galerieslafayette.com\/p\/cravate+tisse+camouflage-avant+premiere\/74632191\/101\" target=\"_blank\">Cravate tiss\u00e9 Camouflage AVANT PREMIERE<\/a> <del>19,99\u20ac<\/del> <strong>11,99\u20ac<\/strong><\/li>\n<li><a href=\"http:\/\/clk.tradedoubler.com\/click?p=223966&amp;a=2128477&amp;g=21159280&amp;url=http:\/\/www.galerieslafayette.com\/p\/boutons+de+manchettes+rectangulaires-lafayette+collection\/74481821\/38\" target=\"_blank\">Boutons de Manchettes Rectangulaires LAFAYETTE COLLECTION<\/a> <del>29,99\u20ac<\/del> <strong>17,99\u20ac<\/strong><\/li>\n<li><a href=\"http:\/\/clk.tradedoubler.com\/click?p=223966&amp;a=2128477&amp;g=21159280&amp;url=http:\/\/www.galerieslafayette.com\/p\/sac+de+voyage+en+toile+et+cuir-polo+ralph+lauren\/42803809\/263\" target=\"_blank\">Sac de Voyage en Toile et cuir RALPH LAUREN<\/a> <del>359\u20ac<\/del> <strong>179,50\u20ac<\/strong><\/li>\n<\/ul>\n<p><\/center><br \/>\n<\/p>\n<h2 style=\"text-align: center;\"><span style=\"color: #ff99cc;\">BON SHOPPING !\u00a0<\/span><\/h2>\n<p><em>article sponsoris\u00e9<\/em><\/p>\n","protected":false},"excerpt":{"rendered":"<p>Et oui c&#8217;est les SOLDES ! Du 25 Juin au 29 Juillet 2014 mon conseil c&#8217;est de profiter d&#8217;acheter les belles pi\u00e8ces que vous ne pouvez pas vous permettre durant l&#8217;ann\u00e9e ! Voici ma s\u00e9lection chez LES GALERIES LAFAYETTE&#8230;<\/p>\n","protected":false},"author":3,"featured_media":9506,"comment_status":"open","ping_status":"open","sticky":false,"template":"","format":"standard","meta":{"_coblocks_attr":"","_coblocks_dimensions":"","_coblocks_responsive_height":"","_coblocks_accordion_ie_support":"","_uag_custom_page_level_css":"","advgb_blocks_editor_width":"","advgb_blocks_columns_visual_guide":"","_genesis_hide_title":false,"_genesis_hide_breadcrumbs":false,"_genesis_hide_singular_image":false,"_genesis_hide_footer_widgets":false,"_genesis_custom_body_class":"","_genesis_custom_post_class":"","_genesis_layout":"","_themeisle_gutenberg_block_has_review":false,"_jetpack_newsletter_access":"","_jetpack_dont_email_post_to_subs":false,"_jetpack_newsletter_tier_id":0,"_jetpack_memberships_contains_paywalled_content":false,"_jetpack_memberships_contains_paid_content":false,"footnotes":""},"categories":[60,16],"tags":[651,116],"class_list":{"0":"post-9505","1":"post","2":"type-post","3":"status-publish","4":"format-standard","5":"has-post-thumbnail","7":"category-blog","8":"category-mode-homme","9":"tag-les-galeries-lafayette","10":"tag-soldes","11":"entry"},"featured_image_urls":{"full":["https:\/\/i0.wp.com\/www.joyana.fr\/wp-content\/uploads\/2014\/06\/SOLDES-LAFAYETTE.jpg?fit=650%2C350&ssl=1",650,350,false],"thumbnail":["https:\/\/i0.wp.com\/www.joyana.fr\/wp-content\/uploads\/2014\/06\/SOLDES-LAFAYETTE.jpg?resize=150%2C150&ssl=1",150,150,true],"medium":["https:\/\/i0.wp.com\/www.joyana.fr\/wp-content\/uploads\/2014\/06\/SOLDES-LAFAYETTE.jpg?fit=389%2C209&ssl=1",389,209,true],"medium_large":["https:\/\/i0.wp.com\/www.joyana.fr\/wp-content\/uploads\/2014\/06\/SOLDES-LAFAYETTE.jpg?fit=650%2C350&ssl=1",650,350,true],"large":["https:\/\/i0.wp.com\/www.joyana.fr\/wp-content\/uploads\/2014\/06\/SOLDES-LAFAYETTE.jpg?fit=650%2C350&ssl=1",650,350,true],"1536x1536":["https:\/\/i0.wp.com\/www.joyana.fr\/wp-content\/uploads\/2014\/06\/SOLDES-LAFAYETTE.jpg?fit=650%2C350&ssl=1",650,350,true],"2048x2048":["https:\/\/i0.wp.com\/www.joyana.fr\/wp-content\/uploads\/2014\/06\/SOLDES-LAFAYETTE.jpg?fit=650%2C350&ssl=1",650,350,true],"featured-thumb":["https:\/\/i0.wp.com\/www.joyana.fr\/wp-content\/uploads\/2014\/06\/SOLDES-LAFAYETTE.jpg?resize=650%2C350&ssl=1",650,350,true],"ab-block-post-grid-landscape":["https:\/\/i0.wp.com\/www.joyana.fr\/wp-content\/uploads\/2014\/06\/SOLDES-LAFAYETTE.jpg?resize=600%2C350&ssl=1",600,350,true],"ab-block-post-grid-square":["https:\/\/i0.wp.com\/www.joyana.fr\/wp-content\/uploads\/2014\/06\/SOLDES-LAFAYETTE.jpg?resize=600%2C350&ssl=1",600,350,true],"author-pro-image":["https:\/\/i0.wp.com\/www.joyana.fr\/wp-content\/uploads\/2014\/06\/SOLDES-LAFAYETTE.jpg?resize=360%2C350&ssl=1",360,350,true],"slider":["https:\/\/i0.wp.com\/www.joyana.fr\/wp-content\/uploads\/2014\/06\/SOLDES-LAFAYETTE.jpg?resize=650%2C350&ssl=1",650,350,true],"woocommerce_thumbnail":["https:\/\/i0.wp.com\/www.joyana.fr\/wp-content\/uploads\/2014\/06\/SOLDES-LAFAYETTE.jpg?resize=450%2C350&ssl=1",450,350,true],"woocommerce_single":["https:\/\/i0.wp.com\/www.joyana.fr\/wp-content\/uploads\/2014\/06\/SOLDES-LAFAYETTE.jpg?fit=650%2C350&ssl=1",650,350,true],"woocommerce_gallery_thumbnail":["https:\/\/i0.wp.com\/www.joyana.fr\/wp-content\/uploads\/2014\/06\/SOLDES-LAFAYETTE.jpg?resize=180%2C180&ssl=1",180,180,true],"sow-carousel-default":["https:\/\/i0.wp.com\/www.joyana.fr\/wp-content\/uploads\/2014\/06\/SOLDES-LAFAYETTE.jpg?resize=272%2C182&ssl=1",272,182,true]},"post_excerpt_stackable":"<p>Et oui c&#8217;est les SOLDES ! Du 25 Juin au 29 Juillet 2014 mon conseil c&#8217;est de profiter d&#8217;acheter les belles pi\u00e8ces que vous ne pouvez pas vous permettre durant l&#8217;ann\u00e9e ! Voici ma s\u00e9lection chez LES GALERIES LAFAYETTE&#8230; De haut en bas, de gauche \u00e0 droite : Pull SASTFOOD ELEVEN PARIS 69,50\u20ac 41,70\u20ac Veste de Costume en Laine THE KOOPLES 395\u20ac 237\u20ac Chemise en Denim Camouflage DSQUARED2\u00a0465\u20ac 279\u20ac Pull HERITAGE ARMOR-LUX\u00a099\u20ac 59,40\u20ac Polo Mint RALPH LAUREN 85\u20ac 51\u20ac Short imprim\u00e9 Floral JODHPUR WEEK-END 44,99\u20ac 26,99\u20ac Sneakers imprim\u00e9 Floral MARC JACOBS 465\u20ac 279\u20ac Cravate tiss\u00e9 Camouflage AVANT PREMIERE 19,99\u20ac 11,99\u20ac&hellip;<\/p>\n","category_list":"<a href=\"https:\/\/www.joyana.fr\/en\/category\/blog\/\" rel=\"category tag\">BLOG<\/a>, <a href=\"https:\/\/www.joyana.fr\/en\/category\/blog\/mode-homme\/\" rel=\"category tag\">MODE HOMME<\/a>","author_info":{"display_name":"Jo Yana","author_link":"https:\/\/www.joyana.fr\/en\/author\/joyana\/"},"comments_num":"0 comments","featured_image_urls_v2":{"full":["https:\/\/i0.wp.com\/www.joyana.fr\/wp-content\/uploads\/2014\/06\/SOLDES-LAFAYETTE.jpg?fit=650%2C350&ssl=1",650,350,false],"thumbnail":["https:\/\/i0.wp.com\/www.joyana.fr\/wp-content\/uploads\/2014\/06\/SOLDES-LAFAYETTE.jpg?resize=150%2C150&ssl=1",150,150,true],"medium":["https:\/\/i0.wp.com\/www.joyana.fr\/wp-content\/uploads\/2014\/06\/SOLDES-LAFAYETTE.jpg?fit=389%2C209&ssl=1",389,209,true],"medium_large":["https:\/\/i0.wp.com\/www.joyana.fr\/wp-content\/uploads\/2014\/06\/SOLDES-LAFAYETTE.jpg?fit=650%2C350&ssl=1",650,350,true],"large":["https:\/\/i0.wp.com\/www.joyana.fr\/wp-content\/uploads\/2014\/06\/SOLDES-LAFAYETTE.jpg?fit=650%2C350&ssl=1",650,350,true],"1536x1536":["https:\/\/i0.wp.com\/www.joyana.fr\/wp-content\/uploads\/2014\/06\/SOLDES-LAFAYETTE.jpg?fit=650%2C350&ssl=1",650,350,true],"2048x2048":["https:\/\/i0.wp.com\/www.joyana.fr\/wp-content\/uploads\/2014\/06\/SOLDES-LAFAYETTE.jpg?fit=650%2C350&ssl=1",650,350,true],"featured-thumb":["https:\/\/i0.wp.com\/www.joyana.fr\/wp-content\/uploads\/2014\/06\/SOLDES-LAFAYETTE.jpg?resize=650%2C350&ssl=1",650,350,true],"ab-block-post-grid-landscape":["https:\/\/i0.wp.com\/www.joyana.fr\/wp-content\/uploads\/2014\/06\/SOLDES-LAFAYETTE.jpg?resize=600%2C350&ssl=1",600,350,true],"ab-block-post-grid-square":["https:\/\/i0.wp.com\/www.joyana.fr\/wp-content\/uploads\/2014\/06\/SOLDES-LAFAYETTE.jpg?resize=600%2C350&ssl=1",600,350,true],"author-pro-image":["https:\/\/i0.wp.com\/www.joyana.fr\/wp-content\/uploads\/2014\/06\/SOLDES-LAFAYETTE.jpg?resize=360%2C350&ssl=1",360,350,true],"slider":["https:\/\/i0.wp.com\/www.joyana.fr\/wp-content\/uploads\/2014\/06\/SOLDES-LAFAYETTE.jpg?resize=650%2C350&ssl=1",650,350,true],"woocommerce_thumbnail":["https:\/\/i0.wp.com\/www.joyana.fr\/wp-content\/uploads\/2014\/06\/SOLDES-LAFAYETTE.jpg?resize=450%2C350&ssl=1",450,350,true],"woocommerce_single":["https:\/\/i0.wp.com\/www.joyana.fr\/wp-content\/uploads\/2014\/06\/SOLDES-LAFAYETTE.jpg?fit=650%2C350&ssl=1",650,350,true],"woocommerce_gallery_thumbnail":["https:\/\/i0.wp.com\/www.joyana.fr\/wp-content\/uploads\/2014\/06\/SOLDES-LAFAYETTE.jpg?resize=180%2C180&ssl=1",180,180,true],"sow-carousel-default":["https:\/\/i0.wp.com\/www.joyana.fr\/wp-content\/uploads\/2014\/06\/SOLDES-LAFAYETTE.jpg?resize=272%2C182&ssl=1",272,182,true]},"post_excerpt_stackable_v2":"<p>Et oui c&#8217;est les SOLDES ! Du 25 Juin au 29 Juillet 2014 mon conseil c&#8217;est de profiter d&#8217;acheter les belles pi\u00e8ces que vous ne pouvez pas vous permettre durant l&#8217;ann\u00e9e ! Voici ma s\u00e9lection chez LES GALERIES LAFAYETTE&#8230; De haut en bas, de gauche \u00e0 droite : Pull SASTFOOD ELEVEN PARIS 69,50\u20ac 41,70\u20ac Veste de Costume en Laine THE KOOPLES 395\u20ac 237\u20ac Chemise en Denim Camouflage DSQUARED2\u00a0465\u20ac 279\u20ac Pull HERITAGE ARMOR-LUX\u00a099\u20ac 59,40\u20ac Polo Mint RALPH LAUREN 85\u20ac 51\u20ac Short imprim\u00e9 Floral JODHPUR WEEK-END 44,99\u20ac 26,99\u20ac Sneakers imprim\u00e9 Floral MARC JACOBS 465\u20ac 279\u20ac Cravate tiss\u00e9 Camouflage AVANT PREMIERE 19,99\u20ac 11,99\u20ac&hellip;<\/p>\n","category_list_v2":"<a href=\"https:\/\/www.joyana.fr\/en\/category\/blog\/\" rel=\"category tag\">BLOG<\/a>, <a href=\"https:\/\/www.joyana.fr\/en\/category\/blog\/mode-homme\/\" rel=\"category tag\">MODE HOMME<\/a>","author_info_v2":{"name":"Jo Yana","url":"https:\/\/www.joyana.fr\/en\/author\/joyana\/"},"comments_num_v2":"0 comments","yoast_head":"<!-- This site is optimized with the Yoast SEO plugin v26.8 - https:\/\/yoast.com\/product\/yoast-seo-wordpress\/ -->\n<title>S\u00e9lection #SOLDES chez LES GALERIES LAFAYETTE - JO YANA<\/title>\n<meta name=\"robots\" content=\"index, follow, max-snippet:-1, max-image-preview:large, max-video-preview:-1\" \/>\n<link rel=\"canonical\" href=\"https:\/\/joyana.fr\/en\/selection-soldes-chez-les-galeries-lafayette\/9505\/\" \/>\n<meta property=\"og:locale\" content=\"en_US\" \/>\n<meta property=\"og:locale:alternate\" content=\"fr_FR\" \/>\n<meta property=\"og:locale:alternate\" content=\"ja\" \/>\n<meta property=\"og:type\" content=\"article\" \/>\n<meta property=\"og:title\" content=\"S\u00e9lection #SOLDES chez LES GALERIES LAFAYETTE - JO YANA\" \/>\n<meta property=\"og:description\" content=\"Et oui c&#8217;est les SOLDES ! Du 25 Juin au 29 Juillet 2014 mon conseil c&#8217;est de profiter d&#8217;acheter les belles pi\u00e8ces que vous ne pouvez pas vous permettre durant l&#8217;ann\u00e9e ! Voici ma s\u00e9lection chez LES GALERIES LAFAYETTE&#8230;\" \/>\n<meta property=\"og:url\" content=\"https:\/\/www.joyana.fr\/en\/selection-soldes-chez-les-galeries-lafayette\/9505\/\" \/>\n<meta property=\"og:site_name\" content=\"JO YANA\" \/>\n<meta property=\"article:published_time\" content=\"2014-06-25T06:59:35+00:00\" \/>\n<meta property=\"og:image\" content=\"https:\/\/joyana.fr\/wp-content\/uploads\/2014\/06\/SOLDES-LAFAYETTE.jpg\" \/>\n\t<meta property=\"og:image:width\" content=\"650\" \/>\n\t<meta property=\"og:image:height\" content=\"350\" \/>\n\t<meta property=\"og:image:type\" content=\"image\/jpeg\" \/>\n<meta name=\"author\" content=\"Jo Yana\" \/>\n<meta name=\"twitter:card\" content=\"summary_large_image\" \/>\n<meta name=\"twitter:creator\" content=\"@Jo_Yana\" \/>\n<meta name=\"twitter:site\" content=\"@Jo_Yana\" \/>\n<meta name=\"twitter:label1\" content=\"Written by\" \/>\n\t<meta name=\"twitter:data1\" content=\"Jo Yana\" \/>\n\t<meta name=\"twitter:label2\" content=\"Est. reading time\" \/>\n\t<meta name=\"twitter:data2\" content=\"1 minute\" \/>\n<script type=\"application\/ld+json\" class=\"yoast-schema-graph\">{\"@context\":\"https:\/\/schema.org\",\"@graph\":[{\"@type\":\"Article\",\"@id\":\"https:\/\/joyana.fr\/en\/selection-soldes-chez-les-galeries-lafayette\/9505\/#article\",\"isPartOf\":{\"@id\":\"https:\/\/joyana.fr\/en\/selection-soldes-chez-les-galeries-lafayette\/9505\/\"},\"author\":{\"name\":\"Jo Yana\",\"@id\":\"https:\/\/joyana.fr\/#\/schema\/person\/cf2a1ad12a27c12c21801075bf37407c\"},\"headline\":\"S\u00e9lection #SOLDES chez LES GALERIES LAFAYETTE\",\"datePublished\":\"2014-06-25T06:59:35+00:00\",\"mainEntityOfPage\":{\"@id\":\"https:\/\/joyana.fr\/en\/selection-soldes-chez-les-galeries-lafayette\/9505\/\"},\"wordCount\":112,\"commentCount\":0,\"publisher\":{\"@id\":\"https:\/\/joyana.fr\/#\/schema\/person\/cf2a1ad12a27c12c21801075bf37407c\"},\"image\":{\"@id\":\"https:\/\/joyana.fr\/en\/selection-soldes-chez-les-galeries-lafayette\/9505\/#primaryimage\"},\"thumbnailUrl\":\"https:\/\/i0.wp.com\/www.joyana.fr\/wp-content\/uploads\/2014\/06\/SOLDES-LAFAYETTE.jpg?fit=650%2C350&ssl=1\",\"keywords\":[\"Les Galeries Lafayette\",\"Soldes\"],\"articleSection\":[\"BLOG\",\"MODE HOMME\"],\"inLanguage\":\"en-US\",\"potentialAction\":[{\"@type\":\"CommentAction\",\"name\":\"Comment\",\"target\":[\"https:\/\/joyana.fr\/en\/selection-soldes-chez-les-galeries-lafayette\/9505\/#respond\"]}]},{\"@type\":\"WebPage\",\"@id\":\"https:\/\/joyana.fr\/en\/selection-soldes-chez-les-galeries-lafayette\/9505\/\",\"url\":\"https:\/\/joyana.fr\/en\/selection-soldes-chez-les-galeries-lafayette\/9505\/\",\"name\":\"S\u00e9lection #SOLDES chez LES GALERIES LAFAYETTE - JO YANA\",\"isPartOf\":{\"@id\":\"https:\/\/joyana.fr\/#website\"},\"primaryImageOfPage\":{\"@id\":\"https:\/\/joyana.fr\/en\/selection-soldes-chez-les-galeries-lafayette\/9505\/#primaryimage\"},\"image\":{\"@id\":\"https:\/\/joyana.fr\/en\/selection-soldes-chez-les-galeries-lafayette\/9505\/#primaryimage\"},\"thumbnailUrl\":\"https:\/\/i0.wp.com\/www.joyana.fr\/wp-content\/uploads\/2014\/06\/SOLDES-LAFAYETTE.jpg?fit=650%2C350&ssl=1\",\"datePublished\":\"2014-06-25T06:59:35+00:00\",\"breadcrumb\":{\"@id\":\"https:\/\/joyana.fr\/en\/selection-soldes-chez-les-galeries-lafayette\/9505\/#breadcrumb\"},\"inLanguage\":\"en-US\",\"potentialAction\":[{\"@type\":\"ReadAction\",\"target\":[\"https:\/\/joyana.fr\/en\/selection-soldes-chez-les-galeries-lafayette\/9505\/\"]}]},{\"@type\":\"ImageObject\",\"inLanguage\":\"en-US\",\"@id\":\"https:\/\/joyana.fr\/en\/selection-soldes-chez-les-galeries-lafayette\/9505\/#primaryimage\",\"url\":\"https:\/\/i0.wp.com\/www.joyana.fr\/wp-content\/uploads\/2014\/06\/SOLDES-LAFAYETTE.jpg?fit=650%2C350&ssl=1\",\"contentUrl\":\"https:\/\/i0.wp.com\/www.joyana.fr\/wp-content\/uploads\/2014\/06\/SOLDES-LAFAYETTE.jpg?fit=650%2C350&ssl=1\",\"width\":650,\"height\":350},{\"@type\":\"BreadcrumbList\",\"@id\":\"https:\/\/joyana.fr\/en\/selection-soldes-chez-les-galeries-lafayette\/9505\/#breadcrumb\",\"itemListElement\":[{\"@type\":\"ListItem\",\"position\":1,\"name\":\"Accueil\",\"item\":\"https:\/\/joyana.fr\/\"},{\"@type\":\"ListItem\",\"position\":2,\"name\":\"S\u00e9lection #SOLDES chez LES GALERIES LAFAYETTE\"}]},{\"@type\":\"WebSite\",\"@id\":\"https:\/\/joyana.fr\/#website\",\"url\":\"https:\/\/joyana.fr\/\",\"name\":\"JO YANA\",\"description\":\"Blog Mode Homme, Lifestyle, D\u00e9co-Design\",\"publisher\":{\"@id\":\"https:\/\/joyana.fr\/#\/schema\/person\/cf2a1ad12a27c12c21801075bf37407c\"},\"potentialAction\":[{\"@type\":\"SearchAction\",\"target\":{\"@type\":\"EntryPoint\",\"urlTemplate\":\"https:\/\/joyana.fr\/?s={search_term_string}\"},\"query-input\":{\"@type\":\"PropertyValueSpecification\",\"valueRequired\":true,\"valueName\":\"search_term_string\"}}],\"inLanguage\":\"en-US\"},{\"@type\":[\"Person\",\"Organization\"],\"@id\":\"https:\/\/joyana.fr\/#\/schema\/person\/cf2a1ad12a27c12c21801075bf37407c\",\"name\":\"Jo Yana\",\"image\":{\"@type\":\"ImageObject\",\"inLanguage\":\"en-US\",\"@id\":\"https:\/\/joyana.fr\/#\/schema\/person\/image\/\",\"url\":\"https:\/\/i0.wp.com\/www.joyana.fr\/wp-content\/uploads\/2016\/08\/cropped-joyana-logo-black-360x180.png?fit=343%2C164&ssl=1\",\"contentUrl\":\"https:\/\/i0.wp.com\/www.joyana.fr\/wp-content\/uploads\/2016\/08\/cropped-joyana-logo-black-360x180.png?fit=343%2C164&ssl=1\",\"width\":343,\"height\":164,\"caption\":\"Jo Yana\"},\"logo\":{\"@id\":\"https:\/\/joyana.fr\/#\/schema\/person\/image\/\"},\"description\":\"Jo Yana est le cr\u00e9ateur et r\u00e9dacteur en chef des sites DECO-DESIGN. Passionn\u00e9 de Design, Mode, Photo, Luxe, Lifestyle, Musique, mais avant tout Blogueur ! Le plaisir de partager l'anime et a comme devise \\\"POUR L'AMOUR DU BEAU\\\". Retrouvez le aussi sur son blog personnel - https:\/\/joyana.fr...\",\"sameAs\":[\"https:\/\/joyana.fr\/\"],\"url\":\"https:\/\/www.joyana.fr\/en\/author\/joyana\/\"}]}<\/script>\n<!-- \/ Yoast SEO plugin. -->","yoast_head_json":{"title":"S\u00e9lection #SOLDES chez LES GALERIES LAFAYETTE - JO YANA","robots":{"index":"index","follow":"follow","max-snippet":"max-snippet:-1","max-image-preview":"max-image-preview:large","max-video-preview":"max-video-preview:-1"},"canonical":"https:\/\/joyana.fr\/en\/selection-soldes-chez-les-galeries-lafayette\/9505\/","og_locale":"en_US","og_type":"article","og_title":"S\u00e9lection #SOLDES chez LES GALERIES LAFAYETTE - JO YANA","og_description":"Et oui c&#8217;est les SOLDES ! Du 25 Juin au 29 Juillet 2014 mon conseil c&#8217;est de profiter d&#8217;acheter les belles pi\u00e8ces que vous ne pouvez pas vous permettre durant l&#8217;ann\u00e9e ! Voici ma s\u00e9lection chez LES GALERIES LAFAYETTE&#8230;","og_url":"https:\/\/www.joyana.fr\/en\/selection-soldes-chez-les-galeries-lafayette\/9505\/","og_site_name":"JO YANA","article_published_time":"2014-06-25T06:59:35+00:00","og_image":[{"width":650,"height":350,"url":"https:\/\/joyana.fr\/wp-content\/uploads\/2014\/06\/SOLDES-LAFAYETTE.jpg","type":"image\/jpeg"}],"author":"Jo Yana","twitter_card":"summary_large_image","twitter_creator":"@Jo_Yana","twitter_site":"@Jo_Yana","twitter_misc":{"Written by":"Jo Yana","Est. reading time":"1 minute"},"schema":{"@context":"https:\/\/schema.org","@graph":[{"@type":"Article","@id":"https:\/\/joyana.fr\/en\/selection-soldes-chez-les-galeries-lafayette\/9505\/#article","isPartOf":{"@id":"https:\/\/joyana.fr\/en\/selection-soldes-chez-les-galeries-lafayette\/9505\/"},"author":{"name":"Jo Yana","@id":"https:\/\/joyana.fr\/#\/schema\/person\/cf2a1ad12a27c12c21801075bf37407c"},"headline":"S\u00e9lection #SOLDES chez LES GALERIES LAFAYETTE","datePublished":"2014-06-25T06:59:35+00:00","mainEntityOfPage":{"@id":"https:\/\/joyana.fr\/en\/selection-soldes-chez-les-galeries-lafayette\/9505\/"},"wordCount":112,"commentCount":0,"publisher":{"@id":"https:\/\/joyana.fr\/#\/schema\/person\/cf2a1ad12a27c12c21801075bf37407c"},"image":{"@id":"https:\/\/joyana.fr\/en\/selection-soldes-chez-les-galeries-lafayette\/9505\/#primaryimage"},"thumbnailUrl":"https:\/\/i0.wp.com\/www.joyana.fr\/wp-content\/uploads\/2014\/06\/SOLDES-LAFAYETTE.jpg?fit=650%2C350&ssl=1","keywords":["Les Galeries Lafayette","Soldes"],"articleSection":["BLOG","MODE HOMME"],"inLanguage":"en-US","potentialAction":[{"@type":"CommentAction","name":"Comment","target":["https:\/\/joyana.fr\/en\/selection-soldes-chez-les-galeries-lafayette\/9505\/#respond"]}]},{"@type":"WebPage","@id":"https:\/\/joyana.fr\/en\/selection-soldes-chez-les-galeries-lafayette\/9505\/","url":"https:\/\/joyana.fr\/en\/selection-soldes-chez-les-galeries-lafayette\/9505\/","name":"S\u00e9lection #SOLDES chez LES GALERIES LAFAYETTE - JO YANA","isPartOf":{"@id":"https:\/\/joyana.fr\/#website"},"primaryImageOfPage":{"@id":"https:\/\/joyana.fr\/en\/selection-soldes-chez-les-galeries-lafayette\/9505\/#primaryimage"},"image":{"@id":"https:\/\/joyana.fr\/en\/selection-soldes-chez-les-galeries-lafayette\/9505\/#primaryimage"},"thumbnailUrl":"https:\/\/i0.wp.com\/www.joyana.fr\/wp-content\/uploads\/2014\/06\/SOLDES-LAFAYETTE.jpg?fit=650%2C350&ssl=1","datePublished":"2014-06-25T06:59:35+00:00","breadcrumb":{"@id":"https:\/\/joyana.fr\/en\/selection-soldes-chez-les-galeries-lafayette\/9505\/#breadcrumb"},"inLanguage":"en-US","potentialAction":[{"@type":"ReadAction","target":["https:\/\/joyana.fr\/en\/selection-soldes-chez-les-galeries-lafayette\/9505\/"]}]},{"@type":"ImageObject","inLanguage":"en-US","@id":"https:\/\/joyana.fr\/en\/selection-soldes-chez-les-galeries-lafayette\/9505\/#primaryimage","url":"https:\/\/i0.wp.com\/www.joyana.fr\/wp-content\/uploads\/2014\/06\/SOLDES-LAFAYETTE.jpg?fit=650%2C350&ssl=1","contentUrl":"https:\/\/i0.wp.com\/www.joyana.fr\/wp-content\/uploads\/2014\/06\/SOLDES-LAFAYETTE.jpg?fit=650%2C350&ssl=1","width":650,"height":350},{"@type":"BreadcrumbList","@id":"https:\/\/joyana.fr\/en\/selection-soldes-chez-les-galeries-lafayette\/9505\/#breadcrumb","itemListElement":[{"@type":"ListItem","position":1,"name":"Accueil","item":"https:\/\/joyana.fr\/"},{"@type":"ListItem","position":2,"name":"S\u00e9lection #SOLDES chez LES GALERIES LAFAYETTE"}]},{"@type":"WebSite","@id":"https:\/\/joyana.fr\/#website","url":"https:\/\/joyana.fr\/","name":"JO YANA","description":"Blog Mode Homme, Lifestyle, D\u00e9co-Design","publisher":{"@id":"https:\/\/joyana.fr\/#\/schema\/person\/cf2a1ad12a27c12c21801075bf37407c"},"potentialAction":[{"@type":"SearchAction","target":{"@type":"EntryPoint","urlTemplate":"https:\/\/joyana.fr\/?s={search_term_string}"},"query-input":{"@type":"PropertyValueSpecification","valueRequired":true,"valueName":"search_term_string"}}],"inLanguage":"en-US"},{"@type":["Person","Organization"],"@id":"https:\/\/joyana.fr\/#\/schema\/person\/cf2a1ad12a27c12c21801075bf37407c","name":"Jo Yana","image":{"@type":"ImageObject","inLanguage":"en-US","@id":"https:\/\/joyana.fr\/#\/schema\/person\/image\/","url":"https:\/\/i0.wp.com\/www.joyana.fr\/wp-content\/uploads\/2016\/08\/cropped-joyana-logo-black-360x180.png?fit=343%2C164&ssl=1","contentUrl":"https:\/\/i0.wp.com\/www.joyana.fr\/wp-content\/uploads\/2016\/08\/cropped-joyana-logo-black-360x180.png?fit=343%2C164&ssl=1","width":343,"height":164,"caption":"Jo Yana"},"logo":{"@id":"https:\/\/joyana.fr\/#\/schema\/person\/image\/"},"description":"Jo Yana est le cr\u00e9ateur et r\u00e9dacteur en chef des sites DECO-DESIGN. Passionn\u00e9 de Design, Mode, Photo, Luxe, Lifestyle, Musique, mais avant tout Blogueur ! Le plaisir de partager l'anime et a comme devise \"POUR L'AMOUR DU BEAU\". Retrouvez le aussi sur son blog personnel - https:\/\/joyana.fr...","sameAs":["https:\/\/joyana.fr\/"],"url":"https:\/\/www.joyana.fr\/en\/author\/joyana\/"}]}},"author_meta":{"display_name":"Jo Yana","author_link":"https:\/\/www.joyana.fr\/en\/author\/joyana\/"},"featured_img":"https:\/\/i0.wp.com\/www.joyana.fr\/wp-content\/uploads\/2014\/06\/SOLDES-LAFAYETTE.jpg?fit=389%2C209&ssl=1","featured_image_src":"https:\/\/i0.wp.com\/www.joyana.fr\/wp-content\/uploads\/2014\/06\/SOLDES-LAFAYETTE.jpg?resize=600%2C350&ssl=1","featured_image_src_square":"https:\/\/i0.wp.com\/www.joyana.fr\/wp-content\/uploads\/2014\/06\/SOLDES-LAFAYETTE.jpg?resize=600%2C350&ssl=1","jetpack_featured_media_url":"https:\/\/i0.wp.com\/www.joyana.fr\/wp-content\/uploads\/2014\/06\/SOLDES-LAFAYETTE.jpg?fit=650%2C350&ssl=1","uagb_featured_image_src":{"full":["https:\/\/i0.wp.com\/www.joyana.fr\/wp-content\/uploads\/2014\/06\/SOLDES-LAFAYETTE.jpg?fit=650%2C350&ssl=1",650,350,false],"thumbnail":["https:\/\/i0.wp.com\/www.joyana.fr\/wp-content\/uploads\/2014\/06\/SOLDES-LAFAYETTE.jpg?resize=150%2C150&ssl=1",150,150,true],"medium":["https:\/\/i0.wp.com\/www.joyana.fr\/wp-content\/uploads\/2014\/06\/SOLDES-LAFAYETTE.jpg?fit=389%2C209&ssl=1",389,209,true],"medium_large":["https:\/\/i0.wp.com\/www.joyana.fr\/wp-content\/uploads\/2014\/06\/SOLDES-LAFAYETTE.jpg?fit=650%2C350&ssl=1",650,350,true],"large":["https:\/\/i0.wp.com\/www.joyana.fr\/wp-content\/uploads\/2014\/06\/SOLDES-LAFAYETTE.jpg?fit=650%2C350&ssl=1",650,350,true],"1536x1536":["https:\/\/i0.wp.com\/www.joyana.fr\/wp-content\/uploads\/2014\/06\/SOLDES-LAFAYETTE.jpg?fit=650%2C350&ssl=1",650,350,true],"2048x2048":["https:\/\/i0.wp.com\/www.joyana.fr\/wp-content\/uploads\/2014\/06\/SOLDES-LAFAYETTE.jpg?fit=650%2C350&ssl=1",650,350,true],"featured-thumb":["https:\/\/i0.wp.com\/www.joyana.fr\/wp-content\/uploads\/2014\/06\/SOLDES-LAFAYETTE.jpg?resize=650%2C350&ssl=1",650,350,true],"ab-block-post-grid-landscape":["https:\/\/i0.wp.com\/www.joyana.fr\/wp-content\/uploads\/2014\/06\/SOLDES-LAFAYETTE.jpg?resize=600%2C350&ssl=1",600,350,true],"ab-block-post-grid-square":["https:\/\/i0.wp.com\/www.joyana.fr\/wp-content\/uploads\/2014\/06\/SOLDES-LAFAYETTE.jpg?resize=600%2C350&ssl=1",600,350,true],"author-pro-image":["https:\/\/i0.wp.com\/www.joyana.fr\/wp-content\/uploads\/2014\/06\/SOLDES-LAFAYETTE.jpg?resize=360%2C350&ssl=1",360,350,true],"slider":["https:\/\/i0.wp.com\/www.joyana.fr\/wp-content\/uploads\/2014\/06\/SOLDES-LAFAYETTE.jpg?resize=650%2C350&ssl=1",650,350,true],"woocommerce_thumbnail":["https:\/\/i0.wp.com\/www.joyana.fr\/wp-content\/uploads\/2014\/06\/SOLDES-LAFAYETTE.jpg?resize=450%2C350&ssl=1",450,350,true],"woocommerce_single":["https:\/\/i0.wp.com\/www.joyana.fr\/wp-content\/uploads\/2014\/06\/SOLDES-LAFAYETTE.jpg?fit=650%2C350&ssl=1",650,350,true],"woocommerce_gallery_thumbnail":["https:\/\/i0.wp.com\/www.joyana.fr\/wp-content\/uploads\/2014\/06\/SOLDES-LAFAYETTE.jpg?resize=180%2C180&ssl=1",180,180,true],"sow-carousel-default":["https:\/\/i0.wp.com\/www.joyana.fr\/wp-content\/uploads\/2014\/06\/SOLDES-LAFAYETTE.jpg?resize=272%2C182&ssl=1",272,182,true]},"uagb_author_info":{"display_name":"Jo Yana","author_link":"https:\/\/www.joyana.fr\/en\/author\/joyana\/"},"uagb_comment_info":0,"uagb_excerpt":"Et oui c&#8217;est les SOLDES ! Du 25 Juin au 29 Juillet 2014 mon conseil c&#8217;est de profiter d&#8217;acheter les belles pi\u00e8ces que vous ne pouvez pas vous permettre durant l&#8217;ann\u00e9e ! Voici ma s\u00e9lection chez LES GALERIES LAFAYETTE&#8230;","coauthors":[],"tax_additional":{"categories":{"linked":["<a href=\"https:\/\/www.joyana.fr\/en\/category\/blog\/\" class=\"advgb-post-tax-term\">BLOG<\/a>","<a href=\"https:\/\/www.joyana.fr\/en\/category\/blog\/mode-homme\/\" class=\"advgb-post-tax-term\">MODE HOMME<\/a>"],"unlinked":["<span class=\"advgb-post-tax-term\">BLOG<\/span>","<span class=\"advgb-post-tax-term\">MODE HOMME<\/span>"]},"tags":{"linked":["<a href=\"https:\/\/www.joyana.fr\/en\/category\/blog\/mode-homme\/\" class=\"advgb-post-tax-term\">Les Galeries Lafayette<\/a>","<a href=\"https:\/\/www.joyana.fr\/en\/category\/blog\/mode-homme\/\" class=\"advgb-post-tax-term\">Soldes<\/a>"],"unlinked":["<span class=\"advgb-post-tax-term\">Les Galeries Lafayette<\/span>","<span class=\"advgb-post-tax-term\">Soldes<\/span>"]}},"comment_count":0,"relative_dates":{"created":"Posted 12 years ago","modified":"Updated 12 years ago"},"absolute_dates":{"created":"Posted on 25 June 2014","modified":"Updated on 25 June 2014"},"absolute_dates_time":{"created":"Posted on 25 June 2014 8:59","modified":"Updated on 25 June 2014 8:59"},"featured_img_caption":"","series_order":"","jetpack_sharing_enabled":true,"jetpack_shortlink":"https:\/\/wp.me\/p9bteI-2tj","jetpack-related-posts":[],"_links":{"self":[{"href":"https:\/\/www.joyana.fr\/en\/wp-json\/wp\/v2\/posts\/9505","targetHints":{"allow":["GET"]}}],"collection":[{"href":"https:\/\/www.joyana.fr\/en\/wp-json\/wp\/v2\/posts"}],"about":[{"href":"https:\/\/www.joyana.fr\/en\/wp-json\/wp\/v2\/types\/post"}],"author":[{"embeddable":true,"href":"https:\/\/www.joyana.fr\/en\/wp-json\/wp\/v2\/users\/3"}],"replies":[{"embeddable":true,"href":"https:\/\/www.joyana.fr\/en\/wp-json\/wp\/v2\/comments?post=9505"}],"version-history":[{"count":0,"href":"https:\/\/www.joyana.fr\/en\/wp-json\/wp\/v2\/posts\/9505\/revisions"}],"wp:featuredmedia":[{"embeddable":true,"href":"https:\/\/www.joyana.fr\/en\/wp-json\/wp\/v2\/media\/9506"}],"wp:attachment":[{"href":"https:\/\/www.joyana.fr\/en\/wp-json\/wp\/v2\/media?parent=9505"}],"wp:term":[{"taxonomy":"category","embeddable":true,"href":"https:\/\/www.joyana.fr\/en\/wp-json\/wp\/v2\/categories?post=9505"},{"taxonomy":"post_tag","embeddable":true,"href":"https:\/\/www.joyana.fr\/en\/wp-json\/wp\/v2\/tags?post=9505"}],"curies":[{"name":"wp","href":"https:\/\/api.w.org\/{rel}","templated":true}]}}