{"id":6572,"date":"2013-10-04T20:33:39","date_gmt":"2013-10-04T18:33:39","guid":{"rendered":"https:\/\/joyana.fr\/?p=6572"},"modified":"2013-10-04T20:33:39","modified_gmt":"2013-10-04T18:33:39","slug":"derby-a-lacets-prada","status":"publish","type":"post","link":"https:\/\/www.joyana.fr\/en\/derby-a-lacets-prada\/6572\/","title":{"rendered":"Derby \u00e0 Lacets PRADA"},"content":{"rendered":"<p><a href=\"https:\/\/i0.wp.com\/joyana.fr\/wp-content\/uploads\/2013\/10\/PRADA-A-LACETS_533.jpg?ssl=1\"><img data-recalc-dims=\"1\" fetchpriority=\"high\" decoding=\"async\" data-attachment-id=\"6574\" data-permalink=\"https:\/\/www.joyana.fr\/en\/derby-a-lacets-prada\/6572\/prada-a-lacets_533\/\" data-orig-file=\"https:\/\/i0.wp.com\/www.joyana.fr\/wp-content\/uploads\/2013\/10\/PRADA-A-LACETS_533.jpg?fit=650%2C650&amp;ssl=1\" data-orig-size=\"650,650\" data-comments-opened=\"1\" data-image-meta=\"{&quot;aperture&quot;:&quot;0&quot;,&quot;credit&quot;:&quot;&quot;,&quot;camera&quot;:&quot;&quot;,&quot;caption&quot;:&quot;&quot;,&quot;created_timestamp&quot;:&quot;0&quot;,&quot;copyright&quot;:&quot;&quot;,&quot;focal_length&quot;:&quot;0&quot;,&quot;iso&quot;:&quot;0&quot;,&quot;shutter_speed&quot;:&quot;0&quot;,&quot;title&quot;:&quot;&quot;,&quot;orientation&quot;:&quot;1&quot;}\" data-image-title=\"Derby \u00e0 Lacets PRADA\" data-image-description=\"&lt;p&gt;Derby \u00e0 Lacets PRADA&lt;\/p&gt;\n\" data-image-caption=\"\" data-medium-file=\"https:\/\/i0.wp.com\/www.joyana.fr\/wp-content\/uploads\/2013\/10\/PRADA-A-LACETS_533.jpg?fit=389%2C389&amp;ssl=1\" data-large-file=\"https:\/\/i0.wp.com\/www.joyana.fr\/wp-content\/uploads\/2013\/10\/PRADA-A-LACETS_533.jpg?fit=650%2C650&amp;ssl=1\" class=\"alignnone size-full wp-image-6574\" alt=\"Derby \u00e0 Lacets PRADA\" src=\"https:\/\/i0.wp.com\/joyana.fr\/wp-content\/uploads\/2013\/10\/PRADA-A-LACETS_533.jpg?resize=650%2C650&#038;ssl=1\" width=\"650\" height=\"650\" srcset=\"https:\/\/i0.wp.com\/www.joyana.fr\/wp-content\/uploads\/2013\/10\/PRADA-A-LACETS_533.jpg?w=650&amp;ssl=1 650w, https:\/\/i0.wp.com\/www.joyana.fr\/wp-content\/uploads\/2013\/10\/PRADA-A-LACETS_533.jpg?resize=389%2C389&amp;ssl=1 389w, https:\/\/i0.wp.com\/www.joyana.fr\/wp-content\/uploads\/2013\/10\/PRADA-A-LACETS_533.jpg?resize=150%2C150&amp;ssl=1 150w, https:\/\/i0.wp.com\/www.joyana.fr\/wp-content\/uploads\/2013\/10\/PRADA-A-LACETS_533.jpg?resize=600%2C600&amp;ssl=1 600w, https:\/\/i0.wp.com\/www.joyana.fr\/wp-content\/uploads\/2013\/10\/PRADA-A-LACETS_533.jpg?resize=450%2C450&amp;ssl=1 450w, https:\/\/i0.wp.com\/www.joyana.fr\/wp-content\/uploads\/2013\/10\/PRADA-A-LACETS_533.jpg?resize=180%2C180&amp;ssl=1 180w, https:\/\/i0.wp.com\/www.joyana.fr\/wp-content\/uploads\/2013\/10\/PRADA-A-LACETS_533.jpg?resize=300%2C300&amp;ssl=1 300w, https:\/\/i0.wp.com\/www.joyana.fr\/wp-content\/uploads\/2013\/10\/PRADA-A-LACETS_533.jpg?resize=100%2C100&amp;ssl=1 100w\" sizes=\"(max-width: 650px) 100vw, 650px\" \/><\/a><\/p>\n<p>Coup de coeur du soir, cette paire de <strong>derby \u00e0 lacets<\/strong> hybride sign\u00e9e <strong><a title=\"PRADA\" href=\"https:\/\/joyana.fr\/tag\/prada\/\" target=\"_blank\">Prada<\/a><\/strong> ! Une derby vernie tr\u00e8s chic qui se m\u00eale parfaitement avec une semelle tr\u00e8s street &#8211; qui me fait penser \u00e0 la <a title=\"AIR MAX 97\" href=\"https:\/\/joyana.fr\/tag\/air-max-97\/\" target=\"_blank\">Air Max 97<\/a>&#8230;<\/p>\n<div data-carousel-extra='{\"blog_id\":1,\"permalink\":\"https:\\\/\\\/www.joyana.fr\\\/en\\\/derby-a-lacets-prada\\\/6572\\\/\"}' id='gallery-1' class='gallery galleryid-6572 gallery-columns-3 gallery-size-thumbnail'><figure class='gallery-item'>\r\n\t\t\t<div class='gallery-icon landscape'>\r\n\t\t\t\t<a href=\"https:\/\/i0.wp.com\/www.joyana.fr\/wp-content\/uploads\/2013\/10\/PRADA-A-LACETS_1.jpg?ssl=1\"><img decoding=\"async\" width=\"150\" height=\"150\" src=\"https:\/\/i0.wp.com\/www.joyana.fr\/wp-content\/uploads\/2013\/10\/PRADA-A-LACETS_1.jpg?resize=150%2C150&amp;ssl=1\" class=\"attachment-thumbnail size-thumbnail\" alt=\"\" srcset=\"https:\/\/i0.wp.com\/www.joyana.fr\/wp-content\/uploads\/2013\/10\/PRADA-A-LACETS_1.jpg?w=650&amp;ssl=1 650w, https:\/\/i0.wp.com\/www.joyana.fr\/wp-content\/uploads\/2013\/10\/PRADA-A-LACETS_1.jpg?resize=300%2C300&amp;ssl=1 300w, https:\/\/i0.wp.com\/www.joyana.fr\/wp-content\/uploads\/2013\/10\/PRADA-A-LACETS_1.jpg?resize=100%2C100&amp;ssl=1 100w, https:\/\/i0.wp.com\/www.joyana.fr\/wp-content\/uploads\/2013\/10\/PRADA-A-LACETS_1.jpg?resize=600%2C600&amp;ssl=1 600w\" sizes=\"(max-width: 150px) 100vw, 150px\" data-attachment-id=\"6579\" data-permalink=\"https:\/\/www.joyana.fr\/en\/derby-a-lacets-prada\/6572\/prada-a-lacets_1\/\" data-orig-file=\"https:\/\/i0.wp.com\/www.joyana.fr\/wp-content\/uploads\/2013\/10\/PRADA-A-LACETS_1.jpg?fit=650%2C650&amp;ssl=1\" data-orig-size=\"650,650\" data-comments-opened=\"1\" data-image-meta=\"{&quot;aperture&quot;:&quot;0&quot;,&quot;credit&quot;:&quot;&quot;,&quot;camera&quot;:&quot;&quot;,&quot;caption&quot;:&quot;&quot;,&quot;created_timestamp&quot;:&quot;0&quot;,&quot;copyright&quot;:&quot;&quot;,&quot;focal_length&quot;:&quot;0&quot;,&quot;iso&quot;:&quot;0&quot;,&quot;shutter_speed&quot;:&quot;0&quot;,&quot;title&quot;:&quot;&quot;,&quot;orientation&quot;:&quot;1&quot;}\" data-image-title=\"PRADA A LACETS_1\" data-image-description=\"\" data-image-caption=\"\" data-medium-file=\"https:\/\/i0.wp.com\/www.joyana.fr\/wp-content\/uploads\/2013\/10\/PRADA-A-LACETS_1.jpg?fit=389%2C389&amp;ssl=1\" data-large-file=\"https:\/\/i0.wp.com\/www.joyana.fr\/wp-content\/uploads\/2013\/10\/PRADA-A-LACETS_1.jpg?fit=650%2C650&amp;ssl=1\" \/><\/a>\r\n\t\t\t<\/div><\/figure><figure class='gallery-item'>\r\n\t\t\t<div class='gallery-icon landscape'>\r\n\t\t\t\t<a href=\"https:\/\/i0.wp.com\/www.joyana.fr\/wp-content\/uploads\/2013\/10\/PRADA-A-LACETS_533.jpg?ssl=1\"><img decoding=\"async\" width=\"150\" height=\"150\" src=\"https:\/\/i0.wp.com\/www.joyana.fr\/wp-content\/uploads\/2013\/10\/PRADA-A-LACETS_533.jpg?resize=150%2C150&amp;ssl=1\" class=\"attachment-thumbnail size-thumbnail\" alt=\"\" srcset=\"https:\/\/i0.wp.com\/www.joyana.fr\/wp-content\/uploads\/2013\/10\/PRADA-A-LACETS_533.jpg?w=650&amp;ssl=1 650w, https:\/\/i0.wp.com\/www.joyana.fr\/wp-content\/uploads\/2013\/10\/PRADA-A-LACETS_533.jpg?resize=389%2C389&amp;ssl=1 389w, https:\/\/i0.wp.com\/www.joyana.fr\/wp-content\/uploads\/2013\/10\/PRADA-A-LACETS_533.jpg?resize=150%2C150&amp;ssl=1 150w, https:\/\/i0.wp.com\/www.joyana.fr\/wp-content\/uploads\/2013\/10\/PRADA-A-LACETS_533.jpg?resize=600%2C600&amp;ssl=1 600w, https:\/\/i0.wp.com\/www.joyana.fr\/wp-content\/uploads\/2013\/10\/PRADA-A-LACETS_533.jpg?resize=450%2C450&amp;ssl=1 450w, https:\/\/i0.wp.com\/www.joyana.fr\/wp-content\/uploads\/2013\/10\/PRADA-A-LACETS_533.jpg?resize=180%2C180&amp;ssl=1 180w, https:\/\/i0.wp.com\/www.joyana.fr\/wp-content\/uploads\/2013\/10\/PRADA-A-LACETS_533.jpg?resize=300%2C300&amp;ssl=1 300w, https:\/\/i0.wp.com\/www.joyana.fr\/wp-content\/uploads\/2013\/10\/PRADA-A-LACETS_533.jpg?resize=100%2C100&amp;ssl=1 100w\" sizes=\"(max-width: 150px) 100vw, 150px\" data-attachment-id=\"6574\" data-permalink=\"https:\/\/www.joyana.fr\/en\/derby-a-lacets-prada\/6572\/prada-a-lacets_533\/\" data-orig-file=\"https:\/\/i0.wp.com\/www.joyana.fr\/wp-content\/uploads\/2013\/10\/PRADA-A-LACETS_533.jpg?fit=650%2C650&amp;ssl=1\" data-orig-size=\"650,650\" data-comments-opened=\"1\" data-image-meta=\"{&quot;aperture&quot;:&quot;0&quot;,&quot;credit&quot;:&quot;&quot;,&quot;camera&quot;:&quot;&quot;,&quot;caption&quot;:&quot;&quot;,&quot;created_timestamp&quot;:&quot;0&quot;,&quot;copyright&quot;:&quot;&quot;,&quot;focal_length&quot;:&quot;0&quot;,&quot;iso&quot;:&quot;0&quot;,&quot;shutter_speed&quot;:&quot;0&quot;,&quot;title&quot;:&quot;&quot;,&quot;orientation&quot;:&quot;1&quot;}\" data-image-title=\"Derby \u00e0 Lacets PRADA\" data-image-description=\"&lt;p&gt;Derby \u00e0 Lacets PRADA&lt;\/p&gt;\n\" data-image-caption=\"\" data-medium-file=\"https:\/\/i0.wp.com\/www.joyana.fr\/wp-content\/uploads\/2013\/10\/PRADA-A-LACETS_533.jpg?fit=389%2C389&amp;ssl=1\" data-large-file=\"https:\/\/i0.wp.com\/www.joyana.fr\/wp-content\/uploads\/2013\/10\/PRADA-A-LACETS_533.jpg?fit=650%2C650&amp;ssl=1\" \/><\/a>\r\n\t\t\t<\/div><\/figure><figure class='gallery-item'>\r\n\t\t\t<div class='gallery-icon landscape'>\r\n\t\t\t\t<a href=\"https:\/\/i0.wp.com\/www.joyana.fr\/wp-content\/uploads\/2013\/10\/PRADA-A-LACETS_2.jpg?ssl=1\"><img loading=\"lazy\" decoding=\"async\" width=\"150\" height=\"150\" src=\"https:\/\/i0.wp.com\/www.joyana.fr\/wp-content\/uploads\/2013\/10\/PRADA-A-LACETS_2.jpg?resize=150%2C150&amp;ssl=1\" class=\"attachment-thumbnail size-thumbnail\" alt=\"\" srcset=\"https:\/\/i0.wp.com\/www.joyana.fr\/wp-content\/uploads\/2013\/10\/PRADA-A-LACETS_2.jpg?w=650&amp;ssl=1 650w, https:\/\/i0.wp.com\/www.joyana.fr\/wp-content\/uploads\/2013\/10\/PRADA-A-LACETS_2.jpg?resize=300%2C300&amp;ssl=1 300w, https:\/\/i0.wp.com\/www.joyana.fr\/wp-content\/uploads\/2013\/10\/PRADA-A-LACETS_2.jpg?resize=100%2C100&amp;ssl=1 100w, https:\/\/i0.wp.com\/www.joyana.fr\/wp-content\/uploads\/2013\/10\/PRADA-A-LACETS_2.jpg?resize=600%2C600&amp;ssl=1 600w\" sizes=\"(max-width: 150px) 100vw, 150px\" data-attachment-id=\"6577\" data-permalink=\"https:\/\/www.joyana.fr\/en\/derby-a-lacets-prada\/6572\/prada-a-lacets_2\/\" data-orig-file=\"https:\/\/i0.wp.com\/www.joyana.fr\/wp-content\/uploads\/2013\/10\/PRADA-A-LACETS_2.jpg?fit=650%2C650&amp;ssl=1\" data-orig-size=\"650,650\" data-comments-opened=\"1\" data-image-meta=\"{&quot;aperture&quot;:&quot;0&quot;,&quot;credit&quot;:&quot;&quot;,&quot;camera&quot;:&quot;&quot;,&quot;caption&quot;:&quot;&quot;,&quot;created_timestamp&quot;:&quot;0&quot;,&quot;copyright&quot;:&quot;&quot;,&quot;focal_length&quot;:&quot;0&quot;,&quot;iso&quot;:&quot;0&quot;,&quot;shutter_speed&quot;:&quot;0&quot;,&quot;title&quot;:&quot;&quot;,&quot;orientation&quot;:&quot;1&quot;}\" data-image-title=\"PRADA A LACETS_2\" data-image-description=\"\" data-image-caption=\"\" data-medium-file=\"https:\/\/i0.wp.com\/www.joyana.fr\/wp-content\/uploads\/2013\/10\/PRADA-A-LACETS_2.jpg?fit=389%2C389&amp;ssl=1\" data-large-file=\"https:\/\/i0.wp.com\/www.joyana.fr\/wp-content\/uploads\/2013\/10\/PRADA-A-LACETS_2.jpg?fit=650%2C650&amp;ssl=1\" \/><\/a>\r\n\t\t\t<\/div><\/figure><figure class='gallery-item'>\r\n\t\t\t<div class='gallery-icon landscape'>\r\n\t\t\t\t<a href=\"https:\/\/i0.wp.com\/www.joyana.fr\/wp-content\/uploads\/2013\/10\/PRADA-A-LACETS_44.jpg?ssl=1\"><img loading=\"lazy\" decoding=\"async\" width=\"150\" height=\"150\" src=\"https:\/\/i0.wp.com\/www.joyana.fr\/wp-content\/uploads\/2013\/10\/PRADA-A-LACETS_44.jpg?resize=150%2C150&amp;ssl=1\" class=\"attachment-thumbnail size-thumbnail\" alt=\"\" srcset=\"https:\/\/i0.wp.com\/www.joyana.fr\/wp-content\/uploads\/2013\/10\/PRADA-A-LACETS_44.jpg?w=650&amp;ssl=1 650w, https:\/\/i0.wp.com\/www.joyana.fr\/wp-content\/uploads\/2013\/10\/PRADA-A-LACETS_44.jpg?resize=300%2C300&amp;ssl=1 300w, https:\/\/i0.wp.com\/www.joyana.fr\/wp-content\/uploads\/2013\/10\/PRADA-A-LACETS_44.jpg?resize=100%2C100&amp;ssl=1 100w, https:\/\/i0.wp.com\/www.joyana.fr\/wp-content\/uploads\/2013\/10\/PRADA-A-LACETS_44.jpg?resize=600%2C600&amp;ssl=1 600w\" sizes=\"(max-width: 150px) 100vw, 150px\" data-attachment-id=\"6575\" data-permalink=\"https:\/\/www.joyana.fr\/en\/derby-a-lacets-prada\/6572\/prada-a-lacets_44\/\" data-orig-file=\"https:\/\/i0.wp.com\/www.joyana.fr\/wp-content\/uploads\/2013\/10\/PRADA-A-LACETS_44.jpg?fit=650%2C650&amp;ssl=1\" data-orig-size=\"650,650\" data-comments-opened=\"1\" data-image-meta=\"{&quot;aperture&quot;:&quot;0&quot;,&quot;credit&quot;:&quot;&quot;,&quot;camera&quot;:&quot;&quot;,&quot;caption&quot;:&quot;&quot;,&quot;created_timestamp&quot;:&quot;0&quot;,&quot;copyright&quot;:&quot;&quot;,&quot;focal_length&quot;:&quot;0&quot;,&quot;iso&quot;:&quot;0&quot;,&quot;shutter_speed&quot;:&quot;0&quot;,&quot;title&quot;:&quot;&quot;,&quot;orientation&quot;:&quot;1&quot;}\" data-image-title=\"PRADA A LACETS_44\" data-image-description=\"\" data-image-caption=\"\" data-medium-file=\"https:\/\/i0.wp.com\/www.joyana.fr\/wp-content\/uploads\/2013\/10\/PRADA-A-LACETS_44.jpg?fit=389%2C389&amp;ssl=1\" data-large-file=\"https:\/\/i0.wp.com\/www.joyana.fr\/wp-content\/uploads\/2013\/10\/PRADA-A-LACETS_44.jpg?fit=650%2C650&amp;ssl=1\" \/><\/a>\r\n\t\t\t<\/div><\/figure><figure class='gallery-item'>\r\n\t\t\t<div class='gallery-icon landscape'>\r\n\t\t\t\t<a href=\"https:\/\/i0.wp.com\/www.joyana.fr\/wp-content\/uploads\/2013\/10\/PRADA-A-LACETS_05-4.jpg?ssl=1\"><img loading=\"lazy\" decoding=\"async\" width=\"150\" height=\"150\" src=\"https:\/\/i0.wp.com\/www.joyana.fr\/wp-content\/uploads\/2013\/10\/PRADA-A-LACETS_05-4.jpg?resize=150%2C150&amp;ssl=1\" class=\"attachment-thumbnail size-thumbnail\" alt=\"\" srcset=\"https:\/\/i0.wp.com\/www.joyana.fr\/wp-content\/uploads\/2013\/10\/PRADA-A-LACETS_05-4.jpg?resize=300%2C300&amp;ssl=1 300w, https:\/\/i0.wp.com\/www.joyana.fr\/wp-content\/uploads\/2013\/10\/PRADA-A-LACETS_05-4.jpg?resize=100%2C100&amp;ssl=1 100w, https:\/\/i0.wp.com\/www.joyana.fr\/wp-content\/uploads\/2013\/10\/PRADA-A-LACETS_05-4.jpg?zoom=3&amp;resize=150%2C150&amp;ssl=1 450w\" sizes=\"(max-width: 150px) 100vw, 150px\" data-attachment-id=\"6576\" data-permalink=\"https:\/\/www.joyana.fr\/en\/derby-a-lacets-prada\/6572\/prada-a-lacets_05-4\/\" data-orig-file=\"https:\/\/i0.wp.com\/www.joyana.fr\/wp-content\/uploads\/2013\/10\/PRADA-A-LACETS_05-4.jpg?fit=650%2C447&amp;ssl=1\" data-orig-size=\"650,447\" data-comments-opened=\"1\" data-image-meta=\"{&quot;aperture&quot;:&quot;0&quot;,&quot;credit&quot;:&quot;&quot;,&quot;camera&quot;:&quot;&quot;,&quot;caption&quot;:&quot;&quot;,&quot;created_timestamp&quot;:&quot;0&quot;,&quot;copyright&quot;:&quot;&quot;,&quot;focal_length&quot;:&quot;0&quot;,&quot;iso&quot;:&quot;0&quot;,&quot;shutter_speed&quot;:&quot;0&quot;,&quot;title&quot;:&quot;&quot;,&quot;orientation&quot;:&quot;1&quot;}\" data-image-title=\"PRADA A LACETS_05-4\" data-image-description=\"\" data-image-caption=\"\" data-medium-file=\"https:\/\/i0.wp.com\/www.joyana.fr\/wp-content\/uploads\/2013\/10\/PRADA-A-LACETS_05-4.jpg?fit=389%2C268&amp;ssl=1\" data-large-file=\"https:\/\/i0.wp.com\/www.joyana.fr\/wp-content\/uploads\/2013\/10\/PRADA-A-LACETS_05-4.jpg?fit=650%2C447&amp;ssl=1\" \/><\/a>\r\n\t\t\t<\/div><\/figure><figure class='gallery-item'>\r\n\t\t\t<div class='gallery-icon landscape'>\r\n\t\t\t\t<a href=\"https:\/\/i0.wp.com\/www.joyana.fr\/wp-content\/uploads\/2013\/10\/PRADA-A-LACETS_543.jpg?ssl=1\"><img loading=\"lazy\" decoding=\"async\" width=\"150\" height=\"150\" src=\"https:\/\/i0.wp.com\/www.joyana.fr\/wp-content\/uploads\/2013\/10\/PRADA-A-LACETS_543.jpg?resize=150%2C150&amp;ssl=1\" class=\"attachment-thumbnail size-thumbnail\" alt=\"\" srcset=\"https:\/\/i0.wp.com\/www.joyana.fr\/wp-content\/uploads\/2013\/10\/PRADA-A-LACETS_543.jpg?w=650&amp;ssl=1 650w, https:\/\/i0.wp.com\/www.joyana.fr\/wp-content\/uploads\/2013\/10\/PRADA-A-LACETS_543.jpg?resize=300%2C300&amp;ssl=1 300w, https:\/\/i0.wp.com\/www.joyana.fr\/wp-content\/uploads\/2013\/10\/PRADA-A-LACETS_543.jpg?resize=100%2C100&amp;ssl=1 100w, https:\/\/i0.wp.com\/www.joyana.fr\/wp-content\/uploads\/2013\/10\/PRADA-A-LACETS_543.jpg?resize=600%2C600&amp;ssl=1 600w\" sizes=\"(max-width: 150px) 100vw, 150px\" data-attachment-id=\"6573\" data-permalink=\"https:\/\/www.joyana.fr\/en\/derby-a-lacets-prada\/6572\/prada-a-lacets_543\/\" data-orig-file=\"https:\/\/i0.wp.com\/www.joyana.fr\/wp-content\/uploads\/2013\/10\/PRADA-A-LACETS_543.jpg?fit=650%2C650&amp;ssl=1\" data-orig-size=\"650,650\" data-comments-opened=\"1\" data-image-meta=\"{&quot;aperture&quot;:&quot;0&quot;,&quot;credit&quot;:&quot;&quot;,&quot;camera&quot;:&quot;&quot;,&quot;caption&quot;:&quot;&quot;,&quot;created_timestamp&quot;:&quot;0&quot;,&quot;copyright&quot;:&quot;&quot;,&quot;focal_length&quot;:&quot;0&quot;,&quot;iso&quot;:&quot;0&quot;,&quot;shutter_speed&quot;:&quot;0&quot;,&quot;title&quot;:&quot;&quot;,&quot;orientation&quot;:&quot;1&quot;}\" data-image-title=\"Derby \u00e0 Lacets PRADA\" data-image-description=\"&lt;p&gt;Derby \u00e0 Lacets PRADA&lt;\/p&gt;\n\" data-image-caption=\"\" data-medium-file=\"https:\/\/i0.wp.com\/www.joyana.fr\/wp-content\/uploads\/2013\/10\/PRADA-A-LACETS_543.jpg?fit=389%2C389&amp;ssl=1\" data-large-file=\"https:\/\/i0.wp.com\/www.joyana.fr\/wp-content\/uploads\/2013\/10\/PRADA-A-LACETS_543.jpg?fit=650%2C650&amp;ssl=1\" \/><\/a>\r\n\t\t\t<\/div><\/figure><\/div>\n\n<p><a href=\"https:\/\/i0.wp.com\/joyana.fr\/wp-content\/uploads\/2013\/10\/PRADA-A-LACETS_543.jpg?ssl=1\"><img data-recalc-dims=\"1\" loading=\"lazy\" decoding=\"async\" data-attachment-id=\"6573\" data-permalink=\"https:\/\/www.joyana.fr\/en\/derby-a-lacets-prada\/6572\/prada-a-lacets_543\/\" data-orig-file=\"https:\/\/i0.wp.com\/www.joyana.fr\/wp-content\/uploads\/2013\/10\/PRADA-A-LACETS_543.jpg?fit=650%2C650&amp;ssl=1\" data-orig-size=\"650,650\" data-comments-opened=\"1\" data-image-meta=\"{&quot;aperture&quot;:&quot;0&quot;,&quot;credit&quot;:&quot;&quot;,&quot;camera&quot;:&quot;&quot;,&quot;caption&quot;:&quot;&quot;,&quot;created_timestamp&quot;:&quot;0&quot;,&quot;copyright&quot;:&quot;&quot;,&quot;focal_length&quot;:&quot;0&quot;,&quot;iso&quot;:&quot;0&quot;,&quot;shutter_speed&quot;:&quot;0&quot;,&quot;title&quot;:&quot;&quot;,&quot;orientation&quot;:&quot;1&quot;}\" data-image-title=\"Derby \u00e0 Lacets PRADA\" data-image-description=\"&lt;p&gt;Derby \u00e0 Lacets PRADA&lt;\/p&gt;\n\" data-image-caption=\"\" data-medium-file=\"https:\/\/i0.wp.com\/www.joyana.fr\/wp-content\/uploads\/2013\/10\/PRADA-A-LACETS_543.jpg?fit=389%2C389&amp;ssl=1\" data-large-file=\"https:\/\/i0.wp.com\/www.joyana.fr\/wp-content\/uploads\/2013\/10\/PRADA-A-LACETS_543.jpg?fit=650%2C650&amp;ssl=1\" class=\"alignnone size-full wp-image-6573\" alt=\"Derby \u00e0 Lacets PRADA\" src=\"https:\/\/i0.wp.com\/joyana.fr\/wp-content\/uploads\/2013\/10\/PRADA-A-LACETS_543.jpg?resize=650%2C650&#038;ssl=1\" width=\"650\" height=\"650\" srcset=\"https:\/\/i0.wp.com\/www.joyana.fr\/wp-content\/uploads\/2013\/10\/PRADA-A-LACETS_543.jpg?w=650&amp;ssl=1 650w, https:\/\/i0.wp.com\/www.joyana.fr\/wp-content\/uploads\/2013\/10\/PRADA-A-LACETS_543.jpg?resize=300%2C300&amp;ssl=1 300w, https:\/\/i0.wp.com\/www.joyana.fr\/wp-content\/uploads\/2013\/10\/PRADA-A-LACETS_543.jpg?resize=100%2C100&amp;ssl=1 100w, https:\/\/i0.wp.com\/www.joyana.fr\/wp-content\/uploads\/2013\/10\/PRADA-A-LACETS_543.jpg?resize=600%2C600&amp;ssl=1 600w\" sizes=\"(max-width: 650px) 100vw, 650px\" \/><\/a><\/p>\n<p style=\"text-align: center;\">590\u20ac chez <a href=\"http:\/\/store.prada.com\/fr\/FR\/man\/footwear\/lace-ups\/2EE098_P39_F0005\" target=\"_blank\">PRADA<\/a><\/p>\n<p style=\"text-align: center;\"><span style=\"color: #ffffff;\">.<\/span><\/p>\n<p style=\"text-align: left;\"><a href=\"http:\/\/clk.tradedoubler.com\/click?p=217372&amp;a=2128477&amp;g=20302468\" target=\"_blank\"><img data-recalc-dims=\"1\" loading=\"lazy\" decoding=\"async\" data-attachment-id=\"6372\" data-permalink=\"https:\/\/www.joyana.fr\/en\/trousse-de-toilette-mismo-bleu-fonce-ms-carry\/6364\/pub-menlook\/\" data-orig-file=\"https:\/\/i0.wp.com\/www.joyana.fr\/wp-content\/uploads\/2013\/09\/PUB-MENLOOK.jpg?fit=650%2C120&amp;ssl=1\" data-orig-size=\"650,120\" data-comments-opened=\"1\" data-image-meta=\"{&quot;aperture&quot;:&quot;0&quot;,&quot;credit&quot;:&quot;&quot;,&quot;camera&quot;:&quot;&quot;,&quot;caption&quot;:&quot;&quot;,&quot;created_timestamp&quot;:&quot;0&quot;,&quot;copyright&quot;:&quot;&quot;,&quot;focal_length&quot;:&quot;0&quot;,&quot;iso&quot;:&quot;0&quot;,&quot;shutter_speed&quot;:&quot;0&quot;,&quot;title&quot;:&quot;&quot;,&quot;orientation&quot;:&quot;1&quot;}\" data-image-title=\"PUB MENLOOK\" data-image-description=\"&lt;p&gt;pub menlook&lt;\/p&gt;\n\" data-image-caption=\"\" data-medium-file=\"https:\/\/i0.wp.com\/www.joyana.fr\/wp-content\/uploads\/2013\/09\/PUB-MENLOOK.jpg?fit=389%2C72&amp;ssl=1\" data-large-file=\"https:\/\/i0.wp.com\/www.joyana.fr\/wp-content\/uploads\/2013\/09\/PUB-MENLOOK.jpg?fit=650%2C120&amp;ssl=1\" class=\"alignnone size-full wp-image-6372\" alt=\"PUB MENLOOK\" src=\"https:\/\/i0.wp.com\/joyana.fr\/wp-content\/uploads\/2013\/09\/PUB-MENLOOK.jpg?resize=650%2C120&#038;ssl=1\" width=\"650\" height=\"120\" srcset=\"https:\/\/i0.wp.com\/www.joyana.fr\/wp-content\/uploads\/2013\/09\/PUB-MENLOOK.jpg?w=650&amp;ssl=1 650w, https:\/\/i0.wp.com\/www.joyana.fr\/wp-content\/uploads\/2013\/09\/PUB-MENLOOK.jpg?resize=600%2C111&amp;ssl=1 600w\" sizes=\"(max-width: 650px) 100vw, 650px\" \/><\/a><\/p>\n","protected":false},"excerpt":{"rendered":"<p>Coup de coeur du soir, cette paire de derby \u00e0 lacets hybride sign\u00e9e Prada ! Une derby vernie tr\u00e8s chic qui se m\u00eale parfaitement avec une semelle tr\u00e8s street &#8211; qui me fait penser \u00e0 la Air Max 97&#8230; 590\u20ac chez PRADA .<\/p>\n","protected":false},"author":3,"featured_media":6574,"comment_status":"open","ping_status":"open","sticky":false,"template":"","format":"standard","meta":{"_coblocks_attr":"","_coblocks_dimensions":"","_coblocks_responsive_height":"","_coblocks_accordion_ie_support":"","_uag_custom_page_level_css":"","advgb_blocks_editor_width":"","advgb_blocks_columns_visual_guide":"","_genesis_hide_title":false,"_genesis_hide_breadcrumbs":false,"_genesis_hide_singular_image":false,"_genesis_hide_footer_widgets":false,"_genesis_custom_body_class":"","_genesis_custom_post_class":"","_genesis_layout":"","_themeisle_gutenberg_block_has_review":false,"_jetpack_newsletter_access":"","_jetpack_dont_email_post_to_subs":false,"_jetpack_newsletter_tier_id":0,"_jetpack_memberships_contains_paywalled_content":false,"_jetpack_memberships_contains_paid_content":false,"footnotes":""},"categories":[99],"tags":[243,425,17],"class_list":{"0":"post-6572","1":"post","2":"type-post","3":"status-publish","4":"format-standard","5":"has-post-thumbnail","7":"category-the-journal","8":"tag-derby","9":"tag-prada","10":"tag-shoes","11":"entry"},"featured_image_urls":{"full":["https:\/\/i0.wp.com\/www.joyana.fr\/wp-content\/uploads\/2013\/10\/PRADA-A-LACETS_533.jpg?fit=650%2C650&ssl=1",650,650,false],"thumbnail":["https:\/\/i0.wp.com\/www.joyana.fr\/wp-content\/uploads\/2013\/10\/PRADA-A-LACETS_533.jpg?resize=150%2C150&ssl=1",150,150,true],"medium":["https:\/\/i0.wp.com\/www.joyana.fr\/wp-content\/uploads\/2013\/10\/PRADA-A-LACETS_533.jpg?fit=389%2C389&ssl=1",389,389,true],"medium_large":["https:\/\/i0.wp.com\/www.joyana.fr\/wp-content\/uploads\/2013\/10\/PRADA-A-LACETS_533.jpg?fit=650%2C650&ssl=1",650,650,true],"large":["https:\/\/i0.wp.com\/www.joyana.fr\/wp-content\/uploads\/2013\/10\/PRADA-A-LACETS_533.jpg?fit=650%2C650&ssl=1",650,650,true],"1536x1536":["https:\/\/i0.wp.com\/www.joyana.fr\/wp-content\/uploads\/2013\/10\/PRADA-A-LACETS_533.jpg?fit=650%2C650&ssl=1",650,650,true],"2048x2048":["https:\/\/i0.wp.com\/www.joyana.fr\/wp-content\/uploads\/2013\/10\/PRADA-A-LACETS_533.jpg?fit=650%2C650&ssl=1",650,650,true],"featured-thumb":["https:\/\/i0.wp.com\/www.joyana.fr\/wp-content\/uploads\/2013\/10\/PRADA-A-LACETS_533.jpg?resize=650%2C650&ssl=1",650,650,true],"ab-block-post-grid-landscape":["https:\/\/i0.wp.com\/www.joyana.fr\/wp-content\/uploads\/2013\/10\/PRADA-A-LACETS_533.jpg?resize=600%2C400&ssl=1",600,400,true],"ab-block-post-grid-square":["https:\/\/i0.wp.com\/www.joyana.fr\/wp-content\/uploads\/2013\/10\/PRADA-A-LACETS_533.jpg?resize=600%2C600&ssl=1",600,600,true],"author-pro-image":["https:\/\/i0.wp.com\/www.joyana.fr\/wp-content\/uploads\/2013\/10\/PRADA-A-LACETS_533.jpg?resize=360%2C570&ssl=1",360,570,true],"slider":["https:\/\/i0.wp.com\/www.joyana.fr\/wp-content\/uploads\/2013\/10\/PRADA-A-LACETS_533.jpg?resize=650%2C400&ssl=1",650,400,true],"woocommerce_thumbnail":["https:\/\/i0.wp.com\/www.joyana.fr\/wp-content\/uploads\/2013\/10\/PRADA-A-LACETS_533.jpg?resize=450%2C450&ssl=1",450,450,true],"woocommerce_single":["https:\/\/i0.wp.com\/www.joyana.fr\/wp-content\/uploads\/2013\/10\/PRADA-A-LACETS_533.jpg?fit=650%2C650&ssl=1",650,650,true],"woocommerce_gallery_thumbnail":["https:\/\/i0.wp.com\/www.joyana.fr\/wp-content\/uploads\/2013\/10\/PRADA-A-LACETS_533.jpg?resize=180%2C180&ssl=1",180,180,true],"sow-carousel-default":["https:\/\/i0.wp.com\/www.joyana.fr\/wp-content\/uploads\/2013\/10\/PRADA-A-LACETS_533.jpg?resize=272%2C182&ssl=1",272,182,true]},"post_excerpt_stackable":"<p>Coup de coeur du soir, cette paire de derby \u00e0 lacets hybride sign\u00e9e Prada ! Une derby vernie tr\u00e8s chic qui se m\u00eale parfaitement avec une semelle tr\u00e8s street &#8211; qui me fait penser \u00e0 la Air Max 97&#8230; 590\u20ac chez PRADA .<\/p>\n","category_list":"<a href=\"https:\/\/www.joyana.fr\/en\/category\/the-journal\/\" rel=\"category tag\">THE JOURNAL<\/a>","author_info":{"display_name":"Jo Yana","author_link":"https:\/\/www.joyana.fr\/en\/author\/joyana\/"},"comments_num":"0 comments","featured_image_urls_v2":{"full":["https:\/\/i0.wp.com\/www.joyana.fr\/wp-content\/uploads\/2013\/10\/PRADA-A-LACETS_533.jpg?fit=650%2C650&ssl=1",650,650,false],"thumbnail":["https:\/\/i0.wp.com\/www.joyana.fr\/wp-content\/uploads\/2013\/10\/PRADA-A-LACETS_533.jpg?resize=150%2C150&ssl=1",150,150,true],"medium":["https:\/\/i0.wp.com\/www.joyana.fr\/wp-content\/uploads\/2013\/10\/PRADA-A-LACETS_533.jpg?fit=389%2C389&ssl=1",389,389,true],"medium_large":["https:\/\/i0.wp.com\/www.joyana.fr\/wp-content\/uploads\/2013\/10\/PRADA-A-LACETS_533.jpg?fit=650%2C650&ssl=1",650,650,true],"large":["https:\/\/i0.wp.com\/www.joyana.fr\/wp-content\/uploads\/2013\/10\/PRADA-A-LACETS_533.jpg?fit=650%2C650&ssl=1",650,650,true],"1536x1536":["https:\/\/i0.wp.com\/www.joyana.fr\/wp-content\/uploads\/2013\/10\/PRADA-A-LACETS_533.jpg?fit=650%2C650&ssl=1",650,650,true],"2048x2048":["https:\/\/i0.wp.com\/www.joyana.fr\/wp-content\/uploads\/2013\/10\/PRADA-A-LACETS_533.jpg?fit=650%2C650&ssl=1",650,650,true],"featured-thumb":["https:\/\/i0.wp.com\/www.joyana.fr\/wp-content\/uploads\/2013\/10\/PRADA-A-LACETS_533.jpg?resize=650%2C650&ssl=1",650,650,true],"ab-block-post-grid-landscape":["https:\/\/i0.wp.com\/www.joyana.fr\/wp-content\/uploads\/2013\/10\/PRADA-A-LACETS_533.jpg?resize=600%2C400&ssl=1",600,400,true],"ab-block-post-grid-square":["https:\/\/i0.wp.com\/www.joyana.fr\/wp-content\/uploads\/2013\/10\/PRADA-A-LACETS_533.jpg?resize=600%2C600&ssl=1",600,600,true],"author-pro-image":["https:\/\/i0.wp.com\/www.joyana.fr\/wp-content\/uploads\/2013\/10\/PRADA-A-LACETS_533.jpg?resize=360%2C570&ssl=1",360,570,true],"slider":["https:\/\/i0.wp.com\/www.joyana.fr\/wp-content\/uploads\/2013\/10\/PRADA-A-LACETS_533.jpg?resize=650%2C400&ssl=1",650,400,true],"woocommerce_thumbnail":["https:\/\/i0.wp.com\/www.joyana.fr\/wp-content\/uploads\/2013\/10\/PRADA-A-LACETS_533.jpg?resize=450%2C450&ssl=1",450,450,true],"woocommerce_single":["https:\/\/i0.wp.com\/www.joyana.fr\/wp-content\/uploads\/2013\/10\/PRADA-A-LACETS_533.jpg?fit=650%2C650&ssl=1",650,650,true],"woocommerce_gallery_thumbnail":["https:\/\/i0.wp.com\/www.joyana.fr\/wp-content\/uploads\/2013\/10\/PRADA-A-LACETS_533.jpg?resize=180%2C180&ssl=1",180,180,true],"sow-carousel-default":["https:\/\/i0.wp.com\/www.joyana.fr\/wp-content\/uploads\/2013\/10\/PRADA-A-LACETS_533.jpg?resize=272%2C182&ssl=1",272,182,true]},"post_excerpt_stackable_v2":"<p>Coup de coeur du soir, cette paire de derby \u00e0 lacets hybride sign\u00e9e Prada ! Une derby vernie tr\u00e8s chic qui se m\u00eale parfaitement avec une semelle tr\u00e8s street &#8211; qui me fait penser \u00e0 la Air Max 97&#8230; 590\u20ac chez PRADA .<\/p>\n","category_list_v2":"<a href=\"https:\/\/www.joyana.fr\/en\/category\/the-journal\/\" rel=\"category tag\">THE JOURNAL<\/a>","author_info_v2":{"name":"Jo Yana","url":"https:\/\/www.joyana.fr\/en\/author\/joyana\/"},"comments_num_v2":"0 comments","yoast_head":"<!-- This site is optimized with the Yoast SEO plugin v26.8 - https:\/\/yoast.com\/product\/yoast-seo-wordpress\/ -->\n<title>Derby \u00e0 Lacets PRADA - JO YANA<\/title>\n<meta name=\"robots\" content=\"index, follow, max-snippet:-1, max-image-preview:large, max-video-preview:-1\" \/>\n<link rel=\"canonical\" href=\"https:\/\/www.joyana.fr\/en\/derby-a-lacets-prada\/6572\/\" \/>\n<meta property=\"og:locale\" content=\"en_US\" \/>\n<meta property=\"og:locale:alternate\" content=\"fr_FR\" \/>\n<meta property=\"og:locale:alternate\" content=\"ja\" \/>\n<meta property=\"og:type\" content=\"article\" \/>\n<meta property=\"og:title\" content=\"Derby \u00e0 Lacets PRADA - JO YANA\" \/>\n<meta property=\"og:description\" content=\"Coup de coeur du soir, cette paire de derby \u00e0 lacets hybride sign\u00e9e Prada ! Une derby vernie tr\u00e8s chic qui se m\u00eale parfaitement avec une semelle tr\u00e8s street &#8211; qui me fait penser \u00e0 la Air Max 97&#8230; 590\u20ac chez PRADA .\" \/>\n<meta property=\"og:url\" content=\"https:\/\/www.joyana.fr\/en\/derby-a-lacets-prada\/6572\/\" \/>\n<meta property=\"og:site_name\" content=\"JO YANA\" \/>\n<meta property=\"article:published_time\" content=\"2013-10-04T18:33:39+00:00\" \/>\n<meta property=\"og:image\" content=\"https:\/\/www.joyana.fr\/wp-content\/uploads\/2013\/10\/PRADA-A-LACETS_533.jpg\" \/>\n\t<meta property=\"og:image:width\" content=\"650\" \/>\n\t<meta property=\"og:image:height\" content=\"650\" \/>\n\t<meta property=\"og:image:type\" content=\"image\/jpeg\" \/>\n<meta name=\"author\" content=\"Jo Yana\" \/>\n<meta name=\"twitter:card\" content=\"summary_large_image\" \/>\n<meta name=\"twitter:creator\" content=\"@Jo_Yana\" \/>\n<meta name=\"twitter:site\" content=\"@Jo_Yana\" \/>\n<meta name=\"twitter:label1\" content=\"Written by\" \/>\n\t<meta name=\"twitter:data1\" content=\"Jo Yana\" \/>\n<script type=\"application\/ld+json\" class=\"yoast-schema-graph\">{\"@context\":\"https:\/\/schema.org\",\"@graph\":[{\"@type\":\"Article\",\"@id\":\"https:\/\/www.joyana.fr\/ja\/derby-a-lacets-prada\/6572\/#article\",\"isPartOf\":{\"@id\":\"https:\/\/www.joyana.fr\/ja\/derby-a-lacets-prada\/6572\/\"},\"author\":{\"name\":\"Jo Yana\",\"@id\":\"https:\/\/www.joyana.fr\/ja\/#\/schema\/person\/cf2a1ad12a27c12c21801075bf37407c\"},\"headline\":\"Derby \u00e0 Lacets PRADA\",\"datePublished\":\"2013-10-04T18:33:39+00:00\",\"mainEntityOfPage\":{\"@id\":\"https:\/\/www.joyana.fr\/ja\/derby-a-lacets-prada\/6572\/\"},\"wordCount\":48,\"commentCount\":0,\"publisher\":{\"@id\":\"https:\/\/www.joyana.fr\/ja\/#\/schema\/person\/cf2a1ad12a27c12c21801075bf37407c\"},\"image\":{\"@id\":\"https:\/\/www.joyana.fr\/ja\/derby-a-lacets-prada\/6572\/#primaryimage\"},\"thumbnailUrl\":\"https:\/\/i0.wp.com\/www.joyana.fr\/wp-content\/uploads\/2013\/10\/PRADA-A-LACETS_533.jpg?fit=650%2C650&ssl=1\",\"keywords\":[\"Derby\",\"Prada\",\"Shoes\"],\"articleSection\":[\"THE JOURNAL\"],\"inLanguage\":\"en-US\",\"potentialAction\":[{\"@type\":\"CommentAction\",\"name\":\"Comment\",\"target\":[\"https:\/\/www.joyana.fr\/ja\/derby-a-lacets-prada\/6572\/#respond\"]}]},{\"@type\":\"WebPage\",\"@id\":\"https:\/\/www.joyana.fr\/ja\/derby-a-lacets-prada\/6572\/\",\"url\":\"https:\/\/www.joyana.fr\/ja\/derby-a-lacets-prada\/6572\/\",\"name\":\"Derby \u00e0 Lacets PRADA - JO YANA\",\"isPartOf\":{\"@id\":\"https:\/\/www.joyana.fr\/ja\/#website\"},\"primaryImageOfPage\":{\"@id\":\"https:\/\/www.joyana.fr\/ja\/derby-a-lacets-prada\/6572\/#primaryimage\"},\"image\":{\"@id\":\"https:\/\/www.joyana.fr\/ja\/derby-a-lacets-prada\/6572\/#primaryimage\"},\"thumbnailUrl\":\"https:\/\/i0.wp.com\/www.joyana.fr\/wp-content\/uploads\/2013\/10\/PRADA-A-LACETS_533.jpg?fit=650%2C650&ssl=1\",\"datePublished\":\"2013-10-04T18:33:39+00:00\",\"breadcrumb\":{\"@id\":\"https:\/\/www.joyana.fr\/ja\/derby-a-lacets-prada\/6572\/#breadcrumb\"},\"inLanguage\":\"en-US\",\"potentialAction\":[{\"@type\":\"ReadAction\",\"target\":[\"https:\/\/www.joyana.fr\/ja\/derby-a-lacets-prada\/6572\/\"]}]},{\"@type\":\"ImageObject\",\"inLanguage\":\"en-US\",\"@id\":\"https:\/\/www.joyana.fr\/ja\/derby-a-lacets-prada\/6572\/#primaryimage\",\"url\":\"https:\/\/i0.wp.com\/www.joyana.fr\/wp-content\/uploads\/2013\/10\/PRADA-A-LACETS_533.jpg?fit=650%2C650&ssl=1\",\"contentUrl\":\"https:\/\/i0.wp.com\/www.joyana.fr\/wp-content\/uploads\/2013\/10\/PRADA-A-LACETS_533.jpg?fit=650%2C650&ssl=1\",\"width\":650,\"height\":650},{\"@type\":\"BreadcrumbList\",\"@id\":\"https:\/\/www.joyana.fr\/ja\/derby-a-lacets-prada\/6572\/#breadcrumb\",\"itemListElement\":[{\"@type\":\"ListItem\",\"position\":1,\"name\":\"Accueil\",\"item\":\"https:\/\/www.joyana.fr\/ja\/\"},{\"@type\":\"ListItem\",\"position\":2,\"name\":\"Derby \u00e0 Lacets PRADA\"}]},{\"@type\":\"WebSite\",\"@id\":\"https:\/\/www.joyana.fr\/ja\/#website\",\"url\":\"https:\/\/www.joyana.fr\/ja\/\",\"name\":\"JO YANA\",\"description\":\"Blog Mode Homme, Lifestyle, D\u00e9co-Design\",\"publisher\":{\"@id\":\"https:\/\/www.joyana.fr\/ja\/#\/schema\/person\/cf2a1ad12a27c12c21801075bf37407c\"},\"potentialAction\":[{\"@type\":\"SearchAction\",\"target\":{\"@type\":\"EntryPoint\",\"urlTemplate\":\"https:\/\/www.joyana.fr\/ja\/?s={search_term_string}\"},\"query-input\":{\"@type\":\"PropertyValueSpecification\",\"valueRequired\":true,\"valueName\":\"search_term_string\"}}],\"inLanguage\":\"en-US\"},{\"@type\":[\"Person\",\"Organization\"],\"@id\":\"https:\/\/www.joyana.fr\/ja\/#\/schema\/person\/cf2a1ad12a27c12c21801075bf37407c\",\"name\":\"Jo Yana\",\"image\":{\"@type\":\"ImageObject\",\"inLanguage\":\"en-US\",\"@id\":\"https:\/\/www.joyana.fr\/ja\/#\/schema\/person\/image\/\",\"url\":\"https:\/\/i0.wp.com\/www.joyana.fr\/wp-content\/uploads\/2016\/08\/cropped-joyana-logo-black-360x180.png?fit=343%2C164&ssl=1\",\"contentUrl\":\"https:\/\/i0.wp.com\/www.joyana.fr\/wp-content\/uploads\/2016\/08\/cropped-joyana-logo-black-360x180.png?fit=343%2C164&ssl=1\",\"width\":343,\"height\":164,\"caption\":\"Jo Yana\"},\"logo\":{\"@id\":\"https:\/\/www.joyana.fr\/ja\/#\/schema\/person\/image\/\"},\"description\":\"Jo Yana est le cr\u00e9ateur et r\u00e9dacteur en chef des sites DECO-DESIGN. Passionn\u00e9 de Design, Mode, Photo, Luxe, Lifestyle, Musique, mais avant tout Blogueur ! Le plaisir de partager l'anime et a comme devise \\\"POUR L'AMOUR DU BEAU\\\". Retrouvez le aussi sur son blog personnel - https:\/\/joyana.fr...\",\"sameAs\":[\"https:\/\/joyana.fr\/\"],\"url\":\"https:\/\/www.joyana.fr\/en\/author\/joyana\/\"}]}<\/script>\n<!-- \/ Yoast SEO plugin. -->","yoast_head_json":{"title":"Derby \u00e0 Lacets PRADA - JO YANA","robots":{"index":"index","follow":"follow","max-snippet":"max-snippet:-1","max-image-preview":"max-image-preview:large","max-video-preview":"max-video-preview:-1"},"canonical":"https:\/\/www.joyana.fr\/en\/derby-a-lacets-prada\/6572\/","og_locale":"en_US","og_type":"article","og_title":"Derby \u00e0 Lacets PRADA - JO YANA","og_description":"Coup de coeur du soir, cette paire de derby \u00e0 lacets hybride sign\u00e9e Prada ! Une derby vernie tr\u00e8s chic qui se m\u00eale parfaitement avec une semelle tr\u00e8s street &#8211; qui me fait penser \u00e0 la Air Max 97&#8230; 590\u20ac chez PRADA .","og_url":"https:\/\/www.joyana.fr\/en\/derby-a-lacets-prada\/6572\/","og_site_name":"JO YANA","article_published_time":"2013-10-04T18:33:39+00:00","og_image":[{"width":650,"height":650,"url":"https:\/\/www.joyana.fr\/wp-content\/uploads\/2013\/10\/PRADA-A-LACETS_533.jpg","type":"image\/jpeg"}],"author":"Jo Yana","twitter_card":"summary_large_image","twitter_creator":"@Jo_Yana","twitter_site":"@Jo_Yana","twitter_misc":{"Written by":"Jo Yana"},"schema":{"@context":"https:\/\/schema.org","@graph":[{"@type":"Article","@id":"https:\/\/www.joyana.fr\/ja\/derby-a-lacets-prada\/6572\/#article","isPartOf":{"@id":"https:\/\/www.joyana.fr\/ja\/derby-a-lacets-prada\/6572\/"},"author":{"name":"Jo Yana","@id":"https:\/\/www.joyana.fr\/ja\/#\/schema\/person\/cf2a1ad12a27c12c21801075bf37407c"},"headline":"Derby \u00e0 Lacets PRADA","datePublished":"2013-10-04T18:33:39+00:00","mainEntityOfPage":{"@id":"https:\/\/www.joyana.fr\/ja\/derby-a-lacets-prada\/6572\/"},"wordCount":48,"commentCount":0,"publisher":{"@id":"https:\/\/www.joyana.fr\/ja\/#\/schema\/person\/cf2a1ad12a27c12c21801075bf37407c"},"image":{"@id":"https:\/\/www.joyana.fr\/ja\/derby-a-lacets-prada\/6572\/#primaryimage"},"thumbnailUrl":"https:\/\/i0.wp.com\/www.joyana.fr\/wp-content\/uploads\/2013\/10\/PRADA-A-LACETS_533.jpg?fit=650%2C650&ssl=1","keywords":["Derby","Prada","Shoes"],"articleSection":["THE JOURNAL"],"inLanguage":"en-US","potentialAction":[{"@type":"CommentAction","name":"Comment","target":["https:\/\/www.joyana.fr\/ja\/derby-a-lacets-prada\/6572\/#respond"]}]},{"@type":"WebPage","@id":"https:\/\/www.joyana.fr\/ja\/derby-a-lacets-prada\/6572\/","url":"https:\/\/www.joyana.fr\/ja\/derby-a-lacets-prada\/6572\/","name":"Derby \u00e0 Lacets PRADA - JO YANA","isPartOf":{"@id":"https:\/\/www.joyana.fr\/ja\/#website"},"primaryImageOfPage":{"@id":"https:\/\/www.joyana.fr\/ja\/derby-a-lacets-prada\/6572\/#primaryimage"},"image":{"@id":"https:\/\/www.joyana.fr\/ja\/derby-a-lacets-prada\/6572\/#primaryimage"},"thumbnailUrl":"https:\/\/i0.wp.com\/www.joyana.fr\/wp-content\/uploads\/2013\/10\/PRADA-A-LACETS_533.jpg?fit=650%2C650&ssl=1","datePublished":"2013-10-04T18:33:39+00:00","breadcrumb":{"@id":"https:\/\/www.joyana.fr\/ja\/derby-a-lacets-prada\/6572\/#breadcrumb"},"inLanguage":"en-US","potentialAction":[{"@type":"ReadAction","target":["https:\/\/www.joyana.fr\/ja\/derby-a-lacets-prada\/6572\/"]}]},{"@type":"ImageObject","inLanguage":"en-US","@id":"https:\/\/www.joyana.fr\/ja\/derby-a-lacets-prada\/6572\/#primaryimage","url":"https:\/\/i0.wp.com\/www.joyana.fr\/wp-content\/uploads\/2013\/10\/PRADA-A-LACETS_533.jpg?fit=650%2C650&ssl=1","contentUrl":"https:\/\/i0.wp.com\/www.joyana.fr\/wp-content\/uploads\/2013\/10\/PRADA-A-LACETS_533.jpg?fit=650%2C650&ssl=1","width":650,"height":650},{"@type":"BreadcrumbList","@id":"https:\/\/www.joyana.fr\/ja\/derby-a-lacets-prada\/6572\/#breadcrumb","itemListElement":[{"@type":"ListItem","position":1,"name":"Accueil","item":"https:\/\/www.joyana.fr\/ja\/"},{"@type":"ListItem","position":2,"name":"Derby \u00e0 Lacets PRADA"}]},{"@type":"WebSite","@id":"https:\/\/www.joyana.fr\/ja\/#website","url":"https:\/\/www.joyana.fr\/ja\/","name":"JO YANA","description":"Blog Mode Homme, Lifestyle, D\u00e9co-Design","publisher":{"@id":"https:\/\/www.joyana.fr\/ja\/#\/schema\/person\/cf2a1ad12a27c12c21801075bf37407c"},"potentialAction":[{"@type":"SearchAction","target":{"@type":"EntryPoint","urlTemplate":"https:\/\/www.joyana.fr\/ja\/?s={search_term_string}"},"query-input":{"@type":"PropertyValueSpecification","valueRequired":true,"valueName":"search_term_string"}}],"inLanguage":"en-US"},{"@type":["Person","Organization"],"@id":"https:\/\/www.joyana.fr\/ja\/#\/schema\/person\/cf2a1ad12a27c12c21801075bf37407c","name":"Jo Yana","image":{"@type":"ImageObject","inLanguage":"en-US","@id":"https:\/\/www.joyana.fr\/ja\/#\/schema\/person\/image\/","url":"https:\/\/i0.wp.com\/www.joyana.fr\/wp-content\/uploads\/2016\/08\/cropped-joyana-logo-black-360x180.png?fit=343%2C164&ssl=1","contentUrl":"https:\/\/i0.wp.com\/www.joyana.fr\/wp-content\/uploads\/2016\/08\/cropped-joyana-logo-black-360x180.png?fit=343%2C164&ssl=1","width":343,"height":164,"caption":"Jo Yana"},"logo":{"@id":"https:\/\/www.joyana.fr\/ja\/#\/schema\/person\/image\/"},"description":"Jo Yana est le cr\u00e9ateur et r\u00e9dacteur en chef des sites DECO-DESIGN. Passionn\u00e9 de Design, Mode, Photo, Luxe, Lifestyle, Musique, mais avant tout Blogueur ! Le plaisir de partager l'anime et a comme devise \"POUR L'AMOUR DU BEAU\". Retrouvez le aussi sur son blog personnel - https:\/\/joyana.fr...","sameAs":["https:\/\/joyana.fr\/"],"url":"https:\/\/www.joyana.fr\/en\/author\/joyana\/"}]}},"author_meta":{"display_name":"Jo Yana","author_link":"https:\/\/www.joyana.fr\/en\/author\/joyana\/"},"featured_img":"https:\/\/i0.wp.com\/www.joyana.fr\/wp-content\/uploads\/2013\/10\/PRADA-A-LACETS_533.jpg?fit=389%2C389&ssl=1","featured_image_src":"https:\/\/i0.wp.com\/www.joyana.fr\/wp-content\/uploads\/2013\/10\/PRADA-A-LACETS_533.jpg?resize=600%2C400&ssl=1","featured_image_src_square":"https:\/\/i0.wp.com\/www.joyana.fr\/wp-content\/uploads\/2013\/10\/PRADA-A-LACETS_533.jpg?resize=600%2C600&ssl=1","jetpack_featured_media_url":"https:\/\/i0.wp.com\/www.joyana.fr\/wp-content\/uploads\/2013\/10\/PRADA-A-LACETS_533.jpg?fit=650%2C650&ssl=1","uagb_featured_image_src":{"full":["https:\/\/i0.wp.com\/www.joyana.fr\/wp-content\/uploads\/2013\/10\/PRADA-A-LACETS_533.jpg?fit=650%2C650&ssl=1",650,650,false],"thumbnail":["https:\/\/i0.wp.com\/www.joyana.fr\/wp-content\/uploads\/2013\/10\/PRADA-A-LACETS_533.jpg?resize=150%2C150&ssl=1",150,150,true],"medium":["https:\/\/i0.wp.com\/www.joyana.fr\/wp-content\/uploads\/2013\/10\/PRADA-A-LACETS_533.jpg?fit=389%2C389&ssl=1",389,389,true],"medium_large":["https:\/\/i0.wp.com\/www.joyana.fr\/wp-content\/uploads\/2013\/10\/PRADA-A-LACETS_533.jpg?fit=650%2C650&ssl=1",650,650,true],"large":["https:\/\/i0.wp.com\/www.joyana.fr\/wp-content\/uploads\/2013\/10\/PRADA-A-LACETS_533.jpg?fit=650%2C650&ssl=1",650,650,true],"1536x1536":["https:\/\/i0.wp.com\/www.joyana.fr\/wp-content\/uploads\/2013\/10\/PRADA-A-LACETS_533.jpg?fit=650%2C650&ssl=1",650,650,true],"2048x2048":["https:\/\/i0.wp.com\/www.joyana.fr\/wp-content\/uploads\/2013\/10\/PRADA-A-LACETS_533.jpg?fit=650%2C650&ssl=1",650,650,true],"featured-thumb":["https:\/\/i0.wp.com\/www.joyana.fr\/wp-content\/uploads\/2013\/10\/PRADA-A-LACETS_533.jpg?resize=650%2C650&ssl=1",650,650,true],"ab-block-post-grid-landscape":["https:\/\/i0.wp.com\/www.joyana.fr\/wp-content\/uploads\/2013\/10\/PRADA-A-LACETS_533.jpg?resize=600%2C400&ssl=1",600,400,true],"ab-block-post-grid-square":["https:\/\/i0.wp.com\/www.joyana.fr\/wp-content\/uploads\/2013\/10\/PRADA-A-LACETS_533.jpg?resize=600%2C600&ssl=1",600,600,true],"author-pro-image":["https:\/\/i0.wp.com\/www.joyana.fr\/wp-content\/uploads\/2013\/10\/PRADA-A-LACETS_533.jpg?resize=360%2C570&ssl=1",360,570,true],"slider":["https:\/\/i0.wp.com\/www.joyana.fr\/wp-content\/uploads\/2013\/10\/PRADA-A-LACETS_533.jpg?resize=650%2C400&ssl=1",650,400,true],"woocommerce_thumbnail":["https:\/\/i0.wp.com\/www.joyana.fr\/wp-content\/uploads\/2013\/10\/PRADA-A-LACETS_533.jpg?resize=450%2C450&ssl=1",450,450,true],"woocommerce_single":["https:\/\/i0.wp.com\/www.joyana.fr\/wp-content\/uploads\/2013\/10\/PRADA-A-LACETS_533.jpg?fit=650%2C650&ssl=1",650,650,true],"woocommerce_gallery_thumbnail":["https:\/\/i0.wp.com\/www.joyana.fr\/wp-content\/uploads\/2013\/10\/PRADA-A-LACETS_533.jpg?resize=180%2C180&ssl=1",180,180,true],"sow-carousel-default":["https:\/\/i0.wp.com\/www.joyana.fr\/wp-content\/uploads\/2013\/10\/PRADA-A-LACETS_533.jpg?resize=272%2C182&ssl=1",272,182,true]},"uagb_author_info":{"display_name":"Jo Yana","author_link":"https:\/\/www.joyana.fr\/en\/author\/joyana\/"},"uagb_comment_info":0,"uagb_excerpt":"Coup de coeur du soir, cette paire de derby \u00e0 lacets hybride sign\u00e9e Prada ! Une derby vernie tr\u00e8s chic qui se m\u00eale parfaitement avec une semelle tr\u00e8s street &#8211; qui me fait penser \u00e0 la Air Max 97&#8230; 590\u20ac chez PRADA .","coauthors":[],"tax_additional":{"categories":{"linked":["<a href=\"https:\/\/www.joyana.fr\/en\/category\/the-journal\/\" class=\"advgb-post-tax-term\">THE JOURNAL<\/a>"],"unlinked":["<span class=\"advgb-post-tax-term\">THE JOURNAL<\/span>"]},"tags":{"linked":["<a href=\"https:\/\/www.joyana.fr\/en\/category\/the-journal\/\" class=\"advgb-post-tax-term\">Derby<\/a>","<a href=\"https:\/\/www.joyana.fr\/en\/category\/the-journal\/\" class=\"advgb-post-tax-term\">Prada<\/a>","<a href=\"https:\/\/www.joyana.fr\/en\/category\/the-journal\/\" class=\"advgb-post-tax-term\">Shoes<\/a>"],"unlinked":["<span class=\"advgb-post-tax-term\">Derby<\/span>","<span class=\"advgb-post-tax-term\">Prada<\/span>","<span class=\"advgb-post-tax-term\">Shoes<\/span>"]}},"comment_count":0,"relative_dates":{"created":"Posted 13 years ago","modified":"Updated 13 years ago"},"absolute_dates":{"created":"Posted on 4 October 2013","modified":"Updated on 4 October 2013"},"absolute_dates_time":{"created":"Posted on 4 October 2013 20:33","modified":"Updated on 4 October 2013 20:33"},"featured_img_caption":"","series_order":"","jetpack_sharing_enabled":true,"jetpack_shortlink":"https:\/\/wp.me\/p9bteI-1I0","jetpack-related-posts":[],"_links":{"self":[{"href":"https:\/\/www.joyana.fr\/en\/wp-json\/wp\/v2\/posts\/6572","targetHints":{"allow":["GET"]}}],"collection":[{"href":"https:\/\/www.joyana.fr\/en\/wp-json\/wp\/v2\/posts"}],"about":[{"href":"https:\/\/www.joyana.fr\/en\/wp-json\/wp\/v2\/types\/post"}],"author":[{"embeddable":true,"href":"https:\/\/www.joyana.fr\/en\/wp-json\/wp\/v2\/users\/3"}],"replies":[{"embeddable":true,"href":"https:\/\/www.joyana.fr\/en\/wp-json\/wp\/v2\/comments?post=6572"}],"version-history":[{"count":0,"href":"https:\/\/www.joyana.fr\/en\/wp-json\/wp\/v2\/posts\/6572\/revisions"}],"wp:featuredmedia":[{"embeddable":true,"href":"https:\/\/www.joyana.fr\/en\/wp-json\/wp\/v2\/media\/6574"}],"wp:attachment":[{"href":"https:\/\/www.joyana.fr\/en\/wp-json\/wp\/v2\/media?parent=6572"}],"wp:term":[{"taxonomy":"category","embeddable":true,"href":"https:\/\/www.joyana.fr\/en\/wp-json\/wp\/v2\/categories?post=6572"},{"taxonomy":"post_tag","embeddable":true,"href":"https:\/\/www.joyana.fr\/en\/wp-json\/wp\/v2\/tags?post=6572"}],"curies":[{"name":"wp","href":"https:\/\/api.w.org\/{rel}","templated":true}]}}