{"id":5743,"date":"2013-06-28T08:16:25","date_gmt":"2013-06-28T06:16:25","guid":{"rendered":"https:\/\/joyana.fr\/?p=5743"},"modified":"2013-06-28T08:16:25","modified_gmt":"2013-06-28T06:16:25","slug":"belt-52-la-ceinture-francaise-tressee","status":"publish","type":"post","link":"https:\/\/www.joyana.fr\/en\/belt-52-la-ceinture-francaise-tressee\/5743\/","title":{"rendered":"BELT 52 &#8211; La Ceinture fran\u00e7aise tress\u00e9e"},"content":{"rendered":"<p><img data-recalc-dims=\"1\" fetchpriority=\"high\" decoding=\"async\" data-attachment-id=\"5746\" data-permalink=\"https:\/\/www.joyana.fr\/en\/belt-52-la-ceinture-francaise-tressee\/5743\/belt-52-ceinture-tressee-rouge-elastique-b52\/\" data-orig-file=\"https:\/\/i0.wp.com\/www.joyana.fr\/wp-content\/uploads\/2013\/06\/belt-52-ceinture-tressee-rouge-elastique-b52.jpg?fit=1280%2C1000&amp;ssl=1\" data-orig-size=\"1280,1000\" data-comments-opened=\"1\" data-image-meta=\"{&quot;aperture&quot;:&quot;0&quot;,&quot;credit&quot;:&quot;&quot;,&quot;camera&quot;:&quot;&quot;,&quot;caption&quot;:&quot;&quot;,&quot;created_timestamp&quot;:&quot;0&quot;,&quot;copyright&quot;:&quot;&quot;,&quot;focal_length&quot;:&quot;0&quot;,&quot;iso&quot;:&quot;0&quot;,&quot;shutter_speed&quot;:&quot;0&quot;,&quot;title&quot;:&quot;&quot;,&quot;orientation&quot;:&quot;0&quot;}\" data-image-title=\"BELT 52 &#8211; La Ceinture fran\u00e7aise tress\u00e9e \" data-image-description=\"&lt;p&gt;BELT 52 &#8211; La Ceinture fran\u00e7aise tress\u00e9e &lt;\/p&gt;\n\" data-image-caption=\"\" data-medium-file=\"https:\/\/i0.wp.com\/www.joyana.fr\/wp-content\/uploads\/2013\/06\/belt-52-ceinture-tressee-rouge-elastique-b52.jpg?fit=389%2C304&amp;ssl=1\" data-large-file=\"https:\/\/i0.wp.com\/www.joyana.fr\/wp-content\/uploads\/2013\/06\/belt-52-ceinture-tressee-rouge-elastique-b52.jpg?fit=1024%2C800&amp;ssl=1\" class=\"alignnone size-large wp-image-5746\" alt=\"BELT 52 - La Ceinture fran\u00e7aise tress\u00e9e \" src=\"https:\/\/i0.wp.com\/joyana.fr\/wp-content\/uploads\/2013\/06\/belt-52-ceinture-tressee-rouge-elastique-b52-650x507.jpg?resize=650%2C507&#038;ssl=1\" width=\"650\" height=\"507\" \/><\/p>\n<p>Chauvin dans l&#8217;\u00e2me j&#8217;aime le <strong>made in France<\/strong>, et je ne peux que me r\u00e9jouir lorsque <strong>BELT 52<\/strong> me contacte pour me pr\u00e9senter leurs ceintures tress\u00e9es, tr\u00e8s color\u00e9es, dont les finitions exemplaires sont sign\u00e9es par les fabricants qui font les plus grands : Lacoste ou Hackett pour les tresses, Vuitton et Herm\u00e8s pour le cuir&#8230;<\/p>\n<p><!--more--><\/p>\n<p>Il ne vous reste plus qu&#8217;\u00e0 attendre mes looks d&#8217;\u00e9t\u00e9, pour d\u00e9couvrir les couleurs que j&#8217;ai choisi&#8230;<\/p>\n<div data-carousel-extra='{\"blog_id\":1,\"permalink\":\"https:\\\/\\\/www.joyana.fr\\\/en\\\/belt-52-la-ceinture-francaise-tressee\\\/5743\\\/\"}' id='gallery-1' class='gallery galleryid-5743 gallery-columns-4 gallery-size-thumbnail'><figure class='gallery-item'>\r\n\t\t\t<div class='gallery-icon landscape'>\r\n\t\t\t\t<a href=\"https:\/\/i0.wp.com\/www.joyana.fr\/wp-content\/uploads\/2013\/06\/BELT-52-ceinture-tressee-rouge-beige-bleue-elastique-b52.jpg?ssl=1\"><img decoding=\"async\" width=\"150\" height=\"150\" src=\"https:\/\/i0.wp.com\/www.joyana.fr\/wp-content\/uploads\/2013\/06\/BELT-52-ceinture-tressee-rouge-beige-bleue-elastique-b52.jpg?resize=150%2C150&amp;ssl=1\" class=\"attachment-thumbnail size-thumbnail\" alt=\"\" srcset=\"https:\/\/i0.wp.com\/www.joyana.fr\/wp-content\/uploads\/2013\/06\/BELT-52-ceinture-tressee-rouge-beige-bleue-elastique-b52.jpg?resize=300%2C300&amp;ssl=1 300w, https:\/\/i0.wp.com\/www.joyana.fr\/wp-content\/uploads\/2013\/06\/BELT-52-ceinture-tressee-rouge-beige-bleue-elastique-b52.jpg?resize=100%2C100&amp;ssl=1 100w, https:\/\/i0.wp.com\/www.joyana.fr\/wp-content\/uploads\/2013\/06\/BELT-52-ceinture-tressee-rouge-beige-bleue-elastique-b52.jpg?zoom=3&amp;resize=150%2C150&amp;ssl=1 450w\" sizes=\"(max-width: 150px) 100vw, 150px\" data-attachment-id=\"5745\" data-permalink=\"https:\/\/www.joyana.fr\/en\/belt-52-la-ceinture-francaise-tressee\/5743\/belt-52-ceinture-tressee-rouge-beige-bleue-elastique-b52\/\" data-orig-file=\"https:\/\/i0.wp.com\/www.joyana.fr\/wp-content\/uploads\/2013\/06\/BELT-52-ceinture-tressee-rouge-beige-bleue-elastique-b52.jpg?fit=1280%2C1000&amp;ssl=1\" data-orig-size=\"1280,1000\" data-comments-opened=\"1\" data-image-meta=\"{&quot;aperture&quot;:&quot;0&quot;,&quot;credit&quot;:&quot;&quot;,&quot;camera&quot;:&quot;&quot;,&quot;caption&quot;:&quot;&quot;,&quot;created_timestamp&quot;:&quot;0&quot;,&quot;copyright&quot;:&quot;&quot;,&quot;focal_length&quot;:&quot;0&quot;,&quot;iso&quot;:&quot;0&quot;,&quot;shutter_speed&quot;:&quot;0&quot;,&quot;title&quot;:&quot;&quot;,&quot;orientation&quot;:&quot;0&quot;}\" data-image-title=\"BELT 52 ceinture-tressee-rouge-beige-bleue-elastique-b52\" data-image-description=\"\" data-image-caption=\"\" data-medium-file=\"https:\/\/i0.wp.com\/www.joyana.fr\/wp-content\/uploads\/2013\/06\/BELT-52-ceinture-tressee-rouge-beige-bleue-elastique-b52.jpg?fit=389%2C304&amp;ssl=1\" data-large-file=\"https:\/\/i0.wp.com\/www.joyana.fr\/wp-content\/uploads\/2013\/06\/BELT-52-ceinture-tressee-rouge-beige-bleue-elastique-b52.jpg?fit=1024%2C800&amp;ssl=1\" \/><\/a>\r\n\t\t\t<\/div><\/figure><figure class='gallery-item'>\r\n\t\t\t<div class='gallery-icon landscape'>\r\n\t\t\t\t<a href=\"https:\/\/i0.wp.com\/www.joyana.fr\/wp-content\/uploads\/2013\/06\/BELT-52-ceinture-tressee-blanche-marine-rouge-elastique-b52.jpg?ssl=1\"><img decoding=\"async\" width=\"150\" height=\"150\" src=\"https:\/\/i0.wp.com\/www.joyana.fr\/wp-content\/uploads\/2013\/06\/BELT-52-ceinture-tressee-blanche-marine-rouge-elastique-b52.jpg?resize=150%2C150&amp;ssl=1\" class=\"attachment-thumbnail size-thumbnail\" alt=\"\" srcset=\"https:\/\/i0.wp.com\/www.joyana.fr\/wp-content\/uploads\/2013\/06\/BELT-52-ceinture-tressee-blanche-marine-rouge-elastique-b52.jpg?resize=300%2C300&amp;ssl=1 300w, https:\/\/i0.wp.com\/www.joyana.fr\/wp-content\/uploads\/2013\/06\/BELT-52-ceinture-tressee-blanche-marine-rouge-elastique-b52.jpg?resize=100%2C100&amp;ssl=1 100w, https:\/\/i0.wp.com\/www.joyana.fr\/wp-content\/uploads\/2013\/06\/BELT-52-ceinture-tressee-blanche-marine-rouge-elastique-b52.jpg?zoom=3&amp;resize=150%2C150&amp;ssl=1 450w\" sizes=\"(max-width: 150px) 100vw, 150px\" data-attachment-id=\"5744\" data-permalink=\"https:\/\/www.joyana.fr\/en\/belt-52-la-ceinture-francaise-tressee\/5743\/belt-52-ceinture-tressee-blanche-marine-rouge-elastique-b52\/\" data-orig-file=\"https:\/\/i0.wp.com\/www.joyana.fr\/wp-content\/uploads\/2013\/06\/BELT-52-ceinture-tressee-blanche-marine-rouge-elastique-b52.jpg?fit=1280%2C1000&amp;ssl=1\" data-orig-size=\"1280,1000\" data-comments-opened=\"1\" data-image-meta=\"{&quot;aperture&quot;:&quot;0&quot;,&quot;credit&quot;:&quot;&quot;,&quot;camera&quot;:&quot;&quot;,&quot;caption&quot;:&quot;&quot;,&quot;created_timestamp&quot;:&quot;0&quot;,&quot;copyright&quot;:&quot;&quot;,&quot;focal_length&quot;:&quot;0&quot;,&quot;iso&quot;:&quot;0&quot;,&quot;shutter_speed&quot;:&quot;0&quot;,&quot;title&quot;:&quot;&quot;,&quot;orientation&quot;:&quot;0&quot;}\" data-image-title=\"BELT 52 ceinture-tressee-blanche-marine-rouge-elastique-b52\" data-image-description=\"\" data-image-caption=\"\" data-medium-file=\"https:\/\/i0.wp.com\/www.joyana.fr\/wp-content\/uploads\/2013\/06\/BELT-52-ceinture-tressee-blanche-marine-rouge-elastique-b52.jpg?fit=389%2C304&amp;ssl=1\" data-large-file=\"https:\/\/i0.wp.com\/www.joyana.fr\/wp-content\/uploads\/2013\/06\/BELT-52-ceinture-tressee-blanche-marine-rouge-elastique-b52.jpg?fit=1024%2C800&amp;ssl=1\" \/><\/a>\r\n\t\t\t<\/div><\/figure><figure class='gallery-item'>\r\n\t\t\t<div class='gallery-icon landscape'>\r\n\t\t\t\t<a href=\"https:\/\/i0.wp.com\/www.joyana.fr\/wp-content\/uploads\/2013\/06\/BELT-52-IMG_7761.jpg?ssl=1\"><img loading=\"lazy\" decoding=\"async\" width=\"150\" height=\"150\" src=\"https:\/\/i0.wp.com\/www.joyana.fr\/wp-content\/uploads\/2013\/06\/BELT-52-IMG_7761.jpg?resize=150%2C150&amp;ssl=1\" class=\"attachment-thumbnail size-thumbnail\" alt=\"\" srcset=\"https:\/\/i0.wp.com\/www.joyana.fr\/wp-content\/uploads\/2013\/06\/BELT-52-IMG_7761.jpg?resize=300%2C300&amp;ssl=1 300w, https:\/\/i0.wp.com\/www.joyana.fr\/wp-content\/uploads\/2013\/06\/BELT-52-IMG_7761.jpg?resize=100%2C100&amp;ssl=1 100w, https:\/\/i0.wp.com\/www.joyana.fr\/wp-content\/uploads\/2013\/06\/BELT-52-IMG_7761.jpg?zoom=3&amp;resize=150%2C150&amp;ssl=1 450w\" sizes=\"(max-width: 150px) 100vw, 150px\" data-attachment-id=\"5748\" data-permalink=\"https:\/\/www.joyana.fr\/en\/belt-52-la-ceinture-francaise-tressee\/5743\/belt-52-img_7761\/\" data-orig-file=\"https:\/\/i0.wp.com\/www.joyana.fr\/wp-content\/uploads\/2013\/06\/BELT-52-IMG_7761.jpg?fit=650%2C433&amp;ssl=1\" data-orig-size=\"650,433\" data-comments-opened=\"1\" data-image-meta=\"{&quot;aperture&quot;:&quot;0&quot;,&quot;credit&quot;:&quot;&quot;,&quot;camera&quot;:&quot;&quot;,&quot;caption&quot;:&quot;&quot;,&quot;created_timestamp&quot;:&quot;0&quot;,&quot;copyright&quot;:&quot;&quot;,&quot;focal_length&quot;:&quot;0&quot;,&quot;iso&quot;:&quot;0&quot;,&quot;shutter_speed&quot;:&quot;0&quot;,&quot;title&quot;:&quot;&quot;,&quot;orientation&quot;:&quot;0&quot;}\" data-image-title=\"BELT-52-IMG_7761\" data-image-description=\"\" data-image-caption=\"\" data-medium-file=\"https:\/\/i0.wp.com\/www.joyana.fr\/wp-content\/uploads\/2013\/06\/BELT-52-IMG_7761.jpg?fit=389%2C259&amp;ssl=1\" data-large-file=\"https:\/\/i0.wp.com\/www.joyana.fr\/wp-content\/uploads\/2013\/06\/BELT-52-IMG_7761.jpg?fit=650%2C433&amp;ssl=1\" \/><\/a>\r\n\t\t\t<\/div><\/figure><figure class='gallery-item'>\r\n\t\t\t<div class='gallery-icon landscape'>\r\n\t\t\t\t<a href=\"https:\/\/i0.wp.com\/www.joyana.fr\/wp-content\/uploads\/2013\/06\/BELT-52-ceinture-tressee-vert-pomme-elastique-b52.jpg?ssl=1\"><img loading=\"lazy\" decoding=\"async\" width=\"150\" height=\"150\" src=\"https:\/\/i0.wp.com\/www.joyana.fr\/wp-content\/uploads\/2013\/06\/BELT-52-ceinture-tressee-vert-pomme-elastique-b52.jpg?resize=150%2C150&amp;ssl=1\" class=\"attachment-thumbnail size-thumbnail\" alt=\"\" srcset=\"https:\/\/i0.wp.com\/www.joyana.fr\/wp-content\/uploads\/2013\/06\/BELT-52-ceinture-tressee-vert-pomme-elastique-b52.jpg?resize=300%2C300&amp;ssl=1 300w, https:\/\/i0.wp.com\/www.joyana.fr\/wp-content\/uploads\/2013\/06\/BELT-52-ceinture-tressee-vert-pomme-elastique-b52.jpg?resize=100%2C100&amp;ssl=1 100w, https:\/\/i0.wp.com\/www.joyana.fr\/wp-content\/uploads\/2013\/06\/BELT-52-ceinture-tressee-vert-pomme-elastique-b52.jpg?zoom=3&amp;resize=150%2C150&amp;ssl=1 450w\" sizes=\"(max-width: 150px) 100vw, 150px\" data-attachment-id=\"5747\" data-permalink=\"https:\/\/www.joyana.fr\/en\/belt-52-la-ceinture-francaise-tressee\/5743\/belt-52-ceinture-tressee-vert-pomme-elastique-b52\/\" data-orig-file=\"https:\/\/i0.wp.com\/www.joyana.fr\/wp-content\/uploads\/2013\/06\/BELT-52-ceinture-tressee-vert-pomme-elastique-b52.jpg?fit=1280%2C1000&amp;ssl=1\" data-orig-size=\"1280,1000\" data-comments-opened=\"1\" data-image-meta=\"{&quot;aperture&quot;:&quot;0&quot;,&quot;credit&quot;:&quot;&quot;,&quot;camera&quot;:&quot;&quot;,&quot;caption&quot;:&quot;&quot;,&quot;created_timestamp&quot;:&quot;0&quot;,&quot;copyright&quot;:&quot;&quot;,&quot;focal_length&quot;:&quot;0&quot;,&quot;iso&quot;:&quot;0&quot;,&quot;shutter_speed&quot;:&quot;0&quot;,&quot;title&quot;:&quot;&quot;,&quot;orientation&quot;:&quot;0&quot;}\" data-image-title=\"BELT 52 ceinture-tressee-vert-pomme-elastique-b52\" data-image-description=\"\" data-image-caption=\"\" data-medium-file=\"https:\/\/i0.wp.com\/www.joyana.fr\/wp-content\/uploads\/2013\/06\/BELT-52-ceinture-tressee-vert-pomme-elastique-b52.jpg?fit=389%2C304&amp;ssl=1\" data-large-file=\"https:\/\/i0.wp.com\/www.joyana.fr\/wp-content\/uploads\/2013\/06\/BELT-52-ceinture-tressee-vert-pomme-elastique-b52.jpg?fit=1024%2C800&amp;ssl=1\" \/><\/a>\r\n\t\t\t<\/div><\/figure><\/div>\n\n<p style=\"text-align: center;\">En savoir + sur <a title=\"BELT 52\" href=\"http:\/\/www.belt52.com\/fr\/\" target=\"_blank\">BELT 52<\/a><\/p>\n","protected":false},"excerpt":{"rendered":"<p>Chauvin dans l&#8217;\u00e2me j&#8217;aime le made in France, et je ne peux que me r\u00e9jouir lorsque BELT 52 me contacte pour me pr\u00e9senter leurs ceintures tress\u00e9es, tr\u00e8s color\u00e9es, dont les finitions exemplaires sont sign\u00e9es par les fabricants qui font les plus grands : Lacoste ou Hackett pour les tresses, Vuitton et Herm\u00e8s pour le cuir&#8230;<\/p>\n","protected":false},"author":3,"featured_media":5746,"comment_status":"open","ping_status":"open","sticky":false,"template":"","format":"standard","meta":{"_coblocks_attr":"","_coblocks_dimensions":"","_coblocks_responsive_height":"","_coblocks_accordion_ie_support":"","_uag_custom_page_level_css":"","advgb_blocks_editor_width":"","advgb_blocks_columns_visual_guide":"","_genesis_hide_title":false,"_genesis_hide_breadcrumbs":false,"_genesis_hide_singular_image":false,"_genesis_hide_footer_widgets":false,"_genesis_custom_body_class":"","_genesis_custom_post_class":"","_genesis_layout":"","_themeisle_gutenberg_block_has_review":false,"_jetpack_newsletter_access":"","_jetpack_dont_email_post_to_subs":false,"_jetpack_newsletter_tier_id":0,"_jetpack_memberships_contains_paywalled_content":false,"_jetpack_memberships_contains_paid_content":false,"footnotes":""},"categories":[99],"tags":[337,111,112,338],"class_list":{"0":"post-5743","1":"post","2":"type-post","3":"status-publish","4":"format-standard","5":"has-post-thumbnail","7":"category-the-journal","8":"tag-belt-52","9":"tag-ceinture","10":"tag-cuir","11":"tag-made-in-france","12":"entry"},"featured_image_urls":{"full":["https:\/\/i0.wp.com\/www.joyana.fr\/wp-content\/uploads\/2013\/06\/belt-52-ceinture-tressee-rouge-elastique-b52.jpg?fit=1280%2C1000&ssl=1",1280,1000,false],"thumbnail":["https:\/\/i0.wp.com\/www.joyana.fr\/wp-content\/uploads\/2013\/06\/belt-52-ceinture-tressee-rouge-elastique-b52.jpg?resize=150%2C150&ssl=1",150,150,true],"medium":["https:\/\/i0.wp.com\/www.joyana.fr\/wp-content\/uploads\/2013\/06\/belt-52-ceinture-tressee-rouge-elastique-b52.jpg?fit=389%2C304&ssl=1",389,304,true],"medium_large":["https:\/\/i0.wp.com\/www.joyana.fr\/wp-content\/uploads\/2013\/06\/belt-52-ceinture-tressee-rouge-elastique-b52.jpg?fit=768%2C600&ssl=1",768,600,true],"large":["https:\/\/i0.wp.com\/www.joyana.fr\/wp-content\/uploads\/2013\/06\/belt-52-ceinture-tressee-rouge-elastique-b52.jpg?fit=1024%2C800&ssl=1",1024,800,true],"1536x1536":["https:\/\/i0.wp.com\/www.joyana.fr\/wp-content\/uploads\/2013\/06\/belt-52-ceinture-tressee-rouge-elastique-b52.jpg?fit=1280%2C1000&ssl=1",1280,1000,true],"2048x2048":["https:\/\/i0.wp.com\/www.joyana.fr\/wp-content\/uploads\/2013\/06\/belt-52-ceinture-tressee-rouge-elastique-b52.jpg?fit=1280%2C1000&ssl=1",1280,1000,true],"featured-thumb":["https:\/\/i0.wp.com\/www.joyana.fr\/wp-content\/uploads\/2013\/06\/belt-52-ceinture-tressee-rouge-elastique-b52.jpg?resize=1280%2C750&ssl=1",1280,750,true],"ab-block-post-grid-landscape":["https:\/\/i0.wp.com\/www.joyana.fr\/wp-content\/uploads\/2013\/06\/belt-52-ceinture-tressee-rouge-elastique-b52.jpg?resize=600%2C400&ssl=1",600,400,true],"ab-block-post-grid-square":["https:\/\/i0.wp.com\/www.joyana.fr\/wp-content\/uploads\/2013\/06\/belt-52-ceinture-tressee-rouge-elastique-b52.jpg?resize=600%2C600&ssl=1",600,600,true],"author-pro-image":["https:\/\/i0.wp.com\/www.joyana.fr\/wp-content\/uploads\/2013\/06\/belt-52-ceinture-tressee-rouge-elastique-b52.jpg?resize=360%2C570&ssl=1",360,570,true],"slider":["https:\/\/i0.wp.com\/www.joyana.fr\/wp-content\/uploads\/2013\/06\/belt-52-ceinture-tressee-rouge-elastique-b52.jpg?resize=920%2C400&ssl=1",920,400,true],"woocommerce_thumbnail":["https:\/\/i0.wp.com\/www.joyana.fr\/wp-content\/uploads\/2013\/06\/belt-52-ceinture-tressee-rouge-elastique-b52.jpg?resize=450%2C450&ssl=1",450,450,true],"woocommerce_single":["https:\/\/i0.wp.com\/www.joyana.fr\/wp-content\/uploads\/2013\/06\/belt-52-ceinture-tressee-rouge-elastique-b52.jpg?fit=920%2C719&ssl=1",920,719,true],"woocommerce_gallery_thumbnail":["https:\/\/i0.wp.com\/www.joyana.fr\/wp-content\/uploads\/2013\/06\/belt-52-ceinture-tressee-rouge-elastique-b52.jpg?resize=180%2C180&ssl=1",180,180,true],"sow-carousel-default":["https:\/\/i0.wp.com\/www.joyana.fr\/wp-content\/uploads\/2013\/06\/belt-52-ceinture-tressee-rouge-elastique-b52.jpg?resize=272%2C182&ssl=1",272,182,true]},"post_excerpt_stackable":"<p>Chauvin dans l&#8217;\u00e2me j&#8217;aime le made in France, et je ne peux que me r\u00e9jouir lorsque BELT 52 me contacte pour me pr\u00e9senter leurs ceintures tress\u00e9es, tr\u00e8s color\u00e9es, dont les finitions exemplaires sont sign\u00e9es par les fabricants qui font les plus grands : Lacoste ou Hackett pour les tresses, Vuitton et Herm\u00e8s pour le cuir&#8230; Il ne vous reste plus qu&#8217;\u00e0 attendre mes looks d&#8217;\u00e9t\u00e9, pour d\u00e9couvrir les couleurs que j&#8217;ai choisi&#8230; En savoir + sur BELT 52<\/p>\n","category_list":"<a href=\"https:\/\/www.joyana.fr\/en\/category\/the-journal\/\" rel=\"category tag\">THE JOURNAL<\/a>","author_info":{"display_name":"Jo Yana","author_link":"https:\/\/www.joyana.fr\/en\/author\/joyana\/"},"comments_num":"0 comments","featured_image_urls_v2":{"full":["https:\/\/i0.wp.com\/www.joyana.fr\/wp-content\/uploads\/2013\/06\/belt-52-ceinture-tressee-rouge-elastique-b52.jpg?fit=1280%2C1000&ssl=1",1280,1000,false],"thumbnail":["https:\/\/i0.wp.com\/www.joyana.fr\/wp-content\/uploads\/2013\/06\/belt-52-ceinture-tressee-rouge-elastique-b52.jpg?resize=150%2C150&ssl=1",150,150,true],"medium":["https:\/\/i0.wp.com\/www.joyana.fr\/wp-content\/uploads\/2013\/06\/belt-52-ceinture-tressee-rouge-elastique-b52.jpg?fit=389%2C304&ssl=1",389,304,true],"medium_large":["https:\/\/i0.wp.com\/www.joyana.fr\/wp-content\/uploads\/2013\/06\/belt-52-ceinture-tressee-rouge-elastique-b52.jpg?fit=768%2C600&ssl=1",768,600,true],"large":["https:\/\/i0.wp.com\/www.joyana.fr\/wp-content\/uploads\/2013\/06\/belt-52-ceinture-tressee-rouge-elastique-b52.jpg?fit=1024%2C800&ssl=1",1024,800,true],"1536x1536":["https:\/\/i0.wp.com\/www.joyana.fr\/wp-content\/uploads\/2013\/06\/belt-52-ceinture-tressee-rouge-elastique-b52.jpg?fit=1280%2C1000&ssl=1",1280,1000,true],"2048x2048":["https:\/\/i0.wp.com\/www.joyana.fr\/wp-content\/uploads\/2013\/06\/belt-52-ceinture-tressee-rouge-elastique-b52.jpg?fit=1280%2C1000&ssl=1",1280,1000,true],"featured-thumb":["https:\/\/i0.wp.com\/www.joyana.fr\/wp-content\/uploads\/2013\/06\/belt-52-ceinture-tressee-rouge-elastique-b52.jpg?resize=1280%2C750&ssl=1",1280,750,true],"ab-block-post-grid-landscape":["https:\/\/i0.wp.com\/www.joyana.fr\/wp-content\/uploads\/2013\/06\/belt-52-ceinture-tressee-rouge-elastique-b52.jpg?resize=600%2C400&ssl=1",600,400,true],"ab-block-post-grid-square":["https:\/\/i0.wp.com\/www.joyana.fr\/wp-content\/uploads\/2013\/06\/belt-52-ceinture-tressee-rouge-elastique-b52.jpg?resize=600%2C600&ssl=1",600,600,true],"author-pro-image":["https:\/\/i0.wp.com\/www.joyana.fr\/wp-content\/uploads\/2013\/06\/belt-52-ceinture-tressee-rouge-elastique-b52.jpg?resize=360%2C570&ssl=1",360,570,true],"slider":["https:\/\/i0.wp.com\/www.joyana.fr\/wp-content\/uploads\/2013\/06\/belt-52-ceinture-tressee-rouge-elastique-b52.jpg?resize=920%2C400&ssl=1",920,400,true],"woocommerce_thumbnail":["https:\/\/i0.wp.com\/www.joyana.fr\/wp-content\/uploads\/2013\/06\/belt-52-ceinture-tressee-rouge-elastique-b52.jpg?resize=450%2C450&ssl=1",450,450,true],"woocommerce_single":["https:\/\/i0.wp.com\/www.joyana.fr\/wp-content\/uploads\/2013\/06\/belt-52-ceinture-tressee-rouge-elastique-b52.jpg?fit=920%2C719&ssl=1",920,719,true],"woocommerce_gallery_thumbnail":["https:\/\/i0.wp.com\/www.joyana.fr\/wp-content\/uploads\/2013\/06\/belt-52-ceinture-tressee-rouge-elastique-b52.jpg?resize=180%2C180&ssl=1",180,180,true],"sow-carousel-default":["https:\/\/i0.wp.com\/www.joyana.fr\/wp-content\/uploads\/2013\/06\/belt-52-ceinture-tressee-rouge-elastique-b52.jpg?resize=272%2C182&ssl=1",272,182,true]},"post_excerpt_stackable_v2":"<p>Chauvin dans l&#8217;\u00e2me j&#8217;aime le made in France, et je ne peux que me r\u00e9jouir lorsque BELT 52 me contacte pour me pr\u00e9senter leurs ceintures tress\u00e9es, tr\u00e8s color\u00e9es, dont les finitions exemplaires sont sign\u00e9es par les fabricants qui font les plus grands : Lacoste ou Hackett pour les tresses, Vuitton et Herm\u00e8s pour le cuir&#8230; Il ne vous reste plus qu&#8217;\u00e0 attendre mes looks d&#8217;\u00e9t\u00e9, pour d\u00e9couvrir les couleurs que j&#8217;ai choisi&#8230; En savoir + sur BELT 52<\/p>\n","category_list_v2":"<a href=\"https:\/\/www.joyana.fr\/en\/category\/the-journal\/\" rel=\"category tag\">THE JOURNAL<\/a>","author_info_v2":{"name":"Jo Yana","url":"https:\/\/www.joyana.fr\/en\/author\/joyana\/"},"comments_num_v2":"0 comments","yoast_head":"<!-- This site is optimized with the Yoast SEO plugin v26.8 - https:\/\/yoast.com\/product\/yoast-seo-wordpress\/ -->\n<title>BELT 52 - La Ceinture fran\u00e7aise tress\u00e9e - JO YANA<\/title>\n<meta name=\"robots\" content=\"index, follow, max-snippet:-1, max-image-preview:large, max-video-preview:-1\" \/>\n<link rel=\"canonical\" href=\"https:\/\/joyana.fr\/ja\/belt-52-la-ceinture-francaise-tressee\/5743\/\" \/>\n<meta property=\"og:locale\" content=\"en_US\" \/>\n<meta property=\"og:locale:alternate\" content=\"fr_FR\" \/>\n<meta property=\"og:locale:alternate\" content=\"ja\" \/>\n<meta property=\"og:type\" content=\"article\" \/>\n<meta property=\"og:title\" content=\"BELT 52 - La Ceinture fran\u00e7aise tress\u00e9e - JO YANA\" \/>\n<meta property=\"og:description\" content=\"Chauvin dans l&#8217;\u00e2me j&#8217;aime le made in France, et je ne peux que me r\u00e9jouir lorsque BELT 52 me contacte pour me pr\u00e9senter leurs ceintures tress\u00e9es, tr\u00e8s color\u00e9es, dont les finitions exemplaires sont sign\u00e9es par les fabricants qui font les plus grands : Lacoste ou Hackett pour les tresses, Vuitton et Herm\u00e8s pour le cuir&#8230;\" \/>\n<meta property=\"og:url\" content=\"https:\/\/www.joyana.fr\/en\/belt-52-la-ceinture-francaise-tressee\/5743\/\" \/>\n<meta property=\"og:site_name\" content=\"JO YANA\" \/>\n<meta property=\"article:published_time\" content=\"2013-06-28T06:16:25+00:00\" \/>\n<meta property=\"og:image\" content=\"https:\/\/joyana.fr\/wp-content\/uploads\/2013\/06\/belt-52-ceinture-tressee-rouge-elastique-b52.jpg\" \/>\n\t<meta property=\"og:image:width\" content=\"1280\" \/>\n\t<meta property=\"og:image:height\" content=\"1000\" \/>\n\t<meta property=\"og:image:type\" content=\"image\/jpeg\" \/>\n<meta name=\"author\" content=\"Jo Yana\" \/>\n<meta name=\"twitter:card\" content=\"summary_large_image\" \/>\n<meta name=\"twitter:creator\" content=\"@Jo_Yana\" \/>\n<meta name=\"twitter:site\" content=\"@Jo_Yana\" \/>\n<meta name=\"twitter:label1\" content=\"Written by\" \/>\n\t<meta name=\"twitter:data1\" content=\"Jo Yana\" \/>\n<script type=\"application\/ld+json\" class=\"yoast-schema-graph\">{\"@context\":\"https:\/\/schema.org\",\"@graph\":[{\"@type\":\"Article\",\"@id\":\"https:\/\/joyana.fr\/ja\/belt-52-la-ceinture-francaise-tressee\/5743\/#article\",\"isPartOf\":{\"@id\":\"https:\/\/joyana.fr\/ja\/belt-52-la-ceinture-francaise-tressee\/5743\/\"},\"author\":{\"name\":\"Jo Yana\",\"@id\":\"https:\/\/joyana.fr\/#\/schema\/person\/cf2a1ad12a27c12c21801075bf37407c\"},\"headline\":\"BELT 52 &#8211; La Ceinture fran\u00e7aise tress\u00e9e\",\"datePublished\":\"2013-06-28T06:16:25+00:00\",\"mainEntityOfPage\":{\"@id\":\"https:\/\/joyana.fr\/ja\/belt-52-la-ceinture-francaise-tressee\/5743\/\"},\"wordCount\":99,\"commentCount\":0,\"publisher\":{\"@id\":\"https:\/\/joyana.fr\/#\/schema\/person\/cf2a1ad12a27c12c21801075bf37407c\"},\"image\":{\"@id\":\"https:\/\/joyana.fr\/ja\/belt-52-la-ceinture-francaise-tressee\/5743\/#primaryimage\"},\"thumbnailUrl\":\"https:\/\/i0.wp.com\/www.joyana.fr\/wp-content\/uploads\/2013\/06\/belt-52-ceinture-tressee-rouge-elastique-b52.jpg?fit=1280%2C1000&ssl=1\",\"keywords\":[\"BELT 52\",\"Ceinture\",\"Cuir\",\"Made in France\"],\"articleSection\":[\"THE JOURNAL\"],\"inLanguage\":\"en-US\",\"potentialAction\":[{\"@type\":\"CommentAction\",\"name\":\"Comment\",\"target\":[\"https:\/\/joyana.fr\/ja\/belt-52-la-ceinture-francaise-tressee\/5743\/#respond\"]}]},{\"@type\":\"WebPage\",\"@id\":\"https:\/\/joyana.fr\/ja\/belt-52-la-ceinture-francaise-tressee\/5743\/\",\"url\":\"https:\/\/joyana.fr\/ja\/belt-52-la-ceinture-francaise-tressee\/5743\/\",\"name\":\"BELT 52 - La Ceinture fran\u00e7aise tress\u00e9e - JO YANA\",\"isPartOf\":{\"@id\":\"https:\/\/joyana.fr\/#website\"},\"primaryImageOfPage\":{\"@id\":\"https:\/\/joyana.fr\/ja\/belt-52-la-ceinture-francaise-tressee\/5743\/#primaryimage\"},\"image\":{\"@id\":\"https:\/\/joyana.fr\/ja\/belt-52-la-ceinture-francaise-tressee\/5743\/#primaryimage\"},\"thumbnailUrl\":\"https:\/\/i0.wp.com\/www.joyana.fr\/wp-content\/uploads\/2013\/06\/belt-52-ceinture-tressee-rouge-elastique-b52.jpg?fit=1280%2C1000&ssl=1\",\"datePublished\":\"2013-06-28T06:16:25+00:00\",\"breadcrumb\":{\"@id\":\"https:\/\/joyana.fr\/ja\/belt-52-la-ceinture-francaise-tressee\/5743\/#breadcrumb\"},\"inLanguage\":\"en-US\",\"potentialAction\":[{\"@type\":\"ReadAction\",\"target\":[\"https:\/\/joyana.fr\/ja\/belt-52-la-ceinture-francaise-tressee\/5743\/\"]}]},{\"@type\":\"ImageObject\",\"inLanguage\":\"en-US\",\"@id\":\"https:\/\/joyana.fr\/ja\/belt-52-la-ceinture-francaise-tressee\/5743\/#primaryimage\",\"url\":\"https:\/\/i0.wp.com\/www.joyana.fr\/wp-content\/uploads\/2013\/06\/belt-52-ceinture-tressee-rouge-elastique-b52.jpg?fit=1280%2C1000&ssl=1\",\"contentUrl\":\"https:\/\/i0.wp.com\/www.joyana.fr\/wp-content\/uploads\/2013\/06\/belt-52-ceinture-tressee-rouge-elastique-b52.jpg?fit=1280%2C1000&ssl=1\",\"width\":1280,\"height\":1000},{\"@type\":\"BreadcrumbList\",\"@id\":\"https:\/\/joyana.fr\/ja\/belt-52-la-ceinture-francaise-tressee\/5743\/#breadcrumb\",\"itemListElement\":[{\"@type\":\"ListItem\",\"position\":1,\"name\":\"Accueil\",\"item\":\"https:\/\/joyana.fr\/\"},{\"@type\":\"ListItem\",\"position\":2,\"name\":\"BELT 52 &#8211; La Ceinture fran\u00e7aise tress\u00e9e\"}]},{\"@type\":\"WebSite\",\"@id\":\"https:\/\/joyana.fr\/#website\",\"url\":\"https:\/\/joyana.fr\/\",\"name\":\"JO YANA\",\"description\":\"Blog Mode Homme, Lifestyle, D\u00e9co-Design\",\"publisher\":{\"@id\":\"https:\/\/joyana.fr\/#\/schema\/person\/cf2a1ad12a27c12c21801075bf37407c\"},\"potentialAction\":[{\"@type\":\"SearchAction\",\"target\":{\"@type\":\"EntryPoint\",\"urlTemplate\":\"https:\/\/joyana.fr\/?s={search_term_string}\"},\"query-input\":{\"@type\":\"PropertyValueSpecification\",\"valueRequired\":true,\"valueName\":\"search_term_string\"}}],\"inLanguage\":\"en-US\"},{\"@type\":[\"Person\",\"Organization\"],\"@id\":\"https:\/\/joyana.fr\/#\/schema\/person\/cf2a1ad12a27c12c21801075bf37407c\",\"name\":\"Jo Yana\",\"image\":{\"@type\":\"ImageObject\",\"inLanguage\":\"en-US\",\"@id\":\"https:\/\/joyana.fr\/#\/schema\/person\/image\/\",\"url\":\"https:\/\/i0.wp.com\/www.joyana.fr\/wp-content\/uploads\/2016\/08\/cropped-joyana-logo-black-360x180.png?fit=343%2C164&ssl=1\",\"contentUrl\":\"https:\/\/i0.wp.com\/www.joyana.fr\/wp-content\/uploads\/2016\/08\/cropped-joyana-logo-black-360x180.png?fit=343%2C164&ssl=1\",\"width\":343,\"height\":164,\"caption\":\"Jo Yana\"},\"logo\":{\"@id\":\"https:\/\/joyana.fr\/#\/schema\/person\/image\/\"},\"description\":\"Jo Yana est le cr\u00e9ateur et r\u00e9dacteur en chef des sites DECO-DESIGN. Passionn\u00e9 de Design, Mode, Photo, Luxe, Lifestyle, Musique, mais avant tout Blogueur ! Le plaisir de partager l'anime et a comme devise \\\"POUR L'AMOUR DU BEAU\\\". Retrouvez le aussi sur son blog personnel - https:\/\/joyana.fr...\",\"sameAs\":[\"https:\/\/joyana.fr\/\"],\"url\":\"https:\/\/www.joyana.fr\/en\/author\/joyana\/\"}]}<\/script>\n<!-- \/ Yoast SEO plugin. -->","yoast_head_json":{"title":"BELT 52 - La Ceinture fran\u00e7aise tress\u00e9e - JO YANA","robots":{"index":"index","follow":"follow","max-snippet":"max-snippet:-1","max-image-preview":"max-image-preview:large","max-video-preview":"max-video-preview:-1"},"canonical":"https:\/\/joyana.fr\/ja\/belt-52-la-ceinture-francaise-tressee\/5743\/","og_locale":"en_US","og_type":"article","og_title":"BELT 52 - La Ceinture fran\u00e7aise tress\u00e9e - JO YANA","og_description":"Chauvin dans l&#8217;\u00e2me j&#8217;aime le made in France, et je ne peux que me r\u00e9jouir lorsque BELT 52 me contacte pour me pr\u00e9senter leurs ceintures tress\u00e9es, tr\u00e8s color\u00e9es, dont les finitions exemplaires sont sign\u00e9es par les fabricants qui font les plus grands : Lacoste ou Hackett pour les tresses, Vuitton et Herm\u00e8s pour le cuir&#8230;","og_url":"https:\/\/www.joyana.fr\/en\/belt-52-la-ceinture-francaise-tressee\/5743\/","og_site_name":"JO YANA","article_published_time":"2013-06-28T06:16:25+00:00","og_image":[{"width":1280,"height":1000,"url":"https:\/\/joyana.fr\/wp-content\/uploads\/2013\/06\/belt-52-ceinture-tressee-rouge-elastique-b52.jpg","type":"image\/jpeg"}],"author":"Jo Yana","twitter_card":"summary_large_image","twitter_creator":"@Jo_Yana","twitter_site":"@Jo_Yana","twitter_misc":{"Written by":"Jo Yana"},"schema":{"@context":"https:\/\/schema.org","@graph":[{"@type":"Article","@id":"https:\/\/joyana.fr\/ja\/belt-52-la-ceinture-francaise-tressee\/5743\/#article","isPartOf":{"@id":"https:\/\/joyana.fr\/ja\/belt-52-la-ceinture-francaise-tressee\/5743\/"},"author":{"name":"Jo Yana","@id":"https:\/\/joyana.fr\/#\/schema\/person\/cf2a1ad12a27c12c21801075bf37407c"},"headline":"BELT 52 &#8211; La Ceinture fran\u00e7aise tress\u00e9e","datePublished":"2013-06-28T06:16:25+00:00","mainEntityOfPage":{"@id":"https:\/\/joyana.fr\/ja\/belt-52-la-ceinture-francaise-tressee\/5743\/"},"wordCount":99,"commentCount":0,"publisher":{"@id":"https:\/\/joyana.fr\/#\/schema\/person\/cf2a1ad12a27c12c21801075bf37407c"},"image":{"@id":"https:\/\/joyana.fr\/ja\/belt-52-la-ceinture-francaise-tressee\/5743\/#primaryimage"},"thumbnailUrl":"https:\/\/i0.wp.com\/www.joyana.fr\/wp-content\/uploads\/2013\/06\/belt-52-ceinture-tressee-rouge-elastique-b52.jpg?fit=1280%2C1000&ssl=1","keywords":["BELT 52","Ceinture","Cuir","Made in France"],"articleSection":["THE JOURNAL"],"inLanguage":"en-US","potentialAction":[{"@type":"CommentAction","name":"Comment","target":["https:\/\/joyana.fr\/ja\/belt-52-la-ceinture-francaise-tressee\/5743\/#respond"]}]},{"@type":"WebPage","@id":"https:\/\/joyana.fr\/ja\/belt-52-la-ceinture-francaise-tressee\/5743\/","url":"https:\/\/joyana.fr\/ja\/belt-52-la-ceinture-francaise-tressee\/5743\/","name":"BELT 52 - La Ceinture fran\u00e7aise tress\u00e9e - JO YANA","isPartOf":{"@id":"https:\/\/joyana.fr\/#website"},"primaryImageOfPage":{"@id":"https:\/\/joyana.fr\/ja\/belt-52-la-ceinture-francaise-tressee\/5743\/#primaryimage"},"image":{"@id":"https:\/\/joyana.fr\/ja\/belt-52-la-ceinture-francaise-tressee\/5743\/#primaryimage"},"thumbnailUrl":"https:\/\/i0.wp.com\/www.joyana.fr\/wp-content\/uploads\/2013\/06\/belt-52-ceinture-tressee-rouge-elastique-b52.jpg?fit=1280%2C1000&ssl=1","datePublished":"2013-06-28T06:16:25+00:00","breadcrumb":{"@id":"https:\/\/joyana.fr\/ja\/belt-52-la-ceinture-francaise-tressee\/5743\/#breadcrumb"},"inLanguage":"en-US","potentialAction":[{"@type":"ReadAction","target":["https:\/\/joyana.fr\/ja\/belt-52-la-ceinture-francaise-tressee\/5743\/"]}]},{"@type":"ImageObject","inLanguage":"en-US","@id":"https:\/\/joyana.fr\/ja\/belt-52-la-ceinture-francaise-tressee\/5743\/#primaryimage","url":"https:\/\/i0.wp.com\/www.joyana.fr\/wp-content\/uploads\/2013\/06\/belt-52-ceinture-tressee-rouge-elastique-b52.jpg?fit=1280%2C1000&ssl=1","contentUrl":"https:\/\/i0.wp.com\/www.joyana.fr\/wp-content\/uploads\/2013\/06\/belt-52-ceinture-tressee-rouge-elastique-b52.jpg?fit=1280%2C1000&ssl=1","width":1280,"height":1000},{"@type":"BreadcrumbList","@id":"https:\/\/joyana.fr\/ja\/belt-52-la-ceinture-francaise-tressee\/5743\/#breadcrumb","itemListElement":[{"@type":"ListItem","position":1,"name":"Accueil","item":"https:\/\/joyana.fr\/"},{"@type":"ListItem","position":2,"name":"BELT 52 &#8211; La Ceinture fran\u00e7aise tress\u00e9e"}]},{"@type":"WebSite","@id":"https:\/\/joyana.fr\/#website","url":"https:\/\/joyana.fr\/","name":"JO YANA","description":"Blog Mode Homme, Lifestyle, D\u00e9co-Design","publisher":{"@id":"https:\/\/joyana.fr\/#\/schema\/person\/cf2a1ad12a27c12c21801075bf37407c"},"potentialAction":[{"@type":"SearchAction","target":{"@type":"EntryPoint","urlTemplate":"https:\/\/joyana.fr\/?s={search_term_string}"},"query-input":{"@type":"PropertyValueSpecification","valueRequired":true,"valueName":"search_term_string"}}],"inLanguage":"en-US"},{"@type":["Person","Organization"],"@id":"https:\/\/joyana.fr\/#\/schema\/person\/cf2a1ad12a27c12c21801075bf37407c","name":"Jo Yana","image":{"@type":"ImageObject","inLanguage":"en-US","@id":"https:\/\/joyana.fr\/#\/schema\/person\/image\/","url":"https:\/\/i0.wp.com\/www.joyana.fr\/wp-content\/uploads\/2016\/08\/cropped-joyana-logo-black-360x180.png?fit=343%2C164&ssl=1","contentUrl":"https:\/\/i0.wp.com\/www.joyana.fr\/wp-content\/uploads\/2016\/08\/cropped-joyana-logo-black-360x180.png?fit=343%2C164&ssl=1","width":343,"height":164,"caption":"Jo Yana"},"logo":{"@id":"https:\/\/joyana.fr\/#\/schema\/person\/image\/"},"description":"Jo Yana est le cr\u00e9ateur et r\u00e9dacteur en chef des sites DECO-DESIGN. Passionn\u00e9 de Design, Mode, Photo, Luxe, Lifestyle, Musique, mais avant tout Blogueur ! Le plaisir de partager l'anime et a comme devise \"POUR L'AMOUR DU BEAU\". Retrouvez le aussi sur son blog personnel - https:\/\/joyana.fr...","sameAs":["https:\/\/joyana.fr\/"],"url":"https:\/\/www.joyana.fr\/en\/author\/joyana\/"}]}},"author_meta":{"display_name":"Jo Yana","author_link":"https:\/\/www.joyana.fr\/en\/author\/joyana\/"},"featured_img":"https:\/\/i0.wp.com\/www.joyana.fr\/wp-content\/uploads\/2013\/06\/belt-52-ceinture-tressee-rouge-elastique-b52.jpg?fit=389%2C304&ssl=1","featured_image_src":"https:\/\/i0.wp.com\/www.joyana.fr\/wp-content\/uploads\/2013\/06\/belt-52-ceinture-tressee-rouge-elastique-b52.jpg?resize=600%2C400&ssl=1","featured_image_src_square":"https:\/\/i0.wp.com\/www.joyana.fr\/wp-content\/uploads\/2013\/06\/belt-52-ceinture-tressee-rouge-elastique-b52.jpg?resize=600%2C600&ssl=1","jetpack_featured_media_url":"https:\/\/i0.wp.com\/www.joyana.fr\/wp-content\/uploads\/2013\/06\/belt-52-ceinture-tressee-rouge-elastique-b52.jpg?fit=1280%2C1000&ssl=1","uagb_featured_image_src":{"full":["https:\/\/i0.wp.com\/www.joyana.fr\/wp-content\/uploads\/2013\/06\/belt-52-ceinture-tressee-rouge-elastique-b52.jpg?fit=1280%2C1000&ssl=1",1280,1000,false],"thumbnail":["https:\/\/i0.wp.com\/www.joyana.fr\/wp-content\/uploads\/2013\/06\/belt-52-ceinture-tressee-rouge-elastique-b52.jpg?resize=150%2C150&ssl=1",150,150,true],"medium":["https:\/\/i0.wp.com\/www.joyana.fr\/wp-content\/uploads\/2013\/06\/belt-52-ceinture-tressee-rouge-elastique-b52.jpg?fit=389%2C304&ssl=1",389,304,true],"medium_large":["https:\/\/i0.wp.com\/www.joyana.fr\/wp-content\/uploads\/2013\/06\/belt-52-ceinture-tressee-rouge-elastique-b52.jpg?fit=768%2C600&ssl=1",768,600,true],"large":["https:\/\/i0.wp.com\/www.joyana.fr\/wp-content\/uploads\/2013\/06\/belt-52-ceinture-tressee-rouge-elastique-b52.jpg?fit=1024%2C800&ssl=1",1024,800,true],"1536x1536":["https:\/\/i0.wp.com\/www.joyana.fr\/wp-content\/uploads\/2013\/06\/belt-52-ceinture-tressee-rouge-elastique-b52.jpg?fit=1280%2C1000&ssl=1",1280,1000,true],"2048x2048":["https:\/\/i0.wp.com\/www.joyana.fr\/wp-content\/uploads\/2013\/06\/belt-52-ceinture-tressee-rouge-elastique-b52.jpg?fit=1280%2C1000&ssl=1",1280,1000,true],"featured-thumb":["https:\/\/i0.wp.com\/www.joyana.fr\/wp-content\/uploads\/2013\/06\/belt-52-ceinture-tressee-rouge-elastique-b52.jpg?resize=1280%2C750&ssl=1",1280,750,true],"ab-block-post-grid-landscape":["https:\/\/i0.wp.com\/www.joyana.fr\/wp-content\/uploads\/2013\/06\/belt-52-ceinture-tressee-rouge-elastique-b52.jpg?resize=600%2C400&ssl=1",600,400,true],"ab-block-post-grid-square":["https:\/\/i0.wp.com\/www.joyana.fr\/wp-content\/uploads\/2013\/06\/belt-52-ceinture-tressee-rouge-elastique-b52.jpg?resize=600%2C600&ssl=1",600,600,true],"author-pro-image":["https:\/\/i0.wp.com\/www.joyana.fr\/wp-content\/uploads\/2013\/06\/belt-52-ceinture-tressee-rouge-elastique-b52.jpg?resize=360%2C570&ssl=1",360,570,true],"slider":["https:\/\/i0.wp.com\/www.joyana.fr\/wp-content\/uploads\/2013\/06\/belt-52-ceinture-tressee-rouge-elastique-b52.jpg?resize=920%2C400&ssl=1",920,400,true],"woocommerce_thumbnail":["https:\/\/i0.wp.com\/www.joyana.fr\/wp-content\/uploads\/2013\/06\/belt-52-ceinture-tressee-rouge-elastique-b52.jpg?resize=450%2C450&ssl=1",450,450,true],"woocommerce_single":["https:\/\/i0.wp.com\/www.joyana.fr\/wp-content\/uploads\/2013\/06\/belt-52-ceinture-tressee-rouge-elastique-b52.jpg?fit=920%2C719&ssl=1",920,719,true],"woocommerce_gallery_thumbnail":["https:\/\/i0.wp.com\/www.joyana.fr\/wp-content\/uploads\/2013\/06\/belt-52-ceinture-tressee-rouge-elastique-b52.jpg?resize=180%2C180&ssl=1",180,180,true],"sow-carousel-default":["https:\/\/i0.wp.com\/www.joyana.fr\/wp-content\/uploads\/2013\/06\/belt-52-ceinture-tressee-rouge-elastique-b52.jpg?resize=272%2C182&ssl=1",272,182,true]},"uagb_author_info":{"display_name":"Jo Yana","author_link":"https:\/\/www.joyana.fr\/en\/author\/joyana\/"},"uagb_comment_info":0,"uagb_excerpt":"Chauvin dans l&#8217;\u00e2me j&#8217;aime le made in France, et je ne peux que me r\u00e9jouir lorsque BELT 52 me contacte pour me pr\u00e9senter leurs ceintures tress\u00e9es, tr\u00e8s color\u00e9es, dont les finitions exemplaires sont sign\u00e9es par les fabricants qui font les plus grands : Lacoste ou Hackett pour les tresses, Vuitton et Herm\u00e8s pour le cuir&#8230;","coauthors":[],"tax_additional":{"categories":{"linked":["<a href=\"https:\/\/www.joyana.fr\/en\/category\/the-journal\/\" class=\"advgb-post-tax-term\">THE JOURNAL<\/a>"],"unlinked":["<span class=\"advgb-post-tax-term\">THE JOURNAL<\/span>"]},"tags":{"linked":["<a href=\"https:\/\/www.joyana.fr\/en\/category\/the-journal\/\" class=\"advgb-post-tax-term\">BELT 52<\/a>","<a href=\"https:\/\/www.joyana.fr\/en\/category\/the-journal\/\" class=\"advgb-post-tax-term\">Ceinture<\/a>","<a href=\"https:\/\/www.joyana.fr\/en\/category\/the-journal\/\" class=\"advgb-post-tax-term\">Cuir<\/a>","<a href=\"https:\/\/www.joyana.fr\/en\/category\/the-journal\/\" class=\"advgb-post-tax-term\">Made in France<\/a>"],"unlinked":["<span class=\"advgb-post-tax-term\">BELT 52<\/span>","<span class=\"advgb-post-tax-term\">Ceinture<\/span>","<span class=\"advgb-post-tax-term\">Cuir<\/span>","<span class=\"advgb-post-tax-term\">Made in France<\/span>"]}},"comment_count":0,"relative_dates":{"created":"Posted 13 years ago","modified":"Updated 13 years ago"},"absolute_dates":{"created":"Posted on 28 June 2013","modified":"Updated on 28 June 2013"},"absolute_dates_time":{"created":"Posted on 28 June 2013 8:16","modified":"Updated on 28 June 2013 8:16"},"featured_img_caption":"","series_order":"","jetpack_sharing_enabled":true,"jetpack_shortlink":"https:\/\/wp.me\/p9bteI-1uD","jetpack-related-posts":[],"_links":{"self":[{"href":"https:\/\/www.joyana.fr\/en\/wp-json\/wp\/v2\/posts\/5743","targetHints":{"allow":["GET"]}}],"collection":[{"href":"https:\/\/www.joyana.fr\/en\/wp-json\/wp\/v2\/posts"}],"about":[{"href":"https:\/\/www.joyana.fr\/en\/wp-json\/wp\/v2\/types\/post"}],"author":[{"embeddable":true,"href":"https:\/\/www.joyana.fr\/en\/wp-json\/wp\/v2\/users\/3"}],"replies":[{"embeddable":true,"href":"https:\/\/www.joyana.fr\/en\/wp-json\/wp\/v2\/comments?post=5743"}],"version-history":[{"count":0,"href":"https:\/\/www.joyana.fr\/en\/wp-json\/wp\/v2\/posts\/5743\/revisions"}],"wp:featuredmedia":[{"embeddable":true,"href":"https:\/\/www.joyana.fr\/en\/wp-json\/wp\/v2\/media\/5746"}],"wp:attachment":[{"href":"https:\/\/www.joyana.fr\/en\/wp-json\/wp\/v2\/media?parent=5743"}],"wp:term":[{"taxonomy":"category","embeddable":true,"href":"https:\/\/www.joyana.fr\/en\/wp-json\/wp\/v2\/categories?post=5743"},{"taxonomy":"post_tag","embeddable":true,"href":"https:\/\/www.joyana.fr\/en\/wp-json\/wp\/v2\/tags?post=5743"}],"curies":[{"name":"wp","href":"https:\/\/api.w.org\/{rel}","templated":true}]}}