{"id":132024,"date":"2019-08-28T10:49:14","date_gmt":"2019-08-28T08:49:14","guid":{"rendered":"https:\/\/joyana.fr\/ja\/?p=132024"},"modified":"2019-08-28T12:28:25","modified_gmt":"2019-08-28T10:28:25","slug":"tendances-deco-arty-chez-voltex","status":"publish","type":"post","link":"https:\/\/www.joyana.fr\/en\/tendances-deco-arty-chez-voltex\/132024\/","title":{"rendered":"Tendances D\u00e9co ARTY chez VOLTEX"},"content":{"rendered":"<p>VOLTEX c&#8217;est pour moi une enseigne embl\u00e9matique, o\u00f9 j&#8217;ai d\u00e9couvert les classiques du design dans la boutique marseillaise de la rue Paradis&#8230; Ils m&#8217;ont demand\u00e9 de faire une s\u00e9lection &#8220;Tendances D\u00e9co ARTY&#8221;, voici mes coups de coeur&#8230;<\/p><figure class=\"wp-block-image\"><img fetchpriority=\"high\" decoding=\"async\" width=\"2048\" height=\"1262\" data-attachment-id=\"132026\" data-permalink=\"https:\/\/www.joyana.fr\/en\/tendances-deco-arty-chez-voltex\/132024\/tendance-deco-arty-voltex-rangement-componibili-smile-n-1-n-1-rouge_madeindesign_284848_original\/\" data-orig-file=\"https:\/\/i0.wp.com\/www.joyana.fr\/wp-content\/uploads\/2019\/08\/tendance-deco-arty-voltex-rangement-componibili-smile-n-1-n-1-rouge_madeindesign_284848_original.jpg?fit=2048%2C1262&amp;ssl=1\" data-orig-size=\"2048,1262\" data-comments-opened=\"1\" data-image-meta=\"{&quot;aperture&quot;:&quot;0&quot;,&quot;credit&quot;:&quot;&quot;,&quot;camera&quot;:&quot;&quot;,&quot;caption&quot;:&quot;&quot;,&quot;created_timestamp&quot;:&quot;0&quot;,&quot;copyright&quot;:&quot;&quot;,&quot;focal_length&quot;:&quot;0&quot;,&quot;iso&quot;:&quot;0&quot;,&quot;shutter_speed&quot;:&quot;0&quot;,&quot;title&quot;:&quot;&quot;,&quot;orientation&quot;:&quot;0&quot;}\" data-image-title=\"\" data-image-description=\"\" data-image-caption=\"\" data-medium-file=\"https:\/\/i0.wp.com\/www.joyana.fr\/wp-content\/uploads\/2019\/08\/tendance-deco-arty-voltex-rangement-componibili-smile-n-1-n-1-rouge_madeindesign_284848_original.jpg?fit=389%2C240&amp;ssl=1\" data-large-file=\"https:\/\/i0.wp.com\/www.joyana.fr\/wp-content\/uploads\/2019\/08\/tendance-deco-arty-voltex-rangement-componibili-smile-n-1-n-1-rouge_madeindesign_284848_original.jpg?fit=1024%2C631&amp;ssl=1\" src=\"https:\/\/i2.wp.com\/joyana.fr\/wp-content\/uploads\/2019\/08\/tendance-deco-arty-voltex-rangement-componibili-smile-n-1-n-1-rouge_madeindesign_284848_original.jpg?fit=1024%2C631&#038;ssl=1\" alt=\"Tendances d\u00e9co ARTY chez VOLTEX\" class=\"wp-image-132026\" srcset=\"https:\/\/i0.wp.com\/www.joyana.fr\/wp-content\/uploads\/2019\/08\/tendance-deco-arty-voltex-rangement-componibili-smile-n-1-n-1-rouge_madeindesign_284848_original.jpg?w=2048&amp;ssl=1 2048w, https:\/\/i0.wp.com\/www.joyana.fr\/wp-content\/uploads\/2019\/08\/tendance-deco-arty-voltex-rangement-componibili-smile-n-1-n-1-rouge_madeindesign_284848_original.jpg?resize=389%2C240&amp;ssl=1 389w, https:\/\/i0.wp.com\/www.joyana.fr\/wp-content\/uploads\/2019\/08\/tendance-deco-arty-voltex-rangement-componibili-smile-n-1-n-1-rouge_madeindesign_284848_original.jpg?resize=768%2C473&amp;ssl=1 768w, https:\/\/i0.wp.com\/www.joyana.fr\/wp-content\/uploads\/2019\/08\/tendance-deco-arty-voltex-rangement-componibili-smile-n-1-n-1-rouge_madeindesign_284848_original.jpg?resize=1024%2C631&amp;ssl=1 1024w, https:\/\/i0.wp.com\/www.joyana.fr\/wp-content\/uploads\/2019\/08\/tendance-deco-arty-voltex-rangement-componibili-smile-n-1-n-1-rouge_madeindesign_284848_original.jpg?resize=2000%2C1233&amp;ssl=1 2000w, https:\/\/i0.wp.com\/www.joyana.fr\/wp-content\/uploads\/2019\/08\/tendance-deco-arty-voltex-rangement-componibili-smile-n-1-n-1-rouge_madeindesign_284848_original.jpg?resize=920%2C567&amp;ssl=1 920w\" sizes=\"(max-width: 1000px) 100vw, 1000px\" \/><figcaption>Kartell revisite le Componibili \u2013 un \u00e9l\u00e9ment de rangement pens\u00e9 par Anna Castelli Ferrieri en 1968 \u2013 avec des smileys dans l&#8217;air du temps&#8230; <br>108\u20ac chez <a href=\"https:\/\/www.voltex.fr\/componibili-smile.html?gclid=EAIaIQobChMIxpXU-JOl5AIVhIXVCh1aaA2zEAQYASABEgJ92vD_BwE\">VOLTEX<\/a><\/figcaption><\/figure><figure class=\"wp-block-image\"><img decoding=\"async\" width=\"1440\" height=\"600\" data-attachment-id=\"132027\" data-permalink=\"https:\/\/www.joyana.fr\/en\/tendances-deco-arty-chez-voltex\/132024\/tendance-deco-arty-voltex-22275768\/\" data-orig-file=\"https:\/\/i0.wp.com\/www.joyana.fr\/wp-content\/uploads\/2019\/08\/tendance-deco-arty-voltex-22275768.jpg?fit=1440%2C600&amp;ssl=1\" data-orig-size=\"1440,600\" data-comments-opened=\"1\" data-image-meta=\"{&quot;aperture&quot;:&quot;0&quot;,&quot;credit&quot;:&quot;&quot;,&quot;camera&quot;:&quot;&quot;,&quot;caption&quot;:&quot;&quot;,&quot;created_timestamp&quot;:&quot;0&quot;,&quot;copyright&quot;:&quot;&quot;,&quot;focal_length&quot;:&quot;0&quot;,&quot;iso&quot;:&quot;0&quot;,&quot;shutter_speed&quot;:&quot;0&quot;,&quot;title&quot;:&quot;&quot;,&quot;orientation&quot;:&quot;0&quot;}\" data-image-title=\"\" data-image-description=\"\" data-image-caption=\"\" data-medium-file=\"https:\/\/i0.wp.com\/www.joyana.fr\/wp-content\/uploads\/2019\/08\/tendance-deco-arty-voltex-22275768.jpg?fit=389%2C162&amp;ssl=1\" data-large-file=\"https:\/\/i0.wp.com\/www.joyana.fr\/wp-content\/uploads\/2019\/08\/tendance-deco-arty-voltex-22275768.jpg?fit=1024%2C427&amp;ssl=1\" src=\"https:\/\/i2.wp.com\/joyana.fr\/wp-content\/uploads\/2019\/08\/tendance-deco-arty-voltex-22275768.jpg?fit=1024%2C427&#038;ssl=1\" alt=\"\" class=\"wp-image-132027\" srcset=\"https:\/\/i0.wp.com\/www.joyana.fr\/wp-content\/uploads\/2019\/08\/tendance-deco-arty-voltex-22275768.jpg?w=1440&amp;ssl=1 1440w, https:\/\/i0.wp.com\/www.joyana.fr\/wp-content\/uploads\/2019\/08\/tendance-deco-arty-voltex-22275768.jpg?resize=389%2C162&amp;ssl=1 389w, https:\/\/i0.wp.com\/www.joyana.fr\/wp-content\/uploads\/2019\/08\/tendance-deco-arty-voltex-22275768.jpg?resize=768%2C320&amp;ssl=1 768w, https:\/\/i0.wp.com\/www.joyana.fr\/wp-content\/uploads\/2019\/08\/tendance-deco-arty-voltex-22275768.jpg?resize=1024%2C427&amp;ssl=1 1024w, https:\/\/i0.wp.com\/www.joyana.fr\/wp-content\/uploads\/2019\/08\/tendance-deco-arty-voltex-22275768.jpg?resize=920%2C383&amp;ssl=1 920w\" sizes=\"(max-width: 1000px) 100vw, 1000px\" \/><figcaption>Dur de choisir un mug le matin&#8230; Vous allez adorer cette tasse positive, pleine d&#8217;amour, sign\u00e9e par le designer Alexander Girard pour VITRA. <br>Il tire son inspiration de l&#8217;art populaire qu&#8217;il fait revivre dans nombreuses de ses cr\u00e9ations. Son oeuvre est domin\u00e9e par des motifs abstraits et figuratifs qui connotent un joyeux enthousiasme&#8230;<br>18\u20ac chez <a href=\"https:\/\/www.voltex.fr\/vitra-coffee-mugs-love-heart.html?gclid=EAIaIQobChMIx5L8r5Sl5AIVSfhRCh1A8wYHEAQYASABEgLfsPD_BwE\">VOLTEX<\/a><\/figcaption><\/figure><figure class=\"wp-block-image\"><img decoding=\"async\" width=\"1383\" height=\"1404\" data-attachment-id=\"132029\" data-permalink=\"https:\/\/www.joyana.fr\/en\/tendances-deco-arty-chez-voltex\/132024\/tendance-deco-arty-img_5706_copie\/\" data-orig-file=\"https:\/\/i0.wp.com\/www.joyana.fr\/wp-content\/uploads\/2019\/08\/tendance-deco-arty-img_5706_copie.jpg?fit=1383%2C1404&amp;ssl=1\" data-orig-size=\"1383,1404\" data-comments-opened=\"1\" data-image-meta=\"{&quot;aperture&quot;:&quot;0&quot;,&quot;credit&quot;:&quot;&quot;,&quot;camera&quot;:&quot;&quot;,&quot;caption&quot;:&quot;&quot;,&quot;created_timestamp&quot;:&quot;0&quot;,&quot;copyright&quot;:&quot;&quot;,&quot;focal_length&quot;:&quot;0&quot;,&quot;iso&quot;:&quot;0&quot;,&quot;shutter_speed&quot;:&quot;0&quot;,&quot;title&quot;:&quot;&quot;,&quot;orientation&quot;:&quot;0&quot;}\" data-image-title=\"\" data-image-description=\"\" data-image-caption=\"\" data-medium-file=\"https:\/\/i0.wp.com\/www.joyana.fr\/wp-content\/uploads\/2019\/08\/tendance-deco-arty-img_5706_copie.jpg?fit=383%2C389&amp;ssl=1\" data-large-file=\"https:\/\/i0.wp.com\/www.joyana.fr\/wp-content\/uploads\/2019\/08\/tendance-deco-arty-img_5706_copie.jpg?fit=1009%2C1024&amp;ssl=1\" src=\"https:\/\/i2.wp.com\/joyana.fr\/wp-content\/uploads\/2019\/08\/tendance-deco-arty-img_5706_copie.jpg?fit=1009%2C1024&#038;ssl=1\" alt=\"Tendances d\u00e9co ARTY chez VOLTEX\" class=\"wp-image-132029\" srcset=\"https:\/\/i0.wp.com\/www.joyana.fr\/wp-content\/uploads\/2019\/08\/tendance-deco-arty-img_5706_copie.jpg?w=1383&amp;ssl=1 1383w, https:\/\/i0.wp.com\/www.joyana.fr\/wp-content\/uploads\/2019\/08\/tendance-deco-arty-img_5706_copie.jpg?resize=383%2C389&amp;ssl=1 383w, https:\/\/i0.wp.com\/www.joyana.fr\/wp-content\/uploads\/2019\/08\/tendance-deco-arty-img_5706_copie.jpg?resize=768%2C780&amp;ssl=1 768w, https:\/\/i0.wp.com\/www.joyana.fr\/wp-content\/uploads\/2019\/08\/tendance-deco-arty-img_5706_copie.jpg?resize=1009%2C1024&amp;ssl=1 1009w, https:\/\/i0.wp.com\/www.joyana.fr\/wp-content\/uploads\/2019\/08\/tendance-deco-arty-img_5706_copie.jpg?resize=920%2C934&amp;ssl=1 920w\" sizes=\"(max-width: 1000px) 100vw, 1000px\" \/><figcaption>Besoin d&#8217;un joli tabouret arty, l\u2019Alpha Stool d\u00e9corera parfaitement votre int\u00e9rieur avec sa forme simple et sym\u00e9trique. SJ y r\u00e9alis\u00e9 des coulures de peinture pour la touche ART&#8230;<br>350\u20ac chez <a href=\"https:\/\/www.voltex.fr\/alpha-stool.html\">VOLTEX<\/a><\/figcaption><\/figure><figure class=\"wp-block-image\"><img data-recalc-dims=\"1\" loading=\"lazy\" decoding=\"async\" width=\"975\" height=\"813\" data-attachment-id=\"132030\" data-permalink=\"https:\/\/www.joyana.fr\/en\/tendances-deco-arty-chez-voltex\/132024\/tendance-deco-arty-voltex-the_party_1024x1024\/\" data-orig-file=\"https:\/\/i0.wp.com\/www.joyana.fr\/wp-content\/uploads\/2019\/08\/tendance-deco-arty-voltex-The_Party_1024x1024.jpg?fit=975%2C813&amp;ssl=1\" data-orig-size=\"975,813\" data-comments-opened=\"1\" data-image-meta=\"{&quot;aperture&quot;:&quot;0&quot;,&quot;credit&quot;:&quot;&quot;,&quot;camera&quot;:&quot;&quot;,&quot;caption&quot;:&quot;&quot;,&quot;created_timestamp&quot;:&quot;0&quot;,&quot;copyright&quot;:&quot;&quot;,&quot;focal_length&quot;:&quot;0&quot;,&quot;iso&quot;:&quot;0&quot;,&quot;shutter_speed&quot;:&quot;0&quot;,&quot;title&quot;:&quot;&quot;,&quot;orientation&quot;:&quot;0&quot;}\" data-image-title=\"\" data-image-description=\"\" data-image-caption=\"\" data-medium-file=\"https:\/\/i0.wp.com\/www.joyana.fr\/wp-content\/uploads\/2019\/08\/tendance-deco-arty-voltex-The_Party_1024x1024.jpg?fit=389%2C324&amp;ssl=1\" data-large-file=\"https:\/\/i0.wp.com\/www.joyana.fr\/wp-content\/uploads\/2019\/08\/tendance-deco-arty-voltex-The_Party_1024x1024.jpg?fit=975%2C813&amp;ssl=1\" src=\"https:\/\/i0.wp.com\/joyana.fr\/wp-content\/uploads\/2019\/08\/tendance-deco-arty-voltex-The_Party_1024x1024.jpg?resize=975%2C813&#038;ssl=1\" alt=\"\" class=\"wp-image-132030\" srcset=\"https:\/\/i0.wp.com\/www.joyana.fr\/wp-content\/uploads\/2019\/08\/tendance-deco-arty-voltex-The_Party_1024x1024.jpg?w=975&amp;ssl=1 975w, https:\/\/i0.wp.com\/www.joyana.fr\/wp-content\/uploads\/2019\/08\/tendance-deco-arty-voltex-The_Party_1024x1024.jpg?resize=389%2C324&amp;ssl=1 389w, https:\/\/i0.wp.com\/www.joyana.fr\/wp-content\/uploads\/2019\/08\/tendance-deco-arty-voltex-The_Party_1024x1024.jpg?resize=768%2C640&amp;ssl=1 768w, https:\/\/i0.wp.com\/www.joyana.fr\/wp-content\/uploads\/2019\/08\/tendance-deco-arty-voltex-The_Party_1024x1024.jpg?resize=920%2C767&amp;ssl=1 920w\" sizes=\"(max-width: 975px) 100vw, 975px\" \/><figcaption>J&#8217;adore ces appliques &#8220;The Party&#8221;, con\u00e7ues par Kranen\/Gille pour MOOOI, et inspir\u00e9es par un clan de personnalit\u00e9s puissantes et captivantes. Chaque face est originale, les lampes partagent la m\u00eame sensation tactile de base, une rugosit\u00e9 subtile donn\u00e9e par la finition c\u00e9ramique granulaire, mais elles sont distingu\u00e9es par leur style individuel et d\u00e9taillant&#8230;<br>446\u20ac\/pi\u00e8ce chez <a href=\"https:\/\/www.voltex.fr\/the-party.html\">VOLTEX<\/a><\/figcaption><\/figure><figure class=\"wp-block-image\"><img loading=\"lazy\" decoding=\"async\" width=\"2048\" height=\"2048\" data-attachment-id=\"132032\" data-permalink=\"https:\/\/www.joyana.fr\/en\/tendances-deco-arty-chez-voltex\/132024\/products_363831_5\/\" data-orig-file=\"https:\/\/i0.wp.com\/www.joyana.fr\/wp-content\/uploads\/2019\/08\/products_363831_5.jpg?fit=2048%2C2048&amp;ssl=1\" data-orig-size=\"2048,2048\" data-comments-opened=\"1\" data-image-meta=\"{&quot;aperture&quot;:&quot;0&quot;,&quot;credit&quot;:&quot;&quot;,&quot;camera&quot;:&quot;&quot;,&quot;caption&quot;:&quot;&quot;,&quot;created_timestamp&quot;:&quot;0&quot;,&quot;copyright&quot;:&quot;&quot;,&quot;focal_length&quot;:&quot;0&quot;,&quot;iso&quot;:&quot;0&quot;,&quot;shutter_speed&quot;:&quot;0&quot;,&quot;title&quot;:&quot;&quot;,&quot;orientation&quot;:&quot;0&quot;}\" data-image-title=\"\" data-image-description=\"\" data-image-caption=\"\" data-medium-file=\"https:\/\/i0.wp.com\/www.joyana.fr\/wp-content\/uploads\/2019\/08\/products_363831_5.jpg?fit=389%2C389&amp;ssl=1\" data-large-file=\"https:\/\/i0.wp.com\/www.joyana.fr\/wp-content\/uploads\/2019\/08\/products_363831_5.jpg?fit=1024%2C1024&amp;ssl=1\" src=\"https:\/\/i0.wp.com\/joyana.fr\/wp-content\/uploads\/2019\/08\/products_363831_5.jpg?fit=1024%2C1024&#038;ssl=1\" alt=\"\" class=\"wp-image-132032\" srcset=\"https:\/\/i0.wp.com\/www.joyana.fr\/wp-content\/uploads\/2019\/08\/products_363831_5.jpg?w=2048&amp;ssl=1 2048w, https:\/\/i0.wp.com\/www.joyana.fr\/wp-content\/uploads\/2019\/08\/products_363831_5.jpg?resize=150%2C150&amp;ssl=1 150w, https:\/\/i0.wp.com\/www.joyana.fr\/wp-content\/uploads\/2019\/08\/products_363831_5.jpg?resize=389%2C389&amp;ssl=1 389w, https:\/\/i0.wp.com\/www.joyana.fr\/wp-content\/uploads\/2019\/08\/products_363831_5.jpg?resize=768%2C768&amp;ssl=1 768w, https:\/\/i0.wp.com\/www.joyana.fr\/wp-content\/uploads\/2019\/08\/products_363831_5.jpg?resize=1024%2C1024&amp;ssl=1 1024w, https:\/\/i0.wp.com\/www.joyana.fr\/wp-content\/uploads\/2019\/08\/products_363831_5.jpg?resize=1200%2C1200&amp;ssl=1 1200w, https:\/\/i0.wp.com\/www.joyana.fr\/wp-content\/uploads\/2019\/08\/products_363831_5.jpg?resize=600%2C600&amp;ssl=1 600w, https:\/\/i0.wp.com\/www.joyana.fr\/wp-content\/uploads\/2019\/08\/products_363831_5.jpg?resize=2000%2C2000&amp;ssl=1 2000w, https:\/\/i0.wp.com\/www.joyana.fr\/wp-content\/uploads\/2019\/08\/products_363831_5.jpg?resize=450%2C450&amp;ssl=1 450w, https:\/\/i0.wp.com\/www.joyana.fr\/wp-content\/uploads\/2019\/08\/products_363831_5.jpg?resize=920%2C920&amp;ssl=1 920w, https:\/\/i0.wp.com\/www.joyana.fr\/wp-content\/uploads\/2019\/08\/products_363831_5.jpg?resize=180%2C180&amp;ssl=1 180w\" sizes=\"(max-width: 1000px) 100vw, 1000px\" \/><figcaption>Il est rare de trouver des appliques aux couleurs arty, c&#8217;est sans compter le talent du designer Karim Rashid qui signe Flex \u2013 une applique \u00e0 la forme iconique et minimaliste. En aluminium moul\u00e9 sous pression, elle affiche son caract\u00e8re comme sa sobri\u00e9t\u00e9,&nbsp;et diffuse sa lumi\u00e8re vers le haut comme vers le bas&#8230; (existe aussi en bleu ^^)<br>284\u20ac chez <a href=\"https:\/\/www.voltex.fr\/flex-applique.html?gclid=EAIaIQobChMI3bafrZal5AIVDLDtCh28QAHzEAAYASAAEgIDWfD_BwE#\">VOLTEX<\/a><\/figcaption><\/figure>","protected":false},"excerpt":{"rendered":"<p>VOLTEX c&#8217;est pour moi une enseigne embl\u00e9matique, o\u00f9 j&#8217;ai d\u00e9couvert les classiques du design dans la boutique marseillaise de la rue Paradis&#8230; Ils m&#8217;ont demand\u00e9 de faire une s\u00e9lection &#8220;Tendances D\u00e9co ARTY&#8221;, voici mes coups de coeur&#8230;<\/p>\n","protected":false},"author":3,"featured_media":132025,"comment_status":"open","ping_status":"open","sticky":false,"template":"","format":"standard","meta":{"_coblocks_attr":"","_coblocks_dimensions":"","_coblocks_responsive_height":"","_coblocks_accordion_ie_support":"","_uag_custom_page_level_css":"","advgb_blocks_editor_width":"","advgb_blocks_columns_visual_guide":"","_genesis_hide_title":false,"_genesis_hide_breadcrumbs":false,"_genesis_hide_singular_image":false,"_genesis_hide_footer_widgets":false,"_genesis_custom_body_class":"","_genesis_custom_post_class":"","_genesis_layout":"","_themeisle_gutenberg_block_has_review":false,"_jetpack_newsletter_access":"","_jetpack_dont_email_post_to_subs":false,"_jetpack_newsletter_tier_id":0,"_jetpack_memberships_contains_paywalled_content":false,"_jetpack_memberships_contains_paid_content":false,"footnotes":""},"categories":[905,99],"tags":[630,78,2555],"class_list":{"0":"post-132024","1":"post","2":"type-post","3":"status-publish","4":"format-standard","5":"has-post-thumbnail","7":"category-deco-design","8":"category-the-journal","9":"tag-arty","10":"tag-design","11":"tag-tendances-design","12":"entry"},"featured_image_urls":{"full":["https:\/\/i0.wp.com\/www.joyana.fr\/wp-content\/uploads\/2019\/08\/maxresdefault.jpg?fit=1280%2C720&ssl=1",1280,720,false],"thumbnail":["https:\/\/i0.wp.com\/www.joyana.fr\/wp-content\/uploads\/2019\/08\/maxresdefault.jpg?resize=150%2C150&ssl=1",150,150,true],"medium":["https:\/\/i0.wp.com\/www.joyana.fr\/wp-content\/uploads\/2019\/08\/maxresdefault.jpg?fit=389%2C219&ssl=1",389,219,true],"medium_large":["https:\/\/i0.wp.com\/www.joyana.fr\/wp-content\/uploads\/2019\/08\/maxresdefault.jpg?fit=768%2C432&ssl=1",768,432,true],"large":["https:\/\/i0.wp.com\/www.joyana.fr\/wp-content\/uploads\/2019\/08\/maxresdefault.jpg?fit=1024%2C576&ssl=1",1024,576,true],"1536x1536":["https:\/\/i0.wp.com\/www.joyana.fr\/wp-content\/uploads\/2019\/08\/maxresdefault.jpg?fit=1280%2C720&ssl=1",1280,720,true],"2048x2048":["https:\/\/i0.wp.com\/www.joyana.fr\/wp-content\/uploads\/2019\/08\/maxresdefault.jpg?fit=1280%2C720&ssl=1",1280,720,true],"featured-thumb":["https:\/\/i0.wp.com\/www.joyana.fr\/wp-content\/uploads\/2019\/08\/maxresdefault.jpg?resize=1280%2C720&ssl=1",1280,720,true],"ab-block-post-grid-landscape":["https:\/\/i0.wp.com\/www.joyana.fr\/wp-content\/uploads\/2019\/08\/maxresdefault.jpg?resize=600%2C400&ssl=1",600,400,true],"ab-block-post-grid-square":["https:\/\/i0.wp.com\/www.joyana.fr\/wp-content\/uploads\/2019\/08\/maxresdefault.jpg?resize=600%2C600&ssl=1",600,600,true],"author-pro-image":["https:\/\/i0.wp.com\/www.joyana.fr\/wp-content\/uploads\/2019\/08\/maxresdefault.jpg?resize=360%2C570&ssl=1",360,570,true],"slider":["https:\/\/i0.wp.com\/www.joyana.fr\/wp-content\/uploads\/2019\/08\/maxresdefault.jpg?resize=920%2C400&ssl=1",920,400,true],"woocommerce_thumbnail":["https:\/\/i0.wp.com\/www.joyana.fr\/wp-content\/uploads\/2019\/08\/maxresdefault.jpg?resize=450%2C450&ssl=1",450,450,true],"woocommerce_single":["https:\/\/i0.wp.com\/www.joyana.fr\/wp-content\/uploads\/2019\/08\/maxresdefault.jpg?fit=920%2C518&ssl=1",920,518,true],"woocommerce_gallery_thumbnail":["https:\/\/i0.wp.com\/www.joyana.fr\/wp-content\/uploads\/2019\/08\/maxresdefault.jpg?resize=180%2C180&ssl=1",180,180,true],"sow-carousel-default":["https:\/\/i0.wp.com\/www.joyana.fr\/wp-content\/uploads\/2019\/08\/maxresdefault.jpg?resize=272%2C182&ssl=1",272,182,true]},"post_excerpt_stackable":"<p>VOLTEX c&#8217;est pour moi une enseigne embl\u00e9matique, o\u00f9 j&#8217;ai d\u00e9couvert les classiques du design dans la boutique marseillaise de la rue Paradis&#8230; Ils m&#8217;ont demand\u00e9 de faire une s\u00e9lection &#8220;Tendances D\u00e9co ARTY&#8221;, voici mes coups de coeur&#8230;Kartell revisite le Componibili \u2013 un \u00e9l\u00e9ment de rangement pens\u00e9 par Anna Castelli Ferrieri en 1968 \u2013 avec des smileys dans l&#8217;air du temps&#8230; 108\u20ac chez VOLTEXDur de choisir un mug le matin&#8230; Vous allez adorer cette tasse positive, pleine d&#8217;amour, sign\u00e9e par le designer Alexander Girard pour VITRA. Il tire son inspiration de l&#8217;art populaire qu&#8217;il fait revivre dans nombreuses de ses cr\u00e9ations.&hellip;<\/p>\n","category_list":"<a href=\"https:\/\/www.joyana.fr\/en\/category\/deco-design\/\" rel=\"category tag\">DECO-DESIGN<\/a>, <a href=\"https:\/\/www.joyana.fr\/en\/category\/the-journal\/\" rel=\"category tag\">THE JOURNAL<\/a>","author_info":{"display_name":"Jo Yana","author_link":"https:\/\/www.joyana.fr\/en\/author\/joyana\/"},"comments_num":"0 comments","featured_image_urls_v2":{"full":["https:\/\/i0.wp.com\/www.joyana.fr\/wp-content\/uploads\/2019\/08\/maxresdefault.jpg?fit=1280%2C720&ssl=1",1280,720,false],"thumbnail":["https:\/\/i0.wp.com\/www.joyana.fr\/wp-content\/uploads\/2019\/08\/maxresdefault.jpg?resize=150%2C150&ssl=1",150,150,true],"medium":["https:\/\/i0.wp.com\/www.joyana.fr\/wp-content\/uploads\/2019\/08\/maxresdefault.jpg?fit=389%2C219&ssl=1",389,219,true],"medium_large":["https:\/\/i0.wp.com\/www.joyana.fr\/wp-content\/uploads\/2019\/08\/maxresdefault.jpg?fit=768%2C432&ssl=1",768,432,true],"large":["https:\/\/i0.wp.com\/www.joyana.fr\/wp-content\/uploads\/2019\/08\/maxresdefault.jpg?fit=1024%2C576&ssl=1",1024,576,true],"1536x1536":["https:\/\/i0.wp.com\/www.joyana.fr\/wp-content\/uploads\/2019\/08\/maxresdefault.jpg?fit=1280%2C720&ssl=1",1280,720,true],"2048x2048":["https:\/\/i0.wp.com\/www.joyana.fr\/wp-content\/uploads\/2019\/08\/maxresdefault.jpg?fit=1280%2C720&ssl=1",1280,720,true],"featured-thumb":["https:\/\/i0.wp.com\/www.joyana.fr\/wp-content\/uploads\/2019\/08\/maxresdefault.jpg?resize=1280%2C720&ssl=1",1280,720,true],"ab-block-post-grid-landscape":["https:\/\/i0.wp.com\/www.joyana.fr\/wp-content\/uploads\/2019\/08\/maxresdefault.jpg?resize=600%2C400&ssl=1",600,400,true],"ab-block-post-grid-square":["https:\/\/i0.wp.com\/www.joyana.fr\/wp-content\/uploads\/2019\/08\/maxresdefault.jpg?resize=600%2C600&ssl=1",600,600,true],"author-pro-image":["https:\/\/i0.wp.com\/www.joyana.fr\/wp-content\/uploads\/2019\/08\/maxresdefault.jpg?resize=360%2C570&ssl=1",360,570,true],"slider":["https:\/\/i0.wp.com\/www.joyana.fr\/wp-content\/uploads\/2019\/08\/maxresdefault.jpg?resize=920%2C400&ssl=1",920,400,true],"woocommerce_thumbnail":["https:\/\/i0.wp.com\/www.joyana.fr\/wp-content\/uploads\/2019\/08\/maxresdefault.jpg?resize=450%2C450&ssl=1",450,450,true],"woocommerce_single":["https:\/\/i0.wp.com\/www.joyana.fr\/wp-content\/uploads\/2019\/08\/maxresdefault.jpg?fit=920%2C518&ssl=1",920,518,true],"woocommerce_gallery_thumbnail":["https:\/\/i0.wp.com\/www.joyana.fr\/wp-content\/uploads\/2019\/08\/maxresdefault.jpg?resize=180%2C180&ssl=1",180,180,true],"sow-carousel-default":["https:\/\/i0.wp.com\/www.joyana.fr\/wp-content\/uploads\/2019\/08\/maxresdefault.jpg?resize=272%2C182&ssl=1",272,182,true]},"post_excerpt_stackable_v2":"<p>VOLTEX c&#8217;est pour moi une enseigne embl\u00e9matique, o\u00f9 j&#8217;ai d\u00e9couvert les classiques du design dans la boutique marseillaise de la rue Paradis&#8230; Ils m&#8217;ont demand\u00e9 de faire une s\u00e9lection &#8220;Tendances D\u00e9co ARTY&#8221;, voici mes coups de coeur&#8230;Kartell revisite le Componibili \u2013 un \u00e9l\u00e9ment de rangement pens\u00e9 par Anna Castelli Ferrieri en 1968 \u2013 avec des smileys dans l&#8217;air du temps&#8230; 108\u20ac chez VOLTEXDur de choisir un mug le matin&#8230; Vous allez adorer cette tasse positive, pleine d&#8217;amour, sign\u00e9e par le designer Alexander Girard pour VITRA. Il tire son inspiration de l&#8217;art populaire qu&#8217;il fait revivre dans nombreuses de ses cr\u00e9ations.&hellip;<\/p>\n","category_list_v2":"<a href=\"https:\/\/www.joyana.fr\/en\/category\/deco-design\/\" rel=\"category tag\">DECO-DESIGN<\/a>, <a href=\"https:\/\/www.joyana.fr\/en\/category\/the-journal\/\" rel=\"category tag\">THE JOURNAL<\/a>","author_info_v2":{"name":"Jo Yana","url":"https:\/\/www.joyana.fr\/en\/author\/joyana\/"},"comments_num_v2":"0 comments","yoast_head":"<!-- This site is optimized with the Yoast SEO plugin v26.8 - https:\/\/yoast.com\/product\/yoast-seo-wordpress\/ -->\n<title>Tendances D\u00e9co ARTY chez VOLTEX - JO YANA<\/title>\n<meta name=\"robots\" content=\"index, follow, max-snippet:-1, max-image-preview:large, max-video-preview:-1\" \/>\n<link rel=\"canonical\" href=\"https:\/\/www.joyana.fr\/en\/tendances-deco-arty-chez-voltex\/132024\/\" \/>\n<meta property=\"og:locale\" content=\"en_US\" \/>\n<meta property=\"og:locale:alternate\" content=\"fr_FR\" \/>\n<meta property=\"og:locale:alternate\" content=\"ja\" \/>\n<meta property=\"og:type\" content=\"article\" \/>\n<meta property=\"og:title\" content=\"Tendances D\u00e9co ARTY chez VOLTEX\" \/>\n<meta property=\"og:description\" content=\"VOLTEX c&#8217;est pour moi une enseigne embl\u00e9matique, o\u00f9 j&#8217;ai d\u00e9couvert les classiques du design dans la boutique marseillaise de la rue Paradis&#8230; Ils m&#8217;ont demand\u00e9 de faire une s\u00e9lection &#8220;Tendances D\u00e9co ARTY&#8221;, voici mes coups de coeur&#8230;\" \/>\n<meta property=\"og:url\" content=\"https:\/\/www.joyana.fr\/en\/tendances-deco-arty-chez-voltex\/132024\/\" \/>\n<meta property=\"og:site_name\" content=\"JO YANA\" \/>\n<meta property=\"article:published_time\" content=\"2019-08-28T08:49:14+00:00\" \/>\n<meta property=\"article:modified_time\" content=\"2019-08-28T10:28:25+00:00\" \/>\n<meta property=\"og:image\" content=\"https:\/\/i0.wp.com\/www.joyana.fr\/wp-content\/uploads\/2019\/08\/maxresdefault.jpg?fit=1280%2C720&ssl=1\" \/>\n\t<meta property=\"og:image:width\" content=\"1280\" \/>\n\t<meta property=\"og:image:height\" content=\"720\" \/>\n\t<meta property=\"og:image:type\" content=\"image\/jpeg\" \/>\n<meta name=\"author\" content=\"Jo Yana\" \/>\n<meta name=\"twitter:card\" content=\"summary_large_image\" \/>\n<meta name=\"twitter:creator\" content=\"@Jo_Yana\" \/>\n<meta name=\"twitter:site\" content=\"@Jo_Yana\" \/>\n<meta name=\"twitter:label1\" content=\"Written by\" \/>\n\t<meta name=\"twitter:data1\" content=\"Jo Yana\" \/>\n\t<meta name=\"twitter:label2\" content=\"Est. reading time\" \/>\n\t<meta name=\"twitter:data2\" content=\"1 minute\" \/>\n<script type=\"application\/ld+json\" class=\"yoast-schema-graph\">{\"@context\":\"https:\/\/schema.org\",\"@graph\":[{\"@type\":\"Article\",\"@id\":\"https:\/\/www.joyana.fr\/en\/tendances-deco-arty-chez-voltex\/132024\/#article\",\"isPartOf\":{\"@id\":\"https:\/\/www.joyana.fr\/en\/tendances-deco-arty-chez-voltex\/132024\/\"},\"author\":{\"name\":\"Jo Yana\",\"@id\":\"https:\/\/www.joyana.fr\/#\/schema\/person\/cf2a1ad12a27c12c21801075bf37407c\"},\"headline\":\"Tendances D\u00e9co ARTY chez VOLTEX\",\"datePublished\":\"2019-08-28T08:49:14+00:00\",\"dateModified\":\"2019-08-28T10:28:25+00:00\",\"mainEntityOfPage\":{\"@id\":\"https:\/\/www.joyana.fr\/en\/tendances-deco-arty-chez-voltex\/132024\/\"},\"wordCount\":303,\"commentCount\":0,\"publisher\":{\"@id\":\"https:\/\/www.joyana.fr\/#\/schema\/person\/cf2a1ad12a27c12c21801075bf37407c\"},\"image\":{\"@id\":\"https:\/\/www.joyana.fr\/en\/tendances-deco-arty-chez-voltex\/132024\/#primaryimage\"},\"thumbnailUrl\":\"https:\/\/i0.wp.com\/www.joyana.fr\/wp-content\/uploads\/2019\/08\/maxresdefault.jpg?fit=1280%2C720&ssl=1\",\"keywords\":[\"Arty\",\"DESIGN\",\"Tendances Design\"],\"articleSection\":[\"DECO-DESIGN\",\"THE JOURNAL\"],\"inLanguage\":\"en-US\",\"potentialAction\":[{\"@type\":\"CommentAction\",\"name\":\"Comment\",\"target\":[\"https:\/\/www.joyana.fr\/en\/tendances-deco-arty-chez-voltex\/132024\/#respond\"]}]},{\"@type\":\"WebPage\",\"@id\":\"https:\/\/www.joyana.fr\/en\/tendances-deco-arty-chez-voltex\/132024\/\",\"url\":\"https:\/\/www.joyana.fr\/en\/tendances-deco-arty-chez-voltex\/132024\/\",\"name\":\"Tendances D\u00e9co ARTY chez VOLTEX\",\"isPartOf\":{\"@id\":\"https:\/\/www.joyana.fr\/#website\"},\"primaryImageOfPage\":{\"@id\":\"https:\/\/www.joyana.fr\/en\/tendances-deco-arty-chez-voltex\/132024\/#primaryimage\"},\"image\":{\"@id\":\"https:\/\/www.joyana.fr\/en\/tendances-deco-arty-chez-voltex\/132024\/#primaryimage\"},\"thumbnailUrl\":\"https:\/\/i0.wp.com\/www.joyana.fr\/wp-content\/uploads\/2019\/08\/maxresdefault.jpg?fit=1280%2C720&ssl=1\",\"datePublished\":\"2019-08-28T08:49:14+00:00\",\"dateModified\":\"2019-08-28T10:28:25+00:00\",\"breadcrumb\":{\"@id\":\"https:\/\/www.joyana.fr\/en\/tendances-deco-arty-chez-voltex\/132024\/#breadcrumb\"},\"inLanguage\":\"en-US\",\"potentialAction\":[{\"@type\":\"ReadAction\",\"target\":[\"https:\/\/www.joyana.fr\/en\/tendances-deco-arty-chez-voltex\/132024\/\"]}]},{\"@type\":\"ImageObject\",\"inLanguage\":\"en-US\",\"@id\":\"https:\/\/www.joyana.fr\/en\/tendances-deco-arty-chez-voltex\/132024\/#primaryimage\",\"url\":\"https:\/\/i0.wp.com\/www.joyana.fr\/wp-content\/uploads\/2019\/08\/maxresdefault.jpg?fit=1280%2C720&ssl=1\",\"contentUrl\":\"https:\/\/i0.wp.com\/www.joyana.fr\/wp-content\/uploads\/2019\/08\/maxresdefault.jpg?fit=1280%2C720&ssl=1\",\"width\":1280,\"height\":720},{\"@type\":\"BreadcrumbList\",\"@id\":\"https:\/\/www.joyana.fr\/en\/tendances-deco-arty-chez-voltex\/132024\/#breadcrumb\",\"itemListElement\":[{\"@type\":\"ListItem\",\"position\":1,\"name\":\"Accueil\",\"item\":\"https:\/\/www.joyana.fr\/\"},{\"@type\":\"ListItem\",\"position\":2,\"name\":\"Tendances D\u00e9co ARTY chez VOLTEX\"}]},{\"@type\":\"WebSite\",\"@id\":\"https:\/\/www.joyana.fr\/#website\",\"url\":\"https:\/\/www.joyana.fr\/\",\"name\":\"JO YANA\",\"description\":\"Blog Mode Homme, Lifestyle, D\u00e9co-Design\",\"publisher\":{\"@id\":\"https:\/\/www.joyana.fr\/#\/schema\/person\/cf2a1ad12a27c12c21801075bf37407c\"},\"potentialAction\":[{\"@type\":\"SearchAction\",\"target\":{\"@type\":\"EntryPoint\",\"urlTemplate\":\"https:\/\/www.joyana.fr\/?s={search_term_string}\"},\"query-input\":{\"@type\":\"PropertyValueSpecification\",\"valueRequired\":true,\"valueName\":\"search_term_string\"}}],\"inLanguage\":\"en-US\"},{\"@type\":[\"Person\",\"Organization\"],\"@id\":\"https:\/\/www.joyana.fr\/#\/schema\/person\/cf2a1ad12a27c12c21801075bf37407c\",\"name\":\"Jo Yana\",\"image\":{\"@type\":\"ImageObject\",\"inLanguage\":\"en-US\",\"@id\":\"https:\/\/www.joyana.fr\/#\/schema\/person\/image\/\",\"url\":\"https:\/\/i0.wp.com\/www.joyana.fr\/wp-content\/uploads\/2016\/08\/cropped-joyana-logo-black-360x180.png?fit=343%2C164&ssl=1\",\"contentUrl\":\"https:\/\/i0.wp.com\/www.joyana.fr\/wp-content\/uploads\/2016\/08\/cropped-joyana-logo-black-360x180.png?fit=343%2C164&ssl=1\",\"width\":343,\"height\":164,\"caption\":\"Jo Yana\"},\"logo\":{\"@id\":\"https:\/\/www.joyana.fr\/#\/schema\/person\/image\/\"},\"description\":\"Jo Yana est le cr\u00e9ateur et r\u00e9dacteur en chef des sites DECO-DESIGN. Passionn\u00e9 de Design, Mode, Photo, Luxe, Lifestyle, Musique, mais avant tout Blogueur ! Le plaisir de partager l'anime et a comme devise \\\"POUR L'AMOUR DU BEAU\\\". Retrouvez le aussi sur son blog personnel - https:\/\/joyana.fr...\",\"sameAs\":[\"https:\/\/joyana.fr\/\"],\"url\":\"https:\/\/www.joyana.fr\/en\/author\/joyana\/\"}]}<\/script>\n<!-- \/ Yoast SEO plugin. -->","yoast_head_json":{"title":"Tendances D\u00e9co ARTY chez VOLTEX - JO YANA","robots":{"index":"index","follow":"follow","max-snippet":"max-snippet:-1","max-image-preview":"max-image-preview:large","max-video-preview":"max-video-preview:-1"},"canonical":"https:\/\/www.joyana.fr\/en\/tendances-deco-arty-chez-voltex\/132024\/","og_locale":"en_US","og_type":"article","og_title":"[:fr]Tendances D\u00e9co ARTY chez VOLTEX[:] - JO YANA","og_description":"VOLTEX c&#8217;est pour moi une enseigne embl\u00e9matique, o\u00f9 j&#8217;ai d\u00e9couvert les classiques du design dans la boutique marseillaise de la rue Paradis&#8230; Ils m&#8217;ont demand\u00e9 de faire une s\u00e9lection &#8220;Tendances D\u00e9co ARTY&#8221;, voici mes coups de coeur&#8230;","og_url":"https:\/\/www.joyana.fr\/en\/tendances-deco-arty-chez-voltex\/132024\/","og_site_name":"JO YANA","article_published_time":"2019-08-28T08:49:14+00:00","article_modified_time":"2019-08-28T10:28:25+00:00","og_image":[{"width":1280,"height":720,"url":"https:\/\/i0.wp.com\/www.joyana.fr\/wp-content\/uploads\/2019\/08\/maxresdefault.jpg?fit=1280%2C720&ssl=1","type":"image\/jpeg"}],"author":"Jo Yana","twitter_card":"summary_large_image","twitter_creator":"@Jo_Yana","twitter_site":"@Jo_Yana","twitter_misc":{"Written by":"Jo Yana","Est. reading time":"1 minute"},"schema":{"@context":"https:\/\/schema.org","@graph":[{"@type":"Article","@id":"https:\/\/www.joyana.fr\/en\/tendances-deco-arty-chez-voltex\/132024\/#article","isPartOf":{"@id":"https:\/\/www.joyana.fr\/en\/tendances-deco-arty-chez-voltex\/132024\/"},"author":{"name":"Jo Yana","@id":"https:\/\/www.joyana.fr\/#\/schema\/person\/cf2a1ad12a27c12c21801075bf37407c"},"headline":"Tendances D\u00e9co ARTY chez VOLTEX","datePublished":"2019-08-28T08:49:14+00:00","dateModified":"2019-08-28T10:28:25+00:00","mainEntityOfPage":{"@id":"https:\/\/www.joyana.fr\/en\/tendances-deco-arty-chez-voltex\/132024\/"},"wordCount":303,"commentCount":0,"publisher":{"@id":"https:\/\/www.joyana.fr\/#\/schema\/person\/cf2a1ad12a27c12c21801075bf37407c"},"image":{"@id":"https:\/\/www.joyana.fr\/en\/tendances-deco-arty-chez-voltex\/132024\/#primaryimage"},"thumbnailUrl":"https:\/\/i0.wp.com\/www.joyana.fr\/wp-content\/uploads\/2019\/08\/maxresdefault.jpg?fit=1280%2C720&ssl=1","keywords":["Arty","DESIGN","Tendances Design"],"articleSection":["DECO-DESIGN","THE JOURNAL"],"inLanguage":"en-US","potentialAction":[{"@type":"CommentAction","name":"Comment","target":["https:\/\/www.joyana.fr\/en\/tendances-deco-arty-chez-voltex\/132024\/#respond"]}]},{"@type":"WebPage","@id":"https:\/\/www.joyana.fr\/en\/tendances-deco-arty-chez-voltex\/132024\/","url":"https:\/\/www.joyana.fr\/en\/tendances-deco-arty-chez-voltex\/132024\/","name":"Tendances D\u00e9co ARTY chez VOLTEX","isPartOf":{"@id":"https:\/\/www.joyana.fr\/#website"},"primaryImageOfPage":{"@id":"https:\/\/www.joyana.fr\/en\/tendances-deco-arty-chez-voltex\/132024\/#primaryimage"},"image":{"@id":"https:\/\/www.joyana.fr\/en\/tendances-deco-arty-chez-voltex\/132024\/#primaryimage"},"thumbnailUrl":"https:\/\/i0.wp.com\/www.joyana.fr\/wp-content\/uploads\/2019\/08\/maxresdefault.jpg?fit=1280%2C720&ssl=1","datePublished":"2019-08-28T08:49:14+00:00","dateModified":"2019-08-28T10:28:25+00:00","breadcrumb":{"@id":"https:\/\/www.joyana.fr\/en\/tendances-deco-arty-chez-voltex\/132024\/#breadcrumb"},"inLanguage":"en-US","potentialAction":[{"@type":"ReadAction","target":["https:\/\/www.joyana.fr\/en\/tendances-deco-arty-chez-voltex\/132024\/"]}]},{"@type":"ImageObject","inLanguage":"en-US","@id":"https:\/\/www.joyana.fr\/en\/tendances-deco-arty-chez-voltex\/132024\/#primaryimage","url":"https:\/\/i0.wp.com\/www.joyana.fr\/wp-content\/uploads\/2019\/08\/maxresdefault.jpg?fit=1280%2C720&ssl=1","contentUrl":"https:\/\/i0.wp.com\/www.joyana.fr\/wp-content\/uploads\/2019\/08\/maxresdefault.jpg?fit=1280%2C720&ssl=1","width":1280,"height":720},{"@type":"BreadcrumbList","@id":"https:\/\/www.joyana.fr\/en\/tendances-deco-arty-chez-voltex\/132024\/#breadcrumb","itemListElement":[{"@type":"ListItem","position":1,"name":"Accueil","item":"https:\/\/www.joyana.fr\/"},{"@type":"ListItem","position":2,"name":"Tendances D\u00e9co ARTY chez VOLTEX"}]},{"@type":"WebSite","@id":"https:\/\/www.joyana.fr\/#website","url":"https:\/\/www.joyana.fr\/","name":"JO YANA","description":"Blog Mode Homme, Lifestyle, D\u00e9co-Design","publisher":{"@id":"https:\/\/www.joyana.fr\/#\/schema\/person\/cf2a1ad12a27c12c21801075bf37407c"},"potentialAction":[{"@type":"SearchAction","target":{"@type":"EntryPoint","urlTemplate":"https:\/\/www.joyana.fr\/?s={search_term_string}"},"query-input":{"@type":"PropertyValueSpecification","valueRequired":true,"valueName":"search_term_string"}}],"inLanguage":"en-US"},{"@type":["Person","Organization"],"@id":"https:\/\/www.joyana.fr\/#\/schema\/person\/cf2a1ad12a27c12c21801075bf37407c","name":"Jo Yana","image":{"@type":"ImageObject","inLanguage":"en-US","@id":"https:\/\/www.joyana.fr\/#\/schema\/person\/image\/","url":"https:\/\/i0.wp.com\/www.joyana.fr\/wp-content\/uploads\/2016\/08\/cropped-joyana-logo-black-360x180.png?fit=343%2C164&ssl=1","contentUrl":"https:\/\/i0.wp.com\/www.joyana.fr\/wp-content\/uploads\/2016\/08\/cropped-joyana-logo-black-360x180.png?fit=343%2C164&ssl=1","width":343,"height":164,"caption":"Jo Yana"},"logo":{"@id":"https:\/\/www.joyana.fr\/#\/schema\/person\/image\/"},"description":"Jo Yana est le cr\u00e9ateur et r\u00e9dacteur en chef des sites DECO-DESIGN. Passionn\u00e9 de Design, Mode, Photo, Luxe, Lifestyle, Musique, mais avant tout Blogueur ! Le plaisir de partager l'anime et a comme devise \"POUR L'AMOUR DU BEAU\". Retrouvez le aussi sur son blog personnel - https:\/\/joyana.fr...","sameAs":["https:\/\/joyana.fr\/"],"url":"https:\/\/www.joyana.fr\/en\/author\/joyana\/"}]}},"author_meta":{"display_name":"Jo Yana","author_link":"https:\/\/www.joyana.fr\/en\/author\/joyana\/"},"featured_img":"https:\/\/i0.wp.com\/www.joyana.fr\/wp-content\/uploads\/2019\/08\/maxresdefault.jpg?fit=389%2C219&ssl=1","featured_image_src":"https:\/\/i0.wp.com\/www.joyana.fr\/wp-content\/uploads\/2019\/08\/maxresdefault.jpg?resize=600%2C400&ssl=1","featured_image_src_square":"https:\/\/i0.wp.com\/www.joyana.fr\/wp-content\/uploads\/2019\/08\/maxresdefault.jpg?resize=600%2C600&ssl=1","jetpack_featured_media_url":"https:\/\/i0.wp.com\/www.joyana.fr\/wp-content\/uploads\/2019\/08\/maxresdefault.jpg?fit=1280%2C720&ssl=1","uagb_featured_image_src":{"full":["https:\/\/i0.wp.com\/www.joyana.fr\/wp-content\/uploads\/2019\/08\/maxresdefault.jpg?fit=1280%2C720&ssl=1",1280,720,false],"thumbnail":["https:\/\/i0.wp.com\/www.joyana.fr\/wp-content\/uploads\/2019\/08\/maxresdefault.jpg?resize=150%2C150&ssl=1",150,150,true],"medium":["https:\/\/i0.wp.com\/www.joyana.fr\/wp-content\/uploads\/2019\/08\/maxresdefault.jpg?fit=389%2C219&ssl=1",389,219,true],"medium_large":["https:\/\/i0.wp.com\/www.joyana.fr\/wp-content\/uploads\/2019\/08\/maxresdefault.jpg?fit=768%2C432&ssl=1",768,432,true],"large":["https:\/\/i0.wp.com\/www.joyana.fr\/wp-content\/uploads\/2019\/08\/maxresdefault.jpg?fit=1024%2C576&ssl=1",1024,576,true],"1536x1536":["https:\/\/i0.wp.com\/www.joyana.fr\/wp-content\/uploads\/2019\/08\/maxresdefault.jpg?fit=1280%2C720&ssl=1",1280,720,true],"2048x2048":["https:\/\/i0.wp.com\/www.joyana.fr\/wp-content\/uploads\/2019\/08\/maxresdefault.jpg?fit=1280%2C720&ssl=1",1280,720,true],"featured-thumb":["https:\/\/i0.wp.com\/www.joyana.fr\/wp-content\/uploads\/2019\/08\/maxresdefault.jpg?resize=1280%2C720&ssl=1",1280,720,true],"ab-block-post-grid-landscape":["https:\/\/i0.wp.com\/www.joyana.fr\/wp-content\/uploads\/2019\/08\/maxresdefault.jpg?resize=600%2C400&ssl=1",600,400,true],"ab-block-post-grid-square":["https:\/\/i0.wp.com\/www.joyana.fr\/wp-content\/uploads\/2019\/08\/maxresdefault.jpg?resize=600%2C600&ssl=1",600,600,true],"author-pro-image":["https:\/\/i0.wp.com\/www.joyana.fr\/wp-content\/uploads\/2019\/08\/maxresdefault.jpg?resize=360%2C570&ssl=1",360,570,true],"slider":["https:\/\/i0.wp.com\/www.joyana.fr\/wp-content\/uploads\/2019\/08\/maxresdefault.jpg?resize=920%2C400&ssl=1",920,400,true],"woocommerce_thumbnail":["https:\/\/i0.wp.com\/www.joyana.fr\/wp-content\/uploads\/2019\/08\/maxresdefault.jpg?resize=450%2C450&ssl=1",450,450,true],"woocommerce_single":["https:\/\/i0.wp.com\/www.joyana.fr\/wp-content\/uploads\/2019\/08\/maxresdefault.jpg?fit=920%2C518&ssl=1",920,518,true],"woocommerce_gallery_thumbnail":["https:\/\/i0.wp.com\/www.joyana.fr\/wp-content\/uploads\/2019\/08\/maxresdefault.jpg?resize=180%2C180&ssl=1",180,180,true],"sow-carousel-default":["https:\/\/i0.wp.com\/www.joyana.fr\/wp-content\/uploads\/2019\/08\/maxresdefault.jpg?resize=272%2C182&ssl=1",272,182,true]},"uagb_author_info":{"display_name":"Jo Yana","author_link":"https:\/\/www.joyana.fr\/en\/author\/joyana\/"},"uagb_comment_info":95,"uagb_excerpt":"VOLTEX c&#8217;est pour moi une enseigne embl\u00e9matique, o\u00f9 j&#8217;ai d\u00e9couvert les classiques du design dans la boutique marseillaise de la rue Paradis&#8230; Ils m&#8217;ont demand\u00e9 de faire une s\u00e9lection &#8220;Tendances D\u00e9co ARTY&#8221;, voici mes coups de coeur&#8230;","coauthors":[],"tax_additional":{"categories":{"linked":["<a href=\"https:\/\/www.joyana.fr\/en\/category\/deco-design\/\" class=\"advgb-post-tax-term\">DECO-DESIGN<\/a>","<a href=\"https:\/\/www.joyana.fr\/en\/category\/the-journal\/\" class=\"advgb-post-tax-term\">THE JOURNAL<\/a>"],"unlinked":["<span class=\"advgb-post-tax-term\">DECO-DESIGN<\/span>","<span class=\"advgb-post-tax-term\">THE JOURNAL<\/span>"]},"tags":{"linked":["<a href=\"https:\/\/www.joyana.fr\/en\/category\/the-journal\/\" class=\"advgb-post-tax-term\">Arty<\/a>","<a href=\"https:\/\/www.joyana.fr\/en\/category\/the-journal\/\" class=\"advgb-post-tax-term\">DESIGN<\/a>","<a href=\"https:\/\/www.joyana.fr\/en\/category\/the-journal\/\" class=\"advgb-post-tax-term\">Tendances Design<\/a>"],"unlinked":["<span class=\"advgb-post-tax-term\">Arty<\/span>","<span class=\"advgb-post-tax-term\">DESIGN<\/span>","<span class=\"advgb-post-tax-term\">Tendances Design<\/span>"]}},"comment_count":0,"relative_dates":{"created":"Posted 7 years ago","modified":"Updated 7 years ago"},"absolute_dates":{"created":"Posted on 28 August 2019","modified":"Updated on 28 August 2019"},"absolute_dates_time":{"created":"Posted on 28 August 2019 10:49","modified":"Updated on 28 August 2019 12:28"},"featured_img_caption":"","series_order":"","jetpack_sharing_enabled":true,"jetpack_shortlink":"https:\/\/wp.me\/p9bteI-ylq","jetpack-related-posts":[],"_links":{"self":[{"href":"https:\/\/www.joyana.fr\/en\/wp-json\/wp\/v2\/posts\/132024","targetHints":{"allow":["GET"]}}],"collection":[{"href":"https:\/\/www.joyana.fr\/en\/wp-json\/wp\/v2\/posts"}],"about":[{"href":"https:\/\/www.joyana.fr\/en\/wp-json\/wp\/v2\/types\/post"}],"author":[{"embeddable":true,"href":"https:\/\/www.joyana.fr\/en\/wp-json\/wp\/v2\/users\/3"}],"replies":[{"embeddable":true,"href":"https:\/\/www.joyana.fr\/en\/wp-json\/wp\/v2\/comments?post=132024"}],"version-history":[{"count":9,"href":"https:\/\/www.joyana.fr\/en\/wp-json\/wp\/v2\/posts\/132024\/revisions"}],"predecessor-version":[{"id":132044,"href":"https:\/\/www.joyana.fr\/en\/wp-json\/wp\/v2\/posts\/132024\/revisions\/132044"}],"wp:featuredmedia":[{"embeddable":true,"href":"https:\/\/www.joyana.fr\/en\/wp-json\/wp\/v2\/media\/132025"}],"wp:attachment":[{"href":"https:\/\/www.joyana.fr\/en\/wp-json\/wp\/v2\/media?parent=132024"}],"wp:term":[{"taxonomy":"category","embeddable":true,"href":"https:\/\/www.joyana.fr\/en\/wp-json\/wp\/v2\/categories?post=132024"},{"taxonomy":"post_tag","embeddable":true,"href":"https:\/\/www.joyana.fr\/en\/wp-json\/wp\/v2\/tags?post=132024"}],"curies":[{"name":"wp","href":"https:\/\/api.w.org\/{rel}","templated":true}]}}