{"id":123255,"date":"2016-03-13T11:16:22","date_gmt":"2016-03-13T10:16:22","guid":{"rendered":"https:\/\/joyana.fr\/?p=123255"},"modified":"2016-03-13T11:16:22","modified_gmt":"2016-03-13T10:16:22","slug":"moodboard-design-scandinave","status":"publish","type":"post","link":"https:\/\/www.joyana.fr\/en\/moodboard-design-scandinave\/123255\/","title":{"rendered":"#MOODBOARD &#8211; Design Scandinave"},"content":{"rendered":"<p style=\"text-align: justify;\">Depuis quelques ann\u00e9es, nous sommes tous submerg\u00e9s par la tendance d\u00e9co scandinave. Sur Instagram, toutes les photos les plus chiad\u00e9es s\u2019en inspirent d\u2019ailleurs. Et j\u2019ai l\u2019impression que pour 2016, elle est toujours omnipr\u00e9sente. Mais \u00e0 quelques d\u00e9tails pr\u00e8s puisqu\u2019on lui apporte un \u00e9l\u00e9ment plein de peps : la couleur !<\/p>\n<p style=\"text-align: justify;\">D\u00e9couvrez mon moodboard scandi&#8217; r\u00e9alis\u00e9 en partenariat avec Fotolia, la banque d&#8217;image moderne, qui surfe sur les tendances d\u00e9co pour proposer toujours plus d&#8217;inspiration. L\u2019objectif de celui-ci est tout simplement d\u2019upgrader cette tendance qu\u2019on ne cesse d\u2019adorer&#8230;<\/p>\n<p><a href=\"https:\/\/fr.fotolia.com\/Tracker\/O3yukw4rj0\" target=\"_blank\"><img data-recalc-dims=\"1\" fetchpriority=\"high\" decoding=\"async\" data-attachment-id=\"123256\" data-permalink=\"https:\/\/www.joyana.fr\/en\/moodboard-design-scandinave\/123255\/fotolia-scandinave\/\" data-orig-file=\"https:\/\/i0.wp.com\/www.joyana.fr\/wp-content\/uploads\/2016\/03\/FOTOLIA-SCANDINAVE.jpg?fit=594%2C2048&amp;ssl=1\" data-orig-size=\"594,2048\" data-comments-opened=\"1\" data-image-meta=\"{&quot;aperture&quot;:&quot;0&quot;,&quot;credit&quot;:&quot;&quot;,&quot;camera&quot;:&quot;&quot;,&quot;caption&quot;:&quot;&quot;,&quot;created_timestamp&quot;:&quot;0&quot;,&quot;copyright&quot;:&quot;&quot;,&quot;focal_length&quot;:&quot;0&quot;,&quot;iso&quot;:&quot;0&quot;,&quot;shutter_speed&quot;:&quot;0&quot;,&quot;title&quot;:&quot;&quot;,&quot;orientation&quot;:&quot;1&quot;}\" data-image-title=\"MOODBOARD FOTOLIA SCANDINAVE\" data-image-description=\"\" data-image-caption=\"\" data-medium-file=\"https:\/\/i0.wp.com\/www.joyana.fr\/wp-content\/uploads\/2016\/03\/FOTOLIA-SCANDINAVE.jpg?fit=113%2C389&amp;ssl=1\" data-large-file=\"https:\/\/i0.wp.com\/www.joyana.fr\/wp-content\/uploads\/2016\/03\/FOTOLIA-SCANDINAVE.jpg?fit=297%2C1024&amp;ssl=1\" class=\"alignnone size-full wp-image-123256\" src=\"https:\/\/i0.wp.com\/joyana.fr\/wp-content\/uploads\/2016\/03\/FOTOLIA-SCANDINAVE.jpg?resize=1700%2C5864&#038;ssl=1\" alt=\"MOODBOARD FOTOLIA SCANDINAVE\" width=\"1700\" height=\"5864\" srcset=\"https:\/\/i0.wp.com\/www.joyana.fr\/wp-content\/uploads\/2016\/03\/FOTOLIA-SCANDINAVE.jpg?w=594&amp;ssl=1 594w, https:\/\/i0.wp.com\/www.joyana.fr\/wp-content\/uploads\/2016\/03\/FOTOLIA-SCANDINAVE.jpg?resize=600%2C2070&amp;ssl=1 600w\" sizes=\"(max-width: 1000px) 100vw, 1000px\" \/><\/a><\/p>\n<p style=\"text-align: justify;\">Lignes \u00e9pur\u00e9es, subtiles associations de mat\u00e9riaux &#8211; bois, marbre, laque &#8211; le tout enrob\u00e9 de blanc pour l\u2019harmonie g\u00e9n\u00e9rale.<\/p>\n<p style=\"text-align: justify;\">Comme vous pouvez le constater, la d\u00e9coration, et m\u00eame l\u2019art d\u00e9co viennent bousculer cette tendance venue du Nord. D\u00e9sormais, on peut aussi injecter de la couleur par touches ! Fini donc le cama\u00efeu de couleurs neutres, car le style scandinave s\u2019agr\u00e9mente maintenant de coloramas et motifs qui \u00e9gayent et dynamisent nos int\u00e9rieurs sans \u00f4ter l\u2019ambiance douce et chaleureuse que l\u2019on affectionne.<\/p>\n<p style=\"text-align: justify;\">Pour r\u00e9sumer, la recette gagnante de la vague scandinave 2016 : on garde les bases de ce style graphique et authentique, et on proc\u00e8de \u00e0 un petite update color\u00e9 !<\/p>\n<p style=\"text-align: justify;\">Trouvez l&#8217;inspiration sur <a href=\"https:\/\/fr.fotolia.com\/Tracker\/Mm9HBRGwpa\" target=\"_blank\">Fotolia<\/a> pour cr\u00e9ez votre propre <a href=\"https:\/\/fr.fotolia.com\/Tracker\/O3yukw4rj0\" target=\"_blank\">ambiance scandinave<\/a>\u00a0et partagez vos moodboards avec le #MakeArtWork&#8230;<\/p>\n","protected":false},"excerpt":{"rendered":"<p>Depuis quelques ann\u00e9es, nous sommes tous submerg\u00e9s par la tendance d\u00e9co scandinave. Sur Instagram, toutes les photos les plus chiad\u00e9es s\u2019en inspirent d\u2019ailleurs. Et j\u2019ai l\u2019impression que pour 2016, elle est toujours omnipr\u00e9sente. Mais \u00e0 quelques d\u00e9tails pr\u00e8s puisqu\u2019on lui apporte un \u00e9l\u00e9ment plein de peps : la couleur ! D\u00e9couvrez mon moodboard scandi&#8217; r\u00e9alis\u00e9 [&hellip;]<\/p>\n","protected":false},"author":3,"featured_media":123257,"comment_status":"open","ping_status":"open","sticky":false,"template":"","format":"standard","meta":{"_coblocks_attr":"","_coblocks_dimensions":"","_coblocks_responsive_height":"","_coblocks_accordion_ie_support":"","_uag_custom_page_level_css":"","advgb_blocks_editor_width":"","advgb_blocks_columns_visual_guide":"","_genesis_hide_title":false,"_genesis_hide_breadcrumbs":false,"_genesis_hide_singular_image":false,"_genesis_hide_footer_widgets":false,"_genesis_custom_body_class":"","_genesis_custom_post_class":"","_genesis_layout":"","_themeisle_gutenberg_block_has_review":false,"_jetpack_newsletter_access":"","_jetpack_dont_email_post_to_subs":false,"_jetpack_newsletter_tier_id":0,"_jetpack_memberships_contains_paywalled_content":false,"_jetpack_memberships_contains_paid_content":false,"footnotes":""},"categories":[905,99],"tags":[1266,2219,2218],"class_list":{"0":"post-123255","1":"post","2":"type-post","3":"status-publish","4":"format-standard","5":"has-post-thumbnail","7":"category-deco-design","8":"category-the-journal","9":"tag-design-scandinave","10":"tag-fotolia","11":"tag-moodboard","12":"entry"},"featured_image_urls":{"full":["https:\/\/i0.wp.com\/www.joyana.fr\/wp-content\/uploads\/2016\/03\/FOTOLIA-SCANDINAVE1-e1457864063154.jpg?fit=1700%2C1158&ssl=1",1700,1158,false],"thumbnail":["https:\/\/i0.wp.com\/www.joyana.fr\/wp-content\/uploads\/2016\/03\/FOTOLIA-SCANDINAVE1-e1457864063154.jpg?resize=150%2C150&ssl=1",150,150,true],"medium":["https:\/\/i0.wp.com\/www.joyana.fr\/wp-content\/uploads\/2016\/03\/FOTOLIA-SCANDINAVE1-e1457864063154.jpg?fit=389%2C265&ssl=1",389,265,true],"medium_large":["https:\/\/i0.wp.com\/www.joyana.fr\/wp-content\/uploads\/2016\/03\/FOTOLIA-SCANDINAVE1-e1457864063154.jpg?fit=768%2C523&ssl=1",768,523,true],"large":["https:\/\/i0.wp.com\/www.joyana.fr\/wp-content\/uploads\/2016\/03\/FOTOLIA-SCANDINAVE1-e1457864063154.jpg?fit=1024%2C698&ssl=1",1024,698,true],"1536x1536":["https:\/\/i0.wp.com\/www.joyana.fr\/wp-content\/uploads\/2016\/03\/FOTOLIA-SCANDINAVE1-e1457864063154.jpg?fit=1536%2C1046&ssl=1",1536,1046,true],"2048x2048":["https:\/\/i0.wp.com\/www.joyana.fr\/wp-content\/uploads\/2016\/03\/FOTOLIA-SCANDINAVE1-e1457864063154.jpg?fit=1700%2C1158&ssl=1",1700,1158,true],"featured-thumb":["https:\/\/i0.wp.com\/www.joyana.fr\/wp-content\/uploads\/2016\/03\/FOTOLIA-SCANDINAVE1-e1457864063154.jpg?resize=1700%2C750&ssl=1",1700,750,true],"ab-block-post-grid-landscape":["https:\/\/i0.wp.com\/www.joyana.fr\/wp-content\/uploads\/2016\/03\/FOTOLIA-SCANDINAVE1-e1457864063154.jpg?resize=600%2C400&ssl=1",600,400,true],"ab-block-post-grid-square":["https:\/\/i0.wp.com\/www.joyana.fr\/wp-content\/uploads\/2016\/03\/FOTOLIA-SCANDINAVE1-e1457864063154.jpg?resize=600%2C600&ssl=1",600,600,true],"author-pro-image":["https:\/\/i0.wp.com\/www.joyana.fr\/wp-content\/uploads\/2016\/03\/FOTOLIA-SCANDINAVE1-e1457864063154.jpg?resize=360%2C570&ssl=1",360,570,true],"slider":["https:\/\/i0.wp.com\/www.joyana.fr\/wp-content\/uploads\/2016\/03\/FOTOLIA-SCANDINAVE1-e1457864063154.jpg?resize=920%2C400&ssl=1",920,400,true],"woocommerce_thumbnail":["https:\/\/i0.wp.com\/www.joyana.fr\/wp-content\/uploads\/2016\/03\/FOTOLIA-SCANDINAVE1-e1457864063154.jpg?resize=450%2C450&ssl=1",450,450,true],"woocommerce_single":["https:\/\/i0.wp.com\/www.joyana.fr\/wp-content\/uploads\/2016\/03\/FOTOLIA-SCANDINAVE1-e1457864063154.jpg?fit=920%2C627&ssl=1",920,627,true],"woocommerce_gallery_thumbnail":["https:\/\/i0.wp.com\/www.joyana.fr\/wp-content\/uploads\/2016\/03\/FOTOLIA-SCANDINAVE1-e1457864063154.jpg?resize=180%2C180&ssl=1",180,180,true],"sow-carousel-default":["https:\/\/i0.wp.com\/www.joyana.fr\/wp-content\/uploads\/2016\/03\/FOTOLIA-SCANDINAVE1-e1457864063154.jpg?resize=272%2C182&ssl=1",272,182,true]},"post_excerpt_stackable":"<p>Depuis quelques ann\u00e9es, nous sommes tous submerg\u00e9s par la tendance d\u00e9co scandinave. Sur Instagram, toutes les photos les plus chiad\u00e9es s\u2019en inspirent d\u2019ailleurs. Et j\u2019ai l\u2019impression que pour 2016, elle est toujours omnipr\u00e9sente. Mais \u00e0 quelques d\u00e9tails pr\u00e8s puisqu\u2019on lui apporte un \u00e9l\u00e9ment plein de peps : la couleur ! D\u00e9couvrez mon moodboard scandi&#8217; r\u00e9alis\u00e9 en partenariat avec Fotolia, la banque d&#8217;image moderne, qui surfe sur les tendances d\u00e9co pour proposer toujours plus d&#8217;inspiration. L\u2019objectif de celui-ci est tout simplement d\u2019upgrader cette tendance qu\u2019on ne cesse d\u2019adorer&#8230; Lignes \u00e9pur\u00e9es, subtiles associations de mat\u00e9riaux &#8211; bois, marbre, laque &#8211; le tout&hellip;<\/p>\n","category_list":"<a href=\"https:\/\/www.joyana.fr\/en\/category\/deco-design\/\" rel=\"category tag\">DECO-DESIGN<\/a>, <a href=\"https:\/\/www.joyana.fr\/en\/category\/the-journal\/\" rel=\"category tag\">THE JOURNAL<\/a>","author_info":{"display_name":"Jo Yana","author_link":"https:\/\/www.joyana.fr\/en\/author\/joyana\/"},"comments_num":"3 comments","featured_image_urls_v2":{"full":["https:\/\/i0.wp.com\/www.joyana.fr\/wp-content\/uploads\/2016\/03\/FOTOLIA-SCANDINAVE1-e1457864063154.jpg?fit=1700%2C1158&ssl=1",1700,1158,false],"thumbnail":["https:\/\/i0.wp.com\/www.joyana.fr\/wp-content\/uploads\/2016\/03\/FOTOLIA-SCANDINAVE1-e1457864063154.jpg?resize=150%2C150&ssl=1",150,150,true],"medium":["https:\/\/i0.wp.com\/www.joyana.fr\/wp-content\/uploads\/2016\/03\/FOTOLIA-SCANDINAVE1-e1457864063154.jpg?fit=389%2C265&ssl=1",389,265,true],"medium_large":["https:\/\/i0.wp.com\/www.joyana.fr\/wp-content\/uploads\/2016\/03\/FOTOLIA-SCANDINAVE1-e1457864063154.jpg?fit=768%2C523&ssl=1",768,523,true],"large":["https:\/\/i0.wp.com\/www.joyana.fr\/wp-content\/uploads\/2016\/03\/FOTOLIA-SCANDINAVE1-e1457864063154.jpg?fit=1024%2C698&ssl=1",1024,698,true],"1536x1536":["https:\/\/i0.wp.com\/www.joyana.fr\/wp-content\/uploads\/2016\/03\/FOTOLIA-SCANDINAVE1-e1457864063154.jpg?fit=1536%2C1046&ssl=1",1536,1046,true],"2048x2048":["https:\/\/i0.wp.com\/www.joyana.fr\/wp-content\/uploads\/2016\/03\/FOTOLIA-SCANDINAVE1-e1457864063154.jpg?fit=1700%2C1158&ssl=1",1700,1158,true],"featured-thumb":["https:\/\/i0.wp.com\/www.joyana.fr\/wp-content\/uploads\/2016\/03\/FOTOLIA-SCANDINAVE1-e1457864063154.jpg?resize=1700%2C750&ssl=1",1700,750,true],"ab-block-post-grid-landscape":["https:\/\/i0.wp.com\/www.joyana.fr\/wp-content\/uploads\/2016\/03\/FOTOLIA-SCANDINAVE1-e1457864063154.jpg?resize=600%2C400&ssl=1",600,400,true],"ab-block-post-grid-square":["https:\/\/i0.wp.com\/www.joyana.fr\/wp-content\/uploads\/2016\/03\/FOTOLIA-SCANDINAVE1-e1457864063154.jpg?resize=600%2C600&ssl=1",600,600,true],"author-pro-image":["https:\/\/i0.wp.com\/www.joyana.fr\/wp-content\/uploads\/2016\/03\/FOTOLIA-SCANDINAVE1-e1457864063154.jpg?resize=360%2C570&ssl=1",360,570,true],"slider":["https:\/\/i0.wp.com\/www.joyana.fr\/wp-content\/uploads\/2016\/03\/FOTOLIA-SCANDINAVE1-e1457864063154.jpg?resize=920%2C400&ssl=1",920,400,true],"woocommerce_thumbnail":["https:\/\/i0.wp.com\/www.joyana.fr\/wp-content\/uploads\/2016\/03\/FOTOLIA-SCANDINAVE1-e1457864063154.jpg?resize=450%2C450&ssl=1",450,450,true],"woocommerce_single":["https:\/\/i0.wp.com\/www.joyana.fr\/wp-content\/uploads\/2016\/03\/FOTOLIA-SCANDINAVE1-e1457864063154.jpg?fit=920%2C627&ssl=1",920,627,true],"woocommerce_gallery_thumbnail":["https:\/\/i0.wp.com\/www.joyana.fr\/wp-content\/uploads\/2016\/03\/FOTOLIA-SCANDINAVE1-e1457864063154.jpg?resize=180%2C180&ssl=1",180,180,true],"sow-carousel-default":["https:\/\/i0.wp.com\/www.joyana.fr\/wp-content\/uploads\/2016\/03\/FOTOLIA-SCANDINAVE1-e1457864063154.jpg?resize=272%2C182&ssl=1",272,182,true]},"post_excerpt_stackable_v2":"<p>Depuis quelques ann\u00e9es, nous sommes tous submerg\u00e9s par la tendance d\u00e9co scandinave. Sur Instagram, toutes les photos les plus chiad\u00e9es s\u2019en inspirent d\u2019ailleurs. Et j\u2019ai l\u2019impression que pour 2016, elle est toujours omnipr\u00e9sente. Mais \u00e0 quelques d\u00e9tails pr\u00e8s puisqu\u2019on lui apporte un \u00e9l\u00e9ment plein de peps : la couleur ! D\u00e9couvrez mon moodboard scandi&#8217; r\u00e9alis\u00e9 en partenariat avec Fotolia, la banque d&#8217;image moderne, qui surfe sur les tendances d\u00e9co pour proposer toujours plus d&#8217;inspiration. L\u2019objectif de celui-ci est tout simplement d\u2019upgrader cette tendance qu\u2019on ne cesse d\u2019adorer&#8230; Lignes \u00e9pur\u00e9es, subtiles associations de mat\u00e9riaux &#8211; bois, marbre, laque &#8211; le tout&hellip;<\/p>\n","category_list_v2":"<a href=\"https:\/\/www.joyana.fr\/en\/category\/deco-design\/\" rel=\"category tag\">DECO-DESIGN<\/a>, <a href=\"https:\/\/www.joyana.fr\/en\/category\/the-journal\/\" rel=\"category tag\">THE JOURNAL<\/a>","author_info_v2":{"name":"Jo Yana","url":"https:\/\/www.joyana.fr\/en\/author\/joyana\/"},"comments_num_v2":"3 comments","yoast_head":"<!-- This site is optimized with the Yoast SEO plugin v26.8 - https:\/\/yoast.com\/product\/yoast-seo-wordpress\/ -->\n<title>#MOODBOARD - Design Scandinave | JO YANA<\/title>\n<meta name=\"description\" content=\"Depuis quelques ann\u00e9es, nous sommes tous submerg\u00e9s par la tendance d\u00e9co scandinave. D\u00e9couvrez mon moodboard scandi&#039; r\u00e9alis\u00e9 en partenariat avec Fotolia...\" \/>\n<meta name=\"robots\" content=\"index, follow, max-snippet:-1, max-image-preview:large, max-video-preview:-1\" \/>\n<link rel=\"canonical\" href=\"https:\/\/www.joyana.fr\/en\/moodboard-design-scandinave\/123255\/\" \/>\n<meta property=\"og:locale\" content=\"en_US\" \/>\n<meta property=\"og:locale:alternate\" content=\"fr_FR\" \/>\n<meta property=\"og:locale:alternate\" content=\"ja\" \/>\n<meta property=\"og:type\" content=\"article\" \/>\n<meta property=\"og:title\" content=\"#MOODBOARD - Design Scandinave | JO YANA\" \/>\n<meta property=\"og:description\" content=\"Depuis quelques ann\u00e9es, nous sommes tous submerg\u00e9s par la tendance d\u00e9co scandinave. D\u00e9couvrez mon moodboard scandi&#039; r\u00e9alis\u00e9 en partenariat avec Fotolia...\" \/>\n<meta property=\"og:url\" content=\"https:\/\/www.joyana.fr\/en\/moodboard-design-scandinave\/123255\/\" \/>\n<meta property=\"og:site_name\" content=\"JO YANA\" \/>\n<meta property=\"article:published_time\" content=\"2016-03-13T10:16:22+00:00\" \/>\n<meta property=\"og:image\" content=\"https:\/\/www.joyana.fr\/wp-content\/uploads\/2016\/03\/FOTOLIA-SCANDINAVE1-e1457864063154.jpg\" \/>\n\t<meta property=\"og:image:width\" content=\"1700\" \/>\n\t<meta property=\"og:image:height\" content=\"1158\" \/>\n\t<meta property=\"og:image:type\" content=\"image\/jpeg\" \/>\n<meta name=\"author\" content=\"Jo Yana\" \/>\n<meta name=\"twitter:card\" content=\"summary_large_image\" \/>\n<meta name=\"twitter:creator\" content=\"@Jo_Yana\" \/>\n<meta name=\"twitter:site\" content=\"@Jo_Yana\" \/>\n<meta name=\"twitter:label1\" content=\"Written by\" \/>\n\t<meta name=\"twitter:data1\" content=\"Jo Yana\" \/>\n\t<meta name=\"twitter:label2\" content=\"Est. reading time\" \/>\n\t<meta name=\"twitter:data2\" content=\"1 minute\" \/>\n<script type=\"application\/ld+json\" class=\"yoast-schema-graph\">{\"@context\":\"https:\/\/schema.org\",\"@graph\":[{\"@type\":\"Article\",\"@id\":\"https:\/\/www.joyana.fr\/moodboard-design-scandinave\/123255\/#article\",\"isPartOf\":{\"@id\":\"https:\/\/www.joyana.fr\/moodboard-design-scandinave\/123255\/\"},\"author\":{\"name\":\"Jo Yana\",\"@id\":\"https:\/\/joyana.fr\/#\/schema\/person\/cf2a1ad12a27c12c21801075bf37407c\"},\"headline\":\"#MOODBOARD &#8211; Design Scandinave\",\"datePublished\":\"2016-03-13T10:16:22+00:00\",\"mainEntityOfPage\":{\"@id\":\"https:\/\/www.joyana.fr\/moodboard-design-scandinave\/123255\/\"},\"wordCount\":251,\"commentCount\":1,\"publisher\":{\"@id\":\"https:\/\/joyana.fr\/#\/schema\/person\/cf2a1ad12a27c12c21801075bf37407c\"},\"image\":{\"@id\":\"https:\/\/www.joyana.fr\/moodboard-design-scandinave\/123255\/#primaryimage\"},\"thumbnailUrl\":\"https:\/\/i0.wp.com\/www.joyana.fr\/wp-content\/uploads\/2016\/03\/FOTOLIA-SCANDINAVE1-e1457864063154.jpg?fit=1700%2C1158&ssl=1\",\"keywords\":[\"Design Scandinave\",\"Fotolia\",\"Moodboard\"],\"articleSection\":[\"DECO-DESIGN\",\"THE JOURNAL\"],\"inLanguage\":\"en-US\",\"potentialAction\":[{\"@type\":\"CommentAction\",\"name\":\"Comment\",\"target\":[\"https:\/\/www.joyana.fr\/moodboard-design-scandinave\/123255\/#respond\"]}]},{\"@type\":\"WebPage\",\"@id\":\"https:\/\/www.joyana.fr\/moodboard-design-scandinave\/123255\/\",\"url\":\"https:\/\/www.joyana.fr\/moodboard-design-scandinave\/123255\/\",\"name\":\"#MOODBOARD - Design Scandinave | JO YANA\",\"isPartOf\":{\"@id\":\"https:\/\/joyana.fr\/#website\"},\"primaryImageOfPage\":{\"@id\":\"https:\/\/www.joyana.fr\/moodboard-design-scandinave\/123255\/#primaryimage\"},\"image\":{\"@id\":\"https:\/\/www.joyana.fr\/moodboard-design-scandinave\/123255\/#primaryimage\"},\"thumbnailUrl\":\"https:\/\/i0.wp.com\/www.joyana.fr\/wp-content\/uploads\/2016\/03\/FOTOLIA-SCANDINAVE1-e1457864063154.jpg?fit=1700%2C1158&ssl=1\",\"datePublished\":\"2016-03-13T10:16:22+00:00\",\"description\":\"Depuis quelques ann\u00e9es, nous sommes tous submerg\u00e9s par la tendance d\u00e9co scandinave. D\u00e9couvrez mon moodboard scandi' r\u00e9alis\u00e9 en partenariat avec Fotolia...\",\"breadcrumb\":{\"@id\":\"https:\/\/www.joyana.fr\/moodboard-design-scandinave\/123255\/#breadcrumb\"},\"inLanguage\":\"en-US\",\"potentialAction\":[{\"@type\":\"ReadAction\",\"target\":[\"https:\/\/www.joyana.fr\/moodboard-design-scandinave\/123255\/\"]}]},{\"@type\":\"ImageObject\",\"inLanguage\":\"en-US\",\"@id\":\"https:\/\/www.joyana.fr\/moodboard-design-scandinave\/123255\/#primaryimage\",\"url\":\"https:\/\/i0.wp.com\/www.joyana.fr\/wp-content\/uploads\/2016\/03\/FOTOLIA-SCANDINAVE1-e1457864063154.jpg?fit=1700%2C1158&ssl=1\",\"contentUrl\":\"https:\/\/i0.wp.com\/www.joyana.fr\/wp-content\/uploads\/2016\/03\/FOTOLIA-SCANDINAVE1-e1457864063154.jpg?fit=1700%2C1158&ssl=1\",\"width\":1700,\"height\":1158},{\"@type\":\"BreadcrumbList\",\"@id\":\"https:\/\/www.joyana.fr\/moodboard-design-scandinave\/123255\/#breadcrumb\",\"itemListElement\":[{\"@type\":\"ListItem\",\"position\":1,\"name\":\"Accueil\",\"item\":\"https:\/\/joyana.fr\/\"},{\"@type\":\"ListItem\",\"position\":2,\"name\":\"#MOODBOARD &#8211; Design Scandinave\"}]},{\"@type\":\"WebSite\",\"@id\":\"https:\/\/joyana.fr\/#website\",\"url\":\"https:\/\/joyana.fr\/\",\"name\":\"JO YANA\",\"description\":\"Blog Mode Homme, Lifestyle, D\u00e9co-Design\",\"publisher\":{\"@id\":\"https:\/\/joyana.fr\/#\/schema\/person\/cf2a1ad12a27c12c21801075bf37407c\"},\"potentialAction\":[{\"@type\":\"SearchAction\",\"target\":{\"@type\":\"EntryPoint\",\"urlTemplate\":\"https:\/\/joyana.fr\/?s={search_term_string}\"},\"query-input\":{\"@type\":\"PropertyValueSpecification\",\"valueRequired\":true,\"valueName\":\"search_term_string\"}}],\"inLanguage\":\"en-US\"},{\"@type\":[\"Person\",\"Organization\"],\"@id\":\"https:\/\/joyana.fr\/#\/schema\/person\/cf2a1ad12a27c12c21801075bf37407c\",\"name\":\"Jo Yana\",\"image\":{\"@type\":\"ImageObject\",\"inLanguage\":\"en-US\",\"@id\":\"https:\/\/joyana.fr\/#\/schema\/person\/image\/\",\"url\":\"https:\/\/i0.wp.com\/www.joyana.fr\/wp-content\/uploads\/2016\/08\/cropped-joyana-logo-black-360x180.png?fit=343%2C164&ssl=1\",\"contentUrl\":\"https:\/\/i0.wp.com\/www.joyana.fr\/wp-content\/uploads\/2016\/08\/cropped-joyana-logo-black-360x180.png?fit=343%2C164&ssl=1\",\"width\":343,\"height\":164,\"caption\":\"Jo Yana\"},\"logo\":{\"@id\":\"https:\/\/joyana.fr\/#\/schema\/person\/image\/\"},\"description\":\"Jo Yana est le cr\u00e9ateur et r\u00e9dacteur en chef des sites DECO-DESIGN. Passionn\u00e9 de Design, Mode, Photo, Luxe, Lifestyle, Musique, mais avant tout Blogueur ! Le plaisir de partager l'anime et a comme devise \\\"POUR L'AMOUR DU BEAU\\\". Retrouvez le aussi sur son blog personnel - https:\/\/joyana.fr...\",\"sameAs\":[\"https:\/\/joyana.fr\/\"],\"url\":\"https:\/\/www.joyana.fr\/en\/author\/joyana\/\"}]}<\/script>\n<!-- \/ Yoast SEO plugin. -->","yoast_head_json":{"title":"#MOODBOARD - Design Scandinave | JO YANA","description":"Depuis quelques ann\u00e9es, nous sommes tous submerg\u00e9s par la tendance d\u00e9co scandinave. D\u00e9couvrez mon moodboard scandi' r\u00e9alis\u00e9 en partenariat avec Fotolia...","robots":{"index":"index","follow":"follow","max-snippet":"max-snippet:-1","max-image-preview":"max-image-preview:large","max-video-preview":"max-video-preview:-1"},"canonical":"https:\/\/www.joyana.fr\/en\/moodboard-design-scandinave\/123255\/","og_locale":"en_US","og_type":"article","og_title":"#MOODBOARD - Design Scandinave | JO YANA","og_description":"Depuis quelques ann\u00e9es, nous sommes tous submerg\u00e9s par la tendance d\u00e9co scandinave. D\u00e9couvrez mon moodboard scandi' r\u00e9alis\u00e9 en partenariat avec Fotolia...","og_url":"https:\/\/www.joyana.fr\/en\/moodboard-design-scandinave\/123255\/","og_site_name":"JO YANA","article_published_time":"2016-03-13T10:16:22+00:00","og_image":[{"width":1700,"height":1158,"url":"https:\/\/www.joyana.fr\/wp-content\/uploads\/2016\/03\/FOTOLIA-SCANDINAVE1-e1457864063154.jpg","type":"image\/jpeg"}],"author":"Jo Yana","twitter_card":"summary_large_image","twitter_creator":"@Jo_Yana","twitter_site":"@Jo_Yana","twitter_misc":{"Written by":"Jo Yana","Est. reading time":"1 minute"},"schema":{"@context":"https:\/\/schema.org","@graph":[{"@type":"Article","@id":"https:\/\/www.joyana.fr\/moodboard-design-scandinave\/123255\/#article","isPartOf":{"@id":"https:\/\/www.joyana.fr\/moodboard-design-scandinave\/123255\/"},"author":{"name":"Jo Yana","@id":"https:\/\/joyana.fr\/#\/schema\/person\/cf2a1ad12a27c12c21801075bf37407c"},"headline":"#MOODBOARD &#8211; Design Scandinave","datePublished":"2016-03-13T10:16:22+00:00","mainEntityOfPage":{"@id":"https:\/\/www.joyana.fr\/moodboard-design-scandinave\/123255\/"},"wordCount":251,"commentCount":1,"publisher":{"@id":"https:\/\/joyana.fr\/#\/schema\/person\/cf2a1ad12a27c12c21801075bf37407c"},"image":{"@id":"https:\/\/www.joyana.fr\/moodboard-design-scandinave\/123255\/#primaryimage"},"thumbnailUrl":"https:\/\/i0.wp.com\/www.joyana.fr\/wp-content\/uploads\/2016\/03\/FOTOLIA-SCANDINAVE1-e1457864063154.jpg?fit=1700%2C1158&ssl=1","keywords":["Design Scandinave","Fotolia","Moodboard"],"articleSection":["DECO-DESIGN","THE JOURNAL"],"inLanguage":"en-US","potentialAction":[{"@type":"CommentAction","name":"Comment","target":["https:\/\/www.joyana.fr\/moodboard-design-scandinave\/123255\/#respond"]}]},{"@type":"WebPage","@id":"https:\/\/www.joyana.fr\/moodboard-design-scandinave\/123255\/","url":"https:\/\/www.joyana.fr\/moodboard-design-scandinave\/123255\/","name":"#MOODBOARD - Design Scandinave | JO YANA","isPartOf":{"@id":"https:\/\/joyana.fr\/#website"},"primaryImageOfPage":{"@id":"https:\/\/www.joyana.fr\/moodboard-design-scandinave\/123255\/#primaryimage"},"image":{"@id":"https:\/\/www.joyana.fr\/moodboard-design-scandinave\/123255\/#primaryimage"},"thumbnailUrl":"https:\/\/i0.wp.com\/www.joyana.fr\/wp-content\/uploads\/2016\/03\/FOTOLIA-SCANDINAVE1-e1457864063154.jpg?fit=1700%2C1158&ssl=1","datePublished":"2016-03-13T10:16:22+00:00","description":"Depuis quelques ann\u00e9es, nous sommes tous submerg\u00e9s par la tendance d\u00e9co scandinave. D\u00e9couvrez mon moodboard scandi' r\u00e9alis\u00e9 en partenariat avec Fotolia...","breadcrumb":{"@id":"https:\/\/www.joyana.fr\/moodboard-design-scandinave\/123255\/#breadcrumb"},"inLanguage":"en-US","potentialAction":[{"@type":"ReadAction","target":["https:\/\/www.joyana.fr\/moodboard-design-scandinave\/123255\/"]}]},{"@type":"ImageObject","inLanguage":"en-US","@id":"https:\/\/www.joyana.fr\/moodboard-design-scandinave\/123255\/#primaryimage","url":"https:\/\/i0.wp.com\/www.joyana.fr\/wp-content\/uploads\/2016\/03\/FOTOLIA-SCANDINAVE1-e1457864063154.jpg?fit=1700%2C1158&ssl=1","contentUrl":"https:\/\/i0.wp.com\/www.joyana.fr\/wp-content\/uploads\/2016\/03\/FOTOLIA-SCANDINAVE1-e1457864063154.jpg?fit=1700%2C1158&ssl=1","width":1700,"height":1158},{"@type":"BreadcrumbList","@id":"https:\/\/www.joyana.fr\/moodboard-design-scandinave\/123255\/#breadcrumb","itemListElement":[{"@type":"ListItem","position":1,"name":"Accueil","item":"https:\/\/joyana.fr\/"},{"@type":"ListItem","position":2,"name":"#MOODBOARD &#8211; Design Scandinave"}]},{"@type":"WebSite","@id":"https:\/\/joyana.fr\/#website","url":"https:\/\/joyana.fr\/","name":"JO YANA","description":"Blog Mode Homme, Lifestyle, D\u00e9co-Design","publisher":{"@id":"https:\/\/joyana.fr\/#\/schema\/person\/cf2a1ad12a27c12c21801075bf37407c"},"potentialAction":[{"@type":"SearchAction","target":{"@type":"EntryPoint","urlTemplate":"https:\/\/joyana.fr\/?s={search_term_string}"},"query-input":{"@type":"PropertyValueSpecification","valueRequired":true,"valueName":"search_term_string"}}],"inLanguage":"en-US"},{"@type":["Person","Organization"],"@id":"https:\/\/joyana.fr\/#\/schema\/person\/cf2a1ad12a27c12c21801075bf37407c","name":"Jo Yana","image":{"@type":"ImageObject","inLanguage":"en-US","@id":"https:\/\/joyana.fr\/#\/schema\/person\/image\/","url":"https:\/\/i0.wp.com\/www.joyana.fr\/wp-content\/uploads\/2016\/08\/cropped-joyana-logo-black-360x180.png?fit=343%2C164&ssl=1","contentUrl":"https:\/\/i0.wp.com\/www.joyana.fr\/wp-content\/uploads\/2016\/08\/cropped-joyana-logo-black-360x180.png?fit=343%2C164&ssl=1","width":343,"height":164,"caption":"Jo Yana"},"logo":{"@id":"https:\/\/joyana.fr\/#\/schema\/person\/image\/"},"description":"Jo Yana est le cr\u00e9ateur et r\u00e9dacteur en chef des sites DECO-DESIGN. Passionn\u00e9 de Design, Mode, Photo, Luxe, Lifestyle, Musique, mais avant tout Blogueur ! Le plaisir de partager l'anime et a comme devise \"POUR L'AMOUR DU BEAU\". Retrouvez le aussi sur son blog personnel - https:\/\/joyana.fr...","sameAs":["https:\/\/joyana.fr\/"],"url":"https:\/\/www.joyana.fr\/en\/author\/joyana\/"}]}},"author_meta":{"display_name":"Jo Yana","author_link":"https:\/\/www.joyana.fr\/en\/author\/joyana\/"},"featured_img":"https:\/\/i0.wp.com\/www.joyana.fr\/wp-content\/uploads\/2016\/03\/FOTOLIA-SCANDINAVE1-e1457864063154.jpg?fit=389%2C265&ssl=1","featured_image_src":"https:\/\/i0.wp.com\/www.joyana.fr\/wp-content\/uploads\/2016\/03\/FOTOLIA-SCANDINAVE1-e1457864063154.jpg?resize=600%2C400&ssl=1","featured_image_src_square":"https:\/\/i0.wp.com\/www.joyana.fr\/wp-content\/uploads\/2016\/03\/FOTOLIA-SCANDINAVE1-e1457864063154.jpg?resize=600%2C600&ssl=1","jetpack_featured_media_url":"https:\/\/i0.wp.com\/www.joyana.fr\/wp-content\/uploads\/2016\/03\/FOTOLIA-SCANDINAVE1-e1457864063154.jpg?fit=1700%2C1158&ssl=1","uagb_featured_image_src":{"full":["https:\/\/i0.wp.com\/www.joyana.fr\/wp-content\/uploads\/2016\/03\/FOTOLIA-SCANDINAVE1-e1457864063154.jpg?fit=1700%2C1158&ssl=1",1700,1158,false],"thumbnail":["https:\/\/i0.wp.com\/www.joyana.fr\/wp-content\/uploads\/2016\/03\/FOTOLIA-SCANDINAVE1-e1457864063154.jpg?resize=150%2C150&ssl=1",150,150,true],"medium":["https:\/\/i0.wp.com\/www.joyana.fr\/wp-content\/uploads\/2016\/03\/FOTOLIA-SCANDINAVE1-e1457864063154.jpg?fit=389%2C265&ssl=1",389,265,true],"medium_large":["https:\/\/i0.wp.com\/www.joyana.fr\/wp-content\/uploads\/2016\/03\/FOTOLIA-SCANDINAVE1-e1457864063154.jpg?fit=768%2C523&ssl=1",768,523,true],"large":["https:\/\/i0.wp.com\/www.joyana.fr\/wp-content\/uploads\/2016\/03\/FOTOLIA-SCANDINAVE1-e1457864063154.jpg?fit=1024%2C698&ssl=1",1024,698,true],"1536x1536":["https:\/\/i0.wp.com\/www.joyana.fr\/wp-content\/uploads\/2016\/03\/FOTOLIA-SCANDINAVE1-e1457864063154.jpg?fit=1536%2C1046&ssl=1",1536,1046,true],"2048x2048":["https:\/\/i0.wp.com\/www.joyana.fr\/wp-content\/uploads\/2016\/03\/FOTOLIA-SCANDINAVE1-e1457864063154.jpg?fit=1700%2C1158&ssl=1",1700,1158,true],"featured-thumb":["https:\/\/i0.wp.com\/www.joyana.fr\/wp-content\/uploads\/2016\/03\/FOTOLIA-SCANDINAVE1-e1457864063154.jpg?resize=1700%2C750&ssl=1",1700,750,true],"ab-block-post-grid-landscape":["https:\/\/i0.wp.com\/www.joyana.fr\/wp-content\/uploads\/2016\/03\/FOTOLIA-SCANDINAVE1-e1457864063154.jpg?resize=600%2C400&ssl=1",600,400,true],"ab-block-post-grid-square":["https:\/\/i0.wp.com\/www.joyana.fr\/wp-content\/uploads\/2016\/03\/FOTOLIA-SCANDINAVE1-e1457864063154.jpg?resize=600%2C600&ssl=1",600,600,true],"author-pro-image":["https:\/\/i0.wp.com\/www.joyana.fr\/wp-content\/uploads\/2016\/03\/FOTOLIA-SCANDINAVE1-e1457864063154.jpg?resize=360%2C570&ssl=1",360,570,true],"slider":["https:\/\/i0.wp.com\/www.joyana.fr\/wp-content\/uploads\/2016\/03\/FOTOLIA-SCANDINAVE1-e1457864063154.jpg?resize=920%2C400&ssl=1",920,400,true],"woocommerce_thumbnail":["https:\/\/i0.wp.com\/www.joyana.fr\/wp-content\/uploads\/2016\/03\/FOTOLIA-SCANDINAVE1-e1457864063154.jpg?resize=450%2C450&ssl=1",450,450,true],"woocommerce_single":["https:\/\/i0.wp.com\/www.joyana.fr\/wp-content\/uploads\/2016\/03\/FOTOLIA-SCANDINAVE1-e1457864063154.jpg?fit=920%2C627&ssl=1",920,627,true],"woocommerce_gallery_thumbnail":["https:\/\/i0.wp.com\/www.joyana.fr\/wp-content\/uploads\/2016\/03\/FOTOLIA-SCANDINAVE1-e1457864063154.jpg?resize=180%2C180&ssl=1",180,180,true],"sow-carousel-default":["https:\/\/i0.wp.com\/www.joyana.fr\/wp-content\/uploads\/2016\/03\/FOTOLIA-SCANDINAVE1-e1457864063154.jpg?resize=272%2C182&ssl=1",272,182,true]},"uagb_author_info":{"display_name":"Jo Yana","author_link":"https:\/\/www.joyana.fr\/en\/author\/joyana\/"},"uagb_comment_info":4,"uagb_excerpt":"Depuis quelques ann\u00e9es, nous sommes tous submerg\u00e9s par la tendance d\u00e9co scandinave. Sur Instagram, toutes les photos les plus chiad\u00e9es s\u2019en inspirent d\u2019ailleurs. Et j\u2019ai l\u2019impression que pour 2016, elle est toujours omnipr\u00e9sente. Mais \u00e0 quelques d\u00e9tails pr\u00e8s puisqu\u2019on lui apporte un \u00e9l\u00e9ment plein de peps : la couleur ! D\u00e9couvrez mon moodboard scandi&#8217; r\u00e9alis\u00e9&hellip;","coauthors":[],"tax_additional":{"categories":{"linked":["<a href=\"https:\/\/www.joyana.fr\/en\/category\/deco-design\/\" class=\"advgb-post-tax-term\">DECO-DESIGN<\/a>","<a href=\"https:\/\/www.joyana.fr\/en\/category\/the-journal\/\" class=\"advgb-post-tax-term\">THE JOURNAL<\/a>"],"unlinked":["<span class=\"advgb-post-tax-term\">DECO-DESIGN<\/span>","<span class=\"advgb-post-tax-term\">THE JOURNAL<\/span>"]},"tags":{"linked":["<a href=\"https:\/\/www.joyana.fr\/en\/category\/the-journal\/\" class=\"advgb-post-tax-term\">Design Scandinave<\/a>","<a href=\"https:\/\/www.joyana.fr\/en\/category\/the-journal\/\" class=\"advgb-post-tax-term\">Fotolia<\/a>","<a href=\"https:\/\/www.joyana.fr\/en\/category\/the-journal\/\" class=\"advgb-post-tax-term\">Moodboard<\/a>"],"unlinked":["<span class=\"advgb-post-tax-term\">Design Scandinave<\/span>","<span class=\"advgb-post-tax-term\">Fotolia<\/span>","<span class=\"advgb-post-tax-term\">Moodboard<\/span>"]}},"comment_count":3,"relative_dates":{"created":"Posted 10 years ago","modified":"Updated 10 years ago"},"absolute_dates":{"created":"Posted on 13 March 2016","modified":"Updated on 13 March 2016"},"absolute_dates_time":{"created":"Posted on 13 March 2016 11:16","modified":"Updated on 13 March 2016 11:16"},"featured_img_caption":"","series_order":"","jetpack_sharing_enabled":true,"jetpack_shortlink":"https:\/\/wp.me\/p9bteI-w3Z","jetpack-related-posts":[],"_links":{"self":[{"href":"https:\/\/www.joyana.fr\/en\/wp-json\/wp\/v2\/posts\/123255","targetHints":{"allow":["GET"]}}],"collection":[{"href":"https:\/\/www.joyana.fr\/en\/wp-json\/wp\/v2\/posts"}],"about":[{"href":"https:\/\/www.joyana.fr\/en\/wp-json\/wp\/v2\/types\/post"}],"author":[{"embeddable":true,"href":"https:\/\/www.joyana.fr\/en\/wp-json\/wp\/v2\/users\/3"}],"replies":[{"embeddable":true,"href":"https:\/\/www.joyana.fr\/en\/wp-json\/wp\/v2\/comments?post=123255"}],"version-history":[{"count":1,"href":"https:\/\/www.joyana.fr\/en\/wp-json\/wp\/v2\/posts\/123255\/revisions"}],"predecessor-version":[{"id":123258,"href":"https:\/\/www.joyana.fr\/en\/wp-json\/wp\/v2\/posts\/123255\/revisions\/123258"}],"wp:featuredmedia":[{"embeddable":true,"href":"https:\/\/www.joyana.fr\/en\/wp-json\/wp\/v2\/media\/123257"}],"wp:attachment":[{"href":"https:\/\/www.joyana.fr\/en\/wp-json\/wp\/v2\/media?parent=123255"}],"wp:term":[{"taxonomy":"category","embeddable":true,"href":"https:\/\/www.joyana.fr\/en\/wp-json\/wp\/v2\/categories?post=123255"},{"taxonomy":"post_tag","embeddable":true,"href":"https:\/\/www.joyana.fr\/en\/wp-json\/wp\/v2\/tags?post=123255"}],"curies":[{"name":"wp","href":"https:\/\/api.w.org\/{rel}","templated":true}]}}