{"id":121484,"date":"2015-08-31T16:41:12","date_gmt":"2015-08-31T15:41:12","guid":{"rendered":"https:\/\/joyana.fr\/?p=21484"},"modified":"2015-08-31T16:41:12","modified_gmt":"2015-08-31T15:41:12","slug":"lampe-pose-par-maiori","status":"publish","type":"post","link":"https:\/\/www.joyana.fr\/en\/lampe-pose-par-maiori\/121484\/","title":{"rendered":"Lampe POSE par MAIORI"},"content":{"rendered":"<p style=\"text-align: justify;\"><strong><a href=\"https:\/\/joyana.fr\/tag\/maiori\/\" target=\"_blank\">Maiori<\/a><\/strong> &#8211; sp\u00e9cialiste de l&#8217;\u00e9clairage outdoor\/indoor \u00e0 recharge solaire &#8211; pr\u00e9sente en avant premi\u00e8re sur Deco-Design la collection de <strong>lampes POSE<\/strong>&#8230;<\/p>\n<p><a href=\"https:\/\/i0.wp.com\/joyana.fr\/wp-content\/uploads\/2015\/08\/POSE_Model_R.jpg?ssl=1\"><img data-recalc-dims=\"1\" fetchpriority=\"high\" decoding=\"async\" class=\"alignnone size-full wp-image-21488\" src=\"https:\/\/i0.wp.com\/joyana.fr\/wp-content\/uploads\/2015\/08\/POSE_Model_R.jpg?resize=2500%2C1677&#038;ssl=1\" alt=\"POSE_Model_R\" width=\"2500\" height=\"1677\" \/><\/a><\/p>\n<p style=\"text-align: justify;\">La collection <strong>POSE<\/strong> se d\u00e9cline en <strong>deux lampes<\/strong> &#8211; une ronde et une carr\u00e9. Elles disposent du dernier module solaire <strong>Maiori<\/strong>, qui mesure seulement 10&#215;10 cm, et fournit 100 Lumen pendant 5 heures sur une seule charge&#8230; Une lampe parfaite pour \u00e9clairer votre table, int\u00e9rieure ou ext\u00e9rieur, sans l&#8217;inconv\u00e9nient du cable&#8230;<\/p>\n<p style=\"text-align: justify;\">Vous aurez peut \u00eatre la chance de la voir lors du prochain salon <a href=\"https:\/\/joyana.fr\/category\/actualite\/salon\/maison-et-objet\/\" target=\"_blank\">Maison &amp; Objet<\/a>&#8230;<\/p>\n<p><a href=\"https:\/\/i0.wp.com\/joyana.fr\/wp-content\/uploads\/2015\/08\/POSE_MODEL_S.jpg?ssl=1\"><img data-recalc-dims=\"1\" decoding=\"async\" class=\"alignnone size-full wp-image-21489\" src=\"https:\/\/i0.wp.com\/joyana.fr\/wp-content\/uploads\/2015\/08\/POSE_MODEL_S.jpg?resize=2500%2C1677&#038;ssl=1\" alt=\"POSE_MODEL_S\" width=\"2500\" height=\"1677\" \/><\/a><\/p>\n\n<p><a href=\"https:\/\/i0.wp.com\/joyana.fr\/wp-content\/uploads\/2015\/08\/POSE_R_Table.jpg?ssl=1\"><img data-recalc-dims=\"1\" decoding=\"async\" class=\"alignnone size-full wp-image-21490\" src=\"https:\/\/i0.wp.com\/joyana.fr\/wp-content\/uploads\/2015\/08\/POSE_R_Table.jpg?resize=2500%2C1664&#038;ssl=1\" alt=\"POSE_R_Table\" width=\"2500\" height=\"1664\" \/><\/a><\/p>\n<p style=\"text-align: center;\">En savoir + sur\u00a0<a href=\"http:\/\/maiori.com\/\" target=\"_blank\"><strong>MAIORI<\/strong><\/a><\/p>\n","protected":false},"excerpt":{"rendered":"<p>Maiori &#8211; sp\u00e9cialiste de l&#8217;\u00e9clairage outdoor\/indoor \u00e0 recharge solaire &#8211; pr\u00e9sente en avant premi\u00e8re sur Deco-Design la collection de lampes POSE&#8230;<\/p>\n","protected":false},"author":3,"featured_media":121494,"comment_status":"open","ping_status":"open","sticky":false,"template":"","format":"aside","meta":{"_coblocks_attr":"","_coblocks_dimensions":"","_coblocks_responsive_height":"","_coblocks_accordion_ie_support":"","_uag_custom_page_level_css":"","advgb_blocks_editor_width":"","advgb_blocks_columns_visual_guide":"","_genesis_hide_title":false,"_genesis_hide_breadcrumbs":false,"_genesis_hide_singular_image":false,"_genesis_hide_footer_widgets":false,"_genesis_custom_body_class":"","_genesis_custom_post_class":"","_genesis_layout":"","_themeisle_gutenberg_block_has_review":false,"_jetpack_newsletter_access":"","_jetpack_dont_email_post_to_subs":false,"_jetpack_newsletter_tier_id":0,"_jetpack_memberships_contains_paywalled_content":false,"_jetpack_memberships_contains_paid_content":false,"footnotes":""},"categories":[1036,905,927,917],"tags":[1133,1809,1196,1479,1810],"class_list":{"0":"post-121484","1":"post","2":"type-post","3":"status-publish","4":"format-aside","5":"has-post-thumbnail","7":"category-a-la-une","8":"category-deco-design","9":"category-lampe","10":"category-luminaire","11":"tag-lampe-design","12":"tag-lampe-solaire-design","13":"tag-luminaires","14":"tag-luminaires-design","15":"tag-maiori","16":"post_format-post-format-aside","17":"entry"},"featured_image_urls":{"full":["https:\/\/i0.wp.com\/www.joyana.fr\/wp-content\/uploads\/2015\/08\/LAMPE-POSE-8.25-1861.jpg?fit=1892%2C1126&ssl=1",1892,1126,false],"thumbnail":["https:\/\/i0.wp.com\/www.joyana.fr\/wp-content\/uploads\/2015\/08\/LAMPE-POSE-8.25-1861.jpg?resize=150%2C150&ssl=1",150,150,true],"medium":["https:\/\/i0.wp.com\/www.joyana.fr\/wp-content\/uploads\/2015\/08\/LAMPE-POSE-8.25-1861.jpg?fit=389%2C232&ssl=1",389,232,true],"medium_large":["https:\/\/i0.wp.com\/www.joyana.fr\/wp-content\/uploads\/2015\/08\/LAMPE-POSE-8.25-1861.jpg?fit=768%2C457&ssl=1",768,457,true],"large":["https:\/\/i0.wp.com\/www.joyana.fr\/wp-content\/uploads\/2015\/08\/LAMPE-POSE-8.25-1861.jpg?fit=1024%2C609&ssl=1",1024,609,true],"1536x1536":["https:\/\/i0.wp.com\/www.joyana.fr\/wp-content\/uploads\/2015\/08\/LAMPE-POSE-8.25-1861.jpg?fit=1536%2C914&ssl=1",1536,914,true],"2048x2048":["https:\/\/i0.wp.com\/www.joyana.fr\/wp-content\/uploads\/2015\/08\/LAMPE-POSE-8.25-1861.jpg?fit=1892%2C1126&ssl=1",1892,1126,true],"featured-thumb":["https:\/\/i0.wp.com\/www.joyana.fr\/wp-content\/uploads\/2015\/08\/LAMPE-POSE-8.25-1861.jpg?resize=1892%2C750&ssl=1",1892,750,true],"ab-block-post-grid-landscape":["https:\/\/i0.wp.com\/www.joyana.fr\/wp-content\/uploads\/2015\/08\/LAMPE-POSE-8.25-1861.jpg?resize=600%2C400&ssl=1",600,400,true],"ab-block-post-grid-square":["https:\/\/i0.wp.com\/www.joyana.fr\/wp-content\/uploads\/2015\/08\/LAMPE-POSE-8.25-1861.jpg?resize=600%2C600&ssl=1",600,600,true],"author-pro-image":["https:\/\/i0.wp.com\/www.joyana.fr\/wp-content\/uploads\/2015\/08\/LAMPE-POSE-8.25-1861.jpg?resize=360%2C570&ssl=1",360,570,true],"slider":["https:\/\/i0.wp.com\/www.joyana.fr\/wp-content\/uploads\/2015\/08\/LAMPE-POSE-8.25-1861.jpg?resize=920%2C400&ssl=1",920,400,true],"woocommerce_thumbnail":["https:\/\/i0.wp.com\/www.joyana.fr\/wp-content\/uploads\/2015\/08\/LAMPE-POSE-8.25-1861.jpg?resize=450%2C450&ssl=1",450,450,true],"woocommerce_single":["https:\/\/i0.wp.com\/www.joyana.fr\/wp-content\/uploads\/2015\/08\/LAMPE-POSE-8.25-1861.jpg?fit=920%2C548&ssl=1",920,548,true],"woocommerce_gallery_thumbnail":["https:\/\/i0.wp.com\/www.joyana.fr\/wp-content\/uploads\/2015\/08\/LAMPE-POSE-8.25-1861.jpg?resize=180%2C180&ssl=1",180,180,true],"sow-carousel-default":["https:\/\/i0.wp.com\/www.joyana.fr\/wp-content\/uploads\/2015\/08\/LAMPE-POSE-8.25-1861.jpg?resize=272%2C182&ssl=1",272,182,true]},"post_excerpt_stackable":"<p>Maiori &#8211; sp\u00e9cialiste de l&#8217;\u00e9clairage outdoor\/indoor \u00e0 recharge solaire &#8211; pr\u00e9sente en avant premi\u00e8re sur Deco-Design la collection de lampes POSE&#8230;<\/p>\n","category_list":"<a href=\"https:\/\/www.joyana.fr\/en\/category\/a-la-une\/\" rel=\"category tag\">A la une !!!<\/a>, <a href=\"https:\/\/www.joyana.fr\/en\/category\/deco-design\/\" rel=\"category tag\">DECO-DESIGN<\/a>, <a href=\"https:\/\/www.joyana.fr\/en\/category\/deco-design\/luminaire\/lampe\/\" rel=\"category tag\">Lampe<\/a>, <a href=\"https:\/\/www.joyana.fr\/en\/category\/deco-design\/luminaire\/\" rel=\"category tag\">Luminaire<\/a>","author_info":{"display_name":"Jo Yana","author_link":"https:\/\/www.joyana.fr\/en\/author\/joyana\/"},"comments_num":"3 comments","featured_image_urls_v2":{"full":["https:\/\/i0.wp.com\/www.joyana.fr\/wp-content\/uploads\/2015\/08\/LAMPE-POSE-8.25-1861.jpg?fit=1892%2C1126&ssl=1",1892,1126,false],"thumbnail":["https:\/\/i0.wp.com\/www.joyana.fr\/wp-content\/uploads\/2015\/08\/LAMPE-POSE-8.25-1861.jpg?resize=150%2C150&ssl=1",150,150,true],"medium":["https:\/\/i0.wp.com\/www.joyana.fr\/wp-content\/uploads\/2015\/08\/LAMPE-POSE-8.25-1861.jpg?fit=389%2C232&ssl=1",389,232,true],"medium_large":["https:\/\/i0.wp.com\/www.joyana.fr\/wp-content\/uploads\/2015\/08\/LAMPE-POSE-8.25-1861.jpg?fit=768%2C457&ssl=1",768,457,true],"large":["https:\/\/i0.wp.com\/www.joyana.fr\/wp-content\/uploads\/2015\/08\/LAMPE-POSE-8.25-1861.jpg?fit=1024%2C609&ssl=1",1024,609,true],"1536x1536":["https:\/\/i0.wp.com\/www.joyana.fr\/wp-content\/uploads\/2015\/08\/LAMPE-POSE-8.25-1861.jpg?fit=1536%2C914&ssl=1",1536,914,true],"2048x2048":["https:\/\/i0.wp.com\/www.joyana.fr\/wp-content\/uploads\/2015\/08\/LAMPE-POSE-8.25-1861.jpg?fit=1892%2C1126&ssl=1",1892,1126,true],"featured-thumb":["https:\/\/i0.wp.com\/www.joyana.fr\/wp-content\/uploads\/2015\/08\/LAMPE-POSE-8.25-1861.jpg?resize=1892%2C750&ssl=1",1892,750,true],"ab-block-post-grid-landscape":["https:\/\/i0.wp.com\/www.joyana.fr\/wp-content\/uploads\/2015\/08\/LAMPE-POSE-8.25-1861.jpg?resize=600%2C400&ssl=1",600,400,true],"ab-block-post-grid-square":["https:\/\/i0.wp.com\/www.joyana.fr\/wp-content\/uploads\/2015\/08\/LAMPE-POSE-8.25-1861.jpg?resize=600%2C600&ssl=1",600,600,true],"author-pro-image":["https:\/\/i0.wp.com\/www.joyana.fr\/wp-content\/uploads\/2015\/08\/LAMPE-POSE-8.25-1861.jpg?resize=360%2C570&ssl=1",360,570,true],"slider":["https:\/\/i0.wp.com\/www.joyana.fr\/wp-content\/uploads\/2015\/08\/LAMPE-POSE-8.25-1861.jpg?resize=920%2C400&ssl=1",920,400,true],"woocommerce_thumbnail":["https:\/\/i0.wp.com\/www.joyana.fr\/wp-content\/uploads\/2015\/08\/LAMPE-POSE-8.25-1861.jpg?resize=450%2C450&ssl=1",450,450,true],"woocommerce_single":["https:\/\/i0.wp.com\/www.joyana.fr\/wp-content\/uploads\/2015\/08\/LAMPE-POSE-8.25-1861.jpg?fit=920%2C548&ssl=1",920,548,true],"woocommerce_gallery_thumbnail":["https:\/\/i0.wp.com\/www.joyana.fr\/wp-content\/uploads\/2015\/08\/LAMPE-POSE-8.25-1861.jpg?resize=180%2C180&ssl=1",180,180,true],"sow-carousel-default":["https:\/\/i0.wp.com\/www.joyana.fr\/wp-content\/uploads\/2015\/08\/LAMPE-POSE-8.25-1861.jpg?resize=272%2C182&ssl=1",272,182,true]},"post_excerpt_stackable_v2":"<p>Maiori &#8211; sp\u00e9cialiste de l&#8217;\u00e9clairage outdoor\/indoor \u00e0 recharge solaire &#8211; pr\u00e9sente en avant premi\u00e8re sur Deco-Design la collection de lampes POSE&#8230;<\/p>\n","category_list_v2":"<a href=\"https:\/\/www.joyana.fr\/en\/category\/a-la-une\/\" rel=\"category tag\">A la une !!!<\/a>, <a href=\"https:\/\/www.joyana.fr\/en\/category\/deco-design\/\" rel=\"category tag\">DECO-DESIGN<\/a>, <a href=\"https:\/\/www.joyana.fr\/en\/category\/deco-design\/luminaire\/lampe\/\" rel=\"category tag\">Lampe<\/a>, <a href=\"https:\/\/www.joyana.fr\/en\/category\/deco-design\/luminaire\/\" rel=\"category tag\">Luminaire<\/a>","author_info_v2":{"name":"Jo Yana","url":"https:\/\/www.joyana.fr\/en\/author\/joyana\/"},"comments_num_v2":"3 comments","yoast_head":"<!-- This site is optimized with the Yoast SEO plugin v26.8 - https:\/\/yoast.com\/product\/yoast-seo-wordpress\/ -->\n<title>Lampe POSE par MAIORI | BLOG DESIGN<\/title>\n<meta name=\"description\" content=\"Maiori - sp\u00e9cialiste de l&#039;\u00e9clairage outdoor\/indoor \u00e0 recharge solaire - pr\u00e9sente en avant premi\u00e8re sur Deco-Design la collection de lampes POSE...\" \/>\n<meta name=\"robots\" content=\"index, follow, max-snippet:-1, max-image-preview:large, max-video-preview:-1\" \/>\n<link rel=\"canonical\" href=\"https:\/\/www.joyana.fr\/en\/lampe-pose-par-maiori\/121484\/\" \/>\n<meta property=\"og:locale\" content=\"en_US\" \/>\n<meta property=\"og:locale:alternate\" content=\"fr_FR\" \/>\n<meta property=\"og:locale:alternate\" content=\"ja\" \/>\n<meta property=\"og:type\" content=\"article\" \/>\n<meta property=\"og:title\" content=\"Lampe POSE par MAIORI | BLOG DESIGN\" \/>\n<meta property=\"og:description\" content=\"Maiori - sp\u00e9cialiste de l&#039;\u00e9clairage outdoor\/indoor \u00e0 recharge solaire - pr\u00e9sente en avant premi\u00e8re sur Deco-Design la collection de lampes POSE...\" \/>\n<meta property=\"og:url\" content=\"https:\/\/www.joyana.fr\/en\/lampe-pose-par-maiori\/121484\/\" \/>\n<meta property=\"og:site_name\" content=\"JO YANA\" \/>\n<meta property=\"article:published_time\" content=\"2015-08-31T15:41:12+00:00\" \/>\n<meta property=\"og:image\" content=\"https:\/\/www.joyana.fr\/wp-content\/uploads\/2015\/08\/LAMPE-POSE-8.25-1861.jpg\" \/>\n\t<meta property=\"og:image:width\" content=\"1892\" \/>\n\t<meta property=\"og:image:height\" content=\"1126\" \/>\n\t<meta property=\"og:image:type\" content=\"image\/jpeg\" \/>\n<meta name=\"author\" content=\"Jo Yana\" \/>\n<meta name=\"twitter:card\" content=\"summary_large_image\" \/>\n<meta name=\"twitter:creator\" content=\"@Jo_Yana\" \/>\n<meta name=\"twitter:site\" content=\"@Jo_Yana\" \/>\n<meta name=\"twitter:label1\" content=\"Written by\" \/>\n\t<meta name=\"twitter:data1\" content=\"Jo Yana\" \/>\n\t<meta name=\"twitter:label2\" content=\"Est. reading time\" \/>\n\t<meta name=\"twitter:data2\" content=\"1 minute\" \/>\n<script type=\"application\/ld+json\" class=\"yoast-schema-graph\">{\"@context\":\"https:\/\/schema.org\",\"@graph\":[{\"@type\":\"Article\",\"@id\":\"https:\/\/www.joyana.fr\/en\/lampe-pose-par-maiori\/121484\/#article\",\"isPartOf\":{\"@id\":\"https:\/\/www.joyana.fr\/en\/lampe-pose-par-maiori\/121484\/\"},\"author\":{\"name\":\"Jo Yana\",\"@id\":\"https:\/\/www.joyana.fr\/ja\/#\/schema\/person\/cf2a1ad12a27c12c21801075bf37407c\"},\"headline\":\"Lampe POSE par MAIORI\",\"datePublished\":\"2015-08-31T15:41:12+00:00\",\"mainEntityOfPage\":{\"@id\":\"https:\/\/www.joyana.fr\/en\/lampe-pose-par-maiori\/121484\/\"},\"wordCount\":107,\"commentCount\":1,\"publisher\":{\"@id\":\"https:\/\/www.joyana.fr\/ja\/#\/schema\/person\/cf2a1ad12a27c12c21801075bf37407c\"},\"image\":{\"@id\":\"https:\/\/www.joyana.fr\/en\/lampe-pose-par-maiori\/121484\/#primaryimage\"},\"thumbnailUrl\":\"https:\/\/i0.wp.com\/www.joyana.fr\/wp-content\/uploads\/2015\/08\/LAMPE-POSE-8.25-1861.jpg?fit=1892%2C1126&ssl=1\",\"keywords\":[\"Lampe design\",\"Lampe solaire design\",\"Luminaires\",\"Luminaires design\",\"Maiori\"],\"articleSection\":[\"A la une !!!\",\"DECO-DESIGN\",\"Lampe\",\"Luminaire\"],\"inLanguage\":\"en-US\",\"potentialAction\":[{\"@type\":\"CommentAction\",\"name\":\"Comment\",\"target\":[\"https:\/\/www.joyana.fr\/en\/lampe-pose-par-maiori\/121484\/#respond\"]}]},{\"@type\":\"WebPage\",\"@id\":\"https:\/\/www.joyana.fr\/en\/lampe-pose-par-maiori\/121484\/\",\"url\":\"https:\/\/www.joyana.fr\/en\/lampe-pose-par-maiori\/121484\/\",\"name\":\"Lampe POSE par MAIORI | BLOG DESIGN\",\"isPartOf\":{\"@id\":\"https:\/\/www.joyana.fr\/ja\/#website\"},\"primaryImageOfPage\":{\"@id\":\"https:\/\/www.joyana.fr\/en\/lampe-pose-par-maiori\/121484\/#primaryimage\"},\"image\":{\"@id\":\"https:\/\/www.joyana.fr\/en\/lampe-pose-par-maiori\/121484\/#primaryimage\"},\"thumbnailUrl\":\"https:\/\/i0.wp.com\/www.joyana.fr\/wp-content\/uploads\/2015\/08\/LAMPE-POSE-8.25-1861.jpg?fit=1892%2C1126&ssl=1\",\"datePublished\":\"2015-08-31T15:41:12+00:00\",\"description\":\"Maiori - sp\u00e9cialiste de l'\u00e9clairage outdoor\/indoor \u00e0 recharge solaire - pr\u00e9sente en avant premi\u00e8re sur Deco-Design la collection de lampes POSE...\",\"breadcrumb\":{\"@id\":\"https:\/\/www.joyana.fr\/en\/lampe-pose-par-maiori\/121484\/#breadcrumb\"},\"inLanguage\":\"en-US\",\"potentialAction\":[{\"@type\":\"ReadAction\",\"target\":[\"https:\/\/www.joyana.fr\/en\/lampe-pose-par-maiori\/121484\/\"]}]},{\"@type\":\"ImageObject\",\"inLanguage\":\"en-US\",\"@id\":\"https:\/\/www.joyana.fr\/en\/lampe-pose-par-maiori\/121484\/#primaryimage\",\"url\":\"https:\/\/i0.wp.com\/www.joyana.fr\/wp-content\/uploads\/2015\/08\/LAMPE-POSE-8.25-1861.jpg?fit=1892%2C1126&ssl=1\",\"contentUrl\":\"https:\/\/i0.wp.com\/www.joyana.fr\/wp-content\/uploads\/2015\/08\/LAMPE-POSE-8.25-1861.jpg?fit=1892%2C1126&ssl=1\",\"width\":1892,\"height\":1126},{\"@type\":\"BreadcrumbList\",\"@id\":\"https:\/\/www.joyana.fr\/en\/lampe-pose-par-maiori\/121484\/#breadcrumb\",\"itemListElement\":[{\"@type\":\"ListItem\",\"position\":1,\"name\":\"Accueil\",\"item\":\"https:\/\/www.joyana.fr\/ja\/\"},{\"@type\":\"ListItem\",\"position\":2,\"name\":\"Lampe POSE par MAIORI\"}]},{\"@type\":\"WebSite\",\"@id\":\"https:\/\/www.joyana.fr\/ja\/#website\",\"url\":\"https:\/\/www.joyana.fr\/ja\/\",\"name\":\"JO YANA\",\"description\":\"Blog Mode Homme, Lifestyle, D\u00e9co-Design\",\"publisher\":{\"@id\":\"https:\/\/www.joyana.fr\/ja\/#\/schema\/person\/cf2a1ad12a27c12c21801075bf37407c\"},\"potentialAction\":[{\"@type\":\"SearchAction\",\"target\":{\"@type\":\"EntryPoint\",\"urlTemplate\":\"https:\/\/www.joyana.fr\/ja\/?s={search_term_string}\"},\"query-input\":{\"@type\":\"PropertyValueSpecification\",\"valueRequired\":true,\"valueName\":\"search_term_string\"}}],\"inLanguage\":\"en-US\"},{\"@type\":[\"Person\",\"Organization\"],\"@id\":\"https:\/\/www.joyana.fr\/ja\/#\/schema\/person\/cf2a1ad12a27c12c21801075bf37407c\",\"name\":\"Jo Yana\",\"image\":{\"@type\":\"ImageObject\",\"inLanguage\":\"en-US\",\"@id\":\"https:\/\/www.joyana.fr\/ja\/#\/schema\/person\/image\/\",\"url\":\"https:\/\/i0.wp.com\/www.joyana.fr\/wp-content\/uploads\/2016\/08\/cropped-joyana-logo-black-360x180.png?fit=343%2C164&ssl=1\",\"contentUrl\":\"https:\/\/i0.wp.com\/www.joyana.fr\/wp-content\/uploads\/2016\/08\/cropped-joyana-logo-black-360x180.png?fit=343%2C164&ssl=1\",\"width\":343,\"height\":164,\"caption\":\"Jo Yana\"},\"logo\":{\"@id\":\"https:\/\/www.joyana.fr\/ja\/#\/schema\/person\/image\/\"},\"description\":\"Jo Yana est le cr\u00e9ateur et r\u00e9dacteur en chef des sites DECO-DESIGN. Passionn\u00e9 de Design, Mode, Photo, Luxe, Lifestyle, Musique, mais avant tout Blogueur ! Le plaisir de partager l'anime et a comme devise \\\"POUR L'AMOUR DU BEAU\\\". Retrouvez le aussi sur son blog personnel - https:\/\/joyana.fr...\",\"sameAs\":[\"https:\/\/joyana.fr\/\"],\"url\":\"https:\/\/www.joyana.fr\/en\/author\/joyana\/\"}]}<\/script>\n<!-- \/ Yoast SEO plugin. -->","yoast_head_json":{"title":"Lampe POSE par MAIORI | BLOG DESIGN","description":"Maiori - sp\u00e9cialiste de l'\u00e9clairage outdoor\/indoor \u00e0 recharge solaire - pr\u00e9sente en avant premi\u00e8re sur Deco-Design la collection de lampes POSE...","robots":{"index":"index","follow":"follow","max-snippet":"max-snippet:-1","max-image-preview":"max-image-preview:large","max-video-preview":"max-video-preview:-1"},"canonical":"https:\/\/www.joyana.fr\/en\/lampe-pose-par-maiori\/121484\/","og_locale":"en_US","og_type":"article","og_title":"Lampe POSE par MAIORI | BLOG DESIGN","og_description":"Maiori - sp\u00e9cialiste de l'\u00e9clairage outdoor\/indoor \u00e0 recharge solaire - pr\u00e9sente en avant premi\u00e8re sur Deco-Design la collection de lampes POSE...","og_url":"https:\/\/www.joyana.fr\/en\/lampe-pose-par-maiori\/121484\/","og_site_name":"JO YANA","article_published_time":"2015-08-31T15:41:12+00:00","og_image":[{"width":1892,"height":1126,"url":"https:\/\/www.joyana.fr\/wp-content\/uploads\/2015\/08\/LAMPE-POSE-8.25-1861.jpg","type":"image\/jpeg"}],"author":"Jo Yana","twitter_card":"summary_large_image","twitter_creator":"@Jo_Yana","twitter_site":"@Jo_Yana","twitter_misc":{"Written by":"Jo Yana","Est. reading time":"1 minute"},"schema":{"@context":"https:\/\/schema.org","@graph":[{"@type":"Article","@id":"https:\/\/www.joyana.fr\/en\/lampe-pose-par-maiori\/121484\/#article","isPartOf":{"@id":"https:\/\/www.joyana.fr\/en\/lampe-pose-par-maiori\/121484\/"},"author":{"name":"Jo Yana","@id":"https:\/\/www.joyana.fr\/ja\/#\/schema\/person\/cf2a1ad12a27c12c21801075bf37407c"},"headline":"Lampe POSE par MAIORI","datePublished":"2015-08-31T15:41:12+00:00","mainEntityOfPage":{"@id":"https:\/\/www.joyana.fr\/en\/lampe-pose-par-maiori\/121484\/"},"wordCount":107,"commentCount":1,"publisher":{"@id":"https:\/\/www.joyana.fr\/ja\/#\/schema\/person\/cf2a1ad12a27c12c21801075bf37407c"},"image":{"@id":"https:\/\/www.joyana.fr\/en\/lampe-pose-par-maiori\/121484\/#primaryimage"},"thumbnailUrl":"https:\/\/i0.wp.com\/www.joyana.fr\/wp-content\/uploads\/2015\/08\/LAMPE-POSE-8.25-1861.jpg?fit=1892%2C1126&ssl=1","keywords":["Lampe design","Lampe solaire design","Luminaires","Luminaires design","Maiori"],"articleSection":["A la une !!!","DECO-DESIGN","Lampe","Luminaire"],"inLanguage":"en-US","potentialAction":[{"@type":"CommentAction","name":"Comment","target":["https:\/\/www.joyana.fr\/en\/lampe-pose-par-maiori\/121484\/#respond"]}]},{"@type":"WebPage","@id":"https:\/\/www.joyana.fr\/en\/lampe-pose-par-maiori\/121484\/","url":"https:\/\/www.joyana.fr\/en\/lampe-pose-par-maiori\/121484\/","name":"Lampe POSE par MAIORI | BLOG DESIGN","isPartOf":{"@id":"https:\/\/www.joyana.fr\/ja\/#website"},"primaryImageOfPage":{"@id":"https:\/\/www.joyana.fr\/en\/lampe-pose-par-maiori\/121484\/#primaryimage"},"image":{"@id":"https:\/\/www.joyana.fr\/en\/lampe-pose-par-maiori\/121484\/#primaryimage"},"thumbnailUrl":"https:\/\/i0.wp.com\/www.joyana.fr\/wp-content\/uploads\/2015\/08\/LAMPE-POSE-8.25-1861.jpg?fit=1892%2C1126&ssl=1","datePublished":"2015-08-31T15:41:12+00:00","description":"Maiori - sp\u00e9cialiste de l'\u00e9clairage outdoor\/indoor \u00e0 recharge solaire - pr\u00e9sente en avant premi\u00e8re sur Deco-Design la collection de lampes POSE...","breadcrumb":{"@id":"https:\/\/www.joyana.fr\/en\/lampe-pose-par-maiori\/121484\/#breadcrumb"},"inLanguage":"en-US","potentialAction":[{"@type":"ReadAction","target":["https:\/\/www.joyana.fr\/en\/lampe-pose-par-maiori\/121484\/"]}]},{"@type":"ImageObject","inLanguage":"en-US","@id":"https:\/\/www.joyana.fr\/en\/lampe-pose-par-maiori\/121484\/#primaryimage","url":"https:\/\/i0.wp.com\/www.joyana.fr\/wp-content\/uploads\/2015\/08\/LAMPE-POSE-8.25-1861.jpg?fit=1892%2C1126&ssl=1","contentUrl":"https:\/\/i0.wp.com\/www.joyana.fr\/wp-content\/uploads\/2015\/08\/LAMPE-POSE-8.25-1861.jpg?fit=1892%2C1126&ssl=1","width":1892,"height":1126},{"@type":"BreadcrumbList","@id":"https:\/\/www.joyana.fr\/en\/lampe-pose-par-maiori\/121484\/#breadcrumb","itemListElement":[{"@type":"ListItem","position":1,"name":"Accueil","item":"https:\/\/www.joyana.fr\/ja\/"},{"@type":"ListItem","position":2,"name":"Lampe POSE par MAIORI"}]},{"@type":"WebSite","@id":"https:\/\/www.joyana.fr\/ja\/#website","url":"https:\/\/www.joyana.fr\/ja\/","name":"JO YANA","description":"Blog Mode Homme, Lifestyle, D\u00e9co-Design","publisher":{"@id":"https:\/\/www.joyana.fr\/ja\/#\/schema\/person\/cf2a1ad12a27c12c21801075bf37407c"},"potentialAction":[{"@type":"SearchAction","target":{"@type":"EntryPoint","urlTemplate":"https:\/\/www.joyana.fr\/ja\/?s={search_term_string}"},"query-input":{"@type":"PropertyValueSpecification","valueRequired":true,"valueName":"search_term_string"}}],"inLanguage":"en-US"},{"@type":["Person","Organization"],"@id":"https:\/\/www.joyana.fr\/ja\/#\/schema\/person\/cf2a1ad12a27c12c21801075bf37407c","name":"Jo Yana","image":{"@type":"ImageObject","inLanguage":"en-US","@id":"https:\/\/www.joyana.fr\/ja\/#\/schema\/person\/image\/","url":"https:\/\/i0.wp.com\/www.joyana.fr\/wp-content\/uploads\/2016\/08\/cropped-joyana-logo-black-360x180.png?fit=343%2C164&ssl=1","contentUrl":"https:\/\/i0.wp.com\/www.joyana.fr\/wp-content\/uploads\/2016\/08\/cropped-joyana-logo-black-360x180.png?fit=343%2C164&ssl=1","width":343,"height":164,"caption":"Jo Yana"},"logo":{"@id":"https:\/\/www.joyana.fr\/ja\/#\/schema\/person\/image\/"},"description":"Jo Yana est le cr\u00e9ateur et r\u00e9dacteur en chef des sites DECO-DESIGN. Passionn\u00e9 de Design, Mode, Photo, Luxe, Lifestyle, Musique, mais avant tout Blogueur ! Le plaisir de partager l'anime et a comme devise \"POUR L'AMOUR DU BEAU\". Retrouvez le aussi sur son blog personnel - https:\/\/joyana.fr...","sameAs":["https:\/\/joyana.fr\/"],"url":"https:\/\/www.joyana.fr\/en\/author\/joyana\/"}]}},"author_meta":{"display_name":"Jo Yana","author_link":"https:\/\/www.joyana.fr\/en\/author\/joyana\/"},"featured_img":"https:\/\/i0.wp.com\/www.joyana.fr\/wp-content\/uploads\/2015\/08\/LAMPE-POSE-8.25-1861.jpg?fit=389%2C232&ssl=1","featured_image_src":"https:\/\/i0.wp.com\/www.joyana.fr\/wp-content\/uploads\/2015\/08\/LAMPE-POSE-8.25-1861.jpg?resize=600%2C400&ssl=1","featured_image_src_square":"https:\/\/i0.wp.com\/www.joyana.fr\/wp-content\/uploads\/2015\/08\/LAMPE-POSE-8.25-1861.jpg?resize=600%2C600&ssl=1","jetpack_featured_media_url":"https:\/\/i0.wp.com\/www.joyana.fr\/wp-content\/uploads\/2015\/08\/LAMPE-POSE-8.25-1861.jpg?fit=1892%2C1126&ssl=1","uagb_featured_image_src":{"full":["https:\/\/i0.wp.com\/www.joyana.fr\/wp-content\/uploads\/2015\/08\/LAMPE-POSE-8.25-1861.jpg?fit=1892%2C1126&ssl=1",1892,1126,false],"thumbnail":["https:\/\/i0.wp.com\/www.joyana.fr\/wp-content\/uploads\/2015\/08\/LAMPE-POSE-8.25-1861.jpg?resize=150%2C150&ssl=1",150,150,true],"medium":["https:\/\/i0.wp.com\/www.joyana.fr\/wp-content\/uploads\/2015\/08\/LAMPE-POSE-8.25-1861.jpg?fit=389%2C232&ssl=1",389,232,true],"medium_large":["https:\/\/i0.wp.com\/www.joyana.fr\/wp-content\/uploads\/2015\/08\/LAMPE-POSE-8.25-1861.jpg?fit=768%2C457&ssl=1",768,457,true],"large":["https:\/\/i0.wp.com\/www.joyana.fr\/wp-content\/uploads\/2015\/08\/LAMPE-POSE-8.25-1861.jpg?fit=1024%2C609&ssl=1",1024,609,true],"1536x1536":["https:\/\/i0.wp.com\/www.joyana.fr\/wp-content\/uploads\/2015\/08\/LAMPE-POSE-8.25-1861.jpg?fit=1536%2C914&ssl=1",1536,914,true],"2048x2048":["https:\/\/i0.wp.com\/www.joyana.fr\/wp-content\/uploads\/2015\/08\/LAMPE-POSE-8.25-1861.jpg?fit=1892%2C1126&ssl=1",1892,1126,true],"featured-thumb":["https:\/\/i0.wp.com\/www.joyana.fr\/wp-content\/uploads\/2015\/08\/LAMPE-POSE-8.25-1861.jpg?resize=1892%2C750&ssl=1",1892,750,true],"ab-block-post-grid-landscape":["https:\/\/i0.wp.com\/www.joyana.fr\/wp-content\/uploads\/2015\/08\/LAMPE-POSE-8.25-1861.jpg?resize=600%2C400&ssl=1",600,400,true],"ab-block-post-grid-square":["https:\/\/i0.wp.com\/www.joyana.fr\/wp-content\/uploads\/2015\/08\/LAMPE-POSE-8.25-1861.jpg?resize=600%2C600&ssl=1",600,600,true],"author-pro-image":["https:\/\/i0.wp.com\/www.joyana.fr\/wp-content\/uploads\/2015\/08\/LAMPE-POSE-8.25-1861.jpg?resize=360%2C570&ssl=1",360,570,true],"slider":["https:\/\/i0.wp.com\/www.joyana.fr\/wp-content\/uploads\/2015\/08\/LAMPE-POSE-8.25-1861.jpg?resize=920%2C400&ssl=1",920,400,true],"woocommerce_thumbnail":["https:\/\/i0.wp.com\/www.joyana.fr\/wp-content\/uploads\/2015\/08\/LAMPE-POSE-8.25-1861.jpg?resize=450%2C450&ssl=1",450,450,true],"woocommerce_single":["https:\/\/i0.wp.com\/www.joyana.fr\/wp-content\/uploads\/2015\/08\/LAMPE-POSE-8.25-1861.jpg?fit=920%2C548&ssl=1",920,548,true],"woocommerce_gallery_thumbnail":["https:\/\/i0.wp.com\/www.joyana.fr\/wp-content\/uploads\/2015\/08\/LAMPE-POSE-8.25-1861.jpg?resize=180%2C180&ssl=1",180,180,true],"sow-carousel-default":["https:\/\/i0.wp.com\/www.joyana.fr\/wp-content\/uploads\/2015\/08\/LAMPE-POSE-8.25-1861.jpg?resize=272%2C182&ssl=1",272,182,true]},"uagb_author_info":{"display_name":"Jo Yana","author_link":"https:\/\/www.joyana.fr\/en\/author\/joyana\/"},"uagb_comment_info":5,"uagb_excerpt":"Maiori - sp\u00e9cialiste de l'\u00e9clairage outdoor\/indoor \u00e0 recharge solaire - pr\u00e9sente en avant premi\u00e8re sur Deco-Design la collection de lampes POSE...","coauthors":[],"tax_additional":{"categories":{"linked":["<a href=\"https:\/\/www.joyana.fr\/en\/category\/a-la-une\/\" class=\"advgb-post-tax-term\">A la une !!!<\/a>","<a href=\"https:\/\/www.joyana.fr\/en\/category\/deco-design\/\" class=\"advgb-post-tax-term\">DECO-DESIGN<\/a>","<a href=\"https:\/\/www.joyana.fr\/en\/category\/deco-design\/luminaire\/lampe\/\" class=\"advgb-post-tax-term\">Lampe<\/a>","<a href=\"https:\/\/www.joyana.fr\/en\/category\/deco-design\/luminaire\/\" class=\"advgb-post-tax-term\">Luminaire<\/a>"],"unlinked":["<span class=\"advgb-post-tax-term\">A la une !!!<\/span>","<span class=\"advgb-post-tax-term\">DECO-DESIGN<\/span>","<span class=\"advgb-post-tax-term\">Lampe<\/span>","<span class=\"advgb-post-tax-term\">Luminaire<\/span>"]},"tags":{"linked":["<a href=\"https:\/\/www.joyana.fr\/en\/category\/deco-design\/luminaire\/\" class=\"advgb-post-tax-term\">Lampe design<\/a>","<a href=\"https:\/\/www.joyana.fr\/en\/category\/deco-design\/luminaire\/\" class=\"advgb-post-tax-term\">Lampe solaire design<\/a>","<a href=\"https:\/\/www.joyana.fr\/en\/category\/deco-design\/luminaire\/\" class=\"advgb-post-tax-term\">Luminaires<\/a>","<a href=\"https:\/\/www.joyana.fr\/en\/category\/deco-design\/luminaire\/\" class=\"advgb-post-tax-term\">Luminaires design<\/a>","<a href=\"https:\/\/www.joyana.fr\/en\/category\/deco-design\/luminaire\/\" class=\"advgb-post-tax-term\">Maiori<\/a>"],"unlinked":["<span class=\"advgb-post-tax-term\">Lampe design<\/span>","<span class=\"advgb-post-tax-term\">Lampe solaire design<\/span>","<span class=\"advgb-post-tax-term\">Luminaires<\/span>","<span class=\"advgb-post-tax-term\">Luminaires design<\/span>","<span class=\"advgb-post-tax-term\">Maiori<\/span>"]}},"comment_count":3,"relative_dates":{"created":"Posted 11 years ago","modified":"Updated 11 years ago"},"absolute_dates":{"created":"Posted on 31 August 2015","modified":"Updated on 31 August 2015"},"absolute_dates_time":{"created":"Posted on 31 August 2015 16:41","modified":"Updated on 31 August 2015 16:41"},"featured_img_caption":"","series_order":"","jetpack_sharing_enabled":true,"jetpack_shortlink":"https:\/\/wp.me\/p9bteI-vBq","jetpack-related-posts":[],"_links":{"self":[{"href":"https:\/\/www.joyana.fr\/en\/wp-json\/wp\/v2\/posts\/121484","targetHints":{"allow":["GET"]}}],"collection":[{"href":"https:\/\/www.joyana.fr\/en\/wp-json\/wp\/v2\/posts"}],"about":[{"href":"https:\/\/www.joyana.fr\/en\/wp-json\/wp\/v2\/types\/post"}],"author":[{"embeddable":true,"href":"https:\/\/www.joyana.fr\/en\/wp-json\/wp\/v2\/users\/3"}],"replies":[{"embeddable":true,"href":"https:\/\/www.joyana.fr\/en\/wp-json\/wp\/v2\/comments?post=121484"}],"version-history":[{"count":0,"href":"https:\/\/www.joyana.fr\/en\/wp-json\/wp\/v2\/posts\/121484\/revisions"}],"wp:featuredmedia":[{"embeddable":true,"href":"https:\/\/www.joyana.fr\/en\/wp-json\/wp\/v2\/media\/121494"}],"wp:attachment":[{"href":"https:\/\/www.joyana.fr\/en\/wp-json\/wp\/v2\/media?parent=121484"}],"wp:term":[{"taxonomy":"category","embeddable":true,"href":"https:\/\/www.joyana.fr\/en\/wp-json\/wp\/v2\/categories?post=121484"},{"taxonomy":"post_tag","embeddable":true,"href":"https:\/\/www.joyana.fr\/en\/wp-json\/wp\/v2\/tags?post=121484"}],"curies":[{"name":"wp","href":"https:\/\/api.w.org\/{rel}","templated":true}]}}