{"id":120744,"date":"2015-04-27T09:08:13","date_gmt":"2015-04-27T08:08:13","guid":{"rendered":"https:\/\/joyana.fr\/?p=20744"},"modified":"2015-04-27T09:08:13","modified_gmt":"2015-04-27T08:08:13","slug":"collection-memento-villeroyboch","status":"publish","type":"post","link":"https:\/\/www.joyana.fr\/en\/collection-memento-villeroyboch\/120744\/","title":{"rendered":"Collection MEMENTO Villeroy &#038; Boch"},"content":{"rendered":"<p style=\"text-align: justify;\">La collection de <strong>salle de bains<\/strong> <strong>MEMENTO<\/strong> est sign\u00e9 par le fabricant allemand <strong>Villeroy &amp; Boch<\/strong>. Elle arbore un design minimaliste plein de style se refl\u00e8te dans les formes r\u00e9duites et \u00e9pur\u00e9es&#8230;<\/p>\n<p><a href=\"https:\/\/i0.wp.com\/joyana.fr\/wp-content\/uploads\/2015\/04\/Villeroy-Boch-New-Toilet-Seat.jpg?ssl=1\"><img data-recalc-dims=\"1\" fetchpriority=\"high\" decoding=\"async\" class=\"alignnone size-full wp-image-20743\" src=\"https:\/\/i0.wp.com\/joyana.fr\/wp-content\/uploads\/2015\/04\/Villeroy-Boch-New-Toilet-Seat.jpg?resize=1100%2C773&#038;ssl=1\" alt=\"Villeroy-Boch-New-Toilet-Seat\" width=\"1100\" height=\"773\" \/><\/a><\/p>\n<p style=\"text-align: justify;\">La collection <strong>MEMENTO Villeroy &amp; Boch<\/strong> propose des couleurs raffin\u00e9es, comme Glossy Black, soulignent la puret\u00e9 et l&#8217;esth\u00e9tique de la c\u00e9ramique de cette collection. Les meubles de salle de bains sont dot\u00e9s d&#8217;une surface en relief sp\u00e9ciale Bright Oak, offrant un contraste \u00e0 la fois visuel et tactile. L&#8217;alliance moderne du bois et du verre offre un design intemporel.<\/p>\n<p style=\"text-align: justify;\">Les vasques Villeroy &amp; Boch se distinguent pas un design minimaliste et des formes \u00e9pur\u00e9es. Gr\u00e2ce \u00e0 de finitions au style raffin\u00e9, le passage dans la salle de bains devient un v\u00e9ritable moment de plaisir. Le pr\u00e9cieux d\u00e9cor New Glory Platinum en platine de qualit\u00e9 sup\u00e9rieure offre une esth\u00e9tique incomparable. Le rev\u00eatement de surface CeramicPlus permet un nettoyage facile et rapide. Gr\u00e2ce \u00e0 cette collection, profitez d&#8217;un confort optimal.<\/p>\n<p><a href=\"https:\/\/i0.wp.com\/joyana.fr\/wp-content\/uploads\/2015\/04\/memento-furniture-01.jpg?ssl=1\"><img data-recalc-dims=\"1\" decoding=\"async\" class=\"alignnone size-full wp-image-20739\" src=\"https:\/\/i0.wp.com\/joyana.fr\/wp-content\/uploads\/2015\/04\/memento-furniture-01.jpg?resize=1920%2C800&#038;ssl=1\" alt=\"memento-furniture-01\" width=\"1920\" height=\"800\" \/><\/a><\/p>\n<p style=\"text-align: justify;\">La collection Premium MEMENTO se distingue par une puret\u00e9 des lignes et un design minimaliste. Stylis\u00e9e, elle est synonyme d&#8217;esth\u00e9tique et de puret\u00e9 dans ses formes et ses couleurs. Le style intemporel et les finitions raffin\u00e9es gr\u00e2ce aux d\u00e9cors somptueux conf\u00e8rent \u00e0 chaque salle de bains un charme original et laissent enti\u00e8rement place \u00e0 la personnalisation&#8230;<\/p>\n<p><a href=\"https:\/\/i0.wp.com\/joyana.fr\/wp-content\/uploads\/2015\/04\/VILLEROY-BOCH_MEMENTO.jpg?ssl=1\"><img data-recalc-dims=\"1\" decoding=\"async\" class=\"alignnone size-full wp-image-20740\" src=\"https:\/\/i0.wp.com\/joyana.fr\/wp-content\/uploads\/2015\/04\/VILLEROY-BOCH_MEMENTO.jpg?resize=960%2C400&#038;ssl=1\" alt=\"VILLEROY-BOCH_MEMENTO\" width=\"960\" height=\"400\" \/><\/a><\/p>\n<p><a href=\"https:\/\/i0.wp.com\/joyana.fr\/wp-content\/uploads\/2015\/04\/Villeroy-Boch-Bathroom-Vanity.jpg?ssl=1\"><img data-recalc-dims=\"1\" loading=\"lazy\" decoding=\"async\" class=\"alignnone size-full wp-image-20741\" src=\"https:\/\/i0.wp.com\/joyana.fr\/wp-content\/uploads\/2015\/04\/Villeroy-Boch-Bathroom-Vanity.jpg?resize=1100%2C841&#038;ssl=1\" alt=\"Villeroy-Boch-Bathroom-Vanity\" width=\"1100\" height=\"841\" \/><\/a><\/p>\n<p><a href=\"https:\/\/i0.wp.com\/joyana.fr\/wp-content\/uploads\/2015\/04\/Villeroy-Boch-New-Bathroom-Vanity.jpg?ssl=1\"><img data-recalc-dims=\"1\" loading=\"lazy\" decoding=\"async\" class=\"alignnone size-full wp-image-20742\" src=\"https:\/\/i0.wp.com\/joyana.fr\/wp-content\/uploads\/2015\/04\/Villeroy-Boch-New-Bathroom-Vanity.jpg?resize=1100%2C1476&#038;ssl=1\" alt=\"Villeroy-Boch-New-Bathroom-Vanity\" width=\"1100\" height=\"1476\" \/><\/a><\/p>\n<p style=\"text-align: center;\"><strong>Collection MEMENTO Villeroy &amp; Boch<\/strong> disponible chez <a href=\"http:\/\/www.aufildubain.fr\/produits\/collection\/salle-de-bains\/memento-p65.html\" target=\"_blank\">AU FIL DU BAIN<\/a><\/p>\n","protected":false},"excerpt":{"rendered":"<p>La collection de salle de bains MEMENTO est sign\u00e9 par le fabricant allemand Villeroy &amp; Boch. Elle arbore un design minimaliste plein de style se refl\u00e8te dans les formes r\u00e9duites et \u00e9pur\u00e9es&#8230; La collection MEMENTO Villeroy &amp; Boch propose des couleurs raffin\u00e9es, comme Glossy Black, soulignent la puret\u00e9 et l&#8217;esth\u00e9tique de la c\u00e9ramique de cette [&hellip;]<\/p>\n","protected":false},"author":2,"featured_media":120739,"comment_status":"open","ping_status":"open","sticky":false,"template":"","format":"aside","meta":{"_coblocks_attr":"","_coblocks_dimensions":"","_coblocks_responsive_height":"","_coblocks_accordion_ie_support":"","_uag_custom_page_level_css":"","advgb_blocks_editor_width":"","advgb_blocks_columns_visual_guide":"","_genesis_hide_title":false,"_genesis_hide_breadcrumbs":false,"_genesis_hide_singular_image":false,"_genesis_hide_footer_widgets":false,"_genesis_custom_body_class":"","_genesis_custom_post_class":"","_genesis_layout":"","_themeisle_gutenberg_block_has_review":false,"_jetpack_newsletter_access":"","_jetpack_dont_email_post_to_subs":false,"_jetpack_newsletter_tier_id":0,"_jetpack_memberships_contains_paywalled_content":false,"_jetpack_memberships_contains_paid_content":false,"footnotes":""},"categories":[905,959],"tags":[960,1226,2051],"class_list":{"0":"post-120744","1":"post","2":"type-post","3":"status-publish","4":"format-aside","5":"has-post-thumbnail","7":"category-deco-design","8":"category-salle-deau","9":"tag-salle-deau","10":"tag-salle-de-bains-design","11":"tag-villeroy-boch","12":"post_format-post-format-aside","13":"entry"},"featured_image_urls":{"full":["https:\/\/i0.wp.com\/www.joyana.fr\/wp-content\/uploads\/2015\/04\/memento-furniture-01.jpg?fit=1920%2C800&ssl=1",1920,800,false],"thumbnail":["https:\/\/i0.wp.com\/www.joyana.fr\/wp-content\/uploads\/2015\/04\/memento-furniture-01.jpg?resize=150%2C150&ssl=1",150,150,true],"medium":["https:\/\/i0.wp.com\/www.joyana.fr\/wp-content\/uploads\/2015\/04\/memento-furniture-01.jpg?fit=389%2C162&ssl=1",389,162,true],"medium_large":["https:\/\/i0.wp.com\/www.joyana.fr\/wp-content\/uploads\/2015\/04\/memento-furniture-01.jpg?fit=768%2C320&ssl=1",768,320,true],"large":["https:\/\/i0.wp.com\/www.joyana.fr\/wp-content\/uploads\/2015\/04\/memento-furniture-01.jpg?fit=1024%2C427&ssl=1",1024,427,true],"1536x1536":["https:\/\/i0.wp.com\/www.joyana.fr\/wp-content\/uploads\/2015\/04\/memento-furniture-01.jpg?fit=1536%2C640&ssl=1",1536,640,true],"2048x2048":["https:\/\/i0.wp.com\/www.joyana.fr\/wp-content\/uploads\/2015\/04\/memento-furniture-01.jpg?fit=1920%2C800&ssl=1",1920,800,true],"featured-thumb":["https:\/\/i0.wp.com\/www.joyana.fr\/wp-content\/uploads\/2015\/04\/memento-furniture-01.jpg?resize=1903%2C750&ssl=1",1903,750,true],"ab-block-post-grid-landscape":["https:\/\/i0.wp.com\/www.joyana.fr\/wp-content\/uploads\/2015\/04\/memento-furniture-01.jpg?resize=600%2C400&ssl=1",600,400,true],"ab-block-post-grid-square":["https:\/\/i0.wp.com\/www.joyana.fr\/wp-content\/uploads\/2015\/04\/memento-furniture-01.jpg?resize=600%2C600&ssl=1",600,600,true],"author-pro-image":["https:\/\/i0.wp.com\/www.joyana.fr\/wp-content\/uploads\/2015\/04\/memento-furniture-01.jpg?resize=360%2C570&ssl=1",360,570,true],"slider":["https:\/\/i0.wp.com\/www.joyana.fr\/wp-content\/uploads\/2015\/04\/memento-furniture-01.jpg?resize=920%2C400&ssl=1",920,400,true],"woocommerce_thumbnail":["https:\/\/i0.wp.com\/www.joyana.fr\/wp-content\/uploads\/2015\/04\/memento-furniture-01.jpg?resize=450%2C450&ssl=1",450,450,true],"woocommerce_single":["https:\/\/i0.wp.com\/www.joyana.fr\/wp-content\/uploads\/2015\/04\/memento-furniture-01.jpg?fit=920%2C383&ssl=1",920,383,true],"woocommerce_gallery_thumbnail":["https:\/\/i0.wp.com\/www.joyana.fr\/wp-content\/uploads\/2015\/04\/memento-furniture-01.jpg?resize=180%2C180&ssl=1",180,180,true],"sow-carousel-default":["https:\/\/i0.wp.com\/www.joyana.fr\/wp-content\/uploads\/2015\/04\/memento-furniture-01.jpg?resize=272%2C182&ssl=1",272,182,true]},"post_excerpt_stackable":"<p>La collection de salle de bains MEMENTO est sign\u00e9 par le fabricant allemand Villeroy &amp; Boch. Elle arbore un design minimaliste plein de style se refl\u00e8te dans les formes r\u00e9duites et \u00e9pur\u00e9es&#8230; La collection MEMENTO Villeroy &amp; Boch propose des couleurs raffin\u00e9es, comme Glossy Black, soulignent la puret\u00e9 et l&#8217;esth\u00e9tique de la c\u00e9ramique de cette collection. Les meubles de salle de bains sont dot\u00e9s d&#8217;une surface en relief sp\u00e9ciale Bright Oak, offrant un contraste \u00e0 la fois visuel et tactile. L&#8217;alliance moderne du bois et du verre offre un design intemporel. Les vasques Villeroy &amp; Boch se distinguent pas un&hellip;<\/p>\n","category_list":"<a href=\"https:\/\/www.joyana.fr\/en\/category\/deco-design\/\" rel=\"category tag\">DECO-DESIGN<\/a>, <a href=\"https:\/\/www.joyana.fr\/en\/category\/deco-design\/decoration\/salle-deau\/\" rel=\"category tag\">Salle d'eau<\/a>","author_info":{"display_name":"J\u00e9r\u00e9my Frob\u00e9nius","author_link":"https:\/\/www.joyana.fr\/en\/author\/influence\/"},"comments_num":"0 comments","featured_image_urls_v2":{"full":["https:\/\/i0.wp.com\/www.joyana.fr\/wp-content\/uploads\/2015\/04\/memento-furniture-01.jpg?fit=1920%2C800&ssl=1",1920,800,false],"thumbnail":["https:\/\/i0.wp.com\/www.joyana.fr\/wp-content\/uploads\/2015\/04\/memento-furniture-01.jpg?resize=150%2C150&ssl=1",150,150,true],"medium":["https:\/\/i0.wp.com\/www.joyana.fr\/wp-content\/uploads\/2015\/04\/memento-furniture-01.jpg?fit=389%2C162&ssl=1",389,162,true],"medium_large":["https:\/\/i0.wp.com\/www.joyana.fr\/wp-content\/uploads\/2015\/04\/memento-furniture-01.jpg?fit=768%2C320&ssl=1",768,320,true],"large":["https:\/\/i0.wp.com\/www.joyana.fr\/wp-content\/uploads\/2015\/04\/memento-furniture-01.jpg?fit=1024%2C427&ssl=1",1024,427,true],"1536x1536":["https:\/\/i0.wp.com\/www.joyana.fr\/wp-content\/uploads\/2015\/04\/memento-furniture-01.jpg?fit=1536%2C640&ssl=1",1536,640,true],"2048x2048":["https:\/\/i0.wp.com\/www.joyana.fr\/wp-content\/uploads\/2015\/04\/memento-furniture-01.jpg?fit=1920%2C800&ssl=1",1920,800,true],"featured-thumb":["https:\/\/i0.wp.com\/www.joyana.fr\/wp-content\/uploads\/2015\/04\/memento-furniture-01.jpg?resize=1903%2C750&ssl=1",1903,750,true],"ab-block-post-grid-landscape":["https:\/\/i0.wp.com\/www.joyana.fr\/wp-content\/uploads\/2015\/04\/memento-furniture-01.jpg?resize=600%2C400&ssl=1",600,400,true],"ab-block-post-grid-square":["https:\/\/i0.wp.com\/www.joyana.fr\/wp-content\/uploads\/2015\/04\/memento-furniture-01.jpg?resize=600%2C600&ssl=1",600,600,true],"author-pro-image":["https:\/\/i0.wp.com\/www.joyana.fr\/wp-content\/uploads\/2015\/04\/memento-furniture-01.jpg?resize=360%2C570&ssl=1",360,570,true],"slider":["https:\/\/i0.wp.com\/www.joyana.fr\/wp-content\/uploads\/2015\/04\/memento-furniture-01.jpg?resize=920%2C400&ssl=1",920,400,true],"woocommerce_thumbnail":["https:\/\/i0.wp.com\/www.joyana.fr\/wp-content\/uploads\/2015\/04\/memento-furniture-01.jpg?resize=450%2C450&ssl=1",450,450,true],"woocommerce_single":["https:\/\/i0.wp.com\/www.joyana.fr\/wp-content\/uploads\/2015\/04\/memento-furniture-01.jpg?fit=920%2C383&ssl=1",920,383,true],"woocommerce_gallery_thumbnail":["https:\/\/i0.wp.com\/www.joyana.fr\/wp-content\/uploads\/2015\/04\/memento-furniture-01.jpg?resize=180%2C180&ssl=1",180,180,true],"sow-carousel-default":["https:\/\/i0.wp.com\/www.joyana.fr\/wp-content\/uploads\/2015\/04\/memento-furniture-01.jpg?resize=272%2C182&ssl=1",272,182,true]},"post_excerpt_stackable_v2":"<p>La collection de salle de bains MEMENTO est sign\u00e9 par le fabricant allemand Villeroy &amp; Boch. Elle arbore un design minimaliste plein de style se refl\u00e8te dans les formes r\u00e9duites et \u00e9pur\u00e9es&#8230; La collection MEMENTO Villeroy &amp; Boch propose des couleurs raffin\u00e9es, comme Glossy Black, soulignent la puret\u00e9 et l&#8217;esth\u00e9tique de la c\u00e9ramique de cette collection. Les meubles de salle de bains sont dot\u00e9s d&#8217;une surface en relief sp\u00e9ciale Bright Oak, offrant un contraste \u00e0 la fois visuel et tactile. L&#8217;alliance moderne du bois et du verre offre un design intemporel. Les vasques Villeroy &amp; Boch se distinguent pas un&hellip;<\/p>\n","category_list_v2":"<a href=\"https:\/\/www.joyana.fr\/en\/category\/deco-design\/\" rel=\"category tag\">DECO-DESIGN<\/a>, <a href=\"https:\/\/www.joyana.fr\/en\/category\/deco-design\/decoration\/salle-deau\/\" rel=\"category tag\">Salle d'eau<\/a>","author_info_v2":{"name":"J\u00e9r\u00e9my Frob\u00e9nius","url":"https:\/\/www.joyana.fr\/en\/author\/influence\/"},"comments_num_v2":"0 comments","yoast_head":"<!-- This site is optimized with the Yoast SEO plugin v26.8 - https:\/\/yoast.com\/product\/yoast-seo-wordpress\/ -->\n<title>Collection MEMENTO Villeroy &amp; Boch - JO YANA<\/title>\n<meta name=\"robots\" content=\"index, follow, max-snippet:-1, max-image-preview:large, max-video-preview:-1\" \/>\n<link rel=\"canonical\" href=\"https:\/\/www.joyana.fr\/en\/collection-memento-villeroyboch\/120744\/\" \/>\n<meta property=\"og:locale\" content=\"en_US\" \/>\n<meta property=\"og:locale:alternate\" content=\"fr_FR\" \/>\n<meta property=\"og:locale:alternate\" content=\"ja\" \/>\n<meta property=\"og:type\" content=\"article\" \/>\n<meta property=\"og:title\" content=\"Collection MEMENTO Villeroy &amp; Boch - JO YANA\" \/>\n<meta property=\"og:description\" content=\"La collection de salle de bains MEMENTO est sign\u00e9 par le fabricant allemand Villeroy &amp; Boch. Elle arbore un design minimaliste plein de style se refl\u00e8te dans les formes r\u00e9duites et \u00e9pur\u00e9es&#8230; La collection MEMENTO Villeroy &amp; Boch propose des couleurs raffin\u00e9es, comme Glossy Black, soulignent la puret\u00e9 et l&#8217;esth\u00e9tique de la c\u00e9ramique de cette [&hellip;]\" \/>\n<meta property=\"og:url\" content=\"https:\/\/www.joyana.fr\/en\/collection-memento-villeroyboch\/120744\/\" \/>\n<meta property=\"og:site_name\" content=\"JO YANA\" \/>\n<meta property=\"article:published_time\" content=\"2015-04-27T08:08:13+00:00\" \/>\n<meta property=\"og:image\" content=\"https:\/\/www.joyana.fr\/wp-content\/uploads\/2015\/04\/memento-furniture-01.jpg\" \/>\n\t<meta property=\"og:image:width\" content=\"1920\" \/>\n\t<meta property=\"og:image:height\" content=\"800\" \/>\n\t<meta property=\"og:image:type\" content=\"image\/jpeg\" \/>\n<meta name=\"author\" content=\"J\u00e9r\u00e9my Frob\u00e9nius\" \/>\n<meta name=\"twitter:card\" content=\"summary_large_image\" \/>\n<meta name=\"twitter:creator\" content=\"@Jo_Yana\" \/>\n<meta name=\"twitter:site\" content=\"@Jo_Yana\" \/>\n<meta name=\"twitter:label1\" content=\"Written by\" \/>\n\t<meta name=\"twitter:data1\" content=\"J\u00e9r\u00e9my Frob\u00e9nius\" \/>\n\t<meta name=\"twitter:label2\" content=\"Est. reading time\" \/>\n\t<meta name=\"twitter:data2\" content=\"1 minute\" \/>\n<script type=\"application\/ld+json\" class=\"yoast-schema-graph\">{\"@context\":\"https:\/\/schema.org\",\"@graph\":[{\"@type\":\"Article\",\"@id\":\"https:\/\/www.joyana.fr\/en\/collection-memento-villeroyboch\/120744\/#article\",\"isPartOf\":{\"@id\":\"https:\/\/www.joyana.fr\/en\/collection-memento-villeroyboch\/120744\/\"},\"author\":{\"name\":\"J\u00e9r\u00e9my Frob\u00e9nius\",\"@id\":\"https:\/\/joyana.fr\/#\/schema\/person\/30e35bdb5bc60b25602df18045191b72\"},\"headline\":\"Collection MEMENTO Villeroy &#038; Boch\",\"datePublished\":\"2015-04-27T08:08:13+00:00\",\"mainEntityOfPage\":{\"@id\":\"https:\/\/www.joyana.fr\/en\/collection-memento-villeroyboch\/120744\/\"},\"wordCount\":255,\"commentCount\":0,\"publisher\":{\"@id\":\"https:\/\/joyana.fr\/#\/schema\/person\/cf2a1ad12a27c12c21801075bf37407c\"},\"image\":{\"@id\":\"https:\/\/www.joyana.fr\/en\/collection-memento-villeroyboch\/120744\/#primaryimage\"},\"thumbnailUrl\":\"https:\/\/i0.wp.com\/www.joyana.fr\/wp-content\/uploads\/2015\/04\/memento-furniture-01.jpg?fit=1920%2C800&ssl=1\",\"keywords\":[\"Salle d'eau\",\"Salle de bains design\",\"Villeroy &amp; Boch\"],\"articleSection\":[\"DECO-DESIGN\",\"Salle d'eau\"],\"inLanguage\":\"en-US\",\"potentialAction\":[{\"@type\":\"CommentAction\",\"name\":\"Comment\",\"target\":[\"https:\/\/www.joyana.fr\/en\/collection-memento-villeroyboch\/120744\/#respond\"]}]},{\"@type\":\"WebPage\",\"@id\":\"https:\/\/www.joyana.fr\/en\/collection-memento-villeroyboch\/120744\/\",\"url\":\"https:\/\/www.joyana.fr\/en\/collection-memento-villeroyboch\/120744\/\",\"name\":\"Collection MEMENTO Villeroy & Boch - JO YANA\",\"isPartOf\":{\"@id\":\"https:\/\/joyana.fr\/#website\"},\"primaryImageOfPage\":{\"@id\":\"https:\/\/www.joyana.fr\/en\/collection-memento-villeroyboch\/120744\/#primaryimage\"},\"image\":{\"@id\":\"https:\/\/www.joyana.fr\/en\/collection-memento-villeroyboch\/120744\/#primaryimage\"},\"thumbnailUrl\":\"https:\/\/i0.wp.com\/www.joyana.fr\/wp-content\/uploads\/2015\/04\/memento-furniture-01.jpg?fit=1920%2C800&ssl=1\",\"datePublished\":\"2015-04-27T08:08:13+00:00\",\"breadcrumb\":{\"@id\":\"https:\/\/www.joyana.fr\/en\/collection-memento-villeroyboch\/120744\/#breadcrumb\"},\"inLanguage\":\"en-US\",\"potentialAction\":[{\"@type\":\"ReadAction\",\"target\":[\"https:\/\/www.joyana.fr\/en\/collection-memento-villeroyboch\/120744\/\"]}]},{\"@type\":\"ImageObject\",\"inLanguage\":\"en-US\",\"@id\":\"https:\/\/www.joyana.fr\/en\/collection-memento-villeroyboch\/120744\/#primaryimage\",\"url\":\"https:\/\/i0.wp.com\/www.joyana.fr\/wp-content\/uploads\/2015\/04\/memento-furniture-01.jpg?fit=1920%2C800&ssl=1\",\"contentUrl\":\"https:\/\/i0.wp.com\/www.joyana.fr\/wp-content\/uploads\/2015\/04\/memento-furniture-01.jpg?fit=1920%2C800&ssl=1\",\"width\":1920,\"height\":800},{\"@type\":\"BreadcrumbList\",\"@id\":\"https:\/\/www.joyana.fr\/en\/collection-memento-villeroyboch\/120744\/#breadcrumb\",\"itemListElement\":[{\"@type\":\"ListItem\",\"position\":1,\"name\":\"Accueil\",\"item\":\"https:\/\/joyana.fr\/\"},{\"@type\":\"ListItem\",\"position\":2,\"name\":\"Collection MEMENTO Villeroy &#038; Boch\"}]},{\"@type\":\"WebSite\",\"@id\":\"https:\/\/joyana.fr\/#website\",\"url\":\"https:\/\/joyana.fr\/\",\"name\":\"JO YANA\",\"description\":\"Blog Mode Homme, Lifestyle, D\u00e9co-Design\",\"publisher\":{\"@id\":\"https:\/\/joyana.fr\/#\/schema\/person\/cf2a1ad12a27c12c21801075bf37407c\"},\"potentialAction\":[{\"@type\":\"SearchAction\",\"target\":{\"@type\":\"EntryPoint\",\"urlTemplate\":\"https:\/\/joyana.fr\/?s={search_term_string}\"},\"query-input\":{\"@type\":\"PropertyValueSpecification\",\"valueRequired\":true,\"valueName\":\"search_term_string\"}}],\"inLanguage\":\"en-US\"},{\"@type\":[\"Person\",\"Organization\"],\"@id\":\"https:\/\/joyana.fr\/#\/schema\/person\/cf2a1ad12a27c12c21801075bf37407c\",\"name\":\"Jo Yana\",\"image\":{\"@type\":\"ImageObject\",\"inLanguage\":\"en-US\",\"@id\":\"https:\/\/joyana.fr\/#\/schema\/person\/image\/\",\"url\":\"https:\/\/i0.wp.com\/www.joyana.fr\/wp-content\/uploads\/2016\/08\/cropped-joyana-logo-black-360x180.png?fit=343%2C164&ssl=1\",\"contentUrl\":\"https:\/\/i0.wp.com\/www.joyana.fr\/wp-content\/uploads\/2016\/08\/cropped-joyana-logo-black-360x180.png?fit=343%2C164&ssl=1\",\"width\":343,\"height\":164,\"caption\":\"Jo Yana\"},\"logo\":{\"@id\":\"https:\/\/joyana.fr\/#\/schema\/person\/image\/\"},\"description\":\"Jo Yana est le cr\u00e9ateur et r\u00e9dacteur en chef des sites DECO-DESIGN. Passionn\u00e9 de Design, Mode, Photo, Luxe, Lifestyle, Musique, mais avant tout Blogueur ! Le plaisir de partager l'anime et a comme devise \\\"POUR L'AMOUR DU BEAU\\\". Retrouvez le aussi sur son blog personnel - https:\/\/joyana.fr...\",\"sameAs\":[\"https:\/\/joyana.fr\/\"]},{\"@type\":\"Person\",\"@id\":\"https:\/\/joyana.fr\/#\/schema\/person\/30e35bdb5bc60b25602df18045191b72\",\"name\":\"J\u00e9r\u00e9my Frob\u00e9nius\",\"image\":{\"@type\":\"ImageObject\",\"inLanguage\":\"en-US\",\"@id\":\"https:\/\/joyana.fr\/#\/schema\/person\/image\/\",\"url\":\"https:\/\/secure.gravatar.com\/avatar\/b53fa5515b55c193a883253e48e39765?s=96&d=retro&r=g\",\"contentUrl\":\"https:\/\/secure.gravatar.com\/avatar\/b53fa5515b55c193a883253e48e39765?s=96&d=retro&r=g\",\"caption\":\"J\u00e9r\u00e9my Frob\u00e9nius\"},\"description\":\"Jeremy Frobenius est un amateur d\u2019architecture et de design depuis de nombreuses ann\u00e9es. Il a rejoint le Forum Deco-Design en 2007 en int\u00e9grant l\u2019\u00e9quipe de mod\u00e9rateurs, et depuis il couvre certains \u00e9v\u00e8nements comme Maison &amp; Objet, ou les Designer's Days... Passionn\u00e9 d\u2019automobiles, il s\u2019exerce aussi \u00e0 la photographie lors de ses voyages et d\u00e9ambulations urbaine.\",\"url\":\"https:\/\/www.joyana.fr\/en\/author\/influence\/\"}]}<\/script>\n<!-- \/ Yoast SEO plugin. -->","yoast_head_json":{"title":"Collection MEMENTO Villeroy & Boch - JO YANA","robots":{"index":"index","follow":"follow","max-snippet":"max-snippet:-1","max-image-preview":"max-image-preview:large","max-video-preview":"max-video-preview:-1"},"canonical":"https:\/\/www.joyana.fr\/en\/collection-memento-villeroyboch\/120744\/","og_locale":"en_US","og_type":"article","og_title":"Collection MEMENTO Villeroy & Boch - JO YANA","og_description":"La collection de salle de bains MEMENTO est sign\u00e9 par le fabricant allemand Villeroy &amp; Boch. Elle arbore un design minimaliste plein de style se refl\u00e8te dans les formes r\u00e9duites et \u00e9pur\u00e9es&#8230; La collection MEMENTO Villeroy &amp; Boch propose des couleurs raffin\u00e9es, comme Glossy Black, soulignent la puret\u00e9 et l&#8217;esth\u00e9tique de la c\u00e9ramique de cette [&hellip;]","og_url":"https:\/\/www.joyana.fr\/en\/collection-memento-villeroyboch\/120744\/","og_site_name":"JO YANA","article_published_time":"2015-04-27T08:08:13+00:00","og_image":[{"width":1920,"height":800,"url":"https:\/\/www.joyana.fr\/wp-content\/uploads\/2015\/04\/memento-furniture-01.jpg","type":"image\/jpeg"}],"author":"J\u00e9r\u00e9my Frob\u00e9nius","twitter_card":"summary_large_image","twitter_creator":"@Jo_Yana","twitter_site":"@Jo_Yana","twitter_misc":{"Written by":"J\u00e9r\u00e9my Frob\u00e9nius","Est. reading time":"1 minute"},"schema":{"@context":"https:\/\/schema.org","@graph":[{"@type":"Article","@id":"https:\/\/www.joyana.fr\/en\/collection-memento-villeroyboch\/120744\/#article","isPartOf":{"@id":"https:\/\/www.joyana.fr\/en\/collection-memento-villeroyboch\/120744\/"},"author":{"name":"J\u00e9r\u00e9my Frob\u00e9nius","@id":"https:\/\/joyana.fr\/#\/schema\/person\/30e35bdb5bc60b25602df18045191b72"},"headline":"Collection MEMENTO Villeroy &#038; Boch","datePublished":"2015-04-27T08:08:13+00:00","mainEntityOfPage":{"@id":"https:\/\/www.joyana.fr\/en\/collection-memento-villeroyboch\/120744\/"},"wordCount":255,"commentCount":0,"publisher":{"@id":"https:\/\/joyana.fr\/#\/schema\/person\/cf2a1ad12a27c12c21801075bf37407c"},"image":{"@id":"https:\/\/www.joyana.fr\/en\/collection-memento-villeroyboch\/120744\/#primaryimage"},"thumbnailUrl":"https:\/\/i0.wp.com\/www.joyana.fr\/wp-content\/uploads\/2015\/04\/memento-furniture-01.jpg?fit=1920%2C800&ssl=1","keywords":["Salle d'eau","Salle de bains design","Villeroy &amp; Boch"],"articleSection":["DECO-DESIGN","Salle d'eau"],"inLanguage":"en-US","potentialAction":[{"@type":"CommentAction","name":"Comment","target":["https:\/\/www.joyana.fr\/en\/collection-memento-villeroyboch\/120744\/#respond"]}]},{"@type":"WebPage","@id":"https:\/\/www.joyana.fr\/en\/collection-memento-villeroyboch\/120744\/","url":"https:\/\/www.joyana.fr\/en\/collection-memento-villeroyboch\/120744\/","name":"Collection MEMENTO Villeroy & Boch - JO YANA","isPartOf":{"@id":"https:\/\/joyana.fr\/#website"},"primaryImageOfPage":{"@id":"https:\/\/www.joyana.fr\/en\/collection-memento-villeroyboch\/120744\/#primaryimage"},"image":{"@id":"https:\/\/www.joyana.fr\/en\/collection-memento-villeroyboch\/120744\/#primaryimage"},"thumbnailUrl":"https:\/\/i0.wp.com\/www.joyana.fr\/wp-content\/uploads\/2015\/04\/memento-furniture-01.jpg?fit=1920%2C800&ssl=1","datePublished":"2015-04-27T08:08:13+00:00","breadcrumb":{"@id":"https:\/\/www.joyana.fr\/en\/collection-memento-villeroyboch\/120744\/#breadcrumb"},"inLanguage":"en-US","potentialAction":[{"@type":"ReadAction","target":["https:\/\/www.joyana.fr\/en\/collection-memento-villeroyboch\/120744\/"]}]},{"@type":"ImageObject","inLanguage":"en-US","@id":"https:\/\/www.joyana.fr\/en\/collection-memento-villeroyboch\/120744\/#primaryimage","url":"https:\/\/i0.wp.com\/www.joyana.fr\/wp-content\/uploads\/2015\/04\/memento-furniture-01.jpg?fit=1920%2C800&ssl=1","contentUrl":"https:\/\/i0.wp.com\/www.joyana.fr\/wp-content\/uploads\/2015\/04\/memento-furniture-01.jpg?fit=1920%2C800&ssl=1","width":1920,"height":800},{"@type":"BreadcrumbList","@id":"https:\/\/www.joyana.fr\/en\/collection-memento-villeroyboch\/120744\/#breadcrumb","itemListElement":[{"@type":"ListItem","position":1,"name":"Accueil","item":"https:\/\/joyana.fr\/"},{"@type":"ListItem","position":2,"name":"Collection MEMENTO Villeroy &#038; Boch"}]},{"@type":"WebSite","@id":"https:\/\/joyana.fr\/#website","url":"https:\/\/joyana.fr\/","name":"JO YANA","description":"Blog Mode Homme, Lifestyle, D\u00e9co-Design","publisher":{"@id":"https:\/\/joyana.fr\/#\/schema\/person\/cf2a1ad12a27c12c21801075bf37407c"},"potentialAction":[{"@type":"SearchAction","target":{"@type":"EntryPoint","urlTemplate":"https:\/\/joyana.fr\/?s={search_term_string}"},"query-input":{"@type":"PropertyValueSpecification","valueRequired":true,"valueName":"search_term_string"}}],"inLanguage":"en-US"},{"@type":["Person","Organization"],"@id":"https:\/\/joyana.fr\/#\/schema\/person\/cf2a1ad12a27c12c21801075bf37407c","name":"Jo Yana","image":{"@type":"ImageObject","inLanguage":"en-US","@id":"https:\/\/joyana.fr\/#\/schema\/person\/image\/","url":"https:\/\/i0.wp.com\/www.joyana.fr\/wp-content\/uploads\/2016\/08\/cropped-joyana-logo-black-360x180.png?fit=343%2C164&ssl=1","contentUrl":"https:\/\/i0.wp.com\/www.joyana.fr\/wp-content\/uploads\/2016\/08\/cropped-joyana-logo-black-360x180.png?fit=343%2C164&ssl=1","width":343,"height":164,"caption":"Jo Yana"},"logo":{"@id":"https:\/\/joyana.fr\/#\/schema\/person\/image\/"},"description":"Jo Yana est le cr\u00e9ateur et r\u00e9dacteur en chef des sites DECO-DESIGN. Passionn\u00e9 de Design, Mode, Photo, Luxe, Lifestyle, Musique, mais avant tout Blogueur ! Le plaisir de partager l'anime et a comme devise \"POUR L'AMOUR DU BEAU\". Retrouvez le aussi sur son blog personnel - https:\/\/joyana.fr...","sameAs":["https:\/\/joyana.fr\/"]},{"@type":"Person","@id":"https:\/\/joyana.fr\/#\/schema\/person\/30e35bdb5bc60b25602df18045191b72","name":"J\u00e9r\u00e9my Frob\u00e9nius","image":{"@type":"ImageObject","inLanguage":"en-US","@id":"https:\/\/joyana.fr\/#\/schema\/person\/image\/","url":"https:\/\/secure.gravatar.com\/avatar\/b53fa5515b55c193a883253e48e39765?s=96&d=retro&r=g","contentUrl":"https:\/\/secure.gravatar.com\/avatar\/b53fa5515b55c193a883253e48e39765?s=96&d=retro&r=g","caption":"J\u00e9r\u00e9my Frob\u00e9nius"},"description":"Jeremy Frobenius est un amateur d\u2019architecture et de design depuis de nombreuses ann\u00e9es. Il a rejoint le Forum Deco-Design en 2007 en int\u00e9grant l\u2019\u00e9quipe de mod\u00e9rateurs, et depuis il couvre certains \u00e9v\u00e8nements comme Maison &amp; Objet, ou les Designer's Days... Passionn\u00e9 d\u2019automobiles, il s\u2019exerce aussi \u00e0 la photographie lors de ses voyages et d\u00e9ambulations urbaine.","url":"https:\/\/www.joyana.fr\/en\/author\/influence\/"}]}},"author_meta":{"display_name":"J\u00e9r\u00e9my Frob\u00e9nius","author_link":"https:\/\/www.joyana.fr\/en\/author\/influence\/"},"featured_img":"https:\/\/i0.wp.com\/www.joyana.fr\/wp-content\/uploads\/2015\/04\/memento-furniture-01.jpg?fit=389%2C162&ssl=1","featured_image_src":"https:\/\/i0.wp.com\/www.joyana.fr\/wp-content\/uploads\/2015\/04\/memento-furniture-01.jpg?resize=600%2C400&ssl=1","featured_image_src_square":"https:\/\/i0.wp.com\/www.joyana.fr\/wp-content\/uploads\/2015\/04\/memento-furniture-01.jpg?resize=600%2C600&ssl=1","jetpack_featured_media_url":"https:\/\/i0.wp.com\/www.joyana.fr\/wp-content\/uploads\/2015\/04\/memento-furniture-01.jpg?fit=1920%2C800&ssl=1","uagb_featured_image_src":{"full":["https:\/\/i0.wp.com\/www.joyana.fr\/wp-content\/uploads\/2015\/04\/memento-furniture-01.jpg?fit=1920%2C800&ssl=1",1920,800,false],"thumbnail":["https:\/\/i0.wp.com\/www.joyana.fr\/wp-content\/uploads\/2015\/04\/memento-furniture-01.jpg?resize=150%2C150&ssl=1",150,150,true],"medium":["https:\/\/i0.wp.com\/www.joyana.fr\/wp-content\/uploads\/2015\/04\/memento-furniture-01.jpg?fit=389%2C162&ssl=1",389,162,true],"medium_large":["https:\/\/i0.wp.com\/www.joyana.fr\/wp-content\/uploads\/2015\/04\/memento-furniture-01.jpg?fit=768%2C320&ssl=1",768,320,true],"large":["https:\/\/i0.wp.com\/www.joyana.fr\/wp-content\/uploads\/2015\/04\/memento-furniture-01.jpg?fit=1024%2C427&ssl=1",1024,427,true],"1536x1536":["https:\/\/i0.wp.com\/www.joyana.fr\/wp-content\/uploads\/2015\/04\/memento-furniture-01.jpg?fit=1536%2C640&ssl=1",1536,640,true],"2048x2048":["https:\/\/i0.wp.com\/www.joyana.fr\/wp-content\/uploads\/2015\/04\/memento-furniture-01.jpg?fit=1920%2C800&ssl=1",1920,800,true],"featured-thumb":["https:\/\/i0.wp.com\/www.joyana.fr\/wp-content\/uploads\/2015\/04\/memento-furniture-01.jpg?resize=1903%2C750&ssl=1",1903,750,true],"ab-block-post-grid-landscape":["https:\/\/i0.wp.com\/www.joyana.fr\/wp-content\/uploads\/2015\/04\/memento-furniture-01.jpg?resize=600%2C400&ssl=1",600,400,true],"ab-block-post-grid-square":["https:\/\/i0.wp.com\/www.joyana.fr\/wp-content\/uploads\/2015\/04\/memento-furniture-01.jpg?resize=600%2C600&ssl=1",600,600,true],"author-pro-image":["https:\/\/i0.wp.com\/www.joyana.fr\/wp-content\/uploads\/2015\/04\/memento-furniture-01.jpg?resize=360%2C570&ssl=1",360,570,true],"slider":["https:\/\/i0.wp.com\/www.joyana.fr\/wp-content\/uploads\/2015\/04\/memento-furniture-01.jpg?resize=920%2C400&ssl=1",920,400,true],"woocommerce_thumbnail":["https:\/\/i0.wp.com\/www.joyana.fr\/wp-content\/uploads\/2015\/04\/memento-furniture-01.jpg?resize=450%2C450&ssl=1",450,450,true],"woocommerce_single":["https:\/\/i0.wp.com\/www.joyana.fr\/wp-content\/uploads\/2015\/04\/memento-furniture-01.jpg?fit=920%2C383&ssl=1",920,383,true],"woocommerce_gallery_thumbnail":["https:\/\/i0.wp.com\/www.joyana.fr\/wp-content\/uploads\/2015\/04\/memento-furniture-01.jpg?resize=180%2C180&ssl=1",180,180,true],"sow-carousel-default":["https:\/\/i0.wp.com\/www.joyana.fr\/wp-content\/uploads\/2015\/04\/memento-furniture-01.jpg?resize=272%2C182&ssl=1",272,182,true]},"uagb_author_info":{"display_name":"J\u00e9r\u00e9my Frob\u00e9nius","author_link":"https:\/\/www.joyana.fr\/en\/author\/influence\/"},"uagb_comment_info":2,"uagb_excerpt":"La collection de salle de bains MEMENTO est sign\u00e9 par le fabricant allemand Villeroy &amp; Boch. Elle arbore un design minimaliste plein de style se refl\u00e8te dans les formes r\u00e9duites et \u00e9pur\u00e9es&#8230; La collection MEMENTO Villeroy &amp; Boch propose des couleurs raffin\u00e9es, comme Glossy Black, soulignent la puret\u00e9 et l&#8217;esth\u00e9tique de la c\u00e9ramique de cette&hellip;","coauthors":[],"tax_additional":{"categories":{"linked":["<a href=\"https:\/\/www.joyana.fr\/en\/category\/deco-design\/\" class=\"advgb-post-tax-term\">DECO-DESIGN<\/a>","<a href=\"https:\/\/www.joyana.fr\/en\/category\/deco-design\/decoration\/salle-deau\/\" class=\"advgb-post-tax-term\">Salle d&#039;eau<\/a>"],"unlinked":["<span class=\"advgb-post-tax-term\">DECO-DESIGN<\/span>","<span class=\"advgb-post-tax-term\">Salle d&#039;eau<\/span>"]},"tags":{"linked":["<a href=\"https:\/\/www.joyana.fr\/en\/category\/deco-design\/decoration\/salle-deau\/\" class=\"advgb-post-tax-term\">Salle d&#039;eau<\/a>","<a href=\"https:\/\/www.joyana.fr\/en\/category\/deco-design\/decoration\/salle-deau\/\" class=\"advgb-post-tax-term\">Salle de bains design<\/a>","<a href=\"https:\/\/www.joyana.fr\/en\/category\/deco-design\/decoration\/salle-deau\/\" class=\"advgb-post-tax-term\">Villeroy &amp; Boch<\/a>"],"unlinked":["<span class=\"advgb-post-tax-term\">Salle d&#039;eau<\/span>","<span class=\"advgb-post-tax-term\">Salle de bains design<\/span>","<span class=\"advgb-post-tax-term\">Villeroy &amp; Boch<\/span>"]}},"comment_count":0,"relative_dates":{"created":"Posted 11 years ago","modified":"Updated 11 years ago"},"absolute_dates":{"created":"Posted on 27 April 2015","modified":"Updated on 27 April 2015"},"absolute_dates_time":{"created":"Posted on 27 April 2015 9:08","modified":"Updated on 27 April 2015 9:08"},"featured_img_caption":"","series_order":"","jetpack_sharing_enabled":true,"jetpack_shortlink":"https:\/\/wp.me\/p9bteI-vpu","jetpack-related-posts":[],"_links":{"self":[{"href":"https:\/\/www.joyana.fr\/en\/wp-json\/wp\/v2\/posts\/120744","targetHints":{"allow":["GET"]}}],"collection":[{"href":"https:\/\/www.joyana.fr\/en\/wp-json\/wp\/v2\/posts"}],"about":[{"href":"https:\/\/www.joyana.fr\/en\/wp-json\/wp\/v2\/types\/post"}],"author":[{"embeddable":true,"href":"https:\/\/www.joyana.fr\/en\/wp-json\/wp\/v2\/users\/2"}],"replies":[{"embeddable":true,"href":"https:\/\/www.joyana.fr\/en\/wp-json\/wp\/v2\/comments?post=120744"}],"version-history":[{"count":0,"href":"https:\/\/www.joyana.fr\/en\/wp-json\/wp\/v2\/posts\/120744\/revisions"}],"wp:featuredmedia":[{"embeddable":true,"href":"https:\/\/www.joyana.fr\/en\/wp-json\/wp\/v2\/media\/120739"}],"wp:attachment":[{"href":"https:\/\/www.joyana.fr\/en\/wp-json\/wp\/v2\/media?parent=120744"}],"wp:term":[{"taxonomy":"category","embeddable":true,"href":"https:\/\/www.joyana.fr\/en\/wp-json\/wp\/v2\/categories?post=120744"},{"taxonomy":"post_tag","embeddable":true,"href":"https:\/\/www.joyana.fr\/en\/wp-json\/wp\/v2\/tags?post=120744"}],"curies":[{"name":"wp","href":"https:\/\/api.w.org\/{rel}","templated":true}]}}