{"id":119117,"date":"2014-12-02T07:54:38","date_gmt":"2014-12-02T06:54:38","guid":{"rendered":"https:\/\/joyana.fr\/?p=19117"},"modified":"2014-12-02T07:54:38","modified_gmt":"2014-12-02T06:54:38","slug":"lampe-argand-quentin-coster","status":"publish","type":"post","link":"https:\/\/www.joyana.fr\/en\/lampe-argand-quentin-coster\/119117\/","title":{"rendered":"Lampe ARGAND par Quentin DE COSTER"},"content":{"rendered":"<p style=\"text-align: justify;\">La <strong>lampe ARGAND<\/strong> est le projet de fin d&#8217;\u00e9tudes du designer <a title=\"Quentin de COSTER\" href=\"https:\/\/joyana.fr\/category\/designer\/quentin-de-coster\/\" target=\"_blank\"><strong>Quentin De Coster<\/strong><\/a> &#8211; que <a title=\"BLOG DECORATION\" href=\"https:\/\/joyana.fr\/   \" target=\"_blank\">Deco-Design<\/a> suit depuis ses d\u00e9buts &#8211; qu&#8217;il a pr\u00e9sent\u00e9 en juin dernier \u00e0 l\u2019ENSAV La Cambre \u00e0 Bruxelles&#8230;<\/p>\n<p><a href=\"https:\/\/i0.wp.com\/joyana.fr\/wp-content\/uploads\/2014\/12\/ARGAND_4.jpg?ssl=1\"><img data-recalc-dims=\"1\" fetchpriority=\"high\" decoding=\"async\" class=\"alignnone size-full wp-image-19121\" src=\"https:\/\/i0.wp.com\/joyana.fr\/wp-content\/uploads\/2014\/12\/ARGAND_4.jpg?resize=800%2C533&#038;ssl=1\" alt=\"ARGAND_4\" width=\"800\" height=\"533\" \/><\/a><\/p>\n<p style=\"text-align: justify;\">Le designer Belge <strong>Quentin De Coster<\/strong> nous confie qu&#8217;\u00e0 24 ans il a enfin termin\u00e9 ses \u00e9tudes, et cette <strong>lampe de table ARGAND<\/strong> est son projet de fin d\u2019\u00e9tudes&#8230; Pour la conception de cet objet, il a favoris\u00e9 une approche plus exp\u00e9rimentale et artisanale qu\u2019industrielle. Le designer s&#8217;est permis d\u2019opter pour des mat\u00e9riaux nobles (laiton, or rose, verre\u2026) afin d\u2019\u00eatre fid\u00e8le \u00e0 la r\u00e9f\u00e9rence historique. La lampe telle qu\u2019elle est con\u00e7ue actuellement ne peut pas \u00eatre produite industriellement, c\u2019est de la joaillerie !<\/p>\n<p style=\"text-align: justify;\">Presque tous les composants de la <strong>lampe ARGAND<\/strong> ont \u00e9t\u00e9 fabriqu\u00e9s sur mesure. Il aimerait beaucoup trouver une galerie pour la commercialiser en s\u00e9rie limit\u00e9e&#8230;<\/p>\n<p><a href=\"https:\/\/i0.wp.com\/joyana.fr\/wp-content\/uploads\/2014\/12\/ARGAND_5.jpg?ssl=1\"><img data-recalc-dims=\"1\" decoding=\"async\" class=\"alignnone size-full wp-image-19122\" src=\"https:\/\/i0.wp.com\/joyana.fr\/wp-content\/uploads\/2014\/12\/ARGAND_5.jpg?resize=800%2C533&#038;ssl=1\" alt=\"ARGAND_5\" width=\"800\" height=\"533\" \/><\/a><\/p>\n<p><a href=\"https:\/\/i0.wp.com\/joyana.fr\/wp-content\/uploads\/2014\/12\/ARGAND_6.jpg?ssl=1\"><img data-recalc-dims=\"1\" decoding=\"async\" class=\"alignnone size-full wp-image-19123\" src=\"https:\/\/i0.wp.com\/joyana.fr\/wp-content\/uploads\/2014\/12\/ARGAND_6.jpg?resize=800%2C533&#038;ssl=1\" alt=\"ARGAND_6\" width=\"800\" height=\"533\" \/><\/a><\/p>\n<p><a href=\"https:\/\/i0.wp.com\/joyana.fr\/wp-content\/uploads\/2014\/12\/ARGAND_8.jpg?ssl=1\"><img data-recalc-dims=\"1\" loading=\"lazy\" decoding=\"async\" class=\"alignnone size-full wp-image-19125\" src=\"https:\/\/i0.wp.com\/joyana.fr\/wp-content\/uploads\/2014\/12\/ARGAND_8.jpg?resize=800%2C1200&#038;ssl=1\" alt=\"ARGAND_8\" width=\"800\" height=\"1200\" \/><\/a><\/p>\n\n<p><a href=\"https:\/\/i0.wp.com\/joyana.fr\/wp-content\/uploads\/2014\/12\/ARGAND_10.jpg?ssl=1\"><img data-recalc-dims=\"1\" loading=\"lazy\" decoding=\"async\" class=\"alignnone size-full wp-image-19127\" src=\"https:\/\/i0.wp.com\/joyana.fr\/wp-content\/uploads\/2014\/12\/ARGAND_10.jpg?resize=800%2C1200&#038;ssl=1\" alt=\"ARGAND_10\" width=\"800\" height=\"1200\" \/><\/a><\/p>\n<p style=\"text-align: center;\">En savoir + sur <strong><a href=\"http:\/\/www.quentindecoster.com\" target=\"_blank\">Quentin DE COSTER<\/a><\/strong><\/p>\n","protected":false},"excerpt":{"rendered":"<p>La lampe ARGAND est le projet de fin d&#8217;\u00e9tudes du designer Quentin De Coster &#8211; que Deco-Design suit depuis ses d\u00e9buts &#8211; qu&#8217;il a pr\u00e9sent\u00e9 en juin dernier \u00e0 l\u2019ENSAV La Cambre \u00e0 Bruxelles&#8230;<\/p>\n","protected":false},"author":3,"featured_media":119124,"comment_status":"open","ping_status":"open","sticky":false,"template":"","format":"aside","meta":{"_coblocks_attr":"","_coblocks_dimensions":"","_coblocks_responsive_height":"","_coblocks_accordion_ie_support":"","_uag_custom_page_level_css":"","advgb_blocks_editor_width":"","advgb_blocks_columns_visual_guide":"","_genesis_hide_title":false,"_genesis_hide_breadcrumbs":false,"_genesis_hide_singular_image":false,"_genesis_hide_footer_widgets":false,"_genesis_custom_body_class":"","_genesis_custom_post_class":"","_genesis_layout":"","_themeisle_gutenberg_block_has_review":false,"_jetpack_newsletter_access":"","_jetpack_dont_email_post_to_subs":false,"_jetpack_newsletter_tier_id":0,"_jetpack_memberships_contains_paywalled_content":false,"_jetpack_memberships_contains_paid_content":false,"footnotes":""},"categories":[905,927,917,1013],"tags":[1133,10,507,1014],"class_list":{"0":"post-119117","1":"post","2":"type-post","3":"status-publish","4":"format-aside","5":"has-post-thumbnail","7":"category-deco-design","8":"category-lampe","9":"category-luminaire","10":"category-quentin-de-coster","11":"tag-lampe-design","12":"tag-luxe","13":"tag-or-rose","14":"tag-quentin-de-coster","15":"post_format-post-format-aside","16":"entry"},"featured_image_urls":{"full":["https:\/\/i0.wp.com\/www.joyana.fr\/wp-content\/uploads\/2014\/12\/ARGAND_7.jpg?fit=800%2C533&ssl=1",800,533,false],"thumbnail":["https:\/\/i0.wp.com\/www.joyana.fr\/wp-content\/uploads\/2014\/12\/ARGAND_7.jpg?resize=150%2C150&ssl=1",150,150,true],"medium":["https:\/\/i0.wp.com\/www.joyana.fr\/wp-content\/uploads\/2014\/12\/ARGAND_7.jpg?fit=389%2C259&ssl=1",389,259,true],"medium_large":["https:\/\/i0.wp.com\/www.joyana.fr\/wp-content\/uploads\/2014\/12\/ARGAND_7.jpg?fit=768%2C512&ssl=1",768,512,true],"large":["https:\/\/i0.wp.com\/www.joyana.fr\/wp-content\/uploads\/2014\/12\/ARGAND_7.jpg?fit=800%2C533&ssl=1",800,533,true],"1536x1536":["https:\/\/i0.wp.com\/www.joyana.fr\/wp-content\/uploads\/2014\/12\/ARGAND_7.jpg?fit=800%2C533&ssl=1",800,533,true],"2048x2048":["https:\/\/i0.wp.com\/www.joyana.fr\/wp-content\/uploads\/2014\/12\/ARGAND_7.jpg?fit=800%2C533&ssl=1",800,533,true],"featured-thumb":["https:\/\/i0.wp.com\/www.joyana.fr\/wp-content\/uploads\/2014\/12\/ARGAND_7.jpg?resize=800%2C533&ssl=1",800,533,true],"ab-block-post-grid-landscape":["https:\/\/i0.wp.com\/www.joyana.fr\/wp-content\/uploads\/2014\/12\/ARGAND_7.jpg?resize=600%2C400&ssl=1",600,400,true],"ab-block-post-grid-square":["https:\/\/i0.wp.com\/www.joyana.fr\/wp-content\/uploads\/2014\/12\/ARGAND_7.jpg?resize=600%2C533&ssl=1",600,533,true],"author-pro-image":["https:\/\/i0.wp.com\/www.joyana.fr\/wp-content\/uploads\/2014\/12\/ARGAND_7.jpg?resize=360%2C533&ssl=1",360,533,true],"slider":["https:\/\/i0.wp.com\/www.joyana.fr\/wp-content\/uploads\/2014\/12\/ARGAND_7.jpg?resize=800%2C400&ssl=1",800,400,true],"woocommerce_thumbnail":["https:\/\/i0.wp.com\/www.joyana.fr\/wp-content\/uploads\/2014\/12\/ARGAND_7.jpg?resize=450%2C450&ssl=1",450,450,true],"woocommerce_single":["https:\/\/i0.wp.com\/www.joyana.fr\/wp-content\/uploads\/2014\/12\/ARGAND_7.jpg?fit=800%2C533&ssl=1",800,533,true],"woocommerce_gallery_thumbnail":["https:\/\/i0.wp.com\/www.joyana.fr\/wp-content\/uploads\/2014\/12\/ARGAND_7.jpg?resize=180%2C180&ssl=1",180,180,true],"sow-carousel-default":["https:\/\/i0.wp.com\/www.joyana.fr\/wp-content\/uploads\/2014\/12\/ARGAND_7.jpg?resize=272%2C182&ssl=1",272,182,true]},"post_excerpt_stackable":"<p>La lampe ARGAND est le projet de fin d&#8217;\u00e9tudes du designer Quentin De Coster &#8211; que Deco-Design suit depuis ses d\u00e9buts &#8211; qu&#8217;il a pr\u00e9sent\u00e9 en juin dernier \u00e0 l\u2019ENSAV La Cambre \u00e0 Bruxelles&#8230;<\/p>\n","category_list":"<a href=\"https:\/\/www.joyana.fr\/en\/category\/deco-design\/\" rel=\"category tag\">DECO-DESIGN<\/a>, <a href=\"https:\/\/www.joyana.fr\/en\/category\/deco-design\/luminaire\/lampe\/\" rel=\"category tag\">Lampe<\/a>, <a href=\"https:\/\/www.joyana.fr\/en\/category\/deco-design\/luminaire\/\" rel=\"category tag\">Luminaire<\/a>, <a href=\"https:\/\/www.joyana.fr\/en\/category\/deco-design\/designer\/quentin-de-coster\/\" rel=\"category tag\">Quentin DE COSTER<\/a>","author_info":{"display_name":"Jo Yana","author_link":"https:\/\/www.joyana.fr\/en\/author\/joyana\/"},"comments_num":"0 comments","featured_image_urls_v2":{"full":["https:\/\/i0.wp.com\/www.joyana.fr\/wp-content\/uploads\/2014\/12\/ARGAND_7.jpg?fit=800%2C533&ssl=1",800,533,false],"thumbnail":["https:\/\/i0.wp.com\/www.joyana.fr\/wp-content\/uploads\/2014\/12\/ARGAND_7.jpg?resize=150%2C150&ssl=1",150,150,true],"medium":["https:\/\/i0.wp.com\/www.joyana.fr\/wp-content\/uploads\/2014\/12\/ARGAND_7.jpg?fit=389%2C259&ssl=1",389,259,true],"medium_large":["https:\/\/i0.wp.com\/www.joyana.fr\/wp-content\/uploads\/2014\/12\/ARGAND_7.jpg?fit=768%2C512&ssl=1",768,512,true],"large":["https:\/\/i0.wp.com\/www.joyana.fr\/wp-content\/uploads\/2014\/12\/ARGAND_7.jpg?fit=800%2C533&ssl=1",800,533,true],"1536x1536":["https:\/\/i0.wp.com\/www.joyana.fr\/wp-content\/uploads\/2014\/12\/ARGAND_7.jpg?fit=800%2C533&ssl=1",800,533,true],"2048x2048":["https:\/\/i0.wp.com\/www.joyana.fr\/wp-content\/uploads\/2014\/12\/ARGAND_7.jpg?fit=800%2C533&ssl=1",800,533,true],"featured-thumb":["https:\/\/i0.wp.com\/www.joyana.fr\/wp-content\/uploads\/2014\/12\/ARGAND_7.jpg?resize=800%2C533&ssl=1",800,533,true],"ab-block-post-grid-landscape":["https:\/\/i0.wp.com\/www.joyana.fr\/wp-content\/uploads\/2014\/12\/ARGAND_7.jpg?resize=600%2C400&ssl=1",600,400,true],"ab-block-post-grid-square":["https:\/\/i0.wp.com\/www.joyana.fr\/wp-content\/uploads\/2014\/12\/ARGAND_7.jpg?resize=600%2C533&ssl=1",600,533,true],"author-pro-image":["https:\/\/i0.wp.com\/www.joyana.fr\/wp-content\/uploads\/2014\/12\/ARGAND_7.jpg?resize=360%2C533&ssl=1",360,533,true],"slider":["https:\/\/i0.wp.com\/www.joyana.fr\/wp-content\/uploads\/2014\/12\/ARGAND_7.jpg?resize=800%2C400&ssl=1",800,400,true],"woocommerce_thumbnail":["https:\/\/i0.wp.com\/www.joyana.fr\/wp-content\/uploads\/2014\/12\/ARGAND_7.jpg?resize=450%2C450&ssl=1",450,450,true],"woocommerce_single":["https:\/\/i0.wp.com\/www.joyana.fr\/wp-content\/uploads\/2014\/12\/ARGAND_7.jpg?fit=800%2C533&ssl=1",800,533,true],"woocommerce_gallery_thumbnail":["https:\/\/i0.wp.com\/www.joyana.fr\/wp-content\/uploads\/2014\/12\/ARGAND_7.jpg?resize=180%2C180&ssl=1",180,180,true],"sow-carousel-default":["https:\/\/i0.wp.com\/www.joyana.fr\/wp-content\/uploads\/2014\/12\/ARGAND_7.jpg?resize=272%2C182&ssl=1",272,182,true]},"post_excerpt_stackable_v2":"<p>La lampe ARGAND est le projet de fin d&#8217;\u00e9tudes du designer Quentin De Coster &#8211; que Deco-Design suit depuis ses d\u00e9buts &#8211; qu&#8217;il a pr\u00e9sent\u00e9 en juin dernier \u00e0 l\u2019ENSAV La Cambre \u00e0 Bruxelles&#8230;<\/p>\n","category_list_v2":"<a href=\"https:\/\/www.joyana.fr\/en\/category\/deco-design\/\" rel=\"category tag\">DECO-DESIGN<\/a>, <a href=\"https:\/\/www.joyana.fr\/en\/category\/deco-design\/luminaire\/lampe\/\" rel=\"category tag\">Lampe<\/a>, <a href=\"https:\/\/www.joyana.fr\/en\/category\/deco-design\/luminaire\/\" rel=\"category tag\">Luminaire<\/a>, <a href=\"https:\/\/www.joyana.fr\/en\/category\/deco-design\/designer\/quentin-de-coster\/\" rel=\"category tag\">Quentin DE COSTER<\/a>","author_info_v2":{"name":"Jo Yana","url":"https:\/\/www.joyana.fr\/en\/author\/joyana\/"},"comments_num_v2":"0 comments","yoast_head":"<!-- This site is optimized with the Yoast SEO plugin v26.8 - https:\/\/yoast.com\/product\/yoast-seo-wordpress\/ -->\n<title>Lampe ARGAND par Quentin DE COSTER | DECO-DESIGN<\/title>\n<meta name=\"description\" content=\"La lampe ARGAND est le projet de fin d&#039;\u00e9tudes du designer Quentin De Coster, qu&#039;il a pr\u00e9sent\u00e9 en juin dernier \u00e0 l\u2019ENSAV La Cambre \u00e0 Bruxelles...\" \/>\n<meta name=\"robots\" content=\"index, follow, max-snippet:-1, max-image-preview:large, max-video-preview:-1\" \/>\n<link rel=\"canonical\" href=\"https:\/\/www.joyana.fr\/en\/lampe-argand-quentin-coster\/119117\/\" \/>\n<meta property=\"og:locale\" content=\"en_US\" \/>\n<meta property=\"og:locale:alternate\" content=\"fr_FR\" \/>\n<meta property=\"og:locale:alternate\" content=\"ja\" \/>\n<meta property=\"og:type\" content=\"article\" \/>\n<meta property=\"og:title\" content=\"Lampe ARGAND par Quentin DE COSTER | DECO-DESIGN\" \/>\n<meta property=\"og:description\" content=\"La lampe ARGAND est le projet de fin d&#039;\u00e9tudes du designer Quentin De Coster, qu&#039;il a pr\u00e9sent\u00e9 en juin dernier \u00e0 l\u2019ENSAV La Cambre \u00e0 Bruxelles...\" \/>\n<meta property=\"og:url\" content=\"https:\/\/www.joyana.fr\/en\/lampe-argand-quentin-coster\/119117\/\" \/>\n<meta property=\"og:site_name\" content=\"JO YANA\" \/>\n<meta property=\"article:published_time\" content=\"2014-12-02T06:54:38+00:00\" \/>\n<meta property=\"og:image\" content=\"https:\/\/www.joyana.fr\/wp-content\/uploads\/2014\/12\/ARGAND_7.jpg\" \/>\n\t<meta property=\"og:image:width\" content=\"800\" \/>\n\t<meta property=\"og:image:height\" content=\"533\" \/>\n\t<meta property=\"og:image:type\" content=\"image\/jpeg\" \/>\n<meta name=\"author\" content=\"Jo Yana\" \/>\n<meta name=\"twitter:card\" content=\"summary_large_image\" \/>\n<meta name=\"twitter:creator\" content=\"@Jo_Yana\" \/>\n<meta name=\"twitter:site\" content=\"@Jo_Yana\" \/>\n<meta name=\"twitter:label1\" content=\"Written by\" \/>\n\t<meta name=\"twitter:data1\" content=\"Jo Yana\" \/>\n\t<meta name=\"twitter:label2\" content=\"Est. reading time\" \/>\n\t<meta name=\"twitter:data2\" content=\"1 minute\" \/>\n<script type=\"application\/ld+json\" class=\"yoast-schema-graph\">{\"@context\":\"https:\/\/schema.org\",\"@graph\":[{\"@type\":\"Article\",\"@id\":\"https:\/\/www.joyana.fr\/en\/lampe-argand-quentin-coster\/119117\/#article\",\"isPartOf\":{\"@id\":\"https:\/\/www.joyana.fr\/en\/lampe-argand-quentin-coster\/119117\/\"},\"author\":{\"name\":\"Jo Yana\",\"@id\":\"https:\/\/www.joyana.fr\/ja\/#\/schema\/person\/cf2a1ad12a27c12c21801075bf37407c\"},\"headline\":\"Lampe ARGAND par Quentin DE COSTER\",\"datePublished\":\"2014-12-02T06:54:38+00:00\",\"mainEntityOfPage\":{\"@id\":\"https:\/\/www.joyana.fr\/en\/lampe-argand-quentin-coster\/119117\/\"},\"wordCount\":175,\"commentCount\":0,\"publisher\":{\"@id\":\"https:\/\/www.joyana.fr\/ja\/#\/schema\/person\/cf2a1ad12a27c12c21801075bf37407c\"},\"image\":{\"@id\":\"https:\/\/www.joyana.fr\/en\/lampe-argand-quentin-coster\/119117\/#primaryimage\"},\"thumbnailUrl\":\"https:\/\/i0.wp.com\/www.joyana.fr\/wp-content\/uploads\/2014\/12\/ARGAND_7.jpg?fit=800%2C533&ssl=1\",\"keywords\":[\"Lampe design\",\"Luxe\",\"Or Rose\",\"Quentin DE COSTER\"],\"articleSection\":[\"DECO-DESIGN\",\"Lampe\",\"Luminaire\",\"Quentin DE COSTER\"],\"inLanguage\":\"en-US\",\"potentialAction\":[{\"@type\":\"CommentAction\",\"name\":\"Comment\",\"target\":[\"https:\/\/www.joyana.fr\/en\/lampe-argand-quentin-coster\/119117\/#respond\"]}]},{\"@type\":\"WebPage\",\"@id\":\"https:\/\/www.joyana.fr\/en\/lampe-argand-quentin-coster\/119117\/\",\"url\":\"https:\/\/www.joyana.fr\/en\/lampe-argand-quentin-coster\/119117\/\",\"name\":\"Lampe ARGAND par Quentin DE COSTER | DECO-DESIGN\",\"isPartOf\":{\"@id\":\"https:\/\/www.joyana.fr\/ja\/#website\"},\"primaryImageOfPage\":{\"@id\":\"https:\/\/www.joyana.fr\/en\/lampe-argand-quentin-coster\/119117\/#primaryimage\"},\"image\":{\"@id\":\"https:\/\/www.joyana.fr\/en\/lampe-argand-quentin-coster\/119117\/#primaryimage\"},\"thumbnailUrl\":\"https:\/\/i0.wp.com\/www.joyana.fr\/wp-content\/uploads\/2014\/12\/ARGAND_7.jpg?fit=800%2C533&ssl=1\",\"datePublished\":\"2014-12-02T06:54:38+00:00\",\"description\":\"La lampe ARGAND est le projet de fin d'\u00e9tudes du designer Quentin De Coster, qu'il a pr\u00e9sent\u00e9 en juin dernier \u00e0 l\u2019ENSAV La Cambre \u00e0 Bruxelles...\",\"breadcrumb\":{\"@id\":\"https:\/\/www.joyana.fr\/en\/lampe-argand-quentin-coster\/119117\/#breadcrumb\"},\"inLanguage\":\"en-US\",\"potentialAction\":[{\"@type\":\"ReadAction\",\"target\":[\"https:\/\/www.joyana.fr\/en\/lampe-argand-quentin-coster\/119117\/\"]}]},{\"@type\":\"ImageObject\",\"inLanguage\":\"en-US\",\"@id\":\"https:\/\/www.joyana.fr\/en\/lampe-argand-quentin-coster\/119117\/#primaryimage\",\"url\":\"https:\/\/i0.wp.com\/www.joyana.fr\/wp-content\/uploads\/2014\/12\/ARGAND_7.jpg?fit=800%2C533&ssl=1\",\"contentUrl\":\"https:\/\/i0.wp.com\/www.joyana.fr\/wp-content\/uploads\/2014\/12\/ARGAND_7.jpg?fit=800%2C533&ssl=1\",\"width\":800,\"height\":533},{\"@type\":\"BreadcrumbList\",\"@id\":\"https:\/\/www.joyana.fr\/en\/lampe-argand-quentin-coster\/119117\/#breadcrumb\",\"itemListElement\":[{\"@type\":\"ListItem\",\"position\":1,\"name\":\"Accueil\",\"item\":\"https:\/\/www.joyana.fr\/ja\/\"},{\"@type\":\"ListItem\",\"position\":2,\"name\":\"Lampe ARGAND par Quentin DE COSTER\"}]},{\"@type\":\"WebSite\",\"@id\":\"https:\/\/www.joyana.fr\/ja\/#website\",\"url\":\"https:\/\/www.joyana.fr\/ja\/\",\"name\":\"JO YANA\",\"description\":\"Blog Mode Homme, Lifestyle, D\u00e9co-Design\",\"publisher\":{\"@id\":\"https:\/\/www.joyana.fr\/ja\/#\/schema\/person\/cf2a1ad12a27c12c21801075bf37407c\"},\"potentialAction\":[{\"@type\":\"SearchAction\",\"target\":{\"@type\":\"EntryPoint\",\"urlTemplate\":\"https:\/\/www.joyana.fr\/ja\/?s={search_term_string}\"},\"query-input\":{\"@type\":\"PropertyValueSpecification\",\"valueRequired\":true,\"valueName\":\"search_term_string\"}}],\"inLanguage\":\"en-US\"},{\"@type\":[\"Person\",\"Organization\"],\"@id\":\"https:\/\/www.joyana.fr\/ja\/#\/schema\/person\/cf2a1ad12a27c12c21801075bf37407c\",\"name\":\"Jo Yana\",\"image\":{\"@type\":\"ImageObject\",\"inLanguage\":\"en-US\",\"@id\":\"https:\/\/www.joyana.fr\/ja\/#\/schema\/person\/image\/\",\"url\":\"https:\/\/i0.wp.com\/www.joyana.fr\/wp-content\/uploads\/2016\/08\/cropped-joyana-logo-black-360x180.png?fit=343%2C164&ssl=1\",\"contentUrl\":\"https:\/\/i0.wp.com\/www.joyana.fr\/wp-content\/uploads\/2016\/08\/cropped-joyana-logo-black-360x180.png?fit=343%2C164&ssl=1\",\"width\":343,\"height\":164,\"caption\":\"Jo Yana\"},\"logo\":{\"@id\":\"https:\/\/www.joyana.fr\/ja\/#\/schema\/person\/image\/\"},\"description\":\"Jo Yana est le cr\u00e9ateur et r\u00e9dacteur en chef des sites DECO-DESIGN. Passionn\u00e9 de Design, Mode, Photo, Luxe, Lifestyle, Musique, mais avant tout Blogueur ! Le plaisir de partager l'anime et a comme devise \\\"POUR L'AMOUR DU BEAU\\\". Retrouvez le aussi sur son blog personnel - https:\/\/joyana.fr...\",\"sameAs\":[\"https:\/\/joyana.fr\/\"],\"url\":\"https:\/\/www.joyana.fr\/en\/author\/joyana\/\"}]}<\/script>\n<!-- \/ Yoast SEO plugin. -->","yoast_head_json":{"title":"Lampe ARGAND par Quentin DE COSTER | DECO-DESIGN","description":"La lampe ARGAND est le projet de fin d'\u00e9tudes du designer Quentin De Coster, qu'il a pr\u00e9sent\u00e9 en juin dernier \u00e0 l\u2019ENSAV La Cambre \u00e0 Bruxelles...","robots":{"index":"index","follow":"follow","max-snippet":"max-snippet:-1","max-image-preview":"max-image-preview:large","max-video-preview":"max-video-preview:-1"},"canonical":"https:\/\/www.joyana.fr\/en\/lampe-argand-quentin-coster\/119117\/","og_locale":"en_US","og_type":"article","og_title":"Lampe ARGAND par Quentin DE COSTER | DECO-DESIGN","og_description":"La lampe ARGAND est le projet de fin d'\u00e9tudes du designer Quentin De Coster, qu'il a pr\u00e9sent\u00e9 en juin dernier \u00e0 l\u2019ENSAV La Cambre \u00e0 Bruxelles...","og_url":"https:\/\/www.joyana.fr\/en\/lampe-argand-quentin-coster\/119117\/","og_site_name":"JO YANA","article_published_time":"2014-12-02T06:54:38+00:00","og_image":[{"width":800,"height":533,"url":"https:\/\/www.joyana.fr\/wp-content\/uploads\/2014\/12\/ARGAND_7.jpg","type":"image\/jpeg"}],"author":"Jo Yana","twitter_card":"summary_large_image","twitter_creator":"@Jo_Yana","twitter_site":"@Jo_Yana","twitter_misc":{"Written by":"Jo Yana","Est. reading time":"1 minute"},"schema":{"@context":"https:\/\/schema.org","@graph":[{"@type":"Article","@id":"https:\/\/www.joyana.fr\/en\/lampe-argand-quentin-coster\/119117\/#article","isPartOf":{"@id":"https:\/\/www.joyana.fr\/en\/lampe-argand-quentin-coster\/119117\/"},"author":{"name":"Jo Yana","@id":"https:\/\/www.joyana.fr\/ja\/#\/schema\/person\/cf2a1ad12a27c12c21801075bf37407c"},"headline":"Lampe ARGAND par Quentin DE COSTER","datePublished":"2014-12-02T06:54:38+00:00","mainEntityOfPage":{"@id":"https:\/\/www.joyana.fr\/en\/lampe-argand-quentin-coster\/119117\/"},"wordCount":175,"commentCount":0,"publisher":{"@id":"https:\/\/www.joyana.fr\/ja\/#\/schema\/person\/cf2a1ad12a27c12c21801075bf37407c"},"image":{"@id":"https:\/\/www.joyana.fr\/en\/lampe-argand-quentin-coster\/119117\/#primaryimage"},"thumbnailUrl":"https:\/\/i0.wp.com\/www.joyana.fr\/wp-content\/uploads\/2014\/12\/ARGAND_7.jpg?fit=800%2C533&ssl=1","keywords":["Lampe design","Luxe","Or Rose","Quentin DE COSTER"],"articleSection":["DECO-DESIGN","Lampe","Luminaire","Quentin DE COSTER"],"inLanguage":"en-US","potentialAction":[{"@type":"CommentAction","name":"Comment","target":["https:\/\/www.joyana.fr\/en\/lampe-argand-quentin-coster\/119117\/#respond"]}]},{"@type":"WebPage","@id":"https:\/\/www.joyana.fr\/en\/lampe-argand-quentin-coster\/119117\/","url":"https:\/\/www.joyana.fr\/en\/lampe-argand-quentin-coster\/119117\/","name":"Lampe ARGAND par Quentin DE COSTER | DECO-DESIGN","isPartOf":{"@id":"https:\/\/www.joyana.fr\/ja\/#website"},"primaryImageOfPage":{"@id":"https:\/\/www.joyana.fr\/en\/lampe-argand-quentin-coster\/119117\/#primaryimage"},"image":{"@id":"https:\/\/www.joyana.fr\/en\/lampe-argand-quentin-coster\/119117\/#primaryimage"},"thumbnailUrl":"https:\/\/i0.wp.com\/www.joyana.fr\/wp-content\/uploads\/2014\/12\/ARGAND_7.jpg?fit=800%2C533&ssl=1","datePublished":"2014-12-02T06:54:38+00:00","description":"La lampe ARGAND est le projet de fin d'\u00e9tudes du designer Quentin De Coster, qu'il a pr\u00e9sent\u00e9 en juin dernier \u00e0 l\u2019ENSAV La Cambre \u00e0 Bruxelles...","breadcrumb":{"@id":"https:\/\/www.joyana.fr\/en\/lampe-argand-quentin-coster\/119117\/#breadcrumb"},"inLanguage":"en-US","potentialAction":[{"@type":"ReadAction","target":["https:\/\/www.joyana.fr\/en\/lampe-argand-quentin-coster\/119117\/"]}]},{"@type":"ImageObject","inLanguage":"en-US","@id":"https:\/\/www.joyana.fr\/en\/lampe-argand-quentin-coster\/119117\/#primaryimage","url":"https:\/\/i0.wp.com\/www.joyana.fr\/wp-content\/uploads\/2014\/12\/ARGAND_7.jpg?fit=800%2C533&ssl=1","contentUrl":"https:\/\/i0.wp.com\/www.joyana.fr\/wp-content\/uploads\/2014\/12\/ARGAND_7.jpg?fit=800%2C533&ssl=1","width":800,"height":533},{"@type":"BreadcrumbList","@id":"https:\/\/www.joyana.fr\/en\/lampe-argand-quentin-coster\/119117\/#breadcrumb","itemListElement":[{"@type":"ListItem","position":1,"name":"Accueil","item":"https:\/\/www.joyana.fr\/ja\/"},{"@type":"ListItem","position":2,"name":"Lampe ARGAND par Quentin DE COSTER"}]},{"@type":"WebSite","@id":"https:\/\/www.joyana.fr\/ja\/#website","url":"https:\/\/www.joyana.fr\/ja\/","name":"JO YANA","description":"Blog Mode Homme, Lifestyle, D\u00e9co-Design","publisher":{"@id":"https:\/\/www.joyana.fr\/ja\/#\/schema\/person\/cf2a1ad12a27c12c21801075bf37407c"},"potentialAction":[{"@type":"SearchAction","target":{"@type":"EntryPoint","urlTemplate":"https:\/\/www.joyana.fr\/ja\/?s={search_term_string}"},"query-input":{"@type":"PropertyValueSpecification","valueRequired":true,"valueName":"search_term_string"}}],"inLanguage":"en-US"},{"@type":["Person","Organization"],"@id":"https:\/\/www.joyana.fr\/ja\/#\/schema\/person\/cf2a1ad12a27c12c21801075bf37407c","name":"Jo Yana","image":{"@type":"ImageObject","inLanguage":"en-US","@id":"https:\/\/www.joyana.fr\/ja\/#\/schema\/person\/image\/","url":"https:\/\/i0.wp.com\/www.joyana.fr\/wp-content\/uploads\/2016\/08\/cropped-joyana-logo-black-360x180.png?fit=343%2C164&ssl=1","contentUrl":"https:\/\/i0.wp.com\/www.joyana.fr\/wp-content\/uploads\/2016\/08\/cropped-joyana-logo-black-360x180.png?fit=343%2C164&ssl=1","width":343,"height":164,"caption":"Jo Yana"},"logo":{"@id":"https:\/\/www.joyana.fr\/ja\/#\/schema\/person\/image\/"},"description":"Jo Yana est le cr\u00e9ateur et r\u00e9dacteur en chef des sites DECO-DESIGN. Passionn\u00e9 de Design, Mode, Photo, Luxe, Lifestyle, Musique, mais avant tout Blogueur ! Le plaisir de partager l'anime et a comme devise \"POUR L'AMOUR DU BEAU\". Retrouvez le aussi sur son blog personnel - https:\/\/joyana.fr...","sameAs":["https:\/\/joyana.fr\/"],"url":"https:\/\/www.joyana.fr\/en\/author\/joyana\/"}]}},"author_meta":{"display_name":"Jo Yana","author_link":"https:\/\/www.joyana.fr\/en\/author\/joyana\/"},"featured_img":"https:\/\/i0.wp.com\/www.joyana.fr\/wp-content\/uploads\/2014\/12\/ARGAND_7.jpg?fit=389%2C259&ssl=1","featured_image_src":"https:\/\/i0.wp.com\/www.joyana.fr\/wp-content\/uploads\/2014\/12\/ARGAND_7.jpg?resize=600%2C400&ssl=1","featured_image_src_square":"https:\/\/i0.wp.com\/www.joyana.fr\/wp-content\/uploads\/2014\/12\/ARGAND_7.jpg?resize=600%2C533&ssl=1","jetpack_featured_media_url":"https:\/\/i0.wp.com\/www.joyana.fr\/wp-content\/uploads\/2014\/12\/ARGAND_7.jpg?fit=800%2C533&ssl=1","uagb_featured_image_src":{"full":["https:\/\/i0.wp.com\/www.joyana.fr\/wp-content\/uploads\/2014\/12\/ARGAND_7.jpg?fit=800%2C533&ssl=1",800,533,false],"thumbnail":["https:\/\/i0.wp.com\/www.joyana.fr\/wp-content\/uploads\/2014\/12\/ARGAND_7.jpg?resize=150%2C150&ssl=1",150,150,true],"medium":["https:\/\/i0.wp.com\/www.joyana.fr\/wp-content\/uploads\/2014\/12\/ARGAND_7.jpg?fit=389%2C259&ssl=1",389,259,true],"medium_large":["https:\/\/i0.wp.com\/www.joyana.fr\/wp-content\/uploads\/2014\/12\/ARGAND_7.jpg?fit=768%2C512&ssl=1",768,512,true],"large":["https:\/\/i0.wp.com\/www.joyana.fr\/wp-content\/uploads\/2014\/12\/ARGAND_7.jpg?fit=800%2C533&ssl=1",800,533,true],"1536x1536":["https:\/\/i0.wp.com\/www.joyana.fr\/wp-content\/uploads\/2014\/12\/ARGAND_7.jpg?fit=800%2C533&ssl=1",800,533,true],"2048x2048":["https:\/\/i0.wp.com\/www.joyana.fr\/wp-content\/uploads\/2014\/12\/ARGAND_7.jpg?fit=800%2C533&ssl=1",800,533,true],"featured-thumb":["https:\/\/i0.wp.com\/www.joyana.fr\/wp-content\/uploads\/2014\/12\/ARGAND_7.jpg?resize=800%2C533&ssl=1",800,533,true],"ab-block-post-grid-landscape":["https:\/\/i0.wp.com\/www.joyana.fr\/wp-content\/uploads\/2014\/12\/ARGAND_7.jpg?resize=600%2C400&ssl=1",600,400,true],"ab-block-post-grid-square":["https:\/\/i0.wp.com\/www.joyana.fr\/wp-content\/uploads\/2014\/12\/ARGAND_7.jpg?resize=600%2C533&ssl=1",600,533,true],"author-pro-image":["https:\/\/i0.wp.com\/www.joyana.fr\/wp-content\/uploads\/2014\/12\/ARGAND_7.jpg?resize=360%2C533&ssl=1",360,533,true],"slider":["https:\/\/i0.wp.com\/www.joyana.fr\/wp-content\/uploads\/2014\/12\/ARGAND_7.jpg?resize=800%2C400&ssl=1",800,400,true],"woocommerce_thumbnail":["https:\/\/i0.wp.com\/www.joyana.fr\/wp-content\/uploads\/2014\/12\/ARGAND_7.jpg?resize=450%2C450&ssl=1",450,450,true],"woocommerce_single":["https:\/\/i0.wp.com\/www.joyana.fr\/wp-content\/uploads\/2014\/12\/ARGAND_7.jpg?fit=800%2C533&ssl=1",800,533,true],"woocommerce_gallery_thumbnail":["https:\/\/i0.wp.com\/www.joyana.fr\/wp-content\/uploads\/2014\/12\/ARGAND_7.jpg?resize=180%2C180&ssl=1",180,180,true],"sow-carousel-default":["https:\/\/i0.wp.com\/www.joyana.fr\/wp-content\/uploads\/2014\/12\/ARGAND_7.jpg?resize=272%2C182&ssl=1",272,182,true]},"uagb_author_info":{"display_name":"Jo Yana","author_link":"https:\/\/www.joyana.fr\/en\/author\/joyana\/"},"uagb_comment_info":0,"uagb_excerpt":"La lampe ARGAND est le projet de fin d'\u00e9tudes du designer Quentin De Coster - que Deco-Design suit depuis ses d\u00e9buts - qu'il a pr\u00e9sent\u00e9 en juin dernier \u00e0 l\u2019ENSAV La Cambre \u00e0 Bruxelles...","coauthors":[],"tax_additional":{"categories":{"linked":["<a href=\"https:\/\/www.joyana.fr\/en\/category\/deco-design\/\" class=\"advgb-post-tax-term\">DECO-DESIGN<\/a>","<a href=\"https:\/\/www.joyana.fr\/en\/category\/deco-design\/luminaire\/lampe\/\" class=\"advgb-post-tax-term\">Lampe<\/a>","<a href=\"https:\/\/www.joyana.fr\/en\/category\/deco-design\/luminaire\/\" class=\"advgb-post-tax-term\">Luminaire<\/a>","<a href=\"https:\/\/www.joyana.fr\/en\/category\/deco-design\/designer\/quentin-de-coster\/\" class=\"advgb-post-tax-term\">Quentin DE COSTER<\/a>"],"unlinked":["<span class=\"advgb-post-tax-term\">DECO-DESIGN<\/span>","<span class=\"advgb-post-tax-term\">Lampe<\/span>","<span class=\"advgb-post-tax-term\">Luminaire<\/span>","<span class=\"advgb-post-tax-term\">Quentin DE COSTER<\/span>"]},"tags":{"linked":["<a href=\"https:\/\/www.joyana.fr\/en\/category\/deco-design\/designer\/quentin-de-coster\/\" class=\"advgb-post-tax-term\">Lampe design<\/a>","<a href=\"https:\/\/www.joyana.fr\/en\/category\/deco-design\/designer\/quentin-de-coster\/\" class=\"advgb-post-tax-term\">Luxe<\/a>","<a href=\"https:\/\/www.joyana.fr\/en\/category\/deco-design\/designer\/quentin-de-coster\/\" class=\"advgb-post-tax-term\">Or Rose<\/a>","<a href=\"https:\/\/www.joyana.fr\/en\/category\/deco-design\/designer\/quentin-de-coster\/\" class=\"advgb-post-tax-term\">Quentin DE COSTER<\/a>"],"unlinked":["<span class=\"advgb-post-tax-term\">Lampe design<\/span>","<span class=\"advgb-post-tax-term\">Luxe<\/span>","<span class=\"advgb-post-tax-term\">Or Rose<\/span>","<span class=\"advgb-post-tax-term\">Quentin DE COSTER<\/span>"]}},"comment_count":0,"relative_dates":{"created":"Posted 11 years ago","modified":"Updated 11 years ago"},"absolute_dates":{"created":"Posted on 2 December 2014","modified":"Updated on 2 December 2014"},"absolute_dates_time":{"created":"Posted on 2 December 2014 7:54","modified":"Updated on 2 December 2014 7:54"},"featured_img_caption":"","series_order":"","jetpack_sharing_enabled":true,"jetpack_shortlink":"https:\/\/wp.me\/p9bteI-uZf","jetpack-related-posts":[],"_links":{"self":[{"href":"https:\/\/www.joyana.fr\/en\/wp-json\/wp\/v2\/posts\/119117","targetHints":{"allow":["GET"]}}],"collection":[{"href":"https:\/\/www.joyana.fr\/en\/wp-json\/wp\/v2\/posts"}],"about":[{"href":"https:\/\/www.joyana.fr\/en\/wp-json\/wp\/v2\/types\/post"}],"author":[{"embeddable":true,"href":"https:\/\/www.joyana.fr\/en\/wp-json\/wp\/v2\/users\/3"}],"replies":[{"embeddable":true,"href":"https:\/\/www.joyana.fr\/en\/wp-json\/wp\/v2\/comments?post=119117"}],"version-history":[{"count":0,"href":"https:\/\/www.joyana.fr\/en\/wp-json\/wp\/v2\/posts\/119117\/revisions"}],"wp:featuredmedia":[{"embeddable":true,"href":"https:\/\/www.joyana.fr\/en\/wp-json\/wp\/v2\/media\/119124"}],"wp:attachment":[{"href":"https:\/\/www.joyana.fr\/en\/wp-json\/wp\/v2\/media?parent=119117"}],"wp:term":[{"taxonomy":"category","embeddable":true,"href":"https:\/\/www.joyana.fr\/en\/wp-json\/wp\/v2\/categories?post=119117"},{"taxonomy":"post_tag","embeddable":true,"href":"https:\/\/www.joyana.fr\/en\/wp-json\/wp\/v2\/tags?post=119117"}],"curies":[{"name":"wp","href":"https:\/\/api.w.org\/{rel}","templated":true}]}}