{"id":118640,"date":"2014-10-14T09:44:48","date_gmt":"2014-10-14T08:44:48","guid":{"rendered":"https:\/\/joyana.fr\/?p=18640"},"modified":"2014-10-14T09:44:48","modified_gmt":"2014-10-14T08:44:48","slug":"maison-vivienda-en-sant-joan-par-daniel-perez-felipe-araujo","status":"publish","type":"post","link":"https:\/\/www.joyana.fr\/en\/maison-vivienda-en-sant-joan-par-daniel-perez-felipe-araujo\/118640\/","title":{"rendered":"Vivienda en Sant Joan par Daniel PEREZ + Felipe ARAUJO"},"content":{"rendered":"<p style=\"text-align: justify;\">Les architectes <strong>Daniel P\u00e9rez + Felipe Araujo<\/strong> &#8211; du cabinet <strong>Egue y Seta<\/strong> &#8211; nous d\u00e9voilent le projet <strong>Vivienda en Sant Joan<\/strong>. Une\u00a0r\u00e9novation plus que r\u00e9ussie d&#8217;une <strong>maison<\/strong>, \u00e0 Barcelone&#8230;<\/p>\n<p><img data-recalc-dims=\"1\" fetchpriority=\"high\" decoding=\"async\" class=\"alignnone size-full wp-image-18648\" src=\"https:\/\/i0.wp.com\/joyana.fr\/wp-content\/uploads\/2014\/10\/ZUZUNAGA-SJ_19.jpg?resize=650%2C432&#038;ssl=1\" alt=\"ZUZUNAGA-SJ_19\" width=\"650\" height=\"432\" \/><\/p>\n<p style=\"text-align: justify;\">L&#8217;am\u00e9nagement d&#8217;une maison peut \u00eatre am\u00e9lior\u00e9e en \u00e9liminant les partitions inutiles tout en maintenant le nombre initial de chambres ? Pouvez-vous faire communiquer les espaces (publics et priv\u00e9s) sans affecter la vie priv\u00e9e des locataires ? Pouvez-vous juxtapose diff\u00e9rentes textures et finitions tout en conservant une ambiance visuelle &#8220;lumineuse&#8221; ?<\/p>\n<p style=\"text-align: justify;\">Le projet de r\u00e9novation de la <strong>maison \u00e0\u00a0Sant Joan<\/strong> donne une r\u00e9ponse convaincante \u00e0 toutes les questions ci-dessus. Et le r\u00e9sultat confirme que la conception et l&#8217;exp\u00e9rience des architectes d&#8217;int\u00e9rieur, ne sont pas du tout incompatible avec les budgets serr\u00e9s ou des maisons plus petites. Ainsi, le processus de conception a commenc\u00e9 en divisant la maison en deux royaumes distincts: l&#8217;un priv\u00e9 et un public. \u00c9changer \u00e0 cet effet, les sites de la cuisine, salle de bains et dressings. La chambre master \u00e0 son nouvel emplacement, \u00e0 c\u00f4t\u00e9 de la salle de bains et dressing, offrait la possibilit\u00e9 d&#8217;acc\u00e9der \u00e0 ces chambres par voie ind\u00e9pendante, faisant de cette chambre une\u00a0&#8220;suite&#8221;. Pendant ce temps la cuisine d\u00e9localis\u00e9e, s&#8217;ouvre\u00a0naturellement avec une entr\u00e9e \u00e9largie vers le couloir&#8230;<\/p>\n<p><img data-recalc-dims=\"1\" decoding=\"async\" class=\"alignnone size-full wp-image-18645\" src=\"https:\/\/i0.wp.com\/joyana.fr\/wp-content\/uploads\/2014\/10\/ZUZUNAGA-SJ_13.jpg?resize=650%2C812&#038;ssl=1\" alt=\"ZUZUNAGA-SJ_13\" width=\"650\" height=\"812\" \/><\/p>\n<p><img data-recalc-dims=\"1\" decoding=\"async\" class=\"alignnone size-full wp-image-18646\" src=\"https:\/\/i0.wp.com\/joyana.fr\/wp-content\/uploads\/2014\/10\/ZUZUNAGA-SJ_14.jpg?resize=650%2C976&#038;ssl=1\" alt=\"ZUZUNAGA-SJ_14\" width=\"650\" height=\"976\" \/><\/p>\n<p><img data-recalc-dims=\"1\" loading=\"lazy\" decoding=\"async\" class=\"alignnone size-full wp-image-18651\" src=\"https:\/\/i0.wp.com\/joyana.fr\/wp-content\/uploads\/2014\/10\/Vivienda-en-Sant-Joan-par-Daniel-PEREZ-Felipe-ARAUJO-2.jpg?resize=996%2C661&#038;ssl=1\" alt=\"Vivienda-en-Sant-Joan-par-Daniel-PEREZ-+-Felipe-ARAUJO-2\" width=\"996\" height=\"661\" \/><\/p>\n<p><img data-recalc-dims=\"1\" loading=\"lazy\" decoding=\"async\" class=\"alignnone size-full wp-image-18652\" src=\"https:\/\/i0.wp.com\/joyana.fr\/wp-content\/uploads\/2014\/10\/Vivienda-en-Sant-Joan-par-Daniel-PEREZ-Felipe-ARAUJO.jpg?resize=997%2C660&#038;ssl=1\" alt=\"Vivienda-en-Sant-Joan-par-Daniel-PEREZ-+-Felipe-ARAUJO\" width=\"997\" height=\"660\" \/><\/p>\n<p><a href=\"https:\/\/i0.wp.com\/joyana.fr\/wp-content\/uploads\/2014\/10\/ZUZUNAGA-SJ_08-PIXEL.jpg?ssl=1\"><img data-recalc-dims=\"1\" loading=\"lazy\" decoding=\"async\" class=\"alignnone size-full wp-image-18643\" src=\"https:\/\/i0.wp.com\/joyana.fr\/wp-content\/uploads\/2014\/10\/ZUZUNAGA-SJ_08-PIXEL.jpg?resize=650%2C432&#038;ssl=1\" alt=\"ZUZUNAGA-SJ_08-PIXEL\" width=\"650\" height=\"432\" \/><\/a><\/p>\n<p style=\"text-align: justify;\">Coup de coeur pour le travail de notre &#8220;chouchou&#8221; <a title=\"CRISTIAN ZUZUNAGA\" href=\"https:\/\/joyana.fr\/category\/designer\/cristian-zuzunaga\/\" target=\"_blank\"><strong>Cristian Zuzunaga<\/strong><\/a> dans la chambre &#8211; dont\u00a0la t\u00eate de lit se distingue, recouvert d&#8217;un magnifique papier-peint \u00a0graphique &#8220;pix\u00e9lis\u00e9e&#8221; sign\u00e9 par le designer&#8230;<\/p>\n<p><a href=\"https:\/\/i0.wp.com\/joyana.fr\/wp-content\/uploads\/2014\/10\/zuzunaga.jpg?ssl=1\"><img data-recalc-dims=\"1\" loading=\"lazy\" decoding=\"async\" class=\"alignnone size-full wp-image-18653\" src=\"https:\/\/i0.wp.com\/joyana.fr\/wp-content\/uploads\/2014\/10\/zuzunaga.jpg?resize=998%2C742&#038;ssl=1\" alt=\"zuzunaga\" width=\"998\" height=\"742\" \/><\/a><\/p>\n<p><a href=\"https:\/\/i0.wp.com\/joyana.fr\/wp-content\/uploads\/2014\/10\/ZUZUNAGA-SJ_04.jpg?ssl=1\"><img data-recalc-dims=\"1\" loading=\"lazy\" decoding=\"async\" class=\"alignnone size-full wp-image-18642\" src=\"https:\/\/i0.wp.com\/joyana.fr\/wp-content\/uploads\/2014\/10\/ZUZUNAGA-SJ_04.jpg?resize=650%2C432&#038;ssl=1\" alt=\"ZUZUNAGA-SJ_04\" width=\"650\" height=\"432\" \/><\/a><\/p>\n<p><a href=\"https:\/\/i0.wp.com\/joyana.fr\/wp-content\/uploads\/2014\/10\/ZUZUNAGA-SJ_03.jpg?ssl=1\"><img data-recalc-dims=\"1\" loading=\"lazy\" decoding=\"async\" class=\"alignnone size-full wp-image-18641\" src=\"https:\/\/i0.wp.com\/joyana.fr\/wp-content\/uploads\/2014\/10\/ZUZUNAGA-SJ_03.jpg?resize=650%2C976&#038;ssl=1\" alt=\"ZUZUNAGA-SJ_03\" width=\"650\" height=\"976\" \/><\/a><\/p>\n<p style=\"text-align: justify;\"><em>&#8220;Si la <strong>maison<\/strong> de vos r\u00eaves vous invite \u00e0 regarder vers l&#8217;avenir tout en se souvenant de l&#8217;histoire; si elle vous incite \u00e0 utiliser l&#8217;espace \u00e0 plus d&#8217;un titre; ou si elle accueille vos invit\u00e9s et qu&#8217;ils s&#8217;y sentent bien, cette maison \u00e0 <strong>Sant Joan<\/strong> pourrait \u00eatre la v\u00f4tre&#8230;&#8221;<\/em> <strong>Egue y Seta<\/strong><\/p>\n<p><img data-recalc-dims=\"1\" loading=\"lazy\" decoding=\"async\" class=\"alignnone size-full wp-image-18649\" src=\"https:\/\/i0.wp.com\/joyana.fr\/wp-content\/uploads\/2014\/10\/ZUZUNAGA-SJ_40.jpg?resize=650%2C955&#038;ssl=1\" alt=\"ZUZUNAGA-SJ_40\" width=\"650\" height=\"955\" \/><\/p>\n<p style=\"text-align: center;\">En savoir + sur <strong><a href=\"www.egueyseta.com\" target=\"_blank\">EGUE Y SETA<\/a><\/strong><\/p>\n<p style=\"text-align: center;\"><span style=\"color: #000000;\">.<\/span><\/p>\n","protected":false},"excerpt":{"rendered":"<p>Les architectes Daniel P\u00e9rez + Felipe Araujo &#8211; du cabinet Egue y Seta &#8211; nous d\u00e9voilent le projet Vivienda en Sant Joan. Une r\u00e9novation plus que r\u00e9ussie d&#8217;une maison, \u00e0 Barcelone&#8230;<\/p>\n","protected":false},"author":3,"featured_media":118644,"comment_status":"open","ping_status":"open","sticky":false,"template":"","format":"aside","meta":{"_coblocks_attr":"","_coblocks_dimensions":"","_coblocks_responsive_height":"","_coblocks_accordion_ie_support":"","_uag_custom_page_level_css":"","advgb_blocks_editor_width":"","advgb_blocks_columns_visual_guide":"","_genesis_hide_title":false,"_genesis_hide_breadcrumbs":false,"_genesis_hide_singular_image":false,"_genesis_hide_footer_widgets":false,"_genesis_custom_body_class":"","_genesis_custom_post_class":"","_genesis_layout":"","_themeisle_gutenberg_block_has_review":false,"_jetpack_newsletter_access":"","_jetpack_dont_email_post_to_subs":false,"_jetpack_newsletter_tier_id":0,"_jetpack_memberships_contains_paywalled_content":false,"_jetpack_memberships_contains_paid_content":false,"footnotes":""},"categories":[1036,71,1034,905,1027,1024],"tags":[501,1466,1839,1840,1841,1273],"class_list":{"0":"post-118640","1":"post","2":"type-post","3":"status-publish","4":"format-aside","5":"has-post-thumbnail","7":"category-a-la-une","8":"category-architecture","9":"category-cristian-zuzunaga","10":"category-deco-design","11":"category-espagne","12":"category-maison","13":"tag-architecture-2","14":"tag-barcelone","15":"tag-cristian-zuzunaga","16":"tag-egue-y-seta","17":"tag-espagne","18":"tag-maison-design","19":"post_format-post-format-aside","20":"entry"},"featured_image_urls":{"full":["https:\/\/i0.wp.com\/www.joyana.fr\/wp-content\/uploads\/2014\/10\/ZUZUNAGA-SJ_09-PIXELS.jpg?fit=1700%2C1157&ssl=1",1700,1157,false],"thumbnail":["https:\/\/i0.wp.com\/www.joyana.fr\/wp-content\/uploads\/2014\/10\/ZUZUNAGA-SJ_09-PIXELS.jpg?resize=150%2C150&ssl=1",150,150,true],"medium":["https:\/\/i0.wp.com\/www.joyana.fr\/wp-content\/uploads\/2014\/10\/ZUZUNAGA-SJ_09-PIXELS.jpg?fit=389%2C265&ssl=1",389,265,true],"medium_large":["https:\/\/i0.wp.com\/www.joyana.fr\/wp-content\/uploads\/2014\/10\/ZUZUNAGA-SJ_09-PIXELS.jpg?fit=768%2C523&ssl=1",768,523,true],"large":["https:\/\/i0.wp.com\/www.joyana.fr\/wp-content\/uploads\/2014\/10\/ZUZUNAGA-SJ_09-PIXELS.jpg?fit=1024%2C697&ssl=1",1024,697,true],"1536x1536":["https:\/\/i0.wp.com\/www.joyana.fr\/wp-content\/uploads\/2014\/10\/ZUZUNAGA-SJ_09-PIXELS.jpg?fit=1536%2C1045&ssl=1",1536,1045,true],"2048x2048":["https:\/\/i0.wp.com\/www.joyana.fr\/wp-content\/uploads\/2014\/10\/ZUZUNAGA-SJ_09-PIXELS.jpg?fit=1700%2C1157&ssl=1",1700,1157,true],"featured-thumb":["https:\/\/i0.wp.com\/www.joyana.fr\/wp-content\/uploads\/2014\/10\/ZUZUNAGA-SJ_09-PIXELS.jpg?resize=1700%2C750&ssl=1",1700,750,true],"ab-block-post-grid-landscape":["https:\/\/i0.wp.com\/www.joyana.fr\/wp-content\/uploads\/2014\/10\/ZUZUNAGA-SJ_09-PIXELS.jpg?resize=600%2C400&ssl=1",600,400,true],"ab-block-post-grid-square":["https:\/\/i0.wp.com\/www.joyana.fr\/wp-content\/uploads\/2014\/10\/ZUZUNAGA-SJ_09-PIXELS.jpg?resize=600%2C600&ssl=1",600,600,true],"author-pro-image":["https:\/\/i0.wp.com\/www.joyana.fr\/wp-content\/uploads\/2014\/10\/ZUZUNAGA-SJ_09-PIXELS.jpg?resize=360%2C570&ssl=1",360,570,true],"slider":["https:\/\/i0.wp.com\/www.joyana.fr\/wp-content\/uploads\/2014\/10\/ZUZUNAGA-SJ_09-PIXELS.jpg?resize=920%2C400&ssl=1",920,400,true],"woocommerce_thumbnail":["https:\/\/i0.wp.com\/www.joyana.fr\/wp-content\/uploads\/2014\/10\/ZUZUNAGA-SJ_09-PIXELS.jpg?resize=450%2C450&ssl=1",450,450,true],"woocommerce_single":["https:\/\/i0.wp.com\/www.joyana.fr\/wp-content\/uploads\/2014\/10\/ZUZUNAGA-SJ_09-PIXELS.jpg?fit=920%2C626&ssl=1",920,626,true],"woocommerce_gallery_thumbnail":["https:\/\/i0.wp.com\/www.joyana.fr\/wp-content\/uploads\/2014\/10\/ZUZUNAGA-SJ_09-PIXELS.jpg?resize=180%2C180&ssl=1",180,180,true],"sow-carousel-default":["https:\/\/i0.wp.com\/www.joyana.fr\/wp-content\/uploads\/2014\/10\/ZUZUNAGA-SJ_09-PIXELS.jpg?resize=272%2C182&ssl=1",272,182,true]},"post_excerpt_stackable":"<p>Les architectes Daniel P\u00e9rez + Felipe Araujo &#8211; du cabinet Egue y Seta &#8211; nous d\u00e9voilent le projet Vivienda en Sant Joan. Une r\u00e9novation plus que r\u00e9ussie d&#8217;une maison, \u00e0 Barcelone&#8230;<\/p>\n","category_list":"<a href=\"https:\/\/www.joyana.fr\/en\/category\/a-la-une\/\" rel=\"category tag\">A la une !!!<\/a>, <a href=\"https:\/\/www.joyana.fr\/en\/category\/portfolio\/architecture\/\" rel=\"category tag\">ARCHITECTURE<\/a>, <a href=\"https:\/\/www.joyana.fr\/en\/category\/deco-design\/designer\/cristian-zuzunaga\/\" rel=\"category tag\">Cristian ZUZUNAGA<\/a>, <a href=\"https:\/\/www.joyana.fr\/en\/category\/deco-design\/\" rel=\"category tag\">DECO-DESIGN<\/a>, <a href=\"https:\/\/www.joyana.fr\/en\/category\/deco-design\/architecture-deco-design\/pays\/espagne\/\" rel=\"category tag\">Espagne<\/a>, <a href=\"https:\/\/www.joyana.fr\/en\/category\/deco-design\/architecture-deco-design\/lieux-design\/maison\/\" rel=\"category tag\">Maison<\/a>","author_info":{"display_name":"Jo Yana","author_link":"https:\/\/www.joyana.fr\/en\/author\/joyana\/"},"comments_num":"2 comments","featured_image_urls_v2":{"full":["https:\/\/i0.wp.com\/www.joyana.fr\/wp-content\/uploads\/2014\/10\/ZUZUNAGA-SJ_09-PIXELS.jpg?fit=1700%2C1157&ssl=1",1700,1157,false],"thumbnail":["https:\/\/i0.wp.com\/www.joyana.fr\/wp-content\/uploads\/2014\/10\/ZUZUNAGA-SJ_09-PIXELS.jpg?resize=150%2C150&ssl=1",150,150,true],"medium":["https:\/\/i0.wp.com\/www.joyana.fr\/wp-content\/uploads\/2014\/10\/ZUZUNAGA-SJ_09-PIXELS.jpg?fit=389%2C265&ssl=1",389,265,true],"medium_large":["https:\/\/i0.wp.com\/www.joyana.fr\/wp-content\/uploads\/2014\/10\/ZUZUNAGA-SJ_09-PIXELS.jpg?fit=768%2C523&ssl=1",768,523,true],"large":["https:\/\/i0.wp.com\/www.joyana.fr\/wp-content\/uploads\/2014\/10\/ZUZUNAGA-SJ_09-PIXELS.jpg?fit=1024%2C697&ssl=1",1024,697,true],"1536x1536":["https:\/\/i0.wp.com\/www.joyana.fr\/wp-content\/uploads\/2014\/10\/ZUZUNAGA-SJ_09-PIXELS.jpg?fit=1536%2C1045&ssl=1",1536,1045,true],"2048x2048":["https:\/\/i0.wp.com\/www.joyana.fr\/wp-content\/uploads\/2014\/10\/ZUZUNAGA-SJ_09-PIXELS.jpg?fit=1700%2C1157&ssl=1",1700,1157,true],"featured-thumb":["https:\/\/i0.wp.com\/www.joyana.fr\/wp-content\/uploads\/2014\/10\/ZUZUNAGA-SJ_09-PIXELS.jpg?resize=1700%2C750&ssl=1",1700,750,true],"ab-block-post-grid-landscape":["https:\/\/i0.wp.com\/www.joyana.fr\/wp-content\/uploads\/2014\/10\/ZUZUNAGA-SJ_09-PIXELS.jpg?resize=600%2C400&ssl=1",600,400,true],"ab-block-post-grid-square":["https:\/\/i0.wp.com\/www.joyana.fr\/wp-content\/uploads\/2014\/10\/ZUZUNAGA-SJ_09-PIXELS.jpg?resize=600%2C600&ssl=1",600,600,true],"author-pro-image":["https:\/\/i0.wp.com\/www.joyana.fr\/wp-content\/uploads\/2014\/10\/ZUZUNAGA-SJ_09-PIXELS.jpg?resize=360%2C570&ssl=1",360,570,true],"slider":["https:\/\/i0.wp.com\/www.joyana.fr\/wp-content\/uploads\/2014\/10\/ZUZUNAGA-SJ_09-PIXELS.jpg?resize=920%2C400&ssl=1",920,400,true],"woocommerce_thumbnail":["https:\/\/i0.wp.com\/www.joyana.fr\/wp-content\/uploads\/2014\/10\/ZUZUNAGA-SJ_09-PIXELS.jpg?resize=450%2C450&ssl=1",450,450,true],"woocommerce_single":["https:\/\/i0.wp.com\/www.joyana.fr\/wp-content\/uploads\/2014\/10\/ZUZUNAGA-SJ_09-PIXELS.jpg?fit=920%2C626&ssl=1",920,626,true],"woocommerce_gallery_thumbnail":["https:\/\/i0.wp.com\/www.joyana.fr\/wp-content\/uploads\/2014\/10\/ZUZUNAGA-SJ_09-PIXELS.jpg?resize=180%2C180&ssl=1",180,180,true],"sow-carousel-default":["https:\/\/i0.wp.com\/www.joyana.fr\/wp-content\/uploads\/2014\/10\/ZUZUNAGA-SJ_09-PIXELS.jpg?resize=272%2C182&ssl=1",272,182,true]},"post_excerpt_stackable_v2":"<p>Les architectes Daniel P\u00e9rez + Felipe Araujo &#8211; du cabinet Egue y Seta &#8211; nous d\u00e9voilent le projet Vivienda en Sant Joan. Une r\u00e9novation plus que r\u00e9ussie d&#8217;une maison, \u00e0 Barcelone&#8230;<\/p>\n","category_list_v2":"<a href=\"https:\/\/www.joyana.fr\/en\/category\/a-la-une\/\" rel=\"category tag\">A la une !!!<\/a>, <a href=\"https:\/\/www.joyana.fr\/en\/category\/portfolio\/architecture\/\" rel=\"category tag\">ARCHITECTURE<\/a>, <a href=\"https:\/\/www.joyana.fr\/en\/category\/deco-design\/designer\/cristian-zuzunaga\/\" rel=\"category tag\">Cristian ZUZUNAGA<\/a>, <a href=\"https:\/\/www.joyana.fr\/en\/category\/deco-design\/\" rel=\"category tag\">DECO-DESIGN<\/a>, <a href=\"https:\/\/www.joyana.fr\/en\/category\/deco-design\/architecture-deco-design\/pays\/espagne\/\" rel=\"category tag\">Espagne<\/a>, <a href=\"https:\/\/www.joyana.fr\/en\/category\/deco-design\/architecture-deco-design\/lieux-design\/maison\/\" rel=\"category tag\">Maison<\/a>","author_info_v2":{"name":"Jo Yana","url":"https:\/\/www.joyana.fr\/en\/author\/joyana\/"},"comments_num_v2":"2 comments","yoast_head":"<!-- This site is optimized with the Yoast SEO plugin v26.8 - https:\/\/yoast.com\/product\/yoast-seo-wordpress\/ -->\n<title>Vivienda en Sant Joan par Daniel PEREZ + Felipe ARAUJO | Deco-Design<\/title>\n<meta name=\"description\" content=\"Les architectes Daniel P\u00e9rez + Felipe Araujo - Egue y Seta - nous d\u00e9voilent le projet Vivienda en Sant Joan. La r\u00e9novation d&#039;une maison, \u00e0 Barcelone...\" \/>\n<meta name=\"robots\" content=\"index, follow, max-snippet:-1, max-image-preview:large, max-video-preview:-1\" \/>\n<link rel=\"canonical\" href=\"https:\/\/www.joyana.fr\/en\/maison-vivienda-en-sant-joan-par-daniel-perez-felipe-araujo\/118640\/\" \/>\n<meta property=\"og:locale\" content=\"en_US\" \/>\n<meta property=\"og:locale:alternate\" content=\"fr_FR\" \/>\n<meta property=\"og:locale:alternate\" content=\"ja\" \/>\n<meta property=\"og:type\" content=\"article\" \/>\n<meta property=\"og:title\" content=\"Vivienda en Sant Joan par Daniel PEREZ + Felipe ARAUJO | Deco-Design\" \/>\n<meta property=\"og:description\" content=\"Les architectes Daniel P\u00e9rez + Felipe Araujo - Egue y Seta - nous d\u00e9voilent le projet Vivienda en Sant Joan. La r\u00e9novation d&#039;une maison, \u00e0 Barcelone...\" \/>\n<meta property=\"og:url\" content=\"https:\/\/www.joyana.fr\/en\/maison-vivienda-en-sant-joan-par-daniel-perez-felipe-araujo\/118640\/\" \/>\n<meta property=\"og:site_name\" content=\"JO YANA\" \/>\n<meta property=\"article:published_time\" content=\"2014-10-14T08:44:48+00:00\" \/>\n<meta property=\"og:image\" content=\"https:\/\/www.joyana.fr\/wp-content\/uploads\/2014\/10\/ZUZUNAGA-SJ_09-PIXELS.jpg\" \/>\n\t<meta property=\"og:image:width\" content=\"1700\" \/>\n\t<meta property=\"og:image:height\" content=\"1157\" \/>\n\t<meta property=\"og:image:type\" content=\"image\/jpeg\" \/>\n<meta name=\"author\" content=\"Jo Yana\" \/>\n<meta name=\"twitter:card\" content=\"summary_large_image\" \/>\n<meta name=\"twitter:creator\" content=\"@Jo_Yana\" \/>\n<meta name=\"twitter:site\" content=\"@Jo_Yana\" \/>\n<meta name=\"twitter:label1\" content=\"Written by\" \/>\n\t<meta name=\"twitter:data1\" content=\"Jo Yana\" \/>\n\t<meta name=\"twitter:label2\" content=\"Est. reading time\" \/>\n\t<meta name=\"twitter:data2\" content=\"2 minutes\" \/>\n<script type=\"application\/ld+json\" class=\"yoast-schema-graph\">{\"@context\":\"https:\/\/schema.org\",\"@graph\":[{\"@type\":\"Article\",\"@id\":\"https:\/\/www.joyana.fr\/en\/maison-vivienda-en-sant-joan-par-daniel-perez-felipe-araujo\/118640\/#article\",\"isPartOf\":{\"@id\":\"https:\/\/www.joyana.fr\/en\/maison-vivienda-en-sant-joan-par-daniel-perez-felipe-araujo\/118640\/\"},\"author\":{\"name\":\"Jo Yana\",\"@id\":\"https:\/\/joyana.fr\/#\/schema\/person\/cf2a1ad12a27c12c21801075bf37407c\"},\"headline\":\"Vivienda en Sant Joan par Daniel PEREZ + Felipe ARAUJO\",\"datePublished\":\"2014-10-14T08:44:48+00:00\",\"mainEntityOfPage\":{\"@id\":\"https:\/\/www.joyana.fr\/en\/maison-vivienda-en-sant-joan-par-daniel-perez-felipe-araujo\/118640\/\"},\"wordCount\":335,\"commentCount\":1,\"publisher\":{\"@id\":\"https:\/\/joyana.fr\/#\/schema\/person\/cf2a1ad12a27c12c21801075bf37407c\"},\"image\":{\"@id\":\"https:\/\/www.joyana.fr\/en\/maison-vivienda-en-sant-joan-par-daniel-perez-felipe-araujo\/118640\/#primaryimage\"},\"thumbnailUrl\":\"https:\/\/i0.wp.com\/www.joyana.fr\/wp-content\/uploads\/2014\/10\/ZUZUNAGA-SJ_09-PIXELS.jpg?fit=1700%2C1157&ssl=1\",\"keywords\":[\"Architecture\",\"Barcelone\",\"Cristian ZUZUNAGA\",\"Egue y Seta\",\"Espagne\",\"Maison design\"],\"articleSection\":[\"A la une !!!\",\"ARCHITECTURE\",\"Cristian ZUZUNAGA\",\"DECO-DESIGN\",\"Espagne\",\"Maison\"],\"inLanguage\":\"en-US\",\"potentialAction\":[{\"@type\":\"CommentAction\",\"name\":\"Comment\",\"target\":[\"https:\/\/www.joyana.fr\/en\/maison-vivienda-en-sant-joan-par-daniel-perez-felipe-araujo\/118640\/#respond\"]}]},{\"@type\":\"WebPage\",\"@id\":\"https:\/\/www.joyana.fr\/en\/maison-vivienda-en-sant-joan-par-daniel-perez-felipe-araujo\/118640\/\",\"url\":\"https:\/\/www.joyana.fr\/en\/maison-vivienda-en-sant-joan-par-daniel-perez-felipe-araujo\/118640\/\",\"name\":\"Vivienda en Sant Joan par Daniel PEREZ + Felipe ARAUJO | Deco-Design\",\"isPartOf\":{\"@id\":\"https:\/\/joyana.fr\/#website\"},\"primaryImageOfPage\":{\"@id\":\"https:\/\/www.joyana.fr\/en\/maison-vivienda-en-sant-joan-par-daniel-perez-felipe-araujo\/118640\/#primaryimage\"},\"image\":{\"@id\":\"https:\/\/www.joyana.fr\/en\/maison-vivienda-en-sant-joan-par-daniel-perez-felipe-araujo\/118640\/#primaryimage\"},\"thumbnailUrl\":\"https:\/\/i0.wp.com\/www.joyana.fr\/wp-content\/uploads\/2014\/10\/ZUZUNAGA-SJ_09-PIXELS.jpg?fit=1700%2C1157&ssl=1\",\"datePublished\":\"2014-10-14T08:44:48+00:00\",\"description\":\"Les architectes Daniel P\u00e9rez + Felipe Araujo - Egue y Seta - nous d\u00e9voilent le projet Vivienda en Sant Joan. La r\u00e9novation d'une maison, \u00e0 Barcelone...\",\"breadcrumb\":{\"@id\":\"https:\/\/www.joyana.fr\/en\/maison-vivienda-en-sant-joan-par-daniel-perez-felipe-araujo\/118640\/#breadcrumb\"},\"inLanguage\":\"en-US\",\"potentialAction\":[{\"@type\":\"ReadAction\",\"target\":[\"https:\/\/www.joyana.fr\/en\/maison-vivienda-en-sant-joan-par-daniel-perez-felipe-araujo\/118640\/\"]}]},{\"@type\":\"ImageObject\",\"inLanguage\":\"en-US\",\"@id\":\"https:\/\/www.joyana.fr\/en\/maison-vivienda-en-sant-joan-par-daniel-perez-felipe-araujo\/118640\/#primaryimage\",\"url\":\"https:\/\/i0.wp.com\/www.joyana.fr\/wp-content\/uploads\/2014\/10\/ZUZUNAGA-SJ_09-PIXELS.jpg?fit=1700%2C1157&ssl=1\",\"contentUrl\":\"https:\/\/i0.wp.com\/www.joyana.fr\/wp-content\/uploads\/2014\/10\/ZUZUNAGA-SJ_09-PIXELS.jpg?fit=1700%2C1157&ssl=1\",\"width\":1700,\"height\":1157},{\"@type\":\"BreadcrumbList\",\"@id\":\"https:\/\/www.joyana.fr\/en\/maison-vivienda-en-sant-joan-par-daniel-perez-felipe-araujo\/118640\/#breadcrumb\",\"itemListElement\":[{\"@type\":\"ListItem\",\"position\":1,\"name\":\"Accueil\",\"item\":\"https:\/\/joyana.fr\/\"},{\"@type\":\"ListItem\",\"position\":2,\"name\":\"Vivienda en Sant Joan par Daniel PEREZ + Felipe ARAUJO\"}]},{\"@type\":\"WebSite\",\"@id\":\"https:\/\/joyana.fr\/#website\",\"url\":\"https:\/\/joyana.fr\/\",\"name\":\"JO YANA\",\"description\":\"Blog Mode Homme, Lifestyle, D\u00e9co-Design\",\"publisher\":{\"@id\":\"https:\/\/joyana.fr\/#\/schema\/person\/cf2a1ad12a27c12c21801075bf37407c\"},\"potentialAction\":[{\"@type\":\"SearchAction\",\"target\":{\"@type\":\"EntryPoint\",\"urlTemplate\":\"https:\/\/joyana.fr\/?s={search_term_string}\"},\"query-input\":{\"@type\":\"PropertyValueSpecification\",\"valueRequired\":true,\"valueName\":\"search_term_string\"}}],\"inLanguage\":\"en-US\"},{\"@type\":[\"Person\",\"Organization\"],\"@id\":\"https:\/\/joyana.fr\/#\/schema\/person\/cf2a1ad12a27c12c21801075bf37407c\",\"name\":\"Jo Yana\",\"image\":{\"@type\":\"ImageObject\",\"inLanguage\":\"en-US\",\"@id\":\"https:\/\/joyana.fr\/#\/schema\/person\/image\/\",\"url\":\"https:\/\/i0.wp.com\/www.joyana.fr\/wp-content\/uploads\/2016\/08\/cropped-joyana-logo-black-360x180.png?fit=343%2C164&ssl=1\",\"contentUrl\":\"https:\/\/i0.wp.com\/www.joyana.fr\/wp-content\/uploads\/2016\/08\/cropped-joyana-logo-black-360x180.png?fit=343%2C164&ssl=1\",\"width\":343,\"height\":164,\"caption\":\"Jo Yana\"},\"logo\":{\"@id\":\"https:\/\/joyana.fr\/#\/schema\/person\/image\/\"},\"description\":\"Jo Yana est le cr\u00e9ateur et r\u00e9dacteur en chef des sites DECO-DESIGN. Passionn\u00e9 de Design, Mode, Photo, Luxe, Lifestyle, Musique, mais avant tout Blogueur ! Le plaisir de partager l'anime et a comme devise \\\"POUR L'AMOUR DU BEAU\\\". Retrouvez le aussi sur son blog personnel - https:\/\/joyana.fr...\",\"sameAs\":[\"https:\/\/joyana.fr\/\"],\"url\":\"https:\/\/www.joyana.fr\/en\/author\/joyana\/\"}]}<\/script>\n<!-- \/ Yoast SEO plugin. -->","yoast_head_json":{"title":"Vivienda en Sant Joan par Daniel PEREZ + Felipe ARAUJO | Deco-Design","description":"Les architectes Daniel P\u00e9rez + Felipe Araujo - Egue y Seta - nous d\u00e9voilent le projet Vivienda en Sant Joan. La r\u00e9novation d'une maison, \u00e0 Barcelone...","robots":{"index":"index","follow":"follow","max-snippet":"max-snippet:-1","max-image-preview":"max-image-preview:large","max-video-preview":"max-video-preview:-1"},"canonical":"https:\/\/www.joyana.fr\/en\/maison-vivienda-en-sant-joan-par-daniel-perez-felipe-araujo\/118640\/","og_locale":"en_US","og_type":"article","og_title":"Vivienda en Sant Joan par Daniel PEREZ + Felipe ARAUJO | Deco-Design","og_description":"Les architectes Daniel P\u00e9rez + Felipe Araujo - Egue y Seta - nous d\u00e9voilent le projet Vivienda en Sant Joan. La r\u00e9novation d'une maison, \u00e0 Barcelone...","og_url":"https:\/\/www.joyana.fr\/en\/maison-vivienda-en-sant-joan-par-daniel-perez-felipe-araujo\/118640\/","og_site_name":"JO YANA","article_published_time":"2014-10-14T08:44:48+00:00","og_image":[{"width":1700,"height":1157,"url":"https:\/\/www.joyana.fr\/wp-content\/uploads\/2014\/10\/ZUZUNAGA-SJ_09-PIXELS.jpg","type":"image\/jpeg"}],"author":"Jo Yana","twitter_card":"summary_large_image","twitter_creator":"@Jo_Yana","twitter_site":"@Jo_Yana","twitter_misc":{"Written by":"Jo Yana","Est. reading time":"2 minutes"},"schema":{"@context":"https:\/\/schema.org","@graph":[{"@type":"Article","@id":"https:\/\/www.joyana.fr\/en\/maison-vivienda-en-sant-joan-par-daniel-perez-felipe-araujo\/118640\/#article","isPartOf":{"@id":"https:\/\/www.joyana.fr\/en\/maison-vivienda-en-sant-joan-par-daniel-perez-felipe-araujo\/118640\/"},"author":{"name":"Jo Yana","@id":"https:\/\/joyana.fr\/#\/schema\/person\/cf2a1ad12a27c12c21801075bf37407c"},"headline":"Vivienda en Sant Joan par Daniel PEREZ + Felipe ARAUJO","datePublished":"2014-10-14T08:44:48+00:00","mainEntityOfPage":{"@id":"https:\/\/www.joyana.fr\/en\/maison-vivienda-en-sant-joan-par-daniel-perez-felipe-araujo\/118640\/"},"wordCount":335,"commentCount":1,"publisher":{"@id":"https:\/\/joyana.fr\/#\/schema\/person\/cf2a1ad12a27c12c21801075bf37407c"},"image":{"@id":"https:\/\/www.joyana.fr\/en\/maison-vivienda-en-sant-joan-par-daniel-perez-felipe-araujo\/118640\/#primaryimage"},"thumbnailUrl":"https:\/\/i0.wp.com\/www.joyana.fr\/wp-content\/uploads\/2014\/10\/ZUZUNAGA-SJ_09-PIXELS.jpg?fit=1700%2C1157&ssl=1","keywords":["Architecture","Barcelone","Cristian ZUZUNAGA","Egue y Seta","Espagne","Maison design"],"articleSection":["A la une !!!","ARCHITECTURE","Cristian ZUZUNAGA","DECO-DESIGN","Espagne","Maison"],"inLanguage":"en-US","potentialAction":[{"@type":"CommentAction","name":"Comment","target":["https:\/\/www.joyana.fr\/en\/maison-vivienda-en-sant-joan-par-daniel-perez-felipe-araujo\/118640\/#respond"]}]},{"@type":"WebPage","@id":"https:\/\/www.joyana.fr\/en\/maison-vivienda-en-sant-joan-par-daniel-perez-felipe-araujo\/118640\/","url":"https:\/\/www.joyana.fr\/en\/maison-vivienda-en-sant-joan-par-daniel-perez-felipe-araujo\/118640\/","name":"Vivienda en Sant Joan par Daniel PEREZ + Felipe ARAUJO | Deco-Design","isPartOf":{"@id":"https:\/\/joyana.fr\/#website"},"primaryImageOfPage":{"@id":"https:\/\/www.joyana.fr\/en\/maison-vivienda-en-sant-joan-par-daniel-perez-felipe-araujo\/118640\/#primaryimage"},"image":{"@id":"https:\/\/www.joyana.fr\/en\/maison-vivienda-en-sant-joan-par-daniel-perez-felipe-araujo\/118640\/#primaryimage"},"thumbnailUrl":"https:\/\/i0.wp.com\/www.joyana.fr\/wp-content\/uploads\/2014\/10\/ZUZUNAGA-SJ_09-PIXELS.jpg?fit=1700%2C1157&ssl=1","datePublished":"2014-10-14T08:44:48+00:00","description":"Les architectes Daniel P\u00e9rez + Felipe Araujo - Egue y Seta - nous d\u00e9voilent le projet Vivienda en Sant Joan. La r\u00e9novation d'une maison, \u00e0 Barcelone...","breadcrumb":{"@id":"https:\/\/www.joyana.fr\/en\/maison-vivienda-en-sant-joan-par-daniel-perez-felipe-araujo\/118640\/#breadcrumb"},"inLanguage":"en-US","potentialAction":[{"@type":"ReadAction","target":["https:\/\/www.joyana.fr\/en\/maison-vivienda-en-sant-joan-par-daniel-perez-felipe-araujo\/118640\/"]}]},{"@type":"ImageObject","inLanguage":"en-US","@id":"https:\/\/www.joyana.fr\/en\/maison-vivienda-en-sant-joan-par-daniel-perez-felipe-araujo\/118640\/#primaryimage","url":"https:\/\/i0.wp.com\/www.joyana.fr\/wp-content\/uploads\/2014\/10\/ZUZUNAGA-SJ_09-PIXELS.jpg?fit=1700%2C1157&ssl=1","contentUrl":"https:\/\/i0.wp.com\/www.joyana.fr\/wp-content\/uploads\/2014\/10\/ZUZUNAGA-SJ_09-PIXELS.jpg?fit=1700%2C1157&ssl=1","width":1700,"height":1157},{"@type":"BreadcrumbList","@id":"https:\/\/www.joyana.fr\/en\/maison-vivienda-en-sant-joan-par-daniel-perez-felipe-araujo\/118640\/#breadcrumb","itemListElement":[{"@type":"ListItem","position":1,"name":"Accueil","item":"https:\/\/joyana.fr\/"},{"@type":"ListItem","position":2,"name":"Vivienda en Sant Joan par Daniel PEREZ + Felipe ARAUJO"}]},{"@type":"WebSite","@id":"https:\/\/joyana.fr\/#website","url":"https:\/\/joyana.fr\/","name":"JO YANA","description":"Blog Mode Homme, Lifestyle, D\u00e9co-Design","publisher":{"@id":"https:\/\/joyana.fr\/#\/schema\/person\/cf2a1ad12a27c12c21801075bf37407c"},"potentialAction":[{"@type":"SearchAction","target":{"@type":"EntryPoint","urlTemplate":"https:\/\/joyana.fr\/?s={search_term_string}"},"query-input":{"@type":"PropertyValueSpecification","valueRequired":true,"valueName":"search_term_string"}}],"inLanguage":"en-US"},{"@type":["Person","Organization"],"@id":"https:\/\/joyana.fr\/#\/schema\/person\/cf2a1ad12a27c12c21801075bf37407c","name":"Jo Yana","image":{"@type":"ImageObject","inLanguage":"en-US","@id":"https:\/\/joyana.fr\/#\/schema\/person\/image\/","url":"https:\/\/i0.wp.com\/www.joyana.fr\/wp-content\/uploads\/2016\/08\/cropped-joyana-logo-black-360x180.png?fit=343%2C164&ssl=1","contentUrl":"https:\/\/i0.wp.com\/www.joyana.fr\/wp-content\/uploads\/2016\/08\/cropped-joyana-logo-black-360x180.png?fit=343%2C164&ssl=1","width":343,"height":164,"caption":"Jo Yana"},"logo":{"@id":"https:\/\/joyana.fr\/#\/schema\/person\/image\/"},"description":"Jo Yana est le cr\u00e9ateur et r\u00e9dacteur en chef des sites DECO-DESIGN. Passionn\u00e9 de Design, Mode, Photo, Luxe, Lifestyle, Musique, mais avant tout Blogueur ! Le plaisir de partager l'anime et a comme devise \"POUR L'AMOUR DU BEAU\". Retrouvez le aussi sur son blog personnel - https:\/\/joyana.fr...","sameAs":["https:\/\/joyana.fr\/"],"url":"https:\/\/www.joyana.fr\/en\/author\/joyana\/"}]}},"author_meta":{"display_name":"Jo Yana","author_link":"https:\/\/www.joyana.fr\/en\/author\/joyana\/"},"featured_img":"https:\/\/i0.wp.com\/www.joyana.fr\/wp-content\/uploads\/2014\/10\/ZUZUNAGA-SJ_09-PIXELS.jpg?fit=389%2C265&ssl=1","featured_image_src":"https:\/\/i0.wp.com\/www.joyana.fr\/wp-content\/uploads\/2014\/10\/ZUZUNAGA-SJ_09-PIXELS.jpg?resize=600%2C400&ssl=1","featured_image_src_square":"https:\/\/i0.wp.com\/www.joyana.fr\/wp-content\/uploads\/2014\/10\/ZUZUNAGA-SJ_09-PIXELS.jpg?resize=600%2C600&ssl=1","jetpack_featured_media_url":"https:\/\/i0.wp.com\/www.joyana.fr\/wp-content\/uploads\/2014\/10\/ZUZUNAGA-SJ_09-PIXELS.jpg?fit=1700%2C1157&ssl=1","uagb_featured_image_src":{"full":["https:\/\/i0.wp.com\/www.joyana.fr\/wp-content\/uploads\/2014\/10\/ZUZUNAGA-SJ_09-PIXELS.jpg?fit=1700%2C1157&ssl=1",1700,1157,false],"thumbnail":["https:\/\/i0.wp.com\/www.joyana.fr\/wp-content\/uploads\/2014\/10\/ZUZUNAGA-SJ_09-PIXELS.jpg?resize=150%2C150&ssl=1",150,150,true],"medium":["https:\/\/i0.wp.com\/www.joyana.fr\/wp-content\/uploads\/2014\/10\/ZUZUNAGA-SJ_09-PIXELS.jpg?fit=389%2C265&ssl=1",389,265,true],"medium_large":["https:\/\/i0.wp.com\/www.joyana.fr\/wp-content\/uploads\/2014\/10\/ZUZUNAGA-SJ_09-PIXELS.jpg?fit=768%2C523&ssl=1",768,523,true],"large":["https:\/\/i0.wp.com\/www.joyana.fr\/wp-content\/uploads\/2014\/10\/ZUZUNAGA-SJ_09-PIXELS.jpg?fit=1024%2C697&ssl=1",1024,697,true],"1536x1536":["https:\/\/i0.wp.com\/www.joyana.fr\/wp-content\/uploads\/2014\/10\/ZUZUNAGA-SJ_09-PIXELS.jpg?fit=1536%2C1045&ssl=1",1536,1045,true],"2048x2048":["https:\/\/i0.wp.com\/www.joyana.fr\/wp-content\/uploads\/2014\/10\/ZUZUNAGA-SJ_09-PIXELS.jpg?fit=1700%2C1157&ssl=1",1700,1157,true],"featured-thumb":["https:\/\/i0.wp.com\/www.joyana.fr\/wp-content\/uploads\/2014\/10\/ZUZUNAGA-SJ_09-PIXELS.jpg?resize=1700%2C750&ssl=1",1700,750,true],"ab-block-post-grid-landscape":["https:\/\/i0.wp.com\/www.joyana.fr\/wp-content\/uploads\/2014\/10\/ZUZUNAGA-SJ_09-PIXELS.jpg?resize=600%2C400&ssl=1",600,400,true],"ab-block-post-grid-square":["https:\/\/i0.wp.com\/www.joyana.fr\/wp-content\/uploads\/2014\/10\/ZUZUNAGA-SJ_09-PIXELS.jpg?resize=600%2C600&ssl=1",600,600,true],"author-pro-image":["https:\/\/i0.wp.com\/www.joyana.fr\/wp-content\/uploads\/2014\/10\/ZUZUNAGA-SJ_09-PIXELS.jpg?resize=360%2C570&ssl=1",360,570,true],"slider":["https:\/\/i0.wp.com\/www.joyana.fr\/wp-content\/uploads\/2014\/10\/ZUZUNAGA-SJ_09-PIXELS.jpg?resize=920%2C400&ssl=1",920,400,true],"woocommerce_thumbnail":["https:\/\/i0.wp.com\/www.joyana.fr\/wp-content\/uploads\/2014\/10\/ZUZUNAGA-SJ_09-PIXELS.jpg?resize=450%2C450&ssl=1",450,450,true],"woocommerce_single":["https:\/\/i0.wp.com\/www.joyana.fr\/wp-content\/uploads\/2014\/10\/ZUZUNAGA-SJ_09-PIXELS.jpg?fit=920%2C626&ssl=1",920,626,true],"woocommerce_gallery_thumbnail":["https:\/\/i0.wp.com\/www.joyana.fr\/wp-content\/uploads\/2014\/10\/ZUZUNAGA-SJ_09-PIXELS.jpg?resize=180%2C180&ssl=1",180,180,true],"sow-carousel-default":["https:\/\/i0.wp.com\/www.joyana.fr\/wp-content\/uploads\/2014\/10\/ZUZUNAGA-SJ_09-PIXELS.jpg?resize=272%2C182&ssl=1",272,182,true]},"uagb_author_info":{"display_name":"Jo Yana","author_link":"https:\/\/www.joyana.fr\/en\/author\/joyana\/"},"uagb_comment_info":2,"uagb_excerpt":"Les architectes Daniel P\u00e9rez + Felipe Araujo - du cabinet Egue y Seta - nous d\u00e9voilent le projet Vivienda en Sant Joan. Une r\u00e9novation plus que r\u00e9ussie d'une maison, \u00e0 Barcelone...","coauthors":[],"tax_additional":{"categories":{"linked":["<a href=\"https:\/\/www.joyana.fr\/en\/category\/a-la-une\/\" class=\"advgb-post-tax-term\">A la une !!!<\/a>","<a href=\"https:\/\/www.joyana.fr\/en\/category\/portfolio\/architecture\/\" class=\"advgb-post-tax-term\">ARCHITECTURE<\/a>","<a href=\"https:\/\/www.joyana.fr\/en\/category\/deco-design\/designer\/cristian-zuzunaga\/\" class=\"advgb-post-tax-term\">Cristian ZUZUNAGA<\/a>","<a href=\"https:\/\/www.joyana.fr\/en\/category\/deco-design\/\" class=\"advgb-post-tax-term\">DECO-DESIGN<\/a>","<a href=\"https:\/\/www.joyana.fr\/en\/category\/deco-design\/architecture-deco-design\/pays\/espagne\/\" class=\"advgb-post-tax-term\">Espagne<\/a>","<a href=\"https:\/\/www.joyana.fr\/en\/category\/deco-design\/architecture-deco-design\/lieux-design\/maison\/\" class=\"advgb-post-tax-term\">Maison<\/a>"],"unlinked":["<span class=\"advgb-post-tax-term\">A la une !!!<\/span>","<span class=\"advgb-post-tax-term\">ARCHITECTURE<\/span>","<span class=\"advgb-post-tax-term\">Cristian ZUZUNAGA<\/span>","<span class=\"advgb-post-tax-term\">DECO-DESIGN<\/span>","<span class=\"advgb-post-tax-term\">Espagne<\/span>","<span class=\"advgb-post-tax-term\">Maison<\/span>"]},"tags":{"linked":["<a href=\"https:\/\/www.joyana.fr\/en\/category\/deco-design\/architecture-deco-design\/lieux-design\/maison\/\" class=\"advgb-post-tax-term\">Architecture<\/a>","<a href=\"https:\/\/www.joyana.fr\/en\/category\/deco-design\/architecture-deco-design\/lieux-design\/maison\/\" class=\"advgb-post-tax-term\">Barcelone<\/a>","<a href=\"https:\/\/www.joyana.fr\/en\/category\/deco-design\/architecture-deco-design\/lieux-design\/maison\/\" class=\"advgb-post-tax-term\">Cristian ZUZUNAGA<\/a>","<a href=\"https:\/\/www.joyana.fr\/en\/category\/deco-design\/architecture-deco-design\/lieux-design\/maison\/\" class=\"advgb-post-tax-term\">Egue y Seta<\/a>","<a href=\"https:\/\/www.joyana.fr\/en\/category\/deco-design\/architecture-deco-design\/lieux-design\/maison\/\" class=\"advgb-post-tax-term\">Espagne<\/a>","<a href=\"https:\/\/www.joyana.fr\/en\/category\/deco-design\/architecture-deco-design\/lieux-design\/maison\/\" class=\"advgb-post-tax-term\">Maison design<\/a>"],"unlinked":["<span class=\"advgb-post-tax-term\">Architecture<\/span>","<span class=\"advgb-post-tax-term\">Barcelone<\/span>","<span class=\"advgb-post-tax-term\">Cristian ZUZUNAGA<\/span>","<span class=\"advgb-post-tax-term\">Egue y Seta<\/span>","<span class=\"advgb-post-tax-term\">Espagne<\/span>","<span class=\"advgb-post-tax-term\">Maison design<\/span>"]}},"comment_count":2,"relative_dates":{"created":"Posted 12 years ago","modified":"Updated 12 years ago"},"absolute_dates":{"created":"Posted on 14 October 2014","modified":"Updated on 14 October 2014"},"absolute_dates_time":{"created":"Posted on 14 October 2014 9:44","modified":"Updated on 14 October 2014 9:44"},"featured_img_caption":"","series_order":"","jetpack_sharing_enabled":true,"jetpack_shortlink":"https:\/\/wp.me\/p9bteI-uRy","jetpack-related-posts":[],"_links":{"self":[{"href":"https:\/\/www.joyana.fr\/en\/wp-json\/wp\/v2\/posts\/118640","targetHints":{"allow":["GET"]}}],"collection":[{"href":"https:\/\/www.joyana.fr\/en\/wp-json\/wp\/v2\/posts"}],"about":[{"href":"https:\/\/www.joyana.fr\/en\/wp-json\/wp\/v2\/types\/post"}],"author":[{"embeddable":true,"href":"https:\/\/www.joyana.fr\/en\/wp-json\/wp\/v2\/users\/3"}],"replies":[{"embeddable":true,"href":"https:\/\/www.joyana.fr\/en\/wp-json\/wp\/v2\/comments?post=118640"}],"version-history":[{"count":0,"href":"https:\/\/www.joyana.fr\/en\/wp-json\/wp\/v2\/posts\/118640\/revisions"}],"wp:featuredmedia":[{"embeddable":true,"href":"https:\/\/www.joyana.fr\/en\/wp-json\/wp\/v2\/media\/118644"}],"wp:attachment":[{"href":"https:\/\/www.joyana.fr\/en\/wp-json\/wp\/v2\/media?parent=118640"}],"wp:term":[{"taxonomy":"category","embeddable":true,"href":"https:\/\/www.joyana.fr\/en\/wp-json\/wp\/v2\/categories?post=118640"},{"taxonomy":"post_tag","embeddable":true,"href":"https:\/\/www.joyana.fr\/en\/wp-json\/wp\/v2\/tags?post=118640"}],"curies":[{"name":"wp","href":"https:\/\/api.w.org\/{rel}","templated":true}]}}