{"id":116732,"date":"2014-04-12T15:49:08","date_gmt":"2014-04-12T14:49:08","guid":{"rendered":"https:\/\/joyana.fr\/?p=16732"},"modified":"2014-04-12T15:49:08","modified_gmt":"2014-04-12T14:49:08","slug":"lucky-eye-blackbody-x-aldo-cibic-milan-design-week-2014","status":"publish","type":"post","link":"https:\/\/www.joyana.fr\/en\/lucky-eye-blackbody-x-aldo-cibic-milan-design-week-2014\/116732\/","title":{"rendered":"LUCKY EYE BLACKBODY x Aldo CIBIC &#038; Tommaso CORA &#8211; MILAN DESIGN WEEK 2014"},"content":{"rendered":"<p style=\"text-align: justify;\">Le rendez-vous \u00e9tait donn\u00e9 \u00e0 la <strong>Triennale de Milan 2014<\/strong> pour d\u00e9couvrir les nouveaut\u00e9s <a title=\"BLACKBODY\" href=\"https:\/\/joyana.fr\/category\/marques\/blackbody\/\" target=\"_blank\"><strong>BLACKBODY<\/strong><\/a>. Toute l&#8217;\u00e9quipe est rest\u00e9 en admiration devant <strong>LUCKY EYE<\/strong> &#8211; un miroir captivant sign\u00e9 <strong>Aldo Cibic <\/strong>et<strong> Tommaso Cora<\/strong>&#8230;<\/p>\n<p><a href=\"https:\/\/i0.wp.com\/joyana.fr\/wp-content\/uploads\/2014\/04\/lucky-eye-blackbody-.jpg?ssl=1\"><img data-recalc-dims=\"1\" fetchpriority=\"high\" decoding=\"async\" data-attachment-id=\"16733\" data-permalink=\"https:\/\/www.joyana.fr\/en\/100-accounts-to-inspire-you-on-instagram\/16654\/capture-decran-2015-02-24-a-11-07-57\/\" data-orig-file=\"https:\/\/i0.wp.com\/www.joyana.fr\/wp-content\/uploads\/2015\/02\/Capture-d%E2%80%99%C3%A9cran-2015-02-24-%C3%A0-11.07.57.png?fit=1020%2C539&amp;ssl=1\" data-orig-size=\"1020,539\" data-comments-opened=\"1\" data-image-meta=\"{&quot;aperture&quot;:&quot;0&quot;,&quot;credit&quot;:&quot;&quot;,&quot;camera&quot;:&quot;&quot;,&quot;caption&quot;:&quot;&quot;,&quot;created_timestamp&quot;:&quot;0&quot;,&quot;copyright&quot;:&quot;&quot;,&quot;focal_length&quot;:&quot;0&quot;,&quot;iso&quot;:&quot;0&quot;,&quot;shutter_speed&quot;:&quot;0&quot;,&quot;title&quot;:&quot;&quot;,&quot;orientation&quot;:&quot;0&quot;}\" data-image-title=\"Capture d\u2019\u00e9cran 2015-02-24 \u00e0 11.07.57\" data-image-description=\"\" data-image-caption=\"\" data-medium-file=\"https:\/\/i0.wp.com\/www.joyana.fr\/wp-content\/uploads\/2015\/02\/Capture-d%E2%80%99%C3%A9cran-2015-02-24-%C3%A0-11.07.57.png?fit=389%2C206&amp;ssl=1\" data-large-file=\"https:\/\/i0.wp.com\/www.joyana.fr\/wp-content\/uploads\/2015\/02\/Capture-d%E2%80%99%C3%A9cran-2015-02-24-%C3%A0-11.07.57.png?fit=1020%2C539&amp;ssl=1\" class=\"alignnone size-full wp-image-16733\" alt=\"lucky eye blackbody\" src=\"https:\/\/i0.wp.com\/joyana.fr\/wp-content\/uploads\/2014\/04\/lucky-eye-blackbody-.jpg?resize=650%2C632&#038;ssl=1\" width=\"650\" height=\"632\" \/><\/a><\/p>\n<p style=\"text-align: justify;\"><strong>LUCKY EYE<\/strong>\u00a0d\u00e9voile pour la premi\u00e8re fois la magie qui l\u2019entoure. Avec cette e\u0153uvre sublim\u00e9e par la lumi\u00e8re impalpable des panneaux OLED,\u00a0<strong>Aldo Cibic<\/strong>\u00a0et\u00a0<strong>Tommaso Cor\u00e0<\/strong> ont\u00a0voulu retranscrire une ancienne croyance selon laquelle les miroirs des diseuses de bonne aventure &#8211; d\u00e9riv\u00e9s de leurs boules de cristal &#8211; portent chance \u00e0 leurs propri\u00e9taires&#8230;<\/p>\n<p><a href=\"https:\/\/i0.wp.com\/joyana.fr\/wp-content\/uploads\/2014\/04\/lucky-eye-blackbody-041.jpg?ssl=1\"><img data-recalc-dims=\"1\" decoding=\"async\" data-attachment-id=\"16734\" data-permalink=\"https:\/\/www.joyana.fr\/en\/100-accounts-to-inspire-you-on-instagram\/16654\/capture-decran-2015-02-24-a-11-08-22\/\" data-orig-file=\"https:\/\/i0.wp.com\/www.joyana.fr\/wp-content\/uploads\/2015\/02\/Capture-d%E2%80%99%C3%A9cran-2015-02-24-%C3%A0-11.08.22.png?fit=1018%2C506&amp;ssl=1\" data-orig-size=\"1018,506\" data-comments-opened=\"1\" data-image-meta=\"{&quot;aperture&quot;:&quot;0&quot;,&quot;credit&quot;:&quot;&quot;,&quot;camera&quot;:&quot;&quot;,&quot;caption&quot;:&quot;&quot;,&quot;created_timestamp&quot;:&quot;0&quot;,&quot;copyright&quot;:&quot;&quot;,&quot;focal_length&quot;:&quot;0&quot;,&quot;iso&quot;:&quot;0&quot;,&quot;shutter_speed&quot;:&quot;0&quot;,&quot;title&quot;:&quot;&quot;,&quot;orientation&quot;:&quot;0&quot;}\" data-image-title=\"Capture d\u2019\u00e9cran 2015-02-24 \u00e0 11.08.22\" data-image-description=\"\" data-image-caption=\"\" data-medium-file=\"https:\/\/i0.wp.com\/www.joyana.fr\/wp-content\/uploads\/2015\/02\/Capture-d%E2%80%99%C3%A9cran-2015-02-24-%C3%A0-11.08.22.png?fit=389%2C193&amp;ssl=1\" data-large-file=\"https:\/\/i0.wp.com\/www.joyana.fr\/wp-content\/uploads\/2015\/02\/Capture-d%E2%80%99%C3%A9cran-2015-02-24-%C3%A0-11.08.22.png?fit=1018%2C506&amp;ssl=1\" class=\"alignnone size-large wp-image-16734\" alt=\"lucky eye blackbody 041\" src=\"https:\/\/i0.wp.com\/joyana.fr\/wp-content\/uploads\/2014\/04\/lucky-eye-blackbody-041.jpg?resize=650%2C457&#038;ssl=1\" width=\"650\" height=\"457\" \/><\/a><\/p>\n<p><a href=\"https:\/\/i0.wp.com\/joyana.fr\/wp-content\/uploads\/2014\/04\/lucky-eye-blackbody.jpg?ssl=1\"><img data-recalc-dims=\"1\" decoding=\"async\" data-attachment-id=\"16736\" data-permalink=\"https:\/\/www.joyana.fr\/en\/100-accounts-to-inspire-you-on-instagram\/16654\/capture-decran-2015-02-24-a-15-38-15\/\" data-orig-file=\"https:\/\/i0.wp.com\/www.joyana.fr\/wp-content\/uploads\/2015\/02\/Capture-d%E2%80%99%C3%A9cran-2015-02-24-%C3%A0-15.38.15.png?fit=1018%2C505&amp;ssl=1\" data-orig-size=\"1018,505\" data-comments-opened=\"1\" data-image-meta=\"{&quot;aperture&quot;:&quot;0&quot;,&quot;credit&quot;:&quot;&quot;,&quot;camera&quot;:&quot;&quot;,&quot;caption&quot;:&quot;&quot;,&quot;created_timestamp&quot;:&quot;0&quot;,&quot;copyright&quot;:&quot;&quot;,&quot;focal_length&quot;:&quot;0&quot;,&quot;iso&quot;:&quot;0&quot;,&quot;shutter_speed&quot;:&quot;0&quot;,&quot;title&quot;:&quot;&quot;,&quot;orientation&quot;:&quot;0&quot;}\" data-image-title=\"Capture d\u2019\u00e9cran 2015-02-24 \u00e0 15.38.15\" data-image-description=\"\" data-image-caption=\"\" data-medium-file=\"https:\/\/i0.wp.com\/www.joyana.fr\/wp-content\/uploads\/2015\/02\/Capture-d%E2%80%99%C3%A9cran-2015-02-24-%C3%A0-15.38.15.png?fit=389%2C193&amp;ssl=1\" data-large-file=\"https:\/\/i0.wp.com\/www.joyana.fr\/wp-content\/uploads\/2015\/02\/Capture-d%E2%80%99%C3%A9cran-2015-02-24-%C3%A0-15.38.15.png?fit=1018%2C505&amp;ssl=1\" class=\"alignnone size-large wp-image-16736\" alt=\"lucky eye blackbody\" src=\"https:\/\/i0.wp.com\/joyana.fr\/wp-content\/uploads\/2014\/04\/lucky-eye-blackbody.jpg?resize=650%2C647&#038;ssl=1\" width=\"650\" height=\"647\" \/><\/a><\/p>\n<p style=\"text-align: justify;\">Aucun visiteur n&#8217;est rentr\u00e9 dans l&#8217;espace <strong>BLACKBODY<\/strong> sans se prendre en photo dans le <strong>miroir LUCKY EYE<\/strong>. Hypnotisant vous dites ?<\/p>\n<p><a href=\"https:\/\/i0.wp.com\/joyana.fr\/wp-content\/uploads\/2014\/04\/lucky-eye.jpg?ssl=1\"><img data-recalc-dims=\"1\" loading=\"lazy\" decoding=\"async\" data-attachment-id=\"16737\" data-permalink=\"https:\/\/www.joyana.fr\/en\/100-accounts-to-inspire-you-on-instagram\/16654\/capture-decran-2015-02-24-a-15-39-12\/\" data-orig-file=\"https:\/\/i0.wp.com\/www.joyana.fr\/wp-content\/uploads\/2015\/02\/Capture-d%E2%80%99%C3%A9cran-2015-02-24-%C3%A0-15.39.12.png?fit=1019%2C505&amp;ssl=1\" data-orig-size=\"1019,505\" data-comments-opened=\"1\" data-image-meta=\"{&quot;aperture&quot;:&quot;0&quot;,&quot;credit&quot;:&quot;&quot;,&quot;camera&quot;:&quot;&quot;,&quot;caption&quot;:&quot;&quot;,&quot;created_timestamp&quot;:&quot;0&quot;,&quot;copyright&quot;:&quot;&quot;,&quot;focal_length&quot;:&quot;0&quot;,&quot;iso&quot;:&quot;0&quot;,&quot;shutter_speed&quot;:&quot;0&quot;,&quot;title&quot;:&quot;&quot;,&quot;orientation&quot;:&quot;0&quot;}\" data-image-title=\"Capture d\u2019\u00e9cran 2015-02-24 \u00e0 15.39.12\" data-image-description=\"\" data-image-caption=\"\" data-medium-file=\"https:\/\/i0.wp.com\/www.joyana.fr\/wp-content\/uploads\/2015\/02\/Capture-d%E2%80%99%C3%A9cran-2015-02-24-%C3%A0-15.39.12.png?fit=389%2C193&amp;ssl=1\" data-large-file=\"https:\/\/i0.wp.com\/www.joyana.fr\/wp-content\/uploads\/2015\/02\/Capture-d%E2%80%99%C3%A9cran-2015-02-24-%C3%A0-15.39.12.png?fit=1019%2C505&amp;ssl=1\" class=\"alignnone size-large wp-image-16737\" alt=\"lucky eye\" src=\"https:\/\/i0.wp.com\/joyana.fr\/wp-content\/uploads\/2014\/04\/lucky-eye-626x1000.jpg?resize=626%2C1000&#038;ssl=1\" width=\"626\" height=\"1000\" \/><\/a><\/p>\n<p style=\"text-align: center;\">En savoir + sur\u00a0<a title=\"BLACKBODY\" href=\"http:\/\/www.blackbody.fr\/\"><strong>BLACKBODY<\/strong><\/a><\/p>\n<p style=\"text-align: center;\"><span style=\"color: #000000;\">.<\/span><\/p>\n","protected":false},"excerpt":{"rendered":"<p>Le rendez-vous \u00e9tait donn\u00e9 \u00e0 la Triennale de Milan 2014 pour d\u00e9couvrir les nouveaut\u00e9s BLACKBODY. Toute l&#8217;\u00e9quipe est rest\u00e9 en admiration devant LUCKY EYE &#8211; un miroir captivant sign\u00e9 Aldo Cibic et Tommaso Cora&#8230; LUCKY EYE\u00a0d\u00e9voile pour la premi\u00e8re fois la magie qui l\u2019entoure. Avec cette e\u0153uvre sublim\u00e9e par la lumi\u00e8re impalpable des panneaux OLED,\u00a0Aldo [&hellip;]<\/p>\n","protected":false},"author":3,"featured_media":116735,"comment_status":"open","ping_status":"open","sticky":false,"template":"","format":"aside","meta":{"_coblocks_attr":"","_coblocks_dimensions":"","_coblocks_responsive_height":"","_coblocks_accordion_ie_support":"","_uag_custom_page_level_css":"","advgb_blocks_editor_width":"","advgb_blocks_columns_visual_guide":"","_genesis_hide_title":false,"_genesis_hide_breadcrumbs":false,"_genesis_hide_singular_image":false,"_genesis_hide_footer_widgets":false,"_genesis_custom_body_class":"","_genesis_custom_post_class":"","_genesis_layout":"","_themeisle_gutenberg_block_has_review":false,"_jetpack_newsletter_access":"","_jetpack_dont_email_post_to_subs":false,"_jetpack_newsletter_tier_id":0,"_jetpack_memberships_contains_paywalled_content":false,"_jetpack_memberships_contains_paid_content":false,"footnotes":""},"categories":[1025,1077,905,993,1001],"tags":[1299,1078,1669,1265],"class_list":{"0":"post-116732","1":"post","2":"type-post","3":"status-publish","4":"format-aside","5":"has-post-thumbnail","7":"category-applique","8":"category-blackbody","9":"category-deco-design","10":"category-milan-design-week","11":"category-miroir","12":"tag-applique-design","13":"tag-blackbody","14":"tag-milan-design-week-2014","15":"tag-miroir-design","16":"post_format-post-format-aside","17":"entry"},"featured_image_urls":{"full":["https:\/\/i0.wp.com\/www.joyana.fr\/wp-content\/uploads\/2014\/04\/lucky-eye-blackbody-DSC03038.jpg?fit=650%2C569&ssl=1",650,569,false],"thumbnail":["https:\/\/i0.wp.com\/www.joyana.fr\/wp-content\/uploads\/2014\/04\/lucky-eye-blackbody-DSC03038.jpg?resize=150%2C150&ssl=1",150,150,true],"medium":["https:\/\/i0.wp.com\/www.joyana.fr\/wp-content\/uploads\/2014\/04\/lucky-eye-blackbody-DSC03038.jpg?fit=389%2C341&ssl=1",389,341,true],"medium_large":["https:\/\/i0.wp.com\/www.joyana.fr\/wp-content\/uploads\/2014\/04\/lucky-eye-blackbody-DSC03038.jpg?fit=650%2C569&ssl=1",650,569,true],"large":["https:\/\/i0.wp.com\/www.joyana.fr\/wp-content\/uploads\/2014\/04\/lucky-eye-blackbody-DSC03038.jpg?fit=650%2C569&ssl=1",650,569,true],"1536x1536":["https:\/\/i0.wp.com\/www.joyana.fr\/wp-content\/uploads\/2014\/04\/lucky-eye-blackbody-DSC03038.jpg?fit=650%2C569&ssl=1",650,569,true],"2048x2048":["https:\/\/i0.wp.com\/www.joyana.fr\/wp-content\/uploads\/2014\/04\/lucky-eye-blackbody-DSC03038.jpg?fit=650%2C569&ssl=1",650,569,true],"featured-thumb":["https:\/\/i0.wp.com\/www.joyana.fr\/wp-content\/uploads\/2014\/04\/lucky-eye-blackbody-DSC03038.jpg?resize=650%2C569&ssl=1",650,569,true],"ab-block-post-grid-landscape":["https:\/\/i0.wp.com\/www.joyana.fr\/wp-content\/uploads\/2014\/04\/lucky-eye-blackbody-DSC03038.jpg?resize=600%2C400&ssl=1",600,400,true],"ab-block-post-grid-square":["https:\/\/i0.wp.com\/www.joyana.fr\/wp-content\/uploads\/2014\/04\/lucky-eye-blackbody-DSC03038.jpg?resize=600%2C569&ssl=1",600,569,true],"author-pro-image":["https:\/\/i0.wp.com\/www.joyana.fr\/wp-content\/uploads\/2014\/04\/lucky-eye-blackbody-DSC03038.jpg?resize=360%2C569&ssl=1",360,569,true],"slider":["https:\/\/i0.wp.com\/www.joyana.fr\/wp-content\/uploads\/2014\/04\/lucky-eye-blackbody-DSC03038.jpg?resize=650%2C400&ssl=1",650,400,true],"woocommerce_thumbnail":["https:\/\/i0.wp.com\/www.joyana.fr\/wp-content\/uploads\/2014\/04\/lucky-eye-blackbody-DSC03038.jpg?resize=450%2C450&ssl=1",450,450,true],"woocommerce_single":["https:\/\/i0.wp.com\/www.joyana.fr\/wp-content\/uploads\/2014\/04\/lucky-eye-blackbody-DSC03038.jpg?fit=650%2C569&ssl=1",650,569,true],"woocommerce_gallery_thumbnail":["https:\/\/i0.wp.com\/www.joyana.fr\/wp-content\/uploads\/2014\/04\/lucky-eye-blackbody-DSC03038.jpg?resize=180%2C180&ssl=1",180,180,true],"sow-carousel-default":["https:\/\/i0.wp.com\/www.joyana.fr\/wp-content\/uploads\/2014\/04\/lucky-eye-blackbody-DSC03038.jpg?resize=272%2C182&ssl=1",272,182,true]},"post_excerpt_stackable":"<p>Le rendez-vous \u00e9tait donn\u00e9 \u00e0 la Triennale de Milan 2014 pour d\u00e9couvrir les nouveaut\u00e9s BLACKBODY. Toute l&#8217;\u00e9quipe est rest\u00e9 en admiration devant LUCKY EYE &#8211; un miroir captivant sign\u00e9 Aldo Cibic et Tommaso Cora&#8230; LUCKY EYE\u00a0d\u00e9voile pour la premi\u00e8re fois la magie qui l\u2019entoure. Avec cette e\u0153uvre sublim\u00e9e par la lumi\u00e8re impalpable des panneaux OLED,\u00a0Aldo Cibic\u00a0et\u00a0Tommaso Cor\u00e0 ont\u00a0voulu retranscrire une ancienne croyance selon laquelle les miroirs des diseuses de bonne aventure &#8211; d\u00e9riv\u00e9s de leurs boules de cristal &#8211; portent chance \u00e0 leurs propri\u00e9taires&#8230; Aucun visiteur n&#8217;est rentr\u00e9 dans l&#8217;espace BLACKBODY sans se prendre en photo dans le miroir LUCKY&hellip;<\/p>\n","category_list":"<a href=\"https:\/\/www.joyana.fr\/en\/category\/deco-design\/luminaire\/applique\/\" rel=\"category tag\">Applique<\/a>, <a href=\"https:\/\/www.joyana.fr\/en\/category\/marques\/blackbody\/\" rel=\"category tag\">BLACKBODY<\/a>, <a href=\"https:\/\/www.joyana.fr\/en\/category\/deco-design\/\" rel=\"category tag\">DECO-DESIGN<\/a>, <a href=\"https:\/\/www.joyana.fr\/en\/category\/deco-design\/actualite\/salon\/milan-design-week\/\" rel=\"category tag\">Milan Design Week<\/a>, <a href=\"https:\/\/www.joyana.fr\/en\/category\/deco-design\/decoration\/accessoires\/miroir\/\" rel=\"category tag\">Miroir<\/a>","author_info":{"display_name":"Jo Yana","author_link":"https:\/\/www.joyana.fr\/en\/author\/joyana\/"},"comments_num":"4 comments","featured_image_urls_v2":{"full":["https:\/\/i0.wp.com\/www.joyana.fr\/wp-content\/uploads\/2014\/04\/lucky-eye-blackbody-DSC03038.jpg?fit=650%2C569&ssl=1",650,569,false],"thumbnail":["https:\/\/i0.wp.com\/www.joyana.fr\/wp-content\/uploads\/2014\/04\/lucky-eye-blackbody-DSC03038.jpg?resize=150%2C150&ssl=1",150,150,true],"medium":["https:\/\/i0.wp.com\/www.joyana.fr\/wp-content\/uploads\/2014\/04\/lucky-eye-blackbody-DSC03038.jpg?fit=389%2C341&ssl=1",389,341,true],"medium_large":["https:\/\/i0.wp.com\/www.joyana.fr\/wp-content\/uploads\/2014\/04\/lucky-eye-blackbody-DSC03038.jpg?fit=650%2C569&ssl=1",650,569,true],"large":["https:\/\/i0.wp.com\/www.joyana.fr\/wp-content\/uploads\/2014\/04\/lucky-eye-blackbody-DSC03038.jpg?fit=650%2C569&ssl=1",650,569,true],"1536x1536":["https:\/\/i0.wp.com\/www.joyana.fr\/wp-content\/uploads\/2014\/04\/lucky-eye-blackbody-DSC03038.jpg?fit=650%2C569&ssl=1",650,569,true],"2048x2048":["https:\/\/i0.wp.com\/www.joyana.fr\/wp-content\/uploads\/2014\/04\/lucky-eye-blackbody-DSC03038.jpg?fit=650%2C569&ssl=1",650,569,true],"featured-thumb":["https:\/\/i0.wp.com\/www.joyana.fr\/wp-content\/uploads\/2014\/04\/lucky-eye-blackbody-DSC03038.jpg?resize=650%2C569&ssl=1",650,569,true],"ab-block-post-grid-landscape":["https:\/\/i0.wp.com\/www.joyana.fr\/wp-content\/uploads\/2014\/04\/lucky-eye-blackbody-DSC03038.jpg?resize=600%2C400&ssl=1",600,400,true],"ab-block-post-grid-square":["https:\/\/i0.wp.com\/www.joyana.fr\/wp-content\/uploads\/2014\/04\/lucky-eye-blackbody-DSC03038.jpg?resize=600%2C569&ssl=1",600,569,true],"author-pro-image":["https:\/\/i0.wp.com\/www.joyana.fr\/wp-content\/uploads\/2014\/04\/lucky-eye-blackbody-DSC03038.jpg?resize=360%2C569&ssl=1",360,569,true],"slider":["https:\/\/i0.wp.com\/www.joyana.fr\/wp-content\/uploads\/2014\/04\/lucky-eye-blackbody-DSC03038.jpg?resize=650%2C400&ssl=1",650,400,true],"woocommerce_thumbnail":["https:\/\/i0.wp.com\/www.joyana.fr\/wp-content\/uploads\/2014\/04\/lucky-eye-blackbody-DSC03038.jpg?resize=450%2C450&ssl=1",450,450,true],"woocommerce_single":["https:\/\/i0.wp.com\/www.joyana.fr\/wp-content\/uploads\/2014\/04\/lucky-eye-blackbody-DSC03038.jpg?fit=650%2C569&ssl=1",650,569,true],"woocommerce_gallery_thumbnail":["https:\/\/i0.wp.com\/www.joyana.fr\/wp-content\/uploads\/2014\/04\/lucky-eye-blackbody-DSC03038.jpg?resize=180%2C180&ssl=1",180,180,true],"sow-carousel-default":["https:\/\/i0.wp.com\/www.joyana.fr\/wp-content\/uploads\/2014\/04\/lucky-eye-blackbody-DSC03038.jpg?resize=272%2C182&ssl=1",272,182,true]},"post_excerpt_stackable_v2":"<p>Le rendez-vous \u00e9tait donn\u00e9 \u00e0 la Triennale de Milan 2014 pour d\u00e9couvrir les nouveaut\u00e9s BLACKBODY. Toute l&#8217;\u00e9quipe est rest\u00e9 en admiration devant LUCKY EYE &#8211; un miroir captivant sign\u00e9 Aldo Cibic et Tommaso Cora&#8230; LUCKY EYE\u00a0d\u00e9voile pour la premi\u00e8re fois la magie qui l\u2019entoure. Avec cette e\u0153uvre sublim\u00e9e par la lumi\u00e8re impalpable des panneaux OLED,\u00a0Aldo Cibic\u00a0et\u00a0Tommaso Cor\u00e0 ont\u00a0voulu retranscrire une ancienne croyance selon laquelle les miroirs des diseuses de bonne aventure &#8211; d\u00e9riv\u00e9s de leurs boules de cristal &#8211; portent chance \u00e0 leurs propri\u00e9taires&#8230; Aucun visiteur n&#8217;est rentr\u00e9 dans l&#8217;espace BLACKBODY sans se prendre en photo dans le miroir LUCKY&hellip;<\/p>\n","category_list_v2":"<a href=\"https:\/\/www.joyana.fr\/en\/category\/deco-design\/luminaire\/applique\/\" rel=\"category tag\">Applique<\/a>, <a href=\"https:\/\/www.joyana.fr\/en\/category\/marques\/blackbody\/\" rel=\"category tag\">BLACKBODY<\/a>, <a href=\"https:\/\/www.joyana.fr\/en\/category\/deco-design\/\" rel=\"category tag\">DECO-DESIGN<\/a>, <a href=\"https:\/\/www.joyana.fr\/en\/category\/deco-design\/actualite\/salon\/milan-design-week\/\" rel=\"category tag\">Milan Design Week<\/a>, <a href=\"https:\/\/www.joyana.fr\/en\/category\/deco-design\/decoration\/accessoires\/miroir\/\" rel=\"category tag\">Miroir<\/a>","author_info_v2":{"name":"Jo Yana","url":"https:\/\/www.joyana.fr\/en\/author\/joyana\/"},"comments_num_v2":"4 comments","yoast_head":"<!-- This site is optimized with the Yoast SEO plugin v26.8 - https:\/\/yoast.com\/product\/yoast-seo-wordpress\/ -->\n<title>LUCKY EYE BLACKBODY x Aldo CIBIC &amp; Tommaso CORA - MILAN DESIGN WEEK 2014 - JO YANA<\/title>\n<meta name=\"robots\" content=\"index, follow, max-snippet:-1, max-image-preview:large, max-video-preview:-1\" \/>\n<link rel=\"canonical\" href=\"https:\/\/www.joyana.fr\/en\/lucky-eye-blackbody-x-aldo-cibic-milan-design-week-2014\/116732\/\" \/>\n<meta property=\"og:locale\" content=\"en_US\" \/>\n<meta property=\"og:locale:alternate\" content=\"fr_FR\" \/>\n<meta property=\"og:locale:alternate\" content=\"ja\" \/>\n<meta property=\"og:type\" content=\"article\" \/>\n<meta property=\"og:title\" content=\"LUCKY EYE BLACKBODY x Aldo CIBIC &amp; Tommaso CORA - MILAN DESIGN WEEK 2014 - JO YANA\" \/>\n<meta property=\"og:description\" content=\"Le rendez-vous \u00e9tait donn\u00e9 \u00e0 la Triennale de Milan 2014 pour d\u00e9couvrir les nouveaut\u00e9s BLACKBODY. Toute l&#8217;\u00e9quipe est rest\u00e9 en admiration devant LUCKY EYE &#8211; un miroir captivant sign\u00e9 Aldo Cibic et Tommaso Cora&#8230; LUCKY EYE\u00a0d\u00e9voile pour la premi\u00e8re fois la magie qui l\u2019entoure. Avec cette e\u0153uvre sublim\u00e9e par la lumi\u00e8re impalpable des panneaux OLED,\u00a0Aldo [&hellip;]\" \/>\n<meta property=\"og:url\" content=\"https:\/\/www.joyana.fr\/en\/lucky-eye-blackbody-x-aldo-cibic-milan-design-week-2014\/116732\/\" \/>\n<meta property=\"og:site_name\" content=\"JO YANA\" \/>\n<meta property=\"article:published_time\" content=\"2014-04-12T14:49:08+00:00\" \/>\n<meta property=\"og:image\" content=\"https:\/\/www.joyana.fr\/wp-content\/uploads\/2014\/04\/lucky-eye-blackbody-DSC03038.jpg\" \/>\n\t<meta property=\"og:image:width\" content=\"650\" \/>\n\t<meta property=\"og:image:height\" content=\"569\" \/>\n\t<meta property=\"og:image:type\" content=\"image\/jpeg\" \/>\n<meta name=\"author\" content=\"Jo Yana\" \/>\n<meta name=\"twitter:card\" content=\"summary_large_image\" \/>\n<meta name=\"twitter:creator\" content=\"@Jo_Yana\" \/>\n<meta name=\"twitter:site\" content=\"@Jo_Yana\" \/>\n<meta name=\"twitter:label1\" content=\"Written by\" \/>\n\t<meta name=\"twitter:data1\" content=\"Jo Yana\" \/>\n\t<meta name=\"twitter:label2\" content=\"Est. reading time\" \/>\n\t<meta name=\"twitter:data2\" content=\"1 minute\" \/>\n<script type=\"application\/ld+json\" class=\"yoast-schema-graph\">{\"@context\":\"https:\/\/schema.org\",\"@graph\":[{\"@type\":\"Article\",\"@id\":\"https:\/\/www.joyana.fr\/ja\/lucky-eye-blackbody-x-aldo-cibic-milan-design-week-2014\/116732\/#article\",\"isPartOf\":{\"@id\":\"https:\/\/www.joyana.fr\/ja\/lucky-eye-blackbody-x-aldo-cibic-milan-design-week-2014\/116732\/\"},\"author\":{\"name\":\"Jo Yana\",\"@id\":\"https:\/\/joyana.fr\/#\/schema\/person\/cf2a1ad12a27c12c21801075bf37407c\"},\"headline\":\"LUCKY EYE BLACKBODY x Aldo CIBIC &#038; Tommaso CORA &#8211; MILAN DESIGN WEEK 2014\",\"datePublished\":\"2014-04-12T14:49:08+00:00\",\"mainEntityOfPage\":{\"@id\":\"https:\/\/www.joyana.fr\/ja\/lucky-eye-blackbody-x-aldo-cibic-milan-design-week-2014\/116732\/\"},\"wordCount\":136,\"commentCount\":2,\"publisher\":{\"@id\":\"https:\/\/joyana.fr\/#\/schema\/person\/cf2a1ad12a27c12c21801075bf37407c\"},\"image\":{\"@id\":\"https:\/\/www.joyana.fr\/ja\/lucky-eye-blackbody-x-aldo-cibic-milan-design-week-2014\/116732\/#primaryimage\"},\"thumbnailUrl\":\"https:\/\/i0.wp.com\/www.joyana.fr\/wp-content\/uploads\/2014\/04\/lucky-eye-blackbody-DSC03038.jpg?fit=650%2C569&ssl=1\",\"keywords\":[\"Applique design\",\"BLACKBODY\",\"Milan Design Week 2014\",\"Miroir design\"],\"articleSection\":[\"Applique\",\"BLACKBODY\",\"DECO-DESIGN\",\"Milan Design Week\",\"Miroir\"],\"inLanguage\":\"en-US\",\"potentialAction\":[{\"@type\":\"CommentAction\",\"name\":\"Comment\",\"target\":[\"https:\/\/www.joyana.fr\/ja\/lucky-eye-blackbody-x-aldo-cibic-milan-design-week-2014\/116732\/#respond\"]}]},{\"@type\":\"WebPage\",\"@id\":\"https:\/\/www.joyana.fr\/ja\/lucky-eye-blackbody-x-aldo-cibic-milan-design-week-2014\/116732\/\",\"url\":\"https:\/\/www.joyana.fr\/ja\/lucky-eye-blackbody-x-aldo-cibic-milan-design-week-2014\/116732\/\",\"name\":\"LUCKY EYE BLACKBODY x Aldo CIBIC & Tommaso CORA - MILAN DESIGN WEEK 2014 - JO YANA\",\"isPartOf\":{\"@id\":\"https:\/\/joyana.fr\/#website\"},\"primaryImageOfPage\":{\"@id\":\"https:\/\/www.joyana.fr\/ja\/lucky-eye-blackbody-x-aldo-cibic-milan-design-week-2014\/116732\/#primaryimage\"},\"image\":{\"@id\":\"https:\/\/www.joyana.fr\/ja\/lucky-eye-blackbody-x-aldo-cibic-milan-design-week-2014\/116732\/#primaryimage\"},\"thumbnailUrl\":\"https:\/\/i0.wp.com\/www.joyana.fr\/wp-content\/uploads\/2014\/04\/lucky-eye-blackbody-DSC03038.jpg?fit=650%2C569&ssl=1\",\"datePublished\":\"2014-04-12T14:49:08+00:00\",\"breadcrumb\":{\"@id\":\"https:\/\/www.joyana.fr\/ja\/lucky-eye-blackbody-x-aldo-cibic-milan-design-week-2014\/116732\/#breadcrumb\"},\"inLanguage\":\"en-US\",\"potentialAction\":[{\"@type\":\"ReadAction\",\"target\":[\"https:\/\/www.joyana.fr\/ja\/lucky-eye-blackbody-x-aldo-cibic-milan-design-week-2014\/116732\/\"]}]},{\"@type\":\"ImageObject\",\"inLanguage\":\"en-US\",\"@id\":\"https:\/\/www.joyana.fr\/ja\/lucky-eye-blackbody-x-aldo-cibic-milan-design-week-2014\/116732\/#primaryimage\",\"url\":\"https:\/\/i0.wp.com\/www.joyana.fr\/wp-content\/uploads\/2014\/04\/lucky-eye-blackbody-DSC03038.jpg?fit=650%2C569&ssl=1\",\"contentUrl\":\"https:\/\/i0.wp.com\/www.joyana.fr\/wp-content\/uploads\/2014\/04\/lucky-eye-blackbody-DSC03038.jpg?fit=650%2C569&ssl=1\",\"width\":650,\"height\":569},{\"@type\":\"BreadcrumbList\",\"@id\":\"https:\/\/www.joyana.fr\/ja\/lucky-eye-blackbody-x-aldo-cibic-milan-design-week-2014\/116732\/#breadcrumb\",\"itemListElement\":[{\"@type\":\"ListItem\",\"position\":1,\"name\":\"Accueil\",\"item\":\"https:\/\/joyana.fr\/\"},{\"@type\":\"ListItem\",\"position\":2,\"name\":\"LUCKY EYE BLACKBODY x Aldo CIBIC &#038; Tommaso CORA &#8211; MILAN DESIGN WEEK 2014\"}]},{\"@type\":\"WebSite\",\"@id\":\"https:\/\/joyana.fr\/#website\",\"url\":\"https:\/\/joyana.fr\/\",\"name\":\"JO YANA\",\"description\":\"Blog Mode Homme, Lifestyle, D\u00e9co-Design\",\"publisher\":{\"@id\":\"https:\/\/joyana.fr\/#\/schema\/person\/cf2a1ad12a27c12c21801075bf37407c\"},\"potentialAction\":[{\"@type\":\"SearchAction\",\"target\":{\"@type\":\"EntryPoint\",\"urlTemplate\":\"https:\/\/joyana.fr\/?s={search_term_string}\"},\"query-input\":{\"@type\":\"PropertyValueSpecification\",\"valueRequired\":true,\"valueName\":\"search_term_string\"}}],\"inLanguage\":\"en-US\"},{\"@type\":[\"Person\",\"Organization\"],\"@id\":\"https:\/\/joyana.fr\/#\/schema\/person\/cf2a1ad12a27c12c21801075bf37407c\",\"name\":\"Jo Yana\",\"image\":{\"@type\":\"ImageObject\",\"inLanguage\":\"en-US\",\"@id\":\"https:\/\/joyana.fr\/#\/schema\/person\/image\/\",\"url\":\"https:\/\/i0.wp.com\/www.joyana.fr\/wp-content\/uploads\/2016\/08\/cropped-joyana-logo-black-360x180.png?fit=343%2C164&ssl=1\",\"contentUrl\":\"https:\/\/i0.wp.com\/www.joyana.fr\/wp-content\/uploads\/2016\/08\/cropped-joyana-logo-black-360x180.png?fit=343%2C164&ssl=1\",\"width\":343,\"height\":164,\"caption\":\"Jo Yana\"},\"logo\":{\"@id\":\"https:\/\/joyana.fr\/#\/schema\/person\/image\/\"},\"description\":\"Jo Yana est le cr\u00e9ateur et r\u00e9dacteur en chef des sites DECO-DESIGN. Passionn\u00e9 de Design, Mode, Photo, Luxe, Lifestyle, Musique, mais avant tout Blogueur ! Le plaisir de partager l'anime et a comme devise \\\"POUR L'AMOUR DU BEAU\\\". Retrouvez le aussi sur son blog personnel - https:\/\/joyana.fr...\",\"sameAs\":[\"https:\/\/joyana.fr\/\"],\"url\":\"https:\/\/www.joyana.fr\/en\/author\/joyana\/\"}]}<\/script>\n<!-- \/ Yoast SEO plugin. -->","yoast_head_json":{"title":"LUCKY EYE BLACKBODY x Aldo CIBIC & Tommaso CORA - MILAN DESIGN WEEK 2014 - JO YANA","robots":{"index":"index","follow":"follow","max-snippet":"max-snippet:-1","max-image-preview":"max-image-preview:large","max-video-preview":"max-video-preview:-1"},"canonical":"https:\/\/www.joyana.fr\/en\/lucky-eye-blackbody-x-aldo-cibic-milan-design-week-2014\/116732\/","og_locale":"en_US","og_type":"article","og_title":"LUCKY EYE BLACKBODY x Aldo CIBIC & Tommaso CORA - MILAN DESIGN WEEK 2014 - JO YANA","og_description":"Le rendez-vous \u00e9tait donn\u00e9 \u00e0 la Triennale de Milan 2014 pour d\u00e9couvrir les nouveaut\u00e9s BLACKBODY. Toute l&#8217;\u00e9quipe est rest\u00e9 en admiration devant LUCKY EYE &#8211; un miroir captivant sign\u00e9 Aldo Cibic et Tommaso Cora&#8230; LUCKY EYE\u00a0d\u00e9voile pour la premi\u00e8re fois la magie qui l\u2019entoure. Avec cette e\u0153uvre sublim\u00e9e par la lumi\u00e8re impalpable des panneaux OLED,\u00a0Aldo [&hellip;]","og_url":"https:\/\/www.joyana.fr\/en\/lucky-eye-blackbody-x-aldo-cibic-milan-design-week-2014\/116732\/","og_site_name":"JO YANA","article_published_time":"2014-04-12T14:49:08+00:00","og_image":[{"width":650,"height":569,"url":"https:\/\/www.joyana.fr\/wp-content\/uploads\/2014\/04\/lucky-eye-blackbody-DSC03038.jpg","type":"image\/jpeg"}],"author":"Jo Yana","twitter_card":"summary_large_image","twitter_creator":"@Jo_Yana","twitter_site":"@Jo_Yana","twitter_misc":{"Written by":"Jo Yana","Est. reading time":"1 minute"},"schema":{"@context":"https:\/\/schema.org","@graph":[{"@type":"Article","@id":"https:\/\/www.joyana.fr\/ja\/lucky-eye-blackbody-x-aldo-cibic-milan-design-week-2014\/116732\/#article","isPartOf":{"@id":"https:\/\/www.joyana.fr\/ja\/lucky-eye-blackbody-x-aldo-cibic-milan-design-week-2014\/116732\/"},"author":{"name":"Jo Yana","@id":"https:\/\/joyana.fr\/#\/schema\/person\/cf2a1ad12a27c12c21801075bf37407c"},"headline":"LUCKY EYE BLACKBODY x Aldo CIBIC &#038; Tommaso CORA &#8211; MILAN DESIGN WEEK 2014","datePublished":"2014-04-12T14:49:08+00:00","mainEntityOfPage":{"@id":"https:\/\/www.joyana.fr\/ja\/lucky-eye-blackbody-x-aldo-cibic-milan-design-week-2014\/116732\/"},"wordCount":136,"commentCount":2,"publisher":{"@id":"https:\/\/joyana.fr\/#\/schema\/person\/cf2a1ad12a27c12c21801075bf37407c"},"image":{"@id":"https:\/\/www.joyana.fr\/ja\/lucky-eye-blackbody-x-aldo-cibic-milan-design-week-2014\/116732\/#primaryimage"},"thumbnailUrl":"https:\/\/i0.wp.com\/www.joyana.fr\/wp-content\/uploads\/2014\/04\/lucky-eye-blackbody-DSC03038.jpg?fit=650%2C569&ssl=1","keywords":["Applique design","BLACKBODY","Milan Design Week 2014","Miroir design"],"articleSection":["Applique","BLACKBODY","DECO-DESIGN","Milan Design Week","Miroir"],"inLanguage":"en-US","potentialAction":[{"@type":"CommentAction","name":"Comment","target":["https:\/\/www.joyana.fr\/ja\/lucky-eye-blackbody-x-aldo-cibic-milan-design-week-2014\/116732\/#respond"]}]},{"@type":"WebPage","@id":"https:\/\/www.joyana.fr\/ja\/lucky-eye-blackbody-x-aldo-cibic-milan-design-week-2014\/116732\/","url":"https:\/\/www.joyana.fr\/ja\/lucky-eye-blackbody-x-aldo-cibic-milan-design-week-2014\/116732\/","name":"LUCKY EYE BLACKBODY x Aldo CIBIC & Tommaso CORA - MILAN DESIGN WEEK 2014 - JO YANA","isPartOf":{"@id":"https:\/\/joyana.fr\/#website"},"primaryImageOfPage":{"@id":"https:\/\/www.joyana.fr\/ja\/lucky-eye-blackbody-x-aldo-cibic-milan-design-week-2014\/116732\/#primaryimage"},"image":{"@id":"https:\/\/www.joyana.fr\/ja\/lucky-eye-blackbody-x-aldo-cibic-milan-design-week-2014\/116732\/#primaryimage"},"thumbnailUrl":"https:\/\/i0.wp.com\/www.joyana.fr\/wp-content\/uploads\/2014\/04\/lucky-eye-blackbody-DSC03038.jpg?fit=650%2C569&ssl=1","datePublished":"2014-04-12T14:49:08+00:00","breadcrumb":{"@id":"https:\/\/www.joyana.fr\/ja\/lucky-eye-blackbody-x-aldo-cibic-milan-design-week-2014\/116732\/#breadcrumb"},"inLanguage":"en-US","potentialAction":[{"@type":"ReadAction","target":["https:\/\/www.joyana.fr\/ja\/lucky-eye-blackbody-x-aldo-cibic-milan-design-week-2014\/116732\/"]}]},{"@type":"ImageObject","inLanguage":"en-US","@id":"https:\/\/www.joyana.fr\/ja\/lucky-eye-blackbody-x-aldo-cibic-milan-design-week-2014\/116732\/#primaryimage","url":"https:\/\/i0.wp.com\/www.joyana.fr\/wp-content\/uploads\/2014\/04\/lucky-eye-blackbody-DSC03038.jpg?fit=650%2C569&ssl=1","contentUrl":"https:\/\/i0.wp.com\/www.joyana.fr\/wp-content\/uploads\/2014\/04\/lucky-eye-blackbody-DSC03038.jpg?fit=650%2C569&ssl=1","width":650,"height":569},{"@type":"BreadcrumbList","@id":"https:\/\/www.joyana.fr\/ja\/lucky-eye-blackbody-x-aldo-cibic-milan-design-week-2014\/116732\/#breadcrumb","itemListElement":[{"@type":"ListItem","position":1,"name":"Accueil","item":"https:\/\/joyana.fr\/"},{"@type":"ListItem","position":2,"name":"LUCKY EYE BLACKBODY x Aldo CIBIC &#038; Tommaso CORA &#8211; MILAN DESIGN WEEK 2014"}]},{"@type":"WebSite","@id":"https:\/\/joyana.fr\/#website","url":"https:\/\/joyana.fr\/","name":"JO YANA","description":"Blog Mode Homme, Lifestyle, D\u00e9co-Design","publisher":{"@id":"https:\/\/joyana.fr\/#\/schema\/person\/cf2a1ad12a27c12c21801075bf37407c"},"potentialAction":[{"@type":"SearchAction","target":{"@type":"EntryPoint","urlTemplate":"https:\/\/joyana.fr\/?s={search_term_string}"},"query-input":{"@type":"PropertyValueSpecification","valueRequired":true,"valueName":"search_term_string"}}],"inLanguage":"en-US"},{"@type":["Person","Organization"],"@id":"https:\/\/joyana.fr\/#\/schema\/person\/cf2a1ad12a27c12c21801075bf37407c","name":"Jo Yana","image":{"@type":"ImageObject","inLanguage":"en-US","@id":"https:\/\/joyana.fr\/#\/schema\/person\/image\/","url":"https:\/\/i0.wp.com\/www.joyana.fr\/wp-content\/uploads\/2016\/08\/cropped-joyana-logo-black-360x180.png?fit=343%2C164&ssl=1","contentUrl":"https:\/\/i0.wp.com\/www.joyana.fr\/wp-content\/uploads\/2016\/08\/cropped-joyana-logo-black-360x180.png?fit=343%2C164&ssl=1","width":343,"height":164,"caption":"Jo Yana"},"logo":{"@id":"https:\/\/joyana.fr\/#\/schema\/person\/image\/"},"description":"Jo Yana est le cr\u00e9ateur et r\u00e9dacteur en chef des sites DECO-DESIGN. Passionn\u00e9 de Design, Mode, Photo, Luxe, Lifestyle, Musique, mais avant tout Blogueur ! Le plaisir de partager l'anime et a comme devise \"POUR L'AMOUR DU BEAU\". Retrouvez le aussi sur son blog personnel - https:\/\/joyana.fr...","sameAs":["https:\/\/joyana.fr\/"],"url":"https:\/\/www.joyana.fr\/en\/author\/joyana\/"}]}},"author_meta":{"display_name":"Jo Yana","author_link":"https:\/\/www.joyana.fr\/en\/author\/joyana\/"},"featured_img":"https:\/\/i0.wp.com\/www.joyana.fr\/wp-content\/uploads\/2014\/04\/lucky-eye-blackbody-DSC03038.jpg?fit=389%2C341&ssl=1","featured_image_src":"https:\/\/i0.wp.com\/www.joyana.fr\/wp-content\/uploads\/2014\/04\/lucky-eye-blackbody-DSC03038.jpg?resize=600%2C400&ssl=1","featured_image_src_square":"https:\/\/i0.wp.com\/www.joyana.fr\/wp-content\/uploads\/2014\/04\/lucky-eye-blackbody-DSC03038.jpg?resize=600%2C569&ssl=1","jetpack_featured_media_url":"https:\/\/i0.wp.com\/www.joyana.fr\/wp-content\/uploads\/2014\/04\/lucky-eye-blackbody-DSC03038.jpg?fit=650%2C569&ssl=1","uagb_featured_image_src":{"full":["https:\/\/i0.wp.com\/www.joyana.fr\/wp-content\/uploads\/2014\/04\/lucky-eye-blackbody-DSC03038.jpg?fit=650%2C569&ssl=1",650,569,false],"thumbnail":["https:\/\/i0.wp.com\/www.joyana.fr\/wp-content\/uploads\/2014\/04\/lucky-eye-blackbody-DSC03038.jpg?resize=150%2C150&ssl=1",150,150,true],"medium":["https:\/\/i0.wp.com\/www.joyana.fr\/wp-content\/uploads\/2014\/04\/lucky-eye-blackbody-DSC03038.jpg?fit=389%2C341&ssl=1",389,341,true],"medium_large":["https:\/\/i0.wp.com\/www.joyana.fr\/wp-content\/uploads\/2014\/04\/lucky-eye-blackbody-DSC03038.jpg?fit=650%2C569&ssl=1",650,569,true],"large":["https:\/\/i0.wp.com\/www.joyana.fr\/wp-content\/uploads\/2014\/04\/lucky-eye-blackbody-DSC03038.jpg?fit=650%2C569&ssl=1",650,569,true],"1536x1536":["https:\/\/i0.wp.com\/www.joyana.fr\/wp-content\/uploads\/2014\/04\/lucky-eye-blackbody-DSC03038.jpg?fit=650%2C569&ssl=1",650,569,true],"2048x2048":["https:\/\/i0.wp.com\/www.joyana.fr\/wp-content\/uploads\/2014\/04\/lucky-eye-blackbody-DSC03038.jpg?fit=650%2C569&ssl=1",650,569,true],"featured-thumb":["https:\/\/i0.wp.com\/www.joyana.fr\/wp-content\/uploads\/2014\/04\/lucky-eye-blackbody-DSC03038.jpg?resize=650%2C569&ssl=1",650,569,true],"ab-block-post-grid-landscape":["https:\/\/i0.wp.com\/www.joyana.fr\/wp-content\/uploads\/2014\/04\/lucky-eye-blackbody-DSC03038.jpg?resize=600%2C400&ssl=1",600,400,true],"ab-block-post-grid-square":["https:\/\/i0.wp.com\/www.joyana.fr\/wp-content\/uploads\/2014\/04\/lucky-eye-blackbody-DSC03038.jpg?resize=600%2C569&ssl=1",600,569,true],"author-pro-image":["https:\/\/i0.wp.com\/www.joyana.fr\/wp-content\/uploads\/2014\/04\/lucky-eye-blackbody-DSC03038.jpg?resize=360%2C569&ssl=1",360,569,true],"slider":["https:\/\/i0.wp.com\/www.joyana.fr\/wp-content\/uploads\/2014\/04\/lucky-eye-blackbody-DSC03038.jpg?resize=650%2C400&ssl=1",650,400,true],"woocommerce_thumbnail":["https:\/\/i0.wp.com\/www.joyana.fr\/wp-content\/uploads\/2014\/04\/lucky-eye-blackbody-DSC03038.jpg?resize=450%2C450&ssl=1",450,450,true],"woocommerce_single":["https:\/\/i0.wp.com\/www.joyana.fr\/wp-content\/uploads\/2014\/04\/lucky-eye-blackbody-DSC03038.jpg?fit=650%2C569&ssl=1",650,569,true],"woocommerce_gallery_thumbnail":["https:\/\/i0.wp.com\/www.joyana.fr\/wp-content\/uploads\/2014\/04\/lucky-eye-blackbody-DSC03038.jpg?resize=180%2C180&ssl=1",180,180,true],"sow-carousel-default":["https:\/\/i0.wp.com\/www.joyana.fr\/wp-content\/uploads\/2014\/04\/lucky-eye-blackbody-DSC03038.jpg?resize=272%2C182&ssl=1",272,182,true]},"uagb_author_info":{"display_name":"Jo Yana","author_link":"https:\/\/www.joyana.fr\/en\/author\/joyana\/"},"uagb_comment_info":4,"uagb_excerpt":"Le rendez-vous \u00e9tait donn\u00e9 \u00e0 la Triennale de Milan 2014 pour d\u00e9couvrir les nouveaut\u00e9s BLACKBODY. Toute l&#8217;\u00e9quipe est rest\u00e9 en admiration devant LUCKY EYE &#8211; un miroir captivant sign\u00e9 Aldo Cibic et Tommaso Cora&#8230; LUCKY EYE\u00a0d\u00e9voile pour la premi\u00e8re fois la magie qui l\u2019entoure. Avec cette e\u0153uvre sublim\u00e9e par la lumi\u00e8re impalpable des panneaux OLED,\u00a0Aldo&hellip;","coauthors":[],"tax_additional":{"categories":{"linked":["<a href=\"https:\/\/www.joyana.fr\/en\/category\/deco-design\/luminaire\/applique\/\" class=\"advgb-post-tax-term\">Applique<\/a>","<a href=\"https:\/\/www.joyana.fr\/en\/category\/marques\/blackbody\/\" class=\"advgb-post-tax-term\">BLACKBODY<\/a>","<a href=\"https:\/\/www.joyana.fr\/en\/category\/deco-design\/\" class=\"advgb-post-tax-term\">DECO-DESIGN<\/a>","<a href=\"https:\/\/www.joyana.fr\/en\/category\/deco-design\/actualite\/salon\/milan-design-week\/\" class=\"advgb-post-tax-term\">Milan Design Week<\/a>","<a href=\"https:\/\/www.joyana.fr\/en\/category\/deco-design\/decoration\/accessoires\/miroir\/\" class=\"advgb-post-tax-term\">Miroir<\/a>"],"unlinked":["<span class=\"advgb-post-tax-term\">Applique<\/span>","<span class=\"advgb-post-tax-term\">BLACKBODY<\/span>","<span class=\"advgb-post-tax-term\">DECO-DESIGN<\/span>","<span class=\"advgb-post-tax-term\">Milan Design Week<\/span>","<span class=\"advgb-post-tax-term\">Miroir<\/span>"]},"tags":{"linked":["<a href=\"https:\/\/www.joyana.fr\/en\/category\/deco-design\/decoration\/accessoires\/miroir\/\" class=\"advgb-post-tax-term\">Applique design<\/a>","<a href=\"https:\/\/www.joyana.fr\/en\/category\/deco-design\/decoration\/accessoires\/miroir\/\" class=\"advgb-post-tax-term\">BLACKBODY<\/a>","<a href=\"https:\/\/www.joyana.fr\/en\/category\/deco-design\/decoration\/accessoires\/miroir\/\" class=\"advgb-post-tax-term\">Milan Design Week 2014<\/a>","<a href=\"https:\/\/www.joyana.fr\/en\/category\/deco-design\/decoration\/accessoires\/miroir\/\" class=\"advgb-post-tax-term\">Miroir design<\/a>"],"unlinked":["<span class=\"advgb-post-tax-term\">Applique design<\/span>","<span class=\"advgb-post-tax-term\">BLACKBODY<\/span>","<span class=\"advgb-post-tax-term\">Milan Design Week 2014<\/span>","<span class=\"advgb-post-tax-term\">Miroir design<\/span>"]}},"comment_count":4,"relative_dates":{"created":"Posted 12 years ago","modified":"Updated 12 years ago"},"absolute_dates":{"created":"Posted on 12 April 2014","modified":"Updated on 12 April 2014"},"absolute_dates_time":{"created":"Posted on 12 April 2014 15:49","modified":"Updated on 12 April 2014 15:49"},"featured_img_caption":"","series_order":"","jetpack_sharing_enabled":true,"jetpack_shortlink":"https:\/\/wp.me\/p9bteI-umM","jetpack-related-posts":[],"_links":{"self":[{"href":"https:\/\/www.joyana.fr\/en\/wp-json\/wp\/v2\/posts\/116732","targetHints":{"allow":["GET"]}}],"collection":[{"href":"https:\/\/www.joyana.fr\/en\/wp-json\/wp\/v2\/posts"}],"about":[{"href":"https:\/\/www.joyana.fr\/en\/wp-json\/wp\/v2\/types\/post"}],"author":[{"embeddable":true,"href":"https:\/\/www.joyana.fr\/en\/wp-json\/wp\/v2\/users\/3"}],"replies":[{"embeddable":true,"href":"https:\/\/www.joyana.fr\/en\/wp-json\/wp\/v2\/comments?post=116732"}],"version-history":[{"count":0,"href":"https:\/\/www.joyana.fr\/en\/wp-json\/wp\/v2\/posts\/116732\/revisions"}],"wp:featuredmedia":[{"embeddable":true,"href":"https:\/\/www.joyana.fr\/en\/wp-json\/wp\/v2\/media\/116735"}],"wp:attachment":[{"href":"https:\/\/www.joyana.fr\/en\/wp-json\/wp\/v2\/media?parent=116732"}],"wp:term":[{"taxonomy":"category","embeddable":true,"href":"https:\/\/www.joyana.fr\/en\/wp-json\/wp\/v2\/categories?post=116732"},{"taxonomy":"post_tag","embeddable":true,"href":"https:\/\/www.joyana.fr\/en\/wp-json\/wp\/v2\/tags?post=116732"}],"curies":[{"name":"wp","href":"https:\/\/api.w.org\/{rel}","templated":true}]}}