{"id":116667,"date":"2014-04-10T08:04:06","date_gmt":"2014-04-10T07:04:06","guid":{"rendered":"https:\/\/joyana.fr\/?p=16667"},"modified":"2014-04-10T08:04:06","modified_gmt":"2014-04-10T07:04:06","slug":"tables-officina-par-magis-x-bouroullec-milan-design-week-2014","status":"publish","type":"post","link":"https:\/\/www.joyana.fr\/en\/tables-officina-par-magis-x-bouroullec-milan-design-week-2014\/116667\/","title":{"rendered":"Tables OFFICINA par MAGIS x BOUROULLEC &#8211; MILAN DESIGN WEEK 2014"},"content":{"rendered":"<p style=\"text-align: justify;\">Coup de coeur pour les <strong>tables aux pieds en fer forg\u00e9 OFFICINA<\/strong> &#8211; r\u00e9alis\u00e9es par les <strong>fr\u00e8res Bouroullec<\/strong> pour <strong>Magis<\/strong>&#8230;<\/p>\n<p><a href=\"https:\/\/i0.wp.com\/joyana.fr\/wp-content\/uploads\/2014\/04\/OFFICINA-BOUROULLEC-MAGIS-DSC02822.jpg?ssl=1\"><img data-recalc-dims=\"1\" fetchpriority=\"high\" decoding=\"async\" alt=\"OFFICINA BOUROULLEC MAGIS DSC02822\" src=\"https:\/\/i0.wp.com\/joyana.fr\/wp-content\/uploads\/2014\/04\/OFFICINA-BOUROULLEC-MAGIS-DSC02822.jpg?resize=650%2C509&#038;ssl=1\" width=\"650\" height=\"509\" \/><\/a><\/p>\n<p style=\"text-align: justify;\">Pour donner un langage visuel contemporain au fer forg\u00e9, les fr\u00e8res Bouroullec ont d\u00e9velopp\u00e9 la collection <strong>OFFICINA<\/strong> &#8211; qu&#8217;ils pr\u00e9sentent sur le stand <strong>Magis<\/strong>, \u00e0 l&#8217;occasion de la <strong>Milan Design Week 2014<\/strong>&#8230; Une gamme de tables et de tables basses avec des structures de m\u00e9tal martel\u00e9 et plateaux dans une vari\u00e9t\u00e9 de mat\u00e9riaux : bois , t\u00f4le , verre&#8230;<\/p>\n<p style=\"text-align: justify;\">La soci\u00e9t\u00e9 italienne de mobilier <strong>Magis<\/strong> utilise l&#8217;une des techniques de production les plus anciennes. <em>&#8220;Nous voulions travailler avec cet ancien proc\u00e9d\u00e9 de fabrication et de lui donner un nouveau langage visuel&#8221;<\/em>, expliquent Ronan et Erwan Bouroullec. <em>&#8220;Le r\u00e9sultat est un syst\u00e8me de jambes avec une forme g\u00e9om\u00e9trique nouvellement prises pour tenir des plateaux de taille et de nature diff\u00e9rentes&#8230;&#8221;<\/em><\/p>\n<p><a href=\"https:\/\/i0.wp.com\/joyana.fr\/wp-content\/uploads\/2014\/04\/OFFICINA-BOUROULLEC-MAGIS-5.jpg?ssl=1\"><img data-recalc-dims=\"1\" decoding=\"async\" alt=\"OFFICINA BOUROULLEC MAGIS  5\" src=\"https:\/\/i0.wp.com\/joyana.fr\/wp-content\/uploads\/2014\/04\/OFFICINA-BOUROULLEC-MAGIS-5.jpg?resize=650%2C494&#038;ssl=1\" width=\"650\" height=\"494\" \/><\/a><\/p>\n<p><a href=\"https:\/\/i0.wp.com\/joyana.fr\/wp-content\/uploads\/2014\/04\/OFFICINA-BOUROULLEC-MAGIS-26.jpg?ssl=1\"><img data-recalc-dims=\"1\" decoding=\"async\" alt=\"OFFICINA BOUROULLEC MAGIS 26\" src=\"https:\/\/i0.wp.com\/joyana.fr\/wp-content\/uploads\/2014\/04\/OFFICINA-BOUROULLEC-MAGIS-26.jpg?resize=650%2C916&#038;ssl=1\" width=\"650\" height=\"916\" \/><\/a><\/p>\n<p><a href=\"https:\/\/i0.wp.com\/joyana.fr\/wp-content\/uploads\/2014\/04\/magis-bouroullec-officina-designboom01.jpg?ssl=1\"><img data-recalc-dims=\"1\" loading=\"lazy\" decoding=\"async\" data-attachment-id=\"16668\" data-permalink=\"https:\/\/www.joyana.fr\/en\/100-accounts-to-inspire-you-on-instagram\/16654\/capture-decran-2015-02-24-a-10-22-49\/\" data-orig-file=\"https:\/\/i0.wp.com\/www.joyana.fr\/wp-content\/uploads\/2015\/02\/Capture-d%E2%80%99%C3%A9cran-2015-02-24-%C3%A0-10.22.49.png?fit=1020%2C506&amp;ssl=1\" data-orig-size=\"1020,506\" data-comments-opened=\"1\" data-image-meta=\"{&quot;aperture&quot;:&quot;0&quot;,&quot;credit&quot;:&quot;&quot;,&quot;camera&quot;:&quot;&quot;,&quot;caption&quot;:&quot;&quot;,&quot;created_timestamp&quot;:&quot;0&quot;,&quot;copyright&quot;:&quot;&quot;,&quot;focal_length&quot;:&quot;0&quot;,&quot;iso&quot;:&quot;0&quot;,&quot;shutter_speed&quot;:&quot;0&quot;,&quot;title&quot;:&quot;&quot;,&quot;orientation&quot;:&quot;0&quot;}\" data-image-title=\"Capture d\u2019\u00e9cran 2015-02-24 \u00e0 10.22.49\" data-image-description=\"\" data-image-caption=\"\" data-medium-file=\"https:\/\/i0.wp.com\/www.joyana.fr\/wp-content\/uploads\/2015\/02\/Capture-d%E2%80%99%C3%A9cran-2015-02-24-%C3%A0-10.22.49.png?fit=389%2C193&amp;ssl=1\" data-large-file=\"https:\/\/i0.wp.com\/www.joyana.fr\/wp-content\/uploads\/2015\/02\/Capture-d%E2%80%99%C3%A9cran-2015-02-24-%C3%A0-10.22.49.png?fit=1020%2C506&amp;ssl=1\" class=\"alignnone size-large wp-image-16668\" alt=\"magis-bouroullec-officina-designboom01\" src=\"https:\/\/i0.wp.com\/joyana.fr\/wp-content\/uploads\/2014\/04\/magis-bouroullec-officina-designboom01-650x314.jpg?resize=650%2C314&#038;ssl=1\" width=\"650\" height=\"314\" \/><\/a> <a href=\"https:\/\/i0.wp.com\/joyana.fr\/wp-content\/uploads\/2014\/04\/magis-bouroullec-officina-designboom03.jpg?ssl=1\"><img data-recalc-dims=\"1\" loading=\"lazy\" decoding=\"async\" data-attachment-id=\"16669\" data-permalink=\"https:\/\/www.joyana.fr\/en\/100-accounts-to-inspire-you-on-instagram\/16654\/capture-decran-2015-02-24-a-10-24-03\/\" data-orig-file=\"https:\/\/i0.wp.com\/www.joyana.fr\/wp-content\/uploads\/2015\/02\/Capture-d%E2%80%99%C3%A9cran-2015-02-24-%C3%A0-10.24.03.png?fit=1019%2C506&amp;ssl=1\" data-orig-size=\"1019,506\" data-comments-opened=\"1\" data-image-meta=\"{&quot;aperture&quot;:&quot;0&quot;,&quot;credit&quot;:&quot;&quot;,&quot;camera&quot;:&quot;&quot;,&quot;caption&quot;:&quot;&quot;,&quot;created_timestamp&quot;:&quot;0&quot;,&quot;copyright&quot;:&quot;&quot;,&quot;focal_length&quot;:&quot;0&quot;,&quot;iso&quot;:&quot;0&quot;,&quot;shutter_speed&quot;:&quot;0&quot;,&quot;title&quot;:&quot;&quot;,&quot;orientation&quot;:&quot;0&quot;}\" data-image-title=\"Capture d\u2019\u00e9cran 2015-02-24 \u00e0 10.24.03\" data-image-description=\"\" data-image-caption=\"\" data-medium-file=\"https:\/\/i0.wp.com\/www.joyana.fr\/wp-content\/uploads\/2015\/02\/Capture-d%E2%80%99%C3%A9cran-2015-02-24-%C3%A0-10.24.03.png?fit=389%2C193&amp;ssl=1\" data-large-file=\"https:\/\/i0.wp.com\/www.joyana.fr\/wp-content\/uploads\/2015\/02\/Capture-d%E2%80%99%C3%A9cran-2015-02-24-%C3%A0-10.24.03.png?fit=1019%2C506&amp;ssl=1\" class=\"alignnone size-large wp-image-16669\" alt=\"magis-bouroullec-officina-designboom03\" src=\"https:\/\/i0.wp.com\/joyana.fr\/wp-content\/uploads\/2014\/04\/magis-bouroullec-officina-designboom03-650x564.jpg?resize=650%2C564&#038;ssl=1\" width=\"650\" height=\"564\" \/><\/a><\/p>\n<p><a href=\"https:\/\/i0.wp.com\/joyana.fr\/wp-content\/uploads\/2014\/04\/magis-bouroullec-officina-designboom04.jpg?ssl=1\"><img data-recalc-dims=\"1\" loading=\"lazy\" decoding=\"async\" data-attachment-id=\"16670\" data-permalink=\"https:\/\/www.joyana.fr\/en\/100-accounts-to-inspire-you-on-instagram\/16654\/capture-decran-2015-02-24-a-10-25-38\/\" data-orig-file=\"https:\/\/i0.wp.com\/www.joyana.fr\/wp-content\/uploads\/2015\/02\/Capture-d%E2%80%99%C3%A9cran-2015-02-24-%C3%A0-10.25.38.png?fit=1020%2C506&amp;ssl=1\" data-orig-size=\"1020,506\" data-comments-opened=\"1\" data-image-meta=\"{&quot;aperture&quot;:&quot;0&quot;,&quot;credit&quot;:&quot;&quot;,&quot;camera&quot;:&quot;&quot;,&quot;caption&quot;:&quot;&quot;,&quot;created_timestamp&quot;:&quot;0&quot;,&quot;copyright&quot;:&quot;&quot;,&quot;focal_length&quot;:&quot;0&quot;,&quot;iso&quot;:&quot;0&quot;,&quot;shutter_speed&quot;:&quot;0&quot;,&quot;title&quot;:&quot;&quot;,&quot;orientation&quot;:&quot;0&quot;}\" data-image-title=\"Capture d\u2019\u00e9cran 2015-02-24 \u00e0 10.25.38\" data-image-description=\"\" data-image-caption=\"\" data-medium-file=\"https:\/\/i0.wp.com\/www.joyana.fr\/wp-content\/uploads\/2015\/02\/Capture-d%E2%80%99%C3%A9cran-2015-02-24-%C3%A0-10.25.38.png?fit=389%2C193&amp;ssl=1\" data-large-file=\"https:\/\/i0.wp.com\/www.joyana.fr\/wp-content\/uploads\/2015\/02\/Capture-d%E2%80%99%C3%A9cran-2015-02-24-%C3%A0-10.25.38.png?fit=1020%2C506&amp;ssl=1\" class=\"alignnone size-large wp-image-16670\" alt=\"magis-bouroullec-officina-designboom04\" src=\"https:\/\/i0.wp.com\/joyana.fr\/wp-content\/uploads\/2014\/04\/magis-bouroullec-officina-designboom04-650x974.jpg?resize=650%2C974&#038;ssl=1\" width=\"650\" height=\"974\" \/><\/a><\/p>\n<p><a href=\"https:\/\/i0.wp.com\/joyana.fr\/wp-content\/uploads\/2014\/04\/magis-bouroullec-officina-designboom05.jpg?ssl=1\"><img data-recalc-dims=\"1\" loading=\"lazy\" decoding=\"async\" data-attachment-id=\"16671\" data-permalink=\"https:\/\/www.joyana.fr\/en\/100-accounts-to-inspire-you-on-instagram\/16654\/capture-decran-2015-02-24-a-10-26-05\/\" data-orig-file=\"https:\/\/i0.wp.com\/www.joyana.fr\/wp-content\/uploads\/2015\/02\/Capture-d%E2%80%99%C3%A9cran-2015-02-24-%C3%A0-10.26.05.png?fit=1022%2C506&amp;ssl=1\" data-orig-size=\"1022,506\" data-comments-opened=\"1\" data-image-meta=\"{&quot;aperture&quot;:&quot;0&quot;,&quot;credit&quot;:&quot;&quot;,&quot;camera&quot;:&quot;&quot;,&quot;caption&quot;:&quot;&quot;,&quot;created_timestamp&quot;:&quot;0&quot;,&quot;copyright&quot;:&quot;&quot;,&quot;focal_length&quot;:&quot;0&quot;,&quot;iso&quot;:&quot;0&quot;,&quot;shutter_speed&quot;:&quot;0&quot;,&quot;title&quot;:&quot;&quot;,&quot;orientation&quot;:&quot;0&quot;}\" data-image-title=\"Capture d\u2019\u00e9cran 2015-02-24 \u00e0 10.26.05\" data-image-description=\"\" data-image-caption=\"\" data-medium-file=\"https:\/\/i0.wp.com\/www.joyana.fr\/wp-content\/uploads\/2015\/02\/Capture-d%E2%80%99%C3%A9cran-2015-02-24-%C3%A0-10.26.05.png?fit=389%2C193&amp;ssl=1\" data-large-file=\"https:\/\/i0.wp.com\/www.joyana.fr\/wp-content\/uploads\/2015\/02\/Capture-d%E2%80%99%C3%A9cran-2015-02-24-%C3%A0-10.26.05.png?fit=1022%2C506&amp;ssl=1\" class=\"alignnone size-large wp-image-16671\" alt=\"magis-bouroullec-officina-designboom05\" src=\"https:\/\/i0.wp.com\/joyana.fr\/wp-content\/uploads\/2014\/04\/magis-bouroullec-officina-designboom05-650x865.jpg?resize=650%2C865&#038;ssl=1\" width=\"650\" height=\"865\" \/><\/a><\/p>\n<p style=\"text-align: center;\">En savoir + <a href=\"http:\/\/www.magisdesign.com\" target=\"_blank\"><strong>MAGIS<\/strong><\/a> &#038; <a href=\"http:\/\/www.bouroullec.com\" target=\"_blank\"><strong>Ronan + Erwan BOUROULLEC<\/strong><\/a><\/p>\n","protected":false},"excerpt":{"rendered":"<p>Coup de coeur pour les <strong>tables aux pieds en fer forg\u00e9 OFFICINA<\/strong> &#8211; r\u00e9alis\u00e9es par les <strong>fr\u00e8res Bouroullec<\/strong> pour <strong>Magis<\/strong>&#8230;<\/p>\n","protected":false},"author":3,"featured_media":116673,"comment_status":"open","ping_status":"open","sticky":false,"template":"","format":"aside","meta":{"_coblocks_attr":"","_coblocks_dimensions":"","_coblocks_responsive_height":"","_coblocks_accordion_ie_support":"","_uag_custom_page_level_css":"","advgb_blocks_editor_width":"","advgb_blocks_columns_visual_guide":"","_genesis_hide_title":false,"_genesis_hide_breadcrumbs":false,"_genesis_hide_singular_image":false,"_genesis_hide_footer_widgets":false,"_genesis_custom_body_class":"","_genesis_custom_post_class":"","_genesis_layout":"","_themeisle_gutenberg_block_has_review":false,"_jetpack_newsletter_access":"","_jetpack_dont_email_post_to_subs":false,"_jetpack_newsletter_tier_id":0,"_jetpack_memberships_contains_paywalled_content":false,"_jetpack_memberships_contains_paid_content":false,"footnotes":""},"categories":[905,1056,993,995,1037,944],"tags":[1691,1335,1669,1209,1171],"class_list":{"0":"post-116667","1":"post","2":"type-post","3":"status-publish","4":"format-aside","5":"has-post-thumbnail","7":"category-deco-design","8":"category-magis","9":"category-milan-design-week","10":"category-ronan-erwan-bouroullec","11":"category-sculpture","12":"category-table","13":"tag-fer-forge","14":"tag-magis","15":"tag-milan-design-week-2014","16":"tag-ronan-erwan-bouroullec","17":"tag-table-design","18":"post_format-post-format-aside","19":"entry"},"featured_image_urls":{"full":["https:\/\/i0.wp.com\/www.joyana.fr\/wp-content\/uploads\/2014\/04\/OFFICINA-BOUROULLEC-MAGIS-DSC02823.jpg?fit=650%2C472&ssl=1",650,472,false],"thumbnail":["https:\/\/i0.wp.com\/www.joyana.fr\/wp-content\/uploads\/2014\/04\/OFFICINA-BOUROULLEC-MAGIS-DSC02823.jpg?resize=150%2C150&ssl=1",150,150,true],"medium":["https:\/\/i0.wp.com\/www.joyana.fr\/wp-content\/uploads\/2014\/04\/OFFICINA-BOUROULLEC-MAGIS-DSC02823.jpg?fit=389%2C282&ssl=1",389,282,true],"medium_large":["https:\/\/i0.wp.com\/www.joyana.fr\/wp-content\/uploads\/2014\/04\/OFFICINA-BOUROULLEC-MAGIS-DSC02823.jpg?fit=650%2C472&ssl=1",650,472,true],"large":["https:\/\/i0.wp.com\/www.joyana.fr\/wp-content\/uploads\/2014\/04\/OFFICINA-BOUROULLEC-MAGIS-DSC02823.jpg?fit=650%2C472&ssl=1",650,472,true],"1536x1536":["https:\/\/i0.wp.com\/www.joyana.fr\/wp-content\/uploads\/2014\/04\/OFFICINA-BOUROULLEC-MAGIS-DSC02823.jpg?fit=650%2C472&ssl=1",650,472,true],"2048x2048":["https:\/\/i0.wp.com\/www.joyana.fr\/wp-content\/uploads\/2014\/04\/OFFICINA-BOUROULLEC-MAGIS-DSC02823.jpg?fit=650%2C472&ssl=1",650,472,true],"featured-thumb":["https:\/\/i0.wp.com\/www.joyana.fr\/wp-content\/uploads\/2014\/04\/OFFICINA-BOUROULLEC-MAGIS-DSC02823.jpg?resize=650%2C472&ssl=1",650,472,true],"ab-block-post-grid-landscape":["https:\/\/i0.wp.com\/www.joyana.fr\/wp-content\/uploads\/2014\/04\/OFFICINA-BOUROULLEC-MAGIS-DSC02823.jpg?resize=600%2C400&ssl=1",600,400,true],"ab-block-post-grid-square":["https:\/\/i0.wp.com\/www.joyana.fr\/wp-content\/uploads\/2014\/04\/OFFICINA-BOUROULLEC-MAGIS-DSC02823.jpg?resize=600%2C472&ssl=1",600,472,true],"author-pro-image":["https:\/\/i0.wp.com\/www.joyana.fr\/wp-content\/uploads\/2014\/04\/OFFICINA-BOUROULLEC-MAGIS-DSC02823.jpg?resize=360%2C472&ssl=1",360,472,true],"slider":["https:\/\/i0.wp.com\/www.joyana.fr\/wp-content\/uploads\/2014\/04\/OFFICINA-BOUROULLEC-MAGIS-DSC02823.jpg?resize=650%2C400&ssl=1",650,400,true],"woocommerce_thumbnail":["https:\/\/i0.wp.com\/www.joyana.fr\/wp-content\/uploads\/2014\/04\/OFFICINA-BOUROULLEC-MAGIS-DSC02823.jpg?resize=450%2C450&ssl=1",450,450,true],"woocommerce_single":["https:\/\/i0.wp.com\/www.joyana.fr\/wp-content\/uploads\/2014\/04\/OFFICINA-BOUROULLEC-MAGIS-DSC02823.jpg?fit=650%2C472&ssl=1",650,472,true],"woocommerce_gallery_thumbnail":["https:\/\/i0.wp.com\/www.joyana.fr\/wp-content\/uploads\/2014\/04\/OFFICINA-BOUROULLEC-MAGIS-DSC02823.jpg?resize=180%2C180&ssl=1",180,180,true],"sow-carousel-default":["https:\/\/i0.wp.com\/www.joyana.fr\/wp-content\/uploads\/2014\/04\/OFFICINA-BOUROULLEC-MAGIS-DSC02823.jpg?resize=272%2C182&ssl=1",272,182,true]},"post_excerpt_stackable":"<p>Coup de coeur pour les <strong>tables aux pieds en fer forg\u00e9 OFFICINA<\/strong> &#8211; r\u00e9alis\u00e9es par les <strong>fr\u00e8res Bouroullec<\/strong> pour <strong>Magis<\/strong>&#8230;<\/p>\n","category_list":"<a href=\"https:\/\/www.joyana.fr\/en\/category\/deco-design\/\" rel=\"category tag\">DECO-DESIGN<\/a>, <a href=\"https:\/\/www.joyana.fr\/en\/category\/marques\/magis\/\" rel=\"category tag\">Magis<\/a>, <a href=\"https:\/\/www.joyana.fr\/en\/category\/deco-design\/actualite\/salon\/milan-design-week\/\" rel=\"category tag\">Milan Design Week<\/a>, <a href=\"https:\/\/www.joyana.fr\/en\/category\/deco-design\/designer\/ronan-erwan-bouroullec\/\" rel=\"category tag\">Ronan &amp; Erwan BOUROULLEC<\/a>, <a href=\"https:\/\/www.joyana.fr\/en\/category\/deco-design\/mobilier\/sculpture\/\" rel=\"category tag\">Sculpture<\/a>, <a href=\"https:\/\/www.joyana.fr\/en\/category\/deco-design\/mobilier\/table\/\" rel=\"category tag\">Table<\/a>","author_info":{"display_name":"Jo Yana","author_link":"https:\/\/www.joyana.fr\/en\/author\/joyana\/"},"comments_num":"0 comments","featured_image_urls_v2":{"full":["https:\/\/i0.wp.com\/www.joyana.fr\/wp-content\/uploads\/2014\/04\/OFFICINA-BOUROULLEC-MAGIS-DSC02823.jpg?fit=650%2C472&ssl=1",650,472,false],"thumbnail":["https:\/\/i0.wp.com\/www.joyana.fr\/wp-content\/uploads\/2014\/04\/OFFICINA-BOUROULLEC-MAGIS-DSC02823.jpg?resize=150%2C150&ssl=1",150,150,true],"medium":["https:\/\/i0.wp.com\/www.joyana.fr\/wp-content\/uploads\/2014\/04\/OFFICINA-BOUROULLEC-MAGIS-DSC02823.jpg?fit=389%2C282&ssl=1",389,282,true],"medium_large":["https:\/\/i0.wp.com\/www.joyana.fr\/wp-content\/uploads\/2014\/04\/OFFICINA-BOUROULLEC-MAGIS-DSC02823.jpg?fit=650%2C472&ssl=1",650,472,true],"large":["https:\/\/i0.wp.com\/www.joyana.fr\/wp-content\/uploads\/2014\/04\/OFFICINA-BOUROULLEC-MAGIS-DSC02823.jpg?fit=650%2C472&ssl=1",650,472,true],"1536x1536":["https:\/\/i0.wp.com\/www.joyana.fr\/wp-content\/uploads\/2014\/04\/OFFICINA-BOUROULLEC-MAGIS-DSC02823.jpg?fit=650%2C472&ssl=1",650,472,true],"2048x2048":["https:\/\/i0.wp.com\/www.joyana.fr\/wp-content\/uploads\/2014\/04\/OFFICINA-BOUROULLEC-MAGIS-DSC02823.jpg?fit=650%2C472&ssl=1",650,472,true],"featured-thumb":["https:\/\/i0.wp.com\/www.joyana.fr\/wp-content\/uploads\/2014\/04\/OFFICINA-BOUROULLEC-MAGIS-DSC02823.jpg?resize=650%2C472&ssl=1",650,472,true],"ab-block-post-grid-landscape":["https:\/\/i0.wp.com\/www.joyana.fr\/wp-content\/uploads\/2014\/04\/OFFICINA-BOUROULLEC-MAGIS-DSC02823.jpg?resize=600%2C400&ssl=1",600,400,true],"ab-block-post-grid-square":["https:\/\/i0.wp.com\/www.joyana.fr\/wp-content\/uploads\/2014\/04\/OFFICINA-BOUROULLEC-MAGIS-DSC02823.jpg?resize=600%2C472&ssl=1",600,472,true],"author-pro-image":["https:\/\/i0.wp.com\/www.joyana.fr\/wp-content\/uploads\/2014\/04\/OFFICINA-BOUROULLEC-MAGIS-DSC02823.jpg?resize=360%2C472&ssl=1",360,472,true],"slider":["https:\/\/i0.wp.com\/www.joyana.fr\/wp-content\/uploads\/2014\/04\/OFFICINA-BOUROULLEC-MAGIS-DSC02823.jpg?resize=650%2C400&ssl=1",650,400,true],"woocommerce_thumbnail":["https:\/\/i0.wp.com\/www.joyana.fr\/wp-content\/uploads\/2014\/04\/OFFICINA-BOUROULLEC-MAGIS-DSC02823.jpg?resize=450%2C450&ssl=1",450,450,true],"woocommerce_single":["https:\/\/i0.wp.com\/www.joyana.fr\/wp-content\/uploads\/2014\/04\/OFFICINA-BOUROULLEC-MAGIS-DSC02823.jpg?fit=650%2C472&ssl=1",650,472,true],"woocommerce_gallery_thumbnail":["https:\/\/i0.wp.com\/www.joyana.fr\/wp-content\/uploads\/2014\/04\/OFFICINA-BOUROULLEC-MAGIS-DSC02823.jpg?resize=180%2C180&ssl=1",180,180,true],"sow-carousel-default":["https:\/\/i0.wp.com\/www.joyana.fr\/wp-content\/uploads\/2014\/04\/OFFICINA-BOUROULLEC-MAGIS-DSC02823.jpg?resize=272%2C182&ssl=1",272,182,true]},"post_excerpt_stackable_v2":"<p>Coup de coeur pour les <strong>tables aux pieds en fer forg\u00e9 OFFICINA<\/strong> &#8211; r\u00e9alis\u00e9es par les <strong>fr\u00e8res Bouroullec<\/strong> pour <strong>Magis<\/strong>&#8230;<\/p>\n","category_list_v2":"<a href=\"https:\/\/www.joyana.fr\/en\/category\/deco-design\/\" rel=\"category tag\">DECO-DESIGN<\/a>, <a href=\"https:\/\/www.joyana.fr\/en\/category\/marques\/magis\/\" rel=\"category tag\">Magis<\/a>, <a href=\"https:\/\/www.joyana.fr\/en\/category\/deco-design\/actualite\/salon\/milan-design-week\/\" rel=\"category tag\">Milan Design Week<\/a>, <a href=\"https:\/\/www.joyana.fr\/en\/category\/deco-design\/designer\/ronan-erwan-bouroullec\/\" rel=\"category tag\">Ronan &amp; Erwan BOUROULLEC<\/a>, <a href=\"https:\/\/www.joyana.fr\/en\/category\/deco-design\/mobilier\/sculpture\/\" rel=\"category tag\">Sculpture<\/a>, <a href=\"https:\/\/www.joyana.fr\/en\/category\/deco-design\/mobilier\/table\/\" rel=\"category tag\">Table<\/a>","author_info_v2":{"name":"Jo Yana","url":"https:\/\/www.joyana.fr\/en\/author\/joyana\/"},"comments_num_v2":"0 comments","yoast_head":"<!-- This site is optimized with the Yoast SEO plugin v26.8 - https:\/\/yoast.com\/product\/yoast-seo-wordpress\/ -->\n<title>Tables OFFICINA par MAGIS x BOUROULLEC - MILAN DESIGN WEEK 2014 - JO YANA<\/title>\n<meta name=\"robots\" content=\"index, follow, max-snippet:-1, max-image-preview:large, max-video-preview:-1\" \/>\n<link rel=\"canonical\" href=\"https:\/\/www.joyana.fr\/en\/tables-officina-par-magis-x-bouroullec-milan-design-week-2014\/116667\/\" \/>\n<meta property=\"og:locale\" content=\"en_US\" \/>\n<meta property=\"og:locale:alternate\" content=\"fr_FR\" \/>\n<meta property=\"og:locale:alternate\" content=\"ja\" \/>\n<meta property=\"og:type\" content=\"article\" \/>\n<meta property=\"og:title\" content=\"Tables OFFICINA par MAGIS x BOUROULLEC - MILAN DESIGN WEEK 2014 - JO YANA\" \/>\n<meta property=\"og:description\" content=\"Coup de coeur pour les tables aux pieds en fer forg\u00e9 OFFICINA - r\u00e9alis\u00e9es par les fr\u00e8res Bouroullec pour Magis...\" \/>\n<meta property=\"og:url\" content=\"https:\/\/www.joyana.fr\/en\/tables-officina-par-magis-x-bouroullec-milan-design-week-2014\/116667\/\" \/>\n<meta property=\"og:site_name\" content=\"JO YANA\" \/>\n<meta property=\"article:published_time\" content=\"2014-04-10T07:04:06+00:00\" \/>\n<meta property=\"og:image\" content=\"https:\/\/www.joyana.fr\/wp-content\/uploads\/2014\/04\/OFFICINA-BOUROULLEC-MAGIS-DSC02823.jpg\" \/>\n\t<meta property=\"og:image:width\" content=\"650\" \/>\n\t<meta property=\"og:image:height\" content=\"472\" \/>\n\t<meta property=\"og:image:type\" content=\"image\/jpeg\" \/>\n<meta name=\"author\" content=\"Jo Yana\" \/>\n<meta name=\"twitter:card\" content=\"summary_large_image\" \/>\n<meta name=\"twitter:creator\" content=\"@Jo_Yana\" \/>\n<meta name=\"twitter:site\" content=\"@Jo_Yana\" \/>\n<meta name=\"twitter:label1\" content=\"Written by\" \/>\n\t<meta name=\"twitter:data1\" content=\"Jo Yana\" \/>\n\t<meta name=\"twitter:label2\" content=\"Est. reading time\" \/>\n\t<meta name=\"twitter:data2\" content=\"1 minute\" \/>\n<script type=\"application\/ld+json\" class=\"yoast-schema-graph\">{\"@context\":\"https:\/\/schema.org\",\"@graph\":[{\"@type\":\"Article\",\"@id\":\"https:\/\/www.joyana.fr\/tables-officina-par-magis-x-bouroullec-milan-design-week-2014\/116667\/#article\",\"isPartOf\":{\"@id\":\"https:\/\/www.joyana.fr\/tables-officina-par-magis-x-bouroullec-milan-design-week-2014\/116667\/\"},\"author\":{\"name\":\"Jo Yana\",\"@id\":\"https:\/\/joyana.fr\/#\/schema\/person\/cf2a1ad12a27c12c21801075bf37407c\"},\"headline\":\"Tables OFFICINA par MAGIS x BOUROULLEC &#8211; MILAN DESIGN WEEK 2014\",\"datePublished\":\"2014-04-10T07:04:06+00:00\",\"mainEntityOfPage\":{\"@id\":\"https:\/\/www.joyana.fr\/tables-officina-par-magis-x-bouroullec-milan-design-week-2014\/116667\/\"},\"wordCount\":170,\"commentCount\":0,\"publisher\":{\"@id\":\"https:\/\/joyana.fr\/#\/schema\/person\/cf2a1ad12a27c12c21801075bf37407c\"},\"image\":{\"@id\":\"https:\/\/www.joyana.fr\/tables-officina-par-magis-x-bouroullec-milan-design-week-2014\/116667\/#primaryimage\"},\"thumbnailUrl\":\"https:\/\/i0.wp.com\/www.joyana.fr\/wp-content\/uploads\/2014\/04\/OFFICINA-BOUROULLEC-MAGIS-DSC02823.jpg?fit=650%2C472&ssl=1\",\"keywords\":[\"Fer Forg\u00e9\",\"Magis\",\"Milan Design Week 2014\",\"Ronan &amp; Erwan BOUROULLEC\",\"Table design\"],\"articleSection\":[\"DECO-DESIGN\",\"Magis\",\"Milan Design Week\",\"Ronan &amp; Erwan BOUROULLEC\",\"Sculpture\",\"Table\"],\"inLanguage\":\"en-US\",\"potentialAction\":[{\"@type\":\"CommentAction\",\"name\":\"Comment\",\"target\":[\"https:\/\/www.joyana.fr\/tables-officina-par-magis-x-bouroullec-milan-design-week-2014\/116667\/#respond\"]}]},{\"@type\":\"WebPage\",\"@id\":\"https:\/\/www.joyana.fr\/tables-officina-par-magis-x-bouroullec-milan-design-week-2014\/116667\/\",\"url\":\"https:\/\/www.joyana.fr\/tables-officina-par-magis-x-bouroullec-milan-design-week-2014\/116667\/\",\"name\":\"Tables OFFICINA par MAGIS x BOUROULLEC - MILAN DESIGN WEEK 2014 - JO YANA\",\"isPartOf\":{\"@id\":\"https:\/\/joyana.fr\/#website\"},\"primaryImageOfPage\":{\"@id\":\"https:\/\/www.joyana.fr\/tables-officina-par-magis-x-bouroullec-milan-design-week-2014\/116667\/#primaryimage\"},\"image\":{\"@id\":\"https:\/\/www.joyana.fr\/tables-officina-par-magis-x-bouroullec-milan-design-week-2014\/116667\/#primaryimage\"},\"thumbnailUrl\":\"https:\/\/i0.wp.com\/www.joyana.fr\/wp-content\/uploads\/2014\/04\/OFFICINA-BOUROULLEC-MAGIS-DSC02823.jpg?fit=650%2C472&ssl=1\",\"datePublished\":\"2014-04-10T07:04:06+00:00\",\"breadcrumb\":{\"@id\":\"https:\/\/www.joyana.fr\/tables-officina-par-magis-x-bouroullec-milan-design-week-2014\/116667\/#breadcrumb\"},\"inLanguage\":\"en-US\",\"potentialAction\":[{\"@type\":\"ReadAction\",\"target\":[\"https:\/\/www.joyana.fr\/tables-officina-par-magis-x-bouroullec-milan-design-week-2014\/116667\/\"]}]},{\"@type\":\"ImageObject\",\"inLanguage\":\"en-US\",\"@id\":\"https:\/\/www.joyana.fr\/tables-officina-par-magis-x-bouroullec-milan-design-week-2014\/116667\/#primaryimage\",\"url\":\"https:\/\/i0.wp.com\/www.joyana.fr\/wp-content\/uploads\/2014\/04\/OFFICINA-BOUROULLEC-MAGIS-DSC02823.jpg?fit=650%2C472&ssl=1\",\"contentUrl\":\"https:\/\/i0.wp.com\/www.joyana.fr\/wp-content\/uploads\/2014\/04\/OFFICINA-BOUROULLEC-MAGIS-DSC02823.jpg?fit=650%2C472&ssl=1\",\"width\":650,\"height\":472},{\"@type\":\"BreadcrumbList\",\"@id\":\"https:\/\/www.joyana.fr\/tables-officina-par-magis-x-bouroullec-milan-design-week-2014\/116667\/#breadcrumb\",\"itemListElement\":[{\"@type\":\"ListItem\",\"position\":1,\"name\":\"Accueil\",\"item\":\"https:\/\/joyana.fr\/\"},{\"@type\":\"ListItem\",\"position\":2,\"name\":\"Tables OFFICINA par MAGIS x BOUROULLEC &#8211; MILAN DESIGN WEEK 2014\"}]},{\"@type\":\"WebSite\",\"@id\":\"https:\/\/joyana.fr\/#website\",\"url\":\"https:\/\/joyana.fr\/\",\"name\":\"JO YANA\",\"description\":\"Blog Mode Homme, Lifestyle, D\u00e9co-Design\",\"publisher\":{\"@id\":\"https:\/\/joyana.fr\/#\/schema\/person\/cf2a1ad12a27c12c21801075bf37407c\"},\"potentialAction\":[{\"@type\":\"SearchAction\",\"target\":{\"@type\":\"EntryPoint\",\"urlTemplate\":\"https:\/\/joyana.fr\/?s={search_term_string}\"},\"query-input\":{\"@type\":\"PropertyValueSpecification\",\"valueRequired\":true,\"valueName\":\"search_term_string\"}}],\"inLanguage\":\"en-US\"},{\"@type\":[\"Person\",\"Organization\"],\"@id\":\"https:\/\/joyana.fr\/#\/schema\/person\/cf2a1ad12a27c12c21801075bf37407c\",\"name\":\"Jo Yana\",\"image\":{\"@type\":\"ImageObject\",\"inLanguage\":\"en-US\",\"@id\":\"https:\/\/joyana.fr\/#\/schema\/person\/image\/\",\"url\":\"https:\/\/i0.wp.com\/www.joyana.fr\/wp-content\/uploads\/2016\/08\/cropped-joyana-logo-black-360x180.png?fit=343%2C164&ssl=1\",\"contentUrl\":\"https:\/\/i0.wp.com\/www.joyana.fr\/wp-content\/uploads\/2016\/08\/cropped-joyana-logo-black-360x180.png?fit=343%2C164&ssl=1\",\"width\":343,\"height\":164,\"caption\":\"Jo Yana\"},\"logo\":{\"@id\":\"https:\/\/joyana.fr\/#\/schema\/person\/image\/\"},\"description\":\"Jo Yana est le cr\u00e9ateur et r\u00e9dacteur en chef des sites DECO-DESIGN. Passionn\u00e9 de Design, Mode, Photo, Luxe, Lifestyle, Musique, mais avant tout Blogueur ! Le plaisir de partager l'anime et a comme devise \\\"POUR L'AMOUR DU BEAU\\\". Retrouvez le aussi sur son blog personnel - https:\/\/joyana.fr...\",\"sameAs\":[\"https:\/\/joyana.fr\/\"],\"url\":\"https:\/\/www.joyana.fr\/en\/author\/joyana\/\"}]}<\/script>\n<!-- \/ Yoast SEO plugin. -->","yoast_head_json":{"title":"Tables OFFICINA par MAGIS x BOUROULLEC - MILAN DESIGN WEEK 2014 - JO YANA","robots":{"index":"index","follow":"follow","max-snippet":"max-snippet:-1","max-image-preview":"max-image-preview:large","max-video-preview":"max-video-preview:-1"},"canonical":"https:\/\/www.joyana.fr\/en\/tables-officina-par-magis-x-bouroullec-milan-design-week-2014\/116667\/","og_locale":"en_US","og_type":"article","og_title":"Tables OFFICINA par MAGIS x BOUROULLEC - MILAN DESIGN WEEK 2014 - JO YANA","og_description":"Coup de coeur pour les tables aux pieds en fer forg\u00e9 OFFICINA - r\u00e9alis\u00e9es par les fr\u00e8res Bouroullec pour Magis...","og_url":"https:\/\/www.joyana.fr\/en\/tables-officina-par-magis-x-bouroullec-milan-design-week-2014\/116667\/","og_site_name":"JO YANA","article_published_time":"2014-04-10T07:04:06+00:00","og_image":[{"width":650,"height":472,"url":"https:\/\/www.joyana.fr\/wp-content\/uploads\/2014\/04\/OFFICINA-BOUROULLEC-MAGIS-DSC02823.jpg","type":"image\/jpeg"}],"author":"Jo Yana","twitter_card":"summary_large_image","twitter_creator":"@Jo_Yana","twitter_site":"@Jo_Yana","twitter_misc":{"Written by":"Jo Yana","Est. reading time":"1 minute"},"schema":{"@context":"https:\/\/schema.org","@graph":[{"@type":"Article","@id":"https:\/\/www.joyana.fr\/tables-officina-par-magis-x-bouroullec-milan-design-week-2014\/116667\/#article","isPartOf":{"@id":"https:\/\/www.joyana.fr\/tables-officina-par-magis-x-bouroullec-milan-design-week-2014\/116667\/"},"author":{"name":"Jo Yana","@id":"https:\/\/joyana.fr\/#\/schema\/person\/cf2a1ad12a27c12c21801075bf37407c"},"headline":"Tables OFFICINA par MAGIS x BOUROULLEC &#8211; MILAN DESIGN WEEK 2014","datePublished":"2014-04-10T07:04:06+00:00","mainEntityOfPage":{"@id":"https:\/\/www.joyana.fr\/tables-officina-par-magis-x-bouroullec-milan-design-week-2014\/116667\/"},"wordCount":170,"commentCount":0,"publisher":{"@id":"https:\/\/joyana.fr\/#\/schema\/person\/cf2a1ad12a27c12c21801075bf37407c"},"image":{"@id":"https:\/\/www.joyana.fr\/tables-officina-par-magis-x-bouroullec-milan-design-week-2014\/116667\/#primaryimage"},"thumbnailUrl":"https:\/\/i0.wp.com\/www.joyana.fr\/wp-content\/uploads\/2014\/04\/OFFICINA-BOUROULLEC-MAGIS-DSC02823.jpg?fit=650%2C472&ssl=1","keywords":["Fer Forg\u00e9","Magis","Milan Design Week 2014","Ronan &amp; Erwan BOUROULLEC","Table design"],"articleSection":["DECO-DESIGN","Magis","Milan Design Week","Ronan &amp; Erwan BOUROULLEC","Sculpture","Table"],"inLanguage":"en-US","potentialAction":[{"@type":"CommentAction","name":"Comment","target":["https:\/\/www.joyana.fr\/tables-officina-par-magis-x-bouroullec-milan-design-week-2014\/116667\/#respond"]}]},{"@type":"WebPage","@id":"https:\/\/www.joyana.fr\/tables-officina-par-magis-x-bouroullec-milan-design-week-2014\/116667\/","url":"https:\/\/www.joyana.fr\/tables-officina-par-magis-x-bouroullec-milan-design-week-2014\/116667\/","name":"Tables OFFICINA par MAGIS x BOUROULLEC - MILAN DESIGN WEEK 2014 - JO YANA","isPartOf":{"@id":"https:\/\/joyana.fr\/#website"},"primaryImageOfPage":{"@id":"https:\/\/www.joyana.fr\/tables-officina-par-magis-x-bouroullec-milan-design-week-2014\/116667\/#primaryimage"},"image":{"@id":"https:\/\/www.joyana.fr\/tables-officina-par-magis-x-bouroullec-milan-design-week-2014\/116667\/#primaryimage"},"thumbnailUrl":"https:\/\/i0.wp.com\/www.joyana.fr\/wp-content\/uploads\/2014\/04\/OFFICINA-BOUROULLEC-MAGIS-DSC02823.jpg?fit=650%2C472&ssl=1","datePublished":"2014-04-10T07:04:06+00:00","breadcrumb":{"@id":"https:\/\/www.joyana.fr\/tables-officina-par-magis-x-bouroullec-milan-design-week-2014\/116667\/#breadcrumb"},"inLanguage":"en-US","potentialAction":[{"@type":"ReadAction","target":["https:\/\/www.joyana.fr\/tables-officina-par-magis-x-bouroullec-milan-design-week-2014\/116667\/"]}]},{"@type":"ImageObject","inLanguage":"en-US","@id":"https:\/\/www.joyana.fr\/tables-officina-par-magis-x-bouroullec-milan-design-week-2014\/116667\/#primaryimage","url":"https:\/\/i0.wp.com\/www.joyana.fr\/wp-content\/uploads\/2014\/04\/OFFICINA-BOUROULLEC-MAGIS-DSC02823.jpg?fit=650%2C472&ssl=1","contentUrl":"https:\/\/i0.wp.com\/www.joyana.fr\/wp-content\/uploads\/2014\/04\/OFFICINA-BOUROULLEC-MAGIS-DSC02823.jpg?fit=650%2C472&ssl=1","width":650,"height":472},{"@type":"BreadcrumbList","@id":"https:\/\/www.joyana.fr\/tables-officina-par-magis-x-bouroullec-milan-design-week-2014\/116667\/#breadcrumb","itemListElement":[{"@type":"ListItem","position":1,"name":"Accueil","item":"https:\/\/joyana.fr\/"},{"@type":"ListItem","position":2,"name":"Tables OFFICINA par MAGIS x BOUROULLEC &#8211; MILAN DESIGN WEEK 2014"}]},{"@type":"WebSite","@id":"https:\/\/joyana.fr\/#website","url":"https:\/\/joyana.fr\/","name":"JO YANA","description":"Blog Mode Homme, Lifestyle, D\u00e9co-Design","publisher":{"@id":"https:\/\/joyana.fr\/#\/schema\/person\/cf2a1ad12a27c12c21801075bf37407c"},"potentialAction":[{"@type":"SearchAction","target":{"@type":"EntryPoint","urlTemplate":"https:\/\/joyana.fr\/?s={search_term_string}"},"query-input":{"@type":"PropertyValueSpecification","valueRequired":true,"valueName":"search_term_string"}}],"inLanguage":"en-US"},{"@type":["Person","Organization"],"@id":"https:\/\/joyana.fr\/#\/schema\/person\/cf2a1ad12a27c12c21801075bf37407c","name":"Jo Yana","image":{"@type":"ImageObject","inLanguage":"en-US","@id":"https:\/\/joyana.fr\/#\/schema\/person\/image\/","url":"https:\/\/i0.wp.com\/www.joyana.fr\/wp-content\/uploads\/2016\/08\/cropped-joyana-logo-black-360x180.png?fit=343%2C164&ssl=1","contentUrl":"https:\/\/i0.wp.com\/www.joyana.fr\/wp-content\/uploads\/2016\/08\/cropped-joyana-logo-black-360x180.png?fit=343%2C164&ssl=1","width":343,"height":164,"caption":"Jo Yana"},"logo":{"@id":"https:\/\/joyana.fr\/#\/schema\/person\/image\/"},"description":"Jo Yana est le cr\u00e9ateur et r\u00e9dacteur en chef des sites DECO-DESIGN. Passionn\u00e9 de Design, Mode, Photo, Luxe, Lifestyle, Musique, mais avant tout Blogueur ! Le plaisir de partager l'anime et a comme devise \"POUR L'AMOUR DU BEAU\". Retrouvez le aussi sur son blog personnel - https:\/\/joyana.fr...","sameAs":["https:\/\/joyana.fr\/"],"url":"https:\/\/www.joyana.fr\/en\/author\/joyana\/"}]}},"author_meta":{"display_name":"Jo Yana","author_link":"https:\/\/www.joyana.fr\/en\/author\/joyana\/"},"featured_img":"https:\/\/i0.wp.com\/www.joyana.fr\/wp-content\/uploads\/2014\/04\/OFFICINA-BOUROULLEC-MAGIS-DSC02823.jpg?fit=389%2C282&ssl=1","featured_image_src":"https:\/\/i0.wp.com\/www.joyana.fr\/wp-content\/uploads\/2014\/04\/OFFICINA-BOUROULLEC-MAGIS-DSC02823.jpg?resize=600%2C400&ssl=1","featured_image_src_square":"https:\/\/i0.wp.com\/www.joyana.fr\/wp-content\/uploads\/2014\/04\/OFFICINA-BOUROULLEC-MAGIS-DSC02823.jpg?resize=600%2C472&ssl=1","jetpack_featured_media_url":"https:\/\/i0.wp.com\/www.joyana.fr\/wp-content\/uploads\/2014\/04\/OFFICINA-BOUROULLEC-MAGIS-DSC02823.jpg?fit=650%2C472&ssl=1","uagb_featured_image_src":{"full":["https:\/\/i0.wp.com\/www.joyana.fr\/wp-content\/uploads\/2014\/04\/OFFICINA-BOUROULLEC-MAGIS-DSC02823.jpg?fit=650%2C472&ssl=1",650,472,false],"thumbnail":["https:\/\/i0.wp.com\/www.joyana.fr\/wp-content\/uploads\/2014\/04\/OFFICINA-BOUROULLEC-MAGIS-DSC02823.jpg?resize=150%2C150&ssl=1",150,150,true],"medium":["https:\/\/i0.wp.com\/www.joyana.fr\/wp-content\/uploads\/2014\/04\/OFFICINA-BOUROULLEC-MAGIS-DSC02823.jpg?fit=389%2C282&ssl=1",389,282,true],"medium_large":["https:\/\/i0.wp.com\/www.joyana.fr\/wp-content\/uploads\/2014\/04\/OFFICINA-BOUROULLEC-MAGIS-DSC02823.jpg?fit=650%2C472&ssl=1",650,472,true],"large":["https:\/\/i0.wp.com\/www.joyana.fr\/wp-content\/uploads\/2014\/04\/OFFICINA-BOUROULLEC-MAGIS-DSC02823.jpg?fit=650%2C472&ssl=1",650,472,true],"1536x1536":["https:\/\/i0.wp.com\/www.joyana.fr\/wp-content\/uploads\/2014\/04\/OFFICINA-BOUROULLEC-MAGIS-DSC02823.jpg?fit=650%2C472&ssl=1",650,472,true],"2048x2048":["https:\/\/i0.wp.com\/www.joyana.fr\/wp-content\/uploads\/2014\/04\/OFFICINA-BOUROULLEC-MAGIS-DSC02823.jpg?fit=650%2C472&ssl=1",650,472,true],"featured-thumb":["https:\/\/i0.wp.com\/www.joyana.fr\/wp-content\/uploads\/2014\/04\/OFFICINA-BOUROULLEC-MAGIS-DSC02823.jpg?resize=650%2C472&ssl=1",650,472,true],"ab-block-post-grid-landscape":["https:\/\/i0.wp.com\/www.joyana.fr\/wp-content\/uploads\/2014\/04\/OFFICINA-BOUROULLEC-MAGIS-DSC02823.jpg?resize=600%2C400&ssl=1",600,400,true],"ab-block-post-grid-square":["https:\/\/i0.wp.com\/www.joyana.fr\/wp-content\/uploads\/2014\/04\/OFFICINA-BOUROULLEC-MAGIS-DSC02823.jpg?resize=600%2C472&ssl=1",600,472,true],"author-pro-image":["https:\/\/i0.wp.com\/www.joyana.fr\/wp-content\/uploads\/2014\/04\/OFFICINA-BOUROULLEC-MAGIS-DSC02823.jpg?resize=360%2C472&ssl=1",360,472,true],"slider":["https:\/\/i0.wp.com\/www.joyana.fr\/wp-content\/uploads\/2014\/04\/OFFICINA-BOUROULLEC-MAGIS-DSC02823.jpg?resize=650%2C400&ssl=1",650,400,true],"woocommerce_thumbnail":["https:\/\/i0.wp.com\/www.joyana.fr\/wp-content\/uploads\/2014\/04\/OFFICINA-BOUROULLEC-MAGIS-DSC02823.jpg?resize=450%2C450&ssl=1",450,450,true],"woocommerce_single":["https:\/\/i0.wp.com\/www.joyana.fr\/wp-content\/uploads\/2014\/04\/OFFICINA-BOUROULLEC-MAGIS-DSC02823.jpg?fit=650%2C472&ssl=1",650,472,true],"woocommerce_gallery_thumbnail":["https:\/\/i0.wp.com\/www.joyana.fr\/wp-content\/uploads\/2014\/04\/OFFICINA-BOUROULLEC-MAGIS-DSC02823.jpg?resize=180%2C180&ssl=1",180,180,true],"sow-carousel-default":["https:\/\/i0.wp.com\/www.joyana.fr\/wp-content\/uploads\/2014\/04\/OFFICINA-BOUROULLEC-MAGIS-DSC02823.jpg?resize=272%2C182&ssl=1",272,182,true]},"uagb_author_info":{"display_name":"Jo Yana","author_link":"https:\/\/www.joyana.fr\/en\/author\/joyana\/"},"uagb_comment_info":0,"uagb_excerpt":"Coup de coeur pour les tables aux pieds en fer forg\u00e9 OFFICINA - r\u00e9alis\u00e9es par les fr\u00e8res Bouroullec pour Magis...","coauthors":[],"tax_additional":{"categories":{"linked":["<a href=\"https:\/\/www.joyana.fr\/en\/category\/deco-design\/\" class=\"advgb-post-tax-term\">DECO-DESIGN<\/a>","<a href=\"https:\/\/www.joyana.fr\/en\/category\/marques\/magis\/\" class=\"advgb-post-tax-term\">Magis<\/a>","<a href=\"https:\/\/www.joyana.fr\/en\/category\/deco-design\/actualite\/salon\/milan-design-week\/\" class=\"advgb-post-tax-term\">Milan Design Week<\/a>","<a href=\"https:\/\/www.joyana.fr\/en\/category\/deco-design\/designer\/ronan-erwan-bouroullec\/\" class=\"advgb-post-tax-term\">Ronan &amp; Erwan BOUROULLEC<\/a>","<a href=\"https:\/\/www.joyana.fr\/en\/category\/deco-design\/mobilier\/sculpture\/\" class=\"advgb-post-tax-term\">Sculpture<\/a>","<a href=\"https:\/\/www.joyana.fr\/en\/category\/deco-design\/mobilier\/table\/\" class=\"advgb-post-tax-term\">Table<\/a>"],"unlinked":["<span class=\"advgb-post-tax-term\">DECO-DESIGN<\/span>","<span class=\"advgb-post-tax-term\">Magis<\/span>","<span class=\"advgb-post-tax-term\">Milan Design Week<\/span>","<span class=\"advgb-post-tax-term\">Ronan &amp; Erwan BOUROULLEC<\/span>","<span class=\"advgb-post-tax-term\">Sculpture<\/span>","<span class=\"advgb-post-tax-term\">Table<\/span>"]},"tags":{"linked":["<a href=\"https:\/\/www.joyana.fr\/en\/category\/deco-design\/mobilier\/table\/\" class=\"advgb-post-tax-term\">Fer Forg\u00e9<\/a>","<a href=\"https:\/\/www.joyana.fr\/en\/category\/deco-design\/mobilier\/table\/\" class=\"advgb-post-tax-term\">Magis<\/a>","<a href=\"https:\/\/www.joyana.fr\/en\/category\/deco-design\/mobilier\/table\/\" class=\"advgb-post-tax-term\">Milan Design Week 2014<\/a>","<a href=\"https:\/\/www.joyana.fr\/en\/category\/deco-design\/mobilier\/table\/\" class=\"advgb-post-tax-term\">Ronan &amp; Erwan BOUROULLEC<\/a>","<a href=\"https:\/\/www.joyana.fr\/en\/category\/deco-design\/mobilier\/table\/\" class=\"advgb-post-tax-term\">Table design<\/a>"],"unlinked":["<span class=\"advgb-post-tax-term\">Fer Forg\u00e9<\/span>","<span class=\"advgb-post-tax-term\">Magis<\/span>","<span class=\"advgb-post-tax-term\">Milan Design Week 2014<\/span>","<span class=\"advgb-post-tax-term\">Ronan &amp; Erwan BOUROULLEC<\/span>","<span class=\"advgb-post-tax-term\">Table design<\/span>"]}},"comment_count":0,"relative_dates":{"created":"Posted 12 years ago","modified":"Updated 12 years ago"},"absolute_dates":{"created":"Posted on 10 April 2014","modified":"Updated on 10 April 2014"},"absolute_dates_time":{"created":"Posted on 10 April 2014 8:04","modified":"Updated on 10 April 2014 8:04"},"featured_img_caption":"","series_order":"","jetpack_sharing_enabled":true,"jetpack_shortlink":"https:\/\/wp.me\/p9bteI-ulJ","jetpack-related-posts":[],"_links":{"self":[{"href":"https:\/\/www.joyana.fr\/en\/wp-json\/wp\/v2\/posts\/116667","targetHints":{"allow":["GET"]}}],"collection":[{"href":"https:\/\/www.joyana.fr\/en\/wp-json\/wp\/v2\/posts"}],"about":[{"href":"https:\/\/www.joyana.fr\/en\/wp-json\/wp\/v2\/types\/post"}],"author":[{"embeddable":true,"href":"https:\/\/www.joyana.fr\/en\/wp-json\/wp\/v2\/users\/3"}],"replies":[{"embeddable":true,"href":"https:\/\/www.joyana.fr\/en\/wp-json\/wp\/v2\/comments?post=116667"}],"version-history":[{"count":0,"href":"https:\/\/www.joyana.fr\/en\/wp-json\/wp\/v2\/posts\/116667\/revisions"}],"wp:featuredmedia":[{"embeddable":true,"href":"https:\/\/www.joyana.fr\/en\/wp-json\/wp\/v2\/media\/116673"}],"wp:attachment":[{"href":"https:\/\/www.joyana.fr\/en\/wp-json\/wp\/v2\/media?parent=116667"}],"wp:term":[{"taxonomy":"category","embeddable":true,"href":"https:\/\/www.joyana.fr\/en\/wp-json\/wp\/v2\/categories?post=116667"},{"taxonomy":"post_tag","embeddable":true,"href":"https:\/\/www.joyana.fr\/en\/wp-json\/wp\/v2\/tags?post=116667"}],"curies":[{"name":"wp","href":"https:\/\/api.w.org\/{rel}","templated":true}]}}