{"id":114602,"date":"2013-10-17T16:28:57","date_gmt":"2013-10-17T15:28:57","guid":{"rendered":"https:\/\/joyana.fr\/?p=14602"},"modified":"2013-10-17T16:28:57","modified_gmt":"2013-10-17T15:28:57","slug":"m3-colection-par-thomas-feichtner","status":"publish","type":"post","link":"https:\/\/www.joyana.fr\/en\/m3-colection-par-thomas-feichtner\/114602\/","title":{"rendered":"M3 COLECTION par Thomas FEICHTNER"},"content":{"rendered":"<p>Le designer <strong>Thomas Feichtner<\/strong> nous pr\u00e9sente la <strong>M3 COLECTION<\/strong> &#8211; qui se compose d&#8217;une <strong>lounge chair<\/strong>, et de <strong>tables basses<\/strong> de diff\u00e9rentes dimensions&#8230;<\/p>\n<p><img data-recalc-dims=\"1\" fetchpriority=\"high\" decoding=\"async\" alt=\"M3-Lounge-Chair-01-300dpi\" src=\"https:\/\/i0.wp.com\/joyana.fr\/wp-content\/uploads\/2013\/10\/M3-Lounge-Chair-01-300dpi-576x382.jpg?resize=576%2C382&#038;ssl=1\" width=\"576\" height=\"382\" \/><\/p>\n<p>Cette nouvelle <strong>M3 COLECTION<\/strong> est la traduction d&#8217;une exp\u00e9rience de conception en un produit de s\u00e9rie. Pour la Vienna Design Week, Thomas Feichtner et Neue Wiener Werkst\u00e4tte ont con\u00e7u la louange chair M3 d\u00e9velopp\u00e9e sp\u00e9cifiquement pour cette exposition.<br \/>\nCet objet unique est devenu depuis un classique du design autrichien !<\/p>\n<p><img data-recalc-dims=\"1\" decoding=\"async\" class=\"alignnone size-large wp-image-14609\" alt=\"M3-Lounge-Chair-06-300dpi\" src=\"https:\/\/i0.wp.com\/joyana.fr\/wp-content\/uploads\/2013\/10\/M3-Lounge-Chair-06-300dpi-576x380.jpg?resize=576%2C380&#038;ssl=1\" width=\"576\" height=\"380\" \/><\/p>\n<p><em><strong>M3 COLECTION par Thomas FEICHTNER<\/strong><\/em><\/p>\n<p><em>Date: 2013<\/em><br \/>\n<em> mat\u00e9riau: bois de ch\u00eane, cuir<\/em><br \/>\n<em> Conception: Thomas Feichtner<\/em><br \/>\n<em> producteur: Neue Wiener Werkst\u00e4tte, Autriche<\/em><\/p>\n\n<p><img data-recalc-dims=\"1\" decoding=\"async\" class=\"alignnone size-large wp-image-14611\" alt=\"M3-Lounge-Chair-04-300dpi\" src=\"https:\/\/i0.wp.com\/joyana.fr\/wp-content\/uploads\/2013\/10\/M3-Lounge-Chair-04-300dpi-576x420.jpg?resize=576%2C420&#038;ssl=1\" width=\"576\" height=\"420\" \/><\/p>\n<p style=\"text-align: center;\">En savoir + sur <a href=\"http:\/\/www.thomasfeichtner.com\/ABOUT\/Thomas-Feichtner\/Biography-5\" target=\"_blank\"><strong>Thomas FEICHTNER<\/strong><\/a><\/p>\n","protected":false},"excerpt":{"rendered":"<p>Le designer Thomas Feichtner nous pr\u00e9sente la M3 COLECTION &#8211; qui se compose d&#8217;une lounge chair, et de tables basses de diff\u00e9rentes dimensions&#8230; Cette nouvelle M3 COLECTION est la traduction d&#8217;une exp\u00e9rience de conception en un produit de s\u00e9rie. Pour la Vienna Design Week, Thomas Feichtner et Neue Wiener Werkst\u00e4tte ont con\u00e7u la louange chair [&hellip;]<\/p>\n","protected":false},"author":3,"featured_media":114614,"comment_status":"open","ping_status":"open","sticky":false,"template":"","format":"standard","meta":{"_coblocks_attr":"","_coblocks_dimensions":"","_coblocks_responsive_height":"","_coblocks_accordion_ie_support":"","_uag_custom_page_level_css":"","advgb_blocks_editor_width":"","advgb_blocks_columns_visual_guide":"","_genesis_hide_title":false,"_genesis_hide_breadcrumbs":false,"_genesis_hide_singular_image":false,"_genesis_hide_footer_widgets":false,"_genesis_custom_body_class":"","_genesis_custom_post_class":"","_genesis_layout":"","_themeisle_gutenberg_block_has_review":false,"_jetpack_newsletter_access":"","_jetpack_dont_email_post_to_subs":false,"_jetpack_newsletter_tier_id":0,"_jetpack_memberships_contains_paywalled_content":false,"_jetpack_memberships_contains_paid_content":false,"footnotes":""},"categories":[948,905,950,942,944],"tags":[482,112,78,992,1543,1067,1544],"class_list":{"0":"post-114602","1":"post","2":"type-post","3":"status-publish","4":"format-standard","5":"has-post-thumbnail","7":"category-assise","8":"category-deco-design","9":"category-fauteuil","10":"category-mobilier","11":"category-table","12":"tag-bois","13":"tag-cuir","14":"tag-design","15":"tag-fauteuil-design","16":"tag-lounge-chair","17":"tag-table-basse-design","18":"tag-thomas-feichtner","19":"entry"},"featured_image_urls":{"full":["https:\/\/i0.wp.com\/www.joyana.fr\/wp-content\/uploads\/2013\/10\/M3-Lounge-Chair-01-300dpi.jpg?fit=650%2C432&ssl=1",650,432,false],"thumbnail":["https:\/\/i0.wp.com\/www.joyana.fr\/wp-content\/uploads\/2013\/10\/M3-Lounge-Chair-01-300dpi.jpg?resize=150%2C150&ssl=1",150,150,true],"medium":["https:\/\/i0.wp.com\/www.joyana.fr\/wp-content\/uploads\/2013\/10\/M3-Lounge-Chair-01-300dpi.jpg?fit=389%2C259&ssl=1",389,259,true],"medium_large":["https:\/\/i0.wp.com\/www.joyana.fr\/wp-content\/uploads\/2013\/10\/M3-Lounge-Chair-01-300dpi.jpg?fit=650%2C432&ssl=1",650,432,true],"large":["https:\/\/i0.wp.com\/www.joyana.fr\/wp-content\/uploads\/2013\/10\/M3-Lounge-Chair-01-300dpi.jpg?fit=650%2C432&ssl=1",650,432,true],"1536x1536":["https:\/\/i0.wp.com\/www.joyana.fr\/wp-content\/uploads\/2013\/10\/M3-Lounge-Chair-01-300dpi.jpg?fit=650%2C432&ssl=1",650,432,true],"2048x2048":["https:\/\/i0.wp.com\/www.joyana.fr\/wp-content\/uploads\/2013\/10\/M3-Lounge-Chair-01-300dpi.jpg?fit=650%2C432&ssl=1",650,432,true],"featured-thumb":["https:\/\/i0.wp.com\/www.joyana.fr\/wp-content\/uploads\/2013\/10\/M3-Lounge-Chair-01-300dpi.jpg?resize=650%2C432&ssl=1",650,432,true],"ab-block-post-grid-landscape":["https:\/\/i0.wp.com\/www.joyana.fr\/wp-content\/uploads\/2013\/10\/M3-Lounge-Chair-01-300dpi.jpg?resize=600%2C400&ssl=1",600,400,true],"ab-block-post-grid-square":["https:\/\/i0.wp.com\/www.joyana.fr\/wp-content\/uploads\/2013\/10\/M3-Lounge-Chair-01-300dpi.jpg?resize=600%2C432&ssl=1",600,432,true],"author-pro-image":["https:\/\/i0.wp.com\/www.joyana.fr\/wp-content\/uploads\/2013\/10\/M3-Lounge-Chair-01-300dpi.jpg?resize=360%2C432&ssl=1",360,432,true],"slider":["https:\/\/i0.wp.com\/www.joyana.fr\/wp-content\/uploads\/2013\/10\/M3-Lounge-Chair-01-300dpi.jpg?resize=650%2C400&ssl=1",650,400,true],"woocommerce_thumbnail":["https:\/\/i0.wp.com\/www.joyana.fr\/wp-content\/uploads\/2013\/10\/M3-Lounge-Chair-01-300dpi.jpg?resize=450%2C432&ssl=1",450,432,true],"woocommerce_single":["https:\/\/i0.wp.com\/www.joyana.fr\/wp-content\/uploads\/2013\/10\/M3-Lounge-Chair-01-300dpi.jpg?fit=650%2C432&ssl=1",650,432,true],"woocommerce_gallery_thumbnail":["https:\/\/i0.wp.com\/www.joyana.fr\/wp-content\/uploads\/2013\/10\/M3-Lounge-Chair-01-300dpi.jpg?resize=180%2C180&ssl=1",180,180,true],"sow-carousel-default":["https:\/\/i0.wp.com\/www.joyana.fr\/wp-content\/uploads\/2013\/10\/M3-Lounge-Chair-01-300dpi.jpg?resize=272%2C182&ssl=1",272,182,true]},"post_excerpt_stackable":"<p>Le designer Thomas Feichtner nous pr\u00e9sente la M3 COLECTION &#8211; qui se compose d&#8217;une lounge chair, et de tables basses de diff\u00e9rentes dimensions&#8230; Cette nouvelle M3 COLECTION est la traduction d&#8217;une exp\u00e9rience de conception en un produit de s\u00e9rie. Pour la Vienna Design Week, Thomas Feichtner et Neue Wiener Werkst\u00e4tte ont con\u00e7u la louange chair M3 d\u00e9velopp\u00e9e sp\u00e9cifiquement pour cette exposition. Cet objet unique est devenu depuis un classique du design autrichien ! M3 COLECTION par Thomas FEICHTNER Date: 2013 mat\u00e9riau: bois de ch\u00eane, cuir Conception: Thomas Feichtner producteur: Neue Wiener Werkst\u00e4tte, Autriche En savoir + sur Thomas FEICHTNER<\/p>\n","category_list":"<a href=\"https:\/\/www.joyana.fr\/en\/category\/deco-design\/mobilier\/assise\/\" rel=\"category tag\">Assise<\/a>, <a href=\"https:\/\/www.joyana.fr\/en\/category\/deco-design\/\" rel=\"category tag\">DECO-DESIGN<\/a>, <a href=\"https:\/\/www.joyana.fr\/en\/category\/deco-design\/mobilier\/assise\/fauteuil\/\" rel=\"category tag\">Fauteuil<\/a>, <a href=\"https:\/\/www.joyana.fr\/en\/category\/deco-design\/mobilier\/\" rel=\"category tag\">Mobilier<\/a>, <a href=\"https:\/\/www.joyana.fr\/en\/category\/deco-design\/mobilier\/table\/\" rel=\"category tag\">Table<\/a>","author_info":{"display_name":"Jo Yana","author_link":"https:\/\/www.joyana.fr\/en\/author\/joyana\/"},"comments_num":"0 comments","featured_image_urls_v2":{"full":["https:\/\/i0.wp.com\/www.joyana.fr\/wp-content\/uploads\/2013\/10\/M3-Lounge-Chair-01-300dpi.jpg?fit=650%2C432&ssl=1",650,432,false],"thumbnail":["https:\/\/i0.wp.com\/www.joyana.fr\/wp-content\/uploads\/2013\/10\/M3-Lounge-Chair-01-300dpi.jpg?resize=150%2C150&ssl=1",150,150,true],"medium":["https:\/\/i0.wp.com\/www.joyana.fr\/wp-content\/uploads\/2013\/10\/M3-Lounge-Chair-01-300dpi.jpg?fit=389%2C259&ssl=1",389,259,true],"medium_large":["https:\/\/i0.wp.com\/www.joyana.fr\/wp-content\/uploads\/2013\/10\/M3-Lounge-Chair-01-300dpi.jpg?fit=650%2C432&ssl=1",650,432,true],"large":["https:\/\/i0.wp.com\/www.joyana.fr\/wp-content\/uploads\/2013\/10\/M3-Lounge-Chair-01-300dpi.jpg?fit=650%2C432&ssl=1",650,432,true],"1536x1536":["https:\/\/i0.wp.com\/www.joyana.fr\/wp-content\/uploads\/2013\/10\/M3-Lounge-Chair-01-300dpi.jpg?fit=650%2C432&ssl=1",650,432,true],"2048x2048":["https:\/\/i0.wp.com\/www.joyana.fr\/wp-content\/uploads\/2013\/10\/M3-Lounge-Chair-01-300dpi.jpg?fit=650%2C432&ssl=1",650,432,true],"featured-thumb":["https:\/\/i0.wp.com\/www.joyana.fr\/wp-content\/uploads\/2013\/10\/M3-Lounge-Chair-01-300dpi.jpg?resize=650%2C432&ssl=1",650,432,true],"ab-block-post-grid-landscape":["https:\/\/i0.wp.com\/www.joyana.fr\/wp-content\/uploads\/2013\/10\/M3-Lounge-Chair-01-300dpi.jpg?resize=600%2C400&ssl=1",600,400,true],"ab-block-post-grid-square":["https:\/\/i0.wp.com\/www.joyana.fr\/wp-content\/uploads\/2013\/10\/M3-Lounge-Chair-01-300dpi.jpg?resize=600%2C432&ssl=1",600,432,true],"author-pro-image":["https:\/\/i0.wp.com\/www.joyana.fr\/wp-content\/uploads\/2013\/10\/M3-Lounge-Chair-01-300dpi.jpg?resize=360%2C432&ssl=1",360,432,true],"slider":["https:\/\/i0.wp.com\/www.joyana.fr\/wp-content\/uploads\/2013\/10\/M3-Lounge-Chair-01-300dpi.jpg?resize=650%2C400&ssl=1",650,400,true],"woocommerce_thumbnail":["https:\/\/i0.wp.com\/www.joyana.fr\/wp-content\/uploads\/2013\/10\/M3-Lounge-Chair-01-300dpi.jpg?resize=450%2C432&ssl=1",450,432,true],"woocommerce_single":["https:\/\/i0.wp.com\/www.joyana.fr\/wp-content\/uploads\/2013\/10\/M3-Lounge-Chair-01-300dpi.jpg?fit=650%2C432&ssl=1",650,432,true],"woocommerce_gallery_thumbnail":["https:\/\/i0.wp.com\/www.joyana.fr\/wp-content\/uploads\/2013\/10\/M3-Lounge-Chair-01-300dpi.jpg?resize=180%2C180&ssl=1",180,180,true],"sow-carousel-default":["https:\/\/i0.wp.com\/www.joyana.fr\/wp-content\/uploads\/2013\/10\/M3-Lounge-Chair-01-300dpi.jpg?resize=272%2C182&ssl=1",272,182,true]},"post_excerpt_stackable_v2":"<p>Le designer Thomas Feichtner nous pr\u00e9sente la M3 COLECTION &#8211; qui se compose d&#8217;une lounge chair, et de tables basses de diff\u00e9rentes dimensions&#8230; Cette nouvelle M3 COLECTION est la traduction d&#8217;une exp\u00e9rience de conception en un produit de s\u00e9rie. Pour la Vienna Design Week, Thomas Feichtner et Neue Wiener Werkst\u00e4tte ont con\u00e7u la louange chair M3 d\u00e9velopp\u00e9e sp\u00e9cifiquement pour cette exposition. Cet objet unique est devenu depuis un classique du design autrichien ! M3 COLECTION par Thomas FEICHTNER Date: 2013 mat\u00e9riau: bois de ch\u00eane, cuir Conception: Thomas Feichtner producteur: Neue Wiener Werkst\u00e4tte, Autriche En savoir + sur Thomas FEICHTNER<\/p>\n","category_list_v2":"<a href=\"https:\/\/www.joyana.fr\/en\/category\/deco-design\/mobilier\/assise\/\" rel=\"category tag\">Assise<\/a>, <a href=\"https:\/\/www.joyana.fr\/en\/category\/deco-design\/\" rel=\"category tag\">DECO-DESIGN<\/a>, <a href=\"https:\/\/www.joyana.fr\/en\/category\/deco-design\/mobilier\/assise\/fauteuil\/\" rel=\"category tag\">Fauteuil<\/a>, <a href=\"https:\/\/www.joyana.fr\/en\/category\/deco-design\/mobilier\/\" rel=\"category tag\">Mobilier<\/a>, <a href=\"https:\/\/www.joyana.fr\/en\/category\/deco-design\/mobilier\/table\/\" rel=\"category tag\">Table<\/a>","author_info_v2":{"name":"Jo Yana","url":"https:\/\/www.joyana.fr\/en\/author\/joyana\/"},"comments_num_v2":"0 comments","yoast_head":"<!-- This site is optimized with the Yoast SEO plugin v26.8 - https:\/\/yoast.com\/product\/yoast-seo-wordpress\/ -->\n<title>M3 COLECTION par Thomas FEICHTNER - JO YANA<\/title>\n<meta name=\"robots\" content=\"index, follow, max-snippet:-1, max-image-preview:large, max-video-preview:-1\" \/>\n<link rel=\"canonical\" href=\"https:\/\/joyana.fr\/en\/m3-colection-par-thomas-feichtner\/114602\/\" \/>\n<meta property=\"og:locale\" content=\"en_US\" \/>\n<meta property=\"og:locale:alternate\" content=\"fr_FR\" \/>\n<meta property=\"og:locale:alternate\" content=\"ja\" \/>\n<meta property=\"og:type\" content=\"article\" \/>\n<meta property=\"og:title\" content=\"M3 COLECTION par Thomas FEICHTNER - JO YANA\" \/>\n<meta property=\"og:description\" content=\"Le designer Thomas Feichtner nous pr\u00e9sente la M3 COLECTION &#8211; qui se compose d&#8217;une lounge chair, et de tables basses de diff\u00e9rentes dimensions&#8230; Cette nouvelle M3 COLECTION est la traduction d&#8217;une exp\u00e9rience de conception en un produit de s\u00e9rie. Pour la Vienna Design Week, Thomas Feichtner et Neue Wiener Werkst\u00e4tte ont con\u00e7u la louange chair [&hellip;]\" \/>\n<meta property=\"og:url\" content=\"https:\/\/www.joyana.fr\/en\/m3-colection-par-thomas-feichtner\/114602\/\" \/>\n<meta property=\"og:site_name\" content=\"JO YANA\" \/>\n<meta property=\"article:published_time\" content=\"2013-10-17T15:28:57+00:00\" \/>\n<meta property=\"og:image\" content=\"https:\/\/joyana.fr\/wp-content\/uploads\/2013\/10\/M3-Lounge-Chair-01-300dpi.jpg\" \/>\n\t<meta property=\"og:image:width\" content=\"650\" \/>\n\t<meta property=\"og:image:height\" content=\"432\" \/>\n\t<meta property=\"og:image:type\" content=\"image\/jpeg\" \/>\n<meta name=\"author\" content=\"Jo Yana\" \/>\n<meta name=\"twitter:card\" content=\"summary_large_image\" \/>\n<meta name=\"twitter:creator\" content=\"@Jo_Yana\" \/>\n<meta name=\"twitter:site\" content=\"@Jo_Yana\" \/>\n<meta name=\"twitter:label1\" content=\"Written by\" \/>\n\t<meta name=\"twitter:data1\" content=\"Jo Yana\" \/>\n\t<meta name=\"twitter:label2\" content=\"Est. reading time\" \/>\n\t<meta name=\"twitter:data2\" content=\"1 minute\" \/>\n<script type=\"application\/ld+json\" class=\"yoast-schema-graph\">{\"@context\":\"https:\/\/schema.org\",\"@graph\":[{\"@type\":\"Article\",\"@id\":\"https:\/\/joyana.fr\/en\/m3-colection-par-thomas-feichtner\/114602\/#article\",\"isPartOf\":{\"@id\":\"https:\/\/joyana.fr\/en\/m3-colection-par-thomas-feichtner\/114602\/\"},\"author\":{\"name\":\"Jo Yana\",\"@id\":\"https:\/\/joyana.fr\/#\/schema\/person\/cf2a1ad12a27c12c21801075bf37407c\"},\"headline\":\"M3 COLECTION par Thomas FEICHTNER\",\"datePublished\":\"2013-10-17T15:28:57+00:00\",\"mainEntityOfPage\":{\"@id\":\"https:\/\/joyana.fr\/en\/m3-colection-par-thomas-feichtner\/114602\/\"},\"wordCount\":118,\"commentCount\":0,\"publisher\":{\"@id\":\"https:\/\/joyana.fr\/#\/schema\/person\/cf2a1ad12a27c12c21801075bf37407c\"},\"image\":{\"@id\":\"https:\/\/joyana.fr\/en\/m3-colection-par-thomas-feichtner\/114602\/#primaryimage\"},\"thumbnailUrl\":\"https:\/\/i0.wp.com\/www.joyana.fr\/wp-content\/uploads\/2013\/10\/M3-Lounge-Chair-01-300dpi.jpg?fit=650%2C432&ssl=1\",\"keywords\":[\"Bois\",\"Cuir\",\"DESIGN\",\"Fauteuil design\",\"Lounge Chair\",\"Table Basse design\",\"Thomas FEICHTNER\"],\"articleSection\":[\"Assise\",\"DECO-DESIGN\",\"Fauteuil\",\"Mobilier\",\"Table\"],\"inLanguage\":\"en-US\",\"potentialAction\":[{\"@type\":\"CommentAction\",\"name\":\"Comment\",\"target\":[\"https:\/\/joyana.fr\/en\/m3-colection-par-thomas-feichtner\/114602\/#respond\"]}]},{\"@type\":\"WebPage\",\"@id\":\"https:\/\/joyana.fr\/en\/m3-colection-par-thomas-feichtner\/114602\/\",\"url\":\"https:\/\/joyana.fr\/en\/m3-colection-par-thomas-feichtner\/114602\/\",\"name\":\"M3 COLECTION par Thomas FEICHTNER - JO YANA\",\"isPartOf\":{\"@id\":\"https:\/\/joyana.fr\/#website\"},\"primaryImageOfPage\":{\"@id\":\"https:\/\/joyana.fr\/en\/m3-colection-par-thomas-feichtner\/114602\/#primaryimage\"},\"image\":{\"@id\":\"https:\/\/joyana.fr\/en\/m3-colection-par-thomas-feichtner\/114602\/#primaryimage\"},\"thumbnailUrl\":\"https:\/\/i0.wp.com\/www.joyana.fr\/wp-content\/uploads\/2013\/10\/M3-Lounge-Chair-01-300dpi.jpg?fit=650%2C432&ssl=1\",\"datePublished\":\"2013-10-17T15:28:57+00:00\",\"breadcrumb\":{\"@id\":\"https:\/\/joyana.fr\/en\/m3-colection-par-thomas-feichtner\/114602\/#breadcrumb\"},\"inLanguage\":\"en-US\",\"potentialAction\":[{\"@type\":\"ReadAction\",\"target\":[\"https:\/\/joyana.fr\/en\/m3-colection-par-thomas-feichtner\/114602\/\"]}]},{\"@type\":\"ImageObject\",\"inLanguage\":\"en-US\",\"@id\":\"https:\/\/joyana.fr\/en\/m3-colection-par-thomas-feichtner\/114602\/#primaryimage\",\"url\":\"https:\/\/i0.wp.com\/www.joyana.fr\/wp-content\/uploads\/2013\/10\/M3-Lounge-Chair-01-300dpi.jpg?fit=650%2C432&ssl=1\",\"contentUrl\":\"https:\/\/i0.wp.com\/www.joyana.fr\/wp-content\/uploads\/2013\/10\/M3-Lounge-Chair-01-300dpi.jpg?fit=650%2C432&ssl=1\",\"width\":650,\"height\":432},{\"@type\":\"BreadcrumbList\",\"@id\":\"https:\/\/joyana.fr\/en\/m3-colection-par-thomas-feichtner\/114602\/#breadcrumb\",\"itemListElement\":[{\"@type\":\"ListItem\",\"position\":1,\"name\":\"Accueil\",\"item\":\"https:\/\/joyana.fr\/\"},{\"@type\":\"ListItem\",\"position\":2,\"name\":\"M3 COLECTION par Thomas FEICHTNER\"}]},{\"@type\":\"WebSite\",\"@id\":\"https:\/\/joyana.fr\/#website\",\"url\":\"https:\/\/joyana.fr\/\",\"name\":\"JO YANA\",\"description\":\"Blog Mode Homme, Lifestyle, D\u00e9co-Design\",\"publisher\":{\"@id\":\"https:\/\/joyana.fr\/#\/schema\/person\/cf2a1ad12a27c12c21801075bf37407c\"},\"potentialAction\":[{\"@type\":\"SearchAction\",\"target\":{\"@type\":\"EntryPoint\",\"urlTemplate\":\"https:\/\/joyana.fr\/?s={search_term_string}\"},\"query-input\":{\"@type\":\"PropertyValueSpecification\",\"valueRequired\":true,\"valueName\":\"search_term_string\"}}],\"inLanguage\":\"en-US\"},{\"@type\":[\"Person\",\"Organization\"],\"@id\":\"https:\/\/joyana.fr\/#\/schema\/person\/cf2a1ad12a27c12c21801075bf37407c\",\"name\":\"Jo Yana\",\"image\":{\"@type\":\"ImageObject\",\"inLanguage\":\"en-US\",\"@id\":\"https:\/\/joyana.fr\/#\/schema\/person\/image\/\",\"url\":\"https:\/\/i0.wp.com\/www.joyana.fr\/wp-content\/uploads\/2016\/08\/cropped-joyana-logo-black-360x180.png?fit=343%2C164&ssl=1\",\"contentUrl\":\"https:\/\/i0.wp.com\/www.joyana.fr\/wp-content\/uploads\/2016\/08\/cropped-joyana-logo-black-360x180.png?fit=343%2C164&ssl=1\",\"width\":343,\"height\":164,\"caption\":\"Jo Yana\"},\"logo\":{\"@id\":\"https:\/\/joyana.fr\/#\/schema\/person\/image\/\"},\"description\":\"Jo Yana est le cr\u00e9ateur et r\u00e9dacteur en chef des sites DECO-DESIGN. Passionn\u00e9 de Design, Mode, Photo, Luxe, Lifestyle, Musique, mais avant tout Blogueur ! Le plaisir de partager l'anime et a comme devise \\\"POUR L'AMOUR DU BEAU\\\". Retrouvez le aussi sur son blog personnel - https:\/\/joyana.fr...\",\"sameAs\":[\"https:\/\/joyana.fr\/\"],\"url\":\"https:\/\/www.joyana.fr\/en\/author\/joyana\/\"}]}<\/script>\n<!-- \/ Yoast SEO plugin. -->","yoast_head_json":{"title":"M3 COLECTION par Thomas FEICHTNER - JO YANA","robots":{"index":"index","follow":"follow","max-snippet":"max-snippet:-1","max-image-preview":"max-image-preview:large","max-video-preview":"max-video-preview:-1"},"canonical":"https:\/\/joyana.fr\/en\/m3-colection-par-thomas-feichtner\/114602\/","og_locale":"en_US","og_type":"article","og_title":"M3 COLECTION par Thomas FEICHTNER - JO YANA","og_description":"Le designer Thomas Feichtner nous pr\u00e9sente la M3 COLECTION &#8211; qui se compose d&#8217;une lounge chair, et de tables basses de diff\u00e9rentes dimensions&#8230; Cette nouvelle M3 COLECTION est la traduction d&#8217;une exp\u00e9rience de conception en un produit de s\u00e9rie. Pour la Vienna Design Week, Thomas Feichtner et Neue Wiener Werkst\u00e4tte ont con\u00e7u la louange chair [&hellip;]","og_url":"https:\/\/www.joyana.fr\/en\/m3-colection-par-thomas-feichtner\/114602\/","og_site_name":"JO YANA","article_published_time":"2013-10-17T15:28:57+00:00","og_image":[{"width":650,"height":432,"url":"https:\/\/joyana.fr\/wp-content\/uploads\/2013\/10\/M3-Lounge-Chair-01-300dpi.jpg","type":"image\/jpeg"}],"author":"Jo Yana","twitter_card":"summary_large_image","twitter_creator":"@Jo_Yana","twitter_site":"@Jo_Yana","twitter_misc":{"Written by":"Jo Yana","Est. reading time":"1 minute"},"schema":{"@context":"https:\/\/schema.org","@graph":[{"@type":"Article","@id":"https:\/\/joyana.fr\/en\/m3-colection-par-thomas-feichtner\/114602\/#article","isPartOf":{"@id":"https:\/\/joyana.fr\/en\/m3-colection-par-thomas-feichtner\/114602\/"},"author":{"name":"Jo Yana","@id":"https:\/\/joyana.fr\/#\/schema\/person\/cf2a1ad12a27c12c21801075bf37407c"},"headline":"M3 COLECTION par Thomas FEICHTNER","datePublished":"2013-10-17T15:28:57+00:00","mainEntityOfPage":{"@id":"https:\/\/joyana.fr\/en\/m3-colection-par-thomas-feichtner\/114602\/"},"wordCount":118,"commentCount":0,"publisher":{"@id":"https:\/\/joyana.fr\/#\/schema\/person\/cf2a1ad12a27c12c21801075bf37407c"},"image":{"@id":"https:\/\/joyana.fr\/en\/m3-colection-par-thomas-feichtner\/114602\/#primaryimage"},"thumbnailUrl":"https:\/\/i0.wp.com\/www.joyana.fr\/wp-content\/uploads\/2013\/10\/M3-Lounge-Chair-01-300dpi.jpg?fit=650%2C432&ssl=1","keywords":["Bois","Cuir","DESIGN","Fauteuil design","Lounge Chair","Table Basse design","Thomas FEICHTNER"],"articleSection":["Assise","DECO-DESIGN","Fauteuil","Mobilier","Table"],"inLanguage":"en-US","potentialAction":[{"@type":"CommentAction","name":"Comment","target":["https:\/\/joyana.fr\/en\/m3-colection-par-thomas-feichtner\/114602\/#respond"]}]},{"@type":"WebPage","@id":"https:\/\/joyana.fr\/en\/m3-colection-par-thomas-feichtner\/114602\/","url":"https:\/\/joyana.fr\/en\/m3-colection-par-thomas-feichtner\/114602\/","name":"M3 COLECTION par Thomas FEICHTNER - JO YANA","isPartOf":{"@id":"https:\/\/joyana.fr\/#website"},"primaryImageOfPage":{"@id":"https:\/\/joyana.fr\/en\/m3-colection-par-thomas-feichtner\/114602\/#primaryimage"},"image":{"@id":"https:\/\/joyana.fr\/en\/m3-colection-par-thomas-feichtner\/114602\/#primaryimage"},"thumbnailUrl":"https:\/\/i0.wp.com\/www.joyana.fr\/wp-content\/uploads\/2013\/10\/M3-Lounge-Chair-01-300dpi.jpg?fit=650%2C432&ssl=1","datePublished":"2013-10-17T15:28:57+00:00","breadcrumb":{"@id":"https:\/\/joyana.fr\/en\/m3-colection-par-thomas-feichtner\/114602\/#breadcrumb"},"inLanguage":"en-US","potentialAction":[{"@type":"ReadAction","target":["https:\/\/joyana.fr\/en\/m3-colection-par-thomas-feichtner\/114602\/"]}]},{"@type":"ImageObject","inLanguage":"en-US","@id":"https:\/\/joyana.fr\/en\/m3-colection-par-thomas-feichtner\/114602\/#primaryimage","url":"https:\/\/i0.wp.com\/www.joyana.fr\/wp-content\/uploads\/2013\/10\/M3-Lounge-Chair-01-300dpi.jpg?fit=650%2C432&ssl=1","contentUrl":"https:\/\/i0.wp.com\/www.joyana.fr\/wp-content\/uploads\/2013\/10\/M3-Lounge-Chair-01-300dpi.jpg?fit=650%2C432&ssl=1","width":650,"height":432},{"@type":"BreadcrumbList","@id":"https:\/\/joyana.fr\/en\/m3-colection-par-thomas-feichtner\/114602\/#breadcrumb","itemListElement":[{"@type":"ListItem","position":1,"name":"Accueil","item":"https:\/\/joyana.fr\/"},{"@type":"ListItem","position":2,"name":"M3 COLECTION par Thomas FEICHTNER"}]},{"@type":"WebSite","@id":"https:\/\/joyana.fr\/#website","url":"https:\/\/joyana.fr\/","name":"JO YANA","description":"Blog Mode Homme, Lifestyle, D\u00e9co-Design","publisher":{"@id":"https:\/\/joyana.fr\/#\/schema\/person\/cf2a1ad12a27c12c21801075bf37407c"},"potentialAction":[{"@type":"SearchAction","target":{"@type":"EntryPoint","urlTemplate":"https:\/\/joyana.fr\/?s={search_term_string}"},"query-input":{"@type":"PropertyValueSpecification","valueRequired":true,"valueName":"search_term_string"}}],"inLanguage":"en-US"},{"@type":["Person","Organization"],"@id":"https:\/\/joyana.fr\/#\/schema\/person\/cf2a1ad12a27c12c21801075bf37407c","name":"Jo Yana","image":{"@type":"ImageObject","inLanguage":"en-US","@id":"https:\/\/joyana.fr\/#\/schema\/person\/image\/","url":"https:\/\/i0.wp.com\/www.joyana.fr\/wp-content\/uploads\/2016\/08\/cropped-joyana-logo-black-360x180.png?fit=343%2C164&ssl=1","contentUrl":"https:\/\/i0.wp.com\/www.joyana.fr\/wp-content\/uploads\/2016\/08\/cropped-joyana-logo-black-360x180.png?fit=343%2C164&ssl=1","width":343,"height":164,"caption":"Jo Yana"},"logo":{"@id":"https:\/\/joyana.fr\/#\/schema\/person\/image\/"},"description":"Jo Yana est le cr\u00e9ateur et r\u00e9dacteur en chef des sites DECO-DESIGN. Passionn\u00e9 de Design, Mode, Photo, Luxe, Lifestyle, Musique, mais avant tout Blogueur ! Le plaisir de partager l'anime et a comme devise \"POUR L'AMOUR DU BEAU\". Retrouvez le aussi sur son blog personnel - https:\/\/joyana.fr...","sameAs":["https:\/\/joyana.fr\/"],"url":"https:\/\/www.joyana.fr\/en\/author\/joyana\/"}]}},"author_meta":{"display_name":"Jo Yana","author_link":"https:\/\/www.joyana.fr\/en\/author\/joyana\/"},"featured_img":"https:\/\/i0.wp.com\/www.joyana.fr\/wp-content\/uploads\/2013\/10\/M3-Lounge-Chair-01-300dpi.jpg?fit=389%2C259&ssl=1","featured_image_src":"https:\/\/i0.wp.com\/www.joyana.fr\/wp-content\/uploads\/2013\/10\/M3-Lounge-Chair-01-300dpi.jpg?resize=600%2C400&ssl=1","featured_image_src_square":"https:\/\/i0.wp.com\/www.joyana.fr\/wp-content\/uploads\/2013\/10\/M3-Lounge-Chair-01-300dpi.jpg?resize=600%2C432&ssl=1","jetpack_featured_media_url":"https:\/\/i0.wp.com\/www.joyana.fr\/wp-content\/uploads\/2013\/10\/M3-Lounge-Chair-01-300dpi.jpg?fit=650%2C432&ssl=1","uagb_featured_image_src":{"full":["https:\/\/i0.wp.com\/www.joyana.fr\/wp-content\/uploads\/2013\/10\/M3-Lounge-Chair-01-300dpi.jpg?fit=650%2C432&ssl=1",650,432,false],"thumbnail":["https:\/\/i0.wp.com\/www.joyana.fr\/wp-content\/uploads\/2013\/10\/M3-Lounge-Chair-01-300dpi.jpg?resize=150%2C150&ssl=1",150,150,true],"medium":["https:\/\/i0.wp.com\/www.joyana.fr\/wp-content\/uploads\/2013\/10\/M3-Lounge-Chair-01-300dpi.jpg?fit=389%2C259&ssl=1",389,259,true],"medium_large":["https:\/\/i0.wp.com\/www.joyana.fr\/wp-content\/uploads\/2013\/10\/M3-Lounge-Chair-01-300dpi.jpg?fit=650%2C432&ssl=1",650,432,true],"large":["https:\/\/i0.wp.com\/www.joyana.fr\/wp-content\/uploads\/2013\/10\/M3-Lounge-Chair-01-300dpi.jpg?fit=650%2C432&ssl=1",650,432,true],"1536x1536":["https:\/\/i0.wp.com\/www.joyana.fr\/wp-content\/uploads\/2013\/10\/M3-Lounge-Chair-01-300dpi.jpg?fit=650%2C432&ssl=1",650,432,true],"2048x2048":["https:\/\/i0.wp.com\/www.joyana.fr\/wp-content\/uploads\/2013\/10\/M3-Lounge-Chair-01-300dpi.jpg?fit=650%2C432&ssl=1",650,432,true],"featured-thumb":["https:\/\/i0.wp.com\/www.joyana.fr\/wp-content\/uploads\/2013\/10\/M3-Lounge-Chair-01-300dpi.jpg?resize=650%2C432&ssl=1",650,432,true],"ab-block-post-grid-landscape":["https:\/\/i0.wp.com\/www.joyana.fr\/wp-content\/uploads\/2013\/10\/M3-Lounge-Chair-01-300dpi.jpg?resize=600%2C400&ssl=1",600,400,true],"ab-block-post-grid-square":["https:\/\/i0.wp.com\/www.joyana.fr\/wp-content\/uploads\/2013\/10\/M3-Lounge-Chair-01-300dpi.jpg?resize=600%2C432&ssl=1",600,432,true],"author-pro-image":["https:\/\/i0.wp.com\/www.joyana.fr\/wp-content\/uploads\/2013\/10\/M3-Lounge-Chair-01-300dpi.jpg?resize=360%2C432&ssl=1",360,432,true],"slider":["https:\/\/i0.wp.com\/www.joyana.fr\/wp-content\/uploads\/2013\/10\/M3-Lounge-Chair-01-300dpi.jpg?resize=650%2C400&ssl=1",650,400,true],"woocommerce_thumbnail":["https:\/\/i0.wp.com\/www.joyana.fr\/wp-content\/uploads\/2013\/10\/M3-Lounge-Chair-01-300dpi.jpg?resize=450%2C432&ssl=1",450,432,true],"woocommerce_single":["https:\/\/i0.wp.com\/www.joyana.fr\/wp-content\/uploads\/2013\/10\/M3-Lounge-Chair-01-300dpi.jpg?fit=650%2C432&ssl=1",650,432,true],"woocommerce_gallery_thumbnail":["https:\/\/i0.wp.com\/www.joyana.fr\/wp-content\/uploads\/2013\/10\/M3-Lounge-Chair-01-300dpi.jpg?resize=180%2C180&ssl=1",180,180,true],"sow-carousel-default":["https:\/\/i0.wp.com\/www.joyana.fr\/wp-content\/uploads\/2013\/10\/M3-Lounge-Chair-01-300dpi.jpg?resize=272%2C182&ssl=1",272,182,true]},"uagb_author_info":{"display_name":"Jo Yana","author_link":"https:\/\/www.joyana.fr\/en\/author\/joyana\/"},"uagb_comment_info":0,"uagb_excerpt":"Le designer Thomas Feichtner nous pr\u00e9sente la M3 COLECTION &#8211; qui se compose d&#8217;une lounge chair, et de tables basses de diff\u00e9rentes dimensions&#8230; Cette nouvelle M3 COLECTION est la traduction d&#8217;une exp\u00e9rience de conception en un produit de s\u00e9rie. Pour la Vienna Design Week, Thomas Feichtner et Neue Wiener Werkst\u00e4tte ont con\u00e7u la louange chair&hellip;","coauthors":[],"tax_additional":{"categories":{"linked":["<a href=\"https:\/\/www.joyana.fr\/en\/category\/deco-design\/mobilier\/assise\/\" class=\"advgb-post-tax-term\">Assise<\/a>","<a href=\"https:\/\/www.joyana.fr\/en\/category\/deco-design\/\" class=\"advgb-post-tax-term\">DECO-DESIGN<\/a>","<a href=\"https:\/\/www.joyana.fr\/en\/category\/deco-design\/mobilier\/assise\/fauteuil\/\" class=\"advgb-post-tax-term\">Fauteuil<\/a>","<a href=\"https:\/\/www.joyana.fr\/en\/category\/deco-design\/mobilier\/\" class=\"advgb-post-tax-term\">Mobilier<\/a>","<a href=\"https:\/\/www.joyana.fr\/en\/category\/deco-design\/mobilier\/table\/\" class=\"advgb-post-tax-term\">Table<\/a>"],"unlinked":["<span class=\"advgb-post-tax-term\">Assise<\/span>","<span class=\"advgb-post-tax-term\">DECO-DESIGN<\/span>","<span class=\"advgb-post-tax-term\">Fauteuil<\/span>","<span class=\"advgb-post-tax-term\">Mobilier<\/span>","<span class=\"advgb-post-tax-term\">Table<\/span>"]},"tags":{"linked":["<a href=\"https:\/\/www.joyana.fr\/en\/category\/deco-design\/mobilier\/table\/\" class=\"advgb-post-tax-term\">Bois<\/a>","<a href=\"https:\/\/www.joyana.fr\/en\/category\/deco-design\/mobilier\/table\/\" class=\"advgb-post-tax-term\">Cuir<\/a>","<a href=\"https:\/\/www.joyana.fr\/en\/category\/deco-design\/mobilier\/table\/\" class=\"advgb-post-tax-term\">DESIGN<\/a>","<a href=\"https:\/\/www.joyana.fr\/en\/category\/deco-design\/mobilier\/table\/\" class=\"advgb-post-tax-term\">Fauteuil design<\/a>","<a href=\"https:\/\/www.joyana.fr\/en\/category\/deco-design\/mobilier\/table\/\" class=\"advgb-post-tax-term\">Lounge Chair<\/a>","<a href=\"https:\/\/www.joyana.fr\/en\/category\/deco-design\/mobilier\/table\/\" class=\"advgb-post-tax-term\">Table Basse design<\/a>","<a href=\"https:\/\/www.joyana.fr\/en\/category\/deco-design\/mobilier\/table\/\" class=\"advgb-post-tax-term\">Thomas FEICHTNER<\/a>"],"unlinked":["<span class=\"advgb-post-tax-term\">Bois<\/span>","<span class=\"advgb-post-tax-term\">Cuir<\/span>","<span class=\"advgb-post-tax-term\">DESIGN<\/span>","<span class=\"advgb-post-tax-term\">Fauteuil design<\/span>","<span class=\"advgb-post-tax-term\">Lounge Chair<\/span>","<span class=\"advgb-post-tax-term\">Table Basse design<\/span>","<span class=\"advgb-post-tax-term\">Thomas FEICHTNER<\/span>"]}},"comment_count":0,"relative_dates":{"created":"Posted 13 years ago","modified":"Updated 13 years ago"},"absolute_dates":{"created":"Posted on 17 October 2013","modified":"Updated on 17 October 2013"},"absolute_dates_time":{"created":"Posted on 17 October 2013 16:28","modified":"Updated on 17 October 2013 16:28"},"featured_img_caption":"","series_order":"","jetpack_sharing_enabled":true,"jetpack_shortlink":"https:\/\/wp.me\/p9bteI-tOq","jetpack-related-posts":[],"_links":{"self":[{"href":"https:\/\/www.joyana.fr\/en\/wp-json\/wp\/v2\/posts\/114602","targetHints":{"allow":["GET"]}}],"collection":[{"href":"https:\/\/www.joyana.fr\/en\/wp-json\/wp\/v2\/posts"}],"about":[{"href":"https:\/\/www.joyana.fr\/en\/wp-json\/wp\/v2\/types\/post"}],"author":[{"embeddable":true,"href":"https:\/\/www.joyana.fr\/en\/wp-json\/wp\/v2\/users\/3"}],"replies":[{"embeddable":true,"href":"https:\/\/www.joyana.fr\/en\/wp-json\/wp\/v2\/comments?post=114602"}],"version-history":[{"count":0,"href":"https:\/\/www.joyana.fr\/en\/wp-json\/wp\/v2\/posts\/114602\/revisions"}],"wp:featuredmedia":[{"embeddable":true,"href":"https:\/\/www.joyana.fr\/en\/wp-json\/wp\/v2\/media\/114614"}],"wp:attachment":[{"href":"https:\/\/www.joyana.fr\/en\/wp-json\/wp\/v2\/media?parent=114602"}],"wp:term":[{"taxonomy":"category","embeddable":true,"href":"https:\/\/www.joyana.fr\/en\/wp-json\/wp\/v2\/categories?post=114602"},{"taxonomy":"post_tag","embeddable":true,"href":"https:\/\/www.joyana.fr\/en\/wp-json\/wp\/v2\/tags?post=114602"}],"curies":[{"name":"wp","href":"https:\/\/api.w.org\/{rel}","templated":true}]}}