{"id":113691,"date":"2013-06-28T12:05:05","date_gmt":"2013-06-28T11:05:05","guid":{"rendered":"https:\/\/joyana.fr\/?p=13691"},"modified":"2013-06-28T12:05:05","modified_gmt":"2013-06-28T11:05:05","slug":"buffet-privacy-habillage-bois-par-capo-dopera%e2%80%8f-x-alessio-bassan","status":"publish","type":"post","link":"https:\/\/www.joyana.fr\/en\/buffet-privacy-habillage-bois-par-capo-dopera%e2%80%8f-x-alessio-bassan\/113691\/","title":{"rendered":"Buffet PRIVACY habillage bois par Capo d&#8217;Opera\u200f x Alessio BASSAN"},"content":{"rendered":"<p>L&#8217;\u00e9diteur <strong>Capo d&#8217;Opera<\/strong> collabore avec le designer <strong>Alessio Bassan<\/strong> pour la cr\u00e9ation de la collection de <strong>meubles PRIVACY<\/strong>, nous vous pr\u00e9sentons ici le <strong>buffet<\/strong>&#8230;<\/p>\n<p><img data-recalc-dims=\"1\" fetchpriority=\"high\" decoding=\"async\" class=\"alignnone size-large wp-image-13692\" alt=\"Privacy-Texture-Wood-Bianco_Capo-d'Opera-2013_1\" src=\"https:\/\/i0.wp.com\/joyana.fr\/wp-content\/uploads\/2013\/06\/Privacy-Texture-Wood-Bianco_Capo-dOpera-2013_1-576x293.jpg?resize=576%2C293&#038;ssl=1\" width=\"576\" height=\"293\" \/><\/p>\n<p>Le <strong>buffet PRIVACY<\/strong> arbore deux tiroirs, et un superbe habillage en bois blanc avec base en m\u00e9tal peint. On aime ses formes r\u00e9guli\u00e8res et le traitement g\u00e9om\u00e9trique tr\u00e8s pr\u00e9cis \u00e0 l&#8217;\u00e9gard de la laque. PRIVACY se d\u00e9cline dans un large choix de tailles et peut \u00eatre personnalis\u00e9e en choisissant parmi les nombreuses textures, couleurs et finitions qui identifient le style <strong>Capo d&#8217;Opera<\/strong>&#8230;<\/p>\n<p><img data-recalc-dims=\"1\" decoding=\"async\" alt=\"Privacy-Texture-Wood-Bianco_Capo-d'Opera-2013_4\" src=\"https:\/\/i0.wp.com\/joyana.fr\/wp-content\/uploads\/2013\/06\/Privacy-Texture-Wood-Bianco_Capo-dOpera-2013_4-576x374.jpg?resize=576%2C374&#038;ssl=1\" width=\"576\" height=\"374\" \/><\/p>\n<p><img data-recalc-dims=\"1\" decoding=\"async\" class=\"alignnone size-large wp-image-13693\" alt=\"Privacy-Texture-Wood-Bianco_Capo-d'Opera-2013_2\" src=\"https:\/\/i0.wp.com\/joyana.fr\/wp-content\/uploads\/2013\/06\/Privacy-Texture-Wood-Bianco_Capo-dOpera-2013_2-576x725.jpg?resize=576%2C725&#038;ssl=1\" width=\"576\" height=\"725\" \/><\/p>\n<p><img data-recalc-dims=\"1\" loading=\"lazy\" decoding=\"async\" class=\"alignnone size-large wp-image-13695\" alt=\"zoom habillage bois par Capo d'Opera\u200f\" src=\"https:\/\/i0.wp.com\/joyana.fr\/wp-content\/uploads\/2013\/06\/Privacy-Texture-Wood_Capo-dOpera-2013_4-576x473.jpg?resize=576%2C473&#038;ssl=1\" width=\"576\" height=\"473\" \/><\/p>\n<p style=\"text-align: center;\">En savoir + sur <a href=\"http:\/\/www.capodopera.it\" target=\"_blank\"><strong>CAPO D&#8217;OPERA<\/strong><\/a> &#038; <a href=\"http:\/\/www.studiobassan.com\/progetti.html\" target=\"_blank\"><strong>Alessio BASSAN<\/strong><\/a><\/p>\n","protected":false},"excerpt":{"rendered":"<p>L&#8217;\u00e9diteur Capo d&#8217;Opera collabore avec le designer Alessio Bassan pour la cr\u00e9ation de la collection de meubles PRIVACY, nous vous pr\u00e9sentons ici le buffet&#8230; Le buffet PRIVACY arbore deux tiroirs, et un superbe habillage en bois blanc avec base en m\u00e9tal peint. On aime ses formes r\u00e9guli\u00e8res et le traitement g\u00e9om\u00e9trique tr\u00e8s pr\u00e9cis \u00e0 l&#8217;\u00e9gard [&hellip;]<\/p>\n","protected":false},"author":3,"featured_media":113693,"comment_status":"open","ping_status":"open","sticky":false,"template":"","format":"standard","meta":{"_coblocks_attr":"","_coblocks_dimensions":"","_coblocks_responsive_height":"","_coblocks_accordion_ie_support":"","_uag_custom_page_level_css":"","advgb_blocks_editor_width":"","advgb_blocks_columns_visual_guide":"","_genesis_hide_title":false,"_genesis_hide_breadcrumbs":false,"_genesis_hide_singular_image":false,"_genesis_hide_footer_widgets":false,"_genesis_custom_body_class":"","_genesis_custom_post_class":"","_genesis_layout":"","_themeisle_gutenberg_block_has_review":false,"_jetpack_newsletter_access":"","_jetpack_dont_email_post_to_subs":false,"_jetpack_newsletter_tier_id":0,"_jetpack_memberships_contains_paywalled_content":false,"_jetpack_memberships_contains_paid_content":false,"footnotes":""},"categories":[1141,905,942],"tags":[1410,908,482,1142,1411,78],"class_list":{"0":"post-113691","1":"post","2":"type-post","3":"status-publish","4":"format-standard","5":"has-post-thumbnail","7":"category-buffet","8":"category-deco-design","9":"category-mobilier","10":"tag-alessio-bassan","11":"tag-blanc","12":"tag-bois","13":"tag-buffet-design","14":"tag-capo-dopera","15":"tag-design","16":"entry"},"featured_image_urls":{"full":["https:\/\/i0.wp.com\/www.joyana.fr\/wp-content\/uploads\/2013\/06\/Privacy-Texture-Wood-Bianco_Capo-dOpera-2013_2.jpg?fit=650%2C819&ssl=1",650,819,false],"thumbnail":["https:\/\/i0.wp.com\/www.joyana.fr\/wp-content\/uploads\/2013\/06\/Privacy-Texture-Wood-Bianco_Capo-dOpera-2013_2.jpg?resize=150%2C150&ssl=1",150,150,true],"medium":["https:\/\/i0.wp.com\/www.joyana.fr\/wp-content\/uploads\/2013\/06\/Privacy-Texture-Wood-Bianco_Capo-dOpera-2013_2.jpg?fit=309%2C389&ssl=1",309,389,true],"medium_large":["https:\/\/i0.wp.com\/www.joyana.fr\/wp-content\/uploads\/2013\/06\/Privacy-Texture-Wood-Bianco_Capo-dOpera-2013_2.jpg?fit=650%2C819&ssl=1",650,819,true],"large":["https:\/\/i0.wp.com\/www.joyana.fr\/wp-content\/uploads\/2013\/06\/Privacy-Texture-Wood-Bianco_Capo-dOpera-2013_2.jpg?fit=650%2C819&ssl=1",650,819,true],"1536x1536":["https:\/\/i0.wp.com\/www.joyana.fr\/wp-content\/uploads\/2013\/06\/Privacy-Texture-Wood-Bianco_Capo-dOpera-2013_2.jpg?fit=650%2C819&ssl=1",650,819,true],"2048x2048":["https:\/\/i0.wp.com\/www.joyana.fr\/wp-content\/uploads\/2013\/06\/Privacy-Texture-Wood-Bianco_Capo-dOpera-2013_2.jpg?fit=650%2C819&ssl=1",650,819,true],"featured-thumb":["https:\/\/i0.wp.com\/www.joyana.fr\/wp-content\/uploads\/2013\/06\/Privacy-Texture-Wood-Bianco_Capo-dOpera-2013_2.jpg?resize=650%2C750&ssl=1",650,750,true],"ab-block-post-grid-landscape":["https:\/\/i0.wp.com\/www.joyana.fr\/wp-content\/uploads\/2013\/06\/Privacy-Texture-Wood-Bianco_Capo-dOpera-2013_2.jpg?resize=600%2C400&ssl=1",600,400,true],"ab-block-post-grid-square":["https:\/\/i0.wp.com\/www.joyana.fr\/wp-content\/uploads\/2013\/06\/Privacy-Texture-Wood-Bianco_Capo-dOpera-2013_2.jpg?resize=600%2C600&ssl=1",600,600,true],"author-pro-image":["https:\/\/i0.wp.com\/www.joyana.fr\/wp-content\/uploads\/2013\/06\/Privacy-Texture-Wood-Bianco_Capo-dOpera-2013_2.jpg?resize=360%2C570&ssl=1",360,570,true],"slider":["https:\/\/i0.wp.com\/www.joyana.fr\/wp-content\/uploads\/2013\/06\/Privacy-Texture-Wood-Bianco_Capo-dOpera-2013_2.jpg?resize=650%2C400&ssl=1",650,400,true],"woocommerce_thumbnail":["https:\/\/i0.wp.com\/www.joyana.fr\/wp-content\/uploads\/2013\/06\/Privacy-Texture-Wood-Bianco_Capo-dOpera-2013_2.jpg?resize=450%2C450&ssl=1",450,450,true],"woocommerce_single":["https:\/\/i0.wp.com\/www.joyana.fr\/wp-content\/uploads\/2013\/06\/Privacy-Texture-Wood-Bianco_Capo-dOpera-2013_2.jpg?fit=650%2C819&ssl=1",650,819,true],"woocommerce_gallery_thumbnail":["https:\/\/i0.wp.com\/www.joyana.fr\/wp-content\/uploads\/2013\/06\/Privacy-Texture-Wood-Bianco_Capo-dOpera-2013_2.jpg?resize=180%2C180&ssl=1",180,180,true],"sow-carousel-default":["https:\/\/i0.wp.com\/www.joyana.fr\/wp-content\/uploads\/2013\/06\/Privacy-Texture-Wood-Bianco_Capo-dOpera-2013_2.jpg?resize=272%2C182&ssl=1",272,182,true]},"post_excerpt_stackable":"<p>L&#8217;\u00e9diteur Capo d&#8217;Opera collabore avec le designer Alessio Bassan pour la cr\u00e9ation de la collection de meubles PRIVACY, nous vous pr\u00e9sentons ici le buffet&#8230; Le buffet PRIVACY arbore deux tiroirs, et un superbe habillage en bois blanc avec base en m\u00e9tal peint. On aime ses formes r\u00e9guli\u00e8res et le traitement g\u00e9om\u00e9trique tr\u00e8s pr\u00e9cis \u00e0 l&#8217;\u00e9gard de la laque. PRIVACY se d\u00e9cline dans un large choix de tailles et peut \u00eatre personnalis\u00e9e en choisissant parmi les nombreuses textures, couleurs et finitions qui identifient le style Capo d&#8217;Opera&#8230; En savoir + sur CAPO D&#8217;OPERA &#038; Alessio BASSAN<\/p>\n","category_list":"<a href=\"https:\/\/www.joyana.fr\/en\/category\/deco-design\/mobilier\/buffet\/\" rel=\"category tag\">Buffet<\/a>, <a href=\"https:\/\/www.joyana.fr\/en\/category\/deco-design\/\" rel=\"category tag\">DECO-DESIGN<\/a>, <a href=\"https:\/\/www.joyana.fr\/en\/category\/deco-design\/mobilier\/\" rel=\"category tag\">Mobilier<\/a>","author_info":{"display_name":"Jo Yana","author_link":"https:\/\/www.joyana.fr\/en\/author\/joyana\/"},"comments_num":"0 comments","featured_image_urls_v2":{"full":["https:\/\/i0.wp.com\/www.joyana.fr\/wp-content\/uploads\/2013\/06\/Privacy-Texture-Wood-Bianco_Capo-dOpera-2013_2.jpg?fit=650%2C819&ssl=1",650,819,false],"thumbnail":["https:\/\/i0.wp.com\/www.joyana.fr\/wp-content\/uploads\/2013\/06\/Privacy-Texture-Wood-Bianco_Capo-dOpera-2013_2.jpg?resize=150%2C150&ssl=1",150,150,true],"medium":["https:\/\/i0.wp.com\/www.joyana.fr\/wp-content\/uploads\/2013\/06\/Privacy-Texture-Wood-Bianco_Capo-dOpera-2013_2.jpg?fit=309%2C389&ssl=1",309,389,true],"medium_large":["https:\/\/i0.wp.com\/www.joyana.fr\/wp-content\/uploads\/2013\/06\/Privacy-Texture-Wood-Bianco_Capo-dOpera-2013_2.jpg?fit=650%2C819&ssl=1",650,819,true],"large":["https:\/\/i0.wp.com\/www.joyana.fr\/wp-content\/uploads\/2013\/06\/Privacy-Texture-Wood-Bianco_Capo-dOpera-2013_2.jpg?fit=650%2C819&ssl=1",650,819,true],"1536x1536":["https:\/\/i0.wp.com\/www.joyana.fr\/wp-content\/uploads\/2013\/06\/Privacy-Texture-Wood-Bianco_Capo-dOpera-2013_2.jpg?fit=650%2C819&ssl=1",650,819,true],"2048x2048":["https:\/\/i0.wp.com\/www.joyana.fr\/wp-content\/uploads\/2013\/06\/Privacy-Texture-Wood-Bianco_Capo-dOpera-2013_2.jpg?fit=650%2C819&ssl=1",650,819,true],"featured-thumb":["https:\/\/i0.wp.com\/www.joyana.fr\/wp-content\/uploads\/2013\/06\/Privacy-Texture-Wood-Bianco_Capo-dOpera-2013_2.jpg?resize=650%2C750&ssl=1",650,750,true],"ab-block-post-grid-landscape":["https:\/\/i0.wp.com\/www.joyana.fr\/wp-content\/uploads\/2013\/06\/Privacy-Texture-Wood-Bianco_Capo-dOpera-2013_2.jpg?resize=600%2C400&ssl=1",600,400,true],"ab-block-post-grid-square":["https:\/\/i0.wp.com\/www.joyana.fr\/wp-content\/uploads\/2013\/06\/Privacy-Texture-Wood-Bianco_Capo-dOpera-2013_2.jpg?resize=600%2C600&ssl=1",600,600,true],"author-pro-image":["https:\/\/i0.wp.com\/www.joyana.fr\/wp-content\/uploads\/2013\/06\/Privacy-Texture-Wood-Bianco_Capo-dOpera-2013_2.jpg?resize=360%2C570&ssl=1",360,570,true],"slider":["https:\/\/i0.wp.com\/www.joyana.fr\/wp-content\/uploads\/2013\/06\/Privacy-Texture-Wood-Bianco_Capo-dOpera-2013_2.jpg?resize=650%2C400&ssl=1",650,400,true],"woocommerce_thumbnail":["https:\/\/i0.wp.com\/www.joyana.fr\/wp-content\/uploads\/2013\/06\/Privacy-Texture-Wood-Bianco_Capo-dOpera-2013_2.jpg?resize=450%2C450&ssl=1",450,450,true],"woocommerce_single":["https:\/\/i0.wp.com\/www.joyana.fr\/wp-content\/uploads\/2013\/06\/Privacy-Texture-Wood-Bianco_Capo-dOpera-2013_2.jpg?fit=650%2C819&ssl=1",650,819,true],"woocommerce_gallery_thumbnail":["https:\/\/i0.wp.com\/www.joyana.fr\/wp-content\/uploads\/2013\/06\/Privacy-Texture-Wood-Bianco_Capo-dOpera-2013_2.jpg?resize=180%2C180&ssl=1",180,180,true],"sow-carousel-default":["https:\/\/i0.wp.com\/www.joyana.fr\/wp-content\/uploads\/2013\/06\/Privacy-Texture-Wood-Bianco_Capo-dOpera-2013_2.jpg?resize=272%2C182&ssl=1",272,182,true]},"post_excerpt_stackable_v2":"<p>L&#8217;\u00e9diteur Capo d&#8217;Opera collabore avec le designer Alessio Bassan pour la cr\u00e9ation de la collection de meubles PRIVACY, nous vous pr\u00e9sentons ici le buffet&#8230; Le buffet PRIVACY arbore deux tiroirs, et un superbe habillage en bois blanc avec base en m\u00e9tal peint. On aime ses formes r\u00e9guli\u00e8res et le traitement g\u00e9om\u00e9trique tr\u00e8s pr\u00e9cis \u00e0 l&#8217;\u00e9gard de la laque. PRIVACY se d\u00e9cline dans un large choix de tailles et peut \u00eatre personnalis\u00e9e en choisissant parmi les nombreuses textures, couleurs et finitions qui identifient le style Capo d&#8217;Opera&#8230; En savoir + sur CAPO D&#8217;OPERA &#038; Alessio BASSAN<\/p>\n","category_list_v2":"<a href=\"https:\/\/www.joyana.fr\/en\/category\/deco-design\/mobilier\/buffet\/\" rel=\"category tag\">Buffet<\/a>, <a href=\"https:\/\/www.joyana.fr\/en\/category\/deco-design\/\" rel=\"category tag\">DECO-DESIGN<\/a>, <a href=\"https:\/\/www.joyana.fr\/en\/category\/deco-design\/mobilier\/\" rel=\"category tag\">Mobilier<\/a>","author_info_v2":{"name":"Jo Yana","url":"https:\/\/www.joyana.fr\/en\/author\/joyana\/"},"comments_num_v2":"0 comments","yoast_head":"<!-- This site is optimized with the Yoast SEO plugin v26.8 - https:\/\/yoast.com\/product\/yoast-seo-wordpress\/ -->\n<title>Buffet PRIVACY habillage bois par Capo d&#039;Opera\u200f x Alessio BASSAN - JO YANA<\/title>\n<meta name=\"robots\" content=\"index, follow, max-snippet:-1, max-image-preview:large, max-video-preview:-1\" \/>\n<link rel=\"canonical\" href=\"https:\/\/www.joyana.fr\/en\/buffet-privacy-habillage-bois-par-capo-dopera\u200f-x-alessio-bassan\/113691\/\" \/>\n<meta property=\"og:locale\" content=\"en_US\" \/>\n<meta property=\"og:locale:alternate\" content=\"fr_FR\" \/>\n<meta property=\"og:locale:alternate\" content=\"ja\" \/>\n<meta property=\"og:type\" content=\"article\" \/>\n<meta property=\"og:title\" content=\"Buffet PRIVACY habillage bois par Capo d&#039;Opera\u200f x Alessio BASSAN - JO YANA\" \/>\n<meta property=\"og:description\" content=\"L&#8217;\u00e9diteur Capo d&#8217;Opera collabore avec le designer Alessio Bassan pour la cr\u00e9ation de la collection de meubles PRIVACY, nous vous pr\u00e9sentons ici le buffet&#8230; Le buffet PRIVACY arbore deux tiroirs, et un superbe habillage en bois blanc avec base en m\u00e9tal peint. On aime ses formes r\u00e9guli\u00e8res et le traitement g\u00e9om\u00e9trique tr\u00e8s pr\u00e9cis \u00e0 l&#8217;\u00e9gard [&hellip;]\" \/>\n<meta property=\"og:url\" content=\"https:\/\/www.joyana.fr\/en\/buffet-privacy-habillage-bois-par-capo-dopera\u200f-x-alessio-bassan\/113691\/\" \/>\n<meta property=\"og:site_name\" content=\"JO YANA\" \/>\n<meta property=\"article:published_time\" content=\"2013-06-28T11:05:05+00:00\" \/>\n<meta property=\"og:image\" content=\"https:\/\/www.joyana.fr\/wp-content\/uploads\/2013\/06\/Privacy-Texture-Wood-Bianco_Capo-dOpera-2013_2.jpg\" \/>\n\t<meta property=\"og:image:width\" content=\"650\" \/>\n\t<meta property=\"og:image:height\" content=\"819\" \/>\n\t<meta property=\"og:image:type\" content=\"image\/jpeg\" \/>\n<meta name=\"author\" content=\"Jo Yana\" \/>\n<meta name=\"twitter:card\" content=\"summary_large_image\" \/>\n<meta name=\"twitter:creator\" content=\"@Jo_Yana\" \/>\n<meta name=\"twitter:site\" content=\"@Jo_Yana\" \/>\n<meta name=\"twitter:label1\" content=\"Written by\" \/>\n\t<meta name=\"twitter:data1\" content=\"Jo Yana\" \/>\n\t<meta name=\"twitter:label2\" content=\"Est. reading time\" \/>\n\t<meta name=\"twitter:data2\" content=\"1 minute\" \/>\n<script type=\"application\/ld+json\" class=\"yoast-schema-graph\">{\"@context\":\"https:\/\/schema.org\",\"@graph\":[{\"@type\":\"Article\",\"@id\":\"https:\/\/www.joyana.fr\/en\/buffet-privacy-habillage-bois-par-capo-dopera%e2%80%8f-x-alessio-bassan\/113691\/#article\",\"isPartOf\":{\"@id\":\"https:\/\/www.joyana.fr\/en\/buffet-privacy-habillage-bois-par-capo-dopera%e2%80%8f-x-alessio-bassan\/113691\/\"},\"author\":{\"name\":\"Jo Yana\",\"@id\":\"https:\/\/www.joyana.fr\/#\/schema\/person\/cf2a1ad12a27c12c21801075bf37407c\"},\"headline\":\"Buffet PRIVACY habillage bois par Capo d&#8217;Opera\u200f x Alessio BASSAN\",\"datePublished\":\"2013-06-28T11:05:05+00:00\",\"mainEntityOfPage\":{\"@id\":\"https:\/\/www.joyana.fr\/en\/buffet-privacy-habillage-bois-par-capo-dopera%e2%80%8f-x-alessio-bassan\/113691\/\"},\"wordCount\":119,\"commentCount\":0,\"publisher\":{\"@id\":\"https:\/\/www.joyana.fr\/#\/schema\/person\/cf2a1ad12a27c12c21801075bf37407c\"},\"image\":{\"@id\":\"https:\/\/www.joyana.fr\/en\/buffet-privacy-habillage-bois-par-capo-dopera%e2%80%8f-x-alessio-bassan\/113691\/#primaryimage\"},\"thumbnailUrl\":\"https:\/\/i0.wp.com\/www.joyana.fr\/wp-content\/uploads\/2013\/06\/Privacy-Texture-Wood-Bianco_Capo-dOpera-2013_2.jpg?fit=650%2C819&ssl=1\",\"keywords\":[\"Alessio BASSAN\",\"Blanc\",\"Bois\",\"Buffet design\",\"Capo d'Opera\",\"DESIGN\"],\"articleSection\":[\"Buffet\",\"DECO-DESIGN\",\"Mobilier\"],\"inLanguage\":\"en-US\",\"potentialAction\":[{\"@type\":\"CommentAction\",\"name\":\"Comment\",\"target\":[\"https:\/\/www.joyana.fr\/en\/buffet-privacy-habillage-bois-par-capo-dopera%e2%80%8f-x-alessio-bassan\/113691\/#respond\"]}]},{\"@type\":\"WebPage\",\"@id\":\"https:\/\/www.joyana.fr\/en\/buffet-privacy-habillage-bois-par-capo-dopera%e2%80%8f-x-alessio-bassan\/113691\/\",\"url\":\"https:\/\/www.joyana.fr\/en\/buffet-privacy-habillage-bois-par-capo-dopera%e2%80%8f-x-alessio-bassan\/113691\/\",\"name\":\"Buffet PRIVACY habillage bois par Capo d'Opera\u200f x Alessio BASSAN - JO YANA\",\"isPartOf\":{\"@id\":\"https:\/\/www.joyana.fr\/#website\"},\"primaryImageOfPage\":{\"@id\":\"https:\/\/www.joyana.fr\/en\/buffet-privacy-habillage-bois-par-capo-dopera%e2%80%8f-x-alessio-bassan\/113691\/#primaryimage\"},\"image\":{\"@id\":\"https:\/\/www.joyana.fr\/en\/buffet-privacy-habillage-bois-par-capo-dopera%e2%80%8f-x-alessio-bassan\/113691\/#primaryimage\"},\"thumbnailUrl\":\"https:\/\/i0.wp.com\/www.joyana.fr\/wp-content\/uploads\/2013\/06\/Privacy-Texture-Wood-Bianco_Capo-dOpera-2013_2.jpg?fit=650%2C819&ssl=1\",\"datePublished\":\"2013-06-28T11:05:05+00:00\",\"breadcrumb\":{\"@id\":\"https:\/\/www.joyana.fr\/en\/buffet-privacy-habillage-bois-par-capo-dopera%e2%80%8f-x-alessio-bassan\/113691\/#breadcrumb\"},\"inLanguage\":\"en-US\",\"potentialAction\":[{\"@type\":\"ReadAction\",\"target\":[\"https:\/\/www.joyana.fr\/en\/buffet-privacy-habillage-bois-par-capo-dopera%e2%80%8f-x-alessio-bassan\/113691\/\"]}]},{\"@type\":\"ImageObject\",\"inLanguage\":\"en-US\",\"@id\":\"https:\/\/www.joyana.fr\/en\/buffet-privacy-habillage-bois-par-capo-dopera%e2%80%8f-x-alessio-bassan\/113691\/#primaryimage\",\"url\":\"https:\/\/i0.wp.com\/www.joyana.fr\/wp-content\/uploads\/2013\/06\/Privacy-Texture-Wood-Bianco_Capo-dOpera-2013_2.jpg?fit=650%2C819&ssl=1\",\"contentUrl\":\"https:\/\/i0.wp.com\/www.joyana.fr\/wp-content\/uploads\/2013\/06\/Privacy-Texture-Wood-Bianco_Capo-dOpera-2013_2.jpg?fit=650%2C819&ssl=1\",\"width\":650,\"height\":819},{\"@type\":\"BreadcrumbList\",\"@id\":\"https:\/\/www.joyana.fr\/en\/buffet-privacy-habillage-bois-par-capo-dopera%e2%80%8f-x-alessio-bassan\/113691\/#breadcrumb\",\"itemListElement\":[{\"@type\":\"ListItem\",\"position\":1,\"name\":\"Accueil\",\"item\":\"https:\/\/www.joyana.fr\/\"},{\"@type\":\"ListItem\",\"position\":2,\"name\":\"Buffet PRIVACY habillage bois par Capo d&#8217;Opera\u200f x Alessio BASSAN\"}]},{\"@type\":\"WebSite\",\"@id\":\"https:\/\/www.joyana.fr\/#website\",\"url\":\"https:\/\/www.joyana.fr\/\",\"name\":\"JO YANA\",\"description\":\"Blog Mode Homme, Lifestyle, D\u00e9co-Design\",\"publisher\":{\"@id\":\"https:\/\/www.joyana.fr\/#\/schema\/person\/cf2a1ad12a27c12c21801075bf37407c\"},\"potentialAction\":[{\"@type\":\"SearchAction\",\"target\":{\"@type\":\"EntryPoint\",\"urlTemplate\":\"https:\/\/www.joyana.fr\/?s={search_term_string}\"},\"query-input\":{\"@type\":\"PropertyValueSpecification\",\"valueRequired\":true,\"valueName\":\"search_term_string\"}}],\"inLanguage\":\"en-US\"},{\"@type\":[\"Person\",\"Organization\"],\"@id\":\"https:\/\/www.joyana.fr\/#\/schema\/person\/cf2a1ad12a27c12c21801075bf37407c\",\"name\":\"Jo Yana\",\"image\":{\"@type\":\"ImageObject\",\"inLanguage\":\"en-US\",\"@id\":\"https:\/\/www.joyana.fr\/#\/schema\/person\/image\/\",\"url\":\"https:\/\/i0.wp.com\/www.joyana.fr\/wp-content\/uploads\/2016\/08\/cropped-joyana-logo-black-360x180.png?fit=343%2C164&ssl=1\",\"contentUrl\":\"https:\/\/i0.wp.com\/www.joyana.fr\/wp-content\/uploads\/2016\/08\/cropped-joyana-logo-black-360x180.png?fit=343%2C164&ssl=1\",\"width\":343,\"height\":164,\"caption\":\"Jo Yana\"},\"logo\":{\"@id\":\"https:\/\/www.joyana.fr\/#\/schema\/person\/image\/\"},\"description\":\"Jo Yana est le cr\u00e9ateur et r\u00e9dacteur en chef des sites DECO-DESIGN. Passionn\u00e9 de Design, Mode, Photo, Luxe, Lifestyle, Musique, mais avant tout Blogueur ! Le plaisir de partager l'anime et a comme devise \\\"POUR L'AMOUR DU BEAU\\\". Retrouvez le aussi sur son blog personnel - https:\/\/joyana.fr...\",\"sameAs\":[\"https:\/\/joyana.fr\/\"],\"url\":\"https:\/\/www.joyana.fr\/en\/author\/joyana\/\"}]}<\/script>\n<!-- \/ Yoast SEO plugin. -->","yoast_head_json":{"title":"Buffet PRIVACY habillage bois par Capo d'Opera\u200f x Alessio BASSAN - JO YANA","robots":{"index":"index","follow":"follow","max-snippet":"max-snippet:-1","max-image-preview":"max-image-preview:large","max-video-preview":"max-video-preview:-1"},"canonical":"https:\/\/www.joyana.fr\/en\/buffet-privacy-habillage-bois-par-capo-dopera\u200f-x-alessio-bassan\/113691\/","og_locale":"en_US","og_type":"article","og_title":"Buffet PRIVACY habillage bois par Capo d'Opera\u200f x Alessio BASSAN - JO YANA","og_description":"L&#8217;\u00e9diteur Capo d&#8217;Opera collabore avec le designer Alessio Bassan pour la cr\u00e9ation de la collection de meubles PRIVACY, nous vous pr\u00e9sentons ici le buffet&#8230; Le buffet PRIVACY arbore deux tiroirs, et un superbe habillage en bois blanc avec base en m\u00e9tal peint. On aime ses formes r\u00e9guli\u00e8res et le traitement g\u00e9om\u00e9trique tr\u00e8s pr\u00e9cis \u00e0 l&#8217;\u00e9gard [&hellip;]","og_url":"https:\/\/www.joyana.fr\/en\/buffet-privacy-habillage-bois-par-capo-dopera\u200f-x-alessio-bassan\/113691\/","og_site_name":"JO YANA","article_published_time":"2013-06-28T11:05:05+00:00","og_image":[{"width":650,"height":819,"url":"https:\/\/www.joyana.fr\/wp-content\/uploads\/2013\/06\/Privacy-Texture-Wood-Bianco_Capo-dOpera-2013_2.jpg","type":"image\/jpeg"}],"author":"Jo Yana","twitter_card":"summary_large_image","twitter_creator":"@Jo_Yana","twitter_site":"@Jo_Yana","twitter_misc":{"Written by":"Jo Yana","Est. reading time":"1 minute"},"schema":{"@context":"https:\/\/schema.org","@graph":[{"@type":"Article","@id":"https:\/\/www.joyana.fr\/en\/buffet-privacy-habillage-bois-par-capo-dopera%e2%80%8f-x-alessio-bassan\/113691\/#article","isPartOf":{"@id":"https:\/\/www.joyana.fr\/en\/buffet-privacy-habillage-bois-par-capo-dopera%e2%80%8f-x-alessio-bassan\/113691\/"},"author":{"name":"Jo Yana","@id":"https:\/\/www.joyana.fr\/#\/schema\/person\/cf2a1ad12a27c12c21801075bf37407c"},"headline":"Buffet PRIVACY habillage bois par Capo d&#8217;Opera\u200f x Alessio BASSAN","datePublished":"2013-06-28T11:05:05+00:00","mainEntityOfPage":{"@id":"https:\/\/www.joyana.fr\/en\/buffet-privacy-habillage-bois-par-capo-dopera%e2%80%8f-x-alessio-bassan\/113691\/"},"wordCount":119,"commentCount":0,"publisher":{"@id":"https:\/\/www.joyana.fr\/#\/schema\/person\/cf2a1ad12a27c12c21801075bf37407c"},"image":{"@id":"https:\/\/www.joyana.fr\/en\/buffet-privacy-habillage-bois-par-capo-dopera%e2%80%8f-x-alessio-bassan\/113691\/#primaryimage"},"thumbnailUrl":"https:\/\/i0.wp.com\/www.joyana.fr\/wp-content\/uploads\/2013\/06\/Privacy-Texture-Wood-Bianco_Capo-dOpera-2013_2.jpg?fit=650%2C819&ssl=1","keywords":["Alessio BASSAN","Blanc","Bois","Buffet design","Capo d'Opera","DESIGN"],"articleSection":["Buffet","DECO-DESIGN","Mobilier"],"inLanguage":"en-US","potentialAction":[{"@type":"CommentAction","name":"Comment","target":["https:\/\/www.joyana.fr\/en\/buffet-privacy-habillage-bois-par-capo-dopera%e2%80%8f-x-alessio-bassan\/113691\/#respond"]}]},{"@type":"WebPage","@id":"https:\/\/www.joyana.fr\/en\/buffet-privacy-habillage-bois-par-capo-dopera%e2%80%8f-x-alessio-bassan\/113691\/","url":"https:\/\/www.joyana.fr\/en\/buffet-privacy-habillage-bois-par-capo-dopera%e2%80%8f-x-alessio-bassan\/113691\/","name":"Buffet PRIVACY habillage bois par Capo d'Opera\u200f x Alessio BASSAN - JO YANA","isPartOf":{"@id":"https:\/\/www.joyana.fr\/#website"},"primaryImageOfPage":{"@id":"https:\/\/www.joyana.fr\/en\/buffet-privacy-habillage-bois-par-capo-dopera%e2%80%8f-x-alessio-bassan\/113691\/#primaryimage"},"image":{"@id":"https:\/\/www.joyana.fr\/en\/buffet-privacy-habillage-bois-par-capo-dopera%e2%80%8f-x-alessio-bassan\/113691\/#primaryimage"},"thumbnailUrl":"https:\/\/i0.wp.com\/www.joyana.fr\/wp-content\/uploads\/2013\/06\/Privacy-Texture-Wood-Bianco_Capo-dOpera-2013_2.jpg?fit=650%2C819&ssl=1","datePublished":"2013-06-28T11:05:05+00:00","breadcrumb":{"@id":"https:\/\/www.joyana.fr\/en\/buffet-privacy-habillage-bois-par-capo-dopera%e2%80%8f-x-alessio-bassan\/113691\/#breadcrumb"},"inLanguage":"en-US","potentialAction":[{"@type":"ReadAction","target":["https:\/\/www.joyana.fr\/en\/buffet-privacy-habillage-bois-par-capo-dopera%e2%80%8f-x-alessio-bassan\/113691\/"]}]},{"@type":"ImageObject","inLanguage":"en-US","@id":"https:\/\/www.joyana.fr\/en\/buffet-privacy-habillage-bois-par-capo-dopera%e2%80%8f-x-alessio-bassan\/113691\/#primaryimage","url":"https:\/\/i0.wp.com\/www.joyana.fr\/wp-content\/uploads\/2013\/06\/Privacy-Texture-Wood-Bianco_Capo-dOpera-2013_2.jpg?fit=650%2C819&ssl=1","contentUrl":"https:\/\/i0.wp.com\/www.joyana.fr\/wp-content\/uploads\/2013\/06\/Privacy-Texture-Wood-Bianco_Capo-dOpera-2013_2.jpg?fit=650%2C819&ssl=1","width":650,"height":819},{"@type":"BreadcrumbList","@id":"https:\/\/www.joyana.fr\/en\/buffet-privacy-habillage-bois-par-capo-dopera%e2%80%8f-x-alessio-bassan\/113691\/#breadcrumb","itemListElement":[{"@type":"ListItem","position":1,"name":"Accueil","item":"https:\/\/www.joyana.fr\/"},{"@type":"ListItem","position":2,"name":"Buffet PRIVACY habillage bois par Capo d&#8217;Opera\u200f x Alessio BASSAN"}]},{"@type":"WebSite","@id":"https:\/\/www.joyana.fr\/#website","url":"https:\/\/www.joyana.fr\/","name":"JO YANA","description":"Blog Mode Homme, Lifestyle, D\u00e9co-Design","publisher":{"@id":"https:\/\/www.joyana.fr\/#\/schema\/person\/cf2a1ad12a27c12c21801075bf37407c"},"potentialAction":[{"@type":"SearchAction","target":{"@type":"EntryPoint","urlTemplate":"https:\/\/www.joyana.fr\/?s={search_term_string}"},"query-input":{"@type":"PropertyValueSpecification","valueRequired":true,"valueName":"search_term_string"}}],"inLanguage":"en-US"},{"@type":["Person","Organization"],"@id":"https:\/\/www.joyana.fr\/#\/schema\/person\/cf2a1ad12a27c12c21801075bf37407c","name":"Jo Yana","image":{"@type":"ImageObject","inLanguage":"en-US","@id":"https:\/\/www.joyana.fr\/#\/schema\/person\/image\/","url":"https:\/\/i0.wp.com\/www.joyana.fr\/wp-content\/uploads\/2016\/08\/cropped-joyana-logo-black-360x180.png?fit=343%2C164&ssl=1","contentUrl":"https:\/\/i0.wp.com\/www.joyana.fr\/wp-content\/uploads\/2016\/08\/cropped-joyana-logo-black-360x180.png?fit=343%2C164&ssl=1","width":343,"height":164,"caption":"Jo Yana"},"logo":{"@id":"https:\/\/www.joyana.fr\/#\/schema\/person\/image\/"},"description":"Jo Yana est le cr\u00e9ateur et r\u00e9dacteur en chef des sites DECO-DESIGN. Passionn\u00e9 de Design, Mode, Photo, Luxe, Lifestyle, Musique, mais avant tout Blogueur ! Le plaisir de partager l'anime et a comme devise \"POUR L'AMOUR DU BEAU\". Retrouvez le aussi sur son blog personnel - https:\/\/joyana.fr...","sameAs":["https:\/\/joyana.fr\/"],"url":"https:\/\/www.joyana.fr\/en\/author\/joyana\/"}]}},"author_meta":{"display_name":"Jo Yana","author_link":"https:\/\/www.joyana.fr\/en\/author\/joyana\/"},"featured_img":"https:\/\/i0.wp.com\/www.joyana.fr\/wp-content\/uploads\/2013\/06\/Privacy-Texture-Wood-Bianco_Capo-dOpera-2013_2.jpg?fit=309%2C389&ssl=1","featured_image_src":"https:\/\/i0.wp.com\/www.joyana.fr\/wp-content\/uploads\/2013\/06\/Privacy-Texture-Wood-Bianco_Capo-dOpera-2013_2.jpg?resize=600%2C400&ssl=1","featured_image_src_square":"https:\/\/i0.wp.com\/www.joyana.fr\/wp-content\/uploads\/2013\/06\/Privacy-Texture-Wood-Bianco_Capo-dOpera-2013_2.jpg?resize=600%2C600&ssl=1","jetpack_featured_media_url":"https:\/\/i0.wp.com\/www.joyana.fr\/wp-content\/uploads\/2013\/06\/Privacy-Texture-Wood-Bianco_Capo-dOpera-2013_2.jpg?fit=650%2C819&ssl=1","uagb_featured_image_src":{"full":["https:\/\/i0.wp.com\/www.joyana.fr\/wp-content\/uploads\/2013\/06\/Privacy-Texture-Wood-Bianco_Capo-dOpera-2013_2.jpg?fit=650%2C819&ssl=1",650,819,false],"thumbnail":["https:\/\/i0.wp.com\/www.joyana.fr\/wp-content\/uploads\/2013\/06\/Privacy-Texture-Wood-Bianco_Capo-dOpera-2013_2.jpg?resize=150%2C150&ssl=1",150,150,true],"medium":["https:\/\/i0.wp.com\/www.joyana.fr\/wp-content\/uploads\/2013\/06\/Privacy-Texture-Wood-Bianco_Capo-dOpera-2013_2.jpg?fit=309%2C389&ssl=1",309,389,true],"medium_large":["https:\/\/i0.wp.com\/www.joyana.fr\/wp-content\/uploads\/2013\/06\/Privacy-Texture-Wood-Bianco_Capo-dOpera-2013_2.jpg?fit=650%2C819&ssl=1",650,819,true],"large":["https:\/\/i0.wp.com\/www.joyana.fr\/wp-content\/uploads\/2013\/06\/Privacy-Texture-Wood-Bianco_Capo-dOpera-2013_2.jpg?fit=650%2C819&ssl=1",650,819,true],"1536x1536":["https:\/\/i0.wp.com\/www.joyana.fr\/wp-content\/uploads\/2013\/06\/Privacy-Texture-Wood-Bianco_Capo-dOpera-2013_2.jpg?fit=650%2C819&ssl=1",650,819,true],"2048x2048":["https:\/\/i0.wp.com\/www.joyana.fr\/wp-content\/uploads\/2013\/06\/Privacy-Texture-Wood-Bianco_Capo-dOpera-2013_2.jpg?fit=650%2C819&ssl=1",650,819,true],"featured-thumb":["https:\/\/i0.wp.com\/www.joyana.fr\/wp-content\/uploads\/2013\/06\/Privacy-Texture-Wood-Bianco_Capo-dOpera-2013_2.jpg?resize=650%2C750&ssl=1",650,750,true],"ab-block-post-grid-landscape":["https:\/\/i0.wp.com\/www.joyana.fr\/wp-content\/uploads\/2013\/06\/Privacy-Texture-Wood-Bianco_Capo-dOpera-2013_2.jpg?resize=600%2C400&ssl=1",600,400,true],"ab-block-post-grid-square":["https:\/\/i0.wp.com\/www.joyana.fr\/wp-content\/uploads\/2013\/06\/Privacy-Texture-Wood-Bianco_Capo-dOpera-2013_2.jpg?resize=600%2C600&ssl=1",600,600,true],"author-pro-image":["https:\/\/i0.wp.com\/www.joyana.fr\/wp-content\/uploads\/2013\/06\/Privacy-Texture-Wood-Bianco_Capo-dOpera-2013_2.jpg?resize=360%2C570&ssl=1",360,570,true],"slider":["https:\/\/i0.wp.com\/www.joyana.fr\/wp-content\/uploads\/2013\/06\/Privacy-Texture-Wood-Bianco_Capo-dOpera-2013_2.jpg?resize=650%2C400&ssl=1",650,400,true],"woocommerce_thumbnail":["https:\/\/i0.wp.com\/www.joyana.fr\/wp-content\/uploads\/2013\/06\/Privacy-Texture-Wood-Bianco_Capo-dOpera-2013_2.jpg?resize=450%2C450&ssl=1",450,450,true],"woocommerce_single":["https:\/\/i0.wp.com\/www.joyana.fr\/wp-content\/uploads\/2013\/06\/Privacy-Texture-Wood-Bianco_Capo-dOpera-2013_2.jpg?fit=650%2C819&ssl=1",650,819,true],"woocommerce_gallery_thumbnail":["https:\/\/i0.wp.com\/www.joyana.fr\/wp-content\/uploads\/2013\/06\/Privacy-Texture-Wood-Bianco_Capo-dOpera-2013_2.jpg?resize=180%2C180&ssl=1",180,180,true],"sow-carousel-default":["https:\/\/i0.wp.com\/www.joyana.fr\/wp-content\/uploads\/2013\/06\/Privacy-Texture-Wood-Bianco_Capo-dOpera-2013_2.jpg?resize=272%2C182&ssl=1",272,182,true]},"uagb_author_info":{"display_name":"Jo Yana","author_link":"https:\/\/www.joyana.fr\/en\/author\/joyana\/"},"uagb_comment_info":0,"uagb_excerpt":"L&#8217;\u00e9diteur Capo d&#8217;Opera collabore avec le designer Alessio Bassan pour la cr\u00e9ation de la collection de meubles PRIVACY, nous vous pr\u00e9sentons ici le buffet&#8230; Le buffet PRIVACY arbore deux tiroirs, et un superbe habillage en bois blanc avec base en m\u00e9tal peint. On aime ses formes r\u00e9guli\u00e8res et le traitement g\u00e9om\u00e9trique tr\u00e8s pr\u00e9cis \u00e0 l&#8217;\u00e9gard&hellip;","coauthors":[],"tax_additional":{"categories":{"linked":["<a href=\"https:\/\/www.joyana.fr\/en\/category\/deco-design\/mobilier\/buffet\/\" class=\"advgb-post-tax-term\">Buffet<\/a>","<a href=\"https:\/\/www.joyana.fr\/en\/category\/deco-design\/\" class=\"advgb-post-tax-term\">DECO-DESIGN<\/a>","<a href=\"https:\/\/www.joyana.fr\/en\/category\/deco-design\/mobilier\/\" class=\"advgb-post-tax-term\">Mobilier<\/a>"],"unlinked":["<span class=\"advgb-post-tax-term\">Buffet<\/span>","<span class=\"advgb-post-tax-term\">DECO-DESIGN<\/span>","<span class=\"advgb-post-tax-term\">Mobilier<\/span>"]},"tags":{"linked":["<a href=\"https:\/\/www.joyana.fr\/en\/category\/deco-design\/mobilier\/\" class=\"advgb-post-tax-term\">Alessio BASSAN<\/a>","<a href=\"https:\/\/www.joyana.fr\/en\/category\/deco-design\/mobilier\/\" class=\"advgb-post-tax-term\">Blanc<\/a>","<a href=\"https:\/\/www.joyana.fr\/en\/category\/deco-design\/mobilier\/\" class=\"advgb-post-tax-term\">Bois<\/a>","<a href=\"https:\/\/www.joyana.fr\/en\/category\/deco-design\/mobilier\/\" class=\"advgb-post-tax-term\">Buffet design<\/a>","<a href=\"https:\/\/www.joyana.fr\/en\/category\/deco-design\/mobilier\/\" class=\"advgb-post-tax-term\">Capo d&#039;Opera<\/a>","<a href=\"https:\/\/www.joyana.fr\/en\/category\/deco-design\/mobilier\/\" class=\"advgb-post-tax-term\">DESIGN<\/a>"],"unlinked":["<span class=\"advgb-post-tax-term\">Alessio BASSAN<\/span>","<span class=\"advgb-post-tax-term\">Blanc<\/span>","<span class=\"advgb-post-tax-term\">Bois<\/span>","<span class=\"advgb-post-tax-term\">Buffet design<\/span>","<span class=\"advgb-post-tax-term\">Capo d&#039;Opera<\/span>","<span class=\"advgb-post-tax-term\">DESIGN<\/span>"]}},"comment_count":0,"relative_dates":{"created":"Posted 13 years ago","modified":"Updated 13 years ago"},"absolute_dates":{"created":"Posted on 28 June 2013","modified":"Updated on 28 June 2013"},"absolute_dates_time":{"created":"Posted on 28 June 2013 12:05","modified":"Updated on 28 June 2013 12:05"},"featured_img_caption":"","series_order":"","jetpack_sharing_enabled":true,"jetpack_shortlink":"https:\/\/wp.me\/p9bteI-tzJ","jetpack-related-posts":[],"_links":{"self":[{"href":"https:\/\/www.joyana.fr\/en\/wp-json\/wp\/v2\/posts\/113691","targetHints":{"allow":["GET"]}}],"collection":[{"href":"https:\/\/www.joyana.fr\/en\/wp-json\/wp\/v2\/posts"}],"about":[{"href":"https:\/\/www.joyana.fr\/en\/wp-json\/wp\/v2\/types\/post"}],"author":[{"embeddable":true,"href":"https:\/\/www.joyana.fr\/en\/wp-json\/wp\/v2\/users\/3"}],"replies":[{"embeddable":true,"href":"https:\/\/www.joyana.fr\/en\/wp-json\/wp\/v2\/comments?post=113691"}],"version-history":[{"count":0,"href":"https:\/\/www.joyana.fr\/en\/wp-json\/wp\/v2\/posts\/113691\/revisions"}],"wp:featuredmedia":[{"embeddable":true,"href":"https:\/\/www.joyana.fr\/en\/wp-json\/wp\/v2\/media\/113693"}],"wp:attachment":[{"href":"https:\/\/www.joyana.fr\/en\/wp-json\/wp\/v2\/media?parent=113691"}],"wp:term":[{"taxonomy":"category","embeddable":true,"href":"https:\/\/www.joyana.fr\/en\/wp-json\/wp\/v2\/categories?post=113691"},{"taxonomy":"post_tag","embeddable":true,"href":"https:\/\/www.joyana.fr\/en\/wp-json\/wp\/v2\/tags?post=113691"}],"curies":[{"name":"wp","href":"https:\/\/api.w.org\/{rel}","templated":true}]}}