{"id":113310,"date":"2013-05-23T12:56:17","date_gmt":"2013-05-23T11:56:17","guid":{"rendered":"https:\/\/joyana.fr\/?p=13310"},"modified":"2013-05-23T12:56:17","modified_gmt":"2013-05-23T11:56:17","slug":"appartement-contemporain-parisien-w-regis-botta","status":"publish","type":"post","link":"https:\/\/www.joyana.fr\/en\/appartement-contemporain-parisien-w-regis-botta\/113310\/","title":{"rendered":"Appartement Contemporain Parisien W par Regis BOTTA"},"content":{"rendered":"<p>Direction la capitale pour d\u00e9couvrir un sublime <strong>appartement contemporain parisien<\/strong> &#8211; r\u00e9alis\u00e9 par l&#8217;<strong>architecte<\/strong> <strong>Regis Botta<\/strong> pour Mr et Mme <strong>W<\/strong>&#8230;<\/p>\n<p><img data-recalc-dims=\"1\" fetchpriority=\"high\" decoding=\"async\" class=\"alignnone size-large wp-image-13313\" alt=\"Appartement Contemporain Parisien W par Regis BOTTA\" src=\"https:\/\/i0.wp.com\/joyana.fr\/wp-content\/uploads\/2013\/05\/RB-A-Wm-04-576x748.jpg?resize=576%2C748&#038;ssl=1\" width=\"576\" height=\"748\" \/><\/p>\n<p>L&#8217;<strong>appartement W<\/strong>s&#8217;\u00e9tend sur 200m2 situ\u00e9 au pied de la Tour Effeil \u00e0 <strong>Paris<\/strong> pour un couple et sa fille. Sign\u00e9 par l&#8217;architecte fran\u00e7ais Regis Botta qui confie avoir con\u00e7u cet appartement comme un objet d\u2019architecture. Il est le \u00ab manifeste \u00bb de son esth\u00e9tique&#8230; Il met en forme de mani\u00e8re \u00e9pur\u00e9e et contemporaine la notion de Chic Parisien !<\/p>\n<p>On aime les touches luxueuses qui font la diff\u00e9rence comme ce parquet en ch\u00eane massif mis en \u0153uvre tel une marqueterie, chacune des lames est r\u00e9alis\u00e9e sur mesure pour que les seules d\u00e9coupes visibles soient cr\u00e9\u00e9es par le grand maillage. La lumi\u00e8re perfore le plafond sculpt\u00e9 &#8211; qui participe \u00e0 la construction de l\u2019espace&#8230; Et des mat\u00e9riaux prestigieux comme l&#8217;inox bross\u00e9, les laques, le cuir&#8230;<\/p>\n<p><img data-recalc-dims=\"1\" decoding=\"async\" class=\"alignnone size-large wp-image-13312\" alt=\"Appartement Contemporain Parisien W par Regis BOTTA\" src=\"https:\/\/i0.wp.com\/joyana.fr\/wp-content\/uploads\/2013\/05\/RB-A-Wm-02-576x864.jpg?resize=576%2C864&#038;ssl=1\" width=\"576\" height=\"864\" \/><\/p>\n<p><img data-recalc-dims=\"1\" decoding=\"async\" class=\"alignnone size-large wp-image-13314\" alt=\"Appartement Contemporain Parisien W par Regis BOTTA\" src=\"https:\/\/i0.wp.com\/joyana.fr\/wp-content\/uploads\/2013\/05\/RB-A-Wm-05_SD-576x384.jpg?resize=576%2C384&#038;ssl=1\" width=\"576\" height=\"384\" \/><\/p>\n<p><img data-recalc-dims=\"1\" loading=\"lazy\" decoding=\"async\" class=\"alignnone size-large wp-image-13311\" alt=\"Appartement Contemporain Parisien W par Regis BOTTA\" src=\"https:\/\/i0.wp.com\/joyana.fr\/wp-content\/uploads\/2013\/05\/RB-A-Wm-01-576x781.jpg?resize=576%2C781&#038;ssl=1\" width=\"576\" height=\"781\" \/><\/p>\n<p><img data-recalc-dims=\"1\" loading=\"lazy\" decoding=\"async\" class=\"alignnone size-large wp-image-13315\" alt=\"Appartement Contemporain Parisien W par Regis BOTTA\" src=\"https:\/\/i0.wp.com\/joyana.fr\/wp-content\/uploads\/2013\/05\/RB-A-Wm-06-576x383.jpg?resize=576%2C383&#038;ssl=1\" width=\"576\" height=\"383\" \/><\/p>\n<p><img data-recalc-dims=\"1\" loading=\"lazy\" decoding=\"async\" class=\"alignnone size-large wp-image-13316\" alt=\"Appartement Contemporain Parisien W par Regis BOTTA\" src=\"https:\/\/i0.wp.com\/joyana.fr\/wp-content\/uploads\/2013\/05\/RB-A-Wm-07-576x864.jpg?resize=576%2C864&#038;ssl=1\" width=\"576\" height=\"864\" \/><\/p>\n<p><img data-recalc-dims=\"1\" loading=\"lazy\" decoding=\"async\" class=\"alignnone size-large wp-image-13317\" alt=\"Appartement Contemporain Parisien W par Regis BOTTA\" src=\"https:\/\/i0.wp.com\/joyana.fr\/wp-content\/uploads\/2013\/05\/RB-A-Wm-08-576x730.jpg?resize=576%2C730&#038;ssl=1\" width=\"576\" height=\"730\" \/><\/p>\n<p><img data-recalc-dims=\"1\" loading=\"lazy\" decoding=\"async\" class=\"alignnone size-large wp-image-13318\" alt=\"Appartement Contemporain Parisien W par Regis BOTTA\" src=\"https:\/\/i0.wp.com\/joyana.fr\/wp-content\/uploads\/2013\/05\/RB-A-Wm-09-576x796.jpg?resize=576%2C796&#038;ssl=1\" width=\"576\" height=\"796\" \/><\/p>\n<p><img data-recalc-dims=\"1\" loading=\"lazy\" decoding=\"async\" class=\"alignnone size-large wp-image-13319\" alt=\"Appartement Contemporain Parisien W par Regis BOTTA\" src=\"https:\/\/i0.wp.com\/joyana.fr\/wp-content\/uploads\/2013\/05\/RB-A-Wm-10-576x864.jpg?resize=576%2C864&#038;ssl=1\" width=\"576\" height=\"864\" \/><\/p>\n<p><img data-recalc-dims=\"1\" loading=\"lazy\" decoding=\"async\" class=\"alignnone size-large wp-image-13320\" alt=\"Appartement Contemporain Parisien W par Regis BOTTA\" src=\"https:\/\/i0.wp.com\/joyana.fr\/wp-content\/uploads\/2013\/05\/RB-A-Wm-11-576x383.jpg?resize=576%2C383&#038;ssl=1\" width=\"576\" height=\"383\" \/><\/p>\n<p><img data-recalc-dims=\"1\" loading=\"lazy\" decoding=\"async\" class=\"alignnone size-large wp-image-13321\" alt=\"Appartement Contemporain Parisien W par Regis BOTTA\" src=\"https:\/\/i0.wp.com\/joyana.fr\/wp-content\/uploads\/2013\/05\/RB-A-Wm-12-576x744.jpg?resize=576%2C744&#038;ssl=1\" width=\"576\" height=\"744\" \/><\/p>\n<p><img data-recalc-dims=\"1\" loading=\"lazy\" decoding=\"async\" class=\"alignnone size-large wp-image-13322\" alt=\"Appartement Contemporain Parisien W par Regis BOTTA\" src=\"https:\/\/i0.wp.com\/joyana.fr\/wp-content\/uploads\/2013\/05\/RB-A-Wm-13-576x731.jpg?resize=576%2C731&#038;ssl=1\" width=\"576\" height=\"731\" \/><\/p>\n<p style=\"text-align: center;\">En savoir + sur <a href=\"http:\/\/www.regisbotta.com\/index.php\/pro\/\" target=\"_blank\"><strong>Regis BOTTA<\/strong><\/a><\/p>\n","protected":false},"excerpt":{"rendered":"<p>Direction la capitale pour d\u00e9couvrir un sublime appartement contemporain parisien &#8211; r\u00e9alis\u00e9 par l&#8217;architecte Regis Botta pour Mr et Mme W&#8230; L&#8217;appartement Ws&#8217;\u00e9tend sur 200m2 situ\u00e9 au pied de la Tour Effeil \u00e0 Paris pour un couple et sa fille. Sign\u00e9 par l&#8217;architecte fran\u00e7ais Regis Botta qui confie avoir con\u00e7u cet appartement comme un objet [&hellip;]<\/p>\n","protected":false},"author":3,"featured_media":113313,"comment_status":"open","ping_status":"open","sticky":false,"template":"","format":"standard","meta":{"_coblocks_attr":"","_coblocks_dimensions":"","_coblocks_responsive_height":"","_coblocks_accordion_ie_support":"","_uag_custom_page_level_css":"","advgb_blocks_editor_width":"","advgb_blocks_columns_visual_guide":"","_genesis_hide_title":false,"_genesis_hide_breadcrumbs":false,"_genesis_hide_singular_image":false,"_genesis_hide_footer_widgets":false,"_genesis_custom_body_class":"","_genesis_custom_post_class":"","_genesis_layout":"","_themeisle_gutenberg_block_has_review":false,"_jetpack_newsletter_access":"","_jetpack_dont_email_post_to_subs":false,"_jetpack_newsletter_tier_id":0,"_jetpack_memberships_contains_paywalled_content":false,"_jetpack_memberships_contains_paid_content":false,"footnotes":""},"categories":[1026,71,905,1039],"tags":[1227,919,501,12],"class_list":{"0":"post-113310","1":"post","2":"type-post","3":"status-publish","4":"format-standard","5":"has-post-thumbnail","7":"category-appartement","8":"category-architecture","9":"category-deco-design","10":"category-france","11":"tag-appartement-design","12":"tag-architecte","13":"tag-architecture-2","14":"tag-paris","15":"entry"},"featured_image_urls":{"full":["https:\/\/i0.wp.com\/www.joyana.fr\/wp-content\/uploads\/2013\/05\/RB-A-Wm-04.jpg?fit=650%2C845&ssl=1",650,845,false],"thumbnail":["https:\/\/i0.wp.com\/www.joyana.fr\/wp-content\/uploads\/2013\/05\/RB-A-Wm-04.jpg?resize=150%2C150&ssl=1",150,150,true],"medium":["https:\/\/i0.wp.com\/www.joyana.fr\/wp-content\/uploads\/2013\/05\/RB-A-Wm-04.jpg?fit=299%2C389&ssl=1",299,389,true],"medium_large":["https:\/\/i0.wp.com\/www.joyana.fr\/wp-content\/uploads\/2013\/05\/RB-A-Wm-04.jpg?fit=650%2C845&ssl=1",650,845,true],"large":["https:\/\/i0.wp.com\/www.joyana.fr\/wp-content\/uploads\/2013\/05\/RB-A-Wm-04.jpg?fit=650%2C845&ssl=1",650,845,true],"1536x1536":["https:\/\/i0.wp.com\/www.joyana.fr\/wp-content\/uploads\/2013\/05\/RB-A-Wm-04.jpg?fit=650%2C845&ssl=1",650,845,true],"2048x2048":["https:\/\/i0.wp.com\/www.joyana.fr\/wp-content\/uploads\/2013\/05\/RB-A-Wm-04.jpg?fit=650%2C845&ssl=1",650,845,true],"featured-thumb":["https:\/\/i0.wp.com\/www.joyana.fr\/wp-content\/uploads\/2013\/05\/RB-A-Wm-04.jpg?resize=650%2C750&ssl=1",650,750,true],"ab-block-post-grid-landscape":["https:\/\/i0.wp.com\/www.joyana.fr\/wp-content\/uploads\/2013\/05\/RB-A-Wm-04.jpg?resize=600%2C400&ssl=1",600,400,true],"ab-block-post-grid-square":["https:\/\/i0.wp.com\/www.joyana.fr\/wp-content\/uploads\/2013\/05\/RB-A-Wm-04.jpg?resize=600%2C600&ssl=1",600,600,true],"author-pro-image":["https:\/\/i0.wp.com\/www.joyana.fr\/wp-content\/uploads\/2013\/05\/RB-A-Wm-04.jpg?resize=360%2C570&ssl=1",360,570,true],"slider":["https:\/\/i0.wp.com\/www.joyana.fr\/wp-content\/uploads\/2013\/05\/RB-A-Wm-04.jpg?resize=650%2C400&ssl=1",650,400,true],"woocommerce_thumbnail":["https:\/\/i0.wp.com\/www.joyana.fr\/wp-content\/uploads\/2013\/05\/RB-A-Wm-04.jpg?resize=450%2C450&ssl=1",450,450,true],"woocommerce_single":["https:\/\/i0.wp.com\/www.joyana.fr\/wp-content\/uploads\/2013\/05\/RB-A-Wm-04.jpg?fit=650%2C845&ssl=1",650,845,true],"woocommerce_gallery_thumbnail":["https:\/\/i0.wp.com\/www.joyana.fr\/wp-content\/uploads\/2013\/05\/RB-A-Wm-04.jpg?resize=180%2C180&ssl=1",180,180,true],"sow-carousel-default":["https:\/\/i0.wp.com\/www.joyana.fr\/wp-content\/uploads\/2013\/05\/RB-A-Wm-04.jpg?resize=272%2C182&ssl=1",272,182,true]},"post_excerpt_stackable":"<p>Direction la capitale pour d\u00e9couvrir un sublime appartement contemporain parisien &#8211; r\u00e9alis\u00e9 par l&#8217;architecte Regis Botta pour Mr et Mme W&#8230; L&#8217;appartement Ws&#8217;\u00e9tend sur 200m2 situ\u00e9 au pied de la Tour Effeil \u00e0 Paris pour un couple et sa fille. Sign\u00e9 par l&#8217;architecte fran\u00e7ais Regis Botta qui confie avoir con\u00e7u cet appartement comme un objet d\u2019architecture. Il est le \u00ab manifeste \u00bb de son esth\u00e9tique&#8230; Il met en forme de mani\u00e8re \u00e9pur\u00e9e et contemporaine la notion de Chic Parisien ! On aime les touches luxueuses qui font la diff\u00e9rence comme ce parquet en ch\u00eane massif mis en \u0153uvre tel une&hellip;<\/p>\n","category_list":"<a href=\"https:\/\/www.joyana.fr\/en\/category\/deco-design\/architecture-deco-design\/lieux-design\/appartement\/\" rel=\"category tag\">Appartement<\/a>, <a href=\"https:\/\/www.joyana.fr\/en\/category\/portfolio\/architecture\/\" rel=\"category tag\">ARCHITECTURE<\/a>, <a href=\"https:\/\/www.joyana.fr\/en\/category\/deco-design\/\" rel=\"category tag\">DECO-DESIGN<\/a>, <a href=\"https:\/\/www.joyana.fr\/en\/category\/deco-design\/architecture-deco-design\/pays\/france\/\" rel=\"category tag\">France<\/a>","author_info":{"display_name":"Jo Yana","author_link":"https:\/\/www.joyana.fr\/en\/author\/joyana\/"},"comments_num":"0 comments","featured_image_urls_v2":{"full":["https:\/\/i0.wp.com\/www.joyana.fr\/wp-content\/uploads\/2013\/05\/RB-A-Wm-04.jpg?fit=650%2C845&ssl=1",650,845,false],"thumbnail":["https:\/\/i0.wp.com\/www.joyana.fr\/wp-content\/uploads\/2013\/05\/RB-A-Wm-04.jpg?resize=150%2C150&ssl=1",150,150,true],"medium":["https:\/\/i0.wp.com\/www.joyana.fr\/wp-content\/uploads\/2013\/05\/RB-A-Wm-04.jpg?fit=299%2C389&ssl=1",299,389,true],"medium_large":["https:\/\/i0.wp.com\/www.joyana.fr\/wp-content\/uploads\/2013\/05\/RB-A-Wm-04.jpg?fit=650%2C845&ssl=1",650,845,true],"large":["https:\/\/i0.wp.com\/www.joyana.fr\/wp-content\/uploads\/2013\/05\/RB-A-Wm-04.jpg?fit=650%2C845&ssl=1",650,845,true],"1536x1536":["https:\/\/i0.wp.com\/www.joyana.fr\/wp-content\/uploads\/2013\/05\/RB-A-Wm-04.jpg?fit=650%2C845&ssl=1",650,845,true],"2048x2048":["https:\/\/i0.wp.com\/www.joyana.fr\/wp-content\/uploads\/2013\/05\/RB-A-Wm-04.jpg?fit=650%2C845&ssl=1",650,845,true],"featured-thumb":["https:\/\/i0.wp.com\/www.joyana.fr\/wp-content\/uploads\/2013\/05\/RB-A-Wm-04.jpg?resize=650%2C750&ssl=1",650,750,true],"ab-block-post-grid-landscape":["https:\/\/i0.wp.com\/www.joyana.fr\/wp-content\/uploads\/2013\/05\/RB-A-Wm-04.jpg?resize=600%2C400&ssl=1",600,400,true],"ab-block-post-grid-square":["https:\/\/i0.wp.com\/www.joyana.fr\/wp-content\/uploads\/2013\/05\/RB-A-Wm-04.jpg?resize=600%2C600&ssl=1",600,600,true],"author-pro-image":["https:\/\/i0.wp.com\/www.joyana.fr\/wp-content\/uploads\/2013\/05\/RB-A-Wm-04.jpg?resize=360%2C570&ssl=1",360,570,true],"slider":["https:\/\/i0.wp.com\/www.joyana.fr\/wp-content\/uploads\/2013\/05\/RB-A-Wm-04.jpg?resize=650%2C400&ssl=1",650,400,true],"woocommerce_thumbnail":["https:\/\/i0.wp.com\/www.joyana.fr\/wp-content\/uploads\/2013\/05\/RB-A-Wm-04.jpg?resize=450%2C450&ssl=1",450,450,true],"woocommerce_single":["https:\/\/i0.wp.com\/www.joyana.fr\/wp-content\/uploads\/2013\/05\/RB-A-Wm-04.jpg?fit=650%2C845&ssl=1",650,845,true],"woocommerce_gallery_thumbnail":["https:\/\/i0.wp.com\/www.joyana.fr\/wp-content\/uploads\/2013\/05\/RB-A-Wm-04.jpg?resize=180%2C180&ssl=1",180,180,true],"sow-carousel-default":["https:\/\/i0.wp.com\/www.joyana.fr\/wp-content\/uploads\/2013\/05\/RB-A-Wm-04.jpg?resize=272%2C182&ssl=1",272,182,true]},"post_excerpt_stackable_v2":"<p>Direction la capitale pour d\u00e9couvrir un sublime appartement contemporain parisien &#8211; r\u00e9alis\u00e9 par l&#8217;architecte Regis Botta pour Mr et Mme W&#8230; L&#8217;appartement Ws&#8217;\u00e9tend sur 200m2 situ\u00e9 au pied de la Tour Effeil \u00e0 Paris pour un couple et sa fille. Sign\u00e9 par l&#8217;architecte fran\u00e7ais Regis Botta qui confie avoir con\u00e7u cet appartement comme un objet d\u2019architecture. Il est le \u00ab manifeste \u00bb de son esth\u00e9tique&#8230; Il met en forme de mani\u00e8re \u00e9pur\u00e9e et contemporaine la notion de Chic Parisien ! On aime les touches luxueuses qui font la diff\u00e9rence comme ce parquet en ch\u00eane massif mis en \u0153uvre tel une&hellip;<\/p>\n","category_list_v2":"<a href=\"https:\/\/www.joyana.fr\/en\/category\/deco-design\/architecture-deco-design\/lieux-design\/appartement\/\" rel=\"category tag\">Appartement<\/a>, <a href=\"https:\/\/www.joyana.fr\/en\/category\/portfolio\/architecture\/\" rel=\"category tag\">ARCHITECTURE<\/a>, <a href=\"https:\/\/www.joyana.fr\/en\/category\/deco-design\/\" rel=\"category tag\">DECO-DESIGN<\/a>, <a href=\"https:\/\/www.joyana.fr\/en\/category\/deco-design\/architecture-deco-design\/pays\/france\/\" rel=\"category tag\">France<\/a>","author_info_v2":{"name":"Jo Yana","url":"https:\/\/www.joyana.fr\/en\/author\/joyana\/"},"comments_num_v2":"0 comments","yoast_head":"<!-- This site is optimized with the Yoast SEO plugin v26.8 - https:\/\/yoast.com\/product\/yoast-seo-wordpress\/ -->\n<title>Appartement Contemporain Parisien W par Regis BOTTA - JO YANA<\/title>\n<meta name=\"robots\" content=\"index, follow, max-snippet:-1, max-image-preview:large, max-video-preview:-1\" \/>\n<link rel=\"canonical\" href=\"https:\/\/www.joyana.fr\/en\/appartement-contemporain-parisien-w-regis-botta\/113310\/\" \/>\n<meta property=\"og:locale\" content=\"en_US\" \/>\n<meta property=\"og:locale:alternate\" content=\"fr_FR\" \/>\n<meta property=\"og:locale:alternate\" content=\"ja\" \/>\n<meta property=\"og:type\" content=\"article\" \/>\n<meta property=\"og:title\" content=\"Appartement Contemporain Parisien W par Regis BOTTA - JO YANA\" \/>\n<meta property=\"og:description\" content=\"Direction la capitale pour d\u00e9couvrir un sublime appartement contemporain parisien &#8211; r\u00e9alis\u00e9 par l&#8217;architecte Regis Botta pour Mr et Mme W&#8230; L&#8217;appartement Ws&#8217;\u00e9tend sur 200m2 situ\u00e9 au pied de la Tour Effeil \u00e0 Paris pour un couple et sa fille. Sign\u00e9 par l&#8217;architecte fran\u00e7ais Regis Botta qui confie avoir con\u00e7u cet appartement comme un objet [&hellip;]\" \/>\n<meta property=\"og:url\" content=\"https:\/\/www.joyana.fr\/en\/appartement-contemporain-parisien-w-regis-botta\/113310\/\" \/>\n<meta property=\"og:site_name\" content=\"JO YANA\" \/>\n<meta property=\"article:published_time\" content=\"2013-05-23T11:56:17+00:00\" \/>\n<meta property=\"og:image\" content=\"https:\/\/www.joyana.fr\/wp-content\/uploads\/2013\/05\/RB-A-Wm-04.jpg\" \/>\n\t<meta property=\"og:image:width\" content=\"650\" \/>\n\t<meta property=\"og:image:height\" content=\"845\" \/>\n\t<meta property=\"og:image:type\" content=\"image\/jpeg\" \/>\n<meta name=\"author\" content=\"Jo Yana\" \/>\n<meta name=\"twitter:card\" content=\"summary_large_image\" \/>\n<meta name=\"twitter:creator\" content=\"@Jo_Yana\" \/>\n<meta name=\"twitter:site\" content=\"@Jo_Yana\" \/>\n<meta name=\"twitter:label1\" content=\"Written by\" \/>\n\t<meta name=\"twitter:data1\" content=\"Jo Yana\" \/>\n\t<meta name=\"twitter:label2\" content=\"Est. reading time\" \/>\n\t<meta name=\"twitter:data2\" content=\"1 minute\" \/>\n<script type=\"application\/ld+json\" class=\"yoast-schema-graph\">{\"@context\":\"https:\/\/schema.org\",\"@graph\":[{\"@type\":\"Article\",\"@id\":\"https:\/\/www.joyana.fr\/ja\/appartement-contemporain-parisien-w-regis-botta\/113310\/#article\",\"isPartOf\":{\"@id\":\"https:\/\/www.joyana.fr\/ja\/appartement-contemporain-parisien-w-regis-botta\/113310\/\"},\"author\":{\"name\":\"Jo Yana\",\"@id\":\"https:\/\/joyana.fr\/en\/#\/schema\/person\/cf2a1ad12a27c12c21801075bf37407c\"},\"headline\":\"Appartement Contemporain Parisien W par Regis BOTTA\",\"datePublished\":\"2013-05-23T11:56:17+00:00\",\"mainEntityOfPage\":{\"@id\":\"https:\/\/www.joyana.fr\/ja\/appartement-contemporain-parisien-w-regis-botta\/113310\/\"},\"wordCount\":174,\"commentCount\":0,\"publisher\":{\"@id\":\"https:\/\/joyana.fr\/en\/#\/schema\/person\/cf2a1ad12a27c12c21801075bf37407c\"},\"image\":{\"@id\":\"https:\/\/www.joyana.fr\/ja\/appartement-contemporain-parisien-w-regis-botta\/113310\/#primaryimage\"},\"thumbnailUrl\":\"https:\/\/i0.wp.com\/www.joyana.fr\/wp-content\/uploads\/2013\/05\/RB-A-Wm-04.jpg?fit=650%2C845&ssl=1\",\"keywords\":[\"Appartement design\",\"Architecte\",\"Architecture\",\"Paris\"],\"articleSection\":[\"Appartement\",\"ARCHITECTURE\",\"DECO-DESIGN\",\"France\"],\"inLanguage\":\"en-US\",\"potentialAction\":[{\"@type\":\"CommentAction\",\"name\":\"Comment\",\"target\":[\"https:\/\/www.joyana.fr\/ja\/appartement-contemporain-parisien-w-regis-botta\/113310\/#respond\"]}]},{\"@type\":\"WebPage\",\"@id\":\"https:\/\/www.joyana.fr\/ja\/appartement-contemporain-parisien-w-regis-botta\/113310\/\",\"url\":\"https:\/\/www.joyana.fr\/ja\/appartement-contemporain-parisien-w-regis-botta\/113310\/\",\"name\":\"Appartement Contemporain Parisien W par Regis BOTTA - JO YANA\",\"isPartOf\":{\"@id\":\"https:\/\/joyana.fr\/en\/#website\"},\"primaryImageOfPage\":{\"@id\":\"https:\/\/www.joyana.fr\/ja\/appartement-contemporain-parisien-w-regis-botta\/113310\/#primaryimage\"},\"image\":{\"@id\":\"https:\/\/www.joyana.fr\/ja\/appartement-contemporain-parisien-w-regis-botta\/113310\/#primaryimage\"},\"thumbnailUrl\":\"https:\/\/i0.wp.com\/www.joyana.fr\/wp-content\/uploads\/2013\/05\/RB-A-Wm-04.jpg?fit=650%2C845&ssl=1\",\"datePublished\":\"2013-05-23T11:56:17+00:00\",\"breadcrumb\":{\"@id\":\"https:\/\/www.joyana.fr\/ja\/appartement-contemporain-parisien-w-regis-botta\/113310\/#breadcrumb\"},\"inLanguage\":\"en-US\",\"potentialAction\":[{\"@type\":\"ReadAction\",\"target\":[\"https:\/\/www.joyana.fr\/ja\/appartement-contemporain-parisien-w-regis-botta\/113310\/\"]}]},{\"@type\":\"ImageObject\",\"inLanguage\":\"en-US\",\"@id\":\"https:\/\/www.joyana.fr\/ja\/appartement-contemporain-parisien-w-regis-botta\/113310\/#primaryimage\",\"url\":\"https:\/\/i0.wp.com\/www.joyana.fr\/wp-content\/uploads\/2013\/05\/RB-A-Wm-04.jpg?fit=650%2C845&ssl=1\",\"contentUrl\":\"https:\/\/i0.wp.com\/www.joyana.fr\/wp-content\/uploads\/2013\/05\/RB-A-Wm-04.jpg?fit=650%2C845&ssl=1\",\"width\":650,\"height\":845},{\"@type\":\"BreadcrumbList\",\"@id\":\"https:\/\/www.joyana.fr\/ja\/appartement-contemporain-parisien-w-regis-botta\/113310\/#breadcrumb\",\"itemListElement\":[{\"@type\":\"ListItem\",\"position\":1,\"name\":\"Accueil\",\"item\":\"https:\/\/joyana.fr\/en\/\"},{\"@type\":\"ListItem\",\"position\":2,\"name\":\"Appartement Contemporain Parisien W par Regis BOTTA\"}]},{\"@type\":\"WebSite\",\"@id\":\"https:\/\/joyana.fr\/en\/#website\",\"url\":\"https:\/\/joyana.fr\/en\/\",\"name\":\"JO YANA\",\"description\":\"Blog Mode Homme, Lifestyle, D\u00e9co-Design\",\"publisher\":{\"@id\":\"https:\/\/joyana.fr\/en\/#\/schema\/person\/cf2a1ad12a27c12c21801075bf37407c\"},\"potentialAction\":[{\"@type\":\"SearchAction\",\"target\":{\"@type\":\"EntryPoint\",\"urlTemplate\":\"https:\/\/joyana.fr\/en\/?s={search_term_string}\"},\"query-input\":{\"@type\":\"PropertyValueSpecification\",\"valueRequired\":true,\"valueName\":\"search_term_string\"}}],\"inLanguage\":\"en-US\"},{\"@type\":[\"Person\",\"Organization\"],\"@id\":\"https:\/\/joyana.fr\/en\/#\/schema\/person\/cf2a1ad12a27c12c21801075bf37407c\",\"name\":\"Jo Yana\",\"image\":{\"@type\":\"ImageObject\",\"inLanguage\":\"en-US\",\"@id\":\"https:\/\/joyana.fr\/en\/#\/schema\/person\/image\/\",\"url\":\"https:\/\/i0.wp.com\/www.joyana.fr\/wp-content\/uploads\/2016\/08\/cropped-joyana-logo-black-360x180.png?fit=343%2C164&ssl=1\",\"contentUrl\":\"https:\/\/i0.wp.com\/www.joyana.fr\/wp-content\/uploads\/2016\/08\/cropped-joyana-logo-black-360x180.png?fit=343%2C164&ssl=1\",\"width\":343,\"height\":164,\"caption\":\"Jo Yana\"},\"logo\":{\"@id\":\"https:\/\/joyana.fr\/en\/#\/schema\/person\/image\/\"},\"description\":\"Jo Yana est le cr\u00e9ateur et r\u00e9dacteur en chef des sites DECO-DESIGN. Passionn\u00e9 de Design, Mode, Photo, Luxe, Lifestyle, Musique, mais avant tout Blogueur ! Le plaisir de partager l'anime et a comme devise \\\"POUR L'AMOUR DU BEAU\\\". Retrouvez le aussi sur son blog personnel - https:\/\/joyana.fr...\",\"sameAs\":[\"https:\/\/joyana.fr\/\"],\"url\":\"https:\/\/www.joyana.fr\/en\/author\/joyana\/\"}]}<\/script>\n<!-- \/ Yoast SEO plugin. -->","yoast_head_json":{"title":"Appartement Contemporain Parisien W par Regis BOTTA - JO YANA","robots":{"index":"index","follow":"follow","max-snippet":"max-snippet:-1","max-image-preview":"max-image-preview:large","max-video-preview":"max-video-preview:-1"},"canonical":"https:\/\/www.joyana.fr\/en\/appartement-contemporain-parisien-w-regis-botta\/113310\/","og_locale":"en_US","og_type":"article","og_title":"Appartement Contemporain Parisien W par Regis BOTTA - JO YANA","og_description":"Direction la capitale pour d\u00e9couvrir un sublime appartement contemporain parisien &#8211; r\u00e9alis\u00e9 par l&#8217;architecte Regis Botta pour Mr et Mme W&#8230; L&#8217;appartement Ws&#8217;\u00e9tend sur 200m2 situ\u00e9 au pied de la Tour Effeil \u00e0 Paris pour un couple et sa fille. Sign\u00e9 par l&#8217;architecte fran\u00e7ais Regis Botta qui confie avoir con\u00e7u cet appartement comme un objet [&hellip;]","og_url":"https:\/\/www.joyana.fr\/en\/appartement-contemporain-parisien-w-regis-botta\/113310\/","og_site_name":"JO YANA","article_published_time":"2013-05-23T11:56:17+00:00","og_image":[{"width":650,"height":845,"url":"https:\/\/www.joyana.fr\/wp-content\/uploads\/2013\/05\/RB-A-Wm-04.jpg","type":"image\/jpeg"}],"author":"Jo Yana","twitter_card":"summary_large_image","twitter_creator":"@Jo_Yana","twitter_site":"@Jo_Yana","twitter_misc":{"Written by":"Jo Yana","Est. reading time":"1 minute"},"schema":{"@context":"https:\/\/schema.org","@graph":[{"@type":"Article","@id":"https:\/\/www.joyana.fr\/ja\/appartement-contemporain-parisien-w-regis-botta\/113310\/#article","isPartOf":{"@id":"https:\/\/www.joyana.fr\/ja\/appartement-contemporain-parisien-w-regis-botta\/113310\/"},"author":{"name":"Jo Yana","@id":"https:\/\/joyana.fr\/en\/#\/schema\/person\/cf2a1ad12a27c12c21801075bf37407c"},"headline":"Appartement Contemporain Parisien W par Regis BOTTA","datePublished":"2013-05-23T11:56:17+00:00","mainEntityOfPage":{"@id":"https:\/\/www.joyana.fr\/ja\/appartement-contemporain-parisien-w-regis-botta\/113310\/"},"wordCount":174,"commentCount":0,"publisher":{"@id":"https:\/\/joyana.fr\/en\/#\/schema\/person\/cf2a1ad12a27c12c21801075bf37407c"},"image":{"@id":"https:\/\/www.joyana.fr\/ja\/appartement-contemporain-parisien-w-regis-botta\/113310\/#primaryimage"},"thumbnailUrl":"https:\/\/i0.wp.com\/www.joyana.fr\/wp-content\/uploads\/2013\/05\/RB-A-Wm-04.jpg?fit=650%2C845&ssl=1","keywords":["Appartement design","Architecte","Architecture","Paris"],"articleSection":["Appartement","ARCHITECTURE","DECO-DESIGN","France"],"inLanguage":"en-US","potentialAction":[{"@type":"CommentAction","name":"Comment","target":["https:\/\/www.joyana.fr\/ja\/appartement-contemporain-parisien-w-regis-botta\/113310\/#respond"]}]},{"@type":"WebPage","@id":"https:\/\/www.joyana.fr\/ja\/appartement-contemporain-parisien-w-regis-botta\/113310\/","url":"https:\/\/www.joyana.fr\/ja\/appartement-contemporain-parisien-w-regis-botta\/113310\/","name":"Appartement Contemporain Parisien W par Regis BOTTA - JO YANA","isPartOf":{"@id":"https:\/\/joyana.fr\/en\/#website"},"primaryImageOfPage":{"@id":"https:\/\/www.joyana.fr\/ja\/appartement-contemporain-parisien-w-regis-botta\/113310\/#primaryimage"},"image":{"@id":"https:\/\/www.joyana.fr\/ja\/appartement-contemporain-parisien-w-regis-botta\/113310\/#primaryimage"},"thumbnailUrl":"https:\/\/i0.wp.com\/www.joyana.fr\/wp-content\/uploads\/2013\/05\/RB-A-Wm-04.jpg?fit=650%2C845&ssl=1","datePublished":"2013-05-23T11:56:17+00:00","breadcrumb":{"@id":"https:\/\/www.joyana.fr\/ja\/appartement-contemporain-parisien-w-regis-botta\/113310\/#breadcrumb"},"inLanguage":"en-US","potentialAction":[{"@type":"ReadAction","target":["https:\/\/www.joyana.fr\/ja\/appartement-contemporain-parisien-w-regis-botta\/113310\/"]}]},{"@type":"ImageObject","inLanguage":"en-US","@id":"https:\/\/www.joyana.fr\/ja\/appartement-contemporain-parisien-w-regis-botta\/113310\/#primaryimage","url":"https:\/\/i0.wp.com\/www.joyana.fr\/wp-content\/uploads\/2013\/05\/RB-A-Wm-04.jpg?fit=650%2C845&ssl=1","contentUrl":"https:\/\/i0.wp.com\/www.joyana.fr\/wp-content\/uploads\/2013\/05\/RB-A-Wm-04.jpg?fit=650%2C845&ssl=1","width":650,"height":845},{"@type":"BreadcrumbList","@id":"https:\/\/www.joyana.fr\/ja\/appartement-contemporain-parisien-w-regis-botta\/113310\/#breadcrumb","itemListElement":[{"@type":"ListItem","position":1,"name":"Accueil","item":"https:\/\/joyana.fr\/en\/"},{"@type":"ListItem","position":2,"name":"Appartement Contemporain Parisien W par Regis BOTTA"}]},{"@type":"WebSite","@id":"https:\/\/joyana.fr\/en\/#website","url":"https:\/\/joyana.fr\/en\/","name":"JO YANA","description":"Blog Mode Homme, Lifestyle, D\u00e9co-Design","publisher":{"@id":"https:\/\/joyana.fr\/en\/#\/schema\/person\/cf2a1ad12a27c12c21801075bf37407c"},"potentialAction":[{"@type":"SearchAction","target":{"@type":"EntryPoint","urlTemplate":"https:\/\/joyana.fr\/en\/?s={search_term_string}"},"query-input":{"@type":"PropertyValueSpecification","valueRequired":true,"valueName":"search_term_string"}}],"inLanguage":"en-US"},{"@type":["Person","Organization"],"@id":"https:\/\/joyana.fr\/en\/#\/schema\/person\/cf2a1ad12a27c12c21801075bf37407c","name":"Jo Yana","image":{"@type":"ImageObject","inLanguage":"en-US","@id":"https:\/\/joyana.fr\/en\/#\/schema\/person\/image\/","url":"https:\/\/i0.wp.com\/www.joyana.fr\/wp-content\/uploads\/2016\/08\/cropped-joyana-logo-black-360x180.png?fit=343%2C164&ssl=1","contentUrl":"https:\/\/i0.wp.com\/www.joyana.fr\/wp-content\/uploads\/2016\/08\/cropped-joyana-logo-black-360x180.png?fit=343%2C164&ssl=1","width":343,"height":164,"caption":"Jo Yana"},"logo":{"@id":"https:\/\/joyana.fr\/en\/#\/schema\/person\/image\/"},"description":"Jo Yana est le cr\u00e9ateur et r\u00e9dacteur en chef des sites DECO-DESIGN. Passionn\u00e9 de Design, Mode, Photo, Luxe, Lifestyle, Musique, mais avant tout Blogueur ! Le plaisir de partager l'anime et a comme devise \"POUR L'AMOUR DU BEAU\". Retrouvez le aussi sur son blog personnel - https:\/\/joyana.fr...","sameAs":["https:\/\/joyana.fr\/"],"url":"https:\/\/www.joyana.fr\/en\/author\/joyana\/"}]}},"author_meta":{"display_name":"Jo Yana","author_link":"https:\/\/www.joyana.fr\/en\/author\/joyana\/"},"featured_img":"https:\/\/i0.wp.com\/www.joyana.fr\/wp-content\/uploads\/2013\/05\/RB-A-Wm-04.jpg?fit=299%2C389&ssl=1","featured_image_src":"https:\/\/i0.wp.com\/www.joyana.fr\/wp-content\/uploads\/2013\/05\/RB-A-Wm-04.jpg?resize=600%2C400&ssl=1","featured_image_src_square":"https:\/\/i0.wp.com\/www.joyana.fr\/wp-content\/uploads\/2013\/05\/RB-A-Wm-04.jpg?resize=600%2C600&ssl=1","jetpack_featured_media_url":"https:\/\/i0.wp.com\/www.joyana.fr\/wp-content\/uploads\/2013\/05\/RB-A-Wm-04.jpg?fit=650%2C845&ssl=1","uagb_featured_image_src":{"full":["https:\/\/i0.wp.com\/www.joyana.fr\/wp-content\/uploads\/2013\/05\/RB-A-Wm-04.jpg?fit=650%2C845&ssl=1",650,845,false],"thumbnail":["https:\/\/i0.wp.com\/www.joyana.fr\/wp-content\/uploads\/2013\/05\/RB-A-Wm-04.jpg?resize=150%2C150&ssl=1",150,150,true],"medium":["https:\/\/i0.wp.com\/www.joyana.fr\/wp-content\/uploads\/2013\/05\/RB-A-Wm-04.jpg?fit=299%2C389&ssl=1",299,389,true],"medium_large":["https:\/\/i0.wp.com\/www.joyana.fr\/wp-content\/uploads\/2013\/05\/RB-A-Wm-04.jpg?fit=650%2C845&ssl=1",650,845,true],"large":["https:\/\/i0.wp.com\/www.joyana.fr\/wp-content\/uploads\/2013\/05\/RB-A-Wm-04.jpg?fit=650%2C845&ssl=1",650,845,true],"1536x1536":["https:\/\/i0.wp.com\/www.joyana.fr\/wp-content\/uploads\/2013\/05\/RB-A-Wm-04.jpg?fit=650%2C845&ssl=1",650,845,true],"2048x2048":["https:\/\/i0.wp.com\/www.joyana.fr\/wp-content\/uploads\/2013\/05\/RB-A-Wm-04.jpg?fit=650%2C845&ssl=1",650,845,true],"featured-thumb":["https:\/\/i0.wp.com\/www.joyana.fr\/wp-content\/uploads\/2013\/05\/RB-A-Wm-04.jpg?resize=650%2C750&ssl=1",650,750,true],"ab-block-post-grid-landscape":["https:\/\/i0.wp.com\/www.joyana.fr\/wp-content\/uploads\/2013\/05\/RB-A-Wm-04.jpg?resize=600%2C400&ssl=1",600,400,true],"ab-block-post-grid-square":["https:\/\/i0.wp.com\/www.joyana.fr\/wp-content\/uploads\/2013\/05\/RB-A-Wm-04.jpg?resize=600%2C600&ssl=1",600,600,true],"author-pro-image":["https:\/\/i0.wp.com\/www.joyana.fr\/wp-content\/uploads\/2013\/05\/RB-A-Wm-04.jpg?resize=360%2C570&ssl=1",360,570,true],"slider":["https:\/\/i0.wp.com\/www.joyana.fr\/wp-content\/uploads\/2013\/05\/RB-A-Wm-04.jpg?resize=650%2C400&ssl=1",650,400,true],"woocommerce_thumbnail":["https:\/\/i0.wp.com\/www.joyana.fr\/wp-content\/uploads\/2013\/05\/RB-A-Wm-04.jpg?resize=450%2C450&ssl=1",450,450,true],"woocommerce_single":["https:\/\/i0.wp.com\/www.joyana.fr\/wp-content\/uploads\/2013\/05\/RB-A-Wm-04.jpg?fit=650%2C845&ssl=1",650,845,true],"woocommerce_gallery_thumbnail":["https:\/\/i0.wp.com\/www.joyana.fr\/wp-content\/uploads\/2013\/05\/RB-A-Wm-04.jpg?resize=180%2C180&ssl=1",180,180,true],"sow-carousel-default":["https:\/\/i0.wp.com\/www.joyana.fr\/wp-content\/uploads\/2013\/05\/RB-A-Wm-04.jpg?resize=272%2C182&ssl=1",272,182,true]},"uagb_author_info":{"display_name":"Jo Yana","author_link":"https:\/\/www.joyana.fr\/en\/author\/joyana\/"},"uagb_comment_info":0,"uagb_excerpt":"Direction la capitale pour d\u00e9couvrir un sublime appartement contemporain parisien &#8211; r\u00e9alis\u00e9 par l&#8217;architecte Regis Botta pour Mr et Mme W&#8230; L&#8217;appartement Ws&#8217;\u00e9tend sur 200m2 situ\u00e9 au pied de la Tour Effeil \u00e0 Paris pour un couple et sa fille. Sign\u00e9 par l&#8217;architecte fran\u00e7ais Regis Botta qui confie avoir con\u00e7u cet appartement comme un objet&hellip;","coauthors":[],"tax_additional":{"categories":{"linked":["<a href=\"https:\/\/www.joyana.fr\/en\/category\/deco-design\/architecture-deco-design\/lieux-design\/appartement\/\" class=\"advgb-post-tax-term\">Appartement<\/a>","<a href=\"https:\/\/www.joyana.fr\/en\/category\/portfolio\/architecture\/\" class=\"advgb-post-tax-term\">ARCHITECTURE<\/a>","<a href=\"https:\/\/www.joyana.fr\/en\/category\/deco-design\/\" class=\"advgb-post-tax-term\">DECO-DESIGN<\/a>","<a href=\"https:\/\/www.joyana.fr\/en\/category\/deco-design\/architecture-deco-design\/pays\/france\/\" class=\"advgb-post-tax-term\">France<\/a>"],"unlinked":["<span class=\"advgb-post-tax-term\">Appartement<\/span>","<span class=\"advgb-post-tax-term\">ARCHITECTURE<\/span>","<span class=\"advgb-post-tax-term\">DECO-DESIGN<\/span>","<span class=\"advgb-post-tax-term\">France<\/span>"]},"tags":{"linked":["<a href=\"https:\/\/www.joyana.fr\/en\/category\/deco-design\/architecture-deco-design\/pays\/france\/\" class=\"advgb-post-tax-term\">Appartement design<\/a>","<a href=\"https:\/\/www.joyana.fr\/en\/category\/deco-design\/architecture-deco-design\/pays\/france\/\" class=\"advgb-post-tax-term\">Architecte<\/a>","<a href=\"https:\/\/www.joyana.fr\/en\/category\/deco-design\/architecture-deco-design\/pays\/france\/\" class=\"advgb-post-tax-term\">Architecture<\/a>","<a href=\"https:\/\/www.joyana.fr\/en\/category\/deco-design\/architecture-deco-design\/pays\/france\/\" class=\"advgb-post-tax-term\">Paris<\/a>"],"unlinked":["<span class=\"advgb-post-tax-term\">Appartement design<\/span>","<span class=\"advgb-post-tax-term\">Architecte<\/span>","<span class=\"advgb-post-tax-term\">Architecture<\/span>","<span class=\"advgb-post-tax-term\">Paris<\/span>"]}},"comment_count":0,"relative_dates":{"created":"Posted 13 years ago","modified":"Updated 13 years ago"},"absolute_dates":{"created":"Posted on 23 May 2013","modified":"Updated on 23 May 2013"},"absolute_dates_time":{"created":"Posted on 23 May 2013 12:56","modified":"Updated on 23 May 2013 12:56"},"featured_img_caption":"","series_order":"","jetpack_sharing_enabled":true,"jetpack_shortlink":"https:\/\/wp.me\/p9bteI-ttA","jetpack-related-posts":[],"_links":{"self":[{"href":"https:\/\/www.joyana.fr\/en\/wp-json\/wp\/v2\/posts\/113310","targetHints":{"allow":["GET"]}}],"collection":[{"href":"https:\/\/www.joyana.fr\/en\/wp-json\/wp\/v2\/posts"}],"about":[{"href":"https:\/\/www.joyana.fr\/en\/wp-json\/wp\/v2\/types\/post"}],"author":[{"embeddable":true,"href":"https:\/\/www.joyana.fr\/en\/wp-json\/wp\/v2\/users\/3"}],"replies":[{"embeddable":true,"href":"https:\/\/www.joyana.fr\/en\/wp-json\/wp\/v2\/comments?post=113310"}],"version-history":[{"count":0,"href":"https:\/\/www.joyana.fr\/en\/wp-json\/wp\/v2\/posts\/113310\/revisions"}],"wp:featuredmedia":[{"embeddable":true,"href":"https:\/\/www.joyana.fr\/en\/wp-json\/wp\/v2\/media\/113313"}],"wp:attachment":[{"href":"https:\/\/www.joyana.fr\/en\/wp-json\/wp\/v2\/media?parent=113310"}],"wp:term":[{"taxonomy":"category","embeddable":true,"href":"https:\/\/www.joyana.fr\/en\/wp-json\/wp\/v2\/categories?post=113310"},{"taxonomy":"post_tag","embeddable":true,"href":"https:\/\/www.joyana.fr\/en\/wp-json\/wp\/v2\/tags?post=113310"}],"curies":[{"name":"wp","href":"https:\/\/api.w.org\/{rel}","templated":true}]}}