{"id":112477,"date":"2014-03-31T06:26:45","date_gmt":"2014-03-31T05:26:45","guid":{"rendered":"https:\/\/joyana.fr\/?p=12477"},"modified":"2014-03-31T06:26:45","modified_gmt":"2014-03-31T05:26:45","slug":"deco-design-kossi-aguessy-nouvelle-identite-v3","status":"publish","type":"post","link":"https:\/\/www.joyana.fr\/en\/deco-design-kossi-aguessy-nouvelle-identite-v3\/112477\/","title":{"rendered":"Le DECO-DESIGN de Kossi AGUESSY"},"content":{"rendered":"<p style=\"text-align: justify;\">Le nouveau\u00a0<a title=\"blog design\" href=\"https:\/\/joyana.fr\" target=\"_blank\"><strong>Deco-Design<\/strong><\/a>\u00a0est le fruit de la collaboration in\u00e9dite entre un blog et un designer de renom &#8211;\u00a0<a title=\"Kossi AGUESSY\" href=\"https:\/\/joyana.fr\/category\/designer\/kossi-aguessy\/\" target=\"_blank\"><strong>Kossi Aguessy<\/strong><\/a>\u00a0qui en signe la nouvelle identit\u00e9\u00a0&#8230; Et pour le lancement de cette V3 , le designer endosse le costume de directeur de la r\u00e9daction de notre m\u00e9dia pendant 7 jours&#8230;<\/p>\n<p style=\"text-align: justify;\">Sept jours pendant lesquels vous pourrez d\u00e9couvrir <a title=\"DECO-DESIGN by KOSSI AGUESSY\" href=\"https:\/\/joyana.fr\/category\/actualite\/le-deco-design-de-kossi-aguessy\/\" target=\"_blank\"><strong>le Deco-Design de Kossi Aguessy<\/strong><\/a>. Des coups de coeurs, des coups de gueules, des reportages, des interviews, du contenu impr\u00e9gn\u00e9 de la personnalit\u00e9 de Kossi Aguessy, pour une d\u00e9marche m\u00e9diatique in\u00e9dite.<\/p>\n<p style=\"text-align: justify;\">Cette d\u00e9marche, qui a \u00e9t\u00e9 voulue, pens\u00e9e depuis une ann\u00e9e dans ses moindres d\u00e9tails, s&#8217;est construite de mani\u00e8re tr\u00e8s intuitive et naturelle. Depuis la cr\u00e9ation de <strong>Deco-Design<\/strong> en 2007, des affinit\u00e9s se sont cr\u00e9\u00e9es avec les diff\u00e9rents artistes, cr\u00e9ateurs et cr\u00e9atifs qui font l&#8217;actualit\u00e9. Depuis quelques ann\u00e9es nous les interviewons ou croisons sur les diff\u00e9rents \u00e9v\u00e8nements et salons mondiaux. Parmi les plus prolixes ces derni\u00e8res ann\u00e9es, il y a <strong>Kossi Aguessy<\/strong> &#8211; un surdou\u00e9 du crayon qui nous \u00e9clabousse de son talent \u00e0 chaque cr\u00e9ation, entre art, technologies et design onirique&#8230; Avec lui, un jour, autour d&#8217;un caf\u00e9 Milanais, l&#8217;id\u00e9e nait, telle une boutade, d&#8217;une carte blanche , une collaboration num\u00e9rique entre un m\u00e9dia 2.1 et un cr\u00e9ateur, une premi\u00e8re dans le genre !<\/p>\n<p><a href=\"https:\/\/i0.wp.com\/joyana.fr\/wp-content\/uploads\/2014\/03\/DECO-DESIGN-DE-KOSSI-AGUESSY-BLASON.jpg?ssl=1\"><img data-recalc-dims=\"1\" fetchpriority=\"high\" decoding=\"async\" class=\"alignnone size-full wp-image-16233\" alt=\"DECO DESIGN DE KOSSI AGUESSY BLASON\" src=\"https:\/\/i0.wp.com\/joyana.fr\/wp-content\/uploads\/2014\/03\/DECO-DESIGN-DE-KOSSI-AGUESSY-BLASON.jpg?resize=650%2C650&#038;ssl=1\" width=\"650\" height=\"650\" \/><\/a><\/p>\n<p><a href=\"https:\/\/i0.wp.com\/joyana.fr\/wp-content\/uploads\/2014\/03\/TYPO-%2B-baseline-DECODESIGN-KOSSI-AGUESSY.jpg?ssl=1\"><img data-recalc-dims=\"1\" decoding=\"async\" class=\"alignnone size-full wp-image-16234\" alt=\"TYPO + baseline DECODESIGN KOSSI AGUESSY\" src=\"https:\/\/i0.wp.com\/joyana.fr\/wp-content\/uploads\/2014\/03\/TYPO-%2B-baseline-DECODESIGN-KOSSI-AGUESSY.jpg?resize=650%2C134&#038;ssl=1\" width=\"650\" height=\"134\" \/><\/a><\/p>\n<p style=\"text-align: justify;\">Il faut croire que certaines plaisanteries valent leur pesant d&#8217;or. Un ann\u00e9e jour pour jour quasiment plus tard, le r\u00e9sultat de cette collaboration nouvelle vague; une identit\u00e9 globale aux \u00a0lignes fluides et \u00e9pur\u00e9es. Une homog\u00e9n\u00e9it\u00e9 qui se traduit en un logotype (deux D s&#8217;entrecroisent et se d\u00e9voilent \u00e0 travers les courbes dessin\u00e9es par le designer), une typographie \u00e9l\u00e9gante et sans ruptures, \u00a0un nom \u00a0qui s&#8217;internationalise (et\u00a0perd son accent), une baseline qui nous correspond \u00a0\u00e0 tout points de vue :\u00a0<b>SENS + BEAUTY, NOTHING MORE, NOTHING LESS<\/b>. \u00a0et le design du nouveau th\u00e8me &#8211; tr\u00e8s Flat Design&#8230;<\/p>\n<p style=\"text-align: justify;\"><span style=\"line-height: 1.5em;\">En esp\u00e9rant que l&#8217;enthousiasme qui a anim\u00e9 cette collaboration soit transmise \u00e0 nos lecteurs fid\u00e8les et aux nouveaux venus, et que le r\u00e9sultat ainsi que ce nouvel \u00e9lan vous plaise. Nous passons la main \u00e0 Kossi Aguessy qui va\u00a0<\/span>diriger ce blog d&#8217;une main de ma\u00eetre pendant 7 jours&#8230;<span style=\"line-height: 1.5em;\"><br \/>\n<\/span><\/p>\n<p><span style=\"color: #000000;\">.<\/span><\/p>\n<h2 style=\"text-align: center;\">LE DECO-DESIGN DE KOSSI AGUESSY<\/h2>\n<p><span style=\"color: #000000;\">.<\/span><\/p>\n<h3 style=\"text-align: center;\"><a href=\"https:\/\/joyana.fr\/vibein-music-for-the-mind-by-kossi-aguessy\/16278\/\" target=\"_blank\">Playlist #1 &#8211; VIBEIN &#8211; Music For The Mind<\/a><\/h3>\n<p><a href=\"https:\/\/i0.wp.com\/joyana.fr\/wp-content\/uploads\/2014\/03\/COVER-VIBE-IN.jpg?ssl=1\"><img data-recalc-dims=\"1\" decoding=\"async\" class=\"alignnone size-large wp-image-16237\" alt=\"COVER VIBE IN\" src=\"https:\/\/i0.wp.com\/joyana.fr\/wp-content\/uploads\/2014\/03\/COVER-VIBE-IN-650x652.jpg?resize=650%2C652&#038;ssl=1\" width=\"650\" height=\"652\" \/><\/a><\/p>\n<p><span style=\"color: #000000;\">.<\/span><\/p>\n<h3 style=\"text-align: center;\"><a title=\"INTERVIEW LA BOITE CONCEPT\" href=\"https:\/\/joyana.fr\/interview-la-boite-concept-kossi-aguessy\/12468\/\" target=\"_blank\">Interview LA BOITE CONCEPT<\/a><\/h3>\n<p><a href=\"https:\/\/i0.wp.com\/joyana.fr\/wp-content\/uploads\/2014\/07\/LA-BOITE-CONCEPT-DECODESIGN-KOSSI-AGUESSY.jpg?ssl=1\"><img data-recalc-dims=\"1\" loading=\"lazy\" decoding=\"async\" class=\"alignnone size-full wp-image-16239\" alt=\"LA BOITE CONCEPT DECODESIGN KOSSI AGUESSY\" src=\"https:\/\/i0.wp.com\/joyana.fr\/wp-content\/uploads\/2014\/07\/LA-BOITE-CONCEPT-DECODESIGN-KOSSI-AGUESSY.jpg?resize=650%2C450&#038;ssl=1\" width=\"650\" height=\"450\" \/><\/a><\/p>\n<p><span style=\"color: #000000;\">.<\/span><\/p>\n<h3 style=\"text-align: center;\"><a title=\"DISCIPLINE\" href=\"https:\/\/joyana.fr\/interview-discipline-creation-renato-preti\/16322\/\" target=\"_blank\">DISCIPLINE &#038; CREATION<\/a><\/h3>\n<p><a title=\"DISCIPLINE\" href=\"https:\/\/joyana.fr\/interview-discipline-creation-renato-preti\/16322\/\" target=\"_blank\"><img data-recalc-dims=\"1\" loading=\"lazy\" decoding=\"async\" class=\"alignnone size-full wp-image-16462\" alt=\"DISCIPLINE_321\" src=\"https:\/\/i0.wp.com\/joyana.fr\/wp-content\/uploads\/2014\/04\/DISCIPLINE_321.jpg?resize=650%2C448&#038;ssl=1\" width=\"650\" height=\"448\" \/><\/a><\/p>\n<p><span style=\"color: #000000;\">.<\/span><\/p>\n<h3 style=\"text-align: center;\"><a title=\"ASYMPTOTE\" href=\"https:\/\/joyana.fr\/asymptote-en-courbe-ascendante-architecture-hani-rashid-anne-lise-couture\/16472\/\" target=\"_blank\">ASYMPTOTE en courbe ascendante<\/a><\/h3>\n<p><a title=\"ASYMPTOTE\" href=\"https:\/\/joyana.fr\/asymptote-en-courbe-ascendante-architecture-hani-rashid-anne-lise-couture\/16472\/\" target=\"_blank\"><img data-recalc-dims=\"1\" loading=\"lazy\" decoding=\"async\" data-attachment-id=\"16515\" data-permalink=\"https:\/\/www.joyana.fr\/en\/lexperience-renaissance-hotel-aix-en-provence\/16506\/blog_lexperience-renaissance-copie\/\" data-orig-file=\"https:\/\/i0.wp.com\/www.joyana.fr\/wp-content\/uploads\/2015\/02\/BLOG_LEXPERIENCE-RENAISSANCE-copie.jpg?fit=1000%2C1000&amp;ssl=1\" data-orig-size=\"1000,1000\" data-comments-opened=\"1\" data-image-meta=\"{&quot;aperture&quot;:&quot;0&quot;,&quot;credit&quot;:&quot;&quot;,&quot;camera&quot;:&quot;&quot;,&quot;caption&quot;:&quot;&quot;,&quot;created_timestamp&quot;:&quot;0&quot;,&quot;copyright&quot;:&quot;&quot;,&quot;focal_length&quot;:&quot;0&quot;,&quot;iso&quot;:&quot;0&quot;,&quot;shutter_speed&quot;:&quot;0&quot;,&quot;title&quot;:&quot;&quot;,&quot;orientation&quot;:&quot;1&quot;}\" data-image-title=\"BLOG_LEXPERIENCE RENAISSANCE copie\" data-image-description=\"\" data-image-caption=\"\" data-medium-file=\"https:\/\/i0.wp.com\/www.joyana.fr\/wp-content\/uploads\/2015\/02\/BLOG_LEXPERIENCE-RENAISSANCE-copie.jpg?fit=389%2C389&amp;ssl=1\" data-large-file=\"https:\/\/i0.wp.com\/www.joyana.fr\/wp-content\/uploads\/2015\/02\/BLOG_LEXPERIENCE-RENAISSANCE-copie.jpg?fit=1000%2C1000&amp;ssl=1\" class=\"alignnone size-full wp-image-16515\" alt=\"asymptote kossi aguessy decodesign\" src=\"https:\/\/i0.wp.com\/joyana.fr\/wp-content\/uploads\/2014\/03\/asymptote-kossi-aguessy-decodesign.jpg?resize=650%2C450&#038;ssl=1\" width=\"650\" height=\"450\" \/><\/a><\/p>\n<p style=\"text-align: center;\"><span style=\"line-height: 1.5em; color: #000000;\">.<\/span><\/p>\n<h3 style=\"text-align: center;\"><a title=\"HAUDE AU METAL\" href=\"https:\/\/joyana.fr\/haude-au-metal-haude-bernabe-art-sculpture\/16517\/\" target=\"_blank\">HAUDE AU METAL<\/a><\/h3>\n<p><a title=\"HAUDE AU METAL\" href=\"https:\/\/joyana.fr\/haude-au-metal-haude-bernabe-art-sculpture\/16517\/\" target=\"_blank\"><img data-recalc-dims=\"1\" loading=\"lazy\" decoding=\"async\" class=\"alignnone size-full wp-image-16529\" alt=\"SCULPTURE KOSSI\" src=\"https:\/\/i0.wp.com\/joyana.fr\/wp-content\/uploads\/2014\/03\/SCULPTURE-KOSSI.jpg?resize=650%2C450&#038;ssl=1\" width=\"650\" height=\"450\" \/><\/a><\/p>\n<p><span style=\"color: #000000;\">.<\/span><\/p>\n<h3 style=\"text-align: center;\"><a href=\"https:\/\/joyana.fr\/vibout-music-for-the-feet\/16537\/\" target=\"_blank\">Playlist #2 &#8211; VIBEOUT &#8211; Music For The Feet<\/a><\/h3>\n<p><a href=\"https:\/\/joyana.fr\/vibout-music-for-the-feet\/16537\/\"><img data-recalc-dims=\"1\" loading=\"lazy\" decoding=\"async\" data-attachment-id=\"16600\" data-permalink=\"https:\/\/www.joyana.fr\/en\/ikks-lookbook-springsummer-2015\/16592\/mf48023-02mf12063-02mf22003-27md91053-02mf89023-02\/\" data-orig-file=\"https:\/\/i0.wp.com\/www.joyana.fr\/wp-content\/uploads\/2015\/02\/15E_IkksMen_LOOK08_LD.jpg?fit=922%2C1382&amp;ssl=1\" data-orig-size=\"922,1382\" data-comments-opened=\"1\" data-image-meta=\"{&quot;aperture&quot;:&quot;0&quot;,&quot;credit&quot;:&quot;&quot;,&quot;camera&quot;:&quot;&quot;,&quot;caption&quot;:&quot;MF48023-02;MF12063-02;MF22003-27;MD91053-02;MF89023-02&quot;,&quot;created_timestamp&quot;:&quot;0&quot;,&quot;copyright&quot;:&quot;&quot;,&quot;focal_length&quot;:&quot;0&quot;,&quot;iso&quot;:&quot;0&quot;,&quot;shutter_speed&quot;:&quot;0&quot;,&quot;title&quot;:&quot;MF48023-02;MF12063-02;MF22003-27;MD91053-02;MF89023-02&quot;,&quot;orientation&quot;:&quot;1&quot;}\" data-image-title=\"MF48023-02;MF12063-02;MF22003-27;MD91053-02;MF89023-02\" data-image-description=\"\" data-image-caption=\"\" data-medium-file=\"https:\/\/i0.wp.com\/www.joyana.fr\/wp-content\/uploads\/2015\/02\/15E_IkksMen_LOOK08_LD.jpg?fit=260%2C389&amp;ssl=1\" data-large-file=\"https:\/\/i0.wp.com\/www.joyana.fr\/wp-content\/uploads\/2015\/02\/15E_IkksMen_LOOK08_LD.jpg?fit=683%2C1024&amp;ssl=1\" class=\"alignnone size-large wp-image-16600\" alt=\"cover VIBE OUT\" src=\"https:\/\/i0.wp.com\/joyana.fr\/wp-content\/uploads\/2014\/03\/cover-VIBE-OUT-650x650.jpg?resize=650%2C650&#038;ssl=1\" width=\"650\" height=\"650\" \/><\/a><\/p>\n<p style=\"text-align: center;\"><span style=\"line-height: 1.5em; color: #000000;\">.<\/span><\/p>\n<p style=\"text-align: center;\">En savoir + sur\u00a0<a title=\"Kossi Aguessy\" href=\"http:\/\/www.aguessy.biz\" target=\"_blank\"><strong>Kossi Aguessy<\/strong><\/a><\/p>\n","protected":false},"excerpt":{"rendered":"<p>Le nouveau Deco-Design est le fruit de la collaboration in\u00e9dite entre un blog et un designer de renom &#8211; Kossi Aguessy qui en signe la nouvelle identit\u00e9 &#8230; Et pour le lancement de cette V3 , le designer endosse le costume de directeur de la r\u00e9daction de notre m\u00e9dia pendant 7 jours&#8230;<\/p>\n","protected":false},"author":3,"featured_media":116235,"comment_status":"open","ping_status":"open","sticky":false,"template":"","format":"standard","meta":{"_coblocks_attr":"","_coblocks_dimensions":"","_coblocks_responsive_height":"","_coblocks_accordion_ie_support":"","_uag_custom_page_level_css":"","advgb_blocks_editor_width":"","advgb_blocks_columns_visual_guide":"","_genesis_hide_title":false,"_genesis_hide_breadcrumbs":false,"_genesis_hide_singular_image":false,"_genesis_hide_footer_widgets":false,"_genesis_custom_body_class":"","_genesis_custom_post_class":"","_genesis_layout":"","_themeisle_gutenberg_block_has_review":false,"_jetpack_newsletter_access":"","_jetpack_dont_email_post_to_subs":false,"_jetpack_newsletter_tier_id":0,"_jetpack_memberships_contains_paywalled_content":false,"_jetpack_memberships_contains_paid_content":false,"footnotes":""},"categories":[1036,938,905,1016,1653],"tags":[954,1601,1654,803,1655],"class_list":{"0":"post-112477","1":"post","2":"type-post","3":"status-publish","4":"format-standard","5":"has-post-thumbnail","7":"category-a-la-une","8":"category-actualite-deco-design","9":"category-deco-design","10":"category-kossi-aguessy","11":"category-le-deco-design-de-kossi-aguessy","12":"tag-blog-deco-design","13":"tag-deco-design","14":"tag-identite","15":"tag-kossi-aguessy","16":"tag-logo","17":"entry"},"featured_image_urls":{"full":["https:\/\/i0.wp.com\/www.joyana.fr\/wp-content\/uploads\/2014\/03\/LE-DECODESIGN-DE-KOSSI-AGUESSY.jpg?fit=1650%2C1031&ssl=1",1650,1031,false],"thumbnail":["https:\/\/i0.wp.com\/www.joyana.fr\/wp-content\/uploads\/2014\/03\/LE-DECODESIGN-DE-KOSSI-AGUESSY.jpg?resize=150%2C150&ssl=1",150,150,true],"medium":["https:\/\/i0.wp.com\/www.joyana.fr\/wp-content\/uploads\/2014\/03\/LE-DECODESIGN-DE-KOSSI-AGUESSY.jpg?fit=389%2C243&ssl=1",389,243,true],"medium_large":["https:\/\/i0.wp.com\/www.joyana.fr\/wp-content\/uploads\/2014\/03\/LE-DECODESIGN-DE-KOSSI-AGUESSY.jpg?fit=768%2C480&ssl=1",768,480,true],"large":["https:\/\/i0.wp.com\/www.joyana.fr\/wp-content\/uploads\/2014\/03\/LE-DECODESIGN-DE-KOSSI-AGUESSY.jpg?fit=1024%2C640&ssl=1",1024,640,true],"1536x1536":["https:\/\/i0.wp.com\/www.joyana.fr\/wp-content\/uploads\/2014\/03\/LE-DECODESIGN-DE-KOSSI-AGUESSY.jpg?fit=1536%2C960&ssl=1",1536,960,true],"2048x2048":["https:\/\/i0.wp.com\/www.joyana.fr\/wp-content\/uploads\/2014\/03\/LE-DECODESIGN-DE-KOSSI-AGUESSY.jpg?fit=1650%2C1031&ssl=1",1650,1031,true],"featured-thumb":["https:\/\/i0.wp.com\/www.joyana.fr\/wp-content\/uploads\/2014\/03\/LE-DECODESIGN-DE-KOSSI-AGUESSY.jpg?resize=1650%2C750&ssl=1",1650,750,true],"ab-block-post-grid-landscape":["https:\/\/i0.wp.com\/www.joyana.fr\/wp-content\/uploads\/2014\/03\/LE-DECODESIGN-DE-KOSSI-AGUESSY.jpg?resize=600%2C400&ssl=1",600,400,true],"ab-block-post-grid-square":["https:\/\/i0.wp.com\/www.joyana.fr\/wp-content\/uploads\/2014\/03\/LE-DECODESIGN-DE-KOSSI-AGUESSY.jpg?resize=600%2C600&ssl=1",600,600,true],"author-pro-image":["https:\/\/i0.wp.com\/www.joyana.fr\/wp-content\/uploads\/2014\/03\/LE-DECODESIGN-DE-KOSSI-AGUESSY.jpg?resize=360%2C570&ssl=1",360,570,true],"slider":["https:\/\/i0.wp.com\/www.joyana.fr\/wp-content\/uploads\/2014\/03\/LE-DECODESIGN-DE-KOSSI-AGUESSY.jpg?resize=920%2C400&ssl=1",920,400,true],"woocommerce_thumbnail":["https:\/\/i0.wp.com\/www.joyana.fr\/wp-content\/uploads\/2014\/03\/LE-DECODESIGN-DE-KOSSI-AGUESSY.jpg?resize=450%2C450&ssl=1",450,450,true],"woocommerce_single":["https:\/\/i0.wp.com\/www.joyana.fr\/wp-content\/uploads\/2014\/03\/LE-DECODESIGN-DE-KOSSI-AGUESSY.jpg?fit=920%2C575&ssl=1",920,575,true],"woocommerce_gallery_thumbnail":["https:\/\/i0.wp.com\/www.joyana.fr\/wp-content\/uploads\/2014\/03\/LE-DECODESIGN-DE-KOSSI-AGUESSY.jpg?resize=180%2C180&ssl=1",180,180,true],"sow-carousel-default":["https:\/\/i0.wp.com\/www.joyana.fr\/wp-content\/uploads\/2014\/03\/LE-DECODESIGN-DE-KOSSI-AGUESSY.jpg?resize=272%2C182&ssl=1",272,182,true]},"post_excerpt_stackable":"<p>Le nouveau Deco-Design est le fruit de la collaboration in\u00e9dite entre un blog et un designer de renom &#8211; Kossi Aguessy qui en signe la nouvelle identit\u00e9 &#8230; Et pour le lancement de cette V3 , le designer endosse le costume de directeur de la r\u00e9daction de notre m\u00e9dia pendant 7 jours&#8230;<\/p>\n","category_list":"<a href=\"https:\/\/www.joyana.fr\/en\/category\/a-la-une\/\" rel=\"category tag\">A la une !!!<\/a>, <a href=\"https:\/\/www.joyana.fr\/en\/category\/deco-design\/actualite\/actualite-deco-design\/\" rel=\"category tag\">Actualit\u00e9 D\u00e9co-Design<\/a>, <a href=\"https:\/\/www.joyana.fr\/en\/category\/deco-design\/\" rel=\"category tag\">DECO-DESIGN<\/a>, <a href=\"https:\/\/www.joyana.fr\/en\/category\/deco-design\/designer\/kossi-aguessy\/\" rel=\"category tag\">Kossi AGUESSY<\/a>, <a href=\"https:\/\/www.joyana.fr\/en\/category\/deco-design\/actualite\/le-deco-design-de-kossi-aguessy\/\" rel=\"category tag\">Le Deco-Design de Kossi Aguessy<\/a>","author_info":{"display_name":"Jo Yana","author_link":"https:\/\/www.joyana.fr\/en\/author\/joyana\/"},"comments_num":"0 comments","featured_image_urls_v2":{"full":["https:\/\/i0.wp.com\/www.joyana.fr\/wp-content\/uploads\/2014\/03\/LE-DECODESIGN-DE-KOSSI-AGUESSY.jpg?fit=1650%2C1031&ssl=1",1650,1031,false],"thumbnail":["https:\/\/i0.wp.com\/www.joyana.fr\/wp-content\/uploads\/2014\/03\/LE-DECODESIGN-DE-KOSSI-AGUESSY.jpg?resize=150%2C150&ssl=1",150,150,true],"medium":["https:\/\/i0.wp.com\/www.joyana.fr\/wp-content\/uploads\/2014\/03\/LE-DECODESIGN-DE-KOSSI-AGUESSY.jpg?fit=389%2C243&ssl=1",389,243,true],"medium_large":["https:\/\/i0.wp.com\/www.joyana.fr\/wp-content\/uploads\/2014\/03\/LE-DECODESIGN-DE-KOSSI-AGUESSY.jpg?fit=768%2C480&ssl=1",768,480,true],"large":["https:\/\/i0.wp.com\/www.joyana.fr\/wp-content\/uploads\/2014\/03\/LE-DECODESIGN-DE-KOSSI-AGUESSY.jpg?fit=1024%2C640&ssl=1",1024,640,true],"1536x1536":["https:\/\/i0.wp.com\/www.joyana.fr\/wp-content\/uploads\/2014\/03\/LE-DECODESIGN-DE-KOSSI-AGUESSY.jpg?fit=1536%2C960&ssl=1",1536,960,true],"2048x2048":["https:\/\/i0.wp.com\/www.joyana.fr\/wp-content\/uploads\/2014\/03\/LE-DECODESIGN-DE-KOSSI-AGUESSY.jpg?fit=1650%2C1031&ssl=1",1650,1031,true],"featured-thumb":["https:\/\/i0.wp.com\/www.joyana.fr\/wp-content\/uploads\/2014\/03\/LE-DECODESIGN-DE-KOSSI-AGUESSY.jpg?resize=1650%2C750&ssl=1",1650,750,true],"ab-block-post-grid-landscape":["https:\/\/i0.wp.com\/www.joyana.fr\/wp-content\/uploads\/2014\/03\/LE-DECODESIGN-DE-KOSSI-AGUESSY.jpg?resize=600%2C400&ssl=1",600,400,true],"ab-block-post-grid-square":["https:\/\/i0.wp.com\/www.joyana.fr\/wp-content\/uploads\/2014\/03\/LE-DECODESIGN-DE-KOSSI-AGUESSY.jpg?resize=600%2C600&ssl=1",600,600,true],"author-pro-image":["https:\/\/i0.wp.com\/www.joyana.fr\/wp-content\/uploads\/2014\/03\/LE-DECODESIGN-DE-KOSSI-AGUESSY.jpg?resize=360%2C570&ssl=1",360,570,true],"slider":["https:\/\/i0.wp.com\/www.joyana.fr\/wp-content\/uploads\/2014\/03\/LE-DECODESIGN-DE-KOSSI-AGUESSY.jpg?resize=920%2C400&ssl=1",920,400,true],"woocommerce_thumbnail":["https:\/\/i0.wp.com\/www.joyana.fr\/wp-content\/uploads\/2014\/03\/LE-DECODESIGN-DE-KOSSI-AGUESSY.jpg?resize=450%2C450&ssl=1",450,450,true],"woocommerce_single":["https:\/\/i0.wp.com\/www.joyana.fr\/wp-content\/uploads\/2014\/03\/LE-DECODESIGN-DE-KOSSI-AGUESSY.jpg?fit=920%2C575&ssl=1",920,575,true],"woocommerce_gallery_thumbnail":["https:\/\/i0.wp.com\/www.joyana.fr\/wp-content\/uploads\/2014\/03\/LE-DECODESIGN-DE-KOSSI-AGUESSY.jpg?resize=180%2C180&ssl=1",180,180,true],"sow-carousel-default":["https:\/\/i0.wp.com\/www.joyana.fr\/wp-content\/uploads\/2014\/03\/LE-DECODESIGN-DE-KOSSI-AGUESSY.jpg?resize=272%2C182&ssl=1",272,182,true]},"post_excerpt_stackable_v2":"<p>Le nouveau Deco-Design est le fruit de la collaboration in\u00e9dite entre un blog et un designer de renom &#8211; Kossi Aguessy qui en signe la nouvelle identit\u00e9 &#8230; Et pour le lancement de cette V3 , le designer endosse le costume de directeur de la r\u00e9daction de notre m\u00e9dia pendant 7 jours&#8230;<\/p>\n","category_list_v2":"<a href=\"https:\/\/www.joyana.fr\/en\/category\/a-la-une\/\" rel=\"category tag\">A la une !!!<\/a>, <a href=\"https:\/\/www.joyana.fr\/en\/category\/deco-design\/actualite\/actualite-deco-design\/\" rel=\"category tag\">Actualit\u00e9 D\u00e9co-Design<\/a>, <a href=\"https:\/\/www.joyana.fr\/en\/category\/deco-design\/\" rel=\"category tag\">DECO-DESIGN<\/a>, <a href=\"https:\/\/www.joyana.fr\/en\/category\/deco-design\/designer\/kossi-aguessy\/\" rel=\"category tag\">Kossi AGUESSY<\/a>, <a href=\"https:\/\/www.joyana.fr\/en\/category\/deco-design\/actualite\/le-deco-design-de-kossi-aguessy\/\" rel=\"category tag\">Le Deco-Design de Kossi Aguessy<\/a>","author_info_v2":{"name":"Jo Yana","url":"https:\/\/www.joyana.fr\/en\/author\/joyana\/"},"comments_num_v2":"0 comments","yoast_head":"<!-- This site is optimized with the Yoast SEO plugin v26.8 - https:\/\/yoast.com\/product\/yoast-seo-wordpress\/ -->\n<title>Le DECO-DESIGN de Kossi AGUESSY - JO YANA<\/title>\n<meta name=\"robots\" content=\"index, follow, max-snippet:-1, max-image-preview:large, max-video-preview:-1\" \/>\n<link rel=\"canonical\" href=\"https:\/\/www.joyana.fr\/en\/deco-design-kossi-aguessy-nouvelle-identite-v3\/112477\/\" \/>\n<meta property=\"og:locale\" content=\"en_US\" \/>\n<meta property=\"og:locale:alternate\" content=\"fr_FR\" \/>\n<meta property=\"og:locale:alternate\" content=\"ja\" \/>\n<meta property=\"og:type\" content=\"article\" \/>\n<meta property=\"og:title\" content=\"Le DECO-DESIGN de Kossi AGUESSY - JO YANA\" \/>\n<meta property=\"og:description\" content=\"Le nouveau Deco-Design est le fruit de la collaboration in\u00e9dite entre un blog et un designer de renom - Kossi Aguessy qui en signe la nouvelle identit\u00e9 ... Et pour le lancement de cette V3 , le designer endosse le costume de directeur de la r\u00e9daction de notre m\u00e9dia pendant 7 jours...\" \/>\n<meta property=\"og:url\" content=\"https:\/\/www.joyana.fr\/en\/deco-design-kossi-aguessy-nouvelle-identite-v3\/112477\/\" \/>\n<meta property=\"og:site_name\" content=\"JO YANA\" \/>\n<meta property=\"article:published_time\" content=\"2014-03-31T05:26:45+00:00\" \/>\n<meta property=\"og:image\" content=\"https:\/\/www.joyana.fr\/wp-content\/uploads\/2014\/03\/LE-DECODESIGN-DE-KOSSI-AGUESSY.jpg\" \/>\n\t<meta property=\"og:image:width\" content=\"1650\" \/>\n\t<meta property=\"og:image:height\" content=\"1031\" \/>\n\t<meta property=\"og:image:type\" content=\"image\/jpeg\" \/>\n<meta name=\"author\" content=\"Jo Yana\" \/>\n<meta name=\"twitter:card\" content=\"summary_large_image\" \/>\n<meta name=\"twitter:creator\" content=\"@Jo_Yana\" \/>\n<meta name=\"twitter:site\" content=\"@Jo_Yana\" \/>\n<meta name=\"twitter:label1\" content=\"Written by\" \/>\n\t<meta name=\"twitter:data1\" content=\"Jo Yana\" \/>\n\t<meta name=\"twitter:label2\" content=\"Est. reading time\" \/>\n\t<meta name=\"twitter:data2\" content=\"2 minutes\" \/>\n<script type=\"application\/ld+json\" class=\"yoast-schema-graph\">{\"@context\":\"https:\/\/schema.org\",\"@graph\":[{\"@type\":\"Article\",\"@id\":\"https:\/\/www.joyana.fr\/ja\/deco-design-kossi-aguessy-nouvelle-identite-v3\/112477\/#article\",\"isPartOf\":{\"@id\":\"https:\/\/www.joyana.fr\/ja\/deco-design-kossi-aguessy-nouvelle-identite-v3\/112477\/\"},\"author\":{\"name\":\"Jo Yana\",\"@id\":\"https:\/\/joyana.fr\/#\/schema\/person\/cf2a1ad12a27c12c21801075bf37407c\"},\"headline\":\"Le DECO-DESIGN de Kossi AGUESSY\",\"datePublished\":\"2014-03-31T05:26:45+00:00\",\"mainEntityOfPage\":{\"@id\":\"https:\/\/www.joyana.fr\/ja\/deco-design-kossi-aguessy-nouvelle-identite-v3\/112477\/\"},\"wordCount\":444,\"commentCount\":0,\"publisher\":{\"@id\":\"https:\/\/joyana.fr\/#\/schema\/person\/cf2a1ad12a27c12c21801075bf37407c\"},\"image\":{\"@id\":\"https:\/\/www.joyana.fr\/ja\/deco-design-kossi-aguessy-nouvelle-identite-v3\/112477\/#primaryimage\"},\"thumbnailUrl\":\"https:\/\/i0.wp.com\/www.joyana.fr\/wp-content\/uploads\/2014\/03\/LE-DECODESIGN-DE-KOSSI-AGUESSY.jpg?fit=1650%2C1031&ssl=1\",\"keywords\":[\"Blog D\u00e9co-Design\",\"Deco-Design\",\"Identit\u00e9\",\"Kossi Aguessy\",\"Logo\"],\"articleSection\":[\"A la une !!!\",\"Actualit\u00e9 D\u00e9co-Design\",\"DECO-DESIGN\",\"Kossi AGUESSY\",\"Le Deco-Design de Kossi Aguessy\"],\"inLanguage\":\"en-US\",\"potentialAction\":[{\"@type\":\"CommentAction\",\"name\":\"Comment\",\"target\":[\"https:\/\/www.joyana.fr\/ja\/deco-design-kossi-aguessy-nouvelle-identite-v3\/112477\/#respond\"]}]},{\"@type\":\"WebPage\",\"@id\":\"https:\/\/www.joyana.fr\/ja\/deco-design-kossi-aguessy-nouvelle-identite-v3\/112477\/\",\"url\":\"https:\/\/www.joyana.fr\/ja\/deco-design-kossi-aguessy-nouvelle-identite-v3\/112477\/\",\"name\":\"Le DECO-DESIGN de Kossi AGUESSY - JO YANA\",\"isPartOf\":{\"@id\":\"https:\/\/joyana.fr\/#website\"},\"primaryImageOfPage\":{\"@id\":\"https:\/\/www.joyana.fr\/ja\/deco-design-kossi-aguessy-nouvelle-identite-v3\/112477\/#primaryimage\"},\"image\":{\"@id\":\"https:\/\/www.joyana.fr\/ja\/deco-design-kossi-aguessy-nouvelle-identite-v3\/112477\/#primaryimage\"},\"thumbnailUrl\":\"https:\/\/i0.wp.com\/www.joyana.fr\/wp-content\/uploads\/2014\/03\/LE-DECODESIGN-DE-KOSSI-AGUESSY.jpg?fit=1650%2C1031&ssl=1\",\"datePublished\":\"2014-03-31T05:26:45+00:00\",\"breadcrumb\":{\"@id\":\"https:\/\/www.joyana.fr\/ja\/deco-design-kossi-aguessy-nouvelle-identite-v3\/112477\/#breadcrumb\"},\"inLanguage\":\"en-US\",\"potentialAction\":[{\"@type\":\"ReadAction\",\"target\":[\"https:\/\/www.joyana.fr\/ja\/deco-design-kossi-aguessy-nouvelle-identite-v3\/112477\/\"]}]},{\"@type\":\"ImageObject\",\"inLanguage\":\"en-US\",\"@id\":\"https:\/\/www.joyana.fr\/ja\/deco-design-kossi-aguessy-nouvelle-identite-v3\/112477\/#primaryimage\",\"url\":\"https:\/\/i0.wp.com\/www.joyana.fr\/wp-content\/uploads\/2014\/03\/LE-DECODESIGN-DE-KOSSI-AGUESSY.jpg?fit=1650%2C1031&ssl=1\",\"contentUrl\":\"https:\/\/i0.wp.com\/www.joyana.fr\/wp-content\/uploads\/2014\/03\/LE-DECODESIGN-DE-KOSSI-AGUESSY.jpg?fit=1650%2C1031&ssl=1\",\"width\":1650,\"height\":1031},{\"@type\":\"BreadcrumbList\",\"@id\":\"https:\/\/www.joyana.fr\/ja\/deco-design-kossi-aguessy-nouvelle-identite-v3\/112477\/#breadcrumb\",\"itemListElement\":[{\"@type\":\"ListItem\",\"position\":1,\"name\":\"Accueil\",\"item\":\"https:\/\/joyana.fr\/\"},{\"@type\":\"ListItem\",\"position\":2,\"name\":\"Le DECO-DESIGN de Kossi AGUESSY\"}]},{\"@type\":\"WebSite\",\"@id\":\"https:\/\/joyana.fr\/#website\",\"url\":\"https:\/\/joyana.fr\/\",\"name\":\"JO YANA\",\"description\":\"Blog Mode Homme, Lifestyle, D\u00e9co-Design\",\"publisher\":{\"@id\":\"https:\/\/joyana.fr\/#\/schema\/person\/cf2a1ad12a27c12c21801075bf37407c\"},\"potentialAction\":[{\"@type\":\"SearchAction\",\"target\":{\"@type\":\"EntryPoint\",\"urlTemplate\":\"https:\/\/joyana.fr\/?s={search_term_string}\"},\"query-input\":{\"@type\":\"PropertyValueSpecification\",\"valueRequired\":true,\"valueName\":\"search_term_string\"}}],\"inLanguage\":\"en-US\"},{\"@type\":[\"Person\",\"Organization\"],\"@id\":\"https:\/\/joyana.fr\/#\/schema\/person\/cf2a1ad12a27c12c21801075bf37407c\",\"name\":\"Jo Yana\",\"image\":{\"@type\":\"ImageObject\",\"inLanguage\":\"en-US\",\"@id\":\"https:\/\/joyana.fr\/#\/schema\/person\/image\/\",\"url\":\"https:\/\/i0.wp.com\/www.joyana.fr\/wp-content\/uploads\/2016\/08\/cropped-joyana-logo-black-360x180.png?fit=343%2C164&ssl=1\",\"contentUrl\":\"https:\/\/i0.wp.com\/www.joyana.fr\/wp-content\/uploads\/2016\/08\/cropped-joyana-logo-black-360x180.png?fit=343%2C164&ssl=1\",\"width\":343,\"height\":164,\"caption\":\"Jo Yana\"},\"logo\":{\"@id\":\"https:\/\/joyana.fr\/#\/schema\/person\/image\/\"},\"description\":\"Jo Yana est le cr\u00e9ateur et r\u00e9dacteur en chef des sites DECO-DESIGN. Passionn\u00e9 de Design, Mode, Photo, Luxe, Lifestyle, Musique, mais avant tout Blogueur ! Le plaisir de partager l'anime et a comme devise \\\"POUR L'AMOUR DU BEAU\\\". Retrouvez le aussi sur son blog personnel - https:\/\/joyana.fr...\",\"sameAs\":[\"https:\/\/joyana.fr\/\"],\"url\":\"https:\/\/www.joyana.fr\/en\/author\/joyana\/\"}]}<\/script>\n<!-- \/ Yoast SEO plugin. -->","yoast_head_json":{"title":"Le DECO-DESIGN de Kossi AGUESSY - JO YANA","robots":{"index":"index","follow":"follow","max-snippet":"max-snippet:-1","max-image-preview":"max-image-preview:large","max-video-preview":"max-video-preview:-1"},"canonical":"https:\/\/www.joyana.fr\/en\/deco-design-kossi-aguessy-nouvelle-identite-v3\/112477\/","og_locale":"en_US","og_type":"article","og_title":"Le DECO-DESIGN de Kossi AGUESSY - JO YANA","og_description":"Le nouveau Deco-Design est le fruit de la collaboration in\u00e9dite entre un blog et un designer de renom - Kossi Aguessy qui en signe la nouvelle identit\u00e9 ... Et pour le lancement de cette V3 , le designer endosse le costume de directeur de la r\u00e9daction de notre m\u00e9dia pendant 7 jours...","og_url":"https:\/\/www.joyana.fr\/en\/deco-design-kossi-aguessy-nouvelle-identite-v3\/112477\/","og_site_name":"JO YANA","article_published_time":"2014-03-31T05:26:45+00:00","og_image":[{"width":1650,"height":1031,"url":"https:\/\/www.joyana.fr\/wp-content\/uploads\/2014\/03\/LE-DECODESIGN-DE-KOSSI-AGUESSY.jpg","type":"image\/jpeg"}],"author":"Jo Yana","twitter_card":"summary_large_image","twitter_creator":"@Jo_Yana","twitter_site":"@Jo_Yana","twitter_misc":{"Written by":"Jo Yana","Est. reading time":"2 minutes"},"schema":{"@context":"https:\/\/schema.org","@graph":[{"@type":"Article","@id":"https:\/\/www.joyana.fr\/ja\/deco-design-kossi-aguessy-nouvelle-identite-v3\/112477\/#article","isPartOf":{"@id":"https:\/\/www.joyana.fr\/ja\/deco-design-kossi-aguessy-nouvelle-identite-v3\/112477\/"},"author":{"name":"Jo Yana","@id":"https:\/\/joyana.fr\/#\/schema\/person\/cf2a1ad12a27c12c21801075bf37407c"},"headline":"Le DECO-DESIGN de Kossi AGUESSY","datePublished":"2014-03-31T05:26:45+00:00","mainEntityOfPage":{"@id":"https:\/\/www.joyana.fr\/ja\/deco-design-kossi-aguessy-nouvelle-identite-v3\/112477\/"},"wordCount":444,"commentCount":0,"publisher":{"@id":"https:\/\/joyana.fr\/#\/schema\/person\/cf2a1ad12a27c12c21801075bf37407c"},"image":{"@id":"https:\/\/www.joyana.fr\/ja\/deco-design-kossi-aguessy-nouvelle-identite-v3\/112477\/#primaryimage"},"thumbnailUrl":"https:\/\/i0.wp.com\/www.joyana.fr\/wp-content\/uploads\/2014\/03\/LE-DECODESIGN-DE-KOSSI-AGUESSY.jpg?fit=1650%2C1031&ssl=1","keywords":["Blog D\u00e9co-Design","Deco-Design","Identit\u00e9","Kossi Aguessy","Logo"],"articleSection":["A la une !!!","Actualit\u00e9 D\u00e9co-Design","DECO-DESIGN","Kossi AGUESSY","Le Deco-Design de Kossi Aguessy"],"inLanguage":"en-US","potentialAction":[{"@type":"CommentAction","name":"Comment","target":["https:\/\/www.joyana.fr\/ja\/deco-design-kossi-aguessy-nouvelle-identite-v3\/112477\/#respond"]}]},{"@type":"WebPage","@id":"https:\/\/www.joyana.fr\/ja\/deco-design-kossi-aguessy-nouvelle-identite-v3\/112477\/","url":"https:\/\/www.joyana.fr\/ja\/deco-design-kossi-aguessy-nouvelle-identite-v3\/112477\/","name":"Le DECO-DESIGN de Kossi AGUESSY - JO YANA","isPartOf":{"@id":"https:\/\/joyana.fr\/#website"},"primaryImageOfPage":{"@id":"https:\/\/www.joyana.fr\/ja\/deco-design-kossi-aguessy-nouvelle-identite-v3\/112477\/#primaryimage"},"image":{"@id":"https:\/\/www.joyana.fr\/ja\/deco-design-kossi-aguessy-nouvelle-identite-v3\/112477\/#primaryimage"},"thumbnailUrl":"https:\/\/i0.wp.com\/www.joyana.fr\/wp-content\/uploads\/2014\/03\/LE-DECODESIGN-DE-KOSSI-AGUESSY.jpg?fit=1650%2C1031&ssl=1","datePublished":"2014-03-31T05:26:45+00:00","breadcrumb":{"@id":"https:\/\/www.joyana.fr\/ja\/deco-design-kossi-aguessy-nouvelle-identite-v3\/112477\/#breadcrumb"},"inLanguage":"en-US","potentialAction":[{"@type":"ReadAction","target":["https:\/\/www.joyana.fr\/ja\/deco-design-kossi-aguessy-nouvelle-identite-v3\/112477\/"]}]},{"@type":"ImageObject","inLanguage":"en-US","@id":"https:\/\/www.joyana.fr\/ja\/deco-design-kossi-aguessy-nouvelle-identite-v3\/112477\/#primaryimage","url":"https:\/\/i0.wp.com\/www.joyana.fr\/wp-content\/uploads\/2014\/03\/LE-DECODESIGN-DE-KOSSI-AGUESSY.jpg?fit=1650%2C1031&ssl=1","contentUrl":"https:\/\/i0.wp.com\/www.joyana.fr\/wp-content\/uploads\/2014\/03\/LE-DECODESIGN-DE-KOSSI-AGUESSY.jpg?fit=1650%2C1031&ssl=1","width":1650,"height":1031},{"@type":"BreadcrumbList","@id":"https:\/\/www.joyana.fr\/ja\/deco-design-kossi-aguessy-nouvelle-identite-v3\/112477\/#breadcrumb","itemListElement":[{"@type":"ListItem","position":1,"name":"Accueil","item":"https:\/\/joyana.fr\/"},{"@type":"ListItem","position":2,"name":"Le DECO-DESIGN de Kossi AGUESSY"}]},{"@type":"WebSite","@id":"https:\/\/joyana.fr\/#website","url":"https:\/\/joyana.fr\/","name":"JO YANA","description":"Blog Mode Homme, Lifestyle, D\u00e9co-Design","publisher":{"@id":"https:\/\/joyana.fr\/#\/schema\/person\/cf2a1ad12a27c12c21801075bf37407c"},"potentialAction":[{"@type":"SearchAction","target":{"@type":"EntryPoint","urlTemplate":"https:\/\/joyana.fr\/?s={search_term_string}"},"query-input":{"@type":"PropertyValueSpecification","valueRequired":true,"valueName":"search_term_string"}}],"inLanguage":"en-US"},{"@type":["Person","Organization"],"@id":"https:\/\/joyana.fr\/#\/schema\/person\/cf2a1ad12a27c12c21801075bf37407c","name":"Jo Yana","image":{"@type":"ImageObject","inLanguage":"en-US","@id":"https:\/\/joyana.fr\/#\/schema\/person\/image\/","url":"https:\/\/i0.wp.com\/www.joyana.fr\/wp-content\/uploads\/2016\/08\/cropped-joyana-logo-black-360x180.png?fit=343%2C164&ssl=1","contentUrl":"https:\/\/i0.wp.com\/www.joyana.fr\/wp-content\/uploads\/2016\/08\/cropped-joyana-logo-black-360x180.png?fit=343%2C164&ssl=1","width":343,"height":164,"caption":"Jo Yana"},"logo":{"@id":"https:\/\/joyana.fr\/#\/schema\/person\/image\/"},"description":"Jo Yana est le cr\u00e9ateur et r\u00e9dacteur en chef des sites DECO-DESIGN. Passionn\u00e9 de Design, Mode, Photo, Luxe, Lifestyle, Musique, mais avant tout Blogueur ! Le plaisir de partager l'anime et a comme devise \"POUR L'AMOUR DU BEAU\". Retrouvez le aussi sur son blog personnel - https:\/\/joyana.fr...","sameAs":["https:\/\/joyana.fr\/"],"url":"https:\/\/www.joyana.fr\/en\/author\/joyana\/"}]}},"author_meta":{"display_name":"Jo Yana","author_link":"https:\/\/www.joyana.fr\/en\/author\/joyana\/"},"featured_img":"https:\/\/i0.wp.com\/www.joyana.fr\/wp-content\/uploads\/2014\/03\/LE-DECODESIGN-DE-KOSSI-AGUESSY.jpg?fit=389%2C243&ssl=1","featured_image_src":"https:\/\/i0.wp.com\/www.joyana.fr\/wp-content\/uploads\/2014\/03\/LE-DECODESIGN-DE-KOSSI-AGUESSY.jpg?resize=600%2C400&ssl=1","featured_image_src_square":"https:\/\/i0.wp.com\/www.joyana.fr\/wp-content\/uploads\/2014\/03\/LE-DECODESIGN-DE-KOSSI-AGUESSY.jpg?resize=600%2C600&ssl=1","jetpack_featured_media_url":"https:\/\/i0.wp.com\/www.joyana.fr\/wp-content\/uploads\/2014\/03\/LE-DECODESIGN-DE-KOSSI-AGUESSY.jpg?fit=1650%2C1031&ssl=1","uagb_featured_image_src":{"full":["https:\/\/i0.wp.com\/www.joyana.fr\/wp-content\/uploads\/2014\/03\/LE-DECODESIGN-DE-KOSSI-AGUESSY.jpg?fit=1650%2C1031&ssl=1",1650,1031,false],"thumbnail":["https:\/\/i0.wp.com\/www.joyana.fr\/wp-content\/uploads\/2014\/03\/LE-DECODESIGN-DE-KOSSI-AGUESSY.jpg?resize=150%2C150&ssl=1",150,150,true],"medium":["https:\/\/i0.wp.com\/www.joyana.fr\/wp-content\/uploads\/2014\/03\/LE-DECODESIGN-DE-KOSSI-AGUESSY.jpg?fit=389%2C243&ssl=1",389,243,true],"medium_large":["https:\/\/i0.wp.com\/www.joyana.fr\/wp-content\/uploads\/2014\/03\/LE-DECODESIGN-DE-KOSSI-AGUESSY.jpg?fit=768%2C480&ssl=1",768,480,true],"large":["https:\/\/i0.wp.com\/www.joyana.fr\/wp-content\/uploads\/2014\/03\/LE-DECODESIGN-DE-KOSSI-AGUESSY.jpg?fit=1024%2C640&ssl=1",1024,640,true],"1536x1536":["https:\/\/i0.wp.com\/www.joyana.fr\/wp-content\/uploads\/2014\/03\/LE-DECODESIGN-DE-KOSSI-AGUESSY.jpg?fit=1536%2C960&ssl=1",1536,960,true],"2048x2048":["https:\/\/i0.wp.com\/www.joyana.fr\/wp-content\/uploads\/2014\/03\/LE-DECODESIGN-DE-KOSSI-AGUESSY.jpg?fit=1650%2C1031&ssl=1",1650,1031,true],"featured-thumb":["https:\/\/i0.wp.com\/www.joyana.fr\/wp-content\/uploads\/2014\/03\/LE-DECODESIGN-DE-KOSSI-AGUESSY.jpg?resize=1650%2C750&ssl=1",1650,750,true],"ab-block-post-grid-landscape":["https:\/\/i0.wp.com\/www.joyana.fr\/wp-content\/uploads\/2014\/03\/LE-DECODESIGN-DE-KOSSI-AGUESSY.jpg?resize=600%2C400&ssl=1",600,400,true],"ab-block-post-grid-square":["https:\/\/i0.wp.com\/www.joyana.fr\/wp-content\/uploads\/2014\/03\/LE-DECODESIGN-DE-KOSSI-AGUESSY.jpg?resize=600%2C600&ssl=1",600,600,true],"author-pro-image":["https:\/\/i0.wp.com\/www.joyana.fr\/wp-content\/uploads\/2014\/03\/LE-DECODESIGN-DE-KOSSI-AGUESSY.jpg?resize=360%2C570&ssl=1",360,570,true],"slider":["https:\/\/i0.wp.com\/www.joyana.fr\/wp-content\/uploads\/2014\/03\/LE-DECODESIGN-DE-KOSSI-AGUESSY.jpg?resize=920%2C400&ssl=1",920,400,true],"woocommerce_thumbnail":["https:\/\/i0.wp.com\/www.joyana.fr\/wp-content\/uploads\/2014\/03\/LE-DECODESIGN-DE-KOSSI-AGUESSY.jpg?resize=450%2C450&ssl=1",450,450,true],"woocommerce_single":["https:\/\/i0.wp.com\/www.joyana.fr\/wp-content\/uploads\/2014\/03\/LE-DECODESIGN-DE-KOSSI-AGUESSY.jpg?fit=920%2C575&ssl=1",920,575,true],"woocommerce_gallery_thumbnail":["https:\/\/i0.wp.com\/www.joyana.fr\/wp-content\/uploads\/2014\/03\/LE-DECODESIGN-DE-KOSSI-AGUESSY.jpg?resize=180%2C180&ssl=1",180,180,true],"sow-carousel-default":["https:\/\/i0.wp.com\/www.joyana.fr\/wp-content\/uploads\/2014\/03\/LE-DECODESIGN-DE-KOSSI-AGUESSY.jpg?resize=272%2C182&ssl=1",272,182,true]},"uagb_author_info":{"display_name":"Jo Yana","author_link":"https:\/\/www.joyana.fr\/en\/author\/joyana\/"},"uagb_comment_info":0,"uagb_excerpt":"Le nouveau Deco-Design est le fruit de la collaboration in\u00e9dite entre un blog et un designer de renom - Kossi Aguessy qui en signe la nouvelle identit\u00e9 ... Et pour le lancement de cette V3 , le designer endosse le costume de directeur de la r\u00e9daction de notre m\u00e9dia pendant 7 jours...","coauthors":[],"tax_additional":{"categories":{"linked":["<a href=\"https:\/\/www.joyana.fr\/en\/category\/a-la-une\/\" class=\"advgb-post-tax-term\">A la une !!!<\/a>","<a href=\"https:\/\/www.joyana.fr\/en\/category\/deco-design\/actualite\/actualite-deco-design\/\" class=\"advgb-post-tax-term\">Actualit\u00e9 D\u00e9co-Design<\/a>","<a href=\"https:\/\/www.joyana.fr\/en\/category\/deco-design\/\" class=\"advgb-post-tax-term\">DECO-DESIGN<\/a>","<a href=\"https:\/\/www.joyana.fr\/en\/category\/deco-design\/designer\/kossi-aguessy\/\" class=\"advgb-post-tax-term\">Kossi AGUESSY<\/a>","<a href=\"https:\/\/www.joyana.fr\/en\/category\/deco-design\/actualite\/le-deco-design-de-kossi-aguessy\/\" class=\"advgb-post-tax-term\">Le Deco-Design de Kossi Aguessy<\/a>"],"unlinked":["<span class=\"advgb-post-tax-term\">A la une !!!<\/span>","<span class=\"advgb-post-tax-term\">Actualit\u00e9 D\u00e9co-Design<\/span>","<span class=\"advgb-post-tax-term\">DECO-DESIGN<\/span>","<span class=\"advgb-post-tax-term\">Kossi AGUESSY<\/span>","<span class=\"advgb-post-tax-term\">Le Deco-Design de Kossi Aguessy<\/span>"]},"tags":{"linked":["<a href=\"https:\/\/www.joyana.fr\/en\/category\/deco-design\/actualite\/le-deco-design-de-kossi-aguessy\/\" class=\"advgb-post-tax-term\">Blog D\u00e9co-Design<\/a>","<a href=\"https:\/\/www.joyana.fr\/en\/category\/deco-design\/actualite\/le-deco-design-de-kossi-aguessy\/\" class=\"advgb-post-tax-term\">Deco-Design<\/a>","<a href=\"https:\/\/www.joyana.fr\/en\/category\/deco-design\/actualite\/le-deco-design-de-kossi-aguessy\/\" class=\"advgb-post-tax-term\">Identit\u00e9<\/a>","<a href=\"https:\/\/www.joyana.fr\/en\/category\/deco-design\/actualite\/le-deco-design-de-kossi-aguessy\/\" class=\"advgb-post-tax-term\">Kossi Aguessy<\/a>","<a href=\"https:\/\/www.joyana.fr\/en\/category\/deco-design\/actualite\/le-deco-design-de-kossi-aguessy\/\" class=\"advgb-post-tax-term\">Logo<\/a>"],"unlinked":["<span class=\"advgb-post-tax-term\">Blog D\u00e9co-Design<\/span>","<span class=\"advgb-post-tax-term\">Deco-Design<\/span>","<span class=\"advgb-post-tax-term\">Identit\u00e9<\/span>","<span class=\"advgb-post-tax-term\">Kossi Aguessy<\/span>","<span class=\"advgb-post-tax-term\">Logo<\/span>"]}},"comment_count":0,"relative_dates":{"created":"Posted 12 years ago","modified":"Updated 12 years ago"},"absolute_dates":{"created":"Posted on 31 March 2014","modified":"Updated on 31 March 2014"},"absolute_dates_time":{"created":"Posted on 31 March 2014 6:26","modified":"Updated on 31 March 2014 6:26"},"featured_img_caption":"","series_order":"","jetpack_sharing_enabled":true,"jetpack_shortlink":"https:\/\/wp.me\/p9bteI-tg9","jetpack-related-posts":[],"_links":{"self":[{"href":"https:\/\/www.joyana.fr\/en\/wp-json\/wp\/v2\/posts\/112477","targetHints":{"allow":["GET"]}}],"collection":[{"href":"https:\/\/www.joyana.fr\/en\/wp-json\/wp\/v2\/posts"}],"about":[{"href":"https:\/\/www.joyana.fr\/en\/wp-json\/wp\/v2\/types\/post"}],"author":[{"embeddable":true,"href":"https:\/\/www.joyana.fr\/en\/wp-json\/wp\/v2\/users\/3"}],"replies":[{"embeddable":true,"href":"https:\/\/www.joyana.fr\/en\/wp-json\/wp\/v2\/comments?post=112477"}],"version-history":[{"count":0,"href":"https:\/\/www.joyana.fr\/en\/wp-json\/wp\/v2\/posts\/112477\/revisions"}],"wp:featuredmedia":[{"embeddable":true,"href":"https:\/\/www.joyana.fr\/en\/wp-json\/wp\/v2\/media\/116235"}],"wp:attachment":[{"href":"https:\/\/www.joyana.fr\/en\/wp-json\/wp\/v2\/media?parent=112477"}],"wp:term":[{"taxonomy":"category","embeddable":true,"href":"https:\/\/www.joyana.fr\/en\/wp-json\/wp\/v2\/categories?post=112477"},{"taxonomy":"post_tag","embeddable":true,"href":"https:\/\/www.joyana.fr\/en\/wp-json\/wp\/v2\/tags?post=112477"}],"curies":[{"name":"wp","href":"https:\/\/api.w.org\/{rel}","templated":true}]}}