{"id":112468,"date":"2014-03-31T08:41:29","date_gmt":"2014-03-31T07:41:29","guid":{"rendered":"https:\/\/joyana.fr\/?p=12468"},"modified":"2014-03-31T08:41:29","modified_gmt":"2014-03-31T07:41:29","slug":"interview-la-boite-concept-kossi-aguessy","status":"publish","type":"post","link":"https:\/\/www.joyana.fr\/en\/interview-la-boite-concept-kossi-aguessy\/112468\/","title":{"rendered":"Interview LA BOITE CONCEPT"},"content":{"rendered":"<p style=\"text-align: justify;\">Cheveux hirsutes, barbichette et boots jaunes, Tim &#8211; de <strong>LA BOITE CONCEPT<\/strong>\u00a0&#8211; \u00e0 la silhouette du parfait Hipster des sorties de Fashion-week parisienne sauf que&#8230;<\/p>\n<p><a href=\"https:\/\/i0.wp.com\/joyana.fr\/wp-content\/uploads\/2014\/03\/IMG_0031.jpg?ssl=1\"><img data-recalc-dims=\"1\" fetchpriority=\"high\" decoding=\"async\" class=\"alignnone size-full wp-image-16296\" alt=\"IMG_0031\" src=\"https:\/\/i0.wp.com\/joyana.fr\/wp-content\/uploads\/2014\/03\/IMG_0031.jpg?resize=650%2C433&#038;ssl=1\" width=\"650\" height=\"433\" \/><\/a><\/p>\n<p><a href=\"https:\/\/i0.wp.com\/joyana.fr\/wp-content\/uploads\/2014\/03\/LA-BOITE-CONCEPT_0012.jpg?ssl=1\"><img data-recalc-dims=\"1\" decoding=\"async\" class=\"alignnone size-large wp-image-16297\" alt=\"LA-BOITE-CONCEPT_0012\" src=\"https:\/\/i0.wp.com\/joyana.fr\/wp-content\/uploads\/2014\/03\/LA-BOITE-CONCEPT_0012.jpg?resize=650%2C433&#038;ssl=1\" width=\"650\" height=\"433\" \/><\/a><\/p>\n<p><a href=\"https:\/\/i0.wp.com\/joyana.fr\/wp-content\/uploads\/2014\/03\/LA-BOITE-CONCEPT_0120.jpg?ssl=1\"><img data-recalc-dims=\"1\" decoding=\"async\" class=\"alignnone size-large wp-image-16298\" alt=\"LA-BOITE-CONCEPT_0120\" src=\"https:\/\/i0.wp.com\/joyana.fr\/wp-content\/uploads\/2014\/03\/LA-BOITE-CONCEPT_0120.jpg?resize=650%2C352&#038;ssl=1\" width=\"650\" height=\"352\" \/><\/a><\/p>\n<p style=\"text-align: justify;\">Loin des catwallks, Son truc \u00e0 Tim, c\u2019est la musique.\u00a0<span style=\"line-height: 1.5em;\">Celle avec des basses, des graves, des trembles, des aigues.<\/span><br \/>\nCelle pleine de boutons de r\u00e9glages et de membranes vibrantes des amplis, baffles et autres enceintes de nos machines \u00e0 son.<br \/>\nTimoth\u00e9e Cagniard, (pour l\u2019\u00e9tat civil) dirige depuis 2008 <strong>La Bo\u00eete Concept<\/strong>, sa bo\u00eete, une bo\u00eete \u00e0 musique familiale dans laquelle fr\u00e8res, p\u00e8re, et autres con\u00e7oivent, livrent aux m\u00e9lomanes des enceintes et des concepts aussi pr\u00e9cis qu\u2019intelligents.<br \/>\nIl faut dire que Chez les Cagniard, le bon son, le son juste est une histoire \u00e9pidermiquement familiale avec laquelle l\u2019on ne plaisante pas !<\/p>\n<p><a href=\"https:\/\/i0.wp.com\/joyana.fr\/wp-content\/uploads\/2014\/03\/La-Boite-concept-LD-Cube-%2Baccessoirs.jpg?ssl=1\"><img data-recalc-dims=\"1\" loading=\"lazy\" decoding=\"async\" alt=\"La-Boite-concept-LD-Cube-+accessoirs\" src=\"https:\/\/i0.wp.com\/joyana.fr\/wp-content\/uploads\/2014\/03\/La-Boite-concept-LD-Cube-%2Baccessoirs.jpg?resize=650%2C486&#038;ssl=1\" width=\"650\" height=\"486\" \/><\/a><\/p>\n<p style=\"text-align: justify;\">Et Si telle une bande magn\u00e9tique, l\u2019on rembobinait l\u2019histoire, l\u2019on d\u00e9couvrirait, Marie Yeramian Cagniard, a\u00efeule du clan, \u00e9migr\u00e9e arm\u00e9nienne \u00e0 la fibre musicale et entrepreneuse.<br \/>\nEn cr\u00e9ant la marque SIARE, elle transforme une passion en m\u00e9tier et transmet sa force de caract\u00e8re et sa d\u00e9termination \u00e0 sa descendance : <em>&#8220;Elle m\u2019a encourag\u00e9 \u00e0 r\u00eaver, donn\u00e9 l\u2019envie d\u2019entreprendre&#8221;<\/em> dit Timoth\u00e9e Cagniard de cette grand-m\u00e8re-muse.<br \/>\n<em>&#8220;Quand je serais grand, je ferai des enceintes comme toi&#8221;<\/em>. Cette promesse, il la lui fit, malgr\u00e9 le fait qu\u2019elle eut aim\u00e9 le voir prendre d\u2019autres chemins.<\/p>\n<p style=\"text-align: justify;\">Adolescent, il se fabrique ses propres enceintes, en guise d\u2019exp\u00e9rimentation.<br \/>\nEtudiant, Il organise des soir\u00e9es, puis toujours entrepreneur, se lance dans l\u2019impression graphique.<br \/>\nPuis vint 2008 et le boom du num\u00e9rique. Avec celui-ci, de nouveaux modes de consommation de la musique: ordinateurs, lecteurs num\u00e9riques etc.\u2026<\/p>\n<p style=\"text-align: justify;\">C\u2019est a cette \u00e9poque que Guillaume son fr\u00e8re (Histoire de famille vous dit-on!!!) eu l\u2019ing\u00e9nieuse id\u00e9e de se faire fabriquer une borne multim\u00e9dia, inspir\u00e9e de la borne Pong, borne d\u2019arcade Atari qui fit fureur dans les ann\u00e9es 70.<\/p>\n<p style=\"text-align: justify;\">Ce fut le d\u00e9clic. En tribu, on brainstorme (p\u00e8re et grand-m\u00e8re inclus) sur le potentiel de cet objet, on tergiverse, on \u00ab d\u00e9cisionne \u00bb, et on se lance :<br \/>\n\u201cLa Bo\u00eete \u00e9tait n\u00e9e!!!<br \/>\nPuis vint le parcours du combattant de l\u2019entrepreneur, les mois pendant lesquels<br \/>\nLa borne est am\u00e9lior\u00e9e &#8220;pour en faire une borne de compet&#8221; (ndrl) et des enceintes d\u00e9velopp\u00e9es pour l\u2019accompagner.<br \/>\nTout cela sous la houlette de Yvon Maurel, Docteur en \u00e9lectro-acoustique, le toujours tr\u00e8s exigeant directeur technique de la marque depuis lors.<br \/>\nCette premi\u00e8re machine, simplement baptis\u00e9e &#8220;la Premi\u00e8re&#8221; (d\u00e9cid\u00e9ment) fut pour <strong>La Boite<\/strong>, un succ\u00e8s m\u00e9diatique \u201cd\u2019enfer!!!\u201d mais elle en vendit peu.<\/p>\n<p style=\"text-align: justify;\">Qu\u2019a cela ne tienne, toujours \u00e0 la recherche de l\u2019Innovation, Timoth\u00e9e passe Les 2 ann\u00e9es suivantes sur le terrain, en \u00e9tude de besoins li\u00e9s aux\u201c nouveaux moyens de consommation musicale\u201d.<br \/>\nBien lui en fit. De ces ann\u00e9es d\u2019observation, nait le LD ( Laptop Dock ).<br \/>\nBrillante combinaison de fonctionnalit\u00e9 d\u2019un bureau et de la haute fid\u00e9lit\u00e9 d\u2019un syst\u00e8me sonore d\u2019une irr\u00e9prochable qualit\u00e9. C\u2019est LA bonne id\u00e9e !!!!<br \/>\nL\u2019int\u00e9r\u00eat est imm\u00e9diat.<br \/>\nLa succ\u00e8s story de la Bo\u00eete ne cesse depuis lors de r\u00e9pandre ses sonores ondes de part le monde.<br \/>\nRencontre funky avec un entrepreneur groovy sur fond de promesse musicale splendidement tenue.<\/p>\n<p><a href=\"https:\/\/i0.wp.com\/joyana.fr\/wp-content\/uploads\/2014\/03\/Timothee-cagniard-la-boite-concept.jpg?ssl=1\"><img data-recalc-dims=\"1\" loading=\"lazy\" decoding=\"async\" class=\"alignnone size-full wp-image-16293\" alt=\"Timothee-cagniard-la-boite-concept\" src=\"https:\/\/i0.wp.com\/joyana.fr\/wp-content\/uploads\/2014\/03\/Timothee-cagniard-la-boite-concept.jpg?resize=650%2C883&#038;ssl=1\" width=\"650\" height=\"883\" \/><\/a><\/p>\n<p>.<\/p>\n<h2 style=\"text-align: center;\">INTERVIEW LA BOITE CONCEPT<\/h2>\n<h2><\/h2>\n<p><span style=\"color: #e52576;\">KOSSI AGUESSY\/ QUEL PETIT GARCON ETAIS TU ? PLUTOT ROCK N ROLL OU TONTINES ?<\/span><\/p>\n<p><strong>LA BOITE CONCEPT<\/strong>\/ Je dirais que j\u2019\u00e9tais un petit gar\u00e7on plut\u00f4t boute-en-train, farceur, mais en m\u00eame temps appliqu\u00e9 et attentif \u00e0 l\u2019\u00e9cole.<br \/>\nMes parents m\u2019ont toujours fait confiance et m\u2019ont ainsi laiss\u00e9 une incroyable libert\u00e9. J&#8217;ai g\u00e9r\u00e9 jeune mon emploi du temps seul.<br \/>\nA 14 ans, je r\u00e9p\u00e9tais tous les mercredis avec mon groupe de rock et le samedi c\u2019\u00e9tait sortie \u00e0 Paris entre amis.<\/p>\n<p style=\"text-align: justify;\"><span style=\"color: #e52576;\">KA\/ JE SAIS PAR LA PETITE SOURIS QUE TU AS ETE ELEVE DANS LE MUSIQUE , QUE TA GRAND_ MERE AVAIT D\u00c9J\u00c0 UNE MARQUE DE MATERIEL HI-FI; PEUX TU ME RACONTER CETTE ENFANCE EN MUSIQUE, LE R\u00d4LE DE CELLE CI DANS TA VIE D\u2019ADULTE ?<\/span><\/p>\n<p style=\"text-align: justify;\">LBC\/ Nous avons tous besoin d\u2019un mod\u00e8le, le mien est effectivement ma grand-m\u00e8re.<br \/>\nTr\u00e8s proche d\u2019elle, elle me racontait souvent son passif de hifiste business woman. Captivit\u00e9 par ses r\u00e9cits, elle m\u2019a donn\u00e9 le go\u00fbt d\u2019entreprendre. J\u2019ai ainsi fabriqu\u00e9 mes premi\u00e8res enceintes tr\u00e8s jeune.<br \/>\nMon p\u00e8re et ma grand m\u00e8re m\u2019ont \u00e0 la fois pouss\u00e9 \u00e0 m\u2019int\u00e9resser au domaine de la haute-fid\u00e9lit\u00e9 mais en m\u00eame temps me d\u00e9conseillaient d\u2019entreprendre da ns ce domaine en crise dans ces ann\u00e9es 90.<\/p>\n<p style=\"text-align: justify;\"><span style=\"color: #e52576;\">KA\/\u00a0QUAND AS TU DECIDER DE REPRENDRE LE \u201cFLAMBEAU\u201d? POURQUOI? COMMENT? OU LE VERRAIS TU DANS 10 ANS? RACONTES NOUS UN PEU L\u2019 HISTOIRE DE LA BOITE!!!!!<\/span><\/p>\n<p>LBC\/ Lancer une nouvelle marque sp\u00e9cialis\u00e9e dans la haute-fid\u00e9lit\u00e9 est une d\u00e9cision coll\u00e9giale et surtout familiale.<br \/>\nEn 2007, mon fr\u00e8re Guillaume qui \u00e9tait alors Directeur Artistique chez BDDP &#038; Fils dessina une borne multim\u00e9dia en bois. Sa volont\u00e9 \u00e9tait simple, en finir avec l&#8217;accumulation peu pratique et peu esth\u00e9tique de son mat\u00e9riel multim\u00e9dia et de leurs incalculables fils visibles poussi\u00e9reux.<br \/>\nIl imagine et se lance ainsi dans la fabrication, pour son propre usage, d\u2019une borne sans fils apparents qui lui permet de regrouper son ordinateur et ses enceintes hifi.<br \/>\nCe concept va tr\u00e8s vite retenir mon attention. Je vois dans ce produit un concept pratique, esth\u00e9tique mais surtout novateur. J\u2019insiste donc rapidement pour le perfectionner et le d\u00e9velopper afin de le faire partager. Nous avons alors d\u00e9cid\u00e9 ensemble d&#8217;allier nos comp\u00e9tences et avons fait appel \u00e0 notre p\u00e8re, Thierry Cagniard, pour son exp\u00e9rience et son expertise. Il a en effet d\u00e9velopp\u00e9 la division enceintes acoustiques de SIARE. Nous avons aussi eu la chance de faire intervenir notre grand m\u00e8re qui participa aux premi\u00e8res r\u00e9unions du projet.<br \/>\nEn mai 2008, nous d\u00e9cidons avec Guillaume de lancer un nouveau mod\u00e8le en s\u00e9rie limit\u00e9e : la \u00ab Premi\u00e8re \u00bb.<br \/>\nRapidement notre projet va int\u00e9resser Yvon Maurel Dr en \u00e9lectro-acoustique sp\u00e9cialiste du domaine. Il est tout de suite s\u00e9duit par ce d\u00e9fit technique et viendra diriger le Labo de la soci\u00e9t\u00e9. Matthieu Luong, mon partenaire business depuis 2004, prendra de son c\u00f4t\u00e9 les r\u00eanes du d\u00e9veloppement commercial en France.<br \/>\nCette borne qui int\u00e9grait un ordinateur, \u00e9tait imposante et avait un design tr\u00e8s d\u00e9cal\u00e9. Elle a connu un fort succ\u00e8s m\u00e9diatique mais est difficile \u00e0 vendre. Ce produit a \u00e9t\u00e9 cependant tr\u00e8s important \u00e0 notre r\u00e9flexion produit. Cette exp\u00e9rience de 2 ans a forc\u00e9ment influ\u00e9e sur le concept, le design et le business model du projet LD lanc\u00e9 en 2010.<\/p>\n<p>&nbsp;<\/p>\n<p><span style=\"color: #e52576;\">KA\/\u00a0QUELLE EST AUJOURD\u2019HUI LA FONCTIONNALIT\u00c9 OU L\u2019APPLICATION LI\u00c9E A LA MUSIQUE DOMESTIQUE, QUE TU AIMERAIS CREER OU VOIR INVENTER?<\/span><\/p>\n<p style=\"text-align: justify;\">LBC\/\u00a0Le \u00ab cloud \u00bb est une r\u00e9elle avanc\u00e9e technique qui aura une influence sur les usages.<br \/>\nLes sources sonores sont encore trop diverses. En effet, nous \u00e9coutons dans une m\u00eame journ\u00e9e une playlist On-line, le son de son t\u00e9l\u00e9phone ceci mix\u00e9 \u00e0 sa playlist iTunes.<br \/>\nLa TV connect\u00e9e sera l\u2019enjeu des prochaines ann\u00e9es. Si Apple lance sa propre TV nous pouvons alors parier sur une r\u00e9volution des usages. La TV deviendrait le p\u00f4le multim\u00e9dia o\u00f9 tout son contenu sera accessible en un clic.<br \/>\nNous nous pr\u00e9parons aujourd\u2019hui \u00e0 ces \u00e9volutions d\u2019usage au niveau \u00ab Hard \/ Produit \u00bb. Mon r\u00eave serait ainsi de toucher aux services et pourquoi pas travailler sur du \u00ab Soft \u00bb li\u00e9 \u00e0 la musique. De belle start-up fran\u00e7aises comme WHYD.com se sp\u00e9cialisent aujourd\u2019hui sur la centralisation de son contenu musical sur des sites on-line. Pourquoi ne pas avancer conjointement car notre but est le m\u00eame : Simplifier l\u2019\u00e9coute de musique.<\/p>\n<p style=\"text-align: justify;\"><span style=\"color: #e52576;\">KA\/\u00a0PARLANT D\u2019APPLICATION, COMMENT EN ETES VOUS VENUS A FAIRE CETTE INTEGRATION QUI PARAIT SI EVIDENTE UNE FOIS FAITE DE LA MUSIQUE DANS LE MOBILIER. COMMENT EST N\u00c9E LA LIGNE LD ?<\/span><\/p>\n<p style=\"text-align: justify;\">LBC\/\u00a0Nous cherchons \u00e0 proposer des produits audio que l\u2019on consid\u00e8re comme une pi\u00e8ce de design et qui soient en m\u00eame temps techniquement efficaces. Nous ne d\u00e9veloppons pas des meubles dans lesquels nous ajoutons des haut-parleurs, nous d\u00e9veloppons des enceintes acoustiques de haute fid\u00e9lit\u00e9 optimis\u00e9es pour les ordinateurs et nouveaux m\u00e9dias.<br \/>\nL\u2019id\u00e9e de faire un dock pour ordinateur ne m\u2019est pas venue tout de suite. Le processus de cr\u00e9ation a \u00e9t\u00e9 long.<br \/>\nNous sommes partis de l\u2019utilisateur avant de travailler sur le concept ou le design.<\/p>\n<p>Je suis all\u00e9 en point de vente, chez mes amis et chez mes connaissances pour observer l\u2019int\u00e9gration et l\u2019utilisation des nouveaux objets du quotidien (Laptop, Tablettes, Smartphone \u2026). J\u2019ai questionn\u00e9 une vingtaine de points de ventes HiFi. Nous avons ainsi constat\u00e9 que m\u00eame si l\u2019ordinateur est la principale source de musique \u00e0 la maison, peu de vendeurs savent diriger leurs clients vers un mat\u00e9riel hifi optimis\u00e9 pour l\u2019ordinateur.<br \/>\nPar ailleurs, nous avons remarqu\u00e9 que la place num\u00e9ro 1 de l\u2019ordinateur dans l\u2019habitacle est la chaise et le canap\u00e9 !<br \/>\nL\u2019id\u00e9e produit vient alors naturellement et un concept en d\u00e9coule. Nous avons r\u00e9dig\u00e9 ensuite avec toute l\u2019\u00e9quipe un cahier des charges avec des objectifs de r\u00e9sultats.<\/p>\n<p>Nous avons enfin attaqu\u00e9 l\u2019\u00e9tape la plus longue : la cr\u00e9ation et le d\u00e9veloppement sans compromis possible entre les contraintes esth\u00e9tiques et celles de l\u2019\u00e9lectro-acoustique. Nous avan\u00e7ons tous ensemble en mettant en commun nos avanc\u00e9es \u00e0 la fois cr\u00e9atives et techniques.<br \/>\n<strong>LA BOITE CONCEPT<\/strong> et notre laboratoire d\u2019\u00e9lectro-acoustique exercent aujourd\u2019hui une activit\u00e9 de R&#038;D soutenue. Nous avons la chance d\u2019\u00eatre aujourd\u2019hui une \u00e9quipe compl\u00e8te et surtout compl\u00e9mentaire de docteur, ing\u00e9nieurs, designers, industriels et commerciaux.<\/p>\n<p><a href=\"https:\/\/i0.wp.com\/joyana.fr\/wp-content\/uploads\/2014\/03\/Portrait-Timothee-cagniard-samuel-accoceberry.jpg?ssl=1\"><img data-recalc-dims=\"1\" loading=\"lazy\" decoding=\"async\" class=\"alignnone size-full wp-image-16300\" alt=\"Portrait-Timothee-cagniard-samuel-accoceberry\" src=\"https:\/\/i0.wp.com\/joyana.fr\/wp-content\/uploads\/2014\/03\/Portrait-Timothee-cagniard-samuel-accoceberry.jpg?resize=650%2C433&#038;ssl=1\" width=\"650\" height=\"433\" \/><\/a><\/p>\n<p style=\"text-align: center;\">En savoir + sur <a href=\"http:\/\/www.laboiteconcept.com\" target=\"_blank\"><strong>LA BOITE CONCEPT<\/strong><\/a><\/p>\n<p style=\"text-align: center;\"><span style=\"color: #000000;\">.<\/span><\/p>\n","protected":false},"excerpt":{"rendered":"<p>Cheveux hirsutes, barbichette et boots jaunes, Tim &#8211; de LA BOITE CONCEPT &#8211; \u00e0 la silhouette du parfait Hipster des sorties de Fashion-week parisienne sauf que&#8230;<\/p>\n","protected":false},"author":4,"featured_media":116239,"comment_status":"open","ping_status":"open","sticky":false,"template":"","format":"standard","meta":{"_coblocks_attr":"","_coblocks_dimensions":"","_coblocks_responsive_height":"","_coblocks_accordion_ie_support":"","_uag_custom_page_level_css":"","advgb_blocks_editor_width":"","advgb_blocks_columns_visual_guide":"","_genesis_hide_title":false,"_genesis_hide_breadcrumbs":false,"_genesis_hide_singular_image":false,"_genesis_hide_footer_widgets":false,"_genesis_custom_body_class":"","_genesis_custom_post_class":"","_genesis_layout":"","_themeisle_gutenberg_block_has_review":false,"_jetpack_newsletter_access":"","_jetpack_dont_email_post_to_subs":false,"_jetpack_newsletter_tier_id":0,"_jetpack_memberships_contains_paywalled_content":false,"_jetpack_memberships_contains_paid_content":false,"footnotes":""},"categories":[905,925,1653],"tags":[],"class_list":{"0":"post-112468","1":"post","2":"type-post","3":"status-publish","4":"format-standard","5":"has-post-thumbnail","7":"category-deco-design","8":"category-high-tech","9":"category-le-deco-design-de-kossi-aguessy","10":"entry"},"featured_image_urls":{"full":["https:\/\/i0.wp.com\/www.joyana.fr\/wp-content\/uploads\/2014\/07\/LA-BOITE-CONCEPT-DECODESIGN-KOSSI-AGUESSY.jpg?fit=650%2C450&ssl=1",650,450,false],"thumbnail":["https:\/\/i0.wp.com\/www.joyana.fr\/wp-content\/uploads\/2014\/07\/LA-BOITE-CONCEPT-DECODESIGN-KOSSI-AGUESSY.jpg?resize=150%2C150&ssl=1",150,150,true],"medium":["https:\/\/i0.wp.com\/www.joyana.fr\/wp-content\/uploads\/2014\/07\/LA-BOITE-CONCEPT-DECODESIGN-KOSSI-AGUESSY.jpg?fit=389%2C269&ssl=1",389,269,true],"medium_large":["https:\/\/i0.wp.com\/www.joyana.fr\/wp-content\/uploads\/2014\/07\/LA-BOITE-CONCEPT-DECODESIGN-KOSSI-AGUESSY.jpg?fit=650%2C450&ssl=1",650,450,true],"large":["https:\/\/i0.wp.com\/www.joyana.fr\/wp-content\/uploads\/2014\/07\/LA-BOITE-CONCEPT-DECODESIGN-KOSSI-AGUESSY.jpg?fit=650%2C450&ssl=1",650,450,true],"1536x1536":["https:\/\/i0.wp.com\/www.joyana.fr\/wp-content\/uploads\/2014\/07\/LA-BOITE-CONCEPT-DECODESIGN-KOSSI-AGUESSY.jpg?fit=650%2C450&ssl=1",650,450,true],"2048x2048":["https:\/\/i0.wp.com\/www.joyana.fr\/wp-content\/uploads\/2014\/07\/LA-BOITE-CONCEPT-DECODESIGN-KOSSI-AGUESSY.jpg?fit=650%2C450&ssl=1",650,450,true],"featured-thumb":["https:\/\/i0.wp.com\/www.joyana.fr\/wp-content\/uploads\/2014\/07\/LA-BOITE-CONCEPT-DECODESIGN-KOSSI-AGUESSY.jpg?resize=650%2C450&ssl=1",650,450,true],"ab-block-post-grid-landscape":["https:\/\/i0.wp.com\/www.joyana.fr\/wp-content\/uploads\/2014\/07\/LA-BOITE-CONCEPT-DECODESIGN-KOSSI-AGUESSY.jpg?resize=600%2C400&ssl=1",600,400,true],"ab-block-post-grid-square":["https:\/\/i0.wp.com\/www.joyana.fr\/wp-content\/uploads\/2014\/07\/LA-BOITE-CONCEPT-DECODESIGN-KOSSI-AGUESSY.jpg?resize=600%2C450&ssl=1",600,450,true],"author-pro-image":["https:\/\/i0.wp.com\/www.joyana.fr\/wp-content\/uploads\/2014\/07\/LA-BOITE-CONCEPT-DECODESIGN-KOSSI-AGUESSY.jpg?resize=360%2C450&ssl=1",360,450,true],"slider":["https:\/\/i0.wp.com\/www.joyana.fr\/wp-content\/uploads\/2014\/07\/LA-BOITE-CONCEPT-DECODESIGN-KOSSI-AGUESSY.jpg?resize=650%2C400&ssl=1",650,400,true],"woocommerce_thumbnail":["https:\/\/i0.wp.com\/www.joyana.fr\/wp-content\/uploads\/2014\/07\/LA-BOITE-CONCEPT-DECODESIGN-KOSSI-AGUESSY.jpg?resize=450%2C450&ssl=1",450,450,true],"woocommerce_single":["https:\/\/i0.wp.com\/www.joyana.fr\/wp-content\/uploads\/2014\/07\/LA-BOITE-CONCEPT-DECODESIGN-KOSSI-AGUESSY.jpg?fit=650%2C450&ssl=1",650,450,true],"woocommerce_gallery_thumbnail":["https:\/\/i0.wp.com\/www.joyana.fr\/wp-content\/uploads\/2014\/07\/LA-BOITE-CONCEPT-DECODESIGN-KOSSI-AGUESSY.jpg?resize=180%2C180&ssl=1",180,180,true],"sow-carousel-default":["https:\/\/i0.wp.com\/www.joyana.fr\/wp-content\/uploads\/2014\/07\/LA-BOITE-CONCEPT-DECODESIGN-KOSSI-AGUESSY.jpg?resize=272%2C182&ssl=1",272,182,true]},"post_excerpt_stackable":"<p>Cheveux hirsutes, barbichette et boots jaunes, Tim &#8211; de LA BOITE CONCEPT &#8211; \u00e0 la silhouette du parfait Hipster des sorties de Fashion-week parisienne sauf que&#8230;<\/p>\n","category_list":"<a href=\"https:\/\/www.joyana.fr\/en\/category\/deco-design\/\" rel=\"category tag\">DECO-DESIGN<\/a>, <a href=\"https:\/\/www.joyana.fr\/en\/category\/deco-design\/actualite\/high-tech\/\" rel=\"category tag\">High-Tech<\/a>, <a href=\"https:\/\/www.joyana.fr\/en\/category\/deco-design\/actualite\/le-deco-design-de-kossi-aguessy\/\" rel=\"category tag\">Le Deco-Design de Kossi Aguessy<\/a>","author_info":{"display_name":"Kossi Aguessy","author_link":"https:\/\/www.joyana.fr\/en\/author\/aguessy\/"},"comments_num":"3 comments","featured_image_urls_v2":{"full":["https:\/\/i0.wp.com\/www.joyana.fr\/wp-content\/uploads\/2014\/07\/LA-BOITE-CONCEPT-DECODESIGN-KOSSI-AGUESSY.jpg?fit=650%2C450&ssl=1",650,450,false],"thumbnail":["https:\/\/i0.wp.com\/www.joyana.fr\/wp-content\/uploads\/2014\/07\/LA-BOITE-CONCEPT-DECODESIGN-KOSSI-AGUESSY.jpg?resize=150%2C150&ssl=1",150,150,true],"medium":["https:\/\/i0.wp.com\/www.joyana.fr\/wp-content\/uploads\/2014\/07\/LA-BOITE-CONCEPT-DECODESIGN-KOSSI-AGUESSY.jpg?fit=389%2C269&ssl=1",389,269,true],"medium_large":["https:\/\/i0.wp.com\/www.joyana.fr\/wp-content\/uploads\/2014\/07\/LA-BOITE-CONCEPT-DECODESIGN-KOSSI-AGUESSY.jpg?fit=650%2C450&ssl=1",650,450,true],"large":["https:\/\/i0.wp.com\/www.joyana.fr\/wp-content\/uploads\/2014\/07\/LA-BOITE-CONCEPT-DECODESIGN-KOSSI-AGUESSY.jpg?fit=650%2C450&ssl=1",650,450,true],"1536x1536":["https:\/\/i0.wp.com\/www.joyana.fr\/wp-content\/uploads\/2014\/07\/LA-BOITE-CONCEPT-DECODESIGN-KOSSI-AGUESSY.jpg?fit=650%2C450&ssl=1",650,450,true],"2048x2048":["https:\/\/i0.wp.com\/www.joyana.fr\/wp-content\/uploads\/2014\/07\/LA-BOITE-CONCEPT-DECODESIGN-KOSSI-AGUESSY.jpg?fit=650%2C450&ssl=1",650,450,true],"featured-thumb":["https:\/\/i0.wp.com\/www.joyana.fr\/wp-content\/uploads\/2014\/07\/LA-BOITE-CONCEPT-DECODESIGN-KOSSI-AGUESSY.jpg?resize=650%2C450&ssl=1",650,450,true],"ab-block-post-grid-landscape":["https:\/\/i0.wp.com\/www.joyana.fr\/wp-content\/uploads\/2014\/07\/LA-BOITE-CONCEPT-DECODESIGN-KOSSI-AGUESSY.jpg?resize=600%2C400&ssl=1",600,400,true],"ab-block-post-grid-square":["https:\/\/i0.wp.com\/www.joyana.fr\/wp-content\/uploads\/2014\/07\/LA-BOITE-CONCEPT-DECODESIGN-KOSSI-AGUESSY.jpg?resize=600%2C450&ssl=1",600,450,true],"author-pro-image":["https:\/\/i0.wp.com\/www.joyana.fr\/wp-content\/uploads\/2014\/07\/LA-BOITE-CONCEPT-DECODESIGN-KOSSI-AGUESSY.jpg?resize=360%2C450&ssl=1",360,450,true],"slider":["https:\/\/i0.wp.com\/www.joyana.fr\/wp-content\/uploads\/2014\/07\/LA-BOITE-CONCEPT-DECODESIGN-KOSSI-AGUESSY.jpg?resize=650%2C400&ssl=1",650,400,true],"woocommerce_thumbnail":["https:\/\/i0.wp.com\/www.joyana.fr\/wp-content\/uploads\/2014\/07\/LA-BOITE-CONCEPT-DECODESIGN-KOSSI-AGUESSY.jpg?resize=450%2C450&ssl=1",450,450,true],"woocommerce_single":["https:\/\/i0.wp.com\/www.joyana.fr\/wp-content\/uploads\/2014\/07\/LA-BOITE-CONCEPT-DECODESIGN-KOSSI-AGUESSY.jpg?fit=650%2C450&ssl=1",650,450,true],"woocommerce_gallery_thumbnail":["https:\/\/i0.wp.com\/www.joyana.fr\/wp-content\/uploads\/2014\/07\/LA-BOITE-CONCEPT-DECODESIGN-KOSSI-AGUESSY.jpg?resize=180%2C180&ssl=1",180,180,true],"sow-carousel-default":["https:\/\/i0.wp.com\/www.joyana.fr\/wp-content\/uploads\/2014\/07\/LA-BOITE-CONCEPT-DECODESIGN-KOSSI-AGUESSY.jpg?resize=272%2C182&ssl=1",272,182,true]},"post_excerpt_stackable_v2":"<p>Cheveux hirsutes, barbichette et boots jaunes, Tim &#8211; de LA BOITE CONCEPT &#8211; \u00e0 la silhouette du parfait Hipster des sorties de Fashion-week parisienne sauf que&#8230;<\/p>\n","category_list_v2":"<a href=\"https:\/\/www.joyana.fr\/en\/category\/deco-design\/\" rel=\"category tag\">DECO-DESIGN<\/a>, <a href=\"https:\/\/www.joyana.fr\/en\/category\/deco-design\/actualite\/high-tech\/\" rel=\"category tag\">High-Tech<\/a>, <a href=\"https:\/\/www.joyana.fr\/en\/category\/deco-design\/actualite\/le-deco-design-de-kossi-aguessy\/\" rel=\"category tag\">Le Deco-Design de Kossi Aguessy<\/a>","author_info_v2":{"name":"Kossi Aguessy","url":"https:\/\/www.joyana.fr\/en\/author\/aguessy\/"},"comments_num_v2":"3 comments","yoast_head":"<!-- This site is optimized with the Yoast SEO plugin v26.8 - https:\/\/yoast.com\/product\/yoast-seo-wordpress\/ -->\n<title>Interview LA BOITE CONCEPT - JO YANA<\/title>\n<meta name=\"robots\" content=\"index, follow, max-snippet:-1, max-image-preview:large, max-video-preview:-1\" \/>\n<link rel=\"canonical\" href=\"https:\/\/joyana.fr\/interview-la-boite-concept-kossi-aguessy\/112468\/\" \/>\n<meta property=\"og:locale\" content=\"en_US\" \/>\n<meta property=\"og:locale:alternate\" content=\"fr_FR\" \/>\n<meta property=\"og:locale:alternate\" content=\"ja\" \/>\n<meta property=\"og:type\" content=\"article\" \/>\n<meta property=\"og:title\" content=\"Interview LA BOITE CONCEPT - JO YANA\" \/>\n<meta property=\"og:description\" content=\"Cheveux hirsutes, barbichette et boots jaunes, Tim - de LA BOITE CONCEPT - \u00e0 la silhouette du parfait Hipster des sorties de Fashion-week parisienne sauf que...\" \/>\n<meta property=\"og:url\" content=\"https:\/\/www.joyana.fr\/en\/interview-la-boite-concept-kossi-aguessy\/112468\/\" \/>\n<meta property=\"og:site_name\" content=\"JO YANA\" \/>\n<meta property=\"article:published_time\" content=\"2014-03-31T07:41:29+00:00\" \/>\n<meta property=\"og:image\" content=\"https:\/\/joyana.fr\/wp-content\/uploads\/2014\/07\/LA-BOITE-CONCEPT-DECODESIGN-KOSSI-AGUESSY.jpg\" \/>\n\t<meta property=\"og:image:width\" content=\"650\" \/>\n\t<meta property=\"og:image:height\" content=\"450\" \/>\n\t<meta property=\"og:image:type\" content=\"image\/jpeg\" \/>\n<meta name=\"author\" content=\"Kossi Aguessy\" \/>\n<meta name=\"twitter:card\" content=\"summary_large_image\" \/>\n<meta name=\"twitter:creator\" content=\"@Jo_Yana\" \/>\n<meta name=\"twitter:site\" content=\"@Jo_Yana\" \/>\n<meta name=\"twitter:label1\" content=\"Written by\" \/>\n\t<meta name=\"twitter:data1\" content=\"Kossi Aguessy\" \/>\n\t<meta name=\"twitter:label2\" content=\"Est. reading time\" \/>\n\t<meta name=\"twitter:data2\" content=\"9 minutes\" \/>\n<script type=\"application\/ld+json\" class=\"yoast-schema-graph\">{\"@context\":\"https:\/\/schema.org\",\"@graph\":[{\"@type\":\"Article\",\"@id\":\"https:\/\/joyana.fr\/interview-la-boite-concept-kossi-aguessy\/112468\/#article\",\"isPartOf\":{\"@id\":\"https:\/\/joyana.fr\/interview-la-boite-concept-kossi-aguessy\/112468\/\"},\"author\":{\"name\":\"Kossi Aguessy\",\"@id\":\"https:\/\/joyana.fr\/#\/schema\/person\/678ec70397434788def334189c342f3b\"},\"headline\":\"Interview LA BOITE CONCEPT\",\"datePublished\":\"2014-03-31T07:41:29+00:00\",\"mainEntityOfPage\":{\"@id\":\"https:\/\/joyana.fr\/interview-la-boite-concept-kossi-aguessy\/112468\/\"},\"wordCount\":1733,\"commentCount\":1,\"publisher\":{\"@id\":\"https:\/\/joyana.fr\/#\/schema\/person\/cf2a1ad12a27c12c21801075bf37407c\"},\"image\":{\"@id\":\"https:\/\/joyana.fr\/interview-la-boite-concept-kossi-aguessy\/112468\/#primaryimage\"},\"thumbnailUrl\":\"https:\/\/i0.wp.com\/www.joyana.fr\/wp-content\/uploads\/2014\/07\/LA-BOITE-CONCEPT-DECODESIGN-KOSSI-AGUESSY.jpg?fit=650%2C450&ssl=1\",\"articleSection\":[\"DECO-DESIGN\",\"High-Tech\",\"Le Deco-Design de Kossi Aguessy\"],\"inLanguage\":\"en-US\",\"potentialAction\":[{\"@type\":\"CommentAction\",\"name\":\"Comment\",\"target\":[\"https:\/\/joyana.fr\/interview-la-boite-concept-kossi-aguessy\/112468\/#respond\"]}]},{\"@type\":\"WebPage\",\"@id\":\"https:\/\/joyana.fr\/interview-la-boite-concept-kossi-aguessy\/112468\/\",\"url\":\"https:\/\/joyana.fr\/interview-la-boite-concept-kossi-aguessy\/112468\/\",\"name\":\"Interview LA BOITE CONCEPT - JO YANA\",\"isPartOf\":{\"@id\":\"https:\/\/joyana.fr\/#website\"},\"primaryImageOfPage\":{\"@id\":\"https:\/\/joyana.fr\/interview-la-boite-concept-kossi-aguessy\/112468\/#primaryimage\"},\"image\":{\"@id\":\"https:\/\/joyana.fr\/interview-la-boite-concept-kossi-aguessy\/112468\/#primaryimage\"},\"thumbnailUrl\":\"https:\/\/i0.wp.com\/www.joyana.fr\/wp-content\/uploads\/2014\/07\/LA-BOITE-CONCEPT-DECODESIGN-KOSSI-AGUESSY.jpg?fit=650%2C450&ssl=1\",\"datePublished\":\"2014-03-31T07:41:29+00:00\",\"breadcrumb\":{\"@id\":\"https:\/\/joyana.fr\/interview-la-boite-concept-kossi-aguessy\/112468\/#breadcrumb\"},\"inLanguage\":\"en-US\",\"potentialAction\":[{\"@type\":\"ReadAction\",\"target\":[\"https:\/\/joyana.fr\/interview-la-boite-concept-kossi-aguessy\/112468\/\"]}]},{\"@type\":\"ImageObject\",\"inLanguage\":\"en-US\",\"@id\":\"https:\/\/joyana.fr\/interview-la-boite-concept-kossi-aguessy\/112468\/#primaryimage\",\"url\":\"https:\/\/i0.wp.com\/www.joyana.fr\/wp-content\/uploads\/2014\/07\/LA-BOITE-CONCEPT-DECODESIGN-KOSSI-AGUESSY.jpg?fit=650%2C450&ssl=1\",\"contentUrl\":\"https:\/\/i0.wp.com\/www.joyana.fr\/wp-content\/uploads\/2014\/07\/LA-BOITE-CONCEPT-DECODESIGN-KOSSI-AGUESSY.jpg?fit=650%2C450&ssl=1\",\"width\":650,\"height\":450},{\"@type\":\"BreadcrumbList\",\"@id\":\"https:\/\/joyana.fr\/interview-la-boite-concept-kossi-aguessy\/112468\/#breadcrumb\",\"itemListElement\":[{\"@type\":\"ListItem\",\"position\":1,\"name\":\"Accueil\",\"item\":\"https:\/\/joyana.fr\/\"},{\"@type\":\"ListItem\",\"position\":2,\"name\":\"Interview LA BOITE CONCEPT\"}]},{\"@type\":\"WebSite\",\"@id\":\"https:\/\/joyana.fr\/#website\",\"url\":\"https:\/\/joyana.fr\/\",\"name\":\"JO YANA\",\"description\":\"Blog Mode Homme, Lifestyle, D\u00e9co-Design\",\"publisher\":{\"@id\":\"https:\/\/joyana.fr\/#\/schema\/person\/cf2a1ad12a27c12c21801075bf37407c\"},\"potentialAction\":[{\"@type\":\"SearchAction\",\"target\":{\"@type\":\"EntryPoint\",\"urlTemplate\":\"https:\/\/joyana.fr\/?s={search_term_string}\"},\"query-input\":{\"@type\":\"PropertyValueSpecification\",\"valueRequired\":true,\"valueName\":\"search_term_string\"}}],\"inLanguage\":\"en-US\"},{\"@type\":[\"Person\",\"Organization\"],\"@id\":\"https:\/\/joyana.fr\/#\/schema\/person\/cf2a1ad12a27c12c21801075bf37407c\",\"name\":\"Jo Yana\",\"image\":{\"@type\":\"ImageObject\",\"inLanguage\":\"en-US\",\"@id\":\"https:\/\/joyana.fr\/#\/schema\/person\/image\/\",\"url\":\"https:\/\/i0.wp.com\/www.joyana.fr\/wp-content\/uploads\/2016\/08\/cropped-joyana-logo-black-360x180.png?fit=343%2C164&ssl=1\",\"contentUrl\":\"https:\/\/i0.wp.com\/www.joyana.fr\/wp-content\/uploads\/2016\/08\/cropped-joyana-logo-black-360x180.png?fit=343%2C164&ssl=1\",\"width\":343,\"height\":164,\"caption\":\"Jo Yana\"},\"logo\":{\"@id\":\"https:\/\/joyana.fr\/#\/schema\/person\/image\/\"},\"description\":\"Jo Yana est le cr\u00e9ateur et r\u00e9dacteur en chef des sites DECO-DESIGN. Passionn\u00e9 de Design, Mode, Photo, Luxe, Lifestyle, Musique, mais avant tout Blogueur ! Le plaisir de partager l'anime et a comme devise \\\"POUR L'AMOUR DU BEAU\\\". Retrouvez le aussi sur son blog personnel - https:\/\/joyana.fr...\",\"sameAs\":[\"https:\/\/joyana.fr\/\"]},{\"@type\":\"Person\",\"@id\":\"https:\/\/joyana.fr\/#\/schema\/person\/678ec70397434788def334189c342f3b\",\"name\":\"Kossi Aguessy\",\"image\":{\"@type\":\"ImageObject\",\"inLanguage\":\"en-US\",\"@id\":\"https:\/\/joyana.fr\/#\/schema\/person\/image\/\",\"url\":\"https:\/\/secure.gravatar.com\/avatar\/278d371c00614d8cef082d9e654bcf98?s=96&d=retro&r=g\",\"contentUrl\":\"https:\/\/secure.gravatar.com\/avatar\/278d371c00614d8cef082d9e654bcf98?s=96&d=retro&r=g\",\"caption\":\"Kossi Aguessy\"},\"description\":\"Kossi Aguessy est un designer Togolais, un surdou\u00e9 du crayon qui nous \u00e9clabousse de son talent \u00e0 chaque cr\u00e9ation - entre art, technologies et design onirique. Il collabore avec de grandes marques comme Coca Cola, Branex, Le Conseil de S\u00e9curit\u00e9 de L'ONU, Stella McCartney, BlackBody, St Dupont, Cartier...\",\"sameAs\":[\"http:\/\/aguessy.life\"],\"url\":\"https:\/\/www.joyana.fr\/en\/author\/aguessy\/\"}]}<\/script>\n<!-- \/ Yoast SEO plugin. -->","yoast_head_json":{"title":"Interview LA BOITE CONCEPT - JO YANA","robots":{"index":"index","follow":"follow","max-snippet":"max-snippet:-1","max-image-preview":"max-image-preview:large","max-video-preview":"max-video-preview:-1"},"canonical":"https:\/\/joyana.fr\/interview-la-boite-concept-kossi-aguessy\/112468\/","og_locale":"en_US","og_type":"article","og_title":"Interview LA BOITE CONCEPT - JO YANA","og_description":"Cheveux hirsutes, barbichette et boots jaunes, Tim - de LA BOITE CONCEPT - \u00e0 la silhouette du parfait Hipster des sorties de Fashion-week parisienne sauf que...","og_url":"https:\/\/www.joyana.fr\/en\/interview-la-boite-concept-kossi-aguessy\/112468\/","og_site_name":"JO YANA","article_published_time":"2014-03-31T07:41:29+00:00","og_image":[{"width":650,"height":450,"url":"https:\/\/joyana.fr\/wp-content\/uploads\/2014\/07\/LA-BOITE-CONCEPT-DECODESIGN-KOSSI-AGUESSY.jpg","type":"image\/jpeg"}],"author":"Kossi Aguessy","twitter_card":"summary_large_image","twitter_creator":"@Jo_Yana","twitter_site":"@Jo_Yana","twitter_misc":{"Written by":"Kossi Aguessy","Est. reading time":"9 minutes"},"schema":{"@context":"https:\/\/schema.org","@graph":[{"@type":"Article","@id":"https:\/\/joyana.fr\/interview-la-boite-concept-kossi-aguessy\/112468\/#article","isPartOf":{"@id":"https:\/\/joyana.fr\/interview-la-boite-concept-kossi-aguessy\/112468\/"},"author":{"name":"Kossi Aguessy","@id":"https:\/\/joyana.fr\/#\/schema\/person\/678ec70397434788def334189c342f3b"},"headline":"Interview LA BOITE CONCEPT","datePublished":"2014-03-31T07:41:29+00:00","mainEntityOfPage":{"@id":"https:\/\/joyana.fr\/interview-la-boite-concept-kossi-aguessy\/112468\/"},"wordCount":1733,"commentCount":1,"publisher":{"@id":"https:\/\/joyana.fr\/#\/schema\/person\/cf2a1ad12a27c12c21801075bf37407c"},"image":{"@id":"https:\/\/joyana.fr\/interview-la-boite-concept-kossi-aguessy\/112468\/#primaryimage"},"thumbnailUrl":"https:\/\/i0.wp.com\/www.joyana.fr\/wp-content\/uploads\/2014\/07\/LA-BOITE-CONCEPT-DECODESIGN-KOSSI-AGUESSY.jpg?fit=650%2C450&ssl=1","articleSection":["DECO-DESIGN","High-Tech","Le Deco-Design de Kossi Aguessy"],"inLanguage":"en-US","potentialAction":[{"@type":"CommentAction","name":"Comment","target":["https:\/\/joyana.fr\/interview-la-boite-concept-kossi-aguessy\/112468\/#respond"]}]},{"@type":"WebPage","@id":"https:\/\/joyana.fr\/interview-la-boite-concept-kossi-aguessy\/112468\/","url":"https:\/\/joyana.fr\/interview-la-boite-concept-kossi-aguessy\/112468\/","name":"Interview LA BOITE CONCEPT - JO YANA","isPartOf":{"@id":"https:\/\/joyana.fr\/#website"},"primaryImageOfPage":{"@id":"https:\/\/joyana.fr\/interview-la-boite-concept-kossi-aguessy\/112468\/#primaryimage"},"image":{"@id":"https:\/\/joyana.fr\/interview-la-boite-concept-kossi-aguessy\/112468\/#primaryimage"},"thumbnailUrl":"https:\/\/i0.wp.com\/www.joyana.fr\/wp-content\/uploads\/2014\/07\/LA-BOITE-CONCEPT-DECODESIGN-KOSSI-AGUESSY.jpg?fit=650%2C450&ssl=1","datePublished":"2014-03-31T07:41:29+00:00","breadcrumb":{"@id":"https:\/\/joyana.fr\/interview-la-boite-concept-kossi-aguessy\/112468\/#breadcrumb"},"inLanguage":"en-US","potentialAction":[{"@type":"ReadAction","target":["https:\/\/joyana.fr\/interview-la-boite-concept-kossi-aguessy\/112468\/"]}]},{"@type":"ImageObject","inLanguage":"en-US","@id":"https:\/\/joyana.fr\/interview-la-boite-concept-kossi-aguessy\/112468\/#primaryimage","url":"https:\/\/i0.wp.com\/www.joyana.fr\/wp-content\/uploads\/2014\/07\/LA-BOITE-CONCEPT-DECODESIGN-KOSSI-AGUESSY.jpg?fit=650%2C450&ssl=1","contentUrl":"https:\/\/i0.wp.com\/www.joyana.fr\/wp-content\/uploads\/2014\/07\/LA-BOITE-CONCEPT-DECODESIGN-KOSSI-AGUESSY.jpg?fit=650%2C450&ssl=1","width":650,"height":450},{"@type":"BreadcrumbList","@id":"https:\/\/joyana.fr\/interview-la-boite-concept-kossi-aguessy\/112468\/#breadcrumb","itemListElement":[{"@type":"ListItem","position":1,"name":"Accueil","item":"https:\/\/joyana.fr\/"},{"@type":"ListItem","position":2,"name":"Interview LA BOITE CONCEPT"}]},{"@type":"WebSite","@id":"https:\/\/joyana.fr\/#website","url":"https:\/\/joyana.fr\/","name":"JO YANA","description":"Blog Mode Homme, Lifestyle, D\u00e9co-Design","publisher":{"@id":"https:\/\/joyana.fr\/#\/schema\/person\/cf2a1ad12a27c12c21801075bf37407c"},"potentialAction":[{"@type":"SearchAction","target":{"@type":"EntryPoint","urlTemplate":"https:\/\/joyana.fr\/?s={search_term_string}"},"query-input":{"@type":"PropertyValueSpecification","valueRequired":true,"valueName":"search_term_string"}}],"inLanguage":"en-US"},{"@type":["Person","Organization"],"@id":"https:\/\/joyana.fr\/#\/schema\/person\/cf2a1ad12a27c12c21801075bf37407c","name":"Jo Yana","image":{"@type":"ImageObject","inLanguage":"en-US","@id":"https:\/\/joyana.fr\/#\/schema\/person\/image\/","url":"https:\/\/i0.wp.com\/www.joyana.fr\/wp-content\/uploads\/2016\/08\/cropped-joyana-logo-black-360x180.png?fit=343%2C164&ssl=1","contentUrl":"https:\/\/i0.wp.com\/www.joyana.fr\/wp-content\/uploads\/2016\/08\/cropped-joyana-logo-black-360x180.png?fit=343%2C164&ssl=1","width":343,"height":164,"caption":"Jo Yana"},"logo":{"@id":"https:\/\/joyana.fr\/#\/schema\/person\/image\/"},"description":"Jo Yana est le cr\u00e9ateur et r\u00e9dacteur en chef des sites DECO-DESIGN. Passionn\u00e9 de Design, Mode, Photo, Luxe, Lifestyle, Musique, mais avant tout Blogueur ! Le plaisir de partager l'anime et a comme devise \"POUR L'AMOUR DU BEAU\". Retrouvez le aussi sur son blog personnel - https:\/\/joyana.fr...","sameAs":["https:\/\/joyana.fr\/"]},{"@type":"Person","@id":"https:\/\/joyana.fr\/#\/schema\/person\/678ec70397434788def334189c342f3b","name":"Kossi Aguessy","image":{"@type":"ImageObject","inLanguage":"en-US","@id":"https:\/\/joyana.fr\/#\/schema\/person\/image\/","url":"https:\/\/secure.gravatar.com\/avatar\/278d371c00614d8cef082d9e654bcf98?s=96&d=retro&r=g","contentUrl":"https:\/\/secure.gravatar.com\/avatar\/278d371c00614d8cef082d9e654bcf98?s=96&d=retro&r=g","caption":"Kossi Aguessy"},"description":"Kossi Aguessy est un designer Togolais, un surdou\u00e9 du crayon qui nous \u00e9clabousse de son talent \u00e0 chaque cr\u00e9ation - entre art, technologies et design onirique. Il collabore avec de grandes marques comme Coca Cola, Branex, Le Conseil de S\u00e9curit\u00e9 de L'ONU, Stella McCartney, BlackBody, St Dupont, Cartier...","sameAs":["http:\/\/aguessy.life"],"url":"https:\/\/www.joyana.fr\/en\/author\/aguessy\/"}]}},"author_meta":{"display_name":"Kossi Aguessy","author_link":"https:\/\/www.joyana.fr\/en\/author\/aguessy\/"},"featured_img":"https:\/\/i0.wp.com\/www.joyana.fr\/wp-content\/uploads\/2014\/07\/LA-BOITE-CONCEPT-DECODESIGN-KOSSI-AGUESSY.jpg?fit=389%2C269&ssl=1","featured_image_src":"https:\/\/i0.wp.com\/www.joyana.fr\/wp-content\/uploads\/2014\/07\/LA-BOITE-CONCEPT-DECODESIGN-KOSSI-AGUESSY.jpg?resize=600%2C400&ssl=1","featured_image_src_square":"https:\/\/i0.wp.com\/www.joyana.fr\/wp-content\/uploads\/2014\/07\/LA-BOITE-CONCEPT-DECODESIGN-KOSSI-AGUESSY.jpg?resize=600%2C450&ssl=1","jetpack_featured_media_url":"https:\/\/i0.wp.com\/www.joyana.fr\/wp-content\/uploads\/2014\/07\/LA-BOITE-CONCEPT-DECODESIGN-KOSSI-AGUESSY.jpg?fit=650%2C450&ssl=1","uagb_featured_image_src":{"full":["https:\/\/i0.wp.com\/www.joyana.fr\/wp-content\/uploads\/2014\/07\/LA-BOITE-CONCEPT-DECODESIGN-KOSSI-AGUESSY.jpg?fit=650%2C450&ssl=1",650,450,false],"thumbnail":["https:\/\/i0.wp.com\/www.joyana.fr\/wp-content\/uploads\/2014\/07\/LA-BOITE-CONCEPT-DECODESIGN-KOSSI-AGUESSY.jpg?resize=150%2C150&ssl=1",150,150,true],"medium":["https:\/\/i0.wp.com\/www.joyana.fr\/wp-content\/uploads\/2014\/07\/LA-BOITE-CONCEPT-DECODESIGN-KOSSI-AGUESSY.jpg?fit=389%2C269&ssl=1",389,269,true],"medium_large":["https:\/\/i0.wp.com\/www.joyana.fr\/wp-content\/uploads\/2014\/07\/LA-BOITE-CONCEPT-DECODESIGN-KOSSI-AGUESSY.jpg?fit=650%2C450&ssl=1",650,450,true],"large":["https:\/\/i0.wp.com\/www.joyana.fr\/wp-content\/uploads\/2014\/07\/LA-BOITE-CONCEPT-DECODESIGN-KOSSI-AGUESSY.jpg?fit=650%2C450&ssl=1",650,450,true],"1536x1536":["https:\/\/i0.wp.com\/www.joyana.fr\/wp-content\/uploads\/2014\/07\/LA-BOITE-CONCEPT-DECODESIGN-KOSSI-AGUESSY.jpg?fit=650%2C450&ssl=1",650,450,true],"2048x2048":["https:\/\/i0.wp.com\/www.joyana.fr\/wp-content\/uploads\/2014\/07\/LA-BOITE-CONCEPT-DECODESIGN-KOSSI-AGUESSY.jpg?fit=650%2C450&ssl=1",650,450,true],"featured-thumb":["https:\/\/i0.wp.com\/www.joyana.fr\/wp-content\/uploads\/2014\/07\/LA-BOITE-CONCEPT-DECODESIGN-KOSSI-AGUESSY.jpg?resize=650%2C450&ssl=1",650,450,true],"ab-block-post-grid-landscape":["https:\/\/i0.wp.com\/www.joyana.fr\/wp-content\/uploads\/2014\/07\/LA-BOITE-CONCEPT-DECODESIGN-KOSSI-AGUESSY.jpg?resize=600%2C400&ssl=1",600,400,true],"ab-block-post-grid-square":["https:\/\/i0.wp.com\/www.joyana.fr\/wp-content\/uploads\/2014\/07\/LA-BOITE-CONCEPT-DECODESIGN-KOSSI-AGUESSY.jpg?resize=600%2C450&ssl=1",600,450,true],"author-pro-image":["https:\/\/i0.wp.com\/www.joyana.fr\/wp-content\/uploads\/2014\/07\/LA-BOITE-CONCEPT-DECODESIGN-KOSSI-AGUESSY.jpg?resize=360%2C450&ssl=1",360,450,true],"slider":["https:\/\/i0.wp.com\/www.joyana.fr\/wp-content\/uploads\/2014\/07\/LA-BOITE-CONCEPT-DECODESIGN-KOSSI-AGUESSY.jpg?resize=650%2C400&ssl=1",650,400,true],"woocommerce_thumbnail":["https:\/\/i0.wp.com\/www.joyana.fr\/wp-content\/uploads\/2014\/07\/LA-BOITE-CONCEPT-DECODESIGN-KOSSI-AGUESSY.jpg?resize=450%2C450&ssl=1",450,450,true],"woocommerce_single":["https:\/\/i0.wp.com\/www.joyana.fr\/wp-content\/uploads\/2014\/07\/LA-BOITE-CONCEPT-DECODESIGN-KOSSI-AGUESSY.jpg?fit=650%2C450&ssl=1",650,450,true],"woocommerce_gallery_thumbnail":["https:\/\/i0.wp.com\/www.joyana.fr\/wp-content\/uploads\/2014\/07\/LA-BOITE-CONCEPT-DECODESIGN-KOSSI-AGUESSY.jpg?resize=180%2C180&ssl=1",180,180,true],"sow-carousel-default":["https:\/\/i0.wp.com\/www.joyana.fr\/wp-content\/uploads\/2014\/07\/LA-BOITE-CONCEPT-DECODESIGN-KOSSI-AGUESSY.jpg?resize=272%2C182&ssl=1",272,182,true]},"uagb_author_info":{"display_name":"Kossi Aguessy","author_link":"https:\/\/www.joyana.fr\/en\/author\/aguessy\/"},"uagb_comment_info":3,"uagb_excerpt":"Cheveux hirsutes, barbichette et boots jaunes, Tim - de LA BOITE CONCEPT - \u00e0 la silhouette du parfait Hipster des sorties de Fashion-week parisienne sauf que...","coauthors":[],"tax_additional":{"categories":{"linked":["<a href=\"https:\/\/www.joyana.fr\/en\/category\/deco-design\/\" class=\"advgb-post-tax-term\">DECO-DESIGN<\/a>","<a href=\"https:\/\/www.joyana.fr\/en\/category\/deco-design\/actualite\/high-tech\/\" class=\"advgb-post-tax-term\">High-Tech<\/a>","<a href=\"https:\/\/www.joyana.fr\/en\/category\/deco-design\/actualite\/le-deco-design-de-kossi-aguessy\/\" class=\"advgb-post-tax-term\">Le Deco-Design de Kossi Aguessy<\/a>"],"unlinked":["<span class=\"advgb-post-tax-term\">DECO-DESIGN<\/span>","<span class=\"advgb-post-tax-term\">High-Tech<\/span>","<span class=\"advgb-post-tax-term\">Le Deco-Design de Kossi Aguessy<\/span>"]}},"comment_count":3,"relative_dates":{"created":"Posted 12 years ago","modified":"Updated 12 years ago"},"absolute_dates":{"created":"Posted on 31 March 2014","modified":"Updated on 31 March 2014"},"absolute_dates_time":{"created":"Posted on 31 March 2014 8:41","modified":"Updated on 31 March 2014 8:41"},"featured_img_caption":"","series_order":"","jetpack_sharing_enabled":true,"jetpack_shortlink":"https:\/\/wp.me\/p9bteI-tg0","jetpack-related-posts":[],"_links":{"self":[{"href":"https:\/\/www.joyana.fr\/en\/wp-json\/wp\/v2\/posts\/112468","targetHints":{"allow":["GET"]}}],"collection":[{"href":"https:\/\/www.joyana.fr\/en\/wp-json\/wp\/v2\/posts"}],"about":[{"href":"https:\/\/www.joyana.fr\/en\/wp-json\/wp\/v2\/types\/post"}],"author":[{"embeddable":true,"href":"https:\/\/www.joyana.fr\/en\/wp-json\/wp\/v2\/users\/4"}],"replies":[{"embeddable":true,"href":"https:\/\/www.joyana.fr\/en\/wp-json\/wp\/v2\/comments?post=112468"}],"version-history":[{"count":0,"href":"https:\/\/www.joyana.fr\/en\/wp-json\/wp\/v2\/posts\/112468\/revisions"}],"wp:featuredmedia":[{"embeddable":true,"href":"https:\/\/www.joyana.fr\/en\/wp-json\/wp\/v2\/media\/116239"}],"wp:attachment":[{"href":"https:\/\/www.joyana.fr\/en\/wp-json\/wp\/v2\/media?parent=112468"}],"wp:term":[{"taxonomy":"category","embeddable":true,"href":"https:\/\/www.joyana.fr\/en\/wp-json\/wp\/v2\/categories?post=112468"},{"taxonomy":"post_tag","embeddable":true,"href":"https:\/\/www.joyana.fr\/en\/wp-json\/wp\/v2\/tags?post=112468"}],"curies":[{"name":"wp","href":"https:\/\/api.w.org\/{rel}","templated":true}]}}