{"id":111157,"date":"2012-11-05T20:44:44","date_gmt":"2012-11-05T19:44:44","guid":{"rendered":"https:\/\/joyana.fr\/?p=11157"},"modified":"2012-11-05T20:44:44","modified_gmt":"2012-11-05T19:44:44","slug":"carlos-puyol-paris-un-mini-loft-de-30m%c2%b2-dans-le-marais","status":"publish","type":"post","link":"https:\/\/www.joyana.fr\/en\/carlos-puyol-paris-un-mini-loft-de-30m%c2%b2-dans-le-marais\/111157\/","title":{"rendered":"Un mini loft de 30m\u00b2 dans le Marais"},"content":{"rendered":"<p>Le <strong>designer espagnol Carlos Puyol<\/strong> nous pr\u00e9sente une tr\u00e8s belle r\u00e9habilitation r\u00e9alis\u00e9e sur un <strong>mini-loft<\/strong> de 30m\u00b2 dans le <strong>Marais<\/strong> \u00e0 <strong>Paris<\/strong>&#8230;<\/p>\n<p><img data-recalc-dims=\"1\" fetchpriority=\"high\" decoding=\"async\" class=\"alignnone size-large wp-image-11162\" title=\"loft-parquet-salon-02\" src=\"https:\/\/i0.wp.com\/joyana.fr\/wp-content\/uploads\/2012\/11\/loft-parquet-salon-02-576x864.jpg?resize=576%2C864&#038;ssl=1\" alt=\"\" width=\"576\" height=\"864\" \/><\/p>\n<p><img data-recalc-dims=\"1\" decoding=\"async\" class=\"alignnone size-large wp-image-11158\" title=\"loft-canape\u00cc\u0081-01\" src=\"https:\/\/i0.wp.com\/joyana.fr\/wp-content\/uploads\/2012\/11\/loft-canape%C3%8C%C2%81-01-576x384.jpg?resize=576%2C384&#038;ssl=1\" alt=\"\" width=\"576\" height=\"384\" \/><\/p>\n<p>Entre Place des Vosges et Place de la Bastille, rue des Tournelles <strong>PARIS<\/strong> IV, ce<strong> mini-loft<\/strong> de 30 m\u00b2 a \u00e9t\u00e9 pens\u00e9 et r\u00e9alis\u00e9 par le designer d&#8217;origine barcelonaise, <strong>Carlos Pujol<\/strong>.<\/p>\n<p>Ici, l&#8217;optimisation de l&#8217;espace a \u00e9t\u00e9 pouss\u00e9e \u00e0 son paroxysme pour donner vie \u00e0 un lieu design, cosy et fonctionnel : chemin\u00e9e double face, lave-linge encastr\u00e9 sous le plan de travail de la cuisine avec ouverture c\u00f4t\u00e9 chambre, douche \u00e0 l&#8217;italienne de 1m2, dalle de verre au sol avec pav\u00e9s parisiens (r\u00e9cup\u00e9r\u00e9s) apparents en sous-plan, portes en verre d\u00e9poli sur galets roulants, chaudi\u00e8re encastr\u00e9e dans le plafond des toilettes, frigo encastr\u00e9 dans la penderie d&#8217;entr\u00e9e, &#8230; ce pied \u00e0 terre est un mod\u00e8le d&#8217;inventivit\u00e9 en mati\u00e8re d&#8217;architecture int\u00e9rieure et de d\u00e9coration !<\/p>\n<p><img data-recalc-dims=\"1\" decoding=\"async\" class=\"alignnone size-large wp-image-11160\" title=\"loft-Lit-01\" src=\"https:\/\/i0.wp.com\/joyana.fr\/wp-content\/uploads\/2012\/11\/loft-Lit-01-576x384.jpg?resize=576%2C384&#038;ssl=1\" alt=\"\" width=\"576\" height=\"384\" \/><\/p>\n<p><img data-recalc-dims=\"1\" loading=\"lazy\" decoding=\"async\" class=\"alignnone size-large wp-image-11163\" title=\"Un mini loft de 30m\u00b2 dans le Marais\" src=\"https:\/\/i0.wp.com\/joyana.fr\/wp-content\/uploads\/2012\/11\/loft-passage-chambre-01-576x384.jpg?resize=576%2C384&#038;ssl=1\" alt=\"\" width=\"576\" height=\"384\" \/><\/p>\n<p><img data-recalc-dims=\"1\" loading=\"lazy\" decoding=\"async\" class=\"alignnone size-large wp-image-11161\" title=\"loft-parquet-salon-01\" src=\"https:\/\/i0.wp.com\/joyana.fr\/wp-content\/uploads\/2012\/11\/loft-parquet-salon-01-576x642.jpg?resize=576%2C642&#038;ssl=1\" alt=\"\" width=\"576\" height=\"642\" \/><\/p>\n<p><img data-recalc-dims=\"1\" loading=\"lazy\" decoding=\"async\" class=\"alignnone size-large wp-image-11159\" title=\"Un mini loft de 30m\u00b2 dans le Marais\" src=\"https:\/\/i0.wp.com\/joyana.fr\/wp-content\/uploads\/2012\/11\/loft-fene%C3%8C%E2%80%9Atre-salon-01-576x384.jpg?resize=576%2C384&#038;ssl=1\" alt=\"\" width=\"576\" height=\"384\" \/><\/p>\n<p style=\"text-align: center;\">En savoir + sur <a href=\"http:\/\/www.carlos.fr\/\" target=\"_blank\"><strong>Carlos PUYOL<\/strong><\/a><\/p>\n","protected":false},"excerpt":{"rendered":"<p>Le designer espagnol Carlos Puyol nous pr\u00e9sente une tr\u00e8s belle r\u00e9habilitation r\u00e9alis\u00e9e sur un mini-loft de 30m\u00b2 dans le Marais \u00e0 Paris&#8230; Entre Place des Vosges et Place de la Bastille, rue des Tournelles PARIS IV, ce mini-loft de 30 m\u00b2 a \u00e9t\u00e9 pens\u00e9 et r\u00e9alis\u00e9 par le designer d&#8217;origine barcelonaise, Carlos Pujol. Ici, l&#8217;optimisation [&hellip;]<\/p>\n","protected":false},"author":3,"featured_media":111162,"comment_status":"open","ping_status":"open","sticky":false,"template":"","format":"standard","meta":{"_coblocks_attr":"","_coblocks_dimensions":"","_coblocks_responsive_height":"","_coblocks_accordion_ie_support":"","_uag_custom_page_level_css":"","advgb_blocks_editor_width":"","advgb_blocks_columns_visual_guide":"","_genesis_hide_title":false,"_genesis_hide_breadcrumbs":false,"_genesis_hide_singular_image":false,"_genesis_hide_footer_widgets":false,"_genesis_custom_body_class":"","_genesis_custom_post_class":"","_genesis_layout":"","_themeisle_gutenberg_block_has_review":false,"_jetpack_newsletter_access":"","_jetpack_dont_email_post_to_subs":false,"_jetpack_newsletter_tier_id":0,"_jetpack_memberships_contains_paywalled_content":false,"_jetpack_memberships_contains_paid_content":false,"footnotes":""},"categories":[71,905,1039,978],"tags":[501,829,12],"class_list":{"0":"post-111157","1":"post","2":"type-post","3":"status-publish","4":"format-standard","5":"has-post-thumbnail","7":"category-architecture","8":"category-deco-design","9":"category-france","10":"category-loft","11":"tag-architecture-2","12":"tag-loft","13":"tag-paris","14":"entry"},"featured_image_urls":{"full":["https:\/\/i0.wp.com\/www.joyana.fr\/wp-content\/uploads\/2012\/11\/loft-parquet-salon-02.jpg?fit=650%2C976&ssl=1",650,976,false],"thumbnail":["https:\/\/i0.wp.com\/www.joyana.fr\/wp-content\/uploads\/2012\/11\/loft-parquet-salon-02.jpg?resize=150%2C150&ssl=1",150,150,true],"medium":["https:\/\/i0.wp.com\/www.joyana.fr\/wp-content\/uploads\/2012\/11\/loft-parquet-salon-02.jpg?fit=259%2C389&ssl=1",259,389,true],"medium_large":["https:\/\/i0.wp.com\/www.joyana.fr\/wp-content\/uploads\/2012\/11\/loft-parquet-salon-02.jpg?fit=650%2C976&ssl=1",650,976,true],"large":["https:\/\/i0.wp.com\/www.joyana.fr\/wp-content\/uploads\/2012\/11\/loft-parquet-salon-02.jpg?fit=650%2C976&ssl=1",650,976,true],"1536x1536":["https:\/\/i0.wp.com\/www.joyana.fr\/wp-content\/uploads\/2012\/11\/loft-parquet-salon-02.jpg?fit=650%2C976&ssl=1",650,976,true],"2048x2048":["https:\/\/i0.wp.com\/www.joyana.fr\/wp-content\/uploads\/2012\/11\/loft-parquet-salon-02.jpg?fit=650%2C976&ssl=1",650,976,true],"featured-thumb":["https:\/\/i0.wp.com\/www.joyana.fr\/wp-content\/uploads\/2012\/11\/loft-parquet-salon-02.jpg?resize=650%2C750&ssl=1",650,750,true],"ab-block-post-grid-landscape":["https:\/\/i0.wp.com\/www.joyana.fr\/wp-content\/uploads\/2012\/11\/loft-parquet-salon-02.jpg?resize=600%2C400&ssl=1",600,400,true],"ab-block-post-grid-square":["https:\/\/i0.wp.com\/www.joyana.fr\/wp-content\/uploads\/2012\/11\/loft-parquet-salon-02.jpg?resize=600%2C600&ssl=1",600,600,true],"author-pro-image":["https:\/\/i0.wp.com\/www.joyana.fr\/wp-content\/uploads\/2012\/11\/loft-parquet-salon-02.jpg?resize=360%2C570&ssl=1",360,570,true],"slider":["https:\/\/i0.wp.com\/www.joyana.fr\/wp-content\/uploads\/2012\/11\/loft-parquet-salon-02.jpg?resize=650%2C400&ssl=1",650,400,true],"woocommerce_thumbnail":["https:\/\/i0.wp.com\/www.joyana.fr\/wp-content\/uploads\/2012\/11\/loft-parquet-salon-02.jpg?resize=450%2C450&ssl=1",450,450,true],"woocommerce_single":["https:\/\/i0.wp.com\/www.joyana.fr\/wp-content\/uploads\/2012\/11\/loft-parquet-salon-02.jpg?fit=650%2C976&ssl=1",650,976,true],"woocommerce_gallery_thumbnail":["https:\/\/i0.wp.com\/www.joyana.fr\/wp-content\/uploads\/2012\/11\/loft-parquet-salon-02.jpg?resize=180%2C180&ssl=1",180,180,true],"sow-carousel-default":["https:\/\/i0.wp.com\/www.joyana.fr\/wp-content\/uploads\/2012\/11\/loft-parquet-salon-02.jpg?resize=272%2C182&ssl=1",272,182,true]},"post_excerpt_stackable":"<p>Le designer espagnol Carlos Puyol nous pr\u00e9sente une tr\u00e8s belle r\u00e9habilitation r\u00e9alis\u00e9e sur un mini-loft de 30m\u00b2 dans le Marais \u00e0 Paris&#8230; Entre Place des Vosges et Place de la Bastille, rue des Tournelles PARIS IV, ce mini-loft de 30 m\u00b2 a \u00e9t\u00e9 pens\u00e9 et r\u00e9alis\u00e9 par le designer d&#8217;origine barcelonaise, Carlos Pujol. Ici, l&#8217;optimisation de l&#8217;espace a \u00e9t\u00e9 pouss\u00e9e \u00e0 son paroxysme pour donner vie \u00e0 un lieu design, cosy et fonctionnel : chemin\u00e9e double face, lave-linge encastr\u00e9 sous le plan de travail de la cuisine avec ouverture c\u00f4t\u00e9 chambre, douche \u00e0 l&#8217;italienne de 1m2, dalle de verre au&hellip;<\/p>\n","category_list":"<a href=\"https:\/\/www.joyana.fr\/en\/category\/portfolio\/architecture\/\" rel=\"category tag\">ARCHITECTURE<\/a>, <a href=\"https:\/\/www.joyana.fr\/en\/category\/deco-design\/\" rel=\"category tag\">DECO-DESIGN<\/a>, <a href=\"https:\/\/www.joyana.fr\/en\/category\/deco-design\/architecture-deco-design\/pays\/france\/\" rel=\"category tag\">France<\/a>, <a href=\"https:\/\/www.joyana.fr\/en\/category\/deco-design\/architecture-deco-design\/lieux-design\/loft\/\" rel=\"category tag\">Loft<\/a>","author_info":{"display_name":"Jo Yana","author_link":"https:\/\/www.joyana.fr\/en\/author\/joyana\/"},"comments_num":"0 comments","featured_image_urls_v2":{"full":["https:\/\/i0.wp.com\/www.joyana.fr\/wp-content\/uploads\/2012\/11\/loft-parquet-salon-02.jpg?fit=650%2C976&ssl=1",650,976,false],"thumbnail":["https:\/\/i0.wp.com\/www.joyana.fr\/wp-content\/uploads\/2012\/11\/loft-parquet-salon-02.jpg?resize=150%2C150&ssl=1",150,150,true],"medium":["https:\/\/i0.wp.com\/www.joyana.fr\/wp-content\/uploads\/2012\/11\/loft-parquet-salon-02.jpg?fit=259%2C389&ssl=1",259,389,true],"medium_large":["https:\/\/i0.wp.com\/www.joyana.fr\/wp-content\/uploads\/2012\/11\/loft-parquet-salon-02.jpg?fit=650%2C976&ssl=1",650,976,true],"large":["https:\/\/i0.wp.com\/www.joyana.fr\/wp-content\/uploads\/2012\/11\/loft-parquet-salon-02.jpg?fit=650%2C976&ssl=1",650,976,true],"1536x1536":["https:\/\/i0.wp.com\/www.joyana.fr\/wp-content\/uploads\/2012\/11\/loft-parquet-salon-02.jpg?fit=650%2C976&ssl=1",650,976,true],"2048x2048":["https:\/\/i0.wp.com\/www.joyana.fr\/wp-content\/uploads\/2012\/11\/loft-parquet-salon-02.jpg?fit=650%2C976&ssl=1",650,976,true],"featured-thumb":["https:\/\/i0.wp.com\/www.joyana.fr\/wp-content\/uploads\/2012\/11\/loft-parquet-salon-02.jpg?resize=650%2C750&ssl=1",650,750,true],"ab-block-post-grid-landscape":["https:\/\/i0.wp.com\/www.joyana.fr\/wp-content\/uploads\/2012\/11\/loft-parquet-salon-02.jpg?resize=600%2C400&ssl=1",600,400,true],"ab-block-post-grid-square":["https:\/\/i0.wp.com\/www.joyana.fr\/wp-content\/uploads\/2012\/11\/loft-parquet-salon-02.jpg?resize=600%2C600&ssl=1",600,600,true],"author-pro-image":["https:\/\/i0.wp.com\/www.joyana.fr\/wp-content\/uploads\/2012\/11\/loft-parquet-salon-02.jpg?resize=360%2C570&ssl=1",360,570,true],"slider":["https:\/\/i0.wp.com\/www.joyana.fr\/wp-content\/uploads\/2012\/11\/loft-parquet-salon-02.jpg?resize=650%2C400&ssl=1",650,400,true],"woocommerce_thumbnail":["https:\/\/i0.wp.com\/www.joyana.fr\/wp-content\/uploads\/2012\/11\/loft-parquet-salon-02.jpg?resize=450%2C450&ssl=1",450,450,true],"woocommerce_single":["https:\/\/i0.wp.com\/www.joyana.fr\/wp-content\/uploads\/2012\/11\/loft-parquet-salon-02.jpg?fit=650%2C976&ssl=1",650,976,true],"woocommerce_gallery_thumbnail":["https:\/\/i0.wp.com\/www.joyana.fr\/wp-content\/uploads\/2012\/11\/loft-parquet-salon-02.jpg?resize=180%2C180&ssl=1",180,180,true],"sow-carousel-default":["https:\/\/i0.wp.com\/www.joyana.fr\/wp-content\/uploads\/2012\/11\/loft-parquet-salon-02.jpg?resize=272%2C182&ssl=1",272,182,true]},"post_excerpt_stackable_v2":"<p>Le designer espagnol Carlos Puyol nous pr\u00e9sente une tr\u00e8s belle r\u00e9habilitation r\u00e9alis\u00e9e sur un mini-loft de 30m\u00b2 dans le Marais \u00e0 Paris&#8230; Entre Place des Vosges et Place de la Bastille, rue des Tournelles PARIS IV, ce mini-loft de 30 m\u00b2 a \u00e9t\u00e9 pens\u00e9 et r\u00e9alis\u00e9 par le designer d&#8217;origine barcelonaise, Carlos Pujol. Ici, l&#8217;optimisation de l&#8217;espace a \u00e9t\u00e9 pouss\u00e9e \u00e0 son paroxysme pour donner vie \u00e0 un lieu design, cosy et fonctionnel : chemin\u00e9e double face, lave-linge encastr\u00e9 sous le plan de travail de la cuisine avec ouverture c\u00f4t\u00e9 chambre, douche \u00e0 l&#8217;italienne de 1m2, dalle de verre au&hellip;<\/p>\n","category_list_v2":"<a href=\"https:\/\/www.joyana.fr\/en\/category\/portfolio\/architecture\/\" rel=\"category tag\">ARCHITECTURE<\/a>, <a href=\"https:\/\/www.joyana.fr\/en\/category\/deco-design\/\" rel=\"category tag\">DECO-DESIGN<\/a>, <a href=\"https:\/\/www.joyana.fr\/en\/category\/deco-design\/architecture-deco-design\/pays\/france\/\" rel=\"category tag\">France<\/a>, <a href=\"https:\/\/www.joyana.fr\/en\/category\/deco-design\/architecture-deco-design\/lieux-design\/loft\/\" rel=\"category tag\">Loft<\/a>","author_info_v2":{"name":"Jo Yana","url":"https:\/\/www.joyana.fr\/en\/author\/joyana\/"},"comments_num_v2":"0 comments","yoast_head":"<!-- This site is optimized with the Yoast SEO plugin v26.8 - https:\/\/yoast.com\/product\/yoast-seo-wordpress\/ -->\n<title>Un mini loft de 30m\u00b2 dans le Marais - JO YANA<\/title>\n<meta name=\"robots\" content=\"index, follow, max-snippet:-1, max-image-preview:large, max-video-preview:-1\" \/>\n<link rel=\"canonical\" href=\"https:\/\/www.joyana.fr\/en\/carlos-puyol-paris-un-mini-loft-de-30m\u00b2-dans-le-marais\/111157\/\" \/>\n<meta property=\"og:locale\" content=\"en_US\" \/>\n<meta property=\"og:locale:alternate\" content=\"fr_FR\" \/>\n<meta property=\"og:locale:alternate\" content=\"ja\" \/>\n<meta property=\"og:type\" content=\"article\" \/>\n<meta property=\"og:title\" content=\"Un mini loft de 30m\u00b2 dans le Marais - JO YANA\" \/>\n<meta property=\"og:description\" content=\"Le designer espagnol Carlos Puyol nous pr\u00e9sente une tr\u00e8s belle r\u00e9habilitation r\u00e9alis\u00e9e sur un mini-loft de 30m\u00b2 dans le Marais \u00e0 Paris&#8230; Entre Place des Vosges et Place de la Bastille, rue des Tournelles PARIS IV, ce mini-loft de 30 m\u00b2 a \u00e9t\u00e9 pens\u00e9 et r\u00e9alis\u00e9 par le designer d&#8217;origine barcelonaise, Carlos Pujol. Ici, l&#8217;optimisation [&hellip;]\" \/>\n<meta property=\"og:url\" content=\"https:\/\/www.joyana.fr\/en\/carlos-puyol-paris-un-mini-loft-de-30m\u00b2-dans-le-marais\/111157\/\" \/>\n<meta property=\"og:site_name\" content=\"JO YANA\" \/>\n<meta property=\"article:published_time\" content=\"2012-11-05T19:44:44+00:00\" \/>\n<meta property=\"og:image\" content=\"https:\/\/i0.wp.com\/www.joyana.fr\/wp-content\/uploads\/2012\/11\/loft-parquet-salon-02.jpg?fit=650%2C976&ssl=1\" \/>\n\t<meta property=\"og:image:width\" content=\"650\" \/>\n\t<meta property=\"og:image:height\" content=\"976\" \/>\n\t<meta property=\"og:image:type\" content=\"image\/jpeg\" \/>\n<meta name=\"author\" content=\"Jo Yana\" \/>\n<meta name=\"twitter:card\" content=\"summary_large_image\" \/>\n<meta name=\"twitter:creator\" content=\"@Jo_Yana\" \/>\n<meta name=\"twitter:site\" content=\"@Jo_Yana\" \/>\n<meta name=\"twitter:label1\" content=\"Written by\" \/>\n\t<meta name=\"twitter:data1\" content=\"Jo Yana\" \/>\n\t<meta name=\"twitter:label2\" content=\"Est. reading time\" \/>\n\t<meta name=\"twitter:data2\" content=\"1 minute\" \/>\n<script type=\"application\/ld+json\" class=\"yoast-schema-graph\">{\"@context\":\"https:\/\/schema.org\",\"@graph\":[{\"@type\":\"Article\",\"@id\":\"https:\/\/www.joyana.fr\/ja\/carlos-puyol-paris-un-mini-loft-de-30m%c2%b2-dans-le-marais\/111157\/#article\",\"isPartOf\":{\"@id\":\"https:\/\/www.joyana.fr\/ja\/carlos-puyol-paris-un-mini-loft-de-30m%c2%b2-dans-le-marais\/111157\/\"},\"author\":{\"name\":\"Jo Yana\",\"@id\":\"https:\/\/www.joyana.fr\/#\/schema\/person\/cf2a1ad12a27c12c21801075bf37407c\"},\"headline\":\"Un mini loft de 30m\u00b2 dans le Marais\",\"datePublished\":\"2012-11-05T19:44:44+00:00\",\"mainEntityOfPage\":{\"@id\":\"https:\/\/www.joyana.fr\/ja\/carlos-puyol-paris-un-mini-loft-de-30m%c2%b2-dans-le-marais\/111157\/\"},\"wordCount\":177,\"commentCount\":0,\"publisher\":{\"@id\":\"https:\/\/www.joyana.fr\/#\/schema\/person\/cf2a1ad12a27c12c21801075bf37407c\"},\"image\":{\"@id\":\"https:\/\/www.joyana.fr\/ja\/carlos-puyol-paris-un-mini-loft-de-30m%c2%b2-dans-le-marais\/111157\/#primaryimage\"},\"thumbnailUrl\":\"https:\/\/i0.wp.com\/www.joyana.fr\/wp-content\/uploads\/2012\/11\/loft-parquet-salon-02.jpg?fit=650%2C976&ssl=1\",\"keywords\":[\"Architecture\",\"Loft\",\"Paris\"],\"articleSection\":[\"ARCHITECTURE\",\"DECO-DESIGN\",\"France\",\"Loft\"],\"inLanguage\":\"en-US\",\"potentialAction\":[{\"@type\":\"CommentAction\",\"name\":\"Comment\",\"target\":[\"https:\/\/www.joyana.fr\/ja\/carlos-puyol-paris-un-mini-loft-de-30m%c2%b2-dans-le-marais\/111157\/#respond\"]}]},{\"@type\":\"WebPage\",\"@id\":\"https:\/\/www.joyana.fr\/ja\/carlos-puyol-paris-un-mini-loft-de-30m%c2%b2-dans-le-marais\/111157\/\",\"url\":\"https:\/\/www.joyana.fr\/ja\/carlos-puyol-paris-un-mini-loft-de-30m%c2%b2-dans-le-marais\/111157\/\",\"name\":\"Un mini loft de 30m\u00b2 dans le Marais - JO YANA\",\"isPartOf\":{\"@id\":\"https:\/\/www.joyana.fr\/#website\"},\"primaryImageOfPage\":{\"@id\":\"https:\/\/www.joyana.fr\/ja\/carlos-puyol-paris-un-mini-loft-de-30m%c2%b2-dans-le-marais\/111157\/#primaryimage\"},\"image\":{\"@id\":\"https:\/\/www.joyana.fr\/ja\/carlos-puyol-paris-un-mini-loft-de-30m%c2%b2-dans-le-marais\/111157\/#primaryimage\"},\"thumbnailUrl\":\"https:\/\/i0.wp.com\/www.joyana.fr\/wp-content\/uploads\/2012\/11\/loft-parquet-salon-02.jpg?fit=650%2C976&ssl=1\",\"datePublished\":\"2012-11-05T19:44:44+00:00\",\"breadcrumb\":{\"@id\":\"https:\/\/www.joyana.fr\/ja\/carlos-puyol-paris-un-mini-loft-de-30m%c2%b2-dans-le-marais\/111157\/#breadcrumb\"},\"inLanguage\":\"en-US\",\"potentialAction\":[{\"@type\":\"ReadAction\",\"target\":[\"https:\/\/www.joyana.fr\/ja\/carlos-puyol-paris-un-mini-loft-de-30m%c2%b2-dans-le-marais\/111157\/\"]}]},{\"@type\":\"ImageObject\",\"inLanguage\":\"en-US\",\"@id\":\"https:\/\/www.joyana.fr\/ja\/carlos-puyol-paris-un-mini-loft-de-30m%c2%b2-dans-le-marais\/111157\/#primaryimage\",\"url\":\"https:\/\/i0.wp.com\/www.joyana.fr\/wp-content\/uploads\/2012\/11\/loft-parquet-salon-02.jpg?fit=650%2C976&ssl=1\",\"contentUrl\":\"https:\/\/i0.wp.com\/www.joyana.fr\/wp-content\/uploads\/2012\/11\/loft-parquet-salon-02.jpg?fit=650%2C976&ssl=1\",\"width\":650,\"height\":976},{\"@type\":\"BreadcrumbList\",\"@id\":\"https:\/\/www.joyana.fr\/ja\/carlos-puyol-paris-un-mini-loft-de-30m%c2%b2-dans-le-marais\/111157\/#breadcrumb\",\"itemListElement\":[{\"@type\":\"ListItem\",\"position\":1,\"name\":\"Accueil\",\"item\":\"https:\/\/www.joyana.fr\/\"},{\"@type\":\"ListItem\",\"position\":2,\"name\":\"Un mini loft de 30m\u00b2 dans le Marais\"}]},{\"@type\":\"WebSite\",\"@id\":\"https:\/\/www.joyana.fr\/#website\",\"url\":\"https:\/\/www.joyana.fr\/\",\"name\":\"JO YANA\",\"description\":\"Blog Mode Homme, Lifestyle, D\u00e9co-Design\",\"publisher\":{\"@id\":\"https:\/\/www.joyana.fr\/#\/schema\/person\/cf2a1ad12a27c12c21801075bf37407c\"},\"potentialAction\":[{\"@type\":\"SearchAction\",\"target\":{\"@type\":\"EntryPoint\",\"urlTemplate\":\"https:\/\/www.joyana.fr\/?s={search_term_string}\"},\"query-input\":{\"@type\":\"PropertyValueSpecification\",\"valueRequired\":true,\"valueName\":\"search_term_string\"}}],\"inLanguage\":\"en-US\"},{\"@type\":[\"Person\",\"Organization\"],\"@id\":\"https:\/\/www.joyana.fr\/#\/schema\/person\/cf2a1ad12a27c12c21801075bf37407c\",\"name\":\"Jo Yana\",\"image\":{\"@type\":\"ImageObject\",\"inLanguage\":\"en-US\",\"@id\":\"https:\/\/www.joyana.fr\/#\/schema\/person\/image\/\",\"url\":\"https:\/\/i0.wp.com\/www.joyana.fr\/wp-content\/uploads\/2016\/08\/cropped-joyana-logo-black-360x180.png?fit=343%2C164&ssl=1\",\"contentUrl\":\"https:\/\/i0.wp.com\/www.joyana.fr\/wp-content\/uploads\/2016\/08\/cropped-joyana-logo-black-360x180.png?fit=343%2C164&ssl=1\",\"width\":343,\"height\":164,\"caption\":\"Jo Yana\"},\"logo\":{\"@id\":\"https:\/\/www.joyana.fr\/#\/schema\/person\/image\/\"},\"description\":\"Jo Yana est le cr\u00e9ateur et r\u00e9dacteur en chef des sites DECO-DESIGN. Passionn\u00e9 de Design, Mode, Photo, Luxe, Lifestyle, Musique, mais avant tout Blogueur ! Le plaisir de partager l'anime et a comme devise \\\"POUR L'AMOUR DU BEAU\\\". Retrouvez le aussi sur son blog personnel - https:\/\/joyana.fr...\",\"sameAs\":[\"https:\/\/joyana.fr\/\"],\"url\":\"https:\/\/www.joyana.fr\/en\/author\/joyana\/\"}]}<\/script>\n<!-- \/ Yoast SEO plugin. -->","yoast_head_json":{"title":"Un mini loft de 30m\u00b2 dans le Marais - JO YANA","robots":{"index":"index","follow":"follow","max-snippet":"max-snippet:-1","max-image-preview":"max-image-preview:large","max-video-preview":"max-video-preview:-1"},"canonical":"https:\/\/www.joyana.fr\/en\/carlos-puyol-paris-un-mini-loft-de-30m\u00b2-dans-le-marais\/111157\/","og_locale":"en_US","og_type":"article","og_title":"Un mini loft de 30m\u00b2 dans le Marais - JO YANA","og_description":"Le designer espagnol Carlos Puyol nous pr\u00e9sente une tr\u00e8s belle r\u00e9habilitation r\u00e9alis\u00e9e sur un mini-loft de 30m\u00b2 dans le Marais \u00e0 Paris&#8230; Entre Place des Vosges et Place de la Bastille, rue des Tournelles PARIS IV, ce mini-loft de 30 m\u00b2 a \u00e9t\u00e9 pens\u00e9 et r\u00e9alis\u00e9 par le designer d&#8217;origine barcelonaise, Carlos Pujol. Ici, l&#8217;optimisation [&hellip;]","og_url":"https:\/\/www.joyana.fr\/en\/carlos-puyol-paris-un-mini-loft-de-30m\u00b2-dans-le-marais\/111157\/","og_site_name":"JO YANA","article_published_time":"2012-11-05T19:44:44+00:00","og_image":[{"width":650,"height":976,"url":"https:\/\/i0.wp.com\/www.joyana.fr\/wp-content\/uploads\/2012\/11\/loft-parquet-salon-02.jpg?fit=650%2C976&ssl=1","type":"image\/jpeg"}],"author":"Jo Yana","twitter_card":"summary_large_image","twitter_creator":"@Jo_Yana","twitter_site":"@Jo_Yana","twitter_misc":{"Written by":"Jo Yana","Est. reading time":"1 minute"},"schema":{"@context":"https:\/\/schema.org","@graph":[{"@type":"Article","@id":"https:\/\/www.joyana.fr\/ja\/carlos-puyol-paris-un-mini-loft-de-30m%c2%b2-dans-le-marais\/111157\/#article","isPartOf":{"@id":"https:\/\/www.joyana.fr\/ja\/carlos-puyol-paris-un-mini-loft-de-30m%c2%b2-dans-le-marais\/111157\/"},"author":{"name":"Jo Yana","@id":"https:\/\/www.joyana.fr\/#\/schema\/person\/cf2a1ad12a27c12c21801075bf37407c"},"headline":"Un mini loft de 30m\u00b2 dans le Marais","datePublished":"2012-11-05T19:44:44+00:00","mainEntityOfPage":{"@id":"https:\/\/www.joyana.fr\/ja\/carlos-puyol-paris-un-mini-loft-de-30m%c2%b2-dans-le-marais\/111157\/"},"wordCount":177,"commentCount":0,"publisher":{"@id":"https:\/\/www.joyana.fr\/#\/schema\/person\/cf2a1ad12a27c12c21801075bf37407c"},"image":{"@id":"https:\/\/www.joyana.fr\/ja\/carlos-puyol-paris-un-mini-loft-de-30m%c2%b2-dans-le-marais\/111157\/#primaryimage"},"thumbnailUrl":"https:\/\/i0.wp.com\/www.joyana.fr\/wp-content\/uploads\/2012\/11\/loft-parquet-salon-02.jpg?fit=650%2C976&ssl=1","keywords":["Architecture","Loft","Paris"],"articleSection":["ARCHITECTURE","DECO-DESIGN","France","Loft"],"inLanguage":"en-US","potentialAction":[{"@type":"CommentAction","name":"Comment","target":["https:\/\/www.joyana.fr\/ja\/carlos-puyol-paris-un-mini-loft-de-30m%c2%b2-dans-le-marais\/111157\/#respond"]}]},{"@type":"WebPage","@id":"https:\/\/www.joyana.fr\/ja\/carlos-puyol-paris-un-mini-loft-de-30m%c2%b2-dans-le-marais\/111157\/","url":"https:\/\/www.joyana.fr\/ja\/carlos-puyol-paris-un-mini-loft-de-30m%c2%b2-dans-le-marais\/111157\/","name":"Un mini loft de 30m\u00b2 dans le Marais - JO YANA","isPartOf":{"@id":"https:\/\/www.joyana.fr\/#website"},"primaryImageOfPage":{"@id":"https:\/\/www.joyana.fr\/ja\/carlos-puyol-paris-un-mini-loft-de-30m%c2%b2-dans-le-marais\/111157\/#primaryimage"},"image":{"@id":"https:\/\/www.joyana.fr\/ja\/carlos-puyol-paris-un-mini-loft-de-30m%c2%b2-dans-le-marais\/111157\/#primaryimage"},"thumbnailUrl":"https:\/\/i0.wp.com\/www.joyana.fr\/wp-content\/uploads\/2012\/11\/loft-parquet-salon-02.jpg?fit=650%2C976&ssl=1","datePublished":"2012-11-05T19:44:44+00:00","breadcrumb":{"@id":"https:\/\/www.joyana.fr\/ja\/carlos-puyol-paris-un-mini-loft-de-30m%c2%b2-dans-le-marais\/111157\/#breadcrumb"},"inLanguage":"en-US","potentialAction":[{"@type":"ReadAction","target":["https:\/\/www.joyana.fr\/ja\/carlos-puyol-paris-un-mini-loft-de-30m%c2%b2-dans-le-marais\/111157\/"]}]},{"@type":"ImageObject","inLanguage":"en-US","@id":"https:\/\/www.joyana.fr\/ja\/carlos-puyol-paris-un-mini-loft-de-30m%c2%b2-dans-le-marais\/111157\/#primaryimage","url":"https:\/\/i0.wp.com\/www.joyana.fr\/wp-content\/uploads\/2012\/11\/loft-parquet-salon-02.jpg?fit=650%2C976&ssl=1","contentUrl":"https:\/\/i0.wp.com\/www.joyana.fr\/wp-content\/uploads\/2012\/11\/loft-parquet-salon-02.jpg?fit=650%2C976&ssl=1","width":650,"height":976},{"@type":"BreadcrumbList","@id":"https:\/\/www.joyana.fr\/ja\/carlos-puyol-paris-un-mini-loft-de-30m%c2%b2-dans-le-marais\/111157\/#breadcrumb","itemListElement":[{"@type":"ListItem","position":1,"name":"Accueil","item":"https:\/\/www.joyana.fr\/"},{"@type":"ListItem","position":2,"name":"Un mini loft de 30m\u00b2 dans le Marais"}]},{"@type":"WebSite","@id":"https:\/\/www.joyana.fr\/#website","url":"https:\/\/www.joyana.fr\/","name":"JO YANA","description":"Blog Mode Homme, Lifestyle, D\u00e9co-Design","publisher":{"@id":"https:\/\/www.joyana.fr\/#\/schema\/person\/cf2a1ad12a27c12c21801075bf37407c"},"potentialAction":[{"@type":"SearchAction","target":{"@type":"EntryPoint","urlTemplate":"https:\/\/www.joyana.fr\/?s={search_term_string}"},"query-input":{"@type":"PropertyValueSpecification","valueRequired":true,"valueName":"search_term_string"}}],"inLanguage":"en-US"},{"@type":["Person","Organization"],"@id":"https:\/\/www.joyana.fr\/#\/schema\/person\/cf2a1ad12a27c12c21801075bf37407c","name":"Jo Yana","image":{"@type":"ImageObject","inLanguage":"en-US","@id":"https:\/\/www.joyana.fr\/#\/schema\/person\/image\/","url":"https:\/\/i0.wp.com\/www.joyana.fr\/wp-content\/uploads\/2016\/08\/cropped-joyana-logo-black-360x180.png?fit=343%2C164&ssl=1","contentUrl":"https:\/\/i0.wp.com\/www.joyana.fr\/wp-content\/uploads\/2016\/08\/cropped-joyana-logo-black-360x180.png?fit=343%2C164&ssl=1","width":343,"height":164,"caption":"Jo Yana"},"logo":{"@id":"https:\/\/www.joyana.fr\/#\/schema\/person\/image\/"},"description":"Jo Yana est le cr\u00e9ateur et r\u00e9dacteur en chef des sites DECO-DESIGN. Passionn\u00e9 de Design, Mode, Photo, Luxe, Lifestyle, Musique, mais avant tout Blogueur ! Le plaisir de partager l'anime et a comme devise \"POUR L'AMOUR DU BEAU\". Retrouvez le aussi sur son blog personnel - https:\/\/joyana.fr...","sameAs":["https:\/\/joyana.fr\/"],"url":"https:\/\/www.joyana.fr\/en\/author\/joyana\/"}]}},"author_meta":{"display_name":"Jo Yana","author_link":"https:\/\/www.joyana.fr\/en\/author\/joyana\/"},"featured_img":"https:\/\/i0.wp.com\/www.joyana.fr\/wp-content\/uploads\/2012\/11\/loft-parquet-salon-02.jpg?fit=259%2C389&ssl=1","featured_image_src":"https:\/\/i0.wp.com\/www.joyana.fr\/wp-content\/uploads\/2012\/11\/loft-parquet-salon-02.jpg?resize=600%2C400&ssl=1","featured_image_src_square":"https:\/\/i0.wp.com\/www.joyana.fr\/wp-content\/uploads\/2012\/11\/loft-parquet-salon-02.jpg?resize=600%2C600&ssl=1","jetpack_featured_media_url":"https:\/\/i0.wp.com\/www.joyana.fr\/wp-content\/uploads\/2012\/11\/loft-parquet-salon-02.jpg?fit=650%2C976&ssl=1","uagb_featured_image_src":{"full":["https:\/\/i0.wp.com\/www.joyana.fr\/wp-content\/uploads\/2012\/11\/loft-parquet-salon-02.jpg?fit=650%2C976&ssl=1",650,976,false],"thumbnail":["https:\/\/i0.wp.com\/www.joyana.fr\/wp-content\/uploads\/2012\/11\/loft-parquet-salon-02.jpg?resize=150%2C150&ssl=1",150,150,true],"medium":["https:\/\/i0.wp.com\/www.joyana.fr\/wp-content\/uploads\/2012\/11\/loft-parquet-salon-02.jpg?fit=259%2C389&ssl=1",259,389,true],"medium_large":["https:\/\/i0.wp.com\/www.joyana.fr\/wp-content\/uploads\/2012\/11\/loft-parquet-salon-02.jpg?fit=650%2C976&ssl=1",650,976,true],"large":["https:\/\/i0.wp.com\/www.joyana.fr\/wp-content\/uploads\/2012\/11\/loft-parquet-salon-02.jpg?fit=650%2C976&ssl=1",650,976,true],"1536x1536":["https:\/\/i0.wp.com\/www.joyana.fr\/wp-content\/uploads\/2012\/11\/loft-parquet-salon-02.jpg?fit=650%2C976&ssl=1",650,976,true],"2048x2048":["https:\/\/i0.wp.com\/www.joyana.fr\/wp-content\/uploads\/2012\/11\/loft-parquet-salon-02.jpg?fit=650%2C976&ssl=1",650,976,true],"featured-thumb":["https:\/\/i0.wp.com\/www.joyana.fr\/wp-content\/uploads\/2012\/11\/loft-parquet-salon-02.jpg?resize=650%2C750&ssl=1",650,750,true],"ab-block-post-grid-landscape":["https:\/\/i0.wp.com\/www.joyana.fr\/wp-content\/uploads\/2012\/11\/loft-parquet-salon-02.jpg?resize=600%2C400&ssl=1",600,400,true],"ab-block-post-grid-square":["https:\/\/i0.wp.com\/www.joyana.fr\/wp-content\/uploads\/2012\/11\/loft-parquet-salon-02.jpg?resize=600%2C600&ssl=1",600,600,true],"author-pro-image":["https:\/\/i0.wp.com\/www.joyana.fr\/wp-content\/uploads\/2012\/11\/loft-parquet-salon-02.jpg?resize=360%2C570&ssl=1",360,570,true],"slider":["https:\/\/i0.wp.com\/www.joyana.fr\/wp-content\/uploads\/2012\/11\/loft-parquet-salon-02.jpg?resize=650%2C400&ssl=1",650,400,true],"woocommerce_thumbnail":["https:\/\/i0.wp.com\/www.joyana.fr\/wp-content\/uploads\/2012\/11\/loft-parquet-salon-02.jpg?resize=450%2C450&ssl=1",450,450,true],"woocommerce_single":["https:\/\/i0.wp.com\/www.joyana.fr\/wp-content\/uploads\/2012\/11\/loft-parquet-salon-02.jpg?fit=650%2C976&ssl=1",650,976,true],"woocommerce_gallery_thumbnail":["https:\/\/i0.wp.com\/www.joyana.fr\/wp-content\/uploads\/2012\/11\/loft-parquet-salon-02.jpg?resize=180%2C180&ssl=1",180,180,true],"sow-carousel-default":["https:\/\/i0.wp.com\/www.joyana.fr\/wp-content\/uploads\/2012\/11\/loft-parquet-salon-02.jpg?resize=272%2C182&ssl=1",272,182,true]},"uagb_author_info":{"display_name":"Jo Yana","author_link":"https:\/\/www.joyana.fr\/en\/author\/joyana\/"},"uagb_comment_info":0,"uagb_excerpt":"Le designer espagnol Carlos Puyol nous pr\u00e9sente une tr\u00e8s belle r\u00e9habilitation r\u00e9alis\u00e9e sur un mini-loft de 30m\u00b2 dans le Marais \u00e0 Paris&#8230; Entre Place des Vosges et Place de la Bastille, rue des Tournelles PARIS IV, ce mini-loft de 30 m\u00b2 a \u00e9t\u00e9 pens\u00e9 et r\u00e9alis\u00e9 par le designer d&#8217;origine barcelonaise, Carlos Pujol. Ici, l&#8217;optimisation&hellip;","coauthors":[],"tax_additional":{"categories":{"linked":["<a href=\"https:\/\/www.joyana.fr\/en\/category\/portfolio\/architecture\/\" class=\"advgb-post-tax-term\">ARCHITECTURE<\/a>","<a href=\"https:\/\/www.joyana.fr\/en\/category\/deco-design\/\" class=\"advgb-post-tax-term\">DECO-DESIGN<\/a>","<a href=\"https:\/\/www.joyana.fr\/en\/category\/deco-design\/architecture-deco-design\/pays\/france\/\" class=\"advgb-post-tax-term\">France<\/a>","<a href=\"https:\/\/www.joyana.fr\/en\/category\/deco-design\/architecture-deco-design\/lieux-design\/loft\/\" class=\"advgb-post-tax-term\">Loft<\/a>"],"unlinked":["<span class=\"advgb-post-tax-term\">ARCHITECTURE<\/span>","<span class=\"advgb-post-tax-term\">DECO-DESIGN<\/span>","<span class=\"advgb-post-tax-term\">France<\/span>","<span class=\"advgb-post-tax-term\">Loft<\/span>"]},"tags":{"linked":["<a href=\"https:\/\/www.joyana.fr\/en\/category\/deco-design\/architecture-deco-design\/lieux-design\/loft\/\" class=\"advgb-post-tax-term\">Architecture<\/a>","<a href=\"https:\/\/www.joyana.fr\/en\/category\/deco-design\/architecture-deco-design\/lieux-design\/loft\/\" class=\"advgb-post-tax-term\">Loft<\/a>","<a href=\"https:\/\/www.joyana.fr\/en\/category\/deco-design\/architecture-deco-design\/lieux-design\/loft\/\" class=\"advgb-post-tax-term\">Paris<\/a>"],"unlinked":["<span class=\"advgb-post-tax-term\">Architecture<\/span>","<span class=\"advgb-post-tax-term\">Loft<\/span>","<span class=\"advgb-post-tax-term\">Paris<\/span>"]}},"comment_count":0,"relative_dates":{"created":"Posted 13 years ago","modified":"Updated 13 years ago"},"absolute_dates":{"created":"Posted on 5 November 2012","modified":"Updated on 5 November 2012"},"absolute_dates_time":{"created":"Posted on 5 November 2012 20:44","modified":"Updated on 5 November 2012 20:44"},"featured_img_caption":"","series_order":"","jetpack_sharing_enabled":true,"jetpack_shortlink":"https:\/\/wp.me\/p9bteI-sUR","jetpack-related-posts":[],"_links":{"self":[{"href":"https:\/\/www.joyana.fr\/en\/wp-json\/wp\/v2\/posts\/111157","targetHints":{"allow":["GET"]}}],"collection":[{"href":"https:\/\/www.joyana.fr\/en\/wp-json\/wp\/v2\/posts"}],"about":[{"href":"https:\/\/www.joyana.fr\/en\/wp-json\/wp\/v2\/types\/post"}],"author":[{"embeddable":true,"href":"https:\/\/www.joyana.fr\/en\/wp-json\/wp\/v2\/users\/3"}],"replies":[{"embeddable":true,"href":"https:\/\/www.joyana.fr\/en\/wp-json\/wp\/v2\/comments?post=111157"}],"version-history":[{"count":0,"href":"https:\/\/www.joyana.fr\/en\/wp-json\/wp\/v2\/posts\/111157\/revisions"}],"wp:featuredmedia":[{"embeddable":true,"href":"https:\/\/www.joyana.fr\/en\/wp-json\/wp\/v2\/media\/111162"}],"wp:attachment":[{"href":"https:\/\/www.joyana.fr\/en\/wp-json\/wp\/v2\/media?parent=111157"}],"wp:term":[{"taxonomy":"category","embeddable":true,"href":"https:\/\/www.joyana.fr\/en\/wp-json\/wp\/v2\/categories?post=111157"},{"taxonomy":"post_tag","embeddable":true,"href":"https:\/\/www.joyana.fr\/en\/wp-json\/wp\/v2\/tags?post=111157"}],"curies":[{"name":"wp","href":"https:\/\/api.w.org\/{rel}","templated":true}]}}