{"id":110242,"date":"2012-07-16T08:04:23","date_gmt":"2012-07-16T07:04:23","guid":{"rendered":"https:\/\/joyana.fr\/?p=10242"},"modified":"2012-07-16T08:04:23","modified_gmt":"2012-07-16T07:04:23","slug":"lampe-polka-par-florent-coirier","status":"publish","type":"post","link":"https:\/\/www.joyana.fr\/en\/lampe-polka-par-florent-coirier\/110242\/","title":{"rendered":"Lampe POLKA par Florent COIRIER"},"content":{"rendered":"<p>Le designer <strong>Florent Coirier<\/strong> nous pr\u00e9sente la <strong>lampe POLKA<\/strong> &#8211; m\u00ealant inspiration scandinave et inspiration nippone&#8230;<\/p>\n<p><img data-recalc-dims=\"1\" fetchpriority=\"high\" decoding=\"async\" data-attachment-id=\"10247\" data-permalink=\"https:\/\/www.joyana.fr\/en\/mei-kawa-aw14-roles\/10235\/mei-kawa-aw14-roles-s-12\/\" data-orig-file=\"https:\/\/i0.wp.com\/www.joyana.fr\/wp-content\/uploads\/2014\/10\/MEI-KAWA-AW14-ROLES-S-12.jpg?fit=650%2C975&amp;ssl=1\" data-orig-size=\"650,975\" data-comments-opened=\"1\" data-image-meta=\"{&quot;aperture&quot;:&quot;8&quot;,&quot;credit&quot;:&quot;&quot;,&quot;camera&quot;:&quot;Canon EOS 6D&quot;,&quot;caption&quot;:&quot;&quot;,&quot;created_timestamp&quot;:&quot;1411926251&quot;,&quot;copyright&quot;:&quot;&quot;,&quot;focal_length&quot;:&quot;58&quot;,&quot;iso&quot;:&quot;100&quot;,&quot;shutter_speed&quot;:&quot;0.008&quot;,&quot;title&quot;:&quot;&quot;,&quot;orientation&quot;:&quot;1&quot;}\" data-image-title=\"MEI-KAWA-AW14-ROLES-S-12\" data-image-description=\"\" data-image-caption=\"\" data-medium-file=\"https:\/\/i0.wp.com\/www.joyana.fr\/wp-content\/uploads\/2014\/10\/MEI-KAWA-AW14-ROLES-S-12.jpg?fit=259%2C389&amp;ssl=1\" data-large-file=\"https:\/\/i0.wp.com\/www.joyana.fr\/wp-content\/uploads\/2014\/10\/MEI-KAWA-AW14-ROLES-S-12.jpg?fit=650%2C975&amp;ssl=1\" class=\"alignnone size-full wp-image-10247\" title=\"Lampe POLKA par Florent COIRIER\" src=\"https:\/\/i0.wp.com\/joyana.fr\/wp-content\/uploads\/Polka-LightWood.jpg?resize=576%2C337&#038;ssl=1\" alt=\"\" width=\"576\" height=\"337\" \/><\/p>\n<p>Le designer fran\u00e7ais d&#8217;origine polonaise <strong>Florent Coirier<\/strong> marie deux courants graphiques du monde du design, quand le bois du Nord rencontre la z\u00e9nitude nippone cela donne de superbes cr\u00e9ations comme la <strong>lampe POLKA<\/strong>&#8230; Un <strong>luminaire<\/strong> qui arbore des lignes organiques, des coloris tr\u00e8s originaux dans l&#8217;association, et un \u00e9clairage <strong>LED<\/strong> qui se font \u00e0 merveille avec le bois !<\/p>\n<p><img data-recalc-dims=\"1\" decoding=\"async\" data-attachment-id=\"10245\" data-permalink=\"https:\/\/www.joyana.fr\/en\/mei-kawa-aw14-roles\/10235\/mei-kawa-aw14-roles-s-10\/\" data-orig-file=\"https:\/\/i0.wp.com\/www.joyana.fr\/wp-content\/uploads\/2014\/10\/MEI-KAWA-AW14-ROLES-S-10.jpg?fit=650%2C975&amp;ssl=1\" data-orig-size=\"650,975\" data-comments-opened=\"1\" data-image-meta=\"{&quot;aperture&quot;:&quot;8&quot;,&quot;credit&quot;:&quot;&quot;,&quot;camera&quot;:&quot;Canon EOS 6D&quot;,&quot;caption&quot;:&quot;&quot;,&quot;created_timestamp&quot;:&quot;1411926828&quot;,&quot;copyright&quot;:&quot;&quot;,&quot;focal_length&quot;:&quot;55&quot;,&quot;iso&quot;:&quot;100&quot;,&quot;shutter_speed&quot;:&quot;0.008&quot;,&quot;title&quot;:&quot;&quot;,&quot;orientation&quot;:&quot;1&quot;}\" data-image-title=\"MEI-KAWA-AW14-ROLES-S-10\" data-image-description=\"\" data-image-caption=\"\" data-medium-file=\"https:\/\/i0.wp.com\/www.joyana.fr\/wp-content\/uploads\/2014\/10\/MEI-KAWA-AW14-ROLES-S-10.jpg?fit=259%2C389&amp;ssl=1\" data-large-file=\"https:\/\/i0.wp.com\/www.joyana.fr\/wp-content\/uploads\/2014\/10\/MEI-KAWA-AW14-ROLES-S-10.jpg?fit=650%2C975&amp;ssl=1\" class=\"alignnone size-full wp-image-10245\" title=\"Lampe POLKA par Florent COIRIER\" src=\"https:\/\/i0.wp.com\/joyana.fr\/wp-content\/uploads\/Polka-LightWood11.jpg?resize=576%2C337&#038;ssl=1\" alt=\"\" width=\"576\" height=\"337\" \/><\/p>\n<p><img data-recalc-dims=\"1\" decoding=\"async\" data-attachment-id=\"10246\" data-permalink=\"https:\/\/www.joyana.fr\/en\/mei-kawa-aw14-roles\/10235\/mei-kawa-aw14-roles-s-11\/\" data-orig-file=\"https:\/\/i0.wp.com\/www.joyana.fr\/wp-content\/uploads\/2014\/10\/MEI-KAWA-AW14-ROLES-S-11.jpg?fit=650%2C975&amp;ssl=1\" data-orig-size=\"650,975\" data-comments-opened=\"1\" data-image-meta=\"{&quot;aperture&quot;:&quot;8&quot;,&quot;credit&quot;:&quot;&quot;,&quot;camera&quot;:&quot;Canon EOS 6D&quot;,&quot;caption&quot;:&quot;&quot;,&quot;created_timestamp&quot;:&quot;1411925429&quot;,&quot;copyright&quot;:&quot;&quot;,&quot;focal_length&quot;:&quot;58&quot;,&quot;iso&quot;:&quot;100&quot;,&quot;shutter_speed&quot;:&quot;0.008&quot;,&quot;title&quot;:&quot;&quot;,&quot;orientation&quot;:&quot;1&quot;}\" data-image-title=\"MEI-KAWA-AW14-ROLES-S-11\" data-image-description=\"\" data-image-caption=\"\" data-medium-file=\"https:\/\/i0.wp.com\/www.joyana.fr\/wp-content\/uploads\/2014\/10\/MEI-KAWA-AW14-ROLES-S-11.jpg?fit=259%2C389&amp;ssl=1\" data-large-file=\"https:\/\/i0.wp.com\/www.joyana.fr\/wp-content\/uploads\/2014\/10\/MEI-KAWA-AW14-ROLES-S-11.jpg?fit=650%2C975&amp;ssl=1\" class=\"alignnone size-full wp-image-10246\" title=\"Lampe POLKA par Florent COIRIER\" src=\"https:\/\/i0.wp.com\/joyana.fr\/wp-content\/uploads\/Polka-LightWood4.jpg?resize=576%2C406&#038;ssl=1\" alt=\"\" width=\"576\" height=\"406\" \/><\/p>\n<p><img data-recalc-dims=\"1\" loading=\"lazy\" decoding=\"async\" data-attachment-id=\"10244\" data-permalink=\"https:\/\/www.joyana.fr\/en\/mei-kawa-aw14-roles\/10235\/mei-kawa-aw14-roles-s-9\/\" data-orig-file=\"https:\/\/i0.wp.com\/www.joyana.fr\/wp-content\/uploads\/2014\/10\/MEI-KAWA-AW14-ROLES-S-9.jpg?fit=650%2C975&amp;ssl=1\" data-orig-size=\"650,975\" data-comments-opened=\"1\" data-image-meta=\"{&quot;aperture&quot;:&quot;8&quot;,&quot;credit&quot;:&quot;&quot;,&quot;camera&quot;:&quot;Canon EOS 6D&quot;,&quot;caption&quot;:&quot;&quot;,&quot;created_timestamp&quot;:&quot;1411926575&quot;,&quot;copyright&quot;:&quot;&quot;,&quot;focal_length&quot;:&quot;55&quot;,&quot;iso&quot;:&quot;100&quot;,&quot;shutter_speed&quot;:&quot;0.008&quot;,&quot;title&quot;:&quot;&quot;,&quot;orientation&quot;:&quot;1&quot;}\" data-image-title=\"MEI-KAWA-AW14-ROLES-S-9\" data-image-description=\"\" data-image-caption=\"\" data-medium-file=\"https:\/\/i0.wp.com\/www.joyana.fr\/wp-content\/uploads\/2014\/10\/MEI-KAWA-AW14-ROLES-S-9.jpg?fit=259%2C389&amp;ssl=1\" data-large-file=\"https:\/\/i0.wp.com\/www.joyana.fr\/wp-content\/uploads\/2014\/10\/MEI-KAWA-AW14-ROLES-S-9.jpg?fit=650%2C975&amp;ssl=1\" class=\"alignnone size-full wp-image-10244\" title=\"Lampe POLKA par Florent COIRIER\" src=\"https:\/\/i0.wp.com\/joyana.fr\/wp-content\/uploads\/Polka-LightWood1.jpg?resize=576%2C526&#038;ssl=1\" alt=\"\" width=\"576\" height=\"526\" \/><\/p>\n<p>En savoir <strong>+<\/strong> sur <strong><a title=\"Florent COIRIER\" href=\"http:\/\/www.florentcoirier.com\/index.php?\/info\/biography\/\" target=\"_blank\">Florent COIRIER<\/a><\/strong><\/p>\n","protected":false},"excerpt":{"rendered":"<p>Le designer Florent Coirier nous pr\u00e9sente la lampe POLKA &#8211; m\u00ealant inspiration scandinave et inspiration nippone&#8230; Le designer fran\u00e7ais d&#8217;origine polonaise Florent Coirier marie deux courants graphiques du monde du design, quand le bois du Nord rencontre la z\u00e9nitude nippone cela donne de superbes cr\u00e9ations comme la lampe POLKA&#8230; Un luminaire qui arbore des lignes [&hellip;]<\/p>\n","protected":false},"author":3,"featured_media":110248,"comment_status":"open","ping_status":"open","sticky":false,"template":"","format":"standard","meta":{"_coblocks_attr":"","_coblocks_dimensions":"","_coblocks_responsive_height":"","_coblocks_accordion_ie_support":"","_uag_custom_page_level_css":"","advgb_blocks_editor_width":"","advgb_blocks_columns_visual_guide":"","_genesis_hide_title":false,"_genesis_hide_breadcrumbs":false,"_genesis_hide_singular_image":false,"_genesis_hide_footer_widgets":false,"_genesis_custom_body_class":"","_genesis_custom_post_class":"","_genesis_layout":"","_themeisle_gutenberg_block_has_review":false,"_jetpack_newsletter_access":"","_jetpack_dont_email_post_to_subs":false,"_jetpack_newsletter_tier_id":0,"_jetpack_memberships_contains_paywalled_content":false,"_jetpack_memberships_contains_paid_content":false,"footnotes":""},"categories":[1036,905,927,917],"tags":[],"class_list":{"0":"post-110242","1":"post","2":"type-post","3":"status-publish","4":"format-standard","5":"has-post-thumbnail","7":"category-a-la-une","8":"category-deco-design","9":"category-lampe","10":"category-luminaire","11":"entry"},"featured_image_urls":{"full":["https:\/\/i0.wp.com\/www.joyana.fr\/wp-content\/uploads\/old\/POLKA_CAROUSSEL_DECO_DESIGN_NOV_2011.jpg?fit=1500%2C320&ssl=1",1500,320,false],"thumbnail":["https:\/\/i0.wp.com\/www.joyana.fr\/wp-content\/uploads\/old\/POLKA_CAROUSSEL_DECO_DESIGN_NOV_2011.jpg?resize=150%2C150&ssl=1",150,150,true],"medium":["https:\/\/i0.wp.com\/www.joyana.fr\/wp-content\/uploads\/old\/POLKA_CAROUSSEL_DECO_DESIGN_NOV_2011.jpg?fit=389%2C83&ssl=1",389,83,true],"medium_large":["https:\/\/i0.wp.com\/www.joyana.fr\/wp-content\/uploads\/old\/POLKA_CAROUSSEL_DECO_DESIGN_NOV_2011.jpg?fit=768%2C164&ssl=1",768,164,true],"large":["https:\/\/i0.wp.com\/www.joyana.fr\/wp-content\/uploads\/old\/POLKA_CAROUSSEL_DECO_DESIGN_NOV_2011.jpg?fit=1024%2C218&ssl=1",1024,218,true],"1536x1536":["https:\/\/i0.wp.com\/www.joyana.fr\/wp-content\/uploads\/old\/POLKA_CAROUSSEL_DECO_DESIGN_NOV_2011.jpg?fit=1500%2C320&ssl=1",1500,320,true],"2048x2048":["https:\/\/i0.wp.com\/www.joyana.fr\/wp-content\/uploads\/old\/POLKA_CAROUSSEL_DECO_DESIGN_NOV_2011.jpg?fit=1500%2C320&ssl=1",1500,320,true],"featured-thumb":["https:\/\/i0.wp.com\/www.joyana.fr\/wp-content\/uploads\/old\/POLKA_CAROUSSEL_DECO_DESIGN_NOV_2011.jpg?resize=1500%2C320&ssl=1",1500,320,true],"ab-block-post-grid-landscape":["https:\/\/i0.wp.com\/www.joyana.fr\/wp-content\/uploads\/old\/POLKA_CAROUSSEL_DECO_DESIGN_NOV_2011.jpg?resize=600%2C320&ssl=1",600,320,true],"ab-block-post-grid-square":["https:\/\/i0.wp.com\/www.joyana.fr\/wp-content\/uploads\/old\/POLKA_CAROUSSEL_DECO_DESIGN_NOV_2011.jpg?resize=600%2C320&ssl=1",600,320,true],"author-pro-image":["https:\/\/i0.wp.com\/www.joyana.fr\/wp-content\/uploads\/old\/POLKA_CAROUSSEL_DECO_DESIGN_NOV_2011.jpg?resize=360%2C320&ssl=1",360,320,true],"slider":["https:\/\/i0.wp.com\/www.joyana.fr\/wp-content\/uploads\/old\/POLKA_CAROUSSEL_DECO_DESIGN_NOV_2011.jpg?resize=920%2C320&ssl=1",920,320,true],"woocommerce_thumbnail":["https:\/\/i0.wp.com\/www.joyana.fr\/wp-content\/uploads\/old\/POLKA_CAROUSSEL_DECO_DESIGN_NOV_2011.jpg?resize=450%2C320&ssl=1",450,320,true],"woocommerce_single":["https:\/\/i0.wp.com\/www.joyana.fr\/wp-content\/uploads\/old\/POLKA_CAROUSSEL_DECO_DESIGN_NOV_2011.jpg?fit=920%2C196&ssl=1",920,196,true],"woocommerce_gallery_thumbnail":["https:\/\/i0.wp.com\/www.joyana.fr\/wp-content\/uploads\/old\/POLKA_CAROUSSEL_DECO_DESIGN_NOV_2011.jpg?resize=180%2C180&ssl=1",180,180,true],"sow-carousel-default":["https:\/\/i0.wp.com\/www.joyana.fr\/wp-content\/uploads\/old\/POLKA_CAROUSSEL_DECO_DESIGN_NOV_2011.jpg?resize=272%2C182&ssl=1",272,182,true]},"post_excerpt_stackable":"<p>Le designer Florent Coirier nous pr\u00e9sente la lampe POLKA &#8211; m\u00ealant inspiration scandinave et inspiration nippone&#8230; Le designer fran\u00e7ais d&#8217;origine polonaise Florent Coirier marie deux courants graphiques du monde du design, quand le bois du Nord rencontre la z\u00e9nitude nippone cela donne de superbes cr\u00e9ations comme la lampe POLKA&#8230; Un luminaire qui arbore des lignes organiques, des coloris tr\u00e8s originaux dans l&#8217;association, et un \u00e9clairage LED qui se font \u00e0 merveille avec le bois ! En savoir + sur Florent COIRIER<\/p>\n","category_list":"<a href=\"https:\/\/www.joyana.fr\/en\/category\/a-la-une\/\" rel=\"category tag\">A la une !!!<\/a>, <a href=\"https:\/\/www.joyana.fr\/en\/category\/deco-design\/\" rel=\"category tag\">DECO-DESIGN<\/a>, <a href=\"https:\/\/www.joyana.fr\/en\/category\/deco-design\/luminaire\/lampe\/\" rel=\"category tag\">Lampe<\/a>, <a href=\"https:\/\/www.joyana.fr\/en\/category\/deco-design\/luminaire\/\" rel=\"category tag\">Luminaire<\/a>","author_info":{"display_name":"Jo Yana","author_link":"https:\/\/www.joyana.fr\/en\/author\/joyana\/"},"comments_num":"0 comments","featured_image_urls_v2":{"full":["https:\/\/i0.wp.com\/www.joyana.fr\/wp-content\/uploads\/old\/POLKA_CAROUSSEL_DECO_DESIGN_NOV_2011.jpg?fit=1500%2C320&ssl=1",1500,320,false],"thumbnail":["https:\/\/i0.wp.com\/www.joyana.fr\/wp-content\/uploads\/old\/POLKA_CAROUSSEL_DECO_DESIGN_NOV_2011.jpg?resize=150%2C150&ssl=1",150,150,true],"medium":["https:\/\/i0.wp.com\/www.joyana.fr\/wp-content\/uploads\/old\/POLKA_CAROUSSEL_DECO_DESIGN_NOV_2011.jpg?fit=389%2C83&ssl=1",389,83,true],"medium_large":["https:\/\/i0.wp.com\/www.joyana.fr\/wp-content\/uploads\/old\/POLKA_CAROUSSEL_DECO_DESIGN_NOV_2011.jpg?fit=768%2C164&ssl=1",768,164,true],"large":["https:\/\/i0.wp.com\/www.joyana.fr\/wp-content\/uploads\/old\/POLKA_CAROUSSEL_DECO_DESIGN_NOV_2011.jpg?fit=1024%2C218&ssl=1",1024,218,true],"1536x1536":["https:\/\/i0.wp.com\/www.joyana.fr\/wp-content\/uploads\/old\/POLKA_CAROUSSEL_DECO_DESIGN_NOV_2011.jpg?fit=1500%2C320&ssl=1",1500,320,true],"2048x2048":["https:\/\/i0.wp.com\/www.joyana.fr\/wp-content\/uploads\/old\/POLKA_CAROUSSEL_DECO_DESIGN_NOV_2011.jpg?fit=1500%2C320&ssl=1",1500,320,true],"featured-thumb":["https:\/\/i0.wp.com\/www.joyana.fr\/wp-content\/uploads\/old\/POLKA_CAROUSSEL_DECO_DESIGN_NOV_2011.jpg?resize=1500%2C320&ssl=1",1500,320,true],"ab-block-post-grid-landscape":["https:\/\/i0.wp.com\/www.joyana.fr\/wp-content\/uploads\/old\/POLKA_CAROUSSEL_DECO_DESIGN_NOV_2011.jpg?resize=600%2C320&ssl=1",600,320,true],"ab-block-post-grid-square":["https:\/\/i0.wp.com\/www.joyana.fr\/wp-content\/uploads\/old\/POLKA_CAROUSSEL_DECO_DESIGN_NOV_2011.jpg?resize=600%2C320&ssl=1",600,320,true],"author-pro-image":["https:\/\/i0.wp.com\/www.joyana.fr\/wp-content\/uploads\/old\/POLKA_CAROUSSEL_DECO_DESIGN_NOV_2011.jpg?resize=360%2C320&ssl=1",360,320,true],"slider":["https:\/\/i0.wp.com\/www.joyana.fr\/wp-content\/uploads\/old\/POLKA_CAROUSSEL_DECO_DESIGN_NOV_2011.jpg?resize=920%2C320&ssl=1",920,320,true],"woocommerce_thumbnail":["https:\/\/i0.wp.com\/www.joyana.fr\/wp-content\/uploads\/old\/POLKA_CAROUSSEL_DECO_DESIGN_NOV_2011.jpg?resize=450%2C320&ssl=1",450,320,true],"woocommerce_single":["https:\/\/i0.wp.com\/www.joyana.fr\/wp-content\/uploads\/old\/POLKA_CAROUSSEL_DECO_DESIGN_NOV_2011.jpg?fit=920%2C196&ssl=1",920,196,true],"woocommerce_gallery_thumbnail":["https:\/\/i0.wp.com\/www.joyana.fr\/wp-content\/uploads\/old\/POLKA_CAROUSSEL_DECO_DESIGN_NOV_2011.jpg?resize=180%2C180&ssl=1",180,180,true],"sow-carousel-default":["https:\/\/i0.wp.com\/www.joyana.fr\/wp-content\/uploads\/old\/POLKA_CAROUSSEL_DECO_DESIGN_NOV_2011.jpg?resize=272%2C182&ssl=1",272,182,true]},"post_excerpt_stackable_v2":"<p>Le designer Florent Coirier nous pr\u00e9sente la lampe POLKA &#8211; m\u00ealant inspiration scandinave et inspiration nippone&#8230; Le designer fran\u00e7ais d&#8217;origine polonaise Florent Coirier marie deux courants graphiques du monde du design, quand le bois du Nord rencontre la z\u00e9nitude nippone cela donne de superbes cr\u00e9ations comme la lampe POLKA&#8230; Un luminaire qui arbore des lignes organiques, des coloris tr\u00e8s originaux dans l&#8217;association, et un \u00e9clairage LED qui se font \u00e0 merveille avec le bois ! En savoir + sur Florent COIRIER<\/p>\n","category_list_v2":"<a href=\"https:\/\/www.joyana.fr\/en\/category\/a-la-une\/\" rel=\"category tag\">A la une !!!<\/a>, <a href=\"https:\/\/www.joyana.fr\/en\/category\/deco-design\/\" rel=\"category tag\">DECO-DESIGN<\/a>, <a href=\"https:\/\/www.joyana.fr\/en\/category\/deco-design\/luminaire\/lampe\/\" rel=\"category tag\">Lampe<\/a>, <a href=\"https:\/\/www.joyana.fr\/en\/category\/deco-design\/luminaire\/\" rel=\"category tag\">Luminaire<\/a>","author_info_v2":{"name":"Jo Yana","url":"https:\/\/www.joyana.fr\/en\/author\/joyana\/"},"comments_num_v2":"0 comments","yoast_head":"<!-- This site is optimized with the Yoast SEO plugin v26.8 - https:\/\/yoast.com\/product\/yoast-seo-wordpress\/ -->\n<title>Lampe POLKA par Florent COIRIER - JO YANA<\/title>\n<meta name=\"robots\" content=\"index, follow, max-snippet:-1, max-image-preview:large, max-video-preview:-1\" \/>\n<link rel=\"canonical\" href=\"https:\/\/www.joyana.fr\/en\/lampe-polka-par-florent-coirier\/110242\/\" \/>\n<meta property=\"og:locale\" content=\"en_US\" \/>\n<meta property=\"og:locale:alternate\" content=\"fr_FR\" \/>\n<meta property=\"og:locale:alternate\" content=\"ja\" \/>\n<meta property=\"og:type\" content=\"article\" \/>\n<meta property=\"og:title\" content=\"Lampe POLKA par Florent COIRIER - JO YANA\" \/>\n<meta property=\"og:description\" content=\"Le designer Florent Coirier nous pr\u00e9sente la lampe POLKA &#8211; m\u00ealant inspiration scandinave et inspiration nippone&#8230; Le designer fran\u00e7ais d&#8217;origine polonaise Florent Coirier marie deux courants graphiques du monde du design, quand le bois du Nord rencontre la z\u00e9nitude nippone cela donne de superbes cr\u00e9ations comme la lampe POLKA&#8230; Un luminaire qui arbore des lignes [&hellip;]\" \/>\n<meta property=\"og:url\" content=\"https:\/\/www.joyana.fr\/en\/lampe-polka-par-florent-coirier\/110242\/\" \/>\n<meta property=\"og:site_name\" content=\"JO YANA\" \/>\n<meta property=\"article:published_time\" content=\"2012-07-16T07:04:23+00:00\" \/>\n<meta property=\"og:image\" content=\"https:\/\/www.joyana.fr\/wp-content\/uploads\/old\/POLKA_CAROUSSEL_DECO_DESIGN_NOV_2011.jpg\" \/>\n\t<meta property=\"og:image:width\" content=\"1500\" \/>\n\t<meta property=\"og:image:height\" content=\"320\" \/>\n\t<meta property=\"og:image:type\" content=\"image\/jpeg\" \/>\n<meta name=\"author\" content=\"Jo Yana\" \/>\n<meta name=\"twitter:card\" content=\"summary_large_image\" \/>\n<meta name=\"twitter:creator\" content=\"@Jo_Yana\" \/>\n<meta name=\"twitter:site\" content=\"@Jo_Yana\" \/>\n<meta name=\"twitter:label1\" content=\"Written by\" \/>\n\t<meta name=\"twitter:data1\" content=\"Jo Yana\" \/>\n<script type=\"application\/ld+json\" class=\"yoast-schema-graph\">{\"@context\":\"https:\/\/schema.org\",\"@graph\":[{\"@type\":\"Article\",\"@id\":\"https:\/\/www.joyana.fr\/en\/lampe-polka-par-florent-coirier\/110242\/#article\",\"isPartOf\":{\"@id\":\"https:\/\/www.joyana.fr\/en\/lampe-polka-par-florent-coirier\/110242\/\"},\"author\":{\"name\":\"Jo Yana\",\"@id\":\"https:\/\/joyana.fr\/en\/#\/schema\/person\/cf2a1ad12a27c12c21801075bf37407c\"},\"headline\":\"Lampe POLKA par Florent COIRIER\",\"datePublished\":\"2012-07-16T07:04:23+00:00\",\"mainEntityOfPage\":{\"@id\":\"https:\/\/www.joyana.fr\/en\/lampe-polka-par-florent-coirier\/110242\/\"},\"wordCount\":91,\"commentCount\":0,\"publisher\":{\"@id\":\"https:\/\/joyana.fr\/en\/#\/schema\/person\/cf2a1ad12a27c12c21801075bf37407c\"},\"image\":{\"@id\":\"https:\/\/www.joyana.fr\/en\/lampe-polka-par-florent-coirier\/110242\/#primaryimage\"},\"thumbnailUrl\":\"https:\/\/i0.wp.com\/www.joyana.fr\/wp-content\/uploads\/old\/POLKA_CAROUSSEL_DECO_DESIGN_NOV_2011.jpg?fit=1500%2C320&ssl=1\",\"articleSection\":[\"A la une !!!\",\"DECO-DESIGN\",\"Lampe\",\"Luminaire\"],\"inLanguage\":\"en-US\",\"potentialAction\":[{\"@type\":\"CommentAction\",\"name\":\"Comment\",\"target\":[\"https:\/\/www.joyana.fr\/en\/lampe-polka-par-florent-coirier\/110242\/#respond\"]}]},{\"@type\":\"WebPage\",\"@id\":\"https:\/\/www.joyana.fr\/en\/lampe-polka-par-florent-coirier\/110242\/\",\"url\":\"https:\/\/www.joyana.fr\/en\/lampe-polka-par-florent-coirier\/110242\/\",\"name\":\"Lampe POLKA par Florent COIRIER - JO YANA\",\"isPartOf\":{\"@id\":\"https:\/\/joyana.fr\/en\/#website\"},\"primaryImageOfPage\":{\"@id\":\"https:\/\/www.joyana.fr\/en\/lampe-polka-par-florent-coirier\/110242\/#primaryimage\"},\"image\":{\"@id\":\"https:\/\/www.joyana.fr\/en\/lampe-polka-par-florent-coirier\/110242\/#primaryimage\"},\"thumbnailUrl\":\"https:\/\/i0.wp.com\/www.joyana.fr\/wp-content\/uploads\/old\/POLKA_CAROUSSEL_DECO_DESIGN_NOV_2011.jpg?fit=1500%2C320&ssl=1\",\"datePublished\":\"2012-07-16T07:04:23+00:00\",\"breadcrumb\":{\"@id\":\"https:\/\/www.joyana.fr\/en\/lampe-polka-par-florent-coirier\/110242\/#breadcrumb\"},\"inLanguage\":\"en-US\",\"potentialAction\":[{\"@type\":\"ReadAction\",\"target\":[\"https:\/\/www.joyana.fr\/en\/lampe-polka-par-florent-coirier\/110242\/\"]}]},{\"@type\":\"ImageObject\",\"inLanguage\":\"en-US\",\"@id\":\"https:\/\/www.joyana.fr\/en\/lampe-polka-par-florent-coirier\/110242\/#primaryimage\",\"url\":\"https:\/\/i0.wp.com\/www.joyana.fr\/wp-content\/uploads\/old\/POLKA_CAROUSSEL_DECO_DESIGN_NOV_2011.jpg?fit=1500%2C320&ssl=1\",\"contentUrl\":\"https:\/\/i0.wp.com\/www.joyana.fr\/wp-content\/uploads\/old\/POLKA_CAROUSSEL_DECO_DESIGN_NOV_2011.jpg?fit=1500%2C320&ssl=1\",\"width\":1500,\"height\":320},{\"@type\":\"BreadcrumbList\",\"@id\":\"https:\/\/www.joyana.fr\/en\/lampe-polka-par-florent-coirier\/110242\/#breadcrumb\",\"itemListElement\":[{\"@type\":\"ListItem\",\"position\":1,\"name\":\"Accueil\",\"item\":\"https:\/\/joyana.fr\/en\/\"},{\"@type\":\"ListItem\",\"position\":2,\"name\":\"Lampe POLKA par Florent COIRIER\"}]},{\"@type\":\"WebSite\",\"@id\":\"https:\/\/joyana.fr\/en\/#website\",\"url\":\"https:\/\/joyana.fr\/en\/\",\"name\":\"JO YANA\",\"description\":\"Blog Mode Homme, Lifestyle, D\u00e9co-Design\",\"publisher\":{\"@id\":\"https:\/\/joyana.fr\/en\/#\/schema\/person\/cf2a1ad12a27c12c21801075bf37407c\"},\"potentialAction\":[{\"@type\":\"SearchAction\",\"target\":{\"@type\":\"EntryPoint\",\"urlTemplate\":\"https:\/\/joyana.fr\/en\/?s={search_term_string}\"},\"query-input\":{\"@type\":\"PropertyValueSpecification\",\"valueRequired\":true,\"valueName\":\"search_term_string\"}}],\"inLanguage\":\"en-US\"},{\"@type\":[\"Person\",\"Organization\"],\"@id\":\"https:\/\/joyana.fr\/en\/#\/schema\/person\/cf2a1ad12a27c12c21801075bf37407c\",\"name\":\"Jo Yana\",\"image\":{\"@type\":\"ImageObject\",\"inLanguage\":\"en-US\",\"@id\":\"https:\/\/joyana.fr\/en\/#\/schema\/person\/image\/\",\"url\":\"https:\/\/i0.wp.com\/www.joyana.fr\/wp-content\/uploads\/2016\/08\/cropped-joyana-logo-black-360x180.png?fit=343%2C164&ssl=1\",\"contentUrl\":\"https:\/\/i0.wp.com\/www.joyana.fr\/wp-content\/uploads\/2016\/08\/cropped-joyana-logo-black-360x180.png?fit=343%2C164&ssl=1\",\"width\":343,\"height\":164,\"caption\":\"Jo Yana\"},\"logo\":{\"@id\":\"https:\/\/joyana.fr\/en\/#\/schema\/person\/image\/\"},\"description\":\"Jo Yana est le cr\u00e9ateur et r\u00e9dacteur en chef des sites DECO-DESIGN. Passionn\u00e9 de Design, Mode, Photo, Luxe, Lifestyle, Musique, mais avant tout Blogueur ! Le plaisir de partager l'anime et a comme devise \\\"POUR L'AMOUR DU BEAU\\\". Retrouvez le aussi sur son blog personnel - https:\/\/joyana.fr...\",\"sameAs\":[\"https:\/\/joyana.fr\/\"],\"url\":\"https:\/\/www.joyana.fr\/en\/author\/joyana\/\"}]}<\/script>\n<!-- \/ Yoast SEO plugin. -->","yoast_head_json":{"title":"Lampe POLKA par Florent COIRIER - JO YANA","robots":{"index":"index","follow":"follow","max-snippet":"max-snippet:-1","max-image-preview":"max-image-preview:large","max-video-preview":"max-video-preview:-1"},"canonical":"https:\/\/www.joyana.fr\/en\/lampe-polka-par-florent-coirier\/110242\/","og_locale":"en_US","og_type":"article","og_title":"Lampe POLKA par Florent COIRIER - JO YANA","og_description":"Le designer Florent Coirier nous pr\u00e9sente la lampe POLKA &#8211; m\u00ealant inspiration scandinave et inspiration nippone&#8230; Le designer fran\u00e7ais d&#8217;origine polonaise Florent Coirier marie deux courants graphiques du monde du design, quand le bois du Nord rencontre la z\u00e9nitude nippone cela donne de superbes cr\u00e9ations comme la lampe POLKA&#8230; Un luminaire qui arbore des lignes [&hellip;]","og_url":"https:\/\/www.joyana.fr\/en\/lampe-polka-par-florent-coirier\/110242\/","og_site_name":"JO YANA","article_published_time":"2012-07-16T07:04:23+00:00","og_image":[{"width":1500,"height":320,"url":"https:\/\/www.joyana.fr\/wp-content\/uploads\/old\/POLKA_CAROUSSEL_DECO_DESIGN_NOV_2011.jpg","type":"image\/jpeg"}],"author":"Jo Yana","twitter_card":"summary_large_image","twitter_creator":"@Jo_Yana","twitter_site":"@Jo_Yana","twitter_misc":{"Written by":"Jo Yana"},"schema":{"@context":"https:\/\/schema.org","@graph":[{"@type":"Article","@id":"https:\/\/www.joyana.fr\/en\/lampe-polka-par-florent-coirier\/110242\/#article","isPartOf":{"@id":"https:\/\/www.joyana.fr\/en\/lampe-polka-par-florent-coirier\/110242\/"},"author":{"name":"Jo Yana","@id":"https:\/\/joyana.fr\/en\/#\/schema\/person\/cf2a1ad12a27c12c21801075bf37407c"},"headline":"Lampe POLKA par Florent COIRIER","datePublished":"2012-07-16T07:04:23+00:00","mainEntityOfPage":{"@id":"https:\/\/www.joyana.fr\/en\/lampe-polka-par-florent-coirier\/110242\/"},"wordCount":91,"commentCount":0,"publisher":{"@id":"https:\/\/joyana.fr\/en\/#\/schema\/person\/cf2a1ad12a27c12c21801075bf37407c"},"image":{"@id":"https:\/\/www.joyana.fr\/en\/lampe-polka-par-florent-coirier\/110242\/#primaryimage"},"thumbnailUrl":"https:\/\/i0.wp.com\/www.joyana.fr\/wp-content\/uploads\/old\/POLKA_CAROUSSEL_DECO_DESIGN_NOV_2011.jpg?fit=1500%2C320&ssl=1","articleSection":["A la une !!!","DECO-DESIGN","Lampe","Luminaire"],"inLanguage":"en-US","potentialAction":[{"@type":"CommentAction","name":"Comment","target":["https:\/\/www.joyana.fr\/en\/lampe-polka-par-florent-coirier\/110242\/#respond"]}]},{"@type":"WebPage","@id":"https:\/\/www.joyana.fr\/en\/lampe-polka-par-florent-coirier\/110242\/","url":"https:\/\/www.joyana.fr\/en\/lampe-polka-par-florent-coirier\/110242\/","name":"Lampe POLKA par Florent COIRIER - JO YANA","isPartOf":{"@id":"https:\/\/joyana.fr\/en\/#website"},"primaryImageOfPage":{"@id":"https:\/\/www.joyana.fr\/en\/lampe-polka-par-florent-coirier\/110242\/#primaryimage"},"image":{"@id":"https:\/\/www.joyana.fr\/en\/lampe-polka-par-florent-coirier\/110242\/#primaryimage"},"thumbnailUrl":"https:\/\/i0.wp.com\/www.joyana.fr\/wp-content\/uploads\/old\/POLKA_CAROUSSEL_DECO_DESIGN_NOV_2011.jpg?fit=1500%2C320&ssl=1","datePublished":"2012-07-16T07:04:23+00:00","breadcrumb":{"@id":"https:\/\/www.joyana.fr\/en\/lampe-polka-par-florent-coirier\/110242\/#breadcrumb"},"inLanguage":"en-US","potentialAction":[{"@type":"ReadAction","target":["https:\/\/www.joyana.fr\/en\/lampe-polka-par-florent-coirier\/110242\/"]}]},{"@type":"ImageObject","inLanguage":"en-US","@id":"https:\/\/www.joyana.fr\/en\/lampe-polka-par-florent-coirier\/110242\/#primaryimage","url":"https:\/\/i0.wp.com\/www.joyana.fr\/wp-content\/uploads\/old\/POLKA_CAROUSSEL_DECO_DESIGN_NOV_2011.jpg?fit=1500%2C320&ssl=1","contentUrl":"https:\/\/i0.wp.com\/www.joyana.fr\/wp-content\/uploads\/old\/POLKA_CAROUSSEL_DECO_DESIGN_NOV_2011.jpg?fit=1500%2C320&ssl=1","width":1500,"height":320},{"@type":"BreadcrumbList","@id":"https:\/\/www.joyana.fr\/en\/lampe-polka-par-florent-coirier\/110242\/#breadcrumb","itemListElement":[{"@type":"ListItem","position":1,"name":"Accueil","item":"https:\/\/joyana.fr\/en\/"},{"@type":"ListItem","position":2,"name":"Lampe POLKA par Florent COIRIER"}]},{"@type":"WebSite","@id":"https:\/\/joyana.fr\/en\/#website","url":"https:\/\/joyana.fr\/en\/","name":"JO YANA","description":"Blog Mode Homme, Lifestyle, D\u00e9co-Design","publisher":{"@id":"https:\/\/joyana.fr\/en\/#\/schema\/person\/cf2a1ad12a27c12c21801075bf37407c"},"potentialAction":[{"@type":"SearchAction","target":{"@type":"EntryPoint","urlTemplate":"https:\/\/joyana.fr\/en\/?s={search_term_string}"},"query-input":{"@type":"PropertyValueSpecification","valueRequired":true,"valueName":"search_term_string"}}],"inLanguage":"en-US"},{"@type":["Person","Organization"],"@id":"https:\/\/joyana.fr\/en\/#\/schema\/person\/cf2a1ad12a27c12c21801075bf37407c","name":"Jo Yana","image":{"@type":"ImageObject","inLanguage":"en-US","@id":"https:\/\/joyana.fr\/en\/#\/schema\/person\/image\/","url":"https:\/\/i0.wp.com\/www.joyana.fr\/wp-content\/uploads\/2016\/08\/cropped-joyana-logo-black-360x180.png?fit=343%2C164&ssl=1","contentUrl":"https:\/\/i0.wp.com\/www.joyana.fr\/wp-content\/uploads\/2016\/08\/cropped-joyana-logo-black-360x180.png?fit=343%2C164&ssl=1","width":343,"height":164,"caption":"Jo Yana"},"logo":{"@id":"https:\/\/joyana.fr\/en\/#\/schema\/person\/image\/"},"description":"Jo Yana est le cr\u00e9ateur et r\u00e9dacteur en chef des sites DECO-DESIGN. Passionn\u00e9 de Design, Mode, Photo, Luxe, Lifestyle, Musique, mais avant tout Blogueur ! Le plaisir de partager l'anime et a comme devise \"POUR L'AMOUR DU BEAU\". Retrouvez le aussi sur son blog personnel - https:\/\/joyana.fr...","sameAs":["https:\/\/joyana.fr\/"],"url":"https:\/\/www.joyana.fr\/en\/author\/joyana\/"}]}},"author_meta":{"display_name":"Jo Yana","author_link":"https:\/\/www.joyana.fr\/en\/author\/joyana\/"},"featured_img":"https:\/\/i0.wp.com\/www.joyana.fr\/wp-content\/uploads\/old\/POLKA_CAROUSSEL_DECO_DESIGN_NOV_2011.jpg?fit=389%2C83&ssl=1","featured_image_src":"https:\/\/i0.wp.com\/www.joyana.fr\/wp-content\/uploads\/old\/POLKA_CAROUSSEL_DECO_DESIGN_NOV_2011.jpg?resize=600%2C320&ssl=1","featured_image_src_square":"https:\/\/i0.wp.com\/www.joyana.fr\/wp-content\/uploads\/old\/POLKA_CAROUSSEL_DECO_DESIGN_NOV_2011.jpg?resize=600%2C320&ssl=1","jetpack_featured_media_url":"https:\/\/i0.wp.com\/www.joyana.fr\/wp-content\/uploads\/old\/POLKA_CAROUSSEL_DECO_DESIGN_NOV_2011.jpg?fit=1500%2C320&ssl=1","uagb_featured_image_src":{"full":["https:\/\/i0.wp.com\/www.joyana.fr\/wp-content\/uploads\/old\/POLKA_CAROUSSEL_DECO_DESIGN_NOV_2011.jpg?fit=1500%2C320&ssl=1",1500,320,false],"thumbnail":["https:\/\/i0.wp.com\/www.joyana.fr\/wp-content\/uploads\/old\/POLKA_CAROUSSEL_DECO_DESIGN_NOV_2011.jpg?resize=150%2C150&ssl=1",150,150,true],"medium":["https:\/\/i0.wp.com\/www.joyana.fr\/wp-content\/uploads\/old\/POLKA_CAROUSSEL_DECO_DESIGN_NOV_2011.jpg?fit=389%2C83&ssl=1",389,83,true],"medium_large":["https:\/\/i0.wp.com\/www.joyana.fr\/wp-content\/uploads\/old\/POLKA_CAROUSSEL_DECO_DESIGN_NOV_2011.jpg?fit=768%2C164&ssl=1",768,164,true],"large":["https:\/\/i0.wp.com\/www.joyana.fr\/wp-content\/uploads\/old\/POLKA_CAROUSSEL_DECO_DESIGN_NOV_2011.jpg?fit=1024%2C218&ssl=1",1024,218,true],"1536x1536":["https:\/\/i0.wp.com\/www.joyana.fr\/wp-content\/uploads\/old\/POLKA_CAROUSSEL_DECO_DESIGN_NOV_2011.jpg?fit=1500%2C320&ssl=1",1500,320,true],"2048x2048":["https:\/\/i0.wp.com\/www.joyana.fr\/wp-content\/uploads\/old\/POLKA_CAROUSSEL_DECO_DESIGN_NOV_2011.jpg?fit=1500%2C320&ssl=1",1500,320,true],"featured-thumb":["https:\/\/i0.wp.com\/www.joyana.fr\/wp-content\/uploads\/old\/POLKA_CAROUSSEL_DECO_DESIGN_NOV_2011.jpg?resize=1500%2C320&ssl=1",1500,320,true],"ab-block-post-grid-landscape":["https:\/\/i0.wp.com\/www.joyana.fr\/wp-content\/uploads\/old\/POLKA_CAROUSSEL_DECO_DESIGN_NOV_2011.jpg?resize=600%2C320&ssl=1",600,320,true],"ab-block-post-grid-square":["https:\/\/i0.wp.com\/www.joyana.fr\/wp-content\/uploads\/old\/POLKA_CAROUSSEL_DECO_DESIGN_NOV_2011.jpg?resize=600%2C320&ssl=1",600,320,true],"author-pro-image":["https:\/\/i0.wp.com\/www.joyana.fr\/wp-content\/uploads\/old\/POLKA_CAROUSSEL_DECO_DESIGN_NOV_2011.jpg?resize=360%2C320&ssl=1",360,320,true],"slider":["https:\/\/i0.wp.com\/www.joyana.fr\/wp-content\/uploads\/old\/POLKA_CAROUSSEL_DECO_DESIGN_NOV_2011.jpg?resize=920%2C320&ssl=1",920,320,true],"woocommerce_thumbnail":["https:\/\/i0.wp.com\/www.joyana.fr\/wp-content\/uploads\/old\/POLKA_CAROUSSEL_DECO_DESIGN_NOV_2011.jpg?resize=450%2C320&ssl=1",450,320,true],"woocommerce_single":["https:\/\/i0.wp.com\/www.joyana.fr\/wp-content\/uploads\/old\/POLKA_CAROUSSEL_DECO_DESIGN_NOV_2011.jpg?fit=920%2C196&ssl=1",920,196,true],"woocommerce_gallery_thumbnail":["https:\/\/i0.wp.com\/www.joyana.fr\/wp-content\/uploads\/old\/POLKA_CAROUSSEL_DECO_DESIGN_NOV_2011.jpg?resize=180%2C180&ssl=1",180,180,true],"sow-carousel-default":["https:\/\/i0.wp.com\/www.joyana.fr\/wp-content\/uploads\/old\/POLKA_CAROUSSEL_DECO_DESIGN_NOV_2011.jpg?resize=272%2C182&ssl=1",272,182,true]},"uagb_author_info":{"display_name":"Jo Yana","author_link":"https:\/\/www.joyana.fr\/en\/author\/joyana\/"},"uagb_comment_info":0,"uagb_excerpt":"Le designer Florent Coirier nous pr\u00e9sente la lampe POLKA &#8211; m\u00ealant inspiration scandinave et inspiration nippone&#8230; Le designer fran\u00e7ais d&#8217;origine polonaise Florent Coirier marie deux courants graphiques du monde du design, quand le bois du Nord rencontre la z\u00e9nitude nippone cela donne de superbes cr\u00e9ations comme la lampe POLKA&#8230; Un luminaire qui arbore des lignes&hellip;","coauthors":[],"tax_additional":{"categories":{"linked":["<a href=\"https:\/\/www.joyana.fr\/en\/category\/a-la-une\/\" class=\"advgb-post-tax-term\">A la une !!!<\/a>","<a href=\"https:\/\/www.joyana.fr\/en\/category\/deco-design\/\" class=\"advgb-post-tax-term\">DECO-DESIGN<\/a>","<a href=\"https:\/\/www.joyana.fr\/en\/category\/deco-design\/luminaire\/lampe\/\" class=\"advgb-post-tax-term\">Lampe<\/a>","<a href=\"https:\/\/www.joyana.fr\/en\/category\/deco-design\/luminaire\/\" class=\"advgb-post-tax-term\">Luminaire<\/a>"],"unlinked":["<span class=\"advgb-post-tax-term\">A la une !!!<\/span>","<span class=\"advgb-post-tax-term\">DECO-DESIGN<\/span>","<span class=\"advgb-post-tax-term\">Lampe<\/span>","<span class=\"advgb-post-tax-term\">Luminaire<\/span>"]}},"comment_count":0,"relative_dates":{"created":"Posted 14 years ago","modified":"Updated 14 years ago"},"absolute_dates":{"created":"Posted on 16 July 2012","modified":"Updated on 16 July 2012"},"absolute_dates_time":{"created":"Posted on 16 July 2012 8:04","modified":"Updated on 16 July 2012 8:04"},"featured_img_caption":"","series_order":"","jetpack_sharing_enabled":true,"jetpack_shortlink":"https:\/\/wp.me\/p9bteI-sG6","jetpack-related-posts":[],"_links":{"self":[{"href":"https:\/\/www.joyana.fr\/en\/wp-json\/wp\/v2\/posts\/110242","targetHints":{"allow":["GET"]}}],"collection":[{"href":"https:\/\/www.joyana.fr\/en\/wp-json\/wp\/v2\/posts"}],"about":[{"href":"https:\/\/www.joyana.fr\/en\/wp-json\/wp\/v2\/types\/post"}],"author":[{"embeddable":true,"href":"https:\/\/www.joyana.fr\/en\/wp-json\/wp\/v2\/users\/3"}],"replies":[{"embeddable":true,"href":"https:\/\/www.joyana.fr\/en\/wp-json\/wp\/v2\/comments?post=110242"}],"version-history":[{"count":0,"href":"https:\/\/www.joyana.fr\/en\/wp-json\/wp\/v2\/posts\/110242\/revisions"}],"wp:featuredmedia":[{"embeddable":true,"href":"https:\/\/www.joyana.fr\/en\/wp-json\/wp\/v2\/media\/110248"}],"wp:attachment":[{"href":"https:\/\/www.joyana.fr\/en\/wp-json\/wp\/v2\/media?parent=110242"}],"wp:term":[{"taxonomy":"category","embeddable":true,"href":"https:\/\/www.joyana.fr\/en\/wp-json\/wp\/v2\/categories?post=110242"},{"taxonomy":"post_tag","embeddable":true,"href":"https:\/\/www.joyana.fr\/en\/wp-json\/wp\/v2\/tags?post=110242"}],"curies":[{"name":"wp","href":"https:\/\/api.w.org\/{rel}","templated":true}]}}