{"id":109921,"date":"2012-06-08T06:57:52","date_gmt":"2012-06-08T05:57:52","guid":{"rendered":"https:\/\/joyana.fr\/?p=9921"},"modified":"2012-06-08T06:57:52","modified_gmt":"2012-06-08T05:57:52","slug":"maison-e3-par-natalie-dionne-montreal-canada","status":"publish","type":"post","link":"https:\/\/www.joyana.fr\/en\/maison-e3-par-natalie-dionne-montreal-canada\/109921\/","title":{"rendered":"MAISON E3 par Natalie DIONNE (Montr\u00e9al, CANADA)"},"content":{"rendered":"<p>Direction <strong>Montr\u00e9al<\/strong> au <strong>Canada<\/strong>, pour d\u00e9couvrir la sublime <strong>MAISON E3<\/strong> &#8211; imagin\u00e9e par l&#8217;<strong>architecte Natalie Dionne<\/strong>&#8230;<\/p>\n<p><img data-recalc-dims=\"1\" fetchpriority=\"high\" decoding=\"async\" class=\"alignnone size-full wp-image-9922\" title=\"MAISON E3 par Natalie DIONNE (Montreal, CANADA)\" src=\"https:\/\/i0.wp.com\/joyana.fr\/wp-content\/uploads\/MAISON-E3-635-04_02_sc_v2com.jpg?resize=576%2C576&#038;ssl=1\" alt=\"\" width=\"576\" height=\"576\" \/><\/p>\n<p>Situ\u00e9e dans un quartier anim\u00e9 de <strong>Montr\u00e9al<\/strong>, pourtant la <strong>MAISON E3<\/strong> r\u00e9v\u00e8le un environnement int\u00e9rieur presque monacal par la s\u00e9r\u00e9nit\u00e9 du lieu \u00e9pur\u00e9. Le d\u00e9coupage particulier du volume, par un concept \u00e0 multi-niveaux, donne de l\u2019\u00e9l\u00e9vation et de la luminosit\u00e9 \u00e0 l\u2019espace. Cette maison urbaine est \u00e0 la fois un lieu de vie, de cr\u00e9ation et de rassemblement, con\u00e7u pour une famille inspirante.<\/p>\n<p>Les propri\u00e9taires issues du milieu du th\u00e9\u00e2tre, et du cin\u00e9ma, ont laiss\u00e9 carte blanche \u00e0 l&#8217;architecte <strong>Natalie Dionne<\/strong> &#8211; qui d\u00e9montre ici une exploration des liens \u00e9troits entre l&#8217;art et l&#8217;architecture, le cin\u00e9ma et le design int\u00e9rieur&#8230;<\/p>\n<p><img data-recalc-dims=\"1\" decoding=\"async\" class=\"alignnone size-full wp-image-9931\" title=\"MAISON E3 par Natalie DIONNE (Montreal, CANADA)\" src=\"https:\/\/i0.wp.com\/joyana.fr\/wp-content\/uploads\/MAISON-E3.jpg?resize=576%2C1404&#038;ssl=1\" alt=\"\" width=\"576\" height=\"1404\" \/><\/p>\n<p>Le nom <strong>E3<\/strong> a \u00e9t\u00e9 donn\u00e9 \u00e0 cette <a title=\"MAISON DESIGN CONTEMPORAINE\" href=\"https:\/\/joyana.fr\/category\/architecture\/lieux-design\/maison\/\" target=\"_blank\"><strong>maison<\/strong><\/a> parce qu\u2019elle s\u2019organise autour de la coupe du b\u00e2timent. Le dessin en coupe ressemble \u00e0 un E majuscule reli\u00e9 \u00e0 un E invers\u00e9 par les escaliers entrecrois\u00e9s. Chaque espace de vie ou chaque chambre occupe son propre niveau. L\u2019escalier relie les six pi\u00e8ces de la maison, aboutissant \u00e0 un lieu de cr\u00e9ation perch\u00e9 en mezzanine et \u00e0 une terrasse avec une vue saisissante sur l\u2019embl\u00e9matique Mont-Royal. De l\u2019autre c\u00f4t\u00e9, le puits de lumi\u00e8re donne sur un toit v\u00e9g\u00e9tal o\u00f9 la culture d\u2019un petit champ de lavande est pr\u00e9vue&#8230;<\/p>\n<p><img data-recalc-dims=\"1\" decoding=\"async\" class=\"alignnone size-full wp-image-9923\" title=\"MAISON E3 par Natalie DIONNE (Montreal, CANADA)\" src=\"https:\/\/i0.wp.com\/joyana.fr\/wp-content\/uploads\/MAISON-E3-635-04_07_sc_v2com.jpg?resize=576%2C219&#038;ssl=1\" alt=\"\" width=\"576\" height=\"219\" \/><\/p>\n<p><img data-recalc-dims=\"1\" loading=\"lazy\" decoding=\"async\" class=\"alignnone size-full wp-image-9924\" title=\"MAISON E3 par Natalie DIONNE (Montreal, CANADA)\" src=\"https:\/\/i0.wp.com\/joyana.fr\/wp-content\/uploads\/MAISON-E3-635-04_10_sc_v2com.jpg?resize=576%2C275&#038;ssl=1\" alt=\"\" width=\"576\" height=\"275\" \/><\/p>\n<p>Le volume de 300m2 est structur\u00e9 par les \u00e9l\u00e9ments d\u2019architecture int\u00e9gr\u00e9, qui apportent, avec leurs mat\u00e9riaux de finition, une qualit\u00e9 graphique et sculpturale \u00e0 l\u2019espace. L\u2019escalier central, l\u00e9ger et a\u00e9rien, et l\u2019\u00eelot majestueux de la cuisine sont assembl\u00e9s avec les m\u00eames mat\u00e9riaux &#8211; l\u2019acier et le noyer&#8230;<\/p>\n<p><img data-recalc-dims=\"1\" loading=\"lazy\" decoding=\"async\" data-attachment-id=\"9925\" data-permalink=\"https:\/\/www.joyana.fr\/en\/joyana30ans\/9924\/blog_joyana30ans-gift-copie\/\" data-orig-file=\"https:\/\/i0.wp.com\/www.joyana.fr\/wp-content\/uploads\/2014\/09\/BLOG_JOYANA30ANS-GIFT-copie.jpg?fit=1000%2C1000&amp;ssl=1\" data-orig-size=\"1000,1000\" data-comments-opened=\"1\" data-image-meta=\"{&quot;aperture&quot;:&quot;0&quot;,&quot;credit&quot;:&quot;&quot;,&quot;camera&quot;:&quot;&quot;,&quot;caption&quot;:&quot;&quot;,&quot;created_timestamp&quot;:&quot;0&quot;,&quot;copyright&quot;:&quot;&quot;,&quot;focal_length&quot;:&quot;0&quot;,&quot;iso&quot;:&quot;0&quot;,&quot;shutter_speed&quot;:&quot;0&quot;,&quot;title&quot;:&quot;&quot;,&quot;orientation&quot;:&quot;1&quot;}\" data-image-title=\"BLOG_JOYANA30ANS GIFT copie\" data-image-description=\"\" data-image-caption=\"\" data-medium-file=\"https:\/\/i0.wp.com\/www.joyana.fr\/wp-content\/uploads\/2014\/09\/BLOG_JOYANA30ANS-GIFT-copie.jpg?fit=389%2C389&amp;ssl=1\" data-large-file=\"https:\/\/i0.wp.com\/www.joyana.fr\/wp-content\/uploads\/2014\/09\/BLOG_JOYANA30ANS-GIFT-copie.jpg?fit=1000%2C1000&amp;ssl=1\" class=\"alignnone size-full wp-image-9925\" title=\"MAISON E3 par Natalie DIONNE (Montreal, CANADA)\" src=\"https:\/\/i0.wp.com\/joyana.fr\/wp-content\/uploads\/MAISON-E3-635-04_14_sc_v2com.jpg?resize=576%2C1504&#038;ssl=1\" alt=\"\" width=\"576\" height=\"1504\" \/><\/p>\n<p><img data-recalc-dims=\"1\" loading=\"lazy\" decoding=\"async\" data-attachment-id=\"9926\" data-permalink=\"https:\/\/www.joyana.fr\/en\/joyana30ans\/9924\/blog_joyana30ans-gift-copie-2\/\" data-orig-file=\"https:\/\/i0.wp.com\/www.joyana.fr\/wp-content\/uploads\/2014\/09\/BLOG_JOYANA30ANS-GIFT-copie1.jpg?fit=1000%2C1000&amp;ssl=1\" data-orig-size=\"1000,1000\" data-comments-opened=\"1\" data-image-meta=\"{&quot;aperture&quot;:&quot;0&quot;,&quot;credit&quot;:&quot;&quot;,&quot;camera&quot;:&quot;&quot;,&quot;caption&quot;:&quot;&quot;,&quot;created_timestamp&quot;:&quot;0&quot;,&quot;copyright&quot;:&quot;&quot;,&quot;focal_length&quot;:&quot;0&quot;,&quot;iso&quot;:&quot;0&quot;,&quot;shutter_speed&quot;:&quot;0&quot;,&quot;title&quot;:&quot;&quot;,&quot;orientation&quot;:&quot;1&quot;}\" data-image-title=\"BLOG_JOYANA30ANS GIFT copie\" data-image-description=\"\" data-image-caption=\"\" data-medium-file=\"https:\/\/i0.wp.com\/www.joyana.fr\/wp-content\/uploads\/2014\/09\/BLOG_JOYANA30ANS-GIFT-copie1.jpg?fit=389%2C389&amp;ssl=1\" data-large-file=\"https:\/\/i0.wp.com\/www.joyana.fr\/wp-content\/uploads\/2014\/09\/BLOG_JOYANA30ANS-GIFT-copie1.jpg?fit=1000%2C1000&amp;ssl=1\" class=\"alignnone size-full wp-image-9926\" title=\"MAISON E3 par Natalie DIONNE (Montreal, CANADA)\" src=\"https:\/\/i0.wp.com\/joyana.fr\/wp-content\/uploads\/MAISON-E3-635-04_20_sc_v2com.jpg?resize=576%2C231&#038;ssl=1\" alt=\"\" width=\"576\" height=\"231\" \/><\/p>\n<p><img data-recalc-dims=\"1\" loading=\"lazy\" decoding=\"async\" class=\"alignnone size-full wp-image-9927\" title=\"MAISON E3 par Natalie DIONNE (Montreal, CANADA)\" src=\"https:\/\/i0.wp.com\/joyana.fr\/wp-content\/uploads\/MAISON-E3-635-04_21_sc_v2com.jpg?resize=576%2C439&#038;ssl=1\" alt=\"\" width=\"576\" height=\"439\" \/><\/p>\n<p><img data-recalc-dims=\"1\" loading=\"lazy\" decoding=\"async\" class=\"alignnone size-full wp-image-9928\" title=\"MAISON E3 par Natalie DIONNE (Montreal, CANADA)\" src=\"https:\/\/i0.wp.com\/joyana.fr\/wp-content\/uploads\/maison-E3-635-04_23_sc_v2com.jpg?resize=576%2C403&#038;ssl=1\" alt=\"\" width=\"576\" height=\"403\" \/><\/p>\n<p><img data-recalc-dims=\"1\" loading=\"lazy\" decoding=\"async\" class=\"alignnone size-full wp-image-9929\" title=\"MAISON E3 par Natalie DIONNE (Montreal, CANADA)\" src=\"https:\/\/i0.wp.com\/joyana.fr\/wp-content\/uploads\/MAISON-E3-635-04_26_sc_v2com.jpg?resize=576%2C860&#038;ssl=1\" alt=\"\" width=\"576\" height=\"860\" \/><\/p>\n<p>En savoir + sur <a title=\"Natalie DIONNE\" href=\"http:\/\/www.ndarchitecture.com\/intro.html\" target=\"_blank\"><strong>Natalie DIONNE<\/strong><\/a><\/p>\n","protected":false},"excerpt":{"rendered":"<p>Direction Montr\u00e9al au Canada, pour d\u00e9couvrir la sublime MAISON E3 &#8211; imagin\u00e9e par l&#8217;architecte Natalie Dionne&#8230; Situ\u00e9e dans un quartier anim\u00e9 de Montr\u00e9al, pourtant la MAISON E3 r\u00e9v\u00e8le un environnement int\u00e9rieur presque monacal par la s\u00e9r\u00e9nit\u00e9 du lieu \u00e9pur\u00e9. Le d\u00e9coupage particulier du volume, par un concept \u00e0 multi-niveaux, donne de l\u2019\u00e9l\u00e9vation et de la [&hellip;]<\/p>\n","protected":false},"author":3,"featured_media":109930,"comment_status":"open","ping_status":"open","sticky":false,"template":"","format":"standard","meta":{"_coblocks_attr":"","_coblocks_dimensions":"","_coblocks_responsive_height":"","_coblocks_accordion_ie_support":"","_uag_custom_page_level_css":"","advgb_blocks_editor_width":"","advgb_blocks_columns_visual_guide":"","_genesis_hide_title":false,"_genesis_hide_breadcrumbs":false,"_genesis_hide_singular_image":false,"_genesis_hide_footer_widgets":false,"_genesis_custom_body_class":"","_genesis_custom_post_class":"","_genesis_layout":"","_themeisle_gutenberg_block_has_review":false,"_jetpack_newsletter_access":"","_jetpack_dont_email_post_to_subs":false,"_jetpack_newsletter_tier_id":0,"_jetpack_memberships_contains_paywalled_content":false,"_jetpack_memberships_contains_paid_content":false,"footnotes":""},"categories":[1036,71,1114,905,1024],"tags":[919,501],"class_list":{"0":"post-109921","1":"post","2":"type-post","3":"status-publish","4":"format-standard","5":"has-post-thumbnail","7":"category-a-la-une","8":"category-architecture","9":"category-canada","10":"category-deco-design","11":"category-maison","12":"tag-architecte","13":"tag-architecture-2","14":"entry"},"featured_image_urls":{"full":["https:\/\/i0.wp.com\/www.joyana.fr\/wp-content\/uploads\/old\/MAISON-E3-CAROUSSEL_DECO_DESIGN_NOV_2011.jpg?fit=1500%2C320&ssl=1",1500,320,false],"thumbnail":["https:\/\/i0.wp.com\/www.joyana.fr\/wp-content\/uploads\/old\/MAISON-E3-CAROUSSEL_DECO_DESIGN_NOV_2011.jpg?resize=150%2C150&ssl=1",150,150,true],"medium":["https:\/\/i0.wp.com\/www.joyana.fr\/wp-content\/uploads\/old\/MAISON-E3-CAROUSSEL_DECO_DESIGN_NOV_2011.jpg?fit=389%2C83&ssl=1",389,83,true],"medium_large":["https:\/\/i0.wp.com\/www.joyana.fr\/wp-content\/uploads\/old\/MAISON-E3-CAROUSSEL_DECO_DESIGN_NOV_2011.jpg?fit=768%2C164&ssl=1",768,164,true],"large":["https:\/\/i0.wp.com\/www.joyana.fr\/wp-content\/uploads\/old\/MAISON-E3-CAROUSSEL_DECO_DESIGN_NOV_2011.jpg?fit=1024%2C218&ssl=1",1024,218,true],"1536x1536":["https:\/\/i0.wp.com\/www.joyana.fr\/wp-content\/uploads\/old\/MAISON-E3-CAROUSSEL_DECO_DESIGN_NOV_2011.jpg?fit=1500%2C320&ssl=1",1500,320,true],"2048x2048":["https:\/\/i0.wp.com\/www.joyana.fr\/wp-content\/uploads\/old\/MAISON-E3-CAROUSSEL_DECO_DESIGN_NOV_2011.jpg?fit=1500%2C320&ssl=1",1500,320,true],"featured-thumb":["https:\/\/i0.wp.com\/www.joyana.fr\/wp-content\/uploads\/old\/MAISON-E3-CAROUSSEL_DECO_DESIGN_NOV_2011.jpg?resize=1500%2C320&ssl=1",1500,320,true],"ab-block-post-grid-landscape":["https:\/\/i0.wp.com\/www.joyana.fr\/wp-content\/uploads\/old\/MAISON-E3-CAROUSSEL_DECO_DESIGN_NOV_2011.jpg?resize=600%2C320&ssl=1",600,320,true],"ab-block-post-grid-square":["https:\/\/i0.wp.com\/www.joyana.fr\/wp-content\/uploads\/old\/MAISON-E3-CAROUSSEL_DECO_DESIGN_NOV_2011.jpg?resize=600%2C320&ssl=1",600,320,true],"author-pro-image":["https:\/\/i0.wp.com\/www.joyana.fr\/wp-content\/uploads\/old\/MAISON-E3-CAROUSSEL_DECO_DESIGN_NOV_2011.jpg?resize=360%2C320&ssl=1",360,320,true],"slider":["https:\/\/i0.wp.com\/www.joyana.fr\/wp-content\/uploads\/old\/MAISON-E3-CAROUSSEL_DECO_DESIGN_NOV_2011.jpg?resize=920%2C320&ssl=1",920,320,true],"woocommerce_thumbnail":["https:\/\/i0.wp.com\/www.joyana.fr\/wp-content\/uploads\/old\/MAISON-E3-CAROUSSEL_DECO_DESIGN_NOV_2011.jpg?resize=450%2C320&ssl=1",450,320,true],"woocommerce_single":["https:\/\/i0.wp.com\/www.joyana.fr\/wp-content\/uploads\/old\/MAISON-E3-CAROUSSEL_DECO_DESIGN_NOV_2011.jpg?fit=920%2C196&ssl=1",920,196,true],"woocommerce_gallery_thumbnail":["https:\/\/i0.wp.com\/www.joyana.fr\/wp-content\/uploads\/old\/MAISON-E3-CAROUSSEL_DECO_DESIGN_NOV_2011.jpg?resize=180%2C180&ssl=1",180,180,true],"sow-carousel-default":["https:\/\/i0.wp.com\/www.joyana.fr\/wp-content\/uploads\/old\/MAISON-E3-CAROUSSEL_DECO_DESIGN_NOV_2011.jpg?resize=272%2C182&ssl=1",272,182,true]},"post_excerpt_stackable":"<p>Direction Montr\u00e9al au Canada, pour d\u00e9couvrir la sublime MAISON E3 &#8211; imagin\u00e9e par l&#8217;architecte Natalie Dionne&#8230; Situ\u00e9e dans un quartier anim\u00e9 de Montr\u00e9al, pourtant la MAISON E3 r\u00e9v\u00e8le un environnement int\u00e9rieur presque monacal par la s\u00e9r\u00e9nit\u00e9 du lieu \u00e9pur\u00e9. Le d\u00e9coupage particulier du volume, par un concept \u00e0 multi-niveaux, donne de l\u2019\u00e9l\u00e9vation et de la luminosit\u00e9 \u00e0 l\u2019espace. Cette maison urbaine est \u00e0 la fois un lieu de vie, de cr\u00e9ation et de rassemblement, con\u00e7u pour une famille inspirante. Les propri\u00e9taires issues du milieu du th\u00e9\u00e2tre, et du cin\u00e9ma, ont laiss\u00e9 carte blanche \u00e0 l&#8217;architecte Natalie Dionne &#8211; qui d\u00e9montre&hellip;<\/p>\n","category_list":"<a href=\"https:\/\/www.joyana.fr\/en\/category\/a-la-une\/\" rel=\"category tag\">A la une !!!<\/a>, <a href=\"https:\/\/www.joyana.fr\/en\/category\/portfolio\/architecture\/\" rel=\"category tag\">ARCHITECTURE<\/a>, <a href=\"https:\/\/www.joyana.fr\/en\/category\/deco-design\/architecture-deco-design\/pays\/canada\/\" rel=\"category tag\">Canada<\/a>, <a href=\"https:\/\/www.joyana.fr\/en\/category\/deco-design\/\" rel=\"category tag\">DECO-DESIGN<\/a>, <a href=\"https:\/\/www.joyana.fr\/en\/category\/deco-design\/architecture-deco-design\/lieux-design\/maison\/\" rel=\"category tag\">Maison<\/a>","author_info":{"display_name":"Jo Yana","author_link":"https:\/\/www.joyana.fr\/en\/author\/joyana\/"},"comments_num":"2 comments","featured_image_urls_v2":{"full":["https:\/\/i0.wp.com\/www.joyana.fr\/wp-content\/uploads\/old\/MAISON-E3-CAROUSSEL_DECO_DESIGN_NOV_2011.jpg?fit=1500%2C320&ssl=1",1500,320,false],"thumbnail":["https:\/\/i0.wp.com\/www.joyana.fr\/wp-content\/uploads\/old\/MAISON-E3-CAROUSSEL_DECO_DESIGN_NOV_2011.jpg?resize=150%2C150&ssl=1",150,150,true],"medium":["https:\/\/i0.wp.com\/www.joyana.fr\/wp-content\/uploads\/old\/MAISON-E3-CAROUSSEL_DECO_DESIGN_NOV_2011.jpg?fit=389%2C83&ssl=1",389,83,true],"medium_large":["https:\/\/i0.wp.com\/www.joyana.fr\/wp-content\/uploads\/old\/MAISON-E3-CAROUSSEL_DECO_DESIGN_NOV_2011.jpg?fit=768%2C164&ssl=1",768,164,true],"large":["https:\/\/i0.wp.com\/www.joyana.fr\/wp-content\/uploads\/old\/MAISON-E3-CAROUSSEL_DECO_DESIGN_NOV_2011.jpg?fit=1024%2C218&ssl=1",1024,218,true],"1536x1536":["https:\/\/i0.wp.com\/www.joyana.fr\/wp-content\/uploads\/old\/MAISON-E3-CAROUSSEL_DECO_DESIGN_NOV_2011.jpg?fit=1500%2C320&ssl=1",1500,320,true],"2048x2048":["https:\/\/i0.wp.com\/www.joyana.fr\/wp-content\/uploads\/old\/MAISON-E3-CAROUSSEL_DECO_DESIGN_NOV_2011.jpg?fit=1500%2C320&ssl=1",1500,320,true],"featured-thumb":["https:\/\/i0.wp.com\/www.joyana.fr\/wp-content\/uploads\/old\/MAISON-E3-CAROUSSEL_DECO_DESIGN_NOV_2011.jpg?resize=1500%2C320&ssl=1",1500,320,true],"ab-block-post-grid-landscape":["https:\/\/i0.wp.com\/www.joyana.fr\/wp-content\/uploads\/old\/MAISON-E3-CAROUSSEL_DECO_DESIGN_NOV_2011.jpg?resize=600%2C320&ssl=1",600,320,true],"ab-block-post-grid-square":["https:\/\/i0.wp.com\/www.joyana.fr\/wp-content\/uploads\/old\/MAISON-E3-CAROUSSEL_DECO_DESIGN_NOV_2011.jpg?resize=600%2C320&ssl=1",600,320,true],"author-pro-image":["https:\/\/i0.wp.com\/www.joyana.fr\/wp-content\/uploads\/old\/MAISON-E3-CAROUSSEL_DECO_DESIGN_NOV_2011.jpg?resize=360%2C320&ssl=1",360,320,true],"slider":["https:\/\/i0.wp.com\/www.joyana.fr\/wp-content\/uploads\/old\/MAISON-E3-CAROUSSEL_DECO_DESIGN_NOV_2011.jpg?resize=920%2C320&ssl=1",920,320,true],"woocommerce_thumbnail":["https:\/\/i0.wp.com\/www.joyana.fr\/wp-content\/uploads\/old\/MAISON-E3-CAROUSSEL_DECO_DESIGN_NOV_2011.jpg?resize=450%2C320&ssl=1",450,320,true],"woocommerce_single":["https:\/\/i0.wp.com\/www.joyana.fr\/wp-content\/uploads\/old\/MAISON-E3-CAROUSSEL_DECO_DESIGN_NOV_2011.jpg?fit=920%2C196&ssl=1",920,196,true],"woocommerce_gallery_thumbnail":["https:\/\/i0.wp.com\/www.joyana.fr\/wp-content\/uploads\/old\/MAISON-E3-CAROUSSEL_DECO_DESIGN_NOV_2011.jpg?resize=180%2C180&ssl=1",180,180,true],"sow-carousel-default":["https:\/\/i0.wp.com\/www.joyana.fr\/wp-content\/uploads\/old\/MAISON-E3-CAROUSSEL_DECO_DESIGN_NOV_2011.jpg?resize=272%2C182&ssl=1",272,182,true]},"post_excerpt_stackable_v2":"<p>Direction Montr\u00e9al au Canada, pour d\u00e9couvrir la sublime MAISON E3 &#8211; imagin\u00e9e par l&#8217;architecte Natalie Dionne&#8230; Situ\u00e9e dans un quartier anim\u00e9 de Montr\u00e9al, pourtant la MAISON E3 r\u00e9v\u00e8le un environnement int\u00e9rieur presque monacal par la s\u00e9r\u00e9nit\u00e9 du lieu \u00e9pur\u00e9. Le d\u00e9coupage particulier du volume, par un concept \u00e0 multi-niveaux, donne de l\u2019\u00e9l\u00e9vation et de la luminosit\u00e9 \u00e0 l\u2019espace. Cette maison urbaine est \u00e0 la fois un lieu de vie, de cr\u00e9ation et de rassemblement, con\u00e7u pour une famille inspirante. Les propri\u00e9taires issues du milieu du th\u00e9\u00e2tre, et du cin\u00e9ma, ont laiss\u00e9 carte blanche \u00e0 l&#8217;architecte Natalie Dionne &#8211; qui d\u00e9montre&hellip;<\/p>\n","category_list_v2":"<a href=\"https:\/\/www.joyana.fr\/en\/category\/a-la-une\/\" rel=\"category tag\">A la une !!!<\/a>, <a href=\"https:\/\/www.joyana.fr\/en\/category\/portfolio\/architecture\/\" rel=\"category tag\">ARCHITECTURE<\/a>, <a href=\"https:\/\/www.joyana.fr\/en\/category\/deco-design\/architecture-deco-design\/pays\/canada\/\" rel=\"category tag\">Canada<\/a>, <a href=\"https:\/\/www.joyana.fr\/en\/category\/deco-design\/\" rel=\"category tag\">DECO-DESIGN<\/a>, <a href=\"https:\/\/www.joyana.fr\/en\/category\/deco-design\/architecture-deco-design\/lieux-design\/maison\/\" rel=\"category tag\">Maison<\/a>","author_info_v2":{"name":"Jo Yana","url":"https:\/\/www.joyana.fr\/en\/author\/joyana\/"},"comments_num_v2":"2 comments","yoast_head":"<!-- This site is optimized with the Yoast SEO plugin v26.8 - https:\/\/yoast.com\/product\/yoast-seo-wordpress\/ -->\n<title>MAISON E3 par Natalie DIONNE (Montr\u00e9al, CANADA) - JO YANA<\/title>\n<meta name=\"robots\" content=\"index, follow, max-snippet:-1, max-image-preview:large, max-video-preview:-1\" \/>\n<link rel=\"canonical\" href=\"https:\/\/www.joyana.fr\/en\/maison-e3-par-natalie-dionne-montreal-canada\/109921\/\" \/>\n<meta property=\"og:locale\" content=\"en_US\" \/>\n<meta property=\"og:locale:alternate\" content=\"fr_FR\" \/>\n<meta property=\"og:locale:alternate\" content=\"ja\" \/>\n<meta property=\"og:type\" content=\"article\" \/>\n<meta property=\"og:title\" content=\"MAISON E3 par Natalie DIONNE (Montr\u00e9al, CANADA) - JO YANA\" \/>\n<meta property=\"og:description\" content=\"Direction Montr\u00e9al au Canada, pour d\u00e9couvrir la sublime MAISON E3 &#8211; imagin\u00e9e par l&#8217;architecte Natalie Dionne&#8230; Situ\u00e9e dans un quartier anim\u00e9 de Montr\u00e9al, pourtant la MAISON E3 r\u00e9v\u00e8le un environnement int\u00e9rieur presque monacal par la s\u00e9r\u00e9nit\u00e9 du lieu \u00e9pur\u00e9. Le d\u00e9coupage particulier du volume, par un concept \u00e0 multi-niveaux, donne de l\u2019\u00e9l\u00e9vation et de la [&hellip;]\" \/>\n<meta property=\"og:url\" content=\"https:\/\/www.joyana.fr\/en\/maison-e3-par-natalie-dionne-montreal-canada\/109921\/\" \/>\n<meta property=\"og:site_name\" content=\"JO YANA\" \/>\n<meta property=\"article:published_time\" content=\"2012-06-08T05:57:52+00:00\" \/>\n<meta property=\"og:image\" content=\"https:\/\/www.joyana.fr\/wp-content\/uploads\/old\/MAISON-E3-CAROUSSEL_DECO_DESIGN_NOV_2011.jpg\" \/>\n\t<meta property=\"og:image:width\" content=\"1500\" \/>\n\t<meta property=\"og:image:height\" content=\"320\" \/>\n\t<meta property=\"og:image:type\" content=\"image\/jpeg\" \/>\n<meta name=\"author\" content=\"Jo Yana\" \/>\n<meta name=\"twitter:card\" content=\"summary_large_image\" \/>\n<meta name=\"twitter:creator\" content=\"@Jo_Yana\" \/>\n<meta name=\"twitter:site\" content=\"@Jo_Yana\" \/>\n<meta name=\"twitter:label1\" content=\"Written by\" \/>\n\t<meta name=\"twitter:data1\" content=\"Jo Yana\" \/>\n\t<meta name=\"twitter:label2\" content=\"Est. reading time\" \/>\n\t<meta name=\"twitter:data2\" content=\"2 minutes\" \/>\n<script type=\"application\/ld+json\" class=\"yoast-schema-graph\">{\"@context\":\"https:\/\/schema.org\",\"@graph\":[{\"@type\":\"Article\",\"@id\":\"https:\/\/www.joyana.fr\/maison-e3-par-natalie-dionne-montreal-canada\/109921\/#article\",\"isPartOf\":{\"@id\":\"https:\/\/www.joyana.fr\/maison-e3-par-natalie-dionne-montreal-canada\/109921\/\"},\"author\":{\"name\":\"Jo Yana\",\"@id\":\"https:\/\/joyana.fr\/#\/schema\/person\/cf2a1ad12a27c12c21801075bf37407c\"},\"headline\":\"MAISON E3 par Natalie DIONNE (Montr\u00e9al, CANADA)\",\"datePublished\":\"2012-06-08T05:57:52+00:00\",\"mainEntityOfPage\":{\"@id\":\"https:\/\/www.joyana.fr\/maison-e3-par-natalie-dionne-montreal-canada\/109921\/\"},\"wordCount\":318,\"commentCount\":1,\"publisher\":{\"@id\":\"https:\/\/joyana.fr\/#\/schema\/person\/cf2a1ad12a27c12c21801075bf37407c\"},\"image\":{\"@id\":\"https:\/\/www.joyana.fr\/maison-e3-par-natalie-dionne-montreal-canada\/109921\/#primaryimage\"},\"thumbnailUrl\":\"https:\/\/i0.wp.com\/www.joyana.fr\/wp-content\/uploads\/old\/MAISON-E3-CAROUSSEL_DECO_DESIGN_NOV_2011.jpg?fit=1500%2C320&ssl=1\",\"keywords\":[\"Architecte\",\"Architecture\"],\"articleSection\":[\"A la une !!!\",\"ARCHITECTURE\",\"Canada\",\"DECO-DESIGN\",\"Maison\"],\"inLanguage\":\"en-US\",\"potentialAction\":[{\"@type\":\"CommentAction\",\"name\":\"Comment\",\"target\":[\"https:\/\/www.joyana.fr\/maison-e3-par-natalie-dionne-montreal-canada\/109921\/#respond\"]}]},{\"@type\":\"WebPage\",\"@id\":\"https:\/\/www.joyana.fr\/maison-e3-par-natalie-dionne-montreal-canada\/109921\/\",\"url\":\"https:\/\/www.joyana.fr\/maison-e3-par-natalie-dionne-montreal-canada\/109921\/\",\"name\":\"MAISON E3 par Natalie DIONNE (Montr\u00e9al, CANADA) - JO YANA\",\"isPartOf\":{\"@id\":\"https:\/\/joyana.fr\/#website\"},\"primaryImageOfPage\":{\"@id\":\"https:\/\/www.joyana.fr\/maison-e3-par-natalie-dionne-montreal-canada\/109921\/#primaryimage\"},\"image\":{\"@id\":\"https:\/\/www.joyana.fr\/maison-e3-par-natalie-dionne-montreal-canada\/109921\/#primaryimage\"},\"thumbnailUrl\":\"https:\/\/i0.wp.com\/www.joyana.fr\/wp-content\/uploads\/old\/MAISON-E3-CAROUSSEL_DECO_DESIGN_NOV_2011.jpg?fit=1500%2C320&ssl=1\",\"datePublished\":\"2012-06-08T05:57:52+00:00\",\"breadcrumb\":{\"@id\":\"https:\/\/www.joyana.fr\/maison-e3-par-natalie-dionne-montreal-canada\/109921\/#breadcrumb\"},\"inLanguage\":\"en-US\",\"potentialAction\":[{\"@type\":\"ReadAction\",\"target\":[\"https:\/\/www.joyana.fr\/maison-e3-par-natalie-dionne-montreal-canada\/109921\/\"]}]},{\"@type\":\"ImageObject\",\"inLanguage\":\"en-US\",\"@id\":\"https:\/\/www.joyana.fr\/maison-e3-par-natalie-dionne-montreal-canada\/109921\/#primaryimage\",\"url\":\"https:\/\/i0.wp.com\/www.joyana.fr\/wp-content\/uploads\/old\/MAISON-E3-CAROUSSEL_DECO_DESIGN_NOV_2011.jpg?fit=1500%2C320&ssl=1\",\"contentUrl\":\"https:\/\/i0.wp.com\/www.joyana.fr\/wp-content\/uploads\/old\/MAISON-E3-CAROUSSEL_DECO_DESIGN_NOV_2011.jpg?fit=1500%2C320&ssl=1\",\"width\":1500,\"height\":320},{\"@type\":\"BreadcrumbList\",\"@id\":\"https:\/\/www.joyana.fr\/maison-e3-par-natalie-dionne-montreal-canada\/109921\/#breadcrumb\",\"itemListElement\":[{\"@type\":\"ListItem\",\"position\":1,\"name\":\"Accueil\",\"item\":\"https:\/\/joyana.fr\/\"},{\"@type\":\"ListItem\",\"position\":2,\"name\":\"MAISON E3 par Natalie DIONNE (Montr\u00e9al, CANADA)\"}]},{\"@type\":\"WebSite\",\"@id\":\"https:\/\/joyana.fr\/#website\",\"url\":\"https:\/\/joyana.fr\/\",\"name\":\"JO YANA\",\"description\":\"Blog Mode Homme, Lifestyle, D\u00e9co-Design\",\"publisher\":{\"@id\":\"https:\/\/joyana.fr\/#\/schema\/person\/cf2a1ad12a27c12c21801075bf37407c\"},\"potentialAction\":[{\"@type\":\"SearchAction\",\"target\":{\"@type\":\"EntryPoint\",\"urlTemplate\":\"https:\/\/joyana.fr\/?s={search_term_string}\"},\"query-input\":{\"@type\":\"PropertyValueSpecification\",\"valueRequired\":true,\"valueName\":\"search_term_string\"}}],\"inLanguage\":\"en-US\"},{\"@type\":[\"Person\",\"Organization\"],\"@id\":\"https:\/\/joyana.fr\/#\/schema\/person\/cf2a1ad12a27c12c21801075bf37407c\",\"name\":\"Jo Yana\",\"image\":{\"@type\":\"ImageObject\",\"inLanguage\":\"en-US\",\"@id\":\"https:\/\/joyana.fr\/#\/schema\/person\/image\/\",\"url\":\"https:\/\/i0.wp.com\/www.joyana.fr\/wp-content\/uploads\/2016\/08\/cropped-joyana-logo-black-360x180.png?fit=343%2C164&ssl=1\",\"contentUrl\":\"https:\/\/i0.wp.com\/www.joyana.fr\/wp-content\/uploads\/2016\/08\/cropped-joyana-logo-black-360x180.png?fit=343%2C164&ssl=1\",\"width\":343,\"height\":164,\"caption\":\"Jo Yana\"},\"logo\":{\"@id\":\"https:\/\/joyana.fr\/#\/schema\/person\/image\/\"},\"description\":\"Jo Yana est le cr\u00e9ateur et r\u00e9dacteur en chef des sites DECO-DESIGN. Passionn\u00e9 de Design, Mode, Photo, Luxe, Lifestyle, Musique, mais avant tout Blogueur ! Le plaisir de partager l'anime et a comme devise \\\"POUR L'AMOUR DU BEAU\\\". Retrouvez le aussi sur son blog personnel - https:\/\/joyana.fr...\",\"sameAs\":[\"https:\/\/joyana.fr\/\"],\"url\":\"https:\/\/www.joyana.fr\/en\/author\/joyana\/\"}]}<\/script>\n<!-- \/ Yoast SEO plugin. -->","yoast_head_json":{"title":"MAISON E3 par Natalie DIONNE (Montr\u00e9al, CANADA) - JO YANA","robots":{"index":"index","follow":"follow","max-snippet":"max-snippet:-1","max-image-preview":"max-image-preview:large","max-video-preview":"max-video-preview:-1"},"canonical":"https:\/\/www.joyana.fr\/en\/maison-e3-par-natalie-dionne-montreal-canada\/109921\/","og_locale":"en_US","og_type":"article","og_title":"MAISON E3 par Natalie DIONNE (Montr\u00e9al, CANADA) - JO YANA","og_description":"Direction Montr\u00e9al au Canada, pour d\u00e9couvrir la sublime MAISON E3 &#8211; imagin\u00e9e par l&#8217;architecte Natalie Dionne&#8230; Situ\u00e9e dans un quartier anim\u00e9 de Montr\u00e9al, pourtant la MAISON E3 r\u00e9v\u00e8le un environnement int\u00e9rieur presque monacal par la s\u00e9r\u00e9nit\u00e9 du lieu \u00e9pur\u00e9. Le d\u00e9coupage particulier du volume, par un concept \u00e0 multi-niveaux, donne de l\u2019\u00e9l\u00e9vation et de la [&hellip;]","og_url":"https:\/\/www.joyana.fr\/en\/maison-e3-par-natalie-dionne-montreal-canada\/109921\/","og_site_name":"JO YANA","article_published_time":"2012-06-08T05:57:52+00:00","og_image":[{"width":1500,"height":320,"url":"https:\/\/www.joyana.fr\/wp-content\/uploads\/old\/MAISON-E3-CAROUSSEL_DECO_DESIGN_NOV_2011.jpg","type":"image\/jpeg"}],"author":"Jo Yana","twitter_card":"summary_large_image","twitter_creator":"@Jo_Yana","twitter_site":"@Jo_Yana","twitter_misc":{"Written by":"Jo Yana","Est. reading time":"2 minutes"},"schema":{"@context":"https:\/\/schema.org","@graph":[{"@type":"Article","@id":"https:\/\/www.joyana.fr\/maison-e3-par-natalie-dionne-montreal-canada\/109921\/#article","isPartOf":{"@id":"https:\/\/www.joyana.fr\/maison-e3-par-natalie-dionne-montreal-canada\/109921\/"},"author":{"name":"Jo Yana","@id":"https:\/\/joyana.fr\/#\/schema\/person\/cf2a1ad12a27c12c21801075bf37407c"},"headline":"MAISON E3 par Natalie DIONNE (Montr\u00e9al, CANADA)","datePublished":"2012-06-08T05:57:52+00:00","mainEntityOfPage":{"@id":"https:\/\/www.joyana.fr\/maison-e3-par-natalie-dionne-montreal-canada\/109921\/"},"wordCount":318,"commentCount":1,"publisher":{"@id":"https:\/\/joyana.fr\/#\/schema\/person\/cf2a1ad12a27c12c21801075bf37407c"},"image":{"@id":"https:\/\/www.joyana.fr\/maison-e3-par-natalie-dionne-montreal-canada\/109921\/#primaryimage"},"thumbnailUrl":"https:\/\/i0.wp.com\/www.joyana.fr\/wp-content\/uploads\/old\/MAISON-E3-CAROUSSEL_DECO_DESIGN_NOV_2011.jpg?fit=1500%2C320&ssl=1","keywords":["Architecte","Architecture"],"articleSection":["A la une !!!","ARCHITECTURE","Canada","DECO-DESIGN","Maison"],"inLanguage":"en-US","potentialAction":[{"@type":"CommentAction","name":"Comment","target":["https:\/\/www.joyana.fr\/maison-e3-par-natalie-dionne-montreal-canada\/109921\/#respond"]}]},{"@type":"WebPage","@id":"https:\/\/www.joyana.fr\/maison-e3-par-natalie-dionne-montreal-canada\/109921\/","url":"https:\/\/www.joyana.fr\/maison-e3-par-natalie-dionne-montreal-canada\/109921\/","name":"MAISON E3 par Natalie DIONNE (Montr\u00e9al, CANADA) - JO YANA","isPartOf":{"@id":"https:\/\/joyana.fr\/#website"},"primaryImageOfPage":{"@id":"https:\/\/www.joyana.fr\/maison-e3-par-natalie-dionne-montreal-canada\/109921\/#primaryimage"},"image":{"@id":"https:\/\/www.joyana.fr\/maison-e3-par-natalie-dionne-montreal-canada\/109921\/#primaryimage"},"thumbnailUrl":"https:\/\/i0.wp.com\/www.joyana.fr\/wp-content\/uploads\/old\/MAISON-E3-CAROUSSEL_DECO_DESIGN_NOV_2011.jpg?fit=1500%2C320&ssl=1","datePublished":"2012-06-08T05:57:52+00:00","breadcrumb":{"@id":"https:\/\/www.joyana.fr\/maison-e3-par-natalie-dionne-montreal-canada\/109921\/#breadcrumb"},"inLanguage":"en-US","potentialAction":[{"@type":"ReadAction","target":["https:\/\/www.joyana.fr\/maison-e3-par-natalie-dionne-montreal-canada\/109921\/"]}]},{"@type":"ImageObject","inLanguage":"en-US","@id":"https:\/\/www.joyana.fr\/maison-e3-par-natalie-dionne-montreal-canada\/109921\/#primaryimage","url":"https:\/\/i0.wp.com\/www.joyana.fr\/wp-content\/uploads\/old\/MAISON-E3-CAROUSSEL_DECO_DESIGN_NOV_2011.jpg?fit=1500%2C320&ssl=1","contentUrl":"https:\/\/i0.wp.com\/www.joyana.fr\/wp-content\/uploads\/old\/MAISON-E3-CAROUSSEL_DECO_DESIGN_NOV_2011.jpg?fit=1500%2C320&ssl=1","width":1500,"height":320},{"@type":"BreadcrumbList","@id":"https:\/\/www.joyana.fr\/maison-e3-par-natalie-dionne-montreal-canada\/109921\/#breadcrumb","itemListElement":[{"@type":"ListItem","position":1,"name":"Accueil","item":"https:\/\/joyana.fr\/"},{"@type":"ListItem","position":2,"name":"MAISON E3 par Natalie DIONNE (Montr\u00e9al, CANADA)"}]},{"@type":"WebSite","@id":"https:\/\/joyana.fr\/#website","url":"https:\/\/joyana.fr\/","name":"JO YANA","description":"Blog Mode Homme, Lifestyle, D\u00e9co-Design","publisher":{"@id":"https:\/\/joyana.fr\/#\/schema\/person\/cf2a1ad12a27c12c21801075bf37407c"},"potentialAction":[{"@type":"SearchAction","target":{"@type":"EntryPoint","urlTemplate":"https:\/\/joyana.fr\/?s={search_term_string}"},"query-input":{"@type":"PropertyValueSpecification","valueRequired":true,"valueName":"search_term_string"}}],"inLanguage":"en-US"},{"@type":["Person","Organization"],"@id":"https:\/\/joyana.fr\/#\/schema\/person\/cf2a1ad12a27c12c21801075bf37407c","name":"Jo Yana","image":{"@type":"ImageObject","inLanguage":"en-US","@id":"https:\/\/joyana.fr\/#\/schema\/person\/image\/","url":"https:\/\/i0.wp.com\/www.joyana.fr\/wp-content\/uploads\/2016\/08\/cropped-joyana-logo-black-360x180.png?fit=343%2C164&ssl=1","contentUrl":"https:\/\/i0.wp.com\/www.joyana.fr\/wp-content\/uploads\/2016\/08\/cropped-joyana-logo-black-360x180.png?fit=343%2C164&ssl=1","width":343,"height":164,"caption":"Jo Yana"},"logo":{"@id":"https:\/\/joyana.fr\/#\/schema\/person\/image\/"},"description":"Jo Yana est le cr\u00e9ateur et r\u00e9dacteur en chef des sites DECO-DESIGN. Passionn\u00e9 de Design, Mode, Photo, Luxe, Lifestyle, Musique, mais avant tout Blogueur ! Le plaisir de partager l'anime et a comme devise \"POUR L'AMOUR DU BEAU\". Retrouvez le aussi sur son blog personnel - https:\/\/joyana.fr...","sameAs":["https:\/\/joyana.fr\/"],"url":"https:\/\/www.joyana.fr\/en\/author\/joyana\/"}]}},"author_meta":{"display_name":"Jo Yana","author_link":"https:\/\/www.joyana.fr\/en\/author\/joyana\/"},"featured_img":"https:\/\/i0.wp.com\/www.joyana.fr\/wp-content\/uploads\/old\/MAISON-E3-CAROUSSEL_DECO_DESIGN_NOV_2011.jpg?fit=389%2C83&ssl=1","featured_image_src":"https:\/\/i0.wp.com\/www.joyana.fr\/wp-content\/uploads\/old\/MAISON-E3-CAROUSSEL_DECO_DESIGN_NOV_2011.jpg?resize=600%2C320&ssl=1","featured_image_src_square":"https:\/\/i0.wp.com\/www.joyana.fr\/wp-content\/uploads\/old\/MAISON-E3-CAROUSSEL_DECO_DESIGN_NOV_2011.jpg?resize=600%2C320&ssl=1","jetpack_featured_media_url":"https:\/\/i0.wp.com\/www.joyana.fr\/wp-content\/uploads\/old\/MAISON-E3-CAROUSSEL_DECO_DESIGN_NOV_2011.jpg?fit=1500%2C320&ssl=1","uagb_featured_image_src":{"full":["https:\/\/i0.wp.com\/www.joyana.fr\/wp-content\/uploads\/old\/MAISON-E3-CAROUSSEL_DECO_DESIGN_NOV_2011.jpg?fit=1500%2C320&ssl=1",1500,320,false],"thumbnail":["https:\/\/i0.wp.com\/www.joyana.fr\/wp-content\/uploads\/old\/MAISON-E3-CAROUSSEL_DECO_DESIGN_NOV_2011.jpg?resize=150%2C150&ssl=1",150,150,true],"medium":["https:\/\/i0.wp.com\/www.joyana.fr\/wp-content\/uploads\/old\/MAISON-E3-CAROUSSEL_DECO_DESIGN_NOV_2011.jpg?fit=389%2C83&ssl=1",389,83,true],"medium_large":["https:\/\/i0.wp.com\/www.joyana.fr\/wp-content\/uploads\/old\/MAISON-E3-CAROUSSEL_DECO_DESIGN_NOV_2011.jpg?fit=768%2C164&ssl=1",768,164,true],"large":["https:\/\/i0.wp.com\/www.joyana.fr\/wp-content\/uploads\/old\/MAISON-E3-CAROUSSEL_DECO_DESIGN_NOV_2011.jpg?fit=1024%2C218&ssl=1",1024,218,true],"1536x1536":["https:\/\/i0.wp.com\/www.joyana.fr\/wp-content\/uploads\/old\/MAISON-E3-CAROUSSEL_DECO_DESIGN_NOV_2011.jpg?fit=1500%2C320&ssl=1",1500,320,true],"2048x2048":["https:\/\/i0.wp.com\/www.joyana.fr\/wp-content\/uploads\/old\/MAISON-E3-CAROUSSEL_DECO_DESIGN_NOV_2011.jpg?fit=1500%2C320&ssl=1",1500,320,true],"featured-thumb":["https:\/\/i0.wp.com\/www.joyana.fr\/wp-content\/uploads\/old\/MAISON-E3-CAROUSSEL_DECO_DESIGN_NOV_2011.jpg?resize=1500%2C320&ssl=1",1500,320,true],"ab-block-post-grid-landscape":["https:\/\/i0.wp.com\/www.joyana.fr\/wp-content\/uploads\/old\/MAISON-E3-CAROUSSEL_DECO_DESIGN_NOV_2011.jpg?resize=600%2C320&ssl=1",600,320,true],"ab-block-post-grid-square":["https:\/\/i0.wp.com\/www.joyana.fr\/wp-content\/uploads\/old\/MAISON-E3-CAROUSSEL_DECO_DESIGN_NOV_2011.jpg?resize=600%2C320&ssl=1",600,320,true],"author-pro-image":["https:\/\/i0.wp.com\/www.joyana.fr\/wp-content\/uploads\/old\/MAISON-E3-CAROUSSEL_DECO_DESIGN_NOV_2011.jpg?resize=360%2C320&ssl=1",360,320,true],"slider":["https:\/\/i0.wp.com\/www.joyana.fr\/wp-content\/uploads\/old\/MAISON-E3-CAROUSSEL_DECO_DESIGN_NOV_2011.jpg?resize=920%2C320&ssl=1",920,320,true],"woocommerce_thumbnail":["https:\/\/i0.wp.com\/www.joyana.fr\/wp-content\/uploads\/old\/MAISON-E3-CAROUSSEL_DECO_DESIGN_NOV_2011.jpg?resize=450%2C320&ssl=1",450,320,true],"woocommerce_single":["https:\/\/i0.wp.com\/www.joyana.fr\/wp-content\/uploads\/old\/MAISON-E3-CAROUSSEL_DECO_DESIGN_NOV_2011.jpg?fit=920%2C196&ssl=1",920,196,true],"woocommerce_gallery_thumbnail":["https:\/\/i0.wp.com\/www.joyana.fr\/wp-content\/uploads\/old\/MAISON-E3-CAROUSSEL_DECO_DESIGN_NOV_2011.jpg?resize=180%2C180&ssl=1",180,180,true],"sow-carousel-default":["https:\/\/i0.wp.com\/www.joyana.fr\/wp-content\/uploads\/old\/MAISON-E3-CAROUSSEL_DECO_DESIGN_NOV_2011.jpg?resize=272%2C182&ssl=1",272,182,true]},"uagb_author_info":{"display_name":"Jo Yana","author_link":"https:\/\/www.joyana.fr\/en\/author\/joyana\/"},"uagb_comment_info":2,"uagb_excerpt":"Direction Montr\u00e9al au Canada, pour d\u00e9couvrir la sublime MAISON E3 &#8211; imagin\u00e9e par l&#8217;architecte Natalie Dionne&#8230; Situ\u00e9e dans un quartier anim\u00e9 de Montr\u00e9al, pourtant la MAISON E3 r\u00e9v\u00e8le un environnement int\u00e9rieur presque monacal par la s\u00e9r\u00e9nit\u00e9 du lieu \u00e9pur\u00e9. Le d\u00e9coupage particulier du volume, par un concept \u00e0 multi-niveaux, donne de l\u2019\u00e9l\u00e9vation et de la&hellip;","coauthors":[],"tax_additional":{"categories":{"linked":["<a href=\"https:\/\/www.joyana.fr\/en\/category\/a-la-une\/\" class=\"advgb-post-tax-term\">A la une !!!<\/a>","<a href=\"https:\/\/www.joyana.fr\/en\/category\/portfolio\/architecture\/\" class=\"advgb-post-tax-term\">ARCHITECTURE<\/a>","<a href=\"https:\/\/www.joyana.fr\/en\/category\/deco-design\/architecture-deco-design\/pays\/canada\/\" class=\"advgb-post-tax-term\">Canada<\/a>","<a href=\"https:\/\/www.joyana.fr\/en\/category\/deco-design\/\" class=\"advgb-post-tax-term\">DECO-DESIGN<\/a>","<a href=\"https:\/\/www.joyana.fr\/en\/category\/deco-design\/architecture-deco-design\/lieux-design\/maison\/\" class=\"advgb-post-tax-term\">Maison<\/a>"],"unlinked":["<span class=\"advgb-post-tax-term\">A la une !!!<\/span>","<span class=\"advgb-post-tax-term\">ARCHITECTURE<\/span>","<span class=\"advgb-post-tax-term\">Canada<\/span>","<span class=\"advgb-post-tax-term\">DECO-DESIGN<\/span>","<span class=\"advgb-post-tax-term\">Maison<\/span>"]},"tags":{"linked":["<a href=\"https:\/\/www.joyana.fr\/en\/category\/deco-design\/architecture-deco-design\/lieux-design\/maison\/\" class=\"advgb-post-tax-term\">Architecte<\/a>","<a href=\"https:\/\/www.joyana.fr\/en\/category\/deco-design\/architecture-deco-design\/lieux-design\/maison\/\" class=\"advgb-post-tax-term\">Architecture<\/a>"],"unlinked":["<span class=\"advgb-post-tax-term\">Architecte<\/span>","<span class=\"advgb-post-tax-term\">Architecture<\/span>"]}},"comment_count":2,"relative_dates":{"created":"Posted 14 years ago","modified":"Updated 14 years ago"},"absolute_dates":{"created":"Posted on 8 June 2012","modified":"Updated on 8 June 2012"},"absolute_dates_time":{"created":"Posted on 8 June 2012 6:57","modified":"Updated on 8 June 2012 6:57"},"featured_img_caption":"","series_order":"","jetpack_sharing_enabled":true,"jetpack_shortlink":"https:\/\/wp.me\/p9bteI-sAV","jetpack-related-posts":[],"_links":{"self":[{"href":"https:\/\/www.joyana.fr\/en\/wp-json\/wp\/v2\/posts\/109921","targetHints":{"allow":["GET"]}}],"collection":[{"href":"https:\/\/www.joyana.fr\/en\/wp-json\/wp\/v2\/posts"}],"about":[{"href":"https:\/\/www.joyana.fr\/en\/wp-json\/wp\/v2\/types\/post"}],"author":[{"embeddable":true,"href":"https:\/\/www.joyana.fr\/en\/wp-json\/wp\/v2\/users\/3"}],"replies":[{"embeddable":true,"href":"https:\/\/www.joyana.fr\/en\/wp-json\/wp\/v2\/comments?post=109921"}],"version-history":[{"count":0,"href":"https:\/\/www.joyana.fr\/en\/wp-json\/wp\/v2\/posts\/109921\/revisions"}],"wp:featuredmedia":[{"embeddable":true,"href":"https:\/\/www.joyana.fr\/en\/wp-json\/wp\/v2\/media\/109930"}],"wp:attachment":[{"href":"https:\/\/www.joyana.fr\/en\/wp-json\/wp\/v2\/media?parent=109921"}],"wp:term":[{"taxonomy":"category","embeddable":true,"href":"https:\/\/www.joyana.fr\/en\/wp-json\/wp\/v2\/categories?post=109921"},{"taxonomy":"post_tag","embeddable":true,"href":"https:\/\/www.joyana.fr\/en\/wp-json\/wp\/v2\/tags?post=109921"}],"curies":[{"name":"wp","href":"https:\/\/api.w.org\/{rel}","templated":true}]}}