{"id":109885,"date":"2012-06-05T17:11:15","date_gmt":"2012-06-05T16:11:15","guid":{"rendered":"https:\/\/joyana.fr\/?p=9885"},"modified":"2012-06-05T17:11:15","modified_gmt":"2012-06-05T16:11:15","slug":"designers-days-2012-gallery-s-bensimon","status":"publish","type":"post","link":"https:\/\/www.joyana.fr\/en\/designers-days-2012-gallery-s-bensimon\/109885\/","title":{"rendered":"DESIGNER&#8217;S DAYS 2012 &#8211; Gallery S.Bensimon"},"content":{"rendered":"<p>Comme chaque ann\u00e9e pour les <a title=\"DESIGNER'S DAYS 2012\" href=\"https:\/\/joyana.fr\/category\/actualite\/salon\/designers-days\/\" target=\"_blank\"><strong>DESIGNER&#8217;S DAYS<\/strong><\/a>, nous nous rendons chez nos amis de la <strong>Gallery S.Bensimon<\/strong> qui ne nous d\u00e9\u00e7oive jamais&#8230;<\/p>\n<p><img data-recalc-dims=\"1\" fetchpriority=\"high\" decoding=\"async\" data-attachment-id=\"9886\" data-permalink=\"https:\/\/www.joyana.fr\/en\/lookbook-cavalier-bleu-fallwinter-2014\/9879\/lookbook-cavalier-bleu-cb-fw14-lb-ld_8\/\" data-orig-file=\"https:\/\/i0.wp.com\/www.joyana.fr\/wp-content\/uploads\/2014\/09\/LOOKBOOK-CAVALIER-BLEU-CB-FW14-LB-ld_8.jpg?fit=1000%2C667&amp;ssl=1\" data-orig-size=\"1000,667\" data-comments-opened=\"1\" data-image-meta=\"{&quot;aperture&quot;:&quot;0&quot;,&quot;credit&quot;:&quot;&quot;,&quot;camera&quot;:&quot;&quot;,&quot;caption&quot;:&quot;&quot;,&quot;created_timestamp&quot;:&quot;0&quot;,&quot;copyright&quot;:&quot;&quot;,&quot;focal_length&quot;:&quot;0&quot;,&quot;iso&quot;:&quot;0&quot;,&quot;shutter_speed&quot;:&quot;0&quot;,&quot;title&quot;:&quot;&quot;,&quot;orientation&quot;:&quot;0&quot;}\" data-image-title=\"LOOKBOOK CAVALIER BLEU CB-FW14-LB-ld_8\" data-image-description=\"\" data-image-caption=\"\" data-medium-file=\"https:\/\/i0.wp.com\/www.joyana.fr\/wp-content\/uploads\/2014\/09\/LOOKBOOK-CAVALIER-BLEU-CB-FW14-LB-ld_8.jpg?fit=389%2C259&amp;ssl=1\" data-large-file=\"https:\/\/i0.wp.com\/www.joyana.fr\/wp-content\/uploads\/2014\/09\/LOOKBOOK-CAVALIER-BLEU-CB-FW14-LB-ld_8.jpg?fit=1000%2C667&amp;ssl=1\" class=\"alignnone size-full wp-image-9886\" title=\"DESIGNER'S DAYS 2012 - Gallery S.Bensimon\" src=\"https:\/\/i0.wp.com\/joyana.fr\/wp-content\/uploads\/bensimon-DSC03748.jpg?resize=576%2C383&#038;ssl=1\" alt=\"\" width=\"576\" height=\"383\" \/><\/p>\n<p>Pour cette \u00e9dition 2012, la <strong>Gallery S.Bensimon<\/strong> nous pr\u00e9sente la collection <strong>FORMING HISTORY<\/strong> sign\u00e9e par <strong>Tino Seubert<\/strong>. Le designer \u00e0 travers cette collection travaille sur les cons\u00e9quences de ces \u00e9v\u00e8nements historiques. Il utilise ici les photographies de moments importants de notre pass\u00e9 pour donner forme \u00e0 l&#8217;objet : chaise, banc, et table&#8230;<\/p>\n<p><img data-recalc-dims=\"1\" decoding=\"async\" data-attachment-id=\"9887\" data-permalink=\"https:\/\/www.joyana.fr\/en\/lookbook-cavalier-bleu-fallwinter-2014\/9879\/lookbook-cavalier-bleu-cb-fw14-lb-ld_9\/\" data-orig-file=\"https:\/\/i0.wp.com\/www.joyana.fr\/wp-content\/uploads\/2014\/09\/LOOKBOOK-CAVALIER-BLEU-CB-FW14-LB-ld_9.jpg?fit=1000%2C667&amp;ssl=1\" data-orig-size=\"1000,667\" data-comments-opened=\"1\" data-image-meta=\"{&quot;aperture&quot;:&quot;0&quot;,&quot;credit&quot;:&quot;&quot;,&quot;camera&quot;:&quot;&quot;,&quot;caption&quot;:&quot;&quot;,&quot;created_timestamp&quot;:&quot;0&quot;,&quot;copyright&quot;:&quot;&quot;,&quot;focal_length&quot;:&quot;0&quot;,&quot;iso&quot;:&quot;0&quot;,&quot;shutter_speed&quot;:&quot;0&quot;,&quot;title&quot;:&quot;&quot;,&quot;orientation&quot;:&quot;0&quot;}\" data-image-title=\"LOOKBOOK CAVALIER BLEU CB-FW14-LB-ld_9\" data-image-description=\"\" data-image-caption=\"\" data-medium-file=\"https:\/\/i0.wp.com\/www.joyana.fr\/wp-content\/uploads\/2014\/09\/LOOKBOOK-CAVALIER-BLEU-CB-FW14-LB-ld_9.jpg?fit=389%2C259&amp;ssl=1\" data-large-file=\"https:\/\/i0.wp.com\/www.joyana.fr\/wp-content\/uploads\/2014\/09\/LOOKBOOK-CAVALIER-BLEU-CB-FW14-LB-ld_9.jpg?fit=1000%2C667&amp;ssl=1\" class=\"alignnone size-full wp-image-9887\" title=\"DESIGNER'S DAYS 2012 - Gallery S.Bensimon\" src=\"https:\/\/i0.wp.com\/joyana.fr\/wp-content\/uploads\/bensimon-DSC03749.jpg?resize=576%2C573&#038;ssl=1\" alt=\"\" width=\"576\" height=\"573\" \/><\/p>\n<p><img data-recalc-dims=\"1\" decoding=\"async\" data-attachment-id=\"9888\" data-permalink=\"https:\/\/www.joyana.fr\/en\/lookbook-cavalier-bleu-fallwinter-2014\/9879\/lookbook-cavalier-bleu-cb-fw14-lb-ld_10\/\" data-orig-file=\"https:\/\/i0.wp.com\/www.joyana.fr\/wp-content\/uploads\/2014\/09\/LOOKBOOK-CAVALIER-BLEU-CB-FW14-LB-ld_10.jpg?fit=1000%2C658&amp;ssl=1\" data-orig-size=\"1000,658\" data-comments-opened=\"1\" data-image-meta=\"{&quot;aperture&quot;:&quot;0&quot;,&quot;credit&quot;:&quot;&quot;,&quot;camera&quot;:&quot;&quot;,&quot;caption&quot;:&quot;&quot;,&quot;created_timestamp&quot;:&quot;0&quot;,&quot;copyright&quot;:&quot;&quot;,&quot;focal_length&quot;:&quot;0&quot;,&quot;iso&quot;:&quot;0&quot;,&quot;shutter_speed&quot;:&quot;0&quot;,&quot;title&quot;:&quot;&quot;,&quot;orientation&quot;:&quot;0&quot;}\" data-image-title=\"LOOKBOOK CAVALIER BLEU CB-FW14-LB-ld_10\" data-image-description=\"\" data-image-caption=\"\" data-medium-file=\"https:\/\/i0.wp.com\/www.joyana.fr\/wp-content\/uploads\/2014\/09\/LOOKBOOK-CAVALIER-BLEU-CB-FW14-LB-ld_10.jpg?fit=389%2C256&amp;ssl=1\" data-large-file=\"https:\/\/i0.wp.com\/www.joyana.fr\/wp-content\/uploads\/2014\/09\/LOOKBOOK-CAVALIER-BLEU-CB-FW14-LB-ld_10.jpg?fit=1000%2C658&amp;ssl=1\" class=\"alignnone size-full wp-image-9888\" title=\"DESIGNER'S DAYS 2012 - Gallery S.Bensimon\" src=\"https:\/\/i0.wp.com\/joyana.fr\/wp-content\/uploads\/bensimon-DSC03750.jpg?resize=576%2C714&#038;ssl=1\" alt=\"\" width=\"576\" height=\"714\" \/><\/p>\n<p><img data-recalc-dims=\"1\" loading=\"lazy\" decoding=\"async\" data-attachment-id=\"9889\" data-permalink=\"https:\/\/www.joyana.fr\/en\/lookbook-cavalier-bleu-fallwinter-2014\/9879\/lookbook-cavalier-bleu-cb-fw14-lb-ld_11\/\" data-orig-file=\"https:\/\/i0.wp.com\/www.joyana.fr\/wp-content\/uploads\/2014\/09\/LOOKBOOK-CAVALIER-BLEU-CB-FW14-LB-ld_11.jpg?fit=1000%2C647&amp;ssl=1\" data-orig-size=\"1000,647\" data-comments-opened=\"1\" data-image-meta=\"{&quot;aperture&quot;:&quot;0&quot;,&quot;credit&quot;:&quot;&quot;,&quot;camera&quot;:&quot;&quot;,&quot;caption&quot;:&quot;&quot;,&quot;created_timestamp&quot;:&quot;0&quot;,&quot;copyright&quot;:&quot;&quot;,&quot;focal_length&quot;:&quot;0&quot;,&quot;iso&quot;:&quot;0&quot;,&quot;shutter_speed&quot;:&quot;0&quot;,&quot;title&quot;:&quot;&quot;,&quot;orientation&quot;:&quot;0&quot;}\" data-image-title=\"LOOKBOOK CAVALIER BLEU CB-FW14-LB-ld_11\" data-image-description=\"\" data-image-caption=\"\" data-medium-file=\"https:\/\/i0.wp.com\/www.joyana.fr\/wp-content\/uploads\/2014\/09\/LOOKBOOK-CAVALIER-BLEU-CB-FW14-LB-ld_11.jpg?fit=389%2C252&amp;ssl=1\" data-large-file=\"https:\/\/i0.wp.com\/www.joyana.fr\/wp-content\/uploads\/2014\/09\/LOOKBOOK-CAVALIER-BLEU-CB-FW14-LB-ld_11.jpg?fit=1000%2C647&amp;ssl=1\" class=\"alignnone size-full wp-image-9889\" title=\"DESIGNER'S DAYS 2012 - Gallery S.Bensimon\" src=\"https:\/\/i0.wp.com\/joyana.fr\/wp-content\/uploads\/bensimon-DSC03751.jpg?resize=576%2C719&#038;ssl=1\" alt=\"\" width=\"576\" height=\"719\" \/><\/p>\n<p><img data-recalc-dims=\"1\" loading=\"lazy\" decoding=\"async\" data-attachment-id=\"9890\" data-permalink=\"https:\/\/www.joyana.fr\/en\/lookbook-cavalier-bleu-fallwinter-2014\/9879\/lookbook-cavalier-bleu-cb-fw14-lb-ld_12\/\" data-orig-file=\"https:\/\/i0.wp.com\/www.joyana.fr\/wp-content\/uploads\/2014\/09\/LOOKBOOK-CAVALIER-BLEU-CB-FW14-LB-ld_12.jpg?fit=1000%2C667&amp;ssl=1\" data-orig-size=\"1000,667\" data-comments-opened=\"1\" data-image-meta=\"{&quot;aperture&quot;:&quot;0&quot;,&quot;credit&quot;:&quot;&quot;,&quot;camera&quot;:&quot;&quot;,&quot;caption&quot;:&quot;&quot;,&quot;created_timestamp&quot;:&quot;0&quot;,&quot;copyright&quot;:&quot;&quot;,&quot;focal_length&quot;:&quot;0&quot;,&quot;iso&quot;:&quot;0&quot;,&quot;shutter_speed&quot;:&quot;0&quot;,&quot;title&quot;:&quot;&quot;,&quot;orientation&quot;:&quot;0&quot;}\" data-image-title=\"LOOKBOOK CAVALIER BLEU CB-FW14-LB-ld_12\" data-image-description=\"\" data-image-caption=\"\" data-medium-file=\"https:\/\/i0.wp.com\/www.joyana.fr\/wp-content\/uploads\/2014\/09\/LOOKBOOK-CAVALIER-BLEU-CB-FW14-LB-ld_12.jpg?fit=389%2C259&amp;ssl=1\" data-large-file=\"https:\/\/i0.wp.com\/www.joyana.fr\/wp-content\/uploads\/2014\/09\/LOOKBOOK-CAVALIER-BLEU-CB-FW14-LB-ld_12.jpg?fit=1000%2C667&amp;ssl=1\" class=\"alignnone size-full wp-image-9890\" title=\"DESIGNER'S DAYS 2012 - Gallery S.Bensimon\" src=\"https:\/\/i0.wp.com\/joyana.fr\/wp-content\/uploads\/bensimon-DSC03752.jpg?resize=576%2C383&#038;ssl=1\" alt=\"\" width=\"576\" height=\"383\" \/><\/p>\n<p>En savoir + sur la<strong> <a title=\"GALLERY S.BENSIMON\" href=\"http:\/\/www.gallerybensimon.com\/fr\" target=\"_blank\">Gallery S.BENSIMON<\/a><\/strong> &#038; <a title=\"Tino SEUBERT\" href=\"http:\/\/tinoseubert.com\/\" target=\"_blank\"><strong>Tino SEUBERT<\/strong><\/a><\/p>\n<p><a title=\"pleyel\" href=\"http:\/\/www.pleyel.fr\/fr\" target=\"_blank\"><img data-recalc-dims=\"1\" loading=\"lazy\" decoding=\"async\" title=\"pleyel\" src=\"https:\/\/i0.wp.com\/joyana.fr\/wp-content\/uploads\/DESIGNER-DAYS-20121.jpg?resize=576%2C115&#038;ssl=1\" alt=\"\" width=\"576\" height=\"115\" \/><\/a><\/p>\n","protected":false},"excerpt":{"rendered":"<p>Comme chaque ann\u00e9e pour les DESIGNER&#8217;S DAYS, nous nous rendons chez nos amis de la Gallery S.Bensimon qui ne nous d\u00e9\u00e7oive jamais&#8230; Pour cette \u00e9dition 2012, la Gallery S.Bensimon nous pr\u00e9sente la collection FORMING HISTORY sign\u00e9e par Tino Seubert. Le designer \u00e0 travers cette collection travaille sur les cons\u00e9quences de ces \u00e9v\u00e8nements historiques. Il utilise [&hellip;]<\/p>\n","protected":false},"author":3,"featured_media":109886,"comment_status":"open","ping_status":"open","sticky":false,"template":"","format":"standard","meta":{"_coblocks_attr":"","_coblocks_dimensions":"","_coblocks_responsive_height":"","_coblocks_accordion_ie_support":"","_uag_custom_page_level_css":"","advgb_blocks_editor_width":"","advgb_blocks_columns_visual_guide":"","_genesis_hide_title":false,"_genesis_hide_breadcrumbs":false,"_genesis_hide_singular_image":false,"_genesis_hide_footer_widgets":false,"_genesis_custom_body_class":"","_genesis_custom_post_class":"","_genesis_layout":"","_themeisle_gutenberg_block_has_review":false,"_jetpack_newsletter_access":"","_jetpack_dont_email_post_to_subs":false,"_jetpack_newsletter_tier_id":0,"_jetpack_memberships_contains_paywalled_content":false,"_jetpack_memberships_contains_paid_content":false,"footnotes":""},"categories":[1005,905,942],"tags":[78,963],"class_list":{"0":"post-109885","1":"post","2":"type-post","3":"status-publish","4":"format-standard","5":"has-post-thumbnail","7":"category-designers-days","8":"category-deco-design","9":"category-mobilier","10":"tag-design","11":"tag-salons-design","12":"entry"},"featured_image_urls":{"full":["https:\/\/i0.wp.com\/www.joyana.fr\/wp-content\/uploads\/old\/bensimon-DSC03748.jpg?fit=576%2C383&ssl=1",576,383,false],"thumbnail":["https:\/\/i0.wp.com\/www.joyana.fr\/wp-content\/uploads\/old\/bensimon-DSC03748.jpg?resize=150%2C150&ssl=1",150,150,true],"medium":["https:\/\/i0.wp.com\/www.joyana.fr\/wp-content\/uploads\/old\/bensimon-DSC03748.jpg?fit=389%2C259&ssl=1",389,259,true],"medium_large":["https:\/\/i0.wp.com\/www.joyana.fr\/wp-content\/uploads\/old\/bensimon-DSC03748.jpg?fit=576%2C383&ssl=1",576,383,true],"large":["https:\/\/i0.wp.com\/www.joyana.fr\/wp-content\/uploads\/old\/bensimon-DSC03748.jpg?fit=576%2C383&ssl=1",576,383,true],"1536x1536":["https:\/\/i0.wp.com\/www.joyana.fr\/wp-content\/uploads\/old\/bensimon-DSC03748.jpg?fit=576%2C383&ssl=1",576,383,true],"2048x2048":["https:\/\/i0.wp.com\/www.joyana.fr\/wp-content\/uploads\/old\/bensimon-DSC03748.jpg?fit=576%2C383&ssl=1",576,383,true],"featured-thumb":["https:\/\/i0.wp.com\/www.joyana.fr\/wp-content\/uploads\/old\/bensimon-DSC03748.jpg?resize=576%2C383&ssl=1",576,383,true],"ab-block-post-grid-landscape":["https:\/\/i0.wp.com\/www.joyana.fr\/wp-content\/uploads\/old\/bensimon-DSC03748.jpg?resize=576%2C383&ssl=1",576,383,true],"ab-block-post-grid-square":["https:\/\/i0.wp.com\/www.joyana.fr\/wp-content\/uploads\/old\/bensimon-DSC03748.jpg?resize=576%2C383&ssl=1",576,383,true],"author-pro-image":["https:\/\/i0.wp.com\/www.joyana.fr\/wp-content\/uploads\/old\/bensimon-DSC03748.jpg?resize=360%2C383&ssl=1",360,383,true],"slider":["https:\/\/i0.wp.com\/www.joyana.fr\/wp-content\/uploads\/old\/bensimon-DSC03748.jpg?resize=576%2C383&ssl=1",576,383,true],"woocommerce_thumbnail":["https:\/\/i0.wp.com\/www.joyana.fr\/wp-content\/uploads\/old\/bensimon-DSC03748.jpg?resize=450%2C383&ssl=1",450,383,true],"woocommerce_single":["https:\/\/i0.wp.com\/www.joyana.fr\/wp-content\/uploads\/old\/bensimon-DSC03748.jpg?fit=576%2C383&ssl=1",576,383,true],"woocommerce_gallery_thumbnail":["https:\/\/i0.wp.com\/www.joyana.fr\/wp-content\/uploads\/old\/bensimon-DSC03748.jpg?resize=180%2C180&ssl=1",180,180,true],"sow-carousel-default":["https:\/\/i0.wp.com\/www.joyana.fr\/wp-content\/uploads\/old\/bensimon-DSC03748.jpg?resize=272%2C182&ssl=1",272,182,true]},"post_excerpt_stackable":"<p>Comme chaque ann\u00e9e pour les DESIGNER&#8217;S DAYS, nous nous rendons chez nos amis de la Gallery S.Bensimon qui ne nous d\u00e9\u00e7oive jamais&#8230; Pour cette \u00e9dition 2012, la Gallery S.Bensimon nous pr\u00e9sente la collection FORMING HISTORY sign\u00e9e par Tino Seubert. Le designer \u00e0 travers cette collection travaille sur les cons\u00e9quences de ces \u00e9v\u00e8nements historiques. Il utilise ici les photographies de moments importants de notre pass\u00e9 pour donner forme \u00e0 l&#8217;objet : chaise, banc, et table&#8230; En savoir + sur la Gallery S.BENSIMON &#038; Tino SEUBERT<\/p>\n","category_list":"<a href=\"https:\/\/www.joyana.fr\/en\/category\/deco-design\/actualite\/salon\/designers-days\/\" rel=\"category tag\">D'DAYS<\/a>, <a href=\"https:\/\/www.joyana.fr\/en\/category\/deco-design\/\" rel=\"category tag\">DECO-DESIGN<\/a>, <a href=\"https:\/\/www.joyana.fr\/en\/category\/deco-design\/mobilier\/\" rel=\"category tag\">Mobilier<\/a>","author_info":{"display_name":"Jo Yana","author_link":"https:\/\/www.joyana.fr\/en\/author\/joyana\/"},"comments_num":"3 comments","featured_image_urls_v2":{"full":["https:\/\/i0.wp.com\/www.joyana.fr\/wp-content\/uploads\/old\/bensimon-DSC03748.jpg?fit=576%2C383&ssl=1",576,383,false],"thumbnail":["https:\/\/i0.wp.com\/www.joyana.fr\/wp-content\/uploads\/old\/bensimon-DSC03748.jpg?resize=150%2C150&ssl=1",150,150,true],"medium":["https:\/\/i0.wp.com\/www.joyana.fr\/wp-content\/uploads\/old\/bensimon-DSC03748.jpg?fit=389%2C259&ssl=1",389,259,true],"medium_large":["https:\/\/i0.wp.com\/www.joyana.fr\/wp-content\/uploads\/old\/bensimon-DSC03748.jpg?fit=576%2C383&ssl=1",576,383,true],"large":["https:\/\/i0.wp.com\/www.joyana.fr\/wp-content\/uploads\/old\/bensimon-DSC03748.jpg?fit=576%2C383&ssl=1",576,383,true],"1536x1536":["https:\/\/i0.wp.com\/www.joyana.fr\/wp-content\/uploads\/old\/bensimon-DSC03748.jpg?fit=576%2C383&ssl=1",576,383,true],"2048x2048":["https:\/\/i0.wp.com\/www.joyana.fr\/wp-content\/uploads\/old\/bensimon-DSC03748.jpg?fit=576%2C383&ssl=1",576,383,true],"featured-thumb":["https:\/\/i0.wp.com\/www.joyana.fr\/wp-content\/uploads\/old\/bensimon-DSC03748.jpg?resize=576%2C383&ssl=1",576,383,true],"ab-block-post-grid-landscape":["https:\/\/i0.wp.com\/www.joyana.fr\/wp-content\/uploads\/old\/bensimon-DSC03748.jpg?resize=576%2C383&ssl=1",576,383,true],"ab-block-post-grid-square":["https:\/\/i0.wp.com\/www.joyana.fr\/wp-content\/uploads\/old\/bensimon-DSC03748.jpg?resize=576%2C383&ssl=1",576,383,true],"author-pro-image":["https:\/\/i0.wp.com\/www.joyana.fr\/wp-content\/uploads\/old\/bensimon-DSC03748.jpg?resize=360%2C383&ssl=1",360,383,true],"slider":["https:\/\/i0.wp.com\/www.joyana.fr\/wp-content\/uploads\/old\/bensimon-DSC03748.jpg?resize=576%2C383&ssl=1",576,383,true],"woocommerce_thumbnail":["https:\/\/i0.wp.com\/www.joyana.fr\/wp-content\/uploads\/old\/bensimon-DSC03748.jpg?resize=450%2C383&ssl=1",450,383,true],"woocommerce_single":["https:\/\/i0.wp.com\/www.joyana.fr\/wp-content\/uploads\/old\/bensimon-DSC03748.jpg?fit=576%2C383&ssl=1",576,383,true],"woocommerce_gallery_thumbnail":["https:\/\/i0.wp.com\/www.joyana.fr\/wp-content\/uploads\/old\/bensimon-DSC03748.jpg?resize=180%2C180&ssl=1",180,180,true],"sow-carousel-default":["https:\/\/i0.wp.com\/www.joyana.fr\/wp-content\/uploads\/old\/bensimon-DSC03748.jpg?resize=272%2C182&ssl=1",272,182,true]},"post_excerpt_stackable_v2":"<p>Comme chaque ann\u00e9e pour les DESIGNER&#8217;S DAYS, nous nous rendons chez nos amis de la Gallery S.Bensimon qui ne nous d\u00e9\u00e7oive jamais&#8230; Pour cette \u00e9dition 2012, la Gallery S.Bensimon nous pr\u00e9sente la collection FORMING HISTORY sign\u00e9e par Tino Seubert. Le designer \u00e0 travers cette collection travaille sur les cons\u00e9quences de ces \u00e9v\u00e8nements historiques. Il utilise ici les photographies de moments importants de notre pass\u00e9 pour donner forme \u00e0 l&#8217;objet : chaise, banc, et table&#8230; En savoir + sur la Gallery S.BENSIMON &#038; Tino SEUBERT<\/p>\n","category_list_v2":"<a href=\"https:\/\/www.joyana.fr\/en\/category\/deco-design\/actualite\/salon\/designers-days\/\" rel=\"category tag\">D'DAYS<\/a>, <a href=\"https:\/\/www.joyana.fr\/en\/category\/deco-design\/\" rel=\"category tag\">DECO-DESIGN<\/a>, <a href=\"https:\/\/www.joyana.fr\/en\/category\/deco-design\/mobilier\/\" rel=\"category tag\">Mobilier<\/a>","author_info_v2":{"name":"Jo Yana","url":"https:\/\/www.joyana.fr\/en\/author\/joyana\/"},"comments_num_v2":"3 comments","yoast_head":"<!-- This site is optimized with the Yoast SEO plugin v26.8 - https:\/\/yoast.com\/product\/yoast-seo-wordpress\/ -->\n<title>DESIGNER&#039;S DAYS 2012 - Gallery S.Bensimon - JO YANA<\/title>\n<meta name=\"robots\" content=\"index, follow, max-snippet:-1, max-image-preview:large, max-video-preview:-1\" \/>\n<link rel=\"canonical\" href=\"https:\/\/www.joyana.fr\/en\/designers-days-2012-gallery-s-bensimon\/109885\/\" \/>\n<meta property=\"og:locale\" content=\"en_US\" \/>\n<meta property=\"og:locale:alternate\" content=\"fr_FR\" \/>\n<meta property=\"og:locale:alternate\" content=\"ja\" \/>\n<meta property=\"og:type\" content=\"article\" \/>\n<meta property=\"og:title\" content=\"DESIGNER&#039;S DAYS 2012 - Gallery S.Bensimon - JO YANA\" \/>\n<meta property=\"og:description\" content=\"Comme chaque ann\u00e9e pour les DESIGNER&#8217;S DAYS, nous nous rendons chez nos amis de la Gallery S.Bensimon qui ne nous d\u00e9\u00e7oive jamais&#8230; Pour cette \u00e9dition 2012, la Gallery S.Bensimon nous pr\u00e9sente la collection FORMING HISTORY sign\u00e9e par Tino Seubert. Le designer \u00e0 travers cette collection travaille sur les cons\u00e9quences de ces \u00e9v\u00e8nements historiques. Il utilise [&hellip;]\" \/>\n<meta property=\"og:url\" content=\"https:\/\/www.joyana.fr\/en\/designers-days-2012-gallery-s-bensimon\/109885\/\" \/>\n<meta property=\"og:site_name\" content=\"JO YANA\" \/>\n<meta property=\"article:published_time\" content=\"2012-06-05T16:11:15+00:00\" \/>\n<meta property=\"og:image\" content=\"https:\/\/www.joyana.fr\/wp-content\/uploads\/old\/bensimon-DSC03748.jpg\" \/>\n\t<meta property=\"og:image:width\" content=\"576\" \/>\n\t<meta property=\"og:image:height\" content=\"383\" \/>\n\t<meta property=\"og:image:type\" content=\"image\/jpeg\" \/>\n<meta name=\"author\" content=\"Jo Yana\" \/>\n<meta name=\"twitter:card\" content=\"summary_large_image\" \/>\n<meta name=\"twitter:creator\" content=\"@Jo_Yana\" \/>\n<meta name=\"twitter:site\" content=\"@Jo_Yana\" \/>\n<meta name=\"twitter:label1\" content=\"Written by\" \/>\n\t<meta name=\"twitter:data1\" content=\"Jo Yana\" \/>\n<script type=\"application\/ld+json\" class=\"yoast-schema-graph\">{\"@context\":\"https:\/\/schema.org\",\"@graph\":[{\"@type\":\"Article\",\"@id\":\"https:\/\/www.joyana.fr\/en\/designers-days-2012-gallery-s-bensimon\/109885\/#article\",\"isPartOf\":{\"@id\":\"https:\/\/www.joyana.fr\/en\/designers-days-2012-gallery-s-bensimon\/109885\/\"},\"author\":{\"name\":\"Jo Yana\",\"@id\":\"https:\/\/joyana.fr\/#\/schema\/person\/cf2a1ad12a27c12c21801075bf37407c\"},\"headline\":\"DESIGNER&#8217;S DAYS 2012 &#8211; Gallery S.Bensimon\",\"datePublished\":\"2012-06-05T16:11:15+00:00\",\"mainEntityOfPage\":{\"@id\":\"https:\/\/www.joyana.fr\/en\/designers-days-2012-gallery-s-bensimon\/109885\/\"},\"wordCount\":96,\"commentCount\":1,\"publisher\":{\"@id\":\"https:\/\/joyana.fr\/#\/schema\/person\/cf2a1ad12a27c12c21801075bf37407c\"},\"image\":{\"@id\":\"https:\/\/www.joyana.fr\/en\/designers-days-2012-gallery-s-bensimon\/109885\/#primaryimage\"},\"thumbnailUrl\":\"https:\/\/i0.wp.com\/www.joyana.fr\/wp-content\/uploads\/old\/bensimon-DSC03748.jpg?fit=576%2C383&ssl=1\",\"keywords\":[\"DESIGN\",\"Salons design\"],\"articleSection\":[\"D'DAYS\",\"DECO-DESIGN\",\"Mobilier\"],\"inLanguage\":\"en-US\",\"potentialAction\":[{\"@type\":\"CommentAction\",\"name\":\"Comment\",\"target\":[\"https:\/\/www.joyana.fr\/en\/designers-days-2012-gallery-s-bensimon\/109885\/#respond\"]}]},{\"@type\":\"WebPage\",\"@id\":\"https:\/\/www.joyana.fr\/en\/designers-days-2012-gallery-s-bensimon\/109885\/\",\"url\":\"https:\/\/www.joyana.fr\/en\/designers-days-2012-gallery-s-bensimon\/109885\/\",\"name\":\"DESIGNER'S DAYS 2012 - Gallery S.Bensimon - JO YANA\",\"isPartOf\":{\"@id\":\"https:\/\/joyana.fr\/#website\"},\"primaryImageOfPage\":{\"@id\":\"https:\/\/www.joyana.fr\/en\/designers-days-2012-gallery-s-bensimon\/109885\/#primaryimage\"},\"image\":{\"@id\":\"https:\/\/www.joyana.fr\/en\/designers-days-2012-gallery-s-bensimon\/109885\/#primaryimage\"},\"thumbnailUrl\":\"https:\/\/i0.wp.com\/www.joyana.fr\/wp-content\/uploads\/old\/bensimon-DSC03748.jpg?fit=576%2C383&ssl=1\",\"datePublished\":\"2012-06-05T16:11:15+00:00\",\"breadcrumb\":{\"@id\":\"https:\/\/www.joyana.fr\/en\/designers-days-2012-gallery-s-bensimon\/109885\/#breadcrumb\"},\"inLanguage\":\"en-US\",\"potentialAction\":[{\"@type\":\"ReadAction\",\"target\":[\"https:\/\/www.joyana.fr\/en\/designers-days-2012-gallery-s-bensimon\/109885\/\"]}]},{\"@type\":\"ImageObject\",\"inLanguage\":\"en-US\",\"@id\":\"https:\/\/www.joyana.fr\/en\/designers-days-2012-gallery-s-bensimon\/109885\/#primaryimage\",\"url\":\"https:\/\/i0.wp.com\/www.joyana.fr\/wp-content\/uploads\/old\/bensimon-DSC03748.jpg?fit=576%2C383&ssl=1\",\"contentUrl\":\"https:\/\/i0.wp.com\/www.joyana.fr\/wp-content\/uploads\/old\/bensimon-DSC03748.jpg?fit=576%2C383&ssl=1\",\"width\":576,\"height\":383},{\"@type\":\"BreadcrumbList\",\"@id\":\"https:\/\/www.joyana.fr\/en\/designers-days-2012-gallery-s-bensimon\/109885\/#breadcrumb\",\"itemListElement\":[{\"@type\":\"ListItem\",\"position\":1,\"name\":\"Accueil\",\"item\":\"https:\/\/joyana.fr\/\"},{\"@type\":\"ListItem\",\"position\":2,\"name\":\"DESIGNER&#8217;S DAYS 2012 &#8211; Gallery S.Bensimon\"}]},{\"@type\":\"WebSite\",\"@id\":\"https:\/\/joyana.fr\/#website\",\"url\":\"https:\/\/joyana.fr\/\",\"name\":\"JO YANA\",\"description\":\"Blog Mode Homme, Lifestyle, D\u00e9co-Design\",\"publisher\":{\"@id\":\"https:\/\/joyana.fr\/#\/schema\/person\/cf2a1ad12a27c12c21801075bf37407c\"},\"potentialAction\":[{\"@type\":\"SearchAction\",\"target\":{\"@type\":\"EntryPoint\",\"urlTemplate\":\"https:\/\/joyana.fr\/?s={search_term_string}\"},\"query-input\":{\"@type\":\"PropertyValueSpecification\",\"valueRequired\":true,\"valueName\":\"search_term_string\"}}],\"inLanguage\":\"en-US\"},{\"@type\":[\"Person\",\"Organization\"],\"@id\":\"https:\/\/joyana.fr\/#\/schema\/person\/cf2a1ad12a27c12c21801075bf37407c\",\"name\":\"Jo Yana\",\"image\":{\"@type\":\"ImageObject\",\"inLanguage\":\"en-US\",\"@id\":\"https:\/\/joyana.fr\/#\/schema\/person\/image\/\",\"url\":\"https:\/\/i0.wp.com\/www.joyana.fr\/wp-content\/uploads\/2016\/08\/cropped-joyana-logo-black-360x180.png?fit=343%2C164&ssl=1\",\"contentUrl\":\"https:\/\/i0.wp.com\/www.joyana.fr\/wp-content\/uploads\/2016\/08\/cropped-joyana-logo-black-360x180.png?fit=343%2C164&ssl=1\",\"width\":343,\"height\":164,\"caption\":\"Jo Yana\"},\"logo\":{\"@id\":\"https:\/\/joyana.fr\/#\/schema\/person\/image\/\"},\"description\":\"Jo Yana est le cr\u00e9ateur et r\u00e9dacteur en chef des sites DECO-DESIGN. Passionn\u00e9 de Design, Mode, Photo, Luxe, Lifestyle, Musique, mais avant tout Blogueur ! Le plaisir de partager l'anime et a comme devise \\\"POUR L'AMOUR DU BEAU\\\". Retrouvez le aussi sur son blog personnel - https:\/\/joyana.fr...\",\"sameAs\":[\"https:\/\/joyana.fr\/\"],\"url\":\"https:\/\/www.joyana.fr\/en\/author\/joyana\/\"}]}<\/script>\n<!-- \/ Yoast SEO plugin. -->","yoast_head_json":{"title":"DESIGNER'S DAYS 2012 - Gallery S.Bensimon - JO YANA","robots":{"index":"index","follow":"follow","max-snippet":"max-snippet:-1","max-image-preview":"max-image-preview:large","max-video-preview":"max-video-preview:-1"},"canonical":"https:\/\/www.joyana.fr\/en\/designers-days-2012-gallery-s-bensimon\/109885\/","og_locale":"en_US","og_type":"article","og_title":"DESIGNER'S DAYS 2012 - Gallery S.Bensimon - JO YANA","og_description":"Comme chaque ann\u00e9e pour les DESIGNER&#8217;S DAYS, nous nous rendons chez nos amis de la Gallery S.Bensimon qui ne nous d\u00e9\u00e7oive jamais&#8230; Pour cette \u00e9dition 2012, la Gallery S.Bensimon nous pr\u00e9sente la collection FORMING HISTORY sign\u00e9e par Tino Seubert. Le designer \u00e0 travers cette collection travaille sur les cons\u00e9quences de ces \u00e9v\u00e8nements historiques. Il utilise [&hellip;]","og_url":"https:\/\/www.joyana.fr\/en\/designers-days-2012-gallery-s-bensimon\/109885\/","og_site_name":"JO YANA","article_published_time":"2012-06-05T16:11:15+00:00","og_image":[{"width":576,"height":383,"url":"https:\/\/www.joyana.fr\/wp-content\/uploads\/old\/bensimon-DSC03748.jpg","type":"image\/jpeg"}],"author":"Jo Yana","twitter_card":"summary_large_image","twitter_creator":"@Jo_Yana","twitter_site":"@Jo_Yana","twitter_misc":{"Written by":"Jo Yana"},"schema":{"@context":"https:\/\/schema.org","@graph":[{"@type":"Article","@id":"https:\/\/www.joyana.fr\/en\/designers-days-2012-gallery-s-bensimon\/109885\/#article","isPartOf":{"@id":"https:\/\/www.joyana.fr\/en\/designers-days-2012-gallery-s-bensimon\/109885\/"},"author":{"name":"Jo Yana","@id":"https:\/\/joyana.fr\/#\/schema\/person\/cf2a1ad12a27c12c21801075bf37407c"},"headline":"DESIGNER&#8217;S DAYS 2012 &#8211; Gallery S.Bensimon","datePublished":"2012-06-05T16:11:15+00:00","mainEntityOfPage":{"@id":"https:\/\/www.joyana.fr\/en\/designers-days-2012-gallery-s-bensimon\/109885\/"},"wordCount":96,"commentCount":1,"publisher":{"@id":"https:\/\/joyana.fr\/#\/schema\/person\/cf2a1ad12a27c12c21801075bf37407c"},"image":{"@id":"https:\/\/www.joyana.fr\/en\/designers-days-2012-gallery-s-bensimon\/109885\/#primaryimage"},"thumbnailUrl":"https:\/\/i0.wp.com\/www.joyana.fr\/wp-content\/uploads\/old\/bensimon-DSC03748.jpg?fit=576%2C383&ssl=1","keywords":["DESIGN","Salons design"],"articleSection":["D'DAYS","DECO-DESIGN","Mobilier"],"inLanguage":"en-US","potentialAction":[{"@type":"CommentAction","name":"Comment","target":["https:\/\/www.joyana.fr\/en\/designers-days-2012-gallery-s-bensimon\/109885\/#respond"]}]},{"@type":"WebPage","@id":"https:\/\/www.joyana.fr\/en\/designers-days-2012-gallery-s-bensimon\/109885\/","url":"https:\/\/www.joyana.fr\/en\/designers-days-2012-gallery-s-bensimon\/109885\/","name":"DESIGNER'S DAYS 2012 - Gallery S.Bensimon - JO YANA","isPartOf":{"@id":"https:\/\/joyana.fr\/#website"},"primaryImageOfPage":{"@id":"https:\/\/www.joyana.fr\/en\/designers-days-2012-gallery-s-bensimon\/109885\/#primaryimage"},"image":{"@id":"https:\/\/www.joyana.fr\/en\/designers-days-2012-gallery-s-bensimon\/109885\/#primaryimage"},"thumbnailUrl":"https:\/\/i0.wp.com\/www.joyana.fr\/wp-content\/uploads\/old\/bensimon-DSC03748.jpg?fit=576%2C383&ssl=1","datePublished":"2012-06-05T16:11:15+00:00","breadcrumb":{"@id":"https:\/\/www.joyana.fr\/en\/designers-days-2012-gallery-s-bensimon\/109885\/#breadcrumb"},"inLanguage":"en-US","potentialAction":[{"@type":"ReadAction","target":["https:\/\/www.joyana.fr\/en\/designers-days-2012-gallery-s-bensimon\/109885\/"]}]},{"@type":"ImageObject","inLanguage":"en-US","@id":"https:\/\/www.joyana.fr\/en\/designers-days-2012-gallery-s-bensimon\/109885\/#primaryimage","url":"https:\/\/i0.wp.com\/www.joyana.fr\/wp-content\/uploads\/old\/bensimon-DSC03748.jpg?fit=576%2C383&ssl=1","contentUrl":"https:\/\/i0.wp.com\/www.joyana.fr\/wp-content\/uploads\/old\/bensimon-DSC03748.jpg?fit=576%2C383&ssl=1","width":576,"height":383},{"@type":"BreadcrumbList","@id":"https:\/\/www.joyana.fr\/en\/designers-days-2012-gallery-s-bensimon\/109885\/#breadcrumb","itemListElement":[{"@type":"ListItem","position":1,"name":"Accueil","item":"https:\/\/joyana.fr\/"},{"@type":"ListItem","position":2,"name":"DESIGNER&#8217;S DAYS 2012 &#8211; Gallery S.Bensimon"}]},{"@type":"WebSite","@id":"https:\/\/joyana.fr\/#website","url":"https:\/\/joyana.fr\/","name":"JO YANA","description":"Blog Mode Homme, Lifestyle, D\u00e9co-Design","publisher":{"@id":"https:\/\/joyana.fr\/#\/schema\/person\/cf2a1ad12a27c12c21801075bf37407c"},"potentialAction":[{"@type":"SearchAction","target":{"@type":"EntryPoint","urlTemplate":"https:\/\/joyana.fr\/?s={search_term_string}"},"query-input":{"@type":"PropertyValueSpecification","valueRequired":true,"valueName":"search_term_string"}}],"inLanguage":"en-US"},{"@type":["Person","Organization"],"@id":"https:\/\/joyana.fr\/#\/schema\/person\/cf2a1ad12a27c12c21801075bf37407c","name":"Jo Yana","image":{"@type":"ImageObject","inLanguage":"en-US","@id":"https:\/\/joyana.fr\/#\/schema\/person\/image\/","url":"https:\/\/i0.wp.com\/www.joyana.fr\/wp-content\/uploads\/2016\/08\/cropped-joyana-logo-black-360x180.png?fit=343%2C164&ssl=1","contentUrl":"https:\/\/i0.wp.com\/www.joyana.fr\/wp-content\/uploads\/2016\/08\/cropped-joyana-logo-black-360x180.png?fit=343%2C164&ssl=1","width":343,"height":164,"caption":"Jo Yana"},"logo":{"@id":"https:\/\/joyana.fr\/#\/schema\/person\/image\/"},"description":"Jo Yana est le cr\u00e9ateur et r\u00e9dacteur en chef des sites DECO-DESIGN. Passionn\u00e9 de Design, Mode, Photo, Luxe, Lifestyle, Musique, mais avant tout Blogueur ! Le plaisir de partager l'anime et a comme devise \"POUR L'AMOUR DU BEAU\". Retrouvez le aussi sur son blog personnel - https:\/\/joyana.fr...","sameAs":["https:\/\/joyana.fr\/"],"url":"https:\/\/www.joyana.fr\/en\/author\/joyana\/"}]}},"author_meta":{"display_name":"Jo Yana","author_link":"https:\/\/www.joyana.fr\/en\/author\/joyana\/"},"featured_img":"https:\/\/i0.wp.com\/www.joyana.fr\/wp-content\/uploads\/old\/bensimon-DSC03748.jpg?fit=389%2C259&ssl=1","featured_image_src":"https:\/\/i0.wp.com\/www.joyana.fr\/wp-content\/uploads\/old\/bensimon-DSC03748.jpg?resize=576%2C383&ssl=1","featured_image_src_square":"https:\/\/i0.wp.com\/www.joyana.fr\/wp-content\/uploads\/old\/bensimon-DSC03748.jpg?resize=576%2C383&ssl=1","jetpack_featured_media_url":"https:\/\/i0.wp.com\/www.joyana.fr\/wp-content\/uploads\/old\/bensimon-DSC03748.jpg?fit=576%2C383&ssl=1","uagb_featured_image_src":{"full":["https:\/\/i0.wp.com\/www.joyana.fr\/wp-content\/uploads\/old\/bensimon-DSC03748.jpg?fit=576%2C383&ssl=1",576,383,false],"thumbnail":["https:\/\/i0.wp.com\/www.joyana.fr\/wp-content\/uploads\/old\/bensimon-DSC03748.jpg?resize=150%2C150&ssl=1",150,150,true],"medium":["https:\/\/i0.wp.com\/www.joyana.fr\/wp-content\/uploads\/old\/bensimon-DSC03748.jpg?fit=389%2C259&ssl=1",389,259,true],"medium_large":["https:\/\/i0.wp.com\/www.joyana.fr\/wp-content\/uploads\/old\/bensimon-DSC03748.jpg?fit=576%2C383&ssl=1",576,383,true],"large":["https:\/\/i0.wp.com\/www.joyana.fr\/wp-content\/uploads\/old\/bensimon-DSC03748.jpg?fit=576%2C383&ssl=1",576,383,true],"1536x1536":["https:\/\/i0.wp.com\/www.joyana.fr\/wp-content\/uploads\/old\/bensimon-DSC03748.jpg?fit=576%2C383&ssl=1",576,383,true],"2048x2048":["https:\/\/i0.wp.com\/www.joyana.fr\/wp-content\/uploads\/old\/bensimon-DSC03748.jpg?fit=576%2C383&ssl=1",576,383,true],"featured-thumb":["https:\/\/i0.wp.com\/www.joyana.fr\/wp-content\/uploads\/old\/bensimon-DSC03748.jpg?resize=576%2C383&ssl=1",576,383,true],"ab-block-post-grid-landscape":["https:\/\/i0.wp.com\/www.joyana.fr\/wp-content\/uploads\/old\/bensimon-DSC03748.jpg?resize=576%2C383&ssl=1",576,383,true],"ab-block-post-grid-square":["https:\/\/i0.wp.com\/www.joyana.fr\/wp-content\/uploads\/old\/bensimon-DSC03748.jpg?resize=576%2C383&ssl=1",576,383,true],"author-pro-image":["https:\/\/i0.wp.com\/www.joyana.fr\/wp-content\/uploads\/old\/bensimon-DSC03748.jpg?resize=360%2C383&ssl=1",360,383,true],"slider":["https:\/\/i0.wp.com\/www.joyana.fr\/wp-content\/uploads\/old\/bensimon-DSC03748.jpg?resize=576%2C383&ssl=1",576,383,true],"woocommerce_thumbnail":["https:\/\/i0.wp.com\/www.joyana.fr\/wp-content\/uploads\/old\/bensimon-DSC03748.jpg?resize=450%2C383&ssl=1",450,383,true],"woocommerce_single":["https:\/\/i0.wp.com\/www.joyana.fr\/wp-content\/uploads\/old\/bensimon-DSC03748.jpg?fit=576%2C383&ssl=1",576,383,true],"woocommerce_gallery_thumbnail":["https:\/\/i0.wp.com\/www.joyana.fr\/wp-content\/uploads\/old\/bensimon-DSC03748.jpg?resize=180%2C180&ssl=1",180,180,true],"sow-carousel-default":["https:\/\/i0.wp.com\/www.joyana.fr\/wp-content\/uploads\/old\/bensimon-DSC03748.jpg?resize=272%2C182&ssl=1",272,182,true]},"uagb_author_info":{"display_name":"Jo Yana","author_link":"https:\/\/www.joyana.fr\/en\/author\/joyana\/"},"uagb_comment_info":3,"uagb_excerpt":"Comme chaque ann\u00e9e pour les DESIGNER&#8217;S DAYS, nous nous rendons chez nos amis de la Gallery S.Bensimon qui ne nous d\u00e9\u00e7oive jamais&#8230; Pour cette \u00e9dition 2012, la Gallery S.Bensimon nous pr\u00e9sente la collection FORMING HISTORY sign\u00e9e par Tino Seubert. Le designer \u00e0 travers cette collection travaille sur les cons\u00e9quences de ces \u00e9v\u00e8nements historiques. Il utilise&hellip;","coauthors":[],"tax_additional":{"categories":{"linked":["<a href=\"https:\/\/www.joyana.fr\/en\/category\/deco-design\/actualite\/salon\/designers-days\/\" class=\"advgb-post-tax-term\">D&#039;DAYS<\/a>","<a href=\"https:\/\/www.joyana.fr\/en\/category\/deco-design\/\" class=\"advgb-post-tax-term\">DECO-DESIGN<\/a>","<a href=\"https:\/\/www.joyana.fr\/en\/category\/deco-design\/mobilier\/\" class=\"advgb-post-tax-term\">Mobilier<\/a>"],"unlinked":["<span class=\"advgb-post-tax-term\">D&#039;DAYS<\/span>","<span class=\"advgb-post-tax-term\">DECO-DESIGN<\/span>","<span class=\"advgb-post-tax-term\">Mobilier<\/span>"]},"tags":{"linked":["<a href=\"https:\/\/www.joyana.fr\/en\/category\/deco-design\/mobilier\/\" class=\"advgb-post-tax-term\">DESIGN<\/a>","<a href=\"https:\/\/www.joyana.fr\/en\/category\/deco-design\/mobilier\/\" class=\"advgb-post-tax-term\">Salons design<\/a>"],"unlinked":["<span class=\"advgb-post-tax-term\">DESIGN<\/span>","<span class=\"advgb-post-tax-term\">Salons design<\/span>"]}},"comment_count":3,"relative_dates":{"created":"Posted 14 years ago","modified":"Updated 14 years ago"},"absolute_dates":{"created":"Posted on 5 June 2012","modified":"Updated on 5 June 2012"},"absolute_dates_time":{"created":"Posted on 5 June 2012 17:11","modified":"Updated on 5 June 2012 17:11"},"featured_img_caption":"","series_order":"","jetpack_sharing_enabled":true,"jetpack_shortlink":"https:\/\/wp.me\/p9bteI-sAl","jetpack-related-posts":[],"_links":{"self":[{"href":"https:\/\/www.joyana.fr\/en\/wp-json\/wp\/v2\/posts\/109885","targetHints":{"allow":["GET"]}}],"collection":[{"href":"https:\/\/www.joyana.fr\/en\/wp-json\/wp\/v2\/posts"}],"about":[{"href":"https:\/\/www.joyana.fr\/en\/wp-json\/wp\/v2\/types\/post"}],"author":[{"embeddable":true,"href":"https:\/\/www.joyana.fr\/en\/wp-json\/wp\/v2\/users\/3"}],"replies":[{"embeddable":true,"href":"https:\/\/www.joyana.fr\/en\/wp-json\/wp\/v2\/comments?post=109885"}],"version-history":[{"count":0,"href":"https:\/\/www.joyana.fr\/en\/wp-json\/wp\/v2\/posts\/109885\/revisions"}],"wp:featuredmedia":[{"embeddable":true,"href":"https:\/\/www.joyana.fr\/en\/wp-json\/wp\/v2\/media\/109886"}],"wp:attachment":[{"href":"https:\/\/www.joyana.fr\/en\/wp-json\/wp\/v2\/media?parent=109885"}],"wp:term":[{"taxonomy":"category","embeddable":true,"href":"https:\/\/www.joyana.fr\/en\/wp-json\/wp\/v2\/categories?post=109885"},{"taxonomy":"post_tag","embeddable":true,"href":"https:\/\/www.joyana.fr\/en\/wp-json\/wp\/v2\/tags?post=109885"}],"curies":[{"name":"wp","href":"https:\/\/api.w.org\/{rel}","templated":true}]}}