{"id":109816,"date":"2012-05-31T12:26:49","date_gmt":"2012-05-31T11:26:49","guid":{"rendered":"https:\/\/joyana.fr\/?p=9816"},"modified":"2012-05-31T12:26:49","modified_gmt":"2012-05-31T11:26:49","slug":"collection-ora-ito-roche-bobois-designers-days-2012","status":"publish","type":"post","link":"https:\/\/www.joyana.fr\/en\/collection-ora-ito-roche-bobois-designers-days-2012\/109816\/","title":{"rendered":"Collection ROCHE BOBOIS x ORA \u00cfTO"},"content":{"rendered":"<p>Deco-Design vous fait d\u00e9couvrir en exclusivit\u00e9 &#8211; avant la pr\u00e9sentation durant les <strong>DESIGNER&#8217;S DAYS 2012<\/strong> &#8211; la collection <strong>ORA ITO<\/strong> pour <strong>Roche Bobois<\/strong>&#8230;<\/p>\n<p><img data-recalc-dims=\"1\" fetchpriority=\"high\" decoding=\"async\" class=\"alignnone size-full wp-image-9822\" title=\"Collection ROCHE BOBOIS x ORA \u00cfTO\" src=\"https:\/\/i0.wp.com\/joyana.fr\/wp-content\/uploads\/ORA_ITO_Roche-Bobois-Ora-Ito1.jpg?resize=576%2C517&#038;ssl=1\" alt=\"\" width=\"576\" height=\"517\" \/><\/p>\n<p>Ce sont surement les futurs must-have de <strong>Roche Bobois<\/strong> qui sont pr\u00e9sent\u00e9s durant les <strong>DESIGNER&#8217;S DAYS 2012<\/strong>. Avec \u00e0 l&#8217;honneur le designer <strong>Ora \u00cfto<\/strong> qui est l\u2019auteur d\u2019une s\u00e9rie de meubles coupables de haute s\u00e9duction. En bande organis\u00e9e ou agissant seuls, ils synth\u00e9tisent les recherches de l\u2019auteur des faits, pour un paysage domestique complet. Il a \u00e9t\u00e9 interpell\u00e9 par Roche Bobois qui lui a confi\u00e9 un contrat portant sur : WANTED INNOVATIVE DESIGN !!!<\/p>\n<p>Canap\u00e9, table basse, table de repas, meuble TV, buffet, qui sont l\u2019aboutissement d\u2019un an et demi de travail entre <strong>Roche Bobois et Ora \u00cfto<\/strong> qui confrontent ici leur univers et leur savoir-faire&#8230; La <strong>collection ORA ITO pour Roche Bobois<\/strong> est le fruit d\u2019un intense dialogue dans lequel s\u2019est particuli\u00e8rement impliqu\u00e9 Nicolas<br \/>\nRoche. Il ne s\u2019agissait pas de faire des pi\u00e8ces inaccessibles et il a fallu de nombreux allers-retours pour trouver un \u00e9quilibre entre la radicalit\u00e9 des dessins d&#8217;Ora \u00cfto et les possibilit\u00e9s d\u2019une production en s\u00e9rie&#8230;<\/p>\n<p><img data-recalc-dims=\"1\" decoding=\"async\" data-attachment-id=\"9824\" data-permalink=\"https:\/\/www.joyana.fr\/en\/ronnie-fieg-x-asics-gel-lyte-v-rose-gold-sage\/9823\/ronnie-fieg-x-asics-gel-lyte-v-rose-gold-sage-kith-nyc-2-2\/\" data-orig-file=\"https:\/\/i0.wp.com\/www.joyana.fr\/wp-content\/uploads\/2014\/08\/RONNIE-FIEG-X-ASICS-GEL-LYTE-V-%E2%80%93-ROSE-GOLD-SAGE-%40-KITH-NYC-21.jpg?fit=650%2C431&amp;ssl=1\" data-orig-size=\"650,431\" data-comments-opened=\"1\" data-image-meta=\"{&quot;aperture&quot;:&quot;2.5&quot;,&quot;credit&quot;:&quot;&quot;,&quot;camera&quot;:&quot;NIKON D300S&quot;,&quot;caption&quot;:&quot;&quot;,&quot;created_timestamp&quot;:&quot;1407243724&quot;,&quot;copyright&quot;:&quot;&quot;,&quot;focal_length&quot;:&quot;24&quot;,&quot;iso&quot;:&quot;320&quot;,&quot;shutter_speed&quot;:&quot;0.004&quot;,&quot;title&quot;:&quot;&quot;,&quot;orientation&quot;:&quot;1&quot;}\" data-image-title=\"RONNIE FIEG X ASICS GEL LYTE V \u2013 ROSE GOLD &amp; SAGE @ KITH NYC 2\" data-image-description=\"\" data-image-caption=\"\" data-medium-file=\"https:\/\/i0.wp.com\/www.joyana.fr\/wp-content\/uploads\/2014\/08\/RONNIE-FIEG-X-ASICS-GEL-LYTE-V-%E2%80%93-ROSE-GOLD-SAGE-%40-KITH-NYC-21.jpg?fit=389%2C258&amp;ssl=1\" data-large-file=\"https:\/\/i0.wp.com\/www.joyana.fr\/wp-content\/uploads\/2014\/08\/RONNIE-FIEG-X-ASICS-GEL-LYTE-V-%E2%80%93-ROSE-GOLD-SAGE-%40-KITH-NYC-21.jpg?fit=650%2C431&amp;ssl=1\" class=\"alignnone size-full wp-image-9824\" title=\"Collection ROCHE BOBOIS x ORA \u00cfTO\" src=\"https:\/\/i0.wp.com\/joyana.fr\/wp-content\/uploads\/ORA_ITO_table_repas.jpg?resize=576%2C384&#038;ssl=1\" alt=\"\" width=\"576\" height=\"384\" \/><\/p>\n<p><img data-recalc-dims=\"1\" decoding=\"async\" data-attachment-id=\"9825\" data-permalink=\"https:\/\/www.joyana.fr\/en\/ronnie-fieg-x-asics-gel-lyte-v-rose-gold-sage\/9823\/ronnie-fieg-x-asics-gel-lyte-v-rose-gold-sage-kith-nyc-3\/\" data-orig-file=\"https:\/\/i0.wp.com\/www.joyana.fr\/wp-content\/uploads\/2014\/08\/RONNIE-FIEG-X-ASICS-GEL-LYTE-V-%E2%80%93-ROSE-GOLD-SAGE-%40-KITH-NYC-3.jpg?fit=650%2C431&amp;ssl=1\" data-orig-size=\"650,431\" data-comments-opened=\"1\" data-image-meta=\"{&quot;aperture&quot;:&quot;2.5&quot;,&quot;credit&quot;:&quot;&quot;,&quot;camera&quot;:&quot;NIKON D300S&quot;,&quot;caption&quot;:&quot;&quot;,&quot;created_timestamp&quot;:&quot;1407243219&quot;,&quot;copyright&quot;:&quot;&quot;,&quot;focal_length&quot;:&quot;24&quot;,&quot;iso&quot;:&quot;320&quot;,&quot;shutter_speed&quot;:&quot;0.004&quot;,&quot;title&quot;:&quot;&quot;,&quot;orientation&quot;:&quot;1&quot;}\" data-image-title=\"RONNIE FIEG X ASICS GEL LYTE V \u2013 ROSE GOLD &amp; SAGE @ KITH NYC 3\" data-image-description=\"\" data-image-caption=\"\" data-medium-file=\"https:\/\/i0.wp.com\/www.joyana.fr\/wp-content\/uploads\/2014\/08\/RONNIE-FIEG-X-ASICS-GEL-LYTE-V-%E2%80%93-ROSE-GOLD-SAGE-%40-KITH-NYC-3.jpg?fit=389%2C258&amp;ssl=1\" data-large-file=\"https:\/\/i0.wp.com\/www.joyana.fr\/wp-content\/uploads\/2014\/08\/RONNIE-FIEG-X-ASICS-GEL-LYTE-V-%E2%80%93-ROSE-GOLD-SAGE-%40-KITH-NYC-3.jpg?fit=650%2C431&amp;ssl=1\" class=\"alignnone size-full wp-image-9825\" title=\"Collection ROCHE BOBOIS x ORA \u00cfTO\" src=\"https:\/\/i0.wp.com\/joyana.fr\/wp-content\/uploads\/ORA_ITO_table_repas_detail.jpg?resize=576%2C324&#038;ssl=1\" alt=\"\" width=\"576\" height=\"324\" \/><\/p>\n<p><img data-recalc-dims=\"1\" loading=\"lazy\" decoding=\"async\" class=\"alignnone size-full wp-image-9823\" title=\"Collection ROCHE BOBOIS x ORA \u00cfTO\" src=\"https:\/\/i0.wp.com\/joyana.fr\/wp-content\/uploads\/ORA_ITO_table_basse_noire.jpg?resize=576%2C461&#038;ssl=1\" alt=\"\" width=\"576\" height=\"461\" \/><\/p>\n<p><img data-recalc-dims=\"1\" loading=\"lazy\" decoding=\"async\" class=\"alignnone size-full wp-image-9821\" title=\"Collection ROCHE BOBOIS x ORA \u00cfTO\" src=\"https:\/\/i0.wp.com\/joyana.fr\/wp-content\/uploads\/ORA_ITO_desserte.jpg?resize=576%2C720&#038;ssl=1\" alt=\"\" width=\"576\" height=\"720\" \/><\/p>\n<p><img data-recalc-dims=\"1\" loading=\"lazy\" decoding=\"async\" class=\"alignnone size-full wp-image-9819\" title=\"Collection ROCHE BOBOIS x ORA \u00cfTO\" src=\"https:\/\/i0.wp.com\/joyana.fr\/wp-content\/uploads\/ORA_ITO-meuble-TV.jpg?resize=576%2C171&#038;ssl=1\" alt=\"\" width=\"576\" height=\"171\" \/><\/p>\n<p><img data-recalc-dims=\"1\" loading=\"lazy\" decoding=\"async\" class=\"alignnone size-full wp-image-9817\" title=\"Collection ROCHE BOBOIS x ORA \u00cfTO\" src=\"https:\/\/i0.wp.com\/joyana.fr\/wp-content\/uploads\/ORA_ITO-buffet.jpg?resize=576%2C249&#038;ssl=1\" alt=\"\" width=\"576\" height=\"249\" \/><\/p>\n<p><img data-recalc-dims=\"1\" loading=\"lazy\" decoding=\"async\" class=\"alignnone size-full wp-image-9818\" title=\"Collection ROCHE BOBOIS x ORA \u00cfTO\" src=\"https:\/\/i0.wp.com\/joyana.fr\/wp-content\/uploads\/ORA_ITO-canape-3-4-avant.jpg?resize=576%2C261&#038;ssl=1\" alt=\"\" width=\"576\" height=\"261\" \/><\/p>\n<p>En savoir + sur <a title=\"Ora \u00cfTO\" href=\"http:\/\/www.ora-ito.com\/?lang=fr\" target=\"_blank\"><strong>Ora \u00cfTO<\/strong><\/a> &#038; <a title=\"ROCHE BOBOIS\" href=\"http:\/\/www.roche-bobois.com\/\" target=\"_blank\"><strong>ROCHE BOBOIS<\/strong><\/a><\/p>\n","protected":false},"excerpt":{"rendered":"<p>Deco-Design vous fait d\u00e9couvrir en exclusivit\u00e9 &#8211; avant la pr\u00e9sentation durant les DESIGNER&#8217;S DAYS 2012 &#8211; la collection ORA ITO pour Roche Bobois&#8230; Ce sont surement les futurs must-have de Roche Bobois qui sont pr\u00e9sent\u00e9s durant les DESIGNER&#8217;S DAYS 2012. Avec \u00e0 l&#8217;honneur le designer Ora \u00cfto qui est l\u2019auteur d\u2019une s\u00e9rie de meubles coupables [&hellip;]<\/p>\n","protected":false},"author":3,"featured_media":109822,"comment_status":"open","ping_status":"open","sticky":false,"template":"","format":"standard","meta":{"_coblocks_attr":"","_coblocks_dimensions":"","_coblocks_responsive_height":"","_coblocks_accordion_ie_support":"","_uag_custom_page_level_css":"","advgb_blocks_editor_width":"","advgb_blocks_columns_visual_guide":"","_genesis_hide_title":false,"_genesis_hide_breadcrumbs":false,"_genesis_hide_singular_image":false,"_genesis_hide_footer_widgets":false,"_genesis_custom_body_class":"","_genesis_custom_post_class":"","_genesis_layout":"","_themeisle_gutenberg_block_has_review":false,"_jetpack_newsletter_access":"","_jetpack_dont_email_post_to_subs":false,"_jetpack_newsletter_tier_id":0,"_jetpack_memberships_contains_paywalled_content":false,"_jetpack_memberships_contains_paid_content":false,"footnotes":""},"categories":[1005,905,933,1051],"tags":[78],"class_list":{"0":"post-109816","1":"post","2":"type-post","3":"status-publish","4":"format-standard","5":"has-post-thumbnail","7":"category-designers-days","8":"category-deco-design","9":"category-ora-ito","10":"category-roche-bobois","11":"tag-design","12":"entry"},"featured_image_urls":{"full":["https:\/\/i0.wp.com\/www.joyana.fr\/wp-content\/uploads\/old\/ORA_ITO_Roche-Bobois-Ora-Ito1.jpg?fit=576%2C517&ssl=1",576,517,false],"thumbnail":["https:\/\/i0.wp.com\/www.joyana.fr\/wp-content\/uploads\/old\/ORA_ITO_Roche-Bobois-Ora-Ito1.jpg?resize=150%2C150&ssl=1",150,150,true],"medium":["https:\/\/i0.wp.com\/www.joyana.fr\/wp-content\/uploads\/old\/ORA_ITO_Roche-Bobois-Ora-Ito1.jpg?fit=389%2C349&ssl=1",389,349,true],"medium_large":["https:\/\/i0.wp.com\/www.joyana.fr\/wp-content\/uploads\/old\/ORA_ITO_Roche-Bobois-Ora-Ito1.jpg?fit=576%2C517&ssl=1",576,517,true],"large":["https:\/\/i0.wp.com\/www.joyana.fr\/wp-content\/uploads\/old\/ORA_ITO_Roche-Bobois-Ora-Ito1.jpg?fit=576%2C517&ssl=1",576,517,true],"1536x1536":["https:\/\/i0.wp.com\/www.joyana.fr\/wp-content\/uploads\/old\/ORA_ITO_Roche-Bobois-Ora-Ito1.jpg?fit=576%2C517&ssl=1",576,517,true],"2048x2048":["https:\/\/i0.wp.com\/www.joyana.fr\/wp-content\/uploads\/old\/ORA_ITO_Roche-Bobois-Ora-Ito1.jpg?fit=576%2C517&ssl=1",576,517,true],"featured-thumb":["https:\/\/i0.wp.com\/www.joyana.fr\/wp-content\/uploads\/old\/ORA_ITO_Roche-Bobois-Ora-Ito1.jpg?resize=576%2C517&ssl=1",576,517,true],"ab-block-post-grid-landscape":["https:\/\/i0.wp.com\/www.joyana.fr\/wp-content\/uploads\/old\/ORA_ITO_Roche-Bobois-Ora-Ito1.jpg?resize=576%2C400&ssl=1",576,400,true],"ab-block-post-grid-square":["https:\/\/i0.wp.com\/www.joyana.fr\/wp-content\/uploads\/old\/ORA_ITO_Roche-Bobois-Ora-Ito1.jpg?resize=576%2C517&ssl=1",576,517,true],"author-pro-image":["https:\/\/i0.wp.com\/www.joyana.fr\/wp-content\/uploads\/old\/ORA_ITO_Roche-Bobois-Ora-Ito1.jpg?resize=360%2C517&ssl=1",360,517,true],"slider":["https:\/\/i0.wp.com\/www.joyana.fr\/wp-content\/uploads\/old\/ORA_ITO_Roche-Bobois-Ora-Ito1.jpg?resize=576%2C400&ssl=1",576,400,true],"woocommerce_thumbnail":["https:\/\/i0.wp.com\/www.joyana.fr\/wp-content\/uploads\/old\/ORA_ITO_Roche-Bobois-Ora-Ito1.jpg?resize=450%2C450&ssl=1",450,450,true],"woocommerce_single":["https:\/\/i0.wp.com\/www.joyana.fr\/wp-content\/uploads\/old\/ORA_ITO_Roche-Bobois-Ora-Ito1.jpg?fit=576%2C517&ssl=1",576,517,true],"woocommerce_gallery_thumbnail":["https:\/\/i0.wp.com\/www.joyana.fr\/wp-content\/uploads\/old\/ORA_ITO_Roche-Bobois-Ora-Ito1.jpg?resize=180%2C180&ssl=1",180,180,true],"sow-carousel-default":["https:\/\/i0.wp.com\/www.joyana.fr\/wp-content\/uploads\/old\/ORA_ITO_Roche-Bobois-Ora-Ito1.jpg?resize=272%2C182&ssl=1",272,182,true]},"post_excerpt_stackable":"<p>Deco-Design vous fait d\u00e9couvrir en exclusivit\u00e9 &#8211; avant la pr\u00e9sentation durant les DESIGNER&#8217;S DAYS 2012 &#8211; la collection ORA ITO pour Roche Bobois&#8230; Ce sont surement les futurs must-have de Roche Bobois qui sont pr\u00e9sent\u00e9s durant les DESIGNER&#8217;S DAYS 2012. Avec \u00e0 l&#8217;honneur le designer Ora \u00cfto qui est l\u2019auteur d\u2019une s\u00e9rie de meubles coupables de haute s\u00e9duction. En bande organis\u00e9e ou agissant seuls, ils synth\u00e9tisent les recherches de l\u2019auteur des faits, pour un paysage domestique complet. Il a \u00e9t\u00e9 interpell\u00e9 par Roche Bobois qui lui a confi\u00e9 un contrat portant sur : WANTED INNOVATIVE DESIGN !!! Canap\u00e9, table basse,&hellip;<\/p>\n","category_list":"<a href=\"https:\/\/www.joyana.fr\/en\/category\/deco-design\/actualite\/salon\/designers-days\/\" rel=\"category tag\">D'DAYS<\/a>, <a href=\"https:\/\/www.joyana.fr\/en\/category\/deco-design\/\" rel=\"category tag\">DECO-DESIGN<\/a>, <a href=\"https:\/\/www.joyana.fr\/en\/category\/deco-design\/designer\/ora-ito\/\" rel=\"category tag\">Ora \u00cfTO<\/a>, <a href=\"https:\/\/www.joyana.fr\/en\/category\/marques\/roche-bobois\/\" rel=\"category tag\">Roche Bobois<\/a>","author_info":{"display_name":"Jo Yana","author_link":"https:\/\/www.joyana.fr\/en\/author\/joyana\/"},"comments_num":"5 comments","featured_image_urls_v2":{"full":["https:\/\/i0.wp.com\/www.joyana.fr\/wp-content\/uploads\/old\/ORA_ITO_Roche-Bobois-Ora-Ito1.jpg?fit=576%2C517&ssl=1",576,517,false],"thumbnail":["https:\/\/i0.wp.com\/www.joyana.fr\/wp-content\/uploads\/old\/ORA_ITO_Roche-Bobois-Ora-Ito1.jpg?resize=150%2C150&ssl=1",150,150,true],"medium":["https:\/\/i0.wp.com\/www.joyana.fr\/wp-content\/uploads\/old\/ORA_ITO_Roche-Bobois-Ora-Ito1.jpg?fit=389%2C349&ssl=1",389,349,true],"medium_large":["https:\/\/i0.wp.com\/www.joyana.fr\/wp-content\/uploads\/old\/ORA_ITO_Roche-Bobois-Ora-Ito1.jpg?fit=576%2C517&ssl=1",576,517,true],"large":["https:\/\/i0.wp.com\/www.joyana.fr\/wp-content\/uploads\/old\/ORA_ITO_Roche-Bobois-Ora-Ito1.jpg?fit=576%2C517&ssl=1",576,517,true],"1536x1536":["https:\/\/i0.wp.com\/www.joyana.fr\/wp-content\/uploads\/old\/ORA_ITO_Roche-Bobois-Ora-Ito1.jpg?fit=576%2C517&ssl=1",576,517,true],"2048x2048":["https:\/\/i0.wp.com\/www.joyana.fr\/wp-content\/uploads\/old\/ORA_ITO_Roche-Bobois-Ora-Ito1.jpg?fit=576%2C517&ssl=1",576,517,true],"featured-thumb":["https:\/\/i0.wp.com\/www.joyana.fr\/wp-content\/uploads\/old\/ORA_ITO_Roche-Bobois-Ora-Ito1.jpg?resize=576%2C517&ssl=1",576,517,true],"ab-block-post-grid-landscape":["https:\/\/i0.wp.com\/www.joyana.fr\/wp-content\/uploads\/old\/ORA_ITO_Roche-Bobois-Ora-Ito1.jpg?resize=576%2C400&ssl=1",576,400,true],"ab-block-post-grid-square":["https:\/\/i0.wp.com\/www.joyana.fr\/wp-content\/uploads\/old\/ORA_ITO_Roche-Bobois-Ora-Ito1.jpg?resize=576%2C517&ssl=1",576,517,true],"author-pro-image":["https:\/\/i0.wp.com\/www.joyana.fr\/wp-content\/uploads\/old\/ORA_ITO_Roche-Bobois-Ora-Ito1.jpg?resize=360%2C517&ssl=1",360,517,true],"slider":["https:\/\/i0.wp.com\/www.joyana.fr\/wp-content\/uploads\/old\/ORA_ITO_Roche-Bobois-Ora-Ito1.jpg?resize=576%2C400&ssl=1",576,400,true],"woocommerce_thumbnail":["https:\/\/i0.wp.com\/www.joyana.fr\/wp-content\/uploads\/old\/ORA_ITO_Roche-Bobois-Ora-Ito1.jpg?resize=450%2C450&ssl=1",450,450,true],"woocommerce_single":["https:\/\/i0.wp.com\/www.joyana.fr\/wp-content\/uploads\/old\/ORA_ITO_Roche-Bobois-Ora-Ito1.jpg?fit=576%2C517&ssl=1",576,517,true],"woocommerce_gallery_thumbnail":["https:\/\/i0.wp.com\/www.joyana.fr\/wp-content\/uploads\/old\/ORA_ITO_Roche-Bobois-Ora-Ito1.jpg?resize=180%2C180&ssl=1",180,180,true],"sow-carousel-default":["https:\/\/i0.wp.com\/www.joyana.fr\/wp-content\/uploads\/old\/ORA_ITO_Roche-Bobois-Ora-Ito1.jpg?resize=272%2C182&ssl=1",272,182,true]},"post_excerpt_stackable_v2":"<p>Deco-Design vous fait d\u00e9couvrir en exclusivit\u00e9 &#8211; avant la pr\u00e9sentation durant les DESIGNER&#8217;S DAYS 2012 &#8211; la collection ORA ITO pour Roche Bobois&#8230; Ce sont surement les futurs must-have de Roche Bobois qui sont pr\u00e9sent\u00e9s durant les DESIGNER&#8217;S DAYS 2012. Avec \u00e0 l&#8217;honneur le designer Ora \u00cfto qui est l\u2019auteur d\u2019une s\u00e9rie de meubles coupables de haute s\u00e9duction. En bande organis\u00e9e ou agissant seuls, ils synth\u00e9tisent les recherches de l\u2019auteur des faits, pour un paysage domestique complet. Il a \u00e9t\u00e9 interpell\u00e9 par Roche Bobois qui lui a confi\u00e9 un contrat portant sur : WANTED INNOVATIVE DESIGN !!! Canap\u00e9, table basse,&hellip;<\/p>\n","category_list_v2":"<a href=\"https:\/\/www.joyana.fr\/en\/category\/deco-design\/actualite\/salon\/designers-days\/\" rel=\"category tag\">D'DAYS<\/a>, <a href=\"https:\/\/www.joyana.fr\/en\/category\/deco-design\/\" rel=\"category tag\">DECO-DESIGN<\/a>, <a href=\"https:\/\/www.joyana.fr\/en\/category\/deco-design\/designer\/ora-ito\/\" rel=\"category tag\">Ora \u00cfTO<\/a>, <a href=\"https:\/\/www.joyana.fr\/en\/category\/marques\/roche-bobois\/\" rel=\"category tag\">Roche Bobois<\/a>","author_info_v2":{"name":"Jo Yana","url":"https:\/\/www.joyana.fr\/en\/author\/joyana\/"},"comments_num_v2":"5 comments","yoast_head":"<!-- This site is optimized with the Yoast SEO plugin v26.8 - https:\/\/yoast.com\/product\/yoast-seo-wordpress\/ -->\n<title>Collection ROCHE BOBOIS x ORA \u00cfTO - JO YANA<\/title>\n<meta name=\"robots\" content=\"index, follow, max-snippet:-1, max-image-preview:large, max-video-preview:-1\" \/>\n<link rel=\"canonical\" href=\"https:\/\/joyana.fr\/en\/collection-ora-ito-roche-bobois-designers-days-2012\/109816\/\" \/>\n<meta property=\"og:locale\" content=\"en_US\" \/>\n<meta property=\"og:locale:alternate\" content=\"fr_FR\" \/>\n<meta property=\"og:locale:alternate\" content=\"ja\" \/>\n<meta property=\"og:type\" content=\"article\" \/>\n<meta property=\"og:title\" content=\"Collection ROCHE BOBOIS x ORA \u00cfTO - JO YANA\" \/>\n<meta property=\"og:description\" content=\"Deco-Design vous fait d\u00e9couvrir en exclusivit\u00e9 &#8211; avant la pr\u00e9sentation durant les DESIGNER&#8217;S DAYS 2012 &#8211; la collection ORA ITO pour Roche Bobois&#8230; Ce sont surement les futurs must-have de Roche Bobois qui sont pr\u00e9sent\u00e9s durant les DESIGNER&#8217;S DAYS 2012. Avec \u00e0 l&#8217;honneur le designer Ora \u00cfto qui est l\u2019auteur d\u2019une s\u00e9rie de meubles coupables [&hellip;]\" \/>\n<meta property=\"og:url\" content=\"https:\/\/www.joyana.fr\/en\/collection-ora-ito-roche-bobois-designers-days-2012\/109816\/\" \/>\n<meta property=\"og:site_name\" content=\"JO YANA\" \/>\n<meta property=\"article:published_time\" content=\"2012-05-31T11:26:49+00:00\" \/>\n<meta property=\"og:image\" content=\"https:\/\/joyana.fr\/wp-content\/uploads\/old\/ORA_ITO_Roche-Bobois-Ora-Ito1.jpg\" \/>\n\t<meta property=\"og:image:width\" content=\"576\" \/>\n\t<meta property=\"og:image:height\" content=\"517\" \/>\n\t<meta property=\"og:image:type\" content=\"image\/jpeg\" \/>\n<meta name=\"author\" content=\"Jo Yana\" \/>\n<meta name=\"twitter:card\" content=\"summary_large_image\" \/>\n<meta name=\"twitter:creator\" content=\"@Jo_Yana\" \/>\n<meta name=\"twitter:site\" content=\"@Jo_Yana\" \/>\n<meta name=\"twitter:label1\" content=\"Written by\" \/>\n\t<meta name=\"twitter:data1\" content=\"Jo Yana\" \/>\n\t<meta name=\"twitter:label2\" content=\"Est. reading time\" \/>\n\t<meta name=\"twitter:data2\" content=\"1 minute\" \/>\n<script type=\"application\/ld+json\" class=\"yoast-schema-graph\">{\"@context\":\"https:\/\/schema.org\",\"@graph\":[{\"@type\":\"Article\",\"@id\":\"https:\/\/joyana.fr\/en\/collection-ora-ito-roche-bobois-designers-days-2012\/109816\/#article\",\"isPartOf\":{\"@id\":\"https:\/\/joyana.fr\/en\/collection-ora-ito-roche-bobois-designers-days-2012\/109816\/\"},\"author\":{\"name\":\"Jo Yana\",\"@id\":\"https:\/\/joyana.fr\/#\/schema\/person\/cf2a1ad12a27c12c21801075bf37407c\"},\"headline\":\"Collection ROCHE BOBOIS x ORA \u00cfTO\",\"datePublished\":\"2012-05-31T11:26:49+00:00\",\"mainEntityOfPage\":{\"@id\":\"https:\/\/joyana.fr\/en\/collection-ora-ito-roche-bobois-designers-days-2012\/109816\/\"},\"wordCount\":216,\"commentCount\":3,\"publisher\":{\"@id\":\"https:\/\/joyana.fr\/#\/schema\/person\/cf2a1ad12a27c12c21801075bf37407c\"},\"image\":{\"@id\":\"https:\/\/joyana.fr\/en\/collection-ora-ito-roche-bobois-designers-days-2012\/109816\/#primaryimage\"},\"thumbnailUrl\":\"https:\/\/i0.wp.com\/www.joyana.fr\/wp-content\/uploads\/old\/ORA_ITO_Roche-Bobois-Ora-Ito1.jpg?fit=576%2C517&ssl=1\",\"keywords\":[\"DESIGN\"],\"articleSection\":[\"D'DAYS\",\"DECO-DESIGN\",\"Ora \u00cfTO\",\"Roche Bobois\"],\"inLanguage\":\"en-US\",\"potentialAction\":[{\"@type\":\"CommentAction\",\"name\":\"Comment\",\"target\":[\"https:\/\/joyana.fr\/en\/collection-ora-ito-roche-bobois-designers-days-2012\/109816\/#respond\"]}]},{\"@type\":\"WebPage\",\"@id\":\"https:\/\/joyana.fr\/en\/collection-ora-ito-roche-bobois-designers-days-2012\/109816\/\",\"url\":\"https:\/\/joyana.fr\/en\/collection-ora-ito-roche-bobois-designers-days-2012\/109816\/\",\"name\":\"Collection ROCHE BOBOIS x ORA \u00cfTO - JO YANA\",\"isPartOf\":{\"@id\":\"https:\/\/joyana.fr\/#website\"},\"primaryImageOfPage\":{\"@id\":\"https:\/\/joyana.fr\/en\/collection-ora-ito-roche-bobois-designers-days-2012\/109816\/#primaryimage\"},\"image\":{\"@id\":\"https:\/\/joyana.fr\/en\/collection-ora-ito-roche-bobois-designers-days-2012\/109816\/#primaryimage\"},\"thumbnailUrl\":\"https:\/\/i0.wp.com\/www.joyana.fr\/wp-content\/uploads\/old\/ORA_ITO_Roche-Bobois-Ora-Ito1.jpg?fit=576%2C517&ssl=1\",\"datePublished\":\"2012-05-31T11:26:49+00:00\",\"breadcrumb\":{\"@id\":\"https:\/\/joyana.fr\/en\/collection-ora-ito-roche-bobois-designers-days-2012\/109816\/#breadcrumb\"},\"inLanguage\":\"en-US\",\"potentialAction\":[{\"@type\":\"ReadAction\",\"target\":[\"https:\/\/joyana.fr\/en\/collection-ora-ito-roche-bobois-designers-days-2012\/109816\/\"]}]},{\"@type\":\"ImageObject\",\"inLanguage\":\"en-US\",\"@id\":\"https:\/\/joyana.fr\/en\/collection-ora-ito-roche-bobois-designers-days-2012\/109816\/#primaryimage\",\"url\":\"https:\/\/i0.wp.com\/www.joyana.fr\/wp-content\/uploads\/old\/ORA_ITO_Roche-Bobois-Ora-Ito1.jpg?fit=576%2C517&ssl=1\",\"contentUrl\":\"https:\/\/i0.wp.com\/www.joyana.fr\/wp-content\/uploads\/old\/ORA_ITO_Roche-Bobois-Ora-Ito1.jpg?fit=576%2C517&ssl=1\",\"width\":576,\"height\":517},{\"@type\":\"BreadcrumbList\",\"@id\":\"https:\/\/joyana.fr\/en\/collection-ora-ito-roche-bobois-designers-days-2012\/109816\/#breadcrumb\",\"itemListElement\":[{\"@type\":\"ListItem\",\"position\":1,\"name\":\"Accueil\",\"item\":\"https:\/\/joyana.fr\/\"},{\"@type\":\"ListItem\",\"position\":2,\"name\":\"Collection ROCHE BOBOIS x ORA \u00cfTO\"}]},{\"@type\":\"WebSite\",\"@id\":\"https:\/\/joyana.fr\/#website\",\"url\":\"https:\/\/joyana.fr\/\",\"name\":\"JO YANA\",\"description\":\"Blog Mode Homme, Lifestyle, D\u00e9co-Design\",\"publisher\":{\"@id\":\"https:\/\/joyana.fr\/#\/schema\/person\/cf2a1ad12a27c12c21801075bf37407c\"},\"potentialAction\":[{\"@type\":\"SearchAction\",\"target\":{\"@type\":\"EntryPoint\",\"urlTemplate\":\"https:\/\/joyana.fr\/?s={search_term_string}\"},\"query-input\":{\"@type\":\"PropertyValueSpecification\",\"valueRequired\":true,\"valueName\":\"search_term_string\"}}],\"inLanguage\":\"en-US\"},{\"@type\":[\"Person\",\"Organization\"],\"@id\":\"https:\/\/joyana.fr\/#\/schema\/person\/cf2a1ad12a27c12c21801075bf37407c\",\"name\":\"Jo Yana\",\"image\":{\"@type\":\"ImageObject\",\"inLanguage\":\"en-US\",\"@id\":\"https:\/\/joyana.fr\/#\/schema\/person\/image\/\",\"url\":\"https:\/\/i0.wp.com\/www.joyana.fr\/wp-content\/uploads\/2016\/08\/cropped-joyana-logo-black-360x180.png?fit=343%2C164&ssl=1\",\"contentUrl\":\"https:\/\/i0.wp.com\/www.joyana.fr\/wp-content\/uploads\/2016\/08\/cropped-joyana-logo-black-360x180.png?fit=343%2C164&ssl=1\",\"width\":343,\"height\":164,\"caption\":\"Jo Yana\"},\"logo\":{\"@id\":\"https:\/\/joyana.fr\/#\/schema\/person\/image\/\"},\"description\":\"Jo Yana est le cr\u00e9ateur et r\u00e9dacteur en chef des sites DECO-DESIGN. Passionn\u00e9 de Design, Mode, Photo, Luxe, Lifestyle, Musique, mais avant tout Blogueur ! Le plaisir de partager l'anime et a comme devise \\\"POUR L'AMOUR DU BEAU\\\". Retrouvez le aussi sur son blog personnel - https:\/\/joyana.fr...\",\"sameAs\":[\"https:\/\/joyana.fr\/\"],\"url\":\"https:\/\/www.joyana.fr\/en\/author\/joyana\/\"}]}<\/script>\n<!-- \/ Yoast SEO plugin. -->","yoast_head_json":{"title":"Collection ROCHE BOBOIS x ORA \u00cfTO - JO YANA","robots":{"index":"index","follow":"follow","max-snippet":"max-snippet:-1","max-image-preview":"max-image-preview:large","max-video-preview":"max-video-preview:-1"},"canonical":"https:\/\/joyana.fr\/en\/collection-ora-ito-roche-bobois-designers-days-2012\/109816\/","og_locale":"en_US","og_type":"article","og_title":"Collection ROCHE BOBOIS x ORA \u00cfTO - JO YANA","og_description":"Deco-Design vous fait d\u00e9couvrir en exclusivit\u00e9 &#8211; avant la pr\u00e9sentation durant les DESIGNER&#8217;S DAYS 2012 &#8211; la collection ORA ITO pour Roche Bobois&#8230; Ce sont surement les futurs must-have de Roche Bobois qui sont pr\u00e9sent\u00e9s durant les DESIGNER&#8217;S DAYS 2012. Avec \u00e0 l&#8217;honneur le designer Ora \u00cfto qui est l\u2019auteur d\u2019une s\u00e9rie de meubles coupables [&hellip;]","og_url":"https:\/\/www.joyana.fr\/en\/collection-ora-ito-roche-bobois-designers-days-2012\/109816\/","og_site_name":"JO YANA","article_published_time":"2012-05-31T11:26:49+00:00","og_image":[{"width":576,"height":517,"url":"https:\/\/joyana.fr\/wp-content\/uploads\/old\/ORA_ITO_Roche-Bobois-Ora-Ito1.jpg","type":"image\/jpeg"}],"author":"Jo Yana","twitter_card":"summary_large_image","twitter_creator":"@Jo_Yana","twitter_site":"@Jo_Yana","twitter_misc":{"Written by":"Jo Yana","Est. reading time":"1 minute"},"schema":{"@context":"https:\/\/schema.org","@graph":[{"@type":"Article","@id":"https:\/\/joyana.fr\/en\/collection-ora-ito-roche-bobois-designers-days-2012\/109816\/#article","isPartOf":{"@id":"https:\/\/joyana.fr\/en\/collection-ora-ito-roche-bobois-designers-days-2012\/109816\/"},"author":{"name":"Jo Yana","@id":"https:\/\/joyana.fr\/#\/schema\/person\/cf2a1ad12a27c12c21801075bf37407c"},"headline":"Collection ROCHE BOBOIS x ORA \u00cfTO","datePublished":"2012-05-31T11:26:49+00:00","mainEntityOfPage":{"@id":"https:\/\/joyana.fr\/en\/collection-ora-ito-roche-bobois-designers-days-2012\/109816\/"},"wordCount":216,"commentCount":3,"publisher":{"@id":"https:\/\/joyana.fr\/#\/schema\/person\/cf2a1ad12a27c12c21801075bf37407c"},"image":{"@id":"https:\/\/joyana.fr\/en\/collection-ora-ito-roche-bobois-designers-days-2012\/109816\/#primaryimage"},"thumbnailUrl":"https:\/\/i0.wp.com\/www.joyana.fr\/wp-content\/uploads\/old\/ORA_ITO_Roche-Bobois-Ora-Ito1.jpg?fit=576%2C517&ssl=1","keywords":["DESIGN"],"articleSection":["D'DAYS","DECO-DESIGN","Ora \u00cfTO","Roche Bobois"],"inLanguage":"en-US","potentialAction":[{"@type":"CommentAction","name":"Comment","target":["https:\/\/joyana.fr\/en\/collection-ora-ito-roche-bobois-designers-days-2012\/109816\/#respond"]}]},{"@type":"WebPage","@id":"https:\/\/joyana.fr\/en\/collection-ora-ito-roche-bobois-designers-days-2012\/109816\/","url":"https:\/\/joyana.fr\/en\/collection-ora-ito-roche-bobois-designers-days-2012\/109816\/","name":"Collection ROCHE BOBOIS x ORA \u00cfTO - JO YANA","isPartOf":{"@id":"https:\/\/joyana.fr\/#website"},"primaryImageOfPage":{"@id":"https:\/\/joyana.fr\/en\/collection-ora-ito-roche-bobois-designers-days-2012\/109816\/#primaryimage"},"image":{"@id":"https:\/\/joyana.fr\/en\/collection-ora-ito-roche-bobois-designers-days-2012\/109816\/#primaryimage"},"thumbnailUrl":"https:\/\/i0.wp.com\/www.joyana.fr\/wp-content\/uploads\/old\/ORA_ITO_Roche-Bobois-Ora-Ito1.jpg?fit=576%2C517&ssl=1","datePublished":"2012-05-31T11:26:49+00:00","breadcrumb":{"@id":"https:\/\/joyana.fr\/en\/collection-ora-ito-roche-bobois-designers-days-2012\/109816\/#breadcrumb"},"inLanguage":"en-US","potentialAction":[{"@type":"ReadAction","target":["https:\/\/joyana.fr\/en\/collection-ora-ito-roche-bobois-designers-days-2012\/109816\/"]}]},{"@type":"ImageObject","inLanguage":"en-US","@id":"https:\/\/joyana.fr\/en\/collection-ora-ito-roche-bobois-designers-days-2012\/109816\/#primaryimage","url":"https:\/\/i0.wp.com\/www.joyana.fr\/wp-content\/uploads\/old\/ORA_ITO_Roche-Bobois-Ora-Ito1.jpg?fit=576%2C517&ssl=1","contentUrl":"https:\/\/i0.wp.com\/www.joyana.fr\/wp-content\/uploads\/old\/ORA_ITO_Roche-Bobois-Ora-Ito1.jpg?fit=576%2C517&ssl=1","width":576,"height":517},{"@type":"BreadcrumbList","@id":"https:\/\/joyana.fr\/en\/collection-ora-ito-roche-bobois-designers-days-2012\/109816\/#breadcrumb","itemListElement":[{"@type":"ListItem","position":1,"name":"Accueil","item":"https:\/\/joyana.fr\/"},{"@type":"ListItem","position":2,"name":"Collection ROCHE BOBOIS x ORA \u00cfTO"}]},{"@type":"WebSite","@id":"https:\/\/joyana.fr\/#website","url":"https:\/\/joyana.fr\/","name":"JO YANA","description":"Blog Mode Homme, Lifestyle, D\u00e9co-Design","publisher":{"@id":"https:\/\/joyana.fr\/#\/schema\/person\/cf2a1ad12a27c12c21801075bf37407c"},"potentialAction":[{"@type":"SearchAction","target":{"@type":"EntryPoint","urlTemplate":"https:\/\/joyana.fr\/?s={search_term_string}"},"query-input":{"@type":"PropertyValueSpecification","valueRequired":true,"valueName":"search_term_string"}}],"inLanguage":"en-US"},{"@type":["Person","Organization"],"@id":"https:\/\/joyana.fr\/#\/schema\/person\/cf2a1ad12a27c12c21801075bf37407c","name":"Jo Yana","image":{"@type":"ImageObject","inLanguage":"en-US","@id":"https:\/\/joyana.fr\/#\/schema\/person\/image\/","url":"https:\/\/i0.wp.com\/www.joyana.fr\/wp-content\/uploads\/2016\/08\/cropped-joyana-logo-black-360x180.png?fit=343%2C164&ssl=1","contentUrl":"https:\/\/i0.wp.com\/www.joyana.fr\/wp-content\/uploads\/2016\/08\/cropped-joyana-logo-black-360x180.png?fit=343%2C164&ssl=1","width":343,"height":164,"caption":"Jo Yana"},"logo":{"@id":"https:\/\/joyana.fr\/#\/schema\/person\/image\/"},"description":"Jo Yana est le cr\u00e9ateur et r\u00e9dacteur en chef des sites DECO-DESIGN. Passionn\u00e9 de Design, Mode, Photo, Luxe, Lifestyle, Musique, mais avant tout Blogueur ! Le plaisir de partager l'anime et a comme devise \"POUR L'AMOUR DU BEAU\". Retrouvez le aussi sur son blog personnel - https:\/\/joyana.fr...","sameAs":["https:\/\/joyana.fr\/"],"url":"https:\/\/www.joyana.fr\/en\/author\/joyana\/"}]}},"author_meta":{"display_name":"Jo Yana","author_link":"https:\/\/www.joyana.fr\/en\/author\/joyana\/"},"featured_img":"https:\/\/i0.wp.com\/www.joyana.fr\/wp-content\/uploads\/old\/ORA_ITO_Roche-Bobois-Ora-Ito1.jpg?fit=389%2C349&ssl=1","featured_image_src":"https:\/\/i0.wp.com\/www.joyana.fr\/wp-content\/uploads\/old\/ORA_ITO_Roche-Bobois-Ora-Ito1.jpg?resize=576%2C400&ssl=1","featured_image_src_square":"https:\/\/i0.wp.com\/www.joyana.fr\/wp-content\/uploads\/old\/ORA_ITO_Roche-Bobois-Ora-Ito1.jpg?resize=576%2C517&ssl=1","jetpack_featured_media_url":"https:\/\/i0.wp.com\/www.joyana.fr\/wp-content\/uploads\/old\/ORA_ITO_Roche-Bobois-Ora-Ito1.jpg?fit=576%2C517&ssl=1","uagb_featured_image_src":{"full":["https:\/\/i0.wp.com\/www.joyana.fr\/wp-content\/uploads\/old\/ORA_ITO_Roche-Bobois-Ora-Ito1.jpg?fit=576%2C517&ssl=1",576,517,false],"thumbnail":["https:\/\/i0.wp.com\/www.joyana.fr\/wp-content\/uploads\/old\/ORA_ITO_Roche-Bobois-Ora-Ito1.jpg?resize=150%2C150&ssl=1",150,150,true],"medium":["https:\/\/i0.wp.com\/www.joyana.fr\/wp-content\/uploads\/old\/ORA_ITO_Roche-Bobois-Ora-Ito1.jpg?fit=389%2C349&ssl=1",389,349,true],"medium_large":["https:\/\/i0.wp.com\/www.joyana.fr\/wp-content\/uploads\/old\/ORA_ITO_Roche-Bobois-Ora-Ito1.jpg?fit=576%2C517&ssl=1",576,517,true],"large":["https:\/\/i0.wp.com\/www.joyana.fr\/wp-content\/uploads\/old\/ORA_ITO_Roche-Bobois-Ora-Ito1.jpg?fit=576%2C517&ssl=1",576,517,true],"1536x1536":["https:\/\/i0.wp.com\/www.joyana.fr\/wp-content\/uploads\/old\/ORA_ITO_Roche-Bobois-Ora-Ito1.jpg?fit=576%2C517&ssl=1",576,517,true],"2048x2048":["https:\/\/i0.wp.com\/www.joyana.fr\/wp-content\/uploads\/old\/ORA_ITO_Roche-Bobois-Ora-Ito1.jpg?fit=576%2C517&ssl=1",576,517,true],"featured-thumb":["https:\/\/i0.wp.com\/www.joyana.fr\/wp-content\/uploads\/old\/ORA_ITO_Roche-Bobois-Ora-Ito1.jpg?resize=576%2C517&ssl=1",576,517,true],"ab-block-post-grid-landscape":["https:\/\/i0.wp.com\/www.joyana.fr\/wp-content\/uploads\/old\/ORA_ITO_Roche-Bobois-Ora-Ito1.jpg?resize=576%2C400&ssl=1",576,400,true],"ab-block-post-grid-square":["https:\/\/i0.wp.com\/www.joyana.fr\/wp-content\/uploads\/old\/ORA_ITO_Roche-Bobois-Ora-Ito1.jpg?resize=576%2C517&ssl=1",576,517,true],"author-pro-image":["https:\/\/i0.wp.com\/www.joyana.fr\/wp-content\/uploads\/old\/ORA_ITO_Roche-Bobois-Ora-Ito1.jpg?resize=360%2C517&ssl=1",360,517,true],"slider":["https:\/\/i0.wp.com\/www.joyana.fr\/wp-content\/uploads\/old\/ORA_ITO_Roche-Bobois-Ora-Ito1.jpg?resize=576%2C400&ssl=1",576,400,true],"woocommerce_thumbnail":["https:\/\/i0.wp.com\/www.joyana.fr\/wp-content\/uploads\/old\/ORA_ITO_Roche-Bobois-Ora-Ito1.jpg?resize=450%2C450&ssl=1",450,450,true],"woocommerce_single":["https:\/\/i0.wp.com\/www.joyana.fr\/wp-content\/uploads\/old\/ORA_ITO_Roche-Bobois-Ora-Ito1.jpg?fit=576%2C517&ssl=1",576,517,true],"woocommerce_gallery_thumbnail":["https:\/\/i0.wp.com\/www.joyana.fr\/wp-content\/uploads\/old\/ORA_ITO_Roche-Bobois-Ora-Ito1.jpg?resize=180%2C180&ssl=1",180,180,true],"sow-carousel-default":["https:\/\/i0.wp.com\/www.joyana.fr\/wp-content\/uploads\/old\/ORA_ITO_Roche-Bobois-Ora-Ito1.jpg?resize=272%2C182&ssl=1",272,182,true]},"uagb_author_info":{"display_name":"Jo Yana","author_link":"https:\/\/www.joyana.fr\/en\/author\/joyana\/"},"uagb_comment_info":5,"uagb_excerpt":"Deco-Design vous fait d\u00e9couvrir en exclusivit\u00e9 &#8211; avant la pr\u00e9sentation durant les DESIGNER&#8217;S DAYS 2012 &#8211; la collection ORA ITO pour Roche Bobois&#8230; Ce sont surement les futurs must-have de Roche Bobois qui sont pr\u00e9sent\u00e9s durant les DESIGNER&#8217;S DAYS 2012. Avec \u00e0 l&#8217;honneur le designer Ora \u00cfto qui est l\u2019auteur d\u2019une s\u00e9rie de meubles coupables&hellip;","coauthors":[],"tax_additional":{"categories":{"linked":["<a href=\"https:\/\/www.joyana.fr\/en\/category\/deco-design\/actualite\/salon\/designers-days\/\" class=\"advgb-post-tax-term\">D&#039;DAYS<\/a>","<a href=\"https:\/\/www.joyana.fr\/en\/category\/deco-design\/\" class=\"advgb-post-tax-term\">DECO-DESIGN<\/a>","<a href=\"https:\/\/www.joyana.fr\/en\/category\/deco-design\/designer\/ora-ito\/\" class=\"advgb-post-tax-term\">Ora \u00cfTO<\/a>","<a href=\"https:\/\/www.joyana.fr\/en\/category\/marques\/roche-bobois\/\" class=\"advgb-post-tax-term\">Roche Bobois<\/a>"],"unlinked":["<span class=\"advgb-post-tax-term\">D&#039;DAYS<\/span>","<span class=\"advgb-post-tax-term\">DECO-DESIGN<\/span>","<span class=\"advgb-post-tax-term\">Ora \u00cfTO<\/span>","<span class=\"advgb-post-tax-term\">Roche Bobois<\/span>"]},"tags":{"linked":["<a href=\"https:\/\/www.joyana.fr\/en\/category\/marques\/roche-bobois\/\" class=\"advgb-post-tax-term\">DESIGN<\/a>"],"unlinked":["<span class=\"advgb-post-tax-term\">DESIGN<\/span>"]}},"comment_count":5,"relative_dates":{"created":"Posted 14 years ago","modified":"Updated 14 years ago"},"absolute_dates":{"created":"Posted on 31 May 2012","modified":"Updated on 31 May 2012"},"absolute_dates_time":{"created":"Posted on 31 May 2012 12:26","modified":"Updated on 31 May 2012 12:26"},"featured_img_caption":"","series_order":"","jetpack_sharing_enabled":true,"jetpack_shortlink":"https:\/\/wp.me\/p9bteI-sze","jetpack-related-posts":[],"_links":{"self":[{"href":"https:\/\/www.joyana.fr\/en\/wp-json\/wp\/v2\/posts\/109816","targetHints":{"allow":["GET"]}}],"collection":[{"href":"https:\/\/www.joyana.fr\/en\/wp-json\/wp\/v2\/posts"}],"about":[{"href":"https:\/\/www.joyana.fr\/en\/wp-json\/wp\/v2\/types\/post"}],"author":[{"embeddable":true,"href":"https:\/\/www.joyana.fr\/en\/wp-json\/wp\/v2\/users\/3"}],"replies":[{"embeddable":true,"href":"https:\/\/www.joyana.fr\/en\/wp-json\/wp\/v2\/comments?post=109816"}],"version-history":[{"count":0,"href":"https:\/\/www.joyana.fr\/en\/wp-json\/wp\/v2\/posts\/109816\/revisions"}],"wp:featuredmedia":[{"embeddable":true,"href":"https:\/\/www.joyana.fr\/en\/wp-json\/wp\/v2\/media\/109822"}],"wp:attachment":[{"href":"https:\/\/www.joyana.fr\/en\/wp-json\/wp\/v2\/media?parent=109816"}],"wp:term":[{"taxonomy":"category","embeddable":true,"href":"https:\/\/www.joyana.fr\/en\/wp-json\/wp\/v2\/categories?post=109816"},{"taxonomy":"post_tag","embeddable":true,"href":"https:\/\/www.joyana.fr\/en\/wp-json\/wp\/v2\/tags?post=109816"}],"curies":[{"name":"wp","href":"https:\/\/api.w.org\/{rel}","templated":true}]}}