{"id":109554,"date":"2012-04-25T07:18:49","date_gmt":"2012-04-25T06:18:49","guid":{"rendered":"https:\/\/joyana.fr\/?p=9554"},"modified":"2012-04-25T07:18:49","modified_gmt":"2012-04-25T06:18:49","slug":"mia-par-emu-x-jean-nouvel","status":"publish","type":"post","link":"https:\/\/www.joyana.fr\/en\/mia-par-emu-x-jean-nouvel\/109554\/","title":{"rendered":"MIA par EMU x Jean NOUVEL"},"content":{"rendered":"<p>Coup de c\u0153ur pour la gamme de <strong>mobilier MIA<\/strong> &#8211; imagin\u00e9e par l&#8217;architecte fran\u00e7ais <strong>Jean Nouvel<\/strong> pour <strong>EMU<\/strong>&#8230;<\/p>\n<p><img data-recalc-dims=\"1\" fetchpriority=\"high\" decoding=\"async\" class=\"alignnone size-full wp-image-9556\" title=\"MIA par EMU x Jean NOUVEL\" src=\"https:\/\/i0.wp.com\/joyana.fr\/wp-content\/uploads\/MIA-DSC03500.jpg?resize=576%2C386&#038;ssl=1\" alt=\"\" width=\"576\" height=\"386\" \/><\/p>\n<p>L&#8217;\u00e9diteur italien <strong>EMU<\/strong> a r\u00e9v\u00e9l\u00e9 lors de la <strong>Milan Design Week 2012<\/strong>, sa nouvelle collection <strong>MIA<\/strong> &#8211; compos\u00e9e d&#8217;une chaise empilable (avec ou sans accoudoir), un fauteuil, un tabouret, un banc et une table (ronde ou rectangulaire)&#8230; Con\u00e7ue par l&#8217;architecte et designer fran\u00e7ais <strong>Jean Nouvel<\/strong>, la collection <strong>MIA<\/strong> est fabriqu\u00e9e en acier tubulaire, et le si\u00e8ge et le dossier des assises sont en aluminium d\u00e9coup\u00e9 au laser.<\/p>\n<p>Choisissez parmi blanc, rouge, gris ou noir pour les coloris&#8230;<\/p>\n<p><img data-recalc-dims=\"1\" decoding=\"async\" class=\"alignnone size-full wp-image-9555\" title=\"MIA par EMU x Jean NOUVEL\" src=\"https:\/\/i0.wp.com\/joyana.fr\/wp-content\/uploads\/MIA-DSC03499.jpg?resize=576%2C383&#038;ssl=1\" alt=\"\" width=\"576\" height=\"383\" \/><\/p>\n<p><img data-recalc-dims=\"1\" decoding=\"async\" data-attachment-id=\"9558\" data-permalink=\"https:\/\/www.joyana.fr\/en\/whos-next-ete-2014\/9556\/blog_whos-next-2014-barleycorn_3-copie\/\" data-orig-file=\"https:\/\/i0.wp.com\/www.joyana.fr\/wp-content\/uploads\/2014\/07\/BLOG_WHOS-NEXT-2014-BARLEYCORN_3-copie.jpg?fit=1000%2C1000&amp;ssl=1\" data-orig-size=\"1000,1000\" data-comments-opened=\"1\" data-image-meta=\"{&quot;aperture&quot;:&quot;0&quot;,&quot;credit&quot;:&quot;&quot;,&quot;camera&quot;:&quot;&quot;,&quot;caption&quot;:&quot;&quot;,&quot;created_timestamp&quot;:&quot;0&quot;,&quot;copyright&quot;:&quot;&quot;,&quot;focal_length&quot;:&quot;0&quot;,&quot;iso&quot;:&quot;0&quot;,&quot;shutter_speed&quot;:&quot;0&quot;,&quot;title&quot;:&quot;&quot;,&quot;orientation&quot;:&quot;1&quot;}\" data-image-title=\"BLOG_WHOS NEXT 2014 BARLEYCORN_3 copie\" data-image-description=\"\" data-image-caption=\"\" data-medium-file=\"https:\/\/i0.wp.com\/www.joyana.fr\/wp-content\/uploads\/2014\/07\/BLOG_WHOS-NEXT-2014-BARLEYCORN_3-copie.jpg?fit=389%2C389&amp;ssl=1\" data-large-file=\"https:\/\/i0.wp.com\/www.joyana.fr\/wp-content\/uploads\/2014\/07\/BLOG_WHOS-NEXT-2014-BARLEYCORN_3-copie.jpg?fit=1000%2C1000&amp;ssl=1\" class=\"alignnone size-full wp-image-9558\" title=\"MIA par EMU x Jean NOUVEL\" src=\"https:\/\/i0.wp.com\/joyana.fr\/wp-content\/uploads\/MIA_DSC03498.jpg?resize=576%2C389&#038;ssl=1\" alt=\"\" width=\"576\" height=\"389\" \/><\/p>\n<p><img data-recalc-dims=\"1\" loading=\"lazy\" decoding=\"async\" data-attachment-id=\"9557\" data-permalink=\"https:\/\/www.joyana.fr\/en\/whos-next-ete-2014\/9556\/blog_whos-next-2014-barleycorn-copie\/\" data-orig-file=\"https:\/\/i0.wp.com\/www.joyana.fr\/wp-content\/uploads\/2014\/07\/BLOG_WHOS-NEXT-2014-BARLEYCORN-copie.jpg?fit=1000%2C1000&amp;ssl=1\" data-orig-size=\"1000,1000\" data-comments-opened=\"1\" data-image-meta=\"{&quot;aperture&quot;:&quot;0&quot;,&quot;credit&quot;:&quot;&quot;,&quot;camera&quot;:&quot;&quot;,&quot;caption&quot;:&quot;&quot;,&quot;created_timestamp&quot;:&quot;0&quot;,&quot;copyright&quot;:&quot;&quot;,&quot;focal_length&quot;:&quot;0&quot;,&quot;iso&quot;:&quot;0&quot;,&quot;shutter_speed&quot;:&quot;0&quot;,&quot;title&quot;:&quot;&quot;,&quot;orientation&quot;:&quot;1&quot;}\" data-image-title=\"BLOG_WHOS NEXT 2014 BARLEYCORN copie\" data-image-description=\"\" data-image-caption=\"\" data-medium-file=\"https:\/\/i0.wp.com\/www.joyana.fr\/wp-content\/uploads\/2014\/07\/BLOG_WHOS-NEXT-2014-BARLEYCORN-copie.jpg?fit=389%2C389&amp;ssl=1\" data-large-file=\"https:\/\/i0.wp.com\/www.joyana.fr\/wp-content\/uploads\/2014\/07\/BLOG_WHOS-NEXT-2014-BARLEYCORN-copie.jpg?fit=1000%2C1000&amp;ssl=1\" class=\"alignnone size-full wp-image-9557\" title=\"MIA par EMU x Jean NOUVEL\" src=\"https:\/\/i0.wp.com\/joyana.fr\/wp-content\/uploads\/MIA_DSC03497.jpg?resize=576%2C383&#038;ssl=1\" alt=\"\" width=\"576\" height=\"383\" \/><\/p>\n<p>En savoir + sur <a title=\"EMU\" href=\"http:\/\/me.emu.it\/\" target=\"_blank\"><strong>EMU<\/strong><\/a> &#038; <a title=\"JEAN NOUVEL\" href=\"http:\/\/www.jeannouvel.com\/\" target=\"_blank\"><strong>Jean NOUVEL<\/strong><\/a><\/p>\n","protected":false},"excerpt":{"rendered":"<p>Coup de c\u0153ur pour la gamme de mobilier MIA &#8211; imagin\u00e9e par l&#8217;architecte fran\u00e7ais Jean Nouvel pour EMU&#8230; L&#8217;\u00e9diteur italien EMU a r\u00e9v\u00e9l\u00e9 lors de la Milan Design Week 2012, sa nouvelle collection MIA &#8211; compos\u00e9e d&#8217;une chaise empilable (avec ou sans accoudoir), un fauteuil, un tabouret, un banc et une table (ronde ou rectangulaire)&#8230; [&hellip;]<\/p>\n","protected":false},"author":3,"featured_media":109556,"comment_status":"open","ping_status":"open","sticky":false,"template":"","format":"standard","meta":{"_coblocks_attr":"","_coblocks_dimensions":"","_coblocks_responsive_height":"","_coblocks_accordion_ie_support":"","_uag_custom_page_level_css":"","advgb_blocks_editor_width":"","advgb_blocks_columns_visual_guide":"","_genesis_hide_title":false,"_genesis_hide_breadcrumbs":false,"_genesis_hide_singular_image":false,"_genesis_hide_footer_widgets":false,"_genesis_custom_body_class":"","_genesis_custom_post_class":"","_genesis_layout":"","_themeisle_gutenberg_block_has_review":false,"_jetpack_newsletter_access":"","_jetpack_dont_email_post_to_subs":false,"_jetpack_newsletter_tier_id":0,"_jetpack_memberships_contains_paywalled_content":false,"_jetpack_memberships_contains_paid_content":false,"footnotes":""},"categories":[945,905,1113,993,942,944],"tags":[78,963],"class_list":{"0":"post-109554","1":"post","2":"type-post","3":"status-publish","4":"format-standard","5":"has-post-thumbnail","7":"category-chaise","8":"category-deco-design","9":"category-jean-nouvel","10":"category-milan-design-week","11":"category-mobilier","12":"category-table","13":"tag-design","14":"tag-salons-design","15":"entry"},"featured_image_urls":{"full":["https:\/\/i0.wp.com\/www.joyana.fr\/wp-content\/uploads\/old\/MIA-DSC03500.jpg?fit=576%2C386&ssl=1",576,386,false],"thumbnail":["https:\/\/i0.wp.com\/www.joyana.fr\/wp-content\/uploads\/old\/MIA-DSC03500.jpg?resize=150%2C150&ssl=1",150,150,true],"medium":["https:\/\/i0.wp.com\/www.joyana.fr\/wp-content\/uploads\/old\/MIA-DSC03500.jpg?fit=389%2C261&ssl=1",389,261,true],"medium_large":["https:\/\/i0.wp.com\/www.joyana.fr\/wp-content\/uploads\/old\/MIA-DSC03500.jpg?fit=576%2C386&ssl=1",576,386,true],"large":["https:\/\/i0.wp.com\/www.joyana.fr\/wp-content\/uploads\/old\/MIA-DSC03500.jpg?fit=576%2C386&ssl=1",576,386,true],"1536x1536":["https:\/\/i0.wp.com\/www.joyana.fr\/wp-content\/uploads\/old\/MIA-DSC03500.jpg?fit=576%2C386&ssl=1",576,386,true],"2048x2048":["https:\/\/i0.wp.com\/www.joyana.fr\/wp-content\/uploads\/old\/MIA-DSC03500.jpg?fit=576%2C386&ssl=1",576,386,true],"featured-thumb":["https:\/\/i0.wp.com\/www.joyana.fr\/wp-content\/uploads\/old\/MIA-DSC03500.jpg?resize=576%2C386&ssl=1",576,386,true],"ab-block-post-grid-landscape":["https:\/\/i0.wp.com\/www.joyana.fr\/wp-content\/uploads\/old\/MIA-DSC03500.jpg?resize=576%2C386&ssl=1",576,386,true],"ab-block-post-grid-square":["https:\/\/i0.wp.com\/www.joyana.fr\/wp-content\/uploads\/old\/MIA-DSC03500.jpg?resize=576%2C386&ssl=1",576,386,true],"author-pro-image":["https:\/\/i0.wp.com\/www.joyana.fr\/wp-content\/uploads\/old\/MIA-DSC03500.jpg?resize=360%2C386&ssl=1",360,386,true],"slider":["https:\/\/i0.wp.com\/www.joyana.fr\/wp-content\/uploads\/old\/MIA-DSC03500.jpg?resize=576%2C386&ssl=1",576,386,true],"woocommerce_thumbnail":["https:\/\/i0.wp.com\/www.joyana.fr\/wp-content\/uploads\/old\/MIA-DSC03500.jpg?resize=450%2C386&ssl=1",450,386,true],"woocommerce_single":["https:\/\/i0.wp.com\/www.joyana.fr\/wp-content\/uploads\/old\/MIA-DSC03500.jpg?fit=576%2C386&ssl=1",576,386,true],"woocommerce_gallery_thumbnail":["https:\/\/i0.wp.com\/www.joyana.fr\/wp-content\/uploads\/old\/MIA-DSC03500.jpg?resize=180%2C180&ssl=1",180,180,true],"sow-carousel-default":["https:\/\/i0.wp.com\/www.joyana.fr\/wp-content\/uploads\/old\/MIA-DSC03500.jpg?resize=272%2C182&ssl=1",272,182,true]},"post_excerpt_stackable":"<p>Coup de c\u0153ur pour la gamme de mobilier MIA &#8211; imagin\u00e9e par l&#8217;architecte fran\u00e7ais Jean Nouvel pour EMU&#8230; L&#8217;\u00e9diteur italien EMU a r\u00e9v\u00e9l\u00e9 lors de la Milan Design Week 2012, sa nouvelle collection MIA &#8211; compos\u00e9e d&#8217;une chaise empilable (avec ou sans accoudoir), un fauteuil, un tabouret, un banc et une table (ronde ou rectangulaire)&#8230; Con\u00e7ue par l&#8217;architecte et designer fran\u00e7ais Jean Nouvel, la collection MIA est fabriqu\u00e9e en acier tubulaire, et le si\u00e8ge et le dossier des assises sont en aluminium d\u00e9coup\u00e9 au laser. Choisissez parmi blanc, rouge, gris ou noir pour les coloris&#8230; En savoir + sur EMU&hellip;<\/p>\n","category_list":"<a href=\"https:\/\/www.joyana.fr\/en\/category\/deco-design\/mobilier\/assise\/chaise\/\" rel=\"category tag\">Chaise<\/a>, <a href=\"https:\/\/www.joyana.fr\/en\/category\/deco-design\/\" rel=\"category tag\">DECO-DESIGN<\/a>, <a href=\"https:\/\/www.joyana.fr\/en\/category\/deco-design\/designer\/jean-nouvel\/\" rel=\"category tag\">Jean NOUVEL<\/a>, <a href=\"https:\/\/www.joyana.fr\/en\/category\/deco-design\/actualite\/salon\/milan-design-week\/\" rel=\"category tag\">Milan Design Week<\/a>, <a href=\"https:\/\/www.joyana.fr\/en\/category\/deco-design\/mobilier\/\" rel=\"category tag\">Mobilier<\/a>, <a href=\"https:\/\/www.joyana.fr\/en\/category\/deco-design\/mobilier\/table\/\" rel=\"category tag\">Table<\/a>","author_info":{"display_name":"Jo Yana","author_link":"https:\/\/www.joyana.fr\/en\/author\/joyana\/"},"comments_num":"37 comments","featured_image_urls_v2":{"full":["https:\/\/i0.wp.com\/www.joyana.fr\/wp-content\/uploads\/old\/MIA-DSC03500.jpg?fit=576%2C386&ssl=1",576,386,false],"thumbnail":["https:\/\/i0.wp.com\/www.joyana.fr\/wp-content\/uploads\/old\/MIA-DSC03500.jpg?resize=150%2C150&ssl=1",150,150,true],"medium":["https:\/\/i0.wp.com\/www.joyana.fr\/wp-content\/uploads\/old\/MIA-DSC03500.jpg?fit=389%2C261&ssl=1",389,261,true],"medium_large":["https:\/\/i0.wp.com\/www.joyana.fr\/wp-content\/uploads\/old\/MIA-DSC03500.jpg?fit=576%2C386&ssl=1",576,386,true],"large":["https:\/\/i0.wp.com\/www.joyana.fr\/wp-content\/uploads\/old\/MIA-DSC03500.jpg?fit=576%2C386&ssl=1",576,386,true],"1536x1536":["https:\/\/i0.wp.com\/www.joyana.fr\/wp-content\/uploads\/old\/MIA-DSC03500.jpg?fit=576%2C386&ssl=1",576,386,true],"2048x2048":["https:\/\/i0.wp.com\/www.joyana.fr\/wp-content\/uploads\/old\/MIA-DSC03500.jpg?fit=576%2C386&ssl=1",576,386,true],"featured-thumb":["https:\/\/i0.wp.com\/www.joyana.fr\/wp-content\/uploads\/old\/MIA-DSC03500.jpg?resize=576%2C386&ssl=1",576,386,true],"ab-block-post-grid-landscape":["https:\/\/i0.wp.com\/www.joyana.fr\/wp-content\/uploads\/old\/MIA-DSC03500.jpg?resize=576%2C386&ssl=1",576,386,true],"ab-block-post-grid-square":["https:\/\/i0.wp.com\/www.joyana.fr\/wp-content\/uploads\/old\/MIA-DSC03500.jpg?resize=576%2C386&ssl=1",576,386,true],"author-pro-image":["https:\/\/i0.wp.com\/www.joyana.fr\/wp-content\/uploads\/old\/MIA-DSC03500.jpg?resize=360%2C386&ssl=1",360,386,true],"slider":["https:\/\/i0.wp.com\/www.joyana.fr\/wp-content\/uploads\/old\/MIA-DSC03500.jpg?resize=576%2C386&ssl=1",576,386,true],"woocommerce_thumbnail":["https:\/\/i0.wp.com\/www.joyana.fr\/wp-content\/uploads\/old\/MIA-DSC03500.jpg?resize=450%2C386&ssl=1",450,386,true],"woocommerce_single":["https:\/\/i0.wp.com\/www.joyana.fr\/wp-content\/uploads\/old\/MIA-DSC03500.jpg?fit=576%2C386&ssl=1",576,386,true],"woocommerce_gallery_thumbnail":["https:\/\/i0.wp.com\/www.joyana.fr\/wp-content\/uploads\/old\/MIA-DSC03500.jpg?resize=180%2C180&ssl=1",180,180,true],"sow-carousel-default":["https:\/\/i0.wp.com\/www.joyana.fr\/wp-content\/uploads\/old\/MIA-DSC03500.jpg?resize=272%2C182&ssl=1",272,182,true]},"post_excerpt_stackable_v2":"<p>Coup de c\u0153ur pour la gamme de mobilier MIA &#8211; imagin\u00e9e par l&#8217;architecte fran\u00e7ais Jean Nouvel pour EMU&#8230; L&#8217;\u00e9diteur italien EMU a r\u00e9v\u00e9l\u00e9 lors de la Milan Design Week 2012, sa nouvelle collection MIA &#8211; compos\u00e9e d&#8217;une chaise empilable (avec ou sans accoudoir), un fauteuil, un tabouret, un banc et une table (ronde ou rectangulaire)&#8230; Con\u00e7ue par l&#8217;architecte et designer fran\u00e7ais Jean Nouvel, la collection MIA est fabriqu\u00e9e en acier tubulaire, et le si\u00e8ge et le dossier des assises sont en aluminium d\u00e9coup\u00e9 au laser. Choisissez parmi blanc, rouge, gris ou noir pour les coloris&#8230; En savoir + sur EMU&hellip;<\/p>\n","category_list_v2":"<a href=\"https:\/\/www.joyana.fr\/en\/category\/deco-design\/mobilier\/assise\/chaise\/\" rel=\"category tag\">Chaise<\/a>, <a href=\"https:\/\/www.joyana.fr\/en\/category\/deco-design\/\" rel=\"category tag\">DECO-DESIGN<\/a>, <a href=\"https:\/\/www.joyana.fr\/en\/category\/deco-design\/designer\/jean-nouvel\/\" rel=\"category tag\">Jean NOUVEL<\/a>, <a href=\"https:\/\/www.joyana.fr\/en\/category\/deco-design\/actualite\/salon\/milan-design-week\/\" rel=\"category tag\">Milan Design Week<\/a>, <a href=\"https:\/\/www.joyana.fr\/en\/category\/deco-design\/mobilier\/\" rel=\"category tag\">Mobilier<\/a>, <a href=\"https:\/\/www.joyana.fr\/en\/category\/deco-design\/mobilier\/table\/\" rel=\"category tag\">Table<\/a>","author_info_v2":{"name":"Jo Yana","url":"https:\/\/www.joyana.fr\/en\/author\/joyana\/"},"comments_num_v2":"37 comments","yoast_head":"<!-- This site is optimized with the Yoast SEO plugin v26.8 - https:\/\/yoast.com\/product\/yoast-seo-wordpress\/ -->\n<title>MIA par EMU x Jean NOUVEL - JO YANA<\/title>\n<meta name=\"robots\" content=\"index, follow, max-snippet:-1, max-image-preview:large, max-video-preview:-1\" \/>\n<link rel=\"canonical\" href=\"https:\/\/joyana.fr\/en\/mia-par-emu-x-jean-nouvel\/109554\/\" \/>\n<meta property=\"og:locale\" content=\"en_US\" \/>\n<meta property=\"og:locale:alternate\" content=\"fr_FR\" \/>\n<meta property=\"og:locale:alternate\" content=\"ja\" \/>\n<meta property=\"og:type\" content=\"article\" \/>\n<meta property=\"og:title\" content=\"MIA par EMU x Jean NOUVEL - JO YANA\" \/>\n<meta property=\"og:description\" content=\"Coup de c\u0153ur pour la gamme de mobilier MIA &#8211; imagin\u00e9e par l&#8217;architecte fran\u00e7ais Jean Nouvel pour EMU&#8230; L&#8217;\u00e9diteur italien EMU a r\u00e9v\u00e9l\u00e9 lors de la Milan Design Week 2012, sa nouvelle collection MIA &#8211; compos\u00e9e d&#8217;une chaise empilable (avec ou sans accoudoir), un fauteuil, un tabouret, un banc et une table (ronde ou rectangulaire)&#8230; [&hellip;]\" \/>\n<meta property=\"og:url\" content=\"https:\/\/www.joyana.fr\/en\/mia-par-emu-x-jean-nouvel\/109554\/\" \/>\n<meta property=\"og:site_name\" content=\"JO YANA\" \/>\n<meta property=\"article:published_time\" content=\"2012-04-25T06:18:49+00:00\" \/>\n<meta property=\"og:image\" content=\"https:\/\/joyana.fr\/wp-content\/uploads\/old\/MIA-DSC03500.jpg\" \/>\n\t<meta property=\"og:image:width\" content=\"576\" \/>\n\t<meta property=\"og:image:height\" content=\"386\" \/>\n\t<meta property=\"og:image:type\" content=\"image\/jpeg\" \/>\n<meta name=\"author\" content=\"Jo Yana\" \/>\n<meta name=\"twitter:card\" content=\"summary_large_image\" \/>\n<meta name=\"twitter:creator\" content=\"@Jo_Yana\" \/>\n<meta name=\"twitter:site\" content=\"@Jo_Yana\" \/>\n<meta name=\"twitter:label1\" content=\"Written by\" \/>\n\t<meta name=\"twitter:data1\" content=\"Jo Yana\" \/>\n\t<meta name=\"twitter:label2\" content=\"Est. reading time\" \/>\n\t<meta name=\"twitter:data2\" content=\"1 minute\" \/>\n<script type=\"application\/ld+json\" class=\"yoast-schema-graph\">{\"@context\":\"https:\/\/schema.org\",\"@graph\":[{\"@type\":\"Article\",\"@id\":\"https:\/\/joyana.fr\/en\/mia-par-emu-x-jean-nouvel\/109554\/#article\",\"isPartOf\":{\"@id\":\"https:\/\/joyana.fr\/en\/mia-par-emu-x-jean-nouvel\/109554\/\"},\"author\":{\"name\":\"Jo Yana\",\"@id\":\"https:\/\/joyana.fr\/#\/schema\/person\/cf2a1ad12a27c12c21801075bf37407c\"},\"headline\":\"MIA par EMU x Jean NOUVEL\",\"datePublished\":\"2012-04-25T06:18:49+00:00\",\"mainEntityOfPage\":{\"@id\":\"https:\/\/joyana.fr\/en\/mia-par-emu-x-jean-nouvel\/109554\/\"},\"wordCount\":121,\"commentCount\":18,\"publisher\":{\"@id\":\"https:\/\/joyana.fr\/#\/schema\/person\/cf2a1ad12a27c12c21801075bf37407c\"},\"image\":{\"@id\":\"https:\/\/joyana.fr\/en\/mia-par-emu-x-jean-nouvel\/109554\/#primaryimage\"},\"thumbnailUrl\":\"https:\/\/i0.wp.com\/www.joyana.fr\/wp-content\/uploads\/old\/MIA-DSC03500.jpg?fit=576%2C386&ssl=1\",\"keywords\":[\"DESIGN\",\"Salons design\"],\"articleSection\":[\"Chaise\",\"DECO-DESIGN\",\"Jean NOUVEL\",\"Milan Design Week\",\"Mobilier\",\"Table\"],\"inLanguage\":\"en-US\",\"potentialAction\":[{\"@type\":\"CommentAction\",\"name\":\"Comment\",\"target\":[\"https:\/\/joyana.fr\/en\/mia-par-emu-x-jean-nouvel\/109554\/#respond\"]}]},{\"@type\":\"WebPage\",\"@id\":\"https:\/\/joyana.fr\/en\/mia-par-emu-x-jean-nouvel\/109554\/\",\"url\":\"https:\/\/joyana.fr\/en\/mia-par-emu-x-jean-nouvel\/109554\/\",\"name\":\"MIA par EMU x Jean NOUVEL - JO YANA\",\"isPartOf\":{\"@id\":\"https:\/\/joyana.fr\/#website\"},\"primaryImageOfPage\":{\"@id\":\"https:\/\/joyana.fr\/en\/mia-par-emu-x-jean-nouvel\/109554\/#primaryimage\"},\"image\":{\"@id\":\"https:\/\/joyana.fr\/en\/mia-par-emu-x-jean-nouvel\/109554\/#primaryimage\"},\"thumbnailUrl\":\"https:\/\/i0.wp.com\/www.joyana.fr\/wp-content\/uploads\/old\/MIA-DSC03500.jpg?fit=576%2C386&ssl=1\",\"datePublished\":\"2012-04-25T06:18:49+00:00\",\"breadcrumb\":{\"@id\":\"https:\/\/joyana.fr\/en\/mia-par-emu-x-jean-nouvel\/109554\/#breadcrumb\"},\"inLanguage\":\"en-US\",\"potentialAction\":[{\"@type\":\"ReadAction\",\"target\":[\"https:\/\/joyana.fr\/en\/mia-par-emu-x-jean-nouvel\/109554\/\"]}]},{\"@type\":\"ImageObject\",\"inLanguage\":\"en-US\",\"@id\":\"https:\/\/joyana.fr\/en\/mia-par-emu-x-jean-nouvel\/109554\/#primaryimage\",\"url\":\"https:\/\/i0.wp.com\/www.joyana.fr\/wp-content\/uploads\/old\/MIA-DSC03500.jpg?fit=576%2C386&ssl=1\",\"contentUrl\":\"https:\/\/i0.wp.com\/www.joyana.fr\/wp-content\/uploads\/old\/MIA-DSC03500.jpg?fit=576%2C386&ssl=1\",\"width\":576,\"height\":386},{\"@type\":\"BreadcrumbList\",\"@id\":\"https:\/\/joyana.fr\/en\/mia-par-emu-x-jean-nouvel\/109554\/#breadcrumb\",\"itemListElement\":[{\"@type\":\"ListItem\",\"position\":1,\"name\":\"Accueil\",\"item\":\"https:\/\/joyana.fr\/\"},{\"@type\":\"ListItem\",\"position\":2,\"name\":\"MIA par EMU x Jean NOUVEL\"}]},{\"@type\":\"WebSite\",\"@id\":\"https:\/\/joyana.fr\/#website\",\"url\":\"https:\/\/joyana.fr\/\",\"name\":\"JO YANA\",\"description\":\"Blog Mode Homme, Lifestyle, D\u00e9co-Design\",\"publisher\":{\"@id\":\"https:\/\/joyana.fr\/#\/schema\/person\/cf2a1ad12a27c12c21801075bf37407c\"},\"potentialAction\":[{\"@type\":\"SearchAction\",\"target\":{\"@type\":\"EntryPoint\",\"urlTemplate\":\"https:\/\/joyana.fr\/?s={search_term_string}\"},\"query-input\":{\"@type\":\"PropertyValueSpecification\",\"valueRequired\":true,\"valueName\":\"search_term_string\"}}],\"inLanguage\":\"en-US\"},{\"@type\":[\"Person\",\"Organization\"],\"@id\":\"https:\/\/joyana.fr\/#\/schema\/person\/cf2a1ad12a27c12c21801075bf37407c\",\"name\":\"Jo Yana\",\"image\":{\"@type\":\"ImageObject\",\"inLanguage\":\"en-US\",\"@id\":\"https:\/\/joyana.fr\/#\/schema\/person\/image\/\",\"url\":\"https:\/\/i0.wp.com\/www.joyana.fr\/wp-content\/uploads\/2016\/08\/cropped-joyana-logo-black-360x180.png?fit=343%2C164&ssl=1\",\"contentUrl\":\"https:\/\/i0.wp.com\/www.joyana.fr\/wp-content\/uploads\/2016\/08\/cropped-joyana-logo-black-360x180.png?fit=343%2C164&ssl=1\",\"width\":343,\"height\":164,\"caption\":\"Jo Yana\"},\"logo\":{\"@id\":\"https:\/\/joyana.fr\/#\/schema\/person\/image\/\"},\"description\":\"Jo Yana est le cr\u00e9ateur et r\u00e9dacteur en chef des sites DECO-DESIGN. Passionn\u00e9 de Design, Mode, Photo, Luxe, Lifestyle, Musique, mais avant tout Blogueur ! Le plaisir de partager l'anime et a comme devise \\\"POUR L'AMOUR DU BEAU\\\". Retrouvez le aussi sur son blog personnel - https:\/\/joyana.fr...\",\"sameAs\":[\"https:\/\/joyana.fr\/\"],\"url\":\"https:\/\/www.joyana.fr\/en\/author\/joyana\/\"}]}<\/script>\n<!-- \/ Yoast SEO plugin. -->","yoast_head_json":{"title":"MIA par EMU x Jean NOUVEL - JO YANA","robots":{"index":"index","follow":"follow","max-snippet":"max-snippet:-1","max-image-preview":"max-image-preview:large","max-video-preview":"max-video-preview:-1"},"canonical":"https:\/\/joyana.fr\/en\/mia-par-emu-x-jean-nouvel\/109554\/","og_locale":"en_US","og_type":"article","og_title":"MIA par EMU x Jean NOUVEL - JO YANA","og_description":"Coup de c\u0153ur pour la gamme de mobilier MIA &#8211; imagin\u00e9e par l&#8217;architecte fran\u00e7ais Jean Nouvel pour EMU&#8230; L&#8217;\u00e9diteur italien EMU a r\u00e9v\u00e9l\u00e9 lors de la Milan Design Week 2012, sa nouvelle collection MIA &#8211; compos\u00e9e d&#8217;une chaise empilable (avec ou sans accoudoir), un fauteuil, un tabouret, un banc et une table (ronde ou rectangulaire)&#8230; [&hellip;]","og_url":"https:\/\/www.joyana.fr\/en\/mia-par-emu-x-jean-nouvel\/109554\/","og_site_name":"JO YANA","article_published_time":"2012-04-25T06:18:49+00:00","og_image":[{"width":576,"height":386,"url":"https:\/\/joyana.fr\/wp-content\/uploads\/old\/MIA-DSC03500.jpg","type":"image\/jpeg"}],"author":"Jo Yana","twitter_card":"summary_large_image","twitter_creator":"@Jo_Yana","twitter_site":"@Jo_Yana","twitter_misc":{"Written by":"Jo Yana","Est. reading time":"1 minute"},"schema":{"@context":"https:\/\/schema.org","@graph":[{"@type":"Article","@id":"https:\/\/joyana.fr\/en\/mia-par-emu-x-jean-nouvel\/109554\/#article","isPartOf":{"@id":"https:\/\/joyana.fr\/en\/mia-par-emu-x-jean-nouvel\/109554\/"},"author":{"name":"Jo Yana","@id":"https:\/\/joyana.fr\/#\/schema\/person\/cf2a1ad12a27c12c21801075bf37407c"},"headline":"MIA par EMU x Jean NOUVEL","datePublished":"2012-04-25T06:18:49+00:00","mainEntityOfPage":{"@id":"https:\/\/joyana.fr\/en\/mia-par-emu-x-jean-nouvel\/109554\/"},"wordCount":121,"commentCount":18,"publisher":{"@id":"https:\/\/joyana.fr\/#\/schema\/person\/cf2a1ad12a27c12c21801075bf37407c"},"image":{"@id":"https:\/\/joyana.fr\/en\/mia-par-emu-x-jean-nouvel\/109554\/#primaryimage"},"thumbnailUrl":"https:\/\/i0.wp.com\/www.joyana.fr\/wp-content\/uploads\/old\/MIA-DSC03500.jpg?fit=576%2C386&ssl=1","keywords":["DESIGN","Salons design"],"articleSection":["Chaise","DECO-DESIGN","Jean NOUVEL","Milan Design Week","Mobilier","Table"],"inLanguage":"en-US","potentialAction":[{"@type":"CommentAction","name":"Comment","target":["https:\/\/joyana.fr\/en\/mia-par-emu-x-jean-nouvel\/109554\/#respond"]}]},{"@type":"WebPage","@id":"https:\/\/joyana.fr\/en\/mia-par-emu-x-jean-nouvel\/109554\/","url":"https:\/\/joyana.fr\/en\/mia-par-emu-x-jean-nouvel\/109554\/","name":"MIA par EMU x Jean NOUVEL - JO YANA","isPartOf":{"@id":"https:\/\/joyana.fr\/#website"},"primaryImageOfPage":{"@id":"https:\/\/joyana.fr\/en\/mia-par-emu-x-jean-nouvel\/109554\/#primaryimage"},"image":{"@id":"https:\/\/joyana.fr\/en\/mia-par-emu-x-jean-nouvel\/109554\/#primaryimage"},"thumbnailUrl":"https:\/\/i0.wp.com\/www.joyana.fr\/wp-content\/uploads\/old\/MIA-DSC03500.jpg?fit=576%2C386&ssl=1","datePublished":"2012-04-25T06:18:49+00:00","breadcrumb":{"@id":"https:\/\/joyana.fr\/en\/mia-par-emu-x-jean-nouvel\/109554\/#breadcrumb"},"inLanguage":"en-US","potentialAction":[{"@type":"ReadAction","target":["https:\/\/joyana.fr\/en\/mia-par-emu-x-jean-nouvel\/109554\/"]}]},{"@type":"ImageObject","inLanguage":"en-US","@id":"https:\/\/joyana.fr\/en\/mia-par-emu-x-jean-nouvel\/109554\/#primaryimage","url":"https:\/\/i0.wp.com\/www.joyana.fr\/wp-content\/uploads\/old\/MIA-DSC03500.jpg?fit=576%2C386&ssl=1","contentUrl":"https:\/\/i0.wp.com\/www.joyana.fr\/wp-content\/uploads\/old\/MIA-DSC03500.jpg?fit=576%2C386&ssl=1","width":576,"height":386},{"@type":"BreadcrumbList","@id":"https:\/\/joyana.fr\/en\/mia-par-emu-x-jean-nouvel\/109554\/#breadcrumb","itemListElement":[{"@type":"ListItem","position":1,"name":"Accueil","item":"https:\/\/joyana.fr\/"},{"@type":"ListItem","position":2,"name":"MIA par EMU x Jean NOUVEL"}]},{"@type":"WebSite","@id":"https:\/\/joyana.fr\/#website","url":"https:\/\/joyana.fr\/","name":"JO YANA","description":"Blog Mode Homme, Lifestyle, D\u00e9co-Design","publisher":{"@id":"https:\/\/joyana.fr\/#\/schema\/person\/cf2a1ad12a27c12c21801075bf37407c"},"potentialAction":[{"@type":"SearchAction","target":{"@type":"EntryPoint","urlTemplate":"https:\/\/joyana.fr\/?s={search_term_string}"},"query-input":{"@type":"PropertyValueSpecification","valueRequired":true,"valueName":"search_term_string"}}],"inLanguage":"en-US"},{"@type":["Person","Organization"],"@id":"https:\/\/joyana.fr\/#\/schema\/person\/cf2a1ad12a27c12c21801075bf37407c","name":"Jo Yana","image":{"@type":"ImageObject","inLanguage":"en-US","@id":"https:\/\/joyana.fr\/#\/schema\/person\/image\/","url":"https:\/\/i0.wp.com\/www.joyana.fr\/wp-content\/uploads\/2016\/08\/cropped-joyana-logo-black-360x180.png?fit=343%2C164&ssl=1","contentUrl":"https:\/\/i0.wp.com\/www.joyana.fr\/wp-content\/uploads\/2016\/08\/cropped-joyana-logo-black-360x180.png?fit=343%2C164&ssl=1","width":343,"height":164,"caption":"Jo Yana"},"logo":{"@id":"https:\/\/joyana.fr\/#\/schema\/person\/image\/"},"description":"Jo Yana est le cr\u00e9ateur et r\u00e9dacteur en chef des sites DECO-DESIGN. Passionn\u00e9 de Design, Mode, Photo, Luxe, Lifestyle, Musique, mais avant tout Blogueur ! Le plaisir de partager l'anime et a comme devise \"POUR L'AMOUR DU BEAU\". Retrouvez le aussi sur son blog personnel - https:\/\/joyana.fr...","sameAs":["https:\/\/joyana.fr\/"],"url":"https:\/\/www.joyana.fr\/en\/author\/joyana\/"}]}},"author_meta":{"display_name":"Jo Yana","author_link":"https:\/\/www.joyana.fr\/en\/author\/joyana\/"},"featured_img":"https:\/\/i0.wp.com\/www.joyana.fr\/wp-content\/uploads\/old\/MIA-DSC03500.jpg?fit=389%2C261&ssl=1","featured_image_src":"https:\/\/i0.wp.com\/www.joyana.fr\/wp-content\/uploads\/old\/MIA-DSC03500.jpg?resize=576%2C386&ssl=1","featured_image_src_square":"https:\/\/i0.wp.com\/www.joyana.fr\/wp-content\/uploads\/old\/MIA-DSC03500.jpg?resize=576%2C386&ssl=1","jetpack_featured_media_url":"https:\/\/i0.wp.com\/www.joyana.fr\/wp-content\/uploads\/old\/MIA-DSC03500.jpg?fit=576%2C386&ssl=1","uagb_featured_image_src":{"full":["https:\/\/i0.wp.com\/www.joyana.fr\/wp-content\/uploads\/old\/MIA-DSC03500.jpg?fit=576%2C386&ssl=1",576,386,false],"thumbnail":["https:\/\/i0.wp.com\/www.joyana.fr\/wp-content\/uploads\/old\/MIA-DSC03500.jpg?resize=150%2C150&ssl=1",150,150,true],"medium":["https:\/\/i0.wp.com\/www.joyana.fr\/wp-content\/uploads\/old\/MIA-DSC03500.jpg?fit=389%2C261&ssl=1",389,261,true],"medium_large":["https:\/\/i0.wp.com\/www.joyana.fr\/wp-content\/uploads\/old\/MIA-DSC03500.jpg?fit=576%2C386&ssl=1",576,386,true],"large":["https:\/\/i0.wp.com\/www.joyana.fr\/wp-content\/uploads\/old\/MIA-DSC03500.jpg?fit=576%2C386&ssl=1",576,386,true],"1536x1536":["https:\/\/i0.wp.com\/www.joyana.fr\/wp-content\/uploads\/old\/MIA-DSC03500.jpg?fit=576%2C386&ssl=1",576,386,true],"2048x2048":["https:\/\/i0.wp.com\/www.joyana.fr\/wp-content\/uploads\/old\/MIA-DSC03500.jpg?fit=576%2C386&ssl=1",576,386,true],"featured-thumb":["https:\/\/i0.wp.com\/www.joyana.fr\/wp-content\/uploads\/old\/MIA-DSC03500.jpg?resize=576%2C386&ssl=1",576,386,true],"ab-block-post-grid-landscape":["https:\/\/i0.wp.com\/www.joyana.fr\/wp-content\/uploads\/old\/MIA-DSC03500.jpg?resize=576%2C386&ssl=1",576,386,true],"ab-block-post-grid-square":["https:\/\/i0.wp.com\/www.joyana.fr\/wp-content\/uploads\/old\/MIA-DSC03500.jpg?resize=576%2C386&ssl=1",576,386,true],"author-pro-image":["https:\/\/i0.wp.com\/www.joyana.fr\/wp-content\/uploads\/old\/MIA-DSC03500.jpg?resize=360%2C386&ssl=1",360,386,true],"slider":["https:\/\/i0.wp.com\/www.joyana.fr\/wp-content\/uploads\/old\/MIA-DSC03500.jpg?resize=576%2C386&ssl=1",576,386,true],"woocommerce_thumbnail":["https:\/\/i0.wp.com\/www.joyana.fr\/wp-content\/uploads\/old\/MIA-DSC03500.jpg?resize=450%2C386&ssl=1",450,386,true],"woocommerce_single":["https:\/\/i0.wp.com\/www.joyana.fr\/wp-content\/uploads\/old\/MIA-DSC03500.jpg?fit=576%2C386&ssl=1",576,386,true],"woocommerce_gallery_thumbnail":["https:\/\/i0.wp.com\/www.joyana.fr\/wp-content\/uploads\/old\/MIA-DSC03500.jpg?resize=180%2C180&ssl=1",180,180,true],"sow-carousel-default":["https:\/\/i0.wp.com\/www.joyana.fr\/wp-content\/uploads\/old\/MIA-DSC03500.jpg?resize=272%2C182&ssl=1",272,182,true]},"uagb_author_info":{"display_name":"Jo Yana","author_link":"https:\/\/www.joyana.fr\/en\/author\/joyana\/"},"uagb_comment_info":37,"uagb_excerpt":"Coup de c\u0153ur pour la gamme de mobilier MIA &#8211; imagin\u00e9e par l&#8217;architecte fran\u00e7ais Jean Nouvel pour EMU&#8230; L&#8217;\u00e9diteur italien EMU a r\u00e9v\u00e9l\u00e9 lors de la Milan Design Week 2012, sa nouvelle collection MIA &#8211; compos\u00e9e d&#8217;une chaise empilable (avec ou sans accoudoir), un fauteuil, un tabouret, un banc et une table (ronde ou rectangulaire)&#8230;&hellip;","coauthors":[],"tax_additional":{"categories":{"linked":["<a href=\"https:\/\/www.joyana.fr\/en\/category\/deco-design\/mobilier\/assise\/chaise\/\" class=\"advgb-post-tax-term\">Chaise<\/a>","<a href=\"https:\/\/www.joyana.fr\/en\/category\/deco-design\/\" class=\"advgb-post-tax-term\">DECO-DESIGN<\/a>","<a href=\"https:\/\/www.joyana.fr\/en\/category\/deco-design\/designer\/jean-nouvel\/\" class=\"advgb-post-tax-term\">Jean NOUVEL<\/a>","<a href=\"https:\/\/www.joyana.fr\/en\/category\/deco-design\/actualite\/salon\/milan-design-week\/\" class=\"advgb-post-tax-term\">Milan Design Week<\/a>","<a href=\"https:\/\/www.joyana.fr\/en\/category\/deco-design\/mobilier\/\" class=\"advgb-post-tax-term\">Mobilier<\/a>","<a href=\"https:\/\/www.joyana.fr\/en\/category\/deco-design\/mobilier\/table\/\" class=\"advgb-post-tax-term\">Table<\/a>"],"unlinked":["<span class=\"advgb-post-tax-term\">Chaise<\/span>","<span class=\"advgb-post-tax-term\">DECO-DESIGN<\/span>","<span class=\"advgb-post-tax-term\">Jean NOUVEL<\/span>","<span class=\"advgb-post-tax-term\">Milan Design Week<\/span>","<span class=\"advgb-post-tax-term\">Mobilier<\/span>","<span class=\"advgb-post-tax-term\">Table<\/span>"]},"tags":{"linked":["<a href=\"https:\/\/www.joyana.fr\/en\/category\/deco-design\/mobilier\/table\/\" class=\"advgb-post-tax-term\">DESIGN<\/a>","<a href=\"https:\/\/www.joyana.fr\/en\/category\/deco-design\/mobilier\/table\/\" class=\"advgb-post-tax-term\">Salons design<\/a>"],"unlinked":["<span class=\"advgb-post-tax-term\">DESIGN<\/span>","<span class=\"advgb-post-tax-term\">Salons design<\/span>"]}},"comment_count":37,"relative_dates":{"created":"Posted 14 years ago","modified":"Updated 14 years ago"},"absolute_dates":{"created":"Posted on 25 April 2012","modified":"Updated on 25 April 2012"},"absolute_dates_time":{"created":"Posted on 25 April 2012 7:18","modified":"Updated on 25 April 2012 7:18"},"featured_img_caption":"","series_order":"","jetpack_sharing_enabled":true,"jetpack_shortlink":"https:\/\/wp.me\/p9bteI-sv0","jetpack-related-posts":[],"_links":{"self":[{"href":"https:\/\/www.joyana.fr\/en\/wp-json\/wp\/v2\/posts\/109554","targetHints":{"allow":["GET"]}}],"collection":[{"href":"https:\/\/www.joyana.fr\/en\/wp-json\/wp\/v2\/posts"}],"about":[{"href":"https:\/\/www.joyana.fr\/en\/wp-json\/wp\/v2\/types\/post"}],"author":[{"embeddable":true,"href":"https:\/\/www.joyana.fr\/en\/wp-json\/wp\/v2\/users\/3"}],"replies":[{"embeddable":true,"href":"https:\/\/www.joyana.fr\/en\/wp-json\/wp\/v2\/comments?post=109554"}],"version-history":[{"count":0,"href":"https:\/\/www.joyana.fr\/en\/wp-json\/wp\/v2\/posts\/109554\/revisions"}],"wp:featuredmedia":[{"embeddable":true,"href":"https:\/\/www.joyana.fr\/en\/wp-json\/wp\/v2\/media\/109556"}],"wp:attachment":[{"href":"https:\/\/www.joyana.fr\/en\/wp-json\/wp\/v2\/media?parent=109554"}],"wp:term":[{"taxonomy":"category","embeddable":true,"href":"https:\/\/www.joyana.fr\/en\/wp-json\/wp\/v2\/categories?post=109554"},{"taxonomy":"post_tag","embeddable":true,"href":"https:\/\/www.joyana.fr\/en\/wp-json\/wp\/v2\/tags?post=109554"}],"curies":[{"name":"wp","href":"https:\/\/api.w.org\/{rel}","templated":true}]}}