{"id":109383,"date":"2012-04-08T07:58:32","date_gmt":"2012-04-08T06:58:32","guid":{"rendered":"https:\/\/joyana.fr\/?p=9383"},"modified":"2012-04-08T07:58:32","modified_gmt":"2012-04-08T06:58:32","slug":"magazine-ad-karl-lagerfeld-108","status":"publish","type":"post","link":"https:\/\/www.joyana.fr\/en\/magazine-ad-karl-lagerfeld-108\/109383\/","title":{"rendered":"Magazine AD x Karl LAGERFELD"},"content":{"rendered":"<p>Le <strong>magazine AD<\/strong> offre la r\u00e9daction en chef de ses pages \u00e0 l\u2019un des cr\u00e9ateurs de mode les plus influents, <strong>Karl Lagerfeld<\/strong> !!! L&#8217;occasion de d\u00e9couvrir l\u2019envers du personnage, son go\u00fbt de toujours pour les arts d\u00e9coratifs, sa culture des cr\u00e9ateurs, son regard intransigeant sur l\u2019architecture, la d\u00e9coration, le design et l\u2019art\u2026<\/p>\n<p><img data-recalc-dims=\"1\" fetchpriority=\"high\" decoding=\"async\" class=\"alignnone size-full wp-image-9388\" title=\"Magazine AD - sign\u00e9 par Karl LAGERFELD\" src=\"https:\/\/i0.wp.com\/joyana.fr\/wp-content\/uploads\/AD-108-x-KarL-Cover.jpg?resize=576%2C747&#038;ssl=1\" alt=\"\" width=\"576\" height=\"747\" \/><\/p>\n<p>Dans ce num\u00e9ro exceptionnel <strong>AD x Karl Lagerfeld<\/strong>, c&#8217;est aussi l\u2019opportunit\u00e9 de s&#8217;introduire dans le nouveau d\u00e9cor de l&#8217;appartement parisien du cr\u00e9ateur, un lieu spatial et riche de signatures contemporaines.<\/p>\n<p><img data-recalc-dims=\"1\" decoding=\"async\" class=\"alignnone size-full wp-image-9386\" title=\"Magazine AD - sign\u00e9 par Karl LAGERFELD\" src=\"https:\/\/i0.wp.com\/joyana.fr\/wp-content\/uploads\/AD_KARL-LAGARFELD-Image-40.jpg?resize=576%2C682&#038;ssl=1\" alt=\"\" width=\"576\" height=\"682\" \/><\/p>\n<p>Ci-dessus le sommaire de ce num\u00e9ro <strong>AD x Karl Lagerfeld<\/strong> exceptionnel&#8230;<\/p>\n<p><img data-recalc-dims=\"1\" decoding=\"async\" class=\"alignnone size-full wp-image-9384\" title=\"Magazine AD - sign\u00e9 par Karl LAGERFELD\" src=\"https:\/\/i0.wp.com\/joyana.fr\/wp-content\/uploads\/AD-Appartement-KL-%C2%A9-Karl-Lagerfeld.jpg?resize=576%2C425&#038;ssl=1\" alt=\"\" width=\"576\" height=\"425\" \/><\/p>\n<pre>AD Appartement Karl Lagerfeld \u00a9 Karl Lagerfeld<\/pre>\n<p><img data-recalc-dims=\"1\" loading=\"lazy\" decoding=\"async\" class=\"alignnone size-full wp-image-9387\" title=\"Magazine AD - sign\u00e9 par Karl LAGERFELD\" src=\"https:\/\/i0.wp.com\/joyana.fr\/wp-content\/uploads\/AD-Rencontre-MN-et-KL-%C2%A9-Fre%CC%81de%CC%81ric-David.jpg?resize=576%2C758&#038;ssl=1\" alt=\"\" width=\"576\" height=\"758\" \/><\/p>\n<pre>AD Rencontre Marc Newson et Karl Lagerfeld \u00a9 Fre\u0301de\u0301ric David<\/pre>\n<p>Et en avant premi\u00e8re sur Deco-Design, l&#8217;\u00e9dito de <strong>Karl Lagerfeld<\/strong> pour <strong>AD<\/strong> :<\/p>\n<p><em>La maison prend une importance de plus en plus grande dans nos vies. Presque plus besoin de sortir \u2013 une certaine vision de la vie vient directement \u00e0 nous, pas seulement comme avant via la t\u00e9l\u00e9vision, mais aussi par le Net, les r\u00e9seaux sociaux et par la sophistication de plus en plus raffin\u00e9e des iPod et des iPad sans parler des iPhone.<\/em><br \/>\n<em> L\u2019information nous paralyse agr\u00e9ablement sur place et nous devenons les victimes heureuses et consentantes d\u2019une sorte de \u00ab cosy carc\u00e9ral\u00a0life \u00bb plus ou moins luxueuse.<\/em><\/p>\n<p><em>C\u2019est ainsi que le style du xxie si\u00e8cle se dessine lentement. Ce style est encore teint\u00e9 par de fortes doses de nostalgie et de r\u00e9f\u00e9rences \u00e0 un pass\u00e9 plus ou moins lointain. Les ann\u00e9es 1920 (le d\u00e9but de la \u00ab modernit\u00e9 \u00bb) et les ann\u00e9es 1960-1970 sont les plus pris\u00e9es pour le moment, jamais de reconstruction mais des \u00e9vocations subtiles. Pourtant nous vivons un grand moment du design avec des talents comme Marc Newson, les fr\u00e8res Bouroullec et Martin Szekely, pour ne citer que quelques-uns de ceux qui aident \u00e0 donner un nouveau visage stylistique \u00e0 nos int\u00e9rieurs.<\/em><\/p>\n<p><em>Nous sommes le c\u0153ur d\u2019une poup\u00e9e russe : les v\u00eatements d\u2019abord puis les appartements et les maisons\u2026 M\u00eames les rues et les villes sont \u00e0 inclure dans l\u2019\u00e9volution de nos pr\u00e9f\u00e9rences et de nos go\u00fbts. Les g\u00e9n\u00e9rations pr\u00e9c\u00e9dentes avaient le xviiie et m\u00eame l\u2019Antiquit\u00e9 comme mod\u00e8les \u2013 surtout en architectureOn n\u2019aimait pas trop ce qui \u00e9tait trop proche. Le cercle r\u00e9f\u00e9rent s\u2019est resserr\u00e9 dans le temps mais\u00a0rares restent les amateurs d\u2019un int\u00e9rieur totalement contemporain.<\/em><\/p>\n<p><em>Vivant entour\u00e9s d\u2019une technologie incroyablement \u00e9volu\u00e9e qui n\u2019existait presque pas il y a dix ans, nous avons besoin de rep\u00e8res qui nous relient \u00e0 des \u00e9poques qu\u2019on a tendance \u00e0 croire plus heureuses que la n\u00f4tre, mais que seuls le temps et la m\u00e9moire ont embellies. Ces r\u00e9f\u00e9rences nous guident et nous aident \u00e0 avancer dans le no man\u2019s land du digital encore plein de myst\u00e8res, d\u2019inconnues et de surprises.<\/em><\/p>\n<p><em>\u00ab Je naviguerai le ciel \u00e0 bord d\u2019un c\u0153ur sans capitaine \u00bb (je cite Catherine Pozzi de m\u00e9moire). C\u2019est au tour de AD d\u2019\u00eatre ce capitaine \u2013 ce capitaine d\u2019un go\u00fbt d\u2019aujourd\u2019hui qui doit traverser la mer de toutes les propositions et contourner les pi\u00e8ges dangereux qu\u2019il rencontrera sur sa route.<\/em><\/p>\n<h2>Karl Lagerfeld<\/h2>\n<p><span style=\"color: #000000;\">.<\/span><\/p>\n<p><strong><a title=\"AD\" href=\"http:\/\/www.admagazine.fr\/\" target=\"_blank\">AD num\u00e9ro 108<\/a> x <a title=\"KARL LAGERFELD TWITTER\" href=\"https:\/\/twitter.com\/#!\/karllagerfeld\" target=\"_blank\">Karl Lagerfeld<\/a><\/strong> &#8211; Mai 2012 &#8211; En vente le 13 Avril<\/p>\n<p>&nbsp;<\/p>\n","protected":false},"excerpt":{"rendered":"<p>Le magazine AD offre la r\u00e9daction en chef de ses pages \u00e0 l\u2019un des cr\u00e9ateurs de mode les plus influents, Karl Lagerfeld !!! L&#8217;occasion de d\u00e9couvrir l\u2019envers du personnage, son go\u00fbt de toujours pour les arts d\u00e9coratifs, sa culture des cr\u00e9ateurs, son regard intransigeant sur l\u2019architecture, la d\u00e9coration, le design et l\u2019art\u2026 Dans ce num\u00e9ro [&hellip;]<\/p>\n","protected":false},"author":3,"featured_media":109385,"comment_status":"open","ping_status":"open","sticky":false,"template":"","format":"standard","meta":{"_coblocks_attr":"","_coblocks_dimensions":"","_coblocks_responsive_height":"","_coblocks_accordion_ie_support":"","_uag_custom_page_level_css":"","advgb_blocks_editor_width":"","advgb_blocks_columns_visual_guide":"","_genesis_hide_title":false,"_genesis_hide_breadcrumbs":false,"_genesis_hide_singular_image":false,"_genesis_hide_footer_widgets":false,"_genesis_custom_body_class":"","_genesis_custom_post_class":"","_genesis_layout":"","_themeisle_gutenberg_block_has_review":false,"_jetpack_newsletter_access":"","_jetpack_dont_email_post_to_subs":false,"_jetpack_newsletter_tier_id":0,"_jetpack_memberships_contains_paywalled_content":false,"_jetpack_memberships_contains_paid_content":false,"footnotes":""},"categories":[1036,905,929],"tags":[8],"class_list":{"0":"post-109383","1":"post","2":"type-post","3":"status-publish","4":"format-standard","5":"has-post-thumbnail","7":"category-a-la-une","8":"category-deco-design","9":"category-livre-presse","10":"tag-magazine","11":"entry"},"featured_image_urls":{"full":["https:\/\/i0.wp.com\/www.joyana.fr\/wp-content\/uploads\/old\/AD_CAROUSSEL_KARL_DECO_DESIGN_NOV_2011.jpg?fit=1500%2C320&ssl=1",1500,320,false],"thumbnail":["https:\/\/i0.wp.com\/www.joyana.fr\/wp-content\/uploads\/old\/AD_CAROUSSEL_KARL_DECO_DESIGN_NOV_2011.jpg?resize=150%2C150&ssl=1",150,150,true],"medium":["https:\/\/i0.wp.com\/www.joyana.fr\/wp-content\/uploads\/old\/AD_CAROUSSEL_KARL_DECO_DESIGN_NOV_2011.jpg?fit=389%2C83&ssl=1",389,83,true],"medium_large":["https:\/\/i0.wp.com\/www.joyana.fr\/wp-content\/uploads\/old\/AD_CAROUSSEL_KARL_DECO_DESIGN_NOV_2011.jpg?fit=768%2C164&ssl=1",768,164,true],"large":["https:\/\/i0.wp.com\/www.joyana.fr\/wp-content\/uploads\/old\/AD_CAROUSSEL_KARL_DECO_DESIGN_NOV_2011.jpg?fit=1024%2C218&ssl=1",1024,218,true],"1536x1536":["https:\/\/i0.wp.com\/www.joyana.fr\/wp-content\/uploads\/old\/AD_CAROUSSEL_KARL_DECO_DESIGN_NOV_2011.jpg?fit=1500%2C320&ssl=1",1500,320,true],"2048x2048":["https:\/\/i0.wp.com\/www.joyana.fr\/wp-content\/uploads\/old\/AD_CAROUSSEL_KARL_DECO_DESIGN_NOV_2011.jpg?fit=1500%2C320&ssl=1",1500,320,true],"featured-thumb":["https:\/\/i0.wp.com\/www.joyana.fr\/wp-content\/uploads\/old\/AD_CAROUSSEL_KARL_DECO_DESIGN_NOV_2011.jpg?resize=1500%2C320&ssl=1",1500,320,true],"ab-block-post-grid-landscape":["https:\/\/i0.wp.com\/www.joyana.fr\/wp-content\/uploads\/old\/AD_CAROUSSEL_KARL_DECO_DESIGN_NOV_2011.jpg?resize=600%2C320&ssl=1",600,320,true],"ab-block-post-grid-square":["https:\/\/i0.wp.com\/www.joyana.fr\/wp-content\/uploads\/old\/AD_CAROUSSEL_KARL_DECO_DESIGN_NOV_2011.jpg?resize=600%2C320&ssl=1",600,320,true],"author-pro-image":["https:\/\/i0.wp.com\/www.joyana.fr\/wp-content\/uploads\/old\/AD_CAROUSSEL_KARL_DECO_DESIGN_NOV_2011.jpg?resize=360%2C320&ssl=1",360,320,true],"slider":["https:\/\/i0.wp.com\/www.joyana.fr\/wp-content\/uploads\/old\/AD_CAROUSSEL_KARL_DECO_DESIGN_NOV_2011.jpg?resize=920%2C320&ssl=1",920,320,true],"woocommerce_thumbnail":["https:\/\/i0.wp.com\/www.joyana.fr\/wp-content\/uploads\/old\/AD_CAROUSSEL_KARL_DECO_DESIGN_NOV_2011.jpg?resize=450%2C320&ssl=1",450,320,true],"woocommerce_single":["https:\/\/i0.wp.com\/www.joyana.fr\/wp-content\/uploads\/old\/AD_CAROUSSEL_KARL_DECO_DESIGN_NOV_2011.jpg?fit=920%2C196&ssl=1",920,196,true],"woocommerce_gallery_thumbnail":["https:\/\/i0.wp.com\/www.joyana.fr\/wp-content\/uploads\/old\/AD_CAROUSSEL_KARL_DECO_DESIGN_NOV_2011.jpg?resize=180%2C180&ssl=1",180,180,true],"sow-carousel-default":["https:\/\/i0.wp.com\/www.joyana.fr\/wp-content\/uploads\/old\/AD_CAROUSSEL_KARL_DECO_DESIGN_NOV_2011.jpg?resize=272%2C182&ssl=1",272,182,true]},"post_excerpt_stackable":"<p>Le magazine AD offre la r\u00e9daction en chef de ses pages \u00e0 l\u2019un des cr\u00e9ateurs de mode les plus influents, Karl Lagerfeld !!! L&#8217;occasion de d\u00e9couvrir l\u2019envers du personnage, son go\u00fbt de toujours pour les arts d\u00e9coratifs, sa culture des cr\u00e9ateurs, son regard intransigeant sur l\u2019architecture, la d\u00e9coration, le design et l\u2019art\u2026 Dans ce num\u00e9ro exceptionnel AD x Karl Lagerfeld, c&#8217;est aussi l\u2019opportunit\u00e9 de s&#8217;introduire dans le nouveau d\u00e9cor de l&#8217;appartement parisien du cr\u00e9ateur, un lieu spatial et riche de signatures contemporaines. Ci-dessus le sommaire de ce num\u00e9ro AD x Karl Lagerfeld exceptionnel&#8230; AD Appartement Karl Lagerfeld \u00a9 Karl Lagerfeld&hellip;<\/p>\n","category_list":"<a href=\"https:\/\/www.joyana.fr\/en\/category\/a-la-une\/\" rel=\"category tag\">A la une !!!<\/a>, <a href=\"https:\/\/www.joyana.fr\/en\/category\/deco-design\/\" rel=\"category tag\">DECO-DESIGN<\/a>, <a href=\"https:\/\/www.joyana.fr\/en\/category\/deco-design\/actualite\/livre-presse\/\" rel=\"category tag\">Livre &amp; Presse<\/a>","author_info":{"display_name":"Jo Yana","author_link":"https:\/\/www.joyana.fr\/en\/author\/joyana\/"},"comments_num":"4 comments","featured_image_urls_v2":{"full":["https:\/\/i0.wp.com\/www.joyana.fr\/wp-content\/uploads\/old\/AD_CAROUSSEL_KARL_DECO_DESIGN_NOV_2011.jpg?fit=1500%2C320&ssl=1",1500,320,false],"thumbnail":["https:\/\/i0.wp.com\/www.joyana.fr\/wp-content\/uploads\/old\/AD_CAROUSSEL_KARL_DECO_DESIGN_NOV_2011.jpg?resize=150%2C150&ssl=1",150,150,true],"medium":["https:\/\/i0.wp.com\/www.joyana.fr\/wp-content\/uploads\/old\/AD_CAROUSSEL_KARL_DECO_DESIGN_NOV_2011.jpg?fit=389%2C83&ssl=1",389,83,true],"medium_large":["https:\/\/i0.wp.com\/www.joyana.fr\/wp-content\/uploads\/old\/AD_CAROUSSEL_KARL_DECO_DESIGN_NOV_2011.jpg?fit=768%2C164&ssl=1",768,164,true],"large":["https:\/\/i0.wp.com\/www.joyana.fr\/wp-content\/uploads\/old\/AD_CAROUSSEL_KARL_DECO_DESIGN_NOV_2011.jpg?fit=1024%2C218&ssl=1",1024,218,true],"1536x1536":["https:\/\/i0.wp.com\/www.joyana.fr\/wp-content\/uploads\/old\/AD_CAROUSSEL_KARL_DECO_DESIGN_NOV_2011.jpg?fit=1500%2C320&ssl=1",1500,320,true],"2048x2048":["https:\/\/i0.wp.com\/www.joyana.fr\/wp-content\/uploads\/old\/AD_CAROUSSEL_KARL_DECO_DESIGN_NOV_2011.jpg?fit=1500%2C320&ssl=1",1500,320,true],"featured-thumb":["https:\/\/i0.wp.com\/www.joyana.fr\/wp-content\/uploads\/old\/AD_CAROUSSEL_KARL_DECO_DESIGN_NOV_2011.jpg?resize=1500%2C320&ssl=1",1500,320,true],"ab-block-post-grid-landscape":["https:\/\/i0.wp.com\/www.joyana.fr\/wp-content\/uploads\/old\/AD_CAROUSSEL_KARL_DECO_DESIGN_NOV_2011.jpg?resize=600%2C320&ssl=1",600,320,true],"ab-block-post-grid-square":["https:\/\/i0.wp.com\/www.joyana.fr\/wp-content\/uploads\/old\/AD_CAROUSSEL_KARL_DECO_DESIGN_NOV_2011.jpg?resize=600%2C320&ssl=1",600,320,true],"author-pro-image":["https:\/\/i0.wp.com\/www.joyana.fr\/wp-content\/uploads\/old\/AD_CAROUSSEL_KARL_DECO_DESIGN_NOV_2011.jpg?resize=360%2C320&ssl=1",360,320,true],"slider":["https:\/\/i0.wp.com\/www.joyana.fr\/wp-content\/uploads\/old\/AD_CAROUSSEL_KARL_DECO_DESIGN_NOV_2011.jpg?resize=920%2C320&ssl=1",920,320,true],"woocommerce_thumbnail":["https:\/\/i0.wp.com\/www.joyana.fr\/wp-content\/uploads\/old\/AD_CAROUSSEL_KARL_DECO_DESIGN_NOV_2011.jpg?resize=450%2C320&ssl=1",450,320,true],"woocommerce_single":["https:\/\/i0.wp.com\/www.joyana.fr\/wp-content\/uploads\/old\/AD_CAROUSSEL_KARL_DECO_DESIGN_NOV_2011.jpg?fit=920%2C196&ssl=1",920,196,true],"woocommerce_gallery_thumbnail":["https:\/\/i0.wp.com\/www.joyana.fr\/wp-content\/uploads\/old\/AD_CAROUSSEL_KARL_DECO_DESIGN_NOV_2011.jpg?resize=180%2C180&ssl=1",180,180,true],"sow-carousel-default":["https:\/\/i0.wp.com\/www.joyana.fr\/wp-content\/uploads\/old\/AD_CAROUSSEL_KARL_DECO_DESIGN_NOV_2011.jpg?resize=272%2C182&ssl=1",272,182,true]},"post_excerpt_stackable_v2":"<p>Le magazine AD offre la r\u00e9daction en chef de ses pages \u00e0 l\u2019un des cr\u00e9ateurs de mode les plus influents, Karl Lagerfeld !!! L&#8217;occasion de d\u00e9couvrir l\u2019envers du personnage, son go\u00fbt de toujours pour les arts d\u00e9coratifs, sa culture des cr\u00e9ateurs, son regard intransigeant sur l\u2019architecture, la d\u00e9coration, le design et l\u2019art\u2026 Dans ce num\u00e9ro exceptionnel AD x Karl Lagerfeld, c&#8217;est aussi l\u2019opportunit\u00e9 de s&#8217;introduire dans le nouveau d\u00e9cor de l&#8217;appartement parisien du cr\u00e9ateur, un lieu spatial et riche de signatures contemporaines. Ci-dessus le sommaire de ce num\u00e9ro AD x Karl Lagerfeld exceptionnel&#8230; AD Appartement Karl Lagerfeld \u00a9 Karl Lagerfeld&hellip;<\/p>\n","category_list_v2":"<a href=\"https:\/\/www.joyana.fr\/en\/category\/a-la-une\/\" rel=\"category tag\">A la une !!!<\/a>, <a href=\"https:\/\/www.joyana.fr\/en\/category\/deco-design\/\" rel=\"category tag\">DECO-DESIGN<\/a>, <a href=\"https:\/\/www.joyana.fr\/en\/category\/deco-design\/actualite\/livre-presse\/\" rel=\"category tag\">Livre &amp; Presse<\/a>","author_info_v2":{"name":"Jo Yana","url":"https:\/\/www.joyana.fr\/en\/author\/joyana\/"},"comments_num_v2":"4 comments","yoast_head":"<!-- This site is optimized with the Yoast SEO plugin v26.8 - https:\/\/yoast.com\/product\/yoast-seo-wordpress\/ -->\n<title>Magazine AD x Karl LAGERFELD - JO YANA<\/title>\n<meta name=\"robots\" content=\"index, follow, max-snippet:-1, max-image-preview:large, max-video-preview:-1\" \/>\n<link rel=\"canonical\" href=\"https:\/\/www.joyana.fr\/en\/magazine-ad-karl-lagerfeld-108\/109383\/\" \/>\n<meta property=\"og:locale\" content=\"en_US\" \/>\n<meta property=\"og:locale:alternate\" content=\"fr_FR\" \/>\n<meta property=\"og:locale:alternate\" content=\"ja\" \/>\n<meta property=\"og:type\" content=\"article\" \/>\n<meta property=\"og:title\" content=\"Magazine AD x Karl LAGERFELD - JO YANA\" \/>\n<meta property=\"og:description\" content=\"Le magazine AD offre la r\u00e9daction en chef de ses pages \u00e0 l\u2019un des cr\u00e9ateurs de mode les plus influents, Karl Lagerfeld !!! L&#8217;occasion de d\u00e9couvrir l\u2019envers du personnage, son go\u00fbt de toujours pour les arts d\u00e9coratifs, sa culture des cr\u00e9ateurs, son regard intransigeant sur l\u2019architecture, la d\u00e9coration, le design et l\u2019art\u2026 Dans ce num\u00e9ro [&hellip;]\" \/>\n<meta property=\"og:url\" content=\"https:\/\/www.joyana.fr\/en\/magazine-ad-karl-lagerfeld-108\/109383\/\" \/>\n<meta property=\"og:site_name\" content=\"JO YANA\" \/>\n<meta property=\"article:published_time\" content=\"2012-04-08T06:58:32+00:00\" \/>\n<meta property=\"og:image\" content=\"https:\/\/www.joyana.fr\/wp-content\/uploads\/old\/AD_CAROUSSEL_KARL_DECO_DESIGN_NOV_2011.jpg\" \/>\n\t<meta property=\"og:image:width\" content=\"1500\" \/>\n\t<meta property=\"og:image:height\" content=\"320\" \/>\n\t<meta property=\"og:image:type\" content=\"image\/jpeg\" \/>\n<meta name=\"author\" content=\"Jo Yana\" \/>\n<meta name=\"twitter:card\" content=\"summary_large_image\" \/>\n<meta name=\"twitter:creator\" content=\"@Jo_Yana\" \/>\n<meta name=\"twitter:site\" content=\"@Jo_Yana\" \/>\n<meta name=\"twitter:label1\" content=\"Written by\" \/>\n\t<meta name=\"twitter:data1\" content=\"Jo Yana\" \/>\n\t<meta name=\"twitter:label2\" content=\"Est. reading time\" \/>\n\t<meta name=\"twitter:data2\" content=\"3 minutes\" \/>\n<script type=\"application\/ld+json\" class=\"yoast-schema-graph\">{\"@context\":\"https:\/\/schema.org\",\"@graph\":[{\"@type\":\"Article\",\"@id\":\"https:\/\/www.joyana.fr\/ja\/magazine-ad-karl-lagerfeld-108\/109383\/#article\",\"isPartOf\":{\"@id\":\"https:\/\/www.joyana.fr\/ja\/magazine-ad-karl-lagerfeld-108\/109383\/\"},\"author\":{\"name\":\"Jo Yana\",\"@id\":\"https:\/\/joyana.fr\/#\/schema\/person\/cf2a1ad12a27c12c21801075bf37407c\"},\"headline\":\"Magazine AD x Karl LAGERFELD\",\"datePublished\":\"2012-04-08T06:58:32+00:00\",\"mainEntityOfPage\":{\"@id\":\"https:\/\/www.joyana.fr\/ja\/magazine-ad-karl-lagerfeld-108\/109383\/\"},\"wordCount\":573,\"commentCount\":2,\"publisher\":{\"@id\":\"https:\/\/joyana.fr\/#\/schema\/person\/cf2a1ad12a27c12c21801075bf37407c\"},\"image\":{\"@id\":\"https:\/\/www.joyana.fr\/ja\/magazine-ad-karl-lagerfeld-108\/109383\/#primaryimage\"},\"thumbnailUrl\":\"https:\/\/i0.wp.com\/www.joyana.fr\/wp-content\/uploads\/old\/AD_CAROUSSEL_KARL_DECO_DESIGN_NOV_2011.jpg?fit=1500%2C320&ssl=1\",\"keywords\":[\"Magazine\"],\"articleSection\":[\"A la une !!!\",\"DECO-DESIGN\",\"Livre &amp; Presse\"],\"inLanguage\":\"en-US\",\"potentialAction\":[{\"@type\":\"CommentAction\",\"name\":\"Comment\",\"target\":[\"https:\/\/www.joyana.fr\/ja\/magazine-ad-karl-lagerfeld-108\/109383\/#respond\"]}]},{\"@type\":\"WebPage\",\"@id\":\"https:\/\/www.joyana.fr\/ja\/magazine-ad-karl-lagerfeld-108\/109383\/\",\"url\":\"https:\/\/www.joyana.fr\/ja\/magazine-ad-karl-lagerfeld-108\/109383\/\",\"name\":\"Magazine AD x Karl LAGERFELD - JO YANA\",\"isPartOf\":{\"@id\":\"https:\/\/joyana.fr\/#website\"},\"primaryImageOfPage\":{\"@id\":\"https:\/\/www.joyana.fr\/ja\/magazine-ad-karl-lagerfeld-108\/109383\/#primaryimage\"},\"image\":{\"@id\":\"https:\/\/www.joyana.fr\/ja\/magazine-ad-karl-lagerfeld-108\/109383\/#primaryimage\"},\"thumbnailUrl\":\"https:\/\/i0.wp.com\/www.joyana.fr\/wp-content\/uploads\/old\/AD_CAROUSSEL_KARL_DECO_DESIGN_NOV_2011.jpg?fit=1500%2C320&ssl=1\",\"datePublished\":\"2012-04-08T06:58:32+00:00\",\"breadcrumb\":{\"@id\":\"https:\/\/www.joyana.fr\/ja\/magazine-ad-karl-lagerfeld-108\/109383\/#breadcrumb\"},\"inLanguage\":\"en-US\",\"potentialAction\":[{\"@type\":\"ReadAction\",\"target\":[\"https:\/\/www.joyana.fr\/ja\/magazine-ad-karl-lagerfeld-108\/109383\/\"]}]},{\"@type\":\"ImageObject\",\"inLanguage\":\"en-US\",\"@id\":\"https:\/\/www.joyana.fr\/ja\/magazine-ad-karl-lagerfeld-108\/109383\/#primaryimage\",\"url\":\"https:\/\/i0.wp.com\/www.joyana.fr\/wp-content\/uploads\/old\/AD_CAROUSSEL_KARL_DECO_DESIGN_NOV_2011.jpg?fit=1500%2C320&ssl=1\",\"contentUrl\":\"https:\/\/i0.wp.com\/www.joyana.fr\/wp-content\/uploads\/old\/AD_CAROUSSEL_KARL_DECO_DESIGN_NOV_2011.jpg?fit=1500%2C320&ssl=1\",\"width\":1500,\"height\":320},{\"@type\":\"BreadcrumbList\",\"@id\":\"https:\/\/www.joyana.fr\/ja\/magazine-ad-karl-lagerfeld-108\/109383\/#breadcrumb\",\"itemListElement\":[{\"@type\":\"ListItem\",\"position\":1,\"name\":\"Accueil\",\"item\":\"https:\/\/joyana.fr\/\"},{\"@type\":\"ListItem\",\"position\":2,\"name\":\"Magazine AD x Karl LAGERFELD\"}]},{\"@type\":\"WebSite\",\"@id\":\"https:\/\/joyana.fr\/#website\",\"url\":\"https:\/\/joyana.fr\/\",\"name\":\"JO YANA\",\"description\":\"Blog Mode Homme, Lifestyle, D\u00e9co-Design\",\"publisher\":{\"@id\":\"https:\/\/joyana.fr\/#\/schema\/person\/cf2a1ad12a27c12c21801075bf37407c\"},\"potentialAction\":[{\"@type\":\"SearchAction\",\"target\":{\"@type\":\"EntryPoint\",\"urlTemplate\":\"https:\/\/joyana.fr\/?s={search_term_string}\"},\"query-input\":{\"@type\":\"PropertyValueSpecification\",\"valueRequired\":true,\"valueName\":\"search_term_string\"}}],\"inLanguage\":\"en-US\"},{\"@type\":[\"Person\",\"Organization\"],\"@id\":\"https:\/\/joyana.fr\/#\/schema\/person\/cf2a1ad12a27c12c21801075bf37407c\",\"name\":\"Jo Yana\",\"image\":{\"@type\":\"ImageObject\",\"inLanguage\":\"en-US\",\"@id\":\"https:\/\/joyana.fr\/#\/schema\/person\/image\/\",\"url\":\"https:\/\/i0.wp.com\/www.joyana.fr\/wp-content\/uploads\/2016\/08\/cropped-joyana-logo-black-360x180.png?fit=343%2C164&ssl=1\",\"contentUrl\":\"https:\/\/i0.wp.com\/www.joyana.fr\/wp-content\/uploads\/2016\/08\/cropped-joyana-logo-black-360x180.png?fit=343%2C164&ssl=1\",\"width\":343,\"height\":164,\"caption\":\"Jo Yana\"},\"logo\":{\"@id\":\"https:\/\/joyana.fr\/#\/schema\/person\/image\/\"},\"description\":\"Jo Yana est le cr\u00e9ateur et r\u00e9dacteur en chef des sites DECO-DESIGN. Passionn\u00e9 de Design, Mode, Photo, Luxe, Lifestyle, Musique, mais avant tout Blogueur ! Le plaisir de partager l'anime et a comme devise \\\"POUR L'AMOUR DU BEAU\\\". Retrouvez le aussi sur son blog personnel - https:\/\/joyana.fr...\",\"sameAs\":[\"https:\/\/joyana.fr\/\"],\"url\":\"https:\/\/www.joyana.fr\/en\/author\/joyana\/\"}]}<\/script>\n<!-- \/ Yoast SEO plugin. -->","yoast_head_json":{"title":"Magazine AD x Karl LAGERFELD - JO YANA","robots":{"index":"index","follow":"follow","max-snippet":"max-snippet:-1","max-image-preview":"max-image-preview:large","max-video-preview":"max-video-preview:-1"},"canonical":"https:\/\/www.joyana.fr\/en\/magazine-ad-karl-lagerfeld-108\/109383\/","og_locale":"en_US","og_type":"article","og_title":"Magazine AD x Karl LAGERFELD - JO YANA","og_description":"Le magazine AD offre la r\u00e9daction en chef de ses pages \u00e0 l\u2019un des cr\u00e9ateurs de mode les plus influents, Karl Lagerfeld !!! L&#8217;occasion de d\u00e9couvrir l\u2019envers du personnage, son go\u00fbt de toujours pour les arts d\u00e9coratifs, sa culture des cr\u00e9ateurs, son regard intransigeant sur l\u2019architecture, la d\u00e9coration, le design et l\u2019art\u2026 Dans ce num\u00e9ro [&hellip;]","og_url":"https:\/\/www.joyana.fr\/en\/magazine-ad-karl-lagerfeld-108\/109383\/","og_site_name":"JO YANA","article_published_time":"2012-04-08T06:58:32+00:00","og_image":[{"width":1500,"height":320,"url":"https:\/\/www.joyana.fr\/wp-content\/uploads\/old\/AD_CAROUSSEL_KARL_DECO_DESIGN_NOV_2011.jpg","type":"image\/jpeg"}],"author":"Jo Yana","twitter_card":"summary_large_image","twitter_creator":"@Jo_Yana","twitter_site":"@Jo_Yana","twitter_misc":{"Written by":"Jo Yana","Est. reading time":"3 minutes"},"schema":{"@context":"https:\/\/schema.org","@graph":[{"@type":"Article","@id":"https:\/\/www.joyana.fr\/ja\/magazine-ad-karl-lagerfeld-108\/109383\/#article","isPartOf":{"@id":"https:\/\/www.joyana.fr\/ja\/magazine-ad-karl-lagerfeld-108\/109383\/"},"author":{"name":"Jo Yana","@id":"https:\/\/joyana.fr\/#\/schema\/person\/cf2a1ad12a27c12c21801075bf37407c"},"headline":"Magazine AD x Karl LAGERFELD","datePublished":"2012-04-08T06:58:32+00:00","mainEntityOfPage":{"@id":"https:\/\/www.joyana.fr\/ja\/magazine-ad-karl-lagerfeld-108\/109383\/"},"wordCount":573,"commentCount":2,"publisher":{"@id":"https:\/\/joyana.fr\/#\/schema\/person\/cf2a1ad12a27c12c21801075bf37407c"},"image":{"@id":"https:\/\/www.joyana.fr\/ja\/magazine-ad-karl-lagerfeld-108\/109383\/#primaryimage"},"thumbnailUrl":"https:\/\/i0.wp.com\/www.joyana.fr\/wp-content\/uploads\/old\/AD_CAROUSSEL_KARL_DECO_DESIGN_NOV_2011.jpg?fit=1500%2C320&ssl=1","keywords":["Magazine"],"articleSection":["A la une !!!","DECO-DESIGN","Livre &amp; Presse"],"inLanguage":"en-US","potentialAction":[{"@type":"CommentAction","name":"Comment","target":["https:\/\/www.joyana.fr\/ja\/magazine-ad-karl-lagerfeld-108\/109383\/#respond"]}]},{"@type":"WebPage","@id":"https:\/\/www.joyana.fr\/ja\/magazine-ad-karl-lagerfeld-108\/109383\/","url":"https:\/\/www.joyana.fr\/ja\/magazine-ad-karl-lagerfeld-108\/109383\/","name":"Magazine AD x Karl LAGERFELD - JO YANA","isPartOf":{"@id":"https:\/\/joyana.fr\/#website"},"primaryImageOfPage":{"@id":"https:\/\/www.joyana.fr\/ja\/magazine-ad-karl-lagerfeld-108\/109383\/#primaryimage"},"image":{"@id":"https:\/\/www.joyana.fr\/ja\/magazine-ad-karl-lagerfeld-108\/109383\/#primaryimage"},"thumbnailUrl":"https:\/\/i0.wp.com\/www.joyana.fr\/wp-content\/uploads\/old\/AD_CAROUSSEL_KARL_DECO_DESIGN_NOV_2011.jpg?fit=1500%2C320&ssl=1","datePublished":"2012-04-08T06:58:32+00:00","breadcrumb":{"@id":"https:\/\/www.joyana.fr\/ja\/magazine-ad-karl-lagerfeld-108\/109383\/#breadcrumb"},"inLanguage":"en-US","potentialAction":[{"@type":"ReadAction","target":["https:\/\/www.joyana.fr\/ja\/magazine-ad-karl-lagerfeld-108\/109383\/"]}]},{"@type":"ImageObject","inLanguage":"en-US","@id":"https:\/\/www.joyana.fr\/ja\/magazine-ad-karl-lagerfeld-108\/109383\/#primaryimage","url":"https:\/\/i0.wp.com\/www.joyana.fr\/wp-content\/uploads\/old\/AD_CAROUSSEL_KARL_DECO_DESIGN_NOV_2011.jpg?fit=1500%2C320&ssl=1","contentUrl":"https:\/\/i0.wp.com\/www.joyana.fr\/wp-content\/uploads\/old\/AD_CAROUSSEL_KARL_DECO_DESIGN_NOV_2011.jpg?fit=1500%2C320&ssl=1","width":1500,"height":320},{"@type":"BreadcrumbList","@id":"https:\/\/www.joyana.fr\/ja\/magazine-ad-karl-lagerfeld-108\/109383\/#breadcrumb","itemListElement":[{"@type":"ListItem","position":1,"name":"Accueil","item":"https:\/\/joyana.fr\/"},{"@type":"ListItem","position":2,"name":"Magazine AD x Karl LAGERFELD"}]},{"@type":"WebSite","@id":"https:\/\/joyana.fr\/#website","url":"https:\/\/joyana.fr\/","name":"JO YANA","description":"Blog Mode Homme, Lifestyle, D\u00e9co-Design","publisher":{"@id":"https:\/\/joyana.fr\/#\/schema\/person\/cf2a1ad12a27c12c21801075bf37407c"},"potentialAction":[{"@type":"SearchAction","target":{"@type":"EntryPoint","urlTemplate":"https:\/\/joyana.fr\/?s={search_term_string}"},"query-input":{"@type":"PropertyValueSpecification","valueRequired":true,"valueName":"search_term_string"}}],"inLanguage":"en-US"},{"@type":["Person","Organization"],"@id":"https:\/\/joyana.fr\/#\/schema\/person\/cf2a1ad12a27c12c21801075bf37407c","name":"Jo Yana","image":{"@type":"ImageObject","inLanguage":"en-US","@id":"https:\/\/joyana.fr\/#\/schema\/person\/image\/","url":"https:\/\/i0.wp.com\/www.joyana.fr\/wp-content\/uploads\/2016\/08\/cropped-joyana-logo-black-360x180.png?fit=343%2C164&ssl=1","contentUrl":"https:\/\/i0.wp.com\/www.joyana.fr\/wp-content\/uploads\/2016\/08\/cropped-joyana-logo-black-360x180.png?fit=343%2C164&ssl=1","width":343,"height":164,"caption":"Jo Yana"},"logo":{"@id":"https:\/\/joyana.fr\/#\/schema\/person\/image\/"},"description":"Jo Yana est le cr\u00e9ateur et r\u00e9dacteur en chef des sites DECO-DESIGN. Passionn\u00e9 de Design, Mode, Photo, Luxe, Lifestyle, Musique, mais avant tout Blogueur ! Le plaisir de partager l'anime et a comme devise \"POUR L'AMOUR DU BEAU\". Retrouvez le aussi sur son blog personnel - https:\/\/joyana.fr...","sameAs":["https:\/\/joyana.fr\/"],"url":"https:\/\/www.joyana.fr\/en\/author\/joyana\/"}]}},"author_meta":{"display_name":"Jo Yana","author_link":"https:\/\/www.joyana.fr\/en\/author\/joyana\/"},"featured_img":"https:\/\/i0.wp.com\/www.joyana.fr\/wp-content\/uploads\/old\/AD_CAROUSSEL_KARL_DECO_DESIGN_NOV_2011.jpg?fit=389%2C83&ssl=1","featured_image_src":"https:\/\/i0.wp.com\/www.joyana.fr\/wp-content\/uploads\/old\/AD_CAROUSSEL_KARL_DECO_DESIGN_NOV_2011.jpg?resize=600%2C320&ssl=1","featured_image_src_square":"https:\/\/i0.wp.com\/www.joyana.fr\/wp-content\/uploads\/old\/AD_CAROUSSEL_KARL_DECO_DESIGN_NOV_2011.jpg?resize=600%2C320&ssl=1","jetpack_featured_media_url":"https:\/\/i0.wp.com\/www.joyana.fr\/wp-content\/uploads\/old\/AD_CAROUSSEL_KARL_DECO_DESIGN_NOV_2011.jpg?fit=1500%2C320&ssl=1","uagb_featured_image_src":{"full":["https:\/\/i0.wp.com\/www.joyana.fr\/wp-content\/uploads\/old\/AD_CAROUSSEL_KARL_DECO_DESIGN_NOV_2011.jpg?fit=1500%2C320&ssl=1",1500,320,false],"thumbnail":["https:\/\/i0.wp.com\/www.joyana.fr\/wp-content\/uploads\/old\/AD_CAROUSSEL_KARL_DECO_DESIGN_NOV_2011.jpg?resize=150%2C150&ssl=1",150,150,true],"medium":["https:\/\/i0.wp.com\/www.joyana.fr\/wp-content\/uploads\/old\/AD_CAROUSSEL_KARL_DECO_DESIGN_NOV_2011.jpg?fit=389%2C83&ssl=1",389,83,true],"medium_large":["https:\/\/i0.wp.com\/www.joyana.fr\/wp-content\/uploads\/old\/AD_CAROUSSEL_KARL_DECO_DESIGN_NOV_2011.jpg?fit=768%2C164&ssl=1",768,164,true],"large":["https:\/\/i0.wp.com\/www.joyana.fr\/wp-content\/uploads\/old\/AD_CAROUSSEL_KARL_DECO_DESIGN_NOV_2011.jpg?fit=1024%2C218&ssl=1",1024,218,true],"1536x1536":["https:\/\/i0.wp.com\/www.joyana.fr\/wp-content\/uploads\/old\/AD_CAROUSSEL_KARL_DECO_DESIGN_NOV_2011.jpg?fit=1500%2C320&ssl=1",1500,320,true],"2048x2048":["https:\/\/i0.wp.com\/www.joyana.fr\/wp-content\/uploads\/old\/AD_CAROUSSEL_KARL_DECO_DESIGN_NOV_2011.jpg?fit=1500%2C320&ssl=1",1500,320,true],"featured-thumb":["https:\/\/i0.wp.com\/www.joyana.fr\/wp-content\/uploads\/old\/AD_CAROUSSEL_KARL_DECO_DESIGN_NOV_2011.jpg?resize=1500%2C320&ssl=1",1500,320,true],"ab-block-post-grid-landscape":["https:\/\/i0.wp.com\/www.joyana.fr\/wp-content\/uploads\/old\/AD_CAROUSSEL_KARL_DECO_DESIGN_NOV_2011.jpg?resize=600%2C320&ssl=1",600,320,true],"ab-block-post-grid-square":["https:\/\/i0.wp.com\/www.joyana.fr\/wp-content\/uploads\/old\/AD_CAROUSSEL_KARL_DECO_DESIGN_NOV_2011.jpg?resize=600%2C320&ssl=1",600,320,true],"author-pro-image":["https:\/\/i0.wp.com\/www.joyana.fr\/wp-content\/uploads\/old\/AD_CAROUSSEL_KARL_DECO_DESIGN_NOV_2011.jpg?resize=360%2C320&ssl=1",360,320,true],"slider":["https:\/\/i0.wp.com\/www.joyana.fr\/wp-content\/uploads\/old\/AD_CAROUSSEL_KARL_DECO_DESIGN_NOV_2011.jpg?resize=920%2C320&ssl=1",920,320,true],"woocommerce_thumbnail":["https:\/\/i0.wp.com\/www.joyana.fr\/wp-content\/uploads\/old\/AD_CAROUSSEL_KARL_DECO_DESIGN_NOV_2011.jpg?resize=450%2C320&ssl=1",450,320,true],"woocommerce_single":["https:\/\/i0.wp.com\/www.joyana.fr\/wp-content\/uploads\/old\/AD_CAROUSSEL_KARL_DECO_DESIGN_NOV_2011.jpg?fit=920%2C196&ssl=1",920,196,true],"woocommerce_gallery_thumbnail":["https:\/\/i0.wp.com\/www.joyana.fr\/wp-content\/uploads\/old\/AD_CAROUSSEL_KARL_DECO_DESIGN_NOV_2011.jpg?resize=180%2C180&ssl=1",180,180,true],"sow-carousel-default":["https:\/\/i0.wp.com\/www.joyana.fr\/wp-content\/uploads\/old\/AD_CAROUSSEL_KARL_DECO_DESIGN_NOV_2011.jpg?resize=272%2C182&ssl=1",272,182,true]},"uagb_author_info":{"display_name":"Jo Yana","author_link":"https:\/\/www.joyana.fr\/en\/author\/joyana\/"},"uagb_comment_info":161,"uagb_excerpt":"Le magazine AD offre la r\u00e9daction en chef de ses pages \u00e0 l\u2019un des cr\u00e9ateurs de mode les plus influents, Karl Lagerfeld !!! L&#8217;occasion de d\u00e9couvrir l\u2019envers du personnage, son go\u00fbt de toujours pour les arts d\u00e9coratifs, sa culture des cr\u00e9ateurs, son regard intransigeant sur l\u2019architecture, la d\u00e9coration, le design et l\u2019art\u2026 Dans ce num\u00e9ro&hellip;","coauthors":[],"tax_additional":{"categories":{"linked":["<a href=\"https:\/\/www.joyana.fr\/en\/category\/a-la-une\/\" class=\"advgb-post-tax-term\">A la une !!!<\/a>","<a href=\"https:\/\/www.joyana.fr\/en\/category\/deco-design\/\" class=\"advgb-post-tax-term\">DECO-DESIGN<\/a>","<a href=\"https:\/\/www.joyana.fr\/en\/category\/deco-design\/actualite\/livre-presse\/\" class=\"advgb-post-tax-term\">Livre &amp; Presse<\/a>"],"unlinked":["<span class=\"advgb-post-tax-term\">A la une !!!<\/span>","<span class=\"advgb-post-tax-term\">DECO-DESIGN<\/span>","<span class=\"advgb-post-tax-term\">Livre &amp; Presse<\/span>"]},"tags":{"linked":["<a href=\"https:\/\/www.joyana.fr\/en\/category\/deco-design\/actualite\/livre-presse\/\" class=\"advgb-post-tax-term\">Magazine<\/a>"],"unlinked":["<span class=\"advgb-post-tax-term\">Magazine<\/span>"]}},"comment_count":4,"relative_dates":{"created":"Posted 14 years ago","modified":"Updated 14 years ago"},"absolute_dates":{"created":"Posted on 8 April 2012","modified":"Updated on 8 April 2012"},"absolute_dates_time":{"created":"Posted on 8 April 2012 7:58","modified":"Updated on 8 April 2012 7:58"},"featured_img_caption":"","series_order":"","jetpack_sharing_enabled":true,"jetpack_shortlink":"https:\/\/wp.me\/p9bteI-ssf","jetpack-related-posts":[],"_links":{"self":[{"href":"https:\/\/www.joyana.fr\/en\/wp-json\/wp\/v2\/posts\/109383","targetHints":{"allow":["GET"]}}],"collection":[{"href":"https:\/\/www.joyana.fr\/en\/wp-json\/wp\/v2\/posts"}],"about":[{"href":"https:\/\/www.joyana.fr\/en\/wp-json\/wp\/v2\/types\/post"}],"author":[{"embeddable":true,"href":"https:\/\/www.joyana.fr\/en\/wp-json\/wp\/v2\/users\/3"}],"replies":[{"embeddable":true,"href":"https:\/\/www.joyana.fr\/en\/wp-json\/wp\/v2\/comments?post=109383"}],"version-history":[{"count":0,"href":"https:\/\/www.joyana.fr\/en\/wp-json\/wp\/v2\/posts\/109383\/revisions"}],"wp:featuredmedia":[{"embeddable":true,"href":"https:\/\/www.joyana.fr\/en\/wp-json\/wp\/v2\/media\/109385"}],"wp:attachment":[{"href":"https:\/\/www.joyana.fr\/en\/wp-json\/wp\/v2\/media?parent=109383"}],"wp:term":[{"taxonomy":"category","embeddable":true,"href":"https:\/\/www.joyana.fr\/en\/wp-json\/wp\/v2\/categories?post=109383"},{"taxonomy":"post_tag","embeddable":true,"href":"https:\/\/www.joyana.fr\/en\/wp-json\/wp\/v2\/tags?post=109383"}],"curies":[{"name":"wp","href":"https:\/\/api.w.org\/{rel}","templated":true}]}}