{"id":109299,"date":"2012-03-28T12:58:08","date_gmt":"2012-03-28T11:58:08","guid":{"rendered":"https:\/\/joyana.fr\/?p=9299"},"modified":"2012-03-28T12:58:08","modified_gmt":"2012-03-28T11:58:08","slug":"lampe-nomad-lampe-solaire-portable-o-sun-alain-gilles","status":"publish","type":"post","link":"https:\/\/www.joyana.fr\/en\/lampe-nomad-lampe-solaire-portable-o-sun-alain-gilles\/109299\/","title":{"rendered":"Lampe NOMAD par O&#8217;SUN x Alain GILLES"},"content":{"rendered":"<p>Le designer belge <strong>Alain Gilles<\/strong> nous pr\u00e9sente <strong>NOMAD<\/strong> &#8211; une <strong>lampe solaire portable rechargeable<\/strong> con\u00e7ue par <strong>O&#8217;Sun<\/strong>, pour les pays en voie de d\u00e9veloppement et les pays d\u00e9velopp\u00e9s&#8230;<\/p>\n<p><img data-recalc-dims=\"1\" fetchpriority=\"high\" decoding=\"async\" class=\"alignnone size-full wp-image-9302\" title=\"Lampe NOMAD par O'SUN x Alain GILLES\" src=\"https:\/\/i0.wp.com\/joyana.fr\/wp-content\/uploads\/ALAIN-image004.jpg?resize=576%2C584&#038;ssl=1\" alt=\"\" width=\"576\" height=\"584\" \/><\/p>\n<p>La <strong>lampe solaire NOMAD d\u2019O\u2019SUN\u2122<\/strong> \u00e0 \u00e9t\u00e9 dessin\u00e9e pour r\u00e9pondre \u00e0 un besoin, am\u00e9liorer la qualit\u00e9 de vie de ses utilisateurs et dans certains cas les faire entrer dans la modernit\u00e9 et\/ou le d\u00e9veloppement durable&#8230; En effet <strong>NOMAD<\/strong> \u00e0 \u00e9t\u00e9 con\u00e7ue pour des mondes bien diff\u00e9rents :<\/p>\n<p>Tout d\u2019abord, pour r\u00e9pondre aux besoins de famille n\u2019ayant pas acc\u00e8s \u00e0 l\u2019\u00e9lectricit\u00e9 dans le monde et plus particuli\u00e8rement dans les pays en voie de d\u00e9veloppement et par la m\u00eame fournir une alternative aux lampes \u00e0 p\u00e9trole responsable de nombreux accidents&#8230;<\/p>\n<p>De plus pour \u00eatre utilis\u00e9e dans le cas de situations d\u2019urgence (catastrophe naturelle ou humanitaire) mais \u00e9galement pour \u00eatre utilis\u00e9e en occident par tout un chacun qui a besoin de lumi\u00e8re sur sa terrasse ou dans son abris de jardin et appr\u00e9ciera la flexibilit\u00e9 d\u2019une lampe solaire rechargeable, son aspect contemporain et bien sur sa dimension \u00e9cologique&#8230;<\/p>\n<p><img data-recalc-dims=\"1\" decoding=\"async\" class=\"alignnone size-full wp-image-9304\" title=\"Lampe NOMAD par O'SUN x Alain GILLES\" src=\"https:\/\/i0.wp.com\/joyana.fr\/wp-content\/uploads\/ALAIN-image011.jpg?resize=576%2C407&#038;ssl=1\" alt=\"\" width=\"576\" height=\"407\" \/><\/p>\n<p>La lampe \u00e0 \u00e9t\u00e9 con\u00e7ue de mani\u00e8re \u00e0 \u00eatre aussi \u00e9vidente \u00e0 utiliser que possible avec un bouton poussoir unique pour diff\u00e9rents r\u00e9glages, et un temps d\u2019\u00e9clairage de plus de 6 heure \u00e0 pleine intensit\u00e9 elle sera la seule source de lumi\u00e8re. Elle pourra \u00eatre pos\u00e9e \u00e0 m\u00eame le sol sans crainte puisque son globe lumineux est prot\u00e9g\u00e9 par un disque en silicone. C\u2019est \u00e9galement ce disque qui l\u2019emp\u00eachera de glisser d\u2019une table&#8230;<\/p>\n<p><img data-recalc-dims=\"1\" decoding=\"async\" class=\"alignnone size-full wp-image-9303\" title=\"Lampe NOMAD par O'SUN x Alain GILLES\" src=\"https:\/\/i0.wp.com\/joyana.fr\/wp-content\/uploads\/ALAIN-image007.jpg?resize=576%2C407&#038;ssl=1\" alt=\"\" width=\"576\" height=\"407\" \/><\/p>\n<p><img data-recalc-dims=\"1\" loading=\"lazy\" decoding=\"async\" class=\"alignnone size-full wp-image-9305\" title=\"Lampe NOMAD par O'SUN x Alain GILLES\" src=\"https:\/\/i0.wp.com\/joyana.fr\/wp-content\/uploads\/ALAIN_image006.jpg?resize=576%2C407&#038;ssl=1\" alt=\"\" width=\"576\" height=\"407\" \/><\/p>\n<p><img data-recalc-dims=\"1\" loading=\"lazy\" decoding=\"async\" class=\"alignnone size-full wp-image-9301\" title=\"Lampe NOMAD par O'SUN x Alain GILLES\" src=\"https:\/\/i0.wp.com\/joyana.fr\/wp-content\/uploads\/ALAIN-image002.jpg?resize=576%2C215&#038;ssl=1\" alt=\"\" width=\"576\" height=\"215\" \/><\/p>\n<p><img data-recalc-dims=\"1\" loading=\"lazy\" decoding=\"async\" class=\"alignnone size-full wp-image-9300\" title=\"Lampe NOMAD par O'SUN x Alain GILLES\" src=\"https:\/\/i0.wp.com\/joyana.fr\/wp-content\/uploads\/ALAIN-image009.jpg?resize=576%2C407&#038;ssl=1\" alt=\"\" width=\"576\" height=\"407\" \/><\/p>\n<p>En savoir <strong>+<\/strong> sur <a title=\"Alain GILLES\" href=\"http:\/\/www.alaingilles.com\/\" target=\"_blank\"><strong>Alain GILLES<\/strong><\/a> <strong><\/strong><\/p>\n","protected":false},"excerpt":{"rendered":"<p>Le designer belge Alain Gilles nous pr\u00e9sente NOMAD &#8211; une lampe solaire portable rechargeable con\u00e7ue par O&#8217;Sun, pour les pays en voie de d\u00e9veloppement et les pays d\u00e9velopp\u00e9s&#8230; La lampe solaire NOMAD d\u2019O\u2019SUN\u2122 \u00e0 \u00e9t\u00e9 dessin\u00e9e pour r\u00e9pondre \u00e0 un besoin, am\u00e9liorer la qualit\u00e9 de vie de ses utilisateurs et dans certains cas les faire [&hellip;]<\/p>\n","protected":false},"author":3,"featured_media":109302,"comment_status":"open","ping_status":"open","sticky":false,"template":"","format":"standard","meta":{"_coblocks_attr":"","_coblocks_dimensions":"","_coblocks_responsive_height":"","_coblocks_accordion_ie_support":"","_uag_custom_page_level_css":"","advgb_blocks_editor_width":"","advgb_blocks_columns_visual_guide":"","_genesis_hide_title":false,"_genesis_hide_breadcrumbs":false,"_genesis_hide_singular_image":false,"_genesis_hide_footer_widgets":false,"_genesis_custom_body_class":"","_genesis_custom_post_class":"","_genesis_layout":"","_themeisle_gutenberg_block_has_review":false,"_jetpack_newsletter_access":"","_jetpack_dont_email_post_to_subs":false,"_jetpack_newsletter_tier_id":0,"_jetpack_memberships_contains_paywalled_content":false,"_jetpack_memberships_contains_paid_content":false,"footnotes":""},"categories":[1011,905,917],"tags":[78,952],"class_list":{"0":"post-109299","1":"post","2":"type-post","3":"status-publish","4":"format-standard","5":"has-post-thumbnail","7":"category-alain-gilles","8":"category-deco-design","9":"category-luminaire","10":"tag-design","11":"tag-led","12":"entry"},"featured_image_urls":{"full":["https:\/\/i0.wp.com\/www.joyana.fr\/wp-content\/uploads\/old\/ALAIN-image004.jpg?fit=576%2C584&ssl=1",576,584,false],"thumbnail":["https:\/\/i0.wp.com\/www.joyana.fr\/wp-content\/uploads\/old\/ALAIN-image004.jpg?resize=150%2C150&ssl=1",150,150,true],"medium":["https:\/\/i0.wp.com\/www.joyana.fr\/wp-content\/uploads\/old\/ALAIN-image004.jpg?fit=384%2C389&ssl=1",384,389,true],"medium_large":["https:\/\/i0.wp.com\/www.joyana.fr\/wp-content\/uploads\/old\/ALAIN-image004.jpg?fit=576%2C584&ssl=1",576,584,true],"large":["https:\/\/i0.wp.com\/www.joyana.fr\/wp-content\/uploads\/old\/ALAIN-image004.jpg?fit=576%2C584&ssl=1",576,584,true],"1536x1536":["https:\/\/i0.wp.com\/www.joyana.fr\/wp-content\/uploads\/old\/ALAIN-image004.jpg?fit=576%2C584&ssl=1",576,584,true],"2048x2048":["https:\/\/i0.wp.com\/www.joyana.fr\/wp-content\/uploads\/old\/ALAIN-image004.jpg?fit=576%2C584&ssl=1",576,584,true],"featured-thumb":["https:\/\/i0.wp.com\/www.joyana.fr\/wp-content\/uploads\/old\/ALAIN-image004.jpg?resize=576%2C584&ssl=1",576,584,true],"ab-block-post-grid-landscape":["https:\/\/i0.wp.com\/www.joyana.fr\/wp-content\/uploads\/old\/ALAIN-image004.jpg?resize=576%2C400&ssl=1",576,400,true],"ab-block-post-grid-square":["https:\/\/i0.wp.com\/www.joyana.fr\/wp-content\/uploads\/old\/ALAIN-image004.jpg?resize=576%2C584&ssl=1",576,584,true],"author-pro-image":["https:\/\/i0.wp.com\/www.joyana.fr\/wp-content\/uploads\/old\/ALAIN-image004.jpg?resize=360%2C570&ssl=1",360,570,true],"slider":["https:\/\/i0.wp.com\/www.joyana.fr\/wp-content\/uploads\/old\/ALAIN-image004.jpg?resize=576%2C400&ssl=1",576,400,true],"woocommerce_thumbnail":["https:\/\/i0.wp.com\/www.joyana.fr\/wp-content\/uploads\/old\/ALAIN-image004.jpg?resize=450%2C450&ssl=1",450,450,true],"woocommerce_single":["https:\/\/i0.wp.com\/www.joyana.fr\/wp-content\/uploads\/old\/ALAIN-image004.jpg?fit=576%2C584&ssl=1",576,584,true],"woocommerce_gallery_thumbnail":["https:\/\/i0.wp.com\/www.joyana.fr\/wp-content\/uploads\/old\/ALAIN-image004.jpg?resize=180%2C180&ssl=1",180,180,true],"sow-carousel-default":["https:\/\/i0.wp.com\/www.joyana.fr\/wp-content\/uploads\/old\/ALAIN-image004.jpg?resize=272%2C182&ssl=1",272,182,true]},"post_excerpt_stackable":"<p>Le designer belge Alain Gilles nous pr\u00e9sente NOMAD &#8211; une lampe solaire portable rechargeable con\u00e7ue par O&#8217;Sun, pour les pays en voie de d\u00e9veloppement et les pays d\u00e9velopp\u00e9s&#8230; La lampe solaire NOMAD d\u2019O\u2019SUN\u2122 \u00e0 \u00e9t\u00e9 dessin\u00e9e pour r\u00e9pondre \u00e0 un besoin, am\u00e9liorer la qualit\u00e9 de vie de ses utilisateurs et dans certains cas les faire entrer dans la modernit\u00e9 et\/ou le d\u00e9veloppement durable&#8230; En effet NOMAD \u00e0 \u00e9t\u00e9 con\u00e7ue pour des mondes bien diff\u00e9rents : Tout d\u2019abord, pour r\u00e9pondre aux besoins de famille n\u2019ayant pas acc\u00e8s \u00e0 l\u2019\u00e9lectricit\u00e9 dans le monde et plus particuli\u00e8rement dans les pays en voie de&hellip;<\/p>\n","category_list":"<a href=\"https:\/\/www.joyana.fr\/en\/category\/deco-design\/designer\/alain-gilles\/\" rel=\"category tag\">Alain GILLES<\/a>, <a href=\"https:\/\/www.joyana.fr\/en\/category\/deco-design\/\" rel=\"category tag\">DECO-DESIGN<\/a>, <a href=\"https:\/\/www.joyana.fr\/en\/category\/deco-design\/luminaire\/\" rel=\"category tag\">Luminaire<\/a>","author_info":{"display_name":"Jo Yana","author_link":"https:\/\/www.joyana.fr\/en\/author\/joyana\/"},"comments_num":"15 comments","featured_image_urls_v2":{"full":["https:\/\/i0.wp.com\/www.joyana.fr\/wp-content\/uploads\/old\/ALAIN-image004.jpg?fit=576%2C584&ssl=1",576,584,false],"thumbnail":["https:\/\/i0.wp.com\/www.joyana.fr\/wp-content\/uploads\/old\/ALAIN-image004.jpg?resize=150%2C150&ssl=1",150,150,true],"medium":["https:\/\/i0.wp.com\/www.joyana.fr\/wp-content\/uploads\/old\/ALAIN-image004.jpg?fit=384%2C389&ssl=1",384,389,true],"medium_large":["https:\/\/i0.wp.com\/www.joyana.fr\/wp-content\/uploads\/old\/ALAIN-image004.jpg?fit=576%2C584&ssl=1",576,584,true],"large":["https:\/\/i0.wp.com\/www.joyana.fr\/wp-content\/uploads\/old\/ALAIN-image004.jpg?fit=576%2C584&ssl=1",576,584,true],"1536x1536":["https:\/\/i0.wp.com\/www.joyana.fr\/wp-content\/uploads\/old\/ALAIN-image004.jpg?fit=576%2C584&ssl=1",576,584,true],"2048x2048":["https:\/\/i0.wp.com\/www.joyana.fr\/wp-content\/uploads\/old\/ALAIN-image004.jpg?fit=576%2C584&ssl=1",576,584,true],"featured-thumb":["https:\/\/i0.wp.com\/www.joyana.fr\/wp-content\/uploads\/old\/ALAIN-image004.jpg?resize=576%2C584&ssl=1",576,584,true],"ab-block-post-grid-landscape":["https:\/\/i0.wp.com\/www.joyana.fr\/wp-content\/uploads\/old\/ALAIN-image004.jpg?resize=576%2C400&ssl=1",576,400,true],"ab-block-post-grid-square":["https:\/\/i0.wp.com\/www.joyana.fr\/wp-content\/uploads\/old\/ALAIN-image004.jpg?resize=576%2C584&ssl=1",576,584,true],"author-pro-image":["https:\/\/i0.wp.com\/www.joyana.fr\/wp-content\/uploads\/old\/ALAIN-image004.jpg?resize=360%2C570&ssl=1",360,570,true],"slider":["https:\/\/i0.wp.com\/www.joyana.fr\/wp-content\/uploads\/old\/ALAIN-image004.jpg?resize=576%2C400&ssl=1",576,400,true],"woocommerce_thumbnail":["https:\/\/i0.wp.com\/www.joyana.fr\/wp-content\/uploads\/old\/ALAIN-image004.jpg?resize=450%2C450&ssl=1",450,450,true],"woocommerce_single":["https:\/\/i0.wp.com\/www.joyana.fr\/wp-content\/uploads\/old\/ALAIN-image004.jpg?fit=576%2C584&ssl=1",576,584,true],"woocommerce_gallery_thumbnail":["https:\/\/i0.wp.com\/www.joyana.fr\/wp-content\/uploads\/old\/ALAIN-image004.jpg?resize=180%2C180&ssl=1",180,180,true],"sow-carousel-default":["https:\/\/i0.wp.com\/www.joyana.fr\/wp-content\/uploads\/old\/ALAIN-image004.jpg?resize=272%2C182&ssl=1",272,182,true]},"post_excerpt_stackable_v2":"<p>Le designer belge Alain Gilles nous pr\u00e9sente NOMAD &#8211; une lampe solaire portable rechargeable con\u00e7ue par O&#8217;Sun, pour les pays en voie de d\u00e9veloppement et les pays d\u00e9velopp\u00e9s&#8230; La lampe solaire NOMAD d\u2019O\u2019SUN\u2122 \u00e0 \u00e9t\u00e9 dessin\u00e9e pour r\u00e9pondre \u00e0 un besoin, am\u00e9liorer la qualit\u00e9 de vie de ses utilisateurs et dans certains cas les faire entrer dans la modernit\u00e9 et\/ou le d\u00e9veloppement durable&#8230; En effet NOMAD \u00e0 \u00e9t\u00e9 con\u00e7ue pour des mondes bien diff\u00e9rents : Tout d\u2019abord, pour r\u00e9pondre aux besoins de famille n\u2019ayant pas acc\u00e8s \u00e0 l\u2019\u00e9lectricit\u00e9 dans le monde et plus particuli\u00e8rement dans les pays en voie de&hellip;<\/p>\n","category_list_v2":"<a href=\"https:\/\/www.joyana.fr\/en\/category\/deco-design\/designer\/alain-gilles\/\" rel=\"category tag\">Alain GILLES<\/a>, <a href=\"https:\/\/www.joyana.fr\/en\/category\/deco-design\/\" rel=\"category tag\">DECO-DESIGN<\/a>, <a href=\"https:\/\/www.joyana.fr\/en\/category\/deco-design\/luminaire\/\" rel=\"category tag\">Luminaire<\/a>","author_info_v2":{"name":"Jo Yana","url":"https:\/\/www.joyana.fr\/en\/author\/joyana\/"},"comments_num_v2":"15 comments","yoast_head":"<!-- This site is optimized with the Yoast SEO plugin v26.8 - https:\/\/yoast.com\/product\/yoast-seo-wordpress\/ -->\n<title>Lampe NOMAD par O&#039;SUN x Alain GILLES - JO YANA<\/title>\n<meta name=\"robots\" content=\"index, follow, max-snippet:-1, max-image-preview:large, max-video-preview:-1\" \/>\n<link rel=\"canonical\" href=\"https:\/\/www.joyana.fr\/en\/lampe-nomad-lampe-solaire-portable-o-sun-alain-gilles\/109299\/\" \/>\n<meta property=\"og:locale\" content=\"en_US\" \/>\n<meta property=\"og:locale:alternate\" content=\"fr_FR\" \/>\n<meta property=\"og:locale:alternate\" content=\"ja\" \/>\n<meta property=\"og:type\" content=\"article\" \/>\n<meta property=\"og:title\" content=\"Lampe NOMAD par O&#039;SUN x Alain GILLES - JO YANA\" \/>\n<meta property=\"og:description\" content=\"Le designer belge Alain Gilles nous pr\u00e9sente NOMAD &#8211; une lampe solaire portable rechargeable con\u00e7ue par O&#8217;Sun, pour les pays en voie de d\u00e9veloppement et les pays d\u00e9velopp\u00e9s&#8230; La lampe solaire NOMAD d\u2019O\u2019SUN\u2122 \u00e0 \u00e9t\u00e9 dessin\u00e9e pour r\u00e9pondre \u00e0 un besoin, am\u00e9liorer la qualit\u00e9 de vie de ses utilisateurs et dans certains cas les faire [&hellip;]\" \/>\n<meta property=\"og:url\" content=\"https:\/\/www.joyana.fr\/en\/lampe-nomad-lampe-solaire-portable-o-sun-alain-gilles\/109299\/\" \/>\n<meta property=\"og:site_name\" content=\"JO YANA\" \/>\n<meta property=\"article:published_time\" content=\"2012-03-28T11:58:08+00:00\" \/>\n<meta property=\"og:image\" content=\"https:\/\/www.joyana.fr\/wp-content\/uploads\/old\/ALAIN-image004.jpg\" \/>\n\t<meta property=\"og:image:width\" content=\"576\" \/>\n\t<meta property=\"og:image:height\" content=\"584\" \/>\n\t<meta property=\"og:image:type\" content=\"image\/jpeg\" \/>\n<meta name=\"author\" content=\"Jo Yana\" \/>\n<meta name=\"twitter:card\" content=\"summary_large_image\" \/>\n<meta name=\"twitter:creator\" content=\"@Jo_Yana\" \/>\n<meta name=\"twitter:site\" content=\"@Jo_Yana\" \/>\n<meta name=\"twitter:label1\" content=\"Written by\" \/>\n\t<meta name=\"twitter:data1\" content=\"Jo Yana\" \/>\n\t<meta name=\"twitter:label2\" content=\"Est. reading time\" \/>\n\t<meta name=\"twitter:data2\" content=\"1 minute\" \/>\n<script type=\"application\/ld+json\" class=\"yoast-schema-graph\">{\"@context\":\"https:\/\/schema.org\",\"@graph\":[{\"@type\":\"Article\",\"@id\":\"https:\/\/www.joyana.fr\/ja\/lampe-nomad-lampe-solaire-portable-o-sun-alain-gilles\/109299\/#article\",\"isPartOf\":{\"@id\":\"https:\/\/www.joyana.fr\/ja\/lampe-nomad-lampe-solaire-portable-o-sun-alain-gilles\/109299\/\"},\"author\":{\"name\":\"Jo Yana\",\"@id\":\"https:\/\/joyana.fr\/#\/schema\/person\/cf2a1ad12a27c12c21801075bf37407c\"},\"headline\":\"Lampe NOMAD par O&#8217;SUN x Alain GILLES\",\"datePublished\":\"2012-03-28T11:58:08+00:00\",\"mainEntityOfPage\":{\"@id\":\"https:\/\/www.joyana.fr\/ja\/lampe-nomad-lampe-solaire-portable-o-sun-alain-gilles\/109299\/\"},\"wordCount\":290,\"commentCount\":6,\"publisher\":{\"@id\":\"https:\/\/joyana.fr\/#\/schema\/person\/cf2a1ad12a27c12c21801075bf37407c\"},\"image\":{\"@id\":\"https:\/\/www.joyana.fr\/ja\/lampe-nomad-lampe-solaire-portable-o-sun-alain-gilles\/109299\/#primaryimage\"},\"thumbnailUrl\":\"https:\/\/i0.wp.com\/www.joyana.fr\/wp-content\/uploads\/old\/ALAIN-image004.jpg?fit=576%2C584&ssl=1\",\"keywords\":[\"DESIGN\",\"LED\"],\"articleSection\":[\"Alain GILLES\",\"DECO-DESIGN\",\"Luminaire\"],\"inLanguage\":\"en-US\",\"potentialAction\":[{\"@type\":\"CommentAction\",\"name\":\"Comment\",\"target\":[\"https:\/\/www.joyana.fr\/ja\/lampe-nomad-lampe-solaire-portable-o-sun-alain-gilles\/109299\/#respond\"]}]},{\"@type\":\"WebPage\",\"@id\":\"https:\/\/www.joyana.fr\/ja\/lampe-nomad-lampe-solaire-portable-o-sun-alain-gilles\/109299\/\",\"url\":\"https:\/\/www.joyana.fr\/ja\/lampe-nomad-lampe-solaire-portable-o-sun-alain-gilles\/109299\/\",\"name\":\"Lampe NOMAD par O'SUN x Alain GILLES - JO YANA\",\"isPartOf\":{\"@id\":\"https:\/\/joyana.fr\/#website\"},\"primaryImageOfPage\":{\"@id\":\"https:\/\/www.joyana.fr\/ja\/lampe-nomad-lampe-solaire-portable-o-sun-alain-gilles\/109299\/#primaryimage\"},\"image\":{\"@id\":\"https:\/\/www.joyana.fr\/ja\/lampe-nomad-lampe-solaire-portable-o-sun-alain-gilles\/109299\/#primaryimage\"},\"thumbnailUrl\":\"https:\/\/i0.wp.com\/www.joyana.fr\/wp-content\/uploads\/old\/ALAIN-image004.jpg?fit=576%2C584&ssl=1\",\"datePublished\":\"2012-03-28T11:58:08+00:00\",\"breadcrumb\":{\"@id\":\"https:\/\/www.joyana.fr\/ja\/lampe-nomad-lampe-solaire-portable-o-sun-alain-gilles\/109299\/#breadcrumb\"},\"inLanguage\":\"en-US\",\"potentialAction\":[{\"@type\":\"ReadAction\",\"target\":[\"https:\/\/www.joyana.fr\/ja\/lampe-nomad-lampe-solaire-portable-o-sun-alain-gilles\/109299\/\"]}]},{\"@type\":\"ImageObject\",\"inLanguage\":\"en-US\",\"@id\":\"https:\/\/www.joyana.fr\/ja\/lampe-nomad-lampe-solaire-portable-o-sun-alain-gilles\/109299\/#primaryimage\",\"url\":\"https:\/\/i0.wp.com\/www.joyana.fr\/wp-content\/uploads\/old\/ALAIN-image004.jpg?fit=576%2C584&ssl=1\",\"contentUrl\":\"https:\/\/i0.wp.com\/www.joyana.fr\/wp-content\/uploads\/old\/ALAIN-image004.jpg?fit=576%2C584&ssl=1\",\"width\":576,\"height\":584},{\"@type\":\"BreadcrumbList\",\"@id\":\"https:\/\/www.joyana.fr\/ja\/lampe-nomad-lampe-solaire-portable-o-sun-alain-gilles\/109299\/#breadcrumb\",\"itemListElement\":[{\"@type\":\"ListItem\",\"position\":1,\"name\":\"Accueil\",\"item\":\"https:\/\/joyana.fr\/\"},{\"@type\":\"ListItem\",\"position\":2,\"name\":\"Lampe NOMAD par O&#8217;SUN x Alain GILLES\"}]},{\"@type\":\"WebSite\",\"@id\":\"https:\/\/joyana.fr\/#website\",\"url\":\"https:\/\/joyana.fr\/\",\"name\":\"JO YANA\",\"description\":\"Blog Mode Homme, Lifestyle, D\u00e9co-Design\",\"publisher\":{\"@id\":\"https:\/\/joyana.fr\/#\/schema\/person\/cf2a1ad12a27c12c21801075bf37407c\"},\"potentialAction\":[{\"@type\":\"SearchAction\",\"target\":{\"@type\":\"EntryPoint\",\"urlTemplate\":\"https:\/\/joyana.fr\/?s={search_term_string}\"},\"query-input\":{\"@type\":\"PropertyValueSpecification\",\"valueRequired\":true,\"valueName\":\"search_term_string\"}}],\"inLanguage\":\"en-US\"},{\"@type\":[\"Person\",\"Organization\"],\"@id\":\"https:\/\/joyana.fr\/#\/schema\/person\/cf2a1ad12a27c12c21801075bf37407c\",\"name\":\"Jo Yana\",\"image\":{\"@type\":\"ImageObject\",\"inLanguage\":\"en-US\",\"@id\":\"https:\/\/joyana.fr\/#\/schema\/person\/image\/\",\"url\":\"https:\/\/i0.wp.com\/www.joyana.fr\/wp-content\/uploads\/2016\/08\/cropped-joyana-logo-black-360x180.png?fit=343%2C164&ssl=1\",\"contentUrl\":\"https:\/\/i0.wp.com\/www.joyana.fr\/wp-content\/uploads\/2016\/08\/cropped-joyana-logo-black-360x180.png?fit=343%2C164&ssl=1\",\"width\":343,\"height\":164,\"caption\":\"Jo Yana\"},\"logo\":{\"@id\":\"https:\/\/joyana.fr\/#\/schema\/person\/image\/\"},\"description\":\"Jo Yana est le cr\u00e9ateur et r\u00e9dacteur en chef des sites DECO-DESIGN. Passionn\u00e9 de Design, Mode, Photo, Luxe, Lifestyle, Musique, mais avant tout Blogueur ! Le plaisir de partager l'anime et a comme devise \\\"POUR L'AMOUR DU BEAU\\\". Retrouvez le aussi sur son blog personnel - https:\/\/joyana.fr...\",\"sameAs\":[\"https:\/\/joyana.fr\/\"],\"url\":\"https:\/\/www.joyana.fr\/en\/author\/joyana\/\"}]}<\/script>\n<!-- \/ Yoast SEO plugin. -->","yoast_head_json":{"title":"Lampe NOMAD par O'SUN x Alain GILLES - JO YANA","robots":{"index":"index","follow":"follow","max-snippet":"max-snippet:-1","max-image-preview":"max-image-preview:large","max-video-preview":"max-video-preview:-1"},"canonical":"https:\/\/www.joyana.fr\/en\/lampe-nomad-lampe-solaire-portable-o-sun-alain-gilles\/109299\/","og_locale":"en_US","og_type":"article","og_title":"Lampe NOMAD par O'SUN x Alain GILLES - JO YANA","og_description":"Le designer belge Alain Gilles nous pr\u00e9sente NOMAD &#8211; une lampe solaire portable rechargeable con\u00e7ue par O&#8217;Sun, pour les pays en voie de d\u00e9veloppement et les pays d\u00e9velopp\u00e9s&#8230; La lampe solaire NOMAD d\u2019O\u2019SUN\u2122 \u00e0 \u00e9t\u00e9 dessin\u00e9e pour r\u00e9pondre \u00e0 un besoin, am\u00e9liorer la qualit\u00e9 de vie de ses utilisateurs et dans certains cas les faire [&hellip;]","og_url":"https:\/\/www.joyana.fr\/en\/lampe-nomad-lampe-solaire-portable-o-sun-alain-gilles\/109299\/","og_site_name":"JO YANA","article_published_time":"2012-03-28T11:58:08+00:00","og_image":[{"width":576,"height":584,"url":"https:\/\/www.joyana.fr\/wp-content\/uploads\/old\/ALAIN-image004.jpg","type":"image\/jpeg"}],"author":"Jo Yana","twitter_card":"summary_large_image","twitter_creator":"@Jo_Yana","twitter_site":"@Jo_Yana","twitter_misc":{"Written by":"Jo Yana","Est. reading time":"1 minute"},"schema":{"@context":"https:\/\/schema.org","@graph":[{"@type":"Article","@id":"https:\/\/www.joyana.fr\/ja\/lampe-nomad-lampe-solaire-portable-o-sun-alain-gilles\/109299\/#article","isPartOf":{"@id":"https:\/\/www.joyana.fr\/ja\/lampe-nomad-lampe-solaire-portable-o-sun-alain-gilles\/109299\/"},"author":{"name":"Jo Yana","@id":"https:\/\/joyana.fr\/#\/schema\/person\/cf2a1ad12a27c12c21801075bf37407c"},"headline":"Lampe NOMAD par O&#8217;SUN x Alain GILLES","datePublished":"2012-03-28T11:58:08+00:00","mainEntityOfPage":{"@id":"https:\/\/www.joyana.fr\/ja\/lampe-nomad-lampe-solaire-portable-o-sun-alain-gilles\/109299\/"},"wordCount":290,"commentCount":6,"publisher":{"@id":"https:\/\/joyana.fr\/#\/schema\/person\/cf2a1ad12a27c12c21801075bf37407c"},"image":{"@id":"https:\/\/www.joyana.fr\/ja\/lampe-nomad-lampe-solaire-portable-o-sun-alain-gilles\/109299\/#primaryimage"},"thumbnailUrl":"https:\/\/i0.wp.com\/www.joyana.fr\/wp-content\/uploads\/old\/ALAIN-image004.jpg?fit=576%2C584&ssl=1","keywords":["DESIGN","LED"],"articleSection":["Alain GILLES","DECO-DESIGN","Luminaire"],"inLanguage":"en-US","potentialAction":[{"@type":"CommentAction","name":"Comment","target":["https:\/\/www.joyana.fr\/ja\/lampe-nomad-lampe-solaire-portable-o-sun-alain-gilles\/109299\/#respond"]}]},{"@type":"WebPage","@id":"https:\/\/www.joyana.fr\/ja\/lampe-nomad-lampe-solaire-portable-o-sun-alain-gilles\/109299\/","url":"https:\/\/www.joyana.fr\/ja\/lampe-nomad-lampe-solaire-portable-o-sun-alain-gilles\/109299\/","name":"Lampe NOMAD par O'SUN x Alain GILLES - JO YANA","isPartOf":{"@id":"https:\/\/joyana.fr\/#website"},"primaryImageOfPage":{"@id":"https:\/\/www.joyana.fr\/ja\/lampe-nomad-lampe-solaire-portable-o-sun-alain-gilles\/109299\/#primaryimage"},"image":{"@id":"https:\/\/www.joyana.fr\/ja\/lampe-nomad-lampe-solaire-portable-o-sun-alain-gilles\/109299\/#primaryimage"},"thumbnailUrl":"https:\/\/i0.wp.com\/www.joyana.fr\/wp-content\/uploads\/old\/ALAIN-image004.jpg?fit=576%2C584&ssl=1","datePublished":"2012-03-28T11:58:08+00:00","breadcrumb":{"@id":"https:\/\/www.joyana.fr\/ja\/lampe-nomad-lampe-solaire-portable-o-sun-alain-gilles\/109299\/#breadcrumb"},"inLanguage":"en-US","potentialAction":[{"@type":"ReadAction","target":["https:\/\/www.joyana.fr\/ja\/lampe-nomad-lampe-solaire-portable-o-sun-alain-gilles\/109299\/"]}]},{"@type":"ImageObject","inLanguage":"en-US","@id":"https:\/\/www.joyana.fr\/ja\/lampe-nomad-lampe-solaire-portable-o-sun-alain-gilles\/109299\/#primaryimage","url":"https:\/\/i0.wp.com\/www.joyana.fr\/wp-content\/uploads\/old\/ALAIN-image004.jpg?fit=576%2C584&ssl=1","contentUrl":"https:\/\/i0.wp.com\/www.joyana.fr\/wp-content\/uploads\/old\/ALAIN-image004.jpg?fit=576%2C584&ssl=1","width":576,"height":584},{"@type":"BreadcrumbList","@id":"https:\/\/www.joyana.fr\/ja\/lampe-nomad-lampe-solaire-portable-o-sun-alain-gilles\/109299\/#breadcrumb","itemListElement":[{"@type":"ListItem","position":1,"name":"Accueil","item":"https:\/\/joyana.fr\/"},{"@type":"ListItem","position":2,"name":"Lampe NOMAD par O&#8217;SUN x Alain GILLES"}]},{"@type":"WebSite","@id":"https:\/\/joyana.fr\/#website","url":"https:\/\/joyana.fr\/","name":"JO YANA","description":"Blog Mode Homme, Lifestyle, D\u00e9co-Design","publisher":{"@id":"https:\/\/joyana.fr\/#\/schema\/person\/cf2a1ad12a27c12c21801075bf37407c"},"potentialAction":[{"@type":"SearchAction","target":{"@type":"EntryPoint","urlTemplate":"https:\/\/joyana.fr\/?s={search_term_string}"},"query-input":{"@type":"PropertyValueSpecification","valueRequired":true,"valueName":"search_term_string"}}],"inLanguage":"en-US"},{"@type":["Person","Organization"],"@id":"https:\/\/joyana.fr\/#\/schema\/person\/cf2a1ad12a27c12c21801075bf37407c","name":"Jo Yana","image":{"@type":"ImageObject","inLanguage":"en-US","@id":"https:\/\/joyana.fr\/#\/schema\/person\/image\/","url":"https:\/\/i0.wp.com\/www.joyana.fr\/wp-content\/uploads\/2016\/08\/cropped-joyana-logo-black-360x180.png?fit=343%2C164&ssl=1","contentUrl":"https:\/\/i0.wp.com\/www.joyana.fr\/wp-content\/uploads\/2016\/08\/cropped-joyana-logo-black-360x180.png?fit=343%2C164&ssl=1","width":343,"height":164,"caption":"Jo Yana"},"logo":{"@id":"https:\/\/joyana.fr\/#\/schema\/person\/image\/"},"description":"Jo Yana est le cr\u00e9ateur et r\u00e9dacteur en chef des sites DECO-DESIGN. Passionn\u00e9 de Design, Mode, Photo, Luxe, Lifestyle, Musique, mais avant tout Blogueur ! Le plaisir de partager l'anime et a comme devise \"POUR L'AMOUR DU BEAU\". Retrouvez le aussi sur son blog personnel - https:\/\/joyana.fr...","sameAs":["https:\/\/joyana.fr\/"],"url":"https:\/\/www.joyana.fr\/en\/author\/joyana\/"}]}},"author_meta":{"display_name":"Jo Yana","author_link":"https:\/\/www.joyana.fr\/en\/author\/joyana\/"},"featured_img":"https:\/\/i0.wp.com\/www.joyana.fr\/wp-content\/uploads\/old\/ALAIN-image004.jpg?fit=384%2C389&ssl=1","featured_image_src":"https:\/\/i0.wp.com\/www.joyana.fr\/wp-content\/uploads\/old\/ALAIN-image004.jpg?resize=576%2C400&ssl=1","featured_image_src_square":"https:\/\/i0.wp.com\/www.joyana.fr\/wp-content\/uploads\/old\/ALAIN-image004.jpg?resize=576%2C584&ssl=1","jetpack_featured_media_url":"https:\/\/i0.wp.com\/www.joyana.fr\/wp-content\/uploads\/old\/ALAIN-image004.jpg?fit=576%2C584&ssl=1","uagb_featured_image_src":{"full":["https:\/\/i0.wp.com\/www.joyana.fr\/wp-content\/uploads\/old\/ALAIN-image004.jpg?fit=576%2C584&ssl=1",576,584,false],"thumbnail":["https:\/\/i0.wp.com\/www.joyana.fr\/wp-content\/uploads\/old\/ALAIN-image004.jpg?resize=150%2C150&ssl=1",150,150,true],"medium":["https:\/\/i0.wp.com\/www.joyana.fr\/wp-content\/uploads\/old\/ALAIN-image004.jpg?fit=384%2C389&ssl=1",384,389,true],"medium_large":["https:\/\/i0.wp.com\/www.joyana.fr\/wp-content\/uploads\/old\/ALAIN-image004.jpg?fit=576%2C584&ssl=1",576,584,true],"large":["https:\/\/i0.wp.com\/www.joyana.fr\/wp-content\/uploads\/old\/ALAIN-image004.jpg?fit=576%2C584&ssl=1",576,584,true],"1536x1536":["https:\/\/i0.wp.com\/www.joyana.fr\/wp-content\/uploads\/old\/ALAIN-image004.jpg?fit=576%2C584&ssl=1",576,584,true],"2048x2048":["https:\/\/i0.wp.com\/www.joyana.fr\/wp-content\/uploads\/old\/ALAIN-image004.jpg?fit=576%2C584&ssl=1",576,584,true],"featured-thumb":["https:\/\/i0.wp.com\/www.joyana.fr\/wp-content\/uploads\/old\/ALAIN-image004.jpg?resize=576%2C584&ssl=1",576,584,true],"ab-block-post-grid-landscape":["https:\/\/i0.wp.com\/www.joyana.fr\/wp-content\/uploads\/old\/ALAIN-image004.jpg?resize=576%2C400&ssl=1",576,400,true],"ab-block-post-grid-square":["https:\/\/i0.wp.com\/www.joyana.fr\/wp-content\/uploads\/old\/ALAIN-image004.jpg?resize=576%2C584&ssl=1",576,584,true],"author-pro-image":["https:\/\/i0.wp.com\/www.joyana.fr\/wp-content\/uploads\/old\/ALAIN-image004.jpg?resize=360%2C570&ssl=1",360,570,true],"slider":["https:\/\/i0.wp.com\/www.joyana.fr\/wp-content\/uploads\/old\/ALAIN-image004.jpg?resize=576%2C400&ssl=1",576,400,true],"woocommerce_thumbnail":["https:\/\/i0.wp.com\/www.joyana.fr\/wp-content\/uploads\/old\/ALAIN-image004.jpg?resize=450%2C450&ssl=1",450,450,true],"woocommerce_single":["https:\/\/i0.wp.com\/www.joyana.fr\/wp-content\/uploads\/old\/ALAIN-image004.jpg?fit=576%2C584&ssl=1",576,584,true],"woocommerce_gallery_thumbnail":["https:\/\/i0.wp.com\/www.joyana.fr\/wp-content\/uploads\/old\/ALAIN-image004.jpg?resize=180%2C180&ssl=1",180,180,true],"sow-carousel-default":["https:\/\/i0.wp.com\/www.joyana.fr\/wp-content\/uploads\/old\/ALAIN-image004.jpg?resize=272%2C182&ssl=1",272,182,true]},"uagb_author_info":{"display_name":"Jo Yana","author_link":"https:\/\/www.joyana.fr\/en\/author\/joyana\/"},"uagb_comment_info":15,"uagb_excerpt":"Le designer belge Alain Gilles nous pr\u00e9sente NOMAD &#8211; une lampe solaire portable rechargeable con\u00e7ue par O&#8217;Sun, pour les pays en voie de d\u00e9veloppement et les pays d\u00e9velopp\u00e9s&#8230; La lampe solaire NOMAD d\u2019O\u2019SUN\u2122 \u00e0 \u00e9t\u00e9 dessin\u00e9e pour r\u00e9pondre \u00e0 un besoin, am\u00e9liorer la qualit\u00e9 de vie de ses utilisateurs et dans certains cas les faire&hellip;","coauthors":[],"tax_additional":{"categories":{"linked":["<a href=\"https:\/\/www.joyana.fr\/en\/category\/deco-design\/designer\/alain-gilles\/\" class=\"advgb-post-tax-term\">Alain GILLES<\/a>","<a href=\"https:\/\/www.joyana.fr\/en\/category\/deco-design\/\" class=\"advgb-post-tax-term\">DECO-DESIGN<\/a>","<a href=\"https:\/\/www.joyana.fr\/en\/category\/deco-design\/luminaire\/\" class=\"advgb-post-tax-term\">Luminaire<\/a>"],"unlinked":["<span class=\"advgb-post-tax-term\">Alain GILLES<\/span>","<span class=\"advgb-post-tax-term\">DECO-DESIGN<\/span>","<span class=\"advgb-post-tax-term\">Luminaire<\/span>"]},"tags":{"linked":["<a href=\"https:\/\/www.joyana.fr\/en\/category\/deco-design\/luminaire\/\" class=\"advgb-post-tax-term\">DESIGN<\/a>","<a href=\"https:\/\/www.joyana.fr\/en\/category\/deco-design\/luminaire\/\" class=\"advgb-post-tax-term\">LED<\/a>"],"unlinked":["<span class=\"advgb-post-tax-term\">DESIGN<\/span>","<span class=\"advgb-post-tax-term\">LED<\/span>"]}},"comment_count":15,"relative_dates":{"created":"Posted 14 years ago","modified":"Updated 14 years ago"},"absolute_dates":{"created":"Posted on 28 March 2012","modified":"Updated on 28 March 2012"},"absolute_dates_time":{"created":"Posted on 28 March 2012 12:58","modified":"Updated on 28 March 2012 12:58"},"featured_img_caption":"","series_order":"","jetpack_sharing_enabled":true,"jetpack_shortlink":"https:\/\/wp.me\/p9bteI-sqT","jetpack-related-posts":[],"_links":{"self":[{"href":"https:\/\/www.joyana.fr\/en\/wp-json\/wp\/v2\/posts\/109299","targetHints":{"allow":["GET"]}}],"collection":[{"href":"https:\/\/www.joyana.fr\/en\/wp-json\/wp\/v2\/posts"}],"about":[{"href":"https:\/\/www.joyana.fr\/en\/wp-json\/wp\/v2\/types\/post"}],"author":[{"embeddable":true,"href":"https:\/\/www.joyana.fr\/en\/wp-json\/wp\/v2\/users\/3"}],"replies":[{"embeddable":true,"href":"https:\/\/www.joyana.fr\/en\/wp-json\/wp\/v2\/comments?post=109299"}],"version-history":[{"count":0,"href":"https:\/\/www.joyana.fr\/en\/wp-json\/wp\/v2\/posts\/109299\/revisions"}],"wp:featuredmedia":[{"embeddable":true,"href":"https:\/\/www.joyana.fr\/en\/wp-json\/wp\/v2\/media\/109302"}],"wp:attachment":[{"href":"https:\/\/www.joyana.fr\/en\/wp-json\/wp\/v2\/media?parent=109299"}],"wp:term":[{"taxonomy":"category","embeddable":true,"href":"https:\/\/www.joyana.fr\/en\/wp-json\/wp\/v2\/categories?post=109299"},{"taxonomy":"post_tag","embeddable":true,"href":"https:\/\/www.joyana.fr\/en\/wp-json\/wp\/v2\/tags?post=109299"}],"curies":[{"name":"wp","href":"https:\/\/api.w.org\/{rel}","templated":true}]}}