{"id":108752,"date":"2012-01-25T13:41:27","date_gmt":"2012-01-25T12:41:27","guid":{"rendered":"https:\/\/joyana.fr\/?p=8752"},"modified":"2012-01-25T13:41:27","modified_gmt":"2012-01-25T12:41:27","slug":"mo-wonderful-archie-pleyel-philippe-maidenberg","status":"publish","type":"post","link":"https:\/\/www.joyana.fr\/en\/mo-wonderful-archie-pleyel-philippe-maidenberg\/108752\/","title":{"rendered":"M&#038;O : WONDERFUL ARCHIE par PLEYEL"},"content":{"rendered":"<p><strong>Pleyel<\/strong> pr\u00e9sentait sur <a title=\"MAISON ET OBJET 2012\" href=\"https:\/\/joyana.fr\/category\/actualite\/salon\/maison-et-objet\/\"><strong>Maison &#038; Objet 2012<\/strong><\/a> sa premi\u00e8re collection de mobilier sign\u00e9e par de grands noms comme Patrick Norguet, Alice Etcaetera, Noe Duchaufour-Lawrence, mais chez <a title=\"deco design blog magazine\" href=\"https:\/\/joyana.fr\/\">Deco-Design<\/a> on craque pour le <strong>tabouret WONDERFUL ARCHIE par Philippe Maidenberg<\/strong>&#8230;<\/p>\n<p><img data-recalc-dims=\"1\" fetchpriority=\"high\" decoding=\"async\" class=\"alignnone size-full wp-image-8754\" title=\"M&#038;O : WONDERFUL ARCHIE par PLEYEL\" src=\"https:\/\/i0.wp.com\/joyana.fr\/wp-content\/uploads\/PLEYEL-DSC02866.jpg?resize=576%2C383&#038;ssl=1\" alt=\"\" width=\"576\" height=\"383\" \/><\/p>\n<p>Ce <strong>tabouret WONDERFUL ARCHIE<\/strong> est le fruit d&#8217;une rencontre entre le saxophoniste Archie Shepp et le designer <strong>Philippe Maidenberg<\/strong>. L&#8217;id\u00e9e est n\u00e9e pendant la conception d&#8217;un h\u00f4tel consacr\u00e9 \u00e0 cinq musiciens ayant un r\u00f4le significatif dans la cr\u00e9ation musicale.<\/p>\n<p>On aime l&#8217;assise qui semble d\u00e9border sur les pieds du tabouret &#8211; fabriqu\u00e9 par la manufacture Pleyel&#8230;<\/p>\n<p><img data-recalc-dims=\"1\" decoding=\"async\" class=\"alignnone size-full wp-image-8753\" title=\"M&#038;O : WONDERFUL ARCHIE par PLEYEL\" src=\"https:\/\/i0.wp.com\/joyana.fr\/wp-content\/uploads\/PLEYEL-DSC02864.jpg?resize=576%2C383&#038;ssl=1\" alt=\"\" width=\"576\" height=\"383\" \/><\/p>\n<p><img data-recalc-dims=\"1\" decoding=\"async\" data-attachment-id=\"8759\" data-permalink=\"https:\/\/www.joyana.fr\/en\/vfiles-x-colette-t-shirt-sweat\/8754\/0000011141549_img_2122\/\" data-orig-file=\"https:\/\/i0.wp.com\/www.joyana.fr\/wp-content\/uploads\/2014\/04\/0000011141549_img_2122.jpg?fit=1500%2C1500&amp;ssl=1\" data-orig-size=\"1500,1500\" data-comments-opened=\"1\" data-image-meta=\"{&quot;aperture&quot;:&quot;0&quot;,&quot;credit&quot;:&quot;&quot;,&quot;camera&quot;:&quot;&quot;,&quot;caption&quot;:&quot;&quot;,&quot;created_timestamp&quot;:&quot;0&quot;,&quot;copyright&quot;:&quot;&quot;,&quot;focal_length&quot;:&quot;0&quot;,&quot;iso&quot;:&quot;0&quot;,&quot;shutter_speed&quot;:&quot;0&quot;,&quot;title&quot;:&quot;&quot;,&quot;orientation&quot;:&quot;0&quot;}\" data-image-title=\"0000011141549_img_2122\" data-image-description=\"\" data-image-caption=\"\" data-medium-file=\"https:\/\/i0.wp.com\/www.joyana.fr\/wp-content\/uploads\/2014\/04\/0000011141549_img_2122.jpg?fit=389%2C389&amp;ssl=1\" data-large-file=\"https:\/\/i0.wp.com\/www.joyana.fr\/wp-content\/uploads\/2014\/04\/0000011141549_img_2122.jpg?fit=1024%2C1024&amp;ssl=1\" class=\"alignnone size-full wp-image-8759\" title=\"WONDERFUL ARCHIE PLEYEL\" src=\"https:\/\/i0.wp.com\/joyana.fr\/wp-content\/uploads\/pleyel-Ligne-de-Tabouret_Design-Philippe-Maidenberg-2%40Govin-Sorel.jpg?resize=576%2C608&#038;ssl=1\" alt=\"\" width=\"576\" height=\"608\" \/><\/p>\n<p><img data-recalc-dims=\"1\" loading=\"lazy\" decoding=\"async\" data-attachment-id=\"8758\" data-permalink=\"https:\/\/www.joyana.fr\/en\/vfiles-x-colette-t-shirt-sweat\/8754\/0000011141549_img_2121\/\" data-orig-file=\"https:\/\/i0.wp.com\/www.joyana.fr\/wp-content\/uploads\/2014\/04\/0000011141549_img_2121.jpg?fit=1500%2C1500&amp;ssl=1\" data-orig-size=\"1500,1500\" data-comments-opened=\"1\" data-image-meta=\"{&quot;aperture&quot;:&quot;0&quot;,&quot;credit&quot;:&quot;&quot;,&quot;camera&quot;:&quot;&quot;,&quot;caption&quot;:&quot;&quot;,&quot;created_timestamp&quot;:&quot;0&quot;,&quot;copyright&quot;:&quot;&quot;,&quot;focal_length&quot;:&quot;0&quot;,&quot;iso&quot;:&quot;0&quot;,&quot;shutter_speed&quot;:&quot;0&quot;,&quot;title&quot;:&quot;&quot;,&quot;orientation&quot;:&quot;0&quot;}\" data-image-title=\"0000011141549_img_2121\" data-image-description=\"\" data-image-caption=\"\" data-medium-file=\"https:\/\/i0.wp.com\/www.joyana.fr\/wp-content\/uploads\/2014\/04\/0000011141549_img_2121.jpg?fit=389%2C389&amp;ssl=1\" data-large-file=\"https:\/\/i0.wp.com\/www.joyana.fr\/wp-content\/uploads\/2014\/04\/0000011141549_img_2121.jpg?fit=1024%2C1024&amp;ssl=1\" class=\"alignnone size-full wp-image-8758\" title=\"WONDERFUL ARCHIE PLEYEL\" src=\"https:\/\/i0.wp.com\/joyana.fr\/wp-content\/uploads\/pleyel-Ligne-de-Tabouret_Design-Philippe-Maidenberg-1%40Govin-Sorel.jpg?resize=576%2C384&#038;ssl=1\" alt=\"\" width=\"576\" height=\"384\" \/><\/p>\n<p>Ci-dessous les autres pi\u00e8ces pr\u00e9sent\u00e9es : la table MONK (en premier plan) de Noe Duchaufour-Lawrence&#8230;<\/p>\n<p><img data-recalc-dims=\"1\" loading=\"lazy\" decoding=\"async\" data-attachment-id=\"8755\" data-permalink=\"https:\/\/www.joyana.fr\/en\/vfiles-x-colette-t-shirt-sweat\/8754\/0000011141488_img_4556\/\" data-orig-file=\"https:\/\/i0.wp.com\/www.joyana.fr\/wp-content\/uploads\/2014\/04\/0000011141488_img_4556.jpg?fit=1500%2C1500&amp;ssl=1\" data-orig-size=\"1500,1500\" data-comments-opened=\"1\" data-image-meta=\"{&quot;aperture&quot;:&quot;0&quot;,&quot;credit&quot;:&quot;&quot;,&quot;camera&quot;:&quot;&quot;,&quot;caption&quot;:&quot;&quot;,&quot;created_timestamp&quot;:&quot;0&quot;,&quot;copyright&quot;:&quot;&quot;,&quot;focal_length&quot;:&quot;0&quot;,&quot;iso&quot;:&quot;0&quot;,&quot;shutter_speed&quot;:&quot;0&quot;,&quot;title&quot;:&quot;&quot;,&quot;orientation&quot;:&quot;0&quot;}\" data-image-title=\"0000011141488_img_4556\" data-image-description=\"\" data-image-caption=\"\" data-medium-file=\"https:\/\/i0.wp.com\/www.joyana.fr\/wp-content\/uploads\/2014\/04\/0000011141488_img_4556.jpg?fit=389%2C389&amp;ssl=1\" data-large-file=\"https:\/\/i0.wp.com\/www.joyana.fr\/wp-content\/uploads\/2014\/04\/0000011141488_img_4556.jpg?fit=1024%2C1024&amp;ssl=1\" class=\"alignnone size-full wp-image-8755\" title=\"M&#038;O : WONDERFUL ARCHIE par PLEYEL\" src=\"https:\/\/i0.wp.com\/joyana.fr\/wp-content\/uploads\/PLEYEL-DSC02867.jpg?resize=576%2C383&#038;ssl=1\" alt=\"\" width=\"576\" height=\"383\" \/><\/p>\n<p>Le paravent HARMONIE ET CONTRASTE d&#8217;Alice Etcaetera, avec derri\u00e8re le miroir TRIPTYQUE de Patrick Norguet&#8230;<\/p>\n<p><img data-recalc-dims=\"1\" loading=\"lazy\" decoding=\"async\" data-attachment-id=\"8757\" data-permalink=\"https:\/\/www.joyana.fr\/en\/vfiles-x-colette-t-shirt-sweat\/8754\/0000011141488_img_4560\/\" data-orig-file=\"https:\/\/i0.wp.com\/www.joyana.fr\/wp-content\/uploads\/2014\/04\/0000011141488_img_4560.jpg?fit=1500%2C1500&amp;ssl=1\" data-orig-size=\"1500,1500\" data-comments-opened=\"1\" data-image-meta=\"{&quot;aperture&quot;:&quot;0&quot;,&quot;credit&quot;:&quot;&quot;,&quot;camera&quot;:&quot;&quot;,&quot;caption&quot;:&quot;&quot;,&quot;created_timestamp&quot;:&quot;0&quot;,&quot;copyright&quot;:&quot;&quot;,&quot;focal_length&quot;:&quot;0&quot;,&quot;iso&quot;:&quot;0&quot;,&quot;shutter_speed&quot;:&quot;0&quot;,&quot;title&quot;:&quot;&quot;,&quot;orientation&quot;:&quot;0&quot;}\" data-image-title=\"0000011141488_img_4560\" data-image-description=\"\" data-image-caption=\"\" data-medium-file=\"https:\/\/i0.wp.com\/www.joyana.fr\/wp-content\/uploads\/2014\/04\/0000011141488_img_4560.jpg?fit=389%2C389&amp;ssl=1\" data-large-file=\"https:\/\/i0.wp.com\/www.joyana.fr\/wp-content\/uploads\/2014\/04\/0000011141488_img_4560.jpg?fit=1024%2C1024&amp;ssl=1\" class=\"alignnone size-full wp-image-8757\" title=\"M&#038;O : WONDERFUL ARCHIE par PLEYEL\" src=\"https:\/\/i0.wp.com\/joyana.fr\/wp-content\/uploads\/PLEYEL-DSC02870.jpg?resize=576%2C768&#038;ssl=1\" alt=\"\" width=\"576\" height=\"768\" \/><\/p>\n<p><img data-recalc-dims=\"1\" loading=\"lazy\" decoding=\"async\" data-attachment-id=\"8756\" data-permalink=\"https:\/\/www.joyana.fr\/en\/vfiles-x-colette-t-shirt-sweat\/8754\/0000011141488_img_4559\/\" data-orig-file=\"https:\/\/i0.wp.com\/www.joyana.fr\/wp-content\/uploads\/2014\/04\/0000011141488_img_4559.jpg?fit=1500%2C1500&amp;ssl=1\" data-orig-size=\"1500,1500\" data-comments-opened=\"1\" data-image-meta=\"{&quot;aperture&quot;:&quot;0&quot;,&quot;credit&quot;:&quot;&quot;,&quot;camera&quot;:&quot;&quot;,&quot;caption&quot;:&quot;&quot;,&quot;created_timestamp&quot;:&quot;0&quot;,&quot;copyright&quot;:&quot;&quot;,&quot;focal_length&quot;:&quot;0&quot;,&quot;iso&quot;:&quot;0&quot;,&quot;shutter_speed&quot;:&quot;0&quot;,&quot;title&quot;:&quot;&quot;,&quot;orientation&quot;:&quot;0&quot;}\" data-image-title=\"0000011141488_img_4559\" data-image-description=\"\" data-image-caption=\"\" data-medium-file=\"https:\/\/i0.wp.com\/www.joyana.fr\/wp-content\/uploads\/2014\/04\/0000011141488_img_4559.jpg?fit=389%2C389&amp;ssl=1\" data-large-file=\"https:\/\/i0.wp.com\/www.joyana.fr\/wp-content\/uploads\/2014\/04\/0000011141488_img_4559.jpg?fit=1024%2C1024&amp;ssl=1\" class=\"alignnone size-full wp-image-8756\" title=\"M&#038;O : WONDERFUL ARCHIE par PLEYEL\" src=\"https:\/\/i0.wp.com\/joyana.fr\/wp-content\/uploads\/PLEYEL-DSC02868.jpg?resize=576%2C696&#038;ssl=1\" alt=\"\" width=\"576\" height=\"696\" \/><\/p>\n<p>En savoir <strong>+<\/strong> sur <a title=\"PLEYEL\" href=\"http:\/\/www.pleyel.fr\/fr\"><strong>PLEYEL<\/strong><\/a><\/p>\n","protected":false},"excerpt":{"rendered":"<p>Pleyel pr\u00e9sentait sur Maison &#038; Objet 2012 sa premi\u00e8re collection de mobilier sign\u00e9e par de grands noms comme Patrick Norguet, Alice Etcaetera, Noe Duchaufour-Lawrence, mais chez Deco-Design on craque pour le tabouret WONDERFUL ARCHIE par Philippe Maidenberg&#8230; Ce tabouret WONDERFUL ARCHIE est le fruit d&#8217;une rencontre entre le saxophoniste Archie Shepp et le designer Philippe [&hellip;]<\/p>\n","protected":false},"author":3,"featured_media":108754,"comment_status":"open","ping_status":"open","sticky":false,"template":"","format":"standard","meta":{"_coblocks_attr":"","_coblocks_dimensions":"","_coblocks_responsive_height":"","_coblocks_accordion_ie_support":"","_uag_custom_page_level_css":"","advgb_blocks_editor_width":"","advgb_blocks_columns_visual_guide":"","_genesis_hide_title":false,"_genesis_hide_breadcrumbs":false,"_genesis_hide_singular_image":false,"_genesis_hide_footer_widgets":false,"_genesis_custom_body_class":"","_genesis_custom_post_class":"","_genesis_layout":"","_themeisle_gutenberg_block_has_review":false,"_jetpack_newsletter_access":"","_jetpack_dont_email_post_to_subs":false,"_jetpack_newsletter_tier_id":0,"_jetpack_memberships_contains_paywalled_content":false,"_jetpack_memberships_contains_paid_content":false,"footnotes":""},"categories":[905,961,1079,1062,1006],"tags":[963],"class_list":{"0":"post-108752","1":"post","2":"type-post","3":"status-publish","4":"format-standard","5":"has-post-thumbnail","7":"category-deco-design","8":"category-maison-et-objet","9":"category-noe-duchaufour-lawrance","10":"category-patrick-norguet","11":"category-pleyel","12":"tag-salons-design","13":"entry"},"featured_image_urls":{"full":["https:\/\/i0.wp.com\/www.joyana.fr\/wp-content\/uploads\/old\/PLEYEL-DSC02866.jpg?fit=576%2C383&ssl=1",576,383,false],"thumbnail":["https:\/\/i0.wp.com\/www.joyana.fr\/wp-content\/uploads\/old\/PLEYEL-DSC02866.jpg?resize=150%2C150&ssl=1",150,150,true],"medium":["https:\/\/i0.wp.com\/www.joyana.fr\/wp-content\/uploads\/old\/PLEYEL-DSC02866.jpg?fit=389%2C259&ssl=1",389,259,true],"medium_large":["https:\/\/i0.wp.com\/www.joyana.fr\/wp-content\/uploads\/old\/PLEYEL-DSC02866.jpg?fit=576%2C383&ssl=1",576,383,true],"large":["https:\/\/i0.wp.com\/www.joyana.fr\/wp-content\/uploads\/old\/PLEYEL-DSC02866.jpg?fit=576%2C383&ssl=1",576,383,true],"1536x1536":["https:\/\/i0.wp.com\/www.joyana.fr\/wp-content\/uploads\/old\/PLEYEL-DSC02866.jpg?fit=576%2C383&ssl=1",576,383,true],"2048x2048":["https:\/\/i0.wp.com\/www.joyana.fr\/wp-content\/uploads\/old\/PLEYEL-DSC02866.jpg?fit=576%2C383&ssl=1",576,383,true],"featured-thumb":["https:\/\/i0.wp.com\/www.joyana.fr\/wp-content\/uploads\/old\/PLEYEL-DSC02866.jpg?resize=576%2C383&ssl=1",576,383,true],"ab-block-post-grid-landscape":["https:\/\/i0.wp.com\/www.joyana.fr\/wp-content\/uploads\/old\/PLEYEL-DSC02866.jpg?resize=576%2C383&ssl=1",576,383,true],"ab-block-post-grid-square":["https:\/\/i0.wp.com\/www.joyana.fr\/wp-content\/uploads\/old\/PLEYEL-DSC02866.jpg?resize=576%2C383&ssl=1",576,383,true],"author-pro-image":["https:\/\/i0.wp.com\/www.joyana.fr\/wp-content\/uploads\/old\/PLEYEL-DSC02866.jpg?resize=360%2C383&ssl=1",360,383,true],"slider":["https:\/\/i0.wp.com\/www.joyana.fr\/wp-content\/uploads\/old\/PLEYEL-DSC02866.jpg?resize=576%2C383&ssl=1",576,383,true],"woocommerce_thumbnail":["https:\/\/i0.wp.com\/www.joyana.fr\/wp-content\/uploads\/old\/PLEYEL-DSC02866.jpg?resize=450%2C383&ssl=1",450,383,true],"woocommerce_single":["https:\/\/i0.wp.com\/www.joyana.fr\/wp-content\/uploads\/old\/PLEYEL-DSC02866.jpg?fit=576%2C383&ssl=1",576,383,true],"woocommerce_gallery_thumbnail":["https:\/\/i0.wp.com\/www.joyana.fr\/wp-content\/uploads\/old\/PLEYEL-DSC02866.jpg?resize=180%2C180&ssl=1",180,180,true],"sow-carousel-default":["https:\/\/i0.wp.com\/www.joyana.fr\/wp-content\/uploads\/old\/PLEYEL-DSC02866.jpg?resize=272%2C182&ssl=1",272,182,true]},"post_excerpt_stackable":"<p>Pleyel pr\u00e9sentait sur Maison &#038; Objet 2012 sa premi\u00e8re collection de mobilier sign\u00e9e par de grands noms comme Patrick Norguet, Alice Etcaetera, Noe Duchaufour-Lawrence, mais chez Deco-Design on craque pour le tabouret WONDERFUL ARCHIE par Philippe Maidenberg&#8230; Ce tabouret WONDERFUL ARCHIE est le fruit d&#8217;une rencontre entre le saxophoniste Archie Shepp et le designer Philippe Maidenberg. L&#8217;id\u00e9e est n\u00e9e pendant la conception d&#8217;un h\u00f4tel consacr\u00e9 \u00e0 cinq musiciens ayant un r\u00f4le significatif dans la cr\u00e9ation musicale. On aime l&#8217;assise qui semble d\u00e9border sur les pieds du tabouret &#8211; fabriqu\u00e9 par la manufacture Pleyel&#8230; Ci-dessous les autres pi\u00e8ces pr\u00e9sent\u00e9es : la&hellip;<\/p>\n","category_list":"<a href=\"https:\/\/www.joyana.fr\/en\/category\/deco-design\/\" rel=\"category tag\">DECO-DESIGN<\/a>, <a href=\"https:\/\/www.joyana.fr\/en\/category\/deco-design\/actualite\/salon\/maison-et-objet\/\" rel=\"category tag\">MAISON &amp; OBJET<\/a>, <a href=\"https:\/\/www.joyana.fr\/en\/category\/deco-design\/designer\/noe-duchaufour-lawrance\/\" rel=\"category tag\">No\u00e9 DUCHAUFOUR-LAWRANCE<\/a>, <a href=\"https:\/\/www.joyana.fr\/en\/category\/deco-design\/designer\/patrick-norguet\/\" rel=\"category tag\">Patrick NORGUET<\/a>, <a href=\"https:\/\/www.joyana.fr\/en\/category\/marques\/pleyel\/\" rel=\"category tag\">Pleyel<\/a>","author_info":{"display_name":"Jo Yana","author_link":"https:\/\/www.joyana.fr\/en\/author\/joyana\/"},"comments_num":"20 comments","featured_image_urls_v2":{"full":["https:\/\/i0.wp.com\/www.joyana.fr\/wp-content\/uploads\/old\/PLEYEL-DSC02866.jpg?fit=576%2C383&ssl=1",576,383,false],"thumbnail":["https:\/\/i0.wp.com\/www.joyana.fr\/wp-content\/uploads\/old\/PLEYEL-DSC02866.jpg?resize=150%2C150&ssl=1",150,150,true],"medium":["https:\/\/i0.wp.com\/www.joyana.fr\/wp-content\/uploads\/old\/PLEYEL-DSC02866.jpg?fit=389%2C259&ssl=1",389,259,true],"medium_large":["https:\/\/i0.wp.com\/www.joyana.fr\/wp-content\/uploads\/old\/PLEYEL-DSC02866.jpg?fit=576%2C383&ssl=1",576,383,true],"large":["https:\/\/i0.wp.com\/www.joyana.fr\/wp-content\/uploads\/old\/PLEYEL-DSC02866.jpg?fit=576%2C383&ssl=1",576,383,true],"1536x1536":["https:\/\/i0.wp.com\/www.joyana.fr\/wp-content\/uploads\/old\/PLEYEL-DSC02866.jpg?fit=576%2C383&ssl=1",576,383,true],"2048x2048":["https:\/\/i0.wp.com\/www.joyana.fr\/wp-content\/uploads\/old\/PLEYEL-DSC02866.jpg?fit=576%2C383&ssl=1",576,383,true],"featured-thumb":["https:\/\/i0.wp.com\/www.joyana.fr\/wp-content\/uploads\/old\/PLEYEL-DSC02866.jpg?resize=576%2C383&ssl=1",576,383,true],"ab-block-post-grid-landscape":["https:\/\/i0.wp.com\/www.joyana.fr\/wp-content\/uploads\/old\/PLEYEL-DSC02866.jpg?resize=576%2C383&ssl=1",576,383,true],"ab-block-post-grid-square":["https:\/\/i0.wp.com\/www.joyana.fr\/wp-content\/uploads\/old\/PLEYEL-DSC02866.jpg?resize=576%2C383&ssl=1",576,383,true],"author-pro-image":["https:\/\/i0.wp.com\/www.joyana.fr\/wp-content\/uploads\/old\/PLEYEL-DSC02866.jpg?resize=360%2C383&ssl=1",360,383,true],"slider":["https:\/\/i0.wp.com\/www.joyana.fr\/wp-content\/uploads\/old\/PLEYEL-DSC02866.jpg?resize=576%2C383&ssl=1",576,383,true],"woocommerce_thumbnail":["https:\/\/i0.wp.com\/www.joyana.fr\/wp-content\/uploads\/old\/PLEYEL-DSC02866.jpg?resize=450%2C383&ssl=1",450,383,true],"woocommerce_single":["https:\/\/i0.wp.com\/www.joyana.fr\/wp-content\/uploads\/old\/PLEYEL-DSC02866.jpg?fit=576%2C383&ssl=1",576,383,true],"woocommerce_gallery_thumbnail":["https:\/\/i0.wp.com\/www.joyana.fr\/wp-content\/uploads\/old\/PLEYEL-DSC02866.jpg?resize=180%2C180&ssl=1",180,180,true],"sow-carousel-default":["https:\/\/i0.wp.com\/www.joyana.fr\/wp-content\/uploads\/old\/PLEYEL-DSC02866.jpg?resize=272%2C182&ssl=1",272,182,true]},"post_excerpt_stackable_v2":"<p>Pleyel pr\u00e9sentait sur Maison &#038; Objet 2012 sa premi\u00e8re collection de mobilier sign\u00e9e par de grands noms comme Patrick Norguet, Alice Etcaetera, Noe Duchaufour-Lawrence, mais chez Deco-Design on craque pour le tabouret WONDERFUL ARCHIE par Philippe Maidenberg&#8230; Ce tabouret WONDERFUL ARCHIE est le fruit d&#8217;une rencontre entre le saxophoniste Archie Shepp et le designer Philippe Maidenberg. L&#8217;id\u00e9e est n\u00e9e pendant la conception d&#8217;un h\u00f4tel consacr\u00e9 \u00e0 cinq musiciens ayant un r\u00f4le significatif dans la cr\u00e9ation musicale. On aime l&#8217;assise qui semble d\u00e9border sur les pieds du tabouret &#8211; fabriqu\u00e9 par la manufacture Pleyel&#8230; Ci-dessous les autres pi\u00e8ces pr\u00e9sent\u00e9es : la&hellip;<\/p>\n","category_list_v2":"<a href=\"https:\/\/www.joyana.fr\/en\/category\/deco-design\/\" rel=\"category tag\">DECO-DESIGN<\/a>, <a href=\"https:\/\/www.joyana.fr\/en\/category\/deco-design\/actualite\/salon\/maison-et-objet\/\" rel=\"category tag\">MAISON &amp; OBJET<\/a>, <a href=\"https:\/\/www.joyana.fr\/en\/category\/deco-design\/designer\/noe-duchaufour-lawrance\/\" rel=\"category tag\">No\u00e9 DUCHAUFOUR-LAWRANCE<\/a>, <a href=\"https:\/\/www.joyana.fr\/en\/category\/deco-design\/designer\/patrick-norguet\/\" rel=\"category tag\">Patrick NORGUET<\/a>, <a href=\"https:\/\/www.joyana.fr\/en\/category\/marques\/pleyel\/\" rel=\"category tag\">Pleyel<\/a>","author_info_v2":{"name":"Jo Yana","url":"https:\/\/www.joyana.fr\/en\/author\/joyana\/"},"comments_num_v2":"20 comments","yoast_head":"<!-- This site is optimized with the Yoast SEO plugin v26.8 - https:\/\/yoast.com\/product\/yoast-seo-wordpress\/ -->\n<title>M&amp;O : WONDERFUL ARCHIE par PLEYEL - JO YANA<\/title>\n<meta name=\"robots\" content=\"index, follow, max-snippet:-1, max-image-preview:large, max-video-preview:-1\" \/>\n<link rel=\"canonical\" href=\"https:\/\/www.joyana.fr\/en\/mo-wonderful-archie-pleyel-philippe-maidenberg\/108752\/\" \/>\n<meta property=\"og:locale\" content=\"en_US\" \/>\n<meta property=\"og:locale:alternate\" content=\"fr_FR\" \/>\n<meta property=\"og:locale:alternate\" content=\"ja\" \/>\n<meta property=\"og:type\" content=\"article\" \/>\n<meta property=\"og:title\" content=\"M&amp;O : WONDERFUL ARCHIE par PLEYEL - JO YANA\" \/>\n<meta property=\"og:description\" content=\"Pleyel pr\u00e9sentait sur Maison &amp; Objet 2012 sa premi\u00e8re collection de mobilier sign\u00e9e par de grands noms comme Patrick Norguet, Alice Etcaetera, Noe Duchaufour-Lawrence, mais chez Deco-Design on craque pour le tabouret WONDERFUL ARCHIE par Philippe Maidenberg&#8230; Ce tabouret WONDERFUL ARCHIE est le fruit d&#8217;une rencontre entre le saxophoniste Archie Shepp et le designer Philippe [&hellip;]\" \/>\n<meta property=\"og:url\" content=\"https:\/\/www.joyana.fr\/en\/mo-wonderful-archie-pleyel-philippe-maidenberg\/108752\/\" \/>\n<meta property=\"og:site_name\" content=\"JO YANA\" \/>\n<meta property=\"article:published_time\" content=\"2012-01-25T12:41:27+00:00\" \/>\n<meta property=\"og:image\" content=\"https:\/\/www.joyana.fr\/wp-content\/uploads\/old\/PLEYEL-DSC02866.jpg\" \/>\n\t<meta property=\"og:image:width\" content=\"576\" \/>\n\t<meta property=\"og:image:height\" content=\"383\" \/>\n\t<meta property=\"og:image:type\" content=\"image\/jpeg\" \/>\n<meta name=\"author\" content=\"Jo Yana\" \/>\n<meta name=\"twitter:card\" content=\"summary_large_image\" \/>\n<meta name=\"twitter:creator\" content=\"@Jo_Yana\" \/>\n<meta name=\"twitter:site\" content=\"@Jo_Yana\" \/>\n<meta name=\"twitter:label1\" content=\"Written by\" \/>\n\t<meta name=\"twitter:data1\" content=\"Jo Yana\" \/>\n\t<meta name=\"twitter:label2\" content=\"Est. reading time\" \/>\n\t<meta name=\"twitter:data2\" content=\"1 minute\" \/>\n<script type=\"application\/ld+json\" class=\"yoast-schema-graph\">{\"@context\":\"https:\/\/schema.org\",\"@graph\":[{\"@type\":\"Article\",\"@id\":\"https:\/\/www.joyana.fr\/en\/mo-wonderful-archie-pleyel-philippe-maidenberg\/108752\/#article\",\"isPartOf\":{\"@id\":\"https:\/\/www.joyana.fr\/en\/mo-wonderful-archie-pleyel-philippe-maidenberg\/108752\/\"},\"author\":{\"name\":\"Jo Yana\",\"@id\":\"https:\/\/joyana.fr\/#\/schema\/person\/cf2a1ad12a27c12c21801075bf37407c\"},\"headline\":\"M&#038;O : WONDERFUL ARCHIE par PLEYEL\",\"datePublished\":\"2012-01-25T12:41:27+00:00\",\"mainEntityOfPage\":{\"@id\":\"https:\/\/www.joyana.fr\/en\/mo-wonderful-archie-pleyel-philippe-maidenberg\/108752\/\"},\"wordCount\":147,\"commentCount\":11,\"publisher\":{\"@id\":\"https:\/\/joyana.fr\/#\/schema\/person\/cf2a1ad12a27c12c21801075bf37407c\"},\"image\":{\"@id\":\"https:\/\/www.joyana.fr\/en\/mo-wonderful-archie-pleyel-philippe-maidenberg\/108752\/#primaryimage\"},\"thumbnailUrl\":\"https:\/\/i0.wp.com\/www.joyana.fr\/wp-content\/uploads\/old\/PLEYEL-DSC02866.jpg?fit=576%2C383&ssl=1\",\"keywords\":[\"Salons design\"],\"articleSection\":[\"DECO-DESIGN\",\"MAISON &amp; OBJET\",\"No\u00e9 DUCHAUFOUR-LAWRANCE\",\"Patrick NORGUET\",\"Pleyel\"],\"inLanguage\":\"en-US\",\"potentialAction\":[{\"@type\":\"CommentAction\",\"name\":\"Comment\",\"target\":[\"https:\/\/www.joyana.fr\/en\/mo-wonderful-archie-pleyel-philippe-maidenberg\/108752\/#respond\"]}]},{\"@type\":\"WebPage\",\"@id\":\"https:\/\/www.joyana.fr\/en\/mo-wonderful-archie-pleyel-philippe-maidenberg\/108752\/\",\"url\":\"https:\/\/www.joyana.fr\/en\/mo-wonderful-archie-pleyel-philippe-maidenberg\/108752\/\",\"name\":\"M&O : WONDERFUL ARCHIE par PLEYEL - JO YANA\",\"isPartOf\":{\"@id\":\"https:\/\/joyana.fr\/#website\"},\"primaryImageOfPage\":{\"@id\":\"https:\/\/www.joyana.fr\/en\/mo-wonderful-archie-pleyel-philippe-maidenberg\/108752\/#primaryimage\"},\"image\":{\"@id\":\"https:\/\/www.joyana.fr\/en\/mo-wonderful-archie-pleyel-philippe-maidenberg\/108752\/#primaryimage\"},\"thumbnailUrl\":\"https:\/\/i0.wp.com\/www.joyana.fr\/wp-content\/uploads\/old\/PLEYEL-DSC02866.jpg?fit=576%2C383&ssl=1\",\"datePublished\":\"2012-01-25T12:41:27+00:00\",\"breadcrumb\":{\"@id\":\"https:\/\/www.joyana.fr\/en\/mo-wonderful-archie-pleyel-philippe-maidenberg\/108752\/#breadcrumb\"},\"inLanguage\":\"en-US\",\"potentialAction\":[{\"@type\":\"ReadAction\",\"target\":[\"https:\/\/www.joyana.fr\/en\/mo-wonderful-archie-pleyel-philippe-maidenberg\/108752\/\"]}]},{\"@type\":\"ImageObject\",\"inLanguage\":\"en-US\",\"@id\":\"https:\/\/www.joyana.fr\/en\/mo-wonderful-archie-pleyel-philippe-maidenberg\/108752\/#primaryimage\",\"url\":\"https:\/\/i0.wp.com\/www.joyana.fr\/wp-content\/uploads\/old\/PLEYEL-DSC02866.jpg?fit=576%2C383&ssl=1\",\"contentUrl\":\"https:\/\/i0.wp.com\/www.joyana.fr\/wp-content\/uploads\/old\/PLEYEL-DSC02866.jpg?fit=576%2C383&ssl=1\",\"width\":576,\"height\":383},{\"@type\":\"BreadcrumbList\",\"@id\":\"https:\/\/www.joyana.fr\/en\/mo-wonderful-archie-pleyel-philippe-maidenberg\/108752\/#breadcrumb\",\"itemListElement\":[{\"@type\":\"ListItem\",\"position\":1,\"name\":\"Accueil\",\"item\":\"https:\/\/joyana.fr\/\"},{\"@type\":\"ListItem\",\"position\":2,\"name\":\"M&#038;O : WONDERFUL ARCHIE par PLEYEL\"}]},{\"@type\":\"WebSite\",\"@id\":\"https:\/\/joyana.fr\/#website\",\"url\":\"https:\/\/joyana.fr\/\",\"name\":\"JO YANA\",\"description\":\"Blog Mode Homme, Lifestyle, D\u00e9co-Design\",\"publisher\":{\"@id\":\"https:\/\/joyana.fr\/#\/schema\/person\/cf2a1ad12a27c12c21801075bf37407c\"},\"potentialAction\":[{\"@type\":\"SearchAction\",\"target\":{\"@type\":\"EntryPoint\",\"urlTemplate\":\"https:\/\/joyana.fr\/?s={search_term_string}\"},\"query-input\":{\"@type\":\"PropertyValueSpecification\",\"valueRequired\":true,\"valueName\":\"search_term_string\"}}],\"inLanguage\":\"en-US\"},{\"@type\":[\"Person\",\"Organization\"],\"@id\":\"https:\/\/joyana.fr\/#\/schema\/person\/cf2a1ad12a27c12c21801075bf37407c\",\"name\":\"Jo Yana\",\"image\":{\"@type\":\"ImageObject\",\"inLanguage\":\"en-US\",\"@id\":\"https:\/\/joyana.fr\/#\/schema\/person\/image\/\",\"url\":\"https:\/\/i0.wp.com\/www.joyana.fr\/wp-content\/uploads\/2016\/08\/cropped-joyana-logo-black-360x180.png?fit=343%2C164&ssl=1\",\"contentUrl\":\"https:\/\/i0.wp.com\/www.joyana.fr\/wp-content\/uploads\/2016\/08\/cropped-joyana-logo-black-360x180.png?fit=343%2C164&ssl=1\",\"width\":343,\"height\":164,\"caption\":\"Jo Yana\"},\"logo\":{\"@id\":\"https:\/\/joyana.fr\/#\/schema\/person\/image\/\"},\"description\":\"Jo Yana est le cr\u00e9ateur et r\u00e9dacteur en chef des sites DECO-DESIGN. Passionn\u00e9 de Design, Mode, Photo, Luxe, Lifestyle, Musique, mais avant tout Blogueur ! Le plaisir de partager l'anime et a comme devise \\\"POUR L'AMOUR DU BEAU\\\". Retrouvez le aussi sur son blog personnel - https:\/\/joyana.fr...\",\"sameAs\":[\"https:\/\/joyana.fr\/\"],\"url\":\"https:\/\/www.joyana.fr\/en\/author\/joyana\/\"}]}<\/script>\n<!-- \/ Yoast SEO plugin. -->","yoast_head_json":{"title":"M&O : WONDERFUL ARCHIE par PLEYEL - JO YANA","robots":{"index":"index","follow":"follow","max-snippet":"max-snippet:-1","max-image-preview":"max-image-preview:large","max-video-preview":"max-video-preview:-1"},"canonical":"https:\/\/www.joyana.fr\/en\/mo-wonderful-archie-pleyel-philippe-maidenberg\/108752\/","og_locale":"en_US","og_type":"article","og_title":"M&O : WONDERFUL ARCHIE par PLEYEL - JO YANA","og_description":"Pleyel pr\u00e9sentait sur Maison &#038; Objet 2012 sa premi\u00e8re collection de mobilier sign\u00e9e par de grands noms comme Patrick Norguet, Alice Etcaetera, Noe Duchaufour-Lawrence, mais chez Deco-Design on craque pour le tabouret WONDERFUL ARCHIE par Philippe Maidenberg&#8230; Ce tabouret WONDERFUL ARCHIE est le fruit d&#8217;une rencontre entre le saxophoniste Archie Shepp et le designer Philippe [&hellip;]","og_url":"https:\/\/www.joyana.fr\/en\/mo-wonderful-archie-pleyel-philippe-maidenberg\/108752\/","og_site_name":"JO YANA","article_published_time":"2012-01-25T12:41:27+00:00","og_image":[{"width":576,"height":383,"url":"https:\/\/www.joyana.fr\/wp-content\/uploads\/old\/PLEYEL-DSC02866.jpg","type":"image\/jpeg"}],"author":"Jo Yana","twitter_card":"summary_large_image","twitter_creator":"@Jo_Yana","twitter_site":"@Jo_Yana","twitter_misc":{"Written by":"Jo Yana","Est. reading time":"1 minute"},"schema":{"@context":"https:\/\/schema.org","@graph":[{"@type":"Article","@id":"https:\/\/www.joyana.fr\/en\/mo-wonderful-archie-pleyel-philippe-maidenberg\/108752\/#article","isPartOf":{"@id":"https:\/\/www.joyana.fr\/en\/mo-wonderful-archie-pleyel-philippe-maidenberg\/108752\/"},"author":{"name":"Jo Yana","@id":"https:\/\/joyana.fr\/#\/schema\/person\/cf2a1ad12a27c12c21801075bf37407c"},"headline":"M&#038;O : WONDERFUL ARCHIE par PLEYEL","datePublished":"2012-01-25T12:41:27+00:00","mainEntityOfPage":{"@id":"https:\/\/www.joyana.fr\/en\/mo-wonderful-archie-pleyel-philippe-maidenberg\/108752\/"},"wordCount":147,"commentCount":11,"publisher":{"@id":"https:\/\/joyana.fr\/#\/schema\/person\/cf2a1ad12a27c12c21801075bf37407c"},"image":{"@id":"https:\/\/www.joyana.fr\/en\/mo-wonderful-archie-pleyel-philippe-maidenberg\/108752\/#primaryimage"},"thumbnailUrl":"https:\/\/i0.wp.com\/www.joyana.fr\/wp-content\/uploads\/old\/PLEYEL-DSC02866.jpg?fit=576%2C383&ssl=1","keywords":["Salons design"],"articleSection":["DECO-DESIGN","MAISON &amp; OBJET","No\u00e9 DUCHAUFOUR-LAWRANCE","Patrick NORGUET","Pleyel"],"inLanguage":"en-US","potentialAction":[{"@type":"CommentAction","name":"Comment","target":["https:\/\/www.joyana.fr\/en\/mo-wonderful-archie-pleyel-philippe-maidenberg\/108752\/#respond"]}]},{"@type":"WebPage","@id":"https:\/\/www.joyana.fr\/en\/mo-wonderful-archie-pleyel-philippe-maidenberg\/108752\/","url":"https:\/\/www.joyana.fr\/en\/mo-wonderful-archie-pleyel-philippe-maidenberg\/108752\/","name":"M&O : WONDERFUL ARCHIE par PLEYEL - JO YANA","isPartOf":{"@id":"https:\/\/joyana.fr\/#website"},"primaryImageOfPage":{"@id":"https:\/\/www.joyana.fr\/en\/mo-wonderful-archie-pleyel-philippe-maidenberg\/108752\/#primaryimage"},"image":{"@id":"https:\/\/www.joyana.fr\/en\/mo-wonderful-archie-pleyel-philippe-maidenberg\/108752\/#primaryimage"},"thumbnailUrl":"https:\/\/i0.wp.com\/www.joyana.fr\/wp-content\/uploads\/old\/PLEYEL-DSC02866.jpg?fit=576%2C383&ssl=1","datePublished":"2012-01-25T12:41:27+00:00","breadcrumb":{"@id":"https:\/\/www.joyana.fr\/en\/mo-wonderful-archie-pleyel-philippe-maidenberg\/108752\/#breadcrumb"},"inLanguage":"en-US","potentialAction":[{"@type":"ReadAction","target":["https:\/\/www.joyana.fr\/en\/mo-wonderful-archie-pleyel-philippe-maidenberg\/108752\/"]}]},{"@type":"ImageObject","inLanguage":"en-US","@id":"https:\/\/www.joyana.fr\/en\/mo-wonderful-archie-pleyel-philippe-maidenberg\/108752\/#primaryimage","url":"https:\/\/i0.wp.com\/www.joyana.fr\/wp-content\/uploads\/old\/PLEYEL-DSC02866.jpg?fit=576%2C383&ssl=1","contentUrl":"https:\/\/i0.wp.com\/www.joyana.fr\/wp-content\/uploads\/old\/PLEYEL-DSC02866.jpg?fit=576%2C383&ssl=1","width":576,"height":383},{"@type":"BreadcrumbList","@id":"https:\/\/www.joyana.fr\/en\/mo-wonderful-archie-pleyel-philippe-maidenberg\/108752\/#breadcrumb","itemListElement":[{"@type":"ListItem","position":1,"name":"Accueil","item":"https:\/\/joyana.fr\/"},{"@type":"ListItem","position":2,"name":"M&#038;O : WONDERFUL ARCHIE par PLEYEL"}]},{"@type":"WebSite","@id":"https:\/\/joyana.fr\/#website","url":"https:\/\/joyana.fr\/","name":"JO YANA","description":"Blog Mode Homme, Lifestyle, D\u00e9co-Design","publisher":{"@id":"https:\/\/joyana.fr\/#\/schema\/person\/cf2a1ad12a27c12c21801075bf37407c"},"potentialAction":[{"@type":"SearchAction","target":{"@type":"EntryPoint","urlTemplate":"https:\/\/joyana.fr\/?s={search_term_string}"},"query-input":{"@type":"PropertyValueSpecification","valueRequired":true,"valueName":"search_term_string"}}],"inLanguage":"en-US"},{"@type":["Person","Organization"],"@id":"https:\/\/joyana.fr\/#\/schema\/person\/cf2a1ad12a27c12c21801075bf37407c","name":"Jo Yana","image":{"@type":"ImageObject","inLanguage":"en-US","@id":"https:\/\/joyana.fr\/#\/schema\/person\/image\/","url":"https:\/\/i0.wp.com\/www.joyana.fr\/wp-content\/uploads\/2016\/08\/cropped-joyana-logo-black-360x180.png?fit=343%2C164&ssl=1","contentUrl":"https:\/\/i0.wp.com\/www.joyana.fr\/wp-content\/uploads\/2016\/08\/cropped-joyana-logo-black-360x180.png?fit=343%2C164&ssl=1","width":343,"height":164,"caption":"Jo Yana"},"logo":{"@id":"https:\/\/joyana.fr\/#\/schema\/person\/image\/"},"description":"Jo Yana est le cr\u00e9ateur et r\u00e9dacteur en chef des sites DECO-DESIGN. Passionn\u00e9 de Design, Mode, Photo, Luxe, Lifestyle, Musique, mais avant tout Blogueur ! Le plaisir de partager l'anime et a comme devise \"POUR L'AMOUR DU BEAU\". Retrouvez le aussi sur son blog personnel - https:\/\/joyana.fr...","sameAs":["https:\/\/joyana.fr\/"],"url":"https:\/\/www.joyana.fr\/en\/author\/joyana\/"}]}},"author_meta":{"display_name":"Jo Yana","author_link":"https:\/\/www.joyana.fr\/en\/author\/joyana\/"},"featured_img":"https:\/\/i0.wp.com\/www.joyana.fr\/wp-content\/uploads\/old\/PLEYEL-DSC02866.jpg?fit=389%2C259&ssl=1","featured_image_src":"https:\/\/i0.wp.com\/www.joyana.fr\/wp-content\/uploads\/old\/PLEYEL-DSC02866.jpg?resize=576%2C383&ssl=1","featured_image_src_square":"https:\/\/i0.wp.com\/www.joyana.fr\/wp-content\/uploads\/old\/PLEYEL-DSC02866.jpg?resize=576%2C383&ssl=1","jetpack_featured_media_url":"https:\/\/i0.wp.com\/www.joyana.fr\/wp-content\/uploads\/old\/PLEYEL-DSC02866.jpg?fit=576%2C383&ssl=1","uagb_featured_image_src":{"full":["https:\/\/i0.wp.com\/www.joyana.fr\/wp-content\/uploads\/old\/PLEYEL-DSC02866.jpg?fit=576%2C383&ssl=1",576,383,false],"thumbnail":["https:\/\/i0.wp.com\/www.joyana.fr\/wp-content\/uploads\/old\/PLEYEL-DSC02866.jpg?resize=150%2C150&ssl=1",150,150,true],"medium":["https:\/\/i0.wp.com\/www.joyana.fr\/wp-content\/uploads\/old\/PLEYEL-DSC02866.jpg?fit=389%2C259&ssl=1",389,259,true],"medium_large":["https:\/\/i0.wp.com\/www.joyana.fr\/wp-content\/uploads\/old\/PLEYEL-DSC02866.jpg?fit=576%2C383&ssl=1",576,383,true],"large":["https:\/\/i0.wp.com\/www.joyana.fr\/wp-content\/uploads\/old\/PLEYEL-DSC02866.jpg?fit=576%2C383&ssl=1",576,383,true],"1536x1536":["https:\/\/i0.wp.com\/www.joyana.fr\/wp-content\/uploads\/old\/PLEYEL-DSC02866.jpg?fit=576%2C383&ssl=1",576,383,true],"2048x2048":["https:\/\/i0.wp.com\/www.joyana.fr\/wp-content\/uploads\/old\/PLEYEL-DSC02866.jpg?fit=576%2C383&ssl=1",576,383,true],"featured-thumb":["https:\/\/i0.wp.com\/www.joyana.fr\/wp-content\/uploads\/old\/PLEYEL-DSC02866.jpg?resize=576%2C383&ssl=1",576,383,true],"ab-block-post-grid-landscape":["https:\/\/i0.wp.com\/www.joyana.fr\/wp-content\/uploads\/old\/PLEYEL-DSC02866.jpg?resize=576%2C383&ssl=1",576,383,true],"ab-block-post-grid-square":["https:\/\/i0.wp.com\/www.joyana.fr\/wp-content\/uploads\/old\/PLEYEL-DSC02866.jpg?resize=576%2C383&ssl=1",576,383,true],"author-pro-image":["https:\/\/i0.wp.com\/www.joyana.fr\/wp-content\/uploads\/old\/PLEYEL-DSC02866.jpg?resize=360%2C383&ssl=1",360,383,true],"slider":["https:\/\/i0.wp.com\/www.joyana.fr\/wp-content\/uploads\/old\/PLEYEL-DSC02866.jpg?resize=576%2C383&ssl=1",576,383,true],"woocommerce_thumbnail":["https:\/\/i0.wp.com\/www.joyana.fr\/wp-content\/uploads\/old\/PLEYEL-DSC02866.jpg?resize=450%2C383&ssl=1",450,383,true],"woocommerce_single":["https:\/\/i0.wp.com\/www.joyana.fr\/wp-content\/uploads\/old\/PLEYEL-DSC02866.jpg?fit=576%2C383&ssl=1",576,383,true],"woocommerce_gallery_thumbnail":["https:\/\/i0.wp.com\/www.joyana.fr\/wp-content\/uploads\/old\/PLEYEL-DSC02866.jpg?resize=180%2C180&ssl=1",180,180,true],"sow-carousel-default":["https:\/\/i0.wp.com\/www.joyana.fr\/wp-content\/uploads\/old\/PLEYEL-DSC02866.jpg?resize=272%2C182&ssl=1",272,182,true]},"uagb_author_info":{"display_name":"Jo Yana","author_link":"https:\/\/www.joyana.fr\/en\/author\/joyana\/"},"uagb_comment_info":20,"uagb_excerpt":"Pleyel pr\u00e9sentait sur Maison &#038; Objet 2012 sa premi\u00e8re collection de mobilier sign\u00e9e par de grands noms comme Patrick Norguet, Alice Etcaetera, Noe Duchaufour-Lawrence, mais chez Deco-Design on craque pour le tabouret WONDERFUL ARCHIE par Philippe Maidenberg&#8230; Ce tabouret WONDERFUL ARCHIE est le fruit d&#8217;une rencontre entre le saxophoniste Archie Shepp et le designer Philippe&hellip;","coauthors":[],"tax_additional":{"categories":{"linked":["<a href=\"https:\/\/www.joyana.fr\/en\/category\/deco-design\/\" class=\"advgb-post-tax-term\">DECO-DESIGN<\/a>","<a href=\"https:\/\/www.joyana.fr\/en\/category\/deco-design\/actualite\/salon\/maison-et-objet\/\" class=\"advgb-post-tax-term\">MAISON &amp; OBJET<\/a>","<a href=\"https:\/\/www.joyana.fr\/en\/category\/deco-design\/designer\/noe-duchaufour-lawrance\/\" class=\"advgb-post-tax-term\">No\u00e9 DUCHAUFOUR-LAWRANCE<\/a>","<a href=\"https:\/\/www.joyana.fr\/en\/category\/deco-design\/designer\/patrick-norguet\/\" class=\"advgb-post-tax-term\">Patrick NORGUET<\/a>","<a href=\"https:\/\/www.joyana.fr\/en\/category\/marques\/pleyel\/\" class=\"advgb-post-tax-term\">Pleyel<\/a>"],"unlinked":["<span class=\"advgb-post-tax-term\">DECO-DESIGN<\/span>","<span class=\"advgb-post-tax-term\">MAISON &amp; OBJET<\/span>","<span class=\"advgb-post-tax-term\">No\u00e9 DUCHAUFOUR-LAWRANCE<\/span>","<span class=\"advgb-post-tax-term\">Patrick NORGUET<\/span>","<span class=\"advgb-post-tax-term\">Pleyel<\/span>"]},"tags":{"linked":["<a href=\"https:\/\/www.joyana.fr\/en\/category\/marques\/pleyel\/\" class=\"advgb-post-tax-term\">Salons design<\/a>"],"unlinked":["<span class=\"advgb-post-tax-term\">Salons design<\/span>"]}},"comment_count":20,"relative_dates":{"created":"Posted 14 years ago","modified":"Updated 14 years ago"},"absolute_dates":{"created":"Posted on 25 January 2012","modified":"Updated on 25 January 2012"},"absolute_dates_time":{"created":"Posted on 25 January 2012 13:41","modified":"Updated on 25 January 2012 13:41"},"featured_img_caption":"","series_order":"","jetpack_sharing_enabled":true,"jetpack_shortlink":"https:\/\/wp.me\/p9bteI-si4","jetpack-related-posts":[],"_links":{"self":[{"href":"https:\/\/www.joyana.fr\/en\/wp-json\/wp\/v2\/posts\/108752","targetHints":{"allow":["GET"]}}],"collection":[{"href":"https:\/\/www.joyana.fr\/en\/wp-json\/wp\/v2\/posts"}],"about":[{"href":"https:\/\/www.joyana.fr\/en\/wp-json\/wp\/v2\/types\/post"}],"author":[{"embeddable":true,"href":"https:\/\/www.joyana.fr\/en\/wp-json\/wp\/v2\/users\/3"}],"replies":[{"embeddable":true,"href":"https:\/\/www.joyana.fr\/en\/wp-json\/wp\/v2\/comments?post=108752"}],"version-history":[{"count":0,"href":"https:\/\/www.joyana.fr\/en\/wp-json\/wp\/v2\/posts\/108752\/revisions"}],"wp:featuredmedia":[{"embeddable":true,"href":"https:\/\/www.joyana.fr\/en\/wp-json\/wp\/v2\/media\/108754"}],"wp:attachment":[{"href":"https:\/\/www.joyana.fr\/en\/wp-json\/wp\/v2\/media?parent=108752"}],"wp:term":[{"taxonomy":"category","embeddable":true,"href":"https:\/\/www.joyana.fr\/en\/wp-json\/wp\/v2\/categories?post=108752"},{"taxonomy":"post_tag","embeddable":true,"href":"https:\/\/www.joyana.fr\/en\/wp-json\/wp\/v2\/tags?post=108752"}],"curies":[{"name":"wp","href":"https:\/\/api.w.org\/{rel}","templated":true}]}}