{"id":107943,"date":"2011-10-06T07:06:16","date_gmt":"2011-10-06T06:06:16","guid":{"rendered":"https:\/\/joyana.fr\/?p=7943"},"modified":"2011-10-06T07:06:16","modified_gmt":"2011-10-06T06:06:16","slug":"philipp-plein-store-forte-dei-marmi-aquilialberg","status":"publish","type":"post","link":"https:\/\/www.joyana.fr\/en\/philipp-plein-store-forte-dei-marmi-aquilialberg\/107943\/","title":{"rendered":"PHILIPP PLEIN store by AquiliAlberg"},"content":{"rendered":"<p>A l&#8217;occasion de l&#8217;ouverture de son nouveau magasin en Italie, <strong>PHILIPP PLEIN<\/strong> a choisi de collaborer avec <strong>Aquilialberg<\/strong> &#8211; un studio d&#8217;architecture et de design bas\u00e9 \u00e0 Milan&#8230;<\/p>\n<p><img data-recalc-dims=\"1\" fetchpriority=\"high\" decoding=\"async\" class=\"alignnone size-full wp-image-7947\" title=\"PHILIPP PLEIN store by AquiliAlberg\" src=\"https:\/\/i0.wp.com\/joyana.fr\/wp-content\/uploads\/Philipp-Plein_Forte-dei-Marmi_Interior-02_low-res.jpg?resize=576%2C525&#038;ssl=1\" alt=\"\" width=\"576\" height=\"525\" \/><\/p>\n<p><strong>Aquilialberg<\/strong> propose un portail sculpturale pour le cr\u00e9ateur de mode ultra-contemporain et luxe <strong>PHILIPP PLEIN<\/strong> &#8211; qui ouvre son premier magasin phare en Italie et en choisit le lieu exclusif de la Versilia. Le nouveau magasin <strong>PHILIPP PLEIN<\/strong> re\u00e7oit les clients dans une dimension ultra-contemporaine et luxueuse, hors de l&#8217;ordinaire. Le cabinet d&#8217;architectes <strong>Aquilialberg<\/strong> a con\u00e7u une superficie de 50 m\u00e8tres carr\u00e9s, o\u00f9 chaque d\u00e9tail est \u00e9tudi\u00e9 afin de cr\u00e9er une atmosph\u00e8re unique !!!<\/p>\n<p>Lumineuse, d\u00e9tendue, en parfait \u00e9quilibre avec l&#8217;harmonie exclusive qui jouit de Forte dei Marmi. Le store pr\u00e9sente la richesse d&#8217;originalit\u00e9 et de d\u00e9tail. On aime le portail multi-facettes en Corian \u00ae qui couvre l&#8217;entr\u00e9e, l&#8217;interpr\u00e9tation moderne de la typique &#8220;bugnato&#8221; du palais de la Renaissance, ou encore la Roche de lave pour les rev\u00eatements de sol, m\u00e9lang\u00e9s avec du parquet \u00e0 chevrons (\u00e9tonnamment)&#8230;<\/p>\n<p>\u00c0 l&#8217;arri\u00e8re, le fameux cr\u00e2ne couvert de CRISTALLIZEDTM- Swarovski Elements, pr\u00e9sent dans le monde de <strong>PHILIPP PLEIN<\/strong>, domine la sc\u00e8ne, ferm\u00e9e dans une vitrine en cristal !!!<\/p>\n<p><img data-recalc-dims=\"1\" decoding=\"async\" class=\"alignnone size-full wp-image-7944\" title=\"PHILIPP PLEIN store by AquiliAlberg\" src=\"https:\/\/i0.wp.com\/joyana.fr\/wp-content\/uploads\/Philipp-Plein_Forte-dei-Marmi_Exterior-01_low-res.jpg?resize=576%2C744&#038;ssl=1\" alt=\"\" width=\"576\" height=\"744\" \/><\/p>\n<p><img data-recalc-dims=\"1\" decoding=\"async\" class=\"alignnone size-full wp-image-7949\" title=\"PHILIPP PLEIN store by AquiliAlberg\" src=\"https:\/\/i0.wp.com\/joyana.fr\/wp-content\/uploads\/Philipp-Plein_Forte-dei-Marmi_Interior-04_low-res.jpg?resize=576%2C379&#038;ssl=1\" alt=\"\" width=\"576\" height=\"379\" \/><\/p>\n<p><img data-recalc-dims=\"1\" loading=\"lazy\" decoding=\"async\" class=\"alignnone size-full wp-image-7948\" title=\"PHILIPP PLEIN store by AquiliAlberg\" src=\"https:\/\/i0.wp.com\/joyana.fr\/wp-content\/uploads\/Philipp-Plein_Forte-dei-Marmi_Interior-03_low-res.jpg?resize=576%2C391&#038;ssl=1\" alt=\"\" width=\"576\" height=\"391\" \/><\/p>\n<p><img data-recalc-dims=\"1\" loading=\"lazy\" decoding=\"async\" class=\"alignnone size-full wp-image-7950\" title=\"PHILIPP PLEIN store by AquiliAlberg\" src=\"https:\/\/i0.wp.com\/joyana.fr\/wp-content\/uploads\/Philipp-Plein_Forte-dei-Marmi_Interior-05_low-res.jpg?resize=576%2C387&#038;ssl=1\" alt=\"\" width=\"576\" height=\"387\" \/><\/p>\n<p><img data-recalc-dims=\"1\" loading=\"lazy\" decoding=\"async\" class=\"alignnone size-full wp-image-7952\" title=\"PHILIPP PLEIN store by AquiliAlberg\" src=\"https:\/\/i0.wp.com\/joyana.fr\/wp-content\/uploads\/Philipp-Plein_Forte-dei-Marmi_Interior-09_low-res.jpg?resize=576%2C384&#038;ssl=1\" alt=\"\" width=\"576\" height=\"384\" \/><\/p>\n<p><img data-recalc-dims=\"1\" loading=\"lazy\" decoding=\"async\" class=\"alignnone size-full wp-image-7951\" title=\"PHILIPP PLEIN store by AquiliAlberg\" src=\"https:\/\/i0.wp.com\/joyana.fr\/wp-content\/uploads\/Philipp-Plein_Forte-dei-Marmi_Interior-07_low-res.jpg?resize=576%2C384&#038;ssl=1\" alt=\"\" width=\"576\" height=\"384\" \/><\/p>\n<p><em>&#8220;<strong>PHILIPP PLEIN<\/strong> repr\u00e9sente l&#8217;\u00e9l\u00e9gance et le luxe, avec un  m\u00e9lange \u00e9quilibr\u00e9 de r\u00e9bellion et de Rock &#8216;n&#8217; Roll. Notre mode de vie  symbolise un glamour. Forte dei Marmi est le lieu id\u00e9al pour l&#8217;ouverture  du magasin: l&#8217;appel de la ville est parfaite pour la marque. Apr\u00e8s les  ouvertures, \u00e0 Vienne, Kitzb\u00fchel, Saint-Tropez, Monte Carlo, Cannes et  Moscou, nous sommes heureux et excit\u00e9s de continuer notre concept de  vente au d\u00e9tail \u00e0 Forte dei Marmi&#8221;<\/em>, d\u00e9clare <strong>Philipp Plein<\/strong>.<\/p>\n<p><img data-recalc-dims=\"1\" loading=\"lazy\" decoding=\"async\" data-attachment-id=\"7945\" data-permalink=\"https:\/\/www.joyana.fr\/en\/test-produits-de-nettoyage-pour-sneakers-jason-markk\/7944\/blog_jason-mark\/\" data-orig-file=\"https:\/\/i0.wp.com\/www.joyana.fr\/wp-content\/uploads\/2014\/02\/BLOG_JASON-MARK.jpg?fit=1000%2C1000&amp;ssl=1\" data-orig-size=\"1000,1000\" data-comments-opened=\"1\" data-image-meta=\"{&quot;aperture&quot;:&quot;0&quot;,&quot;credit&quot;:&quot;&quot;,&quot;camera&quot;:&quot;&quot;,&quot;caption&quot;:&quot;&quot;,&quot;created_timestamp&quot;:&quot;0&quot;,&quot;copyright&quot;:&quot;&quot;,&quot;focal_length&quot;:&quot;0&quot;,&quot;iso&quot;:&quot;0&quot;,&quot;shutter_speed&quot;:&quot;0&quot;,&quot;title&quot;:&quot;&quot;,&quot;orientation&quot;:&quot;1&quot;}\" data-image-title=\"BLOG_JASON MARK\" data-image-description=\"\" data-image-caption=\"\" data-medium-file=\"https:\/\/i0.wp.com\/www.joyana.fr\/wp-content\/uploads\/2014\/02\/BLOG_JASON-MARK.jpg?fit=389%2C389&amp;ssl=1\" data-large-file=\"https:\/\/i0.wp.com\/www.joyana.fr\/wp-content\/uploads\/2014\/02\/BLOG_JASON-MARK.jpg?fit=1000%2C1000&amp;ssl=1\" class=\"alignnone size-full wp-image-7945\" title=\"PHILIPP PLEIN store by AquiliAlberg\" src=\"https:\/\/i0.wp.com\/joyana.fr\/wp-content\/uploads\/Philipp-Plein_Forte-dei-Marmi_Exterior-02_low-res.jpg?resize=576%2C864&#038;ssl=1\" alt=\"\" width=\"576\" height=\"864\" \/><\/p>\n<p>En savoir + sur <strong><a title=\"PHILIPP PLEIN\" href=\"http:\/\/www.philipp-plein.com\/\">PHILIPP PLEIN<\/a> <\/strong>&#038;<strong> <a title=\"AQUILIALBERG\" href=\"http:\/\/www.aquilialberg.com\/\">AquiliAlberg<\/a><\/strong><\/p>\n","protected":false},"excerpt":{"rendered":"<p>A l&#8217;occasion de l&#8217;ouverture de son nouveau magasin en Italie, PHILIPP PLEIN a choisi de collaborer avec Aquilialberg &#8211; un studio d&#8217;architecture et de design bas\u00e9 \u00e0 Milan&#8230; Aquilialberg propose un portail sculpturale pour le cr\u00e9ateur de mode ultra-contemporain et luxe PHILIPP PLEIN &#8211; qui ouvre son premier magasin phare en Italie et en choisit [&hellip;]<\/p>\n","protected":false},"author":3,"featured_media":107947,"comment_status":"open","ping_status":"open","sticky":false,"template":"","format":"standard","meta":{"_coblocks_attr":"","_coblocks_dimensions":"","_coblocks_responsive_height":"","_coblocks_accordion_ie_support":"","_uag_custom_page_level_css":"","advgb_blocks_editor_width":"","advgb_blocks_columns_visual_guide":"","_genesis_hide_title":false,"_genesis_hide_breadcrumbs":false,"_genesis_hide_singular_image":false,"_genesis_hide_footer_widgets":false,"_genesis_custom_body_class":"","_genesis_custom_post_class":"","_genesis_layout":"","_themeisle_gutenberg_block_has_review":false,"_jetpack_newsletter_access":"","_jetpack_dont_email_post_to_subs":false,"_jetpack_newsletter_tier_id":0,"_jetpack_memberships_contains_paywalled_content":false,"_jetpack_memberships_contains_paid_content":false,"footnotes":""},"categories":[71,1018,905,1020],"tags":[919,501],"class_list":{"0":"post-107943","1":"post","2":"type-post","3":"status-publish","4":"format-standard","5":"has-post-thumbnail","7":"category-architecture","8":"category-boutique","9":"category-deco-design","10":"category-italie","11":"tag-architecte","12":"tag-architecture-2","13":"entry"},"featured_image_urls":{"full":["https:\/\/i0.wp.com\/www.joyana.fr\/wp-content\/uploads\/old\/Philipp-Plein_Forte-dei-Marmi_Interior-02_low-res.jpg?fit=576%2C525&ssl=1",576,525,false],"thumbnail":["https:\/\/i0.wp.com\/www.joyana.fr\/wp-content\/uploads\/old\/Philipp-Plein_Forte-dei-Marmi_Interior-02_low-res.jpg?resize=150%2C150&ssl=1",150,150,true],"medium":["https:\/\/i0.wp.com\/www.joyana.fr\/wp-content\/uploads\/old\/Philipp-Plein_Forte-dei-Marmi_Interior-02_low-res.jpg?fit=389%2C355&ssl=1",389,355,true],"medium_large":["https:\/\/i0.wp.com\/www.joyana.fr\/wp-content\/uploads\/old\/Philipp-Plein_Forte-dei-Marmi_Interior-02_low-res.jpg?fit=576%2C525&ssl=1",576,525,true],"large":["https:\/\/i0.wp.com\/www.joyana.fr\/wp-content\/uploads\/old\/Philipp-Plein_Forte-dei-Marmi_Interior-02_low-res.jpg?fit=576%2C525&ssl=1",576,525,true],"1536x1536":["https:\/\/i0.wp.com\/www.joyana.fr\/wp-content\/uploads\/old\/Philipp-Plein_Forte-dei-Marmi_Interior-02_low-res.jpg?fit=576%2C525&ssl=1",576,525,true],"2048x2048":["https:\/\/i0.wp.com\/www.joyana.fr\/wp-content\/uploads\/old\/Philipp-Plein_Forte-dei-Marmi_Interior-02_low-res.jpg?fit=576%2C525&ssl=1",576,525,true],"featured-thumb":["https:\/\/i0.wp.com\/www.joyana.fr\/wp-content\/uploads\/old\/Philipp-Plein_Forte-dei-Marmi_Interior-02_low-res.jpg?resize=576%2C525&ssl=1",576,525,true],"ab-block-post-grid-landscape":["https:\/\/i0.wp.com\/www.joyana.fr\/wp-content\/uploads\/old\/Philipp-Plein_Forte-dei-Marmi_Interior-02_low-res.jpg?resize=576%2C400&ssl=1",576,400,true],"ab-block-post-grid-square":["https:\/\/i0.wp.com\/www.joyana.fr\/wp-content\/uploads\/old\/Philipp-Plein_Forte-dei-Marmi_Interior-02_low-res.jpg?resize=576%2C525&ssl=1",576,525,true],"author-pro-image":["https:\/\/i0.wp.com\/www.joyana.fr\/wp-content\/uploads\/old\/Philipp-Plein_Forte-dei-Marmi_Interior-02_low-res.jpg?resize=360%2C525&ssl=1",360,525,true],"slider":["https:\/\/i0.wp.com\/www.joyana.fr\/wp-content\/uploads\/old\/Philipp-Plein_Forte-dei-Marmi_Interior-02_low-res.jpg?resize=576%2C400&ssl=1",576,400,true],"woocommerce_thumbnail":["https:\/\/i0.wp.com\/www.joyana.fr\/wp-content\/uploads\/old\/Philipp-Plein_Forte-dei-Marmi_Interior-02_low-res.jpg?resize=450%2C450&ssl=1",450,450,true],"woocommerce_single":["https:\/\/i0.wp.com\/www.joyana.fr\/wp-content\/uploads\/old\/Philipp-Plein_Forte-dei-Marmi_Interior-02_low-res.jpg?fit=576%2C525&ssl=1",576,525,true],"woocommerce_gallery_thumbnail":["https:\/\/i0.wp.com\/www.joyana.fr\/wp-content\/uploads\/old\/Philipp-Plein_Forte-dei-Marmi_Interior-02_low-res.jpg?resize=180%2C180&ssl=1",180,180,true],"sow-carousel-default":["https:\/\/i0.wp.com\/www.joyana.fr\/wp-content\/uploads\/old\/Philipp-Plein_Forte-dei-Marmi_Interior-02_low-res.jpg?resize=272%2C182&ssl=1",272,182,true]},"post_excerpt_stackable":"<p>A l&#8217;occasion de l&#8217;ouverture de son nouveau magasin en Italie, PHILIPP PLEIN a choisi de collaborer avec Aquilialberg &#8211; un studio d&#8217;architecture et de design bas\u00e9 \u00e0 Milan&#8230; Aquilialberg propose un portail sculpturale pour le cr\u00e9ateur de mode ultra-contemporain et luxe PHILIPP PLEIN &#8211; qui ouvre son premier magasin phare en Italie et en choisit le lieu exclusif de la Versilia. Le nouveau magasin PHILIPP PLEIN re\u00e7oit les clients dans une dimension ultra-contemporaine et luxueuse, hors de l&#8217;ordinaire. Le cabinet d&#8217;architectes Aquilialberg a con\u00e7u une superficie de 50 m\u00e8tres carr\u00e9s, o\u00f9 chaque d\u00e9tail est \u00e9tudi\u00e9 afin de cr\u00e9er une atmosph\u00e8re&hellip;<\/p>\n","category_list":"<a href=\"https:\/\/www.joyana.fr\/en\/category\/portfolio\/architecture\/\" rel=\"category tag\">ARCHITECTURE<\/a>, <a href=\"https:\/\/www.joyana.fr\/en\/category\/deco-design\/architecture-deco-design\/lieux-design\/boutique\/\" rel=\"category tag\">Boutique<\/a>, <a href=\"https:\/\/www.joyana.fr\/en\/category\/deco-design\/\" rel=\"category tag\">DECO-DESIGN<\/a>, <a href=\"https:\/\/www.joyana.fr\/en\/category\/deco-design\/architecture-deco-design\/pays\/italie\/\" rel=\"category tag\">Italie<\/a>","author_info":{"display_name":"Jo Yana","author_link":"https:\/\/www.joyana.fr\/en\/author\/joyana\/"},"comments_num":"6 comments","featured_image_urls_v2":{"full":["https:\/\/i0.wp.com\/www.joyana.fr\/wp-content\/uploads\/old\/Philipp-Plein_Forte-dei-Marmi_Interior-02_low-res.jpg?fit=576%2C525&ssl=1",576,525,false],"thumbnail":["https:\/\/i0.wp.com\/www.joyana.fr\/wp-content\/uploads\/old\/Philipp-Plein_Forte-dei-Marmi_Interior-02_low-res.jpg?resize=150%2C150&ssl=1",150,150,true],"medium":["https:\/\/i0.wp.com\/www.joyana.fr\/wp-content\/uploads\/old\/Philipp-Plein_Forte-dei-Marmi_Interior-02_low-res.jpg?fit=389%2C355&ssl=1",389,355,true],"medium_large":["https:\/\/i0.wp.com\/www.joyana.fr\/wp-content\/uploads\/old\/Philipp-Plein_Forte-dei-Marmi_Interior-02_low-res.jpg?fit=576%2C525&ssl=1",576,525,true],"large":["https:\/\/i0.wp.com\/www.joyana.fr\/wp-content\/uploads\/old\/Philipp-Plein_Forte-dei-Marmi_Interior-02_low-res.jpg?fit=576%2C525&ssl=1",576,525,true],"1536x1536":["https:\/\/i0.wp.com\/www.joyana.fr\/wp-content\/uploads\/old\/Philipp-Plein_Forte-dei-Marmi_Interior-02_low-res.jpg?fit=576%2C525&ssl=1",576,525,true],"2048x2048":["https:\/\/i0.wp.com\/www.joyana.fr\/wp-content\/uploads\/old\/Philipp-Plein_Forte-dei-Marmi_Interior-02_low-res.jpg?fit=576%2C525&ssl=1",576,525,true],"featured-thumb":["https:\/\/i0.wp.com\/www.joyana.fr\/wp-content\/uploads\/old\/Philipp-Plein_Forte-dei-Marmi_Interior-02_low-res.jpg?resize=576%2C525&ssl=1",576,525,true],"ab-block-post-grid-landscape":["https:\/\/i0.wp.com\/www.joyana.fr\/wp-content\/uploads\/old\/Philipp-Plein_Forte-dei-Marmi_Interior-02_low-res.jpg?resize=576%2C400&ssl=1",576,400,true],"ab-block-post-grid-square":["https:\/\/i0.wp.com\/www.joyana.fr\/wp-content\/uploads\/old\/Philipp-Plein_Forte-dei-Marmi_Interior-02_low-res.jpg?resize=576%2C525&ssl=1",576,525,true],"author-pro-image":["https:\/\/i0.wp.com\/www.joyana.fr\/wp-content\/uploads\/old\/Philipp-Plein_Forte-dei-Marmi_Interior-02_low-res.jpg?resize=360%2C525&ssl=1",360,525,true],"slider":["https:\/\/i0.wp.com\/www.joyana.fr\/wp-content\/uploads\/old\/Philipp-Plein_Forte-dei-Marmi_Interior-02_low-res.jpg?resize=576%2C400&ssl=1",576,400,true],"woocommerce_thumbnail":["https:\/\/i0.wp.com\/www.joyana.fr\/wp-content\/uploads\/old\/Philipp-Plein_Forte-dei-Marmi_Interior-02_low-res.jpg?resize=450%2C450&ssl=1",450,450,true],"woocommerce_single":["https:\/\/i0.wp.com\/www.joyana.fr\/wp-content\/uploads\/old\/Philipp-Plein_Forte-dei-Marmi_Interior-02_low-res.jpg?fit=576%2C525&ssl=1",576,525,true],"woocommerce_gallery_thumbnail":["https:\/\/i0.wp.com\/www.joyana.fr\/wp-content\/uploads\/old\/Philipp-Plein_Forte-dei-Marmi_Interior-02_low-res.jpg?resize=180%2C180&ssl=1",180,180,true],"sow-carousel-default":["https:\/\/i0.wp.com\/www.joyana.fr\/wp-content\/uploads\/old\/Philipp-Plein_Forte-dei-Marmi_Interior-02_low-res.jpg?resize=272%2C182&ssl=1",272,182,true]},"post_excerpt_stackable_v2":"<p>A l&#8217;occasion de l&#8217;ouverture de son nouveau magasin en Italie, PHILIPP PLEIN a choisi de collaborer avec Aquilialberg &#8211; un studio d&#8217;architecture et de design bas\u00e9 \u00e0 Milan&#8230; Aquilialberg propose un portail sculpturale pour le cr\u00e9ateur de mode ultra-contemporain et luxe PHILIPP PLEIN &#8211; qui ouvre son premier magasin phare en Italie et en choisit le lieu exclusif de la Versilia. Le nouveau magasin PHILIPP PLEIN re\u00e7oit les clients dans une dimension ultra-contemporaine et luxueuse, hors de l&#8217;ordinaire. Le cabinet d&#8217;architectes Aquilialberg a con\u00e7u une superficie de 50 m\u00e8tres carr\u00e9s, o\u00f9 chaque d\u00e9tail est \u00e9tudi\u00e9 afin de cr\u00e9er une atmosph\u00e8re&hellip;<\/p>\n","category_list_v2":"<a href=\"https:\/\/www.joyana.fr\/en\/category\/portfolio\/architecture\/\" rel=\"category tag\">ARCHITECTURE<\/a>, <a href=\"https:\/\/www.joyana.fr\/en\/category\/deco-design\/architecture-deco-design\/lieux-design\/boutique\/\" rel=\"category tag\">Boutique<\/a>, <a href=\"https:\/\/www.joyana.fr\/en\/category\/deco-design\/\" rel=\"category tag\">DECO-DESIGN<\/a>, <a href=\"https:\/\/www.joyana.fr\/en\/category\/deco-design\/architecture-deco-design\/pays\/italie\/\" rel=\"category tag\">Italie<\/a>","author_info_v2":{"name":"Jo Yana","url":"https:\/\/www.joyana.fr\/en\/author\/joyana\/"},"comments_num_v2":"6 comments","yoast_head":"<!-- This site is optimized with the Yoast SEO plugin v26.8 - https:\/\/yoast.com\/product\/yoast-seo-wordpress\/ -->\n<title>PHILIPP PLEIN store by AquiliAlberg - JO YANA<\/title>\n<meta name=\"robots\" content=\"index, follow, max-snippet:-1, max-image-preview:large, max-video-preview:-1\" \/>\n<link rel=\"canonical\" href=\"https:\/\/joyana.fr\/en\/philipp-plein-store-forte-dei-marmi-aquilialberg\/107943\/\" \/>\n<meta property=\"og:locale\" content=\"en_US\" \/>\n<meta property=\"og:locale:alternate\" content=\"fr_FR\" \/>\n<meta property=\"og:locale:alternate\" content=\"ja\" \/>\n<meta property=\"og:type\" content=\"article\" \/>\n<meta property=\"og:title\" content=\"PHILIPP PLEIN store by AquiliAlberg - JO YANA\" \/>\n<meta property=\"og:description\" content=\"A l&#8217;occasion de l&#8217;ouverture de son nouveau magasin en Italie, PHILIPP PLEIN a choisi de collaborer avec Aquilialberg &#8211; un studio d&#8217;architecture et de design bas\u00e9 \u00e0 Milan&#8230; Aquilialberg propose un portail sculpturale pour le cr\u00e9ateur de mode ultra-contemporain et luxe PHILIPP PLEIN &#8211; qui ouvre son premier magasin phare en Italie et en choisit [&hellip;]\" \/>\n<meta property=\"og:url\" content=\"https:\/\/www.joyana.fr\/en\/philipp-plein-store-forte-dei-marmi-aquilialberg\/107943\/\" \/>\n<meta property=\"og:site_name\" content=\"JO YANA\" \/>\n<meta property=\"article:published_time\" content=\"2011-10-06T06:06:16+00:00\" \/>\n<meta property=\"og:image\" content=\"https:\/\/joyana.fr\/wp-content\/uploads\/old\/Philipp-Plein_Forte-dei-Marmi_Interior-02_low-res.jpg\" \/>\n\t<meta property=\"og:image:width\" content=\"576\" \/>\n\t<meta property=\"og:image:height\" content=\"525\" \/>\n\t<meta property=\"og:image:type\" content=\"image\/jpeg\" \/>\n<meta name=\"author\" content=\"Jo Yana\" \/>\n<meta name=\"twitter:card\" content=\"summary_large_image\" \/>\n<meta name=\"twitter:creator\" content=\"@Jo_Yana\" \/>\n<meta name=\"twitter:site\" content=\"@Jo_Yana\" \/>\n<meta name=\"twitter:label1\" content=\"Written by\" \/>\n\t<meta name=\"twitter:data1\" content=\"Jo Yana\" \/>\n\t<meta name=\"twitter:label2\" content=\"Est. reading time\" \/>\n\t<meta name=\"twitter:data2\" content=\"1 minute\" \/>\n<script type=\"application\/ld+json\" class=\"yoast-schema-graph\">{\"@context\":\"https:\/\/schema.org\",\"@graph\":[{\"@type\":\"Article\",\"@id\":\"https:\/\/joyana.fr\/en\/philipp-plein-store-forte-dei-marmi-aquilialberg\/107943\/#article\",\"isPartOf\":{\"@id\":\"https:\/\/joyana.fr\/en\/philipp-plein-store-forte-dei-marmi-aquilialberg\/107943\/\"},\"author\":{\"name\":\"Jo Yana\",\"@id\":\"https:\/\/joyana.fr\/#\/schema\/person\/cf2a1ad12a27c12c21801075bf37407c\"},\"headline\":\"PHILIPP PLEIN store by AquiliAlberg\",\"datePublished\":\"2011-10-06T06:06:16+00:00\",\"mainEntityOfPage\":{\"@id\":\"https:\/\/joyana.fr\/en\/philipp-plein-store-forte-dei-marmi-aquilialberg\/107943\/\"},\"wordCount\":315,\"commentCount\":3,\"publisher\":{\"@id\":\"https:\/\/joyana.fr\/#\/schema\/person\/cf2a1ad12a27c12c21801075bf37407c\"},\"image\":{\"@id\":\"https:\/\/joyana.fr\/en\/philipp-plein-store-forte-dei-marmi-aquilialberg\/107943\/#primaryimage\"},\"thumbnailUrl\":\"https:\/\/i0.wp.com\/www.joyana.fr\/wp-content\/uploads\/old\/Philipp-Plein_Forte-dei-Marmi_Interior-02_low-res.jpg?fit=576%2C525&ssl=1\",\"keywords\":[\"Architecte\",\"Architecture\"],\"articleSection\":[\"ARCHITECTURE\",\"Boutique\",\"DECO-DESIGN\",\"Italie\"],\"inLanguage\":\"en-US\",\"potentialAction\":[{\"@type\":\"CommentAction\",\"name\":\"Comment\",\"target\":[\"https:\/\/joyana.fr\/en\/philipp-plein-store-forte-dei-marmi-aquilialberg\/107943\/#respond\"]}]},{\"@type\":\"WebPage\",\"@id\":\"https:\/\/joyana.fr\/en\/philipp-plein-store-forte-dei-marmi-aquilialberg\/107943\/\",\"url\":\"https:\/\/joyana.fr\/en\/philipp-plein-store-forte-dei-marmi-aquilialberg\/107943\/\",\"name\":\"PHILIPP PLEIN store by AquiliAlberg - JO YANA\",\"isPartOf\":{\"@id\":\"https:\/\/joyana.fr\/#website\"},\"primaryImageOfPage\":{\"@id\":\"https:\/\/joyana.fr\/en\/philipp-plein-store-forte-dei-marmi-aquilialberg\/107943\/#primaryimage\"},\"image\":{\"@id\":\"https:\/\/joyana.fr\/en\/philipp-plein-store-forte-dei-marmi-aquilialberg\/107943\/#primaryimage\"},\"thumbnailUrl\":\"https:\/\/i0.wp.com\/www.joyana.fr\/wp-content\/uploads\/old\/Philipp-Plein_Forte-dei-Marmi_Interior-02_low-res.jpg?fit=576%2C525&ssl=1\",\"datePublished\":\"2011-10-06T06:06:16+00:00\",\"breadcrumb\":{\"@id\":\"https:\/\/joyana.fr\/en\/philipp-plein-store-forte-dei-marmi-aquilialberg\/107943\/#breadcrumb\"},\"inLanguage\":\"en-US\",\"potentialAction\":[{\"@type\":\"ReadAction\",\"target\":[\"https:\/\/joyana.fr\/en\/philipp-plein-store-forte-dei-marmi-aquilialberg\/107943\/\"]}]},{\"@type\":\"ImageObject\",\"inLanguage\":\"en-US\",\"@id\":\"https:\/\/joyana.fr\/en\/philipp-plein-store-forte-dei-marmi-aquilialberg\/107943\/#primaryimage\",\"url\":\"https:\/\/i0.wp.com\/www.joyana.fr\/wp-content\/uploads\/old\/Philipp-Plein_Forte-dei-Marmi_Interior-02_low-res.jpg?fit=576%2C525&ssl=1\",\"contentUrl\":\"https:\/\/i0.wp.com\/www.joyana.fr\/wp-content\/uploads\/old\/Philipp-Plein_Forte-dei-Marmi_Interior-02_low-res.jpg?fit=576%2C525&ssl=1\",\"width\":576,\"height\":525},{\"@type\":\"BreadcrumbList\",\"@id\":\"https:\/\/joyana.fr\/en\/philipp-plein-store-forte-dei-marmi-aquilialberg\/107943\/#breadcrumb\",\"itemListElement\":[{\"@type\":\"ListItem\",\"position\":1,\"name\":\"Accueil\",\"item\":\"https:\/\/joyana.fr\/\"},{\"@type\":\"ListItem\",\"position\":2,\"name\":\"PHILIPP PLEIN store by AquiliAlberg\"}]},{\"@type\":\"WebSite\",\"@id\":\"https:\/\/joyana.fr\/#website\",\"url\":\"https:\/\/joyana.fr\/\",\"name\":\"JO YANA\",\"description\":\"Blog Mode Homme, Lifestyle, D\u00e9co-Design\",\"publisher\":{\"@id\":\"https:\/\/joyana.fr\/#\/schema\/person\/cf2a1ad12a27c12c21801075bf37407c\"},\"potentialAction\":[{\"@type\":\"SearchAction\",\"target\":{\"@type\":\"EntryPoint\",\"urlTemplate\":\"https:\/\/joyana.fr\/?s={search_term_string}\"},\"query-input\":{\"@type\":\"PropertyValueSpecification\",\"valueRequired\":true,\"valueName\":\"search_term_string\"}}],\"inLanguage\":\"en-US\"},{\"@type\":[\"Person\",\"Organization\"],\"@id\":\"https:\/\/joyana.fr\/#\/schema\/person\/cf2a1ad12a27c12c21801075bf37407c\",\"name\":\"Jo Yana\",\"image\":{\"@type\":\"ImageObject\",\"inLanguage\":\"en-US\",\"@id\":\"https:\/\/joyana.fr\/#\/schema\/person\/image\/\",\"url\":\"https:\/\/i0.wp.com\/www.joyana.fr\/wp-content\/uploads\/2016\/08\/cropped-joyana-logo-black-360x180.png?fit=343%2C164&ssl=1\",\"contentUrl\":\"https:\/\/i0.wp.com\/www.joyana.fr\/wp-content\/uploads\/2016\/08\/cropped-joyana-logo-black-360x180.png?fit=343%2C164&ssl=1\",\"width\":343,\"height\":164,\"caption\":\"Jo Yana\"},\"logo\":{\"@id\":\"https:\/\/joyana.fr\/#\/schema\/person\/image\/\"},\"description\":\"Jo Yana est le cr\u00e9ateur et r\u00e9dacteur en chef des sites DECO-DESIGN. Passionn\u00e9 de Design, Mode, Photo, Luxe, Lifestyle, Musique, mais avant tout Blogueur ! Le plaisir de partager l'anime et a comme devise \\\"POUR L'AMOUR DU BEAU\\\". Retrouvez le aussi sur son blog personnel - https:\/\/joyana.fr...\",\"sameAs\":[\"https:\/\/joyana.fr\/\"],\"url\":\"https:\/\/www.joyana.fr\/en\/author\/joyana\/\"}]}<\/script>\n<!-- \/ Yoast SEO plugin. -->","yoast_head_json":{"title":"PHILIPP PLEIN store by AquiliAlberg - JO YANA","robots":{"index":"index","follow":"follow","max-snippet":"max-snippet:-1","max-image-preview":"max-image-preview:large","max-video-preview":"max-video-preview:-1"},"canonical":"https:\/\/joyana.fr\/en\/philipp-plein-store-forte-dei-marmi-aquilialberg\/107943\/","og_locale":"en_US","og_type":"article","og_title":"PHILIPP PLEIN store by AquiliAlberg - JO YANA","og_description":"A l&#8217;occasion de l&#8217;ouverture de son nouveau magasin en Italie, PHILIPP PLEIN a choisi de collaborer avec Aquilialberg &#8211; un studio d&#8217;architecture et de design bas\u00e9 \u00e0 Milan&#8230; Aquilialberg propose un portail sculpturale pour le cr\u00e9ateur de mode ultra-contemporain et luxe PHILIPP PLEIN &#8211; qui ouvre son premier magasin phare en Italie et en choisit [&hellip;]","og_url":"https:\/\/www.joyana.fr\/en\/philipp-plein-store-forte-dei-marmi-aquilialberg\/107943\/","og_site_name":"JO YANA","article_published_time":"2011-10-06T06:06:16+00:00","og_image":[{"width":576,"height":525,"url":"https:\/\/joyana.fr\/wp-content\/uploads\/old\/Philipp-Plein_Forte-dei-Marmi_Interior-02_low-res.jpg","type":"image\/jpeg"}],"author":"Jo Yana","twitter_card":"summary_large_image","twitter_creator":"@Jo_Yana","twitter_site":"@Jo_Yana","twitter_misc":{"Written by":"Jo Yana","Est. reading time":"1 minute"},"schema":{"@context":"https:\/\/schema.org","@graph":[{"@type":"Article","@id":"https:\/\/joyana.fr\/en\/philipp-plein-store-forte-dei-marmi-aquilialberg\/107943\/#article","isPartOf":{"@id":"https:\/\/joyana.fr\/en\/philipp-plein-store-forte-dei-marmi-aquilialberg\/107943\/"},"author":{"name":"Jo Yana","@id":"https:\/\/joyana.fr\/#\/schema\/person\/cf2a1ad12a27c12c21801075bf37407c"},"headline":"PHILIPP PLEIN store by AquiliAlberg","datePublished":"2011-10-06T06:06:16+00:00","mainEntityOfPage":{"@id":"https:\/\/joyana.fr\/en\/philipp-plein-store-forte-dei-marmi-aquilialberg\/107943\/"},"wordCount":315,"commentCount":3,"publisher":{"@id":"https:\/\/joyana.fr\/#\/schema\/person\/cf2a1ad12a27c12c21801075bf37407c"},"image":{"@id":"https:\/\/joyana.fr\/en\/philipp-plein-store-forte-dei-marmi-aquilialberg\/107943\/#primaryimage"},"thumbnailUrl":"https:\/\/i0.wp.com\/www.joyana.fr\/wp-content\/uploads\/old\/Philipp-Plein_Forte-dei-Marmi_Interior-02_low-res.jpg?fit=576%2C525&ssl=1","keywords":["Architecte","Architecture"],"articleSection":["ARCHITECTURE","Boutique","DECO-DESIGN","Italie"],"inLanguage":"en-US","potentialAction":[{"@type":"CommentAction","name":"Comment","target":["https:\/\/joyana.fr\/en\/philipp-plein-store-forte-dei-marmi-aquilialberg\/107943\/#respond"]}]},{"@type":"WebPage","@id":"https:\/\/joyana.fr\/en\/philipp-plein-store-forte-dei-marmi-aquilialberg\/107943\/","url":"https:\/\/joyana.fr\/en\/philipp-plein-store-forte-dei-marmi-aquilialberg\/107943\/","name":"PHILIPP PLEIN store by AquiliAlberg - JO YANA","isPartOf":{"@id":"https:\/\/joyana.fr\/#website"},"primaryImageOfPage":{"@id":"https:\/\/joyana.fr\/en\/philipp-plein-store-forte-dei-marmi-aquilialberg\/107943\/#primaryimage"},"image":{"@id":"https:\/\/joyana.fr\/en\/philipp-plein-store-forte-dei-marmi-aquilialberg\/107943\/#primaryimage"},"thumbnailUrl":"https:\/\/i0.wp.com\/www.joyana.fr\/wp-content\/uploads\/old\/Philipp-Plein_Forte-dei-Marmi_Interior-02_low-res.jpg?fit=576%2C525&ssl=1","datePublished":"2011-10-06T06:06:16+00:00","breadcrumb":{"@id":"https:\/\/joyana.fr\/en\/philipp-plein-store-forte-dei-marmi-aquilialberg\/107943\/#breadcrumb"},"inLanguage":"en-US","potentialAction":[{"@type":"ReadAction","target":["https:\/\/joyana.fr\/en\/philipp-plein-store-forte-dei-marmi-aquilialberg\/107943\/"]}]},{"@type":"ImageObject","inLanguage":"en-US","@id":"https:\/\/joyana.fr\/en\/philipp-plein-store-forte-dei-marmi-aquilialberg\/107943\/#primaryimage","url":"https:\/\/i0.wp.com\/www.joyana.fr\/wp-content\/uploads\/old\/Philipp-Plein_Forte-dei-Marmi_Interior-02_low-res.jpg?fit=576%2C525&ssl=1","contentUrl":"https:\/\/i0.wp.com\/www.joyana.fr\/wp-content\/uploads\/old\/Philipp-Plein_Forte-dei-Marmi_Interior-02_low-res.jpg?fit=576%2C525&ssl=1","width":576,"height":525},{"@type":"BreadcrumbList","@id":"https:\/\/joyana.fr\/en\/philipp-plein-store-forte-dei-marmi-aquilialberg\/107943\/#breadcrumb","itemListElement":[{"@type":"ListItem","position":1,"name":"Accueil","item":"https:\/\/joyana.fr\/"},{"@type":"ListItem","position":2,"name":"PHILIPP PLEIN store by AquiliAlberg"}]},{"@type":"WebSite","@id":"https:\/\/joyana.fr\/#website","url":"https:\/\/joyana.fr\/","name":"JO YANA","description":"Blog Mode Homme, Lifestyle, D\u00e9co-Design","publisher":{"@id":"https:\/\/joyana.fr\/#\/schema\/person\/cf2a1ad12a27c12c21801075bf37407c"},"potentialAction":[{"@type":"SearchAction","target":{"@type":"EntryPoint","urlTemplate":"https:\/\/joyana.fr\/?s={search_term_string}"},"query-input":{"@type":"PropertyValueSpecification","valueRequired":true,"valueName":"search_term_string"}}],"inLanguage":"en-US"},{"@type":["Person","Organization"],"@id":"https:\/\/joyana.fr\/#\/schema\/person\/cf2a1ad12a27c12c21801075bf37407c","name":"Jo Yana","image":{"@type":"ImageObject","inLanguage":"en-US","@id":"https:\/\/joyana.fr\/#\/schema\/person\/image\/","url":"https:\/\/i0.wp.com\/www.joyana.fr\/wp-content\/uploads\/2016\/08\/cropped-joyana-logo-black-360x180.png?fit=343%2C164&ssl=1","contentUrl":"https:\/\/i0.wp.com\/www.joyana.fr\/wp-content\/uploads\/2016\/08\/cropped-joyana-logo-black-360x180.png?fit=343%2C164&ssl=1","width":343,"height":164,"caption":"Jo Yana"},"logo":{"@id":"https:\/\/joyana.fr\/#\/schema\/person\/image\/"},"description":"Jo Yana est le cr\u00e9ateur et r\u00e9dacteur en chef des sites DECO-DESIGN. Passionn\u00e9 de Design, Mode, Photo, Luxe, Lifestyle, Musique, mais avant tout Blogueur ! Le plaisir de partager l'anime et a comme devise \"POUR L'AMOUR DU BEAU\". Retrouvez le aussi sur son blog personnel - https:\/\/joyana.fr...","sameAs":["https:\/\/joyana.fr\/"],"url":"https:\/\/www.joyana.fr\/en\/author\/joyana\/"}]}},"author_meta":{"display_name":"Jo Yana","author_link":"https:\/\/www.joyana.fr\/en\/author\/joyana\/"},"featured_img":"https:\/\/i0.wp.com\/www.joyana.fr\/wp-content\/uploads\/old\/Philipp-Plein_Forte-dei-Marmi_Interior-02_low-res.jpg?fit=389%2C355&ssl=1","featured_image_src":"https:\/\/i0.wp.com\/www.joyana.fr\/wp-content\/uploads\/old\/Philipp-Plein_Forte-dei-Marmi_Interior-02_low-res.jpg?resize=576%2C400&ssl=1","featured_image_src_square":"https:\/\/i0.wp.com\/www.joyana.fr\/wp-content\/uploads\/old\/Philipp-Plein_Forte-dei-Marmi_Interior-02_low-res.jpg?resize=576%2C525&ssl=1","jetpack_featured_media_url":"https:\/\/i0.wp.com\/www.joyana.fr\/wp-content\/uploads\/old\/Philipp-Plein_Forte-dei-Marmi_Interior-02_low-res.jpg?fit=576%2C525&ssl=1","uagb_featured_image_src":{"full":["https:\/\/i0.wp.com\/www.joyana.fr\/wp-content\/uploads\/old\/Philipp-Plein_Forte-dei-Marmi_Interior-02_low-res.jpg?fit=576%2C525&ssl=1",576,525,false],"thumbnail":["https:\/\/i0.wp.com\/www.joyana.fr\/wp-content\/uploads\/old\/Philipp-Plein_Forte-dei-Marmi_Interior-02_low-res.jpg?resize=150%2C150&ssl=1",150,150,true],"medium":["https:\/\/i0.wp.com\/www.joyana.fr\/wp-content\/uploads\/old\/Philipp-Plein_Forte-dei-Marmi_Interior-02_low-res.jpg?fit=389%2C355&ssl=1",389,355,true],"medium_large":["https:\/\/i0.wp.com\/www.joyana.fr\/wp-content\/uploads\/old\/Philipp-Plein_Forte-dei-Marmi_Interior-02_low-res.jpg?fit=576%2C525&ssl=1",576,525,true],"large":["https:\/\/i0.wp.com\/www.joyana.fr\/wp-content\/uploads\/old\/Philipp-Plein_Forte-dei-Marmi_Interior-02_low-res.jpg?fit=576%2C525&ssl=1",576,525,true],"1536x1536":["https:\/\/i0.wp.com\/www.joyana.fr\/wp-content\/uploads\/old\/Philipp-Plein_Forte-dei-Marmi_Interior-02_low-res.jpg?fit=576%2C525&ssl=1",576,525,true],"2048x2048":["https:\/\/i0.wp.com\/www.joyana.fr\/wp-content\/uploads\/old\/Philipp-Plein_Forte-dei-Marmi_Interior-02_low-res.jpg?fit=576%2C525&ssl=1",576,525,true],"featured-thumb":["https:\/\/i0.wp.com\/www.joyana.fr\/wp-content\/uploads\/old\/Philipp-Plein_Forte-dei-Marmi_Interior-02_low-res.jpg?resize=576%2C525&ssl=1",576,525,true],"ab-block-post-grid-landscape":["https:\/\/i0.wp.com\/www.joyana.fr\/wp-content\/uploads\/old\/Philipp-Plein_Forte-dei-Marmi_Interior-02_low-res.jpg?resize=576%2C400&ssl=1",576,400,true],"ab-block-post-grid-square":["https:\/\/i0.wp.com\/www.joyana.fr\/wp-content\/uploads\/old\/Philipp-Plein_Forte-dei-Marmi_Interior-02_low-res.jpg?resize=576%2C525&ssl=1",576,525,true],"author-pro-image":["https:\/\/i0.wp.com\/www.joyana.fr\/wp-content\/uploads\/old\/Philipp-Plein_Forte-dei-Marmi_Interior-02_low-res.jpg?resize=360%2C525&ssl=1",360,525,true],"slider":["https:\/\/i0.wp.com\/www.joyana.fr\/wp-content\/uploads\/old\/Philipp-Plein_Forte-dei-Marmi_Interior-02_low-res.jpg?resize=576%2C400&ssl=1",576,400,true],"woocommerce_thumbnail":["https:\/\/i0.wp.com\/www.joyana.fr\/wp-content\/uploads\/old\/Philipp-Plein_Forte-dei-Marmi_Interior-02_low-res.jpg?resize=450%2C450&ssl=1",450,450,true],"woocommerce_single":["https:\/\/i0.wp.com\/www.joyana.fr\/wp-content\/uploads\/old\/Philipp-Plein_Forte-dei-Marmi_Interior-02_low-res.jpg?fit=576%2C525&ssl=1",576,525,true],"woocommerce_gallery_thumbnail":["https:\/\/i0.wp.com\/www.joyana.fr\/wp-content\/uploads\/old\/Philipp-Plein_Forte-dei-Marmi_Interior-02_low-res.jpg?resize=180%2C180&ssl=1",180,180,true],"sow-carousel-default":["https:\/\/i0.wp.com\/www.joyana.fr\/wp-content\/uploads\/old\/Philipp-Plein_Forte-dei-Marmi_Interior-02_low-res.jpg?resize=272%2C182&ssl=1",272,182,true]},"uagb_author_info":{"display_name":"Jo Yana","author_link":"https:\/\/www.joyana.fr\/en\/author\/joyana\/"},"uagb_comment_info":7,"uagb_excerpt":"A l&#8217;occasion de l&#8217;ouverture de son nouveau magasin en Italie, PHILIPP PLEIN a choisi de collaborer avec Aquilialberg &#8211; un studio d&#8217;architecture et de design bas\u00e9 \u00e0 Milan&#8230; Aquilialberg propose un portail sculpturale pour le cr\u00e9ateur de mode ultra-contemporain et luxe PHILIPP PLEIN &#8211; qui ouvre son premier magasin phare en Italie et en choisit&hellip;","coauthors":[],"tax_additional":{"categories":{"linked":["<a href=\"https:\/\/www.joyana.fr\/en\/category\/portfolio\/architecture\/\" class=\"advgb-post-tax-term\">ARCHITECTURE<\/a>","<a href=\"https:\/\/www.joyana.fr\/en\/category\/deco-design\/architecture-deco-design\/lieux-design\/boutique\/\" class=\"advgb-post-tax-term\">Boutique<\/a>","<a href=\"https:\/\/www.joyana.fr\/en\/category\/deco-design\/\" class=\"advgb-post-tax-term\">DECO-DESIGN<\/a>","<a href=\"https:\/\/www.joyana.fr\/en\/category\/deco-design\/architecture-deco-design\/pays\/italie\/\" class=\"advgb-post-tax-term\">Italie<\/a>"],"unlinked":["<span class=\"advgb-post-tax-term\">ARCHITECTURE<\/span>","<span class=\"advgb-post-tax-term\">Boutique<\/span>","<span class=\"advgb-post-tax-term\">DECO-DESIGN<\/span>","<span class=\"advgb-post-tax-term\">Italie<\/span>"]},"tags":{"linked":["<a href=\"https:\/\/www.joyana.fr\/en\/category\/deco-design\/architecture-deco-design\/pays\/italie\/\" class=\"advgb-post-tax-term\">Architecte<\/a>","<a href=\"https:\/\/www.joyana.fr\/en\/category\/deco-design\/architecture-deco-design\/pays\/italie\/\" class=\"advgb-post-tax-term\">Architecture<\/a>"],"unlinked":["<span class=\"advgb-post-tax-term\">Architecte<\/span>","<span class=\"advgb-post-tax-term\">Architecture<\/span>"]}},"comment_count":6,"relative_dates":{"created":"Posted 15 years ago","modified":"Updated 15 years ago"},"absolute_dates":{"created":"Posted on 6 October 2011","modified":"Updated on 6 October 2011"},"absolute_dates_time":{"created":"Posted on 6 October 2011 7:06","modified":"Updated on 6 October 2011 7:06"},"featured_img_caption":"","series_order":"","jetpack_sharing_enabled":true,"jetpack_shortlink":"https:\/\/wp.me\/p9bteI-s51","jetpack-related-posts":[],"_links":{"self":[{"href":"https:\/\/www.joyana.fr\/en\/wp-json\/wp\/v2\/posts\/107943","targetHints":{"allow":["GET"]}}],"collection":[{"href":"https:\/\/www.joyana.fr\/en\/wp-json\/wp\/v2\/posts"}],"about":[{"href":"https:\/\/www.joyana.fr\/en\/wp-json\/wp\/v2\/types\/post"}],"author":[{"embeddable":true,"href":"https:\/\/www.joyana.fr\/en\/wp-json\/wp\/v2\/users\/3"}],"replies":[{"embeddable":true,"href":"https:\/\/www.joyana.fr\/en\/wp-json\/wp\/v2\/comments?post=107943"}],"version-history":[{"count":0,"href":"https:\/\/www.joyana.fr\/en\/wp-json\/wp\/v2\/posts\/107943\/revisions"}],"wp:featuredmedia":[{"embeddable":true,"href":"https:\/\/www.joyana.fr\/en\/wp-json\/wp\/v2\/media\/107947"}],"wp:attachment":[{"href":"https:\/\/www.joyana.fr\/en\/wp-json\/wp\/v2\/media?parent=107943"}],"wp:term":[{"taxonomy":"category","embeddable":true,"href":"https:\/\/www.joyana.fr\/en\/wp-json\/wp\/v2\/categories?post=107943"},{"taxonomy":"post_tag","embeddable":true,"href":"https:\/\/www.joyana.fr\/en\/wp-json\/wp\/v2\/tags?post=107943"}],"curies":[{"name":"wp","href":"https:\/\/api.w.org\/{rel}","templated":true}]}}