{"id":107802,"date":"2011-09-19T07:00:08","date_gmt":"2011-09-19T06:00:08","guid":{"rendered":"https:\/\/joyana.fr\/?p=7802"},"modified":"2011-09-19T07:00:08","modified_gmt":"2011-09-19T06:00:08","slug":"paris-design-week-miroir-pi-francois-mangeol-domeau-peres","status":"publish","type":"post","link":"https:\/\/www.joyana.fr\/en\/paris-design-week-miroir-pi-francois-mangeol-domeau-peres\/107802\/","title":{"rendered":"PARIS DESIGN WEEK &#8211; Miroir Pi \u03c0 par Fran\u00e7ois MANGEOL"},"content":{"rendered":"<p>Coup de c\u0153ur sur la <a title=\"PARIS DESIGN WEEK \" href=\"https:\/\/joyana.fr\/category\/actualite\/salon\/paris-design-week\/\"><strong>Paris Design Week<\/strong><\/a> pour la collection de <strong>miroirs PI \u03c0<\/strong> sign\u00e9e par <strong>Fran\u00e7ois Mangeol<\/strong> &#8211; d\u00e9j\u00e0 rep\u00e9r\u00e9 \u00e0 travers la collection <a title=\"EDITION SOUS ETIQUETTE\" href=\"http:\/\/www.editionsousetiquette.fr\/\">\u00c9dition Sous \u00c9tiquette<\/a> &#8211; et \u00e9dit\u00e9e par <strong>Domeau &#038; P\u00e9r\u00e8s<\/strong>&#8230;<\/p>\n<p><img data-recalc-dims=\"1\" fetchpriority=\"high\" decoding=\"async\" data-attachment-id=\"7804\" data-permalink=\"https:\/\/www.joyana.fr\/en\/ikks-springsummer-2014-lookbook\/7799\/14e_ikksmen_look_05_ld\/\" data-orig-file=\"https:\/\/i0.wp.com\/www.joyana.fr\/wp-content\/uploads\/2014\/01\/14E_IkksMen_LOOK_05_LD.jpg?fit=650%2C975&amp;ssl=1\" data-orig-size=\"650,975\" data-comments-opened=\"1\" data-image-meta=\"{&quot;aperture&quot;:&quot;0&quot;,&quot;credit&quot;:&quot;&quot;,&quot;camera&quot;:&quot;&quot;,&quot;caption&quot;:&quot;&quot;,&quot;created_timestamp&quot;:&quot;0&quot;,&quot;copyright&quot;:&quot;&quot;,&quot;focal_length&quot;:&quot;0&quot;,&quot;iso&quot;:&quot;0&quot;,&quot;shutter_speed&quot;:&quot;0&quot;,&quot;title&quot;:&quot;&quot;,&quot;orientation&quot;:&quot;1&quot;}\" data-image-title=\"14E_IkksMen_LOOK_05_LD\" data-image-description=\"\" data-image-caption=\"\" data-medium-file=\"https:\/\/i0.wp.com\/www.joyana.fr\/wp-content\/uploads\/2014\/01\/14E_IkksMen_LOOK_05_LD.jpg?fit=259%2C389&amp;ssl=1\" data-large-file=\"https:\/\/i0.wp.com\/www.joyana.fr\/wp-content\/uploads\/2014\/01\/14E_IkksMen_LOOK_05_LD.jpg?fit=650%2C975&amp;ssl=1\" class=\"alignnone size-full wp-image-7804\" title=\"Miroir PI par Fran\u00e7ois MANGEOL DOMEAU ET PERES\" src=\"https:\/\/i0.wp.com\/joyana.fr\/wp-content\/uploads\/PI_FRANCOIS-MANGEOL_1.jpg?resize=576%2C405&#038;ssl=1\" alt=\"\" width=\"576\" height=\"405\" \/><\/p>\n<p>Pourquoi ce nom de <strong>\u03c0<\/strong> ??? <strong>Fran\u00e7ois Mangeol<\/strong> nous propose ici une collection de <strong>miroirs<\/strong> dont le p\u00e9rim\u00e8tre du cercle qui les constitue est \u00e9gale \u00e0 la valeur exacte de <strong>Pi<\/strong>. Ces miroirs en t\u00f4le inox polie et pli\u00e9e seront aussi \u00e0 l&#8217;aise pos\u00e9s sur un meuble ou accroch\u00e9s aux murs !!!\u00a0 \u00c9dit\u00e9s par <strong>Domeau &#038; P\u00e9r\u00e8s<\/strong>, ces miroirs <strong>Pi \u03c0<\/strong> emprunt de po\u00e9sie et de math\u00e9matiques seront disponibles dans quelques semaines&#8230;<\/p>\n<p><img data-recalc-dims=\"1\" decoding=\"async\" data-attachment-id=\"7806\" data-permalink=\"https:\/\/www.joyana.fr\/en\/ikks-springsummer-2014-lookbook\/7799\/14e_ikksmen_look_07_ld\/\" data-orig-file=\"https:\/\/i0.wp.com\/www.joyana.fr\/wp-content\/uploads\/2014\/01\/14E_IkksMen_LOOK_07_LD.jpg?fit=650%2C975&amp;ssl=1\" data-orig-size=\"650,975\" data-comments-opened=\"1\" data-image-meta=\"{&quot;aperture&quot;:&quot;0&quot;,&quot;credit&quot;:&quot;&quot;,&quot;camera&quot;:&quot;&quot;,&quot;caption&quot;:&quot;&quot;,&quot;created_timestamp&quot;:&quot;0&quot;,&quot;copyright&quot;:&quot;&quot;,&quot;focal_length&quot;:&quot;0&quot;,&quot;iso&quot;:&quot;0&quot;,&quot;shutter_speed&quot;:&quot;0&quot;,&quot;title&quot;:&quot;&quot;,&quot;orientation&quot;:&quot;1&quot;}\" data-image-title=\"14E_IkksMen_LOOK_07_LD\" data-image-description=\"\" data-image-caption=\"\" data-medium-file=\"https:\/\/i0.wp.com\/www.joyana.fr\/wp-content\/uploads\/2014\/01\/14E_IkksMen_LOOK_07_LD.jpg?fit=259%2C389&amp;ssl=1\" data-large-file=\"https:\/\/i0.wp.com\/www.joyana.fr\/wp-content\/uploads\/2014\/01\/14E_IkksMen_LOOK_07_LD.jpg?fit=650%2C975&amp;ssl=1\" class=\"alignnone size-full wp-image-7806\" title=\"Miroir PI par Fran\u00e7ois MANGEOL DOMEAU ET PERES\" src=\"https:\/\/i0.wp.com\/joyana.fr\/wp-content\/uploads\/PI_FRANCOIS-MANGEOL_4.jpg?resize=576%2C384&#038;ssl=1\" alt=\"\" width=\"576\" height=\"384\" \/><\/p>\n<p><img data-recalc-dims=\"1\" decoding=\"async\" data-attachment-id=\"7805\" data-permalink=\"https:\/\/www.joyana.fr\/en\/ikks-springsummer-2014-lookbook\/7799\/14e_ikksmen_look_06_ld\/\" data-orig-file=\"https:\/\/i0.wp.com\/www.joyana.fr\/wp-content\/uploads\/2014\/01\/14E_IkksMen_LOOK_06_LD.jpg?fit=650%2C975&amp;ssl=1\" data-orig-size=\"650,975\" data-comments-opened=\"1\" data-image-meta=\"{&quot;aperture&quot;:&quot;0&quot;,&quot;credit&quot;:&quot;&quot;,&quot;camera&quot;:&quot;&quot;,&quot;caption&quot;:&quot;&quot;,&quot;created_timestamp&quot;:&quot;0&quot;,&quot;copyright&quot;:&quot;&quot;,&quot;focal_length&quot;:&quot;0&quot;,&quot;iso&quot;:&quot;0&quot;,&quot;shutter_speed&quot;:&quot;0&quot;,&quot;title&quot;:&quot;&quot;,&quot;orientation&quot;:&quot;1&quot;}\" data-image-title=\"14E_IkksMen_LOOK_06_LD\" data-image-description=\"\" data-image-caption=\"\" data-medium-file=\"https:\/\/i0.wp.com\/www.joyana.fr\/wp-content\/uploads\/2014\/01\/14E_IkksMen_LOOK_06_LD.jpg?fit=259%2C389&amp;ssl=1\" data-large-file=\"https:\/\/i0.wp.com\/www.joyana.fr\/wp-content\/uploads\/2014\/01\/14E_IkksMen_LOOK_06_LD.jpg?fit=650%2C975&amp;ssl=1\" class=\"alignnone size-full wp-image-7805\" title=\"Miroir PI par Fran\u00e7ois MANGEOL DOMEAU ET PERES\" src=\"https:\/\/i0.wp.com\/joyana.fr\/wp-content\/uploads\/PI_FRANCOIS-MANGEOL_2.jpg?resize=576%2C383&#038;ssl=1\" alt=\"\" width=\"576\" height=\"383\" \/><\/p>\n<p><img data-recalc-dims=\"1\" loading=\"lazy\" decoding=\"async\" data-attachment-id=\"7803\" data-permalink=\"https:\/\/www.joyana.fr\/en\/ikks-springsummer-2014-lookbook\/7799\/14e_ikksmen_look_04_ld\/\" data-orig-file=\"https:\/\/i0.wp.com\/www.joyana.fr\/wp-content\/uploads\/2014\/01\/14E_IkksMen_LOOK_04_LD.jpg?fit=650%2C975&amp;ssl=1\" data-orig-size=\"650,975\" data-comments-opened=\"1\" data-image-meta=\"{&quot;aperture&quot;:&quot;0&quot;,&quot;credit&quot;:&quot;&quot;,&quot;camera&quot;:&quot;&quot;,&quot;caption&quot;:&quot;&quot;,&quot;created_timestamp&quot;:&quot;0&quot;,&quot;copyright&quot;:&quot;&quot;,&quot;focal_length&quot;:&quot;0&quot;,&quot;iso&quot;:&quot;0&quot;,&quot;shutter_speed&quot;:&quot;0&quot;,&quot;title&quot;:&quot;&quot;,&quot;orientation&quot;:&quot;1&quot;}\" data-image-title=\"14E_IkksMen_LOOK_04_LD\" data-image-description=\"\" data-image-caption=\"\" data-medium-file=\"https:\/\/i0.wp.com\/www.joyana.fr\/wp-content\/uploads\/2014\/01\/14E_IkksMen_LOOK_04_LD.jpg?fit=259%2C389&amp;ssl=1\" data-large-file=\"https:\/\/i0.wp.com\/www.joyana.fr\/wp-content\/uploads\/2014\/01\/14E_IkksMen_LOOK_04_LD.jpg?fit=650%2C975&amp;ssl=1\" class=\"alignnone size-full wp-image-7803\" title=\"Miroir PI par Fran\u00e7ois MANGEOL DOMEAU ET PERES\" src=\"https:\/\/i0.wp.com\/joyana.fr\/wp-content\/uploads\/PI_FRANCOIS-MANGEOL_.jpg?resize=576%2C383&#038;ssl=1\" alt=\"\" width=\"576\" height=\"383\" \/><\/p>\n<p>En savoir + sur <strong><a title=\"FRANCOIS MANGEOL\" href=\"http:\/\/www.francoismangeol.com\/\">Fran\u00e7ois MANGEOL<\/a> <\/strong>&#038; <a title=\"domeau et p\u00e9r\u00e8s\" href=\"http:\/\/www.domeauperes.com\/\"><strong>DOMEAU&#038;P\u00c9<\/strong><strong>R<\/strong><strong>\u00c8<\/strong><strong>S<\/strong><\/a><\/p>\n","protected":false},"excerpt":{"rendered":"<p>Coup de c\u0153ur sur la Paris Design Week pour la collection de miroirs PI \u03c0 sign\u00e9e par Fran\u00e7ois Mangeol &#8211; d\u00e9j\u00e0 rep\u00e9r\u00e9 \u00e0 travers la collection \u00c9dition Sous \u00c9tiquette &#8211; et \u00e9dit\u00e9e par Domeau &#038; P\u00e9r\u00e8s&#8230; Pourquoi ce nom de \u03c0 ??? Fran\u00e7ois Mangeol nous propose ici une collection de miroirs dont le p\u00e9rim\u00e8tre du [&hellip;]<\/p>\n","protected":false},"author":3,"featured_media":107804,"comment_status":"open","ping_status":"open","sticky":false,"template":"","format":"standard","meta":{"_coblocks_attr":"","_coblocks_dimensions":"","_coblocks_responsive_height":"","_coblocks_accordion_ie_support":"","_uag_custom_page_level_css":"","advgb_blocks_editor_width":"","advgb_blocks_columns_visual_guide":"","_genesis_hide_title":false,"_genesis_hide_breadcrumbs":false,"_genesis_hide_singular_image":false,"_genesis_hide_footer_widgets":false,"_genesis_custom_body_class":"","_genesis_custom_post_class":"","_genesis_layout":"","_themeisle_gutenberg_block_has_review":false,"_jetpack_newsletter_access":"","_jetpack_dont_email_post_to_subs":false,"_jetpack_newsletter_tier_id":0,"_jetpack_memberships_contains_paywalled_content":false,"_jetpack_memberships_contains_paid_content":false,"footnotes":""},"categories":[905,1081,1001,1080],"tags":[78],"class_list":{"0":"post-107802","1":"post","2":"type-post","3":"status-publish","4":"format-standard","5":"has-post-thumbnail","7":"category-deco-design","8":"category-francois-mangeol","9":"category-miroir","10":"category-paris-design-week","11":"tag-design","12":"entry"},"featured_image_urls":{"full":["https:\/\/i0.wp.com\/www.joyana.fr\/wp-content\/uploads\/old\/PI_FRANCOIS-MANGEOL_1.jpg?fit=576%2C405&ssl=1",576,405,false],"thumbnail":["https:\/\/i0.wp.com\/www.joyana.fr\/wp-content\/uploads\/old\/PI_FRANCOIS-MANGEOL_1.jpg?resize=150%2C150&ssl=1",150,150,true],"medium":["https:\/\/i0.wp.com\/www.joyana.fr\/wp-content\/uploads\/old\/PI_FRANCOIS-MANGEOL_1.jpg?fit=389%2C274&ssl=1",389,274,true],"medium_large":["https:\/\/i0.wp.com\/www.joyana.fr\/wp-content\/uploads\/old\/PI_FRANCOIS-MANGEOL_1.jpg?fit=576%2C405&ssl=1",576,405,true],"large":["https:\/\/i0.wp.com\/www.joyana.fr\/wp-content\/uploads\/old\/PI_FRANCOIS-MANGEOL_1.jpg?fit=576%2C405&ssl=1",576,405,true],"1536x1536":["https:\/\/i0.wp.com\/www.joyana.fr\/wp-content\/uploads\/old\/PI_FRANCOIS-MANGEOL_1.jpg?fit=576%2C405&ssl=1",576,405,true],"2048x2048":["https:\/\/i0.wp.com\/www.joyana.fr\/wp-content\/uploads\/old\/PI_FRANCOIS-MANGEOL_1.jpg?fit=576%2C405&ssl=1",576,405,true],"featured-thumb":["https:\/\/i0.wp.com\/www.joyana.fr\/wp-content\/uploads\/old\/PI_FRANCOIS-MANGEOL_1.jpg?resize=576%2C405&ssl=1",576,405,true],"ab-block-post-grid-landscape":["https:\/\/i0.wp.com\/www.joyana.fr\/wp-content\/uploads\/old\/PI_FRANCOIS-MANGEOL_1.jpg?resize=576%2C400&ssl=1",576,400,true],"ab-block-post-grid-square":["https:\/\/i0.wp.com\/www.joyana.fr\/wp-content\/uploads\/old\/PI_FRANCOIS-MANGEOL_1.jpg?resize=576%2C405&ssl=1",576,405,true],"author-pro-image":["https:\/\/i0.wp.com\/www.joyana.fr\/wp-content\/uploads\/old\/PI_FRANCOIS-MANGEOL_1.jpg?resize=360%2C405&ssl=1",360,405,true],"slider":["https:\/\/i0.wp.com\/www.joyana.fr\/wp-content\/uploads\/old\/PI_FRANCOIS-MANGEOL_1.jpg?resize=576%2C400&ssl=1",576,400,true],"woocommerce_thumbnail":["https:\/\/i0.wp.com\/www.joyana.fr\/wp-content\/uploads\/old\/PI_FRANCOIS-MANGEOL_1.jpg?resize=450%2C405&ssl=1",450,405,true],"woocommerce_single":["https:\/\/i0.wp.com\/www.joyana.fr\/wp-content\/uploads\/old\/PI_FRANCOIS-MANGEOL_1.jpg?fit=576%2C405&ssl=1",576,405,true],"woocommerce_gallery_thumbnail":["https:\/\/i0.wp.com\/www.joyana.fr\/wp-content\/uploads\/old\/PI_FRANCOIS-MANGEOL_1.jpg?resize=180%2C180&ssl=1",180,180,true],"sow-carousel-default":["https:\/\/i0.wp.com\/www.joyana.fr\/wp-content\/uploads\/old\/PI_FRANCOIS-MANGEOL_1.jpg?resize=272%2C182&ssl=1",272,182,true]},"post_excerpt_stackable":"<p>Coup de c\u0153ur sur la Paris Design Week pour la collection de miroirs PI \u03c0 sign\u00e9e par Fran\u00e7ois Mangeol &#8211; d\u00e9j\u00e0 rep\u00e9r\u00e9 \u00e0 travers la collection \u00c9dition Sous \u00c9tiquette &#8211; et \u00e9dit\u00e9e par Domeau &#038; P\u00e9r\u00e8s&#8230; Pourquoi ce nom de \u03c0 ??? Fran\u00e7ois Mangeol nous propose ici une collection de miroirs dont le p\u00e9rim\u00e8tre du cercle qui les constitue est \u00e9gale \u00e0 la valeur exacte de Pi. Ces miroirs en t\u00f4le inox polie et pli\u00e9e seront aussi \u00e0 l&#8217;aise pos\u00e9s sur un meuble ou accroch\u00e9s aux murs !!!\u00a0 \u00c9dit\u00e9s par Domeau &#038; P\u00e9r\u00e8s, ces miroirs Pi \u03c0 emprunt de po\u00e9sie&hellip;<\/p>\n","category_list":"<a href=\"https:\/\/www.joyana.fr\/en\/category\/deco-design\/\" rel=\"category tag\">DECO-DESIGN<\/a>, <a href=\"https:\/\/www.joyana.fr\/en\/category\/deco-design\/designer\/francois-mangeol\/\" rel=\"category tag\">Fran\u00e7ois MANGEOL<\/a>, <a href=\"https:\/\/www.joyana.fr\/en\/category\/deco-design\/decoration\/accessoires\/miroir\/\" rel=\"category tag\">Miroir<\/a>, <a href=\"https:\/\/www.joyana.fr\/en\/category\/deco-design\/actualite\/salon\/paris-design-week\/\" rel=\"category tag\">Paris Design Week<\/a>","author_info":{"display_name":"Jo Yana","author_link":"https:\/\/www.joyana.fr\/en\/author\/joyana\/"},"comments_num":"16 comments","featured_image_urls_v2":{"full":["https:\/\/i0.wp.com\/www.joyana.fr\/wp-content\/uploads\/old\/PI_FRANCOIS-MANGEOL_1.jpg?fit=576%2C405&ssl=1",576,405,false],"thumbnail":["https:\/\/i0.wp.com\/www.joyana.fr\/wp-content\/uploads\/old\/PI_FRANCOIS-MANGEOL_1.jpg?resize=150%2C150&ssl=1",150,150,true],"medium":["https:\/\/i0.wp.com\/www.joyana.fr\/wp-content\/uploads\/old\/PI_FRANCOIS-MANGEOL_1.jpg?fit=389%2C274&ssl=1",389,274,true],"medium_large":["https:\/\/i0.wp.com\/www.joyana.fr\/wp-content\/uploads\/old\/PI_FRANCOIS-MANGEOL_1.jpg?fit=576%2C405&ssl=1",576,405,true],"large":["https:\/\/i0.wp.com\/www.joyana.fr\/wp-content\/uploads\/old\/PI_FRANCOIS-MANGEOL_1.jpg?fit=576%2C405&ssl=1",576,405,true],"1536x1536":["https:\/\/i0.wp.com\/www.joyana.fr\/wp-content\/uploads\/old\/PI_FRANCOIS-MANGEOL_1.jpg?fit=576%2C405&ssl=1",576,405,true],"2048x2048":["https:\/\/i0.wp.com\/www.joyana.fr\/wp-content\/uploads\/old\/PI_FRANCOIS-MANGEOL_1.jpg?fit=576%2C405&ssl=1",576,405,true],"featured-thumb":["https:\/\/i0.wp.com\/www.joyana.fr\/wp-content\/uploads\/old\/PI_FRANCOIS-MANGEOL_1.jpg?resize=576%2C405&ssl=1",576,405,true],"ab-block-post-grid-landscape":["https:\/\/i0.wp.com\/www.joyana.fr\/wp-content\/uploads\/old\/PI_FRANCOIS-MANGEOL_1.jpg?resize=576%2C400&ssl=1",576,400,true],"ab-block-post-grid-square":["https:\/\/i0.wp.com\/www.joyana.fr\/wp-content\/uploads\/old\/PI_FRANCOIS-MANGEOL_1.jpg?resize=576%2C405&ssl=1",576,405,true],"author-pro-image":["https:\/\/i0.wp.com\/www.joyana.fr\/wp-content\/uploads\/old\/PI_FRANCOIS-MANGEOL_1.jpg?resize=360%2C405&ssl=1",360,405,true],"slider":["https:\/\/i0.wp.com\/www.joyana.fr\/wp-content\/uploads\/old\/PI_FRANCOIS-MANGEOL_1.jpg?resize=576%2C400&ssl=1",576,400,true],"woocommerce_thumbnail":["https:\/\/i0.wp.com\/www.joyana.fr\/wp-content\/uploads\/old\/PI_FRANCOIS-MANGEOL_1.jpg?resize=450%2C405&ssl=1",450,405,true],"woocommerce_single":["https:\/\/i0.wp.com\/www.joyana.fr\/wp-content\/uploads\/old\/PI_FRANCOIS-MANGEOL_1.jpg?fit=576%2C405&ssl=1",576,405,true],"woocommerce_gallery_thumbnail":["https:\/\/i0.wp.com\/www.joyana.fr\/wp-content\/uploads\/old\/PI_FRANCOIS-MANGEOL_1.jpg?resize=180%2C180&ssl=1",180,180,true],"sow-carousel-default":["https:\/\/i0.wp.com\/www.joyana.fr\/wp-content\/uploads\/old\/PI_FRANCOIS-MANGEOL_1.jpg?resize=272%2C182&ssl=1",272,182,true]},"post_excerpt_stackable_v2":"<p>Coup de c\u0153ur sur la Paris Design Week pour la collection de miroirs PI \u03c0 sign\u00e9e par Fran\u00e7ois Mangeol &#8211; d\u00e9j\u00e0 rep\u00e9r\u00e9 \u00e0 travers la collection \u00c9dition Sous \u00c9tiquette &#8211; et \u00e9dit\u00e9e par Domeau &#038; P\u00e9r\u00e8s&#8230; Pourquoi ce nom de \u03c0 ??? Fran\u00e7ois Mangeol nous propose ici une collection de miroirs dont le p\u00e9rim\u00e8tre du cercle qui les constitue est \u00e9gale \u00e0 la valeur exacte de Pi. Ces miroirs en t\u00f4le inox polie et pli\u00e9e seront aussi \u00e0 l&#8217;aise pos\u00e9s sur un meuble ou accroch\u00e9s aux murs !!!\u00a0 \u00c9dit\u00e9s par Domeau &#038; P\u00e9r\u00e8s, ces miroirs Pi \u03c0 emprunt de po\u00e9sie&hellip;<\/p>\n","category_list_v2":"<a href=\"https:\/\/www.joyana.fr\/en\/category\/deco-design\/\" rel=\"category tag\">DECO-DESIGN<\/a>, <a href=\"https:\/\/www.joyana.fr\/en\/category\/deco-design\/designer\/francois-mangeol\/\" rel=\"category tag\">Fran\u00e7ois MANGEOL<\/a>, <a href=\"https:\/\/www.joyana.fr\/en\/category\/deco-design\/decoration\/accessoires\/miroir\/\" rel=\"category tag\">Miroir<\/a>, <a href=\"https:\/\/www.joyana.fr\/en\/category\/deco-design\/actualite\/salon\/paris-design-week\/\" rel=\"category tag\">Paris Design Week<\/a>","author_info_v2":{"name":"Jo Yana","url":"https:\/\/www.joyana.fr\/en\/author\/joyana\/"},"comments_num_v2":"16 comments","yoast_head":"<!-- This site is optimized with the Yoast SEO plugin v26.8 - https:\/\/yoast.com\/product\/yoast-seo-wordpress\/ -->\n<title>PARIS DESIGN WEEK - Miroir Pi \u03c0 par Fran\u00e7ois MANGEOL - JO YANA<\/title>\n<meta name=\"robots\" content=\"index, follow, max-snippet:-1, max-image-preview:large, max-video-preview:-1\" \/>\n<link rel=\"canonical\" href=\"https:\/\/www.joyana.fr\/en\/paris-design-week-miroir-pi-francois-mangeol-domeau-peres\/107802\/\" \/>\n<meta property=\"og:locale\" content=\"en_US\" \/>\n<meta property=\"og:locale:alternate\" content=\"fr_FR\" \/>\n<meta property=\"og:locale:alternate\" content=\"ja\" \/>\n<meta property=\"og:type\" content=\"article\" \/>\n<meta property=\"og:title\" content=\"PARIS DESIGN WEEK - Miroir Pi \u03c0 par Fran\u00e7ois MANGEOL - JO YANA\" \/>\n<meta property=\"og:description\" content=\"Coup de c\u0153ur sur la Paris Design Week pour la collection de miroirs PI \u03c0 sign\u00e9e par Fran\u00e7ois Mangeol &#8211; d\u00e9j\u00e0 rep\u00e9r\u00e9 \u00e0 travers la collection \u00c9dition Sous \u00c9tiquette &#8211; et \u00e9dit\u00e9e par Domeau &amp; P\u00e9r\u00e8s&#8230; Pourquoi ce nom de \u03c0 ??? Fran\u00e7ois Mangeol nous propose ici une collection de miroirs dont le p\u00e9rim\u00e8tre du [&hellip;]\" \/>\n<meta property=\"og:url\" content=\"https:\/\/www.joyana.fr\/en\/paris-design-week-miroir-pi-francois-mangeol-domeau-peres\/107802\/\" \/>\n<meta property=\"og:site_name\" content=\"JO YANA\" \/>\n<meta property=\"article:published_time\" content=\"2011-09-19T06:00:08+00:00\" \/>\n<meta property=\"og:image\" content=\"https:\/\/www.joyana.fr\/wp-content\/uploads\/old\/PI_FRANCOIS-MANGEOL_1.jpg\" \/>\n\t<meta property=\"og:image:width\" content=\"576\" \/>\n\t<meta property=\"og:image:height\" content=\"405\" \/>\n\t<meta property=\"og:image:type\" content=\"image\/jpeg\" \/>\n<meta name=\"author\" content=\"Jo Yana\" \/>\n<meta name=\"twitter:card\" content=\"summary_large_image\" \/>\n<meta name=\"twitter:creator\" content=\"@Jo_Yana\" \/>\n<meta name=\"twitter:site\" content=\"@Jo_Yana\" \/>\n<meta name=\"twitter:label1\" content=\"Written by\" \/>\n\t<meta name=\"twitter:data1\" content=\"Jo Yana\" \/>\n\t<meta name=\"twitter:label2\" content=\"Est. reading time\" \/>\n\t<meta name=\"twitter:data2\" content=\"1 minute\" \/>\n<script type=\"application\/ld+json\" class=\"yoast-schema-graph\">{\"@context\":\"https:\/\/schema.org\",\"@graph\":[{\"@type\":\"Article\",\"@id\":\"https:\/\/www.joyana.fr\/en\/paris-design-week-miroir-pi-francois-mangeol-domeau-peres\/107802\/#article\",\"isPartOf\":{\"@id\":\"https:\/\/www.joyana.fr\/en\/paris-design-week-miroir-pi-francois-mangeol-domeau-peres\/107802\/\"},\"author\":{\"name\":\"Jo Yana\",\"@id\":\"https:\/\/joyana.fr\/#\/schema\/person\/cf2a1ad12a27c12c21801075bf37407c\"},\"headline\":\"PARIS DESIGN WEEK &#8211; Miroir Pi \u03c0 par Fran\u00e7ois MANGEOL\",\"datePublished\":\"2011-09-19T06:00:08+00:00\",\"mainEntityOfPage\":{\"@id\":\"https:\/\/www.joyana.fr\/en\/paris-design-week-miroir-pi-francois-mangeol-domeau-peres\/107802\/\"},\"wordCount\":139,\"commentCount\":8,\"publisher\":{\"@id\":\"https:\/\/joyana.fr\/#\/schema\/person\/cf2a1ad12a27c12c21801075bf37407c\"},\"image\":{\"@id\":\"https:\/\/www.joyana.fr\/en\/paris-design-week-miroir-pi-francois-mangeol-domeau-peres\/107802\/#primaryimage\"},\"thumbnailUrl\":\"https:\/\/i0.wp.com\/www.joyana.fr\/wp-content\/uploads\/old\/PI_FRANCOIS-MANGEOL_1.jpg?fit=576%2C405&ssl=1\",\"keywords\":[\"DESIGN\"],\"articleSection\":[\"DECO-DESIGN\",\"Fran\u00e7ois MANGEOL\",\"Miroir\",\"Paris Design Week\"],\"inLanguage\":\"en-US\",\"potentialAction\":[{\"@type\":\"CommentAction\",\"name\":\"Comment\",\"target\":[\"https:\/\/www.joyana.fr\/en\/paris-design-week-miroir-pi-francois-mangeol-domeau-peres\/107802\/#respond\"]}]},{\"@type\":\"WebPage\",\"@id\":\"https:\/\/www.joyana.fr\/en\/paris-design-week-miroir-pi-francois-mangeol-domeau-peres\/107802\/\",\"url\":\"https:\/\/www.joyana.fr\/en\/paris-design-week-miroir-pi-francois-mangeol-domeau-peres\/107802\/\",\"name\":\"PARIS DESIGN WEEK - Miroir Pi \u03c0 par Fran\u00e7ois MANGEOL - JO YANA\",\"isPartOf\":{\"@id\":\"https:\/\/joyana.fr\/#website\"},\"primaryImageOfPage\":{\"@id\":\"https:\/\/www.joyana.fr\/en\/paris-design-week-miroir-pi-francois-mangeol-domeau-peres\/107802\/#primaryimage\"},\"image\":{\"@id\":\"https:\/\/www.joyana.fr\/en\/paris-design-week-miroir-pi-francois-mangeol-domeau-peres\/107802\/#primaryimage\"},\"thumbnailUrl\":\"https:\/\/i0.wp.com\/www.joyana.fr\/wp-content\/uploads\/old\/PI_FRANCOIS-MANGEOL_1.jpg?fit=576%2C405&ssl=1\",\"datePublished\":\"2011-09-19T06:00:08+00:00\",\"breadcrumb\":{\"@id\":\"https:\/\/www.joyana.fr\/en\/paris-design-week-miroir-pi-francois-mangeol-domeau-peres\/107802\/#breadcrumb\"},\"inLanguage\":\"en-US\",\"potentialAction\":[{\"@type\":\"ReadAction\",\"target\":[\"https:\/\/www.joyana.fr\/en\/paris-design-week-miroir-pi-francois-mangeol-domeau-peres\/107802\/\"]}]},{\"@type\":\"ImageObject\",\"inLanguage\":\"en-US\",\"@id\":\"https:\/\/www.joyana.fr\/en\/paris-design-week-miroir-pi-francois-mangeol-domeau-peres\/107802\/#primaryimage\",\"url\":\"https:\/\/i0.wp.com\/www.joyana.fr\/wp-content\/uploads\/old\/PI_FRANCOIS-MANGEOL_1.jpg?fit=576%2C405&ssl=1\",\"contentUrl\":\"https:\/\/i0.wp.com\/www.joyana.fr\/wp-content\/uploads\/old\/PI_FRANCOIS-MANGEOL_1.jpg?fit=576%2C405&ssl=1\",\"width\":576,\"height\":405},{\"@type\":\"BreadcrumbList\",\"@id\":\"https:\/\/www.joyana.fr\/en\/paris-design-week-miroir-pi-francois-mangeol-domeau-peres\/107802\/#breadcrumb\",\"itemListElement\":[{\"@type\":\"ListItem\",\"position\":1,\"name\":\"Accueil\",\"item\":\"https:\/\/joyana.fr\/\"},{\"@type\":\"ListItem\",\"position\":2,\"name\":\"PARIS DESIGN WEEK &#8211; Miroir Pi \u03c0 par Fran\u00e7ois MANGEOL\"}]},{\"@type\":\"WebSite\",\"@id\":\"https:\/\/joyana.fr\/#website\",\"url\":\"https:\/\/joyana.fr\/\",\"name\":\"JO YANA\",\"description\":\"Blog Mode Homme, Lifestyle, D\u00e9co-Design\",\"publisher\":{\"@id\":\"https:\/\/joyana.fr\/#\/schema\/person\/cf2a1ad12a27c12c21801075bf37407c\"},\"potentialAction\":[{\"@type\":\"SearchAction\",\"target\":{\"@type\":\"EntryPoint\",\"urlTemplate\":\"https:\/\/joyana.fr\/?s={search_term_string}\"},\"query-input\":{\"@type\":\"PropertyValueSpecification\",\"valueRequired\":true,\"valueName\":\"search_term_string\"}}],\"inLanguage\":\"en-US\"},{\"@type\":[\"Person\",\"Organization\"],\"@id\":\"https:\/\/joyana.fr\/#\/schema\/person\/cf2a1ad12a27c12c21801075bf37407c\",\"name\":\"Jo Yana\",\"image\":{\"@type\":\"ImageObject\",\"inLanguage\":\"en-US\",\"@id\":\"https:\/\/joyana.fr\/#\/schema\/person\/image\/\",\"url\":\"https:\/\/i0.wp.com\/www.joyana.fr\/wp-content\/uploads\/2016\/08\/cropped-joyana-logo-black-360x180.png?fit=343%2C164&ssl=1\",\"contentUrl\":\"https:\/\/i0.wp.com\/www.joyana.fr\/wp-content\/uploads\/2016\/08\/cropped-joyana-logo-black-360x180.png?fit=343%2C164&ssl=1\",\"width\":343,\"height\":164,\"caption\":\"Jo Yana\"},\"logo\":{\"@id\":\"https:\/\/joyana.fr\/#\/schema\/person\/image\/\"},\"description\":\"Jo Yana est le cr\u00e9ateur et r\u00e9dacteur en chef des sites DECO-DESIGN. Passionn\u00e9 de Design, Mode, Photo, Luxe, Lifestyle, Musique, mais avant tout Blogueur ! Le plaisir de partager l'anime et a comme devise \\\"POUR L'AMOUR DU BEAU\\\". Retrouvez le aussi sur son blog personnel - https:\/\/joyana.fr...\",\"sameAs\":[\"https:\/\/joyana.fr\/\"],\"url\":\"https:\/\/www.joyana.fr\/en\/author\/joyana\/\"}]}<\/script>\n<!-- \/ Yoast SEO plugin. -->","yoast_head_json":{"title":"PARIS DESIGN WEEK - Miroir Pi \u03c0 par Fran\u00e7ois MANGEOL - JO YANA","robots":{"index":"index","follow":"follow","max-snippet":"max-snippet:-1","max-image-preview":"max-image-preview:large","max-video-preview":"max-video-preview:-1"},"canonical":"https:\/\/www.joyana.fr\/en\/paris-design-week-miroir-pi-francois-mangeol-domeau-peres\/107802\/","og_locale":"en_US","og_type":"article","og_title":"PARIS DESIGN WEEK - Miroir Pi \u03c0 par Fran\u00e7ois MANGEOL - JO YANA","og_description":"Coup de c\u0153ur sur la Paris Design Week pour la collection de miroirs PI \u03c0 sign\u00e9e par Fran\u00e7ois Mangeol &#8211; d\u00e9j\u00e0 rep\u00e9r\u00e9 \u00e0 travers la collection \u00c9dition Sous \u00c9tiquette &#8211; et \u00e9dit\u00e9e par Domeau &#038; P\u00e9r\u00e8s&#8230; Pourquoi ce nom de \u03c0 ??? Fran\u00e7ois Mangeol nous propose ici une collection de miroirs dont le p\u00e9rim\u00e8tre du [&hellip;]","og_url":"https:\/\/www.joyana.fr\/en\/paris-design-week-miroir-pi-francois-mangeol-domeau-peres\/107802\/","og_site_name":"JO YANA","article_published_time":"2011-09-19T06:00:08+00:00","og_image":[{"width":576,"height":405,"url":"https:\/\/www.joyana.fr\/wp-content\/uploads\/old\/PI_FRANCOIS-MANGEOL_1.jpg","type":"image\/jpeg"}],"author":"Jo Yana","twitter_card":"summary_large_image","twitter_creator":"@Jo_Yana","twitter_site":"@Jo_Yana","twitter_misc":{"Written by":"Jo Yana","Est. reading time":"1 minute"},"schema":{"@context":"https:\/\/schema.org","@graph":[{"@type":"Article","@id":"https:\/\/www.joyana.fr\/en\/paris-design-week-miroir-pi-francois-mangeol-domeau-peres\/107802\/#article","isPartOf":{"@id":"https:\/\/www.joyana.fr\/en\/paris-design-week-miroir-pi-francois-mangeol-domeau-peres\/107802\/"},"author":{"name":"Jo Yana","@id":"https:\/\/joyana.fr\/#\/schema\/person\/cf2a1ad12a27c12c21801075bf37407c"},"headline":"PARIS DESIGN WEEK &#8211; Miroir Pi \u03c0 par Fran\u00e7ois MANGEOL","datePublished":"2011-09-19T06:00:08+00:00","mainEntityOfPage":{"@id":"https:\/\/www.joyana.fr\/en\/paris-design-week-miroir-pi-francois-mangeol-domeau-peres\/107802\/"},"wordCount":139,"commentCount":8,"publisher":{"@id":"https:\/\/joyana.fr\/#\/schema\/person\/cf2a1ad12a27c12c21801075bf37407c"},"image":{"@id":"https:\/\/www.joyana.fr\/en\/paris-design-week-miroir-pi-francois-mangeol-domeau-peres\/107802\/#primaryimage"},"thumbnailUrl":"https:\/\/i0.wp.com\/www.joyana.fr\/wp-content\/uploads\/old\/PI_FRANCOIS-MANGEOL_1.jpg?fit=576%2C405&ssl=1","keywords":["DESIGN"],"articleSection":["DECO-DESIGN","Fran\u00e7ois MANGEOL","Miroir","Paris Design Week"],"inLanguage":"en-US","potentialAction":[{"@type":"CommentAction","name":"Comment","target":["https:\/\/www.joyana.fr\/en\/paris-design-week-miroir-pi-francois-mangeol-domeau-peres\/107802\/#respond"]}]},{"@type":"WebPage","@id":"https:\/\/www.joyana.fr\/en\/paris-design-week-miroir-pi-francois-mangeol-domeau-peres\/107802\/","url":"https:\/\/www.joyana.fr\/en\/paris-design-week-miroir-pi-francois-mangeol-domeau-peres\/107802\/","name":"PARIS DESIGN WEEK - Miroir Pi \u03c0 par Fran\u00e7ois MANGEOL - JO YANA","isPartOf":{"@id":"https:\/\/joyana.fr\/#website"},"primaryImageOfPage":{"@id":"https:\/\/www.joyana.fr\/en\/paris-design-week-miroir-pi-francois-mangeol-domeau-peres\/107802\/#primaryimage"},"image":{"@id":"https:\/\/www.joyana.fr\/en\/paris-design-week-miroir-pi-francois-mangeol-domeau-peres\/107802\/#primaryimage"},"thumbnailUrl":"https:\/\/i0.wp.com\/www.joyana.fr\/wp-content\/uploads\/old\/PI_FRANCOIS-MANGEOL_1.jpg?fit=576%2C405&ssl=1","datePublished":"2011-09-19T06:00:08+00:00","breadcrumb":{"@id":"https:\/\/www.joyana.fr\/en\/paris-design-week-miroir-pi-francois-mangeol-domeau-peres\/107802\/#breadcrumb"},"inLanguage":"en-US","potentialAction":[{"@type":"ReadAction","target":["https:\/\/www.joyana.fr\/en\/paris-design-week-miroir-pi-francois-mangeol-domeau-peres\/107802\/"]}]},{"@type":"ImageObject","inLanguage":"en-US","@id":"https:\/\/www.joyana.fr\/en\/paris-design-week-miroir-pi-francois-mangeol-domeau-peres\/107802\/#primaryimage","url":"https:\/\/i0.wp.com\/www.joyana.fr\/wp-content\/uploads\/old\/PI_FRANCOIS-MANGEOL_1.jpg?fit=576%2C405&ssl=1","contentUrl":"https:\/\/i0.wp.com\/www.joyana.fr\/wp-content\/uploads\/old\/PI_FRANCOIS-MANGEOL_1.jpg?fit=576%2C405&ssl=1","width":576,"height":405},{"@type":"BreadcrumbList","@id":"https:\/\/www.joyana.fr\/en\/paris-design-week-miroir-pi-francois-mangeol-domeau-peres\/107802\/#breadcrumb","itemListElement":[{"@type":"ListItem","position":1,"name":"Accueil","item":"https:\/\/joyana.fr\/"},{"@type":"ListItem","position":2,"name":"PARIS DESIGN WEEK &#8211; Miroir Pi \u03c0 par Fran\u00e7ois MANGEOL"}]},{"@type":"WebSite","@id":"https:\/\/joyana.fr\/#website","url":"https:\/\/joyana.fr\/","name":"JO YANA","description":"Blog Mode Homme, Lifestyle, D\u00e9co-Design","publisher":{"@id":"https:\/\/joyana.fr\/#\/schema\/person\/cf2a1ad12a27c12c21801075bf37407c"},"potentialAction":[{"@type":"SearchAction","target":{"@type":"EntryPoint","urlTemplate":"https:\/\/joyana.fr\/?s={search_term_string}"},"query-input":{"@type":"PropertyValueSpecification","valueRequired":true,"valueName":"search_term_string"}}],"inLanguage":"en-US"},{"@type":["Person","Organization"],"@id":"https:\/\/joyana.fr\/#\/schema\/person\/cf2a1ad12a27c12c21801075bf37407c","name":"Jo Yana","image":{"@type":"ImageObject","inLanguage":"en-US","@id":"https:\/\/joyana.fr\/#\/schema\/person\/image\/","url":"https:\/\/i0.wp.com\/www.joyana.fr\/wp-content\/uploads\/2016\/08\/cropped-joyana-logo-black-360x180.png?fit=343%2C164&ssl=1","contentUrl":"https:\/\/i0.wp.com\/www.joyana.fr\/wp-content\/uploads\/2016\/08\/cropped-joyana-logo-black-360x180.png?fit=343%2C164&ssl=1","width":343,"height":164,"caption":"Jo Yana"},"logo":{"@id":"https:\/\/joyana.fr\/#\/schema\/person\/image\/"},"description":"Jo Yana est le cr\u00e9ateur et r\u00e9dacteur en chef des sites DECO-DESIGN. Passionn\u00e9 de Design, Mode, Photo, Luxe, Lifestyle, Musique, mais avant tout Blogueur ! Le plaisir de partager l'anime et a comme devise \"POUR L'AMOUR DU BEAU\". Retrouvez le aussi sur son blog personnel - https:\/\/joyana.fr...","sameAs":["https:\/\/joyana.fr\/"],"url":"https:\/\/www.joyana.fr\/en\/author\/joyana\/"}]}},"author_meta":{"display_name":"Jo Yana","author_link":"https:\/\/www.joyana.fr\/en\/author\/joyana\/"},"featured_img":"https:\/\/i0.wp.com\/www.joyana.fr\/wp-content\/uploads\/old\/PI_FRANCOIS-MANGEOL_1.jpg?fit=389%2C274&ssl=1","featured_image_src":"https:\/\/i0.wp.com\/www.joyana.fr\/wp-content\/uploads\/old\/PI_FRANCOIS-MANGEOL_1.jpg?resize=576%2C400&ssl=1","featured_image_src_square":"https:\/\/i0.wp.com\/www.joyana.fr\/wp-content\/uploads\/old\/PI_FRANCOIS-MANGEOL_1.jpg?resize=576%2C405&ssl=1","jetpack_featured_media_url":"https:\/\/i0.wp.com\/www.joyana.fr\/wp-content\/uploads\/old\/PI_FRANCOIS-MANGEOL_1.jpg?fit=576%2C405&ssl=1","uagb_featured_image_src":{"full":["https:\/\/i0.wp.com\/www.joyana.fr\/wp-content\/uploads\/old\/PI_FRANCOIS-MANGEOL_1.jpg?fit=576%2C405&ssl=1",576,405,false],"thumbnail":["https:\/\/i0.wp.com\/www.joyana.fr\/wp-content\/uploads\/old\/PI_FRANCOIS-MANGEOL_1.jpg?resize=150%2C150&ssl=1",150,150,true],"medium":["https:\/\/i0.wp.com\/www.joyana.fr\/wp-content\/uploads\/old\/PI_FRANCOIS-MANGEOL_1.jpg?fit=389%2C274&ssl=1",389,274,true],"medium_large":["https:\/\/i0.wp.com\/www.joyana.fr\/wp-content\/uploads\/old\/PI_FRANCOIS-MANGEOL_1.jpg?fit=576%2C405&ssl=1",576,405,true],"large":["https:\/\/i0.wp.com\/www.joyana.fr\/wp-content\/uploads\/old\/PI_FRANCOIS-MANGEOL_1.jpg?fit=576%2C405&ssl=1",576,405,true],"1536x1536":["https:\/\/i0.wp.com\/www.joyana.fr\/wp-content\/uploads\/old\/PI_FRANCOIS-MANGEOL_1.jpg?fit=576%2C405&ssl=1",576,405,true],"2048x2048":["https:\/\/i0.wp.com\/www.joyana.fr\/wp-content\/uploads\/old\/PI_FRANCOIS-MANGEOL_1.jpg?fit=576%2C405&ssl=1",576,405,true],"featured-thumb":["https:\/\/i0.wp.com\/www.joyana.fr\/wp-content\/uploads\/old\/PI_FRANCOIS-MANGEOL_1.jpg?resize=576%2C405&ssl=1",576,405,true],"ab-block-post-grid-landscape":["https:\/\/i0.wp.com\/www.joyana.fr\/wp-content\/uploads\/old\/PI_FRANCOIS-MANGEOL_1.jpg?resize=576%2C400&ssl=1",576,400,true],"ab-block-post-grid-square":["https:\/\/i0.wp.com\/www.joyana.fr\/wp-content\/uploads\/old\/PI_FRANCOIS-MANGEOL_1.jpg?resize=576%2C405&ssl=1",576,405,true],"author-pro-image":["https:\/\/i0.wp.com\/www.joyana.fr\/wp-content\/uploads\/old\/PI_FRANCOIS-MANGEOL_1.jpg?resize=360%2C405&ssl=1",360,405,true],"slider":["https:\/\/i0.wp.com\/www.joyana.fr\/wp-content\/uploads\/old\/PI_FRANCOIS-MANGEOL_1.jpg?resize=576%2C400&ssl=1",576,400,true],"woocommerce_thumbnail":["https:\/\/i0.wp.com\/www.joyana.fr\/wp-content\/uploads\/old\/PI_FRANCOIS-MANGEOL_1.jpg?resize=450%2C405&ssl=1",450,405,true],"woocommerce_single":["https:\/\/i0.wp.com\/www.joyana.fr\/wp-content\/uploads\/old\/PI_FRANCOIS-MANGEOL_1.jpg?fit=576%2C405&ssl=1",576,405,true],"woocommerce_gallery_thumbnail":["https:\/\/i0.wp.com\/www.joyana.fr\/wp-content\/uploads\/old\/PI_FRANCOIS-MANGEOL_1.jpg?resize=180%2C180&ssl=1",180,180,true],"sow-carousel-default":["https:\/\/i0.wp.com\/www.joyana.fr\/wp-content\/uploads\/old\/PI_FRANCOIS-MANGEOL_1.jpg?resize=272%2C182&ssl=1",272,182,true]},"uagb_author_info":{"display_name":"Jo Yana","author_link":"https:\/\/www.joyana.fr\/en\/author\/joyana\/"},"uagb_comment_info":16,"uagb_excerpt":"Coup de c\u0153ur sur la Paris Design Week pour la collection de miroirs PI \u03c0 sign\u00e9e par Fran\u00e7ois Mangeol &#8211; d\u00e9j\u00e0 rep\u00e9r\u00e9 \u00e0 travers la collection \u00c9dition Sous \u00c9tiquette &#8211; et \u00e9dit\u00e9e par Domeau &#038; P\u00e9r\u00e8s&#8230; Pourquoi ce nom de \u03c0 ??? Fran\u00e7ois Mangeol nous propose ici une collection de miroirs dont le p\u00e9rim\u00e8tre du&hellip;","coauthors":[],"tax_additional":{"categories":{"linked":["<a href=\"https:\/\/www.joyana.fr\/en\/category\/deco-design\/\" class=\"advgb-post-tax-term\">DECO-DESIGN<\/a>","<a href=\"https:\/\/www.joyana.fr\/en\/category\/deco-design\/designer\/francois-mangeol\/\" class=\"advgb-post-tax-term\">Fran\u00e7ois MANGEOL<\/a>","<a href=\"https:\/\/www.joyana.fr\/en\/category\/deco-design\/decoration\/accessoires\/miroir\/\" class=\"advgb-post-tax-term\">Miroir<\/a>","<a href=\"https:\/\/www.joyana.fr\/en\/category\/deco-design\/actualite\/salon\/paris-design-week\/\" class=\"advgb-post-tax-term\">Paris Design Week<\/a>"],"unlinked":["<span class=\"advgb-post-tax-term\">DECO-DESIGN<\/span>","<span class=\"advgb-post-tax-term\">Fran\u00e7ois MANGEOL<\/span>","<span class=\"advgb-post-tax-term\">Miroir<\/span>","<span class=\"advgb-post-tax-term\">Paris Design Week<\/span>"]},"tags":{"linked":["<a href=\"https:\/\/www.joyana.fr\/en\/category\/deco-design\/actualite\/salon\/paris-design-week\/\" class=\"advgb-post-tax-term\">DESIGN<\/a>"],"unlinked":["<span class=\"advgb-post-tax-term\">DESIGN<\/span>"]}},"comment_count":16,"relative_dates":{"created":"Posted 15 years ago","modified":"Updated 15 years ago"},"absolute_dates":{"created":"Posted on 19 September 2011","modified":"Updated on 19 September 2011"},"absolute_dates_time":{"created":"Posted on 19 September 2011 7:00","modified":"Updated on 19 September 2011 7:00"},"featured_img_caption":"","series_order":"","jetpack_sharing_enabled":true,"jetpack_shortlink":"https:\/\/wp.me\/p9bteI-s2K","jetpack-related-posts":[],"_links":{"self":[{"href":"https:\/\/www.joyana.fr\/en\/wp-json\/wp\/v2\/posts\/107802","targetHints":{"allow":["GET"]}}],"collection":[{"href":"https:\/\/www.joyana.fr\/en\/wp-json\/wp\/v2\/posts"}],"about":[{"href":"https:\/\/www.joyana.fr\/en\/wp-json\/wp\/v2\/types\/post"}],"author":[{"embeddable":true,"href":"https:\/\/www.joyana.fr\/en\/wp-json\/wp\/v2\/users\/3"}],"replies":[{"embeddable":true,"href":"https:\/\/www.joyana.fr\/en\/wp-json\/wp\/v2\/comments?post=107802"}],"version-history":[{"count":0,"href":"https:\/\/www.joyana.fr\/en\/wp-json\/wp\/v2\/posts\/107802\/revisions"}],"wp:featuredmedia":[{"embeddable":true,"href":"https:\/\/www.joyana.fr\/en\/wp-json\/wp\/v2\/media\/107804"}],"wp:attachment":[{"href":"https:\/\/www.joyana.fr\/en\/wp-json\/wp\/v2\/media?parent=107802"}],"wp:term":[{"taxonomy":"category","embeddable":true,"href":"https:\/\/www.joyana.fr\/en\/wp-json\/wp\/v2\/categories?post=107802"},{"taxonomy":"post_tag","embeddable":true,"href":"https:\/\/www.joyana.fr\/en\/wp-json\/wp\/v2\/tags?post=107802"}],"curies":[{"name":"wp","href":"https:\/\/api.w.org\/{rel}","templated":true}]}}