{"id":107733,"date":"2011-09-10T09:44:46","date_gmt":"2011-09-10T08:44:46","guid":{"rendered":"https:\/\/joyana.fr\/?p=7733"},"modified":"2011-09-10T09:44:46","modified_gmt":"2011-09-10T08:44:46","slug":"maison-objet-2011-funtionals","status":"publish","type":"post","link":"https:\/\/www.joyana.fr\/en\/maison-objet-2011-funtionals\/107733\/","title":{"rendered":"Maison &#038; Objet 2011 \u2013 FUNCTIONALS"},"content":{"rendered":"<p>D\u00e9couvert sur Now! \u00e0 <a title=\"MAISON ET OBJET\" href=\"https:\/\/joyana.fr\/maison-et-objet-2011-janvier-septembre-maisonobjet\/5597\/\"><strong>Maison &#038; Objet<\/strong><\/a>, <strong>FUNCTIONALS<\/strong> comme son nom l&#8217;indique propose meubles et accessoires fonctionnels sans fioriture. Il se concentre sur un design simple et artisanal&#8230;<\/p>\n<p><img data-recalc-dims=\"1\" fetchpriority=\"high\" decoding=\"async\" data-attachment-id=\"7735\" data-permalink=\"https:\/\/www.joyana.fr\/en\/check-in-hotel-renaissance-aix-en-provence\/7697\/blog_hotel-renaissance_6-copie\/\" data-orig-file=\"https:\/\/i0.wp.com\/www.joyana.fr\/wp-content\/uploads\/2014\/01\/BLOG_HOTEL-RENAISSANCE_6-copie.jpg?fit=650%2C650&amp;ssl=1\" data-orig-size=\"650,650\" data-comments-opened=\"1\" data-image-meta=\"{&quot;aperture&quot;:&quot;0&quot;,&quot;credit&quot;:&quot;&quot;,&quot;camera&quot;:&quot;&quot;,&quot;caption&quot;:&quot;&quot;,&quot;created_timestamp&quot;:&quot;0&quot;,&quot;copyright&quot;:&quot;&quot;,&quot;focal_length&quot;:&quot;0&quot;,&quot;iso&quot;:&quot;0&quot;,&quot;shutter_speed&quot;:&quot;0&quot;,&quot;title&quot;:&quot;&quot;,&quot;orientation&quot;:&quot;1&quot;}\" data-image-title=\"BLOG_HOTEL RENAISSANCE_6 copie\" data-image-description=\"\" data-image-caption=\"\" data-medium-file=\"https:\/\/i0.wp.com\/www.joyana.fr\/wp-content\/uploads\/2014\/01\/BLOG_HOTEL-RENAISSANCE_6-copie.jpg?fit=389%2C389&amp;ssl=1\" data-large-file=\"https:\/\/i0.wp.com\/www.joyana.fr\/wp-content\/uploads\/2014\/01\/BLOG_HOTEL-RENAISSANCE_6-copie.jpg?fit=650%2C650&amp;ssl=1\" class=\"alignnone size-full wp-image-7735\" title=\"Maison &#038; Objet 2011 - FUNTIONALS\" src=\"https:\/\/i0.wp.com\/joyana.fr\/wp-content\/uploads\/FUNCTIONALS-C02133.jpg?resize=576%2C866&#038;ssl=1\" alt=\"\" width=\"576\" height=\"866\" \/><\/p>\n<p>Outre la collection tr\u00e8s r\u00e9ussie, nous saluons le stand de <strong>FUNTIONALS<\/strong> qui se d\u00e9marque des autres de part son originalit\u00e9 !!! On aime le tabouret STOOL, la suspension LUFTSCHIFF, et la table LLOYD&#8230;<\/p>\n<p><img data-recalc-dims=\"1\" decoding=\"async\" class=\"alignnone size-full wp-image-7734\" title=\"Maison &#038; Objet 2011 - FUNTIONALS\" src=\"https:\/\/i0.wp.com\/joyana.fr\/wp-content\/uploads\/FUNCTIONALS-35.jpg?resize=576%2C383&#038;ssl=1\" alt=\"\" width=\"576\" height=\"383\" \/><\/p>\n<p><img data-recalc-dims=\"1\" decoding=\"async\" class=\"alignnone size-full wp-image-7736\" title=\"Maison &#038; Objet 2011 - FUNTIONALS\" src=\"https:\/\/i0.wp.com\/joyana.fr\/wp-content\/uploads\/FUNCTIONALS-37.jpg?resize=576%2C866&#038;ssl=1\" alt=\"\" width=\"576\" height=\"866\" \/><\/p>\n<p><img data-recalc-dims=\"1\" loading=\"lazy\" decoding=\"async\" class=\"alignnone size-full wp-image-7737\" title=\"Maison &#038; Objet 2011 - FUNTIONALS\" src=\"https:\/\/i0.wp.com\/joyana.fr\/wp-content\/uploads\/FUNCTIONALS-DSC02141.jpg?resize=576%2C169&#038;ssl=1\" alt=\"\" width=\"576\" height=\"169\" \/><\/p>\n<p>En savoir <strong>+<\/strong> sur <a title=\"FUNCTIONALS\" href=\"https:\/\/www.functionals.eu\/\"><strong>FUNCTIONALS<\/strong><\/a><\/p>\n","protected":false},"excerpt":{"rendered":"<p>D\u00e9couvert sur Now! \u00e0 Maison &#038; Objet, FUNCTIONALS comme son nom l&#8217;indique propose meubles et accessoires fonctionnels sans fioriture. Il se concentre sur un design simple et artisanal&#8230; Outre la collection tr\u00e8s r\u00e9ussie, nous saluons le stand de FUNTIONALS qui se d\u00e9marque des autres de part son originalit\u00e9 !!! On aime le tabouret STOOL, la [&hellip;]<\/p>\n","protected":false},"author":3,"featured_media":107735,"comment_status":"open","ping_status":"open","sticky":false,"template":"","format":"standard","meta":{"_coblocks_attr":"","_coblocks_dimensions":"","_coblocks_responsive_height":"","_coblocks_accordion_ie_support":"","_uag_custom_page_level_css":"","advgb_blocks_editor_width":"","advgb_blocks_columns_visual_guide":"","_genesis_hide_title":false,"_genesis_hide_breadcrumbs":false,"_genesis_hide_singular_image":false,"_genesis_hide_footer_widgets":false,"_genesis_custom_body_class":"","_genesis_custom_post_class":"","_genesis_layout":"","_themeisle_gutenberg_block_has_review":false,"_jetpack_newsletter_access":"","_jetpack_dont_email_post_to_subs":false,"_jetpack_newsletter_tier_id":0,"_jetpack_memberships_contains_paywalled_content":false,"_jetpack_memberships_contains_paid_content":false,"footnotes":""},"categories":[905,961],"tags":[963],"class_list":{"0":"post-107733","1":"post","2":"type-post","3":"status-publish","4":"format-standard","5":"has-post-thumbnail","7":"category-deco-design","8":"category-maison-et-objet","9":"tag-salons-design","10":"entry"},"featured_image_urls":{"full":["https:\/\/i0.wp.com\/www.joyana.fr\/wp-content\/uploads\/old\/FUNCTIONALS-C02133.jpg?fit=576%2C866&ssl=1",576,866,false],"thumbnail":["https:\/\/i0.wp.com\/www.joyana.fr\/wp-content\/uploads\/old\/FUNCTIONALS-C02133.jpg?resize=150%2C150&ssl=1",150,150,true],"medium":["https:\/\/i0.wp.com\/www.joyana.fr\/wp-content\/uploads\/old\/FUNCTIONALS-C02133.jpg?fit=259%2C389&ssl=1",259,389,true],"medium_large":["https:\/\/i0.wp.com\/www.joyana.fr\/wp-content\/uploads\/old\/FUNCTIONALS-C02133.jpg?fit=576%2C866&ssl=1",576,866,true],"large":["https:\/\/i0.wp.com\/www.joyana.fr\/wp-content\/uploads\/old\/FUNCTIONALS-C02133.jpg?fit=576%2C866&ssl=1",576,866,true],"1536x1536":["https:\/\/i0.wp.com\/www.joyana.fr\/wp-content\/uploads\/old\/FUNCTIONALS-C02133.jpg?fit=576%2C866&ssl=1",576,866,true],"2048x2048":["https:\/\/i0.wp.com\/www.joyana.fr\/wp-content\/uploads\/old\/FUNCTIONALS-C02133.jpg?fit=576%2C866&ssl=1",576,866,true],"featured-thumb":["https:\/\/i0.wp.com\/www.joyana.fr\/wp-content\/uploads\/old\/FUNCTIONALS-C02133.jpg?resize=576%2C750&ssl=1",576,750,true],"ab-block-post-grid-landscape":["https:\/\/i0.wp.com\/www.joyana.fr\/wp-content\/uploads\/old\/FUNCTIONALS-C02133.jpg?resize=576%2C400&ssl=1",576,400,true],"ab-block-post-grid-square":["https:\/\/i0.wp.com\/www.joyana.fr\/wp-content\/uploads\/old\/FUNCTIONALS-C02133.jpg?resize=576%2C600&ssl=1",576,600,true],"author-pro-image":["https:\/\/i0.wp.com\/www.joyana.fr\/wp-content\/uploads\/old\/FUNCTIONALS-C02133.jpg?resize=360%2C570&ssl=1",360,570,true],"slider":["https:\/\/i0.wp.com\/www.joyana.fr\/wp-content\/uploads\/old\/FUNCTIONALS-C02133.jpg?resize=576%2C400&ssl=1",576,400,true],"woocommerce_thumbnail":["https:\/\/i0.wp.com\/www.joyana.fr\/wp-content\/uploads\/old\/FUNCTIONALS-C02133.jpg?resize=450%2C450&ssl=1",450,450,true],"woocommerce_single":["https:\/\/i0.wp.com\/www.joyana.fr\/wp-content\/uploads\/old\/FUNCTIONALS-C02133.jpg?fit=576%2C866&ssl=1",576,866,true],"woocommerce_gallery_thumbnail":["https:\/\/i0.wp.com\/www.joyana.fr\/wp-content\/uploads\/old\/FUNCTIONALS-C02133.jpg?resize=180%2C180&ssl=1",180,180,true],"sow-carousel-default":["https:\/\/i0.wp.com\/www.joyana.fr\/wp-content\/uploads\/old\/FUNCTIONALS-C02133.jpg?resize=272%2C182&ssl=1",272,182,true]},"post_excerpt_stackable":"<p>D\u00e9couvert sur Now! \u00e0 Maison &#038; Objet, FUNCTIONALS comme son nom l&#8217;indique propose meubles et accessoires fonctionnels sans fioriture. Il se concentre sur un design simple et artisanal&#8230; Outre la collection tr\u00e8s r\u00e9ussie, nous saluons le stand de FUNTIONALS qui se d\u00e9marque des autres de part son originalit\u00e9 !!! On aime le tabouret STOOL, la suspension LUFTSCHIFF, et la table LLOYD&#8230; En savoir + sur FUNCTIONALS<\/p>\n","category_list":"<a href=\"https:\/\/www.joyana.fr\/en\/category\/deco-design\/\" rel=\"category tag\">DECO-DESIGN<\/a>, <a href=\"https:\/\/www.joyana.fr\/en\/category\/deco-design\/actualite\/salon\/maison-et-objet\/\" rel=\"category tag\">MAISON &amp; OBJET<\/a>","author_info":{"display_name":"Jo Yana","author_link":"https:\/\/www.joyana.fr\/en\/author\/joyana\/"},"comments_num":"4 comments","featured_image_urls_v2":{"full":["https:\/\/i0.wp.com\/www.joyana.fr\/wp-content\/uploads\/old\/FUNCTIONALS-C02133.jpg?fit=576%2C866&ssl=1",576,866,false],"thumbnail":["https:\/\/i0.wp.com\/www.joyana.fr\/wp-content\/uploads\/old\/FUNCTIONALS-C02133.jpg?resize=150%2C150&ssl=1",150,150,true],"medium":["https:\/\/i0.wp.com\/www.joyana.fr\/wp-content\/uploads\/old\/FUNCTIONALS-C02133.jpg?fit=259%2C389&ssl=1",259,389,true],"medium_large":["https:\/\/i0.wp.com\/www.joyana.fr\/wp-content\/uploads\/old\/FUNCTIONALS-C02133.jpg?fit=576%2C866&ssl=1",576,866,true],"large":["https:\/\/i0.wp.com\/www.joyana.fr\/wp-content\/uploads\/old\/FUNCTIONALS-C02133.jpg?fit=576%2C866&ssl=1",576,866,true],"1536x1536":["https:\/\/i0.wp.com\/www.joyana.fr\/wp-content\/uploads\/old\/FUNCTIONALS-C02133.jpg?fit=576%2C866&ssl=1",576,866,true],"2048x2048":["https:\/\/i0.wp.com\/www.joyana.fr\/wp-content\/uploads\/old\/FUNCTIONALS-C02133.jpg?fit=576%2C866&ssl=1",576,866,true],"featured-thumb":["https:\/\/i0.wp.com\/www.joyana.fr\/wp-content\/uploads\/old\/FUNCTIONALS-C02133.jpg?resize=576%2C750&ssl=1",576,750,true],"ab-block-post-grid-landscape":["https:\/\/i0.wp.com\/www.joyana.fr\/wp-content\/uploads\/old\/FUNCTIONALS-C02133.jpg?resize=576%2C400&ssl=1",576,400,true],"ab-block-post-grid-square":["https:\/\/i0.wp.com\/www.joyana.fr\/wp-content\/uploads\/old\/FUNCTIONALS-C02133.jpg?resize=576%2C600&ssl=1",576,600,true],"author-pro-image":["https:\/\/i0.wp.com\/www.joyana.fr\/wp-content\/uploads\/old\/FUNCTIONALS-C02133.jpg?resize=360%2C570&ssl=1",360,570,true],"slider":["https:\/\/i0.wp.com\/www.joyana.fr\/wp-content\/uploads\/old\/FUNCTIONALS-C02133.jpg?resize=576%2C400&ssl=1",576,400,true],"woocommerce_thumbnail":["https:\/\/i0.wp.com\/www.joyana.fr\/wp-content\/uploads\/old\/FUNCTIONALS-C02133.jpg?resize=450%2C450&ssl=1",450,450,true],"woocommerce_single":["https:\/\/i0.wp.com\/www.joyana.fr\/wp-content\/uploads\/old\/FUNCTIONALS-C02133.jpg?fit=576%2C866&ssl=1",576,866,true],"woocommerce_gallery_thumbnail":["https:\/\/i0.wp.com\/www.joyana.fr\/wp-content\/uploads\/old\/FUNCTIONALS-C02133.jpg?resize=180%2C180&ssl=1",180,180,true],"sow-carousel-default":["https:\/\/i0.wp.com\/www.joyana.fr\/wp-content\/uploads\/old\/FUNCTIONALS-C02133.jpg?resize=272%2C182&ssl=1",272,182,true]},"post_excerpt_stackable_v2":"<p>D\u00e9couvert sur Now! \u00e0 Maison &#038; Objet, FUNCTIONALS comme son nom l&#8217;indique propose meubles et accessoires fonctionnels sans fioriture. Il se concentre sur un design simple et artisanal&#8230; Outre la collection tr\u00e8s r\u00e9ussie, nous saluons le stand de FUNTIONALS qui se d\u00e9marque des autres de part son originalit\u00e9 !!! On aime le tabouret STOOL, la suspension LUFTSCHIFF, et la table LLOYD&#8230; En savoir + sur FUNCTIONALS<\/p>\n","category_list_v2":"<a href=\"https:\/\/www.joyana.fr\/en\/category\/deco-design\/\" rel=\"category tag\">DECO-DESIGN<\/a>, <a href=\"https:\/\/www.joyana.fr\/en\/category\/deco-design\/actualite\/salon\/maison-et-objet\/\" rel=\"category tag\">MAISON &amp; OBJET<\/a>","author_info_v2":{"name":"Jo Yana","url":"https:\/\/www.joyana.fr\/en\/author\/joyana\/"},"comments_num_v2":"4 comments","yoast_head":"<!-- This site is optimized with the Yoast SEO plugin v26.8 - https:\/\/yoast.com\/product\/yoast-seo-wordpress\/ -->\n<title>Maison &amp; Objet 2011 \u2013 FUNCTIONALS - JO YANA<\/title>\n<meta name=\"robots\" content=\"index, follow, max-snippet:-1, max-image-preview:large, max-video-preview:-1\" \/>\n<link rel=\"canonical\" href=\"https:\/\/joyana.fr\/maison-objet-2011-funtionals\/107733\/\" \/>\n<meta property=\"og:locale\" content=\"en_US\" \/>\n<meta property=\"og:locale:alternate\" content=\"fr_FR\" \/>\n<meta property=\"og:locale:alternate\" content=\"ja\" \/>\n<meta property=\"og:type\" content=\"article\" \/>\n<meta property=\"og:title\" content=\"Maison &amp; Objet 2011 \u2013 FUNCTIONALS - JO YANA\" \/>\n<meta property=\"og:description\" content=\"D\u00e9couvert sur Now! \u00e0 Maison &amp; Objet, FUNCTIONALS comme son nom l&#8217;indique propose meubles et accessoires fonctionnels sans fioriture. Il se concentre sur un design simple et artisanal&#8230; Outre la collection tr\u00e8s r\u00e9ussie, nous saluons le stand de FUNTIONALS qui se d\u00e9marque des autres de part son originalit\u00e9 !!! On aime le tabouret STOOL, la [&hellip;]\" \/>\n<meta property=\"og:url\" content=\"https:\/\/www.joyana.fr\/en\/maison-objet-2011-funtionals\/107733\/\" \/>\n<meta property=\"og:site_name\" content=\"JO YANA\" \/>\n<meta property=\"article:published_time\" content=\"2011-09-10T08:44:46+00:00\" \/>\n<meta property=\"og:image\" content=\"https:\/\/joyana.fr\/wp-content\/uploads\/old\/FUNCTIONALS-C02133.jpg\" \/>\n\t<meta property=\"og:image:width\" content=\"576\" \/>\n\t<meta property=\"og:image:height\" content=\"866\" \/>\n\t<meta property=\"og:image:type\" content=\"image\/jpeg\" \/>\n<meta name=\"author\" content=\"Jo Yana\" \/>\n<meta name=\"twitter:card\" content=\"summary_large_image\" \/>\n<meta name=\"twitter:creator\" content=\"@Jo_Yana\" \/>\n<meta name=\"twitter:site\" content=\"@Jo_Yana\" \/>\n<meta name=\"twitter:label1\" content=\"Written by\" \/>\n\t<meta name=\"twitter:data1\" content=\"Jo Yana\" \/>\n<script type=\"application\/ld+json\" class=\"yoast-schema-graph\">{\"@context\":\"https:\/\/schema.org\",\"@graph\":[{\"@type\":\"Article\",\"@id\":\"https:\/\/joyana.fr\/maison-objet-2011-funtionals\/107733\/#article\",\"isPartOf\":{\"@id\":\"https:\/\/joyana.fr\/maison-objet-2011-funtionals\/107733\/\"},\"author\":{\"name\":\"Jo Yana\",\"@id\":\"https:\/\/joyana.fr\/#\/schema\/person\/cf2a1ad12a27c12c21801075bf37407c\"},\"headline\":\"Maison &#038; Objet 2011 \u2013 FUNCTIONALS\",\"datePublished\":\"2011-09-10T08:44:46+00:00\",\"mainEntityOfPage\":{\"@id\":\"https:\/\/joyana.fr\/maison-objet-2011-funtionals\/107733\/\"},\"wordCount\":70,\"commentCount\":2,\"publisher\":{\"@id\":\"https:\/\/joyana.fr\/#\/schema\/person\/cf2a1ad12a27c12c21801075bf37407c\"},\"image\":{\"@id\":\"https:\/\/joyana.fr\/maison-objet-2011-funtionals\/107733\/#primaryimage\"},\"thumbnailUrl\":\"https:\/\/i0.wp.com\/www.joyana.fr\/wp-content\/uploads\/old\/FUNCTIONALS-C02133.jpg?fit=576%2C866&ssl=1\",\"keywords\":[\"Salons design\"],\"articleSection\":[\"DECO-DESIGN\",\"MAISON &amp; OBJET\"],\"inLanguage\":\"en-US\",\"potentialAction\":[{\"@type\":\"CommentAction\",\"name\":\"Comment\",\"target\":[\"https:\/\/joyana.fr\/maison-objet-2011-funtionals\/107733\/#respond\"]}]},{\"@type\":\"WebPage\",\"@id\":\"https:\/\/joyana.fr\/maison-objet-2011-funtionals\/107733\/\",\"url\":\"https:\/\/joyana.fr\/maison-objet-2011-funtionals\/107733\/\",\"name\":\"Maison & Objet 2011 \u2013 FUNCTIONALS - JO YANA\",\"isPartOf\":{\"@id\":\"https:\/\/joyana.fr\/#website\"},\"primaryImageOfPage\":{\"@id\":\"https:\/\/joyana.fr\/maison-objet-2011-funtionals\/107733\/#primaryimage\"},\"image\":{\"@id\":\"https:\/\/joyana.fr\/maison-objet-2011-funtionals\/107733\/#primaryimage\"},\"thumbnailUrl\":\"https:\/\/i0.wp.com\/www.joyana.fr\/wp-content\/uploads\/old\/FUNCTIONALS-C02133.jpg?fit=576%2C866&ssl=1\",\"datePublished\":\"2011-09-10T08:44:46+00:00\",\"breadcrumb\":{\"@id\":\"https:\/\/joyana.fr\/maison-objet-2011-funtionals\/107733\/#breadcrumb\"},\"inLanguage\":\"en-US\",\"potentialAction\":[{\"@type\":\"ReadAction\",\"target\":[\"https:\/\/joyana.fr\/maison-objet-2011-funtionals\/107733\/\"]}]},{\"@type\":\"ImageObject\",\"inLanguage\":\"en-US\",\"@id\":\"https:\/\/joyana.fr\/maison-objet-2011-funtionals\/107733\/#primaryimage\",\"url\":\"https:\/\/i0.wp.com\/www.joyana.fr\/wp-content\/uploads\/old\/FUNCTIONALS-C02133.jpg?fit=576%2C866&ssl=1\",\"contentUrl\":\"https:\/\/i0.wp.com\/www.joyana.fr\/wp-content\/uploads\/old\/FUNCTIONALS-C02133.jpg?fit=576%2C866&ssl=1\",\"width\":576,\"height\":866},{\"@type\":\"BreadcrumbList\",\"@id\":\"https:\/\/joyana.fr\/maison-objet-2011-funtionals\/107733\/#breadcrumb\",\"itemListElement\":[{\"@type\":\"ListItem\",\"position\":1,\"name\":\"Accueil\",\"item\":\"https:\/\/joyana.fr\/\"},{\"@type\":\"ListItem\",\"position\":2,\"name\":\"Maison &#038; Objet 2011 \u2013 FUNCTIONALS\"}]},{\"@type\":\"WebSite\",\"@id\":\"https:\/\/joyana.fr\/#website\",\"url\":\"https:\/\/joyana.fr\/\",\"name\":\"JO YANA\",\"description\":\"Blog Mode Homme, Lifestyle, D\u00e9co-Design\",\"publisher\":{\"@id\":\"https:\/\/joyana.fr\/#\/schema\/person\/cf2a1ad12a27c12c21801075bf37407c\"},\"potentialAction\":[{\"@type\":\"SearchAction\",\"target\":{\"@type\":\"EntryPoint\",\"urlTemplate\":\"https:\/\/joyana.fr\/?s={search_term_string}\"},\"query-input\":{\"@type\":\"PropertyValueSpecification\",\"valueRequired\":true,\"valueName\":\"search_term_string\"}}],\"inLanguage\":\"en-US\"},{\"@type\":[\"Person\",\"Organization\"],\"@id\":\"https:\/\/joyana.fr\/#\/schema\/person\/cf2a1ad12a27c12c21801075bf37407c\",\"name\":\"Jo Yana\",\"image\":{\"@type\":\"ImageObject\",\"inLanguage\":\"en-US\",\"@id\":\"https:\/\/joyana.fr\/#\/schema\/person\/image\/\",\"url\":\"https:\/\/i0.wp.com\/www.joyana.fr\/wp-content\/uploads\/2016\/08\/cropped-joyana-logo-black-360x180.png?fit=343%2C164&ssl=1\",\"contentUrl\":\"https:\/\/i0.wp.com\/www.joyana.fr\/wp-content\/uploads\/2016\/08\/cropped-joyana-logo-black-360x180.png?fit=343%2C164&ssl=1\",\"width\":343,\"height\":164,\"caption\":\"Jo Yana\"},\"logo\":{\"@id\":\"https:\/\/joyana.fr\/#\/schema\/person\/image\/\"},\"description\":\"Jo Yana est le cr\u00e9ateur et r\u00e9dacteur en chef des sites DECO-DESIGN. Passionn\u00e9 de Design, Mode, Photo, Luxe, Lifestyle, Musique, mais avant tout Blogueur ! Le plaisir de partager l'anime et a comme devise \\\"POUR L'AMOUR DU BEAU\\\". Retrouvez le aussi sur son blog personnel - https:\/\/joyana.fr...\",\"sameAs\":[\"https:\/\/joyana.fr\/\"],\"url\":\"https:\/\/www.joyana.fr\/en\/author\/joyana\/\"}]}<\/script>\n<!-- \/ Yoast SEO plugin. -->","yoast_head_json":{"title":"Maison & Objet 2011 \u2013 FUNCTIONALS - JO YANA","robots":{"index":"index","follow":"follow","max-snippet":"max-snippet:-1","max-image-preview":"max-image-preview:large","max-video-preview":"max-video-preview:-1"},"canonical":"https:\/\/joyana.fr\/maison-objet-2011-funtionals\/107733\/","og_locale":"en_US","og_type":"article","og_title":"Maison & Objet 2011 \u2013 FUNCTIONALS - JO YANA","og_description":"D\u00e9couvert sur Now! \u00e0 Maison &#038; Objet, FUNCTIONALS comme son nom l&#8217;indique propose meubles et accessoires fonctionnels sans fioriture. Il se concentre sur un design simple et artisanal&#8230; Outre la collection tr\u00e8s r\u00e9ussie, nous saluons le stand de FUNTIONALS qui se d\u00e9marque des autres de part son originalit\u00e9 !!! On aime le tabouret STOOL, la [&hellip;]","og_url":"https:\/\/www.joyana.fr\/en\/maison-objet-2011-funtionals\/107733\/","og_site_name":"JO YANA","article_published_time":"2011-09-10T08:44:46+00:00","og_image":[{"width":576,"height":866,"url":"https:\/\/joyana.fr\/wp-content\/uploads\/old\/FUNCTIONALS-C02133.jpg","type":"image\/jpeg"}],"author":"Jo Yana","twitter_card":"summary_large_image","twitter_creator":"@Jo_Yana","twitter_site":"@Jo_Yana","twitter_misc":{"Written by":"Jo Yana"},"schema":{"@context":"https:\/\/schema.org","@graph":[{"@type":"Article","@id":"https:\/\/joyana.fr\/maison-objet-2011-funtionals\/107733\/#article","isPartOf":{"@id":"https:\/\/joyana.fr\/maison-objet-2011-funtionals\/107733\/"},"author":{"name":"Jo Yana","@id":"https:\/\/joyana.fr\/#\/schema\/person\/cf2a1ad12a27c12c21801075bf37407c"},"headline":"Maison &#038; Objet 2011 \u2013 FUNCTIONALS","datePublished":"2011-09-10T08:44:46+00:00","mainEntityOfPage":{"@id":"https:\/\/joyana.fr\/maison-objet-2011-funtionals\/107733\/"},"wordCount":70,"commentCount":2,"publisher":{"@id":"https:\/\/joyana.fr\/#\/schema\/person\/cf2a1ad12a27c12c21801075bf37407c"},"image":{"@id":"https:\/\/joyana.fr\/maison-objet-2011-funtionals\/107733\/#primaryimage"},"thumbnailUrl":"https:\/\/i0.wp.com\/www.joyana.fr\/wp-content\/uploads\/old\/FUNCTIONALS-C02133.jpg?fit=576%2C866&ssl=1","keywords":["Salons design"],"articleSection":["DECO-DESIGN","MAISON &amp; OBJET"],"inLanguage":"en-US","potentialAction":[{"@type":"CommentAction","name":"Comment","target":["https:\/\/joyana.fr\/maison-objet-2011-funtionals\/107733\/#respond"]}]},{"@type":"WebPage","@id":"https:\/\/joyana.fr\/maison-objet-2011-funtionals\/107733\/","url":"https:\/\/joyana.fr\/maison-objet-2011-funtionals\/107733\/","name":"Maison & Objet 2011 \u2013 FUNCTIONALS - JO YANA","isPartOf":{"@id":"https:\/\/joyana.fr\/#website"},"primaryImageOfPage":{"@id":"https:\/\/joyana.fr\/maison-objet-2011-funtionals\/107733\/#primaryimage"},"image":{"@id":"https:\/\/joyana.fr\/maison-objet-2011-funtionals\/107733\/#primaryimage"},"thumbnailUrl":"https:\/\/i0.wp.com\/www.joyana.fr\/wp-content\/uploads\/old\/FUNCTIONALS-C02133.jpg?fit=576%2C866&ssl=1","datePublished":"2011-09-10T08:44:46+00:00","breadcrumb":{"@id":"https:\/\/joyana.fr\/maison-objet-2011-funtionals\/107733\/#breadcrumb"},"inLanguage":"en-US","potentialAction":[{"@type":"ReadAction","target":["https:\/\/joyana.fr\/maison-objet-2011-funtionals\/107733\/"]}]},{"@type":"ImageObject","inLanguage":"en-US","@id":"https:\/\/joyana.fr\/maison-objet-2011-funtionals\/107733\/#primaryimage","url":"https:\/\/i0.wp.com\/www.joyana.fr\/wp-content\/uploads\/old\/FUNCTIONALS-C02133.jpg?fit=576%2C866&ssl=1","contentUrl":"https:\/\/i0.wp.com\/www.joyana.fr\/wp-content\/uploads\/old\/FUNCTIONALS-C02133.jpg?fit=576%2C866&ssl=1","width":576,"height":866},{"@type":"BreadcrumbList","@id":"https:\/\/joyana.fr\/maison-objet-2011-funtionals\/107733\/#breadcrumb","itemListElement":[{"@type":"ListItem","position":1,"name":"Accueil","item":"https:\/\/joyana.fr\/"},{"@type":"ListItem","position":2,"name":"Maison &#038; Objet 2011 \u2013 FUNCTIONALS"}]},{"@type":"WebSite","@id":"https:\/\/joyana.fr\/#website","url":"https:\/\/joyana.fr\/","name":"JO YANA","description":"Blog Mode Homme, Lifestyle, D\u00e9co-Design","publisher":{"@id":"https:\/\/joyana.fr\/#\/schema\/person\/cf2a1ad12a27c12c21801075bf37407c"},"potentialAction":[{"@type":"SearchAction","target":{"@type":"EntryPoint","urlTemplate":"https:\/\/joyana.fr\/?s={search_term_string}"},"query-input":{"@type":"PropertyValueSpecification","valueRequired":true,"valueName":"search_term_string"}}],"inLanguage":"en-US"},{"@type":["Person","Organization"],"@id":"https:\/\/joyana.fr\/#\/schema\/person\/cf2a1ad12a27c12c21801075bf37407c","name":"Jo Yana","image":{"@type":"ImageObject","inLanguage":"en-US","@id":"https:\/\/joyana.fr\/#\/schema\/person\/image\/","url":"https:\/\/i0.wp.com\/www.joyana.fr\/wp-content\/uploads\/2016\/08\/cropped-joyana-logo-black-360x180.png?fit=343%2C164&ssl=1","contentUrl":"https:\/\/i0.wp.com\/www.joyana.fr\/wp-content\/uploads\/2016\/08\/cropped-joyana-logo-black-360x180.png?fit=343%2C164&ssl=1","width":343,"height":164,"caption":"Jo Yana"},"logo":{"@id":"https:\/\/joyana.fr\/#\/schema\/person\/image\/"},"description":"Jo Yana est le cr\u00e9ateur et r\u00e9dacteur en chef des sites DECO-DESIGN. Passionn\u00e9 de Design, Mode, Photo, Luxe, Lifestyle, Musique, mais avant tout Blogueur ! Le plaisir de partager l'anime et a comme devise \"POUR L'AMOUR DU BEAU\". Retrouvez le aussi sur son blog personnel - https:\/\/joyana.fr...","sameAs":["https:\/\/joyana.fr\/"],"url":"https:\/\/www.joyana.fr\/en\/author\/joyana\/"}]}},"author_meta":{"display_name":"Jo Yana","author_link":"https:\/\/www.joyana.fr\/en\/author\/joyana\/"},"featured_img":"https:\/\/i0.wp.com\/www.joyana.fr\/wp-content\/uploads\/old\/FUNCTIONALS-C02133.jpg?fit=259%2C389&ssl=1","featured_image_src":"https:\/\/i0.wp.com\/www.joyana.fr\/wp-content\/uploads\/old\/FUNCTIONALS-C02133.jpg?resize=576%2C400&ssl=1","featured_image_src_square":"https:\/\/i0.wp.com\/www.joyana.fr\/wp-content\/uploads\/old\/FUNCTIONALS-C02133.jpg?resize=576%2C600&ssl=1","jetpack_featured_media_url":"https:\/\/i0.wp.com\/www.joyana.fr\/wp-content\/uploads\/old\/FUNCTIONALS-C02133.jpg?fit=576%2C866&ssl=1","uagb_featured_image_src":{"full":["https:\/\/i0.wp.com\/www.joyana.fr\/wp-content\/uploads\/old\/FUNCTIONALS-C02133.jpg?fit=576%2C866&ssl=1",576,866,false],"thumbnail":["https:\/\/i0.wp.com\/www.joyana.fr\/wp-content\/uploads\/old\/FUNCTIONALS-C02133.jpg?resize=150%2C150&ssl=1",150,150,true],"medium":["https:\/\/i0.wp.com\/www.joyana.fr\/wp-content\/uploads\/old\/FUNCTIONALS-C02133.jpg?fit=259%2C389&ssl=1",259,389,true],"medium_large":["https:\/\/i0.wp.com\/www.joyana.fr\/wp-content\/uploads\/old\/FUNCTIONALS-C02133.jpg?fit=576%2C866&ssl=1",576,866,true],"large":["https:\/\/i0.wp.com\/www.joyana.fr\/wp-content\/uploads\/old\/FUNCTIONALS-C02133.jpg?fit=576%2C866&ssl=1",576,866,true],"1536x1536":["https:\/\/i0.wp.com\/www.joyana.fr\/wp-content\/uploads\/old\/FUNCTIONALS-C02133.jpg?fit=576%2C866&ssl=1",576,866,true],"2048x2048":["https:\/\/i0.wp.com\/www.joyana.fr\/wp-content\/uploads\/old\/FUNCTIONALS-C02133.jpg?fit=576%2C866&ssl=1",576,866,true],"featured-thumb":["https:\/\/i0.wp.com\/www.joyana.fr\/wp-content\/uploads\/old\/FUNCTIONALS-C02133.jpg?resize=576%2C750&ssl=1",576,750,true],"ab-block-post-grid-landscape":["https:\/\/i0.wp.com\/www.joyana.fr\/wp-content\/uploads\/old\/FUNCTIONALS-C02133.jpg?resize=576%2C400&ssl=1",576,400,true],"ab-block-post-grid-square":["https:\/\/i0.wp.com\/www.joyana.fr\/wp-content\/uploads\/old\/FUNCTIONALS-C02133.jpg?resize=576%2C600&ssl=1",576,600,true],"author-pro-image":["https:\/\/i0.wp.com\/www.joyana.fr\/wp-content\/uploads\/old\/FUNCTIONALS-C02133.jpg?resize=360%2C570&ssl=1",360,570,true],"slider":["https:\/\/i0.wp.com\/www.joyana.fr\/wp-content\/uploads\/old\/FUNCTIONALS-C02133.jpg?resize=576%2C400&ssl=1",576,400,true],"woocommerce_thumbnail":["https:\/\/i0.wp.com\/www.joyana.fr\/wp-content\/uploads\/old\/FUNCTIONALS-C02133.jpg?resize=450%2C450&ssl=1",450,450,true],"woocommerce_single":["https:\/\/i0.wp.com\/www.joyana.fr\/wp-content\/uploads\/old\/FUNCTIONALS-C02133.jpg?fit=576%2C866&ssl=1",576,866,true],"woocommerce_gallery_thumbnail":["https:\/\/i0.wp.com\/www.joyana.fr\/wp-content\/uploads\/old\/FUNCTIONALS-C02133.jpg?resize=180%2C180&ssl=1",180,180,true],"sow-carousel-default":["https:\/\/i0.wp.com\/www.joyana.fr\/wp-content\/uploads\/old\/FUNCTIONALS-C02133.jpg?resize=272%2C182&ssl=1",272,182,true]},"uagb_author_info":{"display_name":"Jo Yana","author_link":"https:\/\/www.joyana.fr\/en\/author\/joyana\/"},"uagb_comment_info":4,"uagb_excerpt":"D\u00e9couvert sur Now! \u00e0 Maison &#038; Objet, FUNCTIONALS comme son nom l&#8217;indique propose meubles et accessoires fonctionnels sans fioriture. Il se concentre sur un design simple et artisanal&#8230; Outre la collection tr\u00e8s r\u00e9ussie, nous saluons le stand de FUNTIONALS qui se d\u00e9marque des autres de part son originalit\u00e9 !!! On aime le tabouret STOOL, la&hellip;","coauthors":[],"tax_additional":{"categories":{"linked":["<a href=\"https:\/\/www.joyana.fr\/en\/category\/deco-design\/\" class=\"advgb-post-tax-term\">DECO-DESIGN<\/a>","<a href=\"https:\/\/www.joyana.fr\/en\/category\/deco-design\/actualite\/salon\/maison-et-objet\/\" class=\"advgb-post-tax-term\">MAISON &amp; OBJET<\/a>"],"unlinked":["<span class=\"advgb-post-tax-term\">DECO-DESIGN<\/span>","<span class=\"advgb-post-tax-term\">MAISON &amp; OBJET<\/span>"]},"tags":{"linked":["<a href=\"https:\/\/www.joyana.fr\/en\/category\/deco-design\/actualite\/salon\/maison-et-objet\/\" class=\"advgb-post-tax-term\">Salons design<\/a>"],"unlinked":["<span class=\"advgb-post-tax-term\">Salons design<\/span>"]}},"comment_count":4,"relative_dates":{"created":"Posted 15 years ago","modified":"Updated 15 years ago"},"absolute_dates":{"created":"Posted on 10 September 2011","modified":"Updated on 10 September 2011"},"absolute_dates_time":{"created":"Posted on 10 September 2011 9:44","modified":"Updated on 10 September 2011 9:44"},"featured_img_caption":"","series_order":"","jetpack_sharing_enabled":true,"jetpack_shortlink":"https:\/\/wp.me\/p9bteI-s1D","jetpack-related-posts":[],"_links":{"self":[{"href":"https:\/\/www.joyana.fr\/en\/wp-json\/wp\/v2\/posts\/107733","targetHints":{"allow":["GET"]}}],"collection":[{"href":"https:\/\/www.joyana.fr\/en\/wp-json\/wp\/v2\/posts"}],"about":[{"href":"https:\/\/www.joyana.fr\/en\/wp-json\/wp\/v2\/types\/post"}],"author":[{"embeddable":true,"href":"https:\/\/www.joyana.fr\/en\/wp-json\/wp\/v2\/users\/3"}],"replies":[{"embeddable":true,"href":"https:\/\/www.joyana.fr\/en\/wp-json\/wp\/v2\/comments?post=107733"}],"version-history":[{"count":0,"href":"https:\/\/www.joyana.fr\/en\/wp-json\/wp\/v2\/posts\/107733\/revisions"}],"wp:featuredmedia":[{"embeddable":true,"href":"https:\/\/www.joyana.fr\/en\/wp-json\/wp\/v2\/media\/107735"}],"wp:attachment":[{"href":"https:\/\/www.joyana.fr\/en\/wp-json\/wp\/v2\/media?parent=107733"}],"wp:term":[{"taxonomy":"category","embeddable":true,"href":"https:\/\/www.joyana.fr\/en\/wp-json\/wp\/v2\/categories?post=107733"},{"taxonomy":"post_tag","embeddable":true,"href":"https:\/\/www.joyana.fr\/en\/wp-json\/wp\/v2\/tags?post=107733"}],"curies":[{"name":"wp","href":"https:\/\/api.w.org\/{rel}","templated":true}]}}