{"id":106288,"date":"2011-03-30T07:26:21","date_gmt":"2011-03-30T06:26:21","guid":{"rendered":"https:\/\/joyana.fr\/?p=6288"},"modified":"2011-03-30T07:26:21","modified_gmt":"2011-03-30T06:26:21","slug":"bouroullec-revisitent-oiseau-eames-vitra-bird","status":"publish","type":"post","link":"https:\/\/www.joyana.fr\/en\/bouroullec-revisitent-oiseau-eames-vitra-bird\/106288\/","title":{"rendered":"Les BOUROULLEC revisitent &#8220;l&#8217;OISEAU&#8221; de EAMES"},"content":{"rendered":"<p>Les fr\u00e8res <strong>Bouroullec<\/strong> nous pr\u00e9sentent leur preview milanaise, et parmi les nouveaut\u00e9s annonc\u00e9es on pouvait d\u00e9couvrir l&#8217;<strong>OISEAU<\/strong> pour <strong>Vitra<\/strong> &#8211; un clin d&#8217;oeil au <strong>EAMES HOUSE BIRD<\/strong>&#8230;<\/p>\n<p><img data-recalc-dims=\"1\" fetchpriority=\"high\" decoding=\"async\" data-attachment-id=\"6290\" data-permalink=\"https:\/\/www.joyana.fr\/en\/neon-italia-independent-foleez-ronnie-fieg-filling-pieces\/6284\/blog_neon_7\/\" data-orig-file=\"https:\/\/i0.wp.com\/www.joyana.fr\/wp-content\/uploads\/2013\/09\/BLOG_NEON_7.jpg?fit=650%2C650&amp;ssl=1\" data-orig-size=\"650,650\" data-comments-opened=\"1\" data-image-meta=\"{&quot;aperture&quot;:&quot;0&quot;,&quot;credit&quot;:&quot;&quot;,&quot;camera&quot;:&quot;&quot;,&quot;caption&quot;:&quot;&quot;,&quot;created_timestamp&quot;:&quot;0&quot;,&quot;copyright&quot;:&quot;&quot;,&quot;focal_length&quot;:&quot;0&quot;,&quot;iso&quot;:&quot;0&quot;,&quot;shutter_speed&quot;:&quot;0&quot;,&quot;title&quot;:&quot;&quot;,&quot;orientation&quot;:&quot;1&quot;}\" data-image-title=\"BLOG_NEON_7\" data-image-description=\"\" data-image-caption=\"\" data-medium-file=\"https:\/\/i0.wp.com\/www.joyana.fr\/wp-content\/uploads\/2013\/09\/BLOG_NEON_7.jpg?fit=389%2C389&amp;ssl=1\" data-large-file=\"https:\/\/i0.wp.com\/www.joyana.fr\/wp-content\/uploads\/2013\/09\/BLOG_NEON_7.jpg?fit=650%2C650&amp;ssl=1\" class=\"alignnone size-full wp-image-6290\" title=\"Les BOUROULLEC revisitent l'OISEAU de EAMES\" src=\"https:\/\/i0.wp.com\/joyana.fr\/wp-content\/uploads\/OISEAU_BOUROULLEC_VITRA_EAMES24.jpg?resize=576%2C575&#038;ssl=1\" alt=\"\" width=\"576\" height=\"575\" \/><\/p>\n<p>Enfin pas tout \u00e0 fait&#8230; Car pour la petite histoire le <strong>EAMES BIRD HOUSE<\/strong> n&#8217;est pas sign\u00e9 par Eames : Charles et Ray Eames enrichissaient le Collage de l\u2019Eames House par les nombreux objets qu\u2019ils rapportaient de leurs voyages. Au milieu du living on peut voir depuis plus de cinquante ans une sculpture d\u2019oiseau en bois noir sur le sol, qui est manifestement une pi\u00e8ce de Folk Art am\u00e9ricain ou encore Native Art, particuli\u00e8rement appr\u00e9ci\u00e9e par Charles et Ray et qu\u2019ils utilis\u00e8rent souvent comme accessoire dans leurs photos&#8230;<\/p>\n<p>Ici <strong>Ronan et Erwan Bouroullec<\/strong> &#8211; avec cet <strong>OISEAU<\/strong> qu&#8217;ils signent pour <strong>Vitra<\/strong> &#8211; nous proposent une version plus \u00e9pur\u00e9e dans les d\u00e9tails, qui arbore une robe de bois naturel, mais qui s&#8217;\u00e9loigne de la r\u00e9alit\u00e9 d&#8217;apr\u00e8s nous&#8230;<\/p>\n<p><img data-recalc-dims=\"1\" decoding=\"async\" data-attachment-id=\"6293\" data-permalink=\"https:\/\/www.joyana.fr\/en\/neon-italia-independent-foleez-ronnie-fieg-filling-pieces\/6284\/blog_neon_10\/\" data-orig-file=\"https:\/\/i0.wp.com\/www.joyana.fr\/wp-content\/uploads\/2013\/09\/BLOG_NEON_10.jpg?fit=650%2C650&amp;ssl=1\" data-orig-size=\"650,650\" data-comments-opened=\"1\" data-image-meta=\"{&quot;aperture&quot;:&quot;0&quot;,&quot;credit&quot;:&quot;&quot;,&quot;camera&quot;:&quot;&quot;,&quot;caption&quot;:&quot;&quot;,&quot;created_timestamp&quot;:&quot;0&quot;,&quot;copyright&quot;:&quot;&quot;,&quot;focal_length&quot;:&quot;0&quot;,&quot;iso&quot;:&quot;0&quot;,&quot;shutter_speed&quot;:&quot;0&quot;,&quot;title&quot;:&quot;&quot;,&quot;orientation&quot;:&quot;1&quot;}\" data-image-title=\"BLOG_NEON_10\" data-image-description=\"&lt;p&gt;ITALIA INDEPENDENT&lt;\/p&gt;\n\" data-image-caption=\"\" data-medium-file=\"https:\/\/i0.wp.com\/www.joyana.fr\/wp-content\/uploads\/2013\/09\/BLOG_NEON_10.jpg?fit=389%2C389&amp;ssl=1\" data-large-file=\"https:\/\/i0.wp.com\/www.joyana.fr\/wp-content\/uploads\/2013\/09\/BLOG_NEON_10.jpg?fit=650%2C650&amp;ssl=1\" class=\"alignnone size-full wp-image-6293\" title=\"Les BOUROULLEC revisitent l'OISEAU de EAMES\" src=\"https:\/\/i0.wp.com\/joyana.fr\/wp-content\/uploads\/OISEAU_BOUROULLEC_VITRA_EAMES_19.jpg?resize=576%2C403&#038;ssl=1\" alt=\"\" width=\"576\" height=\"403\" \/><\/p>\n<p><img data-recalc-dims=\"1\" decoding=\"async\" data-attachment-id=\"6292\" data-permalink=\"https:\/\/www.joyana.fr\/en\/neon-italia-independent-foleez-ronnie-fieg-filling-pieces\/6284\/blog_neon_9\/\" data-orig-file=\"https:\/\/i0.wp.com\/www.joyana.fr\/wp-content\/uploads\/2013\/09\/BLOG_NEON_9.jpg?fit=650%2C650&amp;ssl=1\" data-orig-size=\"650,650\" data-comments-opened=\"1\" data-image-meta=\"{&quot;aperture&quot;:&quot;0&quot;,&quot;credit&quot;:&quot;&quot;,&quot;camera&quot;:&quot;&quot;,&quot;caption&quot;:&quot;&quot;,&quot;created_timestamp&quot;:&quot;0&quot;,&quot;copyright&quot;:&quot;&quot;,&quot;focal_length&quot;:&quot;0&quot;,&quot;iso&quot;:&quot;0&quot;,&quot;shutter_speed&quot;:&quot;0&quot;,&quot;title&quot;:&quot;&quot;,&quot;orientation&quot;:&quot;1&quot;}\" data-image-title=\"BLOG_NEON_9\" data-image-description=\"&lt;p&gt;MARTIN FOLEEZ&lt;\/p&gt;\n\" data-image-caption=\"\" data-medium-file=\"https:\/\/i0.wp.com\/www.joyana.fr\/wp-content\/uploads\/2013\/09\/BLOG_NEON_9.jpg?fit=389%2C389&amp;ssl=1\" data-large-file=\"https:\/\/i0.wp.com\/www.joyana.fr\/wp-content\/uploads\/2013\/09\/BLOG_NEON_9.jpg?fit=650%2C650&amp;ssl=1\" class=\"alignnone size-full wp-image-6292\" title=\"Les BOUROULLEC revisitent l'OISEAU de EAMES\" src=\"https:\/\/i0.wp.com\/joyana.fr\/wp-content\/uploads\/OISEAU_BOUROULLEC_VITRA_EAMES_18.jpg?resize=576%2C400&#038;ssl=1\" alt=\"\" width=\"576\" height=\"400\" \/><\/p>\n<p><img data-recalc-dims=\"1\" loading=\"lazy\" decoding=\"async\" data-attachment-id=\"6291\" data-permalink=\"https:\/\/www.joyana.fr\/en\/neon-italia-independent-foleez-ronnie-fieg-filling-pieces\/6284\/blog_neon_8\/\" data-orig-file=\"https:\/\/i0.wp.com\/www.joyana.fr\/wp-content\/uploads\/2013\/09\/BLOG_NEON_8.jpg?fit=650%2C650&amp;ssl=1\" data-orig-size=\"650,650\" data-comments-opened=\"1\" data-image-meta=\"{&quot;aperture&quot;:&quot;0&quot;,&quot;credit&quot;:&quot;&quot;,&quot;camera&quot;:&quot;&quot;,&quot;caption&quot;:&quot;&quot;,&quot;created_timestamp&quot;:&quot;0&quot;,&quot;copyright&quot;:&quot;&quot;,&quot;focal_length&quot;:&quot;0&quot;,&quot;iso&quot;:&quot;0&quot;,&quot;shutter_speed&quot;:&quot;0&quot;,&quot;title&quot;:&quot;&quot;,&quot;orientation&quot;:&quot;1&quot;}\" data-image-title=\"BLOG_NEON_8\" data-image-description=\"\" data-image-caption=\"\" data-medium-file=\"https:\/\/i0.wp.com\/www.joyana.fr\/wp-content\/uploads\/2013\/09\/BLOG_NEON_8.jpg?fit=389%2C389&amp;ssl=1\" data-large-file=\"https:\/\/i0.wp.com\/www.joyana.fr\/wp-content\/uploads\/2013\/09\/BLOG_NEON_8.jpg?fit=650%2C650&amp;ssl=1\" class=\"alignnone size-full wp-image-6291\" title=\"Les BOUROULLEC revisitent l'OISEAU de EAMES\" src=\"https:\/\/i0.wp.com\/joyana.fr\/wp-content\/uploads\/OISEAU_BOUROULLEC_VITRA_EAMES_22.jpg?resize=576%2C401&#038;ssl=1\" alt=\"\" width=\"576\" height=\"401\" \/><\/p>\n<p><img data-recalc-dims=\"1\" loading=\"lazy\" decoding=\"async\" data-attachment-id=\"6289\" data-permalink=\"https:\/\/www.joyana.fr\/en\/neon-italia-independent-foleez-ronnie-fieg-filling-pieces\/6284\/blog_neon_5\/\" data-orig-file=\"https:\/\/i0.wp.com\/www.joyana.fr\/wp-content\/uploads\/2013\/09\/BLOG_NEON_5.jpg?fit=650%2C650&amp;ssl=1\" data-orig-size=\"650,650\" data-comments-opened=\"1\" data-image-meta=\"{&quot;aperture&quot;:&quot;0&quot;,&quot;credit&quot;:&quot;&quot;,&quot;camera&quot;:&quot;&quot;,&quot;caption&quot;:&quot;&quot;,&quot;created_timestamp&quot;:&quot;0&quot;,&quot;copyright&quot;:&quot;&quot;,&quot;focal_length&quot;:&quot;0&quot;,&quot;iso&quot;:&quot;0&quot;,&quot;shutter_speed&quot;:&quot;0&quot;,&quot;title&quot;:&quot;&quot;,&quot;orientation&quot;:&quot;1&quot;}\" data-image-title=\"BLOG_NEON_5\" data-image-description=\"\" data-image-caption=\"\" data-medium-file=\"https:\/\/i0.wp.com\/www.joyana.fr\/wp-content\/uploads\/2013\/09\/BLOG_NEON_5.jpg?fit=389%2C389&amp;ssl=1\" data-large-file=\"https:\/\/i0.wp.com\/www.joyana.fr\/wp-content\/uploads\/2013\/09\/BLOG_NEON_5.jpg?fit=650%2C650&amp;ssl=1\" class=\"alignnone size-full wp-image-6289\" title=\"Les BOUROULLEC revisitent l'OISEAU de EAMES\" src=\"https:\/\/i0.wp.com\/joyana.fr\/wp-content\/uploads\/OISEAU_BOUROULLEC_VITRA_EAMES.jpg?resize=576%2C402&#038;ssl=1\" alt=\"\" width=\"576\" height=\"402\" \/><\/p>\n<p>Plus d&#8217;infos et de visuels lors du <a title=\"MILAN DESIGN WEEK 2011\" href=\"https:\/\/joyana.fr\/category\/actualite\/salon\/milan-design-week\/\">MILAN DESIGN WEEK 2011<\/a>&#8230;<\/p>\n<p>En savoir + sur les <a title=\"BOUROULLEC\" href=\"http:\/\/www.bouroullec.com\/\"><strong>BOUROULLEC<\/strong><\/a> &#038; <a title=\"vitra\" href=\"http:\/\/www.vitra.com\/\"><strong>VITRA<\/strong><\/a><\/p>\n","protected":false},"excerpt":{"rendered":"<p>Les fr\u00e8res Bouroullec nous pr\u00e9sentent leur preview milanaise, et parmi les nouveaut\u00e9s annonc\u00e9es on pouvait d\u00e9couvrir l&#8217;OISEAU pour Vitra &#8211; un clin d&#8217;oeil au EAMES HOUSE BIRD&#8230; Enfin pas tout \u00e0 fait&#8230; Car pour la petite histoire le EAMES BIRD HOUSE n&#8217;est pas sign\u00e9 par Eames : Charles et Ray Eames enrichissaient le Collage de [&hellip;]<\/p>\n","protected":false},"author":3,"featured_media":106290,"comment_status":"open","ping_status":"open","sticky":false,"template":"","format":"standard","meta":{"_coblocks_attr":"","_coblocks_dimensions":"","_coblocks_responsive_height":"","_coblocks_accordion_ie_support":"","_uag_custom_page_level_css":"","advgb_blocks_editor_width":"","advgb_blocks_columns_visual_guide":"","_genesis_hide_title":false,"_genesis_hide_breadcrumbs":false,"_genesis_hide_singular_image":false,"_genesis_hide_footer_widgets":false,"_genesis_custom_body_class":"","_genesis_custom_post_class":"","_genesis_layout":"","_themeisle_gutenberg_block_has_review":false,"_jetpack_newsletter_access":"","_jetpack_dont_email_post_to_subs":false,"_jetpack_newsletter_tier_id":0,"_jetpack_memberships_contains_paywalled_content":false,"_jetpack_memberships_contains_paid_content":false,"footnotes":""},"categories":[906,905,993,995,1037],"tags":[78],"class_list":{"0":"post-106288","1":"post","2":"type-post","3":"status-publish","4":"format-standard","5":"has-post-thumbnail","7":"category-accessoires","8":"category-deco-design","9":"category-milan-design-week","10":"category-ronan-erwan-bouroullec","11":"category-sculpture","12":"tag-design","13":"entry"},"featured_image_urls":{"full":["https:\/\/i0.wp.com\/www.joyana.fr\/wp-content\/uploads\/old\/OISEAU_BOUROULLEC_VITRA_EAMES24.jpg?fit=576%2C575&ssl=1",576,575,false],"thumbnail":["https:\/\/i0.wp.com\/www.joyana.fr\/wp-content\/uploads\/old\/OISEAU_BOUROULLEC_VITRA_EAMES24.jpg?resize=150%2C150&ssl=1",150,150,true],"medium":["https:\/\/i0.wp.com\/www.joyana.fr\/wp-content\/uploads\/old\/OISEAU_BOUROULLEC_VITRA_EAMES24.jpg?fit=389%2C389&ssl=1",389,389,true],"medium_large":["https:\/\/i0.wp.com\/www.joyana.fr\/wp-content\/uploads\/old\/OISEAU_BOUROULLEC_VITRA_EAMES24.jpg?fit=576%2C575&ssl=1",576,575,true],"large":["https:\/\/i0.wp.com\/www.joyana.fr\/wp-content\/uploads\/old\/OISEAU_BOUROULLEC_VITRA_EAMES24.jpg?fit=576%2C575&ssl=1",576,575,true],"1536x1536":["https:\/\/i0.wp.com\/www.joyana.fr\/wp-content\/uploads\/old\/OISEAU_BOUROULLEC_VITRA_EAMES24.jpg?fit=576%2C575&ssl=1",576,575,true],"2048x2048":["https:\/\/i0.wp.com\/www.joyana.fr\/wp-content\/uploads\/old\/OISEAU_BOUROULLEC_VITRA_EAMES24.jpg?fit=576%2C575&ssl=1",576,575,true],"featured-thumb":["https:\/\/i0.wp.com\/www.joyana.fr\/wp-content\/uploads\/old\/OISEAU_BOUROULLEC_VITRA_EAMES24.jpg?resize=576%2C575&ssl=1",576,575,true],"ab-block-post-grid-landscape":["https:\/\/i0.wp.com\/www.joyana.fr\/wp-content\/uploads\/old\/OISEAU_BOUROULLEC_VITRA_EAMES24.jpg?resize=576%2C400&ssl=1",576,400,true],"ab-block-post-grid-square":["https:\/\/i0.wp.com\/www.joyana.fr\/wp-content\/uploads\/old\/OISEAU_BOUROULLEC_VITRA_EAMES24.jpg?resize=576%2C575&ssl=1",576,575,true],"author-pro-image":["https:\/\/i0.wp.com\/www.joyana.fr\/wp-content\/uploads\/old\/OISEAU_BOUROULLEC_VITRA_EAMES24.jpg?resize=360%2C570&ssl=1",360,570,true],"slider":["https:\/\/i0.wp.com\/www.joyana.fr\/wp-content\/uploads\/old\/OISEAU_BOUROULLEC_VITRA_EAMES24.jpg?resize=576%2C400&ssl=1",576,400,true],"woocommerce_thumbnail":["https:\/\/i0.wp.com\/www.joyana.fr\/wp-content\/uploads\/old\/OISEAU_BOUROULLEC_VITRA_EAMES24.jpg?resize=450%2C450&ssl=1",450,450,true],"woocommerce_single":["https:\/\/i0.wp.com\/www.joyana.fr\/wp-content\/uploads\/old\/OISEAU_BOUROULLEC_VITRA_EAMES24.jpg?fit=576%2C575&ssl=1",576,575,true],"woocommerce_gallery_thumbnail":["https:\/\/i0.wp.com\/www.joyana.fr\/wp-content\/uploads\/old\/OISEAU_BOUROULLEC_VITRA_EAMES24.jpg?resize=180%2C180&ssl=1",180,180,true],"sow-carousel-default":["https:\/\/i0.wp.com\/www.joyana.fr\/wp-content\/uploads\/old\/OISEAU_BOUROULLEC_VITRA_EAMES24.jpg?resize=272%2C182&ssl=1",272,182,true]},"post_excerpt_stackable":"<p>Les fr\u00e8res Bouroullec nous pr\u00e9sentent leur preview milanaise, et parmi les nouveaut\u00e9s annonc\u00e9es on pouvait d\u00e9couvrir l&#8217;OISEAU pour Vitra &#8211; un clin d&#8217;oeil au EAMES HOUSE BIRD&#8230; Enfin pas tout \u00e0 fait&#8230; Car pour la petite histoire le EAMES BIRD HOUSE n&#8217;est pas sign\u00e9 par Eames : Charles et Ray Eames enrichissaient le Collage de l\u2019Eames House par les nombreux objets qu\u2019ils rapportaient de leurs voyages. Au milieu du living on peut voir depuis plus de cinquante ans une sculpture d\u2019oiseau en bois noir sur le sol, qui est manifestement une pi\u00e8ce de Folk Art am\u00e9ricain ou encore Native Art,&hellip;<\/p>\n","category_list":"<a href=\"https:\/\/www.joyana.fr\/en\/category\/deco-design\/decoration\/accessoires\/\" rel=\"category tag\">Accessoires<\/a>, <a href=\"https:\/\/www.joyana.fr\/en\/category\/deco-design\/\" rel=\"category tag\">DECO-DESIGN<\/a>, <a href=\"https:\/\/www.joyana.fr\/en\/category\/deco-design\/actualite\/salon\/milan-design-week\/\" rel=\"category tag\">Milan Design Week<\/a>, <a href=\"https:\/\/www.joyana.fr\/en\/category\/deco-design\/designer\/ronan-erwan-bouroullec\/\" rel=\"category tag\">Ronan &amp; Erwan BOUROULLEC<\/a>, <a href=\"https:\/\/www.joyana.fr\/en\/category\/deco-design\/mobilier\/sculpture\/\" rel=\"category tag\">Sculpture<\/a>","author_info":{"display_name":"Jo Yana","author_link":"https:\/\/www.joyana.fr\/en\/author\/joyana\/"},"comments_num":"23 comments","featured_image_urls_v2":{"full":["https:\/\/i0.wp.com\/www.joyana.fr\/wp-content\/uploads\/old\/OISEAU_BOUROULLEC_VITRA_EAMES24.jpg?fit=576%2C575&ssl=1",576,575,false],"thumbnail":["https:\/\/i0.wp.com\/www.joyana.fr\/wp-content\/uploads\/old\/OISEAU_BOUROULLEC_VITRA_EAMES24.jpg?resize=150%2C150&ssl=1",150,150,true],"medium":["https:\/\/i0.wp.com\/www.joyana.fr\/wp-content\/uploads\/old\/OISEAU_BOUROULLEC_VITRA_EAMES24.jpg?fit=389%2C389&ssl=1",389,389,true],"medium_large":["https:\/\/i0.wp.com\/www.joyana.fr\/wp-content\/uploads\/old\/OISEAU_BOUROULLEC_VITRA_EAMES24.jpg?fit=576%2C575&ssl=1",576,575,true],"large":["https:\/\/i0.wp.com\/www.joyana.fr\/wp-content\/uploads\/old\/OISEAU_BOUROULLEC_VITRA_EAMES24.jpg?fit=576%2C575&ssl=1",576,575,true],"1536x1536":["https:\/\/i0.wp.com\/www.joyana.fr\/wp-content\/uploads\/old\/OISEAU_BOUROULLEC_VITRA_EAMES24.jpg?fit=576%2C575&ssl=1",576,575,true],"2048x2048":["https:\/\/i0.wp.com\/www.joyana.fr\/wp-content\/uploads\/old\/OISEAU_BOUROULLEC_VITRA_EAMES24.jpg?fit=576%2C575&ssl=1",576,575,true],"featured-thumb":["https:\/\/i0.wp.com\/www.joyana.fr\/wp-content\/uploads\/old\/OISEAU_BOUROULLEC_VITRA_EAMES24.jpg?resize=576%2C575&ssl=1",576,575,true],"ab-block-post-grid-landscape":["https:\/\/i0.wp.com\/www.joyana.fr\/wp-content\/uploads\/old\/OISEAU_BOUROULLEC_VITRA_EAMES24.jpg?resize=576%2C400&ssl=1",576,400,true],"ab-block-post-grid-square":["https:\/\/i0.wp.com\/www.joyana.fr\/wp-content\/uploads\/old\/OISEAU_BOUROULLEC_VITRA_EAMES24.jpg?resize=576%2C575&ssl=1",576,575,true],"author-pro-image":["https:\/\/i0.wp.com\/www.joyana.fr\/wp-content\/uploads\/old\/OISEAU_BOUROULLEC_VITRA_EAMES24.jpg?resize=360%2C570&ssl=1",360,570,true],"slider":["https:\/\/i0.wp.com\/www.joyana.fr\/wp-content\/uploads\/old\/OISEAU_BOUROULLEC_VITRA_EAMES24.jpg?resize=576%2C400&ssl=1",576,400,true],"woocommerce_thumbnail":["https:\/\/i0.wp.com\/www.joyana.fr\/wp-content\/uploads\/old\/OISEAU_BOUROULLEC_VITRA_EAMES24.jpg?resize=450%2C450&ssl=1",450,450,true],"woocommerce_single":["https:\/\/i0.wp.com\/www.joyana.fr\/wp-content\/uploads\/old\/OISEAU_BOUROULLEC_VITRA_EAMES24.jpg?fit=576%2C575&ssl=1",576,575,true],"woocommerce_gallery_thumbnail":["https:\/\/i0.wp.com\/www.joyana.fr\/wp-content\/uploads\/old\/OISEAU_BOUROULLEC_VITRA_EAMES24.jpg?resize=180%2C180&ssl=1",180,180,true],"sow-carousel-default":["https:\/\/i0.wp.com\/www.joyana.fr\/wp-content\/uploads\/old\/OISEAU_BOUROULLEC_VITRA_EAMES24.jpg?resize=272%2C182&ssl=1",272,182,true]},"post_excerpt_stackable_v2":"<p>Les fr\u00e8res Bouroullec nous pr\u00e9sentent leur preview milanaise, et parmi les nouveaut\u00e9s annonc\u00e9es on pouvait d\u00e9couvrir l&#8217;OISEAU pour Vitra &#8211; un clin d&#8217;oeil au EAMES HOUSE BIRD&#8230; Enfin pas tout \u00e0 fait&#8230; Car pour la petite histoire le EAMES BIRD HOUSE n&#8217;est pas sign\u00e9 par Eames : Charles et Ray Eames enrichissaient le Collage de l\u2019Eames House par les nombreux objets qu\u2019ils rapportaient de leurs voyages. Au milieu du living on peut voir depuis plus de cinquante ans une sculpture d\u2019oiseau en bois noir sur le sol, qui est manifestement une pi\u00e8ce de Folk Art am\u00e9ricain ou encore Native Art,&hellip;<\/p>\n","category_list_v2":"<a href=\"https:\/\/www.joyana.fr\/en\/category\/deco-design\/decoration\/accessoires\/\" rel=\"category tag\">Accessoires<\/a>, <a href=\"https:\/\/www.joyana.fr\/en\/category\/deco-design\/\" rel=\"category tag\">DECO-DESIGN<\/a>, <a href=\"https:\/\/www.joyana.fr\/en\/category\/deco-design\/actualite\/salon\/milan-design-week\/\" rel=\"category tag\">Milan Design Week<\/a>, <a href=\"https:\/\/www.joyana.fr\/en\/category\/deco-design\/designer\/ronan-erwan-bouroullec\/\" rel=\"category tag\">Ronan &amp; Erwan BOUROULLEC<\/a>, <a href=\"https:\/\/www.joyana.fr\/en\/category\/deco-design\/mobilier\/sculpture\/\" rel=\"category tag\">Sculpture<\/a>","author_info_v2":{"name":"Jo Yana","url":"https:\/\/www.joyana.fr\/en\/author\/joyana\/"},"comments_num_v2":"23 comments","yoast_head":"<!-- This site is optimized with the Yoast SEO plugin v26.8 - https:\/\/yoast.com\/product\/yoast-seo-wordpress\/ -->\n<title>Les BOUROULLEC revisitent &quot;l&#039;OISEAU&quot; de EAMES - JO YANA<\/title>\n<meta name=\"robots\" content=\"index, follow, max-snippet:-1, max-image-preview:large, max-video-preview:-1\" \/>\n<link rel=\"canonical\" href=\"https:\/\/www.joyana.fr\/en\/bouroullec-revisitent-oiseau-eames-vitra-bird\/106288\/\" \/>\n<meta property=\"og:locale\" content=\"en_US\" \/>\n<meta property=\"og:locale:alternate\" content=\"fr_FR\" \/>\n<meta property=\"og:locale:alternate\" content=\"ja\" \/>\n<meta property=\"og:type\" content=\"article\" \/>\n<meta property=\"og:title\" content=\"Les BOUROULLEC revisitent &quot;l&#039;OISEAU&quot; de EAMES - JO YANA\" \/>\n<meta property=\"og:description\" content=\"Les fr\u00e8res Bouroullec nous pr\u00e9sentent leur preview milanaise, et parmi les nouveaut\u00e9s annonc\u00e9es on pouvait d\u00e9couvrir l&#8217;OISEAU pour Vitra &#8211; un clin d&#8217;oeil au EAMES HOUSE BIRD&#8230; Enfin pas tout \u00e0 fait&#8230; Car pour la petite histoire le EAMES BIRD HOUSE n&#8217;est pas sign\u00e9 par Eames : Charles et Ray Eames enrichissaient le Collage de [&hellip;]\" \/>\n<meta property=\"og:url\" content=\"https:\/\/www.joyana.fr\/en\/bouroullec-revisitent-oiseau-eames-vitra-bird\/106288\/\" \/>\n<meta property=\"og:site_name\" content=\"JO YANA\" \/>\n<meta property=\"article:published_time\" content=\"2011-03-30T06:26:21+00:00\" \/>\n<meta property=\"og:image\" content=\"https:\/\/www.joyana.fr\/wp-content\/uploads\/old\/OISEAU_BOUROULLEC_VITRA_EAMES24.jpg\" \/>\n\t<meta property=\"og:image:width\" content=\"576\" \/>\n\t<meta property=\"og:image:height\" content=\"575\" \/>\n\t<meta property=\"og:image:type\" content=\"image\/jpeg\" \/>\n<meta name=\"author\" content=\"Jo Yana\" \/>\n<meta name=\"twitter:card\" content=\"summary_large_image\" \/>\n<meta name=\"twitter:creator\" content=\"@Jo_Yana\" \/>\n<meta name=\"twitter:site\" content=\"@Jo_Yana\" \/>\n<meta name=\"twitter:label1\" content=\"Written by\" \/>\n\t<meta name=\"twitter:data1\" content=\"Jo Yana\" \/>\n\t<meta name=\"twitter:label2\" content=\"Est. reading time\" \/>\n\t<meta name=\"twitter:data2\" content=\"1 minute\" \/>\n<script type=\"application\/ld+json\" class=\"yoast-schema-graph\">{\"@context\":\"https:\/\/schema.org\",\"@graph\":[{\"@type\":\"Article\",\"@id\":\"https:\/\/www.joyana.fr\/en\/bouroullec-revisitent-oiseau-eames-vitra-bird\/106288\/#article\",\"isPartOf\":{\"@id\":\"https:\/\/www.joyana.fr\/en\/bouroullec-revisitent-oiseau-eames-vitra-bird\/106288\/\"},\"author\":{\"name\":\"Jo Yana\",\"@id\":\"https:\/\/joyana.fr\/#\/schema\/person\/cf2a1ad12a27c12c21801075bf37407c\"},\"headline\":\"Les BOUROULLEC revisitent &#8220;l&#8217;OISEAU&#8221; de EAMES\",\"datePublished\":\"2011-03-30T06:26:21+00:00\",\"mainEntityOfPage\":{\"@id\":\"https:\/\/www.joyana.fr\/en\/bouroullec-revisitent-oiseau-eames-vitra-bird\/106288\/\"},\"wordCount\":200,\"commentCount\":0,\"publisher\":{\"@id\":\"https:\/\/joyana.fr\/#\/schema\/person\/cf2a1ad12a27c12c21801075bf37407c\"},\"image\":{\"@id\":\"https:\/\/www.joyana.fr\/en\/bouroullec-revisitent-oiseau-eames-vitra-bird\/106288\/#primaryimage\"},\"thumbnailUrl\":\"https:\/\/i0.wp.com\/www.joyana.fr\/wp-content\/uploads\/old\/OISEAU_BOUROULLEC_VITRA_EAMES24.jpg?fit=576%2C575&ssl=1\",\"keywords\":[\"DESIGN\"],\"articleSection\":[\"Accessoires\",\"DECO-DESIGN\",\"Milan Design Week\",\"Ronan &amp; Erwan BOUROULLEC\",\"Sculpture\"],\"inLanguage\":\"en-US\",\"potentialAction\":[{\"@type\":\"CommentAction\",\"name\":\"Comment\",\"target\":[\"https:\/\/www.joyana.fr\/en\/bouroullec-revisitent-oiseau-eames-vitra-bird\/106288\/#respond\"]}]},{\"@type\":\"WebPage\",\"@id\":\"https:\/\/www.joyana.fr\/en\/bouroullec-revisitent-oiseau-eames-vitra-bird\/106288\/\",\"url\":\"https:\/\/www.joyana.fr\/en\/bouroullec-revisitent-oiseau-eames-vitra-bird\/106288\/\",\"name\":\"Les BOUROULLEC revisitent \\\"l'OISEAU\\\" de EAMES - JO YANA\",\"isPartOf\":{\"@id\":\"https:\/\/joyana.fr\/#website\"},\"primaryImageOfPage\":{\"@id\":\"https:\/\/www.joyana.fr\/en\/bouroullec-revisitent-oiseau-eames-vitra-bird\/106288\/#primaryimage\"},\"image\":{\"@id\":\"https:\/\/www.joyana.fr\/en\/bouroullec-revisitent-oiseau-eames-vitra-bird\/106288\/#primaryimage\"},\"thumbnailUrl\":\"https:\/\/i0.wp.com\/www.joyana.fr\/wp-content\/uploads\/old\/OISEAU_BOUROULLEC_VITRA_EAMES24.jpg?fit=576%2C575&ssl=1\",\"datePublished\":\"2011-03-30T06:26:21+00:00\",\"breadcrumb\":{\"@id\":\"https:\/\/www.joyana.fr\/en\/bouroullec-revisitent-oiseau-eames-vitra-bird\/106288\/#breadcrumb\"},\"inLanguage\":\"en-US\",\"potentialAction\":[{\"@type\":\"ReadAction\",\"target\":[\"https:\/\/www.joyana.fr\/en\/bouroullec-revisitent-oiseau-eames-vitra-bird\/106288\/\"]}]},{\"@type\":\"ImageObject\",\"inLanguage\":\"en-US\",\"@id\":\"https:\/\/www.joyana.fr\/en\/bouroullec-revisitent-oiseau-eames-vitra-bird\/106288\/#primaryimage\",\"url\":\"https:\/\/i0.wp.com\/www.joyana.fr\/wp-content\/uploads\/old\/OISEAU_BOUROULLEC_VITRA_EAMES24.jpg?fit=576%2C575&ssl=1\",\"contentUrl\":\"https:\/\/i0.wp.com\/www.joyana.fr\/wp-content\/uploads\/old\/OISEAU_BOUROULLEC_VITRA_EAMES24.jpg?fit=576%2C575&ssl=1\",\"width\":576,\"height\":575},{\"@type\":\"BreadcrumbList\",\"@id\":\"https:\/\/www.joyana.fr\/en\/bouroullec-revisitent-oiseau-eames-vitra-bird\/106288\/#breadcrumb\",\"itemListElement\":[{\"@type\":\"ListItem\",\"position\":1,\"name\":\"Accueil\",\"item\":\"https:\/\/joyana.fr\/\"},{\"@type\":\"ListItem\",\"position\":2,\"name\":\"Les BOUROULLEC revisitent &#8220;l&#8217;OISEAU&#8221; de EAMES\"}]},{\"@type\":\"WebSite\",\"@id\":\"https:\/\/joyana.fr\/#website\",\"url\":\"https:\/\/joyana.fr\/\",\"name\":\"JO YANA\",\"description\":\"Blog Mode Homme, Lifestyle, D\u00e9co-Design\",\"publisher\":{\"@id\":\"https:\/\/joyana.fr\/#\/schema\/person\/cf2a1ad12a27c12c21801075bf37407c\"},\"potentialAction\":[{\"@type\":\"SearchAction\",\"target\":{\"@type\":\"EntryPoint\",\"urlTemplate\":\"https:\/\/joyana.fr\/?s={search_term_string}\"},\"query-input\":{\"@type\":\"PropertyValueSpecification\",\"valueRequired\":true,\"valueName\":\"search_term_string\"}}],\"inLanguage\":\"en-US\"},{\"@type\":[\"Person\",\"Organization\"],\"@id\":\"https:\/\/joyana.fr\/#\/schema\/person\/cf2a1ad12a27c12c21801075bf37407c\",\"name\":\"Jo Yana\",\"image\":{\"@type\":\"ImageObject\",\"inLanguage\":\"en-US\",\"@id\":\"https:\/\/joyana.fr\/#\/schema\/person\/image\/\",\"url\":\"https:\/\/i0.wp.com\/www.joyana.fr\/wp-content\/uploads\/2016\/08\/cropped-joyana-logo-black-360x180.png?fit=343%2C164&ssl=1\",\"contentUrl\":\"https:\/\/i0.wp.com\/www.joyana.fr\/wp-content\/uploads\/2016\/08\/cropped-joyana-logo-black-360x180.png?fit=343%2C164&ssl=1\",\"width\":343,\"height\":164,\"caption\":\"Jo Yana\"},\"logo\":{\"@id\":\"https:\/\/joyana.fr\/#\/schema\/person\/image\/\"},\"description\":\"Jo Yana est le cr\u00e9ateur et r\u00e9dacteur en chef des sites DECO-DESIGN. Passionn\u00e9 de Design, Mode, Photo, Luxe, Lifestyle, Musique, mais avant tout Blogueur ! Le plaisir de partager l'anime et a comme devise \\\"POUR L'AMOUR DU BEAU\\\". Retrouvez le aussi sur son blog personnel - https:\/\/joyana.fr...\",\"sameAs\":[\"https:\/\/joyana.fr\/\"],\"url\":\"https:\/\/www.joyana.fr\/en\/author\/joyana\/\"}]}<\/script>\n<!-- \/ Yoast SEO plugin. -->","yoast_head_json":{"title":"Les BOUROULLEC revisitent \"l'OISEAU\" de EAMES - JO YANA","robots":{"index":"index","follow":"follow","max-snippet":"max-snippet:-1","max-image-preview":"max-image-preview:large","max-video-preview":"max-video-preview:-1"},"canonical":"https:\/\/www.joyana.fr\/en\/bouroullec-revisitent-oiseau-eames-vitra-bird\/106288\/","og_locale":"en_US","og_type":"article","og_title":"Les BOUROULLEC revisitent \"l'OISEAU\" de EAMES - JO YANA","og_description":"Les fr\u00e8res Bouroullec nous pr\u00e9sentent leur preview milanaise, et parmi les nouveaut\u00e9s annonc\u00e9es on pouvait d\u00e9couvrir l&#8217;OISEAU pour Vitra &#8211; un clin d&#8217;oeil au EAMES HOUSE BIRD&#8230; Enfin pas tout \u00e0 fait&#8230; Car pour la petite histoire le EAMES BIRD HOUSE n&#8217;est pas sign\u00e9 par Eames : Charles et Ray Eames enrichissaient le Collage de [&hellip;]","og_url":"https:\/\/www.joyana.fr\/en\/bouroullec-revisitent-oiseau-eames-vitra-bird\/106288\/","og_site_name":"JO YANA","article_published_time":"2011-03-30T06:26:21+00:00","og_image":[{"width":576,"height":575,"url":"https:\/\/www.joyana.fr\/wp-content\/uploads\/old\/OISEAU_BOUROULLEC_VITRA_EAMES24.jpg","type":"image\/jpeg"}],"author":"Jo Yana","twitter_card":"summary_large_image","twitter_creator":"@Jo_Yana","twitter_site":"@Jo_Yana","twitter_misc":{"Written by":"Jo Yana","Est. reading time":"1 minute"},"schema":{"@context":"https:\/\/schema.org","@graph":[{"@type":"Article","@id":"https:\/\/www.joyana.fr\/en\/bouroullec-revisitent-oiseau-eames-vitra-bird\/106288\/#article","isPartOf":{"@id":"https:\/\/www.joyana.fr\/en\/bouroullec-revisitent-oiseau-eames-vitra-bird\/106288\/"},"author":{"name":"Jo Yana","@id":"https:\/\/joyana.fr\/#\/schema\/person\/cf2a1ad12a27c12c21801075bf37407c"},"headline":"Les BOUROULLEC revisitent &#8220;l&#8217;OISEAU&#8221; de EAMES","datePublished":"2011-03-30T06:26:21+00:00","mainEntityOfPage":{"@id":"https:\/\/www.joyana.fr\/en\/bouroullec-revisitent-oiseau-eames-vitra-bird\/106288\/"},"wordCount":200,"commentCount":0,"publisher":{"@id":"https:\/\/joyana.fr\/#\/schema\/person\/cf2a1ad12a27c12c21801075bf37407c"},"image":{"@id":"https:\/\/www.joyana.fr\/en\/bouroullec-revisitent-oiseau-eames-vitra-bird\/106288\/#primaryimage"},"thumbnailUrl":"https:\/\/i0.wp.com\/www.joyana.fr\/wp-content\/uploads\/old\/OISEAU_BOUROULLEC_VITRA_EAMES24.jpg?fit=576%2C575&ssl=1","keywords":["DESIGN"],"articleSection":["Accessoires","DECO-DESIGN","Milan Design Week","Ronan &amp; Erwan BOUROULLEC","Sculpture"],"inLanguage":"en-US","potentialAction":[{"@type":"CommentAction","name":"Comment","target":["https:\/\/www.joyana.fr\/en\/bouroullec-revisitent-oiseau-eames-vitra-bird\/106288\/#respond"]}]},{"@type":"WebPage","@id":"https:\/\/www.joyana.fr\/en\/bouroullec-revisitent-oiseau-eames-vitra-bird\/106288\/","url":"https:\/\/www.joyana.fr\/en\/bouroullec-revisitent-oiseau-eames-vitra-bird\/106288\/","name":"Les BOUROULLEC revisitent \"l'OISEAU\" de EAMES - JO YANA","isPartOf":{"@id":"https:\/\/joyana.fr\/#website"},"primaryImageOfPage":{"@id":"https:\/\/www.joyana.fr\/en\/bouroullec-revisitent-oiseau-eames-vitra-bird\/106288\/#primaryimage"},"image":{"@id":"https:\/\/www.joyana.fr\/en\/bouroullec-revisitent-oiseau-eames-vitra-bird\/106288\/#primaryimage"},"thumbnailUrl":"https:\/\/i0.wp.com\/www.joyana.fr\/wp-content\/uploads\/old\/OISEAU_BOUROULLEC_VITRA_EAMES24.jpg?fit=576%2C575&ssl=1","datePublished":"2011-03-30T06:26:21+00:00","breadcrumb":{"@id":"https:\/\/www.joyana.fr\/en\/bouroullec-revisitent-oiseau-eames-vitra-bird\/106288\/#breadcrumb"},"inLanguage":"en-US","potentialAction":[{"@type":"ReadAction","target":["https:\/\/www.joyana.fr\/en\/bouroullec-revisitent-oiseau-eames-vitra-bird\/106288\/"]}]},{"@type":"ImageObject","inLanguage":"en-US","@id":"https:\/\/www.joyana.fr\/en\/bouroullec-revisitent-oiseau-eames-vitra-bird\/106288\/#primaryimage","url":"https:\/\/i0.wp.com\/www.joyana.fr\/wp-content\/uploads\/old\/OISEAU_BOUROULLEC_VITRA_EAMES24.jpg?fit=576%2C575&ssl=1","contentUrl":"https:\/\/i0.wp.com\/www.joyana.fr\/wp-content\/uploads\/old\/OISEAU_BOUROULLEC_VITRA_EAMES24.jpg?fit=576%2C575&ssl=1","width":576,"height":575},{"@type":"BreadcrumbList","@id":"https:\/\/www.joyana.fr\/en\/bouroullec-revisitent-oiseau-eames-vitra-bird\/106288\/#breadcrumb","itemListElement":[{"@type":"ListItem","position":1,"name":"Accueil","item":"https:\/\/joyana.fr\/"},{"@type":"ListItem","position":2,"name":"Les BOUROULLEC revisitent &#8220;l&#8217;OISEAU&#8221; de EAMES"}]},{"@type":"WebSite","@id":"https:\/\/joyana.fr\/#website","url":"https:\/\/joyana.fr\/","name":"JO YANA","description":"Blog Mode Homme, Lifestyle, D\u00e9co-Design","publisher":{"@id":"https:\/\/joyana.fr\/#\/schema\/person\/cf2a1ad12a27c12c21801075bf37407c"},"potentialAction":[{"@type":"SearchAction","target":{"@type":"EntryPoint","urlTemplate":"https:\/\/joyana.fr\/?s={search_term_string}"},"query-input":{"@type":"PropertyValueSpecification","valueRequired":true,"valueName":"search_term_string"}}],"inLanguage":"en-US"},{"@type":["Person","Organization"],"@id":"https:\/\/joyana.fr\/#\/schema\/person\/cf2a1ad12a27c12c21801075bf37407c","name":"Jo Yana","image":{"@type":"ImageObject","inLanguage":"en-US","@id":"https:\/\/joyana.fr\/#\/schema\/person\/image\/","url":"https:\/\/i0.wp.com\/www.joyana.fr\/wp-content\/uploads\/2016\/08\/cropped-joyana-logo-black-360x180.png?fit=343%2C164&ssl=1","contentUrl":"https:\/\/i0.wp.com\/www.joyana.fr\/wp-content\/uploads\/2016\/08\/cropped-joyana-logo-black-360x180.png?fit=343%2C164&ssl=1","width":343,"height":164,"caption":"Jo Yana"},"logo":{"@id":"https:\/\/joyana.fr\/#\/schema\/person\/image\/"},"description":"Jo Yana est le cr\u00e9ateur et r\u00e9dacteur en chef des sites DECO-DESIGN. Passionn\u00e9 de Design, Mode, Photo, Luxe, Lifestyle, Musique, mais avant tout Blogueur ! Le plaisir de partager l'anime et a comme devise \"POUR L'AMOUR DU BEAU\". Retrouvez le aussi sur son blog personnel - https:\/\/joyana.fr...","sameAs":["https:\/\/joyana.fr\/"],"url":"https:\/\/www.joyana.fr\/en\/author\/joyana\/"}]}},"author_meta":{"display_name":"Jo Yana","author_link":"https:\/\/www.joyana.fr\/en\/author\/joyana\/"},"featured_img":"https:\/\/i0.wp.com\/www.joyana.fr\/wp-content\/uploads\/old\/OISEAU_BOUROULLEC_VITRA_EAMES24.jpg?fit=389%2C389&ssl=1","featured_image_src":"https:\/\/i0.wp.com\/www.joyana.fr\/wp-content\/uploads\/old\/OISEAU_BOUROULLEC_VITRA_EAMES24.jpg?resize=576%2C400&ssl=1","featured_image_src_square":"https:\/\/i0.wp.com\/www.joyana.fr\/wp-content\/uploads\/old\/OISEAU_BOUROULLEC_VITRA_EAMES24.jpg?resize=576%2C575&ssl=1","jetpack_featured_media_url":"https:\/\/i0.wp.com\/www.joyana.fr\/wp-content\/uploads\/old\/OISEAU_BOUROULLEC_VITRA_EAMES24.jpg?fit=576%2C575&ssl=1","uagb_featured_image_src":{"full":["https:\/\/i0.wp.com\/www.joyana.fr\/wp-content\/uploads\/old\/OISEAU_BOUROULLEC_VITRA_EAMES24.jpg?fit=576%2C575&ssl=1",576,575,false],"thumbnail":["https:\/\/i0.wp.com\/www.joyana.fr\/wp-content\/uploads\/old\/OISEAU_BOUROULLEC_VITRA_EAMES24.jpg?resize=150%2C150&ssl=1",150,150,true],"medium":["https:\/\/i0.wp.com\/www.joyana.fr\/wp-content\/uploads\/old\/OISEAU_BOUROULLEC_VITRA_EAMES24.jpg?fit=389%2C389&ssl=1",389,389,true],"medium_large":["https:\/\/i0.wp.com\/www.joyana.fr\/wp-content\/uploads\/old\/OISEAU_BOUROULLEC_VITRA_EAMES24.jpg?fit=576%2C575&ssl=1",576,575,true],"large":["https:\/\/i0.wp.com\/www.joyana.fr\/wp-content\/uploads\/old\/OISEAU_BOUROULLEC_VITRA_EAMES24.jpg?fit=576%2C575&ssl=1",576,575,true],"1536x1536":["https:\/\/i0.wp.com\/www.joyana.fr\/wp-content\/uploads\/old\/OISEAU_BOUROULLEC_VITRA_EAMES24.jpg?fit=576%2C575&ssl=1",576,575,true],"2048x2048":["https:\/\/i0.wp.com\/www.joyana.fr\/wp-content\/uploads\/old\/OISEAU_BOUROULLEC_VITRA_EAMES24.jpg?fit=576%2C575&ssl=1",576,575,true],"featured-thumb":["https:\/\/i0.wp.com\/www.joyana.fr\/wp-content\/uploads\/old\/OISEAU_BOUROULLEC_VITRA_EAMES24.jpg?resize=576%2C575&ssl=1",576,575,true],"ab-block-post-grid-landscape":["https:\/\/i0.wp.com\/www.joyana.fr\/wp-content\/uploads\/old\/OISEAU_BOUROULLEC_VITRA_EAMES24.jpg?resize=576%2C400&ssl=1",576,400,true],"ab-block-post-grid-square":["https:\/\/i0.wp.com\/www.joyana.fr\/wp-content\/uploads\/old\/OISEAU_BOUROULLEC_VITRA_EAMES24.jpg?resize=576%2C575&ssl=1",576,575,true],"author-pro-image":["https:\/\/i0.wp.com\/www.joyana.fr\/wp-content\/uploads\/old\/OISEAU_BOUROULLEC_VITRA_EAMES24.jpg?resize=360%2C570&ssl=1",360,570,true],"slider":["https:\/\/i0.wp.com\/www.joyana.fr\/wp-content\/uploads\/old\/OISEAU_BOUROULLEC_VITRA_EAMES24.jpg?resize=576%2C400&ssl=1",576,400,true],"woocommerce_thumbnail":["https:\/\/i0.wp.com\/www.joyana.fr\/wp-content\/uploads\/old\/OISEAU_BOUROULLEC_VITRA_EAMES24.jpg?resize=450%2C450&ssl=1",450,450,true],"woocommerce_single":["https:\/\/i0.wp.com\/www.joyana.fr\/wp-content\/uploads\/old\/OISEAU_BOUROULLEC_VITRA_EAMES24.jpg?fit=576%2C575&ssl=1",576,575,true],"woocommerce_gallery_thumbnail":["https:\/\/i0.wp.com\/www.joyana.fr\/wp-content\/uploads\/old\/OISEAU_BOUROULLEC_VITRA_EAMES24.jpg?resize=180%2C180&ssl=1",180,180,true],"sow-carousel-default":["https:\/\/i0.wp.com\/www.joyana.fr\/wp-content\/uploads\/old\/OISEAU_BOUROULLEC_VITRA_EAMES24.jpg?resize=272%2C182&ssl=1",272,182,true]},"uagb_author_info":{"display_name":"Jo Yana","author_link":"https:\/\/www.joyana.fr\/en\/author\/joyana\/"},"uagb_comment_info":23,"uagb_excerpt":"Les fr\u00e8res Bouroullec nous pr\u00e9sentent leur preview milanaise, et parmi les nouveaut\u00e9s annonc\u00e9es on pouvait d\u00e9couvrir l&#8217;OISEAU pour Vitra &#8211; un clin d&#8217;oeil au EAMES HOUSE BIRD&#8230; Enfin pas tout \u00e0 fait&#8230; Car pour la petite histoire le EAMES BIRD HOUSE n&#8217;est pas sign\u00e9 par Eames : Charles et Ray Eames enrichissaient le Collage de&hellip;","coauthors":[],"tax_additional":{"categories":{"linked":["<a href=\"https:\/\/www.joyana.fr\/en\/category\/deco-design\/decoration\/accessoires\/\" class=\"advgb-post-tax-term\">Accessoires<\/a>","<a href=\"https:\/\/www.joyana.fr\/en\/category\/deco-design\/\" class=\"advgb-post-tax-term\">DECO-DESIGN<\/a>","<a href=\"https:\/\/www.joyana.fr\/en\/category\/deco-design\/actualite\/salon\/milan-design-week\/\" class=\"advgb-post-tax-term\">Milan Design Week<\/a>","<a href=\"https:\/\/www.joyana.fr\/en\/category\/deco-design\/designer\/ronan-erwan-bouroullec\/\" class=\"advgb-post-tax-term\">Ronan &amp; Erwan BOUROULLEC<\/a>","<a href=\"https:\/\/www.joyana.fr\/en\/category\/deco-design\/mobilier\/sculpture\/\" class=\"advgb-post-tax-term\">Sculpture<\/a>"],"unlinked":["<span class=\"advgb-post-tax-term\">Accessoires<\/span>","<span class=\"advgb-post-tax-term\">DECO-DESIGN<\/span>","<span class=\"advgb-post-tax-term\">Milan Design Week<\/span>","<span class=\"advgb-post-tax-term\">Ronan &amp; Erwan BOUROULLEC<\/span>","<span class=\"advgb-post-tax-term\">Sculpture<\/span>"]},"tags":{"linked":["<a href=\"https:\/\/www.joyana.fr\/en\/category\/deco-design\/mobilier\/sculpture\/\" class=\"advgb-post-tax-term\">DESIGN<\/a>"],"unlinked":["<span class=\"advgb-post-tax-term\">DESIGN<\/span>"]}},"comment_count":23,"relative_dates":{"created":"Posted 15 years ago","modified":"Updated 15 years ago"},"absolute_dates":{"created":"Posted on 30 March 2011","modified":"Updated on 30 March 2011"},"absolute_dates_time":{"created":"Posted on 30 March 2011 7:26","modified":"Updated on 30 March 2011 7:26"},"featured_img_caption":"","series_order":"","jetpack_sharing_enabled":true,"jetpack_shortlink":"https:\/\/wp.me\/p9bteI-rEk","jetpack-related-posts":[],"_links":{"self":[{"href":"https:\/\/www.joyana.fr\/en\/wp-json\/wp\/v2\/posts\/106288","targetHints":{"allow":["GET"]}}],"collection":[{"href":"https:\/\/www.joyana.fr\/en\/wp-json\/wp\/v2\/posts"}],"about":[{"href":"https:\/\/www.joyana.fr\/en\/wp-json\/wp\/v2\/types\/post"}],"author":[{"embeddable":true,"href":"https:\/\/www.joyana.fr\/en\/wp-json\/wp\/v2\/users\/3"}],"replies":[{"embeddable":true,"href":"https:\/\/www.joyana.fr\/en\/wp-json\/wp\/v2\/comments?post=106288"}],"version-history":[{"count":0,"href":"https:\/\/www.joyana.fr\/en\/wp-json\/wp\/v2\/posts\/106288\/revisions"}],"wp:featuredmedia":[{"embeddable":true,"href":"https:\/\/www.joyana.fr\/en\/wp-json\/wp\/v2\/media\/106290"}],"wp:attachment":[{"href":"https:\/\/www.joyana.fr\/en\/wp-json\/wp\/v2\/media?parent=106288"}],"wp:term":[{"taxonomy":"category","embeddable":true,"href":"https:\/\/www.joyana.fr\/en\/wp-json\/wp\/v2\/categories?post=106288"},{"taxonomy":"post_tag","embeddable":true,"href":"https:\/\/www.joyana.fr\/en\/wp-json\/wp\/v2\/tags?post=106288"}],"curies":[{"name":"wp","href":"https:\/\/api.w.org\/{rel}","templated":true}]}}