{"id":105799,"date":"2011-02-03T14:03:24","date_gmt":"2011-02-03T13:03:24","guid":{"rendered":"https:\/\/joyana.fr\/?p=5799"},"modified":"2011-02-03T14:03:24","modified_gmt":"2011-02-03T13:03:24","slug":"un-appartement-parisien-signe-tony-lemale","status":"publish","type":"post","link":"https:\/\/www.joyana.fr\/en\/un-appartement-parisien-signe-tony-lemale\/105799\/","title":{"rendered":"Un Appartement Parisien sign\u00e9 Tony LEM\u00c2LE"},"content":{"rendered":"<p>Le <strong>d\u00e9corateur d&#8217;int\u00e9rieur <a title=\"TONY LEM\u00c2LE\" href=\"https:\/\/joyana.fr\/tony-lemale-portrait-et-interview\/499\/\">Tony Lem\u00e2le<\/a> <\/strong>nous pr\u00e9sente en exclusivit\u00e9 une de ses derni\u00e8res r\u00e9alisations &#8211; un superbe <strong>appartement parisien<\/strong> de 150m2 &#8211; et nous donne son avis sur les <strong>tendances d\u00e9co 2011<\/strong>&#8230;<\/p>\n<p><img data-recalc-dims=\"1\" fetchpriority=\"high\" decoding=\"async\" data-attachment-id=\"5810\" data-permalink=\"https:\/\/www.joyana.fr\/en\/whos-next-ete-2013-vetements-accessoires-pour-homme\/5786\/whos-next_redcup_outfitters\/\" data-orig-file=\"https:\/\/i0.wp.com\/www.joyana.fr\/wp-content\/uploads\/2013\/07\/WHOS-NEXT_REDCUP_OUTFITTERS.jpg?fit=650%2C650&amp;ssl=1\" data-orig-size=\"650,650\" data-comments-opened=\"1\" data-image-meta=\"{&quot;aperture&quot;:&quot;0&quot;,&quot;credit&quot;:&quot;&quot;,&quot;camera&quot;:&quot;&quot;,&quot;caption&quot;:&quot;&quot;,&quot;created_timestamp&quot;:&quot;0&quot;,&quot;copyright&quot;:&quot;&quot;,&quot;focal_length&quot;:&quot;0&quot;,&quot;iso&quot;:&quot;0&quot;,&quot;shutter_speed&quot;:&quot;0&quot;,&quot;title&quot;:&quot;&quot;,&quot;orientation&quot;:&quot;1&quot;}\" data-image-title=\"WHO&#8217;S NEXT_REDCUP_OUTFITTERS\" data-image-description=\"\" data-image-caption=\"\" data-medium-file=\"https:\/\/i0.wp.com\/www.joyana.fr\/wp-content\/uploads\/2013\/07\/WHOS-NEXT_REDCUP_OUTFITTERS.jpg?fit=389%2C389&amp;ssl=1\" data-large-file=\"https:\/\/i0.wp.com\/www.joyana.fr\/wp-content\/uploads\/2013\/07\/WHOS-NEXT_REDCUP_OUTFITTERS.jpg?fit=650%2C650&amp;ssl=1\" class=\"alignnone size-full wp-image-5810\" title=\"Un Appartement Parisien sign\u00e9 Tony LEM\u00c2LE\" src=\"https:\/\/i0.wp.com\/joyana.fr\/wp-content\/uploads\/TONY_LEMALE_APPARTEMENT_47.jpg?resize=576%2C383&#038;ssl=1\" alt=\"\" width=\"576\" height=\"383\" \/><\/p>\n<h2 style=\"text-align: center;\">Interview TONY LEM\u00c2LE<\/h2>\n<p><span style=\"color: #dd2174;\"><a title=\"MAGAZINE DESIGN\" href=\"https:\/\/joyana.fr\/\"><strong>Deco-Design<\/strong><\/a> : Hello <strong>Tony Lem\u00e2le<\/strong>, parle nous de cet appartement (souhaits du client, difficult\u00e9s rencontr\u00e9es, transformations majeures)<\/span><\/p>\n<p><strong> Tony LEM\u00c2LE<\/strong> : <em>Bonjour \u00e0 tous les lecteurs de <a title=\"FORUM DECO\" href=\"http:\/\/deco-design.fr-bb.com\/\">Deco-Design<\/a>&#8230; Il s&#8217;agit ici d&#8217;un <strong>appartement parisien<\/strong> d&#8217;environ 150m2 ; le client a souhait\u00e9 faire appel \u00e0 nous pour le d\u00e9corer. C\u2019est un appartement qu\u2019il a achet\u00e9 quelques ann\u00e9es plus t\u00f4t mais pour lequel aucune d\u00e9coration n\u2019avait r\u00e9ellement \u00e9tait faite. Le volume du s\u00e9jour est tr\u00e8s int\u00e9ressant mais on peut vite se sentir perdu dans l\u2019espace tant la verri\u00e8re est imposante. L\u2019id\u00e9e \u00e9tait vraiment de lui cr\u00e9er un espace pour lui et sa famille, un vrai &#8220;cocoon&#8221;. Les occupants travaillent beaucoup et ils ont besoin d\u2019avoir un lieu \u00e0 eux. Tr\u00e8s personnel. La pi\u00e8ce ma\u00eetresse que sont l\u2019ensemble des photographies, est un travail que nous avons fait en collaboration avec Pierre Alivon. Nous avons mix\u00e9 ses propres prises de vues avec des photos des clients. Le mur devient \u0153uvre&#8230;<\/em><\/p>\n<p><img data-recalc-dims=\"1\" decoding=\"async\" data-attachment-id=\"5805\" data-permalink=\"https:\/\/www.joyana.fr\/en\/whos-next-ete-2013-vetements-accessoires-pour-homme\/5786\/whos-next_malph_2\/\" data-orig-file=\"https:\/\/i0.wp.com\/www.joyana.fr\/wp-content\/uploads\/2013\/07\/WHOS-NEXT_MALPH_2.jpg?fit=650%2C650&amp;ssl=1\" data-orig-size=\"650,650\" data-comments-opened=\"1\" data-image-meta=\"{&quot;aperture&quot;:&quot;0&quot;,&quot;credit&quot;:&quot;&quot;,&quot;camera&quot;:&quot;&quot;,&quot;caption&quot;:&quot;&quot;,&quot;created_timestamp&quot;:&quot;0&quot;,&quot;copyright&quot;:&quot;&quot;,&quot;focal_length&quot;:&quot;0&quot;,&quot;iso&quot;:&quot;0&quot;,&quot;shutter_speed&quot;:&quot;0&quot;,&quot;title&quot;:&quot;&quot;,&quot;orientation&quot;:&quot;1&quot;}\" data-image-title=\"WHO&#8217;S NEXT_MALPH_2\" data-image-description=\"\" data-image-caption=\"\" data-medium-file=\"https:\/\/i0.wp.com\/www.joyana.fr\/wp-content\/uploads\/2013\/07\/WHOS-NEXT_MALPH_2.jpg?fit=389%2C389&amp;ssl=1\" data-large-file=\"https:\/\/i0.wp.com\/www.joyana.fr\/wp-content\/uploads\/2013\/07\/WHOS-NEXT_MALPH_2.jpg?fit=650%2C650&amp;ssl=1\" class=\"alignnone size-full wp-image-5805\" title=\"Un Appartement Parisien sign\u00e9 Tony LEM\u00c2LE\" src=\"https:\/\/i0.wp.com\/joyana.fr\/wp-content\/uploads\/TONY_LEMALE_APPARTEMENT_13.jpg?resize=576%2C383&#038;ssl=1\" alt=\"\" width=\"576\" height=\"383\" \/><\/p>\n<pre style=\"text-align: center;\">Coup de coeur de l'\u00e9quipe pour le luminaire <a href=\"http:\/\/ad.zanox.com\/ppc\/?12733943C479149178T\">TRIFLUO chez Artemide<\/a><\/pre>\n<p><img data-recalc-dims=\"1\" decoding=\"async\" data-attachment-id=\"5804\" data-permalink=\"https:\/\/www.joyana.fr\/en\/whos-next-ete-2013-vetements-accessoires-pour-homme\/5786\/whos-next_faguo\/\" data-orig-file=\"https:\/\/i0.wp.com\/www.joyana.fr\/wp-content\/uploads\/2013\/07\/WHOS-NEXT_FAGUO.jpg?fit=650%2C650&amp;ssl=1\" data-orig-size=\"650,650\" data-comments-opened=\"1\" data-image-meta=\"{&quot;aperture&quot;:&quot;0&quot;,&quot;credit&quot;:&quot;&quot;,&quot;camera&quot;:&quot;&quot;,&quot;caption&quot;:&quot;&quot;,&quot;created_timestamp&quot;:&quot;0&quot;,&quot;copyright&quot;:&quot;&quot;,&quot;focal_length&quot;:&quot;0&quot;,&quot;iso&quot;:&quot;0&quot;,&quot;shutter_speed&quot;:&quot;0&quot;,&quot;title&quot;:&quot;&quot;,&quot;orientation&quot;:&quot;1&quot;}\" data-image-title=\"WHO&#8217;S NEXT_FAGUO\" data-image-description=\"\" data-image-caption=\"\" data-medium-file=\"https:\/\/i0.wp.com\/www.joyana.fr\/wp-content\/uploads\/2013\/07\/WHOS-NEXT_FAGUO.jpg?fit=389%2C389&amp;ssl=1\" data-large-file=\"https:\/\/i0.wp.com\/www.joyana.fr\/wp-content\/uploads\/2013\/07\/WHOS-NEXT_FAGUO.jpg?fit=650%2C650&amp;ssl=1\" class=\"alignnone size-full wp-image-5804\" title=\"Un Appartement Parisien sign\u00e9 Tony LEM\u00c2LE\" src=\"https:\/\/i0.wp.com\/joyana.fr\/wp-content\/uploads\/TONY_LEMALE_APPARTEMENT_9.jpg?resize=576%2C867&#038;ssl=1\" alt=\"\" width=\"576\" height=\"867\" \/><\/p>\n<p><span style=\"color: #dd2174;\">&#8211; Sur <a title=\"MAISON ET OBJET\" href=\"https:\/\/joyana.fr\/category\/actualite\/salon\/maison-et-objet\/\">Maison&#038;Objet<\/a> nous avons souvent entendu le mot TENDANCE. Quelles sont justement tes tendances pour 2011 ???<\/span><\/p>\n<p>&#8211; <em>Le mot tendance est utilis\u00e9 pour exprimer beaucoup de choses. La d\u00e9coration et l\u2019architecture sont des univers trop complexes pour suivre scrupuleusement la tendance. Ce que l\u2019on peut dire c\u2019est qu\u2019il y a bien une mutation importante de nos int\u00e9rieurs vers des univers plus techniques, technologiques et surtout \u00e9cologique.<\/em><\/p>\n<p><span style=\"color: #dd2174;\">&#8211; La couleur, et le ou les mat\u00e9riaux de 2011 d&#8217;apr\u00e8s toi ???<\/span><\/p>\n<p><em>&#8211; Ce qui ressort de nos observations c\u2019est que le bleu marine est toujours bien pr\u00e9sent ainsi que l\u2019ensemble de ces d\u00e9riv\u00e9s que sont les verts bleut\u00e9s et bleus tirant vers le vert (touche de jaune).<\/em><\/p>\n<p><span style=\"color: #dd2174;\">&#8211; Il y a eu le Sticker, le retour du papier peint, qu&#8217;est ce qui arrive bientot qui va envahir l&#8217;int\u00e9rieur des fran\u00e7ais ???<\/span><\/p>\n<p>&#8211; <em>Trop facile comme question : le dessin et tout ce qu\u2019il repr\u00e9sente jusqu\u2019au pochoir !!!<\/em><\/p>\n<p><span style=\"color: #dd2174;\">&#8211; Penses tu que des \u00e9missions comme D&#038;CO qui ont une audience consid\u00e9rable peuvent avoir une influence sur les tendances ?? Val\u00e9rie Damidot ne fait elle pas malgr\u00e9 elle la pluie et le beau temps dans la d\u00e9co en France ???<\/span><\/p>\n<p>&#8211; <em>Cette \u00e9mission exprime ce qu\u2019elle pense \u00eatre les tendances, elle ne les cr\u00e9e pas, comme aucun d\u2019entre nous d&#8217;ailleurs. La tendance : nous nous l\u2019approprions, nous la r\u00e9interpr\u00e9tons, c\u2019est ce que nous pouvons faire de mieux. La tendance c\u2019est nous tous qui la cr\u00e9ons pas nos gestes et envies au quotidien.<\/em>..<\/p>\n<p><span style=\"color: #dd2174;\">&#8211; Encore merci Tony pour toutes ces pr\u00e9cisions&#8230;<\/span><\/p>\n<p><img data-recalc-dims=\"1\" loading=\"lazy\" decoding=\"async\" data-attachment-id=\"5807\" data-permalink=\"https:\/\/www.joyana.fr\/en\/whos-next-ete-2013-vetements-accessoires-pour-homme\/5786\/whos-next_mrmellow_yellow\/\" data-orig-file=\"https:\/\/i0.wp.com\/www.joyana.fr\/wp-content\/uploads\/2013\/07\/WHOS-NEXT_MRMELLOW_YELLOW.jpg?fit=650%2C650&amp;ssl=1\" data-orig-size=\"650,650\" data-comments-opened=\"1\" data-image-meta=\"{&quot;aperture&quot;:&quot;0&quot;,&quot;credit&quot;:&quot;&quot;,&quot;camera&quot;:&quot;&quot;,&quot;caption&quot;:&quot;&quot;,&quot;created_timestamp&quot;:&quot;0&quot;,&quot;copyright&quot;:&quot;&quot;,&quot;focal_length&quot;:&quot;0&quot;,&quot;iso&quot;:&quot;0&quot;,&quot;shutter_speed&quot;:&quot;0&quot;,&quot;title&quot;:&quot;&quot;,&quot;orientation&quot;:&quot;1&quot;}\" data-image-title=\"WHO&#8217;S NEXT_MRMELLOW_YELLOW\" data-image-description=\"\" data-image-caption=\"\" data-medium-file=\"https:\/\/i0.wp.com\/www.joyana.fr\/wp-content\/uploads\/2013\/07\/WHOS-NEXT_MRMELLOW_YELLOW.jpg?fit=389%2C389&amp;ssl=1\" data-large-file=\"https:\/\/i0.wp.com\/www.joyana.fr\/wp-content\/uploads\/2013\/07\/WHOS-NEXT_MRMELLOW_YELLOW.jpg?fit=650%2C650&amp;ssl=1\" class=\"alignnone size-full wp-image-5807\" title=\"Un Appartement Parisien sign\u00e9 Tony LEM\u00c2LE\" src=\"https:\/\/i0.wp.com\/joyana.fr\/wp-content\/uploads\/TONY_LEMALE_APPARTEMENT_31.jpg?resize=576%2C383&#038;ssl=1\" alt=\"\" width=\"576\" height=\"383\" \/><\/p>\n<p><img data-recalc-dims=\"1\" loading=\"lazy\" decoding=\"async\" data-attachment-id=\"5808\" data-permalink=\"https:\/\/www.joyana.fr\/en\/whos-next-ete-2013-vetements-accessoires-pour-homme\/5786\/whos-next_people_for_peace\/\" data-orig-file=\"https:\/\/i0.wp.com\/www.joyana.fr\/wp-content\/uploads\/2013\/07\/WHOS-NEXT_PEOPLE_FOR_PEACE.jpg?fit=650%2C650&amp;ssl=1\" data-orig-size=\"650,650\" data-comments-opened=\"1\" data-image-meta=\"{&quot;aperture&quot;:&quot;0&quot;,&quot;credit&quot;:&quot;&quot;,&quot;camera&quot;:&quot;&quot;,&quot;caption&quot;:&quot;&quot;,&quot;created_timestamp&quot;:&quot;0&quot;,&quot;copyright&quot;:&quot;&quot;,&quot;focal_length&quot;:&quot;0&quot;,&quot;iso&quot;:&quot;0&quot;,&quot;shutter_speed&quot;:&quot;0&quot;,&quot;title&quot;:&quot;&quot;,&quot;orientation&quot;:&quot;1&quot;}\" data-image-title=\"WHO&#8217;S NEXT_PEOPLE_FOR_PEACE\" data-image-description=\"\" data-image-caption=\"\" data-medium-file=\"https:\/\/i0.wp.com\/www.joyana.fr\/wp-content\/uploads\/2013\/07\/WHOS-NEXT_PEOPLE_FOR_PEACE.jpg?fit=389%2C389&amp;ssl=1\" data-large-file=\"https:\/\/i0.wp.com\/www.joyana.fr\/wp-content\/uploads\/2013\/07\/WHOS-NEXT_PEOPLE_FOR_PEACE.jpg?fit=650%2C650&amp;ssl=1\" class=\"alignnone size-full wp-image-5808\" title=\"Un Appartement Parisien sign\u00e9 Tony LEM\u00c2LE\" src=\"https:\/\/i0.wp.com\/joyana.fr\/wp-content\/uploads\/TONY_LEMALE_APPARTEMENT_36.jpg?resize=576%2C867&#038;ssl=1\" alt=\"\" width=\"576\" height=\"867\" \/><\/p>\n<p><img data-recalc-dims=\"1\" loading=\"lazy\" decoding=\"async\" data-attachment-id=\"5809\" data-permalink=\"https:\/\/www.joyana.fr\/en\/whos-next-ete-2013-vetements-accessoires-pour-homme\/5786\/whos-next_pethidine-in-pearl\/\" data-orig-file=\"https:\/\/i0.wp.com\/www.joyana.fr\/wp-content\/uploads\/2013\/07\/WHOS-NEXT_PETHIDINE-IN-PEARL.jpg?fit=650%2C650&amp;ssl=1\" data-orig-size=\"650,650\" data-comments-opened=\"1\" data-image-meta=\"{&quot;aperture&quot;:&quot;0&quot;,&quot;credit&quot;:&quot;&quot;,&quot;camera&quot;:&quot;&quot;,&quot;caption&quot;:&quot;&quot;,&quot;created_timestamp&quot;:&quot;0&quot;,&quot;copyright&quot;:&quot;&quot;,&quot;focal_length&quot;:&quot;0&quot;,&quot;iso&quot;:&quot;0&quot;,&quot;shutter_speed&quot;:&quot;0&quot;,&quot;title&quot;:&quot;&quot;,&quot;orientation&quot;:&quot;1&quot;}\" data-image-title=\"WHO&#8217;S NEXT_PETHIDINE IN PEARL\" data-image-description=\"\" data-image-caption=\"\" data-medium-file=\"https:\/\/i0.wp.com\/www.joyana.fr\/wp-content\/uploads\/2013\/07\/WHOS-NEXT_PETHIDINE-IN-PEARL.jpg?fit=389%2C389&amp;ssl=1\" data-large-file=\"https:\/\/i0.wp.com\/www.joyana.fr\/wp-content\/uploads\/2013\/07\/WHOS-NEXT_PETHIDINE-IN-PEARL.jpg?fit=650%2C650&amp;ssl=1\" class=\"alignnone size-full wp-image-5809\" title=\"Un Appartement Parisien sign\u00e9 Tony LEM\u00c2LE\" src=\"https:\/\/i0.wp.com\/joyana.fr\/wp-content\/uploads\/TONY_LEMALE_APPARTEMENT_40.jpg?resize=576%2C867&#038;ssl=1\" alt=\"\" width=\"576\" height=\"867\" \/><\/p>\n<p><img data-recalc-dims=\"1\" loading=\"lazy\" decoding=\"async\" data-attachment-id=\"5802\" data-permalink=\"https:\/\/www.joyana.fr\/en\/whos-next-ete-2013-vetements-accessoires-pour-homme\/5786\/whos-next_faguo_3\/\" data-orig-file=\"https:\/\/i0.wp.com\/www.joyana.fr\/wp-content\/uploads\/2013\/07\/WHOS-NEXT_FAGUO_3.jpg?fit=650%2C650&amp;ssl=1\" data-orig-size=\"650,650\" data-comments-opened=\"1\" data-image-meta=\"{&quot;aperture&quot;:&quot;0&quot;,&quot;credit&quot;:&quot;&quot;,&quot;camera&quot;:&quot;&quot;,&quot;caption&quot;:&quot;&quot;,&quot;created_timestamp&quot;:&quot;0&quot;,&quot;copyright&quot;:&quot;&quot;,&quot;focal_length&quot;:&quot;0&quot;,&quot;iso&quot;:&quot;0&quot;,&quot;shutter_speed&quot;:&quot;0&quot;,&quot;title&quot;:&quot;&quot;,&quot;orientation&quot;:&quot;1&quot;}\" data-image-title=\"WHO&#8217;S NEXT_FAGUO_3\" data-image-description=\"\" data-image-caption=\"\" data-medium-file=\"https:\/\/i0.wp.com\/www.joyana.fr\/wp-content\/uploads\/2013\/07\/WHOS-NEXT_FAGUO_3.jpg?fit=389%2C389&amp;ssl=1\" data-large-file=\"https:\/\/i0.wp.com\/www.joyana.fr\/wp-content\/uploads\/2013\/07\/WHOS-NEXT_FAGUO_3.jpg?fit=650%2C650&amp;ssl=1\" class=\"alignnone size-full wp-image-5802\" title=\"Un Appartement Parisien sign\u00e9 Tony LEM\u00c2LE\" src=\"https:\/\/i0.wp.com\/joyana.fr\/wp-content\/uploads\/TONY_LEMALE_APPARTEMENT_6.jpg?resize=576%2C867&#038;ssl=1\" alt=\"\" width=\"576\" height=\"867\" \/><\/p>\n<p><img data-recalc-dims=\"1\" loading=\"lazy\" decoding=\"async\" data-attachment-id=\"5803\" data-permalink=\"https:\/\/www.joyana.fr\/en\/whos-next-ete-2013-vetements-accessoires-pour-homme\/5786\/whos-next_faguo_4\/\" data-orig-file=\"https:\/\/i0.wp.com\/www.joyana.fr\/wp-content\/uploads\/2013\/07\/WHOS-NEXT_FAGUO_4.jpg?fit=650%2C650&amp;ssl=1\" data-orig-size=\"650,650\" data-comments-opened=\"1\" data-image-meta=\"{&quot;aperture&quot;:&quot;0&quot;,&quot;credit&quot;:&quot;&quot;,&quot;camera&quot;:&quot;&quot;,&quot;caption&quot;:&quot;&quot;,&quot;created_timestamp&quot;:&quot;0&quot;,&quot;copyright&quot;:&quot;&quot;,&quot;focal_length&quot;:&quot;0&quot;,&quot;iso&quot;:&quot;0&quot;,&quot;shutter_speed&quot;:&quot;0&quot;,&quot;title&quot;:&quot;&quot;,&quot;orientation&quot;:&quot;1&quot;}\" data-image-title=\"WHO&#8217;S NEXT_FAGUO_4\" data-image-description=\"\" data-image-caption=\"\" data-medium-file=\"https:\/\/i0.wp.com\/www.joyana.fr\/wp-content\/uploads\/2013\/07\/WHOS-NEXT_FAGUO_4.jpg?fit=389%2C389&amp;ssl=1\" data-large-file=\"https:\/\/i0.wp.com\/www.joyana.fr\/wp-content\/uploads\/2013\/07\/WHOS-NEXT_FAGUO_4.jpg?fit=650%2C650&amp;ssl=1\" class=\"alignnone size-full wp-image-5803\" title=\"Un Appartement Parisien sign\u00e9 Tony LEM\u00c2LE\" src=\"https:\/\/i0.wp.com\/joyana.fr\/wp-content\/uploads\/TONY_LEMALE_APPARTEMENT_7.jpg?resize=576%2C867&#038;ssl=1\" alt=\"\" width=\"576\" height=\"867\" \/><\/p>\n<p><img data-recalc-dims=\"1\" loading=\"lazy\" decoding=\"async\" data-attachment-id=\"5800\" data-permalink=\"https:\/\/www.joyana.fr\/en\/whos-next-ete-2013-vetements-accessoires-pour-homme\/5786\/whos-next_europann\/\" data-orig-file=\"https:\/\/i0.wp.com\/www.joyana.fr\/wp-content\/uploads\/2013\/07\/WHOS-NEXT_EUROPANN.jpg?fit=650%2C650&amp;ssl=1\" data-orig-size=\"650,650\" data-comments-opened=\"1\" data-image-meta=\"{&quot;aperture&quot;:&quot;0&quot;,&quot;credit&quot;:&quot;&quot;,&quot;camera&quot;:&quot;&quot;,&quot;caption&quot;:&quot;&quot;,&quot;created_timestamp&quot;:&quot;0&quot;,&quot;copyright&quot;:&quot;&quot;,&quot;focal_length&quot;:&quot;0&quot;,&quot;iso&quot;:&quot;0&quot;,&quot;shutter_speed&quot;:&quot;0&quot;,&quot;title&quot;:&quot;&quot;,&quot;orientation&quot;:&quot;1&quot;}\" data-image-title=\"WHO&#8217;S NEXT_EUROPANN\" data-image-description=\"\" data-image-caption=\"\" data-medium-file=\"https:\/\/i0.wp.com\/www.joyana.fr\/wp-content\/uploads\/2013\/07\/WHOS-NEXT_EUROPANN.jpg?fit=389%2C389&amp;ssl=1\" data-large-file=\"https:\/\/i0.wp.com\/www.joyana.fr\/wp-content\/uploads\/2013\/07\/WHOS-NEXT_EUROPANN.jpg?fit=650%2C650&amp;ssl=1\" class=\"alignnone size-full wp-image-5800\" title=\"Un Appartement Parisien sign\u00e9 Tony LEM\u00c2LE\" src=\"https:\/\/i0.wp.com\/joyana.fr\/wp-content\/uploads\/TONY_LEMALE_APPARTEMENT_0.jpg?resize=576%2C383&#038;ssl=1\" alt=\"\" width=\"576\" height=\"383\" \/><\/p>\n<p><img data-recalc-dims=\"1\" loading=\"lazy\" decoding=\"async\" data-attachment-id=\"5801\" data-permalink=\"https:\/\/www.joyana.fr\/en\/whos-next-ete-2013-vetements-accessoires-pour-homme\/5786\/whos-next_faguo_2\/\" data-orig-file=\"https:\/\/i0.wp.com\/www.joyana.fr\/wp-content\/uploads\/2013\/07\/WHOS-NEXT_FAGUO_2.jpg?fit=650%2C650&amp;ssl=1\" data-orig-size=\"650,650\" data-comments-opened=\"1\" data-image-meta=\"{&quot;aperture&quot;:&quot;0&quot;,&quot;credit&quot;:&quot;&quot;,&quot;camera&quot;:&quot;&quot;,&quot;caption&quot;:&quot;&quot;,&quot;created_timestamp&quot;:&quot;0&quot;,&quot;copyright&quot;:&quot;&quot;,&quot;focal_length&quot;:&quot;0&quot;,&quot;iso&quot;:&quot;0&quot;,&quot;shutter_speed&quot;:&quot;0&quot;,&quot;title&quot;:&quot;&quot;,&quot;orientation&quot;:&quot;1&quot;}\" data-image-title=\"WHO&#8217;S NEXT_FAGUO_2\" data-image-description=\"\" data-image-caption=\"\" data-medium-file=\"https:\/\/i0.wp.com\/www.joyana.fr\/wp-content\/uploads\/2013\/07\/WHOS-NEXT_FAGUO_2.jpg?fit=389%2C389&amp;ssl=1\" data-large-file=\"https:\/\/i0.wp.com\/www.joyana.fr\/wp-content\/uploads\/2013\/07\/WHOS-NEXT_FAGUO_2.jpg?fit=650%2C650&amp;ssl=1\" class=\"alignnone size-full wp-image-5801\" title=\"Un Appartement Parisien sign\u00e9 Tony LEM\u00c2LE\" src=\"https:\/\/i0.wp.com\/joyana.fr\/wp-content\/uploads\/TONY_LEMALE_APPARTEMENT_02.jpg?resize=576%2C867&#038;ssl=1\" alt=\"\" width=\"576\" height=\"867\" \/><\/p>\n<p><img data-recalc-dims=\"1\" loading=\"lazy\" decoding=\"async\" data-attachment-id=\"5811\" data-permalink=\"https:\/\/www.joyana.fr\/en\/whos-next-ete-2013-vetements-accessoires-pour-homme\/5786\/whos-next_swear_2\/\" data-orig-file=\"https:\/\/i0.wp.com\/www.joyana.fr\/wp-content\/uploads\/2013\/07\/WHOS-NEXT_SWEAR_2.jpg?fit=650%2C650&amp;ssl=1\" data-orig-size=\"650,650\" data-comments-opened=\"1\" data-image-meta=\"{&quot;aperture&quot;:&quot;0&quot;,&quot;credit&quot;:&quot;&quot;,&quot;camera&quot;:&quot;&quot;,&quot;caption&quot;:&quot;&quot;,&quot;created_timestamp&quot;:&quot;0&quot;,&quot;copyright&quot;:&quot;&quot;,&quot;focal_length&quot;:&quot;0&quot;,&quot;iso&quot;:&quot;0&quot;,&quot;shutter_speed&quot;:&quot;0&quot;,&quot;title&quot;:&quot;&quot;,&quot;orientation&quot;:&quot;1&quot;}\" data-image-title=\"WHO&#8217;S NEXT_SWEAR_2\" data-image-description=\"\" data-image-caption=\"\" data-medium-file=\"https:\/\/i0.wp.com\/www.joyana.fr\/wp-content\/uploads\/2013\/07\/WHOS-NEXT_SWEAR_2.jpg?fit=389%2C389&amp;ssl=1\" data-large-file=\"https:\/\/i0.wp.com\/www.joyana.fr\/wp-content\/uploads\/2013\/07\/WHOS-NEXT_SWEAR_2.jpg?fit=650%2C650&amp;ssl=1\" class=\"alignnone size-full wp-image-5811\" title=\"Un Appartement Parisien sign\u00e9 Tony LEM\u00c2LE\" src=\"https:\/\/i0.wp.com\/joyana.fr\/wp-content\/uploads\/TONY_LEMALE_APPARTEMENT_48.jpg?resize=576%2C383&#038;ssl=1\" alt=\"\" width=\"576\" height=\"383\" \/><\/p>\n<p><img data-recalc-dims=\"1\" loading=\"lazy\" decoding=\"async\" data-attachment-id=\"5812\" data-permalink=\"https:\/\/www.joyana.fr\/en\/whos-next-ete-2013-vetements-accessoires-pour-homme\/5786\/whos-next_swear\/\" data-orig-file=\"https:\/\/i0.wp.com\/www.joyana.fr\/wp-content\/uploads\/2013\/07\/WHOS-NEXT_SWEAR.jpg?fit=650%2C650&amp;ssl=1\" data-orig-size=\"650,650\" data-comments-opened=\"1\" data-image-meta=\"{&quot;aperture&quot;:&quot;0&quot;,&quot;credit&quot;:&quot;&quot;,&quot;camera&quot;:&quot;&quot;,&quot;caption&quot;:&quot;&quot;,&quot;created_timestamp&quot;:&quot;0&quot;,&quot;copyright&quot;:&quot;&quot;,&quot;focal_length&quot;:&quot;0&quot;,&quot;iso&quot;:&quot;0&quot;,&quot;shutter_speed&quot;:&quot;0&quot;,&quot;title&quot;:&quot;&quot;,&quot;orientation&quot;:&quot;1&quot;}\" data-image-title=\"WHO&#8217;S NEXT_SWEAR\" data-image-description=\"\" data-image-caption=\"\" data-medium-file=\"https:\/\/i0.wp.com\/www.joyana.fr\/wp-content\/uploads\/2013\/07\/WHOS-NEXT_SWEAR.jpg?fit=389%2C389&amp;ssl=1\" data-large-file=\"https:\/\/i0.wp.com\/www.joyana.fr\/wp-content\/uploads\/2013\/07\/WHOS-NEXT_SWEAR.jpg?fit=650%2C650&amp;ssl=1\" class=\"alignnone size-full wp-image-5812\" title=\"APPARTEMENT TONY LEMALE PARIS\" src=\"https:\/\/i0.wp.com\/joyana.fr\/wp-content\/uploads\/APPARTEMENT-TONY-LEMALE-PARIS.jpg?resize=576%2C383&#038;ssl=1\" alt=\"\" width=\"576\" height=\"383\" \/><\/p>\n<p>Cr\u00e9dits photos : <a href=\"http:\/\/www.stephane-hubert.com\">St\u00e9phane HUBERT<\/a><\/p>\n<p>En savoir + sur <a title=\"TONY LEM\u00c2LE\" href=\"http:\/\/www.agencetonylemale.fr\/\"><strong>Tony LEM\u00c2LE<\/strong><\/a><\/p>\n","protected":false},"excerpt":{"rendered":"<p>Le d\u00e9corateur d&#8217;int\u00e9rieur Tony Lem\u00e2le nous pr\u00e9sente en exclusivit\u00e9 une de ses derni\u00e8res r\u00e9alisations &#8211; un superbe appartement parisien de 150m2 &#8211; et nous donne son avis sur les tendances d\u00e9co 2011&#8230; Interview TONY LEM\u00c2LE Deco-Design : Hello Tony Lem\u00e2le, parle nous de cet appartement (souhaits du client, difficult\u00e9s rencontr\u00e9es, transformations majeures) Tony LEM\u00c2LE : [&hellip;]<\/p>\n","protected":false},"author":3,"featured_media":105810,"comment_status":"open","ping_status":"open","sticky":false,"template":"","format":"standard","meta":{"_coblocks_attr":"","_coblocks_dimensions":"","_coblocks_responsive_height":"","_coblocks_accordion_ie_support":"","_uag_custom_page_level_css":"","advgb_blocks_editor_width":"","advgb_blocks_columns_visual_guide":"","_genesis_hide_title":false,"_genesis_hide_breadcrumbs":false,"_genesis_hide_singular_image":false,"_genesis_hide_footer_widgets":false,"_genesis_custom_body_class":"","_genesis_custom_post_class":"","_genesis_layout":"","_themeisle_gutenberg_block_has_review":false,"_jetpack_newsletter_access":"","_jetpack_dont_email_post_to_subs":false,"_jetpack_newsletter_tier_id":0,"_jetpack_memberships_contains_paywalled_content":false,"_jetpack_memberships_contains_paid_content":false,"footnotes":""},"categories":[1026,905,1039],"tags":[12,1048],"class_list":{"0":"post-105799","1":"post","2":"type-post","3":"status-publish","4":"format-standard","5":"has-post-thumbnail","7":"category-appartement","8":"category-deco-design","9":"category-france","10":"tag-paris","11":"tag-relooking","12":"entry"},"featured_image_urls":{"full":["https:\/\/i0.wp.com\/www.joyana.fr\/wp-content\/uploads\/old\/TONY_LEMALE_APPARTEMENT_47.jpg?fit=576%2C383&ssl=1",576,383,false],"thumbnail":["https:\/\/i0.wp.com\/www.joyana.fr\/wp-content\/uploads\/old\/TONY_LEMALE_APPARTEMENT_47.jpg?resize=150%2C150&ssl=1",150,150,true],"medium":["https:\/\/i0.wp.com\/www.joyana.fr\/wp-content\/uploads\/old\/TONY_LEMALE_APPARTEMENT_47.jpg?fit=389%2C259&ssl=1",389,259,true],"medium_large":["https:\/\/i0.wp.com\/www.joyana.fr\/wp-content\/uploads\/old\/TONY_LEMALE_APPARTEMENT_47.jpg?fit=576%2C383&ssl=1",576,383,true],"large":["https:\/\/i0.wp.com\/www.joyana.fr\/wp-content\/uploads\/old\/TONY_LEMALE_APPARTEMENT_47.jpg?fit=576%2C383&ssl=1",576,383,true],"1536x1536":["https:\/\/i0.wp.com\/www.joyana.fr\/wp-content\/uploads\/old\/TONY_LEMALE_APPARTEMENT_47.jpg?fit=576%2C383&ssl=1",576,383,true],"2048x2048":["https:\/\/i0.wp.com\/www.joyana.fr\/wp-content\/uploads\/old\/TONY_LEMALE_APPARTEMENT_47.jpg?fit=576%2C383&ssl=1",576,383,true],"featured-thumb":["https:\/\/i0.wp.com\/www.joyana.fr\/wp-content\/uploads\/old\/TONY_LEMALE_APPARTEMENT_47.jpg?resize=576%2C383&ssl=1",576,383,true],"ab-block-post-grid-landscape":["https:\/\/i0.wp.com\/www.joyana.fr\/wp-content\/uploads\/old\/TONY_LEMALE_APPARTEMENT_47.jpg?resize=576%2C383&ssl=1",576,383,true],"ab-block-post-grid-square":["https:\/\/i0.wp.com\/www.joyana.fr\/wp-content\/uploads\/old\/TONY_LEMALE_APPARTEMENT_47.jpg?resize=576%2C383&ssl=1",576,383,true],"author-pro-image":["https:\/\/i0.wp.com\/www.joyana.fr\/wp-content\/uploads\/old\/TONY_LEMALE_APPARTEMENT_47.jpg?resize=360%2C383&ssl=1",360,383,true],"slider":["https:\/\/i0.wp.com\/www.joyana.fr\/wp-content\/uploads\/old\/TONY_LEMALE_APPARTEMENT_47.jpg?resize=576%2C383&ssl=1",576,383,true],"woocommerce_thumbnail":["https:\/\/i0.wp.com\/www.joyana.fr\/wp-content\/uploads\/old\/TONY_LEMALE_APPARTEMENT_47.jpg?resize=450%2C383&ssl=1",450,383,true],"woocommerce_single":["https:\/\/i0.wp.com\/www.joyana.fr\/wp-content\/uploads\/old\/TONY_LEMALE_APPARTEMENT_47.jpg?fit=576%2C383&ssl=1",576,383,true],"woocommerce_gallery_thumbnail":["https:\/\/i0.wp.com\/www.joyana.fr\/wp-content\/uploads\/old\/TONY_LEMALE_APPARTEMENT_47.jpg?resize=180%2C180&ssl=1",180,180,true],"sow-carousel-default":["https:\/\/i0.wp.com\/www.joyana.fr\/wp-content\/uploads\/old\/TONY_LEMALE_APPARTEMENT_47.jpg?resize=272%2C182&ssl=1",272,182,true]},"post_excerpt_stackable":"<p>Le d\u00e9corateur d&#8217;int\u00e9rieur Tony Lem\u00e2le nous pr\u00e9sente en exclusivit\u00e9 une de ses derni\u00e8res r\u00e9alisations &#8211; un superbe appartement parisien de 150m2 &#8211; et nous donne son avis sur les tendances d\u00e9co 2011&#8230; Interview TONY LEM\u00c2LE Deco-Design : Hello Tony Lem\u00e2le, parle nous de cet appartement (souhaits du client, difficult\u00e9s rencontr\u00e9es, transformations majeures) Tony LEM\u00c2LE : Bonjour \u00e0 tous les lecteurs de Deco-Design&#8230; Il s&#8217;agit ici d&#8217;un appartement parisien d&#8217;environ 150m2 ; le client a souhait\u00e9 faire appel \u00e0 nous pour le d\u00e9corer. C\u2019est un appartement qu\u2019il a achet\u00e9 quelques ann\u00e9es plus t\u00f4t mais pour lequel aucune d\u00e9coration n\u2019avait r\u00e9ellement \u00e9tait&hellip;<\/p>\n","category_list":"<a href=\"https:\/\/www.joyana.fr\/en\/category\/deco-design\/architecture-deco-design\/lieux-design\/appartement\/\" rel=\"category tag\">Appartement<\/a>, <a href=\"https:\/\/www.joyana.fr\/en\/category\/deco-design\/\" rel=\"category tag\">DECO-DESIGN<\/a>, <a href=\"https:\/\/www.joyana.fr\/en\/category\/deco-design\/architecture-deco-design\/pays\/france\/\" rel=\"category tag\">France<\/a>","author_info":{"display_name":"Jo Yana","author_link":"https:\/\/www.joyana.fr\/en\/author\/joyana\/"},"comments_num":"22 comments","featured_image_urls_v2":{"full":["https:\/\/i0.wp.com\/www.joyana.fr\/wp-content\/uploads\/old\/TONY_LEMALE_APPARTEMENT_47.jpg?fit=576%2C383&ssl=1",576,383,false],"thumbnail":["https:\/\/i0.wp.com\/www.joyana.fr\/wp-content\/uploads\/old\/TONY_LEMALE_APPARTEMENT_47.jpg?resize=150%2C150&ssl=1",150,150,true],"medium":["https:\/\/i0.wp.com\/www.joyana.fr\/wp-content\/uploads\/old\/TONY_LEMALE_APPARTEMENT_47.jpg?fit=389%2C259&ssl=1",389,259,true],"medium_large":["https:\/\/i0.wp.com\/www.joyana.fr\/wp-content\/uploads\/old\/TONY_LEMALE_APPARTEMENT_47.jpg?fit=576%2C383&ssl=1",576,383,true],"large":["https:\/\/i0.wp.com\/www.joyana.fr\/wp-content\/uploads\/old\/TONY_LEMALE_APPARTEMENT_47.jpg?fit=576%2C383&ssl=1",576,383,true],"1536x1536":["https:\/\/i0.wp.com\/www.joyana.fr\/wp-content\/uploads\/old\/TONY_LEMALE_APPARTEMENT_47.jpg?fit=576%2C383&ssl=1",576,383,true],"2048x2048":["https:\/\/i0.wp.com\/www.joyana.fr\/wp-content\/uploads\/old\/TONY_LEMALE_APPARTEMENT_47.jpg?fit=576%2C383&ssl=1",576,383,true],"featured-thumb":["https:\/\/i0.wp.com\/www.joyana.fr\/wp-content\/uploads\/old\/TONY_LEMALE_APPARTEMENT_47.jpg?resize=576%2C383&ssl=1",576,383,true],"ab-block-post-grid-landscape":["https:\/\/i0.wp.com\/www.joyana.fr\/wp-content\/uploads\/old\/TONY_LEMALE_APPARTEMENT_47.jpg?resize=576%2C383&ssl=1",576,383,true],"ab-block-post-grid-square":["https:\/\/i0.wp.com\/www.joyana.fr\/wp-content\/uploads\/old\/TONY_LEMALE_APPARTEMENT_47.jpg?resize=576%2C383&ssl=1",576,383,true],"author-pro-image":["https:\/\/i0.wp.com\/www.joyana.fr\/wp-content\/uploads\/old\/TONY_LEMALE_APPARTEMENT_47.jpg?resize=360%2C383&ssl=1",360,383,true],"slider":["https:\/\/i0.wp.com\/www.joyana.fr\/wp-content\/uploads\/old\/TONY_LEMALE_APPARTEMENT_47.jpg?resize=576%2C383&ssl=1",576,383,true],"woocommerce_thumbnail":["https:\/\/i0.wp.com\/www.joyana.fr\/wp-content\/uploads\/old\/TONY_LEMALE_APPARTEMENT_47.jpg?resize=450%2C383&ssl=1",450,383,true],"woocommerce_single":["https:\/\/i0.wp.com\/www.joyana.fr\/wp-content\/uploads\/old\/TONY_LEMALE_APPARTEMENT_47.jpg?fit=576%2C383&ssl=1",576,383,true],"woocommerce_gallery_thumbnail":["https:\/\/i0.wp.com\/www.joyana.fr\/wp-content\/uploads\/old\/TONY_LEMALE_APPARTEMENT_47.jpg?resize=180%2C180&ssl=1",180,180,true],"sow-carousel-default":["https:\/\/i0.wp.com\/www.joyana.fr\/wp-content\/uploads\/old\/TONY_LEMALE_APPARTEMENT_47.jpg?resize=272%2C182&ssl=1",272,182,true]},"post_excerpt_stackable_v2":"<p>Le d\u00e9corateur d&#8217;int\u00e9rieur Tony Lem\u00e2le nous pr\u00e9sente en exclusivit\u00e9 une de ses derni\u00e8res r\u00e9alisations &#8211; un superbe appartement parisien de 150m2 &#8211; et nous donne son avis sur les tendances d\u00e9co 2011&#8230; Interview TONY LEM\u00c2LE Deco-Design : Hello Tony Lem\u00e2le, parle nous de cet appartement (souhaits du client, difficult\u00e9s rencontr\u00e9es, transformations majeures) Tony LEM\u00c2LE : Bonjour \u00e0 tous les lecteurs de Deco-Design&#8230; Il s&#8217;agit ici d&#8217;un appartement parisien d&#8217;environ 150m2 ; le client a souhait\u00e9 faire appel \u00e0 nous pour le d\u00e9corer. C\u2019est un appartement qu\u2019il a achet\u00e9 quelques ann\u00e9es plus t\u00f4t mais pour lequel aucune d\u00e9coration n\u2019avait r\u00e9ellement \u00e9tait&hellip;<\/p>\n","category_list_v2":"<a href=\"https:\/\/www.joyana.fr\/en\/category\/deco-design\/architecture-deco-design\/lieux-design\/appartement\/\" rel=\"category tag\">Appartement<\/a>, <a href=\"https:\/\/www.joyana.fr\/en\/category\/deco-design\/\" rel=\"category tag\">DECO-DESIGN<\/a>, <a href=\"https:\/\/www.joyana.fr\/en\/category\/deco-design\/architecture-deco-design\/pays\/france\/\" rel=\"category tag\">France<\/a>","author_info_v2":{"name":"Jo Yana","url":"https:\/\/www.joyana.fr\/en\/author\/joyana\/"},"comments_num_v2":"22 comments","yoast_head":"<!-- This site is optimized with the Yoast SEO plugin v26.8 - https:\/\/yoast.com\/product\/yoast-seo-wordpress\/ -->\n<title>Un Appartement Parisien sign\u00e9 Tony LEM\u00c2LE - JO YANA<\/title>\n<meta name=\"robots\" content=\"index, follow, max-snippet:-1, max-image-preview:large, max-video-preview:-1\" \/>\n<link rel=\"canonical\" href=\"https:\/\/joyana.fr\/un-appartement-parisien-signe-tony-lemale\/105799\/\" \/>\n<meta property=\"og:locale\" content=\"en_US\" \/>\n<meta property=\"og:locale:alternate\" content=\"fr_FR\" \/>\n<meta property=\"og:locale:alternate\" content=\"ja\" \/>\n<meta property=\"og:type\" content=\"article\" \/>\n<meta property=\"og:title\" content=\"Un Appartement Parisien sign\u00e9 Tony LEM\u00c2LE - JO YANA\" \/>\n<meta property=\"og:description\" content=\"Le d\u00e9corateur d&#8217;int\u00e9rieur Tony Lem\u00e2le nous pr\u00e9sente en exclusivit\u00e9 une de ses derni\u00e8res r\u00e9alisations &#8211; un superbe appartement parisien de 150m2 &#8211; et nous donne son avis sur les tendances d\u00e9co 2011&#8230; Interview TONY LEM\u00c2LE Deco-Design : Hello Tony Lem\u00e2le, parle nous de cet appartement (souhaits du client, difficult\u00e9s rencontr\u00e9es, transformations majeures) Tony LEM\u00c2LE : [&hellip;]\" \/>\n<meta property=\"og:url\" content=\"https:\/\/www.joyana.fr\/en\/un-appartement-parisien-signe-tony-lemale\/105799\/\" \/>\n<meta property=\"og:site_name\" content=\"JO YANA\" \/>\n<meta property=\"article:published_time\" content=\"2011-02-03T13:03:24+00:00\" \/>\n<meta property=\"og:image\" content=\"https:\/\/joyana.fr\/wp-content\/uploads\/old\/TONY_LEMALE_APPARTEMENT_47.jpg\" \/>\n\t<meta property=\"og:image:width\" content=\"576\" \/>\n\t<meta property=\"og:image:height\" content=\"383\" \/>\n\t<meta property=\"og:image:type\" content=\"image\/jpeg\" \/>\n<meta name=\"author\" content=\"Jo Yana\" \/>\n<meta name=\"twitter:card\" content=\"summary_large_image\" \/>\n<meta name=\"twitter:creator\" content=\"@Jo_Yana\" \/>\n<meta name=\"twitter:site\" content=\"@Jo_Yana\" \/>\n<meta name=\"twitter:label1\" content=\"Written by\" \/>\n\t<meta name=\"twitter:data1\" content=\"Jo Yana\" \/>\n\t<meta name=\"twitter:label2\" content=\"Est. reading time\" \/>\n\t<meta name=\"twitter:data2\" content=\"3 minutes\" \/>\n<script type=\"application\/ld+json\" class=\"yoast-schema-graph\">{\"@context\":\"https:\/\/schema.org\",\"@graph\":[{\"@type\":\"Article\",\"@id\":\"https:\/\/joyana.fr\/un-appartement-parisien-signe-tony-lemale\/105799\/#article\",\"isPartOf\":{\"@id\":\"https:\/\/joyana.fr\/un-appartement-parisien-signe-tony-lemale\/105799\/\"},\"author\":{\"name\":\"Jo Yana\",\"@id\":\"https:\/\/joyana.fr\/#\/schema\/person\/cf2a1ad12a27c12c21801075bf37407c\"},\"headline\":\"Un Appartement Parisien sign\u00e9 Tony LEM\u00c2LE\",\"datePublished\":\"2011-02-03T13:03:24+00:00\",\"mainEntityOfPage\":{\"@id\":\"https:\/\/joyana.fr\/un-appartement-parisien-signe-tony-lemale\/105799\/\"},\"wordCount\":525,\"commentCount\":0,\"publisher\":{\"@id\":\"https:\/\/joyana.fr\/#\/schema\/person\/cf2a1ad12a27c12c21801075bf37407c\"},\"image\":{\"@id\":\"https:\/\/joyana.fr\/un-appartement-parisien-signe-tony-lemale\/105799\/#primaryimage\"},\"thumbnailUrl\":\"https:\/\/i0.wp.com\/www.joyana.fr\/wp-content\/uploads\/old\/TONY_LEMALE_APPARTEMENT_47.jpg?fit=576%2C383&ssl=1\",\"keywords\":[\"Paris\",\"Relooking\"],\"articleSection\":[\"Appartement\",\"DECO-DESIGN\",\"France\"],\"inLanguage\":\"en-US\",\"potentialAction\":[{\"@type\":\"CommentAction\",\"name\":\"Comment\",\"target\":[\"https:\/\/joyana.fr\/un-appartement-parisien-signe-tony-lemale\/105799\/#respond\"]}]},{\"@type\":\"WebPage\",\"@id\":\"https:\/\/joyana.fr\/un-appartement-parisien-signe-tony-lemale\/105799\/\",\"url\":\"https:\/\/joyana.fr\/un-appartement-parisien-signe-tony-lemale\/105799\/\",\"name\":\"Un Appartement Parisien sign\u00e9 Tony LEM\u00c2LE - JO YANA\",\"isPartOf\":{\"@id\":\"https:\/\/joyana.fr\/#website\"},\"primaryImageOfPage\":{\"@id\":\"https:\/\/joyana.fr\/un-appartement-parisien-signe-tony-lemale\/105799\/#primaryimage\"},\"image\":{\"@id\":\"https:\/\/joyana.fr\/un-appartement-parisien-signe-tony-lemale\/105799\/#primaryimage\"},\"thumbnailUrl\":\"https:\/\/i0.wp.com\/www.joyana.fr\/wp-content\/uploads\/old\/TONY_LEMALE_APPARTEMENT_47.jpg?fit=576%2C383&ssl=1\",\"datePublished\":\"2011-02-03T13:03:24+00:00\",\"breadcrumb\":{\"@id\":\"https:\/\/joyana.fr\/un-appartement-parisien-signe-tony-lemale\/105799\/#breadcrumb\"},\"inLanguage\":\"en-US\",\"potentialAction\":[{\"@type\":\"ReadAction\",\"target\":[\"https:\/\/joyana.fr\/un-appartement-parisien-signe-tony-lemale\/105799\/\"]}]},{\"@type\":\"ImageObject\",\"inLanguage\":\"en-US\",\"@id\":\"https:\/\/joyana.fr\/un-appartement-parisien-signe-tony-lemale\/105799\/#primaryimage\",\"url\":\"https:\/\/i0.wp.com\/www.joyana.fr\/wp-content\/uploads\/old\/TONY_LEMALE_APPARTEMENT_47.jpg?fit=576%2C383&ssl=1\",\"contentUrl\":\"https:\/\/i0.wp.com\/www.joyana.fr\/wp-content\/uploads\/old\/TONY_LEMALE_APPARTEMENT_47.jpg?fit=576%2C383&ssl=1\",\"width\":576,\"height\":383},{\"@type\":\"BreadcrumbList\",\"@id\":\"https:\/\/joyana.fr\/un-appartement-parisien-signe-tony-lemale\/105799\/#breadcrumb\",\"itemListElement\":[{\"@type\":\"ListItem\",\"position\":1,\"name\":\"Accueil\",\"item\":\"https:\/\/joyana.fr\/\"},{\"@type\":\"ListItem\",\"position\":2,\"name\":\"Un Appartement Parisien sign\u00e9 Tony LEM\u00c2LE\"}]},{\"@type\":\"WebSite\",\"@id\":\"https:\/\/joyana.fr\/#website\",\"url\":\"https:\/\/joyana.fr\/\",\"name\":\"JO YANA\",\"description\":\"Blog Mode Homme, Lifestyle, D\u00e9co-Design\",\"publisher\":{\"@id\":\"https:\/\/joyana.fr\/#\/schema\/person\/cf2a1ad12a27c12c21801075bf37407c\"},\"potentialAction\":[{\"@type\":\"SearchAction\",\"target\":{\"@type\":\"EntryPoint\",\"urlTemplate\":\"https:\/\/joyana.fr\/?s={search_term_string}\"},\"query-input\":{\"@type\":\"PropertyValueSpecification\",\"valueRequired\":true,\"valueName\":\"search_term_string\"}}],\"inLanguage\":\"en-US\"},{\"@type\":[\"Person\",\"Organization\"],\"@id\":\"https:\/\/joyana.fr\/#\/schema\/person\/cf2a1ad12a27c12c21801075bf37407c\",\"name\":\"Jo Yana\",\"image\":{\"@type\":\"ImageObject\",\"inLanguage\":\"en-US\",\"@id\":\"https:\/\/joyana.fr\/#\/schema\/person\/image\/\",\"url\":\"https:\/\/i0.wp.com\/www.joyana.fr\/wp-content\/uploads\/2016\/08\/cropped-joyana-logo-black-360x180.png?fit=343%2C164&ssl=1\",\"contentUrl\":\"https:\/\/i0.wp.com\/www.joyana.fr\/wp-content\/uploads\/2016\/08\/cropped-joyana-logo-black-360x180.png?fit=343%2C164&ssl=1\",\"width\":343,\"height\":164,\"caption\":\"Jo Yana\"},\"logo\":{\"@id\":\"https:\/\/joyana.fr\/#\/schema\/person\/image\/\"},\"description\":\"Jo Yana est le cr\u00e9ateur et r\u00e9dacteur en chef des sites DECO-DESIGN. Passionn\u00e9 de Design, Mode, Photo, Luxe, Lifestyle, Musique, mais avant tout Blogueur ! Le plaisir de partager l'anime et a comme devise \\\"POUR L'AMOUR DU BEAU\\\". Retrouvez le aussi sur son blog personnel - https:\/\/joyana.fr...\",\"sameAs\":[\"https:\/\/joyana.fr\/\"],\"url\":\"https:\/\/www.joyana.fr\/en\/author\/joyana\/\"}]}<\/script>\n<!-- \/ Yoast SEO plugin. -->","yoast_head_json":{"title":"Un Appartement Parisien sign\u00e9 Tony LEM\u00c2LE - JO YANA","robots":{"index":"index","follow":"follow","max-snippet":"max-snippet:-1","max-image-preview":"max-image-preview:large","max-video-preview":"max-video-preview:-1"},"canonical":"https:\/\/joyana.fr\/un-appartement-parisien-signe-tony-lemale\/105799\/","og_locale":"en_US","og_type":"article","og_title":"Un Appartement Parisien sign\u00e9 Tony LEM\u00c2LE - JO YANA","og_description":"Le d\u00e9corateur d&#8217;int\u00e9rieur Tony Lem\u00e2le nous pr\u00e9sente en exclusivit\u00e9 une de ses derni\u00e8res r\u00e9alisations &#8211; un superbe appartement parisien de 150m2 &#8211; et nous donne son avis sur les tendances d\u00e9co 2011&#8230; Interview TONY LEM\u00c2LE Deco-Design : Hello Tony Lem\u00e2le, parle nous de cet appartement (souhaits du client, difficult\u00e9s rencontr\u00e9es, transformations majeures) Tony LEM\u00c2LE : [&hellip;]","og_url":"https:\/\/www.joyana.fr\/en\/un-appartement-parisien-signe-tony-lemale\/105799\/","og_site_name":"JO YANA","article_published_time":"2011-02-03T13:03:24+00:00","og_image":[{"width":576,"height":383,"url":"https:\/\/joyana.fr\/wp-content\/uploads\/old\/TONY_LEMALE_APPARTEMENT_47.jpg","type":"image\/jpeg"}],"author":"Jo Yana","twitter_card":"summary_large_image","twitter_creator":"@Jo_Yana","twitter_site":"@Jo_Yana","twitter_misc":{"Written by":"Jo Yana","Est. reading time":"3 minutes"},"schema":{"@context":"https:\/\/schema.org","@graph":[{"@type":"Article","@id":"https:\/\/joyana.fr\/un-appartement-parisien-signe-tony-lemale\/105799\/#article","isPartOf":{"@id":"https:\/\/joyana.fr\/un-appartement-parisien-signe-tony-lemale\/105799\/"},"author":{"name":"Jo Yana","@id":"https:\/\/joyana.fr\/#\/schema\/person\/cf2a1ad12a27c12c21801075bf37407c"},"headline":"Un Appartement Parisien sign\u00e9 Tony LEM\u00c2LE","datePublished":"2011-02-03T13:03:24+00:00","mainEntityOfPage":{"@id":"https:\/\/joyana.fr\/un-appartement-parisien-signe-tony-lemale\/105799\/"},"wordCount":525,"commentCount":0,"publisher":{"@id":"https:\/\/joyana.fr\/#\/schema\/person\/cf2a1ad12a27c12c21801075bf37407c"},"image":{"@id":"https:\/\/joyana.fr\/un-appartement-parisien-signe-tony-lemale\/105799\/#primaryimage"},"thumbnailUrl":"https:\/\/i0.wp.com\/www.joyana.fr\/wp-content\/uploads\/old\/TONY_LEMALE_APPARTEMENT_47.jpg?fit=576%2C383&ssl=1","keywords":["Paris","Relooking"],"articleSection":["Appartement","DECO-DESIGN","France"],"inLanguage":"en-US","potentialAction":[{"@type":"CommentAction","name":"Comment","target":["https:\/\/joyana.fr\/un-appartement-parisien-signe-tony-lemale\/105799\/#respond"]}]},{"@type":"WebPage","@id":"https:\/\/joyana.fr\/un-appartement-parisien-signe-tony-lemale\/105799\/","url":"https:\/\/joyana.fr\/un-appartement-parisien-signe-tony-lemale\/105799\/","name":"Un Appartement Parisien sign\u00e9 Tony LEM\u00c2LE - JO YANA","isPartOf":{"@id":"https:\/\/joyana.fr\/#website"},"primaryImageOfPage":{"@id":"https:\/\/joyana.fr\/un-appartement-parisien-signe-tony-lemale\/105799\/#primaryimage"},"image":{"@id":"https:\/\/joyana.fr\/un-appartement-parisien-signe-tony-lemale\/105799\/#primaryimage"},"thumbnailUrl":"https:\/\/i0.wp.com\/www.joyana.fr\/wp-content\/uploads\/old\/TONY_LEMALE_APPARTEMENT_47.jpg?fit=576%2C383&ssl=1","datePublished":"2011-02-03T13:03:24+00:00","breadcrumb":{"@id":"https:\/\/joyana.fr\/un-appartement-parisien-signe-tony-lemale\/105799\/#breadcrumb"},"inLanguage":"en-US","potentialAction":[{"@type":"ReadAction","target":["https:\/\/joyana.fr\/un-appartement-parisien-signe-tony-lemale\/105799\/"]}]},{"@type":"ImageObject","inLanguage":"en-US","@id":"https:\/\/joyana.fr\/un-appartement-parisien-signe-tony-lemale\/105799\/#primaryimage","url":"https:\/\/i0.wp.com\/www.joyana.fr\/wp-content\/uploads\/old\/TONY_LEMALE_APPARTEMENT_47.jpg?fit=576%2C383&ssl=1","contentUrl":"https:\/\/i0.wp.com\/www.joyana.fr\/wp-content\/uploads\/old\/TONY_LEMALE_APPARTEMENT_47.jpg?fit=576%2C383&ssl=1","width":576,"height":383},{"@type":"BreadcrumbList","@id":"https:\/\/joyana.fr\/un-appartement-parisien-signe-tony-lemale\/105799\/#breadcrumb","itemListElement":[{"@type":"ListItem","position":1,"name":"Accueil","item":"https:\/\/joyana.fr\/"},{"@type":"ListItem","position":2,"name":"Un Appartement Parisien sign\u00e9 Tony LEM\u00c2LE"}]},{"@type":"WebSite","@id":"https:\/\/joyana.fr\/#website","url":"https:\/\/joyana.fr\/","name":"JO YANA","description":"Blog Mode Homme, Lifestyle, D\u00e9co-Design","publisher":{"@id":"https:\/\/joyana.fr\/#\/schema\/person\/cf2a1ad12a27c12c21801075bf37407c"},"potentialAction":[{"@type":"SearchAction","target":{"@type":"EntryPoint","urlTemplate":"https:\/\/joyana.fr\/?s={search_term_string}"},"query-input":{"@type":"PropertyValueSpecification","valueRequired":true,"valueName":"search_term_string"}}],"inLanguage":"en-US"},{"@type":["Person","Organization"],"@id":"https:\/\/joyana.fr\/#\/schema\/person\/cf2a1ad12a27c12c21801075bf37407c","name":"Jo Yana","image":{"@type":"ImageObject","inLanguage":"en-US","@id":"https:\/\/joyana.fr\/#\/schema\/person\/image\/","url":"https:\/\/i0.wp.com\/www.joyana.fr\/wp-content\/uploads\/2016\/08\/cropped-joyana-logo-black-360x180.png?fit=343%2C164&ssl=1","contentUrl":"https:\/\/i0.wp.com\/www.joyana.fr\/wp-content\/uploads\/2016\/08\/cropped-joyana-logo-black-360x180.png?fit=343%2C164&ssl=1","width":343,"height":164,"caption":"Jo Yana"},"logo":{"@id":"https:\/\/joyana.fr\/#\/schema\/person\/image\/"},"description":"Jo Yana est le cr\u00e9ateur et r\u00e9dacteur en chef des sites DECO-DESIGN. Passionn\u00e9 de Design, Mode, Photo, Luxe, Lifestyle, Musique, mais avant tout Blogueur ! Le plaisir de partager l'anime et a comme devise \"POUR L'AMOUR DU BEAU\". Retrouvez le aussi sur son blog personnel - https:\/\/joyana.fr...","sameAs":["https:\/\/joyana.fr\/"],"url":"https:\/\/www.joyana.fr\/en\/author\/joyana\/"}]}},"author_meta":{"display_name":"Jo Yana","author_link":"https:\/\/www.joyana.fr\/en\/author\/joyana\/"},"featured_img":"https:\/\/i0.wp.com\/www.joyana.fr\/wp-content\/uploads\/old\/TONY_LEMALE_APPARTEMENT_47.jpg?fit=389%2C259&ssl=1","featured_image_src":"https:\/\/i0.wp.com\/www.joyana.fr\/wp-content\/uploads\/old\/TONY_LEMALE_APPARTEMENT_47.jpg?resize=576%2C383&ssl=1","featured_image_src_square":"https:\/\/i0.wp.com\/www.joyana.fr\/wp-content\/uploads\/old\/TONY_LEMALE_APPARTEMENT_47.jpg?resize=576%2C383&ssl=1","jetpack_featured_media_url":"https:\/\/i0.wp.com\/www.joyana.fr\/wp-content\/uploads\/old\/TONY_LEMALE_APPARTEMENT_47.jpg?fit=576%2C383&ssl=1","uagb_featured_image_src":{"full":["https:\/\/i0.wp.com\/www.joyana.fr\/wp-content\/uploads\/old\/TONY_LEMALE_APPARTEMENT_47.jpg?fit=576%2C383&ssl=1",576,383,false],"thumbnail":["https:\/\/i0.wp.com\/www.joyana.fr\/wp-content\/uploads\/old\/TONY_LEMALE_APPARTEMENT_47.jpg?resize=150%2C150&ssl=1",150,150,true],"medium":["https:\/\/i0.wp.com\/www.joyana.fr\/wp-content\/uploads\/old\/TONY_LEMALE_APPARTEMENT_47.jpg?fit=389%2C259&ssl=1",389,259,true],"medium_large":["https:\/\/i0.wp.com\/www.joyana.fr\/wp-content\/uploads\/old\/TONY_LEMALE_APPARTEMENT_47.jpg?fit=576%2C383&ssl=1",576,383,true],"large":["https:\/\/i0.wp.com\/www.joyana.fr\/wp-content\/uploads\/old\/TONY_LEMALE_APPARTEMENT_47.jpg?fit=576%2C383&ssl=1",576,383,true],"1536x1536":["https:\/\/i0.wp.com\/www.joyana.fr\/wp-content\/uploads\/old\/TONY_LEMALE_APPARTEMENT_47.jpg?fit=576%2C383&ssl=1",576,383,true],"2048x2048":["https:\/\/i0.wp.com\/www.joyana.fr\/wp-content\/uploads\/old\/TONY_LEMALE_APPARTEMENT_47.jpg?fit=576%2C383&ssl=1",576,383,true],"featured-thumb":["https:\/\/i0.wp.com\/www.joyana.fr\/wp-content\/uploads\/old\/TONY_LEMALE_APPARTEMENT_47.jpg?resize=576%2C383&ssl=1",576,383,true],"ab-block-post-grid-landscape":["https:\/\/i0.wp.com\/www.joyana.fr\/wp-content\/uploads\/old\/TONY_LEMALE_APPARTEMENT_47.jpg?resize=576%2C383&ssl=1",576,383,true],"ab-block-post-grid-square":["https:\/\/i0.wp.com\/www.joyana.fr\/wp-content\/uploads\/old\/TONY_LEMALE_APPARTEMENT_47.jpg?resize=576%2C383&ssl=1",576,383,true],"author-pro-image":["https:\/\/i0.wp.com\/www.joyana.fr\/wp-content\/uploads\/old\/TONY_LEMALE_APPARTEMENT_47.jpg?resize=360%2C383&ssl=1",360,383,true],"slider":["https:\/\/i0.wp.com\/www.joyana.fr\/wp-content\/uploads\/old\/TONY_LEMALE_APPARTEMENT_47.jpg?resize=576%2C383&ssl=1",576,383,true],"woocommerce_thumbnail":["https:\/\/i0.wp.com\/www.joyana.fr\/wp-content\/uploads\/old\/TONY_LEMALE_APPARTEMENT_47.jpg?resize=450%2C383&ssl=1",450,383,true],"woocommerce_single":["https:\/\/i0.wp.com\/www.joyana.fr\/wp-content\/uploads\/old\/TONY_LEMALE_APPARTEMENT_47.jpg?fit=576%2C383&ssl=1",576,383,true],"woocommerce_gallery_thumbnail":["https:\/\/i0.wp.com\/www.joyana.fr\/wp-content\/uploads\/old\/TONY_LEMALE_APPARTEMENT_47.jpg?resize=180%2C180&ssl=1",180,180,true],"sow-carousel-default":["https:\/\/i0.wp.com\/www.joyana.fr\/wp-content\/uploads\/old\/TONY_LEMALE_APPARTEMENT_47.jpg?resize=272%2C182&ssl=1",272,182,true]},"uagb_author_info":{"display_name":"Jo Yana","author_link":"https:\/\/www.joyana.fr\/en\/author\/joyana\/"},"uagb_comment_info":22,"uagb_excerpt":"Le d\u00e9corateur d&#8217;int\u00e9rieur Tony Lem\u00e2le nous pr\u00e9sente en exclusivit\u00e9 une de ses derni\u00e8res r\u00e9alisations &#8211; un superbe appartement parisien de 150m2 &#8211; et nous donne son avis sur les tendances d\u00e9co 2011&#8230; Interview TONY LEM\u00c2LE Deco-Design : Hello Tony Lem\u00e2le, parle nous de cet appartement (souhaits du client, difficult\u00e9s rencontr\u00e9es, transformations majeures) Tony LEM\u00c2LE :&hellip;","coauthors":[],"tax_additional":{"categories":{"linked":["<a href=\"https:\/\/www.joyana.fr\/en\/category\/deco-design\/architecture-deco-design\/lieux-design\/appartement\/\" class=\"advgb-post-tax-term\">Appartement<\/a>","<a href=\"https:\/\/www.joyana.fr\/en\/category\/deco-design\/\" class=\"advgb-post-tax-term\">DECO-DESIGN<\/a>","<a href=\"https:\/\/www.joyana.fr\/en\/category\/deco-design\/architecture-deco-design\/pays\/france\/\" class=\"advgb-post-tax-term\">France<\/a>"],"unlinked":["<span class=\"advgb-post-tax-term\">Appartement<\/span>","<span class=\"advgb-post-tax-term\">DECO-DESIGN<\/span>","<span class=\"advgb-post-tax-term\">France<\/span>"]},"tags":{"linked":["<a href=\"https:\/\/www.joyana.fr\/en\/category\/deco-design\/architecture-deco-design\/pays\/france\/\" class=\"advgb-post-tax-term\">Paris<\/a>","<a href=\"https:\/\/www.joyana.fr\/en\/category\/deco-design\/architecture-deco-design\/pays\/france\/\" class=\"advgb-post-tax-term\">Relooking<\/a>"],"unlinked":["<span class=\"advgb-post-tax-term\">Paris<\/span>","<span class=\"advgb-post-tax-term\">Relooking<\/span>"]}},"comment_count":22,"relative_dates":{"created":"Posted 15 years ago","modified":"Updated 15 years ago"},"absolute_dates":{"created":"Posted on 3 February 2011","modified":"Updated on 3 February 2011"},"absolute_dates_time":{"created":"Posted on 3 February 2011 14:03","modified":"Updated on 3 February 2011 14:03"},"featured_img_caption":"","series_order":"","jetpack_sharing_enabled":true,"jetpack_shortlink":"https:\/\/wp.me\/p9bteI-rwr","jetpack-related-posts":[],"_links":{"self":[{"href":"https:\/\/www.joyana.fr\/en\/wp-json\/wp\/v2\/posts\/105799","targetHints":{"allow":["GET"]}}],"collection":[{"href":"https:\/\/www.joyana.fr\/en\/wp-json\/wp\/v2\/posts"}],"about":[{"href":"https:\/\/www.joyana.fr\/en\/wp-json\/wp\/v2\/types\/post"}],"author":[{"embeddable":true,"href":"https:\/\/www.joyana.fr\/en\/wp-json\/wp\/v2\/users\/3"}],"replies":[{"embeddable":true,"href":"https:\/\/www.joyana.fr\/en\/wp-json\/wp\/v2\/comments?post=105799"}],"version-history":[{"count":0,"href":"https:\/\/www.joyana.fr\/en\/wp-json\/wp\/v2\/posts\/105799\/revisions"}],"wp:featuredmedia":[{"embeddable":true,"href":"https:\/\/www.joyana.fr\/en\/wp-json\/wp\/v2\/media\/105810"}],"wp:attachment":[{"href":"https:\/\/www.joyana.fr\/en\/wp-json\/wp\/v2\/media?parent=105799"}],"wp:term":[{"taxonomy":"category","embeddable":true,"href":"https:\/\/www.joyana.fr\/en\/wp-json\/wp\/v2\/categories?post=105799"},{"taxonomy":"post_tag","embeddable":true,"href":"https:\/\/www.joyana.fr\/en\/wp-json\/wp\/v2\/tags?post=105799"}],"curies":[{"name":"wp","href":"https:\/\/api.w.org\/{rel}","templated":true}]}}