{"id":105608,"date":"2011-01-18T08:38:40","date_gmt":"2011-01-18T07:38:40","guid":{"rendered":"https:\/\/joyana.fr\/?p=5608"},"modified":"2011-01-18T08:38:40","modified_gmt":"2011-01-18T07:38:40","slug":"cuisine-design-gorenje-par-ora-ito","status":"publish","type":"post","link":"https:\/\/www.joyana.fr\/en\/cuisine-design-gorenje-par-ora-ito\/105608\/","title":{"rendered":"Cuisine design GORENJE par Ora \u00cfTO"},"content":{"rendered":"<p>Apr\u00e8s avoir fait appel \u00e0 <a title=\"CUISINE DESIGN GORENJE KARIM RASHID\" href=\"https:\/\/joyana.fr\/cuisine-design-gorenje-karim-rashid\/2969\/\">Karim Rashid<\/a>, <strong>GORENJE<\/strong> collabore \u00e0 nouveau avec un grand <strong>designer<\/strong>, en la personne de <strong>Ora \u00cfto<\/strong> &#8211; qui signe ici une <strong>cuisine<\/strong> conjuguant \u00e0 la perfection lignes luxueuses et \u00e9l\u00e9gance minimaliste&#8230;<\/p>\n<p><img data-recalc-dims=\"1\" fetchpriority=\"high\" decoding=\"async\" data-attachment-id=\"5612\" data-permalink=\"https:\/\/www.joyana.fr\/en\/street-style-2\/5604\/pierre-emmanuel-zamane-nike-lunar-flyknit-chukka\/\" data-orig-file=\"https:\/\/i0.wp.com\/www.joyana.fr\/wp-content\/uploads\/2013\/06\/Pierre-Emmanuel-Zamane-Nike-Lunar-Flyknit-Chukka.jpg?fit=2021%2C1237&amp;ssl=1\" data-orig-size=\"2021,1237\" data-comments-opened=\"1\" data-image-meta=\"{&quot;aperture&quot;:&quot;0&quot;,&quot;credit&quot;:&quot;&quot;,&quot;camera&quot;:&quot;&quot;,&quot;caption&quot;:&quot;&quot;,&quot;created_timestamp&quot;:&quot;0&quot;,&quot;copyright&quot;:&quot;&quot;,&quot;focal_length&quot;:&quot;0&quot;,&quot;iso&quot;:&quot;0&quot;,&quot;shutter_speed&quot;:&quot;0&quot;,&quot;title&quot;:&quot;&quot;,&quot;orientation&quot;:&quot;0&quot;}\" data-image-title=\"Pierre-Emmanuel-Zamane-Nike-Lunar-Flyknit-Chukka\" data-image-description=\"\" data-image-caption=\"\" data-medium-file=\"https:\/\/i0.wp.com\/www.joyana.fr\/wp-content\/uploads\/2013\/06\/Pierre-Emmanuel-Zamane-Nike-Lunar-Flyknit-Chukka.jpg?fit=389%2C238&amp;ssl=1\" data-large-file=\"https:\/\/i0.wp.com\/www.joyana.fr\/wp-content\/uploads\/2013\/06\/Pierre-Emmanuel-Zamane-Nike-Lunar-Flyknit-Chukka.jpg?fit=1024%2C627&amp;ssl=1\" class=\"alignnone size-full wp-image-5612\" title=\"Cuisine design GORENJE par Ora \u00cfTO\" src=\"https:\/\/i0.wp.com\/joyana.fr\/wp-content\/uploads\/Gorenje-OraIto_KitchenWhite.jpg?resize=576%2C384&#038;ssl=1\" alt=\"\" width=\"576\" height=\"384\" \/><\/p>\n<p><strong>Ora \u00cfto<\/strong> l&#8217;enfant terrible du <strong>design<\/strong> industriel signe pour <strong>GORENJE<\/strong> une <strong>cuisine<\/strong> qui conjugue \u00e0 la perfection lignes luxueuses et \u00e9l\u00e9gance minimaliste. Il rompt avec les sch\u00e9mas traditionnels et associe judicieusement fa\u00e7ade en verre noir et inox. \u00c9l\u00e9ment r\u00e9current sur tous les produits, la poign\u00e9e inox massive se re\ufb02\u00e8te dans le verre noir et donne de l\u2019homog\u00e9n\u00e9it\u00e9 \u00e0 la gamme&#8230;<\/p>\n<p>Une <strong>cuisine<\/strong> repens\u00e9e apte \u00e0 s\u2019adapter au pr\u00e9sent et au futur. Derri\u00e8re des lignes simples et claires, sans fioritures, cette collection est un arch\u00e9type de design \u00e9pur\u00e9. L\u2019\u00e9l\u00e9gance et la puret\u00e9 sont soulign\u00e9es par la monochromie noire ou blanche des appareils. Pour <strong>GORENJE<\/strong>, cette nouvelle collection est \u00e9galement une vitrine technologique puisqu\u2019on y retrouve les derni\u00e8res innovations du fabricant.<\/p>\n<p>R\u00e9frig\u00e9rateur-cong\u00e9lateur, four encastrable \u00e0 pyrolyse, table de cuisson \u00e0 induction, hotte&#8230; Si vous avez des questions, laissez un commentaire l&#8217;\u00e9quipe GORENJE se fera un plaisir de vous r\u00e9pondre&#8230;<\/p>\n<p><img data-recalc-dims=\"1\" decoding=\"async\" class=\"alignnone size-full wp-image-5616\" title=\"Cuisine design GORENJE par Ora \u00cfTO\" src=\"https:\/\/i0.wp.com\/joyana.fr\/wp-content\/uploads\/GORENJE_OraItoNoir.jpg?resize=576%2C614&#038;ssl=1\" alt=\"\" width=\"576\" height=\"614\" \/><\/p>\n<p>Ci-dessous la cuisine <strong>GORENJE x Ora \u00cfTO <\/strong>pr\u00e9sent\u00e9e dans un module intitul\u00e9 <strong>CUISINE FUTURISTE<\/strong>&#8230;<\/p>\n<p><img data-recalc-dims=\"1\" decoding=\"async\" class=\"alignnone size-full wp-image-5614\" title=\"Cuisine design GORENJE par Ora \u00cfTO\" src=\"https:\/\/i0.wp.com\/joyana.fr\/wp-content\/uploads\/GORENJE_ORA_ITO_CUISINE_DESIGN.jpg?resize=576%2C492&#038;ssl=1\" alt=\"\" width=\"576\" height=\"492\" \/><\/p>\n<p><img data-recalc-dims=\"1\" loading=\"lazy\" decoding=\"async\" data-attachment-id=\"5611\" data-permalink=\"https:\/\/www.joyana.fr\/en\/street-style-2\/5604\/look-du-jour-1\/\" data-orig-file=\"https:\/\/i0.wp.com\/www.joyana.fr\/wp-content\/uploads\/2013\/06\/look-du-jour-1.jpg?fit=1000%2C667&amp;ssl=1\" data-orig-size=\"1000,667\" data-comments-opened=\"1\" data-image-meta=\"{&quot;aperture&quot;:&quot;0&quot;,&quot;credit&quot;:&quot;&quot;,&quot;camera&quot;:&quot;&quot;,&quot;caption&quot;:&quot;&quot;,&quot;created_timestamp&quot;:&quot;0&quot;,&quot;copyright&quot;:&quot;&quot;,&quot;focal_length&quot;:&quot;0&quot;,&quot;iso&quot;:&quot;0&quot;,&quot;shutter_speed&quot;:&quot;0&quot;,&quot;title&quot;:&quot;&quot;,&quot;orientation&quot;:&quot;0&quot;}\" data-image-title=\"look-du-jour-1\" data-image-description=\"\" data-image-caption=\"\" data-medium-file=\"https:\/\/i0.wp.com\/www.joyana.fr\/wp-content\/uploads\/2013\/06\/look-du-jour-1.jpg?fit=389%2C259&amp;ssl=1\" data-large-file=\"https:\/\/i0.wp.com\/www.joyana.fr\/wp-content\/uploads\/2013\/06\/look-du-jour-1.jpg?fit=1000%2C667&amp;ssl=1\" class=\"alignnone size-full wp-image-5611\" title=\"Cuisine design GORENJE par Ora \u00cfTO\" src=\"https:\/\/i0.wp.com\/joyana.fr\/wp-content\/uploads\/Gorenje-OraIto_B1-ORA-W.jpg?resize=576%2C582&#038;ssl=1\" alt=\"\" width=\"576\" height=\"582\" \/><\/p>\n<p><img data-recalc-dims=\"1\" loading=\"lazy\" decoding=\"async\" class=\"alignnone size-full wp-image-5615\" title=\"Cuisine design GORENJE par Ora \u00cfTO\" src=\"https:\/\/i0.wp.com\/joyana.fr\/wp-content\/uploads\/Gorenje_ORAITO_GCS-ORA-W.jpg?resize=576%2C493&#038;ssl=1\" alt=\"\" width=\"576\" height=\"493\" \/><\/p>\n<p><img data-recalc-dims=\"1\" loading=\"lazy\" decoding=\"async\" data-attachment-id=\"5610\" data-permalink=\"https:\/\/www.joyana.fr\/en\/street-style-2\/5604\/jared-docklands-monday-10th-june-2013\/\" data-orig-file=\"https:\/\/i0.wp.com\/www.joyana.fr\/wp-content\/uploads\/2013\/06\/ku130610Jared4784.jpg?fit=935%2C612&amp;ssl=1\" data-orig-size=\"935,612\" data-comments-opened=\"1\" data-image-meta=\"{&quot;aperture&quot;:&quot;2.8&quot;,&quot;credit&quot;:&quot;&quot;,&quot;camera&quot;:&quot;NIKON D3&quot;,&quot;caption&quot;:&quot;Jared. Docklands Monday 10th June 2013.&quot;,&quot;created_timestamp&quot;:&quot;1370836978&quot;,&quot;copyright&quot;:&quot;Kirsty Umback (all Rights Reserved)&quot;,&quot;focal_length&quot;:&quot;32&quot;,&quot;iso&quot;:&quot;400&quot;,&quot;shutter_speed&quot;:&quot;0.002&quot;,&quot;title&quot;:&quot;Jared. Docklands Monday 10th June 2013.&quot;,&quot;orientation&quot;:&quot;1&quot;}\" data-image-title=\"Jared. Docklands Monday 10th June 2013.\" data-image-description=\"\" data-image-caption=\"\" data-medium-file=\"https:\/\/i0.wp.com\/www.joyana.fr\/wp-content\/uploads\/2013\/06\/ku130610Jared4784.jpg?fit=389%2C255&amp;ssl=1\" data-large-file=\"https:\/\/i0.wp.com\/www.joyana.fr\/wp-content\/uploads\/2013\/06\/ku130610Jared4784.jpg?fit=935%2C612&amp;ssl=1\" class=\"alignnone size-full wp-image-5610\" title=\"Cuisine design GORENJE par Ora \u00cfTO\" src=\"https:\/\/i0.wp.com\/joyana.fr\/wp-content\/uploads\/Gorenje-OraIto-Black_White.jpg?resize=576%2C256&#038;ssl=1\" alt=\"\" width=\"576\" height=\"256\" \/><\/p>\n<p>En savoir + sur <a title=\"GORENJE\" href=\"http:\/\/www.gorenje.com\/\"><strong>GORENJE<\/strong><\/a> &#038; <a title=\"ORA \u00cfTO\" href=\"http:\/\/www.ora-ito.com\/\"><strong>Ora \u00cfTO<\/strong><\/a><\/p>\n","protected":false},"excerpt":{"rendered":"<p>Apr\u00e8s avoir fait appel \u00e0 Karim Rashid, GORENJE collabore \u00e0 nouveau avec un grand designer, en la personne de Ora \u00cfto &#8211; qui signe ici une cuisine conjuguant \u00e0 la perfection lignes luxueuses et \u00e9l\u00e9gance minimaliste&#8230; Ora \u00cfto l&#8217;enfant terrible du design industriel signe pour GORENJE une cuisine qui conjugue \u00e0 la perfection lignes luxueuses [&hellip;]<\/p>\n","protected":false},"author":3,"featured_media":105612,"comment_status":"open","ping_status":"open","sticky":false,"template":"","format":"standard","meta":{"_coblocks_attr":"","_coblocks_dimensions":"","_coblocks_responsive_height":"","_coblocks_accordion_ie_support":"","_uag_custom_page_level_css":"","advgb_blocks_editor_width":"","advgb_blocks_columns_visual_guide":"","_genesis_hide_title":false,"_genesis_hide_breadcrumbs":false,"_genesis_hide_singular_image":false,"_genesis_hide_footer_widgets":false,"_genesis_custom_body_class":"","_genesis_custom_post_class":"","_genesis_layout":"","_themeisle_gutenberg_block_has_review":false,"_jetpack_newsletter_access":"","_jetpack_dont_email_post_to_subs":false,"_jetpack_newsletter_tier_id":0,"_jetpack_memberships_contains_paywalled_content":false,"_jetpack_memberships_contains_paid_content":false,"footnotes":""},"categories":[909,905,933],"tags":[],"class_list":{"0":"post-105608","1":"post","2":"type-post","3":"status-publish","4":"format-standard","5":"has-post-thumbnail","7":"category-cuisine","8":"category-deco-design","9":"category-ora-ito","10":"entry"},"featured_image_urls":{"full":["https:\/\/i0.wp.com\/www.joyana.fr\/wp-content\/uploads\/old\/Gorenje-OraIto_KitchenWhite.jpg?fit=576%2C384&ssl=1",576,384,false],"thumbnail":["https:\/\/i0.wp.com\/www.joyana.fr\/wp-content\/uploads\/old\/Gorenje-OraIto_KitchenWhite.jpg?resize=150%2C150&ssl=1",150,150,true],"medium":["https:\/\/i0.wp.com\/www.joyana.fr\/wp-content\/uploads\/old\/Gorenje-OraIto_KitchenWhite.jpg?fit=389%2C259&ssl=1",389,259,true],"medium_large":["https:\/\/i0.wp.com\/www.joyana.fr\/wp-content\/uploads\/old\/Gorenje-OraIto_KitchenWhite.jpg?fit=576%2C384&ssl=1",576,384,true],"large":["https:\/\/i0.wp.com\/www.joyana.fr\/wp-content\/uploads\/old\/Gorenje-OraIto_KitchenWhite.jpg?fit=576%2C384&ssl=1",576,384,true],"1536x1536":["https:\/\/i0.wp.com\/www.joyana.fr\/wp-content\/uploads\/old\/Gorenje-OraIto_KitchenWhite.jpg?fit=576%2C384&ssl=1",576,384,true],"2048x2048":["https:\/\/i0.wp.com\/www.joyana.fr\/wp-content\/uploads\/old\/Gorenje-OraIto_KitchenWhite.jpg?fit=576%2C384&ssl=1",576,384,true],"featured-thumb":["https:\/\/i0.wp.com\/www.joyana.fr\/wp-content\/uploads\/old\/Gorenje-OraIto_KitchenWhite.jpg?resize=576%2C384&ssl=1",576,384,true],"ab-block-post-grid-landscape":["https:\/\/i0.wp.com\/www.joyana.fr\/wp-content\/uploads\/old\/Gorenje-OraIto_KitchenWhite.jpg?resize=576%2C384&ssl=1",576,384,true],"ab-block-post-grid-square":["https:\/\/i0.wp.com\/www.joyana.fr\/wp-content\/uploads\/old\/Gorenje-OraIto_KitchenWhite.jpg?resize=576%2C384&ssl=1",576,384,true],"author-pro-image":["https:\/\/i0.wp.com\/www.joyana.fr\/wp-content\/uploads\/old\/Gorenje-OraIto_KitchenWhite.jpg?resize=360%2C384&ssl=1",360,384,true],"slider":["https:\/\/i0.wp.com\/www.joyana.fr\/wp-content\/uploads\/old\/Gorenje-OraIto_KitchenWhite.jpg?resize=576%2C384&ssl=1",576,384,true],"woocommerce_thumbnail":["https:\/\/i0.wp.com\/www.joyana.fr\/wp-content\/uploads\/old\/Gorenje-OraIto_KitchenWhite.jpg?resize=450%2C384&ssl=1",450,384,true],"woocommerce_single":["https:\/\/i0.wp.com\/www.joyana.fr\/wp-content\/uploads\/old\/Gorenje-OraIto_KitchenWhite.jpg?fit=576%2C384&ssl=1",576,384,true],"woocommerce_gallery_thumbnail":["https:\/\/i0.wp.com\/www.joyana.fr\/wp-content\/uploads\/old\/Gorenje-OraIto_KitchenWhite.jpg?resize=180%2C180&ssl=1",180,180,true],"sow-carousel-default":["https:\/\/i0.wp.com\/www.joyana.fr\/wp-content\/uploads\/old\/Gorenje-OraIto_KitchenWhite.jpg?resize=272%2C182&ssl=1",272,182,true]},"post_excerpt_stackable":"<p>Apr\u00e8s avoir fait appel \u00e0 Karim Rashid, GORENJE collabore \u00e0 nouveau avec un grand designer, en la personne de Ora \u00cfto &#8211; qui signe ici une cuisine conjuguant \u00e0 la perfection lignes luxueuses et \u00e9l\u00e9gance minimaliste&#8230; Ora \u00cfto l&#8217;enfant terrible du design industriel signe pour GORENJE une cuisine qui conjugue \u00e0 la perfection lignes luxueuses et \u00e9l\u00e9gance minimaliste. Il rompt avec les sch\u00e9mas traditionnels et associe judicieusement fa\u00e7ade en verre noir et inox. \u00c9l\u00e9ment r\u00e9current sur tous les produits, la poign\u00e9e inox massive se re\ufb02\u00e8te dans le verre noir et donne de l\u2019homog\u00e9n\u00e9it\u00e9 \u00e0 la gamme&#8230; Une cuisine repens\u00e9e apte&hellip;<\/p>\n","category_list":"<a href=\"https:\/\/www.joyana.fr\/en\/category\/deco-design\/decoration\/cuisine\/\" rel=\"category tag\">Cuisine<\/a>, <a href=\"https:\/\/www.joyana.fr\/en\/category\/deco-design\/\" rel=\"category tag\">DECO-DESIGN<\/a>, <a href=\"https:\/\/www.joyana.fr\/en\/category\/deco-design\/designer\/ora-ito\/\" rel=\"category tag\">Ora \u00cfTO<\/a>","author_info":{"display_name":"Jo Yana","author_link":"https:\/\/www.joyana.fr\/en\/author\/joyana\/"},"comments_num":"7 comments","featured_image_urls_v2":{"full":["https:\/\/i0.wp.com\/www.joyana.fr\/wp-content\/uploads\/old\/Gorenje-OraIto_KitchenWhite.jpg?fit=576%2C384&ssl=1",576,384,false],"thumbnail":["https:\/\/i0.wp.com\/www.joyana.fr\/wp-content\/uploads\/old\/Gorenje-OraIto_KitchenWhite.jpg?resize=150%2C150&ssl=1",150,150,true],"medium":["https:\/\/i0.wp.com\/www.joyana.fr\/wp-content\/uploads\/old\/Gorenje-OraIto_KitchenWhite.jpg?fit=389%2C259&ssl=1",389,259,true],"medium_large":["https:\/\/i0.wp.com\/www.joyana.fr\/wp-content\/uploads\/old\/Gorenje-OraIto_KitchenWhite.jpg?fit=576%2C384&ssl=1",576,384,true],"large":["https:\/\/i0.wp.com\/www.joyana.fr\/wp-content\/uploads\/old\/Gorenje-OraIto_KitchenWhite.jpg?fit=576%2C384&ssl=1",576,384,true],"1536x1536":["https:\/\/i0.wp.com\/www.joyana.fr\/wp-content\/uploads\/old\/Gorenje-OraIto_KitchenWhite.jpg?fit=576%2C384&ssl=1",576,384,true],"2048x2048":["https:\/\/i0.wp.com\/www.joyana.fr\/wp-content\/uploads\/old\/Gorenje-OraIto_KitchenWhite.jpg?fit=576%2C384&ssl=1",576,384,true],"featured-thumb":["https:\/\/i0.wp.com\/www.joyana.fr\/wp-content\/uploads\/old\/Gorenje-OraIto_KitchenWhite.jpg?resize=576%2C384&ssl=1",576,384,true],"ab-block-post-grid-landscape":["https:\/\/i0.wp.com\/www.joyana.fr\/wp-content\/uploads\/old\/Gorenje-OraIto_KitchenWhite.jpg?resize=576%2C384&ssl=1",576,384,true],"ab-block-post-grid-square":["https:\/\/i0.wp.com\/www.joyana.fr\/wp-content\/uploads\/old\/Gorenje-OraIto_KitchenWhite.jpg?resize=576%2C384&ssl=1",576,384,true],"author-pro-image":["https:\/\/i0.wp.com\/www.joyana.fr\/wp-content\/uploads\/old\/Gorenje-OraIto_KitchenWhite.jpg?resize=360%2C384&ssl=1",360,384,true],"slider":["https:\/\/i0.wp.com\/www.joyana.fr\/wp-content\/uploads\/old\/Gorenje-OraIto_KitchenWhite.jpg?resize=576%2C384&ssl=1",576,384,true],"woocommerce_thumbnail":["https:\/\/i0.wp.com\/www.joyana.fr\/wp-content\/uploads\/old\/Gorenje-OraIto_KitchenWhite.jpg?resize=450%2C384&ssl=1",450,384,true],"woocommerce_single":["https:\/\/i0.wp.com\/www.joyana.fr\/wp-content\/uploads\/old\/Gorenje-OraIto_KitchenWhite.jpg?fit=576%2C384&ssl=1",576,384,true],"woocommerce_gallery_thumbnail":["https:\/\/i0.wp.com\/www.joyana.fr\/wp-content\/uploads\/old\/Gorenje-OraIto_KitchenWhite.jpg?resize=180%2C180&ssl=1",180,180,true],"sow-carousel-default":["https:\/\/i0.wp.com\/www.joyana.fr\/wp-content\/uploads\/old\/Gorenje-OraIto_KitchenWhite.jpg?resize=272%2C182&ssl=1",272,182,true]},"post_excerpt_stackable_v2":"<p>Apr\u00e8s avoir fait appel \u00e0 Karim Rashid, GORENJE collabore \u00e0 nouveau avec un grand designer, en la personne de Ora \u00cfto &#8211; qui signe ici une cuisine conjuguant \u00e0 la perfection lignes luxueuses et \u00e9l\u00e9gance minimaliste&#8230; Ora \u00cfto l&#8217;enfant terrible du design industriel signe pour GORENJE une cuisine qui conjugue \u00e0 la perfection lignes luxueuses et \u00e9l\u00e9gance minimaliste. Il rompt avec les sch\u00e9mas traditionnels et associe judicieusement fa\u00e7ade en verre noir et inox. \u00c9l\u00e9ment r\u00e9current sur tous les produits, la poign\u00e9e inox massive se re\ufb02\u00e8te dans le verre noir et donne de l\u2019homog\u00e9n\u00e9it\u00e9 \u00e0 la gamme&#8230; Une cuisine repens\u00e9e apte&hellip;<\/p>\n","category_list_v2":"<a href=\"https:\/\/www.joyana.fr\/en\/category\/deco-design\/decoration\/cuisine\/\" rel=\"category tag\">Cuisine<\/a>, <a href=\"https:\/\/www.joyana.fr\/en\/category\/deco-design\/\" rel=\"category tag\">DECO-DESIGN<\/a>, <a href=\"https:\/\/www.joyana.fr\/en\/category\/deco-design\/designer\/ora-ito\/\" rel=\"category tag\">Ora \u00cfTO<\/a>","author_info_v2":{"name":"Jo Yana","url":"https:\/\/www.joyana.fr\/en\/author\/joyana\/"},"comments_num_v2":"7 comments","yoast_head":"<!-- This site is optimized with the Yoast SEO plugin v26.8 - https:\/\/yoast.com\/product\/yoast-seo-wordpress\/ -->\n<title>Cuisine design GORENJE par Ora \u00cfTO - JO YANA<\/title>\n<meta name=\"robots\" content=\"index, follow, max-snippet:-1, max-image-preview:large, max-video-preview:-1\" \/>\n<link rel=\"canonical\" href=\"https:\/\/www.joyana.fr\/en\/cuisine-design-gorenje-par-ora-ito\/105608\/\" \/>\n<meta property=\"og:locale\" content=\"en_US\" \/>\n<meta property=\"og:locale:alternate\" content=\"fr_FR\" \/>\n<meta property=\"og:locale:alternate\" content=\"ja\" \/>\n<meta property=\"og:type\" content=\"article\" \/>\n<meta property=\"og:title\" content=\"Cuisine design GORENJE par Ora \u00cfTO - JO YANA\" \/>\n<meta property=\"og:description\" content=\"Apr\u00e8s avoir fait appel \u00e0 Karim Rashid, GORENJE collabore \u00e0 nouveau avec un grand designer, en la personne de Ora \u00cfto &#8211; qui signe ici une cuisine conjuguant \u00e0 la perfection lignes luxueuses et \u00e9l\u00e9gance minimaliste&#8230; Ora \u00cfto l&#8217;enfant terrible du design industriel signe pour GORENJE une cuisine qui conjugue \u00e0 la perfection lignes luxueuses [&hellip;]\" \/>\n<meta property=\"og:url\" content=\"https:\/\/www.joyana.fr\/en\/cuisine-design-gorenje-par-ora-ito\/105608\/\" \/>\n<meta property=\"og:site_name\" content=\"JO YANA\" \/>\n<meta property=\"article:published_time\" content=\"2011-01-18T07:38:40+00:00\" \/>\n<meta property=\"og:image\" content=\"https:\/\/www.joyana.fr\/wp-content\/uploads\/old\/Gorenje-OraIto_KitchenWhite.jpg\" \/>\n\t<meta property=\"og:image:width\" content=\"576\" \/>\n\t<meta property=\"og:image:height\" content=\"384\" \/>\n\t<meta property=\"og:image:type\" content=\"image\/jpeg\" \/>\n<meta name=\"author\" content=\"Jo Yana\" \/>\n<meta name=\"twitter:card\" content=\"summary_large_image\" \/>\n<meta name=\"twitter:creator\" content=\"@Jo_Yana\" \/>\n<meta name=\"twitter:site\" content=\"@Jo_Yana\" \/>\n<meta name=\"twitter:label1\" content=\"Written by\" \/>\n\t<meta name=\"twitter:data1\" content=\"Jo Yana\" \/>\n\t<meta name=\"twitter:label2\" content=\"Est. reading time\" \/>\n\t<meta name=\"twitter:data2\" content=\"1 minute\" \/>\n<script type=\"application\/ld+json\" class=\"yoast-schema-graph\">{\"@context\":\"https:\/\/schema.org\",\"@graph\":[{\"@type\":\"Article\",\"@id\":\"https:\/\/www.joyana.fr\/ja\/cuisine-design-gorenje-par-ora-ito\/105608\/#article\",\"isPartOf\":{\"@id\":\"https:\/\/www.joyana.fr\/ja\/cuisine-design-gorenje-par-ora-ito\/105608\/\"},\"author\":{\"name\":\"Jo Yana\",\"@id\":\"https:\/\/joyana.fr\/#\/schema\/person\/cf2a1ad12a27c12c21801075bf37407c\"},\"headline\":\"Cuisine design GORENJE par Ora \u00cfTO\",\"datePublished\":\"2011-01-18T07:38:40+00:00\",\"mainEntityOfPage\":{\"@id\":\"https:\/\/www.joyana.fr\/ja\/cuisine-design-gorenje-par-ora-ito\/105608\/\"},\"wordCount\":231,\"commentCount\":0,\"publisher\":{\"@id\":\"https:\/\/joyana.fr\/#\/schema\/person\/cf2a1ad12a27c12c21801075bf37407c\"},\"image\":{\"@id\":\"https:\/\/www.joyana.fr\/ja\/cuisine-design-gorenje-par-ora-ito\/105608\/#primaryimage\"},\"thumbnailUrl\":\"https:\/\/i0.wp.com\/www.joyana.fr\/wp-content\/uploads\/old\/Gorenje-OraIto_KitchenWhite.jpg?fit=576%2C384&ssl=1\",\"articleSection\":[\"Cuisine\",\"DECO-DESIGN\",\"Ora \u00cfTO\"],\"inLanguage\":\"en-US\",\"potentialAction\":[{\"@type\":\"CommentAction\",\"name\":\"Comment\",\"target\":[\"https:\/\/www.joyana.fr\/ja\/cuisine-design-gorenje-par-ora-ito\/105608\/#respond\"]}]},{\"@type\":\"WebPage\",\"@id\":\"https:\/\/www.joyana.fr\/ja\/cuisine-design-gorenje-par-ora-ito\/105608\/\",\"url\":\"https:\/\/www.joyana.fr\/ja\/cuisine-design-gorenje-par-ora-ito\/105608\/\",\"name\":\"Cuisine design GORENJE par Ora \u00cfTO - JO YANA\",\"isPartOf\":{\"@id\":\"https:\/\/joyana.fr\/#website\"},\"primaryImageOfPage\":{\"@id\":\"https:\/\/www.joyana.fr\/ja\/cuisine-design-gorenje-par-ora-ito\/105608\/#primaryimage\"},\"image\":{\"@id\":\"https:\/\/www.joyana.fr\/ja\/cuisine-design-gorenje-par-ora-ito\/105608\/#primaryimage\"},\"thumbnailUrl\":\"https:\/\/i0.wp.com\/www.joyana.fr\/wp-content\/uploads\/old\/Gorenje-OraIto_KitchenWhite.jpg?fit=576%2C384&ssl=1\",\"datePublished\":\"2011-01-18T07:38:40+00:00\",\"breadcrumb\":{\"@id\":\"https:\/\/www.joyana.fr\/ja\/cuisine-design-gorenje-par-ora-ito\/105608\/#breadcrumb\"},\"inLanguage\":\"en-US\",\"potentialAction\":[{\"@type\":\"ReadAction\",\"target\":[\"https:\/\/www.joyana.fr\/ja\/cuisine-design-gorenje-par-ora-ito\/105608\/\"]}]},{\"@type\":\"ImageObject\",\"inLanguage\":\"en-US\",\"@id\":\"https:\/\/www.joyana.fr\/ja\/cuisine-design-gorenje-par-ora-ito\/105608\/#primaryimage\",\"url\":\"https:\/\/i0.wp.com\/www.joyana.fr\/wp-content\/uploads\/old\/Gorenje-OraIto_KitchenWhite.jpg?fit=576%2C384&ssl=1\",\"contentUrl\":\"https:\/\/i0.wp.com\/www.joyana.fr\/wp-content\/uploads\/old\/Gorenje-OraIto_KitchenWhite.jpg?fit=576%2C384&ssl=1\",\"width\":576,\"height\":384},{\"@type\":\"BreadcrumbList\",\"@id\":\"https:\/\/www.joyana.fr\/ja\/cuisine-design-gorenje-par-ora-ito\/105608\/#breadcrumb\",\"itemListElement\":[{\"@type\":\"ListItem\",\"position\":1,\"name\":\"Accueil\",\"item\":\"https:\/\/joyana.fr\/\"},{\"@type\":\"ListItem\",\"position\":2,\"name\":\"Cuisine design GORENJE par Ora \u00cfTO\"}]},{\"@type\":\"WebSite\",\"@id\":\"https:\/\/joyana.fr\/#website\",\"url\":\"https:\/\/joyana.fr\/\",\"name\":\"JO YANA\",\"description\":\"Blog Mode Homme, Lifestyle, D\u00e9co-Design\",\"publisher\":{\"@id\":\"https:\/\/joyana.fr\/#\/schema\/person\/cf2a1ad12a27c12c21801075bf37407c\"},\"potentialAction\":[{\"@type\":\"SearchAction\",\"target\":{\"@type\":\"EntryPoint\",\"urlTemplate\":\"https:\/\/joyana.fr\/?s={search_term_string}\"},\"query-input\":{\"@type\":\"PropertyValueSpecification\",\"valueRequired\":true,\"valueName\":\"search_term_string\"}}],\"inLanguage\":\"en-US\"},{\"@type\":[\"Person\",\"Organization\"],\"@id\":\"https:\/\/joyana.fr\/#\/schema\/person\/cf2a1ad12a27c12c21801075bf37407c\",\"name\":\"Jo Yana\",\"image\":{\"@type\":\"ImageObject\",\"inLanguage\":\"en-US\",\"@id\":\"https:\/\/joyana.fr\/#\/schema\/person\/image\/\",\"url\":\"https:\/\/i0.wp.com\/www.joyana.fr\/wp-content\/uploads\/2016\/08\/cropped-joyana-logo-black-360x180.png?fit=343%2C164&ssl=1\",\"contentUrl\":\"https:\/\/i0.wp.com\/www.joyana.fr\/wp-content\/uploads\/2016\/08\/cropped-joyana-logo-black-360x180.png?fit=343%2C164&ssl=1\",\"width\":343,\"height\":164,\"caption\":\"Jo Yana\"},\"logo\":{\"@id\":\"https:\/\/joyana.fr\/#\/schema\/person\/image\/\"},\"description\":\"Jo Yana est le cr\u00e9ateur et r\u00e9dacteur en chef des sites DECO-DESIGN. Passionn\u00e9 de Design, Mode, Photo, Luxe, Lifestyle, Musique, mais avant tout Blogueur ! Le plaisir de partager l'anime et a comme devise \\\"POUR L'AMOUR DU BEAU\\\". Retrouvez le aussi sur son blog personnel - https:\/\/joyana.fr...\",\"sameAs\":[\"https:\/\/joyana.fr\/\"],\"url\":\"https:\/\/www.joyana.fr\/en\/author\/joyana\/\"}]}<\/script>\n<!-- \/ Yoast SEO plugin. -->","yoast_head_json":{"title":"Cuisine design GORENJE par Ora \u00cfTO - JO YANA","robots":{"index":"index","follow":"follow","max-snippet":"max-snippet:-1","max-image-preview":"max-image-preview:large","max-video-preview":"max-video-preview:-1"},"canonical":"https:\/\/www.joyana.fr\/en\/cuisine-design-gorenje-par-ora-ito\/105608\/","og_locale":"en_US","og_type":"article","og_title":"Cuisine design GORENJE par Ora \u00cfTO - JO YANA","og_description":"Apr\u00e8s avoir fait appel \u00e0 Karim Rashid, GORENJE collabore \u00e0 nouveau avec un grand designer, en la personne de Ora \u00cfto &#8211; qui signe ici une cuisine conjuguant \u00e0 la perfection lignes luxueuses et \u00e9l\u00e9gance minimaliste&#8230; Ora \u00cfto l&#8217;enfant terrible du design industriel signe pour GORENJE une cuisine qui conjugue \u00e0 la perfection lignes luxueuses [&hellip;]","og_url":"https:\/\/www.joyana.fr\/en\/cuisine-design-gorenje-par-ora-ito\/105608\/","og_site_name":"JO YANA","article_published_time":"2011-01-18T07:38:40+00:00","og_image":[{"width":576,"height":384,"url":"https:\/\/www.joyana.fr\/wp-content\/uploads\/old\/Gorenje-OraIto_KitchenWhite.jpg","type":"image\/jpeg"}],"author":"Jo Yana","twitter_card":"summary_large_image","twitter_creator":"@Jo_Yana","twitter_site":"@Jo_Yana","twitter_misc":{"Written by":"Jo Yana","Est. reading time":"1 minute"},"schema":{"@context":"https:\/\/schema.org","@graph":[{"@type":"Article","@id":"https:\/\/www.joyana.fr\/ja\/cuisine-design-gorenje-par-ora-ito\/105608\/#article","isPartOf":{"@id":"https:\/\/www.joyana.fr\/ja\/cuisine-design-gorenje-par-ora-ito\/105608\/"},"author":{"name":"Jo Yana","@id":"https:\/\/joyana.fr\/#\/schema\/person\/cf2a1ad12a27c12c21801075bf37407c"},"headline":"Cuisine design GORENJE par Ora \u00cfTO","datePublished":"2011-01-18T07:38:40+00:00","mainEntityOfPage":{"@id":"https:\/\/www.joyana.fr\/ja\/cuisine-design-gorenje-par-ora-ito\/105608\/"},"wordCount":231,"commentCount":0,"publisher":{"@id":"https:\/\/joyana.fr\/#\/schema\/person\/cf2a1ad12a27c12c21801075bf37407c"},"image":{"@id":"https:\/\/www.joyana.fr\/ja\/cuisine-design-gorenje-par-ora-ito\/105608\/#primaryimage"},"thumbnailUrl":"https:\/\/i0.wp.com\/www.joyana.fr\/wp-content\/uploads\/old\/Gorenje-OraIto_KitchenWhite.jpg?fit=576%2C384&ssl=1","articleSection":["Cuisine","DECO-DESIGN","Ora \u00cfTO"],"inLanguage":"en-US","potentialAction":[{"@type":"CommentAction","name":"Comment","target":["https:\/\/www.joyana.fr\/ja\/cuisine-design-gorenje-par-ora-ito\/105608\/#respond"]}]},{"@type":"WebPage","@id":"https:\/\/www.joyana.fr\/ja\/cuisine-design-gorenje-par-ora-ito\/105608\/","url":"https:\/\/www.joyana.fr\/ja\/cuisine-design-gorenje-par-ora-ito\/105608\/","name":"Cuisine design GORENJE par Ora \u00cfTO - JO YANA","isPartOf":{"@id":"https:\/\/joyana.fr\/#website"},"primaryImageOfPage":{"@id":"https:\/\/www.joyana.fr\/ja\/cuisine-design-gorenje-par-ora-ito\/105608\/#primaryimage"},"image":{"@id":"https:\/\/www.joyana.fr\/ja\/cuisine-design-gorenje-par-ora-ito\/105608\/#primaryimage"},"thumbnailUrl":"https:\/\/i0.wp.com\/www.joyana.fr\/wp-content\/uploads\/old\/Gorenje-OraIto_KitchenWhite.jpg?fit=576%2C384&ssl=1","datePublished":"2011-01-18T07:38:40+00:00","breadcrumb":{"@id":"https:\/\/www.joyana.fr\/ja\/cuisine-design-gorenje-par-ora-ito\/105608\/#breadcrumb"},"inLanguage":"en-US","potentialAction":[{"@type":"ReadAction","target":["https:\/\/www.joyana.fr\/ja\/cuisine-design-gorenje-par-ora-ito\/105608\/"]}]},{"@type":"ImageObject","inLanguage":"en-US","@id":"https:\/\/www.joyana.fr\/ja\/cuisine-design-gorenje-par-ora-ito\/105608\/#primaryimage","url":"https:\/\/i0.wp.com\/www.joyana.fr\/wp-content\/uploads\/old\/Gorenje-OraIto_KitchenWhite.jpg?fit=576%2C384&ssl=1","contentUrl":"https:\/\/i0.wp.com\/www.joyana.fr\/wp-content\/uploads\/old\/Gorenje-OraIto_KitchenWhite.jpg?fit=576%2C384&ssl=1","width":576,"height":384},{"@type":"BreadcrumbList","@id":"https:\/\/www.joyana.fr\/ja\/cuisine-design-gorenje-par-ora-ito\/105608\/#breadcrumb","itemListElement":[{"@type":"ListItem","position":1,"name":"Accueil","item":"https:\/\/joyana.fr\/"},{"@type":"ListItem","position":2,"name":"Cuisine design GORENJE par Ora \u00cfTO"}]},{"@type":"WebSite","@id":"https:\/\/joyana.fr\/#website","url":"https:\/\/joyana.fr\/","name":"JO YANA","description":"Blog Mode Homme, Lifestyle, D\u00e9co-Design","publisher":{"@id":"https:\/\/joyana.fr\/#\/schema\/person\/cf2a1ad12a27c12c21801075bf37407c"},"potentialAction":[{"@type":"SearchAction","target":{"@type":"EntryPoint","urlTemplate":"https:\/\/joyana.fr\/?s={search_term_string}"},"query-input":{"@type":"PropertyValueSpecification","valueRequired":true,"valueName":"search_term_string"}}],"inLanguage":"en-US"},{"@type":["Person","Organization"],"@id":"https:\/\/joyana.fr\/#\/schema\/person\/cf2a1ad12a27c12c21801075bf37407c","name":"Jo Yana","image":{"@type":"ImageObject","inLanguage":"en-US","@id":"https:\/\/joyana.fr\/#\/schema\/person\/image\/","url":"https:\/\/i0.wp.com\/www.joyana.fr\/wp-content\/uploads\/2016\/08\/cropped-joyana-logo-black-360x180.png?fit=343%2C164&ssl=1","contentUrl":"https:\/\/i0.wp.com\/www.joyana.fr\/wp-content\/uploads\/2016\/08\/cropped-joyana-logo-black-360x180.png?fit=343%2C164&ssl=1","width":343,"height":164,"caption":"Jo Yana"},"logo":{"@id":"https:\/\/joyana.fr\/#\/schema\/person\/image\/"},"description":"Jo Yana est le cr\u00e9ateur et r\u00e9dacteur en chef des sites DECO-DESIGN. Passionn\u00e9 de Design, Mode, Photo, Luxe, Lifestyle, Musique, mais avant tout Blogueur ! Le plaisir de partager l'anime et a comme devise \"POUR L'AMOUR DU BEAU\". Retrouvez le aussi sur son blog personnel - https:\/\/joyana.fr...","sameAs":["https:\/\/joyana.fr\/"],"url":"https:\/\/www.joyana.fr\/en\/author\/joyana\/"}]}},"author_meta":{"display_name":"Jo Yana","author_link":"https:\/\/www.joyana.fr\/en\/author\/joyana\/"},"featured_img":"https:\/\/i0.wp.com\/www.joyana.fr\/wp-content\/uploads\/old\/Gorenje-OraIto_KitchenWhite.jpg?fit=389%2C259&ssl=1","featured_image_src":"https:\/\/i0.wp.com\/www.joyana.fr\/wp-content\/uploads\/old\/Gorenje-OraIto_KitchenWhite.jpg?resize=576%2C384&ssl=1","featured_image_src_square":"https:\/\/i0.wp.com\/www.joyana.fr\/wp-content\/uploads\/old\/Gorenje-OraIto_KitchenWhite.jpg?resize=576%2C384&ssl=1","jetpack_featured_media_url":"https:\/\/i0.wp.com\/www.joyana.fr\/wp-content\/uploads\/old\/Gorenje-OraIto_KitchenWhite.jpg?fit=576%2C384&ssl=1","uagb_featured_image_src":{"full":["https:\/\/i0.wp.com\/www.joyana.fr\/wp-content\/uploads\/old\/Gorenje-OraIto_KitchenWhite.jpg?fit=576%2C384&ssl=1",576,384,false],"thumbnail":["https:\/\/i0.wp.com\/www.joyana.fr\/wp-content\/uploads\/old\/Gorenje-OraIto_KitchenWhite.jpg?resize=150%2C150&ssl=1",150,150,true],"medium":["https:\/\/i0.wp.com\/www.joyana.fr\/wp-content\/uploads\/old\/Gorenje-OraIto_KitchenWhite.jpg?fit=389%2C259&ssl=1",389,259,true],"medium_large":["https:\/\/i0.wp.com\/www.joyana.fr\/wp-content\/uploads\/old\/Gorenje-OraIto_KitchenWhite.jpg?fit=576%2C384&ssl=1",576,384,true],"large":["https:\/\/i0.wp.com\/www.joyana.fr\/wp-content\/uploads\/old\/Gorenje-OraIto_KitchenWhite.jpg?fit=576%2C384&ssl=1",576,384,true],"1536x1536":["https:\/\/i0.wp.com\/www.joyana.fr\/wp-content\/uploads\/old\/Gorenje-OraIto_KitchenWhite.jpg?fit=576%2C384&ssl=1",576,384,true],"2048x2048":["https:\/\/i0.wp.com\/www.joyana.fr\/wp-content\/uploads\/old\/Gorenje-OraIto_KitchenWhite.jpg?fit=576%2C384&ssl=1",576,384,true],"featured-thumb":["https:\/\/i0.wp.com\/www.joyana.fr\/wp-content\/uploads\/old\/Gorenje-OraIto_KitchenWhite.jpg?resize=576%2C384&ssl=1",576,384,true],"ab-block-post-grid-landscape":["https:\/\/i0.wp.com\/www.joyana.fr\/wp-content\/uploads\/old\/Gorenje-OraIto_KitchenWhite.jpg?resize=576%2C384&ssl=1",576,384,true],"ab-block-post-grid-square":["https:\/\/i0.wp.com\/www.joyana.fr\/wp-content\/uploads\/old\/Gorenje-OraIto_KitchenWhite.jpg?resize=576%2C384&ssl=1",576,384,true],"author-pro-image":["https:\/\/i0.wp.com\/www.joyana.fr\/wp-content\/uploads\/old\/Gorenje-OraIto_KitchenWhite.jpg?resize=360%2C384&ssl=1",360,384,true],"slider":["https:\/\/i0.wp.com\/www.joyana.fr\/wp-content\/uploads\/old\/Gorenje-OraIto_KitchenWhite.jpg?resize=576%2C384&ssl=1",576,384,true],"woocommerce_thumbnail":["https:\/\/i0.wp.com\/www.joyana.fr\/wp-content\/uploads\/old\/Gorenje-OraIto_KitchenWhite.jpg?resize=450%2C384&ssl=1",450,384,true],"woocommerce_single":["https:\/\/i0.wp.com\/www.joyana.fr\/wp-content\/uploads\/old\/Gorenje-OraIto_KitchenWhite.jpg?fit=576%2C384&ssl=1",576,384,true],"woocommerce_gallery_thumbnail":["https:\/\/i0.wp.com\/www.joyana.fr\/wp-content\/uploads\/old\/Gorenje-OraIto_KitchenWhite.jpg?resize=180%2C180&ssl=1",180,180,true],"sow-carousel-default":["https:\/\/i0.wp.com\/www.joyana.fr\/wp-content\/uploads\/old\/Gorenje-OraIto_KitchenWhite.jpg?resize=272%2C182&ssl=1",272,182,true]},"uagb_author_info":{"display_name":"Jo Yana","author_link":"https:\/\/www.joyana.fr\/en\/author\/joyana\/"},"uagb_comment_info":7,"uagb_excerpt":"Apr\u00e8s avoir fait appel \u00e0 Karim Rashid, GORENJE collabore \u00e0 nouveau avec un grand designer, en la personne de Ora \u00cfto &#8211; qui signe ici une cuisine conjuguant \u00e0 la perfection lignes luxueuses et \u00e9l\u00e9gance minimaliste&#8230; Ora \u00cfto l&#8217;enfant terrible du design industriel signe pour GORENJE une cuisine qui conjugue \u00e0 la perfection lignes luxueuses&hellip;","coauthors":[],"tax_additional":{"categories":{"linked":["<a href=\"https:\/\/www.joyana.fr\/en\/category\/deco-design\/decoration\/cuisine\/\" class=\"advgb-post-tax-term\">Cuisine<\/a>","<a href=\"https:\/\/www.joyana.fr\/en\/category\/deco-design\/\" class=\"advgb-post-tax-term\">DECO-DESIGN<\/a>","<a href=\"https:\/\/www.joyana.fr\/en\/category\/deco-design\/designer\/ora-ito\/\" class=\"advgb-post-tax-term\">Ora \u00cfTO<\/a>"],"unlinked":["<span class=\"advgb-post-tax-term\">Cuisine<\/span>","<span class=\"advgb-post-tax-term\">DECO-DESIGN<\/span>","<span class=\"advgb-post-tax-term\">Ora \u00cfTO<\/span>"]}},"comment_count":7,"relative_dates":{"created":"Posted 15 years ago","modified":"Updated 15 years ago"},"absolute_dates":{"created":"Posted on 18 January 2011","modified":"Updated on 18 January 2011"},"absolute_dates_time":{"created":"Posted on 18 January 2011 8:38","modified":"Updated on 18 January 2011 8:38"},"featured_img_caption":"","series_order":"","jetpack_sharing_enabled":true,"jetpack_shortlink":"https:\/\/wp.me\/p9bteI-rtm","jetpack-related-posts":[],"_links":{"self":[{"href":"https:\/\/www.joyana.fr\/en\/wp-json\/wp\/v2\/posts\/105608","targetHints":{"allow":["GET"]}}],"collection":[{"href":"https:\/\/www.joyana.fr\/en\/wp-json\/wp\/v2\/posts"}],"about":[{"href":"https:\/\/www.joyana.fr\/en\/wp-json\/wp\/v2\/types\/post"}],"author":[{"embeddable":true,"href":"https:\/\/www.joyana.fr\/en\/wp-json\/wp\/v2\/users\/3"}],"replies":[{"embeddable":true,"href":"https:\/\/www.joyana.fr\/en\/wp-json\/wp\/v2\/comments?post=105608"}],"version-history":[{"count":0,"href":"https:\/\/www.joyana.fr\/en\/wp-json\/wp\/v2\/posts\/105608\/revisions"}],"wp:featuredmedia":[{"embeddable":true,"href":"https:\/\/www.joyana.fr\/en\/wp-json\/wp\/v2\/media\/105612"}],"wp:attachment":[{"href":"https:\/\/www.joyana.fr\/en\/wp-json\/wp\/v2\/media?parent=105608"}],"wp:term":[{"taxonomy":"category","embeddable":true,"href":"https:\/\/www.joyana.fr\/en\/wp-json\/wp\/v2\/categories?post=105608"},{"taxonomy":"post_tag","embeddable":true,"href":"https:\/\/www.joyana.fr\/en\/wp-json\/wp\/v2\/tags?post=105608"}],"curies":[{"name":"wp","href":"https:\/\/api.w.org\/{rel}","templated":true}]}}