{"id":104345,"date":"2010-09-15T07:49:31","date_gmt":"2010-09-15T06:49:31","guid":{"rendered":"https:\/\/joyana.fr\/?p=4345"},"modified":"2010-09-15T07:49:31","modified_gmt":"2010-09-15T06:49:31","slug":"ovale-ronan-erwan-bouroullec-alessi","status":"publish","type":"post","link":"https:\/\/www.joyana.fr\/en\/ovale-ronan-erwan-bouroullec-alessi\/104345\/","title":{"rendered":"OVALE par Ronan &#038; Erwan BOUROULLEC pour Alessi"},"content":{"rendered":"<p>Gros coup de c\u0153ur pour la collection <strong>OVALE<\/strong> &#8211; dessin\u00e9e par <strong>Ronan &#038; Erwan Bouroullec<\/strong> pour <strong>Alessi<\/strong> &#8211; qui arbore des courbes d\u00e9licates, enfantines, tout en rondeur&#8230;<\/p>\n<p><img data-recalc-dims=\"1\" fetchpriority=\"high\" decoding=\"async\" class=\"alignnone size-full wp-image-4353\" style=\"margin-left: 8px; margin-right: 8px;\" title=\"OVALE par Ronan &#038; Erwan BOUROULLEC pour Alessi\" src=\"https:\/\/i0.wp.com\/joyana.fr\/wp-content\/uploads\/ALESSI_OVALE_BOUROULLEC.jpg?resize=500%2C350&#038;ssl=1\" alt=\"\" width=\"500\" height=\"350\" \/><\/p>\n<p>Alberto <strong>Alessi<\/strong> parle de la collection <strong>OVALE<\/strong> :<\/p>\n<p><em>C&#8217;est ainsi qu&#8217;<strong>Erwan et Ronan BOUROULLEC<\/strong> parlent du projet : &#8220;La collection <strong>OVALE<\/strong> se veut singuli\u00e8re et rustique. Nous sommes \u00e0 la recherche d&#8217;une forme de d\u00e9licatesse. Cet ensemble\u00a0fait r\u00e9f\u00e9rence\u00a0au repas, au d\u00e9jeuner, au quotidien, il y a ici une volont\u00e9 de simplicit\u00e9.&#8221; Ronan a ensuite forg\u00e9 une nouvelle expression pour d\u00e9crire Alessi, une comparaison qui me pla\u00eet : &#8220;Alessi&#8221; dit-il &#8220;est pour moi une entreprise tr\u00e8s proche de celle que Tim Burton pr\u00e9sente dans l&#8217;adaptation au cin\u00e9ma de Willy Wonka &#038; the Chocolate Factory, une fabrique extraordinaire. <strong>Alessi <\/strong>est un producteur de sucrerie.\u00a0D\u00e9licat, peu expressif, simple, presque n\u00e9o-primitif, en somme, volontairement &#8220;pas trop sucr\u00e9 !\u00a0&#8220;, le service de table complet <strong>OVALE<\/strong><\/em> <em>marque l&#8217;entr\u00e9e des deux fr\u00e8res bretons dans le catalogue <strong>Alessi<\/strong>. Je les remercie beaucoup non seulement pour ce beau projet, dont je suis s\u00fbr que, avec son expressivit\u00e9 contr\u00f4l\u00e9e, il trouvera sa route parmi les pi\u00e8ces de r\u00e9sistance importantes de notre catalogue, mais aussi parce que, en nous d\u00e9finissant comme &#8220;producteur de sucreries&#8221;, ils ont forg\u00e9 une expression digne de la phrase &#8220;Alessi est un marchand de bonheur&#8221; de Philippe Starck pendant les ann\u00e9es 80.<\/em><\/p>\n<p><em>This is how <strong>Ronan and Erwan BOUROULLEC<\/strong> described the project. &#8220;The <strong>OVALE<\/strong> collection strives to be original, but it also wants to be rustic and traditional. We set out in pursuit of delicate expression. This composition speaks about every day life, about breakfast, lunch, about everyone getting together for dinner. There is a desire for simplicity&#8221;. Then, Ronan coined a new expression to describe Alessi, a likeness that appeals to me: &#8220;Alessi is very similar to the operation described in Tim Burton&#8217;s movie adaptation of Willy Wonka and the Chocolate Factory, a wonderful factory where Alessi produces cakes and sweets.&#8221; says Ronan.\u00a0Delicate, slightly expressive, simple, almost neo-primitive, deliberately saying &#8220;hold the sugar!&#8221;, the complete table service, <strong>OVALE<\/strong>, marks the entry into the Alessi catalogue of the two brothers from Brittany. I am very grateful to them not only for this beautiful project &#8211; with its subsidiary expressiveness, I&#8217;m sure it will find its way among the major main course of our catalog &#8211; but also for having coined, defining a &#8220;producer of sweet things&#8221;, a phrase worthy of Philippe Starck&#8217;s definition in the 80s, &#8220;Alessi is a merchant of happiness.&#8221;<\/em><\/p>\n<p><img data-recalc-dims=\"1\" decoding=\"async\" class=\"alignnone size-full wp-image-4348\" style=\"margin-left: 8px; margin-right: 8px;\" title=\"OVALE par Ronan &#038; Erwan BOUROULLEC pour Alessi\" src=\"https:\/\/i0.wp.com\/joyana.fr\/wp-content\/uploads\/ALESSI_OVALE_2.jpg?resize=500%2C350&#038;ssl=1\" alt=\"\" width=\"500\" height=\"350\" \/><\/p>\n<p><img data-recalc-dims=\"1\" decoding=\"async\" data-attachment-id=\"4351\" data-permalink=\"https:\/\/www.joyana.fr\/en\/tendance-camouflage-camo-trend\/4345\/lookbook-camo-3\/\" data-orig-file=\"https:\/\/i0.wp.com\/www.joyana.fr\/wp-content\/uploads\/2012\/11\/LOOKBOOK-CAMO-3.jpg?fit=1000%2C1200&amp;ssl=1\" data-orig-size=\"1000,1200\" data-comments-opened=\"1\" data-image-meta=\"{&quot;aperture&quot;:&quot;0&quot;,&quot;credit&quot;:&quot;&quot;,&quot;camera&quot;:&quot;&quot;,&quot;caption&quot;:&quot;&quot;,&quot;created_timestamp&quot;:&quot;0&quot;,&quot;copyright&quot;:&quot;&quot;,&quot;focal_length&quot;:&quot;0&quot;,&quot;iso&quot;:&quot;0&quot;,&quot;shutter_speed&quot;:&quot;0&quot;,&quot;title&quot;:&quot;&quot;,&quot;orientation&quot;:&quot;0&quot;}\" data-image-title=\"JONATHAN ZEWADA x SIXPACK\" data-image-description=\"&lt;p&gt;JONATHAN ZEWADA x SIXPACK&lt;\/p&gt;\n\" data-image-caption=\"\" data-medium-file=\"https:\/\/i0.wp.com\/www.joyana.fr\/wp-content\/uploads\/2012\/11\/LOOKBOOK-CAMO-3.jpg?fit=324%2C389&amp;ssl=1\" data-large-file=\"https:\/\/i0.wp.com\/www.joyana.fr\/wp-content\/uploads\/2012\/11\/LOOKBOOK-CAMO-3.jpg?fit=853%2C1024&amp;ssl=1\" class=\"alignnone size-full wp-image-4351\" style=\"margin-left: 8px; margin-right: 8px;\" title=\"OVALE par Ronan &#038; Erwan BOUROULLEC pour Alessi\" src=\"https:\/\/i0.wp.com\/joyana.fr\/wp-content\/uploads\/ALESSI_OVALE_10.jpg?resize=500%2C289&#038;ssl=1\" alt=\"\" width=\"500\" height=\"289\" \/><\/p>\n<p><img data-recalc-dims=\"1\" loading=\"lazy\" decoding=\"async\" class=\"alignnone size-full wp-image-4350\" style=\"margin-left: 8px; margin-right: 8px;\" title=\"OVALE par Ronan &#038; Erwan BOUROULLEC pour Alessi\" src=\"https:\/\/i0.wp.com\/joyana.fr\/wp-content\/uploads\/ALESSI_OVALE_5.jpg?resize=500%2C266&#038;ssl=1\" alt=\"\" width=\"500\" height=\"266\" \/><\/p>\n<p><img data-recalc-dims=\"1\" loading=\"lazy\" decoding=\"async\" data-attachment-id=\"4346\" data-permalink=\"https:\/\/www.joyana.fr\/en\/tendance-camouflage-camo-trend\/4345\/camo\/\" data-orig-file=\"https:\/\/i0.wp.com\/www.joyana.fr\/wp-content\/uploads\/2012\/11\/CAMO.jpg?fit=985%2C645&amp;ssl=1\" data-orig-size=\"985,645\" data-comments-opened=\"1\" data-image-meta=\"{&quot;aperture&quot;:&quot;0&quot;,&quot;credit&quot;:&quot;&quot;,&quot;camera&quot;:&quot;&quot;,&quot;caption&quot;:&quot;&quot;,&quot;created_timestamp&quot;:&quot;0&quot;,&quot;copyright&quot;:&quot;&quot;,&quot;focal_length&quot;:&quot;0&quot;,&quot;iso&quot;:&quot;0&quot;,&quot;shutter_speed&quot;:&quot;0&quot;,&quot;title&quot;:&quot;&quot;,&quot;orientation&quot;:&quot;1&quot;}\" data-image-title=\"Tendance CAMOUFLAGE \/ CAMO Trend\" data-image-description=\"&lt;p&gt;Tendance CAMOUFLAGE \/ CAMO Trend&lt;\/p&gt;\n\" data-image-caption=\"\" data-medium-file=\"https:\/\/i0.wp.com\/www.joyana.fr\/wp-content\/uploads\/2012\/11\/CAMO.jpg?fit=389%2C255&amp;ssl=1\" data-large-file=\"https:\/\/i0.wp.com\/www.joyana.fr\/wp-content\/uploads\/2012\/11\/CAMO.jpg?fit=985%2C645&amp;ssl=1\" class=\"alignnone size-full wp-image-4346\" style=\"margin-left: 8px; margin-right: 8px;\" title=\"OVALE par Ronan &#038; Erwan BOUROULLEC pour Alessi\" src=\"https:\/\/i0.wp.com\/joyana.fr\/wp-content\/uploads\/ALESSI_OVALE_11.jpg?resize=500%2C348&#038;ssl=1\" alt=\"\" width=\"500\" height=\"348\" \/><\/p>\n<p><img data-recalc-dims=\"1\" loading=\"lazy\" decoding=\"async\" data-attachment-id=\"4349\" data-permalink=\"https:\/\/www.joyana.fr\/en\/tendance-camouflage-camo-trend\/4345\/motifs-camouflage\/\" data-orig-file=\"https:\/\/i0.wp.com\/www.joyana.fr\/wp-content\/uploads\/2012\/11\/MOTIFS-CAMOUFLAGE.jpg?fit=650%2C650&amp;ssl=1\" data-orig-size=\"650,650\" data-comments-opened=\"1\" data-image-meta=\"{&quot;aperture&quot;:&quot;0&quot;,&quot;credit&quot;:&quot;&quot;,&quot;camera&quot;:&quot;&quot;,&quot;caption&quot;:&quot;&quot;,&quot;created_timestamp&quot;:&quot;0&quot;,&quot;copyright&quot;:&quot;&quot;,&quot;focal_length&quot;:&quot;0&quot;,&quot;iso&quot;:&quot;0&quot;,&quot;shutter_speed&quot;:&quot;0&quot;,&quot;title&quot;:&quot;&quot;,&quot;orientation&quot;:&quot;1&quot;}\" data-image-title=\"MOTIFS CAMOUFLAGE CAMO\" data-image-description=\"&lt;p&gt;MOTIFS CAMOUFLAGE CAMO&lt;\/p&gt;\n\" data-image-caption=\"\" data-medium-file=\"https:\/\/i0.wp.com\/www.joyana.fr\/wp-content\/uploads\/2012\/11\/MOTIFS-CAMOUFLAGE.jpg?fit=389%2C389&amp;ssl=1\" data-large-file=\"https:\/\/i0.wp.com\/www.joyana.fr\/wp-content\/uploads\/2012\/11\/MOTIFS-CAMOUFLAGE.jpg?fit=650%2C650&amp;ssl=1\" class=\"alignnone size-full wp-image-4349\" style=\"margin-left: 8px; margin-right: 8px;\" title=\"OVALE par Ronan &#038; Erwan BOUROULLEC pour Alessi\" src=\"https:\/\/i0.wp.com\/joyana.fr\/wp-content\/uploads\/ALESSI_OVALE_3.jpg?resize=500%2C319&#038;ssl=1\" alt=\"\" width=\"500\" height=\"319\" \/><\/p>\n<p><img data-recalc-dims=\"1\" loading=\"lazy\" decoding=\"async\" data-attachment-id=\"4347\" data-permalink=\"https:\/\/www.joyana.fr\/en\/tendance-camouflage-camo-trend\/4345\/camo-c\/\" data-orig-file=\"https:\/\/i0.wp.com\/www.joyana.fr\/wp-content\/uploads\/2012\/11\/CAMO-C.jpg?fit=970%2C375&amp;ssl=1\" data-orig-size=\"970,375\" data-comments-opened=\"1\" data-image-meta=\"{&quot;aperture&quot;:&quot;0&quot;,&quot;credit&quot;:&quot;&quot;,&quot;camera&quot;:&quot;&quot;,&quot;caption&quot;:&quot;&quot;,&quot;created_timestamp&quot;:&quot;0&quot;,&quot;copyright&quot;:&quot;&quot;,&quot;focal_length&quot;:&quot;0&quot;,&quot;iso&quot;:&quot;0&quot;,&quot;shutter_speed&quot;:&quot;0&quot;,&quot;title&quot;:&quot;&quot;,&quot;orientation&quot;:&quot;1&quot;}\" data-image-title=\"Tendance CAMOUFLAGE \/ CAMO Trend\" data-image-description=\"&lt;p&gt;Tendance CAMOUFLAGE \/ CAMO Trend&lt;\/p&gt;\n\" data-image-caption=\"\" data-medium-file=\"https:\/\/i0.wp.com\/www.joyana.fr\/wp-content\/uploads\/2012\/11\/CAMO-C.jpg?fit=389%2C150&amp;ssl=1\" data-large-file=\"https:\/\/i0.wp.com\/www.joyana.fr\/wp-content\/uploads\/2012\/11\/CAMO-C.jpg?fit=970%2C375&amp;ssl=1\" class=\"alignnone size-full wp-image-4347\" style=\"margin-left: 8px; margin-right: 8px;\" title=\"OVALE par Ronan &#038; Erwan BOUROULLEC pour Alessi\" src=\"https:\/\/i0.wp.com\/joyana.fr\/wp-content\/uploads\/ALESSI_OVALE_.jpg?resize=500%2C292&#038;ssl=1\" alt=\"\" width=\"500\" height=\"292\" \/><\/p>\n<p><img data-recalc-dims=\"1\" loading=\"lazy\" decoding=\"async\" class=\"alignnone size-full wp-image-4352\" style=\"margin-left: 8px; margin-right: 8px;\" title=\"OVALE par Ronan &#038; Erwan BOUROULLEC pour Alessi\" src=\"https:\/\/i0.wp.com\/joyana.fr\/wp-content\/uploads\/ALESSI_OVALE_12.jpg?resize=500%2C345&#038;ssl=1\" alt=\"\" width=\"500\" height=\"345\" \/><\/p>\n<p>En savoir + sur <a title=\"ALESSI\" href=\"http:\/\/www.alessi.com\/en\/\"><strong>Alessi<\/strong><\/a> &#038; les <a title=\"BOUROULLEC\" href=\"http:\/\/www.bouroullec.com\/\"><strong>fr\u00e8res BOUROULLEC<\/strong><\/a><\/p>\n<p>Bient\u00f4t disponible chez <a href=\"http:\/\/ad.zanox.com\/ppc\/?12733943C479149178T\">MADE IN DESIGN<\/a><\/p>\n","protected":false},"excerpt":{"rendered":"<p>Gros coup de c\u0153ur pour la collection OVALE &#8211; dessin\u00e9e par Ronan &#038; Erwan Bouroullec pour Alessi &#8211; qui arbore des courbes d\u00e9licates, enfantines, tout en rondeur&#8230; Alberto Alessi parle de la collection OVALE : C&#8217;est ainsi qu&#8217;Erwan et Ronan BOUROULLEC parlent du projet : &#8220;La collection OVALE se veut singuli\u00e8re et rustique. Nous sommes [&hellip;]<\/p>\n","protected":false},"author":3,"featured_media":104353,"comment_status":"open","ping_status":"open","sticky":false,"template":"","format":"standard","meta":{"_coblocks_attr":"","_coblocks_dimensions":"","_coblocks_responsive_height":"","_coblocks_accordion_ie_support":"","_uag_custom_page_level_css":"","advgb_blocks_editor_width":"","advgb_blocks_columns_visual_guide":"","_genesis_hide_title":false,"_genesis_hide_breadcrumbs":false,"_genesis_hide_singular_image":false,"_genesis_hide_footer_widgets":false,"_genesis_custom_body_class":"","_genesis_custom_post_class":"","_genesis_layout":"","_themeisle_gutenberg_block_has_review":false,"_jetpack_newsletter_access":"","_jetpack_dont_email_post_to_subs":false,"_jetpack_newsletter_tier_id":0,"_jetpack_memberships_contains_paywalled_content":false,"_jetpack_memberships_contains_paid_content":false,"footnotes":""},"categories":[907,909,905,995],"tags":[908,78],"class_list":{"0":"post-104345","1":"post","2":"type-post","3":"status-publish","4":"format-standard","5":"has-post-thumbnail","7":"category-alessi","8":"category-cuisine","9":"category-deco-design","10":"category-ronan-erwan-bouroullec","11":"tag-blanc","12":"tag-design","13":"entry"},"featured_image_urls":{"full":["https:\/\/i0.wp.com\/www.joyana.fr\/wp-content\/uploads\/old\/ALESSI_OVALE_BOUROULLEC.jpg?fit=500%2C350&ssl=1",500,350,false],"thumbnail":["https:\/\/i0.wp.com\/www.joyana.fr\/wp-content\/uploads\/old\/ALESSI_OVALE_BOUROULLEC.jpg?resize=150%2C150&ssl=1",150,150,true],"medium":["https:\/\/i0.wp.com\/www.joyana.fr\/wp-content\/uploads\/old\/ALESSI_OVALE_BOUROULLEC.jpg?fit=389%2C272&ssl=1",389,272,true],"medium_large":["https:\/\/i0.wp.com\/www.joyana.fr\/wp-content\/uploads\/old\/ALESSI_OVALE_BOUROULLEC.jpg?fit=500%2C350&ssl=1",500,350,true],"large":["https:\/\/i0.wp.com\/www.joyana.fr\/wp-content\/uploads\/old\/ALESSI_OVALE_BOUROULLEC.jpg?fit=500%2C350&ssl=1",500,350,true],"1536x1536":["https:\/\/i0.wp.com\/www.joyana.fr\/wp-content\/uploads\/old\/ALESSI_OVALE_BOUROULLEC.jpg?fit=500%2C350&ssl=1",500,350,true],"2048x2048":["https:\/\/i0.wp.com\/www.joyana.fr\/wp-content\/uploads\/old\/ALESSI_OVALE_BOUROULLEC.jpg?fit=500%2C350&ssl=1",500,350,true],"featured-thumb":["https:\/\/i0.wp.com\/www.joyana.fr\/wp-content\/uploads\/old\/ALESSI_OVALE_BOUROULLEC.jpg?resize=500%2C350&ssl=1",500,350,true],"ab-block-post-grid-landscape":["https:\/\/i0.wp.com\/www.joyana.fr\/wp-content\/uploads\/old\/ALESSI_OVALE_BOUROULLEC.jpg?resize=500%2C350&ssl=1",500,350,true],"ab-block-post-grid-square":["https:\/\/i0.wp.com\/www.joyana.fr\/wp-content\/uploads\/old\/ALESSI_OVALE_BOUROULLEC.jpg?resize=500%2C350&ssl=1",500,350,true],"author-pro-image":["https:\/\/i0.wp.com\/www.joyana.fr\/wp-content\/uploads\/old\/ALESSI_OVALE_BOUROULLEC.jpg?resize=360%2C350&ssl=1",360,350,true],"slider":["https:\/\/i0.wp.com\/www.joyana.fr\/wp-content\/uploads\/old\/ALESSI_OVALE_BOUROULLEC.jpg?resize=500%2C350&ssl=1",500,350,true],"woocommerce_thumbnail":["https:\/\/i0.wp.com\/www.joyana.fr\/wp-content\/uploads\/old\/ALESSI_OVALE_BOUROULLEC.jpg?resize=450%2C350&ssl=1",450,350,true],"woocommerce_single":["https:\/\/i0.wp.com\/www.joyana.fr\/wp-content\/uploads\/old\/ALESSI_OVALE_BOUROULLEC.jpg?fit=500%2C350&ssl=1",500,350,true],"woocommerce_gallery_thumbnail":["https:\/\/i0.wp.com\/www.joyana.fr\/wp-content\/uploads\/old\/ALESSI_OVALE_BOUROULLEC.jpg?resize=180%2C180&ssl=1",180,180,true],"sow-carousel-default":["https:\/\/i0.wp.com\/www.joyana.fr\/wp-content\/uploads\/old\/ALESSI_OVALE_BOUROULLEC.jpg?resize=272%2C182&ssl=1",272,182,true]},"post_excerpt_stackable":"<p>Gros coup de c\u0153ur pour la collection OVALE &#8211; dessin\u00e9e par Ronan &#038; Erwan Bouroullec pour Alessi &#8211; qui arbore des courbes d\u00e9licates, enfantines, tout en rondeur&#8230; Alberto Alessi parle de la collection OVALE : C&#8217;est ainsi qu&#8217;Erwan et Ronan BOUROULLEC parlent du projet : &#8220;La collection OVALE se veut singuli\u00e8re et rustique. Nous sommes \u00e0 la recherche d&#8217;une forme de d\u00e9licatesse. Cet ensemble\u00a0fait r\u00e9f\u00e9rence\u00a0au repas, au d\u00e9jeuner, au quotidien, il y a ici une volont\u00e9 de simplicit\u00e9.&#8221; Ronan a ensuite forg\u00e9 une nouvelle expression pour d\u00e9crire Alessi, une comparaison qui me pla\u00eet : &#8220;Alessi&#8221; dit-il &#8220;est pour moi une&hellip;<\/p>\n","category_list":"<a href=\"https:\/\/www.joyana.fr\/en\/category\/marques\/alessi\/\" rel=\"category tag\">Alessi<\/a>, <a href=\"https:\/\/www.joyana.fr\/en\/category\/deco-design\/decoration\/cuisine\/\" rel=\"category tag\">Cuisine<\/a>, <a href=\"https:\/\/www.joyana.fr\/en\/category\/deco-design\/\" rel=\"category tag\">DECO-DESIGN<\/a>, <a href=\"https:\/\/www.joyana.fr\/en\/category\/deco-design\/designer\/ronan-erwan-bouroullec\/\" rel=\"category tag\">Ronan &amp; Erwan BOUROULLEC<\/a>","author_info":{"display_name":"Jo Yana","author_link":"https:\/\/www.joyana.fr\/en\/author\/joyana\/"},"comments_num":"12 comments","featured_image_urls_v2":{"full":["https:\/\/i0.wp.com\/www.joyana.fr\/wp-content\/uploads\/old\/ALESSI_OVALE_BOUROULLEC.jpg?fit=500%2C350&ssl=1",500,350,false],"thumbnail":["https:\/\/i0.wp.com\/www.joyana.fr\/wp-content\/uploads\/old\/ALESSI_OVALE_BOUROULLEC.jpg?resize=150%2C150&ssl=1",150,150,true],"medium":["https:\/\/i0.wp.com\/www.joyana.fr\/wp-content\/uploads\/old\/ALESSI_OVALE_BOUROULLEC.jpg?fit=389%2C272&ssl=1",389,272,true],"medium_large":["https:\/\/i0.wp.com\/www.joyana.fr\/wp-content\/uploads\/old\/ALESSI_OVALE_BOUROULLEC.jpg?fit=500%2C350&ssl=1",500,350,true],"large":["https:\/\/i0.wp.com\/www.joyana.fr\/wp-content\/uploads\/old\/ALESSI_OVALE_BOUROULLEC.jpg?fit=500%2C350&ssl=1",500,350,true],"1536x1536":["https:\/\/i0.wp.com\/www.joyana.fr\/wp-content\/uploads\/old\/ALESSI_OVALE_BOUROULLEC.jpg?fit=500%2C350&ssl=1",500,350,true],"2048x2048":["https:\/\/i0.wp.com\/www.joyana.fr\/wp-content\/uploads\/old\/ALESSI_OVALE_BOUROULLEC.jpg?fit=500%2C350&ssl=1",500,350,true],"featured-thumb":["https:\/\/i0.wp.com\/www.joyana.fr\/wp-content\/uploads\/old\/ALESSI_OVALE_BOUROULLEC.jpg?resize=500%2C350&ssl=1",500,350,true],"ab-block-post-grid-landscape":["https:\/\/i0.wp.com\/www.joyana.fr\/wp-content\/uploads\/old\/ALESSI_OVALE_BOUROULLEC.jpg?resize=500%2C350&ssl=1",500,350,true],"ab-block-post-grid-square":["https:\/\/i0.wp.com\/www.joyana.fr\/wp-content\/uploads\/old\/ALESSI_OVALE_BOUROULLEC.jpg?resize=500%2C350&ssl=1",500,350,true],"author-pro-image":["https:\/\/i0.wp.com\/www.joyana.fr\/wp-content\/uploads\/old\/ALESSI_OVALE_BOUROULLEC.jpg?resize=360%2C350&ssl=1",360,350,true],"slider":["https:\/\/i0.wp.com\/www.joyana.fr\/wp-content\/uploads\/old\/ALESSI_OVALE_BOUROULLEC.jpg?resize=500%2C350&ssl=1",500,350,true],"woocommerce_thumbnail":["https:\/\/i0.wp.com\/www.joyana.fr\/wp-content\/uploads\/old\/ALESSI_OVALE_BOUROULLEC.jpg?resize=450%2C350&ssl=1",450,350,true],"woocommerce_single":["https:\/\/i0.wp.com\/www.joyana.fr\/wp-content\/uploads\/old\/ALESSI_OVALE_BOUROULLEC.jpg?fit=500%2C350&ssl=1",500,350,true],"woocommerce_gallery_thumbnail":["https:\/\/i0.wp.com\/www.joyana.fr\/wp-content\/uploads\/old\/ALESSI_OVALE_BOUROULLEC.jpg?resize=180%2C180&ssl=1",180,180,true],"sow-carousel-default":["https:\/\/i0.wp.com\/www.joyana.fr\/wp-content\/uploads\/old\/ALESSI_OVALE_BOUROULLEC.jpg?resize=272%2C182&ssl=1",272,182,true]},"post_excerpt_stackable_v2":"<p>Gros coup de c\u0153ur pour la collection OVALE &#8211; dessin\u00e9e par Ronan &#038; Erwan Bouroullec pour Alessi &#8211; qui arbore des courbes d\u00e9licates, enfantines, tout en rondeur&#8230; Alberto Alessi parle de la collection OVALE : C&#8217;est ainsi qu&#8217;Erwan et Ronan BOUROULLEC parlent du projet : &#8220;La collection OVALE se veut singuli\u00e8re et rustique. Nous sommes \u00e0 la recherche d&#8217;une forme de d\u00e9licatesse. Cet ensemble\u00a0fait r\u00e9f\u00e9rence\u00a0au repas, au d\u00e9jeuner, au quotidien, il y a ici une volont\u00e9 de simplicit\u00e9.&#8221; Ronan a ensuite forg\u00e9 une nouvelle expression pour d\u00e9crire Alessi, une comparaison qui me pla\u00eet : &#8220;Alessi&#8221; dit-il &#8220;est pour moi une&hellip;<\/p>\n","category_list_v2":"<a href=\"https:\/\/www.joyana.fr\/en\/category\/marques\/alessi\/\" rel=\"category tag\">Alessi<\/a>, <a href=\"https:\/\/www.joyana.fr\/en\/category\/deco-design\/decoration\/cuisine\/\" rel=\"category tag\">Cuisine<\/a>, <a href=\"https:\/\/www.joyana.fr\/en\/category\/deco-design\/\" rel=\"category tag\">DECO-DESIGN<\/a>, <a href=\"https:\/\/www.joyana.fr\/en\/category\/deco-design\/designer\/ronan-erwan-bouroullec\/\" rel=\"category tag\">Ronan &amp; Erwan BOUROULLEC<\/a>","author_info_v2":{"name":"Jo Yana","url":"https:\/\/www.joyana.fr\/en\/author\/joyana\/"},"comments_num_v2":"12 comments","yoast_head":"<!-- This site is optimized with the Yoast SEO plugin v26.8 - https:\/\/yoast.com\/product\/yoast-seo-wordpress\/ -->\n<title>OVALE par Ronan &amp; Erwan BOUROULLEC pour Alessi - JO YANA<\/title>\n<meta name=\"robots\" content=\"index, follow, max-snippet:-1, max-image-preview:large, max-video-preview:-1\" \/>\n<link rel=\"canonical\" href=\"https:\/\/joyana.fr\/ovale-ronan-erwan-bouroullec-alessi\/104345\/\" \/>\n<meta property=\"og:locale\" content=\"en_US\" \/>\n<meta property=\"og:locale:alternate\" content=\"fr_FR\" \/>\n<meta property=\"og:locale:alternate\" content=\"ja\" \/>\n<meta property=\"og:type\" content=\"article\" \/>\n<meta property=\"og:title\" content=\"OVALE par Ronan &amp; Erwan BOUROULLEC pour Alessi - JO YANA\" \/>\n<meta property=\"og:description\" content=\"Gros coup de c\u0153ur pour la collection OVALE &#8211; dessin\u00e9e par Ronan &amp; Erwan Bouroullec pour Alessi &#8211; qui arbore des courbes d\u00e9licates, enfantines, tout en rondeur&#8230; Alberto Alessi parle de la collection OVALE : C&#8217;est ainsi qu&#8217;Erwan et Ronan BOUROULLEC parlent du projet : &#8220;La collection OVALE se veut singuli\u00e8re et rustique. Nous sommes [&hellip;]\" \/>\n<meta property=\"og:url\" content=\"https:\/\/www.joyana.fr\/en\/ovale-ronan-erwan-bouroullec-alessi\/104345\/\" \/>\n<meta property=\"og:site_name\" content=\"JO YANA\" \/>\n<meta property=\"article:published_time\" content=\"2010-09-15T06:49:31+00:00\" \/>\n<meta property=\"og:image\" content=\"https:\/\/joyana.fr\/wp-content\/uploads\/old\/ALESSI_OVALE_BOUROULLEC.jpg\" \/>\n\t<meta property=\"og:image:width\" content=\"500\" \/>\n\t<meta property=\"og:image:height\" content=\"350\" \/>\n\t<meta property=\"og:image:type\" content=\"image\/jpeg\" \/>\n<meta name=\"author\" content=\"Jo Yana\" \/>\n<meta name=\"twitter:card\" content=\"summary_large_image\" \/>\n<meta name=\"twitter:creator\" content=\"@Jo_Yana\" \/>\n<meta name=\"twitter:site\" content=\"@Jo_Yana\" \/>\n<meta name=\"twitter:label1\" content=\"Written by\" \/>\n\t<meta name=\"twitter:data1\" content=\"Jo Yana\" \/>\n\t<meta name=\"twitter:label2\" content=\"Est. reading time\" \/>\n\t<meta name=\"twitter:data2\" content=\"2 minutes\" \/>\n<script type=\"application\/ld+json\" class=\"yoast-schema-graph\">{\"@context\":\"https:\/\/schema.org\",\"@graph\":[{\"@type\":\"Article\",\"@id\":\"https:\/\/joyana.fr\/ovale-ronan-erwan-bouroullec-alessi\/104345\/#article\",\"isPartOf\":{\"@id\":\"https:\/\/joyana.fr\/ovale-ronan-erwan-bouroullec-alessi\/104345\/\"},\"author\":{\"name\":\"Jo Yana\",\"@id\":\"https:\/\/joyana.fr\/#\/schema\/person\/cf2a1ad12a27c12c21801075bf37407c\"},\"headline\":\"OVALE par Ronan &#038; Erwan BOUROULLEC pour Alessi\",\"datePublished\":\"2010-09-15T06:49:31+00:00\",\"mainEntityOfPage\":{\"@id\":\"https:\/\/joyana.fr\/ovale-ronan-erwan-bouroullec-alessi\/104345\/\"},\"wordCount\":462,\"commentCount\":0,\"publisher\":{\"@id\":\"https:\/\/joyana.fr\/#\/schema\/person\/cf2a1ad12a27c12c21801075bf37407c\"},\"image\":{\"@id\":\"https:\/\/joyana.fr\/ovale-ronan-erwan-bouroullec-alessi\/104345\/#primaryimage\"},\"thumbnailUrl\":\"https:\/\/i0.wp.com\/www.joyana.fr\/wp-content\/uploads\/old\/ALESSI_OVALE_BOUROULLEC.jpg?fit=500%2C350&ssl=1\",\"keywords\":[\"Blanc\",\"DESIGN\"],\"articleSection\":[\"Alessi\",\"Cuisine\",\"DECO-DESIGN\",\"Ronan &amp; Erwan BOUROULLEC\"],\"inLanguage\":\"en-US\",\"potentialAction\":[{\"@type\":\"CommentAction\",\"name\":\"Comment\",\"target\":[\"https:\/\/joyana.fr\/ovale-ronan-erwan-bouroullec-alessi\/104345\/#respond\"]}]},{\"@type\":\"WebPage\",\"@id\":\"https:\/\/joyana.fr\/ovale-ronan-erwan-bouroullec-alessi\/104345\/\",\"url\":\"https:\/\/joyana.fr\/ovale-ronan-erwan-bouroullec-alessi\/104345\/\",\"name\":\"OVALE par Ronan & Erwan BOUROULLEC pour Alessi - JO YANA\",\"isPartOf\":{\"@id\":\"https:\/\/joyana.fr\/#website\"},\"primaryImageOfPage\":{\"@id\":\"https:\/\/joyana.fr\/ovale-ronan-erwan-bouroullec-alessi\/104345\/#primaryimage\"},\"image\":{\"@id\":\"https:\/\/joyana.fr\/ovale-ronan-erwan-bouroullec-alessi\/104345\/#primaryimage\"},\"thumbnailUrl\":\"https:\/\/i0.wp.com\/www.joyana.fr\/wp-content\/uploads\/old\/ALESSI_OVALE_BOUROULLEC.jpg?fit=500%2C350&ssl=1\",\"datePublished\":\"2010-09-15T06:49:31+00:00\",\"breadcrumb\":{\"@id\":\"https:\/\/joyana.fr\/ovale-ronan-erwan-bouroullec-alessi\/104345\/#breadcrumb\"},\"inLanguage\":\"en-US\",\"potentialAction\":[{\"@type\":\"ReadAction\",\"target\":[\"https:\/\/joyana.fr\/ovale-ronan-erwan-bouroullec-alessi\/104345\/\"]}]},{\"@type\":\"ImageObject\",\"inLanguage\":\"en-US\",\"@id\":\"https:\/\/joyana.fr\/ovale-ronan-erwan-bouroullec-alessi\/104345\/#primaryimage\",\"url\":\"https:\/\/i0.wp.com\/www.joyana.fr\/wp-content\/uploads\/old\/ALESSI_OVALE_BOUROULLEC.jpg?fit=500%2C350&ssl=1\",\"contentUrl\":\"https:\/\/i0.wp.com\/www.joyana.fr\/wp-content\/uploads\/old\/ALESSI_OVALE_BOUROULLEC.jpg?fit=500%2C350&ssl=1\",\"width\":500,\"height\":350},{\"@type\":\"BreadcrumbList\",\"@id\":\"https:\/\/joyana.fr\/ovale-ronan-erwan-bouroullec-alessi\/104345\/#breadcrumb\",\"itemListElement\":[{\"@type\":\"ListItem\",\"position\":1,\"name\":\"Accueil\",\"item\":\"https:\/\/joyana.fr\/\"},{\"@type\":\"ListItem\",\"position\":2,\"name\":\"OVALE par Ronan &#038; Erwan BOUROULLEC pour Alessi\"}]},{\"@type\":\"WebSite\",\"@id\":\"https:\/\/joyana.fr\/#website\",\"url\":\"https:\/\/joyana.fr\/\",\"name\":\"JO YANA\",\"description\":\"Blog Mode Homme, Lifestyle, D\u00e9co-Design\",\"publisher\":{\"@id\":\"https:\/\/joyana.fr\/#\/schema\/person\/cf2a1ad12a27c12c21801075bf37407c\"},\"potentialAction\":[{\"@type\":\"SearchAction\",\"target\":{\"@type\":\"EntryPoint\",\"urlTemplate\":\"https:\/\/joyana.fr\/?s={search_term_string}\"},\"query-input\":{\"@type\":\"PropertyValueSpecification\",\"valueRequired\":true,\"valueName\":\"search_term_string\"}}],\"inLanguage\":\"en-US\"},{\"@type\":[\"Person\",\"Organization\"],\"@id\":\"https:\/\/joyana.fr\/#\/schema\/person\/cf2a1ad12a27c12c21801075bf37407c\",\"name\":\"Jo Yana\",\"image\":{\"@type\":\"ImageObject\",\"inLanguage\":\"en-US\",\"@id\":\"https:\/\/joyana.fr\/#\/schema\/person\/image\/\",\"url\":\"https:\/\/i0.wp.com\/www.joyana.fr\/wp-content\/uploads\/2016\/08\/cropped-joyana-logo-black-360x180.png?fit=343%2C164&ssl=1\",\"contentUrl\":\"https:\/\/i0.wp.com\/www.joyana.fr\/wp-content\/uploads\/2016\/08\/cropped-joyana-logo-black-360x180.png?fit=343%2C164&ssl=1\",\"width\":343,\"height\":164,\"caption\":\"Jo Yana\"},\"logo\":{\"@id\":\"https:\/\/joyana.fr\/#\/schema\/person\/image\/\"},\"description\":\"Jo Yana est le cr\u00e9ateur et r\u00e9dacteur en chef des sites DECO-DESIGN. Passionn\u00e9 de Design, Mode, Photo, Luxe, Lifestyle, Musique, mais avant tout Blogueur ! Le plaisir de partager l'anime et a comme devise \\\"POUR L'AMOUR DU BEAU\\\". Retrouvez le aussi sur son blog personnel - https:\/\/joyana.fr...\",\"sameAs\":[\"https:\/\/joyana.fr\/\"],\"url\":\"https:\/\/www.joyana.fr\/en\/author\/joyana\/\"}]}<\/script>\n<!-- \/ Yoast SEO plugin. -->","yoast_head_json":{"title":"OVALE par Ronan & Erwan BOUROULLEC pour Alessi - JO YANA","robots":{"index":"index","follow":"follow","max-snippet":"max-snippet:-1","max-image-preview":"max-image-preview:large","max-video-preview":"max-video-preview:-1"},"canonical":"https:\/\/joyana.fr\/ovale-ronan-erwan-bouroullec-alessi\/104345\/","og_locale":"en_US","og_type":"article","og_title":"OVALE par Ronan & Erwan BOUROULLEC pour Alessi - JO YANA","og_description":"Gros coup de c\u0153ur pour la collection OVALE &#8211; dessin\u00e9e par Ronan &#038; Erwan Bouroullec pour Alessi &#8211; qui arbore des courbes d\u00e9licates, enfantines, tout en rondeur&#8230; Alberto Alessi parle de la collection OVALE : C&#8217;est ainsi qu&#8217;Erwan et Ronan BOUROULLEC parlent du projet : &#8220;La collection OVALE se veut singuli\u00e8re et rustique. Nous sommes [&hellip;]","og_url":"https:\/\/www.joyana.fr\/en\/ovale-ronan-erwan-bouroullec-alessi\/104345\/","og_site_name":"JO YANA","article_published_time":"2010-09-15T06:49:31+00:00","og_image":[{"width":500,"height":350,"url":"https:\/\/joyana.fr\/wp-content\/uploads\/old\/ALESSI_OVALE_BOUROULLEC.jpg","type":"image\/jpeg"}],"author":"Jo Yana","twitter_card":"summary_large_image","twitter_creator":"@Jo_Yana","twitter_site":"@Jo_Yana","twitter_misc":{"Written by":"Jo Yana","Est. reading time":"2 minutes"},"schema":{"@context":"https:\/\/schema.org","@graph":[{"@type":"Article","@id":"https:\/\/joyana.fr\/ovale-ronan-erwan-bouroullec-alessi\/104345\/#article","isPartOf":{"@id":"https:\/\/joyana.fr\/ovale-ronan-erwan-bouroullec-alessi\/104345\/"},"author":{"name":"Jo Yana","@id":"https:\/\/joyana.fr\/#\/schema\/person\/cf2a1ad12a27c12c21801075bf37407c"},"headline":"OVALE par Ronan &#038; Erwan BOUROULLEC pour Alessi","datePublished":"2010-09-15T06:49:31+00:00","mainEntityOfPage":{"@id":"https:\/\/joyana.fr\/ovale-ronan-erwan-bouroullec-alessi\/104345\/"},"wordCount":462,"commentCount":0,"publisher":{"@id":"https:\/\/joyana.fr\/#\/schema\/person\/cf2a1ad12a27c12c21801075bf37407c"},"image":{"@id":"https:\/\/joyana.fr\/ovale-ronan-erwan-bouroullec-alessi\/104345\/#primaryimage"},"thumbnailUrl":"https:\/\/i0.wp.com\/www.joyana.fr\/wp-content\/uploads\/old\/ALESSI_OVALE_BOUROULLEC.jpg?fit=500%2C350&ssl=1","keywords":["Blanc","DESIGN"],"articleSection":["Alessi","Cuisine","DECO-DESIGN","Ronan &amp; Erwan BOUROULLEC"],"inLanguage":"en-US","potentialAction":[{"@type":"CommentAction","name":"Comment","target":["https:\/\/joyana.fr\/ovale-ronan-erwan-bouroullec-alessi\/104345\/#respond"]}]},{"@type":"WebPage","@id":"https:\/\/joyana.fr\/ovale-ronan-erwan-bouroullec-alessi\/104345\/","url":"https:\/\/joyana.fr\/ovale-ronan-erwan-bouroullec-alessi\/104345\/","name":"OVALE par Ronan & Erwan BOUROULLEC pour Alessi - JO YANA","isPartOf":{"@id":"https:\/\/joyana.fr\/#website"},"primaryImageOfPage":{"@id":"https:\/\/joyana.fr\/ovale-ronan-erwan-bouroullec-alessi\/104345\/#primaryimage"},"image":{"@id":"https:\/\/joyana.fr\/ovale-ronan-erwan-bouroullec-alessi\/104345\/#primaryimage"},"thumbnailUrl":"https:\/\/i0.wp.com\/www.joyana.fr\/wp-content\/uploads\/old\/ALESSI_OVALE_BOUROULLEC.jpg?fit=500%2C350&ssl=1","datePublished":"2010-09-15T06:49:31+00:00","breadcrumb":{"@id":"https:\/\/joyana.fr\/ovale-ronan-erwan-bouroullec-alessi\/104345\/#breadcrumb"},"inLanguage":"en-US","potentialAction":[{"@type":"ReadAction","target":["https:\/\/joyana.fr\/ovale-ronan-erwan-bouroullec-alessi\/104345\/"]}]},{"@type":"ImageObject","inLanguage":"en-US","@id":"https:\/\/joyana.fr\/ovale-ronan-erwan-bouroullec-alessi\/104345\/#primaryimage","url":"https:\/\/i0.wp.com\/www.joyana.fr\/wp-content\/uploads\/old\/ALESSI_OVALE_BOUROULLEC.jpg?fit=500%2C350&ssl=1","contentUrl":"https:\/\/i0.wp.com\/www.joyana.fr\/wp-content\/uploads\/old\/ALESSI_OVALE_BOUROULLEC.jpg?fit=500%2C350&ssl=1","width":500,"height":350},{"@type":"BreadcrumbList","@id":"https:\/\/joyana.fr\/ovale-ronan-erwan-bouroullec-alessi\/104345\/#breadcrumb","itemListElement":[{"@type":"ListItem","position":1,"name":"Accueil","item":"https:\/\/joyana.fr\/"},{"@type":"ListItem","position":2,"name":"OVALE par Ronan &#038; Erwan BOUROULLEC pour Alessi"}]},{"@type":"WebSite","@id":"https:\/\/joyana.fr\/#website","url":"https:\/\/joyana.fr\/","name":"JO YANA","description":"Blog Mode Homme, Lifestyle, D\u00e9co-Design","publisher":{"@id":"https:\/\/joyana.fr\/#\/schema\/person\/cf2a1ad12a27c12c21801075bf37407c"},"potentialAction":[{"@type":"SearchAction","target":{"@type":"EntryPoint","urlTemplate":"https:\/\/joyana.fr\/?s={search_term_string}"},"query-input":{"@type":"PropertyValueSpecification","valueRequired":true,"valueName":"search_term_string"}}],"inLanguage":"en-US"},{"@type":["Person","Organization"],"@id":"https:\/\/joyana.fr\/#\/schema\/person\/cf2a1ad12a27c12c21801075bf37407c","name":"Jo Yana","image":{"@type":"ImageObject","inLanguage":"en-US","@id":"https:\/\/joyana.fr\/#\/schema\/person\/image\/","url":"https:\/\/i0.wp.com\/www.joyana.fr\/wp-content\/uploads\/2016\/08\/cropped-joyana-logo-black-360x180.png?fit=343%2C164&ssl=1","contentUrl":"https:\/\/i0.wp.com\/www.joyana.fr\/wp-content\/uploads\/2016\/08\/cropped-joyana-logo-black-360x180.png?fit=343%2C164&ssl=1","width":343,"height":164,"caption":"Jo Yana"},"logo":{"@id":"https:\/\/joyana.fr\/#\/schema\/person\/image\/"},"description":"Jo Yana est le cr\u00e9ateur et r\u00e9dacteur en chef des sites DECO-DESIGN. Passionn\u00e9 de Design, Mode, Photo, Luxe, Lifestyle, Musique, mais avant tout Blogueur ! Le plaisir de partager l'anime et a comme devise \"POUR L'AMOUR DU BEAU\". Retrouvez le aussi sur son blog personnel - https:\/\/joyana.fr...","sameAs":["https:\/\/joyana.fr\/"],"url":"https:\/\/www.joyana.fr\/en\/author\/joyana\/"}]}},"author_meta":{"display_name":"Jo Yana","author_link":"https:\/\/www.joyana.fr\/en\/author\/joyana\/"},"featured_img":"https:\/\/i0.wp.com\/www.joyana.fr\/wp-content\/uploads\/old\/ALESSI_OVALE_BOUROULLEC.jpg?fit=389%2C272&ssl=1","featured_image_src":"https:\/\/i0.wp.com\/www.joyana.fr\/wp-content\/uploads\/old\/ALESSI_OVALE_BOUROULLEC.jpg?resize=500%2C350&ssl=1","featured_image_src_square":"https:\/\/i0.wp.com\/www.joyana.fr\/wp-content\/uploads\/old\/ALESSI_OVALE_BOUROULLEC.jpg?resize=500%2C350&ssl=1","jetpack_featured_media_url":"https:\/\/i0.wp.com\/www.joyana.fr\/wp-content\/uploads\/old\/ALESSI_OVALE_BOUROULLEC.jpg?fit=500%2C350&ssl=1","uagb_featured_image_src":{"full":["https:\/\/i0.wp.com\/www.joyana.fr\/wp-content\/uploads\/old\/ALESSI_OVALE_BOUROULLEC.jpg?fit=500%2C350&ssl=1",500,350,false],"thumbnail":["https:\/\/i0.wp.com\/www.joyana.fr\/wp-content\/uploads\/old\/ALESSI_OVALE_BOUROULLEC.jpg?resize=150%2C150&ssl=1",150,150,true],"medium":["https:\/\/i0.wp.com\/www.joyana.fr\/wp-content\/uploads\/old\/ALESSI_OVALE_BOUROULLEC.jpg?fit=389%2C272&ssl=1",389,272,true],"medium_large":["https:\/\/i0.wp.com\/www.joyana.fr\/wp-content\/uploads\/old\/ALESSI_OVALE_BOUROULLEC.jpg?fit=500%2C350&ssl=1",500,350,true],"large":["https:\/\/i0.wp.com\/www.joyana.fr\/wp-content\/uploads\/old\/ALESSI_OVALE_BOUROULLEC.jpg?fit=500%2C350&ssl=1",500,350,true],"1536x1536":["https:\/\/i0.wp.com\/www.joyana.fr\/wp-content\/uploads\/old\/ALESSI_OVALE_BOUROULLEC.jpg?fit=500%2C350&ssl=1",500,350,true],"2048x2048":["https:\/\/i0.wp.com\/www.joyana.fr\/wp-content\/uploads\/old\/ALESSI_OVALE_BOUROULLEC.jpg?fit=500%2C350&ssl=1",500,350,true],"featured-thumb":["https:\/\/i0.wp.com\/www.joyana.fr\/wp-content\/uploads\/old\/ALESSI_OVALE_BOUROULLEC.jpg?resize=500%2C350&ssl=1",500,350,true],"ab-block-post-grid-landscape":["https:\/\/i0.wp.com\/www.joyana.fr\/wp-content\/uploads\/old\/ALESSI_OVALE_BOUROULLEC.jpg?resize=500%2C350&ssl=1",500,350,true],"ab-block-post-grid-square":["https:\/\/i0.wp.com\/www.joyana.fr\/wp-content\/uploads\/old\/ALESSI_OVALE_BOUROULLEC.jpg?resize=500%2C350&ssl=1",500,350,true],"author-pro-image":["https:\/\/i0.wp.com\/www.joyana.fr\/wp-content\/uploads\/old\/ALESSI_OVALE_BOUROULLEC.jpg?resize=360%2C350&ssl=1",360,350,true],"slider":["https:\/\/i0.wp.com\/www.joyana.fr\/wp-content\/uploads\/old\/ALESSI_OVALE_BOUROULLEC.jpg?resize=500%2C350&ssl=1",500,350,true],"woocommerce_thumbnail":["https:\/\/i0.wp.com\/www.joyana.fr\/wp-content\/uploads\/old\/ALESSI_OVALE_BOUROULLEC.jpg?resize=450%2C350&ssl=1",450,350,true],"woocommerce_single":["https:\/\/i0.wp.com\/www.joyana.fr\/wp-content\/uploads\/old\/ALESSI_OVALE_BOUROULLEC.jpg?fit=500%2C350&ssl=1",500,350,true],"woocommerce_gallery_thumbnail":["https:\/\/i0.wp.com\/www.joyana.fr\/wp-content\/uploads\/old\/ALESSI_OVALE_BOUROULLEC.jpg?resize=180%2C180&ssl=1",180,180,true],"sow-carousel-default":["https:\/\/i0.wp.com\/www.joyana.fr\/wp-content\/uploads\/old\/ALESSI_OVALE_BOUROULLEC.jpg?resize=272%2C182&ssl=1",272,182,true]},"uagb_author_info":{"display_name":"Jo Yana","author_link":"https:\/\/www.joyana.fr\/en\/author\/joyana\/"},"uagb_comment_info":12,"uagb_excerpt":"Gros coup de c\u0153ur pour la collection OVALE &#8211; dessin\u00e9e par Ronan &#038; Erwan Bouroullec pour Alessi &#8211; qui arbore des courbes d\u00e9licates, enfantines, tout en rondeur&#8230; Alberto Alessi parle de la collection OVALE : C&#8217;est ainsi qu&#8217;Erwan et Ronan BOUROULLEC parlent du projet : &#8220;La collection OVALE se veut singuli\u00e8re et rustique. Nous sommes&hellip;","coauthors":[],"tax_additional":{"categories":{"linked":["<a href=\"https:\/\/www.joyana.fr\/en\/category\/marques\/alessi\/\" class=\"advgb-post-tax-term\">Alessi<\/a>","<a href=\"https:\/\/www.joyana.fr\/en\/category\/deco-design\/decoration\/cuisine\/\" class=\"advgb-post-tax-term\">Cuisine<\/a>","<a href=\"https:\/\/www.joyana.fr\/en\/category\/deco-design\/\" class=\"advgb-post-tax-term\">DECO-DESIGN<\/a>","<a href=\"https:\/\/www.joyana.fr\/en\/category\/deco-design\/designer\/ronan-erwan-bouroullec\/\" class=\"advgb-post-tax-term\">Ronan &amp; Erwan BOUROULLEC<\/a>"],"unlinked":["<span class=\"advgb-post-tax-term\">Alessi<\/span>","<span class=\"advgb-post-tax-term\">Cuisine<\/span>","<span class=\"advgb-post-tax-term\">DECO-DESIGN<\/span>","<span class=\"advgb-post-tax-term\">Ronan &amp; Erwan BOUROULLEC<\/span>"]},"tags":{"linked":["<a href=\"https:\/\/www.joyana.fr\/en\/category\/deco-design\/designer\/ronan-erwan-bouroullec\/\" class=\"advgb-post-tax-term\">Blanc<\/a>","<a href=\"https:\/\/www.joyana.fr\/en\/category\/deco-design\/designer\/ronan-erwan-bouroullec\/\" class=\"advgb-post-tax-term\">DESIGN<\/a>"],"unlinked":["<span class=\"advgb-post-tax-term\">Blanc<\/span>","<span class=\"advgb-post-tax-term\">DESIGN<\/span>"]}},"comment_count":12,"relative_dates":{"created":"Posted 16 years ago","modified":"Updated 16 years ago"},"absolute_dates":{"created":"Posted on 15 September 2010","modified":"Updated on 15 September 2010"},"absolute_dates_time":{"created":"Posted on 15 September 2010 7:49","modified":"Updated on 15 September 2010 7:49"},"featured_img_caption":"","series_order":"","jetpack_sharing_enabled":true,"jetpack_shortlink":"https:\/\/wp.me\/p9bteI-r8Z","jetpack-related-posts":[],"_links":{"self":[{"href":"https:\/\/www.joyana.fr\/en\/wp-json\/wp\/v2\/posts\/104345","targetHints":{"allow":["GET"]}}],"collection":[{"href":"https:\/\/www.joyana.fr\/en\/wp-json\/wp\/v2\/posts"}],"about":[{"href":"https:\/\/www.joyana.fr\/en\/wp-json\/wp\/v2\/types\/post"}],"author":[{"embeddable":true,"href":"https:\/\/www.joyana.fr\/en\/wp-json\/wp\/v2\/users\/3"}],"replies":[{"embeddable":true,"href":"https:\/\/www.joyana.fr\/en\/wp-json\/wp\/v2\/comments?post=104345"}],"version-history":[{"count":0,"href":"https:\/\/www.joyana.fr\/en\/wp-json\/wp\/v2\/posts\/104345\/revisions"}],"wp:featuredmedia":[{"embeddable":true,"href":"https:\/\/www.joyana.fr\/en\/wp-json\/wp\/v2\/media\/104353"}],"wp:attachment":[{"href":"https:\/\/www.joyana.fr\/en\/wp-json\/wp\/v2\/media?parent=104345"}],"wp:term":[{"taxonomy":"category","embeddable":true,"href":"https:\/\/www.joyana.fr\/en\/wp-json\/wp\/v2\/categories?post=104345"},{"taxonomy":"post_tag","embeddable":true,"href":"https:\/\/www.joyana.fr\/en\/wp-json\/wp\/v2\/tags?post=104345"}],"curies":[{"name":"wp","href":"https:\/\/api.w.org\/{rel}","templated":true}]}}