{"id":103919,"date":"2010-07-02T07:17:25","date_gmt":"2010-07-02T06:17:25","guid":{"rendered":"https:\/\/joyana.fr\/radon-par-hans-sandgren-jakobsen\/"},"modified":"2010-07-02T07:17:25","modified_gmt":"2010-07-02T06:17:25","slug":"radon-par-hans-sandgren-jakobsen","status":"publish","type":"post","link":"https:\/\/www.joyana.fr\/en\/radon-par-hans-sandgren-jakobsen\/103919\/","title":{"rendered":"RADON par Hans SANDGREN JAKOBSEN"},"content":{"rendered":"<p>Coup de coeur pour les luminaires <strong>RADON<\/strong> sign\u00e9s par le designer danois <strong>Hans Sandgren Jakobsen<\/strong>, pour <strong>Lightyears<\/strong>&#8230;<\/p>\n<p><img data-recalc-dims=\"1\" decoding=\"async\" src=\"https:\/\/i0.wp.com\/joyana.fr\/wp-content\/uploads\/radon_243.jpg?ssl=1\" alt=\"RADON par Hans SANDGREN JAKOBSEN\" align=\"top\" hspace=\"8\" \/><\/p>\n<p>Singulier et fascinant, ces <strong>luminaires <\/strong>\u00e9voquent la silhouette d&#8217;un robot !!! <strong>RADON<\/strong> se distingue par la puret\u00e9 de ses formes g\u00e9om\u00e9triques et ses finitions exceptionnelles. De forme triangulaire, le fin pi\u00e8tement en m\u00e9tal chrom\u00e9 mat affiche une grande l\u00e9g\u00e8ret\u00e9 visuelle et garantit un parfait \u00e9quilibre. La stabilit\u00e9 est renforc\u00e9e gr\u00e2ce aux trois embouts en caoutchouc.<\/p>\n<p><img data-recalc-dims=\"1\" decoding=\"async\" src=\"https:\/\/i0.wp.com\/joyana.fr\/wp-content\/uploads\/radon_1.jpg?ssl=1\" alt=\"RADON par Hans SANDGREN JAKOBSEN\" align=\"top\" hspace=\"8\" \/><\/p>\n<p><img data-recalc-dims=\"1\" decoding=\"async\" src=\"https:\/\/i0.wp.com\/joyana.fr\/wp-content\/uploads\/radon_18.jpg?ssl=1\" alt=\"RADON par Hans SANDGREN JAKOBSEN\" align=\"top\" hspace=\"8\" \/><\/p>\n<p>Ce pi\u00e8tement tripode est surmont\u00e9 d&#8217;une articulation m\u00e9tallique flexible  qui vous permet d&#8217;orienter la t\u00eate de la lampe dans toutes les  directions. Form\u00e9e par une demi-sph\u00e8re en m\u00e9tal laqu\u00e9, la t\u00eate des luminaires est munie d&#8217;un r\u00e9flecteur sym\u00e9trique qui diffuse un flux de  lumi\u00e8re direct et pr\u00e9cis. L&#8217;interrupteur est plac\u00e9 au sommet&#8230;<\/p>\n<p><img data-recalc-dims=\"1\" decoding=\"async\" src=\"https:\/\/i0.wp.com\/joyana.fr\/wp-content\/uploads\/radon_14.jpg?ssl=1\" alt=\"RADON par Hans SANDGREN JAKOBSEN\" align=\"top\" hspace=\"8\" \/><\/p>\n<p>Avec ses lignes graphiques, fines et d\u00e9licates, la collection<strong> RADON<\/strong> nous a s\u00e9duit et s\u00e9duira tous les adeptes du style  high-tech &#038; geek !!!<\/p>\n<p>Les <strong>luminaires RADON<\/strong> par <strong>Hans Sandgren Jakobsen <\/strong>se d\u00e9clinent en lampe et lampadaire, en blanc ou en noir.<strong><br \/>\n<\/strong><\/p>\n<p><img data-recalc-dims=\"1\" decoding=\"async\" src=\"https:\/\/i0.wp.com\/joyana.fr\/wp-content\/uploads\/radon-lampadaire-lightyears-ref510016085.jpg?ssl=1\" alt=\"RADON par Hans SANDGREN JAKOBSEN\" align=\"top\" hspace=\"8\" \/><\/p>\n<p>Disponible chez <a href=\"http:\/\/ad.zanox.com\/ppc\/?12733943C479149178T\">MADE IN DESIGN<\/a><\/p>\n<p><strong><a href=\"http:\/\/www.hans-sandgren-jakobsen.com\/\" title=\"SANDGREN JAKOBSEN\">http:\/\/www.hans-sandgren-jakobsen.com\/ <\/a><\/strong><\/p>\n<p><strong><a href=\"http:\/\/www.lightyears.dk\/\" title=\"LIGHTYEARS\">http:\/\/www.lightyears.dk\/ <\/a><\/strong><\/p>\n<p>\u2014\u2014\u2014\u2014<\/p>\n<p><a href=\"https:\/\/joyana.fr\/\" title=\"BLOG DESIGN\">Jo      Yana<\/a><\/p>\n","protected":false},"excerpt":{"rendered":"<p>Coup de coeur pour les luminaires RADON sign\u00e9s par le designer danois Hans Sandgren Jakobsen, pour Lightyears&#8230; Singulier et fascinant, ces luminaires \u00e9voquent la silhouette d&#8217;un robot !!! RADON se distingue par la puret\u00e9 de ses formes g\u00e9om\u00e9triques et ses finitions exceptionnelles. De forme triangulaire, le fin pi\u00e8tement en m\u00e9tal chrom\u00e9 mat affiche une grande [&hellip;]<\/p>\n","protected":false},"author":3,"featured_media":103915,"comment_status":"open","ping_status":"open","sticky":false,"template":"","format":"standard","meta":{"_coblocks_attr":"","_coblocks_dimensions":"","_coblocks_responsive_height":"","_coblocks_accordion_ie_support":"","_uag_custom_page_level_css":"","advgb_blocks_editor_width":"","advgb_blocks_columns_visual_guide":"","_genesis_hide_title":false,"_genesis_hide_breadcrumbs":false,"_genesis_hide_singular_image":false,"_genesis_hide_footer_widgets":false,"_genesis_custom_body_class":"","_genesis_custom_post_class":"","_genesis_layout":"","_themeisle_gutenberg_block_has_review":false,"_jetpack_newsletter_access":"","_jetpack_dont_email_post_to_subs":false,"_jetpack_newsletter_tier_id":0,"_jetpack_memberships_contains_paywalled_content":false,"_jetpack_memberships_contains_paid_content":false,"footnotes":""},"categories":[905,958,927,917],"tags":[908,78,957,910],"class_list":{"0":"post-103919","1":"post","2":"type-post","3":"status-publish","4":"format-standard","5":"has-post-thumbnail","7":"category-deco-design","8":"category-lampadaire","9":"category-lampe","10":"category-luminaire","11":"tag-blanc","12":"tag-design","13":"tag-laque","14":"tag-noir","15":"entry"},"featured_image_urls":{"full":["https:\/\/i0.wp.com\/www.joyana.fr\/wp-content\/uploads\/old\/radon_243.jpg?fit=500%2C350&ssl=1",500,350,false],"thumbnail":["https:\/\/i0.wp.com\/www.joyana.fr\/wp-content\/uploads\/old\/radon_243.jpg?resize=150%2C150&ssl=1",150,150,true],"medium":["https:\/\/i0.wp.com\/www.joyana.fr\/wp-content\/uploads\/old\/radon_243.jpg?fit=389%2C272&ssl=1",389,272,true],"medium_large":["https:\/\/i0.wp.com\/www.joyana.fr\/wp-content\/uploads\/old\/radon_243.jpg?fit=500%2C350&ssl=1",500,350,true],"large":["https:\/\/i0.wp.com\/www.joyana.fr\/wp-content\/uploads\/old\/radon_243.jpg?fit=500%2C350&ssl=1",500,350,true],"1536x1536":["https:\/\/i0.wp.com\/www.joyana.fr\/wp-content\/uploads\/old\/radon_243.jpg?fit=500%2C350&ssl=1",500,350,true],"2048x2048":["https:\/\/i0.wp.com\/www.joyana.fr\/wp-content\/uploads\/old\/radon_243.jpg?fit=500%2C350&ssl=1",500,350,true],"featured-thumb":["https:\/\/i0.wp.com\/www.joyana.fr\/wp-content\/uploads\/old\/radon_243.jpg?resize=500%2C350&ssl=1",500,350,true],"ab-block-post-grid-landscape":["https:\/\/i0.wp.com\/www.joyana.fr\/wp-content\/uploads\/old\/radon_243.jpg?resize=500%2C350&ssl=1",500,350,true],"ab-block-post-grid-square":["https:\/\/i0.wp.com\/www.joyana.fr\/wp-content\/uploads\/old\/radon_243.jpg?resize=500%2C350&ssl=1",500,350,true],"author-pro-image":["https:\/\/i0.wp.com\/www.joyana.fr\/wp-content\/uploads\/old\/radon_243.jpg?resize=360%2C350&ssl=1",360,350,true],"slider":["https:\/\/i0.wp.com\/www.joyana.fr\/wp-content\/uploads\/old\/radon_243.jpg?resize=500%2C350&ssl=1",500,350,true],"woocommerce_thumbnail":["https:\/\/i0.wp.com\/www.joyana.fr\/wp-content\/uploads\/old\/radon_243.jpg?resize=450%2C350&ssl=1",450,350,true],"woocommerce_single":["https:\/\/i0.wp.com\/www.joyana.fr\/wp-content\/uploads\/old\/radon_243.jpg?fit=500%2C350&ssl=1",500,350,true],"woocommerce_gallery_thumbnail":["https:\/\/i0.wp.com\/www.joyana.fr\/wp-content\/uploads\/old\/radon_243.jpg?resize=180%2C180&ssl=1",180,180,true],"sow-carousel-default":["https:\/\/i0.wp.com\/www.joyana.fr\/wp-content\/uploads\/old\/radon_243.jpg?resize=272%2C182&ssl=1",272,182,true]},"post_excerpt_stackable":"<p>Coup de coeur pour les luminaires RADON sign\u00e9s par le designer danois Hans Sandgren Jakobsen, pour Lightyears&#8230; Singulier et fascinant, ces luminaires \u00e9voquent la silhouette d&#8217;un robot !!! RADON se distingue par la puret\u00e9 de ses formes g\u00e9om\u00e9triques et ses finitions exceptionnelles. De forme triangulaire, le fin pi\u00e8tement en m\u00e9tal chrom\u00e9 mat affiche une grande l\u00e9g\u00e8ret\u00e9 visuelle et garantit un parfait \u00e9quilibre. La stabilit\u00e9 est renforc\u00e9e gr\u00e2ce aux trois embouts en caoutchouc. Ce pi\u00e8tement tripode est surmont\u00e9 d&#8217;une articulation m\u00e9tallique flexible qui vous permet d&#8217;orienter la t\u00eate de la lampe dans toutes les directions. Form\u00e9e par une demi-sph\u00e8re en m\u00e9tal&hellip;<\/p>\n","category_list":"<a href=\"https:\/\/www.joyana.fr\/en\/category\/deco-design\/\" rel=\"category tag\">DECO-DESIGN<\/a>, <a href=\"https:\/\/www.joyana.fr\/en\/category\/deco-design\/luminaire\/lampadaire\/\" rel=\"category tag\">Lampadaire<\/a>, <a href=\"https:\/\/www.joyana.fr\/en\/category\/deco-design\/luminaire\/lampe\/\" rel=\"category tag\">Lampe<\/a>, <a href=\"https:\/\/www.joyana.fr\/en\/category\/deco-design\/luminaire\/\" rel=\"category tag\">Luminaire<\/a>","author_info":{"display_name":"Jo Yana","author_link":"https:\/\/www.joyana.fr\/en\/author\/joyana\/"},"comments_num":"8 comments","featured_image_urls_v2":{"full":["https:\/\/i0.wp.com\/www.joyana.fr\/wp-content\/uploads\/old\/radon_243.jpg?fit=500%2C350&ssl=1",500,350,false],"thumbnail":["https:\/\/i0.wp.com\/www.joyana.fr\/wp-content\/uploads\/old\/radon_243.jpg?resize=150%2C150&ssl=1",150,150,true],"medium":["https:\/\/i0.wp.com\/www.joyana.fr\/wp-content\/uploads\/old\/radon_243.jpg?fit=389%2C272&ssl=1",389,272,true],"medium_large":["https:\/\/i0.wp.com\/www.joyana.fr\/wp-content\/uploads\/old\/radon_243.jpg?fit=500%2C350&ssl=1",500,350,true],"large":["https:\/\/i0.wp.com\/www.joyana.fr\/wp-content\/uploads\/old\/radon_243.jpg?fit=500%2C350&ssl=1",500,350,true],"1536x1536":["https:\/\/i0.wp.com\/www.joyana.fr\/wp-content\/uploads\/old\/radon_243.jpg?fit=500%2C350&ssl=1",500,350,true],"2048x2048":["https:\/\/i0.wp.com\/www.joyana.fr\/wp-content\/uploads\/old\/radon_243.jpg?fit=500%2C350&ssl=1",500,350,true],"featured-thumb":["https:\/\/i0.wp.com\/www.joyana.fr\/wp-content\/uploads\/old\/radon_243.jpg?resize=500%2C350&ssl=1",500,350,true],"ab-block-post-grid-landscape":["https:\/\/i0.wp.com\/www.joyana.fr\/wp-content\/uploads\/old\/radon_243.jpg?resize=500%2C350&ssl=1",500,350,true],"ab-block-post-grid-square":["https:\/\/i0.wp.com\/www.joyana.fr\/wp-content\/uploads\/old\/radon_243.jpg?resize=500%2C350&ssl=1",500,350,true],"author-pro-image":["https:\/\/i0.wp.com\/www.joyana.fr\/wp-content\/uploads\/old\/radon_243.jpg?resize=360%2C350&ssl=1",360,350,true],"slider":["https:\/\/i0.wp.com\/www.joyana.fr\/wp-content\/uploads\/old\/radon_243.jpg?resize=500%2C350&ssl=1",500,350,true],"woocommerce_thumbnail":["https:\/\/i0.wp.com\/www.joyana.fr\/wp-content\/uploads\/old\/radon_243.jpg?resize=450%2C350&ssl=1",450,350,true],"woocommerce_single":["https:\/\/i0.wp.com\/www.joyana.fr\/wp-content\/uploads\/old\/radon_243.jpg?fit=500%2C350&ssl=1",500,350,true],"woocommerce_gallery_thumbnail":["https:\/\/i0.wp.com\/www.joyana.fr\/wp-content\/uploads\/old\/radon_243.jpg?resize=180%2C180&ssl=1",180,180,true],"sow-carousel-default":["https:\/\/i0.wp.com\/www.joyana.fr\/wp-content\/uploads\/old\/radon_243.jpg?resize=272%2C182&ssl=1",272,182,true]},"post_excerpt_stackable_v2":"<p>Coup de coeur pour les luminaires RADON sign\u00e9s par le designer danois Hans Sandgren Jakobsen, pour Lightyears&#8230; Singulier et fascinant, ces luminaires \u00e9voquent la silhouette d&#8217;un robot !!! RADON se distingue par la puret\u00e9 de ses formes g\u00e9om\u00e9triques et ses finitions exceptionnelles. De forme triangulaire, le fin pi\u00e8tement en m\u00e9tal chrom\u00e9 mat affiche une grande l\u00e9g\u00e8ret\u00e9 visuelle et garantit un parfait \u00e9quilibre. La stabilit\u00e9 est renforc\u00e9e gr\u00e2ce aux trois embouts en caoutchouc. Ce pi\u00e8tement tripode est surmont\u00e9 d&#8217;une articulation m\u00e9tallique flexible qui vous permet d&#8217;orienter la t\u00eate de la lampe dans toutes les directions. Form\u00e9e par une demi-sph\u00e8re en m\u00e9tal&hellip;<\/p>\n","category_list_v2":"<a href=\"https:\/\/www.joyana.fr\/en\/category\/deco-design\/\" rel=\"category tag\">DECO-DESIGN<\/a>, <a href=\"https:\/\/www.joyana.fr\/en\/category\/deco-design\/luminaire\/lampadaire\/\" rel=\"category tag\">Lampadaire<\/a>, <a href=\"https:\/\/www.joyana.fr\/en\/category\/deco-design\/luminaire\/lampe\/\" rel=\"category tag\">Lampe<\/a>, <a href=\"https:\/\/www.joyana.fr\/en\/category\/deco-design\/luminaire\/\" rel=\"category tag\">Luminaire<\/a>","author_info_v2":{"name":"Jo Yana","url":"https:\/\/www.joyana.fr\/en\/author\/joyana\/"},"comments_num_v2":"8 comments","yoast_head":"<!-- This site is optimized with the Yoast SEO plugin v26.8 - https:\/\/yoast.com\/product\/yoast-seo-wordpress\/ -->\n<title>RADON par Hans SANDGREN JAKOBSEN - JO YANA<\/title>\n<meta name=\"robots\" content=\"index, follow, max-snippet:-1, max-image-preview:large, max-video-preview:-1\" \/>\n<link rel=\"canonical\" href=\"https:\/\/joyana.fr\/radon-par-hans-sandgren-jakobsen\/103919\/\" \/>\n<meta property=\"og:locale\" content=\"en_US\" \/>\n<meta property=\"og:locale:alternate\" content=\"fr_FR\" \/>\n<meta property=\"og:locale:alternate\" content=\"ja\" \/>\n<meta property=\"og:type\" content=\"article\" \/>\n<meta property=\"og:title\" content=\"RADON par Hans SANDGREN JAKOBSEN - JO YANA\" \/>\n<meta property=\"og:description\" content=\"Coup de coeur pour les luminaires RADON sign\u00e9s par le designer danois Hans Sandgren Jakobsen, pour Lightyears&#8230; Singulier et fascinant, ces luminaires \u00e9voquent la silhouette d&#8217;un robot !!! RADON se distingue par la puret\u00e9 de ses formes g\u00e9om\u00e9triques et ses finitions exceptionnelles. De forme triangulaire, le fin pi\u00e8tement en m\u00e9tal chrom\u00e9 mat affiche une grande [&hellip;]\" \/>\n<meta property=\"og:url\" content=\"https:\/\/www.joyana.fr\/en\/radon-par-hans-sandgren-jakobsen\/103919\/\" \/>\n<meta property=\"og:site_name\" content=\"JO YANA\" \/>\n<meta property=\"article:published_time\" content=\"2010-07-02T06:17:25+00:00\" \/>\n<meta property=\"og:image\" content=\"https:\/\/joyana.fr\/wp-content\/uploads\/old\/radon_243.jpg\" \/>\n\t<meta property=\"og:image:width\" content=\"500\" \/>\n\t<meta property=\"og:image:height\" content=\"350\" \/>\n\t<meta property=\"og:image:type\" content=\"image\/jpeg\" \/>\n<meta name=\"author\" content=\"Jo Yana\" \/>\n<meta name=\"twitter:card\" content=\"summary_large_image\" \/>\n<meta name=\"twitter:creator\" content=\"@Jo_Yana\" \/>\n<meta name=\"twitter:site\" content=\"@Jo_Yana\" \/>\n<meta name=\"twitter:label1\" content=\"Written by\" \/>\n\t<meta name=\"twitter:data1\" content=\"Jo Yana\" \/>\n\t<meta name=\"twitter:label2\" content=\"Est. reading time\" \/>\n\t<meta name=\"twitter:data2\" content=\"1 minute\" \/>\n<script type=\"application\/ld+json\" class=\"yoast-schema-graph\">{\"@context\":\"https:\/\/schema.org\",\"@graph\":[{\"@type\":\"Article\",\"@id\":\"https:\/\/joyana.fr\/radon-par-hans-sandgren-jakobsen\/103919\/#article\",\"isPartOf\":{\"@id\":\"https:\/\/joyana.fr\/radon-par-hans-sandgren-jakobsen\/103919\/\"},\"author\":{\"name\":\"Jo Yana\",\"@id\":\"https:\/\/joyana.fr\/en\/#\/schema\/person\/cf2a1ad12a27c12c21801075bf37407c\"},\"headline\":\"RADON par Hans SANDGREN JAKOBSEN\",\"datePublished\":\"2010-07-02T06:17:25+00:00\",\"mainEntityOfPage\":{\"@id\":\"https:\/\/joyana.fr\/radon-par-hans-sandgren-jakobsen\/103919\/\"},\"wordCount\":212,\"commentCount\":0,\"publisher\":{\"@id\":\"https:\/\/joyana.fr\/en\/#\/schema\/person\/cf2a1ad12a27c12c21801075bf37407c\"},\"image\":{\"@id\":\"https:\/\/joyana.fr\/radon-par-hans-sandgren-jakobsen\/103919\/#primaryimage\"},\"thumbnailUrl\":\"https:\/\/i0.wp.com\/www.joyana.fr\/wp-content\/uploads\/old\/radon_243.jpg?fit=500%2C350&ssl=1\",\"keywords\":[\"Blanc\",\"DESIGN\",\"Laqu\u00e9\",\"Noir\"],\"articleSection\":[\"DECO-DESIGN\",\"Lampadaire\",\"Lampe\",\"Luminaire\"],\"inLanguage\":\"en-US\",\"potentialAction\":[{\"@type\":\"CommentAction\",\"name\":\"Comment\",\"target\":[\"https:\/\/joyana.fr\/radon-par-hans-sandgren-jakobsen\/103919\/#respond\"]}]},{\"@type\":\"WebPage\",\"@id\":\"https:\/\/joyana.fr\/radon-par-hans-sandgren-jakobsen\/103919\/\",\"url\":\"https:\/\/joyana.fr\/radon-par-hans-sandgren-jakobsen\/103919\/\",\"name\":\"RADON par Hans SANDGREN JAKOBSEN - JO YANA\",\"isPartOf\":{\"@id\":\"https:\/\/joyana.fr\/en\/#website\"},\"primaryImageOfPage\":{\"@id\":\"https:\/\/joyana.fr\/radon-par-hans-sandgren-jakobsen\/103919\/#primaryimage\"},\"image\":{\"@id\":\"https:\/\/joyana.fr\/radon-par-hans-sandgren-jakobsen\/103919\/#primaryimage\"},\"thumbnailUrl\":\"https:\/\/i0.wp.com\/www.joyana.fr\/wp-content\/uploads\/old\/radon_243.jpg?fit=500%2C350&ssl=1\",\"datePublished\":\"2010-07-02T06:17:25+00:00\",\"breadcrumb\":{\"@id\":\"https:\/\/joyana.fr\/radon-par-hans-sandgren-jakobsen\/103919\/#breadcrumb\"},\"inLanguage\":\"en-US\",\"potentialAction\":[{\"@type\":\"ReadAction\",\"target\":[\"https:\/\/joyana.fr\/radon-par-hans-sandgren-jakobsen\/103919\/\"]}]},{\"@type\":\"ImageObject\",\"inLanguage\":\"en-US\",\"@id\":\"https:\/\/joyana.fr\/radon-par-hans-sandgren-jakobsen\/103919\/#primaryimage\",\"url\":\"https:\/\/i0.wp.com\/www.joyana.fr\/wp-content\/uploads\/old\/radon_243.jpg?fit=500%2C350&ssl=1\",\"contentUrl\":\"https:\/\/i0.wp.com\/www.joyana.fr\/wp-content\/uploads\/old\/radon_243.jpg?fit=500%2C350&ssl=1\",\"width\":500,\"height\":350},{\"@type\":\"BreadcrumbList\",\"@id\":\"https:\/\/joyana.fr\/radon-par-hans-sandgren-jakobsen\/103919\/#breadcrumb\",\"itemListElement\":[{\"@type\":\"ListItem\",\"position\":1,\"name\":\"Accueil\",\"item\":\"https:\/\/joyana.fr\/en\/\"},{\"@type\":\"ListItem\",\"position\":2,\"name\":\"RADON par Hans SANDGREN JAKOBSEN\"}]},{\"@type\":\"WebSite\",\"@id\":\"https:\/\/joyana.fr\/en\/#website\",\"url\":\"https:\/\/joyana.fr\/en\/\",\"name\":\"JO YANA\",\"description\":\"Blog Mode Homme, Lifestyle, D\u00e9co-Design\",\"publisher\":{\"@id\":\"https:\/\/joyana.fr\/en\/#\/schema\/person\/cf2a1ad12a27c12c21801075bf37407c\"},\"potentialAction\":[{\"@type\":\"SearchAction\",\"target\":{\"@type\":\"EntryPoint\",\"urlTemplate\":\"https:\/\/joyana.fr\/en\/?s={search_term_string}\"},\"query-input\":{\"@type\":\"PropertyValueSpecification\",\"valueRequired\":true,\"valueName\":\"search_term_string\"}}],\"inLanguage\":\"en-US\"},{\"@type\":[\"Person\",\"Organization\"],\"@id\":\"https:\/\/joyana.fr\/en\/#\/schema\/person\/cf2a1ad12a27c12c21801075bf37407c\",\"name\":\"Jo Yana\",\"image\":{\"@type\":\"ImageObject\",\"inLanguage\":\"en-US\",\"@id\":\"https:\/\/joyana.fr\/en\/#\/schema\/person\/image\/\",\"url\":\"https:\/\/i0.wp.com\/www.joyana.fr\/wp-content\/uploads\/2016\/08\/cropped-joyana-logo-black-360x180.png?fit=343%2C164&ssl=1\",\"contentUrl\":\"https:\/\/i0.wp.com\/www.joyana.fr\/wp-content\/uploads\/2016\/08\/cropped-joyana-logo-black-360x180.png?fit=343%2C164&ssl=1\",\"width\":343,\"height\":164,\"caption\":\"Jo Yana\"},\"logo\":{\"@id\":\"https:\/\/joyana.fr\/en\/#\/schema\/person\/image\/\"},\"description\":\"Jo Yana est le cr\u00e9ateur et r\u00e9dacteur en chef des sites DECO-DESIGN. Passionn\u00e9 de Design, Mode, Photo, Luxe, Lifestyle, Musique, mais avant tout Blogueur ! Le plaisir de partager l'anime et a comme devise \\\"POUR L'AMOUR DU BEAU\\\". Retrouvez le aussi sur son blog personnel - https:\/\/joyana.fr...\",\"sameAs\":[\"https:\/\/joyana.fr\/\"],\"url\":\"https:\/\/www.joyana.fr\/en\/author\/joyana\/\"}]}<\/script>\n<!-- \/ Yoast SEO plugin. -->","yoast_head_json":{"title":"RADON par Hans SANDGREN JAKOBSEN - JO YANA","robots":{"index":"index","follow":"follow","max-snippet":"max-snippet:-1","max-image-preview":"max-image-preview:large","max-video-preview":"max-video-preview:-1"},"canonical":"https:\/\/joyana.fr\/radon-par-hans-sandgren-jakobsen\/103919\/","og_locale":"en_US","og_type":"article","og_title":"RADON par Hans SANDGREN JAKOBSEN - JO YANA","og_description":"Coup de coeur pour les luminaires RADON sign\u00e9s par le designer danois Hans Sandgren Jakobsen, pour Lightyears&#8230; Singulier et fascinant, ces luminaires \u00e9voquent la silhouette d&#8217;un robot !!! RADON se distingue par la puret\u00e9 de ses formes g\u00e9om\u00e9triques et ses finitions exceptionnelles. De forme triangulaire, le fin pi\u00e8tement en m\u00e9tal chrom\u00e9 mat affiche une grande [&hellip;]","og_url":"https:\/\/www.joyana.fr\/en\/radon-par-hans-sandgren-jakobsen\/103919\/","og_site_name":"JO YANA","article_published_time":"2010-07-02T06:17:25+00:00","og_image":[{"width":500,"height":350,"url":"https:\/\/joyana.fr\/wp-content\/uploads\/old\/radon_243.jpg","type":"image\/jpeg"}],"author":"Jo Yana","twitter_card":"summary_large_image","twitter_creator":"@Jo_Yana","twitter_site":"@Jo_Yana","twitter_misc":{"Written by":"Jo Yana","Est. reading time":"1 minute"},"schema":{"@context":"https:\/\/schema.org","@graph":[{"@type":"Article","@id":"https:\/\/joyana.fr\/radon-par-hans-sandgren-jakobsen\/103919\/#article","isPartOf":{"@id":"https:\/\/joyana.fr\/radon-par-hans-sandgren-jakobsen\/103919\/"},"author":{"name":"Jo Yana","@id":"https:\/\/joyana.fr\/en\/#\/schema\/person\/cf2a1ad12a27c12c21801075bf37407c"},"headline":"RADON par Hans SANDGREN JAKOBSEN","datePublished":"2010-07-02T06:17:25+00:00","mainEntityOfPage":{"@id":"https:\/\/joyana.fr\/radon-par-hans-sandgren-jakobsen\/103919\/"},"wordCount":212,"commentCount":0,"publisher":{"@id":"https:\/\/joyana.fr\/en\/#\/schema\/person\/cf2a1ad12a27c12c21801075bf37407c"},"image":{"@id":"https:\/\/joyana.fr\/radon-par-hans-sandgren-jakobsen\/103919\/#primaryimage"},"thumbnailUrl":"https:\/\/i0.wp.com\/www.joyana.fr\/wp-content\/uploads\/old\/radon_243.jpg?fit=500%2C350&ssl=1","keywords":["Blanc","DESIGN","Laqu\u00e9","Noir"],"articleSection":["DECO-DESIGN","Lampadaire","Lampe","Luminaire"],"inLanguage":"en-US","potentialAction":[{"@type":"CommentAction","name":"Comment","target":["https:\/\/joyana.fr\/radon-par-hans-sandgren-jakobsen\/103919\/#respond"]}]},{"@type":"WebPage","@id":"https:\/\/joyana.fr\/radon-par-hans-sandgren-jakobsen\/103919\/","url":"https:\/\/joyana.fr\/radon-par-hans-sandgren-jakobsen\/103919\/","name":"RADON par Hans SANDGREN JAKOBSEN - JO YANA","isPartOf":{"@id":"https:\/\/joyana.fr\/en\/#website"},"primaryImageOfPage":{"@id":"https:\/\/joyana.fr\/radon-par-hans-sandgren-jakobsen\/103919\/#primaryimage"},"image":{"@id":"https:\/\/joyana.fr\/radon-par-hans-sandgren-jakobsen\/103919\/#primaryimage"},"thumbnailUrl":"https:\/\/i0.wp.com\/www.joyana.fr\/wp-content\/uploads\/old\/radon_243.jpg?fit=500%2C350&ssl=1","datePublished":"2010-07-02T06:17:25+00:00","breadcrumb":{"@id":"https:\/\/joyana.fr\/radon-par-hans-sandgren-jakobsen\/103919\/#breadcrumb"},"inLanguage":"en-US","potentialAction":[{"@type":"ReadAction","target":["https:\/\/joyana.fr\/radon-par-hans-sandgren-jakobsen\/103919\/"]}]},{"@type":"ImageObject","inLanguage":"en-US","@id":"https:\/\/joyana.fr\/radon-par-hans-sandgren-jakobsen\/103919\/#primaryimage","url":"https:\/\/i0.wp.com\/www.joyana.fr\/wp-content\/uploads\/old\/radon_243.jpg?fit=500%2C350&ssl=1","contentUrl":"https:\/\/i0.wp.com\/www.joyana.fr\/wp-content\/uploads\/old\/radon_243.jpg?fit=500%2C350&ssl=1","width":500,"height":350},{"@type":"BreadcrumbList","@id":"https:\/\/joyana.fr\/radon-par-hans-sandgren-jakobsen\/103919\/#breadcrumb","itemListElement":[{"@type":"ListItem","position":1,"name":"Accueil","item":"https:\/\/joyana.fr\/en\/"},{"@type":"ListItem","position":2,"name":"RADON par Hans SANDGREN JAKOBSEN"}]},{"@type":"WebSite","@id":"https:\/\/joyana.fr\/en\/#website","url":"https:\/\/joyana.fr\/en\/","name":"JO YANA","description":"Blog Mode Homme, Lifestyle, D\u00e9co-Design","publisher":{"@id":"https:\/\/joyana.fr\/en\/#\/schema\/person\/cf2a1ad12a27c12c21801075bf37407c"},"potentialAction":[{"@type":"SearchAction","target":{"@type":"EntryPoint","urlTemplate":"https:\/\/joyana.fr\/en\/?s={search_term_string}"},"query-input":{"@type":"PropertyValueSpecification","valueRequired":true,"valueName":"search_term_string"}}],"inLanguage":"en-US"},{"@type":["Person","Organization"],"@id":"https:\/\/joyana.fr\/en\/#\/schema\/person\/cf2a1ad12a27c12c21801075bf37407c","name":"Jo Yana","image":{"@type":"ImageObject","inLanguage":"en-US","@id":"https:\/\/joyana.fr\/en\/#\/schema\/person\/image\/","url":"https:\/\/i0.wp.com\/www.joyana.fr\/wp-content\/uploads\/2016\/08\/cropped-joyana-logo-black-360x180.png?fit=343%2C164&ssl=1","contentUrl":"https:\/\/i0.wp.com\/www.joyana.fr\/wp-content\/uploads\/2016\/08\/cropped-joyana-logo-black-360x180.png?fit=343%2C164&ssl=1","width":343,"height":164,"caption":"Jo Yana"},"logo":{"@id":"https:\/\/joyana.fr\/en\/#\/schema\/person\/image\/"},"description":"Jo Yana est le cr\u00e9ateur et r\u00e9dacteur en chef des sites DECO-DESIGN. Passionn\u00e9 de Design, Mode, Photo, Luxe, Lifestyle, Musique, mais avant tout Blogueur ! Le plaisir de partager l'anime et a comme devise \"POUR L'AMOUR DU BEAU\". Retrouvez le aussi sur son blog personnel - https:\/\/joyana.fr...","sameAs":["https:\/\/joyana.fr\/"],"url":"https:\/\/www.joyana.fr\/en\/author\/joyana\/"}]}},"author_meta":{"display_name":"Jo Yana","author_link":"https:\/\/www.joyana.fr\/en\/author\/joyana\/"},"featured_img":"https:\/\/i0.wp.com\/www.joyana.fr\/wp-content\/uploads\/old\/radon_243.jpg?fit=389%2C272&ssl=1","featured_image_src":"https:\/\/i0.wp.com\/www.joyana.fr\/wp-content\/uploads\/old\/radon_243.jpg?resize=500%2C350&ssl=1","featured_image_src_square":"https:\/\/i0.wp.com\/www.joyana.fr\/wp-content\/uploads\/old\/radon_243.jpg?resize=500%2C350&ssl=1","jetpack_featured_media_url":"https:\/\/i0.wp.com\/www.joyana.fr\/wp-content\/uploads\/old\/radon_243.jpg?fit=500%2C350&ssl=1","uagb_featured_image_src":{"full":["https:\/\/i0.wp.com\/www.joyana.fr\/wp-content\/uploads\/old\/radon_243.jpg?fit=500%2C350&ssl=1",500,350,false],"thumbnail":["https:\/\/i0.wp.com\/www.joyana.fr\/wp-content\/uploads\/old\/radon_243.jpg?resize=150%2C150&ssl=1",150,150,true],"medium":["https:\/\/i0.wp.com\/www.joyana.fr\/wp-content\/uploads\/old\/radon_243.jpg?fit=389%2C272&ssl=1",389,272,true],"medium_large":["https:\/\/i0.wp.com\/www.joyana.fr\/wp-content\/uploads\/old\/radon_243.jpg?fit=500%2C350&ssl=1",500,350,true],"large":["https:\/\/i0.wp.com\/www.joyana.fr\/wp-content\/uploads\/old\/radon_243.jpg?fit=500%2C350&ssl=1",500,350,true],"1536x1536":["https:\/\/i0.wp.com\/www.joyana.fr\/wp-content\/uploads\/old\/radon_243.jpg?fit=500%2C350&ssl=1",500,350,true],"2048x2048":["https:\/\/i0.wp.com\/www.joyana.fr\/wp-content\/uploads\/old\/radon_243.jpg?fit=500%2C350&ssl=1",500,350,true],"featured-thumb":["https:\/\/i0.wp.com\/www.joyana.fr\/wp-content\/uploads\/old\/radon_243.jpg?resize=500%2C350&ssl=1",500,350,true],"ab-block-post-grid-landscape":["https:\/\/i0.wp.com\/www.joyana.fr\/wp-content\/uploads\/old\/radon_243.jpg?resize=500%2C350&ssl=1",500,350,true],"ab-block-post-grid-square":["https:\/\/i0.wp.com\/www.joyana.fr\/wp-content\/uploads\/old\/radon_243.jpg?resize=500%2C350&ssl=1",500,350,true],"author-pro-image":["https:\/\/i0.wp.com\/www.joyana.fr\/wp-content\/uploads\/old\/radon_243.jpg?resize=360%2C350&ssl=1",360,350,true],"slider":["https:\/\/i0.wp.com\/www.joyana.fr\/wp-content\/uploads\/old\/radon_243.jpg?resize=500%2C350&ssl=1",500,350,true],"woocommerce_thumbnail":["https:\/\/i0.wp.com\/www.joyana.fr\/wp-content\/uploads\/old\/radon_243.jpg?resize=450%2C350&ssl=1",450,350,true],"woocommerce_single":["https:\/\/i0.wp.com\/www.joyana.fr\/wp-content\/uploads\/old\/radon_243.jpg?fit=500%2C350&ssl=1",500,350,true],"woocommerce_gallery_thumbnail":["https:\/\/i0.wp.com\/www.joyana.fr\/wp-content\/uploads\/old\/radon_243.jpg?resize=180%2C180&ssl=1",180,180,true],"sow-carousel-default":["https:\/\/i0.wp.com\/www.joyana.fr\/wp-content\/uploads\/old\/radon_243.jpg?resize=272%2C182&ssl=1",272,182,true]},"uagb_author_info":{"display_name":"Jo Yana","author_link":"https:\/\/www.joyana.fr\/en\/author\/joyana\/"},"uagb_comment_info":8,"uagb_excerpt":"Coup de coeur pour les luminaires RADON sign\u00e9s par le designer danois Hans Sandgren Jakobsen, pour Lightyears&#8230; Singulier et fascinant, ces luminaires \u00e9voquent la silhouette d&#8217;un robot !!! RADON se distingue par la puret\u00e9 de ses formes g\u00e9om\u00e9triques et ses finitions exceptionnelles. De forme triangulaire, le fin pi\u00e8tement en m\u00e9tal chrom\u00e9 mat affiche une grande&hellip;","coauthors":[],"tax_additional":{"categories":{"linked":["<a href=\"https:\/\/www.joyana.fr\/en\/category\/deco-design\/\" class=\"advgb-post-tax-term\">DECO-DESIGN<\/a>","<a href=\"https:\/\/www.joyana.fr\/en\/category\/deco-design\/luminaire\/lampadaire\/\" class=\"advgb-post-tax-term\">Lampadaire<\/a>","<a href=\"https:\/\/www.joyana.fr\/en\/category\/deco-design\/luminaire\/lampe\/\" class=\"advgb-post-tax-term\">Lampe<\/a>","<a href=\"https:\/\/www.joyana.fr\/en\/category\/deco-design\/luminaire\/\" class=\"advgb-post-tax-term\">Luminaire<\/a>"],"unlinked":["<span class=\"advgb-post-tax-term\">DECO-DESIGN<\/span>","<span class=\"advgb-post-tax-term\">Lampadaire<\/span>","<span class=\"advgb-post-tax-term\">Lampe<\/span>","<span class=\"advgb-post-tax-term\">Luminaire<\/span>"]},"tags":{"linked":["<a href=\"https:\/\/www.joyana.fr\/en\/category\/deco-design\/luminaire\/\" class=\"advgb-post-tax-term\">Blanc<\/a>","<a href=\"https:\/\/www.joyana.fr\/en\/category\/deco-design\/luminaire\/\" class=\"advgb-post-tax-term\">DESIGN<\/a>","<a href=\"https:\/\/www.joyana.fr\/en\/category\/deco-design\/luminaire\/\" class=\"advgb-post-tax-term\">Laqu\u00e9<\/a>","<a href=\"https:\/\/www.joyana.fr\/en\/category\/deco-design\/luminaire\/\" class=\"advgb-post-tax-term\">Noir<\/a>"],"unlinked":["<span class=\"advgb-post-tax-term\">Blanc<\/span>","<span class=\"advgb-post-tax-term\">DESIGN<\/span>","<span class=\"advgb-post-tax-term\">Laqu\u00e9<\/span>","<span class=\"advgb-post-tax-term\">Noir<\/span>"]}},"comment_count":8,"relative_dates":{"created":"Posted 16 years ago","modified":"Updated 16 years ago"},"absolute_dates":{"created":"Posted on 2 July 2010","modified":"Updated on 2 July 2010"},"absolute_dates_time":{"created":"Posted on 2 July 2010 7:17","modified":"Updated on 2 July 2010 7:17"},"featured_img_caption":"","series_order":"","jetpack_sharing_enabled":true,"jetpack_shortlink":"https:\/\/wp.me\/p9bteI-r27","jetpack-related-posts":[],"_links":{"self":[{"href":"https:\/\/www.joyana.fr\/en\/wp-json\/wp\/v2\/posts\/103919","targetHints":{"allow":["GET"]}}],"collection":[{"href":"https:\/\/www.joyana.fr\/en\/wp-json\/wp\/v2\/posts"}],"about":[{"href":"https:\/\/www.joyana.fr\/en\/wp-json\/wp\/v2\/types\/post"}],"author":[{"embeddable":true,"href":"https:\/\/www.joyana.fr\/en\/wp-json\/wp\/v2\/users\/3"}],"replies":[{"embeddable":true,"href":"https:\/\/www.joyana.fr\/en\/wp-json\/wp\/v2\/comments?post=103919"}],"version-history":[{"count":0,"href":"https:\/\/www.joyana.fr\/en\/wp-json\/wp\/v2\/posts\/103919\/revisions"}],"wp:featuredmedia":[{"embeddable":true,"href":"https:\/\/www.joyana.fr\/en\/wp-json\/wp\/v2\/media\/103915"}],"wp:attachment":[{"href":"https:\/\/www.joyana.fr\/en\/wp-json\/wp\/v2\/media?parent=103919"}],"wp:term":[{"taxonomy":"category","embeddable":true,"href":"https:\/\/www.joyana.fr\/en\/wp-json\/wp\/v2\/categories?post=103919"},{"taxonomy":"post_tag","embeddable":true,"href":"https:\/\/www.joyana.fr\/en\/wp-json\/wp\/v2\/tags?post=103919"}],"curies":[{"name":"wp","href":"https:\/\/api.w.org\/{rel}","templated":true}]}}