{"id":103417,"date":"2010-03-26T08:18:59","date_gmt":"2010-03-26T07:18:59","guid":{"rendered":"https:\/\/joyana.fr\/usin-e-exposition-interview\/"},"modified":"2010-03-26T08:18:59","modified_gmt":"2010-03-26T07:18:59","slug":"usin-e-exposition-interview","status":"publish","type":"post","link":"https:\/\/www.joyana.fr\/en\/usin-e-exposition-interview\/103417\/","title":{"rendered":"USIN-e : Exposition &#038; Interview"},"content":{"rendered":"<p>Lors de notre p\u00e9riple au concept-store <a title=\"LA BERGERIE\" href=\"https:\/\/joyana.fr\/la-bergerie\/1457\/\">La Bergerie<\/a>, nous avons pu interviewer les <strong>designers<\/strong> de <strong>USIN-e <\/strong>-aka R\u00e9mi Bouhaniche et Amaury Poudray- et d\u00e9couvrir leur exposition&#8230;<\/p>\n<p><a title=\"USIN-e exposition et interview\" href=\"https:\/\/joyana.fr\/usin-e-exposition-interview\/\"><img data-recalc-dims=\"1\" decoding=\"async\" src=\"https:\/\/i0.wp.com\/joyana.fr\/wp-content\/uploads\/usin-e_3.jpg?ssl=1\" alt=\"USIN-e :  Exposition &#038; Interview\" hspace=\"8\" align=\"top\" \/><\/a><\/p>\n<p> <a title=\"BLOG DECO-DESIGN\" href=\"https:\/\/joyana.fr\/\">Deco-Design<\/a> : <strong>USIN-e<\/strong> parlez nous de votre parcours&#8230;<\/p>\n<p><strong>USIN-e<\/strong> : <em><strong>USIN-e <\/strong>est un label bas\u00e9 \u00e0 Lyon, cr\u00e9\u00e9 en Septembre 2009 par deux auto-entrepreneurs, R\u00e9mi Bouhaniche et Amaury Poudray. En 2004 et 2005 nous obtenons un Brevet de Technicien Sup\u00e9rieur en design de produits respectivement \u00e0 Marseille et Nantes (Les Herbiers). Alors tous deux \u00e9tudiants \u00e0 l\u2019\u00e9cole d\u2019Art et de Design de St Etienne entre 2004 et 2009, nous d\u00e9cidons durant l\u2019ann\u00e9e 2007 de partir d\u2019une part en Inde \u00e0 la Shristi School of Art, Design and Technology \u00e0 Bengalore pour \u00e9tudier et travailler en lien \u00e9troit avec la Dovetail Furniture Factory Limited et d\u2019autre part aux \u00c9tats-Unis, \u00e0 la Rhode Island School of Design de Providence, RI pour \u00e9tudier le design et la r\u00e9alisation de mobilier. De retour en France nous obtenons nos DNSEP en Juin 2009 ci nomm\u00e9s \u2018\u2019La m\u00e9canique des surfaces\u2019\u2019 avec mention du jury et \u2018\u2019Exp\u00e9riences g\u00e9om\u00e9triques\u2019\u2019.<\/em><\/p>\n<p><em>L\u2019ann\u00e9e suivante, nous exposons des projets issus de nos travaux respectifs, en France, en Allemagne et aux Pays-Bas. Nous obtenons avec la lampe Etirement le premier prix au D3 Contest du salon de Cologne. Depuis nous d\u00e9veloppons en collaboration avec des galeries et des industriels divers objets dont Lisiere, un miroir de table \u00e9dit\u00e9 par la Granville Gallery, la tabouret Segment \u00e9dit\u00e9 par Petite Friture, la s\u00e9rie Pleats produite par Christophe Bailleux pour AD et prochainement une gamme d\u2019objets en rotin produite et \u00e9dit\u00e9e par \u2018\u2019The Gallery\u2019\u2019 \u00e0 Bruxelles. Nous cr\u00e9ons aussi la collection Bastille pour LEDITO, mobilier \u00e9co-con\u00e7u ainsi qu\u2019une chaise de collectivit\u00e9 pour l\u2019entreprise Souvignet. Depuis Janvier 2010, nous intervenons \u00e0 l\u2019Institut Paul Bocuse pour encadrer les \u00e9l\u00e8ves de 2\u00e8me ann\u00e9e dans des projets de cr\u00e9ation de restaurants.<\/em><\/p>\n<p><em>Nous avons \u00e9labor\u00e9 pour cet Institut les \u00e9l\u00e9ments de sc\u00e9nographie pour la remise des dipl\u00f4mes 2008 et produisons d\u00e9sormais leurs supports de communication. Plusieurs dates d\u2019exposition en France et en Belgique sont programm\u00e9es, dont une exposition \u00e0 Marseille qui est \u00e0 commenc\u00e9 et s&#8217;est fini le 21 Mars. Suivra la pr\u00e9sentation des produits Segment et Lisi\u00e8re \u00e0 la Cit\u00e9 du Design de Saint Etienne mi Avril, <a title=\"MILAN DESIGN WEEK 2010\" href=\"https:\/\/joyana.fr\/index.php?s=MILAN+DESIGN+WEEK+2010&#038;sbutt=Go\">Milan Design Week 2010<\/a> o\u00f9 nous pr\u00e9sentons System D et Bruxelles fin Mai avec la collection Prelude in\u00e9dite pour \u00ab The Gallery \u00bb.<\/em><\/p>\n<p><em>L\u2019\u00e9change et la mise en relation de cultures, de techniques et de savoirs sont au coeur de notre d\u00e9marche.<br \/>\nAinsi nous ferons cohabiter l\u2019artisanat et l\u2019industrie dans des objets du quotidien, objets t\u00e9moins d\u2019une culture, d\u2019une \u00e9poque, du monde actuel.<\/em><\/p>\n<p><img data-recalc-dims=\"1\" decoding=\"async\" src=\"https:\/\/i0.wp.com\/joyana.fr\/wp-content\/uploads\/usin-e_9.jpg?ssl=1\" alt=\"USIN-e : Exposition &#038; Interview\" hspace=\"8\" align=\"top\" \/><\/p>\n<p><img data-recalc-dims=\"1\" fetchpriority=\"high\" decoding=\"async\" src=\"https:\/\/i0.wp.com\/joyana.fr\/wp-content\/uploads\/2010\/03\/BERGERIE_43.jpg?resize=500%2C747&#038;ssl=1\" alt=\"USIN-e : Exposition &#038; Interview\" hspace=\"8\" width=\"500\" height=\"747\" align=\"top\" \/><\/p>\n<p><a title=\"BLOG DECO-DESIGN\" href=\"https:\/\/joyana.fr\/\">Deco-Design<\/a> : Les <strong>designers<\/strong> qui vous inspirent ou que vous appr\u00e9ciez particuli\u00e8rement ???<\/p>\n<p>Amaury : <em>Il sont tous morts, ils vivaient dans les ann\u00e9es 30, ils avaient de vraies convictions en coh\u00e9rence avec leur \u00e9poque. Je pourrais citer Eileen Gray.<\/em><br \/>\nR\u00e9mi : <em>Il n&#8217;y pas vraiment de designers mais plut\u00f4t des artistes. Ceux du Mouvement Support \/ Surface m&#8217;inspirent particuli\u00e8rement: Daniel Dezeuze, Bernard Pag\u00e8s et Tony Grand<\/em><\/p>\n<p><img data-recalc-dims=\"1\" decoding=\"async\" src=\"https:\/\/i0.wp.com\/joyana.fr\/wp-content\/uploads\/usin-e_4.jpg?ssl=1\" alt=\"USIN-e : Exposition &#038; Interview\" hspace=\"8\" align=\"top\" \/><\/p>\n<p><a title=\"FORUM DECO DESIGN\" href=\"http:\/\/deco-design.fr-bb.com\/\">Deco-Design<\/a> : Certaines de vos pi\u00e8ces sont assez techniques, quels pi\u00e8ces ont \u00e9t\u00e9 les plus difficiles \u00e0 r\u00e9aliser ???<\/p>\n<p><strong>USIN-e<\/strong> : <em>La collection <a href=\"http:\/\/www.usin-e.fr\/html\/Pleats.html\">Pleats<\/a>, n&#8217;a pas \u00e9t\u00e9 simple \u00e0 r\u00e9alis\u00e9 car cette collection est un dialogue entre des professionnels du m\u00e9tal et des professionnel du bois, Les faire dialoguer est finalement assez technique. C&#8217;est ici que se situe la r\u00e9elle complexit\u00e9 de nos projets, dans notre tentative de faire co-habiter des diff\u00e9rences.<br \/>\n<\/em><\/p>\n<p><img data-recalc-dims=\"1\" decoding=\"async\" src=\"https:\/\/i0.wp.com\/joyana.fr\/wp-content\/uploads\/usin-e.jpg?ssl=1\" alt=\"USIN-e : Exposition &#038; Interview\" hspace=\"8\" align=\"top\" \/><\/p>\n<p><img data-recalc-dims=\"1\" decoding=\"async\" src=\"https:\/\/i0.wp.com\/joyana.fr\/wp-content\/uploads\/usine_11.jpg?ssl=1\" alt=\"USIN-e : Exposition &#038; Interview\" hspace=\"8\" align=\"top\" \/><\/p>\n<p><img data-recalc-dims=\"1\" decoding=\"async\" src=\"https:\/\/i0.wp.com\/joyana.fr\/wp-content\/uploads\/usin-e_2.jpg?ssl=1\" alt=\"USIN-e : Exposition &#038; Interview\" hspace=\"8\" align=\"top\" \/><\/p>\n<p><a title=\"FORUM DECO DESIGN\" href=\"http:\/\/deco-design.fr-bb.com\/\">Deco-Design<\/a> : Quels sont vos passions, vos loisirs, en dehors du design ? Un <strong>designer <\/strong>a-t-il une vie en dehors du design\u2026<\/p>\n<p>Amaury : <em>Je suis passionn\u00e9 par la passion. Designer n&#8217;est pas vraiment un m\u00e9tier, c&#8217;est une strat\u00e9gie de vie dirig\u00e9e par la passion. <\/em><br \/>\nR\u00e9mi :<em> Imaginer des possibles, construire des projets&#8230;<\/em><\/p>\n<p><img data-recalc-dims=\"1\" decoding=\"async\" src=\"https:\/\/i0.wp.com\/joyana.fr\/wp-content\/uploads\/2010\/03\/BERGERIE_500.jpg?resize=500%2C335&#038;ssl=1\" alt=\"USIN-e : Exposition &#038; Interview\" hspace=\"8\" width=\"500\" height=\"335\" align=\"top\" \/><\/p>\n<p><img data-recalc-dims=\"1\" decoding=\"async\" src=\"https:\/\/i0.wp.com\/joyana.fr\/wp-content\/uploads\/usin-e_5.jpg?ssl=1\" alt=\"USIN-e : Exposition &#038; Interview\" hspace=\"8\" align=\"top\" \/><\/p>\n<p><a title=\"FORUM DECO DESIGN\" href=\"http:\/\/deco-design.fr-bb.com\/\">Deco-Design<\/a> : Et enfin vos projets \u00e0 venir ?<\/p>\n<p><strong>USIN-e<\/strong> : <em>Nous pr\u00e9parons une collection de 5 pi\u00e8ces en Rotin appel\u00e9e Prelude. Collection dissonante cr\u00e9\u00e9e exclusivement pour &#8220;The Gallery&#8221; \u00e0 Bruxelles. Nous parlerons de tension et de paradoxes \u00e0 l&#8217;image de notre vision actuelle des choses.<\/em><\/p>\n<h2><em>Porter la philosophie d&#8217;<strong>USIN-e<\/strong> au del\u00e0 des fronti\u00e8res fran\u00e7aises&#8230; <\/em><\/h2>\n<p><img data-recalc-dims=\"1\" decoding=\"async\" src=\"https:\/\/i0.wp.com\/joyana.fr\/wp-content\/uploads\/usine_10.jpg?ssl=1\" alt=\"USIN-e : Exposition &#038; Interview\" hspace=\"8\" align=\"top\" \/><\/p>\n<p><strong><a title=\"USIN-E\" href=\"http:\/\/www.usin-e.fr\/\">http:\/\/www.usin-e.fr\/ <\/a><\/strong><\/p>\n<p>&#8212;&#8212;&#8212;&#8212;-<\/p>\n<p><a title=\"BLOG DESIGN\" href=\"https:\/\/joyana.fr\/\">Jo Yana <\/a><\/p>\n","protected":false},"excerpt":{"rendered":"<p>Lors de notre p\u00e9riple au concept-store La Bergerie, nous avons pu interviewer les designers de USIN-e -aka R\u00e9mi Bouhaniche et Amaury Poudray- et d\u00e9couvrir leur exposition&#8230; Deco-Design : USIN-e parlez nous de votre parcours&#8230; USIN-e : USIN-e est un label bas\u00e9 \u00e0 Lyon, cr\u00e9\u00e9 en Septembre 2009 par deux auto-entrepreneurs, R\u00e9mi Bouhaniche et Amaury Poudray. [&hellip;]<\/p>\n","protected":false},"author":3,"featured_media":103418,"comment_status":"open","ping_status":"open","sticky":false,"template":"","format":"standard","meta":{"_coblocks_attr":"","_coblocks_dimensions":"","_coblocks_responsive_height":"","_coblocks_accordion_ie_support":"","_uag_custom_page_level_css":"","advgb_blocks_editor_width":"","advgb_blocks_columns_visual_guide":"","_genesis_hide_title":false,"_genesis_hide_breadcrumbs":false,"_genesis_hide_singular_image":false,"_genesis_hide_footer_widgets":false,"_genesis_custom_body_class":"","_genesis_custom_post_class":"","_genesis_layout":"","_themeisle_gutenberg_block_has_review":false,"_jetpack_newsletter_access":"","_jetpack_dont_email_post_to_subs":false,"_jetpack_newsletter_tier_id":0,"_jetpack_memberships_contains_paywalled_content":false,"_jetpack_memberships_contains_paid_content":false,"footnotes":""},"categories":[905,911,921,986],"tags":[78,31],"class_list":{"0":"post-103417","1":"post","2":"type-post","3":"status-publish","4":"format-standard","5":"has-post-thumbnail","7":"category-deco-design","8":"category-designer","9":"category-lieux-design","10":"category-usin-e","11":"tag-design","12":"tag-marseille","13":"entry"},"featured_image_urls":{"full":["https:\/\/i0.wp.com\/www.joyana.fr\/wp-content\/uploads\/old\/usin-e_3.jpg?fit=500%2C335&ssl=1",500,335,false],"thumbnail":["https:\/\/i0.wp.com\/www.joyana.fr\/wp-content\/uploads\/old\/usin-e_3.jpg?resize=150%2C150&ssl=1",150,150,true],"medium":["https:\/\/i0.wp.com\/www.joyana.fr\/wp-content\/uploads\/old\/usin-e_3.jpg?fit=300%2C201&ssl=1",300,201,true],"medium_large":["https:\/\/i0.wp.com\/www.joyana.fr\/wp-content\/uploads\/old\/usin-e_3.jpg?fit=500%2C335&ssl=1",500,335,true],"large":["https:\/\/i0.wp.com\/www.joyana.fr\/wp-content\/uploads\/old\/usin-e_3.jpg?fit=500%2C335&ssl=1",500,335,true],"1536x1536":["https:\/\/i0.wp.com\/www.joyana.fr\/wp-content\/uploads\/old\/usin-e_3.jpg?fit=500%2C335&ssl=1",500,335,true],"2048x2048":["https:\/\/i0.wp.com\/www.joyana.fr\/wp-content\/uploads\/old\/usin-e_3.jpg?fit=500%2C335&ssl=1",500,335,true],"featured-thumb":["https:\/\/i0.wp.com\/www.joyana.fr\/wp-content\/uploads\/old\/usin-e_3.jpg?resize=500%2C300&ssl=1",500,300,true],"ab-block-post-grid-landscape":["https:\/\/i0.wp.com\/www.joyana.fr\/wp-content\/uploads\/old\/usin-e_3.jpg?resize=500%2C335&ssl=1",500,335,true],"ab-block-post-grid-square":["https:\/\/i0.wp.com\/www.joyana.fr\/wp-content\/uploads\/old\/usin-e_3.jpg?resize=500%2C335&ssl=1",500,335,true],"author-pro-image":["https:\/\/i0.wp.com\/www.joyana.fr\/wp-content\/uploads\/old\/usin-e_3.jpg?resize=360%2C335&ssl=1",360,335,true],"slider":["https:\/\/i0.wp.com\/www.joyana.fr\/wp-content\/uploads\/old\/usin-e_3.jpg?resize=500%2C335&ssl=1",500,335,true],"woocommerce_thumbnail":["https:\/\/i0.wp.com\/www.joyana.fr\/wp-content\/uploads\/old\/usin-e_3.jpg?resize=450%2C335&ssl=1",450,335,true],"woocommerce_single":["https:\/\/i0.wp.com\/www.joyana.fr\/wp-content\/uploads\/old\/usin-e_3.jpg?fit=500%2C335&ssl=1",500,335,true],"woocommerce_gallery_thumbnail":["https:\/\/i0.wp.com\/www.joyana.fr\/wp-content\/uploads\/old\/usin-e_3.jpg?resize=180%2C180&ssl=1",180,180,true],"sow-carousel-default":["https:\/\/i0.wp.com\/www.joyana.fr\/wp-content\/uploads\/old\/usin-e_3.jpg?resize=272%2C182&ssl=1",272,182,true]},"post_excerpt_stackable":"<p>Lors de notre p\u00e9riple au concept-store La Bergerie, nous avons pu interviewer les designers de USIN-e -aka R\u00e9mi Bouhaniche et Amaury Poudray- et d\u00e9couvrir leur exposition&#8230; Deco-Design : USIN-e parlez nous de votre parcours&#8230; USIN-e : USIN-e est un label bas\u00e9 \u00e0 Lyon, cr\u00e9\u00e9 en Septembre 2009 par deux auto-entrepreneurs, R\u00e9mi Bouhaniche et Amaury Poudray. En 2004 et 2005 nous obtenons un Brevet de Technicien Sup\u00e9rieur en design de produits respectivement \u00e0 Marseille et Nantes (Les Herbiers). Alors tous deux \u00e9tudiants \u00e0 l\u2019\u00e9cole d\u2019Art et de Design de St Etienne entre 2004 et 2009, nous d\u00e9cidons durant l\u2019ann\u00e9e 2007 de&hellip;<\/p>\n","category_list":"<a href=\"https:\/\/www.joyana.fr\/en\/category\/deco-design\/\" rel=\"category tag\">DECO-DESIGN<\/a>, <a href=\"https:\/\/www.joyana.fr\/en\/category\/deco-design\/designer\/\" rel=\"category tag\">Designer<\/a>, <a href=\"https:\/\/www.joyana.fr\/en\/category\/deco-design\/architecture-deco-design\/lieux-design\/\" rel=\"category tag\">Lieux<\/a>, <a href=\"https:\/\/www.joyana.fr\/en\/category\/deco-design\/designer\/usin-e\/\" rel=\"category tag\">USIN-e<\/a>","author_info":{"display_name":"Jo Yana","author_link":"https:\/\/www.joyana.fr\/en\/author\/joyana\/"},"comments_num":"3 comments","featured_image_urls_v2":{"full":["https:\/\/i0.wp.com\/www.joyana.fr\/wp-content\/uploads\/old\/usin-e_3.jpg?fit=500%2C335&ssl=1",500,335,false],"thumbnail":["https:\/\/i0.wp.com\/www.joyana.fr\/wp-content\/uploads\/old\/usin-e_3.jpg?resize=150%2C150&ssl=1",150,150,true],"medium":["https:\/\/i0.wp.com\/www.joyana.fr\/wp-content\/uploads\/old\/usin-e_3.jpg?fit=300%2C201&ssl=1",300,201,true],"medium_large":["https:\/\/i0.wp.com\/www.joyana.fr\/wp-content\/uploads\/old\/usin-e_3.jpg?fit=500%2C335&ssl=1",500,335,true],"large":["https:\/\/i0.wp.com\/www.joyana.fr\/wp-content\/uploads\/old\/usin-e_3.jpg?fit=500%2C335&ssl=1",500,335,true],"1536x1536":["https:\/\/i0.wp.com\/www.joyana.fr\/wp-content\/uploads\/old\/usin-e_3.jpg?fit=500%2C335&ssl=1",500,335,true],"2048x2048":["https:\/\/i0.wp.com\/www.joyana.fr\/wp-content\/uploads\/old\/usin-e_3.jpg?fit=500%2C335&ssl=1",500,335,true],"featured-thumb":["https:\/\/i0.wp.com\/www.joyana.fr\/wp-content\/uploads\/old\/usin-e_3.jpg?resize=500%2C300&ssl=1",500,300,true],"ab-block-post-grid-landscape":["https:\/\/i0.wp.com\/www.joyana.fr\/wp-content\/uploads\/old\/usin-e_3.jpg?resize=500%2C335&ssl=1",500,335,true],"ab-block-post-grid-square":["https:\/\/i0.wp.com\/www.joyana.fr\/wp-content\/uploads\/old\/usin-e_3.jpg?resize=500%2C335&ssl=1",500,335,true],"author-pro-image":["https:\/\/i0.wp.com\/www.joyana.fr\/wp-content\/uploads\/old\/usin-e_3.jpg?resize=360%2C335&ssl=1",360,335,true],"slider":["https:\/\/i0.wp.com\/www.joyana.fr\/wp-content\/uploads\/old\/usin-e_3.jpg?resize=500%2C335&ssl=1",500,335,true],"woocommerce_thumbnail":["https:\/\/i0.wp.com\/www.joyana.fr\/wp-content\/uploads\/old\/usin-e_3.jpg?resize=450%2C335&ssl=1",450,335,true],"woocommerce_single":["https:\/\/i0.wp.com\/www.joyana.fr\/wp-content\/uploads\/old\/usin-e_3.jpg?fit=500%2C335&ssl=1",500,335,true],"woocommerce_gallery_thumbnail":["https:\/\/i0.wp.com\/www.joyana.fr\/wp-content\/uploads\/old\/usin-e_3.jpg?resize=180%2C180&ssl=1",180,180,true],"sow-carousel-default":["https:\/\/i0.wp.com\/www.joyana.fr\/wp-content\/uploads\/old\/usin-e_3.jpg?resize=272%2C182&ssl=1",272,182,true]},"post_excerpt_stackable_v2":"<p>Lors de notre p\u00e9riple au concept-store La Bergerie, nous avons pu interviewer les designers de USIN-e -aka R\u00e9mi Bouhaniche et Amaury Poudray- et d\u00e9couvrir leur exposition&#8230; Deco-Design : USIN-e parlez nous de votre parcours&#8230; USIN-e : USIN-e est un label bas\u00e9 \u00e0 Lyon, cr\u00e9\u00e9 en Septembre 2009 par deux auto-entrepreneurs, R\u00e9mi Bouhaniche et Amaury Poudray. En 2004 et 2005 nous obtenons un Brevet de Technicien Sup\u00e9rieur en design de produits respectivement \u00e0 Marseille et Nantes (Les Herbiers). Alors tous deux \u00e9tudiants \u00e0 l\u2019\u00e9cole d\u2019Art et de Design de St Etienne entre 2004 et 2009, nous d\u00e9cidons durant l\u2019ann\u00e9e 2007 de&hellip;<\/p>\n","category_list_v2":"<a href=\"https:\/\/www.joyana.fr\/en\/category\/deco-design\/\" rel=\"category tag\">DECO-DESIGN<\/a>, <a href=\"https:\/\/www.joyana.fr\/en\/category\/deco-design\/designer\/\" rel=\"category tag\">Designer<\/a>, <a href=\"https:\/\/www.joyana.fr\/en\/category\/deco-design\/architecture-deco-design\/lieux-design\/\" rel=\"category tag\">Lieux<\/a>, <a href=\"https:\/\/www.joyana.fr\/en\/category\/deco-design\/designer\/usin-e\/\" rel=\"category tag\">USIN-e<\/a>","author_info_v2":{"name":"Jo Yana","url":"https:\/\/www.joyana.fr\/en\/author\/joyana\/"},"comments_num_v2":"3 comments","yoast_head":"<!-- This site is optimized with the Yoast SEO plugin v26.8 - https:\/\/yoast.com\/product\/yoast-seo-wordpress\/ -->\n<title>USIN-e : Exposition &amp; Interview - JO YANA<\/title>\n<meta name=\"robots\" content=\"index, follow, max-snippet:-1, max-image-preview:large, max-video-preview:-1\" \/>\n<link rel=\"canonical\" href=\"https:\/\/www.joyana.fr\/en\/usin-e-exposition-interview\/103417\/\" \/>\n<meta property=\"og:locale\" content=\"en_US\" \/>\n<meta property=\"og:locale:alternate\" content=\"fr_FR\" \/>\n<meta property=\"og:locale:alternate\" content=\"ja\" \/>\n<meta property=\"og:type\" content=\"article\" \/>\n<meta property=\"og:title\" content=\"USIN-e : Exposition &amp; Interview - JO YANA\" \/>\n<meta property=\"og:description\" content=\"Lors de notre p\u00e9riple au concept-store La Bergerie, nous avons pu interviewer les designers de USIN-e -aka R\u00e9mi Bouhaniche et Amaury Poudray- et d\u00e9couvrir leur exposition&#8230; Deco-Design : USIN-e parlez nous de votre parcours&#8230; USIN-e : USIN-e est un label bas\u00e9 \u00e0 Lyon, cr\u00e9\u00e9 en Septembre 2009 par deux auto-entrepreneurs, R\u00e9mi Bouhaniche et Amaury Poudray. [&hellip;]\" \/>\n<meta property=\"og:url\" content=\"https:\/\/www.joyana.fr\/en\/usin-e-exposition-interview\/103417\/\" \/>\n<meta property=\"og:site_name\" content=\"JO YANA\" \/>\n<meta property=\"article:published_time\" content=\"2010-03-26T07:18:59+00:00\" \/>\n<meta property=\"og:image\" content=\"https:\/\/www.joyana.fr\/wp-content\/uploads\/old\/usin-e_3.jpg\" \/>\n\t<meta property=\"og:image:width\" content=\"500\" \/>\n\t<meta property=\"og:image:height\" content=\"335\" \/>\n\t<meta property=\"og:image:type\" content=\"image\/jpeg\" \/>\n<meta name=\"author\" content=\"Jo Yana\" \/>\n<meta name=\"twitter:card\" content=\"summary_large_image\" \/>\n<meta name=\"twitter:creator\" content=\"@Jo_Yana\" \/>\n<meta name=\"twitter:site\" content=\"@Jo_Yana\" \/>\n<meta name=\"twitter:label1\" content=\"Written by\" \/>\n\t<meta name=\"twitter:data1\" content=\"Jo Yana\" \/>\n\t<meta name=\"twitter:label2\" content=\"Est. reading time\" \/>\n\t<meta name=\"twitter:data2\" content=\"4 minutes\" \/>\n<script type=\"application\/ld+json\" class=\"yoast-schema-graph\">{\"@context\":\"https:\/\/schema.org\",\"@graph\":[{\"@type\":\"Article\",\"@id\":\"https:\/\/www.joyana.fr\/en\/usin-e-exposition-interview\/103417\/#article\",\"isPartOf\":{\"@id\":\"https:\/\/www.joyana.fr\/en\/usin-e-exposition-interview\/103417\/\"},\"author\":{\"name\":\"Jo Yana\",\"@id\":\"https:\/\/joyana.fr\/#\/schema\/person\/cf2a1ad12a27c12c21801075bf37407c\"},\"headline\":\"USIN-e : Exposition &#038; Interview\",\"datePublished\":\"2010-03-26T07:18:59+00:00\",\"mainEntityOfPage\":{\"@id\":\"https:\/\/www.joyana.fr\/en\/usin-e-exposition-interview\/103417\/\"},\"wordCount\":728,\"commentCount\":0,\"publisher\":{\"@id\":\"https:\/\/joyana.fr\/#\/schema\/person\/cf2a1ad12a27c12c21801075bf37407c\"},\"image\":{\"@id\":\"https:\/\/www.joyana.fr\/en\/usin-e-exposition-interview\/103417\/#primaryimage\"},\"thumbnailUrl\":\"https:\/\/i0.wp.com\/www.joyana.fr\/wp-content\/uploads\/old\/usin-e_3.jpg?fit=500%2C335&ssl=1\",\"keywords\":[\"DESIGN\",\"Marseille\"],\"articleSection\":[\"DECO-DESIGN\",\"Designer\",\"Lieux\",\"USIN-e\"],\"inLanguage\":\"en-US\",\"potentialAction\":[{\"@type\":\"CommentAction\",\"name\":\"Comment\",\"target\":[\"https:\/\/www.joyana.fr\/en\/usin-e-exposition-interview\/103417\/#respond\"]}]},{\"@type\":\"WebPage\",\"@id\":\"https:\/\/www.joyana.fr\/en\/usin-e-exposition-interview\/103417\/\",\"url\":\"https:\/\/www.joyana.fr\/en\/usin-e-exposition-interview\/103417\/\",\"name\":\"USIN-e : Exposition & Interview - JO YANA\",\"isPartOf\":{\"@id\":\"https:\/\/joyana.fr\/#website\"},\"primaryImageOfPage\":{\"@id\":\"https:\/\/www.joyana.fr\/en\/usin-e-exposition-interview\/103417\/#primaryimage\"},\"image\":{\"@id\":\"https:\/\/www.joyana.fr\/en\/usin-e-exposition-interview\/103417\/#primaryimage\"},\"thumbnailUrl\":\"https:\/\/i0.wp.com\/www.joyana.fr\/wp-content\/uploads\/old\/usin-e_3.jpg?fit=500%2C335&ssl=1\",\"datePublished\":\"2010-03-26T07:18:59+00:00\",\"breadcrumb\":{\"@id\":\"https:\/\/www.joyana.fr\/en\/usin-e-exposition-interview\/103417\/#breadcrumb\"},\"inLanguage\":\"en-US\",\"potentialAction\":[{\"@type\":\"ReadAction\",\"target\":[\"https:\/\/www.joyana.fr\/en\/usin-e-exposition-interview\/103417\/\"]}]},{\"@type\":\"ImageObject\",\"inLanguage\":\"en-US\",\"@id\":\"https:\/\/www.joyana.fr\/en\/usin-e-exposition-interview\/103417\/#primaryimage\",\"url\":\"https:\/\/i0.wp.com\/www.joyana.fr\/wp-content\/uploads\/old\/usin-e_3.jpg?fit=500%2C335&ssl=1\",\"contentUrl\":\"https:\/\/i0.wp.com\/www.joyana.fr\/wp-content\/uploads\/old\/usin-e_3.jpg?fit=500%2C335&ssl=1\",\"width\":\"500\",\"height\":\"335\"},{\"@type\":\"BreadcrumbList\",\"@id\":\"https:\/\/www.joyana.fr\/en\/usin-e-exposition-interview\/103417\/#breadcrumb\",\"itemListElement\":[{\"@type\":\"ListItem\",\"position\":1,\"name\":\"Accueil\",\"item\":\"https:\/\/joyana.fr\/\"},{\"@type\":\"ListItem\",\"position\":2,\"name\":\"USIN-e : Exposition &#038; Interview\"}]},{\"@type\":\"WebSite\",\"@id\":\"https:\/\/joyana.fr\/#website\",\"url\":\"https:\/\/joyana.fr\/\",\"name\":\"JO YANA\",\"description\":\"Blog Mode Homme, Lifestyle, D\u00e9co-Design\",\"publisher\":{\"@id\":\"https:\/\/joyana.fr\/#\/schema\/person\/cf2a1ad12a27c12c21801075bf37407c\"},\"potentialAction\":[{\"@type\":\"SearchAction\",\"target\":{\"@type\":\"EntryPoint\",\"urlTemplate\":\"https:\/\/joyana.fr\/?s={search_term_string}\"},\"query-input\":{\"@type\":\"PropertyValueSpecification\",\"valueRequired\":true,\"valueName\":\"search_term_string\"}}],\"inLanguage\":\"en-US\"},{\"@type\":[\"Person\",\"Organization\"],\"@id\":\"https:\/\/joyana.fr\/#\/schema\/person\/cf2a1ad12a27c12c21801075bf37407c\",\"name\":\"Jo Yana\",\"image\":{\"@type\":\"ImageObject\",\"inLanguage\":\"en-US\",\"@id\":\"https:\/\/joyana.fr\/#\/schema\/person\/image\/\",\"url\":\"https:\/\/i0.wp.com\/www.joyana.fr\/wp-content\/uploads\/2016\/08\/cropped-joyana-logo-black-360x180.png?fit=343%2C164&ssl=1\",\"contentUrl\":\"https:\/\/i0.wp.com\/www.joyana.fr\/wp-content\/uploads\/2016\/08\/cropped-joyana-logo-black-360x180.png?fit=343%2C164&ssl=1\",\"width\":343,\"height\":164,\"caption\":\"Jo Yana\"},\"logo\":{\"@id\":\"https:\/\/joyana.fr\/#\/schema\/person\/image\/\"},\"description\":\"Jo Yana est le cr\u00e9ateur et r\u00e9dacteur en chef des sites DECO-DESIGN. Passionn\u00e9 de Design, Mode, Photo, Luxe, Lifestyle, Musique, mais avant tout Blogueur ! Le plaisir de partager l'anime et a comme devise \\\"POUR L'AMOUR DU BEAU\\\". Retrouvez le aussi sur son blog personnel - https:\/\/joyana.fr...\",\"sameAs\":[\"https:\/\/joyana.fr\/\"],\"url\":\"https:\/\/www.joyana.fr\/en\/author\/joyana\/\"}]}<\/script>\n<!-- \/ Yoast SEO plugin. -->","yoast_head_json":{"title":"USIN-e : Exposition & Interview - JO YANA","robots":{"index":"index","follow":"follow","max-snippet":"max-snippet:-1","max-image-preview":"max-image-preview:large","max-video-preview":"max-video-preview:-1"},"canonical":"https:\/\/www.joyana.fr\/en\/usin-e-exposition-interview\/103417\/","og_locale":"en_US","og_type":"article","og_title":"USIN-e : Exposition & Interview - JO YANA","og_description":"Lors de notre p\u00e9riple au concept-store La Bergerie, nous avons pu interviewer les designers de USIN-e -aka R\u00e9mi Bouhaniche et Amaury Poudray- et d\u00e9couvrir leur exposition&#8230; Deco-Design : USIN-e parlez nous de votre parcours&#8230; USIN-e : USIN-e est un label bas\u00e9 \u00e0 Lyon, cr\u00e9\u00e9 en Septembre 2009 par deux auto-entrepreneurs, R\u00e9mi Bouhaniche et Amaury Poudray. [&hellip;]","og_url":"https:\/\/www.joyana.fr\/en\/usin-e-exposition-interview\/103417\/","og_site_name":"JO YANA","article_published_time":"2010-03-26T07:18:59+00:00","og_image":[{"width":500,"height":335,"url":"https:\/\/www.joyana.fr\/wp-content\/uploads\/old\/usin-e_3.jpg","type":"image\/jpeg"}],"author":"Jo Yana","twitter_card":"summary_large_image","twitter_creator":"@Jo_Yana","twitter_site":"@Jo_Yana","twitter_misc":{"Written by":"Jo Yana","Est. reading time":"4 minutes"},"schema":{"@context":"https:\/\/schema.org","@graph":[{"@type":"Article","@id":"https:\/\/www.joyana.fr\/en\/usin-e-exposition-interview\/103417\/#article","isPartOf":{"@id":"https:\/\/www.joyana.fr\/en\/usin-e-exposition-interview\/103417\/"},"author":{"name":"Jo Yana","@id":"https:\/\/joyana.fr\/#\/schema\/person\/cf2a1ad12a27c12c21801075bf37407c"},"headline":"USIN-e : Exposition &#038; Interview","datePublished":"2010-03-26T07:18:59+00:00","mainEntityOfPage":{"@id":"https:\/\/www.joyana.fr\/en\/usin-e-exposition-interview\/103417\/"},"wordCount":728,"commentCount":0,"publisher":{"@id":"https:\/\/joyana.fr\/#\/schema\/person\/cf2a1ad12a27c12c21801075bf37407c"},"image":{"@id":"https:\/\/www.joyana.fr\/en\/usin-e-exposition-interview\/103417\/#primaryimage"},"thumbnailUrl":"https:\/\/i0.wp.com\/www.joyana.fr\/wp-content\/uploads\/old\/usin-e_3.jpg?fit=500%2C335&ssl=1","keywords":["DESIGN","Marseille"],"articleSection":["DECO-DESIGN","Designer","Lieux","USIN-e"],"inLanguage":"en-US","potentialAction":[{"@type":"CommentAction","name":"Comment","target":["https:\/\/www.joyana.fr\/en\/usin-e-exposition-interview\/103417\/#respond"]}]},{"@type":"WebPage","@id":"https:\/\/www.joyana.fr\/en\/usin-e-exposition-interview\/103417\/","url":"https:\/\/www.joyana.fr\/en\/usin-e-exposition-interview\/103417\/","name":"USIN-e : Exposition & Interview - JO YANA","isPartOf":{"@id":"https:\/\/joyana.fr\/#website"},"primaryImageOfPage":{"@id":"https:\/\/www.joyana.fr\/en\/usin-e-exposition-interview\/103417\/#primaryimage"},"image":{"@id":"https:\/\/www.joyana.fr\/en\/usin-e-exposition-interview\/103417\/#primaryimage"},"thumbnailUrl":"https:\/\/i0.wp.com\/www.joyana.fr\/wp-content\/uploads\/old\/usin-e_3.jpg?fit=500%2C335&ssl=1","datePublished":"2010-03-26T07:18:59+00:00","breadcrumb":{"@id":"https:\/\/www.joyana.fr\/en\/usin-e-exposition-interview\/103417\/#breadcrumb"},"inLanguage":"en-US","potentialAction":[{"@type":"ReadAction","target":["https:\/\/www.joyana.fr\/en\/usin-e-exposition-interview\/103417\/"]}]},{"@type":"ImageObject","inLanguage":"en-US","@id":"https:\/\/www.joyana.fr\/en\/usin-e-exposition-interview\/103417\/#primaryimage","url":"https:\/\/i0.wp.com\/www.joyana.fr\/wp-content\/uploads\/old\/usin-e_3.jpg?fit=500%2C335&ssl=1","contentUrl":"https:\/\/i0.wp.com\/www.joyana.fr\/wp-content\/uploads\/old\/usin-e_3.jpg?fit=500%2C335&ssl=1","width":"500","height":"335"},{"@type":"BreadcrumbList","@id":"https:\/\/www.joyana.fr\/en\/usin-e-exposition-interview\/103417\/#breadcrumb","itemListElement":[{"@type":"ListItem","position":1,"name":"Accueil","item":"https:\/\/joyana.fr\/"},{"@type":"ListItem","position":2,"name":"USIN-e : Exposition &#038; Interview"}]},{"@type":"WebSite","@id":"https:\/\/joyana.fr\/#website","url":"https:\/\/joyana.fr\/","name":"JO YANA","description":"Blog Mode Homme, Lifestyle, D\u00e9co-Design","publisher":{"@id":"https:\/\/joyana.fr\/#\/schema\/person\/cf2a1ad12a27c12c21801075bf37407c"},"potentialAction":[{"@type":"SearchAction","target":{"@type":"EntryPoint","urlTemplate":"https:\/\/joyana.fr\/?s={search_term_string}"},"query-input":{"@type":"PropertyValueSpecification","valueRequired":true,"valueName":"search_term_string"}}],"inLanguage":"en-US"},{"@type":["Person","Organization"],"@id":"https:\/\/joyana.fr\/#\/schema\/person\/cf2a1ad12a27c12c21801075bf37407c","name":"Jo Yana","image":{"@type":"ImageObject","inLanguage":"en-US","@id":"https:\/\/joyana.fr\/#\/schema\/person\/image\/","url":"https:\/\/i0.wp.com\/www.joyana.fr\/wp-content\/uploads\/2016\/08\/cropped-joyana-logo-black-360x180.png?fit=343%2C164&ssl=1","contentUrl":"https:\/\/i0.wp.com\/www.joyana.fr\/wp-content\/uploads\/2016\/08\/cropped-joyana-logo-black-360x180.png?fit=343%2C164&ssl=1","width":343,"height":164,"caption":"Jo Yana"},"logo":{"@id":"https:\/\/joyana.fr\/#\/schema\/person\/image\/"},"description":"Jo Yana est le cr\u00e9ateur et r\u00e9dacteur en chef des sites DECO-DESIGN. Passionn\u00e9 de Design, Mode, Photo, Luxe, Lifestyle, Musique, mais avant tout Blogueur ! Le plaisir de partager l'anime et a comme devise \"POUR L'AMOUR DU BEAU\". Retrouvez le aussi sur son blog personnel - https:\/\/joyana.fr...","sameAs":["https:\/\/joyana.fr\/"],"url":"https:\/\/www.joyana.fr\/en\/author\/joyana\/"}]}},"author_meta":{"display_name":"Jo Yana","author_link":"https:\/\/www.joyana.fr\/en\/author\/joyana\/"},"featured_img":"https:\/\/i0.wp.com\/www.joyana.fr\/wp-content\/uploads\/old\/usin-e_3.jpg?fit=300%2C201&ssl=1","featured_image_src":"https:\/\/i0.wp.com\/www.joyana.fr\/wp-content\/uploads\/old\/usin-e_3.jpg?resize=500%2C335&ssl=1","featured_image_src_square":"https:\/\/i0.wp.com\/www.joyana.fr\/wp-content\/uploads\/old\/usin-e_3.jpg?resize=500%2C335&ssl=1","jetpack_featured_media_url":"https:\/\/i0.wp.com\/www.joyana.fr\/wp-content\/uploads\/old\/usin-e_3.jpg?fit=500%2C335&ssl=1","uagb_featured_image_src":{"full":["https:\/\/i0.wp.com\/www.joyana.fr\/wp-content\/uploads\/old\/usin-e_3.jpg?fit=500%2C335&ssl=1",500,335,false],"thumbnail":["https:\/\/i0.wp.com\/www.joyana.fr\/wp-content\/uploads\/old\/usin-e_3.jpg?resize=150%2C150&ssl=1",150,150,true],"medium":["https:\/\/i0.wp.com\/www.joyana.fr\/wp-content\/uploads\/old\/usin-e_3.jpg?fit=300%2C201&ssl=1",300,201,true],"medium_large":["https:\/\/i0.wp.com\/www.joyana.fr\/wp-content\/uploads\/old\/usin-e_3.jpg?fit=500%2C335&ssl=1",500,335,true],"large":["https:\/\/i0.wp.com\/www.joyana.fr\/wp-content\/uploads\/old\/usin-e_3.jpg?fit=500%2C335&ssl=1",500,335,true],"1536x1536":["https:\/\/i0.wp.com\/www.joyana.fr\/wp-content\/uploads\/old\/usin-e_3.jpg?fit=500%2C335&ssl=1",500,335,true],"2048x2048":["https:\/\/i0.wp.com\/www.joyana.fr\/wp-content\/uploads\/old\/usin-e_3.jpg?fit=500%2C335&ssl=1",500,335,true],"featured-thumb":["https:\/\/i0.wp.com\/www.joyana.fr\/wp-content\/uploads\/old\/usin-e_3.jpg?resize=500%2C300&ssl=1",500,300,true],"ab-block-post-grid-landscape":["https:\/\/i0.wp.com\/www.joyana.fr\/wp-content\/uploads\/old\/usin-e_3.jpg?resize=500%2C335&ssl=1",500,335,true],"ab-block-post-grid-square":["https:\/\/i0.wp.com\/www.joyana.fr\/wp-content\/uploads\/old\/usin-e_3.jpg?resize=500%2C335&ssl=1",500,335,true],"author-pro-image":["https:\/\/i0.wp.com\/www.joyana.fr\/wp-content\/uploads\/old\/usin-e_3.jpg?resize=360%2C335&ssl=1",360,335,true],"slider":["https:\/\/i0.wp.com\/www.joyana.fr\/wp-content\/uploads\/old\/usin-e_3.jpg?resize=500%2C335&ssl=1",500,335,true],"woocommerce_thumbnail":["https:\/\/i0.wp.com\/www.joyana.fr\/wp-content\/uploads\/old\/usin-e_3.jpg?resize=450%2C335&ssl=1",450,335,true],"woocommerce_single":["https:\/\/i0.wp.com\/www.joyana.fr\/wp-content\/uploads\/old\/usin-e_3.jpg?fit=500%2C335&ssl=1",500,335,true],"woocommerce_gallery_thumbnail":["https:\/\/i0.wp.com\/www.joyana.fr\/wp-content\/uploads\/old\/usin-e_3.jpg?resize=180%2C180&ssl=1",180,180,true],"sow-carousel-default":["https:\/\/i0.wp.com\/www.joyana.fr\/wp-content\/uploads\/old\/usin-e_3.jpg?resize=272%2C182&ssl=1",272,182,true]},"uagb_author_info":{"display_name":"Jo Yana","author_link":"https:\/\/www.joyana.fr\/en\/author\/joyana\/"},"uagb_comment_info":4,"uagb_excerpt":"Lors de notre p\u00e9riple au concept-store La Bergerie, nous avons pu interviewer les designers de USIN-e -aka R\u00e9mi Bouhaniche et Amaury Poudray- et d\u00e9couvrir leur exposition&#8230; Deco-Design : USIN-e parlez nous de votre parcours&#8230; USIN-e : USIN-e est un label bas\u00e9 \u00e0 Lyon, cr\u00e9\u00e9 en Septembre 2009 par deux auto-entrepreneurs, R\u00e9mi Bouhaniche et Amaury Poudray.&hellip;","coauthors":[],"tax_additional":{"categories":{"linked":["<a href=\"https:\/\/www.joyana.fr\/en\/category\/deco-design\/\" class=\"advgb-post-tax-term\">DECO-DESIGN<\/a>","<a href=\"https:\/\/www.joyana.fr\/en\/category\/deco-design\/designer\/\" class=\"advgb-post-tax-term\">Designer<\/a>","<a href=\"https:\/\/www.joyana.fr\/en\/category\/deco-design\/architecture-deco-design\/lieux-design\/\" class=\"advgb-post-tax-term\">Lieux<\/a>","<a href=\"https:\/\/www.joyana.fr\/en\/category\/deco-design\/designer\/usin-e\/\" class=\"advgb-post-tax-term\">USIN-e<\/a>"],"unlinked":["<span class=\"advgb-post-tax-term\">DECO-DESIGN<\/span>","<span class=\"advgb-post-tax-term\">Designer<\/span>","<span class=\"advgb-post-tax-term\">Lieux<\/span>","<span class=\"advgb-post-tax-term\">USIN-e<\/span>"]},"tags":{"linked":["<a href=\"https:\/\/www.joyana.fr\/en\/category\/deco-design\/designer\/usin-e\/\" class=\"advgb-post-tax-term\">DESIGN<\/a>","<a href=\"https:\/\/www.joyana.fr\/en\/category\/deco-design\/designer\/usin-e\/\" class=\"advgb-post-tax-term\">Marseille<\/a>"],"unlinked":["<span class=\"advgb-post-tax-term\">DESIGN<\/span>","<span class=\"advgb-post-tax-term\">Marseille<\/span>"]}},"comment_count":3,"relative_dates":{"created":"Posted 16 years ago","modified":"Updated 16 years ago"},"absolute_dates":{"created":"Posted on 26 March 2010","modified":"Updated on 26 March 2010"},"absolute_dates_time":{"created":"Posted on 26 March 2010 8:18","modified":"Updated on 26 March 2010 8:18"},"featured_img_caption":"","series_order":"","jetpack_sharing_enabled":true,"jetpack_shortlink":"https:\/\/wp.me\/p9bteI-qU1","jetpack-related-posts":[],"_links":{"self":[{"href":"https:\/\/www.joyana.fr\/en\/wp-json\/wp\/v2\/posts\/103417","targetHints":{"allow":["GET"]}}],"collection":[{"href":"https:\/\/www.joyana.fr\/en\/wp-json\/wp\/v2\/posts"}],"about":[{"href":"https:\/\/www.joyana.fr\/en\/wp-json\/wp\/v2\/types\/post"}],"author":[{"embeddable":true,"href":"https:\/\/www.joyana.fr\/en\/wp-json\/wp\/v2\/users\/3"}],"replies":[{"embeddable":true,"href":"https:\/\/www.joyana.fr\/en\/wp-json\/wp\/v2\/comments?post=103417"}],"version-history":[{"count":0,"href":"https:\/\/www.joyana.fr\/en\/wp-json\/wp\/v2\/posts\/103417\/revisions"}],"wp:featuredmedia":[{"embeddable":true,"href":"https:\/\/www.joyana.fr\/en\/wp-json\/wp\/v2\/media\/103418"}],"wp:attachment":[{"href":"https:\/\/www.joyana.fr\/en\/wp-json\/wp\/v2\/media?parent=103417"}],"wp:term":[{"taxonomy":"category","embeddable":true,"href":"https:\/\/www.joyana.fr\/en\/wp-json\/wp\/v2\/categories?post=103417"},{"taxonomy":"post_tag","embeddable":true,"href":"https:\/\/www.joyana.fr\/en\/wp-json\/wp\/v2\/tags?post=103417"}],"curies":[{"name":"wp","href":"https:\/\/api.w.org\/{rel}","templated":true}]}}