{"id":103250,"date":"2010-01-21T13:41:43","date_gmt":"2010-01-21T12:41:43","guid":{"rendered":"https:\/\/joyana.fr\/masalledebaincom\/"},"modified":"2010-01-21T13:41:43","modified_gmt":"2010-01-21T12:41:43","slug":"masalledebaincom","status":"publish","type":"post","link":"https:\/\/www.joyana.fr\/en\/masalledebaincom\/103250\/","title":{"rendered":"MASALLEDEBAIN.COM"},"content":{"rendered":"<p>En manque d&#8217;inspiration pour votre <strong>salle d&#8217;eau<\/strong> ou vos <strong>sanitaires<\/strong> ??? Notre \u00e9quipe vous a fait une s\u00e9lection tr\u00e8s <strong>design<\/strong> chez <strong><a href=\"http:\/\/www.masalledebain.com\/\" title=\"MA SALLE DE BAIN DESIGN\">MaSalleDeBain.com<\/a><\/strong>&#8230;<\/p>\n<p><img data-recalc-dims=\"1\" fetchpriority=\"high\" decoding=\"async\" src=\"https:\/\/i0.wp.com\/i2.photobucket.com\/albums\/y22\/joyana\/2010\/AA0003.jpg?resize=500%2C327\" alt=\"MA SALLE DE BAIN COM DESIGN\" align=\"top\" height=\"327\" hspace=\"8\" width=\"500\" \/><\/p>\n<p><a href=\"http:\/\/www.masalledebain.com\/gestion3d\/10842_objet_cabine-de-douche-vito-black.html\"><img data-recalc-dims=\"1\" decoding=\"async\" src=\"https:\/\/i0.wp.com\/i2.photobucket.com\/albums\/y22\/joyana\/2010\/AA003-1.jpg?resize=500%2C594\" alt=\"MA SALLE DE BAIN COM DESIGN\" align=\"top\" height=\"594\" hspace=\"8\" width=\"500\" \/><\/a><\/p>\n<h5>Cabine de douche Vito Black<\/h5>\n<p>Entrez dans cette <strong>cabine de douche<\/strong> multifonctions. Hammam, radio FM, robinetterie thermostatique, 6 buses orientables massantes en aluminium, douche de t\u00eate 20&#215;20, douchette \u00e0 main, panneau de commande tactile, fonction auto-nettoyante, porte r\u00e9versible et panneaux en verre 6mm, lampe, receveur en marbre naturel anthracite&#8230; Bref le paradis !!!<\/p>\n<p><a href=\"http:\/\/www.masalledebain.com\/gestion3d\/10871_objet_vasque-a-poser-mathilde-marbre-noir.html\"><img data-recalc-dims=\"1\" decoding=\"async\" src=\"https:\/\/i0.wp.com\/i2.photobucket.com\/albums\/y22\/joyana\/2010\/Sten6.jpg?resize=500%2C473\" alt=\"MA SALLE DE BAIN COM DESIGN\" align=\"top\" height=\"473\" hspace=\"8\" width=\"500\" \/><\/a><\/p>\n<h5>Vasque \u00e0 poser Mathilde Marbre noir<\/h5>\n<p>Pourquoi ne pas l&#8217;assortir avec cette vasque \u00e0 poser en marbre noir et veines blanches ???<\/p>\n<p><a href=\"http:\/\/www.masalledebain.com\/gestion3d\/10841_objet_baignoire-balneo-diod-b1803.html\"><img data-recalc-dims=\"1\" loading=\"lazy\" decoding=\"async\" src=\"https:\/\/i0.wp.com\/i2.photobucket.com\/albums\/y22\/joyana\/2010\/cam01_MT-RT_1803.jpg?resize=500%2C475\" alt=\"MA SALLE DE BAIN COM DESIGN\" align=\"top\" height=\"475\" hspace=\"8\" width=\"500\" \/><\/a><\/p>\n<p>Pas envie d&#8217;une <strong>douche<\/strong>, vous pr\u00e9f\u00e9rez une <strong>baignoire<\/strong> ???<\/p>\n<p><a href=\"http:\/\/www.masalledebain.com\/gestion3d\/10841_objet_baignoire-balneo-diod-b1803.html\"><img data-recalc-dims=\"1\" loading=\"lazy\" decoding=\"async\" src=\"https:\/\/i0.wp.com\/i2.photobucket.com\/albums\/y22\/joyana\/2010\/_MG_9403.jpg?resize=500%2C333\" alt=\"MA SALLE DE BAIN COM DESIGN\" align=\"top\" height=\"333\" hspace=\"8\" width=\"500\" \/><\/a><\/p>\n<h5>Baignoire balneo Diod B1803<\/h5>\n<p>Vous allez adorer la baignoire baln\u00e9o avec tablier en acrylique renforc\u00e9 amovible. 18 jets Air avec LED, 2 buses Eau avec LED pour massage plantaire, 8 hydrojets avec LED pour massage dorsale, r\u00e9chauffeur d&#8217;air, radio FM, chromath\u00e9rapie, Ozone, robinetterie m\u00e9langeur&#8230;<\/p>\n<p><a href=\"http:\/\/www.masalledebain.com\/gestion3d\/566_objet_wc-suspendu-starck-3.html\" title=\"WC SUSPENDU STARCK\"><img data-recalc-dims=\"1\" loading=\"lazy\" decoding=\"async\" src=\"https:\/\/i0.wp.com\/i2.photobucket.com\/albums\/y22\/joyana\/2010\/Starck3_WC007.jpg?resize=500%2C556\" alt=\"WC SUSPENDU DESIGN\" align=\"top\" height=\"556\" hspace=\"8\" width=\"500\" \/><\/a><\/p>\n<h5>Cuvette WC suspendue Starck 3<\/h5>\n<p>Chers lecteurs, n&#8217;oubliez pas vos WC !!! Chez <a href=\"http:\/\/deco-design.fr-bb.com\/\" title=\"FORUM DESIGN\">Deco-Design<\/a>, nous avons craqu\u00e9 sur deux mod\u00e8le le WC suspendue sign\u00e9 Starck (ci dessus) et le mod\u00e8le Cinto en c\u00e9ramique FullClean et ses lignes \u00e9pur\u00e9es tr\u00e8s g\u00e9om\u00e9triques !!!<\/p>\n<p><a href=\"http:\/\/www.masalledebain.com\/gestion3d\/5561_objet_cuvette-wc-suspendue-cinto.html\" title=\"WC SUSPENDU DESIGN\"><img data-recalc-dims=\"1\" loading=\"lazy\" decoding=\"async\" src=\"https:\/\/i0.wp.com\/i2.photobucket.com\/albums\/y22\/joyana\/2010\/cam02.jpg?resize=500%2C500\" alt=\"WC SUSPENDU DESIGN\" align=\"top\" height=\"500\" hspace=\"8\" width=\"500\" \/><\/a><\/p>\n<h5>Cuvette WC suspendue Cinto<\/h5>\n<p>Nous vous avons gard\u00e9 le meilleur pour la fin, avec cette <strong>douche pluie<\/strong> sign\u00e9e par le grand Philippe Starck -intitul\u00e9e ShowerHeaven. ENJOY IT !!!<\/p>\n<p><a href=\"http:\/\/www.masalledebain.com\/gestion3d\/9014_objet_panneau-starck-showerheaven-970x970-mm.html\"><img data-recalc-dims=\"1\" loading=\"lazy\" decoding=\"async\" src=\"https:\/\/i0.wp.com\/i2.photobucket.com\/albums\/y22\/joyana\/2010\/ax_shower_collection_en_Page_11_Ima.jpg?resize=500%2C610\" alt=\"DOUCHE PLUIE STARCK\" align=\"top\" height=\"610\" hspace=\"8\" width=\"500\" \/><\/a><\/p>\n<p><a href=\"http:\/\/www.masalledebain.com\/gestion3d\/9015_objet_ensemble-starck-showerheaven.html\"><img data-recalc-dims=\"1\" loading=\"lazy\" decoding=\"async\" src=\"https:\/\/i0.wp.com\/i2.photobucket.com\/albums\/y22\/joyana\/2010\/ax_shower_collection_en_Page_10_Ima.jpg?resize=500%2C670\" alt=\"SHOWER HEAVEN STARCK\" align=\"top\" height=\"670\" hspace=\"8\" width=\"500\" \/><\/a><\/p>\n<h5>ShowerHeaven by STARCK<\/h5>\n<p>Et d\u00e9couvrez encore de bien jolies choses sur <strong><a href=\"http:\/\/www.masalledebain.com\/\" title=\"MA SALLE DE BAIN DESIGN\">MaSalleDeBain.com<\/a><\/strong><\/p>\n<p>&#8212;&#8212;&#8212;&#8212;&#8212;-<\/p>\n<p><a href=\"https:\/\/joyana.fr\/\" title=\"BLOG DESIGN\">Jo Yana <\/a><\/p>\n","protected":false},"excerpt":{"rendered":"<p>En manque d&#8217;inspiration pour votre salle d&#8217;eau ou vos sanitaires ??? Notre \u00e9quipe vous a fait une s\u00e9lection tr\u00e8s design chez MaSalleDeBain.com&#8230; Cabine de douche Vito Black Entrez dans cette cabine de douche multifonctions. Hammam, radio FM, robinetterie thermostatique, 6 buses orientables massantes en aluminium, douche de t\u00eate 20&#215;20, douchette \u00e0 main, panneau de commande [&hellip;]<\/p>\n","protected":false},"author":3,"featured_media":122114,"comment_status":"open","ping_status":"open","sticky":false,"template":"","format":"standard","meta":{"_coblocks_attr":"","_coblocks_dimensions":"","_coblocks_responsive_height":"","_coblocks_accordion_ie_support":"","_uag_custom_page_level_css":"","advgb_blocks_editor_width":"","advgb_blocks_columns_visual_guide":"","_genesis_hide_title":false,"_genesis_hide_breadcrumbs":false,"_genesis_hide_singular_image":false,"_genesis_hide_footer_widgets":false,"_genesis_custom_body_class":"","_genesis_custom_post_class":"","_genesis_layout":"","_themeisle_gutenberg_block_has_review":false,"_jetpack_newsletter_access":"","_jetpack_dont_email_post_to_subs":false,"_jetpack_newsletter_tier_id":0,"_jetpack_memberships_contains_paywalled_content":false,"_jetpack_memberships_contains_paid_content":false,"footnotes":""},"categories":[905,959,939],"tags":[908,78,952,960,9],"class_list":{"0":"post-103250","1":"post","2":"type-post","3":"status-publish","4":"format-standard","5":"has-post-thumbnail","7":"category-deco-design","8":"category-salle-deau","9":"category-sites-internet","10":"tag-blanc","11":"tag-design","12":"tag-led","13":"tag-salle-deau","14":"tag-starck","15":"entry"},"featured_image_urls":{"full":["https:\/\/i0.wp.com\/www.joyana.fr\/wp-content\/uploads\/2010\/01\/AA0003.jpg?fit=500%2C327&ssl=1",500,327,false],"thumbnail":["https:\/\/i0.wp.com\/www.joyana.fr\/wp-content\/uploads\/2010\/01\/AA0003.jpg?resize=150%2C150&ssl=1",150,150,true],"medium":["https:\/\/i0.wp.com\/www.joyana.fr\/wp-content\/uploads\/2010\/01\/AA0003.jpg?fit=389%2C254&ssl=1",389,254,true],"medium_large":["https:\/\/i0.wp.com\/www.joyana.fr\/wp-content\/uploads\/2010\/01\/AA0003.jpg?fit=500%2C327&ssl=1",500,327,true],"large":["https:\/\/i0.wp.com\/www.joyana.fr\/wp-content\/uploads\/2010\/01\/AA0003.jpg?fit=500%2C327&ssl=1",500,327,true],"1536x1536":["https:\/\/i0.wp.com\/www.joyana.fr\/wp-content\/uploads\/2010\/01\/AA0003.jpg?fit=500%2C327&ssl=1",500,327,true],"2048x2048":["https:\/\/i0.wp.com\/www.joyana.fr\/wp-content\/uploads\/2010\/01\/AA0003.jpg?fit=500%2C327&ssl=1",500,327,true],"featured-thumb":["https:\/\/i0.wp.com\/www.joyana.fr\/wp-content\/uploads\/2010\/01\/AA0003.jpg?resize=500%2C327&ssl=1",500,327,true],"ab-block-post-grid-landscape":["https:\/\/i0.wp.com\/www.joyana.fr\/wp-content\/uploads\/2010\/01\/AA0003.jpg?resize=500%2C327&ssl=1",500,327,true],"ab-block-post-grid-square":["https:\/\/i0.wp.com\/www.joyana.fr\/wp-content\/uploads\/2010\/01\/AA0003.jpg?resize=500%2C327&ssl=1",500,327,true],"author-pro-image":["https:\/\/i0.wp.com\/www.joyana.fr\/wp-content\/uploads\/2010\/01\/AA0003.jpg?resize=360%2C327&ssl=1",360,327,true],"slider":["https:\/\/i0.wp.com\/www.joyana.fr\/wp-content\/uploads\/2010\/01\/AA0003.jpg?resize=500%2C327&ssl=1",500,327,true],"woocommerce_thumbnail":["https:\/\/i0.wp.com\/www.joyana.fr\/wp-content\/uploads\/2010\/01\/AA0003.jpg?resize=450%2C327&ssl=1",450,327,true],"woocommerce_single":["https:\/\/i0.wp.com\/www.joyana.fr\/wp-content\/uploads\/2010\/01\/AA0003.jpg?fit=500%2C327&ssl=1",500,327,true],"woocommerce_gallery_thumbnail":["https:\/\/i0.wp.com\/www.joyana.fr\/wp-content\/uploads\/2010\/01\/AA0003.jpg?resize=180%2C180&ssl=1",180,180,true],"sow-carousel-default":["https:\/\/i0.wp.com\/www.joyana.fr\/wp-content\/uploads\/2010\/01\/AA0003.jpg?resize=272%2C182&ssl=1",272,182,true]},"post_excerpt_stackable":"<p>En manque d&#8217;inspiration pour votre salle d&#8217;eau ou vos sanitaires ??? Notre \u00e9quipe vous a fait une s\u00e9lection tr\u00e8s design chez MaSalleDeBain.com&#8230; Cabine de douche Vito Black Entrez dans cette cabine de douche multifonctions. Hammam, radio FM, robinetterie thermostatique, 6 buses orientables massantes en aluminium, douche de t\u00eate 20&#215;20, douchette \u00e0 main, panneau de commande tactile, fonction auto-nettoyante, porte r\u00e9versible et panneaux en verre 6mm, lampe, receveur en marbre naturel anthracite&#8230; Bref le paradis !!! Vasque \u00e0 poser Mathilde Marbre noir Pourquoi ne pas l&#8217;assortir avec cette vasque \u00e0 poser en marbre noir et veines blanches ??? Pas envie d&#8217;une&hellip;<\/p>\n","category_list":"<a href=\"https:\/\/www.joyana.fr\/en\/category\/deco-design\/\" rel=\"category tag\">DECO-DESIGN<\/a>, <a href=\"https:\/\/www.joyana.fr\/en\/category\/deco-design\/decoration\/salle-deau\/\" rel=\"category tag\">Salle d'eau<\/a>, <a href=\"https:\/\/www.joyana.fr\/en\/category\/deco-design\/actualite\/sites-internet\/\" rel=\"category tag\">Sites Internet<\/a>","author_info":{"display_name":"Jo Yana","author_link":"https:\/\/www.joyana.fr\/en\/author\/joyana\/"},"comments_num":"12 comments","featured_image_urls_v2":{"full":["https:\/\/i0.wp.com\/www.joyana.fr\/wp-content\/uploads\/2010\/01\/AA0003.jpg?fit=500%2C327&ssl=1",500,327,false],"thumbnail":["https:\/\/i0.wp.com\/www.joyana.fr\/wp-content\/uploads\/2010\/01\/AA0003.jpg?resize=150%2C150&ssl=1",150,150,true],"medium":["https:\/\/i0.wp.com\/www.joyana.fr\/wp-content\/uploads\/2010\/01\/AA0003.jpg?fit=389%2C254&ssl=1",389,254,true],"medium_large":["https:\/\/i0.wp.com\/www.joyana.fr\/wp-content\/uploads\/2010\/01\/AA0003.jpg?fit=500%2C327&ssl=1",500,327,true],"large":["https:\/\/i0.wp.com\/www.joyana.fr\/wp-content\/uploads\/2010\/01\/AA0003.jpg?fit=500%2C327&ssl=1",500,327,true],"1536x1536":["https:\/\/i0.wp.com\/www.joyana.fr\/wp-content\/uploads\/2010\/01\/AA0003.jpg?fit=500%2C327&ssl=1",500,327,true],"2048x2048":["https:\/\/i0.wp.com\/www.joyana.fr\/wp-content\/uploads\/2010\/01\/AA0003.jpg?fit=500%2C327&ssl=1",500,327,true],"featured-thumb":["https:\/\/i0.wp.com\/www.joyana.fr\/wp-content\/uploads\/2010\/01\/AA0003.jpg?resize=500%2C327&ssl=1",500,327,true],"ab-block-post-grid-landscape":["https:\/\/i0.wp.com\/www.joyana.fr\/wp-content\/uploads\/2010\/01\/AA0003.jpg?resize=500%2C327&ssl=1",500,327,true],"ab-block-post-grid-square":["https:\/\/i0.wp.com\/www.joyana.fr\/wp-content\/uploads\/2010\/01\/AA0003.jpg?resize=500%2C327&ssl=1",500,327,true],"author-pro-image":["https:\/\/i0.wp.com\/www.joyana.fr\/wp-content\/uploads\/2010\/01\/AA0003.jpg?resize=360%2C327&ssl=1",360,327,true],"slider":["https:\/\/i0.wp.com\/www.joyana.fr\/wp-content\/uploads\/2010\/01\/AA0003.jpg?resize=500%2C327&ssl=1",500,327,true],"woocommerce_thumbnail":["https:\/\/i0.wp.com\/www.joyana.fr\/wp-content\/uploads\/2010\/01\/AA0003.jpg?resize=450%2C327&ssl=1",450,327,true],"woocommerce_single":["https:\/\/i0.wp.com\/www.joyana.fr\/wp-content\/uploads\/2010\/01\/AA0003.jpg?fit=500%2C327&ssl=1",500,327,true],"woocommerce_gallery_thumbnail":["https:\/\/i0.wp.com\/www.joyana.fr\/wp-content\/uploads\/2010\/01\/AA0003.jpg?resize=180%2C180&ssl=1",180,180,true],"sow-carousel-default":["https:\/\/i0.wp.com\/www.joyana.fr\/wp-content\/uploads\/2010\/01\/AA0003.jpg?resize=272%2C182&ssl=1",272,182,true]},"post_excerpt_stackable_v2":"<p>En manque d&#8217;inspiration pour votre salle d&#8217;eau ou vos sanitaires ??? Notre \u00e9quipe vous a fait une s\u00e9lection tr\u00e8s design chez MaSalleDeBain.com&#8230; Cabine de douche Vito Black Entrez dans cette cabine de douche multifonctions. Hammam, radio FM, robinetterie thermostatique, 6 buses orientables massantes en aluminium, douche de t\u00eate 20&#215;20, douchette \u00e0 main, panneau de commande tactile, fonction auto-nettoyante, porte r\u00e9versible et panneaux en verre 6mm, lampe, receveur en marbre naturel anthracite&#8230; Bref le paradis !!! Vasque \u00e0 poser Mathilde Marbre noir Pourquoi ne pas l&#8217;assortir avec cette vasque \u00e0 poser en marbre noir et veines blanches ??? Pas envie d&#8217;une&hellip;<\/p>\n","category_list_v2":"<a href=\"https:\/\/www.joyana.fr\/en\/category\/deco-design\/\" rel=\"category tag\">DECO-DESIGN<\/a>, <a href=\"https:\/\/www.joyana.fr\/en\/category\/deco-design\/decoration\/salle-deau\/\" rel=\"category tag\">Salle d'eau<\/a>, <a href=\"https:\/\/www.joyana.fr\/en\/category\/deco-design\/actualite\/sites-internet\/\" rel=\"category tag\">Sites Internet<\/a>","author_info_v2":{"name":"Jo Yana","url":"https:\/\/www.joyana.fr\/en\/author\/joyana\/"},"comments_num_v2":"12 comments","yoast_head":"<!-- This site is optimized with the Yoast SEO plugin v26.8 - https:\/\/yoast.com\/product\/yoast-seo-wordpress\/ -->\n<title>MASALLEDEBAIN.COM - JO YANA<\/title>\n<meta name=\"robots\" content=\"index, follow, max-snippet:-1, max-image-preview:large, max-video-preview:-1\" \/>\n<link rel=\"canonical\" href=\"https:\/\/www.joyana.fr\/en\/masalledebaincom\/103250\/\" \/>\n<meta property=\"og:locale\" content=\"en_US\" \/>\n<meta property=\"og:locale:alternate\" content=\"fr_FR\" \/>\n<meta property=\"og:locale:alternate\" content=\"ja\" \/>\n<meta property=\"og:type\" content=\"article\" \/>\n<meta property=\"og:title\" content=\"MASALLEDEBAIN.COM - JO YANA\" \/>\n<meta property=\"og:description\" content=\"En manque d&#8217;inspiration pour votre salle d&#8217;eau ou vos sanitaires ??? Notre \u00e9quipe vous a fait une s\u00e9lection tr\u00e8s design chez MaSalleDeBain.com&#8230; Cabine de douche Vito Black Entrez dans cette cabine de douche multifonctions. Hammam, radio FM, robinetterie thermostatique, 6 buses orientables massantes en aluminium, douche de t\u00eate 20&#215;20, douchette \u00e0 main, panneau de commande [&hellip;]\" \/>\n<meta property=\"og:url\" content=\"https:\/\/www.joyana.fr\/en\/masalledebaincom\/103250\/\" \/>\n<meta property=\"og:site_name\" content=\"JO YANA\" \/>\n<meta property=\"article:published_time\" content=\"2010-01-21T12:41:43+00:00\" \/>\n<meta property=\"og:image\" content=\"https:\/\/www.joyana.fr\/wp-content\/uploads\/2010\/01\/AA0003.jpg\" \/>\n\t<meta property=\"og:image:width\" content=\"500\" \/>\n\t<meta property=\"og:image:height\" content=\"327\" \/>\n\t<meta property=\"og:image:type\" content=\"image\/jpeg\" \/>\n<meta name=\"author\" content=\"Jo Yana\" \/>\n<meta name=\"twitter:card\" content=\"summary_large_image\" \/>\n<meta name=\"twitter:creator\" content=\"@Jo_Yana\" \/>\n<meta name=\"twitter:site\" content=\"@Jo_Yana\" \/>\n<meta name=\"twitter:label1\" content=\"Written by\" \/>\n\t<meta name=\"twitter:data1\" content=\"Jo Yana\" \/>\n\t<meta name=\"twitter:label2\" content=\"Est. reading time\" \/>\n\t<meta name=\"twitter:data2\" content=\"1 minute\" \/>\n<script type=\"application\/ld+json\" class=\"yoast-schema-graph\">{\"@context\":\"https:\/\/schema.org\",\"@graph\":[{\"@type\":\"Article\",\"@id\":\"https:\/\/www.joyana.fr\/masalledebaincom\/103250\/#article\",\"isPartOf\":{\"@id\":\"https:\/\/www.joyana.fr\/masalledebaincom\/103250\/\"},\"author\":{\"name\":\"Jo Yana\",\"@id\":\"https:\/\/joyana.fr\/#\/schema\/person\/cf2a1ad12a27c12c21801075bf37407c\"},\"headline\":\"MASALLEDEBAIN.COM\",\"datePublished\":\"2010-01-21T12:41:43+00:00\",\"mainEntityOfPage\":{\"@id\":\"https:\/\/www.joyana.fr\/masalledebaincom\/103250\/\"},\"wordCount\":249,\"commentCount\":0,\"publisher\":{\"@id\":\"https:\/\/joyana.fr\/#\/schema\/person\/cf2a1ad12a27c12c21801075bf37407c\"},\"image\":{\"@id\":\"https:\/\/www.joyana.fr\/masalledebaincom\/103250\/#primaryimage\"},\"thumbnailUrl\":\"https:\/\/i0.wp.com\/www.joyana.fr\/wp-content\/uploads\/2010\/01\/AA0003.jpg?fit=500%2C327&ssl=1\",\"keywords\":[\"Blanc\",\"DESIGN\",\"LED\",\"Salle d'eau\",\"STARCK\"],\"articleSection\":[\"DECO-DESIGN\",\"Salle d'eau\",\"Sites Internet\"],\"inLanguage\":\"en-US\",\"potentialAction\":[{\"@type\":\"CommentAction\",\"name\":\"Comment\",\"target\":[\"https:\/\/www.joyana.fr\/masalledebaincom\/103250\/#respond\"]}]},{\"@type\":\"WebPage\",\"@id\":\"https:\/\/www.joyana.fr\/masalledebaincom\/103250\/\",\"url\":\"https:\/\/www.joyana.fr\/masalledebaincom\/103250\/\",\"name\":\"MASALLEDEBAIN.COM - JO YANA\",\"isPartOf\":{\"@id\":\"https:\/\/joyana.fr\/#website\"},\"primaryImageOfPage\":{\"@id\":\"https:\/\/www.joyana.fr\/masalledebaincom\/103250\/#primaryimage\"},\"image\":{\"@id\":\"https:\/\/www.joyana.fr\/masalledebaincom\/103250\/#primaryimage\"},\"thumbnailUrl\":\"https:\/\/i0.wp.com\/www.joyana.fr\/wp-content\/uploads\/2010\/01\/AA0003.jpg?fit=500%2C327&ssl=1\",\"datePublished\":\"2010-01-21T12:41:43+00:00\",\"breadcrumb\":{\"@id\":\"https:\/\/www.joyana.fr\/masalledebaincom\/103250\/#breadcrumb\"},\"inLanguage\":\"en-US\",\"potentialAction\":[{\"@type\":\"ReadAction\",\"target\":[\"https:\/\/www.joyana.fr\/masalledebaincom\/103250\/\"]}]},{\"@type\":\"ImageObject\",\"inLanguage\":\"en-US\",\"@id\":\"https:\/\/www.joyana.fr\/masalledebaincom\/103250\/#primaryimage\",\"url\":\"https:\/\/i0.wp.com\/www.joyana.fr\/wp-content\/uploads\/2010\/01\/AA0003.jpg?fit=500%2C327&ssl=1\",\"contentUrl\":\"https:\/\/i0.wp.com\/www.joyana.fr\/wp-content\/uploads\/2010\/01\/AA0003.jpg?fit=500%2C327&ssl=1\",\"width\":500,\"height\":327},{\"@type\":\"BreadcrumbList\",\"@id\":\"https:\/\/www.joyana.fr\/masalledebaincom\/103250\/#breadcrumb\",\"itemListElement\":[{\"@type\":\"ListItem\",\"position\":1,\"name\":\"Accueil\",\"item\":\"https:\/\/joyana.fr\/\"},{\"@type\":\"ListItem\",\"position\":2,\"name\":\"MASALLEDEBAIN.COM\"}]},{\"@type\":\"WebSite\",\"@id\":\"https:\/\/joyana.fr\/#website\",\"url\":\"https:\/\/joyana.fr\/\",\"name\":\"JO YANA\",\"description\":\"Blog Mode Homme, Lifestyle, D\u00e9co-Design\",\"publisher\":{\"@id\":\"https:\/\/joyana.fr\/#\/schema\/person\/cf2a1ad12a27c12c21801075bf37407c\"},\"potentialAction\":[{\"@type\":\"SearchAction\",\"target\":{\"@type\":\"EntryPoint\",\"urlTemplate\":\"https:\/\/joyana.fr\/?s={search_term_string}\"},\"query-input\":{\"@type\":\"PropertyValueSpecification\",\"valueRequired\":true,\"valueName\":\"search_term_string\"}}],\"inLanguage\":\"en-US\"},{\"@type\":[\"Person\",\"Organization\"],\"@id\":\"https:\/\/joyana.fr\/#\/schema\/person\/cf2a1ad12a27c12c21801075bf37407c\",\"name\":\"Jo Yana\",\"image\":{\"@type\":\"ImageObject\",\"inLanguage\":\"en-US\",\"@id\":\"https:\/\/joyana.fr\/#\/schema\/person\/image\/\",\"url\":\"https:\/\/i0.wp.com\/www.joyana.fr\/wp-content\/uploads\/2016\/08\/cropped-joyana-logo-black-360x180.png?fit=343%2C164&ssl=1\",\"contentUrl\":\"https:\/\/i0.wp.com\/www.joyana.fr\/wp-content\/uploads\/2016\/08\/cropped-joyana-logo-black-360x180.png?fit=343%2C164&ssl=1\",\"width\":343,\"height\":164,\"caption\":\"Jo Yana\"},\"logo\":{\"@id\":\"https:\/\/joyana.fr\/#\/schema\/person\/image\/\"},\"description\":\"Jo Yana est le cr\u00e9ateur et r\u00e9dacteur en chef des sites DECO-DESIGN. Passionn\u00e9 de Design, Mode, Photo, Luxe, Lifestyle, Musique, mais avant tout Blogueur ! Le plaisir de partager l'anime et a comme devise \\\"POUR L'AMOUR DU BEAU\\\". Retrouvez le aussi sur son blog personnel - https:\/\/joyana.fr...\",\"sameAs\":[\"https:\/\/joyana.fr\/\"],\"url\":\"https:\/\/www.joyana.fr\/en\/author\/joyana\/\"}]}<\/script>\n<!-- \/ Yoast SEO plugin. -->","yoast_head_json":{"title":"MASALLEDEBAIN.COM - JO YANA","robots":{"index":"index","follow":"follow","max-snippet":"max-snippet:-1","max-image-preview":"max-image-preview:large","max-video-preview":"max-video-preview:-1"},"canonical":"https:\/\/www.joyana.fr\/en\/masalledebaincom\/103250\/","og_locale":"en_US","og_type":"article","og_title":"MASALLEDEBAIN.COM - JO YANA","og_description":"En manque d&#8217;inspiration pour votre salle d&#8217;eau ou vos sanitaires ??? Notre \u00e9quipe vous a fait une s\u00e9lection tr\u00e8s design chez MaSalleDeBain.com&#8230; Cabine de douche Vito Black Entrez dans cette cabine de douche multifonctions. Hammam, radio FM, robinetterie thermostatique, 6 buses orientables massantes en aluminium, douche de t\u00eate 20&#215;20, douchette \u00e0 main, panneau de commande [&hellip;]","og_url":"https:\/\/www.joyana.fr\/en\/masalledebaincom\/103250\/","og_site_name":"JO YANA","article_published_time":"2010-01-21T12:41:43+00:00","og_image":[{"width":500,"height":327,"url":"https:\/\/www.joyana.fr\/wp-content\/uploads\/2010\/01\/AA0003.jpg","type":"image\/jpeg"}],"author":"Jo Yana","twitter_card":"summary_large_image","twitter_creator":"@Jo_Yana","twitter_site":"@Jo_Yana","twitter_misc":{"Written by":"Jo Yana","Est. reading time":"1 minute"},"schema":{"@context":"https:\/\/schema.org","@graph":[{"@type":"Article","@id":"https:\/\/www.joyana.fr\/masalledebaincom\/103250\/#article","isPartOf":{"@id":"https:\/\/www.joyana.fr\/masalledebaincom\/103250\/"},"author":{"name":"Jo Yana","@id":"https:\/\/joyana.fr\/#\/schema\/person\/cf2a1ad12a27c12c21801075bf37407c"},"headline":"MASALLEDEBAIN.COM","datePublished":"2010-01-21T12:41:43+00:00","mainEntityOfPage":{"@id":"https:\/\/www.joyana.fr\/masalledebaincom\/103250\/"},"wordCount":249,"commentCount":0,"publisher":{"@id":"https:\/\/joyana.fr\/#\/schema\/person\/cf2a1ad12a27c12c21801075bf37407c"},"image":{"@id":"https:\/\/www.joyana.fr\/masalledebaincom\/103250\/#primaryimage"},"thumbnailUrl":"https:\/\/i0.wp.com\/www.joyana.fr\/wp-content\/uploads\/2010\/01\/AA0003.jpg?fit=500%2C327&ssl=1","keywords":["Blanc","DESIGN","LED","Salle d'eau","STARCK"],"articleSection":["DECO-DESIGN","Salle d'eau","Sites Internet"],"inLanguage":"en-US","potentialAction":[{"@type":"CommentAction","name":"Comment","target":["https:\/\/www.joyana.fr\/masalledebaincom\/103250\/#respond"]}]},{"@type":"WebPage","@id":"https:\/\/www.joyana.fr\/masalledebaincom\/103250\/","url":"https:\/\/www.joyana.fr\/masalledebaincom\/103250\/","name":"MASALLEDEBAIN.COM - JO YANA","isPartOf":{"@id":"https:\/\/joyana.fr\/#website"},"primaryImageOfPage":{"@id":"https:\/\/www.joyana.fr\/masalledebaincom\/103250\/#primaryimage"},"image":{"@id":"https:\/\/www.joyana.fr\/masalledebaincom\/103250\/#primaryimage"},"thumbnailUrl":"https:\/\/i0.wp.com\/www.joyana.fr\/wp-content\/uploads\/2010\/01\/AA0003.jpg?fit=500%2C327&ssl=1","datePublished":"2010-01-21T12:41:43+00:00","breadcrumb":{"@id":"https:\/\/www.joyana.fr\/masalledebaincom\/103250\/#breadcrumb"},"inLanguage":"en-US","potentialAction":[{"@type":"ReadAction","target":["https:\/\/www.joyana.fr\/masalledebaincom\/103250\/"]}]},{"@type":"ImageObject","inLanguage":"en-US","@id":"https:\/\/www.joyana.fr\/masalledebaincom\/103250\/#primaryimage","url":"https:\/\/i0.wp.com\/www.joyana.fr\/wp-content\/uploads\/2010\/01\/AA0003.jpg?fit=500%2C327&ssl=1","contentUrl":"https:\/\/i0.wp.com\/www.joyana.fr\/wp-content\/uploads\/2010\/01\/AA0003.jpg?fit=500%2C327&ssl=1","width":500,"height":327},{"@type":"BreadcrumbList","@id":"https:\/\/www.joyana.fr\/masalledebaincom\/103250\/#breadcrumb","itemListElement":[{"@type":"ListItem","position":1,"name":"Accueil","item":"https:\/\/joyana.fr\/"},{"@type":"ListItem","position":2,"name":"MASALLEDEBAIN.COM"}]},{"@type":"WebSite","@id":"https:\/\/joyana.fr\/#website","url":"https:\/\/joyana.fr\/","name":"JO YANA","description":"Blog Mode Homme, Lifestyle, D\u00e9co-Design","publisher":{"@id":"https:\/\/joyana.fr\/#\/schema\/person\/cf2a1ad12a27c12c21801075bf37407c"},"potentialAction":[{"@type":"SearchAction","target":{"@type":"EntryPoint","urlTemplate":"https:\/\/joyana.fr\/?s={search_term_string}"},"query-input":{"@type":"PropertyValueSpecification","valueRequired":true,"valueName":"search_term_string"}}],"inLanguage":"en-US"},{"@type":["Person","Organization"],"@id":"https:\/\/joyana.fr\/#\/schema\/person\/cf2a1ad12a27c12c21801075bf37407c","name":"Jo Yana","image":{"@type":"ImageObject","inLanguage":"en-US","@id":"https:\/\/joyana.fr\/#\/schema\/person\/image\/","url":"https:\/\/i0.wp.com\/www.joyana.fr\/wp-content\/uploads\/2016\/08\/cropped-joyana-logo-black-360x180.png?fit=343%2C164&ssl=1","contentUrl":"https:\/\/i0.wp.com\/www.joyana.fr\/wp-content\/uploads\/2016\/08\/cropped-joyana-logo-black-360x180.png?fit=343%2C164&ssl=1","width":343,"height":164,"caption":"Jo Yana"},"logo":{"@id":"https:\/\/joyana.fr\/#\/schema\/person\/image\/"},"description":"Jo Yana est le cr\u00e9ateur et r\u00e9dacteur en chef des sites DECO-DESIGN. Passionn\u00e9 de Design, Mode, Photo, Luxe, Lifestyle, Musique, mais avant tout Blogueur ! Le plaisir de partager l'anime et a comme devise \"POUR L'AMOUR DU BEAU\". Retrouvez le aussi sur son blog personnel - https:\/\/joyana.fr...","sameAs":["https:\/\/joyana.fr\/"],"url":"https:\/\/www.joyana.fr\/en\/author\/joyana\/"}]}},"author_meta":{"display_name":"Jo Yana","author_link":"https:\/\/www.joyana.fr\/en\/author\/joyana\/"},"featured_img":"https:\/\/i0.wp.com\/www.joyana.fr\/wp-content\/uploads\/2010\/01\/AA0003.jpg?fit=389%2C254&ssl=1","featured_image_src":"https:\/\/i0.wp.com\/www.joyana.fr\/wp-content\/uploads\/2010\/01\/AA0003.jpg?resize=500%2C327&ssl=1","featured_image_src_square":"https:\/\/i0.wp.com\/www.joyana.fr\/wp-content\/uploads\/2010\/01\/AA0003.jpg?resize=500%2C327&ssl=1","jetpack_featured_media_url":"https:\/\/i0.wp.com\/www.joyana.fr\/wp-content\/uploads\/2010\/01\/AA0003.jpg?fit=500%2C327&ssl=1","uagb_featured_image_src":{"full":["https:\/\/i0.wp.com\/www.joyana.fr\/wp-content\/uploads\/2010\/01\/AA0003.jpg?fit=500%2C327&ssl=1",500,327,false],"thumbnail":["https:\/\/i0.wp.com\/www.joyana.fr\/wp-content\/uploads\/2010\/01\/AA0003.jpg?resize=150%2C150&ssl=1",150,150,true],"medium":["https:\/\/i0.wp.com\/www.joyana.fr\/wp-content\/uploads\/2010\/01\/AA0003.jpg?fit=389%2C254&ssl=1",389,254,true],"medium_large":["https:\/\/i0.wp.com\/www.joyana.fr\/wp-content\/uploads\/2010\/01\/AA0003.jpg?fit=500%2C327&ssl=1",500,327,true],"large":["https:\/\/i0.wp.com\/www.joyana.fr\/wp-content\/uploads\/2010\/01\/AA0003.jpg?fit=500%2C327&ssl=1",500,327,true],"1536x1536":["https:\/\/i0.wp.com\/www.joyana.fr\/wp-content\/uploads\/2010\/01\/AA0003.jpg?fit=500%2C327&ssl=1",500,327,true],"2048x2048":["https:\/\/i0.wp.com\/www.joyana.fr\/wp-content\/uploads\/2010\/01\/AA0003.jpg?fit=500%2C327&ssl=1",500,327,true],"featured-thumb":["https:\/\/i0.wp.com\/www.joyana.fr\/wp-content\/uploads\/2010\/01\/AA0003.jpg?resize=500%2C327&ssl=1",500,327,true],"ab-block-post-grid-landscape":["https:\/\/i0.wp.com\/www.joyana.fr\/wp-content\/uploads\/2010\/01\/AA0003.jpg?resize=500%2C327&ssl=1",500,327,true],"ab-block-post-grid-square":["https:\/\/i0.wp.com\/www.joyana.fr\/wp-content\/uploads\/2010\/01\/AA0003.jpg?resize=500%2C327&ssl=1",500,327,true],"author-pro-image":["https:\/\/i0.wp.com\/www.joyana.fr\/wp-content\/uploads\/2010\/01\/AA0003.jpg?resize=360%2C327&ssl=1",360,327,true],"slider":["https:\/\/i0.wp.com\/www.joyana.fr\/wp-content\/uploads\/2010\/01\/AA0003.jpg?resize=500%2C327&ssl=1",500,327,true],"woocommerce_thumbnail":["https:\/\/i0.wp.com\/www.joyana.fr\/wp-content\/uploads\/2010\/01\/AA0003.jpg?resize=450%2C327&ssl=1",450,327,true],"woocommerce_single":["https:\/\/i0.wp.com\/www.joyana.fr\/wp-content\/uploads\/2010\/01\/AA0003.jpg?fit=500%2C327&ssl=1",500,327,true],"woocommerce_gallery_thumbnail":["https:\/\/i0.wp.com\/www.joyana.fr\/wp-content\/uploads\/2010\/01\/AA0003.jpg?resize=180%2C180&ssl=1",180,180,true],"sow-carousel-default":["https:\/\/i0.wp.com\/www.joyana.fr\/wp-content\/uploads\/2010\/01\/AA0003.jpg?resize=272%2C182&ssl=1",272,182,true]},"uagb_author_info":{"display_name":"Jo Yana","author_link":"https:\/\/www.joyana.fr\/en\/author\/joyana\/"},"uagb_comment_info":12,"uagb_excerpt":"En manque d&#8217;inspiration pour votre salle d&#8217;eau ou vos sanitaires ??? Notre \u00e9quipe vous a fait une s\u00e9lection tr\u00e8s design chez MaSalleDeBain.com&#8230; Cabine de douche Vito Black Entrez dans cette cabine de douche multifonctions. Hammam, radio FM, robinetterie thermostatique, 6 buses orientables massantes en aluminium, douche de t\u00eate 20&#215;20, douchette \u00e0 main, panneau de commande&hellip;","coauthors":[],"tax_additional":{"categories":{"linked":["<a href=\"https:\/\/www.joyana.fr\/en\/category\/deco-design\/\" class=\"advgb-post-tax-term\">DECO-DESIGN<\/a>","<a href=\"https:\/\/www.joyana.fr\/en\/category\/deco-design\/decoration\/salle-deau\/\" class=\"advgb-post-tax-term\">Salle d&#039;eau<\/a>","<a href=\"https:\/\/www.joyana.fr\/en\/category\/deco-design\/actualite\/sites-internet\/\" class=\"advgb-post-tax-term\">Sites Internet<\/a>"],"unlinked":["<span class=\"advgb-post-tax-term\">DECO-DESIGN<\/span>","<span class=\"advgb-post-tax-term\">Salle d&#039;eau<\/span>","<span class=\"advgb-post-tax-term\">Sites Internet<\/span>"]},"tags":{"linked":["<a href=\"https:\/\/www.joyana.fr\/en\/category\/deco-design\/actualite\/sites-internet\/\" class=\"advgb-post-tax-term\">Blanc<\/a>","<a href=\"https:\/\/www.joyana.fr\/en\/category\/deco-design\/actualite\/sites-internet\/\" class=\"advgb-post-tax-term\">DESIGN<\/a>","<a href=\"https:\/\/www.joyana.fr\/en\/category\/deco-design\/actualite\/sites-internet\/\" class=\"advgb-post-tax-term\">LED<\/a>","<a href=\"https:\/\/www.joyana.fr\/en\/category\/deco-design\/actualite\/sites-internet\/\" class=\"advgb-post-tax-term\">Salle d&#039;eau<\/a>","<a href=\"https:\/\/www.joyana.fr\/en\/category\/deco-design\/actualite\/sites-internet\/\" class=\"advgb-post-tax-term\">STARCK<\/a>"],"unlinked":["<span class=\"advgb-post-tax-term\">Blanc<\/span>","<span class=\"advgb-post-tax-term\">DESIGN<\/span>","<span class=\"advgb-post-tax-term\">LED<\/span>","<span class=\"advgb-post-tax-term\">Salle d&#039;eau<\/span>","<span class=\"advgb-post-tax-term\">STARCK<\/span>"]}},"comment_count":12,"relative_dates":{"created":"Posted 16 years ago","modified":"Updated 16 years ago"},"absolute_dates":{"created":"Posted on 21 January 2010","modified":"Updated on 21 January 2010"},"absolute_dates_time":{"created":"Posted on 21 January 2010 13:41","modified":"Updated on 21 January 2010 13:41"},"featured_img_caption":"","series_order":"","jetpack_sharing_enabled":true,"jetpack_shortlink":"https:\/\/wp.me\/p9bteI-qRk","jetpack-related-posts":[],"_links":{"self":[{"href":"https:\/\/www.joyana.fr\/en\/wp-json\/wp\/v2\/posts\/103250","targetHints":{"allow":["GET"]}}],"collection":[{"href":"https:\/\/www.joyana.fr\/en\/wp-json\/wp\/v2\/posts"}],"about":[{"href":"https:\/\/www.joyana.fr\/en\/wp-json\/wp\/v2\/types\/post"}],"author":[{"embeddable":true,"href":"https:\/\/www.joyana.fr\/en\/wp-json\/wp\/v2\/users\/3"}],"replies":[{"embeddable":true,"href":"https:\/\/www.joyana.fr\/en\/wp-json\/wp\/v2\/comments?post=103250"}],"version-history":[{"count":0,"href":"https:\/\/www.joyana.fr\/en\/wp-json\/wp\/v2\/posts\/103250\/revisions"}],"wp:featuredmedia":[{"embeddable":true,"href":"https:\/\/www.joyana.fr\/en\/wp-json\/wp\/v2\/media\/122114"}],"wp:attachment":[{"href":"https:\/\/www.joyana.fr\/en\/wp-json\/wp\/v2\/media?parent=103250"}],"wp:term":[{"taxonomy":"category","embeddable":true,"href":"https:\/\/www.joyana.fr\/en\/wp-json\/wp\/v2\/categories?post=103250"},{"taxonomy":"post_tag","embeddable":true,"href":"https:\/\/www.joyana.fr\/en\/wp-json\/wp\/v2\/tags?post=103250"}],"curies":[{"name":"wp","href":"https:\/\/api.w.org\/{rel}","templated":true}]}}