{"id":102969,"date":"2009-09-24T06:03:07","date_gmt":"2009-09-24T05:03:07","guid":{"rendered":"https:\/\/joyana.fr\/cuisine-design-gorenje-karim-rashid\/"},"modified":"2009-09-24T06:03:07","modified_gmt":"2009-09-24T05:03:07","slug":"cuisine-design-gorenje-karim-rashid","status":"publish","type":"post","link":"https:\/\/www.joyana.fr\/en\/cuisine-design-gorenje-karim-rashid\/102969\/","title":{"rendered":"Cuisine design GORENJE par Karim RASHID"},"content":{"rendered":"<p>Apr\u00e8s Ora \u00cfto et Pinin Farina, c&#8217;est au tour de <strong>Karim Rashid<\/strong> de collaborer avec la marque de <strong>cuisine Gorenje<\/strong> pour un rendu <strong>design<\/strong> et innovant&#8230;<\/p>\n<p><img data-recalc-dims=\"1\" fetchpriority=\"high\" decoding=\"async\" src=\"https:\/\/i0.wp.com\/joyana.fr\/wp-content\/uploads\/cuisine-design-gorenje-karim-ras-1.jpg?resize=500%2C391&#038;ssl=1\" alt=\"Cuisine design GORENJE par Karim RASHID\" width=\"500\" height=\"391\" align=\"top\" border=\"0\" hspace=\"8\" \/><\/p>\n<p style=\"text-align: justify;\">Pr\u00e9sent\u00e9e officiellement lors du dernier IFA de Berlin, la <strong>cuisine Gorenje<\/strong> -sign\u00e9e <a title=\"KARIM RASHID\" href=\"https:\/\/joyana.fr\/tag\/karim-rashid\/\"><strong>Karim Rashid<\/strong><\/a>&#8211; \u00e9tait tr\u00e8s visible sur le stand du fabriquant de part sa robe rose et ses \u00e9clairages LED.<\/p>\n<p style=\"text-align: justify;\">En effet tous les \u00e9lectrom\u00e9nagers sont munis ici d&#8217;un bandeau lumineux \u00e0 LED, pour que l&#8217;utilisateur change de couleurs selon ses envies et sa d\u00e9coration&#8230;<\/p>\n<p><img data-recalc-dims=\"1\" decoding=\"async\" src=\"https:\/\/i0.wp.com\/joyana.fr\/wp-content\/uploads\/cuisine-gorenje-karim-rashid-stove-applianc.jpg?resize=500%2C500&#038;ssl=1\" alt=\"Cuisine design GORENJE par Karim RASHID\" width=\"500\" height=\"500\" align=\"top\" border=\"0\" hspace=\"8\" \/><\/p>\n<p><img data-recalc-dims=\"1\" decoding=\"async\" src=\"https:\/\/i0.wp.com\/joyana.fr\/wp-content\/uploads\/cuisine-gorenje-designed-by-kar.jpg?resize=500%2C376&#038;ssl=1\" alt=\"Cuisine design GORENJE par Karim RASHID\" width=\"500\" height=\"376\" align=\"top\" border=\"0\" hspace=\"8\" \/><\/p>\n<p style=\"text-align: justify;\">Notre \u00e9quipe est tomb\u00e9e en amour pour cette plaque induction, o\u00f9 l&#8217;on retrouve les logos du designer. WE LOVE IT !!!<\/p>\n<p><img data-recalc-dims=\"1\" loading=\"lazy\" decoding=\"async\" src=\"https:\/\/i0.wp.com\/joyana.fr\/wp-content\/uploads\/cuisine-bobinac-ceo-and-president-go.jpg?resize=500%2C384&#038;ssl=1\" alt=\"Cuisine design GORENJE par Karim RASHID\" width=\"500\" height=\"384\" align=\"top\" border=\"0\" hspace=\"8\" \/><\/p>\n<p style=\"text-align: justify;\"><em>&#8220;I have wanted to design appliances for ages. It was a great exercise in rethinking the banal. Too often we are relegated to tired archetypes. Design is about shaping contemporaneity. Design is critical to our environments, to our daily experiences, our products, our everything&#8221;.<\/em> <strong>Karim Rashid<\/strong><\/p>\n<p style=\"text-align: justify;\">Ci-dessous une vision panoramique du stand de <strong>Gorenje<\/strong> durant l&#8217;IFA de Berlin (cliquez pour zoomer).<\/p>\n<p><a title=\"CUISINE DESIGN GORENJE\" href=\"https:\/\/i0.wp.com\/i2.photobucket.com\/albums\/y22\/joyana\/Image4-10.png\"><img data-recalc-dims=\"1\" loading=\"lazy\" decoding=\"async\" src=\"https:\/\/i0.wp.com\/joyana.fr\/wp-content\/uploads\/cuisine-design-gorenje-karim-rashid.jpg?resize=500%2C132&#038;ssl=1\" alt=\"CUISINE_DESIGN_GORENJE_KARIM_RASHID\" width=\"500\" height=\"132\" align=\"top\" border=\"0\" hspace=\"8\" \/><\/a><\/p>\n<p style=\"text-align: center;\">En savoir + sur <a href=\"http:\/\/www.gorenje.com\/\" target=\"_blank\"><strong>GORENJE<\/strong><\/a> &#038; <strong><a href=\"http:\/\/www.karimrashid.com\/\" target=\"_blank\">Karim RASHID<\/a><\/strong><\/p>\n","protected":false},"excerpt":{"rendered":"<p>Apr\u00e8s Ora \u00cfto et Pinin Farina, c&#8217;est au tour de Karim Rashid de collaborer avec la marque de cuisine Gorenje pour un rendu design et innovant&#8230; Pr\u00e9sent\u00e9e officiellement lors du dernier IFA de Berlin, la cuisine Gorenje -sign\u00e9e Karim Rashid&#8211; \u00e9tait tr\u00e8s visible sur le stand du fabriquant de part sa robe rose et ses [&hellip;]<\/p>\n","protected":false},"author":3,"featured_media":120226,"comment_status":"open","ping_status":"open","sticky":false,"template":"","format":"standard","meta":{"_coblocks_attr":"","_coblocks_dimensions":"","_coblocks_responsive_height":"","_coblocks_accordion_ie_support":"","_uag_custom_page_level_css":"","advgb_blocks_editor_width":"","advgb_blocks_columns_visual_guide":"","_genesis_hide_title":false,"_genesis_hide_breadcrumbs":false,"_genesis_hide_singular_image":false,"_genesis_hide_footer_widgets":false,"_genesis_custom_body_class":"","_genesis_custom_post_class":"","_genesis_layout":"","_themeisle_gutenberg_block_has_review":false,"_jetpack_newsletter_access":"","_jetpack_dont_email_post_to_subs":false,"_jetpack_newsletter_tier_id":0,"_jetpack_memberships_contains_paywalled_content":false,"_jetpack_memberships_contains_paid_content":false,"footnotes":""},"categories":[909,905,926],"tags":[1099,78,1100,44,952],"class_list":{"0":"post-102969","1":"post","2":"type-post","3":"status-publish","4":"format-standard","5":"has-post-thumbnail","7":"category-cuisine","8":"category-deco-design","9":"category-karim-rashid","10":"tag-cuisine-design","11":"tag-design","12":"tag-gorenje","13":"tag-karim-rashid","14":"tag-led","15":"entry"},"featured_image_urls":{"full":["https:\/\/i0.wp.com\/www.joyana.fr\/wp-content\/uploads\/2009\/09\/kr-ambient-hot-pink-3-1600x1200.jpg?fit=1600%2C1200&ssl=1",1600,1200,false],"thumbnail":["https:\/\/i0.wp.com\/www.joyana.fr\/wp-content\/uploads\/2009\/09\/kr-ambient-hot-pink-3-1600x1200.jpg?resize=150%2C150&ssl=1",150,150,true],"medium":["https:\/\/i0.wp.com\/www.joyana.fr\/wp-content\/uploads\/2009\/09\/kr-ambient-hot-pink-3-1600x1200.jpg?fit=389%2C292&ssl=1",389,292,true],"medium_large":["https:\/\/i0.wp.com\/www.joyana.fr\/wp-content\/uploads\/2009\/09\/kr-ambient-hot-pink-3-1600x1200.jpg?fit=768%2C576&ssl=1",768,576,true],"large":["https:\/\/i0.wp.com\/www.joyana.fr\/wp-content\/uploads\/2009\/09\/kr-ambient-hot-pink-3-1600x1200.jpg?fit=1024%2C768&ssl=1",1024,768,true],"1536x1536":["https:\/\/i0.wp.com\/www.joyana.fr\/wp-content\/uploads\/2009\/09\/kr-ambient-hot-pink-3-1600x1200.jpg?fit=1536%2C1152&ssl=1",1536,1152,true],"2048x2048":["https:\/\/i0.wp.com\/www.joyana.fr\/wp-content\/uploads\/2009\/09\/kr-ambient-hot-pink-3-1600x1200.jpg?fit=1600%2C1200&ssl=1",1600,1200,true],"featured-thumb":["https:\/\/i0.wp.com\/www.joyana.fr\/wp-content\/uploads\/2009\/09\/kr-ambient-hot-pink-3-1600x1200.jpg?resize=1600%2C750&ssl=1",1600,750,true],"ab-block-post-grid-landscape":["https:\/\/i0.wp.com\/www.joyana.fr\/wp-content\/uploads\/2009\/09\/kr-ambient-hot-pink-3-1600x1200.jpg?resize=600%2C400&ssl=1",600,400,true],"ab-block-post-grid-square":["https:\/\/i0.wp.com\/www.joyana.fr\/wp-content\/uploads\/2009\/09\/kr-ambient-hot-pink-3-1600x1200.jpg?resize=600%2C600&ssl=1",600,600,true],"author-pro-image":["https:\/\/i0.wp.com\/www.joyana.fr\/wp-content\/uploads\/2009\/09\/kr-ambient-hot-pink-3-1600x1200.jpg?resize=360%2C570&ssl=1",360,570,true],"slider":["https:\/\/i0.wp.com\/www.joyana.fr\/wp-content\/uploads\/2009\/09\/kr-ambient-hot-pink-3-1600x1200.jpg?resize=920%2C400&ssl=1",920,400,true],"woocommerce_thumbnail":["https:\/\/i0.wp.com\/www.joyana.fr\/wp-content\/uploads\/2009\/09\/kr-ambient-hot-pink-3-1600x1200.jpg?resize=450%2C450&ssl=1",450,450,true],"woocommerce_single":["https:\/\/i0.wp.com\/www.joyana.fr\/wp-content\/uploads\/2009\/09\/kr-ambient-hot-pink-3-1600x1200.jpg?fit=920%2C690&ssl=1",920,690,true],"woocommerce_gallery_thumbnail":["https:\/\/i0.wp.com\/www.joyana.fr\/wp-content\/uploads\/2009\/09\/kr-ambient-hot-pink-3-1600x1200.jpg?resize=180%2C180&ssl=1",180,180,true],"sow-carousel-default":["https:\/\/i0.wp.com\/www.joyana.fr\/wp-content\/uploads\/2009\/09\/kr-ambient-hot-pink-3-1600x1200.jpg?resize=272%2C182&ssl=1",272,182,true]},"post_excerpt_stackable":"<p>Apr\u00e8s Ora \u00cfto et Pinin Farina, c&#8217;est au tour de Karim Rashid de collaborer avec la marque de cuisine Gorenje pour un rendu design et innovant&#8230; Pr\u00e9sent\u00e9e officiellement lors du dernier IFA de Berlin, la cuisine Gorenje -sign\u00e9e Karim Rashid&#8211; \u00e9tait tr\u00e8s visible sur le stand du fabriquant de part sa robe rose et ses \u00e9clairages LED. En effet tous les \u00e9lectrom\u00e9nagers sont munis ici d&#8217;un bandeau lumineux \u00e0 LED, pour que l&#8217;utilisateur change de couleurs selon ses envies et sa d\u00e9coration&#8230; Notre \u00e9quipe est tomb\u00e9e en amour pour cette plaque induction, o\u00f9 l&#8217;on retrouve les logos du designer. WE&hellip;<\/p>\n","category_list":"<a href=\"https:\/\/www.joyana.fr\/en\/category\/deco-design\/decoration\/cuisine\/\" rel=\"category tag\">Cuisine<\/a>, <a href=\"https:\/\/www.joyana.fr\/en\/category\/deco-design\/\" rel=\"category tag\">DECO-DESIGN<\/a>, <a href=\"https:\/\/www.joyana.fr\/en\/category\/deco-design\/designer\/karim-rashid\/\" rel=\"category tag\">Karim RASHID<\/a>","author_info":{"display_name":"Jo Yana","author_link":"https:\/\/www.joyana.fr\/en\/author\/joyana\/"},"comments_num":"14 comments","featured_image_urls_v2":{"full":["https:\/\/i0.wp.com\/www.joyana.fr\/wp-content\/uploads\/2009\/09\/kr-ambient-hot-pink-3-1600x1200.jpg?fit=1600%2C1200&ssl=1",1600,1200,false],"thumbnail":["https:\/\/i0.wp.com\/www.joyana.fr\/wp-content\/uploads\/2009\/09\/kr-ambient-hot-pink-3-1600x1200.jpg?resize=150%2C150&ssl=1",150,150,true],"medium":["https:\/\/i0.wp.com\/www.joyana.fr\/wp-content\/uploads\/2009\/09\/kr-ambient-hot-pink-3-1600x1200.jpg?fit=389%2C292&ssl=1",389,292,true],"medium_large":["https:\/\/i0.wp.com\/www.joyana.fr\/wp-content\/uploads\/2009\/09\/kr-ambient-hot-pink-3-1600x1200.jpg?fit=768%2C576&ssl=1",768,576,true],"large":["https:\/\/i0.wp.com\/www.joyana.fr\/wp-content\/uploads\/2009\/09\/kr-ambient-hot-pink-3-1600x1200.jpg?fit=1024%2C768&ssl=1",1024,768,true],"1536x1536":["https:\/\/i0.wp.com\/www.joyana.fr\/wp-content\/uploads\/2009\/09\/kr-ambient-hot-pink-3-1600x1200.jpg?fit=1536%2C1152&ssl=1",1536,1152,true],"2048x2048":["https:\/\/i0.wp.com\/www.joyana.fr\/wp-content\/uploads\/2009\/09\/kr-ambient-hot-pink-3-1600x1200.jpg?fit=1600%2C1200&ssl=1",1600,1200,true],"featured-thumb":["https:\/\/i0.wp.com\/www.joyana.fr\/wp-content\/uploads\/2009\/09\/kr-ambient-hot-pink-3-1600x1200.jpg?resize=1600%2C750&ssl=1",1600,750,true],"ab-block-post-grid-landscape":["https:\/\/i0.wp.com\/www.joyana.fr\/wp-content\/uploads\/2009\/09\/kr-ambient-hot-pink-3-1600x1200.jpg?resize=600%2C400&ssl=1",600,400,true],"ab-block-post-grid-square":["https:\/\/i0.wp.com\/www.joyana.fr\/wp-content\/uploads\/2009\/09\/kr-ambient-hot-pink-3-1600x1200.jpg?resize=600%2C600&ssl=1",600,600,true],"author-pro-image":["https:\/\/i0.wp.com\/www.joyana.fr\/wp-content\/uploads\/2009\/09\/kr-ambient-hot-pink-3-1600x1200.jpg?resize=360%2C570&ssl=1",360,570,true],"slider":["https:\/\/i0.wp.com\/www.joyana.fr\/wp-content\/uploads\/2009\/09\/kr-ambient-hot-pink-3-1600x1200.jpg?resize=920%2C400&ssl=1",920,400,true],"woocommerce_thumbnail":["https:\/\/i0.wp.com\/www.joyana.fr\/wp-content\/uploads\/2009\/09\/kr-ambient-hot-pink-3-1600x1200.jpg?resize=450%2C450&ssl=1",450,450,true],"woocommerce_single":["https:\/\/i0.wp.com\/www.joyana.fr\/wp-content\/uploads\/2009\/09\/kr-ambient-hot-pink-3-1600x1200.jpg?fit=920%2C690&ssl=1",920,690,true],"woocommerce_gallery_thumbnail":["https:\/\/i0.wp.com\/www.joyana.fr\/wp-content\/uploads\/2009\/09\/kr-ambient-hot-pink-3-1600x1200.jpg?resize=180%2C180&ssl=1",180,180,true],"sow-carousel-default":["https:\/\/i0.wp.com\/www.joyana.fr\/wp-content\/uploads\/2009\/09\/kr-ambient-hot-pink-3-1600x1200.jpg?resize=272%2C182&ssl=1",272,182,true]},"post_excerpt_stackable_v2":"<p>Apr\u00e8s Ora \u00cfto et Pinin Farina, c&#8217;est au tour de Karim Rashid de collaborer avec la marque de cuisine Gorenje pour un rendu design et innovant&#8230; Pr\u00e9sent\u00e9e officiellement lors du dernier IFA de Berlin, la cuisine Gorenje -sign\u00e9e Karim Rashid&#8211; \u00e9tait tr\u00e8s visible sur le stand du fabriquant de part sa robe rose et ses \u00e9clairages LED. En effet tous les \u00e9lectrom\u00e9nagers sont munis ici d&#8217;un bandeau lumineux \u00e0 LED, pour que l&#8217;utilisateur change de couleurs selon ses envies et sa d\u00e9coration&#8230; Notre \u00e9quipe est tomb\u00e9e en amour pour cette plaque induction, o\u00f9 l&#8217;on retrouve les logos du designer. WE&hellip;<\/p>\n","category_list_v2":"<a href=\"https:\/\/www.joyana.fr\/en\/category\/deco-design\/decoration\/cuisine\/\" rel=\"category tag\">Cuisine<\/a>, <a href=\"https:\/\/www.joyana.fr\/en\/category\/deco-design\/\" rel=\"category tag\">DECO-DESIGN<\/a>, <a href=\"https:\/\/www.joyana.fr\/en\/category\/deco-design\/designer\/karim-rashid\/\" rel=\"category tag\">Karim RASHID<\/a>","author_info_v2":{"name":"Jo Yana","url":"https:\/\/www.joyana.fr\/en\/author\/joyana\/"},"comments_num_v2":"14 comments","yoast_head":"<!-- This site is optimized with the Yoast SEO plugin v26.8 - https:\/\/yoast.com\/product\/yoast-seo-wordpress\/ -->\n<title>Cuisine design GORENJE par Karim RASHID | DECO-DESIGN<\/title>\n<meta name=\"robots\" content=\"index, follow, max-snippet:-1, max-image-preview:large, max-video-preview:-1\" \/>\n<link rel=\"canonical\" href=\"https:\/\/joyana.fr\/en\/cuisine-design-gorenje-karim-rashid\/102969\/\" \/>\n<meta property=\"og:locale\" content=\"en_US\" \/>\n<meta property=\"og:locale:alternate\" content=\"fr_FR\" \/>\n<meta property=\"og:locale:alternate\" content=\"ja\" \/>\n<meta property=\"og:type\" content=\"article\" \/>\n<meta property=\"og:title\" content=\"Cuisine design GORENJE par Karim RASHID | DECO-DESIGN\" \/>\n<meta property=\"og:description\" content=\"Apr\u00e8s Ora \u00cfto et Pinin Farina, c&#8217;est au tour de Karim Rashid de collaborer avec la marque de cuisine Gorenje pour un rendu design et innovant&#8230; Pr\u00e9sent\u00e9e officiellement lors du dernier IFA de Berlin, la cuisine Gorenje -sign\u00e9e Karim Rashid&#8211; \u00e9tait tr\u00e8s visible sur le stand du fabriquant de part sa robe rose et ses [&hellip;]\" \/>\n<meta property=\"og:url\" content=\"https:\/\/www.joyana.fr\/en\/cuisine-design-gorenje-karim-rashid\/102969\/\" \/>\n<meta property=\"og:site_name\" content=\"JO YANA\" \/>\n<meta property=\"article:published_time\" content=\"2009-09-24T05:03:07+00:00\" \/>\n<meta property=\"og:image\" content=\"https:\/\/joyana.fr\/wp-content\/uploads\/2009\/09\/kr-ambient-hot-pink-3-1600x1200.jpg\" \/>\n\t<meta property=\"og:image:width\" content=\"1600\" \/>\n\t<meta property=\"og:image:height\" content=\"1200\" \/>\n\t<meta property=\"og:image:type\" content=\"image\/jpeg\" \/>\n<meta name=\"author\" content=\"Jo Yana\" \/>\n<meta name=\"twitter:card\" content=\"summary_large_image\" \/>\n<meta name=\"twitter:creator\" content=\"@Jo_Yana\" \/>\n<meta name=\"twitter:site\" content=\"@Jo_Yana\" \/>\n<meta name=\"twitter:label1\" content=\"Written by\" \/>\n\t<meta name=\"twitter:data1\" content=\"Jo Yana\" \/>\n\t<meta name=\"twitter:label2\" content=\"Est. reading time\" \/>\n\t<meta name=\"twitter:data2\" content=\"1 minute\" \/>\n<script type=\"application\/ld+json\" class=\"yoast-schema-graph\">{\"@context\":\"https:\/\/schema.org\",\"@graph\":[{\"@type\":\"Article\",\"@id\":\"https:\/\/joyana.fr\/en\/cuisine-design-gorenje-karim-rashid\/102969\/#article\",\"isPartOf\":{\"@id\":\"https:\/\/joyana.fr\/en\/cuisine-design-gorenje-karim-rashid\/102969\/\"},\"author\":{\"name\":\"Jo Yana\",\"@id\":\"https:\/\/joyana.fr\/#\/schema\/person\/cf2a1ad12a27c12c21801075bf37407c\"},\"headline\":\"Cuisine design GORENJE par Karim RASHID\",\"datePublished\":\"2009-09-24T05:03:07+00:00\",\"mainEntityOfPage\":{\"@id\":\"https:\/\/joyana.fr\/en\/cuisine-design-gorenje-karim-rashid\/102969\/\"},\"wordCount\":188,\"commentCount\":14,\"publisher\":{\"@id\":\"https:\/\/joyana.fr\/#\/schema\/person\/cf2a1ad12a27c12c21801075bf37407c\"},\"image\":{\"@id\":\"https:\/\/joyana.fr\/en\/cuisine-design-gorenje-karim-rashid\/102969\/#primaryimage\"},\"thumbnailUrl\":\"https:\/\/i0.wp.com\/www.joyana.fr\/wp-content\/uploads\/2009\/09\/kr-ambient-hot-pink-3-1600x1200.jpg?fit=1600%2C1200&ssl=1\",\"keywords\":[\"Cuisine design\",\"DESIGN\",\"Gorenje\",\"Karim RASHID\",\"LED\"],\"articleSection\":[\"Cuisine\",\"DECO-DESIGN\",\"Karim RASHID\"],\"inLanguage\":\"en-US\",\"potentialAction\":[{\"@type\":\"CommentAction\",\"name\":\"Comment\",\"target\":[\"https:\/\/joyana.fr\/en\/cuisine-design-gorenje-karim-rashid\/102969\/#respond\"]}]},{\"@type\":\"WebPage\",\"@id\":\"https:\/\/joyana.fr\/en\/cuisine-design-gorenje-karim-rashid\/102969\/\",\"url\":\"https:\/\/joyana.fr\/en\/cuisine-design-gorenje-karim-rashid\/102969\/\",\"name\":\"Cuisine design GORENJE par Karim RASHID | DECO-DESIGN\",\"isPartOf\":{\"@id\":\"https:\/\/joyana.fr\/#website\"},\"primaryImageOfPage\":{\"@id\":\"https:\/\/joyana.fr\/en\/cuisine-design-gorenje-karim-rashid\/102969\/#primaryimage\"},\"image\":{\"@id\":\"https:\/\/joyana.fr\/en\/cuisine-design-gorenje-karim-rashid\/102969\/#primaryimage\"},\"thumbnailUrl\":\"https:\/\/i0.wp.com\/www.joyana.fr\/wp-content\/uploads\/2009\/09\/kr-ambient-hot-pink-3-1600x1200.jpg?fit=1600%2C1200&ssl=1\",\"datePublished\":\"2009-09-24T05:03:07+00:00\",\"breadcrumb\":{\"@id\":\"https:\/\/joyana.fr\/en\/cuisine-design-gorenje-karim-rashid\/102969\/#breadcrumb\"},\"inLanguage\":\"en-US\",\"potentialAction\":[{\"@type\":\"ReadAction\",\"target\":[\"https:\/\/joyana.fr\/en\/cuisine-design-gorenje-karim-rashid\/102969\/\"]}]},{\"@type\":\"ImageObject\",\"inLanguage\":\"en-US\",\"@id\":\"https:\/\/joyana.fr\/en\/cuisine-design-gorenje-karim-rashid\/102969\/#primaryimage\",\"url\":\"https:\/\/i0.wp.com\/www.joyana.fr\/wp-content\/uploads\/2009\/09\/kr-ambient-hot-pink-3-1600x1200.jpg?fit=1600%2C1200&ssl=1\",\"contentUrl\":\"https:\/\/i0.wp.com\/www.joyana.fr\/wp-content\/uploads\/2009\/09\/kr-ambient-hot-pink-3-1600x1200.jpg?fit=1600%2C1200&ssl=1\",\"width\":1600,\"height\":1200},{\"@type\":\"BreadcrumbList\",\"@id\":\"https:\/\/joyana.fr\/en\/cuisine-design-gorenje-karim-rashid\/102969\/#breadcrumb\",\"itemListElement\":[{\"@type\":\"ListItem\",\"position\":1,\"name\":\"Accueil\",\"item\":\"https:\/\/joyana.fr\/\"},{\"@type\":\"ListItem\",\"position\":2,\"name\":\"Cuisine design GORENJE par Karim RASHID\"}]},{\"@type\":\"WebSite\",\"@id\":\"https:\/\/joyana.fr\/#website\",\"url\":\"https:\/\/joyana.fr\/\",\"name\":\"JO YANA\",\"description\":\"Blog Mode Homme, Lifestyle, D\u00e9co-Design\",\"publisher\":{\"@id\":\"https:\/\/joyana.fr\/#\/schema\/person\/cf2a1ad12a27c12c21801075bf37407c\"},\"potentialAction\":[{\"@type\":\"SearchAction\",\"target\":{\"@type\":\"EntryPoint\",\"urlTemplate\":\"https:\/\/joyana.fr\/?s={search_term_string}\"},\"query-input\":{\"@type\":\"PropertyValueSpecification\",\"valueRequired\":true,\"valueName\":\"search_term_string\"}}],\"inLanguage\":\"en-US\"},{\"@type\":[\"Person\",\"Organization\"],\"@id\":\"https:\/\/joyana.fr\/#\/schema\/person\/cf2a1ad12a27c12c21801075bf37407c\",\"name\":\"Jo Yana\",\"image\":{\"@type\":\"ImageObject\",\"inLanguage\":\"en-US\",\"@id\":\"https:\/\/joyana.fr\/#\/schema\/person\/image\/\",\"url\":\"https:\/\/i0.wp.com\/www.joyana.fr\/wp-content\/uploads\/2016\/08\/cropped-joyana-logo-black-360x180.png?fit=343%2C164&ssl=1\",\"contentUrl\":\"https:\/\/i0.wp.com\/www.joyana.fr\/wp-content\/uploads\/2016\/08\/cropped-joyana-logo-black-360x180.png?fit=343%2C164&ssl=1\",\"width\":343,\"height\":164,\"caption\":\"Jo Yana\"},\"logo\":{\"@id\":\"https:\/\/joyana.fr\/#\/schema\/person\/image\/\"},\"description\":\"Jo Yana est le cr\u00e9ateur et r\u00e9dacteur en chef des sites DECO-DESIGN. Passionn\u00e9 de Design, Mode, Photo, Luxe, Lifestyle, Musique, mais avant tout Blogueur ! Le plaisir de partager l'anime et a comme devise \\\"POUR L'AMOUR DU BEAU\\\". Retrouvez le aussi sur son blog personnel - https:\/\/joyana.fr...\",\"sameAs\":[\"https:\/\/joyana.fr\/\"],\"url\":\"https:\/\/www.joyana.fr\/en\/author\/joyana\/\"}]}<\/script>\n<!-- \/ Yoast SEO plugin. -->","yoast_head_json":{"title":"Cuisine design GORENJE par Karim RASHID | DECO-DESIGN","robots":{"index":"index","follow":"follow","max-snippet":"max-snippet:-1","max-image-preview":"max-image-preview:large","max-video-preview":"max-video-preview:-1"},"canonical":"https:\/\/joyana.fr\/en\/cuisine-design-gorenje-karim-rashid\/102969\/","og_locale":"en_US","og_type":"article","og_title":"Cuisine design GORENJE par Karim RASHID | DECO-DESIGN","og_description":"Apr\u00e8s Ora \u00cfto et Pinin Farina, c&#8217;est au tour de Karim Rashid de collaborer avec la marque de cuisine Gorenje pour un rendu design et innovant&#8230; Pr\u00e9sent\u00e9e officiellement lors du dernier IFA de Berlin, la cuisine Gorenje -sign\u00e9e Karim Rashid&#8211; \u00e9tait tr\u00e8s visible sur le stand du fabriquant de part sa robe rose et ses [&hellip;]","og_url":"https:\/\/www.joyana.fr\/en\/cuisine-design-gorenje-karim-rashid\/102969\/","og_site_name":"JO YANA","article_published_time":"2009-09-24T05:03:07+00:00","og_image":[{"width":1600,"height":1200,"url":"https:\/\/joyana.fr\/wp-content\/uploads\/2009\/09\/kr-ambient-hot-pink-3-1600x1200.jpg","type":"image\/jpeg"}],"author":"Jo Yana","twitter_card":"summary_large_image","twitter_creator":"@Jo_Yana","twitter_site":"@Jo_Yana","twitter_misc":{"Written by":"Jo Yana","Est. reading time":"1 minute"},"schema":{"@context":"https:\/\/schema.org","@graph":[{"@type":"Article","@id":"https:\/\/joyana.fr\/en\/cuisine-design-gorenje-karim-rashid\/102969\/#article","isPartOf":{"@id":"https:\/\/joyana.fr\/en\/cuisine-design-gorenje-karim-rashid\/102969\/"},"author":{"name":"Jo Yana","@id":"https:\/\/joyana.fr\/#\/schema\/person\/cf2a1ad12a27c12c21801075bf37407c"},"headline":"Cuisine design GORENJE par Karim RASHID","datePublished":"2009-09-24T05:03:07+00:00","mainEntityOfPage":{"@id":"https:\/\/joyana.fr\/en\/cuisine-design-gorenje-karim-rashid\/102969\/"},"wordCount":188,"commentCount":14,"publisher":{"@id":"https:\/\/joyana.fr\/#\/schema\/person\/cf2a1ad12a27c12c21801075bf37407c"},"image":{"@id":"https:\/\/joyana.fr\/en\/cuisine-design-gorenje-karim-rashid\/102969\/#primaryimage"},"thumbnailUrl":"https:\/\/i0.wp.com\/www.joyana.fr\/wp-content\/uploads\/2009\/09\/kr-ambient-hot-pink-3-1600x1200.jpg?fit=1600%2C1200&ssl=1","keywords":["Cuisine design","DESIGN","Gorenje","Karim RASHID","LED"],"articleSection":["Cuisine","DECO-DESIGN","Karim RASHID"],"inLanguage":"en-US","potentialAction":[{"@type":"CommentAction","name":"Comment","target":["https:\/\/joyana.fr\/en\/cuisine-design-gorenje-karim-rashid\/102969\/#respond"]}]},{"@type":"WebPage","@id":"https:\/\/joyana.fr\/en\/cuisine-design-gorenje-karim-rashid\/102969\/","url":"https:\/\/joyana.fr\/en\/cuisine-design-gorenje-karim-rashid\/102969\/","name":"Cuisine design GORENJE par Karim RASHID | DECO-DESIGN","isPartOf":{"@id":"https:\/\/joyana.fr\/#website"},"primaryImageOfPage":{"@id":"https:\/\/joyana.fr\/en\/cuisine-design-gorenje-karim-rashid\/102969\/#primaryimage"},"image":{"@id":"https:\/\/joyana.fr\/en\/cuisine-design-gorenje-karim-rashid\/102969\/#primaryimage"},"thumbnailUrl":"https:\/\/i0.wp.com\/www.joyana.fr\/wp-content\/uploads\/2009\/09\/kr-ambient-hot-pink-3-1600x1200.jpg?fit=1600%2C1200&ssl=1","datePublished":"2009-09-24T05:03:07+00:00","breadcrumb":{"@id":"https:\/\/joyana.fr\/en\/cuisine-design-gorenje-karim-rashid\/102969\/#breadcrumb"},"inLanguage":"en-US","potentialAction":[{"@type":"ReadAction","target":["https:\/\/joyana.fr\/en\/cuisine-design-gorenje-karim-rashid\/102969\/"]}]},{"@type":"ImageObject","inLanguage":"en-US","@id":"https:\/\/joyana.fr\/en\/cuisine-design-gorenje-karim-rashid\/102969\/#primaryimage","url":"https:\/\/i0.wp.com\/www.joyana.fr\/wp-content\/uploads\/2009\/09\/kr-ambient-hot-pink-3-1600x1200.jpg?fit=1600%2C1200&ssl=1","contentUrl":"https:\/\/i0.wp.com\/www.joyana.fr\/wp-content\/uploads\/2009\/09\/kr-ambient-hot-pink-3-1600x1200.jpg?fit=1600%2C1200&ssl=1","width":1600,"height":1200},{"@type":"BreadcrumbList","@id":"https:\/\/joyana.fr\/en\/cuisine-design-gorenje-karim-rashid\/102969\/#breadcrumb","itemListElement":[{"@type":"ListItem","position":1,"name":"Accueil","item":"https:\/\/joyana.fr\/"},{"@type":"ListItem","position":2,"name":"Cuisine design GORENJE par Karim RASHID"}]},{"@type":"WebSite","@id":"https:\/\/joyana.fr\/#website","url":"https:\/\/joyana.fr\/","name":"JO YANA","description":"Blog Mode Homme, Lifestyle, D\u00e9co-Design","publisher":{"@id":"https:\/\/joyana.fr\/#\/schema\/person\/cf2a1ad12a27c12c21801075bf37407c"},"potentialAction":[{"@type":"SearchAction","target":{"@type":"EntryPoint","urlTemplate":"https:\/\/joyana.fr\/?s={search_term_string}"},"query-input":{"@type":"PropertyValueSpecification","valueRequired":true,"valueName":"search_term_string"}}],"inLanguage":"en-US"},{"@type":["Person","Organization"],"@id":"https:\/\/joyana.fr\/#\/schema\/person\/cf2a1ad12a27c12c21801075bf37407c","name":"Jo Yana","image":{"@type":"ImageObject","inLanguage":"en-US","@id":"https:\/\/joyana.fr\/#\/schema\/person\/image\/","url":"https:\/\/i0.wp.com\/www.joyana.fr\/wp-content\/uploads\/2016\/08\/cropped-joyana-logo-black-360x180.png?fit=343%2C164&ssl=1","contentUrl":"https:\/\/i0.wp.com\/www.joyana.fr\/wp-content\/uploads\/2016\/08\/cropped-joyana-logo-black-360x180.png?fit=343%2C164&ssl=1","width":343,"height":164,"caption":"Jo Yana"},"logo":{"@id":"https:\/\/joyana.fr\/#\/schema\/person\/image\/"},"description":"Jo Yana est le cr\u00e9ateur et r\u00e9dacteur en chef des sites DECO-DESIGN. Passionn\u00e9 de Design, Mode, Photo, Luxe, Lifestyle, Musique, mais avant tout Blogueur ! Le plaisir de partager l'anime et a comme devise \"POUR L'AMOUR DU BEAU\". Retrouvez le aussi sur son blog personnel - https:\/\/joyana.fr...","sameAs":["https:\/\/joyana.fr\/"],"url":"https:\/\/www.joyana.fr\/en\/author\/joyana\/"}]}},"author_meta":{"display_name":"Jo Yana","author_link":"https:\/\/www.joyana.fr\/en\/author\/joyana\/"},"featured_img":"https:\/\/i0.wp.com\/www.joyana.fr\/wp-content\/uploads\/2009\/09\/kr-ambient-hot-pink-3-1600x1200.jpg?fit=389%2C292&ssl=1","featured_image_src":"https:\/\/i0.wp.com\/www.joyana.fr\/wp-content\/uploads\/2009\/09\/kr-ambient-hot-pink-3-1600x1200.jpg?resize=600%2C400&ssl=1","featured_image_src_square":"https:\/\/i0.wp.com\/www.joyana.fr\/wp-content\/uploads\/2009\/09\/kr-ambient-hot-pink-3-1600x1200.jpg?resize=600%2C600&ssl=1","jetpack_featured_media_url":"https:\/\/i0.wp.com\/www.joyana.fr\/wp-content\/uploads\/2009\/09\/kr-ambient-hot-pink-3-1600x1200.jpg?fit=1600%2C1200&ssl=1","uagb_featured_image_src":{"full":["https:\/\/i0.wp.com\/www.joyana.fr\/wp-content\/uploads\/2009\/09\/kr-ambient-hot-pink-3-1600x1200.jpg?fit=1600%2C1200&ssl=1",1600,1200,false],"thumbnail":["https:\/\/i0.wp.com\/www.joyana.fr\/wp-content\/uploads\/2009\/09\/kr-ambient-hot-pink-3-1600x1200.jpg?resize=150%2C150&ssl=1",150,150,true],"medium":["https:\/\/i0.wp.com\/www.joyana.fr\/wp-content\/uploads\/2009\/09\/kr-ambient-hot-pink-3-1600x1200.jpg?fit=389%2C292&ssl=1",389,292,true],"medium_large":["https:\/\/i0.wp.com\/www.joyana.fr\/wp-content\/uploads\/2009\/09\/kr-ambient-hot-pink-3-1600x1200.jpg?fit=768%2C576&ssl=1",768,576,true],"large":["https:\/\/i0.wp.com\/www.joyana.fr\/wp-content\/uploads\/2009\/09\/kr-ambient-hot-pink-3-1600x1200.jpg?fit=1024%2C768&ssl=1",1024,768,true],"1536x1536":["https:\/\/i0.wp.com\/www.joyana.fr\/wp-content\/uploads\/2009\/09\/kr-ambient-hot-pink-3-1600x1200.jpg?fit=1536%2C1152&ssl=1",1536,1152,true],"2048x2048":["https:\/\/i0.wp.com\/www.joyana.fr\/wp-content\/uploads\/2009\/09\/kr-ambient-hot-pink-3-1600x1200.jpg?fit=1600%2C1200&ssl=1",1600,1200,true],"featured-thumb":["https:\/\/i0.wp.com\/www.joyana.fr\/wp-content\/uploads\/2009\/09\/kr-ambient-hot-pink-3-1600x1200.jpg?resize=1600%2C750&ssl=1",1600,750,true],"ab-block-post-grid-landscape":["https:\/\/i0.wp.com\/www.joyana.fr\/wp-content\/uploads\/2009\/09\/kr-ambient-hot-pink-3-1600x1200.jpg?resize=600%2C400&ssl=1",600,400,true],"ab-block-post-grid-square":["https:\/\/i0.wp.com\/www.joyana.fr\/wp-content\/uploads\/2009\/09\/kr-ambient-hot-pink-3-1600x1200.jpg?resize=600%2C600&ssl=1",600,600,true],"author-pro-image":["https:\/\/i0.wp.com\/www.joyana.fr\/wp-content\/uploads\/2009\/09\/kr-ambient-hot-pink-3-1600x1200.jpg?resize=360%2C570&ssl=1",360,570,true],"slider":["https:\/\/i0.wp.com\/www.joyana.fr\/wp-content\/uploads\/2009\/09\/kr-ambient-hot-pink-3-1600x1200.jpg?resize=920%2C400&ssl=1",920,400,true],"woocommerce_thumbnail":["https:\/\/i0.wp.com\/www.joyana.fr\/wp-content\/uploads\/2009\/09\/kr-ambient-hot-pink-3-1600x1200.jpg?resize=450%2C450&ssl=1",450,450,true],"woocommerce_single":["https:\/\/i0.wp.com\/www.joyana.fr\/wp-content\/uploads\/2009\/09\/kr-ambient-hot-pink-3-1600x1200.jpg?fit=920%2C690&ssl=1",920,690,true],"woocommerce_gallery_thumbnail":["https:\/\/i0.wp.com\/www.joyana.fr\/wp-content\/uploads\/2009\/09\/kr-ambient-hot-pink-3-1600x1200.jpg?resize=180%2C180&ssl=1",180,180,true],"sow-carousel-default":["https:\/\/i0.wp.com\/www.joyana.fr\/wp-content\/uploads\/2009\/09\/kr-ambient-hot-pink-3-1600x1200.jpg?resize=272%2C182&ssl=1",272,182,true]},"uagb_author_info":{"display_name":"Jo Yana","author_link":"https:\/\/www.joyana.fr\/en\/author\/joyana\/"},"uagb_comment_info":14,"uagb_excerpt":"Apr\u00e8s Ora \u00cfto et Pinin Farina, c&#8217;est au tour de Karim Rashid de collaborer avec la marque de cuisine Gorenje pour un rendu design et innovant&#8230; Pr\u00e9sent\u00e9e officiellement lors du dernier IFA de Berlin, la cuisine Gorenje -sign\u00e9e Karim Rashid&#8211; \u00e9tait tr\u00e8s visible sur le stand du fabriquant de part sa robe rose et ses&hellip;","coauthors":[],"tax_additional":{"categories":{"linked":["<a href=\"https:\/\/www.joyana.fr\/en\/category\/deco-design\/decoration\/cuisine\/\" class=\"advgb-post-tax-term\">Cuisine<\/a>","<a href=\"https:\/\/www.joyana.fr\/en\/category\/deco-design\/\" class=\"advgb-post-tax-term\">DECO-DESIGN<\/a>","<a href=\"https:\/\/www.joyana.fr\/en\/category\/deco-design\/designer\/karim-rashid\/\" class=\"advgb-post-tax-term\">Karim RASHID<\/a>"],"unlinked":["<span class=\"advgb-post-tax-term\">Cuisine<\/span>","<span class=\"advgb-post-tax-term\">DECO-DESIGN<\/span>","<span class=\"advgb-post-tax-term\">Karim RASHID<\/span>"]},"tags":{"linked":["<a href=\"https:\/\/www.joyana.fr\/en\/category\/deco-design\/designer\/karim-rashid\/\" class=\"advgb-post-tax-term\">Cuisine design<\/a>","<a href=\"https:\/\/www.joyana.fr\/en\/category\/deco-design\/designer\/karim-rashid\/\" class=\"advgb-post-tax-term\">DESIGN<\/a>","<a href=\"https:\/\/www.joyana.fr\/en\/category\/deco-design\/designer\/karim-rashid\/\" class=\"advgb-post-tax-term\">Gorenje<\/a>","<a href=\"https:\/\/www.joyana.fr\/en\/category\/deco-design\/designer\/karim-rashid\/\" class=\"advgb-post-tax-term\">Karim RASHID<\/a>","<a href=\"https:\/\/www.joyana.fr\/en\/category\/deco-design\/designer\/karim-rashid\/\" class=\"advgb-post-tax-term\">LED<\/a>"],"unlinked":["<span class=\"advgb-post-tax-term\">Cuisine design<\/span>","<span class=\"advgb-post-tax-term\">DESIGN<\/span>","<span class=\"advgb-post-tax-term\">Gorenje<\/span>","<span class=\"advgb-post-tax-term\">Karim RASHID<\/span>","<span class=\"advgb-post-tax-term\">LED<\/span>"]}},"comment_count":14,"relative_dates":{"created":"Posted 17 years ago","modified":"Updated 17 years ago"},"absolute_dates":{"created":"Posted on 24 September 2009","modified":"Updated on 24 September 2009"},"absolute_dates_time":{"created":"Posted on 24 September 2009 6:03","modified":"Updated on 24 September 2009 6:03"},"featured_img_caption":"","series_order":"","jetpack_sharing_enabled":true,"jetpack_shortlink":"https:\/\/wp.me\/p9bteI-qMN","jetpack-related-posts":[],"_links":{"self":[{"href":"https:\/\/www.joyana.fr\/en\/wp-json\/wp\/v2\/posts\/102969","targetHints":{"allow":["GET"]}}],"collection":[{"href":"https:\/\/www.joyana.fr\/en\/wp-json\/wp\/v2\/posts"}],"about":[{"href":"https:\/\/www.joyana.fr\/en\/wp-json\/wp\/v2\/types\/post"}],"author":[{"embeddable":true,"href":"https:\/\/www.joyana.fr\/en\/wp-json\/wp\/v2\/users\/3"}],"replies":[{"embeddable":true,"href":"https:\/\/www.joyana.fr\/en\/wp-json\/wp\/v2\/comments?post=102969"}],"version-history":[{"count":0,"href":"https:\/\/www.joyana.fr\/en\/wp-json\/wp\/v2\/posts\/102969\/revisions"}],"wp:featuredmedia":[{"embeddable":true,"href":"https:\/\/www.joyana.fr\/en\/wp-json\/wp\/v2\/media\/120226"}],"wp:attachment":[{"href":"https:\/\/www.joyana.fr\/en\/wp-json\/wp\/v2\/media?parent=102969"}],"wp:term":[{"taxonomy":"category","embeddable":true,"href":"https:\/\/www.joyana.fr\/en\/wp-json\/wp\/v2\/categories?post=102969"},{"taxonomy":"post_tag","embeddable":true,"href":"https:\/\/www.joyana.fr\/en\/wp-json\/wp\/v2\/tags?post=102969"}],"curies":[{"name":"wp","href":"https:\/\/api.w.org\/{rel}","templated":true}]}}