{"id":102682,"date":"2009-07-06T06:40:12","date_gmt":"2009-07-06T05:40:12","guid":{"rendered":"https:\/\/joyana.fr\/jc-de-castelbajac-transforme-la-galerie-think-more\/"},"modified":"2009-07-06T06:40:12","modified_gmt":"2009-07-06T05:40:12","slug":"jc-de-castelbajac-transforme-la-galerie-think-more","status":"publish","type":"post","link":"https:\/\/www.joyana.fr\/en\/jc-de-castelbajac-transforme-la-galerie-think-more\/102682\/","title":{"rendered":"J.C de CASTELBAJAC transforme la Galerie Think &amp; More"},"content":{"rendered":"<p><strong>J.C de Castelbajac<\/strong> est l&#8217;invit\u00e9 d&#8217;honneur de la <strong>Galerie Think &#038; More<\/strong> -qui expose des objets de notre quotidien transform\u00e9s par le designer&#8230;<\/p>\n<p><img data-recalc-dims=\"1\" fetchpriority=\"high\" decoding=\"async\" src=\"https:\/\/i0.wp.com\/joyana.fr\/wp-content\/uploads\/jc-castelbajac-think-and-more2.jpg?resize=500%2C348&#038;ssl=1\" alt=\"J.C de CASTELBAJAC transforme la Galerie Think &#038; More\" align=\"top\" border=\"0\" height=\"348\" hspace=\"8\" width=\"500\" \/><\/p>\n<p> Le <a href=\"https:\/\/joyana.fr\/\">Blog D\u00e9co-Design<\/a> vous d\u00e9voile les premi\u00e8res photos de cette exposition intitul\u00e9e \u00ab Main gauche! H\u00e9misph\u00e8re droit! \u00bb o\u00f9 l&#8217;univers propre du designer se greffe aux objets du quotidien pour un art crayonn\u00e9, color\u00e9, audacieux&#8230;<\/p>\n<p><strong>J.C de Castelbajac<\/strong> customise ainsi chaises m\u00e9daillons, assiettes, posters sur un fond de papier peint sign\u00e9 par le cr\u00e9ateur. WE LOVE IT !!!<\/p>\n<p><img data-recalc-dims=\"1\" decoding=\"async\" src=\"https:\/\/i0.wp.com\/joyana.fr\/wp-content\/uploads\/jc-castelbajac-think-and-more.jpg?resize=500%2C335&#038;ssl=1\" alt=\"J.C de CASTELBAJAC transforme la Galerie Think &#038; More\" align=\"top\" border=\"0\" height=\"335\" hspace=\"8\" width=\"500\" \/><\/p>\n<p>Nous n&#8217;avons pas pu nous rendre au vernissage, mais d&#8217;apr\u00e8s les dires ce fut une soir\u00e9e exceptionnelle !!! Une foule a envahit la <strong>Galerie Think &#038; More<\/strong>,<strong> <\/strong>pour d\u00e9couvrir l&#8217;univers de <strong>J.C de Castelbajac<\/strong> -qui durant la soir\u00e9e a dessin\u00e9 une fresque g\u00e9ante sur une bande son mix\u00e9e par son fils Louis-Marie qui \u00e9tait aux platines&#8230;<\/p>\n<p>Du monde de partout, beaucoup de journalistes de presses mode et d\u00e9co, ainsi que des admirateurs de <strong>JC\/DC<\/strong>&#8230; Vous auriez pu croiser Claude Montana (2 d\u00e9s d&#8217;or de la couture), Elie M\u00e9deros (muse et chanteuse) ou encore Corinne Cobson (styliste), et bien d&#8217;autres&#8230;<\/p>\n<p><img data-recalc-dims=\"1\" decoding=\"async\" src=\"https:\/\/i0.wp.com\/joyana.fr\/wp-content\/uploads\/jc-castelbajac-think-and-more3.jpg?resize=500%2C335&#038;ssl=1\" alt=\"J.C de CASTELBAJAC transforme la Galerie Think &#038; More\" align=\"top\" border=\"0\" height=\"335\" hspace=\"8\" width=\"500\" \/><\/p>\n<p><strong>J.C de Castelbajac<\/strong> ne tarit pas d&#8217;\u00e9loges sur la <strong>Galerie Think &#038; More<\/strong> dont il dit :<\/p>\n<p><em>\u00ab L&#8217;espace de Larry Allam est une autre mani\u00e8re d&#8217;entrevoir le design. Les univers s&#8217;entrechoquent, les disciplines sont d\u00e9cloisonn\u00e9es\u2026 Nous sommes au royaume de la transversalit\u00e9. Un parti pris courageux&#8230; \u00bb<\/em><\/p>\n<p><img data-recalc-dims=\"1\" loading=\"lazy\" decoding=\"async\" src=\"https:\/\/i0.wp.com\/joyana.fr\/wp-content\/uploads\/jc-castelbajac-think-and-more4.jpg?resize=500%2C335&#038;ssl=1\" alt=\"J.C de CASTELBAJAC transforme la Galerie Think &#038; More\" align=\"top\" border=\"0\" height=\"335\" hspace=\"8\" width=\"500\" \/><\/p>\n<p><strong>Galerie Think &#038; More<\/strong>, 108 rue Saint Honor\u00e9, Paris 75001<\/p>\n<p>Exposition \u00ab Main gauche! H\u00e9misph\u00e8re droit! \u00bb du 19 juin au 30 septembre 2009<br \/>\nPlus d&#8217;information : 01 40 26 18 51<\/p>\n<p><strong><a href=\"http:\/\/www.jc-de-castelbajac.com\/\">http:\/\/www.jc-de-castelbajac.com\/<\/a><\/strong><\/p>\n<p>A d\u00e9couvrir aussi : <a href=\"https:\/\/joyana.fr\/exposition-triumph-of-the-sign-par-jc-de-castelbajac\/\">Exposition \u00ab Triumph Of The Sign \u00bb par J.C de CASTELBAJAC<\/a><\/p>\n<p>&#8212;&#8212;&#8212;&#8212;&#8212;&#8212;-<\/p>\n<p><a href=\"jo_yana@hotmail.com\">Jo Yana <\/a><\/p>\n","protected":false},"excerpt":{"rendered":"<p>J.C de Castelbajac est l&#8217;invit\u00e9 d&#8217;honneur de la Galerie Think &#038; More -qui expose des objets de notre quotidien transform\u00e9s par le designer&#8230; Le Blog D\u00e9co-Design vous d\u00e9voile les premi\u00e8res photos de cette exposition intitul\u00e9e \u00ab Main gauche! H\u00e9misph\u00e8re droit! \u00bb o\u00f9 l&#8217;univers propre du designer se greffe aux objets du quotidien pour un art [&hellip;]<\/p>\n","protected":false},"author":3,"featured_media":124300,"comment_status":"open","ping_status":"open","sticky":false,"template":"","format":"standard","meta":{"_coblocks_attr":"","_coblocks_dimensions":"","_coblocks_responsive_height":"","_coblocks_accordion_ie_support":"","_uag_custom_page_level_css":"","advgb_blocks_editor_width":"","advgb_blocks_columns_visual_guide":"","_genesis_hide_title":false,"_genesis_hide_breadcrumbs":false,"_genesis_hide_singular_image":false,"_genesis_hide_footer_widgets":false,"_genesis_custom_body_class":"","_genesis_custom_post_class":"","_genesis_layout":"","_themeisle_gutenberg_block_has_review":false,"_jetpack_newsletter_access":"","_jetpack_dont_email_post_to_subs":false,"_jetpack_newsletter_tier_id":0,"_jetpack_memberships_contains_paywalled_content":false,"_jetpack_memberships_contains_paid_content":false,"footnotes":""},"categories":[940,1002,905,911],"tags":[943,994,12],"class_list":{"0":"post-102682","1":"post","2":"type-post","3":"status-publish","4":"format-standard","5":"has-post-thumbnail","7":"category-art-contemporain","8":"category-artiste","9":"category-deco-design","10":"category-designer","11":"tag-art-contemporain","12":"tag-evenements","13":"tag-paris","14":"entry"},"featured_image_urls":{"full":["https:\/\/i0.wp.com\/www.joyana.fr\/wp-content\/uploads\/2016\/08\/joyana-logo-black-360x180.png?fit=360%2C180&ssl=1",360,180,false],"thumbnail":["https:\/\/i0.wp.com\/www.joyana.fr\/wp-content\/uploads\/2016\/08\/joyana-logo-black-360x180.png?resize=150%2C150&ssl=1",150,150,true],"medium":["https:\/\/i0.wp.com\/www.joyana.fr\/wp-content\/uploads\/2016\/08\/joyana-logo-black-360x180.png?fit=360%2C180&ssl=1",360,180,true],"medium_large":["https:\/\/i0.wp.com\/www.joyana.fr\/wp-content\/uploads\/2016\/08\/joyana-logo-black-360x180.png?fit=360%2C180&ssl=1",360,180,true],"large":["https:\/\/i0.wp.com\/www.joyana.fr\/wp-content\/uploads\/2016\/08\/joyana-logo-black-360x180.png?fit=360%2C180&ssl=1",360,180,true],"1536x1536":["https:\/\/i0.wp.com\/www.joyana.fr\/wp-content\/uploads\/2016\/08\/joyana-logo-black-360x180.png?fit=360%2C180&ssl=1",360,180,true],"2048x2048":["https:\/\/i0.wp.com\/www.joyana.fr\/wp-content\/uploads\/2016\/08\/joyana-logo-black-360x180.png?fit=360%2C180&ssl=1",360,180,true],"featured-thumb":["https:\/\/i0.wp.com\/www.joyana.fr\/wp-content\/uploads\/2016\/08\/joyana-logo-black-360x180.png?resize=360%2C180&ssl=1",360,180,true],"ab-block-post-grid-landscape":["https:\/\/i0.wp.com\/www.joyana.fr\/wp-content\/uploads\/2016\/08\/joyana-logo-black-360x180.png?resize=360%2C180&ssl=1",360,180,true],"ab-block-post-grid-square":["https:\/\/i0.wp.com\/www.joyana.fr\/wp-content\/uploads\/2016\/08\/joyana-logo-black-360x180.png?resize=360%2C180&ssl=1",360,180,true],"author-pro-image":["https:\/\/i0.wp.com\/www.joyana.fr\/wp-content\/uploads\/2016\/08\/joyana-logo-black-360x180.png?resize=360%2C180&ssl=1",360,180,true],"slider":["https:\/\/i0.wp.com\/www.joyana.fr\/wp-content\/uploads\/2016\/08\/joyana-logo-black-360x180.png?resize=360%2C180&ssl=1",360,180,true],"woocommerce_thumbnail":["https:\/\/i0.wp.com\/www.joyana.fr\/wp-content\/uploads\/2016\/08\/joyana-logo-black-360x180.png?resize=300%2C180&ssl=1",300,180,true],"woocommerce_single":["https:\/\/i0.wp.com\/www.joyana.fr\/wp-content\/uploads\/2016\/08\/joyana-logo-black-360x180.png?fit=360%2C180&ssl=1",360,180,true],"woocommerce_gallery_thumbnail":["https:\/\/i0.wp.com\/www.joyana.fr\/wp-content\/uploads\/2016\/08\/joyana-logo-black-360x180.png?resize=180%2C180&ssl=1",180,180,true],"sow-carousel-default":["https:\/\/i0.wp.com\/www.joyana.fr\/wp-content\/uploads\/2016\/08\/joyana-logo-black-360x180.png?resize=272%2C180&ssl=1",272,180,true]},"post_excerpt_stackable":"<p>J.C de Castelbajac est l&#8217;invit\u00e9 d&#8217;honneur de la Galerie Think &#038; More -qui expose des objets de notre quotidien transform\u00e9s par le designer&#8230; Le Blog D\u00e9co-Design vous d\u00e9voile les premi\u00e8res photos de cette exposition intitul\u00e9e \u00ab Main gauche! H\u00e9misph\u00e8re droit! \u00bb o\u00f9 l&#8217;univers propre du designer se greffe aux objets du quotidien pour un art crayonn\u00e9, color\u00e9, audacieux&#8230; J.C de Castelbajac customise ainsi chaises m\u00e9daillons, assiettes, posters sur un fond de papier peint sign\u00e9 par le cr\u00e9ateur. WE LOVE IT !!! Nous n&#8217;avons pas pu nous rendre au vernissage, mais d&#8217;apr\u00e8s les dires ce fut une soir\u00e9e exceptionnelle !!! Une&hellip;<\/p>\n","category_list":"<a href=\"https:\/\/www.joyana.fr\/en\/category\/deco-design\/actualite\/art-contemporain\/\" rel=\"category tag\">Art Contemporain<\/a>, <a href=\"https:\/\/www.joyana.fr\/en\/category\/deco-design\/actualite\/artiste\/\" rel=\"category tag\">Artiste<\/a>, <a href=\"https:\/\/www.joyana.fr\/en\/category\/deco-design\/\" rel=\"category tag\">DECO-DESIGN<\/a>, <a href=\"https:\/\/www.joyana.fr\/en\/category\/deco-design\/designer\/\" rel=\"category tag\">Designer<\/a>","author_info":{"display_name":"Jo Yana","author_link":"https:\/\/www.joyana.fr\/en\/author\/joyana\/"},"comments_num":"9 comments","featured_image_urls_v2":{"full":["https:\/\/i0.wp.com\/www.joyana.fr\/wp-content\/uploads\/2016\/08\/joyana-logo-black-360x180.png?fit=360%2C180&ssl=1",360,180,false],"thumbnail":["https:\/\/i0.wp.com\/www.joyana.fr\/wp-content\/uploads\/2016\/08\/joyana-logo-black-360x180.png?resize=150%2C150&ssl=1",150,150,true],"medium":["https:\/\/i0.wp.com\/www.joyana.fr\/wp-content\/uploads\/2016\/08\/joyana-logo-black-360x180.png?fit=360%2C180&ssl=1",360,180,true],"medium_large":["https:\/\/i0.wp.com\/www.joyana.fr\/wp-content\/uploads\/2016\/08\/joyana-logo-black-360x180.png?fit=360%2C180&ssl=1",360,180,true],"large":["https:\/\/i0.wp.com\/www.joyana.fr\/wp-content\/uploads\/2016\/08\/joyana-logo-black-360x180.png?fit=360%2C180&ssl=1",360,180,true],"1536x1536":["https:\/\/i0.wp.com\/www.joyana.fr\/wp-content\/uploads\/2016\/08\/joyana-logo-black-360x180.png?fit=360%2C180&ssl=1",360,180,true],"2048x2048":["https:\/\/i0.wp.com\/www.joyana.fr\/wp-content\/uploads\/2016\/08\/joyana-logo-black-360x180.png?fit=360%2C180&ssl=1",360,180,true],"featured-thumb":["https:\/\/i0.wp.com\/www.joyana.fr\/wp-content\/uploads\/2016\/08\/joyana-logo-black-360x180.png?resize=360%2C180&ssl=1",360,180,true],"ab-block-post-grid-landscape":["https:\/\/i0.wp.com\/www.joyana.fr\/wp-content\/uploads\/2016\/08\/joyana-logo-black-360x180.png?resize=360%2C180&ssl=1",360,180,true],"ab-block-post-grid-square":["https:\/\/i0.wp.com\/www.joyana.fr\/wp-content\/uploads\/2016\/08\/joyana-logo-black-360x180.png?resize=360%2C180&ssl=1",360,180,true],"author-pro-image":["https:\/\/i0.wp.com\/www.joyana.fr\/wp-content\/uploads\/2016\/08\/joyana-logo-black-360x180.png?resize=360%2C180&ssl=1",360,180,true],"slider":["https:\/\/i0.wp.com\/www.joyana.fr\/wp-content\/uploads\/2016\/08\/joyana-logo-black-360x180.png?resize=360%2C180&ssl=1",360,180,true],"woocommerce_thumbnail":["https:\/\/i0.wp.com\/www.joyana.fr\/wp-content\/uploads\/2016\/08\/joyana-logo-black-360x180.png?resize=300%2C180&ssl=1",300,180,true],"woocommerce_single":["https:\/\/i0.wp.com\/www.joyana.fr\/wp-content\/uploads\/2016\/08\/joyana-logo-black-360x180.png?fit=360%2C180&ssl=1",360,180,true],"woocommerce_gallery_thumbnail":["https:\/\/i0.wp.com\/www.joyana.fr\/wp-content\/uploads\/2016\/08\/joyana-logo-black-360x180.png?resize=180%2C180&ssl=1",180,180,true],"sow-carousel-default":["https:\/\/i0.wp.com\/www.joyana.fr\/wp-content\/uploads\/2016\/08\/joyana-logo-black-360x180.png?resize=272%2C180&ssl=1",272,180,true]},"post_excerpt_stackable_v2":"<p>J.C de Castelbajac est l&#8217;invit\u00e9 d&#8217;honneur de la Galerie Think &#038; More -qui expose des objets de notre quotidien transform\u00e9s par le designer&#8230; Le Blog D\u00e9co-Design vous d\u00e9voile les premi\u00e8res photos de cette exposition intitul\u00e9e \u00ab Main gauche! H\u00e9misph\u00e8re droit! \u00bb o\u00f9 l&#8217;univers propre du designer se greffe aux objets du quotidien pour un art crayonn\u00e9, color\u00e9, audacieux&#8230; J.C de Castelbajac customise ainsi chaises m\u00e9daillons, assiettes, posters sur un fond de papier peint sign\u00e9 par le cr\u00e9ateur. WE LOVE IT !!! Nous n&#8217;avons pas pu nous rendre au vernissage, mais d&#8217;apr\u00e8s les dires ce fut une soir\u00e9e exceptionnelle !!! Une&hellip;<\/p>\n","category_list_v2":"<a href=\"https:\/\/www.joyana.fr\/en\/category\/deco-design\/actualite\/art-contemporain\/\" rel=\"category tag\">Art Contemporain<\/a>, <a href=\"https:\/\/www.joyana.fr\/en\/category\/deco-design\/actualite\/artiste\/\" rel=\"category tag\">Artiste<\/a>, <a href=\"https:\/\/www.joyana.fr\/en\/category\/deco-design\/\" rel=\"category tag\">DECO-DESIGN<\/a>, <a href=\"https:\/\/www.joyana.fr\/en\/category\/deco-design\/designer\/\" rel=\"category tag\">Designer<\/a>","author_info_v2":{"name":"Jo Yana","url":"https:\/\/www.joyana.fr\/en\/author\/joyana\/"},"comments_num_v2":"9 comments","yoast_head":"<!-- This site is optimized with the Yoast SEO plugin v26.8 - https:\/\/yoast.com\/product\/yoast-seo-wordpress\/ -->\n<title>J.C de CASTELBAJAC transforme la Galerie Think &amp; More - JO YANA<\/title>\n<meta name=\"robots\" content=\"index, follow, max-snippet:-1, max-image-preview:large, max-video-preview:-1\" \/>\n<link rel=\"canonical\" href=\"https:\/\/www.joyana.fr\/en\/jc-de-castelbajac-transforme-la-galerie-think-more\/102682\/\" \/>\n<meta property=\"og:locale\" content=\"en_US\" \/>\n<meta property=\"og:locale:alternate\" content=\"fr_FR\" \/>\n<meta property=\"og:locale:alternate\" content=\"ja\" \/>\n<meta property=\"og:type\" content=\"article\" \/>\n<meta property=\"og:title\" content=\"J.C de CASTELBAJAC transforme la Galerie Think &amp; More - JO YANA\" \/>\n<meta property=\"og:description\" content=\"J.C de Castelbajac est l&#8217;invit\u00e9 d&#8217;honneur de la Galerie Think &amp; More -qui expose des objets de notre quotidien transform\u00e9s par le designer&#8230; Le Blog D\u00e9co-Design vous d\u00e9voile les premi\u00e8res photos de cette exposition intitul\u00e9e \u00ab Main gauche! H\u00e9misph\u00e8re droit! \u00bb o\u00f9 l&#8217;univers propre du designer se greffe aux objets du quotidien pour un art [&hellip;]\" \/>\n<meta property=\"og:url\" content=\"https:\/\/www.joyana.fr\/en\/jc-de-castelbajac-transforme-la-galerie-think-more\/102682\/\" \/>\n<meta property=\"og:site_name\" content=\"JO YANA\" \/>\n<meta property=\"article:published_time\" content=\"2009-07-06T05:40:12+00:00\" \/>\n<meta property=\"og:image\" content=\"https:\/\/www.joyana.fr\/wp-content\/uploads\/2016\/08\/joyana-logo-black-360x180.png\" \/>\n\t<meta property=\"og:image:width\" content=\"360\" \/>\n\t<meta property=\"og:image:height\" content=\"180\" \/>\n\t<meta property=\"og:image:type\" content=\"image\/png\" \/>\n<meta name=\"author\" content=\"Jo Yana\" \/>\n<meta name=\"twitter:card\" content=\"summary_large_image\" \/>\n<meta name=\"twitter:creator\" content=\"@Jo_Yana\" \/>\n<meta name=\"twitter:site\" content=\"@Jo_Yana\" \/>\n<meta name=\"twitter:label1\" content=\"Written by\" \/>\n\t<meta name=\"twitter:data1\" content=\"Jo Yana\" \/>\n\t<meta name=\"twitter:label2\" content=\"Est. reading time\" \/>\n\t<meta name=\"twitter:data2\" content=\"1 minute\" \/>\n<script type=\"application\/ld+json\" class=\"yoast-schema-graph\">{\"@context\":\"https:\/\/schema.org\",\"@graph\":[{\"@type\":\"Article\",\"@id\":\"https:\/\/www.joyana.fr\/en\/jc-de-castelbajac-transforme-la-galerie-think-more\/102682\/#article\",\"isPartOf\":{\"@id\":\"https:\/\/www.joyana.fr\/en\/jc-de-castelbajac-transforme-la-galerie-think-more\/102682\/\"},\"author\":{\"name\":\"Jo Yana\",\"@id\":\"https:\/\/joyana.fr\/#\/schema\/person\/cf2a1ad12a27c12c21801075bf37407c\"},\"headline\":\"J.C de CASTELBAJAC transforme la Galerie Think &amp; More\",\"datePublished\":\"2009-07-06T05:40:12+00:00\",\"mainEntityOfPage\":{\"@id\":\"https:\/\/www.joyana.fr\/en\/jc-de-castelbajac-transforme-la-galerie-think-more\/102682\/\"},\"wordCount\":307,\"commentCount\":9,\"publisher\":{\"@id\":\"https:\/\/joyana.fr\/#\/schema\/person\/cf2a1ad12a27c12c21801075bf37407c\"},\"image\":{\"@id\":\"https:\/\/www.joyana.fr\/en\/jc-de-castelbajac-transforme-la-galerie-think-more\/102682\/#primaryimage\"},\"thumbnailUrl\":\"https:\/\/i0.wp.com\/www.joyana.fr\/wp-content\/uploads\/2016\/08\/joyana-logo-black-360x180.png?fit=360%2C180&ssl=1\",\"keywords\":[\"Art Contemporain\",\"Ev\u00e8nements\",\"Paris\"],\"articleSection\":[\"Art Contemporain\",\"Artiste\",\"DECO-DESIGN\",\"Designer\"],\"inLanguage\":\"en-US\",\"potentialAction\":[{\"@type\":\"CommentAction\",\"name\":\"Comment\",\"target\":[\"https:\/\/www.joyana.fr\/en\/jc-de-castelbajac-transforme-la-galerie-think-more\/102682\/#respond\"]}]},{\"@type\":\"WebPage\",\"@id\":\"https:\/\/www.joyana.fr\/en\/jc-de-castelbajac-transforme-la-galerie-think-more\/102682\/\",\"url\":\"https:\/\/www.joyana.fr\/en\/jc-de-castelbajac-transforme-la-galerie-think-more\/102682\/\",\"name\":\"J.C de CASTELBAJAC transforme la Galerie Think &amp; More - JO YANA\",\"isPartOf\":{\"@id\":\"https:\/\/joyana.fr\/#website\"},\"primaryImageOfPage\":{\"@id\":\"https:\/\/www.joyana.fr\/en\/jc-de-castelbajac-transforme-la-galerie-think-more\/102682\/#primaryimage\"},\"image\":{\"@id\":\"https:\/\/www.joyana.fr\/en\/jc-de-castelbajac-transforme-la-galerie-think-more\/102682\/#primaryimage\"},\"thumbnailUrl\":\"https:\/\/i0.wp.com\/www.joyana.fr\/wp-content\/uploads\/2016\/08\/joyana-logo-black-360x180.png?fit=360%2C180&ssl=1\",\"datePublished\":\"2009-07-06T05:40:12+00:00\",\"breadcrumb\":{\"@id\":\"https:\/\/www.joyana.fr\/en\/jc-de-castelbajac-transforme-la-galerie-think-more\/102682\/#breadcrumb\"},\"inLanguage\":\"en-US\",\"potentialAction\":[{\"@type\":\"ReadAction\",\"target\":[\"https:\/\/www.joyana.fr\/en\/jc-de-castelbajac-transforme-la-galerie-think-more\/102682\/\"]}]},{\"@type\":\"ImageObject\",\"inLanguage\":\"en-US\",\"@id\":\"https:\/\/www.joyana.fr\/en\/jc-de-castelbajac-transforme-la-galerie-think-more\/102682\/#primaryimage\",\"url\":\"https:\/\/i0.wp.com\/www.joyana.fr\/wp-content\/uploads\/2016\/08\/joyana-logo-black-360x180.png?fit=360%2C180&ssl=1\",\"contentUrl\":\"https:\/\/i0.wp.com\/www.joyana.fr\/wp-content\/uploads\/2016\/08\/joyana-logo-black-360x180.png?fit=360%2C180&ssl=1\",\"width\":360,\"height\":180,\"caption\":\"logo joyana.fr\"},{\"@type\":\"BreadcrumbList\",\"@id\":\"https:\/\/www.joyana.fr\/en\/jc-de-castelbajac-transforme-la-galerie-think-more\/102682\/#breadcrumb\",\"itemListElement\":[{\"@type\":\"ListItem\",\"position\":1,\"name\":\"Accueil\",\"item\":\"https:\/\/joyana.fr\/\"},{\"@type\":\"ListItem\",\"position\":2,\"name\":\"J.C de CASTELBAJAC transforme la Galerie Think &amp; More\"}]},{\"@type\":\"WebSite\",\"@id\":\"https:\/\/joyana.fr\/#website\",\"url\":\"https:\/\/joyana.fr\/\",\"name\":\"JO YANA\",\"description\":\"Blog Mode Homme, Lifestyle, D\u00e9co-Design\",\"publisher\":{\"@id\":\"https:\/\/joyana.fr\/#\/schema\/person\/cf2a1ad12a27c12c21801075bf37407c\"},\"potentialAction\":[{\"@type\":\"SearchAction\",\"target\":{\"@type\":\"EntryPoint\",\"urlTemplate\":\"https:\/\/joyana.fr\/?s={search_term_string}\"},\"query-input\":{\"@type\":\"PropertyValueSpecification\",\"valueRequired\":true,\"valueName\":\"search_term_string\"}}],\"inLanguage\":\"en-US\"},{\"@type\":[\"Person\",\"Organization\"],\"@id\":\"https:\/\/joyana.fr\/#\/schema\/person\/cf2a1ad12a27c12c21801075bf37407c\",\"name\":\"Jo Yana\",\"image\":{\"@type\":\"ImageObject\",\"inLanguage\":\"en-US\",\"@id\":\"https:\/\/joyana.fr\/#\/schema\/person\/image\/\",\"url\":\"https:\/\/i0.wp.com\/www.joyana.fr\/wp-content\/uploads\/2016\/08\/cropped-joyana-logo-black-360x180.png?fit=343%2C164&ssl=1\",\"contentUrl\":\"https:\/\/i0.wp.com\/www.joyana.fr\/wp-content\/uploads\/2016\/08\/cropped-joyana-logo-black-360x180.png?fit=343%2C164&ssl=1\",\"width\":343,\"height\":164,\"caption\":\"Jo Yana\"},\"logo\":{\"@id\":\"https:\/\/joyana.fr\/#\/schema\/person\/image\/\"},\"description\":\"Jo Yana est le cr\u00e9ateur et r\u00e9dacteur en chef des sites DECO-DESIGN. Passionn\u00e9 de Design, Mode, Photo, Luxe, Lifestyle, Musique, mais avant tout Blogueur ! Le plaisir de partager l'anime et a comme devise \\\"POUR L'AMOUR DU BEAU\\\". Retrouvez le aussi sur son blog personnel - https:\/\/joyana.fr...\",\"sameAs\":[\"https:\/\/joyana.fr\/\"],\"url\":\"https:\/\/www.joyana.fr\/en\/author\/joyana\/\"}]}<\/script>\n<!-- \/ Yoast SEO plugin. -->","yoast_head_json":{"title":"J.C de CASTELBAJAC transforme la Galerie Think &amp; More - JO YANA","robots":{"index":"index","follow":"follow","max-snippet":"max-snippet:-1","max-image-preview":"max-image-preview:large","max-video-preview":"max-video-preview:-1"},"canonical":"https:\/\/www.joyana.fr\/en\/jc-de-castelbajac-transforme-la-galerie-think-more\/102682\/","og_locale":"en_US","og_type":"article","og_title":"J.C de CASTELBAJAC transforme la Galerie Think &amp; More - JO YANA","og_description":"J.C de Castelbajac est l&#8217;invit\u00e9 d&#8217;honneur de la Galerie Think &#038; More -qui expose des objets de notre quotidien transform\u00e9s par le designer&#8230; Le Blog D\u00e9co-Design vous d\u00e9voile les premi\u00e8res photos de cette exposition intitul\u00e9e \u00ab Main gauche! H\u00e9misph\u00e8re droit! \u00bb o\u00f9 l&#8217;univers propre du designer se greffe aux objets du quotidien pour un art [&hellip;]","og_url":"https:\/\/www.joyana.fr\/en\/jc-de-castelbajac-transforme-la-galerie-think-more\/102682\/","og_site_name":"JO YANA","article_published_time":"2009-07-06T05:40:12+00:00","og_image":[{"width":360,"height":180,"url":"https:\/\/www.joyana.fr\/wp-content\/uploads\/2016\/08\/joyana-logo-black-360x180.png","type":"image\/png"}],"author":"Jo Yana","twitter_card":"summary_large_image","twitter_creator":"@Jo_Yana","twitter_site":"@Jo_Yana","twitter_misc":{"Written by":"Jo Yana","Est. reading time":"1 minute"},"schema":{"@context":"https:\/\/schema.org","@graph":[{"@type":"Article","@id":"https:\/\/www.joyana.fr\/en\/jc-de-castelbajac-transforme-la-galerie-think-more\/102682\/#article","isPartOf":{"@id":"https:\/\/www.joyana.fr\/en\/jc-de-castelbajac-transforme-la-galerie-think-more\/102682\/"},"author":{"name":"Jo Yana","@id":"https:\/\/joyana.fr\/#\/schema\/person\/cf2a1ad12a27c12c21801075bf37407c"},"headline":"J.C de CASTELBAJAC transforme la Galerie Think &amp; More","datePublished":"2009-07-06T05:40:12+00:00","mainEntityOfPage":{"@id":"https:\/\/www.joyana.fr\/en\/jc-de-castelbajac-transforme-la-galerie-think-more\/102682\/"},"wordCount":307,"commentCount":9,"publisher":{"@id":"https:\/\/joyana.fr\/#\/schema\/person\/cf2a1ad12a27c12c21801075bf37407c"},"image":{"@id":"https:\/\/www.joyana.fr\/en\/jc-de-castelbajac-transforme-la-galerie-think-more\/102682\/#primaryimage"},"thumbnailUrl":"https:\/\/i0.wp.com\/www.joyana.fr\/wp-content\/uploads\/2016\/08\/joyana-logo-black-360x180.png?fit=360%2C180&ssl=1","keywords":["Art Contemporain","Ev\u00e8nements","Paris"],"articleSection":["Art Contemporain","Artiste","DECO-DESIGN","Designer"],"inLanguage":"en-US","potentialAction":[{"@type":"CommentAction","name":"Comment","target":["https:\/\/www.joyana.fr\/en\/jc-de-castelbajac-transforme-la-galerie-think-more\/102682\/#respond"]}]},{"@type":"WebPage","@id":"https:\/\/www.joyana.fr\/en\/jc-de-castelbajac-transforme-la-galerie-think-more\/102682\/","url":"https:\/\/www.joyana.fr\/en\/jc-de-castelbajac-transforme-la-galerie-think-more\/102682\/","name":"J.C de CASTELBAJAC transforme la Galerie Think &amp; More - JO YANA","isPartOf":{"@id":"https:\/\/joyana.fr\/#website"},"primaryImageOfPage":{"@id":"https:\/\/www.joyana.fr\/en\/jc-de-castelbajac-transforme-la-galerie-think-more\/102682\/#primaryimage"},"image":{"@id":"https:\/\/www.joyana.fr\/en\/jc-de-castelbajac-transforme-la-galerie-think-more\/102682\/#primaryimage"},"thumbnailUrl":"https:\/\/i0.wp.com\/www.joyana.fr\/wp-content\/uploads\/2016\/08\/joyana-logo-black-360x180.png?fit=360%2C180&ssl=1","datePublished":"2009-07-06T05:40:12+00:00","breadcrumb":{"@id":"https:\/\/www.joyana.fr\/en\/jc-de-castelbajac-transforme-la-galerie-think-more\/102682\/#breadcrumb"},"inLanguage":"en-US","potentialAction":[{"@type":"ReadAction","target":["https:\/\/www.joyana.fr\/en\/jc-de-castelbajac-transforme-la-galerie-think-more\/102682\/"]}]},{"@type":"ImageObject","inLanguage":"en-US","@id":"https:\/\/www.joyana.fr\/en\/jc-de-castelbajac-transforme-la-galerie-think-more\/102682\/#primaryimage","url":"https:\/\/i0.wp.com\/www.joyana.fr\/wp-content\/uploads\/2016\/08\/joyana-logo-black-360x180.png?fit=360%2C180&ssl=1","contentUrl":"https:\/\/i0.wp.com\/www.joyana.fr\/wp-content\/uploads\/2016\/08\/joyana-logo-black-360x180.png?fit=360%2C180&ssl=1","width":360,"height":180,"caption":"logo joyana.fr"},{"@type":"BreadcrumbList","@id":"https:\/\/www.joyana.fr\/en\/jc-de-castelbajac-transforme-la-galerie-think-more\/102682\/#breadcrumb","itemListElement":[{"@type":"ListItem","position":1,"name":"Accueil","item":"https:\/\/joyana.fr\/"},{"@type":"ListItem","position":2,"name":"J.C de CASTELBAJAC transforme la Galerie Think &amp; More"}]},{"@type":"WebSite","@id":"https:\/\/joyana.fr\/#website","url":"https:\/\/joyana.fr\/","name":"JO YANA","description":"Blog Mode Homme, Lifestyle, D\u00e9co-Design","publisher":{"@id":"https:\/\/joyana.fr\/#\/schema\/person\/cf2a1ad12a27c12c21801075bf37407c"},"potentialAction":[{"@type":"SearchAction","target":{"@type":"EntryPoint","urlTemplate":"https:\/\/joyana.fr\/?s={search_term_string}"},"query-input":{"@type":"PropertyValueSpecification","valueRequired":true,"valueName":"search_term_string"}}],"inLanguage":"en-US"},{"@type":["Person","Organization"],"@id":"https:\/\/joyana.fr\/#\/schema\/person\/cf2a1ad12a27c12c21801075bf37407c","name":"Jo Yana","image":{"@type":"ImageObject","inLanguage":"en-US","@id":"https:\/\/joyana.fr\/#\/schema\/person\/image\/","url":"https:\/\/i0.wp.com\/www.joyana.fr\/wp-content\/uploads\/2016\/08\/cropped-joyana-logo-black-360x180.png?fit=343%2C164&ssl=1","contentUrl":"https:\/\/i0.wp.com\/www.joyana.fr\/wp-content\/uploads\/2016\/08\/cropped-joyana-logo-black-360x180.png?fit=343%2C164&ssl=1","width":343,"height":164,"caption":"Jo Yana"},"logo":{"@id":"https:\/\/joyana.fr\/#\/schema\/person\/image\/"},"description":"Jo Yana est le cr\u00e9ateur et r\u00e9dacteur en chef des sites DECO-DESIGN. Passionn\u00e9 de Design, Mode, Photo, Luxe, Lifestyle, Musique, mais avant tout Blogueur ! Le plaisir de partager l'anime et a comme devise \"POUR L'AMOUR DU BEAU\". Retrouvez le aussi sur son blog personnel - https:\/\/joyana.fr...","sameAs":["https:\/\/joyana.fr\/"],"url":"https:\/\/www.joyana.fr\/en\/author\/joyana\/"}]}},"author_meta":{"display_name":"Jo Yana","author_link":"https:\/\/www.joyana.fr\/en\/author\/joyana\/"},"featured_img":"https:\/\/i0.wp.com\/www.joyana.fr\/wp-content\/uploads\/2016\/08\/joyana-logo-black-360x180.png?fit=360%2C180&ssl=1","featured_image_src":"https:\/\/i0.wp.com\/www.joyana.fr\/wp-content\/uploads\/2016\/08\/joyana-logo-black-360x180.png?resize=360%2C180&ssl=1","featured_image_src_square":"https:\/\/i0.wp.com\/www.joyana.fr\/wp-content\/uploads\/2016\/08\/joyana-logo-black-360x180.png?resize=360%2C180&ssl=1","jetpack_featured_media_url":"https:\/\/i0.wp.com\/www.joyana.fr\/wp-content\/uploads\/2016\/08\/joyana-logo-black-360x180.png?fit=360%2C180&ssl=1","uagb_featured_image_src":{"full":["https:\/\/i0.wp.com\/www.joyana.fr\/wp-content\/uploads\/2016\/08\/joyana-logo-black-360x180.png?fit=360%2C180&ssl=1",360,180,false],"thumbnail":["https:\/\/i0.wp.com\/www.joyana.fr\/wp-content\/uploads\/2016\/08\/joyana-logo-black-360x180.png?resize=150%2C150&ssl=1",150,150,true],"medium":["https:\/\/i0.wp.com\/www.joyana.fr\/wp-content\/uploads\/2016\/08\/joyana-logo-black-360x180.png?fit=360%2C180&ssl=1",360,180,true],"medium_large":["https:\/\/i0.wp.com\/www.joyana.fr\/wp-content\/uploads\/2016\/08\/joyana-logo-black-360x180.png?fit=360%2C180&ssl=1",360,180,true],"large":["https:\/\/i0.wp.com\/www.joyana.fr\/wp-content\/uploads\/2016\/08\/joyana-logo-black-360x180.png?fit=360%2C180&ssl=1",360,180,true],"1536x1536":["https:\/\/i0.wp.com\/www.joyana.fr\/wp-content\/uploads\/2016\/08\/joyana-logo-black-360x180.png?fit=360%2C180&ssl=1",360,180,true],"2048x2048":["https:\/\/i0.wp.com\/www.joyana.fr\/wp-content\/uploads\/2016\/08\/joyana-logo-black-360x180.png?fit=360%2C180&ssl=1",360,180,true],"featured-thumb":["https:\/\/i0.wp.com\/www.joyana.fr\/wp-content\/uploads\/2016\/08\/joyana-logo-black-360x180.png?resize=360%2C180&ssl=1",360,180,true],"ab-block-post-grid-landscape":["https:\/\/i0.wp.com\/www.joyana.fr\/wp-content\/uploads\/2016\/08\/joyana-logo-black-360x180.png?resize=360%2C180&ssl=1",360,180,true],"ab-block-post-grid-square":["https:\/\/i0.wp.com\/www.joyana.fr\/wp-content\/uploads\/2016\/08\/joyana-logo-black-360x180.png?resize=360%2C180&ssl=1",360,180,true],"author-pro-image":["https:\/\/i0.wp.com\/www.joyana.fr\/wp-content\/uploads\/2016\/08\/joyana-logo-black-360x180.png?resize=360%2C180&ssl=1",360,180,true],"slider":["https:\/\/i0.wp.com\/www.joyana.fr\/wp-content\/uploads\/2016\/08\/joyana-logo-black-360x180.png?resize=360%2C180&ssl=1",360,180,true],"woocommerce_thumbnail":["https:\/\/i0.wp.com\/www.joyana.fr\/wp-content\/uploads\/2016\/08\/joyana-logo-black-360x180.png?resize=300%2C180&ssl=1",300,180,true],"woocommerce_single":["https:\/\/i0.wp.com\/www.joyana.fr\/wp-content\/uploads\/2016\/08\/joyana-logo-black-360x180.png?fit=360%2C180&ssl=1",360,180,true],"woocommerce_gallery_thumbnail":["https:\/\/i0.wp.com\/www.joyana.fr\/wp-content\/uploads\/2016\/08\/joyana-logo-black-360x180.png?resize=180%2C180&ssl=1",180,180,true],"sow-carousel-default":["https:\/\/i0.wp.com\/www.joyana.fr\/wp-content\/uploads\/2016\/08\/joyana-logo-black-360x180.png?resize=272%2C180&ssl=1",272,180,true]},"uagb_author_info":{"display_name":"Jo Yana","author_link":"https:\/\/www.joyana.fr\/en\/author\/joyana\/"},"uagb_comment_info":9,"uagb_excerpt":"J.C de Castelbajac est l&#8217;invit\u00e9 d&#8217;honneur de la Galerie Think &#038; More -qui expose des objets de notre quotidien transform\u00e9s par le designer&#8230; Le Blog D\u00e9co-Design vous d\u00e9voile les premi\u00e8res photos de cette exposition intitul\u00e9e \u00ab Main gauche! H\u00e9misph\u00e8re droit! \u00bb o\u00f9 l&#8217;univers propre du designer se greffe aux objets du quotidien pour un art&hellip;","coauthors":[],"tax_additional":{"categories":{"linked":["<a href=\"https:\/\/www.joyana.fr\/en\/category\/deco-design\/actualite\/art-contemporain\/\" class=\"advgb-post-tax-term\">Art Contemporain<\/a>","<a href=\"https:\/\/www.joyana.fr\/en\/category\/deco-design\/actualite\/artiste\/\" class=\"advgb-post-tax-term\">Artiste<\/a>","<a href=\"https:\/\/www.joyana.fr\/en\/category\/deco-design\/\" class=\"advgb-post-tax-term\">DECO-DESIGN<\/a>","<a href=\"https:\/\/www.joyana.fr\/en\/category\/deco-design\/designer\/\" class=\"advgb-post-tax-term\">Designer<\/a>"],"unlinked":["<span class=\"advgb-post-tax-term\">Art Contemporain<\/span>","<span class=\"advgb-post-tax-term\">Artiste<\/span>","<span class=\"advgb-post-tax-term\">DECO-DESIGN<\/span>","<span class=\"advgb-post-tax-term\">Designer<\/span>"]},"tags":{"linked":["<a href=\"https:\/\/www.joyana.fr\/en\/category\/deco-design\/designer\/\" class=\"advgb-post-tax-term\">Art Contemporain<\/a>","<a href=\"https:\/\/www.joyana.fr\/en\/category\/deco-design\/designer\/\" class=\"advgb-post-tax-term\">Ev\u00e8nements<\/a>","<a href=\"https:\/\/www.joyana.fr\/en\/category\/deco-design\/designer\/\" class=\"advgb-post-tax-term\">Paris<\/a>"],"unlinked":["<span class=\"advgb-post-tax-term\">Art Contemporain<\/span>","<span class=\"advgb-post-tax-term\">Ev\u00e8nements<\/span>","<span class=\"advgb-post-tax-term\">Paris<\/span>"]}},"comment_count":9,"relative_dates":{"created":"Posted 17 years ago","modified":"Updated 17 years ago"},"absolute_dates":{"created":"Posted on 6 July 2009","modified":"Updated on 6 July 2009"},"absolute_dates_time":{"created":"Posted on 6 July 2009 6:40","modified":"Updated on 6 July 2009 6:40"},"featured_img_caption":"","series_order":"","jetpack_sharing_enabled":true,"jetpack_shortlink":"https:\/\/wp.me\/p9bteI-qIa","jetpack-related-posts":[],"_links":{"self":[{"href":"https:\/\/www.joyana.fr\/en\/wp-json\/wp\/v2\/posts\/102682","targetHints":{"allow":["GET"]}}],"collection":[{"href":"https:\/\/www.joyana.fr\/en\/wp-json\/wp\/v2\/posts"}],"about":[{"href":"https:\/\/www.joyana.fr\/en\/wp-json\/wp\/v2\/types\/post"}],"author":[{"embeddable":true,"href":"https:\/\/www.joyana.fr\/en\/wp-json\/wp\/v2\/users\/3"}],"replies":[{"embeddable":true,"href":"https:\/\/www.joyana.fr\/en\/wp-json\/wp\/v2\/comments?post=102682"}],"version-history":[{"count":0,"href":"https:\/\/www.joyana.fr\/en\/wp-json\/wp\/v2\/posts\/102682\/revisions"}],"wp:featuredmedia":[{"embeddable":true,"href":"https:\/\/www.joyana.fr\/en\/wp-json\/wp\/v2\/media\/124300"}],"wp:attachment":[{"href":"https:\/\/www.joyana.fr\/en\/wp-json\/wp\/v2\/media?parent=102682"}],"wp:term":[{"taxonomy":"category","embeddable":true,"href":"https:\/\/www.joyana.fr\/en\/wp-json\/wp\/v2\/categories?post=102682"},{"taxonomy":"post_tag","embeddable":true,"href":"https:\/\/www.joyana.fr\/en\/wp-json\/wp\/v2\/tags?post=102682"}],"curies":[{"name":"wp","href":"https:\/\/api.w.org\/{rel}","templated":true}]}}