{"id":102250,"date":"2009-03-08T06:58:04","date_gmt":"2009-03-08T05:58:04","guid":{"rendered":"https:\/\/joyana.fr\/laura-paperina-au-salon-du-dessin-contemporain\/"},"modified":"2009-03-08T06:58:04","modified_gmt":"2009-03-08T05:58:04","slug":"laura-paperina-au-salon-du-dessin-contemporain","status":"publish","type":"post","link":"https:\/\/www.joyana.fr\/en\/laura-paperina-au-salon-du-dessin-contemporain\/102250\/","title":{"rendered":"Laura PAPERINA au Salon du dessin contemporain"},"content":{"rendered":"<p>En avant-premi\u00e8re du <strong>Salon du dessin contemporain<\/strong>, quelques dessins de la toute jeune artiste de 28 ans <strong>Laurina Paperina<\/strong>, pr\u00e9sent\u00e9e par la Galerie Magda Danysz, du 26 au 29 mars 2009 au Carreau du Temple&#8230;<\/p>\n<p><img data-recalc-dims=\"1\" fetchpriority=\"high\" decoding=\"async\" src=\"https:\/\/i0.wp.com\/joyana.fr\/wp-content\/uploads\/laurina-paperina-dessin.png?resize=500%2C372&#038;ssl=1\" alt=\"Laura PAPERINA au Salon du dessin contemporain\" align=\"top\" border=\"0\" height=\"372\" hspace=\"8\" width=\"500\" \/><\/p>\n<p><em>Pour cette occasion <strong>Laurina Paperina<\/strong> a r\u00e9alis\u00e9 une s\u00e9rie sp\u00e9ciale de post-its d\u00e9sopilants et de dessins de 15x20cm encore jamais d\u00e9voil\u00e9s. C&#8217;est une chance dans une actualit\u00e9 tr\u00e8s charg\u00e9e ces derniers mois pour <strong>Laurina<\/strong> avec une expo personelle \u00e0 San Fransisco, une expo chez Haas &#038; Fisher \u00e0 Zurich, et une autre chez Travesia Cuatro Gallery \u00e0 Madrid.<\/em><\/p>\n<p><img data-recalc-dims=\"1\" decoding=\"async\" src=\"https:\/\/i0.wp.com\/joyana.fr\/wp-content\/uploads\/laurina-paperina-dessin3.png?resize=500%2C371&#038;ssl=1\" alt=\"Laura PAPERINA au Salon du dessin contemporain\" align=\"top\" border=\"0\" height=\"371\" hspace=\"8\" width=\"500\" \/><\/p>\n<p><em>La jeune <strong>artiste<\/strong> italienne <strong>Laurina Paperina<\/strong> se rit des codes qui ont berc\u00e9 sont enfance. En mettant en sc\u00e8ne les super-h\u00e9ros elle revient sur toute une \u00e9ducation t\u00e9l\u00e9visuelle. Son ironie est d\u2019une lucidit\u00e9 \u00e0 la fois hilarante et froide. Elle se moque du monde de l&#8217;<strong>art<\/strong> mais aussi de la politique ou encore d&#8217;elle m\u00eame (sous la cape de Super Pape), ce h\u00e9ros d\u00e9risoire des temps moderne, mais somme toute peut \u00eatre notre h\u00e9ro\u00efne du monde de l&#8217;<strong>art<\/strong>. L\u00e0 o\u00f9 elle n\u2019affirme que se rire de notre soci\u00e9t\u00e9 les critiques d\u2019<strong>art<\/strong><\/em> voient d\u00e9j\u00e0 une forme symptomatique du langage visuel de toute une nouvelle g\u00e9n\u00e9ration d\u2019artistes.<\/p>\n<p><img data-recalc-dims=\"1\" decoding=\"async\" src=\"https:\/\/i0.wp.com\/joyana.fr\/wp-content\/uploads\/laurina-paperina-dessin2.png?resize=500%2C377&#038;ssl=1\" alt=\"Laura PAPERINA au Salon du dessin contemporain\" align=\"top\" border=\"0\" height=\"377\" hspace=\"8\" width=\"500\" \/><\/p>\n<p><img data-recalc-dims=\"1\" loading=\"lazy\" decoding=\"async\" src=\"https:\/\/i0.wp.com\/joyana.fr\/wp-content\/uploads\/laurina-paperina-dessin2s.png?resize=500%2C374&#038;ssl=1\" alt=\"Laura PAPERINA au Salon du dessin contemporain\" align=\"top\" border=\"0\" height=\"374\" hspace=\"8\" width=\"500\" \/><\/p>\n<p><em>Auparavant <strong>Laurina Paperina<\/strong> a expos\u00e9 \u00e0 : Paris, Madrid, Wien, Stockholm, Roma, Napoli, Padova, San Francisco, New York City, Los Angeles, Cape Town, Tokyo, etc. Fondazione C\u00e0 La Ghironda (IT) ; Hunterdon Museum of Art (USA) ; Fondazione Bartoli-Felter (IT) ; Castel Sant\u2019Elmo, (IT) ; Centro d\u2019Arte Contemporanea Cavalese (IT) ; Centro Internazionale per l\u2019Arte Contemporanea, castello Colonna di Genazzano (IT) ; Galleria Comunale d\u2019Arte Contemporanea (IT) ; Fondazione Bevilacqua la Masa (IT)&#8230;<\/em><\/p>\n<p><img data-recalc-dims=\"1\" loading=\"lazy\" decoding=\"async\" src=\"https:\/\/i0.wp.com\/joyana.fr\/wp-content\/uploads\/laurina-paperina-dessin2r.png?resize=500%2C379&#038;ssl=1\" alt=\"Laura PAPERINA au Salon du dessin contemporain\" align=\"top\" border=\"0\" height=\"379\" hspace=\"8\" width=\"500\" \/><\/p>\n<p><strong>Salon du dessin contemporain<\/strong> : 26 au 29 mars au Carreau du Temple, 1, rue Dupetit-Thouars, Paris 3\u00e8me<\/p>\n<p><strong><a href=\"http:\/\/www.laurinapaperina.com\/\">http:\/\/www.laurinapaperina.com\/<\/a><\/strong><\/p>\n<p><a href=\"http:\/\/www.salondudessincontemporain.com\/\"><strong>http:\/\/www.salondudessincontemporain.com\/ <\/strong><\/a><\/p>\n<p><strong><a href=\"http:\/\/www.magda-gallery.com\/\">http:\/\/www.magda-gallery.com\/<\/a><\/strong><\/p>\n<p>&#8212;&#8212;&#8212;&#8212;&#8212;&#8212;<\/p>\n<p><a href=\"jo_yana@hotmail.com\">Jo Yana <\/a><\/p>\n","protected":false},"excerpt":{"rendered":"<p>En avant-premi\u00e8re du Salon du dessin contemporain, quelques dessins de la toute jeune artiste de 28 ans Laurina Paperina, pr\u00e9sent\u00e9e par la Galerie Magda Danysz, du 26 au 29 mars 2009 au Carreau du Temple&#8230; Pour cette occasion Laurina Paperina a r\u00e9alis\u00e9 une s\u00e9rie sp\u00e9ciale de post-its d\u00e9sopilants et de dessins de 15x20cm encore jamais [&hellip;]<\/p>\n","protected":false},"author":3,"featured_media":124300,"comment_status":"open","ping_status":"open","sticky":false,"template":"","format":"standard","meta":{"_coblocks_attr":"","_coblocks_dimensions":"","_coblocks_responsive_height":"","_coblocks_accordion_ie_support":"","_uag_custom_page_level_css":"","advgb_blocks_editor_width":"","advgb_blocks_columns_visual_guide":"","_genesis_hide_title":false,"_genesis_hide_breadcrumbs":false,"_genesis_hide_singular_image":false,"_genesis_hide_footer_widgets":false,"_genesis_custom_body_class":"","_genesis_custom_post_class":"","_genesis_layout":"","_themeisle_gutenberg_block_has_review":false,"_jetpack_newsletter_access":"","_jetpack_dont_email_post_to_subs":false,"_jetpack_newsletter_tier_id":0,"_jetpack_memberships_contains_paywalled_content":false,"_jetpack_memberships_contains_paid_content":false,"footnotes":""},"categories":[940,1002,905],"tags":[943,920,12],"class_list":{"0":"post-102250","1":"post","2":"type-post","3":"status-publish","4":"format-standard","5":"has-post-thumbnail","7":"category-art-contemporain","8":"category-artiste","9":"category-deco-design","10":"tag-art-contemporain","11":"tag-artiste","12":"tag-paris","13":"entry"},"featured_image_urls":{"full":["https:\/\/i0.wp.com\/www.joyana.fr\/wp-content\/uploads\/2016\/08\/joyana-logo-black-360x180.png?fit=360%2C180&ssl=1",360,180,false],"thumbnail":["https:\/\/i0.wp.com\/www.joyana.fr\/wp-content\/uploads\/2016\/08\/joyana-logo-black-360x180.png?resize=150%2C150&ssl=1",150,150,true],"medium":["https:\/\/i0.wp.com\/www.joyana.fr\/wp-content\/uploads\/2016\/08\/joyana-logo-black-360x180.png?fit=360%2C180&ssl=1",360,180,true],"medium_large":["https:\/\/i0.wp.com\/www.joyana.fr\/wp-content\/uploads\/2016\/08\/joyana-logo-black-360x180.png?fit=360%2C180&ssl=1",360,180,true],"large":["https:\/\/i0.wp.com\/www.joyana.fr\/wp-content\/uploads\/2016\/08\/joyana-logo-black-360x180.png?fit=360%2C180&ssl=1",360,180,true],"1536x1536":["https:\/\/i0.wp.com\/www.joyana.fr\/wp-content\/uploads\/2016\/08\/joyana-logo-black-360x180.png?fit=360%2C180&ssl=1",360,180,true],"2048x2048":["https:\/\/i0.wp.com\/www.joyana.fr\/wp-content\/uploads\/2016\/08\/joyana-logo-black-360x180.png?fit=360%2C180&ssl=1",360,180,true],"featured-thumb":["https:\/\/i0.wp.com\/www.joyana.fr\/wp-content\/uploads\/2016\/08\/joyana-logo-black-360x180.png?resize=360%2C180&ssl=1",360,180,true],"ab-block-post-grid-landscape":["https:\/\/i0.wp.com\/www.joyana.fr\/wp-content\/uploads\/2016\/08\/joyana-logo-black-360x180.png?resize=360%2C180&ssl=1",360,180,true],"ab-block-post-grid-square":["https:\/\/i0.wp.com\/www.joyana.fr\/wp-content\/uploads\/2016\/08\/joyana-logo-black-360x180.png?resize=360%2C180&ssl=1",360,180,true],"author-pro-image":["https:\/\/i0.wp.com\/www.joyana.fr\/wp-content\/uploads\/2016\/08\/joyana-logo-black-360x180.png?resize=360%2C180&ssl=1",360,180,true],"slider":["https:\/\/i0.wp.com\/www.joyana.fr\/wp-content\/uploads\/2016\/08\/joyana-logo-black-360x180.png?resize=360%2C180&ssl=1",360,180,true],"woocommerce_thumbnail":["https:\/\/i0.wp.com\/www.joyana.fr\/wp-content\/uploads\/2016\/08\/joyana-logo-black-360x180.png?resize=300%2C180&ssl=1",300,180,true],"woocommerce_single":["https:\/\/i0.wp.com\/www.joyana.fr\/wp-content\/uploads\/2016\/08\/joyana-logo-black-360x180.png?fit=360%2C180&ssl=1",360,180,true],"woocommerce_gallery_thumbnail":["https:\/\/i0.wp.com\/www.joyana.fr\/wp-content\/uploads\/2016\/08\/joyana-logo-black-360x180.png?resize=180%2C180&ssl=1",180,180,true],"sow-carousel-default":["https:\/\/i0.wp.com\/www.joyana.fr\/wp-content\/uploads\/2016\/08\/joyana-logo-black-360x180.png?resize=272%2C180&ssl=1",272,180,true]},"post_excerpt_stackable":"<p>En avant-premi\u00e8re du Salon du dessin contemporain, quelques dessins de la toute jeune artiste de 28 ans Laurina Paperina, pr\u00e9sent\u00e9e par la Galerie Magda Danysz, du 26 au 29 mars 2009 au Carreau du Temple&#8230; Pour cette occasion Laurina Paperina a r\u00e9alis\u00e9 une s\u00e9rie sp\u00e9ciale de post-its d\u00e9sopilants et de dessins de 15x20cm encore jamais d\u00e9voil\u00e9s. C&#8217;est une chance dans une actualit\u00e9 tr\u00e8s charg\u00e9e ces derniers mois pour Laurina avec une expo personelle \u00e0 San Fransisco, une expo chez Haas &#038; Fisher \u00e0 Zurich, et une autre chez Travesia Cuatro Gallery \u00e0 Madrid. La jeune artiste italienne Laurina Paperina se&hellip;<\/p>\n","category_list":"<a href=\"https:\/\/www.joyana.fr\/en\/category\/deco-design\/actualite\/art-contemporain\/\" rel=\"category tag\">Art Contemporain<\/a>, <a href=\"https:\/\/www.joyana.fr\/en\/category\/deco-design\/actualite\/artiste\/\" rel=\"category tag\">Artiste<\/a>, <a href=\"https:\/\/www.joyana.fr\/en\/category\/deco-design\/\" rel=\"category tag\">DECO-DESIGN<\/a>","author_info":{"display_name":"Jo Yana","author_link":"https:\/\/www.joyana.fr\/en\/author\/joyana\/"},"comments_num":"3 comments","featured_image_urls_v2":{"full":["https:\/\/i0.wp.com\/www.joyana.fr\/wp-content\/uploads\/2016\/08\/joyana-logo-black-360x180.png?fit=360%2C180&ssl=1",360,180,false],"thumbnail":["https:\/\/i0.wp.com\/www.joyana.fr\/wp-content\/uploads\/2016\/08\/joyana-logo-black-360x180.png?resize=150%2C150&ssl=1",150,150,true],"medium":["https:\/\/i0.wp.com\/www.joyana.fr\/wp-content\/uploads\/2016\/08\/joyana-logo-black-360x180.png?fit=360%2C180&ssl=1",360,180,true],"medium_large":["https:\/\/i0.wp.com\/www.joyana.fr\/wp-content\/uploads\/2016\/08\/joyana-logo-black-360x180.png?fit=360%2C180&ssl=1",360,180,true],"large":["https:\/\/i0.wp.com\/www.joyana.fr\/wp-content\/uploads\/2016\/08\/joyana-logo-black-360x180.png?fit=360%2C180&ssl=1",360,180,true],"1536x1536":["https:\/\/i0.wp.com\/www.joyana.fr\/wp-content\/uploads\/2016\/08\/joyana-logo-black-360x180.png?fit=360%2C180&ssl=1",360,180,true],"2048x2048":["https:\/\/i0.wp.com\/www.joyana.fr\/wp-content\/uploads\/2016\/08\/joyana-logo-black-360x180.png?fit=360%2C180&ssl=1",360,180,true],"featured-thumb":["https:\/\/i0.wp.com\/www.joyana.fr\/wp-content\/uploads\/2016\/08\/joyana-logo-black-360x180.png?resize=360%2C180&ssl=1",360,180,true],"ab-block-post-grid-landscape":["https:\/\/i0.wp.com\/www.joyana.fr\/wp-content\/uploads\/2016\/08\/joyana-logo-black-360x180.png?resize=360%2C180&ssl=1",360,180,true],"ab-block-post-grid-square":["https:\/\/i0.wp.com\/www.joyana.fr\/wp-content\/uploads\/2016\/08\/joyana-logo-black-360x180.png?resize=360%2C180&ssl=1",360,180,true],"author-pro-image":["https:\/\/i0.wp.com\/www.joyana.fr\/wp-content\/uploads\/2016\/08\/joyana-logo-black-360x180.png?resize=360%2C180&ssl=1",360,180,true],"slider":["https:\/\/i0.wp.com\/www.joyana.fr\/wp-content\/uploads\/2016\/08\/joyana-logo-black-360x180.png?resize=360%2C180&ssl=1",360,180,true],"woocommerce_thumbnail":["https:\/\/i0.wp.com\/www.joyana.fr\/wp-content\/uploads\/2016\/08\/joyana-logo-black-360x180.png?resize=300%2C180&ssl=1",300,180,true],"woocommerce_single":["https:\/\/i0.wp.com\/www.joyana.fr\/wp-content\/uploads\/2016\/08\/joyana-logo-black-360x180.png?fit=360%2C180&ssl=1",360,180,true],"woocommerce_gallery_thumbnail":["https:\/\/i0.wp.com\/www.joyana.fr\/wp-content\/uploads\/2016\/08\/joyana-logo-black-360x180.png?resize=180%2C180&ssl=1",180,180,true],"sow-carousel-default":["https:\/\/i0.wp.com\/www.joyana.fr\/wp-content\/uploads\/2016\/08\/joyana-logo-black-360x180.png?resize=272%2C180&ssl=1",272,180,true]},"post_excerpt_stackable_v2":"<p>En avant-premi\u00e8re du Salon du dessin contemporain, quelques dessins de la toute jeune artiste de 28 ans Laurina Paperina, pr\u00e9sent\u00e9e par la Galerie Magda Danysz, du 26 au 29 mars 2009 au Carreau du Temple&#8230; Pour cette occasion Laurina Paperina a r\u00e9alis\u00e9 une s\u00e9rie sp\u00e9ciale de post-its d\u00e9sopilants et de dessins de 15x20cm encore jamais d\u00e9voil\u00e9s. C&#8217;est une chance dans une actualit\u00e9 tr\u00e8s charg\u00e9e ces derniers mois pour Laurina avec une expo personelle \u00e0 San Fransisco, une expo chez Haas &#038; Fisher \u00e0 Zurich, et une autre chez Travesia Cuatro Gallery \u00e0 Madrid. La jeune artiste italienne Laurina Paperina se&hellip;<\/p>\n","category_list_v2":"<a href=\"https:\/\/www.joyana.fr\/en\/category\/deco-design\/actualite\/art-contemporain\/\" rel=\"category tag\">Art Contemporain<\/a>, <a href=\"https:\/\/www.joyana.fr\/en\/category\/deco-design\/actualite\/artiste\/\" rel=\"category tag\">Artiste<\/a>, <a href=\"https:\/\/www.joyana.fr\/en\/category\/deco-design\/\" rel=\"category tag\">DECO-DESIGN<\/a>","author_info_v2":{"name":"Jo Yana","url":"https:\/\/www.joyana.fr\/en\/author\/joyana\/"},"comments_num_v2":"3 comments","yoast_head":"<!-- This site is optimized with the Yoast SEO plugin v26.8 - https:\/\/yoast.com\/product\/yoast-seo-wordpress\/ -->\n<title>Laura PAPERINA au Salon du dessin contemporain - JO YANA<\/title>\n<meta name=\"robots\" content=\"index, follow, max-snippet:-1, max-image-preview:large, max-video-preview:-1\" \/>\n<link rel=\"canonical\" href=\"https:\/\/www.joyana.fr\/en\/laura-paperina-au-salon-du-dessin-contemporain\/102250\/\" \/>\n<meta property=\"og:locale\" content=\"en_US\" \/>\n<meta property=\"og:locale:alternate\" content=\"fr_FR\" \/>\n<meta property=\"og:locale:alternate\" content=\"ja\" \/>\n<meta property=\"og:type\" content=\"article\" \/>\n<meta property=\"og:title\" content=\"Laura PAPERINA au Salon du dessin contemporain - JO YANA\" \/>\n<meta property=\"og:description\" content=\"En avant-premi\u00e8re du Salon du dessin contemporain, quelques dessins de la toute jeune artiste de 28 ans Laurina Paperina, pr\u00e9sent\u00e9e par la Galerie Magda Danysz, du 26 au 29 mars 2009 au Carreau du Temple&#8230; Pour cette occasion Laurina Paperina a r\u00e9alis\u00e9 une s\u00e9rie sp\u00e9ciale de post-its d\u00e9sopilants et de dessins de 15x20cm encore jamais [&hellip;]\" \/>\n<meta property=\"og:url\" content=\"https:\/\/www.joyana.fr\/en\/laura-paperina-au-salon-du-dessin-contemporain\/102250\/\" \/>\n<meta property=\"og:site_name\" content=\"JO YANA\" \/>\n<meta property=\"article:published_time\" content=\"2009-03-08T05:58:04+00:00\" \/>\n<meta property=\"og:image\" content=\"https:\/\/www.joyana.fr\/wp-content\/uploads\/2016\/08\/joyana-logo-black-360x180.png\" \/>\n\t<meta property=\"og:image:width\" content=\"360\" \/>\n\t<meta property=\"og:image:height\" content=\"180\" \/>\n\t<meta property=\"og:image:type\" content=\"image\/png\" \/>\n<meta name=\"author\" content=\"Jo Yana\" \/>\n<meta name=\"twitter:card\" content=\"summary_large_image\" \/>\n<meta name=\"twitter:creator\" content=\"@Jo_Yana\" \/>\n<meta name=\"twitter:site\" content=\"@Jo_Yana\" \/>\n<meta name=\"twitter:label1\" content=\"Written by\" \/>\n\t<meta name=\"twitter:data1\" content=\"Jo Yana\" \/>\n\t<meta name=\"twitter:label2\" content=\"Est. reading time\" \/>\n\t<meta name=\"twitter:data2\" content=\"2 minutes\" \/>\n<script type=\"application\/ld+json\" class=\"yoast-schema-graph\">{\"@context\":\"https:\/\/schema.org\",\"@graph\":[{\"@type\":\"Article\",\"@id\":\"https:\/\/www.joyana.fr\/en\/laura-paperina-au-salon-du-dessin-contemporain\/102250\/#article\",\"isPartOf\":{\"@id\":\"https:\/\/www.joyana.fr\/en\/laura-paperina-au-salon-du-dessin-contemporain\/102250\/\"},\"author\":{\"name\":\"Jo Yana\",\"@id\":\"https:\/\/joyana.fr\/#\/schema\/person\/cf2a1ad12a27c12c21801075bf37407c\"},\"headline\":\"Laura PAPERINA au Salon du dessin contemporain\",\"datePublished\":\"2009-03-08T05:58:04+00:00\",\"mainEntityOfPage\":{\"@id\":\"https:\/\/www.joyana.fr\/en\/laura-paperina-au-salon-du-dessin-contemporain\/102250\/\"},\"wordCount\":326,\"commentCount\":3,\"publisher\":{\"@id\":\"https:\/\/joyana.fr\/#\/schema\/person\/cf2a1ad12a27c12c21801075bf37407c\"},\"image\":{\"@id\":\"https:\/\/www.joyana.fr\/en\/laura-paperina-au-salon-du-dessin-contemporain\/102250\/#primaryimage\"},\"thumbnailUrl\":\"https:\/\/i0.wp.com\/www.joyana.fr\/wp-content\/uploads\/2016\/08\/joyana-logo-black-360x180.png?fit=360%2C180&ssl=1\",\"keywords\":[\"Art Contemporain\",\"Artiste\",\"Paris\"],\"articleSection\":[\"Art Contemporain\",\"Artiste\",\"DECO-DESIGN\"],\"inLanguage\":\"en-US\",\"potentialAction\":[{\"@type\":\"CommentAction\",\"name\":\"Comment\",\"target\":[\"https:\/\/www.joyana.fr\/en\/laura-paperina-au-salon-du-dessin-contemporain\/102250\/#respond\"]}]},{\"@type\":\"WebPage\",\"@id\":\"https:\/\/www.joyana.fr\/en\/laura-paperina-au-salon-du-dessin-contemporain\/102250\/\",\"url\":\"https:\/\/www.joyana.fr\/en\/laura-paperina-au-salon-du-dessin-contemporain\/102250\/\",\"name\":\"Laura PAPERINA au Salon du dessin contemporain - JO YANA\",\"isPartOf\":{\"@id\":\"https:\/\/joyana.fr\/#website\"},\"primaryImageOfPage\":{\"@id\":\"https:\/\/www.joyana.fr\/en\/laura-paperina-au-salon-du-dessin-contemporain\/102250\/#primaryimage\"},\"image\":{\"@id\":\"https:\/\/www.joyana.fr\/en\/laura-paperina-au-salon-du-dessin-contemporain\/102250\/#primaryimage\"},\"thumbnailUrl\":\"https:\/\/i0.wp.com\/www.joyana.fr\/wp-content\/uploads\/2016\/08\/joyana-logo-black-360x180.png?fit=360%2C180&ssl=1\",\"datePublished\":\"2009-03-08T05:58:04+00:00\",\"breadcrumb\":{\"@id\":\"https:\/\/www.joyana.fr\/en\/laura-paperina-au-salon-du-dessin-contemporain\/102250\/#breadcrumb\"},\"inLanguage\":\"en-US\",\"potentialAction\":[{\"@type\":\"ReadAction\",\"target\":[\"https:\/\/www.joyana.fr\/en\/laura-paperina-au-salon-du-dessin-contemporain\/102250\/\"]}]},{\"@type\":\"ImageObject\",\"inLanguage\":\"en-US\",\"@id\":\"https:\/\/www.joyana.fr\/en\/laura-paperina-au-salon-du-dessin-contemporain\/102250\/#primaryimage\",\"url\":\"https:\/\/i0.wp.com\/www.joyana.fr\/wp-content\/uploads\/2016\/08\/joyana-logo-black-360x180.png?fit=360%2C180&ssl=1\",\"contentUrl\":\"https:\/\/i0.wp.com\/www.joyana.fr\/wp-content\/uploads\/2016\/08\/joyana-logo-black-360x180.png?fit=360%2C180&ssl=1\",\"width\":360,\"height\":180,\"caption\":\"logo joyana.fr\"},{\"@type\":\"BreadcrumbList\",\"@id\":\"https:\/\/www.joyana.fr\/en\/laura-paperina-au-salon-du-dessin-contemporain\/102250\/#breadcrumb\",\"itemListElement\":[{\"@type\":\"ListItem\",\"position\":1,\"name\":\"Accueil\",\"item\":\"https:\/\/joyana.fr\/\"},{\"@type\":\"ListItem\",\"position\":2,\"name\":\"Laura PAPERINA au Salon du dessin contemporain\"}]},{\"@type\":\"WebSite\",\"@id\":\"https:\/\/joyana.fr\/#website\",\"url\":\"https:\/\/joyana.fr\/\",\"name\":\"JO YANA\",\"description\":\"Blog Mode Homme, Lifestyle, D\u00e9co-Design\",\"publisher\":{\"@id\":\"https:\/\/joyana.fr\/#\/schema\/person\/cf2a1ad12a27c12c21801075bf37407c\"},\"potentialAction\":[{\"@type\":\"SearchAction\",\"target\":{\"@type\":\"EntryPoint\",\"urlTemplate\":\"https:\/\/joyana.fr\/?s={search_term_string}\"},\"query-input\":{\"@type\":\"PropertyValueSpecification\",\"valueRequired\":true,\"valueName\":\"search_term_string\"}}],\"inLanguage\":\"en-US\"},{\"@type\":[\"Person\",\"Organization\"],\"@id\":\"https:\/\/joyana.fr\/#\/schema\/person\/cf2a1ad12a27c12c21801075bf37407c\",\"name\":\"Jo Yana\",\"image\":{\"@type\":\"ImageObject\",\"inLanguage\":\"en-US\",\"@id\":\"https:\/\/joyana.fr\/#\/schema\/person\/image\/\",\"url\":\"https:\/\/i0.wp.com\/www.joyana.fr\/wp-content\/uploads\/2016\/08\/cropped-joyana-logo-black-360x180.png?fit=343%2C164&ssl=1\",\"contentUrl\":\"https:\/\/i0.wp.com\/www.joyana.fr\/wp-content\/uploads\/2016\/08\/cropped-joyana-logo-black-360x180.png?fit=343%2C164&ssl=1\",\"width\":343,\"height\":164,\"caption\":\"Jo Yana\"},\"logo\":{\"@id\":\"https:\/\/joyana.fr\/#\/schema\/person\/image\/\"},\"description\":\"Jo Yana est le cr\u00e9ateur et r\u00e9dacteur en chef des sites DECO-DESIGN. Passionn\u00e9 de Design, Mode, Photo, Luxe, Lifestyle, Musique, mais avant tout Blogueur ! Le plaisir de partager l'anime et a comme devise \\\"POUR L'AMOUR DU BEAU\\\". Retrouvez le aussi sur son blog personnel - https:\/\/joyana.fr...\",\"sameAs\":[\"https:\/\/joyana.fr\/\"],\"url\":\"https:\/\/www.joyana.fr\/en\/author\/joyana\/\"}]}<\/script>\n<!-- \/ Yoast SEO plugin. -->","yoast_head_json":{"title":"Laura PAPERINA au Salon du dessin contemporain - JO YANA","robots":{"index":"index","follow":"follow","max-snippet":"max-snippet:-1","max-image-preview":"max-image-preview:large","max-video-preview":"max-video-preview:-1"},"canonical":"https:\/\/www.joyana.fr\/en\/laura-paperina-au-salon-du-dessin-contemporain\/102250\/","og_locale":"en_US","og_type":"article","og_title":"Laura PAPERINA au Salon du dessin contemporain - JO YANA","og_description":"En avant-premi\u00e8re du Salon du dessin contemporain, quelques dessins de la toute jeune artiste de 28 ans Laurina Paperina, pr\u00e9sent\u00e9e par la Galerie Magda Danysz, du 26 au 29 mars 2009 au Carreau du Temple&#8230; Pour cette occasion Laurina Paperina a r\u00e9alis\u00e9 une s\u00e9rie sp\u00e9ciale de post-its d\u00e9sopilants et de dessins de 15x20cm encore jamais [&hellip;]","og_url":"https:\/\/www.joyana.fr\/en\/laura-paperina-au-salon-du-dessin-contemporain\/102250\/","og_site_name":"JO YANA","article_published_time":"2009-03-08T05:58:04+00:00","og_image":[{"width":360,"height":180,"url":"https:\/\/www.joyana.fr\/wp-content\/uploads\/2016\/08\/joyana-logo-black-360x180.png","type":"image\/png"}],"author":"Jo Yana","twitter_card":"summary_large_image","twitter_creator":"@Jo_Yana","twitter_site":"@Jo_Yana","twitter_misc":{"Written by":"Jo Yana","Est. reading time":"2 minutes"},"schema":{"@context":"https:\/\/schema.org","@graph":[{"@type":"Article","@id":"https:\/\/www.joyana.fr\/en\/laura-paperina-au-salon-du-dessin-contemporain\/102250\/#article","isPartOf":{"@id":"https:\/\/www.joyana.fr\/en\/laura-paperina-au-salon-du-dessin-contemporain\/102250\/"},"author":{"name":"Jo Yana","@id":"https:\/\/joyana.fr\/#\/schema\/person\/cf2a1ad12a27c12c21801075bf37407c"},"headline":"Laura PAPERINA au Salon du dessin contemporain","datePublished":"2009-03-08T05:58:04+00:00","mainEntityOfPage":{"@id":"https:\/\/www.joyana.fr\/en\/laura-paperina-au-salon-du-dessin-contemporain\/102250\/"},"wordCount":326,"commentCount":3,"publisher":{"@id":"https:\/\/joyana.fr\/#\/schema\/person\/cf2a1ad12a27c12c21801075bf37407c"},"image":{"@id":"https:\/\/www.joyana.fr\/en\/laura-paperina-au-salon-du-dessin-contemporain\/102250\/#primaryimage"},"thumbnailUrl":"https:\/\/i0.wp.com\/www.joyana.fr\/wp-content\/uploads\/2016\/08\/joyana-logo-black-360x180.png?fit=360%2C180&ssl=1","keywords":["Art Contemporain","Artiste","Paris"],"articleSection":["Art Contemporain","Artiste","DECO-DESIGN"],"inLanguage":"en-US","potentialAction":[{"@type":"CommentAction","name":"Comment","target":["https:\/\/www.joyana.fr\/en\/laura-paperina-au-salon-du-dessin-contemporain\/102250\/#respond"]}]},{"@type":"WebPage","@id":"https:\/\/www.joyana.fr\/en\/laura-paperina-au-salon-du-dessin-contemporain\/102250\/","url":"https:\/\/www.joyana.fr\/en\/laura-paperina-au-salon-du-dessin-contemporain\/102250\/","name":"Laura PAPERINA au Salon du dessin contemporain - JO YANA","isPartOf":{"@id":"https:\/\/joyana.fr\/#website"},"primaryImageOfPage":{"@id":"https:\/\/www.joyana.fr\/en\/laura-paperina-au-salon-du-dessin-contemporain\/102250\/#primaryimage"},"image":{"@id":"https:\/\/www.joyana.fr\/en\/laura-paperina-au-salon-du-dessin-contemporain\/102250\/#primaryimage"},"thumbnailUrl":"https:\/\/i0.wp.com\/www.joyana.fr\/wp-content\/uploads\/2016\/08\/joyana-logo-black-360x180.png?fit=360%2C180&ssl=1","datePublished":"2009-03-08T05:58:04+00:00","breadcrumb":{"@id":"https:\/\/www.joyana.fr\/en\/laura-paperina-au-salon-du-dessin-contemporain\/102250\/#breadcrumb"},"inLanguage":"en-US","potentialAction":[{"@type":"ReadAction","target":["https:\/\/www.joyana.fr\/en\/laura-paperina-au-salon-du-dessin-contemporain\/102250\/"]}]},{"@type":"ImageObject","inLanguage":"en-US","@id":"https:\/\/www.joyana.fr\/en\/laura-paperina-au-salon-du-dessin-contemporain\/102250\/#primaryimage","url":"https:\/\/i0.wp.com\/www.joyana.fr\/wp-content\/uploads\/2016\/08\/joyana-logo-black-360x180.png?fit=360%2C180&ssl=1","contentUrl":"https:\/\/i0.wp.com\/www.joyana.fr\/wp-content\/uploads\/2016\/08\/joyana-logo-black-360x180.png?fit=360%2C180&ssl=1","width":360,"height":180,"caption":"logo joyana.fr"},{"@type":"BreadcrumbList","@id":"https:\/\/www.joyana.fr\/en\/laura-paperina-au-salon-du-dessin-contemporain\/102250\/#breadcrumb","itemListElement":[{"@type":"ListItem","position":1,"name":"Accueil","item":"https:\/\/joyana.fr\/"},{"@type":"ListItem","position":2,"name":"Laura PAPERINA au Salon du dessin contemporain"}]},{"@type":"WebSite","@id":"https:\/\/joyana.fr\/#website","url":"https:\/\/joyana.fr\/","name":"JO YANA","description":"Blog Mode Homme, Lifestyle, D\u00e9co-Design","publisher":{"@id":"https:\/\/joyana.fr\/#\/schema\/person\/cf2a1ad12a27c12c21801075bf37407c"},"potentialAction":[{"@type":"SearchAction","target":{"@type":"EntryPoint","urlTemplate":"https:\/\/joyana.fr\/?s={search_term_string}"},"query-input":{"@type":"PropertyValueSpecification","valueRequired":true,"valueName":"search_term_string"}}],"inLanguage":"en-US"},{"@type":["Person","Organization"],"@id":"https:\/\/joyana.fr\/#\/schema\/person\/cf2a1ad12a27c12c21801075bf37407c","name":"Jo Yana","image":{"@type":"ImageObject","inLanguage":"en-US","@id":"https:\/\/joyana.fr\/#\/schema\/person\/image\/","url":"https:\/\/i0.wp.com\/www.joyana.fr\/wp-content\/uploads\/2016\/08\/cropped-joyana-logo-black-360x180.png?fit=343%2C164&ssl=1","contentUrl":"https:\/\/i0.wp.com\/www.joyana.fr\/wp-content\/uploads\/2016\/08\/cropped-joyana-logo-black-360x180.png?fit=343%2C164&ssl=1","width":343,"height":164,"caption":"Jo Yana"},"logo":{"@id":"https:\/\/joyana.fr\/#\/schema\/person\/image\/"},"description":"Jo Yana est le cr\u00e9ateur et r\u00e9dacteur en chef des sites DECO-DESIGN. Passionn\u00e9 de Design, Mode, Photo, Luxe, Lifestyle, Musique, mais avant tout Blogueur ! Le plaisir de partager l'anime et a comme devise \"POUR L'AMOUR DU BEAU\". Retrouvez le aussi sur son blog personnel - https:\/\/joyana.fr...","sameAs":["https:\/\/joyana.fr\/"],"url":"https:\/\/www.joyana.fr\/en\/author\/joyana\/"}]}},"author_meta":{"display_name":"Jo Yana","author_link":"https:\/\/www.joyana.fr\/en\/author\/joyana\/"},"featured_img":"https:\/\/i0.wp.com\/www.joyana.fr\/wp-content\/uploads\/2016\/08\/joyana-logo-black-360x180.png?fit=360%2C180&ssl=1","featured_image_src":"https:\/\/i0.wp.com\/www.joyana.fr\/wp-content\/uploads\/2016\/08\/joyana-logo-black-360x180.png?resize=360%2C180&ssl=1","featured_image_src_square":"https:\/\/i0.wp.com\/www.joyana.fr\/wp-content\/uploads\/2016\/08\/joyana-logo-black-360x180.png?resize=360%2C180&ssl=1","jetpack_featured_media_url":"https:\/\/i0.wp.com\/www.joyana.fr\/wp-content\/uploads\/2016\/08\/joyana-logo-black-360x180.png?fit=360%2C180&ssl=1","uagb_featured_image_src":{"full":["https:\/\/i0.wp.com\/www.joyana.fr\/wp-content\/uploads\/2016\/08\/joyana-logo-black-360x180.png?fit=360%2C180&ssl=1",360,180,false],"thumbnail":["https:\/\/i0.wp.com\/www.joyana.fr\/wp-content\/uploads\/2016\/08\/joyana-logo-black-360x180.png?resize=150%2C150&ssl=1",150,150,true],"medium":["https:\/\/i0.wp.com\/www.joyana.fr\/wp-content\/uploads\/2016\/08\/joyana-logo-black-360x180.png?fit=360%2C180&ssl=1",360,180,true],"medium_large":["https:\/\/i0.wp.com\/www.joyana.fr\/wp-content\/uploads\/2016\/08\/joyana-logo-black-360x180.png?fit=360%2C180&ssl=1",360,180,true],"large":["https:\/\/i0.wp.com\/www.joyana.fr\/wp-content\/uploads\/2016\/08\/joyana-logo-black-360x180.png?fit=360%2C180&ssl=1",360,180,true],"1536x1536":["https:\/\/i0.wp.com\/www.joyana.fr\/wp-content\/uploads\/2016\/08\/joyana-logo-black-360x180.png?fit=360%2C180&ssl=1",360,180,true],"2048x2048":["https:\/\/i0.wp.com\/www.joyana.fr\/wp-content\/uploads\/2016\/08\/joyana-logo-black-360x180.png?fit=360%2C180&ssl=1",360,180,true],"featured-thumb":["https:\/\/i0.wp.com\/www.joyana.fr\/wp-content\/uploads\/2016\/08\/joyana-logo-black-360x180.png?resize=360%2C180&ssl=1",360,180,true],"ab-block-post-grid-landscape":["https:\/\/i0.wp.com\/www.joyana.fr\/wp-content\/uploads\/2016\/08\/joyana-logo-black-360x180.png?resize=360%2C180&ssl=1",360,180,true],"ab-block-post-grid-square":["https:\/\/i0.wp.com\/www.joyana.fr\/wp-content\/uploads\/2016\/08\/joyana-logo-black-360x180.png?resize=360%2C180&ssl=1",360,180,true],"author-pro-image":["https:\/\/i0.wp.com\/www.joyana.fr\/wp-content\/uploads\/2016\/08\/joyana-logo-black-360x180.png?resize=360%2C180&ssl=1",360,180,true],"slider":["https:\/\/i0.wp.com\/www.joyana.fr\/wp-content\/uploads\/2016\/08\/joyana-logo-black-360x180.png?resize=360%2C180&ssl=1",360,180,true],"woocommerce_thumbnail":["https:\/\/i0.wp.com\/www.joyana.fr\/wp-content\/uploads\/2016\/08\/joyana-logo-black-360x180.png?resize=300%2C180&ssl=1",300,180,true],"woocommerce_single":["https:\/\/i0.wp.com\/www.joyana.fr\/wp-content\/uploads\/2016\/08\/joyana-logo-black-360x180.png?fit=360%2C180&ssl=1",360,180,true],"woocommerce_gallery_thumbnail":["https:\/\/i0.wp.com\/www.joyana.fr\/wp-content\/uploads\/2016\/08\/joyana-logo-black-360x180.png?resize=180%2C180&ssl=1",180,180,true],"sow-carousel-default":["https:\/\/i0.wp.com\/www.joyana.fr\/wp-content\/uploads\/2016\/08\/joyana-logo-black-360x180.png?resize=272%2C180&ssl=1",272,180,true]},"uagb_author_info":{"display_name":"Jo Yana","author_link":"https:\/\/www.joyana.fr\/en\/author\/joyana\/"},"uagb_comment_info":3,"uagb_excerpt":"En avant-premi\u00e8re du Salon du dessin contemporain, quelques dessins de la toute jeune artiste de 28 ans Laurina Paperina, pr\u00e9sent\u00e9e par la Galerie Magda Danysz, du 26 au 29 mars 2009 au Carreau du Temple&#8230; Pour cette occasion Laurina Paperina a r\u00e9alis\u00e9 une s\u00e9rie sp\u00e9ciale de post-its d\u00e9sopilants et de dessins de 15x20cm encore jamais&hellip;","coauthors":[],"tax_additional":{"categories":{"linked":["<a href=\"https:\/\/www.joyana.fr\/en\/category\/deco-design\/actualite\/art-contemporain\/\" class=\"advgb-post-tax-term\">Art Contemporain<\/a>","<a href=\"https:\/\/www.joyana.fr\/en\/category\/deco-design\/actualite\/artiste\/\" class=\"advgb-post-tax-term\">Artiste<\/a>","<a href=\"https:\/\/www.joyana.fr\/en\/category\/deco-design\/\" class=\"advgb-post-tax-term\">DECO-DESIGN<\/a>"],"unlinked":["<span class=\"advgb-post-tax-term\">Art Contemporain<\/span>","<span class=\"advgb-post-tax-term\">Artiste<\/span>","<span class=\"advgb-post-tax-term\">DECO-DESIGN<\/span>"]},"tags":{"linked":["<a href=\"https:\/\/www.joyana.fr\/en\/category\/deco-design\/\" class=\"advgb-post-tax-term\">Art Contemporain<\/a>","<a href=\"https:\/\/www.joyana.fr\/en\/category\/deco-design\/\" class=\"advgb-post-tax-term\">Artiste<\/a>","<a href=\"https:\/\/www.joyana.fr\/en\/category\/deco-design\/\" class=\"advgb-post-tax-term\">Paris<\/a>"],"unlinked":["<span class=\"advgb-post-tax-term\">Art Contemporain<\/span>","<span class=\"advgb-post-tax-term\">Artiste<\/span>","<span class=\"advgb-post-tax-term\">Paris<\/span>"]}},"comment_count":3,"relative_dates":{"created":"Posted 17 years ago","modified":"Updated 17 years ago"},"absolute_dates":{"created":"Posted on 8 March 2009","modified":"Updated on 8 March 2009"},"absolute_dates_time":{"created":"Posted on 8 March 2009 6:58","modified":"Updated on 8 March 2009 6:58"},"featured_img_caption":"","series_order":"","jetpack_sharing_enabled":true,"jetpack_shortlink":"https:\/\/wp.me\/p9bteI-qBc","jetpack-related-posts":[],"_links":{"self":[{"href":"https:\/\/www.joyana.fr\/en\/wp-json\/wp\/v2\/posts\/102250","targetHints":{"allow":["GET"]}}],"collection":[{"href":"https:\/\/www.joyana.fr\/en\/wp-json\/wp\/v2\/posts"}],"about":[{"href":"https:\/\/www.joyana.fr\/en\/wp-json\/wp\/v2\/types\/post"}],"author":[{"embeddable":true,"href":"https:\/\/www.joyana.fr\/en\/wp-json\/wp\/v2\/users\/3"}],"replies":[{"embeddable":true,"href":"https:\/\/www.joyana.fr\/en\/wp-json\/wp\/v2\/comments?post=102250"}],"version-history":[{"count":0,"href":"https:\/\/www.joyana.fr\/en\/wp-json\/wp\/v2\/posts\/102250\/revisions"}],"wp:featuredmedia":[{"embeddable":true,"href":"https:\/\/www.joyana.fr\/en\/wp-json\/wp\/v2\/media\/124300"}],"wp:attachment":[{"href":"https:\/\/www.joyana.fr\/en\/wp-json\/wp\/v2\/media?parent=102250"}],"wp:term":[{"taxonomy":"category","embeddable":true,"href":"https:\/\/www.joyana.fr\/en\/wp-json\/wp\/v2\/categories?post=102250"},{"taxonomy":"post_tag","embeddable":true,"href":"https:\/\/www.joyana.fr\/en\/wp-json\/wp\/v2\/tags?post=102250"}],"curies":[{"name":"wp","href":"https:\/\/api.w.org\/{rel}","templated":true}]}}