{"id":101500,"date":"2008-08-27T19:41:50","date_gmt":"2008-08-27T18:41:50","guid":{"rendered":"https:\/\/joyana.fr\/made-in-design-lance-ses-ventes-privees\/"},"modified":"2008-08-27T19:41:50","modified_gmt":"2008-08-27T18:41:50","slug":"made-in-design-lance-ses-ventes-privees","status":"publish","type":"post","link":"https:\/\/www.joyana.fr\/en\/made-in-design-lance-ses-ventes-privees\/101500\/","title":{"rendered":"Made in Design lance ses Ventes Priv\u00e9es !!!"},"content":{"rendered":"<p>Notre partenaire <strong>made in design<\/strong> lance ses <strong>ventes priv\u00e9es<\/strong>, il suffit de vous inscrire dans la suite pour tenter de gagner les 2500 euros de ch\u00e8ques cadeaux \u00e0 valoir sur le site&#8230;<\/p>\n<p><img data-recalc-dims=\"1\" fetchpriority=\"high\" decoding=\"async\" border=\"0\" align=\"top\" width=\"500\" src=\"https:\/\/i0.wp.com\/joyana.fr\/wp-content\/uploads\/made-in-design-vente-privees.jpg?resize=500%2C214&#038;ssl=1\" hspace=\"8\" alt=\"MADE IN DESIGN VENTE PRIVEES\" height=\"214\" \/><\/p>\n<p>Cliquez ci-dessous :<\/p>\n<p>\u00a0\u00a0\u00a0\u00a0\u00a0\u00a0\u00a0\u00a0\u00a0\u00a0\u00a0\u00a0\u00a0\u00a0\u00a0\u00a0\u00a0\u00a0\u00a0\u00a0\u00a0 <a href=\"http:\/\/ad.zanox.com\/ppc\/?9890760C1252785778T\"><img decoding=\"async\" border=\"0\" align=\"bottom\" width=\"300\" src=\"http:\/\/ad.zanox.com\/ppv\/?9890760C1252785778\" hspace=\"1\" alt=\"Ventes-privees 300x250\" height=\"250\" \/><\/a><\/p>\n","protected":false},"excerpt":{"rendered":"<p>Notre partenaire made in design lance ses ventes priv\u00e9es, il suffit de vous inscrire dans la suite pour tenter de gagner les 2500 euros de ch\u00e8ques cadeaux \u00e0 valoir sur le site&#8230; Cliquez ci-dessous : \u00a0\u00a0\u00a0\u00a0\u00a0\u00a0\u00a0\u00a0\u00a0\u00a0\u00a0\u00a0\u00a0\u00a0\u00a0\u00a0\u00a0\u00a0\u00a0\u00a0\u00a0<\/p>\n","protected":false},"author":3,"featured_media":125486,"comment_status":"closed","ping_status":"closed","sticky":false,"template":"","format":"standard","meta":{"_coblocks_attr":"","_coblocks_dimensions":"","_coblocks_responsive_height":"","_coblocks_accordion_ie_support":"","_uag_custom_page_level_css":"","advgb_blocks_editor_width":"","advgb_blocks_columns_visual_guide":"","_genesis_hide_title":false,"_genesis_hide_breadcrumbs":false,"_genesis_hide_singular_image":false,"_genesis_hide_footer_widgets":false,"_genesis_custom_body_class":"","_genesis_custom_post_class":"","_genesis_layout":"","_themeisle_gutenberg_block_has_review":false,"_jetpack_newsletter_access":"","_jetpack_dont_email_post_to_subs":false,"_jetpack_newsletter_tier_id":0,"_jetpack_memberships_contains_paywalled_content":false,"_jetpack_memberships_contains_paid_content":false,"footnotes":""},"categories":[905,939],"tags":[],"class_list":{"0":"post-101500","1":"post","2":"type-post","3":"status-publish","4":"format-standard","5":"has-post-thumbnail","7":"category-deco-design","8":"category-sites-internet","9":"entry"},"featured_image_urls":{"full":["https:\/\/i0.wp.com\/www.joyana.fr\/wp-content\/uploads\/2017\/07\/unnamed-file-31.gif?fit=88%2C31&ssl=1",88,31,false],"thumbnail":["https:\/\/i0.wp.com\/www.joyana.fr\/wp-content\/uploads\/2017\/07\/unnamed-file-31.gif?resize=88%2C31&ssl=1",88,31,true],"medium":["https:\/\/i0.wp.com\/www.joyana.fr\/wp-content\/uploads\/2017\/07\/unnamed-file-31.gif?fit=88%2C31&ssl=1",88,31,true],"medium_large":["https:\/\/i0.wp.com\/www.joyana.fr\/wp-content\/uploads\/2017\/07\/unnamed-file-31.gif?fit=88%2C31&ssl=1",88,31,true],"large":["https:\/\/i0.wp.com\/www.joyana.fr\/wp-content\/uploads\/2017\/07\/unnamed-file-31.gif?fit=88%2C31&ssl=1",88,31,true],"1536x1536":["https:\/\/i0.wp.com\/www.joyana.fr\/wp-content\/uploads\/2017\/07\/unnamed-file-31.gif?fit=88%2C31&ssl=1",88,31,true],"2048x2048":["https:\/\/i0.wp.com\/www.joyana.fr\/wp-content\/uploads\/2017\/07\/unnamed-file-31.gif?fit=88%2C31&ssl=1",88,31,true],"featured-thumb":["https:\/\/i0.wp.com\/www.joyana.fr\/wp-content\/uploads\/2017\/07\/unnamed-file-31.gif?resize=88%2C31&ssl=1",88,31,true],"ab-block-post-grid-landscape":["https:\/\/i0.wp.com\/www.joyana.fr\/wp-content\/uploads\/2017\/07\/unnamed-file-31.gif?resize=88%2C31&ssl=1",88,31,true],"ab-block-post-grid-square":["https:\/\/i0.wp.com\/www.joyana.fr\/wp-content\/uploads\/2017\/07\/unnamed-file-31.gif?resize=88%2C31&ssl=1",88,31,true],"author-pro-image":["https:\/\/i0.wp.com\/www.joyana.fr\/wp-content\/uploads\/2017\/07\/unnamed-file-31.gif?resize=88%2C31&ssl=1",88,31,true],"slider":["https:\/\/i0.wp.com\/www.joyana.fr\/wp-content\/uploads\/2017\/07\/unnamed-file-31.gif?resize=88%2C31&ssl=1",88,31,true],"woocommerce_thumbnail":["https:\/\/i0.wp.com\/www.joyana.fr\/wp-content\/uploads\/2017\/07\/unnamed-file-31.gif?resize=88%2C31&ssl=1",88,31,true],"woocommerce_single":["https:\/\/i0.wp.com\/www.joyana.fr\/wp-content\/uploads\/2017\/07\/unnamed-file-31.gif?fit=88%2C31&ssl=1",88,31,true],"woocommerce_gallery_thumbnail":["https:\/\/i0.wp.com\/www.joyana.fr\/wp-content\/uploads\/2017\/07\/unnamed-file-31.gif?resize=88%2C31&ssl=1",88,31,true],"sow-carousel-default":["https:\/\/i0.wp.com\/www.joyana.fr\/wp-content\/uploads\/2017\/07\/unnamed-file-31.gif?resize=88%2C31&ssl=1",88,31,true]},"post_excerpt_stackable":"<p>Notre partenaire made in design lance ses ventes priv\u00e9es, il suffit de vous inscrire dans la suite pour tenter de gagner les 2500 euros de ch\u00e8ques cadeaux \u00e0 valoir sur le site&#8230; Cliquez ci-dessous : \u00a0\u00a0\u00a0\u00a0\u00a0\u00a0\u00a0\u00a0\u00a0\u00a0\u00a0\u00a0\u00a0\u00a0\u00a0\u00a0\u00a0\u00a0\u00a0\u00a0\u00a0<\/p>\n","category_list":"<a href=\"https:\/\/www.joyana.fr\/en\/category\/deco-design\/\" rel=\"category tag\">DECO-DESIGN<\/a>, <a href=\"https:\/\/www.joyana.fr\/en\/category\/deco-design\/actualite\/sites-internet\/\" rel=\"category tag\">Sites Internet<\/a>","author_info":{"display_name":"Jo Yana","author_link":"https:\/\/www.joyana.fr\/en\/author\/joyana\/"},"comments_num":"0 comments","featured_image_urls_v2":{"full":["https:\/\/i0.wp.com\/www.joyana.fr\/wp-content\/uploads\/2017\/07\/unnamed-file-31.gif?fit=88%2C31&ssl=1",88,31,false],"thumbnail":["https:\/\/i0.wp.com\/www.joyana.fr\/wp-content\/uploads\/2017\/07\/unnamed-file-31.gif?resize=88%2C31&ssl=1",88,31,true],"medium":["https:\/\/i0.wp.com\/www.joyana.fr\/wp-content\/uploads\/2017\/07\/unnamed-file-31.gif?fit=88%2C31&ssl=1",88,31,true],"medium_large":["https:\/\/i0.wp.com\/www.joyana.fr\/wp-content\/uploads\/2017\/07\/unnamed-file-31.gif?fit=88%2C31&ssl=1",88,31,true],"large":["https:\/\/i0.wp.com\/www.joyana.fr\/wp-content\/uploads\/2017\/07\/unnamed-file-31.gif?fit=88%2C31&ssl=1",88,31,true],"1536x1536":["https:\/\/i0.wp.com\/www.joyana.fr\/wp-content\/uploads\/2017\/07\/unnamed-file-31.gif?fit=88%2C31&ssl=1",88,31,true],"2048x2048":["https:\/\/i0.wp.com\/www.joyana.fr\/wp-content\/uploads\/2017\/07\/unnamed-file-31.gif?fit=88%2C31&ssl=1",88,31,true],"featured-thumb":["https:\/\/i0.wp.com\/www.joyana.fr\/wp-content\/uploads\/2017\/07\/unnamed-file-31.gif?resize=88%2C31&ssl=1",88,31,true],"ab-block-post-grid-landscape":["https:\/\/i0.wp.com\/www.joyana.fr\/wp-content\/uploads\/2017\/07\/unnamed-file-31.gif?resize=88%2C31&ssl=1",88,31,true],"ab-block-post-grid-square":["https:\/\/i0.wp.com\/www.joyana.fr\/wp-content\/uploads\/2017\/07\/unnamed-file-31.gif?resize=88%2C31&ssl=1",88,31,true],"author-pro-image":["https:\/\/i0.wp.com\/www.joyana.fr\/wp-content\/uploads\/2017\/07\/unnamed-file-31.gif?resize=88%2C31&ssl=1",88,31,true],"slider":["https:\/\/i0.wp.com\/www.joyana.fr\/wp-content\/uploads\/2017\/07\/unnamed-file-31.gif?resize=88%2C31&ssl=1",88,31,true],"woocommerce_thumbnail":["https:\/\/i0.wp.com\/www.joyana.fr\/wp-content\/uploads\/2017\/07\/unnamed-file-31.gif?resize=88%2C31&ssl=1",88,31,true],"woocommerce_single":["https:\/\/i0.wp.com\/www.joyana.fr\/wp-content\/uploads\/2017\/07\/unnamed-file-31.gif?fit=88%2C31&ssl=1",88,31,true],"woocommerce_gallery_thumbnail":["https:\/\/i0.wp.com\/www.joyana.fr\/wp-content\/uploads\/2017\/07\/unnamed-file-31.gif?resize=88%2C31&ssl=1",88,31,true],"sow-carousel-default":["https:\/\/i0.wp.com\/www.joyana.fr\/wp-content\/uploads\/2017\/07\/unnamed-file-31.gif?resize=88%2C31&ssl=1",88,31,true]},"post_excerpt_stackable_v2":"<p>Notre partenaire made in design lance ses ventes priv\u00e9es, il suffit de vous inscrire dans la suite pour tenter de gagner les 2500 euros de ch\u00e8ques cadeaux \u00e0 valoir sur le site&#8230; Cliquez ci-dessous : \u00a0\u00a0\u00a0\u00a0\u00a0\u00a0\u00a0\u00a0\u00a0\u00a0\u00a0\u00a0\u00a0\u00a0\u00a0\u00a0\u00a0\u00a0\u00a0\u00a0\u00a0<\/p>\n","category_list_v2":"<a href=\"https:\/\/www.joyana.fr\/en\/category\/deco-design\/\" rel=\"category tag\">DECO-DESIGN<\/a>, <a href=\"https:\/\/www.joyana.fr\/en\/category\/deco-design\/actualite\/sites-internet\/\" rel=\"category tag\">Sites Internet<\/a>","author_info_v2":{"name":"Jo Yana","url":"https:\/\/www.joyana.fr\/en\/author\/joyana\/"},"comments_num_v2":"0 comments","yoast_head":"<!-- This site is optimized with the Yoast SEO plugin v26.8 - https:\/\/yoast.com\/product\/yoast-seo-wordpress\/ -->\n<title>Made in Design lance ses Ventes Priv\u00e9es !!! - JO YANA<\/title>\n<meta name=\"robots\" content=\"index, follow, max-snippet:-1, max-image-preview:large, max-video-preview:-1\" \/>\n<link rel=\"canonical\" href=\"https:\/\/joyana.fr\/ja\/made-in-design-lance-ses-ventes-privees\/101500\/\" \/>\n<meta property=\"og:locale\" content=\"en_US\" \/>\n<meta property=\"og:locale:alternate\" content=\"fr_FR\" \/>\n<meta property=\"og:locale:alternate\" content=\"ja\" \/>\n<meta property=\"og:type\" content=\"article\" \/>\n<meta property=\"og:title\" content=\"Made in Design lance ses Ventes Priv\u00e9es !!! - JO YANA\" \/>\n<meta property=\"og:description\" content=\"Notre partenaire made in design lance ses ventes priv\u00e9es, il suffit de vous inscrire dans la suite pour tenter de gagner les 2500 euros de ch\u00e8ques cadeaux \u00e0 valoir sur le site&#8230; Cliquez ci-dessous : \u00a0\u00a0\u00a0\u00a0\u00a0\u00a0\u00a0\u00a0\u00a0\u00a0\u00a0\u00a0\u00a0\u00a0\u00a0\u00a0\u00a0\u00a0\u00a0\u00a0\u00a0\" \/>\n<meta property=\"og:url\" content=\"https:\/\/www.joyana.fr\/en\/made-in-design-lance-ses-ventes-privees\/101500\/\" \/>\n<meta property=\"og:site_name\" content=\"JO YANA\" \/>\n<meta property=\"article:published_time\" content=\"2008-08-27T18:41:50+00:00\" \/>\n<meta property=\"og:image\" content=\"https:\/\/i0.wp.com\/joyana.fr\/wp-content\/uploads\/2017\/07\/unnamed-file-31.gif?fit=88%2C31&ssl=1\" \/>\n\t<meta property=\"og:image:width\" content=\"88\" \/>\n\t<meta property=\"og:image:height\" content=\"31\" \/>\n\t<meta property=\"og:image:type\" content=\"image\/gif\" \/>\n<meta name=\"author\" content=\"Jo Yana\" \/>\n<meta name=\"twitter:card\" content=\"summary_large_image\" \/>\n<meta name=\"twitter:creator\" content=\"@Jo_Yana\" \/>\n<meta name=\"twitter:site\" content=\"@Jo_Yana\" \/>\n<meta name=\"twitter:label1\" content=\"Written by\" \/>\n\t<meta name=\"twitter:data1\" content=\"Jo Yana\" \/>\n<script type=\"application\/ld+json\" class=\"yoast-schema-graph\">{\"@context\":\"https:\/\/schema.org\",\"@graph\":[{\"@type\":\"Article\",\"@id\":\"https:\/\/joyana.fr\/ja\/made-in-design-lance-ses-ventes-privees\/101500\/#article\",\"isPartOf\":{\"@id\":\"https:\/\/joyana.fr\/ja\/made-in-design-lance-ses-ventes-privees\/101500\/\"},\"author\":{\"name\":\"Jo Yana\",\"@id\":\"https:\/\/joyana.fr\/#\/schema\/person\/cf2a1ad12a27c12c21801075bf37407c\"},\"headline\":\"Made in Design lance ses Ventes Priv\u00e9es !!!\",\"datePublished\":\"2008-08-27T18:41:50+00:00\",\"mainEntityOfPage\":{\"@id\":\"https:\/\/joyana.fr\/ja\/made-in-design-lance-ses-ventes-privees\/101500\/\"},\"wordCount\":42,\"publisher\":{\"@id\":\"https:\/\/joyana.fr\/#\/schema\/person\/cf2a1ad12a27c12c21801075bf37407c\"},\"image\":{\"@id\":\"https:\/\/joyana.fr\/ja\/made-in-design-lance-ses-ventes-privees\/101500\/#primaryimage\"},\"thumbnailUrl\":\"https:\/\/i0.wp.com\/www.joyana.fr\/wp-content\/uploads\/2017\/07\/unnamed-file-31.gif?fit=88%2C31&ssl=1\",\"articleSection\":[\"DECO-DESIGN\",\"Sites Internet\"],\"inLanguage\":\"en-US\"},{\"@type\":\"WebPage\",\"@id\":\"https:\/\/joyana.fr\/ja\/made-in-design-lance-ses-ventes-privees\/101500\/\",\"url\":\"https:\/\/joyana.fr\/ja\/made-in-design-lance-ses-ventes-privees\/101500\/\",\"name\":\"Made in Design lance ses Ventes Priv\u00e9es !!! - JO YANA\",\"isPartOf\":{\"@id\":\"https:\/\/joyana.fr\/#website\"},\"primaryImageOfPage\":{\"@id\":\"https:\/\/joyana.fr\/ja\/made-in-design-lance-ses-ventes-privees\/101500\/#primaryimage\"},\"image\":{\"@id\":\"https:\/\/joyana.fr\/ja\/made-in-design-lance-ses-ventes-privees\/101500\/#primaryimage\"},\"thumbnailUrl\":\"https:\/\/i0.wp.com\/www.joyana.fr\/wp-content\/uploads\/2017\/07\/unnamed-file-31.gif?fit=88%2C31&ssl=1\",\"datePublished\":\"2008-08-27T18:41:50+00:00\",\"breadcrumb\":{\"@id\":\"https:\/\/joyana.fr\/ja\/made-in-design-lance-ses-ventes-privees\/101500\/#breadcrumb\"},\"inLanguage\":\"en-US\",\"potentialAction\":[{\"@type\":\"ReadAction\",\"target\":[\"https:\/\/joyana.fr\/ja\/made-in-design-lance-ses-ventes-privees\/101500\/\"]}]},{\"@type\":\"ImageObject\",\"inLanguage\":\"en-US\",\"@id\":\"https:\/\/joyana.fr\/ja\/made-in-design-lance-ses-ventes-privees\/101500\/#primaryimage\",\"url\":\"https:\/\/i0.wp.com\/www.joyana.fr\/wp-content\/uploads\/2017\/07\/unnamed-file-31.gif?fit=88%2C31&ssl=1\",\"contentUrl\":\"https:\/\/i0.wp.com\/www.joyana.fr\/wp-content\/uploads\/2017\/07\/unnamed-file-31.gif?fit=88%2C31&ssl=1\",\"width\":88,\"height\":31},{\"@type\":\"BreadcrumbList\",\"@id\":\"https:\/\/joyana.fr\/ja\/made-in-design-lance-ses-ventes-privees\/101500\/#breadcrumb\",\"itemListElement\":[{\"@type\":\"ListItem\",\"position\":1,\"name\":\"Accueil\",\"item\":\"https:\/\/joyana.fr\/\"},{\"@type\":\"ListItem\",\"position\":2,\"name\":\"Made in Design lance ses Ventes Priv\u00e9es !!!\"}]},{\"@type\":\"WebSite\",\"@id\":\"https:\/\/joyana.fr\/#website\",\"url\":\"https:\/\/joyana.fr\/\",\"name\":\"JO YANA\",\"description\":\"Blog Mode Homme, Lifestyle, D\u00e9co-Design\",\"publisher\":{\"@id\":\"https:\/\/joyana.fr\/#\/schema\/person\/cf2a1ad12a27c12c21801075bf37407c\"},\"potentialAction\":[{\"@type\":\"SearchAction\",\"target\":{\"@type\":\"EntryPoint\",\"urlTemplate\":\"https:\/\/joyana.fr\/?s={search_term_string}\"},\"query-input\":{\"@type\":\"PropertyValueSpecification\",\"valueRequired\":true,\"valueName\":\"search_term_string\"}}],\"inLanguage\":\"en-US\"},{\"@type\":[\"Person\",\"Organization\"],\"@id\":\"https:\/\/joyana.fr\/#\/schema\/person\/cf2a1ad12a27c12c21801075bf37407c\",\"name\":\"Jo Yana\",\"image\":{\"@type\":\"ImageObject\",\"inLanguage\":\"en-US\",\"@id\":\"https:\/\/joyana.fr\/#\/schema\/person\/image\/\",\"url\":\"https:\/\/i0.wp.com\/www.joyana.fr\/wp-content\/uploads\/2016\/08\/cropped-joyana-logo-black-360x180.png?fit=343%2C164&ssl=1\",\"contentUrl\":\"https:\/\/i0.wp.com\/www.joyana.fr\/wp-content\/uploads\/2016\/08\/cropped-joyana-logo-black-360x180.png?fit=343%2C164&ssl=1\",\"width\":343,\"height\":164,\"caption\":\"Jo Yana\"},\"logo\":{\"@id\":\"https:\/\/joyana.fr\/#\/schema\/person\/image\/\"},\"description\":\"Jo Yana est le cr\u00e9ateur et r\u00e9dacteur en chef des sites DECO-DESIGN. Passionn\u00e9 de Design, Mode, Photo, Luxe, Lifestyle, Musique, mais avant tout Blogueur ! Le plaisir de partager l'anime et a comme devise \\\"POUR L'AMOUR DU BEAU\\\". Retrouvez le aussi sur son blog personnel - https:\/\/joyana.fr...\",\"sameAs\":[\"https:\/\/joyana.fr\/\"],\"url\":\"https:\/\/www.joyana.fr\/en\/author\/joyana\/\"}]}<\/script>\n<!-- \/ Yoast SEO plugin. -->","yoast_head_json":{"title":"Made in Design lance ses Ventes Priv\u00e9es !!! - JO YANA","robots":{"index":"index","follow":"follow","max-snippet":"max-snippet:-1","max-image-preview":"max-image-preview:large","max-video-preview":"max-video-preview:-1"},"canonical":"https:\/\/joyana.fr\/ja\/made-in-design-lance-ses-ventes-privees\/101500\/","og_locale":"en_US","og_type":"article","og_title":"Made in Design lance ses Ventes Priv\u00e9es !!! - JO YANA","og_description":"Notre partenaire made in design lance ses ventes priv\u00e9es, il suffit de vous inscrire dans la suite pour tenter de gagner les 2500 euros de ch\u00e8ques cadeaux \u00e0 valoir sur le site&#8230; Cliquez ci-dessous : \u00a0\u00a0\u00a0\u00a0\u00a0\u00a0\u00a0\u00a0\u00a0\u00a0\u00a0\u00a0\u00a0\u00a0\u00a0\u00a0\u00a0\u00a0\u00a0\u00a0\u00a0","og_url":"https:\/\/www.joyana.fr\/en\/made-in-design-lance-ses-ventes-privees\/101500\/","og_site_name":"JO YANA","article_published_time":"2008-08-27T18:41:50+00:00","og_image":[{"width":88,"height":31,"url":"https:\/\/i0.wp.com\/joyana.fr\/wp-content\/uploads\/2017\/07\/unnamed-file-31.gif?fit=88%2C31&ssl=1","type":"image\/gif"}],"author":"Jo Yana","twitter_card":"summary_large_image","twitter_creator":"@Jo_Yana","twitter_site":"@Jo_Yana","twitter_misc":{"Written by":"Jo Yana"},"schema":{"@context":"https:\/\/schema.org","@graph":[{"@type":"Article","@id":"https:\/\/joyana.fr\/ja\/made-in-design-lance-ses-ventes-privees\/101500\/#article","isPartOf":{"@id":"https:\/\/joyana.fr\/ja\/made-in-design-lance-ses-ventes-privees\/101500\/"},"author":{"name":"Jo Yana","@id":"https:\/\/joyana.fr\/#\/schema\/person\/cf2a1ad12a27c12c21801075bf37407c"},"headline":"Made in Design lance ses Ventes Priv\u00e9es !!!","datePublished":"2008-08-27T18:41:50+00:00","mainEntityOfPage":{"@id":"https:\/\/joyana.fr\/ja\/made-in-design-lance-ses-ventes-privees\/101500\/"},"wordCount":42,"publisher":{"@id":"https:\/\/joyana.fr\/#\/schema\/person\/cf2a1ad12a27c12c21801075bf37407c"},"image":{"@id":"https:\/\/joyana.fr\/ja\/made-in-design-lance-ses-ventes-privees\/101500\/#primaryimage"},"thumbnailUrl":"https:\/\/i0.wp.com\/www.joyana.fr\/wp-content\/uploads\/2017\/07\/unnamed-file-31.gif?fit=88%2C31&ssl=1","articleSection":["DECO-DESIGN","Sites Internet"],"inLanguage":"en-US"},{"@type":"WebPage","@id":"https:\/\/joyana.fr\/ja\/made-in-design-lance-ses-ventes-privees\/101500\/","url":"https:\/\/joyana.fr\/ja\/made-in-design-lance-ses-ventes-privees\/101500\/","name":"Made in Design lance ses Ventes Priv\u00e9es !!! - JO YANA","isPartOf":{"@id":"https:\/\/joyana.fr\/#website"},"primaryImageOfPage":{"@id":"https:\/\/joyana.fr\/ja\/made-in-design-lance-ses-ventes-privees\/101500\/#primaryimage"},"image":{"@id":"https:\/\/joyana.fr\/ja\/made-in-design-lance-ses-ventes-privees\/101500\/#primaryimage"},"thumbnailUrl":"https:\/\/i0.wp.com\/www.joyana.fr\/wp-content\/uploads\/2017\/07\/unnamed-file-31.gif?fit=88%2C31&ssl=1","datePublished":"2008-08-27T18:41:50+00:00","breadcrumb":{"@id":"https:\/\/joyana.fr\/ja\/made-in-design-lance-ses-ventes-privees\/101500\/#breadcrumb"},"inLanguage":"en-US","potentialAction":[{"@type":"ReadAction","target":["https:\/\/joyana.fr\/ja\/made-in-design-lance-ses-ventes-privees\/101500\/"]}]},{"@type":"ImageObject","inLanguage":"en-US","@id":"https:\/\/joyana.fr\/ja\/made-in-design-lance-ses-ventes-privees\/101500\/#primaryimage","url":"https:\/\/i0.wp.com\/www.joyana.fr\/wp-content\/uploads\/2017\/07\/unnamed-file-31.gif?fit=88%2C31&ssl=1","contentUrl":"https:\/\/i0.wp.com\/www.joyana.fr\/wp-content\/uploads\/2017\/07\/unnamed-file-31.gif?fit=88%2C31&ssl=1","width":88,"height":31},{"@type":"BreadcrumbList","@id":"https:\/\/joyana.fr\/ja\/made-in-design-lance-ses-ventes-privees\/101500\/#breadcrumb","itemListElement":[{"@type":"ListItem","position":1,"name":"Accueil","item":"https:\/\/joyana.fr\/"},{"@type":"ListItem","position":2,"name":"Made in Design lance ses Ventes Priv\u00e9es !!!"}]},{"@type":"WebSite","@id":"https:\/\/joyana.fr\/#website","url":"https:\/\/joyana.fr\/","name":"JO YANA","description":"Blog Mode Homme, Lifestyle, D\u00e9co-Design","publisher":{"@id":"https:\/\/joyana.fr\/#\/schema\/person\/cf2a1ad12a27c12c21801075bf37407c"},"potentialAction":[{"@type":"SearchAction","target":{"@type":"EntryPoint","urlTemplate":"https:\/\/joyana.fr\/?s={search_term_string}"},"query-input":{"@type":"PropertyValueSpecification","valueRequired":true,"valueName":"search_term_string"}}],"inLanguage":"en-US"},{"@type":["Person","Organization"],"@id":"https:\/\/joyana.fr\/#\/schema\/person\/cf2a1ad12a27c12c21801075bf37407c","name":"Jo Yana","image":{"@type":"ImageObject","inLanguage":"en-US","@id":"https:\/\/joyana.fr\/#\/schema\/person\/image\/","url":"https:\/\/i0.wp.com\/www.joyana.fr\/wp-content\/uploads\/2016\/08\/cropped-joyana-logo-black-360x180.png?fit=343%2C164&ssl=1","contentUrl":"https:\/\/i0.wp.com\/www.joyana.fr\/wp-content\/uploads\/2016\/08\/cropped-joyana-logo-black-360x180.png?fit=343%2C164&ssl=1","width":343,"height":164,"caption":"Jo Yana"},"logo":{"@id":"https:\/\/joyana.fr\/#\/schema\/person\/image\/"},"description":"Jo Yana est le cr\u00e9ateur et r\u00e9dacteur en chef des sites DECO-DESIGN. Passionn\u00e9 de Design, Mode, Photo, Luxe, Lifestyle, Musique, mais avant tout Blogueur ! Le plaisir de partager l'anime et a comme devise \"POUR L'AMOUR DU BEAU\". Retrouvez le aussi sur son blog personnel - https:\/\/joyana.fr...","sameAs":["https:\/\/joyana.fr\/"],"url":"https:\/\/www.joyana.fr\/en\/author\/joyana\/"}]}},"author_meta":{"display_name":"Jo Yana","author_link":"https:\/\/www.joyana.fr\/en\/author\/joyana\/"},"featured_img":"https:\/\/i0.wp.com\/www.joyana.fr\/wp-content\/uploads\/2017\/07\/unnamed-file-31.gif?fit=88%2C31&ssl=1","featured_image_src":"https:\/\/i0.wp.com\/www.joyana.fr\/wp-content\/uploads\/2017\/07\/unnamed-file-31.gif?resize=88%2C31&ssl=1","featured_image_src_square":"https:\/\/i0.wp.com\/www.joyana.fr\/wp-content\/uploads\/2017\/07\/unnamed-file-31.gif?resize=88%2C31&ssl=1","jetpack_featured_media_url":"https:\/\/i0.wp.com\/www.joyana.fr\/wp-content\/uploads\/2017\/07\/unnamed-file-31.gif?fit=88%2C31&ssl=1","uagb_featured_image_src":{"full":["https:\/\/i0.wp.com\/www.joyana.fr\/wp-content\/uploads\/2017\/07\/unnamed-file-31.gif?fit=88%2C31&ssl=1",88,31,false],"thumbnail":["https:\/\/i0.wp.com\/www.joyana.fr\/wp-content\/uploads\/2017\/07\/unnamed-file-31.gif?resize=88%2C31&ssl=1",88,31,true],"medium":["https:\/\/i0.wp.com\/www.joyana.fr\/wp-content\/uploads\/2017\/07\/unnamed-file-31.gif?fit=88%2C31&ssl=1",88,31,true],"medium_large":["https:\/\/i0.wp.com\/www.joyana.fr\/wp-content\/uploads\/2017\/07\/unnamed-file-31.gif?fit=88%2C31&ssl=1",88,31,true],"large":["https:\/\/i0.wp.com\/www.joyana.fr\/wp-content\/uploads\/2017\/07\/unnamed-file-31.gif?fit=88%2C31&ssl=1",88,31,true],"1536x1536":["https:\/\/i0.wp.com\/www.joyana.fr\/wp-content\/uploads\/2017\/07\/unnamed-file-31.gif?fit=88%2C31&ssl=1",88,31,true],"2048x2048":["https:\/\/i0.wp.com\/www.joyana.fr\/wp-content\/uploads\/2017\/07\/unnamed-file-31.gif?fit=88%2C31&ssl=1",88,31,true],"featured-thumb":["https:\/\/i0.wp.com\/www.joyana.fr\/wp-content\/uploads\/2017\/07\/unnamed-file-31.gif?resize=88%2C31&ssl=1",88,31,true],"ab-block-post-grid-landscape":["https:\/\/i0.wp.com\/www.joyana.fr\/wp-content\/uploads\/2017\/07\/unnamed-file-31.gif?resize=88%2C31&ssl=1",88,31,true],"ab-block-post-grid-square":["https:\/\/i0.wp.com\/www.joyana.fr\/wp-content\/uploads\/2017\/07\/unnamed-file-31.gif?resize=88%2C31&ssl=1",88,31,true],"author-pro-image":["https:\/\/i0.wp.com\/www.joyana.fr\/wp-content\/uploads\/2017\/07\/unnamed-file-31.gif?resize=88%2C31&ssl=1",88,31,true],"slider":["https:\/\/i0.wp.com\/www.joyana.fr\/wp-content\/uploads\/2017\/07\/unnamed-file-31.gif?resize=88%2C31&ssl=1",88,31,true],"woocommerce_thumbnail":["https:\/\/i0.wp.com\/www.joyana.fr\/wp-content\/uploads\/2017\/07\/unnamed-file-31.gif?resize=88%2C31&ssl=1",88,31,true],"woocommerce_single":["https:\/\/i0.wp.com\/www.joyana.fr\/wp-content\/uploads\/2017\/07\/unnamed-file-31.gif?fit=88%2C31&ssl=1",88,31,true],"woocommerce_gallery_thumbnail":["https:\/\/i0.wp.com\/www.joyana.fr\/wp-content\/uploads\/2017\/07\/unnamed-file-31.gif?resize=88%2C31&ssl=1",88,31,true],"sow-carousel-default":["https:\/\/i0.wp.com\/www.joyana.fr\/wp-content\/uploads\/2017\/07\/unnamed-file-31.gif?resize=88%2C31&ssl=1",88,31,true]},"uagb_author_info":{"display_name":"Jo Yana","author_link":"https:\/\/www.joyana.fr\/en\/author\/joyana\/"},"uagb_comment_info":0,"uagb_excerpt":"Notre partenaire made in design lance ses ventes priv\u00e9es, il suffit de vous inscrire dans la suite pour tenter de gagner les 2500 euros de ch\u00e8ques cadeaux \u00e0 valoir sur le site&#8230; Cliquez ci-dessous : \u00a0\u00a0\u00a0\u00a0\u00a0\u00a0\u00a0\u00a0\u00a0\u00a0\u00a0\u00a0\u00a0\u00a0\u00a0\u00a0\u00a0\u00a0\u00a0\u00a0\u00a0","coauthors":[],"tax_additional":{"categories":{"linked":["<a href=\"https:\/\/www.joyana.fr\/en\/category\/deco-design\/\" class=\"advgb-post-tax-term\">DECO-DESIGN<\/a>","<a href=\"https:\/\/www.joyana.fr\/en\/category\/deco-design\/actualite\/sites-internet\/\" class=\"advgb-post-tax-term\">Sites Internet<\/a>"],"unlinked":["<span class=\"advgb-post-tax-term\">DECO-DESIGN<\/span>","<span class=\"advgb-post-tax-term\">Sites Internet<\/span>"]}},"comment_count":0,"relative_dates":{"created":"Posted 18 years ago","modified":"Updated 18 years ago"},"absolute_dates":{"created":"Posted on 27 August 2008","modified":"Updated on 27 August 2008"},"absolute_dates_time":{"created":"Posted on 27 August 2008 19:41","modified":"Updated on 27 August 2008 19:41"},"featured_img_caption":"","series_order":"","jetpack_sharing_enabled":true,"jetpack_shortlink":"https:\/\/wp.me\/p9bteI-qp6","jetpack-related-posts":[],"_links":{"self":[{"href":"https:\/\/www.joyana.fr\/en\/wp-json\/wp\/v2\/posts\/101500","targetHints":{"allow":["GET"]}}],"collection":[{"href":"https:\/\/www.joyana.fr\/en\/wp-json\/wp\/v2\/posts"}],"about":[{"href":"https:\/\/www.joyana.fr\/en\/wp-json\/wp\/v2\/types\/post"}],"author":[{"embeddable":true,"href":"https:\/\/www.joyana.fr\/en\/wp-json\/wp\/v2\/users\/3"}],"replies":[{"embeddable":true,"href":"https:\/\/www.joyana.fr\/en\/wp-json\/wp\/v2\/comments?post=101500"}],"version-history":[{"count":0,"href":"https:\/\/www.joyana.fr\/en\/wp-json\/wp\/v2\/posts\/101500\/revisions"}],"wp:featuredmedia":[{"embeddable":true,"href":"https:\/\/www.joyana.fr\/en\/wp-json\/wp\/v2\/media\/125486"}],"wp:attachment":[{"href":"https:\/\/www.joyana.fr\/en\/wp-json\/wp\/v2\/media?parent=101500"}],"wp:term":[{"taxonomy":"category","embeddable":true,"href":"https:\/\/www.joyana.fr\/en\/wp-json\/wp\/v2\/categories?post=101500"},{"taxonomy":"post_tag","embeddable":true,"href":"https:\/\/www.joyana.fr\/en\/wp-json\/wp\/v2\/tags?post=101500"}],"curies":[{"name":"wp","href":"https:\/\/api.w.org\/{rel}","templated":true}]}}